{"id":680187,"date":"2026-03-31T08:00:00","date_gmt":"2026-03-31T13:00:00","guid":{"rendered":"https:\/\/test.comfenalcovalle.com.co\/?p=680187"},"modified":"2026-03-31T15:52:45","modified_gmt":"2026-03-31T20:52:45","slug":"apuesta-por-el-talento-vallecaucano-6-000-millones-en-formacion-para-fortalecer-el-empleo-de-cerca-de-8-000-personas-en-2025","status":"publish","type":"post","link":"https:\/\/test.comfenalcovalle.com.co\/en\/apuesta-por-el-talento-vallecaucano-6-000-millones-en-formacion-para-fortalecer-el-empleo-de-cerca-de-8-000-personas-en-2025\/","title":{"rendered":"Apuesta por el talento vallecaucano: $6.000 millones en formaci\u00f3n para fortalecer el empleo de cerca de 8.000 personas en 2025"},"content":{"rendered":"<p>En un contexto de alta competencia laboral, la Agencia de Empleo de Comfenalco Valle Delagente demuestra el alcance de su estrategia de formaci\u00f3n para la productividad al impactar, en lo corrido de 2025, a cerca de 8.000 personas, con una inversi\u00f3n que asciende a $6.000 millones de pesos.<\/p>\n\n\n\n<p>Estas cifras reflejan la dimensi\u00f3n de una apuesta que impulsa el desarrollo de habilidades y aporta a la permanencia laboral y al fortalecimiento de aproximadamente 3.000 empresas, en un entorno donde la actualizaci\u00f3n de competencias es clave para sostener el empleo.<\/p>\n\n\n\n<p>Miles de trabajadores activos afiliados han fortalecido su desempe\u00f1o y proyecci\u00f3n dentro de sus organizaciones, mientras que sus beneficiarios han accedido a herramientas que facilitan su inserci\u00f3n o reinserci\u00f3n laboral, ampliando sus oportunidades en el mercado.<\/p>\n\n\n\n<p>La estrategia aplicada por Comfenalco Valle Delagente ha priorizado la formaci\u00f3n en \u00e1reas de alta demanda como Power BI y an\u00e1lisis de datos, Big Data, Excel para la toma de decisiones, marketing digital e inteligencia artificial, competencias que hoy resultan determinantes para mejorar la productividad y la competitividad empresarial.<\/p>\n\n\n\n<p>M\u00e1s all\u00e1 de la capacitaci\u00f3n, el impacto se traduce en mayor estabilidad laboral, cierre de brechas de habilidades y fortalecimiento del tejido empresarial, contribuyendo a un mercado laboral m\u00e1s din\u00e1mico.<\/p>\n\n\n\n<p>Con estos resultados, la Agencia de Empleo de Comfenalco Valle Delagente se consolida como un aliado estrat\u00e9gico en la transformaci\u00f3n del talento humano, aportando al crecimiento de las empresas, la sostenibilidad del empleo y la competitividad de la regi\u00f3n.<\/p>\n\n\n\n<p><strong>Comfenalco Valle Delagente<\/strong><br><strong>Family Compensation Fund of Valle del Cauca.<\/strong><\/p>","protected":false},"excerpt":{"rendered":"<p>En un contexto de alta competencia laboral, la Agencia de Empleo de Comfenalco Valle Delagente demuestra el alcance de su estrategia de formaci\u00f3n para la productividad al impactar, en lo corrido de 2025, a cerca de 8.000 personas, con una inversi\u00f3n que asciende a $6.000 millones de pesos. Estas cifras reflejan la dimensi\u00f3n de una [&hellip;]<\/p>","protected":false},"author":6,"featured_media":680188,"comment_status":"closed","ping_status":"closed","sticky":false,"template":"","format":"standard","meta":{"footnotes":""},"categories":[73],"tags":[],"class_list":["post-680187","post","type-post","status-publish","format-standard","has-post-thumbnail","hentry","category-agencia-de-empleo"],"yoast_head":"<!-- This site is optimized with the Yoast SEO Premium plugin v25.9 (Yoast SEO v25.9) - https:\/\/yoast.com\/wordpress\/plugins\/seo\/ -->\n<title>Apuesta por el talento vallecaucano: $6.000 millones en formaci\u00f3n<\/title>\n<meta name=\"robots\" content=\"index, follow, max-snippet:-1, max-image-preview:large, max-video-preview:-1\" \/>\n<link rel=\"canonical\" href=\"https:\/\/www.comfenalcovalle.com.co\/apuesta-por-el-talento-vallecaucano-6-000-millones-en-formacion-para-fortalecer-el-empleo-de-cerca-de-8-000-personas-en-2025\/\" \/>\n<meta property=\"og:locale\" content=\"en_US\" \/>\n<meta property=\"og:type\" content=\"article\" \/>\n<meta property=\"og:title\" content=\"Apuesta por el talento vallecaucano: $6.000 millones en formaci\u00f3n para fortalecer el empleo de cerca de 8.000 personas en 2025\" \/>\n<meta property=\"og:description\" content=\"En un contexto de alta competencia laboral, la Agencia de Empleo de Comfenalco Valle Delagente demuestra el alcance de su estrategia de formaci\u00f3n para la productividad al impactar, en lo corrido de 2025, a cerca de 8.000 personas, con una inversi\u00f3n que asciende a $6.000 millones de pesos. Estas cifras reflejan la dimensi\u00f3n de una [&hellip;]\" \/>\n<meta property=\"og:url\" content=\"https:\/\/www.comfenalcovalle.com.co\/apuesta-por-el-talento-vallecaucano-6-000-millones-en-formacion-para-fortalecer-el-empleo-de-cerca-de-8-000-personas-en-2025\/\" \/>\n<meta property=\"og:site_name\" content=\"Comfenalco Valle Delagente\" \/>\n<meta property=\"article:published_time\" content=\"2026-03-31T13:00:00+00:00\" \/>\n<meta property=\"article:modified_time\" content=\"2026-03-31T20:52:45+00:00\" \/>\n<meta property=\"og:image\" content=\"https:\/\/www.comfenalcovalle.com.co\/wp-content\/uploads\/2026\/03\/AgenciaEmpleo-Calendario.png\" \/>\n\t<meta property=\"og:image:width\" content=\"1080\" \/>\n\t<meta property=\"og:image:height\" content=\"607\" \/>\n\t<meta property=\"og:image:type\" content=\"image\/png\" \/>\n<meta name=\"author\" content=\"Comunicaciones Comfenalco Valle delagente\" \/>\n<meta name=\"twitter:card\" content=\"summary_large_image\" \/>\n<meta name=\"twitter:label1\" content=\"Written by\" \/>\n\t<meta name=\"twitter:data1\" content=\"Comunicaciones Comfenalco Valle delagente\" \/>\n\t<meta name=\"twitter:label2\" content=\"Est. reading time\" \/>\n\t<meta name=\"twitter:data2\" content=\"2 minutes\" \/>\n<script type=\"application\/ld+json\" class=\"yoast-schema-graph\">{\"@context\":\"https:\/\/schema.org\",\"@graph\":[{\"@type\":\"Article\",\"@id\":\"https:\/\/www.comfenalcovalle.com.co\/apuesta-por-el-talento-vallecaucano-6-000-millones-en-formacion-para-fortalecer-el-empleo-de-cerca-de-8-000-personas-en-2025\/#article\",\"isPartOf\":{\"@id\":\"https:\/\/www.comfenalcovalle.com.co\/apuesta-por-el-talento-vallecaucano-6-000-millones-en-formacion-para-fortalecer-el-empleo-de-cerca-de-8-000-personas-en-2025\/\"},\"author\":{\"name\":\"Comunicaciones Comfenalco Valle delagente\",\"@id\":\"https:\/\/www.comfenalcovalle.com.co\/#\/schema\/person\/d4d8bcb299f88f97b06096cf6a21cb01\"},\"headline\":\"Apuesta por el talento vallecaucano: $6.000 millones en formaci\u00f3n para fortalecer el empleo de cerca de 8.000 personas en 2025\",\"datePublished\":\"2026-03-31T13:00:00+00:00\",\"dateModified\":\"2026-03-31T20:52:45+00:00\",\"mainEntityOfPage\":{\"@id\":\"https:\/\/www.comfenalcovalle.com.co\/apuesta-por-el-talento-vallecaucano-6-000-millones-en-formacion-para-fortalecer-el-empleo-de-cerca-de-8-000-personas-en-2025\/\"},\"wordCount\":286,\"publisher\":{\"@id\":\"https:\/\/www.comfenalcovalle.com.co\/#organization\"},\"image\":{\"@id\":\"https:\/\/www.comfenalcovalle.com.co\/apuesta-por-el-talento-vallecaucano-6-000-millones-en-formacion-para-fortalecer-el-empleo-de-cerca-de-8-000-personas-en-2025\/#primaryimage\"},\"thumbnailUrl\":\"https:\/\/test.comfenalcovalle.com.co\/wp-content\/uploads\/2026\/03\/AgenciaEmpleo-Calendario.png\",\"articleSection\":[\"Agencia de empleo\"],\"inLanguage\":\"en-US\"},{\"@type\":\"WebPage\",\"@id\":\"https:\/\/www.comfenalcovalle.com.co\/apuesta-por-el-talento-vallecaucano-6-000-millones-en-formacion-para-fortalecer-el-empleo-de-cerca-de-8-000-personas-en-2025\/\",\"url\":\"https:\/\/www.comfenalcovalle.com.co\/apuesta-por-el-talento-vallecaucano-6-000-millones-en-formacion-para-fortalecer-el-empleo-de-cerca-de-8-000-personas-en-2025\/\",\"name\":\"Apuesta por el talento vallecaucano: $6.000 millones en formaci\u00f3n\",\"isPartOf\":{\"@id\":\"https:\/\/www.comfenalcovalle.com.co\/#website\"},\"primaryImageOfPage\":{\"@id\":\"https:\/\/www.comfenalcovalle.com.co\/apuesta-por-el-talento-vallecaucano-6-000-millones-en-formacion-para-fortalecer-el-empleo-de-cerca-de-8-000-personas-en-2025\/#primaryimage\"},\"image\":{\"@id\":\"https:\/\/www.comfenalcovalle.com.co\/apuesta-por-el-talento-vallecaucano-6-000-millones-en-formacion-para-fortalecer-el-empleo-de-cerca-de-8-000-personas-en-2025\/#primaryimage\"},\"thumbnailUrl\":\"https:\/\/test.comfenalcovalle.com.co\/wp-content\/uploads\/2026\/03\/AgenciaEmpleo-Calendario.png\",\"datePublished\":\"2026-03-31T13:00:00+00:00\",\"dateModified\":\"2026-03-31T20:52:45+00:00\",\"breadcrumb\":{\"@id\":\"https:\/\/www.comfenalcovalle.com.co\/apuesta-por-el-talento-vallecaucano-6-000-millones-en-formacion-para-fortalecer-el-empleo-de-cerca-de-8-000-personas-en-2025\/#breadcrumb\"},\"inLanguage\":\"en-US\",\"potentialAction\":[{\"@type\":\"ReadAction\",\"target\":[\"https:\/\/www.comfenalcovalle.com.co\/apuesta-por-el-talento-vallecaucano-6-000-millones-en-formacion-para-fortalecer-el-empleo-de-cerca-de-8-000-personas-en-2025\/\"]}]},{\"@type\":\"ImageObject\",\"inLanguage\":\"en-US\",\"@id\":\"https:\/\/www.comfenalcovalle.com.co\/apuesta-por-el-talento-vallecaucano-6-000-millones-en-formacion-para-fortalecer-el-empleo-de-cerca-de-8-000-personas-en-2025\/#primaryimage\",\"url\":\"https:\/\/test.comfenalcovalle.com.co\/wp-content\/uploads\/2026\/03\/AgenciaEmpleo-Calendario.png\",\"contentUrl\":\"https:\/\/test.comfenalcovalle.com.co\/wp-content\/uploads\/2026\/03\/AgenciaEmpleo-Calendario.png\",\"width\":1080,\"height\":607,\"caption\":\"Apuesta por el talento vallecaucano\"},{\"@type\":\"BreadcrumbList\",\"@id\":\"https:\/\/www.comfenalcovalle.com.co\/apuesta-por-el-talento-vallecaucano-6-000-millones-en-formacion-para-fortalecer-el-empleo-de-cerca-de-8-000-personas-en-2025\/#breadcrumb\",\"itemListElement\":[{\"@type\":\"ListItem\",\"position\":1,\"name\":\"Portada\",\"item\":\"https:\/\/www.comfenalcovalle.com.co\/\"},{\"@type\":\"ListItem\",\"position\":2,\"name\":\"Apuesta por el talento vallecaucano: $6.000 millones en formaci\u00f3n para fortalecer el empleo de cerca de 8.000 personas en 2025\"}]},{\"@type\":\"WebSite\",\"@id\":\"https:\/\/www.comfenalcovalle.com.co\/#website\",\"url\":\"https:\/\/www.comfenalcovalle.com.co\/\",\"name\":\"Comfenalco Valle Delagente\",\"description\":\"Caja de compensaci\u00f3n de Comfenalco Valle Delagente.\",\"publisher\":{\"@id\":\"https:\/\/www.comfenalcovalle.com.co\/#organization\"},\"potentialAction\":[{\"@type\":\"SearchAction\",\"target\":{\"@type\":\"EntryPoint\",\"urlTemplate\":\"https:\/\/www.comfenalcovalle.com.co\/?s={search_term_string}\"},\"query-input\":{\"@type\":\"PropertyValueSpecification\",\"valueRequired\":true,\"valueName\":\"search_term_string\"}}],\"inLanguage\":\"en-US\"},{\"@type\":\"Organization\",\"@id\":\"https:\/\/www.comfenalcovalle.com.co\/#organization\",\"name\":\"Comfenalco Valle Delagente\",\"url\":\"https:\/\/www.comfenalcovalle.com.co\/\",\"logo\":{\"@type\":\"ImageObject\",\"inLanguage\":\"en-US\",\"@id\":\"https:\/\/www.comfenalcovalle.com.co\/#\/schema\/logo\/image\/\",\"url\":\"https:\/\/test.comfenalcovalle.com.co\/wp-content\/uploads\/2021\/06\/logo-comfe-cabecera-agencia-empelo-actualizado.png\",\"contentUrl\":\"https:\/\/test.comfenalcovalle.com.co\/wp-content\/uploads\/2021\/06\/logo-comfe-cabecera-agencia-empelo-actualizado.png\",\"width\":500,\"height\":184,\"caption\":\"Comfenalco Valle Delagente\"},\"image\":{\"@id\":\"https:\/\/www.comfenalcovalle.com.co\/#\/schema\/logo\/image\/\"}},{\"@type\":\"Person\",\"@id\":\"https:\/\/www.comfenalcovalle.com.co\/#\/schema\/person\/d4d8bcb299f88f97b06096cf6a21cb01\",\"name\":\"Comunicaciones Comfenalco Valle delagente\",\"image\":{\"@type\":\"ImageObject\",\"inLanguage\":\"en-US\",\"@id\":\"https:\/\/www.comfenalcovalle.com.co\/#\/schema\/person\/image\/\",\"url\":\"https:\/\/secure.gravatar.com\/avatar\/d1c29eb639a137df0ac8bfec50479e8d6ef564f7320f439d9d984504359ea6ee?s=96&d=mm&r=g\",\"contentUrl\":\"https:\/\/secure.gravatar.com\/avatar\/d1c29eb639a137df0ac8bfec50479e8d6ef564f7320f439d9d984504359ea6ee?s=96&d=mm&r=g\",\"caption\":\"Comunicaciones Comfenalco Valle delagente\"},\"url\":\"https:\/\/test.comfenalcovalle.com.co\/en\/author\/comunicaciones-comfenalco-valle-delagente\/\"}]}<\/script>\n<!-- \/ Yoast SEO Premium plugin. -->","yoast_head_json":{"title":"Apuesta por el talento vallecaucano: $6.000 millones en formaci\u00f3n","robots":{"index":"index","follow":"follow","max-snippet":"max-snippet:-1","max-image-preview":"max-image-preview:large","max-video-preview":"max-video-preview:-1"},"canonical":"https:\/\/www.comfenalcovalle.com.co\/apuesta-por-el-talento-vallecaucano-6-000-millones-en-formacion-para-fortalecer-el-empleo-de-cerca-de-8-000-personas-en-2025\/","og_locale":"en_US","og_type":"article","og_title":"Apuesta por el talento vallecaucano: $6.000 millones en formaci\u00f3n para fortalecer el empleo de cerca de 8.000 personas en 2025","og_description":"En un contexto de alta competencia laboral, la Agencia de Empleo de Comfenalco Valle Delagente demuestra el alcance de su estrategia de formaci\u00f3n para la productividad al impactar, en lo corrido de 2025, a cerca de 8.000 personas, con una inversi\u00f3n que asciende a $6.000 millones de pesos. Estas cifras reflejan la dimensi\u00f3n de una [&hellip;]","og_url":"https:\/\/www.comfenalcovalle.com.co\/apuesta-por-el-talento-vallecaucano-6-000-millones-en-formacion-para-fortalecer-el-empleo-de-cerca-de-8-000-personas-en-2025\/","og_site_name":"Comfenalco Valle Delagente","article_published_time":"2026-03-31T13:00:00+00:00","article_modified_time":"2026-03-31T20:52:45+00:00","og_image":[{"width":1080,"height":607,"url":"https:\/\/www.comfenalcovalle.com.co\/wp-content\/uploads\/2026\/03\/AgenciaEmpleo-Calendario.png","type":"image\/png"}],"author":"Comunicaciones Comfenalco Valle delagente","twitter_card":"summary_large_image","twitter_misc":{"Written by":"Comunicaciones Comfenalco Valle delagente","Est. reading time":"2 minutes"},"schema":{"@context":"https:\/\/schema.org","@graph":[{"@type":"Article","@id":"https:\/\/www.comfenalcovalle.com.co\/apuesta-por-el-talento-vallecaucano-6-000-millones-en-formacion-para-fortalecer-el-empleo-de-cerca-de-8-000-personas-en-2025\/#article","isPartOf":{"@id":"https:\/\/www.comfenalcovalle.com.co\/apuesta-por-el-talento-vallecaucano-6-000-millones-en-formacion-para-fortalecer-el-empleo-de-cerca-de-8-000-personas-en-2025\/"},"author":{"name":"Comunicaciones Comfenalco Valle delagente","@id":"https:\/\/www.comfenalcovalle.com.co\/#\/schema\/person\/d4d8bcb299f88f97b06096cf6a21cb01"},"headline":"Apuesta por el talento vallecaucano: $6.000 millones en formaci\u00f3n para fortalecer el empleo de cerca de 8.000 personas en 2025","datePublished":"2026-03-31T13:00:00+00:00","dateModified":"2026-03-31T20:52:45+00:00","mainEntityOfPage":{"@id":"https:\/\/www.comfenalcovalle.com.co\/apuesta-por-el-talento-vallecaucano-6-000-millones-en-formacion-para-fortalecer-el-empleo-de-cerca-de-8-000-personas-en-2025\/"},"wordCount":286,"publisher":{"@id":"https:\/\/www.comfenalcovalle.com.co\/#organization"},"image":{"@id":"https:\/\/www.comfenalcovalle.com.co\/apuesta-por-el-talento-vallecaucano-6-000-millones-en-formacion-para-fortalecer-el-empleo-de-cerca-de-8-000-personas-en-2025\/#primaryimage"},"thumbnailUrl":"https:\/\/test.comfenalcovalle.com.co\/wp-content\/uploads\/2026\/03\/AgenciaEmpleo-Calendario.png","articleSection":["Agencia de empleo"],"inLanguage":"en-US"},{"@type":"WebPage","@id":"https:\/\/www.comfenalcovalle.com.co\/apuesta-por-el-talento-vallecaucano-6-000-millones-en-formacion-para-fortalecer-el-empleo-de-cerca-de-8-000-personas-en-2025\/","url":"https:\/\/www.comfenalcovalle.com.co\/apuesta-por-el-talento-vallecaucano-6-000-millones-en-formacion-para-fortalecer-el-empleo-de-cerca-de-8-000-personas-en-2025\/","name":"Apuesta por el talento vallecaucano: $6.000 millones en formaci\u00f3n","isPartOf":{"@id":"https:\/\/www.comfenalcovalle.com.co\/#website"},"primaryImageOfPage":{"@id":"https:\/\/www.comfenalcovalle.com.co\/apuesta-por-el-talento-vallecaucano-6-000-millones-en-formacion-para-fortalecer-el-empleo-de-cerca-de-8-000-personas-en-2025\/#primaryimage"},"image":{"@id":"https:\/\/www.comfenalcovalle.com.co\/apuesta-por-el-talento-vallecaucano-6-000-millones-en-formacion-para-fortalecer-el-empleo-de-cerca-de-8-000-personas-en-2025\/#primaryimage"},"thumbnailUrl":"https:\/\/test.comfenalcovalle.com.co\/wp-content\/uploads\/2026\/03\/AgenciaEmpleo-Calendario.png","datePublished":"2026-03-31T13:00:00+00:00","dateModified":"2026-03-31T20:52:45+00:00","breadcrumb":{"@id":"https:\/\/www.comfenalcovalle.com.co\/apuesta-por-el-talento-vallecaucano-6-000-millones-en-formacion-para-fortalecer-el-empleo-de-cerca-de-8-000-personas-en-2025\/#breadcrumb"},"inLanguage":"en-US","potentialAction":[{"@type":"ReadAction","target":["https:\/\/www.comfenalcovalle.com.co\/apuesta-por-el-talento-vallecaucano-6-000-millones-en-formacion-para-fortalecer-el-empleo-de-cerca-de-8-000-personas-en-2025\/"]}]},{"@type":"ImageObject","inLanguage":"en-US","@id":"https:\/\/www.comfenalcovalle.com.co\/apuesta-por-el-talento-vallecaucano-6-000-millones-en-formacion-para-fortalecer-el-empleo-de-cerca-de-8-000-personas-en-2025\/#primaryimage","url":"https:\/\/test.comfenalcovalle.com.co\/wp-content\/uploads\/2026\/03\/AgenciaEmpleo-Calendario.png","contentUrl":"https:\/\/test.comfenalcovalle.com.co\/wp-content\/uploads\/2026\/03\/AgenciaEmpleo-Calendario.png","width":1080,"height":607,"caption":"Apuesta por el talento vallecaucano"},{"@type":"BreadcrumbList","@id":"https:\/\/www.comfenalcovalle.com.co\/apuesta-por-el-talento-vallecaucano-6-000-millones-en-formacion-para-fortalecer-el-empleo-de-cerca-de-8-000-personas-en-2025\/#breadcrumb","itemListElement":[{"@type":"ListItem","position":1,"name":"Portada","item":"https:\/\/www.comfenalcovalle.com.co\/"},{"@type":"ListItem","position":2,"name":"Apuesta por el talento vallecaucano: $6.000 millones en formaci\u00f3n para fortalecer el empleo de cerca de 8.000 personas en 2025"}]},{"@type":"WebSite","@id":"https:\/\/www.comfenalcovalle.com.co\/#website","url":"https:\/\/www.comfenalcovalle.com.co\/","name":"Comfenalco Valle Delagente","description":"Comfenalco Valle Delagente compensation fund.","publisher":{"@id":"https:\/\/www.comfenalcovalle.com.co\/#organization"},"potentialAction":[{"@type":"SearchAction","target":{"@type":"EntryPoint","urlTemplate":"https:\/\/www.comfenalcovalle.com.co\/?s={search_term_string}"},"query-input":{"@type":"PropertyValueSpecification","valueRequired":true,"valueName":"search_term_string"}}],"inLanguage":"en-US"},{"@type":"Organization","@id":"https:\/\/www.comfenalcovalle.com.co\/#organization","name":"Comfenalco Valle Delagente","url":"https:\/\/www.comfenalcovalle.com.co\/","logo":{"@type":"ImageObject","inLanguage":"en-US","@id":"https:\/\/www.comfenalcovalle.com.co\/#\/schema\/logo\/image\/","url":"https:\/\/test.comfenalcovalle.com.co\/wp-content\/uploads\/2021\/06\/logo-comfe-cabecera-agencia-empelo-actualizado.png","contentUrl":"https:\/\/test.comfenalcovalle.com.co\/wp-content\/uploads\/2021\/06\/logo-comfe-cabecera-agencia-empelo-actualizado.png","width":500,"height":184,"caption":"Comfenalco Valle Delagente"},"image":{"@id":"https:\/\/www.comfenalcovalle.com.co\/#\/schema\/logo\/image\/"}},{"@type":"Person","@id":"https:\/\/www.comfenalcovalle.com.co\/#\/schema\/person\/d4d8bcb299f88f97b06096cf6a21cb01","name":"Communications Comfenalco Valle delagente","image":{"@type":"ImageObject","inLanguage":"en-US","@id":"https:\/\/www.comfenalcovalle.com.co\/#\/schema\/person\/image\/","url":"https:\/\/secure.gravatar.com\/avatar\/d1c29eb639a137df0ac8bfec50479e8d6ef564f7320f439d9d984504359ea6ee?s=96&d=mm&r=g","contentUrl":"https:\/\/secure.gravatar.com\/avatar\/d1c29eb639a137df0ac8bfec50479e8d6ef564f7320f439d9d984504359ea6ee?s=96&d=mm&r=g","caption":"Comunicaciones Comfenalco Valle delagente"},"url":"https:\/\/test.comfenalcovalle.com.co\/en\/author\/comunicaciones-comfenalco-valle-delagente\/"}]}},"publishpress_future_action":{"enabled":false,"date":"2026-05-10 08:13:06","action":"change-status","newStatus":"draft","terms":[],"taxonomy":"category","extraData":[]},"publishpress_future_workflow_manual_trigger":{"enabledWorkflows":[]},"_links":{"self":[{"href":"https:\/\/test.comfenalcovalle.com.co\/en\/wp-json\/wp\/v2\/posts\/680187","targetHints":{"allow":["GET"]}}],"collection":[{"href":"https:\/\/test.comfenalcovalle.com.co\/en\/wp-json\/wp\/v2\/posts"}],"about":[{"href":"https:\/\/test.comfenalcovalle.com.co\/en\/wp-json\/wp\/v2\/types\/post"}],"author":[{"embeddable":true,"href":"https:\/\/test.comfenalcovalle.com.co\/en\/wp-json\/wp\/v2\/users\/6"}],"replies":[{"embeddable":true,"href":"https:\/\/test.comfenalcovalle.com.co\/en\/wp-json\/wp\/v2\/comments?post=680187"}],"version-history":[{"count":0,"href":"https:\/\/test.comfenalcovalle.com.co\/en\/wp-json\/wp\/v2\/posts\/680187\/revisions"}],"wp:featuredmedia":[{"embeddable":true,"href":"https:\/\/test.comfenalcovalle.com.co\/en\/wp-json\/wp\/v2\/media\/680188"}],"wp:attachment":[{"href":"https:\/\/test.comfenalcovalle.com.co\/en\/wp-json\/wp\/v2\/media?parent=680187"}],"wp:term":[{"taxonomy":"category","embeddable":true,"href":"https:\/\/test.comfenalcovalle.com.co\/en\/wp-json\/wp\/v2\/categories?post=680187"},{"taxonomy":"post_tag","embeddable":true,"href":"https:\/\/test.comfenalcovalle.com.co\/en\/wp-json\/wp\/v2\/tags?post=680187"}],"curies":[{"name":"wp","href":"https:\/\/api.w.org\/{rel}","templated":true}]}}