{"id":678383,"date":"2026-03-11T15:15:01","date_gmt":"2026-03-11T20:15:01","guid":{"rendered":"https:\/\/test.comfenalcovalle.com.co\/?p=678383"},"modified":"2026-03-11T15:17:13","modified_gmt":"2026-03-11T20:17:13","slug":"mas-de-200-vacantes-se-ofreceran-en-la-feria-de-la-empleabilidad-tulua-2026","status":"publish","type":"post","link":"https:\/\/test.comfenalcovalle.com.co\/en\/mas-de-200-vacantes-se-ofreceran-en-la-feria-de-la-empleabilidad-tulua-2026\/","title":{"rendered":"M\u00e1s de 200 vacantes se ofrecer\u00e1n en la Feria de la Empleabilidad Tulu\u00e1 2026"},"content":{"rendered":"<p>Llega la <strong>Feria de la Empleabilidad Tulu\u00e1 2026<\/strong>, un evento organizado por la Agencia de Empleo de Comfenalco Valle Delagente en alianza con el Centro Comercial La Herradura, donde se ofertar\u00e1n m\u00e1s de <strong>200 vacantes<\/strong> en diferentes sectores econ\u00f3micos.<\/p>\n\n\n\n<h2 class=\"wp-block-heading has-medium-font-size\" id=\"h-en-la-jornada-se-tendran-vacantes-para-los-sectores\"><strong>En la jornada se tendr\u00e1n vacantes para los sectores:<\/strong><\/h2>\n\n\n\n<p>\u27a3 <strong>Industrial y mantenimiento<\/strong>: Mec\u00e1nicos Industriales, electromec\u00e1nicos, electricistas (C3), operarios de producci\u00f3n, auxiliares de calidad y de paneler\u00eda.<\/p>\n\n\n\n<p>\u27a3 <strong>Log\u00edstica y Transporte<\/strong>: Conductores y motoristas (C2-C3), montacarguistas, auxiliares de bodega, apiladores, inyectadores y personal de cargue\/descargue.<\/p>\n\n\n\n<p>\u27a3 <strong>Comercio y Servicios<\/strong>: Operadores de tienda (TC\/MT], auxiliares de cocina, servicio al cliente, operarios de aseo y ayudantes de obra.<\/p>\n\n\n\n<p>\u27a3 <strong>Agropecuario<\/strong>: Galponeros, tractoristas (C2-C3), operarios de campo pastoreadores, operarios de fumigaci\u00f3n y supervisores cabo.<\/p>\n\n\n\n<p><strong>En esta oportunidad los requisitos son<\/strong>: hombres y mujeres, con experiencia 6 meses en el \u00e1rea.<\/p>\n\n\n\n<p>\u201cComfenalco Valle Delagente, sigue generando espacios para disminuir la brecha de desempleo y aumentar las posibilidades de colocaci\u00f3n laboral para la comunidad. Cada vez m\u00e1s personas han podido mejorar sus condiciones econ\u00f3micas y sociales gracias a las oportunidades laborales que se presentan en las diferentes ferias de empleabilidad que organiza la Caja de Compensaci\u00f3n Familiar\u201d, explic\u00f3 Clara Eugenia Orozco, gerente de Empleabilidad y Emprendimiento de Comfenalco Valle Delagente.<\/p>\n\n\n\n<h2 class=\"wp-block-heading has-medium-font-size\" id=\"h-feria-de-la-empleabilidad-tulua-2026\"><strong><u>Feria de la empleabilidad Tulu\u00e1 2026:<\/u><\/strong><\/h2>\n\n\n\n<p><strong>D\u00eda:<\/strong> viernes 13 de marzo de 2026.<br><strong>Schedule:<\/strong> 8:30 a.m. hasta las 11:30 a.m.<br><strong>Place:<\/strong> Carrera 19 #28-76, Centro Comercial La Herradura, Tulu\u00e1.<\/p>\n\n\n\n<p><strong>Comfenalco Valle Delagente.<\/strong><br><strong>Family Compensation Fund of Valle del Cauca.<\/strong><\/p>","protected":false},"excerpt":{"rendered":"<p>Llega la Feria de la Empleabilidad Tulu\u00e1 2026, un evento organizado por la Agencia de Empleo de Comfenalco Valle Delagente en alianza con el Centro Comercial La Herradura, donde se ofertar\u00e1n m\u00e1s de 200 vacantes en diferentes sectores econ\u00f3micos. En la jornada se tendr\u00e1n vacantes para los sectores: \u27a3 Industrial y mantenimiento: Mec\u00e1nicos Industriales, electromec\u00e1nicos, [&hellip;]<\/p>","protected":false},"author":6,"featured_media":678384,"comment_status":"closed","ping_status":"closed","sticky":false,"template":"","format":"standard","meta":{"footnotes":""},"categories":[73],"tags":[],"class_list":["post-678383","post","type-post","status-publish","format-standard","has-post-thumbnail","hentry","category-agencia-de-empleo"],"yoast_head":"<!-- This site is optimized with the Yoast SEO Premium plugin v25.9 (Yoast SEO v25.9) - https:\/\/yoast.com\/wordpress\/plugins\/seo\/ -->\n<title>M\u00e1s de 200 vacantes se ofrecer\u00e1n en la Feria de la Empleabilidad Tulu\u00e1 2026 - Comfenalco Valle Delagente<\/title>\n<meta name=\"description\" content=\"Feria de la Empleabilidad, donde se ofertar\u00e1n m\u00e1s de 200 vacantes en diferentes sectores econ\u00f3micos.\" \/>\n<meta name=\"robots\" content=\"index, follow, max-snippet:-1, max-image-preview:large, max-video-preview:-1\" \/>\n<link rel=\"canonical\" href=\"https:\/\/www.comfenalcovalle.com.co\/mas-de-200-vacantes-se-ofreceran-en-la-feria-de-la-empleabilidad-tulua-2026\/\" \/>\n<meta property=\"og:locale\" content=\"en_US\" \/>\n<meta property=\"og:type\" content=\"article\" \/>\n<meta property=\"og:title\" content=\"M\u00e1s de 200 vacantes se ofrecer\u00e1n en la Feria de la Empleabilidad Tulu\u00e1 2026\" \/>\n<meta property=\"og:description\" content=\"Feria de la Empleabilidad, donde se ofertar\u00e1n m\u00e1s de 200 vacantes en diferentes sectores econ\u00f3micos.\" \/>\n<meta property=\"og:url\" content=\"https:\/\/www.comfenalcovalle.com.co\/mas-de-200-vacantes-se-ofreceran-en-la-feria-de-la-empleabilidad-tulua-2026\/\" \/>\n<meta property=\"og:site_name\" content=\"Comfenalco Valle Delagente\" \/>\n<meta property=\"article:published_time\" content=\"2026-03-11T20:15:01+00:00\" \/>\n<meta property=\"article:modified_time\" content=\"2026-03-11T20:17:13+00:00\" \/>\n<meta property=\"og:image\" content=\"https:\/\/www.comfenalcovalle.com.co\/wp-content\/uploads\/2026\/03\/Feria-de-la-Empleabilidad-Tulua-2026.jpg\" \/>\n\t<meta property=\"og:image:width\" content=\"1200\" \/>\n\t<meta property=\"og:image:height\" content=\"900\" \/>\n\t<meta property=\"og:image:type\" content=\"image\/jpeg\" \/>\n<meta name=\"author\" content=\"Comunicaciones Comfenalco Valle delagente\" \/>\n<meta name=\"twitter:card\" content=\"summary_large_image\" \/>\n<meta name=\"twitter:label1\" content=\"Written by\" \/>\n\t<meta name=\"twitter:data1\" content=\"Comunicaciones Comfenalco Valle delagente\" \/>\n\t<meta name=\"twitter:label2\" content=\"Est. reading time\" \/>\n\t<meta name=\"twitter:data2\" content=\"2 minutes\" \/>\n<script type=\"application\/ld+json\" class=\"yoast-schema-graph\">{\"@context\":\"https:\/\/schema.org\",\"@graph\":[{\"@type\":\"Article\",\"@id\":\"https:\/\/www.comfenalcovalle.com.co\/mas-de-200-vacantes-se-ofreceran-en-la-feria-de-la-empleabilidad-tulua-2026\/#article\",\"isPartOf\":{\"@id\":\"https:\/\/www.comfenalcovalle.com.co\/mas-de-200-vacantes-se-ofreceran-en-la-feria-de-la-empleabilidad-tulua-2026\/\"},\"author\":{\"name\":\"Comunicaciones Comfenalco Valle delagente\",\"@id\":\"https:\/\/www.comfenalcovalle.com.co\/#\/schema\/person\/d4d8bcb299f88f97b06096cf6a21cb01\"},\"headline\":\"M\u00e1s de 200 vacantes se ofrecer\u00e1n en la Feria de la Empleabilidad Tulu\u00e1 2026\",\"datePublished\":\"2026-03-11T20:15:01+00:00\",\"dateModified\":\"2026-03-11T20:17:13+00:00\",\"mainEntityOfPage\":{\"@id\":\"https:\/\/www.comfenalcovalle.com.co\/mas-de-200-vacantes-se-ofreceran-en-la-feria-de-la-empleabilidad-tulua-2026\/\"},\"wordCount\":267,\"publisher\":{\"@id\":\"https:\/\/www.comfenalcovalle.com.co\/#organization\"},\"image\":{\"@id\":\"https:\/\/www.comfenalcovalle.com.co\/mas-de-200-vacantes-se-ofreceran-en-la-feria-de-la-empleabilidad-tulua-2026\/#primaryimage\"},\"thumbnailUrl\":\"https:\/\/test.comfenalcovalle.com.co\/wp-content\/uploads\/2026\/03\/Feria-de-la-Empleabilidad-Tulua-2026.jpg\",\"articleSection\":[\"Agencia de empleo\"],\"inLanguage\":\"en-US\"},{\"@type\":\"WebPage\",\"@id\":\"https:\/\/www.comfenalcovalle.com.co\/mas-de-200-vacantes-se-ofreceran-en-la-feria-de-la-empleabilidad-tulua-2026\/\",\"url\":\"https:\/\/www.comfenalcovalle.com.co\/mas-de-200-vacantes-se-ofreceran-en-la-feria-de-la-empleabilidad-tulua-2026\/\",\"name\":\"M\u00e1s de 200 vacantes se ofrecer\u00e1n en la Feria de la Empleabilidad Tulu\u00e1 2026 - Comfenalco Valle Delagente\",\"isPartOf\":{\"@id\":\"https:\/\/www.comfenalcovalle.com.co\/#website\"},\"primaryImageOfPage\":{\"@id\":\"https:\/\/www.comfenalcovalle.com.co\/mas-de-200-vacantes-se-ofreceran-en-la-feria-de-la-empleabilidad-tulua-2026\/#primaryimage\"},\"image\":{\"@id\":\"https:\/\/www.comfenalcovalle.com.co\/mas-de-200-vacantes-se-ofreceran-en-la-feria-de-la-empleabilidad-tulua-2026\/#primaryimage\"},\"thumbnailUrl\":\"https:\/\/test.comfenalcovalle.com.co\/wp-content\/uploads\/2026\/03\/Feria-de-la-Empleabilidad-Tulua-2026.jpg\",\"datePublished\":\"2026-03-11T20:15:01+00:00\",\"dateModified\":\"2026-03-11T20:17:13+00:00\",\"description\":\"Feria de la Empleabilidad, donde se ofertar\u00e1n m\u00e1s de 200 vacantes en diferentes sectores econ\u00f3micos.\",\"breadcrumb\":{\"@id\":\"https:\/\/www.comfenalcovalle.com.co\/mas-de-200-vacantes-se-ofreceran-en-la-feria-de-la-empleabilidad-tulua-2026\/#breadcrumb\"},\"inLanguage\":\"en-US\",\"potentialAction\":[{\"@type\":\"ReadAction\",\"target\":[\"https:\/\/www.comfenalcovalle.com.co\/mas-de-200-vacantes-se-ofreceran-en-la-feria-de-la-empleabilidad-tulua-2026\/\"]}]},{\"@type\":\"ImageObject\",\"inLanguage\":\"en-US\",\"@id\":\"https:\/\/www.comfenalcovalle.com.co\/mas-de-200-vacantes-se-ofreceran-en-la-feria-de-la-empleabilidad-tulua-2026\/#primaryimage\",\"url\":\"https:\/\/test.comfenalcovalle.com.co\/wp-content\/uploads\/2026\/03\/Feria-de-la-Empleabilidad-Tulua-2026.jpg\",\"contentUrl\":\"https:\/\/test.comfenalcovalle.com.co\/wp-content\/uploads\/2026\/03\/Feria-de-la-Empleabilidad-Tulua-2026.jpg\",\"width\":1200,\"height\":900,\"caption\":\"Feria de la Empleabilidad Tulu\u00e1 2026\"},{\"@type\":\"BreadcrumbList\",\"@id\":\"https:\/\/www.comfenalcovalle.com.co\/mas-de-200-vacantes-se-ofreceran-en-la-feria-de-la-empleabilidad-tulua-2026\/#breadcrumb\",\"itemListElement\":[{\"@type\":\"ListItem\",\"position\":1,\"name\":\"Portada\",\"item\":\"https:\/\/www.comfenalcovalle.com.co\/\"},{\"@type\":\"ListItem\",\"position\":2,\"name\":\"M\u00e1s de 200 vacantes se ofrecer\u00e1n en la Feria de la Empleabilidad Tulu\u00e1 2026\"}]},{\"@type\":\"WebSite\",\"@id\":\"https:\/\/www.comfenalcovalle.com.co\/#website\",\"url\":\"https:\/\/www.comfenalcovalle.com.co\/\",\"name\":\"Comfenalco Valle Delagente\",\"description\":\"Caja de compensaci\u00f3n de Comfenalco Valle Delagente.\",\"publisher\":{\"@id\":\"https:\/\/www.comfenalcovalle.com.co\/#organization\"},\"potentialAction\":[{\"@type\":\"SearchAction\",\"target\":{\"@type\":\"EntryPoint\",\"urlTemplate\":\"https:\/\/www.comfenalcovalle.com.co\/?s={search_term_string}\"},\"query-input\":{\"@type\":\"PropertyValueSpecification\",\"valueRequired\":true,\"valueName\":\"search_term_string\"}}],\"inLanguage\":\"en-US\"},{\"@type\":\"Organization\",\"@id\":\"https:\/\/www.comfenalcovalle.com.co\/#organization\",\"name\":\"Comfenalco Valle Delagente\",\"url\":\"https:\/\/www.comfenalcovalle.com.co\/\",\"logo\":{\"@type\":\"ImageObject\",\"inLanguage\":\"en-US\",\"@id\":\"https:\/\/www.comfenalcovalle.com.co\/#\/schema\/logo\/image\/\",\"url\":\"https:\/\/test.comfenalcovalle.com.co\/wp-content\/uploads\/2021\/06\/logo-comfe-cabecera-agencia-empelo-actualizado.png\",\"contentUrl\":\"https:\/\/test.comfenalcovalle.com.co\/wp-content\/uploads\/2021\/06\/logo-comfe-cabecera-agencia-empelo-actualizado.png\",\"width\":500,\"height\":184,\"caption\":\"Comfenalco Valle Delagente\"},\"image\":{\"@id\":\"https:\/\/www.comfenalcovalle.com.co\/#\/schema\/logo\/image\/\"}},{\"@type\":\"Person\",\"@id\":\"https:\/\/www.comfenalcovalle.com.co\/#\/schema\/person\/d4d8bcb299f88f97b06096cf6a21cb01\",\"name\":\"Comunicaciones Comfenalco Valle delagente\",\"image\":{\"@type\":\"ImageObject\",\"inLanguage\":\"en-US\",\"@id\":\"https:\/\/www.comfenalcovalle.com.co\/#\/schema\/person\/image\/\",\"url\":\"https:\/\/secure.gravatar.com\/avatar\/d1c29eb639a137df0ac8bfec50479e8d6ef564f7320f439d9d984504359ea6ee?s=96&d=mm&r=g\",\"contentUrl\":\"https:\/\/secure.gravatar.com\/avatar\/d1c29eb639a137df0ac8bfec50479e8d6ef564f7320f439d9d984504359ea6ee?s=96&d=mm&r=g\",\"caption\":\"Comunicaciones Comfenalco Valle delagente\"},\"url\":\"https:\/\/test.comfenalcovalle.com.co\/en\/author\/comunicaciones-comfenalco-valle-delagente\/\"}]}<\/script>\n<!-- \/ Yoast SEO Premium plugin. -->","yoast_head_json":{"title":"M\u00e1s de 200 vacantes se ofrecer\u00e1n en la Feria de la Empleabilidad Tulu\u00e1 2026 - Comfenalco Valle Delagente","description":"Feria de la Empleabilidad, donde se ofertar\u00e1n m\u00e1s de 200 vacantes en diferentes sectores econ\u00f3micos.","robots":{"index":"index","follow":"follow","max-snippet":"max-snippet:-1","max-image-preview":"max-image-preview:large","max-video-preview":"max-video-preview:-1"},"canonical":"https:\/\/www.comfenalcovalle.com.co\/mas-de-200-vacantes-se-ofreceran-en-la-feria-de-la-empleabilidad-tulua-2026\/","og_locale":"en_US","og_type":"article","og_title":"M\u00e1s de 200 vacantes se ofrecer\u00e1n en la Feria de la Empleabilidad Tulu\u00e1 2026","og_description":"Feria de la Empleabilidad, donde se ofertar\u00e1n m\u00e1s de 200 vacantes en diferentes sectores econ\u00f3micos.","og_url":"https:\/\/www.comfenalcovalle.com.co\/mas-de-200-vacantes-se-ofreceran-en-la-feria-de-la-empleabilidad-tulua-2026\/","og_site_name":"Comfenalco Valle Delagente","article_published_time":"2026-03-11T20:15:01+00:00","article_modified_time":"2026-03-11T20:17:13+00:00","og_image":[{"width":1200,"height":900,"url":"https:\/\/www.comfenalcovalle.com.co\/wp-content\/uploads\/2026\/03\/Feria-de-la-Empleabilidad-Tulua-2026.jpg","type":"image\/jpeg"}],"author":"Comunicaciones Comfenalco Valle delagente","twitter_card":"summary_large_image","twitter_misc":{"Written by":"Comunicaciones Comfenalco Valle delagente","Est. reading time":"2 minutes"},"schema":{"@context":"https:\/\/schema.org","@graph":[{"@type":"Article","@id":"https:\/\/www.comfenalcovalle.com.co\/mas-de-200-vacantes-se-ofreceran-en-la-feria-de-la-empleabilidad-tulua-2026\/#article","isPartOf":{"@id":"https:\/\/www.comfenalcovalle.com.co\/mas-de-200-vacantes-se-ofreceran-en-la-feria-de-la-empleabilidad-tulua-2026\/"},"author":{"name":"Comunicaciones Comfenalco Valle delagente","@id":"https:\/\/www.comfenalcovalle.com.co\/#\/schema\/person\/d4d8bcb299f88f97b06096cf6a21cb01"},"headline":"M\u00e1s de 200 vacantes se ofrecer\u00e1n en la Feria de la Empleabilidad Tulu\u00e1 2026","datePublished":"2026-03-11T20:15:01+00:00","dateModified":"2026-03-11T20:17:13+00:00","mainEntityOfPage":{"@id":"https:\/\/www.comfenalcovalle.com.co\/mas-de-200-vacantes-se-ofreceran-en-la-feria-de-la-empleabilidad-tulua-2026\/"},"wordCount":267,"publisher":{"@id":"https:\/\/www.comfenalcovalle.com.co\/#organization"},"image":{"@id":"https:\/\/www.comfenalcovalle.com.co\/mas-de-200-vacantes-se-ofreceran-en-la-feria-de-la-empleabilidad-tulua-2026\/#primaryimage"},"thumbnailUrl":"https:\/\/test.comfenalcovalle.com.co\/wp-content\/uploads\/2026\/03\/Feria-de-la-Empleabilidad-Tulua-2026.jpg","articleSection":["Agencia de empleo"],"inLanguage":"en-US"},{"@type":"WebPage","@id":"https:\/\/www.comfenalcovalle.com.co\/mas-de-200-vacantes-se-ofreceran-en-la-feria-de-la-empleabilidad-tulua-2026\/","url":"https:\/\/www.comfenalcovalle.com.co\/mas-de-200-vacantes-se-ofreceran-en-la-feria-de-la-empleabilidad-tulua-2026\/","name":"M\u00e1s de 200 vacantes se ofrecer\u00e1n en la Feria de la Empleabilidad Tulu\u00e1 2026 - Comfenalco Valle Delagente","isPartOf":{"@id":"https:\/\/www.comfenalcovalle.com.co\/#website"},"primaryImageOfPage":{"@id":"https:\/\/www.comfenalcovalle.com.co\/mas-de-200-vacantes-se-ofreceran-en-la-feria-de-la-empleabilidad-tulua-2026\/#primaryimage"},"image":{"@id":"https:\/\/www.comfenalcovalle.com.co\/mas-de-200-vacantes-se-ofreceran-en-la-feria-de-la-empleabilidad-tulua-2026\/#primaryimage"},"thumbnailUrl":"https:\/\/test.comfenalcovalle.com.co\/wp-content\/uploads\/2026\/03\/Feria-de-la-Empleabilidad-Tulua-2026.jpg","datePublished":"2026-03-11T20:15:01+00:00","dateModified":"2026-03-11T20:17:13+00:00","description":"Feria de la Empleabilidad, donde se ofertar\u00e1n m\u00e1s de 200 vacantes en diferentes sectores econ\u00f3micos.","breadcrumb":{"@id":"https:\/\/www.comfenalcovalle.com.co\/mas-de-200-vacantes-se-ofreceran-en-la-feria-de-la-empleabilidad-tulua-2026\/#breadcrumb"},"inLanguage":"en-US","potentialAction":[{"@type":"ReadAction","target":["https:\/\/www.comfenalcovalle.com.co\/mas-de-200-vacantes-se-ofreceran-en-la-feria-de-la-empleabilidad-tulua-2026\/"]}]},{"@type":"ImageObject","inLanguage":"en-US","@id":"https:\/\/www.comfenalcovalle.com.co\/mas-de-200-vacantes-se-ofreceran-en-la-feria-de-la-empleabilidad-tulua-2026\/#primaryimage","url":"https:\/\/test.comfenalcovalle.com.co\/wp-content\/uploads\/2026\/03\/Feria-de-la-Empleabilidad-Tulua-2026.jpg","contentUrl":"https:\/\/test.comfenalcovalle.com.co\/wp-content\/uploads\/2026\/03\/Feria-de-la-Empleabilidad-Tulua-2026.jpg","width":1200,"height":900,"caption":"Feria de la Empleabilidad Tulu\u00e1 2026"},{"@type":"BreadcrumbList","@id":"https:\/\/www.comfenalcovalle.com.co\/mas-de-200-vacantes-se-ofreceran-en-la-feria-de-la-empleabilidad-tulua-2026\/#breadcrumb","itemListElement":[{"@type":"ListItem","position":1,"name":"Portada","item":"https:\/\/www.comfenalcovalle.com.co\/"},{"@type":"ListItem","position":2,"name":"M\u00e1s de 200 vacantes se ofrecer\u00e1n en la Feria de la Empleabilidad Tulu\u00e1 2026"}]},{"@type":"WebSite","@id":"https:\/\/www.comfenalcovalle.com.co\/#website","url":"https:\/\/www.comfenalcovalle.com.co\/","name":"Comfenalco Valle Delagente","description":"Comfenalco Valle Delagente compensation fund.","publisher":{"@id":"https:\/\/www.comfenalcovalle.com.co\/#organization"},"potentialAction":[{"@type":"SearchAction","target":{"@type":"EntryPoint","urlTemplate":"https:\/\/www.comfenalcovalle.com.co\/?s={search_term_string}"},"query-input":{"@type":"PropertyValueSpecification","valueRequired":true,"valueName":"search_term_string"}}],"inLanguage":"en-US"},{"@type":"Organization","@id":"https:\/\/www.comfenalcovalle.com.co\/#organization","name":"Comfenalco Valle Delagente","url":"https:\/\/www.comfenalcovalle.com.co\/","logo":{"@type":"ImageObject","inLanguage":"en-US","@id":"https:\/\/www.comfenalcovalle.com.co\/#\/schema\/logo\/image\/","url":"https:\/\/test.comfenalcovalle.com.co\/wp-content\/uploads\/2021\/06\/logo-comfe-cabecera-agencia-empelo-actualizado.png","contentUrl":"https:\/\/test.comfenalcovalle.com.co\/wp-content\/uploads\/2021\/06\/logo-comfe-cabecera-agencia-empelo-actualizado.png","width":500,"height":184,"caption":"Comfenalco Valle Delagente"},"image":{"@id":"https:\/\/www.comfenalcovalle.com.co\/#\/schema\/logo\/image\/"}},{"@type":"Person","@id":"https:\/\/www.comfenalcovalle.com.co\/#\/schema\/person\/d4d8bcb299f88f97b06096cf6a21cb01","name":"Communications Comfenalco Valle delagente","image":{"@type":"ImageObject","inLanguage":"en-US","@id":"https:\/\/www.comfenalcovalle.com.co\/#\/schema\/person\/image\/","url":"https:\/\/secure.gravatar.com\/avatar\/d1c29eb639a137df0ac8bfec50479e8d6ef564f7320f439d9d984504359ea6ee?s=96&d=mm&r=g","contentUrl":"https:\/\/secure.gravatar.com\/avatar\/d1c29eb639a137df0ac8bfec50479e8d6ef564f7320f439d9d984504359ea6ee?s=96&d=mm&r=g","caption":"Comunicaciones Comfenalco Valle delagente"},"url":"https:\/\/test.comfenalcovalle.com.co\/en\/author\/comunicaciones-comfenalco-valle-delagente\/"}]}},"publishpress_future_action":{"enabled":false,"date":"2026-05-08 12:50:11","action":"change-status","newStatus":"draft","terms":[],"taxonomy":"category","extraData":[]},"publishpress_future_workflow_manual_trigger":{"enabledWorkflows":[]},"_links":{"self":[{"href":"https:\/\/test.comfenalcovalle.com.co\/en\/wp-json\/wp\/v2\/posts\/678383","targetHints":{"allow":["GET"]}}],"collection":[{"href":"https:\/\/test.comfenalcovalle.com.co\/en\/wp-json\/wp\/v2\/posts"}],"about":[{"href":"https:\/\/test.comfenalcovalle.com.co\/en\/wp-json\/wp\/v2\/types\/post"}],"author":[{"embeddable":true,"href":"https:\/\/test.comfenalcovalle.com.co\/en\/wp-json\/wp\/v2\/users\/6"}],"replies":[{"embeddable":true,"href":"https:\/\/test.comfenalcovalle.com.co\/en\/wp-json\/wp\/v2\/comments?post=678383"}],"version-history":[{"count":0,"href":"https:\/\/test.comfenalcovalle.com.co\/en\/wp-json\/wp\/v2\/posts\/678383\/revisions"}],"wp:featuredmedia":[{"embeddable":true,"href":"https:\/\/test.comfenalcovalle.com.co\/en\/wp-json\/wp\/v2\/media\/678384"}],"wp:attachment":[{"href":"https:\/\/test.comfenalcovalle.com.co\/en\/wp-json\/wp\/v2\/media?parent=678383"}],"wp:term":[{"taxonomy":"category","embeddable":true,"href":"https:\/\/test.comfenalcovalle.com.co\/en\/wp-json\/wp\/v2\/categories?post=678383"},{"taxonomy":"post_tag","embeddable":true,"href":"https:\/\/test.comfenalcovalle.com.co\/en\/wp-json\/wp\/v2\/tags?post=678383"}],"curies":[{"name":"wp","href":"https:\/\/api.w.org\/{rel}","templated":true}]}}