{"id":677398,"date":"2026-02-26T15:15:53","date_gmt":"2026-02-26T20:15:53","guid":{"rendered":"https:\/\/test.comfenalcovalle.com.co\/?p=677398"},"modified":"2026-02-27T09:50:59","modified_gmt":"2026-02-27T14:50:59","slug":"comfenalco-valle-delagente-impulsa-el-turismo-social-y-el-desarrollo-regional-en-la-vitrina-turistica-anato-2026","status":"publish","type":"post","link":"https:\/\/test.comfenalcovalle.com.co\/en\/comfenalco-valle-delagente-impulsa-el-turismo-social-y-el-desarrollo-regional-en-la-vitrina-turistica-anato-2026\/","title":{"rendered":"Comfenalco Valle Delagente impulsa el turismo social y el desarrollo regional en la Vitrina Tur\u00edstica ANATO 2026"},"content":{"rendered":"<p>Comfenalco Valle Delagente oficializa su participaci\u00f3n en la versi\u00f3n 45 de la Vitrina Tur\u00edstica ANATO, el evento m\u00e1s importante del sector tur\u00edstico en Colombia, que se desarrolla del 25 al 27 de febrero en Corferias, Bogot\u00e1.<\/p>\n\n\n\n<p>El objetivo central de la Caja de Compensaci\u00f3n Familiar en este encuentro es enviar un mensaje contundente sobre la importancia del trabajo conjunto para potenciar el turismo departamental, un sector clave que dinamiza la econom\u00eda, genera empleo y fortalece el desarrollo regional.<\/p>\n\n\n\n<p>Durante el evento, la Caja Delagente presenta su oferta de servicios de forma articulada con los entes territoriales. En el stand n\u00famero 214, <strong>en alianza con la Alcald\u00eda de Cali,<\/strong> los asistentes pueden conocer la infraestructura de los <strong>Delagente Hotels <\/strong>situados en Cali, Cartago y Buenaventura y la oferta de Turismo Social a trav\u00e9s del programa <strong>Paseos Delagente<\/strong>.<\/p>\n\n\n\n<ul class=\"wp-block-social-links aligncenter has-huge-icon-size is-style-default is-content-justification-space-between is-layout-flex wp-container-core-social-links-is-layout-3d213aab wp-block-social-links-is-layout-flex\"><li class=\"wp-social-link wp-social-link-linkedin  wp-block-social-link\"><a href=\"https:\/\/www.linkedin.com\/posts\/comfenalco-valle-delagente_presentes-en-anato-2026-por-el-progreso-activity-7432795358570725377-TStj?utm_source=share&#038;utm_medium=member_ios&#038;rcm=ACoAAELqnWkByPPe38nB7gUqIKUu5b6ZjOGhrJo\" class=\"wp-block-social-link-anchor\"><svg width=\"24\" height=\"24\" viewbox=\"0 0 24 24\" version=\"1.1\" xmlns=\"http:\/\/www.w3.org\/2000\/svg\" aria-hidden=\"true\" focusable=\"false\"><path d=\"M19.7,3H4.3C3.582,3,3,3.582,3,4.3v15.4C3,20.418,3.582,21,4.3,21h15.4c0.718,0,1.3-0.582,1.3-1.3V4.3 C21,3.582,20.418,3,19.7,3z M8.339,18.338H5.667v-8.59h2.672V18.338z M7.004,8.574c-0.857,0-1.549-0.694-1.549-1.548 c0-0.855,0.691-1.548,1.549-1.548c0.854,0,1.547,0.694,1.547,1.548C8.551,7.881,7.858,8.574,7.004,8.574z M18.339,18.338h-2.669 v-4.177c0-0.996-0.017-2.278-1.387-2.278c-1.389,0-1.601,1.086-1.601,2.206v4.249h-2.667v-8.59h2.559v1.174h0.037 c0.356-0.675,1.227-1.387,2.526-1.387c2.703,0,3.203,1.779,3.203,4.092V18.338z\"><\/path><\/svg><span class=\"wp-block-social-link-label screen-reader-text\">LinkedIn<\/span><\/a><\/li><\/ul>\n\n\n\n<p>Diana Patricia Cano, jefe de centros y programas de la Caja Delagente, inform\u00f3 que m\u00e1s de 259.000 afiliados lograron acceder a hoteles y centros recreacionales como Villasol en Cartago, Comfamar en La Bocana, Buenaventura y Yanaconas en Cali. Asimismo, la gesti\u00f3n comercial report\u00f3 17.900 reservas hoteleras y el acceso de m\u00e1s de 1.000 turistas a paquetes propios dise\u00f1ados por la Agencia de Viajes de Comfenalco Valle Delagente.<\/p>\n\n\n\n<p>De igual manera, a <strong>trav\u00e9s de la Gobernaci\u00f3n del Valle del Cauca,<\/strong> se promocionan en el pabell\u00f3n 3, <strong>los siete destinos que integran las Rutas Tur\u00edsticas \u00abVive el Valle\u00bb,<\/strong> un programa de turismo con identidad y enfoque comunitario.<\/p>\n\n\n\n<p>El programa \u00abRutas Tur\u00edsticas Vive el Valle\u00bb, en alianza con la empresa Enlaza Grupo Energ\u00eda Bogot\u00e1, busca conectar a visitantes nacionales e internacionales con la riqueza natural y gastron\u00f3mica de municipios como Cartago, Guacar\u00ed, Palmira, Ginebra, El Cerrito, Pradera y Zarzal. &nbsp;<\/p>\n\n\n\n<p>A la fecha, un total de 800 personas han participado en estas rutas en siete municipios del Valle del Cauca, disfrutando de experiencias \u00fanicas atendidas directamente por las comunidades para fortalecer la econom\u00eda local. Al respecto, Jakeline Vel\u00e1squez, coordinadora del proyecto, se\u00f1al\u00f3 que la Vitrina Tur\u00edstica ANATO representa una oportunidad estrat\u00e9gica para visibilizar este modelo de turismo comunitario ante el mundo.<\/p>\n\n\n\n<p>Esta edici\u00f3n de ANATO se consolida como una plataforma de alcance global, proyectando la participaci\u00f3n de 208 compradores internacionales de 35 pa\u00edses, entre los que destacan Estados Unidos, Brasil, M\u00e9xico y Espa\u00f1a. Con M\u00e9xico como pa\u00eds invitado de honor y C\u00f3rdoba como destino nacional.<\/p>\n\n\n\n<p>As\u00ed, Comfenalco Valle Delagente reafirma su compromiso de trabajar con los sectores p\u00fablico y privado para consolidar al Valle del Cauca como un destino tur\u00edstico altamente competitivo.<br><br><strong>Comfenalco Valle Delagente, Caja de Compensaci\u00f3n Familiar.<\/strong><\/p>","protected":false},"excerpt":{"rendered":"<p>La Caja Delagente oficializa su participaci\u00f3n en la versi\u00f3n 45 de la Vitrina Tur\u00edstica ANATO, el evento m\u00e1s importante del sector tur\u00edstico<\/p>","protected":false},"author":6,"featured_media":677402,"comment_status":"closed","ping_status":"closed","sticky":false,"template":"","format":"standard","meta":{"footnotes":""},"categories":[104],"tags":[],"class_list":["post-677398","post","type-post","status-publish","format-standard","has-post-thumbnail","hentry","category-turismo"],"yoast_head":"<!-- This site is optimized with the Yoast SEO Premium plugin v25.9 (Yoast SEO v25.9) - https:\/\/yoast.com\/wordpress\/plugins\/seo\/ -->\n<title>Comfenalco Valle Delagente impulsa el turismo social<\/title>\n<meta name=\"description\" content=\"La Caja Delagente oficializa su participaci\u00f3n en la versi\u00f3n 45 de la Vitrina Tur\u00edstica ANATO, el evento m\u00e1s importante del sector tur\u00edstico\" \/>\n<meta name=\"robots\" content=\"index, follow, max-snippet:-1, max-image-preview:large, max-video-preview:-1\" \/>\n<link rel=\"canonical\" href=\"https:\/\/www.comfenalcovalle.com.co\/comfenalco-valle-delagente-impulsa-el-turismo-social-y-el-desarrollo-regional-en-la-vitrina-turistica-anato-2026\/\" \/>\n<meta property=\"og:locale\" content=\"en_US\" \/>\n<meta property=\"og:type\" content=\"article\" \/>\n<meta property=\"og:title\" content=\"Comfenalco Valle Delagente impulsa el turismo social y el desarrollo regional en la Vitrina Tur\u00edstica ANATO 2026\" \/>\n<meta property=\"og:description\" content=\"La Caja Delagente oficializa su participaci\u00f3n en la versi\u00f3n 45 de la Vitrina Tur\u00edstica ANATO, el evento m\u00e1s importante del sector tur\u00edstico\" \/>\n<meta property=\"og:url\" content=\"https:\/\/www.comfenalcovalle.com.co\/comfenalco-valle-delagente-impulsa-el-turismo-social-y-el-desarrollo-regional-en-la-vitrina-turistica-anato-2026\/\" \/>\n<meta property=\"og:site_name\" content=\"Comfenalco Valle Delagente\" \/>\n<meta property=\"article:published_time\" content=\"2026-02-26T20:15:53+00:00\" \/>\n<meta property=\"article:modified_time\" content=\"2026-02-27T14:50:59+00:00\" \/>\n<meta property=\"og:image\" content=\"https:\/\/www.comfenalcovalle.com.co\/wp-content\/uploads\/2026\/02\/Comfenalco-Valle-Delagente-impulsa-el-turismo-social-y-el-desarrollo-regional-en-la-Vitrina-Turistica-ANATO-2026.jpeg\" \/>\n\t<meta property=\"og:image:width\" content=\"960\" \/>\n\t<meta property=\"og:image:height\" content=\"960\" \/>\n\t<meta property=\"og:image:type\" content=\"image\/jpeg\" \/>\n<meta name=\"author\" content=\"Comunicaciones Comfenalco Valle delagente\" \/>\n<meta name=\"twitter:card\" content=\"summary_large_image\" \/>\n<meta name=\"twitter:label1\" content=\"Written by\" \/>\n\t<meta name=\"twitter:data1\" content=\"Comunicaciones Comfenalco Valle delagente\" \/>\n\t<meta name=\"twitter:label2\" content=\"Est. reading time\" \/>\n\t<meta name=\"twitter:data2\" content=\"3 minutes\" \/>\n<script type=\"application\/ld+json\" class=\"yoast-schema-graph\">{\"@context\":\"https:\/\/schema.org\",\"@graph\":[{\"@type\":\"Article\",\"@id\":\"https:\/\/www.comfenalcovalle.com.co\/comfenalco-valle-delagente-impulsa-el-turismo-social-y-el-desarrollo-regional-en-la-vitrina-turistica-anato-2026\/#article\",\"isPartOf\":{\"@id\":\"https:\/\/www.comfenalcovalle.com.co\/comfenalco-valle-delagente-impulsa-el-turismo-social-y-el-desarrollo-regional-en-la-vitrina-turistica-anato-2026\/\"},\"author\":{\"name\":\"Comunicaciones Comfenalco Valle delagente\",\"@id\":\"https:\/\/www.comfenalcovalle.com.co\/#\/schema\/person\/d4d8bcb299f88f97b06096cf6a21cb01\"},\"headline\":\"Comfenalco Valle Delagente impulsa el turismo social y el desarrollo regional en la Vitrina Tur\u00edstica ANATO 2026\",\"datePublished\":\"2026-02-26T20:15:53+00:00\",\"dateModified\":\"2026-02-27T14:50:59+00:00\",\"mainEntityOfPage\":{\"@id\":\"https:\/\/www.comfenalcovalle.com.co\/comfenalco-valle-delagente-impulsa-el-turismo-social-y-el-desarrollo-regional-en-la-vitrina-turistica-anato-2026\/\"},\"wordCount\":465,\"publisher\":{\"@id\":\"https:\/\/www.comfenalcovalle.com.co\/#organization\"},\"image\":{\"@id\":\"https:\/\/www.comfenalcovalle.com.co\/comfenalco-valle-delagente-impulsa-el-turismo-social-y-el-desarrollo-regional-en-la-vitrina-turistica-anato-2026\/#primaryimage\"},\"thumbnailUrl\":\"https:\/\/test.comfenalcovalle.com.co\/wp-content\/uploads\/2026\/02\/Comfenalco-Valle-Delagente-impulsa-el-turismo-social-y-el-desarrollo-regional-en-la-Vitrina-Turistica-ANATO-2026.jpeg\",\"articleSection\":[\"Turismo\"],\"inLanguage\":\"en-US\"},{\"@type\":\"WebPage\",\"@id\":\"https:\/\/www.comfenalcovalle.com.co\/comfenalco-valle-delagente-impulsa-el-turismo-social-y-el-desarrollo-regional-en-la-vitrina-turistica-anato-2026\/\",\"url\":\"https:\/\/www.comfenalcovalle.com.co\/comfenalco-valle-delagente-impulsa-el-turismo-social-y-el-desarrollo-regional-en-la-vitrina-turistica-anato-2026\/\",\"name\":\"Comfenalco Valle Delagente impulsa el turismo social\",\"isPartOf\":{\"@id\":\"https:\/\/www.comfenalcovalle.com.co\/#website\"},\"primaryImageOfPage\":{\"@id\":\"https:\/\/www.comfenalcovalle.com.co\/comfenalco-valle-delagente-impulsa-el-turismo-social-y-el-desarrollo-regional-en-la-vitrina-turistica-anato-2026\/#primaryimage\"},\"image\":{\"@id\":\"https:\/\/www.comfenalcovalle.com.co\/comfenalco-valle-delagente-impulsa-el-turismo-social-y-el-desarrollo-regional-en-la-vitrina-turistica-anato-2026\/#primaryimage\"},\"thumbnailUrl\":\"https:\/\/test.comfenalcovalle.com.co\/wp-content\/uploads\/2026\/02\/Comfenalco-Valle-Delagente-impulsa-el-turismo-social-y-el-desarrollo-regional-en-la-Vitrina-Turistica-ANATO-2026.jpeg\",\"datePublished\":\"2026-02-26T20:15:53+00:00\",\"dateModified\":\"2026-02-27T14:50:59+00:00\",\"description\":\"La Caja Delagente oficializa su participaci\u00f3n en la versi\u00f3n 45 de la Vitrina Tur\u00edstica ANATO, el evento m\u00e1s importante del sector tur\u00edstico\",\"breadcrumb\":{\"@id\":\"https:\/\/www.comfenalcovalle.com.co\/comfenalco-valle-delagente-impulsa-el-turismo-social-y-el-desarrollo-regional-en-la-vitrina-turistica-anato-2026\/#breadcrumb\"},\"inLanguage\":\"en-US\",\"potentialAction\":[{\"@type\":\"ReadAction\",\"target\":[\"https:\/\/www.comfenalcovalle.com.co\/comfenalco-valle-delagente-impulsa-el-turismo-social-y-el-desarrollo-regional-en-la-vitrina-turistica-anato-2026\/\"]}]},{\"@type\":\"ImageObject\",\"inLanguage\":\"en-US\",\"@id\":\"https:\/\/www.comfenalcovalle.com.co\/comfenalco-valle-delagente-impulsa-el-turismo-social-y-el-desarrollo-regional-en-la-vitrina-turistica-anato-2026\/#primaryimage\",\"url\":\"https:\/\/test.comfenalcovalle.com.co\/wp-content\/uploads\/2026\/02\/Comfenalco-Valle-Delagente-impulsa-el-turismo-social-y-el-desarrollo-regional-en-la-Vitrina-Turistica-ANATO-2026.jpeg\",\"contentUrl\":\"https:\/\/test.comfenalcovalle.com.co\/wp-content\/uploads\/2026\/02\/Comfenalco-Valle-Delagente-impulsa-el-turismo-social-y-el-desarrollo-regional-en-la-Vitrina-Turistica-ANATO-2026.jpeg\",\"width\":960,\"height\":960,\"caption\":\"Comfenalco Valle Delagente impulsa el turismo social y el desarrollo regional en la Vitrina Tur\u00edstica ANATO 2026\"},{\"@type\":\"BreadcrumbList\",\"@id\":\"https:\/\/www.comfenalcovalle.com.co\/comfenalco-valle-delagente-impulsa-el-turismo-social-y-el-desarrollo-regional-en-la-vitrina-turistica-anato-2026\/#breadcrumb\",\"itemListElement\":[{\"@type\":\"ListItem\",\"position\":1,\"name\":\"Portada\",\"item\":\"https:\/\/www.comfenalcovalle.com.co\/\"},{\"@type\":\"ListItem\",\"position\":2,\"name\":\"Comfenalco Valle Delagente impulsa el turismo social y el desarrollo regional en la Vitrina Tur\u00edstica ANATO 2026\"}]},{\"@type\":\"WebSite\",\"@id\":\"https:\/\/www.comfenalcovalle.com.co\/#website\",\"url\":\"https:\/\/www.comfenalcovalle.com.co\/\",\"name\":\"Comfenalco Valle Delagente\",\"description\":\"Caja de compensaci\u00f3n de Comfenalco Valle Delagente.\",\"publisher\":{\"@id\":\"https:\/\/www.comfenalcovalle.com.co\/#organization\"},\"potentialAction\":[{\"@type\":\"SearchAction\",\"target\":{\"@type\":\"EntryPoint\",\"urlTemplate\":\"https:\/\/www.comfenalcovalle.com.co\/?s={search_term_string}\"},\"query-input\":{\"@type\":\"PropertyValueSpecification\",\"valueRequired\":true,\"valueName\":\"search_term_string\"}}],\"inLanguage\":\"en-US\"},{\"@type\":\"Organization\",\"@id\":\"https:\/\/www.comfenalcovalle.com.co\/#organization\",\"name\":\"Comfenalco Valle Delagente\",\"url\":\"https:\/\/www.comfenalcovalle.com.co\/\",\"logo\":{\"@type\":\"ImageObject\",\"inLanguage\":\"en-US\",\"@id\":\"https:\/\/www.comfenalcovalle.com.co\/#\/schema\/logo\/image\/\",\"url\":\"https:\/\/test.comfenalcovalle.com.co\/wp-content\/uploads\/2021\/06\/logo-comfe-cabecera-agencia-empelo-actualizado.png\",\"contentUrl\":\"https:\/\/test.comfenalcovalle.com.co\/wp-content\/uploads\/2021\/06\/logo-comfe-cabecera-agencia-empelo-actualizado.png\",\"width\":500,\"height\":184,\"caption\":\"Comfenalco Valle Delagente\"},\"image\":{\"@id\":\"https:\/\/www.comfenalcovalle.com.co\/#\/schema\/logo\/image\/\"}},{\"@type\":\"Person\",\"@id\":\"https:\/\/www.comfenalcovalle.com.co\/#\/schema\/person\/d4d8bcb299f88f97b06096cf6a21cb01\",\"name\":\"Comunicaciones Comfenalco Valle delagente\",\"image\":{\"@type\":\"ImageObject\",\"inLanguage\":\"en-US\",\"@id\":\"https:\/\/www.comfenalcovalle.com.co\/#\/schema\/person\/image\/\",\"url\":\"https:\/\/secure.gravatar.com\/avatar\/d1c29eb639a137df0ac8bfec50479e8d6ef564f7320f439d9d984504359ea6ee?s=96&d=mm&r=g\",\"contentUrl\":\"https:\/\/secure.gravatar.com\/avatar\/d1c29eb639a137df0ac8bfec50479e8d6ef564f7320f439d9d984504359ea6ee?s=96&d=mm&r=g\",\"caption\":\"Comunicaciones Comfenalco Valle delagente\"},\"url\":\"https:\/\/test.comfenalcovalle.com.co\/en\/author\/comunicaciones-comfenalco-valle-delagente\/\"}]}<\/script>\n<!-- \/ Yoast SEO Premium plugin. -->","yoast_head_json":{"title":"Comfenalco Valle Delagente impulsa el turismo social","description":"La Caja Delagente oficializa su participaci\u00f3n en la versi\u00f3n 45 de la Vitrina Tur\u00edstica ANATO, el evento m\u00e1s importante del sector tur\u00edstico","robots":{"index":"index","follow":"follow","max-snippet":"max-snippet:-1","max-image-preview":"max-image-preview:large","max-video-preview":"max-video-preview:-1"},"canonical":"https:\/\/www.comfenalcovalle.com.co\/comfenalco-valle-delagente-impulsa-el-turismo-social-y-el-desarrollo-regional-en-la-vitrina-turistica-anato-2026\/","og_locale":"en_US","og_type":"article","og_title":"Comfenalco Valle Delagente impulsa el turismo social y el desarrollo regional en la Vitrina Tur\u00edstica ANATO 2026","og_description":"La Caja Delagente oficializa su participaci\u00f3n en la versi\u00f3n 45 de la Vitrina Tur\u00edstica ANATO, el evento m\u00e1s importante del sector tur\u00edstico","og_url":"https:\/\/www.comfenalcovalle.com.co\/comfenalco-valle-delagente-impulsa-el-turismo-social-y-el-desarrollo-regional-en-la-vitrina-turistica-anato-2026\/","og_site_name":"Comfenalco Valle Delagente","article_published_time":"2026-02-26T20:15:53+00:00","article_modified_time":"2026-02-27T14:50:59+00:00","og_image":[{"width":960,"height":960,"url":"https:\/\/www.comfenalcovalle.com.co\/wp-content\/uploads\/2026\/02\/Comfenalco-Valle-Delagente-impulsa-el-turismo-social-y-el-desarrollo-regional-en-la-Vitrina-Turistica-ANATO-2026.jpeg","type":"image\/jpeg"}],"author":"Comunicaciones Comfenalco Valle delagente","twitter_card":"summary_large_image","twitter_misc":{"Written by":"Comunicaciones Comfenalco Valle delagente","Est. reading time":"3 minutes"},"schema":{"@context":"https:\/\/schema.org","@graph":[{"@type":"Article","@id":"https:\/\/www.comfenalcovalle.com.co\/comfenalco-valle-delagente-impulsa-el-turismo-social-y-el-desarrollo-regional-en-la-vitrina-turistica-anato-2026\/#article","isPartOf":{"@id":"https:\/\/www.comfenalcovalle.com.co\/comfenalco-valle-delagente-impulsa-el-turismo-social-y-el-desarrollo-regional-en-la-vitrina-turistica-anato-2026\/"},"author":{"name":"Comunicaciones Comfenalco Valle delagente","@id":"https:\/\/www.comfenalcovalle.com.co\/#\/schema\/person\/d4d8bcb299f88f97b06096cf6a21cb01"},"headline":"Comfenalco Valle Delagente impulsa el turismo social y el desarrollo regional en la Vitrina Tur\u00edstica ANATO 2026","datePublished":"2026-02-26T20:15:53+00:00","dateModified":"2026-02-27T14:50:59+00:00","mainEntityOfPage":{"@id":"https:\/\/www.comfenalcovalle.com.co\/comfenalco-valle-delagente-impulsa-el-turismo-social-y-el-desarrollo-regional-en-la-vitrina-turistica-anato-2026\/"},"wordCount":465,"publisher":{"@id":"https:\/\/www.comfenalcovalle.com.co\/#organization"},"image":{"@id":"https:\/\/www.comfenalcovalle.com.co\/comfenalco-valle-delagente-impulsa-el-turismo-social-y-el-desarrollo-regional-en-la-vitrina-turistica-anato-2026\/#primaryimage"},"thumbnailUrl":"https:\/\/test.comfenalcovalle.com.co\/wp-content\/uploads\/2026\/02\/Comfenalco-Valle-Delagente-impulsa-el-turismo-social-y-el-desarrollo-regional-en-la-Vitrina-Turistica-ANATO-2026.jpeg","articleSection":["Turismo"],"inLanguage":"en-US"},{"@type":"WebPage","@id":"https:\/\/www.comfenalcovalle.com.co\/comfenalco-valle-delagente-impulsa-el-turismo-social-y-el-desarrollo-regional-en-la-vitrina-turistica-anato-2026\/","url":"https:\/\/www.comfenalcovalle.com.co\/comfenalco-valle-delagente-impulsa-el-turismo-social-y-el-desarrollo-regional-en-la-vitrina-turistica-anato-2026\/","name":"Comfenalco Valle Delagente impulsa el turismo social","isPartOf":{"@id":"https:\/\/www.comfenalcovalle.com.co\/#website"},"primaryImageOfPage":{"@id":"https:\/\/www.comfenalcovalle.com.co\/comfenalco-valle-delagente-impulsa-el-turismo-social-y-el-desarrollo-regional-en-la-vitrina-turistica-anato-2026\/#primaryimage"},"image":{"@id":"https:\/\/www.comfenalcovalle.com.co\/comfenalco-valle-delagente-impulsa-el-turismo-social-y-el-desarrollo-regional-en-la-vitrina-turistica-anato-2026\/#primaryimage"},"thumbnailUrl":"https:\/\/test.comfenalcovalle.com.co\/wp-content\/uploads\/2026\/02\/Comfenalco-Valle-Delagente-impulsa-el-turismo-social-y-el-desarrollo-regional-en-la-Vitrina-Turistica-ANATO-2026.jpeg","datePublished":"2026-02-26T20:15:53+00:00","dateModified":"2026-02-27T14:50:59+00:00","description":"La Caja Delagente oficializa su participaci\u00f3n en la versi\u00f3n 45 de la Vitrina Tur\u00edstica ANATO, el evento m\u00e1s importante del sector tur\u00edstico","breadcrumb":{"@id":"https:\/\/www.comfenalcovalle.com.co\/comfenalco-valle-delagente-impulsa-el-turismo-social-y-el-desarrollo-regional-en-la-vitrina-turistica-anato-2026\/#breadcrumb"},"inLanguage":"en-US","potentialAction":[{"@type":"ReadAction","target":["https:\/\/www.comfenalcovalle.com.co\/comfenalco-valle-delagente-impulsa-el-turismo-social-y-el-desarrollo-regional-en-la-vitrina-turistica-anato-2026\/"]}]},{"@type":"ImageObject","inLanguage":"en-US","@id":"https:\/\/www.comfenalcovalle.com.co\/comfenalco-valle-delagente-impulsa-el-turismo-social-y-el-desarrollo-regional-en-la-vitrina-turistica-anato-2026\/#primaryimage","url":"https:\/\/test.comfenalcovalle.com.co\/wp-content\/uploads\/2026\/02\/Comfenalco-Valle-Delagente-impulsa-el-turismo-social-y-el-desarrollo-regional-en-la-Vitrina-Turistica-ANATO-2026.jpeg","contentUrl":"https:\/\/test.comfenalcovalle.com.co\/wp-content\/uploads\/2026\/02\/Comfenalco-Valle-Delagente-impulsa-el-turismo-social-y-el-desarrollo-regional-en-la-Vitrina-Turistica-ANATO-2026.jpeg","width":960,"height":960,"caption":"Comfenalco Valle Delagente impulsa el turismo social y el desarrollo regional en la Vitrina Tur\u00edstica ANATO 2026"},{"@type":"BreadcrumbList","@id":"https:\/\/www.comfenalcovalle.com.co\/comfenalco-valle-delagente-impulsa-el-turismo-social-y-el-desarrollo-regional-en-la-vitrina-turistica-anato-2026\/#breadcrumb","itemListElement":[{"@type":"ListItem","position":1,"name":"Portada","item":"https:\/\/www.comfenalcovalle.com.co\/"},{"@type":"ListItem","position":2,"name":"Comfenalco Valle Delagente impulsa el turismo social y el desarrollo regional en la Vitrina Tur\u00edstica ANATO 2026"}]},{"@type":"WebSite","@id":"https:\/\/www.comfenalcovalle.com.co\/#website","url":"https:\/\/www.comfenalcovalle.com.co\/","name":"Comfenalco Valle Delagente","description":"Comfenalco Valle Delagente compensation fund.","publisher":{"@id":"https:\/\/www.comfenalcovalle.com.co\/#organization"},"potentialAction":[{"@type":"SearchAction","target":{"@type":"EntryPoint","urlTemplate":"https:\/\/www.comfenalcovalle.com.co\/?s={search_term_string}"},"query-input":{"@type":"PropertyValueSpecification","valueRequired":true,"valueName":"search_term_string"}}],"inLanguage":"en-US"},{"@type":"Organization","@id":"https:\/\/www.comfenalcovalle.com.co\/#organization","name":"Comfenalco Valle Delagente","url":"https:\/\/www.comfenalcovalle.com.co\/","logo":{"@type":"ImageObject","inLanguage":"en-US","@id":"https:\/\/www.comfenalcovalle.com.co\/#\/schema\/logo\/image\/","url":"https:\/\/test.comfenalcovalle.com.co\/wp-content\/uploads\/2021\/06\/logo-comfe-cabecera-agencia-empelo-actualizado.png","contentUrl":"https:\/\/test.comfenalcovalle.com.co\/wp-content\/uploads\/2021\/06\/logo-comfe-cabecera-agencia-empelo-actualizado.png","width":500,"height":184,"caption":"Comfenalco Valle Delagente"},"image":{"@id":"https:\/\/www.comfenalcovalle.com.co\/#\/schema\/logo\/image\/"}},{"@type":"Person","@id":"https:\/\/www.comfenalcovalle.com.co\/#\/schema\/person\/d4d8bcb299f88f97b06096cf6a21cb01","name":"Communications Comfenalco Valle delagente","image":{"@type":"ImageObject","inLanguage":"en-US","@id":"https:\/\/www.comfenalcovalle.com.co\/#\/schema\/person\/image\/","url":"https:\/\/secure.gravatar.com\/avatar\/d1c29eb639a137df0ac8bfec50479e8d6ef564f7320f439d9d984504359ea6ee?s=96&d=mm&r=g","contentUrl":"https:\/\/secure.gravatar.com\/avatar\/d1c29eb639a137df0ac8bfec50479e8d6ef564f7320f439d9d984504359ea6ee?s=96&d=mm&r=g","caption":"Comunicaciones Comfenalco Valle delagente"},"url":"https:\/\/test.comfenalcovalle.com.co\/en\/author\/comunicaciones-comfenalco-valle-delagente\/"}]}},"publishpress_future_action":{"enabled":false,"date":"2026-05-10 08:13:03","action":"change-status","newStatus":"draft","terms":[],"taxonomy":"category","extraData":[]},"publishpress_future_workflow_manual_trigger":{"enabledWorkflows":[]},"_links":{"self":[{"href":"https:\/\/test.comfenalcovalle.com.co\/en\/wp-json\/wp\/v2\/posts\/677398","targetHints":{"allow":["GET"]}}],"collection":[{"href":"https:\/\/test.comfenalcovalle.com.co\/en\/wp-json\/wp\/v2\/posts"}],"about":[{"href":"https:\/\/test.comfenalcovalle.com.co\/en\/wp-json\/wp\/v2\/types\/post"}],"author":[{"embeddable":true,"href":"https:\/\/test.comfenalcovalle.com.co\/en\/wp-json\/wp\/v2\/users\/6"}],"replies":[{"embeddable":true,"href":"https:\/\/test.comfenalcovalle.com.co\/en\/wp-json\/wp\/v2\/comments?post=677398"}],"version-history":[{"count":0,"href":"https:\/\/test.comfenalcovalle.com.co\/en\/wp-json\/wp\/v2\/posts\/677398\/revisions"}],"wp:featuredmedia":[{"embeddable":true,"href":"https:\/\/test.comfenalcovalle.com.co\/en\/wp-json\/wp\/v2\/media\/677402"}],"wp:attachment":[{"href":"https:\/\/test.comfenalcovalle.com.co\/en\/wp-json\/wp\/v2\/media?parent=677398"}],"wp:term":[{"taxonomy":"category","embeddable":true,"href":"https:\/\/test.comfenalcovalle.com.co\/en\/wp-json\/wp\/v2\/categories?post=677398"},{"taxonomy":"post_tag","embeddable":true,"href":"https:\/\/test.comfenalcovalle.com.co\/en\/wp-json\/wp\/v2\/tags?post=677398"}],"curies":[{"name":"wp","href":"https:\/\/api.w.org\/{rel}","templated":true}]}}