{"id":676652,"date":"2026-02-19T12:10:25","date_gmt":"2026-02-19T17:10:25","guid":{"rendered":"https:\/\/test.comfenalcovalle.com.co\/?p=676652"},"modified":"2026-02-19T12:10:25","modified_gmt":"2026-02-19T17:10:25","slug":"74-empresas-vallecaucanas-fortalecen-su-estructura-gracias-a-mipymes-productivas-delagente","status":"publish","type":"post","link":"https:\/\/test.comfenalcovalle.com.co\/en\/74-empresas-vallecaucanas-fortalecen-su-estructura-gracias-a-mipymes-productivas-delagente\/","title":{"rendered":"74 empresas vallecaucanas fortalecen su estructura gracias a MiPymes Productivas Delagente"},"content":{"rendered":"<p>In it&nbsp;<strong>Cauca&#039;s Valley<\/strong>, donde las MiPymes sostienen el empleo, la innovaci\u00f3n y el crecimiento regional, fortalecerlas no es solo una apuesta econ\u00f3mica: es una apuesta por el futuro.<\/p>\n\n\n\n<p>Por eso,&nbsp;en 2026, <strong>Comfenalco Valle Delagente<\/strong>&nbsp;reafirma su compromiso con el tejido empresarial a trav\u00e9s de la tercera versi\u00f3n de MiPymes Productivas Delagente, un programa de fomento empresarial 100% subsidiado que brinda acompa\u00f1amiento especializado y consultor\u00eda de alto nivel a empresas afiliadas, sin costo para ellas.<\/p>\n\n\n\n<p>Entre 2024 y 2025, 53 empresas ya vivieron este proceso de transformaci\u00f3n. Hoy, el programa crece y ampl\u00eda su alcance: en 2026 ser\u00e1n 74 empresas las que fortalecer\u00e1n su estructura organizacional y su capacidad competitiva.<\/p>\n\n\n\n<p>El prop\u00f3sito es claro: incrementar la productividad impactando dos ejes decisivos para la sostenibilidad empresarial \u2014la estrategia de negocio y el talento humano mediante un acompa\u00f1amiento profundo y aplicado.<\/p>\n\n\n\n<p>\u201c<em>En 2026 realizaremos un diagn\u00f3stico profundo para validar qu\u00e9 herramientas y estrategias necesitan las empresas, desde el marketing digital hasta la estrategia corporativa, asegurando un impacto real\u201d explic\u00f3 Clara Eugenia Orozco, gerente de Empleabilidad y Emprendimiento.<\/em><\/p>\n\n\n\n<p>Las empresas seleccionadas vivir\u00e1n una experiencia inmersiva de entre tres y cuatro meses, organizada en etapas que combinan an\u00e1lisis, formaci\u00f3n y aplicaci\u00f3n pr\u00e1ctica:<\/p>\n\n\n\n<p>\u27a3 <strong>Diagn\u00f3stico y Plan de Trabajo<\/strong>: evaluaci\u00f3n integral y definici\u00f3n de la ruta personalizada de mejora junto a un consultor asignado.<\/p>\n\n\n\n<p>\u27a3 <strong>Formaci\u00f3n Estrat\u00e9gica<\/strong>: espacios colectivos sobre gesti\u00f3n del cambio, buenas pr\u00e1cticas y cultura organizacional.<\/p>\n\n\n\n<p>\u27a3 <strong>Acompa\u00f1amiento T\u00e9cnico<\/strong>: implementaci\u00f3n directa de mejoras en \u00e1reas cr\u00edticas como gesti\u00f3n comercial, procesos o log\u00edstica.<\/p>\n\n\n\n<p>\u27a3 <strong>Cierre y Aseguramiento<\/strong>: entrega de un Diagrama de Gantt que permitir\u00e1 a cada empresa continuar su proceso de fortalecimiento durante los meses siguientes.<\/p>\n\n\n\n<p>El programa impacta las \u00e1reas m\u00e1s sensibles de cada organizaci\u00f3n, brindando asistencia t\u00e9cnica para mejorar indicadores en:<\/p>\n\n\n\n<p>\u27a3 Gesti\u00f3n comercial y marketing.<br>\u27a3 Operaciones y log\u00edstica.<br>\u27a3 Talento humano y cultura organizacional.<br>\u27a3 Innovaci\u00f3n y transformaci\u00f3n digital.<br>\u27a3 Gesti\u00f3n financiera y planeaci\u00f3n estrat\u00e9gica.<\/p>\n\n\n\n<p>M\u00e1s que un programa de consultor\u00eda, MiPymes Productivas Delagente es una apuesta por la resiliencia empresarial, el crecimiento regional y la sostenibilidad econ\u00f3mica.<\/p>\n\n\n\n<p>Porque cuando una MiPyme se fortalece, no solo mejora una empresa: se fortalece toda la regi\u00f3n.<\/p>\n\n\n\n<p><strong>Comfenalco Valle Delagente<br>Family Compensation Fund of Valle del Cauca.<\/strong><\/p>","protected":false},"excerpt":{"rendered":"<p>En el&nbsp;Valle del Cauca, donde las MiPymes sostienen el empleo, la innovaci\u00f3n y el crecimiento regional, fortalecerlas no es solo una apuesta econ\u00f3mica: es una apuesta por el futuro. Por eso,&nbsp;en 2026, Comfenalco Valle Delagente&nbsp;reafirma su compromiso con el tejido empresarial a trav\u00e9s de la tercera versi\u00f3n de MiPymes Productivas Delagente, un programa de fomento [&hellip;]<\/p>","protected":false},"author":6,"featured_media":676654,"comment_status":"closed","ping_status":"closed","sticky":false,"template":"","format":"standard","meta":{"footnotes":""},"categories":[72],"tags":[],"class_list":["post-676652","post","type-post","status-publish","format-standard","has-post-thumbnail","hentry","category-corporativo"],"yoast_head":"<!-- This site is optimized with the Yoast SEO Premium plugin v25.9 (Yoast SEO v25.9) - https:\/\/yoast.com\/wordpress\/plugins\/seo\/ -->\n<title>74 empresas vallecaucanas fortalecen su estructura gracias a MiPymes Productivas Delagente - Comfenalco Valle Delagente<\/title>\n<meta name=\"description\" content=\"Comfenalco Valle Delagente reafirma su compromiso con el tejido empresarial a trav\u00e9s de la tercera versi\u00f3n de MiPymes Productivas Delagente,\" \/>\n<meta name=\"robots\" content=\"index, follow, max-snippet:-1, max-image-preview:large, max-video-preview:-1\" \/>\n<link rel=\"canonical\" href=\"https:\/\/www.comfenalcovalle.com.co\/74-empresas-vallecaucanas-fortalecen-su-estructura-gracias-a-mipymes-productivas-delagente\/\" \/>\n<meta property=\"og:locale\" content=\"en_US\" \/>\n<meta property=\"og:type\" content=\"article\" \/>\n<meta property=\"og:title\" content=\"74 empresas vallecaucanas fortalecen su estructura gracias a MiPymes Productivas Delagente\" \/>\n<meta property=\"og:description\" content=\"Comfenalco Valle Delagente reafirma su compromiso con el tejido empresarial a trav\u00e9s de la tercera versi\u00f3n de MiPymes Productivas Delagente,\" \/>\n<meta property=\"og:url\" content=\"https:\/\/www.comfenalcovalle.com.co\/74-empresas-vallecaucanas-fortalecen-su-estructura-gracias-a-mipymes-productivas-delagente\/\" \/>\n<meta property=\"og:site_name\" content=\"Comfenalco Valle Delagente\" \/>\n<meta property=\"article:published_time\" content=\"2026-02-19T17:10:25+00:00\" \/>\n<meta property=\"og:image\" content=\"https:\/\/www.comfenalcovalle.com.co\/wp-content\/uploads\/2026\/02\/MiPymes-Productivas-Delagente-1.jpg\" \/>\n\t<meta property=\"og:image:width\" content=\"1200\" \/>\n\t<meta property=\"og:image:height\" content=\"900\" \/>\n\t<meta property=\"og:image:type\" content=\"image\/jpeg\" \/>\n<meta name=\"author\" content=\"Comunicaciones Comfenalco Valle delagente\" \/>\n<meta name=\"twitter:card\" content=\"summary_large_image\" \/>\n<meta name=\"twitter:label1\" content=\"Written by\" \/>\n\t<meta name=\"twitter:data1\" content=\"Comunicaciones Comfenalco Valle delagente\" \/>\n\t<meta name=\"twitter:label2\" content=\"Est. reading time\" \/>\n\t<meta name=\"twitter:data2\" content=\"2 minutes\" \/>\n<script type=\"application\/ld+json\" class=\"yoast-schema-graph\">{\"@context\":\"https:\/\/schema.org\",\"@graph\":[{\"@type\":\"Article\",\"@id\":\"https:\/\/www.comfenalcovalle.com.co\/74-empresas-vallecaucanas-fortalecen-su-estructura-gracias-a-mipymes-productivas-delagente\/#article\",\"isPartOf\":{\"@id\":\"https:\/\/www.comfenalcovalle.com.co\/74-empresas-vallecaucanas-fortalecen-su-estructura-gracias-a-mipymes-productivas-delagente\/\"},\"author\":{\"name\":\"Comunicaciones Comfenalco Valle delagente\",\"@id\":\"https:\/\/www.comfenalcovalle.com.co\/#\/schema\/person\/d4d8bcb299f88f97b06096cf6a21cb01\"},\"headline\":\"74 empresas vallecaucanas fortalecen su estructura gracias a MiPymes Productivas Delagente\",\"datePublished\":\"2026-02-19T17:10:25+00:00\",\"mainEntityOfPage\":{\"@id\":\"https:\/\/www.comfenalcovalle.com.co\/74-empresas-vallecaucanas-fortalecen-su-estructura-gracias-a-mipymes-productivas-delagente\/\"},\"wordCount\":409,\"publisher\":{\"@id\":\"https:\/\/www.comfenalcovalle.com.co\/#organization\"},\"image\":{\"@id\":\"https:\/\/www.comfenalcovalle.com.co\/74-empresas-vallecaucanas-fortalecen-su-estructura-gracias-a-mipymes-productivas-delagente\/#primaryimage\"},\"thumbnailUrl\":\"https:\/\/test.comfenalcovalle.com.co\/wp-content\/uploads\/2026\/02\/MiPymes-Productivas-Delagente-1.jpg\",\"articleSection\":[\"Corporativo\"],\"inLanguage\":\"en-US\"},{\"@type\":\"WebPage\",\"@id\":\"https:\/\/www.comfenalcovalle.com.co\/74-empresas-vallecaucanas-fortalecen-su-estructura-gracias-a-mipymes-productivas-delagente\/\",\"url\":\"https:\/\/www.comfenalcovalle.com.co\/74-empresas-vallecaucanas-fortalecen-su-estructura-gracias-a-mipymes-productivas-delagente\/\",\"name\":\"74 empresas vallecaucanas fortalecen su estructura gracias a MiPymes Productivas Delagente - Comfenalco Valle Delagente\",\"isPartOf\":{\"@id\":\"https:\/\/www.comfenalcovalle.com.co\/#website\"},\"primaryImageOfPage\":{\"@id\":\"https:\/\/www.comfenalcovalle.com.co\/74-empresas-vallecaucanas-fortalecen-su-estructura-gracias-a-mipymes-productivas-delagente\/#primaryimage\"},\"image\":{\"@id\":\"https:\/\/www.comfenalcovalle.com.co\/74-empresas-vallecaucanas-fortalecen-su-estructura-gracias-a-mipymes-productivas-delagente\/#primaryimage\"},\"thumbnailUrl\":\"https:\/\/test.comfenalcovalle.com.co\/wp-content\/uploads\/2026\/02\/MiPymes-Productivas-Delagente-1.jpg\",\"datePublished\":\"2026-02-19T17:10:25+00:00\",\"description\":\"Comfenalco Valle Delagente reafirma su compromiso con el tejido empresarial a trav\u00e9s de la tercera versi\u00f3n de MiPymes Productivas Delagente,\",\"breadcrumb\":{\"@id\":\"https:\/\/www.comfenalcovalle.com.co\/74-empresas-vallecaucanas-fortalecen-su-estructura-gracias-a-mipymes-productivas-delagente\/#breadcrumb\"},\"inLanguage\":\"en-US\",\"potentialAction\":[{\"@type\":\"ReadAction\",\"target\":[\"https:\/\/www.comfenalcovalle.com.co\/74-empresas-vallecaucanas-fortalecen-su-estructura-gracias-a-mipymes-productivas-delagente\/\"]}]},{\"@type\":\"ImageObject\",\"inLanguage\":\"en-US\",\"@id\":\"https:\/\/www.comfenalcovalle.com.co\/74-empresas-vallecaucanas-fortalecen-su-estructura-gracias-a-mipymes-productivas-delagente\/#primaryimage\",\"url\":\"https:\/\/test.comfenalcovalle.com.co\/wp-content\/uploads\/2026\/02\/MiPymes-Productivas-Delagente-1.jpg\",\"contentUrl\":\"https:\/\/test.comfenalcovalle.com.co\/wp-content\/uploads\/2026\/02\/MiPymes-Productivas-Delagente-1.jpg\",\"width\":1200,\"height\":900,\"caption\":\"MiPymes Productivas Delagente\"},{\"@type\":\"BreadcrumbList\",\"@id\":\"https:\/\/www.comfenalcovalle.com.co\/74-empresas-vallecaucanas-fortalecen-su-estructura-gracias-a-mipymes-productivas-delagente\/#breadcrumb\",\"itemListElement\":[{\"@type\":\"ListItem\",\"position\":1,\"name\":\"Portada\",\"item\":\"https:\/\/www.comfenalcovalle.com.co\/\"},{\"@type\":\"ListItem\",\"position\":2,\"name\":\"74 empresas vallecaucanas fortalecen su estructura gracias a MiPymes Productivas Delagente\"}]},{\"@type\":\"WebSite\",\"@id\":\"https:\/\/www.comfenalcovalle.com.co\/#website\",\"url\":\"https:\/\/www.comfenalcovalle.com.co\/\",\"name\":\"Comfenalco Valle Delagente\",\"description\":\"Caja de compensaci\u00f3n de Comfenalco Valle Delagente.\",\"publisher\":{\"@id\":\"https:\/\/www.comfenalcovalle.com.co\/#organization\"},\"potentialAction\":[{\"@type\":\"SearchAction\",\"target\":{\"@type\":\"EntryPoint\",\"urlTemplate\":\"https:\/\/www.comfenalcovalle.com.co\/?s={search_term_string}\"},\"query-input\":{\"@type\":\"PropertyValueSpecification\",\"valueRequired\":true,\"valueName\":\"search_term_string\"}}],\"inLanguage\":\"en-US\"},{\"@type\":\"Organization\",\"@id\":\"https:\/\/www.comfenalcovalle.com.co\/#organization\",\"name\":\"Comfenalco Valle Delagente\",\"url\":\"https:\/\/www.comfenalcovalle.com.co\/\",\"logo\":{\"@type\":\"ImageObject\",\"inLanguage\":\"en-US\",\"@id\":\"https:\/\/www.comfenalcovalle.com.co\/#\/schema\/logo\/image\/\",\"url\":\"https:\/\/test.comfenalcovalle.com.co\/wp-content\/uploads\/2021\/06\/logo-comfe-cabecera-agencia-empelo-actualizado.png\",\"contentUrl\":\"https:\/\/test.comfenalcovalle.com.co\/wp-content\/uploads\/2021\/06\/logo-comfe-cabecera-agencia-empelo-actualizado.png\",\"width\":500,\"height\":184,\"caption\":\"Comfenalco Valle Delagente\"},\"image\":{\"@id\":\"https:\/\/www.comfenalcovalle.com.co\/#\/schema\/logo\/image\/\"}},{\"@type\":\"Person\",\"@id\":\"https:\/\/www.comfenalcovalle.com.co\/#\/schema\/person\/d4d8bcb299f88f97b06096cf6a21cb01\",\"name\":\"Comunicaciones Comfenalco Valle delagente\",\"image\":{\"@type\":\"ImageObject\",\"inLanguage\":\"en-US\",\"@id\":\"https:\/\/www.comfenalcovalle.com.co\/#\/schema\/person\/image\/\",\"url\":\"https:\/\/secure.gravatar.com\/avatar\/d1c29eb639a137df0ac8bfec50479e8d6ef564f7320f439d9d984504359ea6ee?s=96&d=mm&r=g\",\"contentUrl\":\"https:\/\/secure.gravatar.com\/avatar\/d1c29eb639a137df0ac8bfec50479e8d6ef564f7320f439d9d984504359ea6ee?s=96&d=mm&r=g\",\"caption\":\"Comunicaciones Comfenalco Valle delagente\"},\"url\":\"https:\/\/test.comfenalcovalle.com.co\/en\/author\/comunicaciones-comfenalco-valle-delagente\/\"}]}<\/script>\n<!-- \/ Yoast SEO Premium plugin. -->","yoast_head_json":{"title":"74 empresas vallecaucanas fortalecen su estructura gracias a MiPymes Productivas Delagente - Comfenalco Valle Delagente","description":"Comfenalco Valle Delagente reafirma su compromiso con el tejido empresarial a trav\u00e9s de la tercera versi\u00f3n de MiPymes Productivas Delagente,","robots":{"index":"index","follow":"follow","max-snippet":"max-snippet:-1","max-image-preview":"max-image-preview:large","max-video-preview":"max-video-preview:-1"},"canonical":"https:\/\/www.comfenalcovalle.com.co\/74-empresas-vallecaucanas-fortalecen-su-estructura-gracias-a-mipymes-productivas-delagente\/","og_locale":"en_US","og_type":"article","og_title":"74 empresas vallecaucanas fortalecen su estructura gracias a MiPymes Productivas Delagente","og_description":"Comfenalco Valle Delagente reafirma su compromiso con el tejido empresarial a trav\u00e9s de la tercera versi\u00f3n de MiPymes Productivas Delagente,","og_url":"https:\/\/www.comfenalcovalle.com.co\/74-empresas-vallecaucanas-fortalecen-su-estructura-gracias-a-mipymes-productivas-delagente\/","og_site_name":"Comfenalco Valle Delagente","article_published_time":"2026-02-19T17:10:25+00:00","og_image":[{"width":1200,"height":900,"url":"https:\/\/www.comfenalcovalle.com.co\/wp-content\/uploads\/2026\/02\/MiPymes-Productivas-Delagente-1.jpg","type":"image\/jpeg"}],"author":"Comunicaciones Comfenalco Valle delagente","twitter_card":"summary_large_image","twitter_misc":{"Written by":"Comunicaciones Comfenalco Valle delagente","Est. reading time":"2 minutes"},"schema":{"@context":"https:\/\/schema.org","@graph":[{"@type":"Article","@id":"https:\/\/www.comfenalcovalle.com.co\/74-empresas-vallecaucanas-fortalecen-su-estructura-gracias-a-mipymes-productivas-delagente\/#article","isPartOf":{"@id":"https:\/\/www.comfenalcovalle.com.co\/74-empresas-vallecaucanas-fortalecen-su-estructura-gracias-a-mipymes-productivas-delagente\/"},"author":{"name":"Comunicaciones Comfenalco Valle delagente","@id":"https:\/\/www.comfenalcovalle.com.co\/#\/schema\/person\/d4d8bcb299f88f97b06096cf6a21cb01"},"headline":"74 empresas vallecaucanas fortalecen su estructura gracias a MiPymes Productivas Delagente","datePublished":"2026-02-19T17:10:25+00:00","mainEntityOfPage":{"@id":"https:\/\/www.comfenalcovalle.com.co\/74-empresas-vallecaucanas-fortalecen-su-estructura-gracias-a-mipymes-productivas-delagente\/"},"wordCount":409,"publisher":{"@id":"https:\/\/www.comfenalcovalle.com.co\/#organization"},"image":{"@id":"https:\/\/www.comfenalcovalle.com.co\/74-empresas-vallecaucanas-fortalecen-su-estructura-gracias-a-mipymes-productivas-delagente\/#primaryimage"},"thumbnailUrl":"https:\/\/test.comfenalcovalle.com.co\/wp-content\/uploads\/2026\/02\/MiPymes-Productivas-Delagente-1.jpg","articleSection":["Corporativo"],"inLanguage":"en-US"},{"@type":"WebPage","@id":"https:\/\/www.comfenalcovalle.com.co\/74-empresas-vallecaucanas-fortalecen-su-estructura-gracias-a-mipymes-productivas-delagente\/","url":"https:\/\/www.comfenalcovalle.com.co\/74-empresas-vallecaucanas-fortalecen-su-estructura-gracias-a-mipymes-productivas-delagente\/","name":"74 empresas vallecaucanas fortalecen su estructura gracias a MiPymes Productivas Delagente - Comfenalco Valle Delagente","isPartOf":{"@id":"https:\/\/www.comfenalcovalle.com.co\/#website"},"primaryImageOfPage":{"@id":"https:\/\/www.comfenalcovalle.com.co\/74-empresas-vallecaucanas-fortalecen-su-estructura-gracias-a-mipymes-productivas-delagente\/#primaryimage"},"image":{"@id":"https:\/\/www.comfenalcovalle.com.co\/74-empresas-vallecaucanas-fortalecen-su-estructura-gracias-a-mipymes-productivas-delagente\/#primaryimage"},"thumbnailUrl":"https:\/\/test.comfenalcovalle.com.co\/wp-content\/uploads\/2026\/02\/MiPymes-Productivas-Delagente-1.jpg","datePublished":"2026-02-19T17:10:25+00:00","description":"Comfenalco Valle Delagente reafirma su compromiso con el tejido empresarial a trav\u00e9s de la tercera versi\u00f3n de MiPymes Productivas Delagente,","breadcrumb":{"@id":"https:\/\/www.comfenalcovalle.com.co\/74-empresas-vallecaucanas-fortalecen-su-estructura-gracias-a-mipymes-productivas-delagente\/#breadcrumb"},"inLanguage":"en-US","potentialAction":[{"@type":"ReadAction","target":["https:\/\/www.comfenalcovalle.com.co\/74-empresas-vallecaucanas-fortalecen-su-estructura-gracias-a-mipymes-productivas-delagente\/"]}]},{"@type":"ImageObject","inLanguage":"en-US","@id":"https:\/\/www.comfenalcovalle.com.co\/74-empresas-vallecaucanas-fortalecen-su-estructura-gracias-a-mipymes-productivas-delagente\/#primaryimage","url":"https:\/\/test.comfenalcovalle.com.co\/wp-content\/uploads\/2026\/02\/MiPymes-Productivas-Delagente-1.jpg","contentUrl":"https:\/\/test.comfenalcovalle.com.co\/wp-content\/uploads\/2026\/02\/MiPymes-Productivas-Delagente-1.jpg","width":1200,"height":900,"caption":"MiPymes Productivas Delagente"},{"@type":"BreadcrumbList","@id":"https:\/\/www.comfenalcovalle.com.co\/74-empresas-vallecaucanas-fortalecen-su-estructura-gracias-a-mipymes-productivas-delagente\/#breadcrumb","itemListElement":[{"@type":"ListItem","position":1,"name":"Portada","item":"https:\/\/www.comfenalcovalle.com.co\/"},{"@type":"ListItem","position":2,"name":"74 empresas vallecaucanas fortalecen su estructura gracias a MiPymes Productivas Delagente"}]},{"@type":"WebSite","@id":"https:\/\/www.comfenalcovalle.com.co\/#website","url":"https:\/\/www.comfenalcovalle.com.co\/","name":"Comfenalco Valle Delagente","description":"Comfenalco Valle Delagente compensation fund.","publisher":{"@id":"https:\/\/www.comfenalcovalle.com.co\/#organization"},"potentialAction":[{"@type":"SearchAction","target":{"@type":"EntryPoint","urlTemplate":"https:\/\/www.comfenalcovalle.com.co\/?s={search_term_string}"},"query-input":{"@type":"PropertyValueSpecification","valueRequired":true,"valueName":"search_term_string"}}],"inLanguage":"en-US"},{"@type":"Organization","@id":"https:\/\/www.comfenalcovalle.com.co\/#organization","name":"Comfenalco Valle Delagente","url":"https:\/\/www.comfenalcovalle.com.co\/","logo":{"@type":"ImageObject","inLanguage":"en-US","@id":"https:\/\/www.comfenalcovalle.com.co\/#\/schema\/logo\/image\/","url":"https:\/\/test.comfenalcovalle.com.co\/wp-content\/uploads\/2021\/06\/logo-comfe-cabecera-agencia-empelo-actualizado.png","contentUrl":"https:\/\/test.comfenalcovalle.com.co\/wp-content\/uploads\/2021\/06\/logo-comfe-cabecera-agencia-empelo-actualizado.png","width":500,"height":184,"caption":"Comfenalco Valle Delagente"},"image":{"@id":"https:\/\/www.comfenalcovalle.com.co\/#\/schema\/logo\/image\/"}},{"@type":"Person","@id":"https:\/\/www.comfenalcovalle.com.co\/#\/schema\/person\/d4d8bcb299f88f97b06096cf6a21cb01","name":"Communications Comfenalco Valle delagente","image":{"@type":"ImageObject","inLanguage":"en-US","@id":"https:\/\/www.comfenalcovalle.com.co\/#\/schema\/person\/image\/","url":"https:\/\/secure.gravatar.com\/avatar\/d1c29eb639a137df0ac8bfec50479e8d6ef564f7320f439d9d984504359ea6ee?s=96&d=mm&r=g","contentUrl":"https:\/\/secure.gravatar.com\/avatar\/d1c29eb639a137df0ac8bfec50479e8d6ef564f7320f439d9d984504359ea6ee?s=96&d=mm&r=g","caption":"Comunicaciones Comfenalco Valle delagente"},"url":"https:\/\/test.comfenalcovalle.com.co\/en\/author\/comunicaciones-comfenalco-valle-delagente\/"}]}},"publishpress_future_action":{"enabled":false,"date":"2026-05-10 11:09:38","action":"change-status","newStatus":"draft","terms":[],"taxonomy":"category","extraData":[]},"publishpress_future_workflow_manual_trigger":{"enabledWorkflows":[]},"_links":{"self":[{"href":"https:\/\/test.comfenalcovalle.com.co\/en\/wp-json\/wp\/v2\/posts\/676652","targetHints":{"allow":["GET"]}}],"collection":[{"href":"https:\/\/test.comfenalcovalle.com.co\/en\/wp-json\/wp\/v2\/posts"}],"about":[{"href":"https:\/\/test.comfenalcovalle.com.co\/en\/wp-json\/wp\/v2\/types\/post"}],"author":[{"embeddable":true,"href":"https:\/\/test.comfenalcovalle.com.co\/en\/wp-json\/wp\/v2\/users\/6"}],"replies":[{"embeddable":true,"href":"https:\/\/test.comfenalcovalle.com.co\/en\/wp-json\/wp\/v2\/comments?post=676652"}],"version-history":[{"count":0,"href":"https:\/\/test.comfenalcovalle.com.co\/en\/wp-json\/wp\/v2\/posts\/676652\/revisions"}],"wp:featuredmedia":[{"embeddable":true,"href":"https:\/\/test.comfenalcovalle.com.co\/en\/wp-json\/wp\/v2\/media\/676654"}],"wp:attachment":[{"href":"https:\/\/test.comfenalcovalle.com.co\/en\/wp-json\/wp\/v2\/media?parent=676652"}],"wp:term":[{"taxonomy":"category","embeddable":true,"href":"https:\/\/test.comfenalcovalle.com.co\/en\/wp-json\/wp\/v2\/categories?post=676652"},{"taxonomy":"post_tag","embeddable":true,"href":"https:\/\/test.comfenalcovalle.com.co\/en\/wp-json\/wp\/v2\/tags?post=676652"}],"curies":[{"name":"wp","href":"https:\/\/api.w.org\/{rel}","templated":true}]}}