{"id":676088,"date":"2026-02-12T15:01:56","date_gmt":"2026-02-12T20:01:56","guid":{"rendered":"https:\/\/test.comfenalcovalle.com.co\/?p=676088"},"modified":"2026-02-12T15:01:56","modified_gmt":"2026-02-12T20:01:56","slug":"no-pierdas-tu-subsidio-educativo-redime-hoy-tu-kit-escolar","status":"publish","type":"post","link":"https:\/\/test.comfenalcovalle.com.co\/en\/no-pierdas-tu-subsidio-educativo-redime-hoy-tu-kit-escolar\/","title":{"rendered":"\u00a1No pierdas tu Subsidio Educativo! Redime hoy tu Kit Escolar"},"content":{"rendered":"<div data-elementor-type=\"wp-post\" data-elementor-id=\"676088\" class=\"elementor elementor-676088\" data-elementor-post-type=\"post\">\n\t\t\t\t<div class=\"elementor-element elementor-element-b98b4ac e-flex e-con-boxed e-con e-parent\" data-id=\"b98b4ac\" data-element_type=\"container\">\n\t\t\t\t\t<div class=\"e-con-inner\">\n\t\t\t\t<div class=\"elementor-element elementor-element-8413c05 elementor-widget elementor-widget-text-editor\" data-id=\"8413c05\" data-element_type=\"widget\" data-widget_type=\"text-editor.default\">\n\t\t\t\t<div class=\"elementor-widget-container\">\n\t\t\t\t\t\t\t\t\t<p>Sabemos que el bienestar de tu familia es lo m\u00e1s importante. Por eso, el subsidio Kit Escolar de Comfenalco Valle Delagente es tu mejor aliado para aliviar los gastos educativos.<\/p><p>Queremos recordarte la importancia de utilizar tu saldo a tiempo para que aproveches este beneficio dise\u00f1ado para los \u00fatiles, uniformes y loncheras de tus hijos.<\/p><p><strong>\u00bfQu\u00e9 es el Kit Escolar?<\/strong><\/p><p>Es un subsidio educativo dirigido a trabajadores con hijos entre los 5 y 17 a\u00f1os que: Reciben subsidio monetario. Cursan educaci\u00f3n b\u00e1sica (primaria) o media (secundaria hasta grado 11).<\/p><p><strong>Important:<\/strong> Este subsidio es para redenci\u00f3n en productos y no es canjeable por dinero en efectivo.<\/p><p><strong>\u00a1Atenci\u00f3n al calendario! Fechas l\u00edmite <\/strong><\/p><p style=\"padding-left: 40px;\">\u27a3 Si recibiste tu Kit Escolar en 2025, la fecha l\u00edmite de redenci\u00f3n es el 30 de junio de 2026.<\/p><p style=\"padding-left: 40px;\">\u27a3 Si tienes saldos de Kit Escolar adjudicado en 2023, podr\u00e1s utilizarlos hasta el 31 de diciembre de 2026.<\/p><p>\u00a1No dejes pasar el tiempo y aprovecha tu saldo!<\/p><p>Evita la prescripci\u00f3n: Despu\u00e9s de esta fecha no podr\u00e1s usar tu saldo.<\/p><p><strong>\u00bfC\u00f3mo redimirlo?<\/strong><\/p><p style=\"padding-left: 40px;\">\u27a3 La redenci\u00f3n se realiza de forma digital y segura mediante la aplicaci\u00f3n oficial. Descarga la App: Busca \u00ab<strong>Comfenalco Valle Delagente Kupi<\/strong>\u00bb en tu tienda de aplicaciones (Play Store o App Store).<\/p><p style=\"padding-left: 40px;\">\u27a3 Bloquea tu bolsillo: Para evitar confusiones al pagar, recuerda realizar el <strong>bloqueo<\/strong> del bolsillo de \u00ab<strong>Subsidio Familiar<\/strong>\u00ab. As\u00ed, el sistema tomar\u00e1 prioritariamente el saldo de tu Kit Escolar.<\/p><p style=\"padding-left: 40px;\">\u27a3 Tutorial r\u00e1pido: <strong>[<span style=\"text-decoration: underline;\"><a href=\"https:\/\/youtube.com\/shorts\/GxVspNdeF6A?feature=share\" target=\"_blank\" rel=\"noopener\">Ver video de c\u00f3mo bloquear el bolsillo<\/a><\/span>]<\/strong><\/p><p><strong>\u00bfD\u00f3nde puedo comprar? <\/strong><\/p><p>Tienes una amplia red de aliados a tu disposici\u00f3n. Puedes redimir tu saldo en \u00fatiles escolares, uniformes y productos de lonchera, en los establecimientos aliados Kupi.<\/p><p>Consulta la Red de Convenios, haz clic en el siguiente bot\u00f3n para descargar el listado completo de comercios aliados.<\/p><p>Podr\u00e1s filtrar la informaci\u00f3n por:<\/p><p style=\"padding-left: 40px;\">\u27a3 Ciudad<br \/>\u27a3 Establecimiento comercial<br \/>\u27a3 Direcci\u00f3n<br \/>\u27a3 Categor\u00eda<\/p><p>\u00a0<\/p><p><!-- \/wp:paragraph --><!-- wp:buttons --><\/p><div class=\"wp-block-buttons\"><p><!-- wp:button {\"backgroundColor\":\"luminous-vivid-orange\"} --><\/p><div class=\"wp-block-button\"><a class=\"wp-block-button__link has-luminous-vivid-orange-background-color has-background wp-element-button\" href=\"https:\/\/test.comfenalcovalle.com.co\/wp-content\/uploads\/2026\/02\/convenios-comercios-kit-escolar-comfenalco-valle-agosto-2025-V2.pdf\" target=\"_blank\" rel=\"noreferrer noopener\">Click to see more<\/a><\/div><div>\u00a0<\/div><\/div><p><!-- \/wp:paragraph --><\/p>\t\t\t\t\t\t\t\t<\/div>\n\t\t\t\t<\/div>\n\t\t\t\t<div class=\"elementor-element elementor-element-9a4d371 elementor-widget elementor-widget-text-editor\" data-id=\"9a4d371\" data-element_type=\"widget\" data-widget_type=\"text-editor.default\">\n\t\t\t\t<div class=\"elementor-widget-container\">\n\t\t\t\t\t\t\t\t\t<p><strong>Comfenalco Valle Delagente<\/strong><br \/><strong>Family Compensation Fund of Valle del Cauca.<\/strong><\/p><p><!-- \/wp:paragraph --><\/p>\t\t\t\t\t\t\t\t<\/div>\n\t\t\t\t<\/div>\n\t\t\t\t\t<\/div>\n\t\t\t\t<\/div>\n\t\t\t\t<\/div>","protected":false},"excerpt":{"rendered":"<p>Sabemos que el bienestar de tu familia es lo m\u00e1s importante. Por eso, el subsidio Kit Escolar de Comfenalco Valle Delagente es tu mejor aliado para aliviar los gastos educativos. Queremos recordarte la importancia de utilizar tu saldo a tiempo para que aproveches este beneficio dise\u00f1ado para los \u00fatiles, uniformes y loncheras de tus hijos. [&hellip;]<\/p>","protected":false},"author":6,"featured_media":676090,"comment_status":"closed","ping_status":"closed","sticky":false,"template":"","format":"standard","meta":{"footnotes":""},"categories":[14],"tags":[],"class_list":["post-676088","post","type-post","status-publish","format-standard","has-post-thumbnail","hentry","category-educacion"],"yoast_head":"<!-- This site is optimized with the Yoast SEO Premium plugin v25.9 (Yoast SEO v25.9) - https:\/\/yoast.com\/wordpress\/plugins\/seo\/ -->\n<title>\u00a1No pierdas tu Subsidio Educativo! Redime hoy tu Kit Escolar - Comfenalco Valle Delagente<\/title>\n<meta name=\"description\" content=\"El subsidio Kit Escolar de Comfenalco Valle Delagente es tu mejor aliado para aliviar los gastos educativos.\" \/>\n<meta name=\"robots\" content=\"index, follow, max-snippet:-1, max-image-preview:large, max-video-preview:-1\" \/>\n<link rel=\"canonical\" href=\"https:\/\/www.comfenalcovalle.com.co\/no-pierdas-tu-subsidio-educativo-redime-hoy-tu-kit-escolar\/\" \/>\n<meta property=\"og:locale\" content=\"en_US\" \/>\n<meta property=\"og:type\" content=\"article\" \/>\n<meta property=\"og:title\" content=\"\u00a1No pierdas tu Subsidio Educativo! Redime hoy tu Kit Escolar\" \/>\n<meta property=\"og:description\" content=\"El subsidio Kit Escolar de Comfenalco Valle Delagente es tu mejor aliado para aliviar los gastos educativos.\" \/>\n<meta property=\"og:url\" content=\"https:\/\/www.comfenalcovalle.com.co\/no-pierdas-tu-subsidio-educativo-redime-hoy-tu-kit-escolar\/\" \/>\n<meta property=\"og:site_name\" content=\"Comfenalco Valle Delagente\" \/>\n<meta property=\"article:published_time\" content=\"2026-02-12T20:01:56+00:00\" \/>\n<meta property=\"og:image\" content=\"https:\/\/www.comfenalcovalle.com.co\/wp-content\/uploads\/2026\/02\/RECORDATORIO_KIT_ESCOLAR_BOLETIN.png\" \/>\n\t<meta property=\"og:image:width\" content=\"768\" \/>\n\t<meta property=\"og:image:height\" content=\"417\" \/>\n\t<meta property=\"og:image:type\" content=\"image\/png\" \/>\n<meta name=\"author\" content=\"Comunicaciones Comfenalco Valle delagente\" \/>\n<meta name=\"twitter:card\" content=\"summary_large_image\" \/>\n<meta name=\"twitter:label1\" content=\"Written by\" \/>\n\t<meta name=\"twitter:data1\" content=\"Comunicaciones Comfenalco Valle delagente\" \/>\n\t<meta name=\"twitter:label2\" content=\"Est. reading time\" \/>\n\t<meta name=\"twitter:data2\" content=\"2 minutes\" \/>\n<script type=\"application\/ld+json\" class=\"yoast-schema-graph\">{\"@context\":\"https:\/\/schema.org\",\"@graph\":[{\"@type\":\"Article\",\"@id\":\"https:\/\/www.comfenalcovalle.com.co\/no-pierdas-tu-subsidio-educativo-redime-hoy-tu-kit-escolar\/#article\",\"isPartOf\":{\"@id\":\"https:\/\/www.comfenalcovalle.com.co\/no-pierdas-tu-subsidio-educativo-redime-hoy-tu-kit-escolar\/\"},\"author\":{\"name\":\"Comunicaciones Comfenalco Valle delagente\",\"@id\":\"https:\/\/www.comfenalcovalle.com.co\/#\/schema\/person\/d4d8bcb299f88f97b06096cf6a21cb01\"},\"headline\":\"\u00a1No pierdas tu Subsidio Educativo! Redime hoy tu Kit Escolar\",\"datePublished\":\"2026-02-12T20:01:56+00:00\",\"mainEntityOfPage\":{\"@id\":\"https:\/\/www.comfenalcovalle.com.co\/no-pierdas-tu-subsidio-educativo-redime-hoy-tu-kit-escolar\/\"},\"wordCount\":340,\"publisher\":{\"@id\":\"https:\/\/www.comfenalcovalle.com.co\/#organization\"},\"image\":{\"@id\":\"https:\/\/www.comfenalcovalle.com.co\/no-pierdas-tu-subsidio-educativo-redime-hoy-tu-kit-escolar\/#primaryimage\"},\"thumbnailUrl\":\"https:\/\/test.comfenalcovalle.com.co\/wp-content\/uploads\/2026\/02\/RECORDATORIO_KIT_ESCOLAR_BOLETIN.png\",\"articleSection\":[\"Educaci\u00f3n\"],\"inLanguage\":\"en-US\"},{\"@type\":\"WebPage\",\"@id\":\"https:\/\/www.comfenalcovalle.com.co\/no-pierdas-tu-subsidio-educativo-redime-hoy-tu-kit-escolar\/\",\"url\":\"https:\/\/www.comfenalcovalle.com.co\/no-pierdas-tu-subsidio-educativo-redime-hoy-tu-kit-escolar\/\",\"name\":\"\u00a1No pierdas tu Subsidio Educativo! Redime hoy tu Kit Escolar - Comfenalco Valle Delagente\",\"isPartOf\":{\"@id\":\"https:\/\/www.comfenalcovalle.com.co\/#website\"},\"primaryImageOfPage\":{\"@id\":\"https:\/\/www.comfenalcovalle.com.co\/no-pierdas-tu-subsidio-educativo-redime-hoy-tu-kit-escolar\/#primaryimage\"},\"image\":{\"@id\":\"https:\/\/www.comfenalcovalle.com.co\/no-pierdas-tu-subsidio-educativo-redime-hoy-tu-kit-escolar\/#primaryimage\"},\"thumbnailUrl\":\"https:\/\/test.comfenalcovalle.com.co\/wp-content\/uploads\/2026\/02\/RECORDATORIO_KIT_ESCOLAR_BOLETIN.png\",\"datePublished\":\"2026-02-12T20:01:56+00:00\",\"description\":\"El subsidio Kit Escolar de Comfenalco Valle Delagente es tu mejor aliado para aliviar los gastos educativos.\",\"breadcrumb\":{\"@id\":\"https:\/\/www.comfenalcovalle.com.co\/no-pierdas-tu-subsidio-educativo-redime-hoy-tu-kit-escolar\/#breadcrumb\"},\"inLanguage\":\"en-US\",\"potentialAction\":[{\"@type\":\"ReadAction\",\"target\":[\"https:\/\/www.comfenalcovalle.com.co\/no-pierdas-tu-subsidio-educativo-redime-hoy-tu-kit-escolar\/\"]}]},{\"@type\":\"ImageObject\",\"inLanguage\":\"en-US\",\"@id\":\"https:\/\/www.comfenalcovalle.com.co\/no-pierdas-tu-subsidio-educativo-redime-hoy-tu-kit-escolar\/#primaryimage\",\"url\":\"https:\/\/test.comfenalcovalle.com.co\/wp-content\/uploads\/2026\/02\/RECORDATORIO_KIT_ESCOLAR_BOLETIN.png\",\"contentUrl\":\"https:\/\/test.comfenalcovalle.com.co\/wp-content\/uploads\/2026\/02\/RECORDATORIO_KIT_ESCOLAR_BOLETIN.png\",\"width\":768,\"height\":417,\"caption\":\"\u00a1No pierdas tu Subsidio Educativo! Redime hoy tu Kit Escolar\"},{\"@type\":\"BreadcrumbList\",\"@id\":\"https:\/\/www.comfenalcovalle.com.co\/no-pierdas-tu-subsidio-educativo-redime-hoy-tu-kit-escolar\/#breadcrumb\",\"itemListElement\":[{\"@type\":\"ListItem\",\"position\":1,\"name\":\"Portada\",\"item\":\"https:\/\/www.comfenalcovalle.com.co\/\"},{\"@type\":\"ListItem\",\"position\":2,\"name\":\"\u00a1No pierdas tu Subsidio Educativo! Redime hoy tu Kit Escolar\"}]},{\"@type\":\"WebSite\",\"@id\":\"https:\/\/www.comfenalcovalle.com.co\/#website\",\"url\":\"https:\/\/www.comfenalcovalle.com.co\/\",\"name\":\"Comfenalco Valle Delagente\",\"description\":\"Caja de compensaci\u00f3n de Comfenalco Valle Delagente.\",\"publisher\":{\"@id\":\"https:\/\/www.comfenalcovalle.com.co\/#organization\"},\"potentialAction\":[{\"@type\":\"SearchAction\",\"target\":{\"@type\":\"EntryPoint\",\"urlTemplate\":\"https:\/\/www.comfenalcovalle.com.co\/?s={search_term_string}\"},\"query-input\":{\"@type\":\"PropertyValueSpecification\",\"valueRequired\":true,\"valueName\":\"search_term_string\"}}],\"inLanguage\":\"en-US\"},{\"@type\":\"Organization\",\"@id\":\"https:\/\/www.comfenalcovalle.com.co\/#organization\",\"name\":\"Comfenalco Valle Delagente\",\"url\":\"https:\/\/www.comfenalcovalle.com.co\/\",\"logo\":{\"@type\":\"ImageObject\",\"inLanguage\":\"en-US\",\"@id\":\"https:\/\/www.comfenalcovalle.com.co\/#\/schema\/logo\/image\/\",\"url\":\"https:\/\/test.comfenalcovalle.com.co\/wp-content\/uploads\/2021\/06\/logo-comfe-cabecera-agencia-empelo-actualizado.png\",\"contentUrl\":\"https:\/\/test.comfenalcovalle.com.co\/wp-content\/uploads\/2021\/06\/logo-comfe-cabecera-agencia-empelo-actualizado.png\",\"width\":500,\"height\":184,\"caption\":\"Comfenalco Valle Delagente\"},\"image\":{\"@id\":\"https:\/\/www.comfenalcovalle.com.co\/#\/schema\/logo\/image\/\"}},{\"@type\":\"Person\",\"@id\":\"https:\/\/www.comfenalcovalle.com.co\/#\/schema\/person\/d4d8bcb299f88f97b06096cf6a21cb01\",\"name\":\"Comunicaciones Comfenalco Valle delagente\",\"image\":{\"@type\":\"ImageObject\",\"inLanguage\":\"en-US\",\"@id\":\"https:\/\/www.comfenalcovalle.com.co\/#\/schema\/person\/image\/\",\"url\":\"https:\/\/secure.gravatar.com\/avatar\/d1c29eb639a137df0ac8bfec50479e8d6ef564f7320f439d9d984504359ea6ee?s=96&d=mm&r=g\",\"contentUrl\":\"https:\/\/secure.gravatar.com\/avatar\/d1c29eb639a137df0ac8bfec50479e8d6ef564f7320f439d9d984504359ea6ee?s=96&d=mm&r=g\",\"caption\":\"Comunicaciones Comfenalco Valle delagente\"},\"url\":\"https:\/\/test.comfenalcovalle.com.co\/en\/author\/comunicaciones-comfenalco-valle-delagente\/\"}]}<\/script>\n<!-- \/ Yoast SEO Premium plugin. -->","yoast_head_json":{"title":"\u00a1No pierdas tu Subsidio Educativo! Redime hoy tu Kit Escolar - Comfenalco Valle Delagente","description":"El subsidio Kit Escolar de Comfenalco Valle Delagente es tu mejor aliado para aliviar los gastos educativos.","robots":{"index":"index","follow":"follow","max-snippet":"max-snippet:-1","max-image-preview":"max-image-preview:large","max-video-preview":"max-video-preview:-1"},"canonical":"https:\/\/www.comfenalcovalle.com.co\/no-pierdas-tu-subsidio-educativo-redime-hoy-tu-kit-escolar\/","og_locale":"en_US","og_type":"article","og_title":"\u00a1No pierdas tu Subsidio Educativo! Redime hoy tu Kit Escolar","og_description":"El subsidio Kit Escolar de Comfenalco Valle Delagente es tu mejor aliado para aliviar los gastos educativos.","og_url":"https:\/\/www.comfenalcovalle.com.co\/no-pierdas-tu-subsidio-educativo-redime-hoy-tu-kit-escolar\/","og_site_name":"Comfenalco Valle Delagente","article_published_time":"2026-02-12T20:01:56+00:00","og_image":[{"width":768,"height":417,"url":"https:\/\/www.comfenalcovalle.com.co\/wp-content\/uploads\/2026\/02\/RECORDATORIO_KIT_ESCOLAR_BOLETIN.png","type":"image\/png"}],"author":"Comunicaciones Comfenalco Valle delagente","twitter_card":"summary_large_image","twitter_misc":{"Written by":"Comunicaciones Comfenalco Valle delagente","Est. reading time":"2 minutes"},"schema":{"@context":"https:\/\/schema.org","@graph":[{"@type":"Article","@id":"https:\/\/www.comfenalcovalle.com.co\/no-pierdas-tu-subsidio-educativo-redime-hoy-tu-kit-escolar\/#article","isPartOf":{"@id":"https:\/\/www.comfenalcovalle.com.co\/no-pierdas-tu-subsidio-educativo-redime-hoy-tu-kit-escolar\/"},"author":{"name":"Comunicaciones Comfenalco Valle delagente","@id":"https:\/\/www.comfenalcovalle.com.co\/#\/schema\/person\/d4d8bcb299f88f97b06096cf6a21cb01"},"headline":"\u00a1No pierdas tu Subsidio Educativo! Redime hoy tu Kit Escolar","datePublished":"2026-02-12T20:01:56+00:00","mainEntityOfPage":{"@id":"https:\/\/www.comfenalcovalle.com.co\/no-pierdas-tu-subsidio-educativo-redime-hoy-tu-kit-escolar\/"},"wordCount":340,"publisher":{"@id":"https:\/\/www.comfenalcovalle.com.co\/#organization"},"image":{"@id":"https:\/\/www.comfenalcovalle.com.co\/no-pierdas-tu-subsidio-educativo-redime-hoy-tu-kit-escolar\/#primaryimage"},"thumbnailUrl":"https:\/\/test.comfenalcovalle.com.co\/wp-content\/uploads\/2026\/02\/RECORDATORIO_KIT_ESCOLAR_BOLETIN.png","articleSection":["Educaci\u00f3n"],"inLanguage":"en-US"},{"@type":"WebPage","@id":"https:\/\/www.comfenalcovalle.com.co\/no-pierdas-tu-subsidio-educativo-redime-hoy-tu-kit-escolar\/","url":"https:\/\/www.comfenalcovalle.com.co\/no-pierdas-tu-subsidio-educativo-redime-hoy-tu-kit-escolar\/","name":"\u00a1No pierdas tu Subsidio Educativo! Redime hoy tu Kit Escolar - Comfenalco Valle Delagente","isPartOf":{"@id":"https:\/\/www.comfenalcovalle.com.co\/#website"},"primaryImageOfPage":{"@id":"https:\/\/www.comfenalcovalle.com.co\/no-pierdas-tu-subsidio-educativo-redime-hoy-tu-kit-escolar\/#primaryimage"},"image":{"@id":"https:\/\/www.comfenalcovalle.com.co\/no-pierdas-tu-subsidio-educativo-redime-hoy-tu-kit-escolar\/#primaryimage"},"thumbnailUrl":"https:\/\/test.comfenalcovalle.com.co\/wp-content\/uploads\/2026\/02\/RECORDATORIO_KIT_ESCOLAR_BOLETIN.png","datePublished":"2026-02-12T20:01:56+00:00","description":"El subsidio Kit Escolar de Comfenalco Valle Delagente es tu mejor aliado para aliviar los gastos educativos.","breadcrumb":{"@id":"https:\/\/www.comfenalcovalle.com.co\/no-pierdas-tu-subsidio-educativo-redime-hoy-tu-kit-escolar\/#breadcrumb"},"inLanguage":"en-US","potentialAction":[{"@type":"ReadAction","target":["https:\/\/www.comfenalcovalle.com.co\/no-pierdas-tu-subsidio-educativo-redime-hoy-tu-kit-escolar\/"]}]},{"@type":"ImageObject","inLanguage":"en-US","@id":"https:\/\/www.comfenalcovalle.com.co\/no-pierdas-tu-subsidio-educativo-redime-hoy-tu-kit-escolar\/#primaryimage","url":"https:\/\/test.comfenalcovalle.com.co\/wp-content\/uploads\/2026\/02\/RECORDATORIO_KIT_ESCOLAR_BOLETIN.png","contentUrl":"https:\/\/test.comfenalcovalle.com.co\/wp-content\/uploads\/2026\/02\/RECORDATORIO_KIT_ESCOLAR_BOLETIN.png","width":768,"height":417,"caption":"\u00a1No pierdas tu Subsidio Educativo! Redime hoy tu Kit Escolar"},{"@type":"BreadcrumbList","@id":"https:\/\/www.comfenalcovalle.com.co\/no-pierdas-tu-subsidio-educativo-redime-hoy-tu-kit-escolar\/#breadcrumb","itemListElement":[{"@type":"ListItem","position":1,"name":"Portada","item":"https:\/\/www.comfenalcovalle.com.co\/"},{"@type":"ListItem","position":2,"name":"\u00a1No pierdas tu Subsidio Educativo! Redime hoy tu Kit Escolar"}]},{"@type":"WebSite","@id":"https:\/\/www.comfenalcovalle.com.co\/#website","url":"https:\/\/www.comfenalcovalle.com.co\/","name":"Comfenalco Valle Delagente","description":"Comfenalco Valle Delagente compensation fund.","publisher":{"@id":"https:\/\/www.comfenalcovalle.com.co\/#organization"},"potentialAction":[{"@type":"SearchAction","target":{"@type":"EntryPoint","urlTemplate":"https:\/\/www.comfenalcovalle.com.co\/?s={search_term_string}"},"query-input":{"@type":"PropertyValueSpecification","valueRequired":true,"valueName":"search_term_string"}}],"inLanguage":"en-US"},{"@type":"Organization","@id":"https:\/\/www.comfenalcovalle.com.co\/#organization","name":"Comfenalco Valle Delagente","url":"https:\/\/www.comfenalcovalle.com.co\/","logo":{"@type":"ImageObject","inLanguage":"en-US","@id":"https:\/\/www.comfenalcovalle.com.co\/#\/schema\/logo\/image\/","url":"https:\/\/test.comfenalcovalle.com.co\/wp-content\/uploads\/2021\/06\/logo-comfe-cabecera-agencia-empelo-actualizado.png","contentUrl":"https:\/\/test.comfenalcovalle.com.co\/wp-content\/uploads\/2021\/06\/logo-comfe-cabecera-agencia-empelo-actualizado.png","width":500,"height":184,"caption":"Comfenalco Valle Delagente"},"image":{"@id":"https:\/\/www.comfenalcovalle.com.co\/#\/schema\/logo\/image\/"}},{"@type":"Person","@id":"https:\/\/www.comfenalcovalle.com.co\/#\/schema\/person\/d4d8bcb299f88f97b06096cf6a21cb01","name":"Communications Comfenalco Valle delagente","image":{"@type":"ImageObject","inLanguage":"en-US","@id":"https:\/\/www.comfenalcovalle.com.co\/#\/schema\/person\/image\/","url":"https:\/\/secure.gravatar.com\/avatar\/d1c29eb639a137df0ac8bfec50479e8d6ef564f7320f439d9d984504359ea6ee?s=96&d=mm&r=g","contentUrl":"https:\/\/secure.gravatar.com\/avatar\/d1c29eb639a137df0ac8bfec50479e8d6ef564f7320f439d9d984504359ea6ee?s=96&d=mm&r=g","caption":"Comunicaciones Comfenalco Valle delagente"},"url":"https:\/\/test.comfenalcovalle.com.co\/en\/author\/comunicaciones-comfenalco-valle-delagente\/"}]}},"publishpress_future_action":{"enabled":true,"date":"2026-06-30 05:55:00","action":"change-status","newStatus":"draft","terms":[0],"taxonomy":"category","extraData":[]},"publishpress_future_workflow_manual_trigger":{"enabledWorkflows":[]},"_links":{"self":[{"href":"https:\/\/test.comfenalcovalle.com.co\/en\/wp-json\/wp\/v2\/posts\/676088","targetHints":{"allow":["GET"]}}],"collection":[{"href":"https:\/\/test.comfenalcovalle.com.co\/en\/wp-json\/wp\/v2\/posts"}],"about":[{"href":"https:\/\/test.comfenalcovalle.com.co\/en\/wp-json\/wp\/v2\/types\/post"}],"author":[{"embeddable":true,"href":"https:\/\/test.comfenalcovalle.com.co\/en\/wp-json\/wp\/v2\/users\/6"}],"replies":[{"embeddable":true,"href":"https:\/\/test.comfenalcovalle.com.co\/en\/wp-json\/wp\/v2\/comments?post=676088"}],"version-history":[{"count":0,"href":"https:\/\/test.comfenalcovalle.com.co\/en\/wp-json\/wp\/v2\/posts\/676088\/revisions"}],"wp:featuredmedia":[{"embeddable":true,"href":"https:\/\/test.comfenalcovalle.com.co\/en\/wp-json\/wp\/v2\/media\/676090"}],"wp:attachment":[{"href":"https:\/\/test.comfenalcovalle.com.co\/en\/wp-json\/wp\/v2\/media?parent=676088"}],"wp:term":[{"taxonomy":"category","embeddable":true,"href":"https:\/\/test.comfenalcovalle.com.co\/en\/wp-json\/wp\/v2\/categories?post=676088"},{"taxonomy":"post_tag","embeddable":true,"href":"https:\/\/test.comfenalcovalle.com.co\/en\/wp-json\/wp\/v2\/tags?post=676088"}],"curies":[{"name":"wp","href":"https:\/\/api.w.org\/{rel}","templated":true}]}}