{"id":675717,"date":"2026-02-10T09:37:25","date_gmt":"2026-02-10T14:37:25","guid":{"rendered":"https:\/\/test.comfenalcovalle.com.co\/?p=675717"},"modified":"2026-02-10T09:42:53","modified_gmt":"2026-02-10T14:42:53","slug":"en-2025-se-asignaron-mas-de-27-000-millones-en-subsidio-al-desempleo-para-apoyar-a-trabajadores-cesantes-en-el-valle","status":"publish","type":"post","link":"https:\/\/test.comfenalcovalle.com.co\/en\/en-2025-se-asignaron-mas-de-27-000-millones-en-subsidio-al-desempleo-para-apoyar-a-trabajadores-cesantes-en-el-valle\/","title":{"rendered":"En 2025, se asignaron m\u00e1s de $27.000 millones en Subsidio al Desempleo para apoyar a trabajadores cesantes en el Valle"},"content":{"rendered":"<p class=\"has-black-color has-text-color has-link-color wp-elements-4fefcfb45dc5e0c3380a940596a64e43\">Un total de $27.439.533.000 entreg\u00f3 Comfenalco Valle Delagente por concepto de Subsidio de Desempleo a 6.058 personas, durante el a\u00f1o 2025. De esta cifra, $9.981.027.600 se pagaron en aportes a seguridad social y $11.081.610.525 en transferencia econ\u00f3mica a los beneficiarios.<\/p>\n\n\n\n<p class=\"has-black-color has-text-color has-link-color wp-elements-b1a86805f5230241f30024f13004b414\">Este Subsidio de Desempleo fue entregado a los afiliados a Comfenalco Valle Delagente que se quedaron sin empleo y realizaron el tr\u00e1mite correspondiente; recordando que el Subsidio al Desempleo paga aportes al sistema de salud y pensi\u00f3n sobre la base de cotizaci\u00f3n de un (1) SMMLV, por un periodo de seis meses (aplica para usuarios categor\u00eda (A, B y C); pago de transferencia econ\u00f3mica por valor de $2.626.358, divididos en cuatro (4) mensualidades (aplica solo para usuarios que en su \u00faltimo v\u00ednculo laboral hayan sido aportantes categor\u00eda A y B.<\/p>\n\n\n\n<p class=\"has-black-color has-text-color has-link-color wp-elements-39c986673a4209d7fe4a2e972c410582\">Las cuatro mensualidades se pagan de la siguiente manera:<\/p>\n\n\n\n<p class=\"has-black-color has-text-color has-link-color wp-elements-f2009035c5c471cf5f82d059f40e0a27\">\u27a3 Cuota 1 (40%): $1.050.543<br>\u27a3 <span style=\"font-size: revert; color: initial; font-family: -apple-system, BlinkMacSystemFont, &quot;Segoe UI&quot;, Roboto, Oxygen-Sans, Ubuntu, Cantarell, &quot;Helvetica Neue&quot;, sans-serif;\">Cuota 2 (30%): $787.907<\/span><br>\u27a3 <span style=\"font-size: revert; color: initial; font-family: -apple-system, BlinkMacSystemFont, &quot;Segoe UI&quot;, Roboto, Oxygen-Sans, Ubuntu, Cantarell, &quot;Helvetica Neue&quot;, sans-serif;\">Cuota 3 (20%): $525.272<\/span><br>\u27a3 Cuota 4 (10%): $262.636<\/p>\n\n\n\n<p class=\"has-black-color has-text-color has-link-color wp-elements-86818190932d4919f66cd8ee4320a8c9\">\u201cComfenalco Valle Delagente a trav\u00e9s de la Agencia de Empleo apoya a sus afiliados en el tr\u00e1mite del Subsidio de Desempleo con el fin de lograr solventar algunos gastos de los hogares y, de esta forma, apoyar a las familias en el momento que sus integrantes quedan cesantes laboralmente\u201d indic\u00f3 Ronny Hernando Acosta, coordinador del \u00e1rea de Empleabilidad y Emprendimiento de Comfenalco Valle Delagente.<\/p>\n\n\n\n<h2 class=\"wp-block-heading has-black-color has-text-color has-link-color has-medium-font-size wp-elements-581b4174ec51774ed2253edd9a52bae4\" id=\"h-cuales-son-los-requisitos-para-acceder-al-subsidio-de-desempleo\"><strong>\u00bfCu\u00e1les son los requisitos para acceder al Subsidio de Desempleo?<\/strong><\/h2>\n\n\n\n<p class=\"has-black-color has-text-color has-link-color wp-elements-6a1053450606b70e568a08a7a303d9cd\">\u27a3 Encontrarse en condici\u00f3n de cesante o desempleado (no debe estar pensionado por invalidez, vejez o sobrevivencia).<\/p>\n\n\n\n<p class=\"has-black-color has-text-color has-link-color wp-elements-06f01e9ad3356472688cc87f2bdbc984\">\u27a3 Si en su \u00faltimo v\u00ednculo laboral aport\u00f3 como trabajador dependiente, debe haber realizado aportes a la Caja de Compensaci\u00f3n Familiar durante un (1) a\u00f1o continuo o discontinuo, en el transcurso de los \u00faltimos tres (3) a\u00f1os. Para el caso de los trabajadores independientes, debe haber realizado aportes a la Caja de Compensaci\u00f3n Familiar durante dos (2) a\u00f1os continuos o discontinuos, en el transcurso de los \u00faltimos tres (3) a\u00f1os.<\/p>\n\n\n\n<p class=\"has-black-color has-text-color has-link-color wp-elements-8977216fb4f7872c8408b0e672522325\">\u27a3 Que la \u00faltima Caja de Compensaci\u00f3n Familiar a la cual haya aportado sea Comfenalco Valle Delagente y haya cotizado como afiliado en categor\u00edas: A, B o C.<\/p>\n\n\n\n<p class=\"has-black-color has-text-color has-link-color wp-elements-d29ec5d3c1650229bbb119053d6c7d20\">\u27a3 No haber sido beneficiario dentro de los \u00faltimos tres (3) a\u00f1os, de los pagos subsidios del Mecanismo de Protecci\u00f3n al Cesante (Ley 1626 y Decretos 488 y 770).<\/p>\n\n\n\n<p class=\"has-black-color has-text-color has-link-color wp-elements-3ef39ef936b5017f521e7dc80d64c912\">\u27a3 Estar inscrito en cualquiera de los servicios de empleo autorizados pertenecientes a la red del servicio p\u00fablico de empleo, y realizar la Ruta de la Empleabilidad\u00a0ingresando a\u00a0 <a href=\"http:\/\/test.comfenalcovalle.com.co\/en\/\" target=\"_blank\" rel=\"noreferrer noopener\">test.comfenalcovalle.com.co<\/a> &#8211; bot\u00f3n Agencia de Empleo \u00a0o de forma presencial.<\/p>\n\n\n\n<p class=\"has-black-color has-text-color has-link-color wp-elements-d766605cce13a307dc543261c3f55968\">\u27a3 Asistir y certificarse obligatoriamente al programa de capacitaci\u00f3n dispuesto por la Agencia de Empleo.<\/p>\n\n\n\n<p class=\"has-black-color has-text-color has-link-color wp-elements-5a9d5d8fade34d3748c567753e327f46\">Es importante indicar que no podr\u00e1n postularse los trabajadores cesantes que luego de terminar una relaci\u00f3n laboral, mantengan otra vigente o hayan percibido beneficios del Fondo de Solidaridad de Fomento al Empleo y Protecci\u00f3n al Cesante, durante seis (6) meses continuos o discontinuos en los \u00faltimos tres (3) a\u00f1os.<\/p>\n\n\n\n<h2 class=\"wp-block-heading has-black-color has-text-color has-link-color has-medium-font-size wp-elements-7b52f7b2375a9a2bbbe4b8325b515a9d\" id=\"h-cuales-son-los-documentos-requeridos-para-realizar-la-postulacion\"><strong>What are the documents required to apply?<\/strong><\/h2>\n\n\n\n<p class=\"has-black-color has-text-color has-link-color wp-elements-8ec88f74d583f7e0818fd6dd53217cff\">\u27a3 Copia del documento de identificaci\u00f3n legible (por ambos lados).<\/p>\n\n\n\n<p class=\"has-black-color has-text-color has-link-color wp-elements-3127fc29f6cb4b643c2a21cdd876c17b\">\u27a3 Certificaci\u00f3n de la cesaci\u00f3n laboral expedida por el empleador, indicando la\u00a0fecha exacta de la terminaci\u00f3n laboral,\u00a0\u00faltima remuneraci\u00f3n del trabajador\u00a0y\u00a0motivo del retiro,\u00a0debe estar debidamente firmada, en caso de que su carta no detalle estos tres (3) datos, por favor diligenciar y anexar a la postulaci\u00f3n la declaraci\u00f3n juramentada que puede descargar ingresando <a href=\"http:\/\/test.comfenalcovalle.com.co\/en\/\" target=\"_blank\" rel=\"noreferrer noopener\">test.comfenalcovalle.com.co<\/a> &#8211; bot\u00f3n Agencia de Empleo o de manera personal.<\/p>\n\n\n\n<p class=\"has-black-color has-text-color has-link-color wp-elements-57d6da2b14f14e2f05a084f2176d1c7f\"><strong>Opcionalmente presentar:<\/strong><\/p>\n\n\n\n<p class=\"has-black-color has-text-color has-link-color wp-elements-a03c0d7184e524df1f5f04adf1b8c15d\">\u2727 Certificaci\u00f3n de la \u00faltima EPS con vigencia no mayor a 5 d\u00edas h\u00e1biles, donde se evidencie que su estado actual es Retirado, Subsidiado, Protecci\u00f3n laboral o Beneficiario.<\/p>\n\n\n\n<p class=\"has-black-color has-text-color has-link-color wp-elements-1313f53755d7a2143d7a28e3c92e0c80\">\u2727 Certificaci\u00f3n del Fondo Pensiones al cual est\u00e1 afiliado, con vigencia no mayor a 30 d\u00edas.<\/p>\n\n\n\n<p class=\"has-black-color has-text-color has-link-color wp-elements-b6a5d0b5a647d16a64bafa8a73560c50\"><strong>Comfenalco Valle Delagente<\/strong><br><strong>Family Compensation Fund of Valle del Cauca.<\/strong><\/p>","protected":false},"excerpt":{"rendered":"<p>Un total de $27.439.533.000 entreg\u00f3 Comfenalco Valle Delagente por concepto de Subsidio de Desempleo a 6.058 personas, durante el a\u00f1o 2025. De esta cifra, $9.981.027.600 se pagaron en aportes a seguridad social y $11.081.610.525 en transferencia econ\u00f3mica a los beneficiarios. Este Subsidio de Desempleo fue entregado a los afiliados a Comfenalco Valle Delagente que se [&hellip;]<\/p>","protected":false},"author":6,"featured_media":675718,"comment_status":"closed","ping_status":"closed","sticky":false,"template":"","format":"standard","meta":{"footnotes":""},"categories":[73],"tags":[],"class_list":["post-675717","post","type-post","status-publish","format-standard","has-post-thumbnail","hentry","category-agencia-de-empleo"],"yoast_head":"<!-- This site is optimized with the Yoast SEO Premium plugin v25.9 (Yoast SEO v25.9) - https:\/\/yoast.com\/wordpress\/plugins\/seo\/ -->\n<title>En 2025, se asignaron m\u00e1s de $27.000 millones en Subsidio al Desempleo para apoyar a trabajadores cesantes en el Valle - Comfenalco Valle Delagente<\/title>\n<meta name=\"robots\" content=\"index, follow, max-snippet:-1, max-image-preview:large, max-video-preview:-1\" \/>\n<link rel=\"canonical\" href=\"https:\/\/www.comfenalcovalle.com.co\/en-2025-se-asignaron-mas-de-27-000-millones-en-subsidio-al-desempleo-para-apoyar-a-trabajadores-cesantes-en-el-valle\/\" \/>\n<meta property=\"og:locale\" content=\"en_US\" \/>\n<meta property=\"og:type\" content=\"article\" \/>\n<meta property=\"og:title\" content=\"En 2025, se asignaron m\u00e1s de $27.000 millones en Subsidio al Desempleo para apoyar a trabajadores cesantes en el Valle\" \/>\n<meta property=\"og:description\" content=\"Un total de $27.439.533.000 entreg\u00f3 Comfenalco Valle Delagente por concepto de Subsidio de Desempleo a 6.058 personas, durante el a\u00f1o 2025. De esta cifra, $9.981.027.600 se pagaron en aportes a seguridad social y $11.081.610.525 en transferencia econ\u00f3mica a los beneficiarios. Este Subsidio de Desempleo fue entregado a los afiliados a Comfenalco Valle Delagente que se [&hellip;]\" \/>\n<meta property=\"og:url\" content=\"https:\/\/www.comfenalcovalle.com.co\/en-2025-se-asignaron-mas-de-27-000-millones-en-subsidio-al-desempleo-para-apoyar-a-trabajadores-cesantes-en-el-valle\/\" \/>\n<meta property=\"og:site_name\" content=\"Comfenalco Valle Delagente\" \/>\n<meta property=\"article:published_time\" content=\"2026-02-10T14:37:25+00:00\" \/>\n<meta property=\"article:modified_time\" content=\"2026-02-10T14:42:53+00:00\" \/>\n<meta property=\"og:image\" content=\"https:\/\/www.comfenalcovalle.com.co\/wp-content\/uploads\/2026\/02\/Subsidio-al-Desempleo-para-apoyar-a-trabajadores-cesantes.jpg\" \/>\n\t<meta property=\"og:image:width\" content=\"813\" \/>\n\t<meta property=\"og:image:height\" content=\"542\" \/>\n\t<meta property=\"og:image:type\" content=\"image\/jpeg\" \/>\n<meta name=\"author\" content=\"Comunicaciones Comfenalco Valle delagente\" \/>\n<meta name=\"twitter:card\" content=\"summary_large_image\" \/>\n<meta name=\"twitter:label1\" content=\"Written by\" \/>\n\t<meta name=\"twitter:data1\" content=\"Comunicaciones Comfenalco Valle delagente\" \/>\n\t<meta name=\"twitter:label2\" content=\"Est. reading time\" \/>\n\t<meta name=\"twitter:data2\" content=\"4 minutes\" \/>\n<script type=\"application\/ld+json\" class=\"yoast-schema-graph\">{\"@context\":\"https:\/\/schema.org\",\"@graph\":[{\"@type\":\"Article\",\"@id\":\"https:\/\/www.comfenalcovalle.com.co\/en-2025-se-asignaron-mas-de-27-000-millones-en-subsidio-al-desempleo-para-apoyar-a-trabajadores-cesantes-en-el-valle\/#article\",\"isPartOf\":{\"@id\":\"https:\/\/www.comfenalcovalle.com.co\/en-2025-se-asignaron-mas-de-27-000-millones-en-subsidio-al-desempleo-para-apoyar-a-trabajadores-cesantes-en-el-valle\/\"},\"author\":{\"name\":\"Comunicaciones Comfenalco Valle delagente\",\"@id\":\"https:\/\/www.comfenalcovalle.com.co\/#\/schema\/person\/d4d8bcb299f88f97b06096cf6a21cb01\"},\"headline\":\"En 2025, se asignaron m\u00e1s de $27.000 millones en Subsidio al Desempleo para apoyar a trabajadores cesantes en el Valle\",\"datePublished\":\"2026-02-10T14:37:25+00:00\",\"dateModified\":\"2026-02-10T14:42:53+00:00\",\"mainEntityOfPage\":{\"@id\":\"https:\/\/www.comfenalcovalle.com.co\/en-2025-se-asignaron-mas-de-27-000-millones-en-subsidio-al-desempleo-para-apoyar-a-trabajadores-cesantes-en-el-valle\/\"},\"wordCount\":649,\"publisher\":{\"@id\":\"https:\/\/www.comfenalcovalle.com.co\/#organization\"},\"image\":{\"@id\":\"https:\/\/www.comfenalcovalle.com.co\/en-2025-se-asignaron-mas-de-27-000-millones-en-subsidio-al-desempleo-para-apoyar-a-trabajadores-cesantes-en-el-valle\/#primaryimage\"},\"thumbnailUrl\":\"https:\/\/test.comfenalcovalle.com.co\/wp-content\/uploads\/2026\/02\/Subsidio-al-Desempleo-para-apoyar-a-trabajadores-cesantes.jpg\",\"articleSection\":[\"Agencia de empleo\"],\"inLanguage\":\"en-US\"},{\"@type\":\"WebPage\",\"@id\":\"https:\/\/www.comfenalcovalle.com.co\/en-2025-se-asignaron-mas-de-27-000-millones-en-subsidio-al-desempleo-para-apoyar-a-trabajadores-cesantes-en-el-valle\/\",\"url\":\"https:\/\/www.comfenalcovalle.com.co\/en-2025-se-asignaron-mas-de-27-000-millones-en-subsidio-al-desempleo-para-apoyar-a-trabajadores-cesantes-en-el-valle\/\",\"name\":\"En 2025, se asignaron m\u00e1s de $27.000 millones en Subsidio al Desempleo para apoyar a trabajadores cesantes en el Valle - Comfenalco Valle Delagente\",\"isPartOf\":{\"@id\":\"https:\/\/www.comfenalcovalle.com.co\/#website\"},\"primaryImageOfPage\":{\"@id\":\"https:\/\/www.comfenalcovalle.com.co\/en-2025-se-asignaron-mas-de-27-000-millones-en-subsidio-al-desempleo-para-apoyar-a-trabajadores-cesantes-en-el-valle\/#primaryimage\"},\"image\":{\"@id\":\"https:\/\/www.comfenalcovalle.com.co\/en-2025-se-asignaron-mas-de-27-000-millones-en-subsidio-al-desempleo-para-apoyar-a-trabajadores-cesantes-en-el-valle\/#primaryimage\"},\"thumbnailUrl\":\"https:\/\/test.comfenalcovalle.com.co\/wp-content\/uploads\/2026\/02\/Subsidio-al-Desempleo-para-apoyar-a-trabajadores-cesantes.jpg\",\"datePublished\":\"2026-02-10T14:37:25+00:00\",\"dateModified\":\"2026-02-10T14:42:53+00:00\",\"breadcrumb\":{\"@id\":\"https:\/\/www.comfenalcovalle.com.co\/en-2025-se-asignaron-mas-de-27-000-millones-en-subsidio-al-desempleo-para-apoyar-a-trabajadores-cesantes-en-el-valle\/#breadcrumb\"},\"inLanguage\":\"en-US\",\"potentialAction\":[{\"@type\":\"ReadAction\",\"target\":[\"https:\/\/www.comfenalcovalle.com.co\/en-2025-se-asignaron-mas-de-27-000-millones-en-subsidio-al-desempleo-para-apoyar-a-trabajadores-cesantes-en-el-valle\/\"]}]},{\"@type\":\"ImageObject\",\"inLanguage\":\"en-US\",\"@id\":\"https:\/\/www.comfenalcovalle.com.co\/en-2025-se-asignaron-mas-de-27-000-millones-en-subsidio-al-desempleo-para-apoyar-a-trabajadores-cesantes-en-el-valle\/#primaryimage\",\"url\":\"https:\/\/test.comfenalcovalle.com.co\/wp-content\/uploads\/2026\/02\/Subsidio-al-Desempleo-para-apoyar-a-trabajadores-cesantes.jpg\",\"contentUrl\":\"https:\/\/test.comfenalcovalle.com.co\/wp-content\/uploads\/2026\/02\/Subsidio-al-Desempleo-para-apoyar-a-trabajadores-cesantes.jpg\",\"width\":813,\"height\":542,\"caption\":\"Subsidio al Desempleo para apoyar a trabajadores cesantes\"},{\"@type\":\"BreadcrumbList\",\"@id\":\"https:\/\/www.comfenalcovalle.com.co\/en-2025-se-asignaron-mas-de-27-000-millones-en-subsidio-al-desempleo-para-apoyar-a-trabajadores-cesantes-en-el-valle\/#breadcrumb\",\"itemListElement\":[{\"@type\":\"ListItem\",\"position\":1,\"name\":\"Portada\",\"item\":\"https:\/\/www.comfenalcovalle.com.co\/\"},{\"@type\":\"ListItem\",\"position\":2,\"name\":\"En 2025, se asignaron m\u00e1s de $27.000 millones en Subsidio al Desempleo para apoyar a trabajadores cesantes en el Valle\"}]},{\"@type\":\"WebSite\",\"@id\":\"https:\/\/www.comfenalcovalle.com.co\/#website\",\"url\":\"https:\/\/www.comfenalcovalle.com.co\/\",\"name\":\"Comfenalco Valle Delagente\",\"description\":\"Caja de compensaci\u00f3n de Comfenalco Valle Delagente.\",\"publisher\":{\"@id\":\"https:\/\/www.comfenalcovalle.com.co\/#organization\"},\"potentialAction\":[{\"@type\":\"SearchAction\",\"target\":{\"@type\":\"EntryPoint\",\"urlTemplate\":\"https:\/\/www.comfenalcovalle.com.co\/?s={search_term_string}\"},\"query-input\":{\"@type\":\"PropertyValueSpecification\",\"valueRequired\":true,\"valueName\":\"search_term_string\"}}],\"inLanguage\":\"en-US\"},{\"@type\":\"Organization\",\"@id\":\"https:\/\/www.comfenalcovalle.com.co\/#organization\",\"name\":\"Comfenalco Valle Delagente\",\"url\":\"https:\/\/www.comfenalcovalle.com.co\/\",\"logo\":{\"@type\":\"ImageObject\",\"inLanguage\":\"en-US\",\"@id\":\"https:\/\/www.comfenalcovalle.com.co\/#\/schema\/logo\/image\/\",\"url\":\"https:\/\/test.comfenalcovalle.com.co\/wp-content\/uploads\/2021\/06\/logo-comfe-cabecera-agencia-empelo-actualizado.png\",\"contentUrl\":\"https:\/\/test.comfenalcovalle.com.co\/wp-content\/uploads\/2021\/06\/logo-comfe-cabecera-agencia-empelo-actualizado.png\",\"width\":500,\"height\":184,\"caption\":\"Comfenalco Valle Delagente\"},\"image\":{\"@id\":\"https:\/\/www.comfenalcovalle.com.co\/#\/schema\/logo\/image\/\"}},{\"@type\":\"Person\",\"@id\":\"https:\/\/www.comfenalcovalle.com.co\/#\/schema\/person\/d4d8bcb299f88f97b06096cf6a21cb01\",\"name\":\"Comunicaciones Comfenalco Valle delagente\",\"image\":{\"@type\":\"ImageObject\",\"inLanguage\":\"en-US\",\"@id\":\"https:\/\/www.comfenalcovalle.com.co\/#\/schema\/person\/image\/\",\"url\":\"https:\/\/secure.gravatar.com\/avatar\/d1c29eb639a137df0ac8bfec50479e8d6ef564f7320f439d9d984504359ea6ee?s=96&d=mm&r=g\",\"contentUrl\":\"https:\/\/secure.gravatar.com\/avatar\/d1c29eb639a137df0ac8bfec50479e8d6ef564f7320f439d9d984504359ea6ee?s=96&d=mm&r=g\",\"caption\":\"Comunicaciones Comfenalco Valle delagente\"},\"url\":\"https:\/\/test.comfenalcovalle.com.co\/en\/author\/comunicaciones-comfenalco-valle-delagente\/\"}]}<\/script>\n<!-- \/ Yoast SEO Premium plugin. -->","yoast_head_json":{"title":"En 2025, se asignaron m\u00e1s de $27.000 millones en Subsidio al Desempleo para apoyar a trabajadores cesantes en el Valle - Comfenalco Valle Delagente","robots":{"index":"index","follow":"follow","max-snippet":"max-snippet:-1","max-image-preview":"max-image-preview:large","max-video-preview":"max-video-preview:-1"},"canonical":"https:\/\/www.comfenalcovalle.com.co\/en-2025-se-asignaron-mas-de-27-000-millones-en-subsidio-al-desempleo-para-apoyar-a-trabajadores-cesantes-en-el-valle\/","og_locale":"en_US","og_type":"article","og_title":"En 2025, se asignaron m\u00e1s de $27.000 millones en Subsidio al Desempleo para apoyar a trabajadores cesantes en el Valle","og_description":"Un total de $27.439.533.000 entreg\u00f3 Comfenalco Valle Delagente por concepto de Subsidio de Desempleo a 6.058 personas, durante el a\u00f1o 2025. De esta cifra, $9.981.027.600 se pagaron en aportes a seguridad social y $11.081.610.525 en transferencia econ\u00f3mica a los beneficiarios. Este Subsidio de Desempleo fue entregado a los afiliados a Comfenalco Valle Delagente que se [&hellip;]","og_url":"https:\/\/www.comfenalcovalle.com.co\/en-2025-se-asignaron-mas-de-27-000-millones-en-subsidio-al-desempleo-para-apoyar-a-trabajadores-cesantes-en-el-valle\/","og_site_name":"Comfenalco Valle Delagente","article_published_time":"2026-02-10T14:37:25+00:00","article_modified_time":"2026-02-10T14:42:53+00:00","og_image":[{"width":813,"height":542,"url":"https:\/\/www.comfenalcovalle.com.co\/wp-content\/uploads\/2026\/02\/Subsidio-al-Desempleo-para-apoyar-a-trabajadores-cesantes.jpg","type":"image\/jpeg"}],"author":"Comunicaciones Comfenalco Valle delagente","twitter_card":"summary_large_image","twitter_misc":{"Written by":"Comunicaciones Comfenalco Valle delagente","Est. reading time":"4 minutes"},"schema":{"@context":"https:\/\/schema.org","@graph":[{"@type":"Article","@id":"https:\/\/www.comfenalcovalle.com.co\/en-2025-se-asignaron-mas-de-27-000-millones-en-subsidio-al-desempleo-para-apoyar-a-trabajadores-cesantes-en-el-valle\/#article","isPartOf":{"@id":"https:\/\/www.comfenalcovalle.com.co\/en-2025-se-asignaron-mas-de-27-000-millones-en-subsidio-al-desempleo-para-apoyar-a-trabajadores-cesantes-en-el-valle\/"},"author":{"name":"Comunicaciones Comfenalco Valle delagente","@id":"https:\/\/www.comfenalcovalle.com.co\/#\/schema\/person\/d4d8bcb299f88f97b06096cf6a21cb01"},"headline":"En 2025, se asignaron m\u00e1s de $27.000 millones en Subsidio al Desempleo para apoyar a trabajadores cesantes en el Valle","datePublished":"2026-02-10T14:37:25+00:00","dateModified":"2026-02-10T14:42:53+00:00","mainEntityOfPage":{"@id":"https:\/\/www.comfenalcovalle.com.co\/en-2025-se-asignaron-mas-de-27-000-millones-en-subsidio-al-desempleo-para-apoyar-a-trabajadores-cesantes-en-el-valle\/"},"wordCount":649,"publisher":{"@id":"https:\/\/www.comfenalcovalle.com.co\/#organization"},"image":{"@id":"https:\/\/www.comfenalcovalle.com.co\/en-2025-se-asignaron-mas-de-27-000-millones-en-subsidio-al-desempleo-para-apoyar-a-trabajadores-cesantes-en-el-valle\/#primaryimage"},"thumbnailUrl":"https:\/\/test.comfenalcovalle.com.co\/wp-content\/uploads\/2026\/02\/Subsidio-al-Desempleo-para-apoyar-a-trabajadores-cesantes.jpg","articleSection":["Agencia de empleo"],"inLanguage":"en-US"},{"@type":"WebPage","@id":"https:\/\/www.comfenalcovalle.com.co\/en-2025-se-asignaron-mas-de-27-000-millones-en-subsidio-al-desempleo-para-apoyar-a-trabajadores-cesantes-en-el-valle\/","url":"https:\/\/www.comfenalcovalle.com.co\/en-2025-se-asignaron-mas-de-27-000-millones-en-subsidio-al-desempleo-para-apoyar-a-trabajadores-cesantes-en-el-valle\/","name":"En 2025, se asignaron m\u00e1s de $27.000 millones en Subsidio al Desempleo para apoyar a trabajadores cesantes en el Valle - Comfenalco Valle Delagente","isPartOf":{"@id":"https:\/\/www.comfenalcovalle.com.co\/#website"},"primaryImageOfPage":{"@id":"https:\/\/www.comfenalcovalle.com.co\/en-2025-se-asignaron-mas-de-27-000-millones-en-subsidio-al-desempleo-para-apoyar-a-trabajadores-cesantes-en-el-valle\/#primaryimage"},"image":{"@id":"https:\/\/www.comfenalcovalle.com.co\/en-2025-se-asignaron-mas-de-27-000-millones-en-subsidio-al-desempleo-para-apoyar-a-trabajadores-cesantes-en-el-valle\/#primaryimage"},"thumbnailUrl":"https:\/\/test.comfenalcovalle.com.co\/wp-content\/uploads\/2026\/02\/Subsidio-al-Desempleo-para-apoyar-a-trabajadores-cesantes.jpg","datePublished":"2026-02-10T14:37:25+00:00","dateModified":"2026-02-10T14:42:53+00:00","breadcrumb":{"@id":"https:\/\/www.comfenalcovalle.com.co\/en-2025-se-asignaron-mas-de-27-000-millones-en-subsidio-al-desempleo-para-apoyar-a-trabajadores-cesantes-en-el-valle\/#breadcrumb"},"inLanguage":"en-US","potentialAction":[{"@type":"ReadAction","target":["https:\/\/www.comfenalcovalle.com.co\/en-2025-se-asignaron-mas-de-27-000-millones-en-subsidio-al-desempleo-para-apoyar-a-trabajadores-cesantes-en-el-valle\/"]}]},{"@type":"ImageObject","inLanguage":"en-US","@id":"https:\/\/www.comfenalcovalle.com.co\/en-2025-se-asignaron-mas-de-27-000-millones-en-subsidio-al-desempleo-para-apoyar-a-trabajadores-cesantes-en-el-valle\/#primaryimage","url":"https:\/\/test.comfenalcovalle.com.co\/wp-content\/uploads\/2026\/02\/Subsidio-al-Desempleo-para-apoyar-a-trabajadores-cesantes.jpg","contentUrl":"https:\/\/test.comfenalcovalle.com.co\/wp-content\/uploads\/2026\/02\/Subsidio-al-Desempleo-para-apoyar-a-trabajadores-cesantes.jpg","width":813,"height":542,"caption":"Subsidio al Desempleo para apoyar a trabajadores cesantes"},{"@type":"BreadcrumbList","@id":"https:\/\/www.comfenalcovalle.com.co\/en-2025-se-asignaron-mas-de-27-000-millones-en-subsidio-al-desempleo-para-apoyar-a-trabajadores-cesantes-en-el-valle\/#breadcrumb","itemListElement":[{"@type":"ListItem","position":1,"name":"Portada","item":"https:\/\/www.comfenalcovalle.com.co\/"},{"@type":"ListItem","position":2,"name":"En 2025, se asignaron m\u00e1s de $27.000 millones en Subsidio al Desempleo para apoyar a trabajadores cesantes en el Valle"}]},{"@type":"WebSite","@id":"https:\/\/www.comfenalcovalle.com.co\/#website","url":"https:\/\/www.comfenalcovalle.com.co\/","name":"Comfenalco Valle Delagente","description":"Comfenalco Valle Delagente compensation fund.","publisher":{"@id":"https:\/\/www.comfenalcovalle.com.co\/#organization"},"potentialAction":[{"@type":"SearchAction","target":{"@type":"EntryPoint","urlTemplate":"https:\/\/www.comfenalcovalle.com.co\/?s={search_term_string}"},"query-input":{"@type":"PropertyValueSpecification","valueRequired":true,"valueName":"search_term_string"}}],"inLanguage":"en-US"},{"@type":"Organization","@id":"https:\/\/www.comfenalcovalle.com.co\/#organization","name":"Comfenalco Valle Delagente","url":"https:\/\/www.comfenalcovalle.com.co\/","logo":{"@type":"ImageObject","inLanguage":"en-US","@id":"https:\/\/www.comfenalcovalle.com.co\/#\/schema\/logo\/image\/","url":"https:\/\/test.comfenalcovalle.com.co\/wp-content\/uploads\/2021\/06\/logo-comfe-cabecera-agencia-empelo-actualizado.png","contentUrl":"https:\/\/test.comfenalcovalle.com.co\/wp-content\/uploads\/2021\/06\/logo-comfe-cabecera-agencia-empelo-actualizado.png","width":500,"height":184,"caption":"Comfenalco Valle Delagente"},"image":{"@id":"https:\/\/www.comfenalcovalle.com.co\/#\/schema\/logo\/image\/"}},{"@type":"Person","@id":"https:\/\/www.comfenalcovalle.com.co\/#\/schema\/person\/d4d8bcb299f88f97b06096cf6a21cb01","name":"Communications Comfenalco Valle delagente","image":{"@type":"ImageObject","inLanguage":"en-US","@id":"https:\/\/www.comfenalcovalle.com.co\/#\/schema\/person\/image\/","url":"https:\/\/secure.gravatar.com\/avatar\/d1c29eb639a137df0ac8bfec50479e8d6ef564f7320f439d9d984504359ea6ee?s=96&d=mm&r=g","contentUrl":"https:\/\/secure.gravatar.com\/avatar\/d1c29eb639a137df0ac8bfec50479e8d6ef564f7320f439d9d984504359ea6ee?s=96&d=mm&r=g","caption":"Comunicaciones Comfenalco Valle delagente"},"url":"https:\/\/test.comfenalcovalle.com.co\/en\/author\/comunicaciones-comfenalco-valle-delagente\/"}]}},"publishpress_future_action":{"enabled":false,"date":"2026-05-10 07:54:10","action":"change-status","newStatus":"draft","terms":[],"taxonomy":"category","extraData":[]},"publishpress_future_workflow_manual_trigger":{"enabledWorkflows":[]},"_links":{"self":[{"href":"https:\/\/test.comfenalcovalle.com.co\/en\/wp-json\/wp\/v2\/posts\/675717","targetHints":{"allow":["GET"]}}],"collection":[{"href":"https:\/\/test.comfenalcovalle.com.co\/en\/wp-json\/wp\/v2\/posts"}],"about":[{"href":"https:\/\/test.comfenalcovalle.com.co\/en\/wp-json\/wp\/v2\/types\/post"}],"author":[{"embeddable":true,"href":"https:\/\/test.comfenalcovalle.com.co\/en\/wp-json\/wp\/v2\/users\/6"}],"replies":[{"embeddable":true,"href":"https:\/\/test.comfenalcovalle.com.co\/en\/wp-json\/wp\/v2\/comments?post=675717"}],"version-history":[{"count":0,"href":"https:\/\/test.comfenalcovalle.com.co\/en\/wp-json\/wp\/v2\/posts\/675717\/revisions"}],"wp:featuredmedia":[{"embeddable":true,"href":"https:\/\/test.comfenalcovalle.com.co\/en\/wp-json\/wp\/v2\/media\/675718"}],"wp:attachment":[{"href":"https:\/\/test.comfenalcovalle.com.co\/en\/wp-json\/wp\/v2\/media?parent=675717"}],"wp:term":[{"taxonomy":"category","embeddable":true,"href":"https:\/\/test.comfenalcovalle.com.co\/en\/wp-json\/wp\/v2\/categories?post=675717"},{"taxonomy":"post_tag","embeddable":true,"href":"https:\/\/test.comfenalcovalle.com.co\/en\/wp-json\/wp\/v2\/tags?post=675717"}],"curies":[{"name":"wp","href":"https:\/\/api.w.org\/{rel}","templated":true}]}}