{"id":673729,"date":"2026-01-19T14:19:21","date_gmt":"2026-01-19T19:19:21","guid":{"rendered":"https:\/\/test.comfenalcovalle.com.co\/?p=673729"},"modified":"2026-01-19T14:19:25","modified_gmt":"2026-01-19T19:19:25","slug":"empleo-sin-barreras-cerro-su-implementacion-con-resultados-que-fortalecen-la-inclusion-laboral-en-el-valle-del-cauca","status":"publish","type":"post","link":"https:\/\/test.comfenalcovalle.com.co\/en\/empleo-sin-barreras-cerro-su-implementacion-con-resultados-que-fortalecen-la-inclusion-laboral-en-el-valle-del-cauca\/","title":{"rendered":"Empleo Sin Barreras cerr\u00f3 su implementaci\u00f3n con resultados que fortalecen la inclusi\u00f3n laboral en el Valle del Cauca"},"content":{"rendered":"<p>En la Caja Delagente culminamos la implementaci\u00f3n del programa Empleo Sin Barreras, una estrategia integral orientada a promover la inclusi\u00f3n laboral de personas en situaci\u00f3n de vulnerabilidad, principalmente poblaci\u00f3n v\u00edctima del conflicto armado, reconociendo la necesidad de generar acciones focalizadas que contribuyan a superar barreras sociales, econ\u00f3micas y estructurales para el acceso a un empleo digno.<\/p>\n\n\n\n<p>Este programa tuvo como prop\u00f3sito la atenci\u00f3n de 330 personas, organizadas en 12 grupos poblacionales, y se desarroll\u00f3 en los municipios de Cali, Buenaventura, Palmira, Buga, Tulu\u00e1 y Cartago. Como resultado de su ejecuci\u00f3n, logramos la colocaci\u00f3n laboral de 115 participantes, de los cuales 82 corresponden a v\u00edctimas de desplazamiento forzado y 33 a otras poblaciones priorizadas.<\/p>\n\n\n\n<p>La implementaci\u00f3n de Empleo Sin Barreras se realiz\u00f3 bajo los lineamientos t\u00e9cnicos y operativos definidos por la Corporaci\u00f3n Volver a la Gente y el Servicio P\u00fablico de Empleo, los cuales adaptamos al contexto de intervenci\u00f3n que operamos desde nuestra Agencia de Empleo, garantizando una atenci\u00f3n cercana, pertinente y alineada con las realidades de los territorios.<\/p>\n\n\n\n<p>Durante el desarrollo del programa, generamos un impacto positivo en los participantes al enfocarnos en la inclusi\u00f3n laboral y en la mitigaci\u00f3n de barreras, fortaleciendo sus competencias individuales e interpersonales, ajustadas a \u00e1reas espec\u00edficas del mercado laboral, con el objetivo de facilitar el acceso a un empleo formal.<\/p>\n\n\n\n<p>En t\u00e9rminos de cobertura, superamos la meta inicial al vincular 365 personas, de las cuales el 64% son v\u00edctimas del conflicto armado y el 36% pertenecen a otros grupos poblacionales priorizados. Del total de participantes atendidos, el 49,5% fueron mujeres y el 50,5% hombres, reflejando nuestro compromiso con la equidad y la inclusi\u00f3n.<\/p>\n\n\n\n<p>El acompa\u00f1amiento se brind\u00f3 de manera individual, teniendo en cuenta la ruta de atenci\u00f3n de nuestra Agencia de Empleo, tanto en Cali como en nuestras regionales. De igual manera, trabajamos con las empresas en la transformaci\u00f3n de los paradigmas de gesti\u00f3n del talento humano, promoviendo ambientes laborales diversos, equitativos e inclusivos.<\/p>\n\n\n\n<p>Uno de los principales retos del programa fue la vinculaci\u00f3n de empresas que ofrecieran oportunidades de empleo formal acordes con los objetivos de la estrategia. Frente a este desaf\u00edo, contamos con la participaci\u00f3n activa de empresas aliadas, que permitieron la inclusi\u00f3n de los participantes en sus procesos de selecci\u00f3n y, en la mayor\u00eda de los casos, lograron al menos una vinculaci\u00f3n laboral.<\/p>\n\n\n\n<p>Desde la Caja Delagente reafirmamos nuestro compromiso con las poblaciones vulnerables, fortaleciendo alianzas con entidades p\u00fablicas y privadas, desarrollando programas y estrategias que contribuyan al fortalecimiento de capacidades, la generaci\u00f3n de oportunidades y la construcci\u00f3n de condiciones de vida dignas para las personas y sus familias.<\/p>\n\n\n\n<figure class=\"wp-block-gallery has-nested-images columns-default is-cropped wp-block-gallery-1 is-layout-flex wp-block-gallery-is-layout-flex\">\n<figure class=\"wp-block-image size-full is-style-default\"><img fetchpriority=\"high\" decoding=\"async\" width=\"1280\" height=\"567\" data-id=\"673733\" src=\"https:\/\/test.comfenalcovalle.com.co\/wp-content\/uploads\/2026\/01\/Empleo-Sin-Barreras-2.jpg\" alt=\"Empleo Sin Barreras\" class=\"wp-image-673733\" srcset=\"https:\/\/test.comfenalcovalle.com.co\/wp-content\/uploads\/2026\/01\/Empleo-Sin-Barreras-2.jpg 1280w, https:\/\/test.comfenalcovalle.com.co\/wp-content\/uploads\/2026\/01\/Empleo-Sin-Barreras-2-300x133.jpg 300w, https:\/\/test.comfenalcovalle.com.co\/wp-content\/uploads\/2026\/01\/Empleo-Sin-Barreras-2-1024x454.jpg 1024w, https:\/\/test.comfenalcovalle.com.co\/wp-content\/uploads\/2026\/01\/Empleo-Sin-Barreras-2-768x340.jpg 768w, https:\/\/test.comfenalcovalle.com.co\/wp-content\/uploads\/2026\/01\/Empleo-Sin-Barreras-2-18x8.jpg 18w\" sizes=\"(max-width: 1280px) 100vw, 1280px\" \/><\/figure>\n<\/figure>","protected":false},"excerpt":{"rendered":"<p>En la Caja Delagente culminamos la implementaci\u00f3n del programa Empleo Sin Barreras, una estrategia integral orientada a promover la inclusi\u00f3n laboral de personas en situaci\u00f3n de vulnerabilidad, principalmente poblaci\u00f3n v\u00edctima del conflicto armado, reconociendo la necesidad de generar acciones focalizadas que contribuyan a superar barreras sociales, econ\u00f3micas y estructurales para el acceso a un empleo [&hellip;]<\/p>","protected":false},"author":6,"featured_media":673732,"comment_status":"closed","ping_status":"closed","sticky":false,"template":"","format":"standard","meta":{"footnotes":""},"categories":[73],"tags":[],"class_list":["post-673729","post","type-post","status-publish","format-standard","has-post-thumbnail","hentry","category-agencia-de-empleo"],"yoast_head":"<!-- This site is optimized with the Yoast SEO Premium plugin v25.9 (Yoast SEO v25.9) - https:\/\/yoast.com\/wordpress\/plugins\/seo\/ -->\n<title>Empleo Sin Barreras cerr\u00f3 su implementaci\u00f3n con resultados que fortalecen la inclusi\u00f3n laboral en el Valle del Cauca - Comfenalco Valle Delagente<\/title>\n<meta name=\"description\" content=\"Empleo Sin Barreras, una estrategia integral orientada a promover la inclusi\u00f3n laboral de personas en situaci\u00f3n de vulnerabilidad.\" \/>\n<meta name=\"robots\" content=\"index, follow, max-snippet:-1, max-image-preview:large, max-video-preview:-1\" \/>\n<link rel=\"canonical\" href=\"https:\/\/www.comfenalcovalle.com.co\/empleo-sin-barreras-cerro-su-implementacion-con-resultados-que-fortalecen-la-inclusion-laboral-en-el-valle-del-cauca\/\" \/>\n<meta property=\"og:locale\" content=\"en_US\" \/>\n<meta property=\"og:type\" content=\"article\" \/>\n<meta property=\"og:title\" content=\"Empleo Sin Barreras cerr\u00f3 su implementaci\u00f3n con resultados que fortalecen la inclusi\u00f3n laboral en el Valle del Cauca\" \/>\n<meta property=\"og:description\" content=\"Empleo Sin Barreras, una estrategia integral orientada a promover la inclusi\u00f3n laboral de personas en situaci\u00f3n de vulnerabilidad.\" \/>\n<meta property=\"og:url\" content=\"https:\/\/www.comfenalcovalle.com.co\/empleo-sin-barreras-cerro-su-implementacion-con-resultados-que-fortalecen-la-inclusion-laboral-en-el-valle-del-cauca\/\" \/>\n<meta property=\"og:site_name\" content=\"Comfenalco Valle Delagente\" \/>\n<meta property=\"article:published_time\" content=\"2026-01-19T19:19:21+00:00\" \/>\n<meta property=\"article:modified_time\" content=\"2026-01-19T19:19:25+00:00\" \/>\n<meta property=\"og:image\" content=\"https:\/\/www.comfenalcovalle.com.co\/wp-content\/uploads\/2026\/01\/Empleo-Sin-Barreras-1.jpg\" \/>\n\t<meta property=\"og:image:width\" content=\"1080\" \/>\n\t<meta property=\"og:image:height\" content=\"812\" \/>\n\t<meta property=\"og:image:type\" content=\"image\/jpeg\" \/>\n<meta name=\"author\" content=\"Comunicaciones Comfenalco Valle delagente\" \/>\n<meta name=\"twitter:card\" content=\"summary_large_image\" \/>\n<meta name=\"twitter:label1\" content=\"Written by\" \/>\n\t<meta name=\"twitter:data1\" content=\"Comunicaciones Comfenalco Valle delagente\" \/>\n\t<meta name=\"twitter:label2\" content=\"Est. reading time\" \/>\n\t<meta name=\"twitter:data2\" content=\"3 minutes\" \/>\n<script type=\"application\/ld+json\" class=\"yoast-schema-graph\">{\"@context\":\"https:\/\/schema.org\",\"@graph\":[{\"@type\":\"Article\",\"@id\":\"https:\/\/www.comfenalcovalle.com.co\/empleo-sin-barreras-cerro-su-implementacion-con-resultados-que-fortalecen-la-inclusion-laboral-en-el-valle-del-cauca\/#article\",\"isPartOf\":{\"@id\":\"https:\/\/www.comfenalcovalle.com.co\/empleo-sin-barreras-cerro-su-implementacion-con-resultados-que-fortalecen-la-inclusion-laboral-en-el-valle-del-cauca\/\"},\"author\":{\"name\":\"Comunicaciones Comfenalco Valle delagente\",\"@id\":\"https:\/\/www.comfenalcovalle.com.co\/#\/schema\/person\/d4d8bcb299f88f97b06096cf6a21cb01\"},\"headline\":\"Empleo Sin Barreras cerr\u00f3 su implementaci\u00f3n con resultados que fortalecen la inclusi\u00f3n laboral en el Valle del Cauca\",\"datePublished\":\"2026-01-19T19:19:21+00:00\",\"dateModified\":\"2026-01-19T19:19:25+00:00\",\"mainEntityOfPage\":{\"@id\":\"https:\/\/www.comfenalcovalle.com.co\/empleo-sin-barreras-cerro-su-implementacion-con-resultados-que-fortalecen-la-inclusion-laboral-en-el-valle-del-cauca\/\"},\"wordCount\":475,\"publisher\":{\"@id\":\"https:\/\/www.comfenalcovalle.com.co\/#organization\"},\"image\":{\"@id\":\"https:\/\/www.comfenalcovalle.com.co\/empleo-sin-barreras-cerro-su-implementacion-con-resultados-que-fortalecen-la-inclusion-laboral-en-el-valle-del-cauca\/#primaryimage\"},\"thumbnailUrl\":\"https:\/\/test.comfenalcovalle.com.co\/wp-content\/uploads\/2026\/01\/Empleo-Sin-Barreras-1.jpg\",\"articleSection\":[\"Agencia de empleo\"],\"inLanguage\":\"en-US\"},{\"@type\":\"WebPage\",\"@id\":\"https:\/\/www.comfenalcovalle.com.co\/empleo-sin-barreras-cerro-su-implementacion-con-resultados-que-fortalecen-la-inclusion-laboral-en-el-valle-del-cauca\/\",\"url\":\"https:\/\/www.comfenalcovalle.com.co\/empleo-sin-barreras-cerro-su-implementacion-con-resultados-que-fortalecen-la-inclusion-laboral-en-el-valle-del-cauca\/\",\"name\":\"Empleo Sin Barreras cerr\u00f3 su implementaci\u00f3n con resultados que fortalecen la inclusi\u00f3n laboral en el Valle del Cauca - Comfenalco Valle Delagente\",\"isPartOf\":{\"@id\":\"https:\/\/www.comfenalcovalle.com.co\/#website\"},\"primaryImageOfPage\":{\"@id\":\"https:\/\/www.comfenalcovalle.com.co\/empleo-sin-barreras-cerro-su-implementacion-con-resultados-que-fortalecen-la-inclusion-laboral-en-el-valle-del-cauca\/#primaryimage\"},\"image\":{\"@id\":\"https:\/\/www.comfenalcovalle.com.co\/empleo-sin-barreras-cerro-su-implementacion-con-resultados-que-fortalecen-la-inclusion-laboral-en-el-valle-del-cauca\/#primaryimage\"},\"thumbnailUrl\":\"https:\/\/test.comfenalcovalle.com.co\/wp-content\/uploads\/2026\/01\/Empleo-Sin-Barreras-1.jpg\",\"datePublished\":\"2026-01-19T19:19:21+00:00\",\"dateModified\":\"2026-01-19T19:19:25+00:00\",\"description\":\"Empleo Sin Barreras, una estrategia integral orientada a promover la inclusi\u00f3n laboral de personas en situaci\u00f3n de vulnerabilidad.\",\"breadcrumb\":{\"@id\":\"https:\/\/www.comfenalcovalle.com.co\/empleo-sin-barreras-cerro-su-implementacion-con-resultados-que-fortalecen-la-inclusion-laboral-en-el-valle-del-cauca\/#breadcrumb\"},\"inLanguage\":\"en-US\",\"potentialAction\":[{\"@type\":\"ReadAction\",\"target\":[\"https:\/\/www.comfenalcovalle.com.co\/empleo-sin-barreras-cerro-su-implementacion-con-resultados-que-fortalecen-la-inclusion-laboral-en-el-valle-del-cauca\/\"]}]},{\"@type\":\"ImageObject\",\"inLanguage\":\"en-US\",\"@id\":\"https:\/\/www.comfenalcovalle.com.co\/empleo-sin-barreras-cerro-su-implementacion-con-resultados-que-fortalecen-la-inclusion-laboral-en-el-valle-del-cauca\/#primaryimage\",\"url\":\"https:\/\/test.comfenalcovalle.com.co\/wp-content\/uploads\/2026\/01\/Empleo-Sin-Barreras-1.jpg\",\"contentUrl\":\"https:\/\/test.comfenalcovalle.com.co\/wp-content\/uploads\/2026\/01\/Empleo-Sin-Barreras-1.jpg\",\"width\":1080,\"height\":812,\"caption\":\"Empleo Sin Barreras\"},{\"@type\":\"BreadcrumbList\",\"@id\":\"https:\/\/www.comfenalcovalle.com.co\/empleo-sin-barreras-cerro-su-implementacion-con-resultados-que-fortalecen-la-inclusion-laboral-en-el-valle-del-cauca\/#breadcrumb\",\"itemListElement\":[{\"@type\":\"ListItem\",\"position\":1,\"name\":\"Portada\",\"item\":\"https:\/\/www.comfenalcovalle.com.co\/\"},{\"@type\":\"ListItem\",\"position\":2,\"name\":\"Empleo Sin Barreras cerr\u00f3 su implementaci\u00f3n con resultados que fortalecen la inclusi\u00f3n laboral en el Valle del Cauca\"}]},{\"@type\":\"WebSite\",\"@id\":\"https:\/\/www.comfenalcovalle.com.co\/#website\",\"url\":\"https:\/\/www.comfenalcovalle.com.co\/\",\"name\":\"Comfenalco Valle Delagente\",\"description\":\"Caja de compensaci\u00f3n de Comfenalco Valle Delagente.\",\"publisher\":{\"@id\":\"https:\/\/www.comfenalcovalle.com.co\/#organization\"},\"potentialAction\":[{\"@type\":\"SearchAction\",\"target\":{\"@type\":\"EntryPoint\",\"urlTemplate\":\"https:\/\/www.comfenalcovalle.com.co\/?s={search_term_string}\"},\"query-input\":{\"@type\":\"PropertyValueSpecification\",\"valueRequired\":true,\"valueName\":\"search_term_string\"}}],\"inLanguage\":\"en-US\"},{\"@type\":\"Organization\",\"@id\":\"https:\/\/www.comfenalcovalle.com.co\/#organization\",\"name\":\"Comfenalco Valle Delagente\",\"url\":\"https:\/\/www.comfenalcovalle.com.co\/\",\"logo\":{\"@type\":\"ImageObject\",\"inLanguage\":\"en-US\",\"@id\":\"https:\/\/www.comfenalcovalle.com.co\/#\/schema\/logo\/image\/\",\"url\":\"https:\/\/test.comfenalcovalle.com.co\/wp-content\/uploads\/2021\/06\/logo-comfe-cabecera-agencia-empelo-actualizado.png\",\"contentUrl\":\"https:\/\/test.comfenalcovalle.com.co\/wp-content\/uploads\/2021\/06\/logo-comfe-cabecera-agencia-empelo-actualizado.png\",\"width\":500,\"height\":184,\"caption\":\"Comfenalco Valle Delagente\"},\"image\":{\"@id\":\"https:\/\/www.comfenalcovalle.com.co\/#\/schema\/logo\/image\/\"}},{\"@type\":\"Person\",\"@id\":\"https:\/\/www.comfenalcovalle.com.co\/#\/schema\/person\/d4d8bcb299f88f97b06096cf6a21cb01\",\"name\":\"Comunicaciones Comfenalco Valle delagente\",\"image\":{\"@type\":\"ImageObject\",\"inLanguage\":\"en-US\",\"@id\":\"https:\/\/www.comfenalcovalle.com.co\/#\/schema\/person\/image\/\",\"url\":\"https:\/\/secure.gravatar.com\/avatar\/d1c29eb639a137df0ac8bfec50479e8d6ef564f7320f439d9d984504359ea6ee?s=96&d=mm&r=g\",\"contentUrl\":\"https:\/\/secure.gravatar.com\/avatar\/d1c29eb639a137df0ac8bfec50479e8d6ef564f7320f439d9d984504359ea6ee?s=96&d=mm&r=g\",\"caption\":\"Comunicaciones Comfenalco Valle delagente\"},\"url\":\"https:\/\/test.comfenalcovalle.com.co\/en\/author\/comunicaciones-comfenalco-valle-delagente\/\"}]}<\/script>\n<!-- \/ Yoast SEO Premium plugin. -->","yoast_head_json":{"title":"Empleo Sin Barreras cerr\u00f3 su implementaci\u00f3n con resultados que fortalecen la inclusi\u00f3n laboral en el Valle del Cauca - Comfenalco Valle Delagente","description":"Empleo Sin Barreras, una estrategia integral orientada a promover la inclusi\u00f3n laboral de personas en situaci\u00f3n de vulnerabilidad.","robots":{"index":"index","follow":"follow","max-snippet":"max-snippet:-1","max-image-preview":"max-image-preview:large","max-video-preview":"max-video-preview:-1"},"canonical":"https:\/\/www.comfenalcovalle.com.co\/empleo-sin-barreras-cerro-su-implementacion-con-resultados-que-fortalecen-la-inclusion-laboral-en-el-valle-del-cauca\/","og_locale":"en_US","og_type":"article","og_title":"Empleo Sin Barreras cerr\u00f3 su implementaci\u00f3n con resultados que fortalecen la inclusi\u00f3n laboral en el Valle del Cauca","og_description":"Empleo Sin Barreras, una estrategia integral orientada a promover la inclusi\u00f3n laboral de personas en situaci\u00f3n de vulnerabilidad.","og_url":"https:\/\/www.comfenalcovalle.com.co\/empleo-sin-barreras-cerro-su-implementacion-con-resultados-que-fortalecen-la-inclusion-laboral-en-el-valle-del-cauca\/","og_site_name":"Comfenalco Valle Delagente","article_published_time":"2026-01-19T19:19:21+00:00","article_modified_time":"2026-01-19T19:19:25+00:00","og_image":[{"width":1080,"height":812,"url":"https:\/\/www.comfenalcovalle.com.co\/wp-content\/uploads\/2026\/01\/Empleo-Sin-Barreras-1.jpg","type":"image\/jpeg"}],"author":"Comunicaciones Comfenalco Valle delagente","twitter_card":"summary_large_image","twitter_misc":{"Written by":"Comunicaciones Comfenalco Valle delagente","Est. reading time":"3 minutes"},"schema":{"@context":"https:\/\/schema.org","@graph":[{"@type":"Article","@id":"https:\/\/www.comfenalcovalle.com.co\/empleo-sin-barreras-cerro-su-implementacion-con-resultados-que-fortalecen-la-inclusion-laboral-en-el-valle-del-cauca\/#article","isPartOf":{"@id":"https:\/\/www.comfenalcovalle.com.co\/empleo-sin-barreras-cerro-su-implementacion-con-resultados-que-fortalecen-la-inclusion-laboral-en-el-valle-del-cauca\/"},"author":{"name":"Comunicaciones Comfenalco Valle delagente","@id":"https:\/\/www.comfenalcovalle.com.co\/#\/schema\/person\/d4d8bcb299f88f97b06096cf6a21cb01"},"headline":"Empleo Sin Barreras cerr\u00f3 su implementaci\u00f3n con resultados que fortalecen la inclusi\u00f3n laboral en el Valle del Cauca","datePublished":"2026-01-19T19:19:21+00:00","dateModified":"2026-01-19T19:19:25+00:00","mainEntityOfPage":{"@id":"https:\/\/www.comfenalcovalle.com.co\/empleo-sin-barreras-cerro-su-implementacion-con-resultados-que-fortalecen-la-inclusion-laboral-en-el-valle-del-cauca\/"},"wordCount":475,"publisher":{"@id":"https:\/\/www.comfenalcovalle.com.co\/#organization"},"image":{"@id":"https:\/\/www.comfenalcovalle.com.co\/empleo-sin-barreras-cerro-su-implementacion-con-resultados-que-fortalecen-la-inclusion-laboral-en-el-valle-del-cauca\/#primaryimage"},"thumbnailUrl":"https:\/\/test.comfenalcovalle.com.co\/wp-content\/uploads\/2026\/01\/Empleo-Sin-Barreras-1.jpg","articleSection":["Agencia de empleo"],"inLanguage":"en-US"},{"@type":"WebPage","@id":"https:\/\/www.comfenalcovalle.com.co\/empleo-sin-barreras-cerro-su-implementacion-con-resultados-que-fortalecen-la-inclusion-laboral-en-el-valle-del-cauca\/","url":"https:\/\/www.comfenalcovalle.com.co\/empleo-sin-barreras-cerro-su-implementacion-con-resultados-que-fortalecen-la-inclusion-laboral-en-el-valle-del-cauca\/","name":"Empleo Sin Barreras cerr\u00f3 su implementaci\u00f3n con resultados que fortalecen la inclusi\u00f3n laboral en el Valle del Cauca - Comfenalco Valle Delagente","isPartOf":{"@id":"https:\/\/www.comfenalcovalle.com.co\/#website"},"primaryImageOfPage":{"@id":"https:\/\/www.comfenalcovalle.com.co\/empleo-sin-barreras-cerro-su-implementacion-con-resultados-que-fortalecen-la-inclusion-laboral-en-el-valle-del-cauca\/#primaryimage"},"image":{"@id":"https:\/\/www.comfenalcovalle.com.co\/empleo-sin-barreras-cerro-su-implementacion-con-resultados-que-fortalecen-la-inclusion-laboral-en-el-valle-del-cauca\/#primaryimage"},"thumbnailUrl":"https:\/\/test.comfenalcovalle.com.co\/wp-content\/uploads\/2026\/01\/Empleo-Sin-Barreras-1.jpg","datePublished":"2026-01-19T19:19:21+00:00","dateModified":"2026-01-19T19:19:25+00:00","description":"Empleo Sin Barreras, una estrategia integral orientada a promover la inclusi\u00f3n laboral de personas en situaci\u00f3n de vulnerabilidad.","breadcrumb":{"@id":"https:\/\/www.comfenalcovalle.com.co\/empleo-sin-barreras-cerro-su-implementacion-con-resultados-que-fortalecen-la-inclusion-laboral-en-el-valle-del-cauca\/#breadcrumb"},"inLanguage":"en-US","potentialAction":[{"@type":"ReadAction","target":["https:\/\/www.comfenalcovalle.com.co\/empleo-sin-barreras-cerro-su-implementacion-con-resultados-que-fortalecen-la-inclusion-laboral-en-el-valle-del-cauca\/"]}]},{"@type":"ImageObject","inLanguage":"en-US","@id":"https:\/\/www.comfenalcovalle.com.co\/empleo-sin-barreras-cerro-su-implementacion-con-resultados-que-fortalecen-la-inclusion-laboral-en-el-valle-del-cauca\/#primaryimage","url":"https:\/\/test.comfenalcovalle.com.co\/wp-content\/uploads\/2026\/01\/Empleo-Sin-Barreras-1.jpg","contentUrl":"https:\/\/test.comfenalcovalle.com.co\/wp-content\/uploads\/2026\/01\/Empleo-Sin-Barreras-1.jpg","width":1080,"height":812,"caption":"Empleo Sin Barreras"},{"@type":"BreadcrumbList","@id":"https:\/\/www.comfenalcovalle.com.co\/empleo-sin-barreras-cerro-su-implementacion-con-resultados-que-fortalecen-la-inclusion-laboral-en-el-valle-del-cauca\/#breadcrumb","itemListElement":[{"@type":"ListItem","position":1,"name":"Portada","item":"https:\/\/www.comfenalcovalle.com.co\/"},{"@type":"ListItem","position":2,"name":"Empleo Sin Barreras cerr\u00f3 su implementaci\u00f3n con resultados que fortalecen la inclusi\u00f3n laboral en el Valle del Cauca"}]},{"@type":"WebSite","@id":"https:\/\/www.comfenalcovalle.com.co\/#website","url":"https:\/\/www.comfenalcovalle.com.co\/","name":"Comfenalco Valle Delagente","description":"Comfenalco Valle Delagente compensation fund.","publisher":{"@id":"https:\/\/www.comfenalcovalle.com.co\/#organization"},"potentialAction":[{"@type":"SearchAction","target":{"@type":"EntryPoint","urlTemplate":"https:\/\/www.comfenalcovalle.com.co\/?s={search_term_string}"},"query-input":{"@type":"PropertyValueSpecification","valueRequired":true,"valueName":"search_term_string"}}],"inLanguage":"en-US"},{"@type":"Organization","@id":"https:\/\/www.comfenalcovalle.com.co\/#organization","name":"Comfenalco Valle Delagente","url":"https:\/\/www.comfenalcovalle.com.co\/","logo":{"@type":"ImageObject","inLanguage":"en-US","@id":"https:\/\/www.comfenalcovalle.com.co\/#\/schema\/logo\/image\/","url":"https:\/\/test.comfenalcovalle.com.co\/wp-content\/uploads\/2021\/06\/logo-comfe-cabecera-agencia-empelo-actualizado.png","contentUrl":"https:\/\/test.comfenalcovalle.com.co\/wp-content\/uploads\/2021\/06\/logo-comfe-cabecera-agencia-empelo-actualizado.png","width":500,"height":184,"caption":"Comfenalco Valle Delagente"},"image":{"@id":"https:\/\/www.comfenalcovalle.com.co\/#\/schema\/logo\/image\/"}},{"@type":"Person","@id":"https:\/\/www.comfenalcovalle.com.co\/#\/schema\/person\/d4d8bcb299f88f97b06096cf6a21cb01","name":"Communications Comfenalco Valle delagente","image":{"@type":"ImageObject","inLanguage":"en-US","@id":"https:\/\/www.comfenalcovalle.com.co\/#\/schema\/person\/image\/","url":"https:\/\/secure.gravatar.com\/avatar\/d1c29eb639a137df0ac8bfec50479e8d6ef564f7320f439d9d984504359ea6ee?s=96&d=mm&r=g","contentUrl":"https:\/\/secure.gravatar.com\/avatar\/d1c29eb639a137df0ac8bfec50479e8d6ef564f7320f439d9d984504359ea6ee?s=96&d=mm&r=g","caption":"Comunicaciones Comfenalco Valle delagente"},"url":"https:\/\/test.comfenalcovalle.com.co\/en\/author\/comunicaciones-comfenalco-valle-delagente\/"}]}},"publishpress_future_action":{"enabled":true,"date":"2026-05-20 05:55:00","action":"change-status","newStatus":"draft","terms":[0],"taxonomy":"category","extraData":[]},"publishpress_future_workflow_manual_trigger":{"enabledWorkflows":[]},"_links":{"self":[{"href":"https:\/\/test.comfenalcovalle.com.co\/en\/wp-json\/wp\/v2\/posts\/673729","targetHints":{"allow":["GET"]}}],"collection":[{"href":"https:\/\/test.comfenalcovalle.com.co\/en\/wp-json\/wp\/v2\/posts"}],"about":[{"href":"https:\/\/test.comfenalcovalle.com.co\/en\/wp-json\/wp\/v2\/types\/post"}],"author":[{"embeddable":true,"href":"https:\/\/test.comfenalcovalle.com.co\/en\/wp-json\/wp\/v2\/users\/6"}],"replies":[{"embeddable":true,"href":"https:\/\/test.comfenalcovalle.com.co\/en\/wp-json\/wp\/v2\/comments?post=673729"}],"version-history":[{"count":0,"href":"https:\/\/test.comfenalcovalle.com.co\/en\/wp-json\/wp\/v2\/posts\/673729\/revisions"}],"wp:featuredmedia":[{"embeddable":true,"href":"https:\/\/test.comfenalcovalle.com.co\/en\/wp-json\/wp\/v2\/media\/673732"}],"wp:attachment":[{"href":"https:\/\/test.comfenalcovalle.com.co\/en\/wp-json\/wp\/v2\/media?parent=673729"}],"wp:term":[{"taxonomy":"category","embeddable":true,"href":"https:\/\/test.comfenalcovalle.com.co\/en\/wp-json\/wp\/v2\/categories?post=673729"},{"taxonomy":"post_tag","embeddable":true,"href":"https:\/\/test.comfenalcovalle.com.co\/en\/wp-json\/wp\/v2\/tags?post=673729"}],"curies":[{"name":"wp","href":"https:\/\/api.w.org\/{rel}","templated":true}]}}