{"id":673528,"date":"2026-01-14T08:13:45","date_gmt":"2026-01-14T13:13:45","guid":{"rendered":"https:\/\/test.comfenalcovalle.com.co\/?p=673528"},"modified":"2026-01-14T08:13:45","modified_gmt":"2026-01-14T13:13:45","slug":"olga-liliana-nader-cardona-presidenta-de-la-fundacion-mensajeros-de-esperanza-mujer-cafam-valle-del-cauca-2025","status":"publish","type":"post","link":"https:\/\/test.comfenalcovalle.com.co\/en\/olga-liliana-nader-cardona-presidenta-de-la-fundacion-mensajeros-de-esperanza-mujer-cafam-valle-del-cauca-2025\/","title":{"rendered":"Olga Liliana Nader Cardona, presidenta de la Fundaci\u00f3n Mensajeros de Esperanza: Mujer Cafam Valle del Cauca 2025"},"content":{"rendered":"<p>Las Cajas de Compensaci\u00f3n Familiar del Valle del Cauca, Comfenalco Valle Delagente y Comfandi se enorgullecen en anunciar que Olga Liliana Nader Cardona ha sido elegida <strong>Mujer Cafam Valle del Cauca 2025<\/strong>. Este nombramiento se dio teniendo en cuenta su liderazgo social, visi\u00f3n humanista y compromiso inquebrantable con la formaci\u00f3n integral de ni\u00f1os y j\u00f3venes a trav\u00e9s de la m\u00fasica.<\/p>\n\n\n\n<p>Como presidenta de la <strong>Fundaci\u00f3n Mensajeros de Esperanza<\/strong>, Olga Liliana ha dedicado m\u00e1s de dos d\u00e9cadas a construir oportunidades en comunidades de Terr\u00f3n Colorado, Altos de Menga, Montebello, El Hormiguero y otros sectores de Cali y Yumbo. Su labor ha permitido que cientos de ni\u00f1os encuentren en la m\u00fasica un refugio, un prop\u00f3sito y un camino para transformar su proyecto de vida.<\/p>\n\n\n\n<p>Para Comfandi y Comfenalco Valle Delagente, Olga Liliana representa los valores que el Premio Mujer Cafam exalta: liderazgo, empat\u00eda, compromiso social y servicio al pa\u00eds. Su trabajo no solo forma m\u00fasicos, sino familias m\u00e1s fuertes y comunidades m\u00e1s unidas.<\/p>\n\n\n\n<p>La orquesta Mensajeros de Esperanza no solo interpreta melod\u00edas: interpreta sue\u00f1os. Y cada nota es testimonio de que cuando una mujer lidera con amor, el cambio se vuelve posible.<\/p>\n\n\n\n<h2 class=\"wp-block-heading has-medium-font-size\" id=\"h-trayectoria-y-legado-musica-que-cambia-destinos\"><strong>Trayectoria y legado: m\u00fasica que cambia destinos<\/strong><\/h2>\n\n\n\n<p>Cale\u00f1a, profesional en administraci\u00f3n de empresas y artista de coraz\u00f3n, Olga Liliana ha guiado la fundaci\u00f3n hacia un crecimiento sostenible y profundamente humano. Bajo su liderazgo, la orquesta juvenil pas\u00f3 de 40 a m\u00e1s de 170 ni\u00f1os activos cada a\u00f1o, integrando programas de cuerdas, vientos, percusi\u00f3n y procesos formativos que hoy son referente del Valle del Cauca.<\/p>\n\n\n\n<p>Quienes han vivido este proceso lo narran como una experiencia de vida:<\/p>\n\n\n\n<p>\u27a3 <em>\u201cPara mi hija todo empez\u00f3 como curiosidad y hoy, le ha dado alas a sus sue\u00f1os\u201d<\/em>, expres\u00f3 una madre de familia.<\/p>\n\n\n\n<p>\u27a3 <em>\u201cLa fundaci\u00f3n me ayud\u00f3 a vencer miedos y a expresar lo que soy\u201d<\/em>, cont\u00f3 una estudiante de 15 a\u00f1os.<\/p>\n\n\n\n<p>\u27a3 <em>\u201cUn ni\u00f1o que alza un instrumento, nunca alzar\u00e1 un arma\u201d<\/em>, afirma Valentina Tafur, miembro de la junta directiva.<\/p>\n\n\n\n<p>Liderazgo, arte y valores se integran en un modelo que fortalece no solo a los estudiantes, sino a sus hogares: disciplina, convivencia pac\u00edfica, comunicaci\u00f3n familiar y trabajo en equipo hacen parte del impacto que la fundaci\u00f3n siembra en las comunidades.<\/p>\n\n\n\n<h2 class=\"wp-block-heading has-medium-font-size\" id=\"h-una-gestora-social-incansable\"><strong>Una gestora social incansable<\/strong><\/h2>\n\n\n\n<p>Olga Liliana ha impulsado una visi\u00f3n de sostenibilidad basada en la uni\u00f3n comunitaria. Organiza bazares, pulgueros, rifas y actividades de recaudo; moviliza aliados; convoca a familias, docentes y voluntarios; e involucra a sus hijas, Gabriela y Valentina Tafur, quienes desde sus roles han apoyado la visibilizaci\u00f3n y crecimiento de la fundaci\u00f3n.<\/p>\n\n\n\n<p>Durante la pandemia, su liderazgo permiti\u00f3 que la actividad musical continuara sin interrupciones mediante clases virtuales y acompa\u00f1amiento emocional a las familias, evitando la deserci\u00f3n y reforzando el sentido de comunidad.<\/p>\n\n\n\n<h2 class=\"wp-block-heading has-medium-font-size\" id=\"h-proyeccion\"><strong>Proyecci\u00f3n<\/strong><\/h2>\n\n\n\n<p>Como representante del Valle del Cauca al 37\u00b0 Premio Cafam a la Mujer, Olga Liliana llevar\u00e1 al escenario nacional un mensaje de esperanza, resiliencia y poder transformador del arte.<\/p>\n\n\n\n<p>Sus metas proyectadas incluyen:<\/p>\n\n\n\n<p>\u27a3 Ampliar la cobertura de atenci\u00f3n.<br>\u27a3 Fortalecer el banco instrumental.<br>\u27a3 Consolidar un sistema permanente de becas.<br>\u27a3 Crear un centro de formaci\u00f3n musical que re\u00fana a todos los grupos en un mismo espacio.<\/p>\n\n\n\n<p>Su visi\u00f3n es clara: que cualquier ni\u00f1o, sin importar su origen, tenga acceso al arte y a la oportunidad de creer en s\u00ed mismo.<\/p>\n\n\n\n<p>Comfenalco Valle Delagente y Comfandi, felicitan a Olga Liliana Nader Cardona y reafirman su respaldo a su labor, su visi\u00f3n y su destacada representaci\u00f3n del Valle del Cauca ante el pa\u00eds.<\/p>\n\n\n\n<p>Gracias por divulgar esta informaci\u00f3n.<\/p>\n\n\n\n<p><strong>Comfenalco Valle Delagente.<\/strong><br><strong>Comfandi.<\/strong><br><strong>Cajas de Compensaci\u00f3n Familiar del Valle del Cauca.<\/strong><\/p>","protected":false},"excerpt":{"rendered":"<p>Las Cajas de Compensaci\u00f3n Familiar del Valle del Cauca, Comfenalco Valle Delagente y Comfandi se enorgullecen en anunciar que Olga Liliana Nader Cardona ha sido elegida Mujer Cafam Valle del Cauca 2025. Este nombramiento se dio teniendo en cuenta su liderazgo social, visi\u00f3n humanista y compromiso inquebrantable con la formaci\u00f3n integral de ni\u00f1os y j\u00f3venes [&hellip;]<\/p>","protected":false},"author":6,"featured_media":673530,"comment_status":"closed","ping_status":"closed","sticky":false,"template":"","format":"standard","meta":{"footnotes":""},"categories":[72],"tags":[],"class_list":["post-673528","post","type-post","status-publish","format-standard","has-post-thumbnail","hentry","category-corporativo"],"yoast_head":"<!-- This site is optimized with the Yoast SEO Premium plugin v25.9 (Yoast SEO v25.9) - https:\/\/yoast.com\/wordpress\/plugins\/seo\/ -->\n<title>Olga Liliana Nader Cardona, presidenta de la Fundaci\u00f3n Mensajeros de Esperanza: Mujer Cafam Valle del Cauca 2025 - Comfenalco Valle Delagente<\/title>\n<meta name=\"description\" content=\"M\u00e1s de 20 a\u00f1os transformando vidas a trav\u00e9s de la m\u00fasica en Cali y Yumbo. Representar\u00e1 en marzo del 2026, al departamento en la edici\u00f3n 37 del Premio Cafam a la Mujer.\" \/>\n<meta name=\"robots\" content=\"index, follow, max-snippet:-1, max-image-preview:large, max-video-preview:-1\" \/>\n<link rel=\"canonical\" href=\"https:\/\/www.comfenalcovalle.com.co\/olga-liliana-nader-cardona-presidenta-de-la-fundacion-mensajeros-de-esperanza-mujer-cafam-valle-del-cauca-2025\/\" \/>\n<meta property=\"og:locale\" content=\"en_US\" \/>\n<meta property=\"og:type\" content=\"article\" \/>\n<meta property=\"og:title\" content=\"Olga Liliana Nader Cardona, presidenta de la Fundaci\u00f3n Mensajeros de Esperanza: Mujer Cafam Valle del Cauca 2025\" \/>\n<meta property=\"og:description\" content=\"M\u00e1s de 20 a\u00f1os transformando vidas a trav\u00e9s de la m\u00fasica en Cali y Yumbo. Representar\u00e1 en marzo del 2026, al departamento en la edici\u00f3n 37 del Premio Cafam a la Mujer.\" \/>\n<meta property=\"og:url\" content=\"https:\/\/www.comfenalcovalle.com.co\/olga-liliana-nader-cardona-presidenta-de-la-fundacion-mensajeros-de-esperanza-mujer-cafam-valle-del-cauca-2025\/\" \/>\n<meta property=\"og:site_name\" content=\"Comfenalco Valle Delagente\" \/>\n<meta property=\"article:published_time\" content=\"2026-01-14T13:13:45+00:00\" \/>\n<meta property=\"og:image\" content=\"https:\/\/www.comfenalcovalle.com.co\/wp-content\/uploads\/2026\/01\/Olga-Liliana-Nader-Cardona.jpeg\" \/>\n\t<meta property=\"og:image:width\" content=\"1080\" \/>\n\t<meta property=\"og:image:height\" content=\"1080\" \/>\n\t<meta property=\"og:image:type\" content=\"image\/jpeg\" \/>\n<meta name=\"author\" content=\"Comunicaciones Comfenalco Valle delagente\" \/>\n<meta name=\"twitter:card\" content=\"summary_large_image\" \/>\n<meta name=\"twitter:label1\" content=\"Written by\" \/>\n\t<meta name=\"twitter:data1\" content=\"Comunicaciones Comfenalco Valle delagente\" \/>\n\t<meta name=\"twitter:label2\" content=\"Est. reading time\" \/>\n\t<meta name=\"twitter:data2\" content=\"3 minutes\" \/>\n<script type=\"application\/ld+json\" class=\"yoast-schema-graph\">{\"@context\":\"https:\/\/schema.org\",\"@graph\":[{\"@type\":\"Article\",\"@id\":\"https:\/\/www.comfenalcovalle.com.co\/olga-liliana-nader-cardona-presidenta-de-la-fundacion-mensajeros-de-esperanza-mujer-cafam-valle-del-cauca-2025\/#article\",\"isPartOf\":{\"@id\":\"https:\/\/www.comfenalcovalle.com.co\/olga-liliana-nader-cardona-presidenta-de-la-fundacion-mensajeros-de-esperanza-mujer-cafam-valle-del-cauca-2025\/\"},\"author\":{\"name\":\"Comunicaciones Comfenalco Valle delagente\",\"@id\":\"https:\/\/www.comfenalcovalle.com.co\/#\/schema\/person\/d4d8bcb299f88f97b06096cf6a21cb01\"},\"headline\":\"Olga Liliana Nader Cardona, presidenta de la Fundaci\u00f3n Mensajeros de Esperanza: Mujer Cafam Valle del Cauca 2025\",\"datePublished\":\"2026-01-14T13:13:45+00:00\",\"mainEntityOfPage\":{\"@id\":\"https:\/\/www.comfenalcovalle.com.co\/olga-liliana-nader-cardona-presidenta-de-la-fundacion-mensajeros-de-esperanza-mujer-cafam-valle-del-cauca-2025\/\"},\"wordCount\":653,\"publisher\":{\"@id\":\"https:\/\/www.comfenalcovalle.com.co\/#organization\"},\"image\":{\"@id\":\"https:\/\/www.comfenalcovalle.com.co\/olga-liliana-nader-cardona-presidenta-de-la-fundacion-mensajeros-de-esperanza-mujer-cafam-valle-del-cauca-2025\/#primaryimage\"},\"thumbnailUrl\":\"https:\/\/test.comfenalcovalle.com.co\/wp-content\/uploads\/2026\/01\/Olga-Liliana-Nader-Cardona.jpeg\",\"articleSection\":[\"Corporativo\"],\"inLanguage\":\"en-US\"},{\"@type\":\"WebPage\",\"@id\":\"https:\/\/www.comfenalcovalle.com.co\/olga-liliana-nader-cardona-presidenta-de-la-fundacion-mensajeros-de-esperanza-mujer-cafam-valle-del-cauca-2025\/\",\"url\":\"https:\/\/www.comfenalcovalle.com.co\/olga-liliana-nader-cardona-presidenta-de-la-fundacion-mensajeros-de-esperanza-mujer-cafam-valle-del-cauca-2025\/\",\"name\":\"Olga Liliana Nader Cardona, presidenta de la Fundaci\u00f3n Mensajeros de Esperanza: Mujer Cafam Valle del Cauca 2025 - Comfenalco Valle Delagente\",\"isPartOf\":{\"@id\":\"https:\/\/www.comfenalcovalle.com.co\/#website\"},\"primaryImageOfPage\":{\"@id\":\"https:\/\/www.comfenalcovalle.com.co\/olga-liliana-nader-cardona-presidenta-de-la-fundacion-mensajeros-de-esperanza-mujer-cafam-valle-del-cauca-2025\/#primaryimage\"},\"image\":{\"@id\":\"https:\/\/www.comfenalcovalle.com.co\/olga-liliana-nader-cardona-presidenta-de-la-fundacion-mensajeros-de-esperanza-mujer-cafam-valle-del-cauca-2025\/#primaryimage\"},\"thumbnailUrl\":\"https:\/\/test.comfenalcovalle.com.co\/wp-content\/uploads\/2026\/01\/Olga-Liliana-Nader-Cardona.jpeg\",\"datePublished\":\"2026-01-14T13:13:45+00:00\",\"description\":\"M\u00e1s de 20 a\u00f1os transformando vidas a trav\u00e9s de la m\u00fasica en Cali y Yumbo. Representar\u00e1 en marzo del 2026, al departamento en la edici\u00f3n 37 del Premio Cafam a la Mujer.\",\"breadcrumb\":{\"@id\":\"https:\/\/www.comfenalcovalle.com.co\/olga-liliana-nader-cardona-presidenta-de-la-fundacion-mensajeros-de-esperanza-mujer-cafam-valle-del-cauca-2025\/#breadcrumb\"},\"inLanguage\":\"en-US\",\"potentialAction\":[{\"@type\":\"ReadAction\",\"target\":[\"https:\/\/www.comfenalcovalle.com.co\/olga-liliana-nader-cardona-presidenta-de-la-fundacion-mensajeros-de-esperanza-mujer-cafam-valle-del-cauca-2025\/\"]}]},{\"@type\":\"ImageObject\",\"inLanguage\":\"en-US\",\"@id\":\"https:\/\/www.comfenalcovalle.com.co\/olga-liliana-nader-cardona-presidenta-de-la-fundacion-mensajeros-de-esperanza-mujer-cafam-valle-del-cauca-2025\/#primaryimage\",\"url\":\"https:\/\/test.comfenalcovalle.com.co\/wp-content\/uploads\/2026\/01\/Olga-Liliana-Nader-Cardona.jpeg\",\"contentUrl\":\"https:\/\/test.comfenalcovalle.com.co\/wp-content\/uploads\/2026\/01\/Olga-Liliana-Nader-Cardona.jpeg\",\"width\":1080,\"height\":1080,\"caption\":\"Olga Liliana Nader Cardona\"},{\"@type\":\"BreadcrumbList\",\"@id\":\"https:\/\/www.comfenalcovalle.com.co\/olga-liliana-nader-cardona-presidenta-de-la-fundacion-mensajeros-de-esperanza-mujer-cafam-valle-del-cauca-2025\/#breadcrumb\",\"itemListElement\":[{\"@type\":\"ListItem\",\"position\":1,\"name\":\"Portada\",\"item\":\"https:\/\/www.comfenalcovalle.com.co\/\"},{\"@type\":\"ListItem\",\"position\":2,\"name\":\"Olga Liliana Nader Cardona, presidenta de la Fundaci\u00f3n Mensajeros de Esperanza: Mujer Cafam Valle del Cauca 2025\"}]},{\"@type\":\"WebSite\",\"@id\":\"https:\/\/www.comfenalcovalle.com.co\/#website\",\"url\":\"https:\/\/www.comfenalcovalle.com.co\/\",\"name\":\"Comfenalco Valle Delagente\",\"description\":\"Caja de compensaci\u00f3n de Comfenalco Valle Delagente.\",\"publisher\":{\"@id\":\"https:\/\/www.comfenalcovalle.com.co\/#organization\"},\"potentialAction\":[{\"@type\":\"SearchAction\",\"target\":{\"@type\":\"EntryPoint\",\"urlTemplate\":\"https:\/\/www.comfenalcovalle.com.co\/?s={search_term_string}\"},\"query-input\":{\"@type\":\"PropertyValueSpecification\",\"valueRequired\":true,\"valueName\":\"search_term_string\"}}],\"inLanguage\":\"en-US\"},{\"@type\":\"Organization\",\"@id\":\"https:\/\/www.comfenalcovalle.com.co\/#organization\",\"name\":\"Comfenalco Valle Delagente\",\"url\":\"https:\/\/www.comfenalcovalle.com.co\/\",\"logo\":{\"@type\":\"ImageObject\",\"inLanguage\":\"en-US\",\"@id\":\"https:\/\/www.comfenalcovalle.com.co\/#\/schema\/logo\/image\/\",\"url\":\"https:\/\/test.comfenalcovalle.com.co\/wp-content\/uploads\/2021\/06\/logo-comfe-cabecera-agencia-empelo-actualizado.png\",\"contentUrl\":\"https:\/\/test.comfenalcovalle.com.co\/wp-content\/uploads\/2021\/06\/logo-comfe-cabecera-agencia-empelo-actualizado.png\",\"width\":500,\"height\":184,\"caption\":\"Comfenalco Valle Delagente\"},\"image\":{\"@id\":\"https:\/\/www.comfenalcovalle.com.co\/#\/schema\/logo\/image\/\"}},{\"@type\":\"Person\",\"@id\":\"https:\/\/www.comfenalcovalle.com.co\/#\/schema\/person\/d4d8bcb299f88f97b06096cf6a21cb01\",\"name\":\"Comunicaciones Comfenalco Valle delagente\",\"image\":{\"@type\":\"ImageObject\",\"inLanguage\":\"en-US\",\"@id\":\"https:\/\/www.comfenalcovalle.com.co\/#\/schema\/person\/image\/\",\"url\":\"https:\/\/secure.gravatar.com\/avatar\/d1c29eb639a137df0ac8bfec50479e8d6ef564f7320f439d9d984504359ea6ee?s=96&d=mm&r=g\",\"contentUrl\":\"https:\/\/secure.gravatar.com\/avatar\/d1c29eb639a137df0ac8bfec50479e8d6ef564f7320f439d9d984504359ea6ee?s=96&d=mm&r=g\",\"caption\":\"Comunicaciones Comfenalco Valle delagente\"},\"url\":\"https:\/\/test.comfenalcovalle.com.co\/en\/author\/comunicaciones-comfenalco-valle-delagente\/\"}]}<\/script>\n<!-- \/ Yoast SEO Premium plugin. -->","yoast_head_json":{"title":"Olga Liliana Nader Cardona, presidenta de la Fundaci\u00f3n Mensajeros de Esperanza: Mujer Cafam Valle del Cauca 2025 - Comfenalco Valle Delagente","description":"M\u00e1s de 20 a\u00f1os transformando vidas a trav\u00e9s de la m\u00fasica en Cali y Yumbo. Representar\u00e1 en marzo del 2026, al departamento en la edici\u00f3n 37 del Premio Cafam a la Mujer.","robots":{"index":"index","follow":"follow","max-snippet":"max-snippet:-1","max-image-preview":"max-image-preview:large","max-video-preview":"max-video-preview:-1"},"canonical":"https:\/\/www.comfenalcovalle.com.co\/olga-liliana-nader-cardona-presidenta-de-la-fundacion-mensajeros-de-esperanza-mujer-cafam-valle-del-cauca-2025\/","og_locale":"en_US","og_type":"article","og_title":"Olga Liliana Nader Cardona, presidenta de la Fundaci\u00f3n Mensajeros de Esperanza: Mujer Cafam Valle del Cauca 2025","og_description":"M\u00e1s de 20 a\u00f1os transformando vidas a trav\u00e9s de la m\u00fasica en Cali y Yumbo. Representar\u00e1 en marzo del 2026, al departamento en la edici\u00f3n 37 del Premio Cafam a la Mujer.","og_url":"https:\/\/www.comfenalcovalle.com.co\/olga-liliana-nader-cardona-presidenta-de-la-fundacion-mensajeros-de-esperanza-mujer-cafam-valle-del-cauca-2025\/","og_site_name":"Comfenalco Valle Delagente","article_published_time":"2026-01-14T13:13:45+00:00","og_image":[{"width":1080,"height":1080,"url":"https:\/\/www.comfenalcovalle.com.co\/wp-content\/uploads\/2026\/01\/Olga-Liliana-Nader-Cardona.jpeg","type":"image\/jpeg"}],"author":"Comunicaciones Comfenalco Valle delagente","twitter_card":"summary_large_image","twitter_misc":{"Written by":"Comunicaciones Comfenalco Valle delagente","Est. reading time":"3 minutes"},"schema":{"@context":"https:\/\/schema.org","@graph":[{"@type":"Article","@id":"https:\/\/www.comfenalcovalle.com.co\/olga-liliana-nader-cardona-presidenta-de-la-fundacion-mensajeros-de-esperanza-mujer-cafam-valle-del-cauca-2025\/#article","isPartOf":{"@id":"https:\/\/www.comfenalcovalle.com.co\/olga-liliana-nader-cardona-presidenta-de-la-fundacion-mensajeros-de-esperanza-mujer-cafam-valle-del-cauca-2025\/"},"author":{"name":"Comunicaciones Comfenalco Valle delagente","@id":"https:\/\/www.comfenalcovalle.com.co\/#\/schema\/person\/d4d8bcb299f88f97b06096cf6a21cb01"},"headline":"Olga Liliana Nader Cardona, presidenta de la Fundaci\u00f3n Mensajeros de Esperanza: Mujer Cafam Valle del Cauca 2025","datePublished":"2026-01-14T13:13:45+00:00","mainEntityOfPage":{"@id":"https:\/\/www.comfenalcovalle.com.co\/olga-liliana-nader-cardona-presidenta-de-la-fundacion-mensajeros-de-esperanza-mujer-cafam-valle-del-cauca-2025\/"},"wordCount":653,"publisher":{"@id":"https:\/\/www.comfenalcovalle.com.co\/#organization"},"image":{"@id":"https:\/\/www.comfenalcovalle.com.co\/olga-liliana-nader-cardona-presidenta-de-la-fundacion-mensajeros-de-esperanza-mujer-cafam-valle-del-cauca-2025\/#primaryimage"},"thumbnailUrl":"https:\/\/test.comfenalcovalle.com.co\/wp-content\/uploads\/2026\/01\/Olga-Liliana-Nader-Cardona.jpeg","articleSection":["Corporativo"],"inLanguage":"en-US"},{"@type":"WebPage","@id":"https:\/\/www.comfenalcovalle.com.co\/olga-liliana-nader-cardona-presidenta-de-la-fundacion-mensajeros-de-esperanza-mujer-cafam-valle-del-cauca-2025\/","url":"https:\/\/www.comfenalcovalle.com.co\/olga-liliana-nader-cardona-presidenta-de-la-fundacion-mensajeros-de-esperanza-mujer-cafam-valle-del-cauca-2025\/","name":"Olga Liliana Nader Cardona, presidenta de la Fundaci\u00f3n Mensajeros de Esperanza: Mujer Cafam Valle del Cauca 2025 - Comfenalco Valle Delagente","isPartOf":{"@id":"https:\/\/www.comfenalcovalle.com.co\/#website"},"primaryImageOfPage":{"@id":"https:\/\/www.comfenalcovalle.com.co\/olga-liliana-nader-cardona-presidenta-de-la-fundacion-mensajeros-de-esperanza-mujer-cafam-valle-del-cauca-2025\/#primaryimage"},"image":{"@id":"https:\/\/www.comfenalcovalle.com.co\/olga-liliana-nader-cardona-presidenta-de-la-fundacion-mensajeros-de-esperanza-mujer-cafam-valle-del-cauca-2025\/#primaryimage"},"thumbnailUrl":"https:\/\/test.comfenalcovalle.com.co\/wp-content\/uploads\/2026\/01\/Olga-Liliana-Nader-Cardona.jpeg","datePublished":"2026-01-14T13:13:45+00:00","description":"M\u00e1s de 20 a\u00f1os transformando vidas a trav\u00e9s de la m\u00fasica en Cali y Yumbo. Representar\u00e1 en marzo del 2026, al departamento en la edici\u00f3n 37 del Premio Cafam a la Mujer.","breadcrumb":{"@id":"https:\/\/www.comfenalcovalle.com.co\/olga-liliana-nader-cardona-presidenta-de-la-fundacion-mensajeros-de-esperanza-mujer-cafam-valle-del-cauca-2025\/#breadcrumb"},"inLanguage":"en-US","potentialAction":[{"@type":"ReadAction","target":["https:\/\/www.comfenalcovalle.com.co\/olga-liliana-nader-cardona-presidenta-de-la-fundacion-mensajeros-de-esperanza-mujer-cafam-valle-del-cauca-2025\/"]}]},{"@type":"ImageObject","inLanguage":"en-US","@id":"https:\/\/www.comfenalcovalle.com.co\/olga-liliana-nader-cardona-presidenta-de-la-fundacion-mensajeros-de-esperanza-mujer-cafam-valle-del-cauca-2025\/#primaryimage","url":"https:\/\/test.comfenalcovalle.com.co\/wp-content\/uploads\/2026\/01\/Olga-Liliana-Nader-Cardona.jpeg","contentUrl":"https:\/\/test.comfenalcovalle.com.co\/wp-content\/uploads\/2026\/01\/Olga-Liliana-Nader-Cardona.jpeg","width":1080,"height":1080,"caption":"Olga Liliana Nader Cardona"},{"@type":"BreadcrumbList","@id":"https:\/\/www.comfenalcovalle.com.co\/olga-liliana-nader-cardona-presidenta-de-la-fundacion-mensajeros-de-esperanza-mujer-cafam-valle-del-cauca-2025\/#breadcrumb","itemListElement":[{"@type":"ListItem","position":1,"name":"Portada","item":"https:\/\/www.comfenalcovalle.com.co\/"},{"@type":"ListItem","position":2,"name":"Olga Liliana Nader Cardona, presidenta de la Fundaci\u00f3n Mensajeros de Esperanza: Mujer Cafam Valle del Cauca 2025"}]},{"@type":"WebSite","@id":"https:\/\/www.comfenalcovalle.com.co\/#website","url":"https:\/\/www.comfenalcovalle.com.co\/","name":"Comfenalco Valle Delagente","description":"Comfenalco Valle Delagente compensation fund.","publisher":{"@id":"https:\/\/www.comfenalcovalle.com.co\/#organization"},"potentialAction":[{"@type":"SearchAction","target":{"@type":"EntryPoint","urlTemplate":"https:\/\/www.comfenalcovalle.com.co\/?s={search_term_string}"},"query-input":{"@type":"PropertyValueSpecification","valueRequired":true,"valueName":"search_term_string"}}],"inLanguage":"en-US"},{"@type":"Organization","@id":"https:\/\/www.comfenalcovalle.com.co\/#organization","name":"Comfenalco Valle Delagente","url":"https:\/\/www.comfenalcovalle.com.co\/","logo":{"@type":"ImageObject","inLanguage":"en-US","@id":"https:\/\/www.comfenalcovalle.com.co\/#\/schema\/logo\/image\/","url":"https:\/\/test.comfenalcovalle.com.co\/wp-content\/uploads\/2021\/06\/logo-comfe-cabecera-agencia-empelo-actualizado.png","contentUrl":"https:\/\/test.comfenalcovalle.com.co\/wp-content\/uploads\/2021\/06\/logo-comfe-cabecera-agencia-empelo-actualizado.png","width":500,"height":184,"caption":"Comfenalco Valle Delagente"},"image":{"@id":"https:\/\/www.comfenalcovalle.com.co\/#\/schema\/logo\/image\/"}},{"@type":"Person","@id":"https:\/\/www.comfenalcovalle.com.co\/#\/schema\/person\/d4d8bcb299f88f97b06096cf6a21cb01","name":"Communications Comfenalco Valle delagente","image":{"@type":"ImageObject","inLanguage":"en-US","@id":"https:\/\/www.comfenalcovalle.com.co\/#\/schema\/person\/image\/","url":"https:\/\/secure.gravatar.com\/avatar\/d1c29eb639a137df0ac8bfec50479e8d6ef564f7320f439d9d984504359ea6ee?s=96&d=mm&r=g","contentUrl":"https:\/\/secure.gravatar.com\/avatar\/d1c29eb639a137df0ac8bfec50479e8d6ef564f7320f439d9d984504359ea6ee?s=96&d=mm&r=g","caption":"Comunicaciones Comfenalco Valle delagente"},"url":"https:\/\/test.comfenalcovalle.com.co\/en\/author\/comunicaciones-comfenalco-valle-delagente\/"}]}},"publishpress_future_action":{"enabled":false,"date":"2026-05-08 12:58:49","action":"change-status","newStatus":"draft","terms":[],"taxonomy":"category","extraData":[]},"publishpress_future_workflow_manual_trigger":{"enabledWorkflows":[]},"_links":{"self":[{"href":"https:\/\/test.comfenalcovalle.com.co\/en\/wp-json\/wp\/v2\/posts\/673528","targetHints":{"allow":["GET"]}}],"collection":[{"href":"https:\/\/test.comfenalcovalle.com.co\/en\/wp-json\/wp\/v2\/posts"}],"about":[{"href":"https:\/\/test.comfenalcovalle.com.co\/en\/wp-json\/wp\/v2\/types\/post"}],"author":[{"embeddable":true,"href":"https:\/\/test.comfenalcovalle.com.co\/en\/wp-json\/wp\/v2\/users\/6"}],"replies":[{"embeddable":true,"href":"https:\/\/test.comfenalcovalle.com.co\/en\/wp-json\/wp\/v2\/comments?post=673528"}],"version-history":[{"count":0,"href":"https:\/\/test.comfenalcovalle.com.co\/en\/wp-json\/wp\/v2\/posts\/673528\/revisions"}],"wp:featuredmedia":[{"embeddable":true,"href":"https:\/\/test.comfenalcovalle.com.co\/en\/wp-json\/wp\/v2\/media\/673530"}],"wp:attachment":[{"href":"https:\/\/test.comfenalcovalle.com.co\/en\/wp-json\/wp\/v2\/media?parent=673528"}],"wp:term":[{"taxonomy":"category","embeddable":true,"href":"https:\/\/test.comfenalcovalle.com.co\/en\/wp-json\/wp\/v2\/categories?post=673528"},{"taxonomy":"post_tag","embeddable":true,"href":"https:\/\/test.comfenalcovalle.com.co\/en\/wp-json\/wp\/v2\/tags?post=673528"}],"curies":[{"name":"wp","href":"https:\/\/api.w.org\/{rel}","templated":true}]}}