{"id":672543,"date":"2025-12-19T07:57:45","date_gmt":"2025-12-19T12:57:45","guid":{"rendered":"https:\/\/test.comfenalcovalle.com.co\/?p=672543"},"modified":"2025-12-19T09:09:36","modified_gmt":"2025-12-19T14:09:36","slug":"campeones-de-la-copa-centro-del-valle-en-buga","status":"publish","type":"post","link":"https:\/\/test.comfenalcovalle.com.co\/en\/campeones-de-la-copa-centro-del-valle-en-buga\/","title":{"rendered":"Campeones de la Copa Centro del Valle en Buga"},"content":{"rendered":"<div data-elementor-type=\"wp-post\" data-elementor-id=\"672543\" class=\"elementor elementor-672543\" data-elementor-post-type=\"post\">\n\t\t\t\t<div class=\"elementor-element elementor-element-553e53b2 e-flex e-con-boxed e-con e-parent\" data-id=\"553e53b2\" data-element_type=\"container\">\n\t\t\t\t\t<div class=\"e-con-inner\">\n\t\t\t\t<div class=\"elementor-element elementor-element-4539ba97 elementor-widget elementor-widget-text-editor\" data-id=\"4539ba97\" data-element_type=\"widget\" data-widget_type=\"text-editor.default\">\n\t\t\t\t<div class=\"elementor-widget-container\">\n\t\t\t\t\t\t\t\t\t\n<p>El pasado 14 de diciembre, los ni\u00f1os de la categor\u00eda Sub-12 de la Academia Deportiva en la disciplina de f\u00fatbol del Centro Recreacional y Deportivo Club Guadalajara de Comfenalco Valle Delagente en Buga, salieron campeones de la Copa Centro Valle.<\/p>\n\n<p>Los veinte adolescentes alcanzaron este triunfo luego de competir contra 10 equipos de la ciudad de Buga, este mismo grupo sali\u00f3 subcampe\u00f3n en 2024, y este a\u00f1o con esfuerzo, compromiso y experiencia lograron el t\u00edtulo.<\/p>\n\n<p>Adem\u00e1s del principal trofeo como campeones, el grupo se destac\u00f3 por los siguientes reconocimientos individuales:<\/p>\n\n<p>\u27a3 <strong>Valla menos vencida:<\/strong> Mart\u00edn Andr\u00e9s Concha Giraldo y Miguel \u00c1ngel Hinestroza Casilimas.<\/p>\n\n<p>\u27a3 <strong>Goleador:<\/strong> Manuel Alejandro Mondrag\u00f3n Aristizabal.<\/p>\n\n<p>Esta Copa Centro liderada por la Liga Vallecaucana de Futbol se cre\u00f3 en el a\u00f1o 2013, para mejorar el rendimiento deportivo de los jugadores de los clubes locales de cinco municipios que hacen parte de las 11 categor\u00edas del torneo. El grupo de ni\u00f1os estuvo conformado por:<\/p>\n\t\t\t\t\t\t\t\t<\/div>\n\t\t\t\t<\/div>\n\t\t\t\t<div class=\"elementor-element elementor-element-ba8318e elementor-widget elementor-widget-text-editor\" data-id=\"ba8318e\" data-element_type=\"widget\" data-widget_type=\"text-editor.default\">\n\t\t\t\t<div class=\"elementor-widget-container\">\n\t\t\t\t\t\t\t\t\t\n<p>\u27a3 Alejandro Echeverry<\/p>\n<p>\u27a3 Luis Fernando Fonseca<\/p>\n<p>\u27a3 Santiago Marrugo<\/p>\n<p>\u27a3 Alejandro Mar\u00edn<\/p>\n<p>\u27a3 Manuel Mondrag\u00f3n<\/p>\n<p>\u27a3 Santiago Pe\u00f1a<\/p>\n<p>\u27a3 Jacobo L\u00f3pez<\/p>\n<p>\u27a3 Martin Concha<\/p>\n<p>\u27a3 Santiago Ram\u00edrez<\/p>\n<p>\u27a3 Jer\u00f3nimo Gonz\u00e1lez Espinosa<\/p>\n<p>\u27a3 Mathias Garc\u00eda<\/p>\n<p>\u27a3 Sebasti\u00e1n Trivi\u00f1o<\/p>\n<p>\u27a3 Jhosuan David Basto<\/p>\n<p>\u27a3 Miguel \u00c1ngel Hinestroza<\/p>\n<p>\u27a3 Sim\u00f3n Mar\u00edn<\/p>\n<p>\u27a3 Juan Esteban Lozano<\/p>\n<p>\u27a3 Nicol\u00e1s Buitrago<\/p>\n<p>\u27a3 Yeiko Nogoa<\/p>\n<p>\u27a3 Juan Jos\u00e9 Valdez<\/p>\n<p>\u27a3 Samuel Fern\u00e1ndez<\/p>\n\t\t\t\t\t\t\t\t<\/div>\n\t\t\t\t<\/div>\n\t\t\t\t<div class=\"elementor-element elementor-element-521536f elementor-arrows-position-inside elementor-pagination-position-outside elementor-widget elementor-widget-image-carousel\" data-id=\"521536f\" data-element_type=\"widget\" data-settings=\"{&quot;slides_to_show&quot;:&quot;4&quot;,&quot;slides_to_show_tablet&quot;:&quot;3&quot;,&quot;slides_to_show_mobile&quot;:&quot;1&quot;,&quot;slides_to_scroll&quot;:&quot;1&quot;,&quot;navigation&quot;:&quot;both&quot;,&quot;autoplay&quot;:&quot;yes&quot;,&quot;pause_on_hover&quot;:&quot;yes&quot;,&quot;pause_on_interaction&quot;:&quot;yes&quot;,&quot;autoplay_speed&quot;:5000,&quot;infinite&quot;:&quot;yes&quot;,&quot;speed&quot;:500,&quot;image_spacing_custom&quot;:{&quot;unit&quot;:&quot;px&quot;,&quot;size&quot;:20,&quot;sizes&quot;:[]},&quot;image_spacing_custom_tablet&quot;:{&quot;unit&quot;:&quot;px&quot;,&quot;size&quot;:&quot;&quot;,&quot;sizes&quot;:[]}}\" data-widget_type=\"image-carousel.default\">\n\t\t\t\t<div class=\"elementor-widget-container\">\n\t\t\t\t\t\t\t<div class=\"elementor-image-carousel-wrapper swiper\" role=\"region\" aria-roledescription=\"carousel\" aria-label=\"Carrusel de im\u00e1genes\" dir=\"ltr\">\n\t\t\t<div class=\"elementor-image-carousel swiper-wrapper\" aria-live=\"off\">\n\t\t\t\t\t\t\t\t<div class=\"swiper-slide\" role=\"group\" aria-roledescription=\"slide\" aria-label=\"1 of 9\"><figure class=\"swiper-slide-inner\"><img decoding=\"async\" class=\"swiper-slide-image lazyload\" data-src=\"https:\/\/test.comfenalcovalle.com.co\/wp-content\/uploads\/2025\/12\/Campeones-de-la-Copa-Centro-del-Valle-en-Buga-1-1.jpg\" alt=\"Campeones de la Copa Centro del Valle en Buga\" src=\"data:image\/svg+xml;base64,PHN2ZyB3aWR0aD0iMSIgaGVpZ2h0PSIxIiB4bWxucz0iaHR0cDovL3d3dy53My5vcmcvMjAwMC9zdmciPjwvc3ZnPg==\" style=\"--smush-placeholder-width: 1000px; --smush-placeholder-aspect-ratio: 1000\/1250;\" \/><\/figure><\/div><div class=\"swiper-slide\" role=\"group\" aria-roledescription=\"slide\" aria-label=\"2 of 9\"><figure class=\"swiper-slide-inner\"><img decoding=\"async\" class=\"swiper-slide-image lazyload\" data-src=\"https:\/\/test.comfenalcovalle.com.co\/wp-content\/uploads\/2025\/12\/Campeones-de-la-Copa-Centro-del-Valle-en-Buga-2-1-scaled.jpg\" alt=\"Campeones de la Copa Centro del Valle en Buga\" src=\"data:image\/svg+xml;base64,PHN2ZyB3aWR0aD0iMSIgaGVpZ2h0PSIxIiB4bWxucz0iaHR0cDovL3d3dy53My5vcmcvMjAwMC9zdmciPjwvc3ZnPg==\" style=\"--smush-placeholder-width: 1023px; --smush-placeholder-aspect-ratio: 1023\/1280;\" \/><\/figure><\/div><div class=\"swiper-slide\" role=\"group\" aria-roledescription=\"slide\" aria-label=\"3 of 9\"><figure class=\"swiper-slide-inner\"><img decoding=\"async\" class=\"swiper-slide-image lazyload\" data-src=\"https:\/\/test.comfenalcovalle.com.co\/wp-content\/uploads\/2025\/12\/Campeones-de-la-Copa-Centro-del-Valle-en-Buga-3-1-scaled.jpg\" alt=\"Campeones de la Copa Centro del Valle en Buga\" src=\"data:image\/svg+xml;base64,PHN2ZyB3aWR0aD0iMSIgaGVpZ2h0PSIxIiB4bWxucz0iaHR0cDovL3d3dy53My5vcmcvMjAwMC9zdmciPjwvc3ZnPg==\" style=\"--smush-placeholder-width: 1023px; --smush-placeholder-aspect-ratio: 1023\/1280;\" \/><\/figure><\/div><div class=\"swiper-slide\" role=\"group\" aria-roledescription=\"slide\" aria-label=\"4 of 9\"><figure class=\"swiper-slide-inner\"><img decoding=\"async\" class=\"swiper-slide-image lazyload\" data-src=\"https:\/\/test.comfenalcovalle.com.co\/wp-content\/uploads\/2025\/12\/liga-valle-futbol-final-copa-centro-dic-2025-04-scaled.jpeg\" alt=\"Campeones de la Copa Centro del Valle en Buga\" src=\"data:image\/svg+xml;base64,PHN2ZyB3aWR0aD0iMSIgaGVpZ2h0PSIxIiB4bWxucz0iaHR0cDovL3d3dy53My5vcmcvMjAwMC9zdmciPjwvc3ZnPg==\" style=\"--smush-placeholder-width: 1025px; --smush-placeholder-aspect-ratio: 1025\/1280;\" \/><\/figure><\/div><div class=\"swiper-slide\" role=\"group\" aria-roledescription=\"slide\" aria-label=\"5 of 9\"><figure class=\"swiper-slide-inner\"><img decoding=\"async\" class=\"swiper-slide-image lazyload\" data-src=\"https:\/\/test.comfenalcovalle.com.co\/wp-content\/uploads\/2025\/12\/liga-valle-futbol-final-copa-centro-dic-2025-03-scaled.jpeg\" alt=\"Campeones de la Copa Centro del Valle en Buga\" src=\"data:image\/svg+xml;base64,PHN2ZyB3aWR0aD0iMSIgaGVpZ2h0PSIxIiB4bWxucz0iaHR0cDovL3d3dy53My5vcmcvMjAwMC9zdmciPjwvc3ZnPg==\" style=\"--smush-placeholder-width: 1025px; --smush-placeholder-aspect-ratio: 1025\/1280;\" \/><\/figure><\/div><div class=\"swiper-slide\" role=\"group\" aria-roledescription=\"slide\" aria-label=\"6 of 9\"><figure class=\"swiper-slide-inner\"><img decoding=\"async\" class=\"swiper-slide-image lazyload\" data-src=\"https:\/\/test.comfenalcovalle.com.co\/wp-content\/uploads\/2025\/12\/liga-valle-futbol-final-copa-centro-dic-2025-05-scaled.jpeg\" alt=\"Campeones de la Copa Centro del Valle en Buga\" src=\"data:image\/svg+xml;base64,PHN2ZyB3aWR0aD0iMSIgaGVpZ2h0PSIxIiB4bWxucz0iaHR0cDovL3d3dy53My5vcmcvMjAwMC9zdmciPjwvc3ZnPg==\" style=\"--smush-placeholder-width: 1025px; --smush-placeholder-aspect-ratio: 1025\/1280;\" \/><\/figure><\/div><div class=\"swiper-slide\" role=\"group\" aria-roledescription=\"slide\" aria-label=\"7 of 9\"><figure class=\"swiper-slide-inner\"><img decoding=\"async\" class=\"swiper-slide-image lazyload\" data-src=\"https:\/\/test.comfenalcovalle.com.co\/wp-content\/uploads\/2025\/12\/liga-valle-futbol-final-copa-centro-dic-2025-02-scaled.jpeg\" alt=\"Campeones de la Copa Centro del Valle en Buga\" src=\"data:image\/svg+xml;base64,PHN2ZyB3aWR0aD0iMSIgaGVpZ2h0PSIxIiB4bWxucz0iaHR0cDovL3d3dy53My5vcmcvMjAwMC9zdmciPjwvc3ZnPg==\" style=\"--smush-placeholder-width: 1025px; --smush-placeholder-aspect-ratio: 1025\/1280;\" \/><\/figure><\/div><div class=\"swiper-slide\" role=\"group\" aria-roledescription=\"slide\" aria-label=\"8 of 9\"><figure class=\"swiper-slide-inner\"><img decoding=\"async\" class=\"swiper-slide-image lazyload\" data-src=\"https:\/\/test.comfenalcovalle.com.co\/wp-content\/uploads\/2025\/12\/liga-valle-futbol-final-copa-centro-dic-2025-06-scaled.jpeg\" alt=\"Campeones de la Copa Centro del Valle en Buga\" src=\"data:image\/svg+xml;base64,PHN2ZyB3aWR0aD0iMSIgaGVpZ2h0PSIxIiB4bWxucz0iaHR0cDovL3d3dy53My5vcmcvMjAwMC9zdmciPjwvc3ZnPg==\" style=\"--smush-placeholder-width: 1025px; --smush-placeholder-aspect-ratio: 1025\/1280;\" \/><\/figure><\/div><div class=\"swiper-slide\" role=\"group\" aria-roledescription=\"slide\" aria-label=\"9 of 9\"><figure class=\"swiper-slide-inner\"><img decoding=\"async\" class=\"swiper-slide-image lazyload\" data-src=\"https:\/\/test.comfenalcovalle.com.co\/wp-content\/uploads\/2025\/12\/liga-valle-futbol-final-copa-centro-dic-2025-01-scaled.jpeg\" alt=\"Campeones de la Copa Centro del Valle en Buga\" src=\"data:image\/svg+xml;base64,PHN2ZyB3aWR0aD0iMSIgaGVpZ2h0PSIxIiB4bWxucz0iaHR0cDovL3d3dy53My5vcmcvMjAwMC9zdmciPjwvc3ZnPg==\" style=\"--smush-placeholder-width: 1024px; --smush-placeholder-aspect-ratio: 1024\/1280;\" \/><\/figure><\/div>\t\t\t<\/div>\n\t\t\t\t\t\t\t\t\t\t\t\t<div class=\"elementor-swiper-button elementor-swiper-button-prev\" role=\"button\" tabindex=\"0\">\n\t\t\t\t\t\t<i aria-hidden=\"true\" class=\"eicon-chevron-left\"><\/i>\t\t\t\t\t<\/div>\n\t\t\t\t\t<div class=\"elementor-swiper-button elementor-swiper-button-next\" role=\"button\" tabindex=\"0\">\n\t\t\t\t\t\t<i aria-hidden=\"true\" class=\"eicon-chevron-right\"><\/i>\t\t\t\t\t<\/div>\n\t\t\t\t\n\t\t\t\t\t\t\t\t\t<div class=\"swiper-pagination\"><\/div>\n\t\t\t\t\t\t\t\t\t<\/div>\n\t\t\t\t\t\t<\/div>\n\t\t\t\t<\/div>\n\t\t\t\t<div class=\"elementor-element elementor-element-b92e306 elementor-widget elementor-widget-text-editor\" data-id=\"b92e306\" data-element_type=\"widget\" data-widget_type=\"text-editor.default\">\n\t\t\t\t<div class=\"elementor-widget-container\">\n\t\t\t\t\t\t\t\t\t\n<p>La direcci\u00f3n t\u00e9cnica del equipo estuvo a cargo del licenciado Diego Fernando Loaiza Marmolejo.<\/p>\n\n<p>La Caja de Compensaci\u00f3n Familiar Comfenalco Valle Delagente y su Gerencia de Recreaci\u00f3n y Deportes reconoce este gran logro regional y exalta a cada uno de los jugadores, cuerpo t\u00e9cnico y las familias que siempre apoyan y acompa\u00f1an cada paso deportivo de sus hijos.<\/p>\n<p><strong><em>Cr\u00e9dito fotos: Liga Vallecaucana de F\u00fatbol.<\/em><\/strong>\u00a0<\/p>\n\n<p>\u00a0<\/p>\n<p><strong>\u00a1Felicitaciones a todos!<\/strong><\/p>\n<p>\u00a0<\/p>\n<p><strong>Comfenalco Valle Delagente.<\/strong><\/p>\n\t\t\t\t\t\t\t\t<\/div>\n\t\t\t\t<\/div>\n\t\t\t\t\t<\/div>\n\t\t\t\t<\/div>\n\t\t\t\t<\/div>","protected":false},"excerpt":{"rendered":"<p>El pasado 14 de diciembre, los ni\u00f1os de la categor\u00eda Sub-12 de la Academia Deportiva en la disciplina de f\u00fatbol del Centro Recreacional y Deportivo Club Guadalajara de Comfenalco Valle Delagente en Buga, salieron campeones de la Copa Centro Valle. Los veinte adolescentes alcanzaron este triunfo luego de competir contra 10 equipos de la ciudad [&hellip;]<\/p>","protected":false},"author":6,"featured_media":672551,"comment_status":"closed","ping_status":"closed","sticky":false,"template":"","format":"standard","meta":{"footnotes":""},"categories":[15],"tags":[],"class_list":["post-672543","post","type-post","status-publish","format-standard","has-post-thumbnail","hentry","category-recreacion"],"yoast_head":"<!-- This site is optimized with the Yoast SEO Premium plugin v25.9 (Yoast SEO v25.9) - https:\/\/yoast.com\/wordpress\/plugins\/seo\/ -->\n<title>Campeones de la Copa Centro del Valle en Buga - Comfenalco Valle Delagente<\/title>\n<meta name=\"description\" content=\"Veinte ni\u00f1os menores de 12 a\u00f1os vencieron a diez equipos durante el torneo organizado por la Liga Vallecaucana de Futbol.\" \/>\n<meta name=\"robots\" content=\"index, follow, max-snippet:-1, max-image-preview:large, max-video-preview:-1\" \/>\n<link rel=\"canonical\" href=\"https:\/\/www.comfenalcovalle.com.co\/campeones-de-la-copa-centro-del-valle-en-buga\/\" \/>\n<meta property=\"og:locale\" content=\"en_US\" \/>\n<meta property=\"og:type\" content=\"article\" \/>\n<meta property=\"og:title\" content=\"Campeones de la Copa Centro del Valle en Buga\" \/>\n<meta property=\"og:description\" content=\"Veinte ni\u00f1os menores de 12 a\u00f1os vencieron a diez equipos durante el torneo organizado por la Liga Vallecaucana de Futbol.\" \/>\n<meta property=\"og:url\" content=\"https:\/\/www.comfenalcovalle.com.co\/campeones-de-la-copa-centro-del-valle-en-buga\/\" \/>\n<meta property=\"og:site_name\" content=\"Comfenalco Valle Delagente\" \/>\n<meta property=\"article:published_time\" content=\"2025-12-19T12:57:45+00:00\" \/>\n<meta property=\"article:modified_time\" content=\"2025-12-19T14:09:36+00:00\" \/>\n<meta property=\"og:image\" content=\"https:\/\/www.comfenalcovalle.com.co\/wp-content\/uploads\/2025\/12\/Campeones-de-la-Copa-Centro-del-Valle-en-Buga-1-1.jpg\" \/>\n\t<meta property=\"og:image:width\" content=\"1000\" \/>\n\t<meta property=\"og:image:height\" content=\"1250\" \/>\n\t<meta property=\"og:image:type\" content=\"image\/jpeg\" \/>\n<meta name=\"author\" content=\"Comunicaciones Comfenalco Valle delagente\" \/>\n<meta name=\"twitter:card\" content=\"summary_large_image\" \/>\n<meta name=\"twitter:label1\" content=\"Written by\" \/>\n\t<meta name=\"twitter:data1\" content=\"Comunicaciones Comfenalco Valle delagente\" \/>\n\t<meta name=\"twitter:label2\" content=\"Est. reading time\" \/>\n\t<meta name=\"twitter:data2\" content=\"5 minutes\" \/>\n<script type=\"application\/ld+json\" class=\"yoast-schema-graph\">{\"@context\":\"https:\/\/schema.org\",\"@graph\":[{\"@type\":\"Article\",\"@id\":\"https:\/\/www.comfenalcovalle.com.co\/campeones-de-la-copa-centro-del-valle-en-buga\/#article\",\"isPartOf\":{\"@id\":\"https:\/\/www.comfenalcovalle.com.co\/campeones-de-la-copa-centro-del-valle-en-buga\/\"},\"author\":{\"name\":\"Comunicaciones Comfenalco Valle delagente\",\"@id\":\"https:\/\/www.comfenalcovalle.com.co\/#\/schema\/person\/d4d8bcb299f88f97b06096cf6a21cb01\"},\"headline\":\"Campeones de la Copa Centro del Valle en Buga\",\"datePublished\":\"2025-12-19T12:57:45+00:00\",\"dateModified\":\"2025-12-19T14:09:36+00:00\",\"mainEntityOfPage\":{\"@id\":\"https:\/\/www.comfenalcovalle.com.co\/campeones-de-la-copa-centro-del-valle-en-buga\/\"},\"wordCount\":309,\"publisher\":{\"@id\":\"https:\/\/www.comfenalcovalle.com.co\/#organization\"},\"image\":{\"@id\":\"https:\/\/www.comfenalcovalle.com.co\/campeones-de-la-copa-centro-del-valle-en-buga\/#primaryimage\"},\"thumbnailUrl\":\"https:\/\/test.comfenalcovalle.com.co\/wp-content\/uploads\/2025\/12\/Campeones-de-la-Copa-Centro-del-Valle-en-Buga-1-1.jpg\",\"articleSection\":[\"Recreaci\u00f3n\"],\"inLanguage\":\"en-US\"},{\"@type\":\"WebPage\",\"@id\":\"https:\/\/www.comfenalcovalle.com.co\/campeones-de-la-copa-centro-del-valle-en-buga\/\",\"url\":\"https:\/\/www.comfenalcovalle.com.co\/campeones-de-la-copa-centro-del-valle-en-buga\/\",\"name\":\"Campeones de la Copa Centro del Valle en Buga - Comfenalco Valle Delagente\",\"isPartOf\":{\"@id\":\"https:\/\/www.comfenalcovalle.com.co\/#website\"},\"primaryImageOfPage\":{\"@id\":\"https:\/\/www.comfenalcovalle.com.co\/campeones-de-la-copa-centro-del-valle-en-buga\/#primaryimage\"},\"image\":{\"@id\":\"https:\/\/www.comfenalcovalle.com.co\/campeones-de-la-copa-centro-del-valle-en-buga\/#primaryimage\"},\"thumbnailUrl\":\"https:\/\/test.comfenalcovalle.com.co\/wp-content\/uploads\/2025\/12\/Campeones-de-la-Copa-Centro-del-Valle-en-Buga-1-1.jpg\",\"datePublished\":\"2025-12-19T12:57:45+00:00\",\"dateModified\":\"2025-12-19T14:09:36+00:00\",\"description\":\"Veinte ni\u00f1os menores de 12 a\u00f1os vencieron a diez equipos durante el torneo organizado por la Liga Vallecaucana de Futbol.\",\"breadcrumb\":{\"@id\":\"https:\/\/www.comfenalcovalle.com.co\/campeones-de-la-copa-centro-del-valle-en-buga\/#breadcrumb\"},\"inLanguage\":\"en-US\",\"potentialAction\":[{\"@type\":\"ReadAction\",\"target\":[\"https:\/\/www.comfenalcovalle.com.co\/campeones-de-la-copa-centro-del-valle-en-buga\/\"]}]},{\"@type\":\"ImageObject\",\"inLanguage\":\"en-US\",\"@id\":\"https:\/\/www.comfenalcovalle.com.co\/campeones-de-la-copa-centro-del-valle-en-buga\/#primaryimage\",\"url\":\"https:\/\/test.comfenalcovalle.com.co\/wp-content\/uploads\/2025\/12\/Campeones-de-la-Copa-Centro-del-Valle-en-Buga-1-1.jpg\",\"contentUrl\":\"https:\/\/test.comfenalcovalle.com.co\/wp-content\/uploads\/2025\/12\/Campeones-de-la-Copa-Centro-del-Valle-en-Buga-1-1.jpg\",\"width\":1000,\"height\":1250,\"caption\":\"Campeones de la Copa Centro del Valle en Buga\"},{\"@type\":\"BreadcrumbList\",\"@id\":\"https:\/\/www.comfenalcovalle.com.co\/campeones-de-la-copa-centro-del-valle-en-buga\/#breadcrumb\",\"itemListElement\":[{\"@type\":\"ListItem\",\"position\":1,\"name\":\"Portada\",\"item\":\"https:\/\/www.comfenalcovalle.com.co\/\"},{\"@type\":\"ListItem\",\"position\":2,\"name\":\"Campeones de la Copa Centro del Valle en Buga\"}]},{\"@type\":\"WebSite\",\"@id\":\"https:\/\/www.comfenalcovalle.com.co\/#website\",\"url\":\"https:\/\/www.comfenalcovalle.com.co\/\",\"name\":\"Comfenalco Valle Delagente\",\"description\":\"Caja de compensaci\u00f3n de Comfenalco Valle Delagente.\",\"publisher\":{\"@id\":\"https:\/\/www.comfenalcovalle.com.co\/#organization\"},\"potentialAction\":[{\"@type\":\"SearchAction\",\"target\":{\"@type\":\"EntryPoint\",\"urlTemplate\":\"https:\/\/www.comfenalcovalle.com.co\/?s={search_term_string}\"},\"query-input\":{\"@type\":\"PropertyValueSpecification\",\"valueRequired\":true,\"valueName\":\"search_term_string\"}}],\"inLanguage\":\"en-US\"},{\"@type\":\"Organization\",\"@id\":\"https:\/\/www.comfenalcovalle.com.co\/#organization\",\"name\":\"Comfenalco Valle Delagente\",\"url\":\"https:\/\/www.comfenalcovalle.com.co\/\",\"logo\":{\"@type\":\"ImageObject\",\"inLanguage\":\"en-US\",\"@id\":\"https:\/\/www.comfenalcovalle.com.co\/#\/schema\/logo\/image\/\",\"url\":\"https:\/\/test.comfenalcovalle.com.co\/wp-content\/uploads\/2021\/06\/logo-comfe-cabecera-agencia-empelo-actualizado.png\",\"contentUrl\":\"https:\/\/test.comfenalcovalle.com.co\/wp-content\/uploads\/2021\/06\/logo-comfe-cabecera-agencia-empelo-actualizado.png\",\"width\":500,\"height\":184,\"caption\":\"Comfenalco Valle Delagente\"},\"image\":{\"@id\":\"https:\/\/www.comfenalcovalle.com.co\/#\/schema\/logo\/image\/\"}},{\"@type\":\"Person\",\"@id\":\"https:\/\/www.comfenalcovalle.com.co\/#\/schema\/person\/d4d8bcb299f88f97b06096cf6a21cb01\",\"name\":\"Comunicaciones Comfenalco Valle delagente\",\"image\":{\"@type\":\"ImageObject\",\"inLanguage\":\"en-US\",\"@id\":\"https:\/\/www.comfenalcovalle.com.co\/#\/schema\/person\/image\/\",\"url\":\"https:\/\/secure.gravatar.com\/avatar\/d1c29eb639a137df0ac8bfec50479e8d6ef564f7320f439d9d984504359ea6ee?s=96&d=mm&r=g\",\"contentUrl\":\"https:\/\/secure.gravatar.com\/avatar\/d1c29eb639a137df0ac8bfec50479e8d6ef564f7320f439d9d984504359ea6ee?s=96&d=mm&r=g\",\"caption\":\"Comunicaciones Comfenalco Valle delagente\"},\"url\":\"https:\/\/test.comfenalcovalle.com.co\/en\/author\/comunicaciones-comfenalco-valle-delagente\/\"}]}<\/script>\n<!-- \/ Yoast SEO Premium plugin. -->","yoast_head_json":{"title":"Campeones de la Copa Centro del Valle en Buga - Comfenalco Valle Delagente","description":"Veinte ni\u00f1os menores de 12 a\u00f1os vencieron a diez equipos durante el torneo organizado por la Liga Vallecaucana de Futbol.","robots":{"index":"index","follow":"follow","max-snippet":"max-snippet:-1","max-image-preview":"max-image-preview:large","max-video-preview":"max-video-preview:-1"},"canonical":"https:\/\/www.comfenalcovalle.com.co\/campeones-de-la-copa-centro-del-valle-en-buga\/","og_locale":"en_US","og_type":"article","og_title":"Campeones de la Copa Centro del Valle en Buga","og_description":"Veinte ni\u00f1os menores de 12 a\u00f1os vencieron a diez equipos durante el torneo organizado por la Liga Vallecaucana de Futbol.","og_url":"https:\/\/www.comfenalcovalle.com.co\/campeones-de-la-copa-centro-del-valle-en-buga\/","og_site_name":"Comfenalco Valle Delagente","article_published_time":"2025-12-19T12:57:45+00:00","article_modified_time":"2025-12-19T14:09:36+00:00","og_image":[{"width":1000,"height":1250,"url":"https:\/\/www.comfenalcovalle.com.co\/wp-content\/uploads\/2025\/12\/Campeones-de-la-Copa-Centro-del-Valle-en-Buga-1-1.jpg","type":"image\/jpeg"}],"author":"Comunicaciones Comfenalco Valle delagente","twitter_card":"summary_large_image","twitter_misc":{"Written by":"Comunicaciones Comfenalco Valle delagente","Est. reading time":"5 minutes"},"schema":{"@context":"https:\/\/schema.org","@graph":[{"@type":"Article","@id":"https:\/\/www.comfenalcovalle.com.co\/campeones-de-la-copa-centro-del-valle-en-buga\/#article","isPartOf":{"@id":"https:\/\/www.comfenalcovalle.com.co\/campeones-de-la-copa-centro-del-valle-en-buga\/"},"author":{"name":"Comunicaciones Comfenalco Valle delagente","@id":"https:\/\/www.comfenalcovalle.com.co\/#\/schema\/person\/d4d8bcb299f88f97b06096cf6a21cb01"},"headline":"Campeones de la Copa Centro del Valle en Buga","datePublished":"2025-12-19T12:57:45+00:00","dateModified":"2025-12-19T14:09:36+00:00","mainEntityOfPage":{"@id":"https:\/\/www.comfenalcovalle.com.co\/campeones-de-la-copa-centro-del-valle-en-buga\/"},"wordCount":309,"publisher":{"@id":"https:\/\/www.comfenalcovalle.com.co\/#organization"},"image":{"@id":"https:\/\/www.comfenalcovalle.com.co\/campeones-de-la-copa-centro-del-valle-en-buga\/#primaryimage"},"thumbnailUrl":"https:\/\/test.comfenalcovalle.com.co\/wp-content\/uploads\/2025\/12\/Campeones-de-la-Copa-Centro-del-Valle-en-Buga-1-1.jpg","articleSection":["Recreaci\u00f3n"],"inLanguage":"en-US"},{"@type":"WebPage","@id":"https:\/\/www.comfenalcovalle.com.co\/campeones-de-la-copa-centro-del-valle-en-buga\/","url":"https:\/\/www.comfenalcovalle.com.co\/campeones-de-la-copa-centro-del-valle-en-buga\/","name":"Campeones de la Copa Centro del Valle en Buga - Comfenalco Valle Delagente","isPartOf":{"@id":"https:\/\/www.comfenalcovalle.com.co\/#website"},"primaryImageOfPage":{"@id":"https:\/\/www.comfenalcovalle.com.co\/campeones-de-la-copa-centro-del-valle-en-buga\/#primaryimage"},"image":{"@id":"https:\/\/www.comfenalcovalle.com.co\/campeones-de-la-copa-centro-del-valle-en-buga\/#primaryimage"},"thumbnailUrl":"https:\/\/test.comfenalcovalle.com.co\/wp-content\/uploads\/2025\/12\/Campeones-de-la-Copa-Centro-del-Valle-en-Buga-1-1.jpg","datePublished":"2025-12-19T12:57:45+00:00","dateModified":"2025-12-19T14:09:36+00:00","description":"Veinte ni\u00f1os menores de 12 a\u00f1os vencieron a diez equipos durante el torneo organizado por la Liga Vallecaucana de Futbol.","breadcrumb":{"@id":"https:\/\/www.comfenalcovalle.com.co\/campeones-de-la-copa-centro-del-valle-en-buga\/#breadcrumb"},"inLanguage":"en-US","potentialAction":[{"@type":"ReadAction","target":["https:\/\/www.comfenalcovalle.com.co\/campeones-de-la-copa-centro-del-valle-en-buga\/"]}]},{"@type":"ImageObject","inLanguage":"en-US","@id":"https:\/\/www.comfenalcovalle.com.co\/campeones-de-la-copa-centro-del-valle-en-buga\/#primaryimage","url":"https:\/\/test.comfenalcovalle.com.co\/wp-content\/uploads\/2025\/12\/Campeones-de-la-Copa-Centro-del-Valle-en-Buga-1-1.jpg","contentUrl":"https:\/\/test.comfenalcovalle.com.co\/wp-content\/uploads\/2025\/12\/Campeones-de-la-Copa-Centro-del-Valle-en-Buga-1-1.jpg","width":1000,"height":1250,"caption":"Campeones de la Copa Centro del Valle en Buga"},{"@type":"BreadcrumbList","@id":"https:\/\/www.comfenalcovalle.com.co\/campeones-de-la-copa-centro-del-valle-en-buga\/#breadcrumb","itemListElement":[{"@type":"ListItem","position":1,"name":"Portada","item":"https:\/\/www.comfenalcovalle.com.co\/"},{"@type":"ListItem","position":2,"name":"Campeones de la Copa Centro del Valle en Buga"}]},{"@type":"WebSite","@id":"https:\/\/www.comfenalcovalle.com.co\/#website","url":"https:\/\/www.comfenalcovalle.com.co\/","name":"Comfenalco Valle Delagente","description":"Comfenalco Valle Delagente compensation fund.","publisher":{"@id":"https:\/\/www.comfenalcovalle.com.co\/#organization"},"potentialAction":[{"@type":"SearchAction","target":{"@type":"EntryPoint","urlTemplate":"https:\/\/www.comfenalcovalle.com.co\/?s={search_term_string}"},"query-input":{"@type":"PropertyValueSpecification","valueRequired":true,"valueName":"search_term_string"}}],"inLanguage":"en-US"},{"@type":"Organization","@id":"https:\/\/www.comfenalcovalle.com.co\/#organization","name":"Comfenalco Valle Delagente","url":"https:\/\/www.comfenalcovalle.com.co\/","logo":{"@type":"ImageObject","inLanguage":"en-US","@id":"https:\/\/www.comfenalcovalle.com.co\/#\/schema\/logo\/image\/","url":"https:\/\/test.comfenalcovalle.com.co\/wp-content\/uploads\/2021\/06\/logo-comfe-cabecera-agencia-empelo-actualizado.png","contentUrl":"https:\/\/test.comfenalcovalle.com.co\/wp-content\/uploads\/2021\/06\/logo-comfe-cabecera-agencia-empelo-actualizado.png","width":500,"height":184,"caption":"Comfenalco Valle Delagente"},"image":{"@id":"https:\/\/www.comfenalcovalle.com.co\/#\/schema\/logo\/image\/"}},{"@type":"Person","@id":"https:\/\/www.comfenalcovalle.com.co\/#\/schema\/person\/d4d8bcb299f88f97b06096cf6a21cb01","name":"Communications Comfenalco Valle delagente","image":{"@type":"ImageObject","inLanguage":"en-US","@id":"https:\/\/www.comfenalcovalle.com.co\/#\/schema\/person\/image\/","url":"https:\/\/secure.gravatar.com\/avatar\/d1c29eb639a137df0ac8bfec50479e8d6ef564f7320f439d9d984504359ea6ee?s=96&d=mm&r=g","contentUrl":"https:\/\/secure.gravatar.com\/avatar\/d1c29eb639a137df0ac8bfec50479e8d6ef564f7320f439d9d984504359ea6ee?s=96&d=mm&r=g","caption":"Comunicaciones Comfenalco Valle delagente"},"url":"https:\/\/test.comfenalcovalle.com.co\/en\/author\/comunicaciones-comfenalco-valle-delagente\/"}]}},"publishpress_future_action":{"enabled":false,"date":"2026-05-08 09:11:38","action":"change-status","newStatus":"draft","terms":[],"taxonomy":"category","extraData":[]},"publishpress_future_workflow_manual_trigger":{"enabledWorkflows":[]},"_links":{"self":[{"href":"https:\/\/test.comfenalcovalle.com.co\/en\/wp-json\/wp\/v2\/posts\/672543","targetHints":{"allow":["GET"]}}],"collection":[{"href":"https:\/\/test.comfenalcovalle.com.co\/en\/wp-json\/wp\/v2\/posts"}],"about":[{"href":"https:\/\/test.comfenalcovalle.com.co\/en\/wp-json\/wp\/v2\/types\/post"}],"author":[{"embeddable":true,"href":"https:\/\/test.comfenalcovalle.com.co\/en\/wp-json\/wp\/v2\/users\/6"}],"replies":[{"embeddable":true,"href":"https:\/\/test.comfenalcovalle.com.co\/en\/wp-json\/wp\/v2\/comments?post=672543"}],"version-history":[{"count":0,"href":"https:\/\/test.comfenalcovalle.com.co\/en\/wp-json\/wp\/v2\/posts\/672543\/revisions"}],"wp:featuredmedia":[{"embeddable":true,"href":"https:\/\/test.comfenalcovalle.com.co\/en\/wp-json\/wp\/v2\/media\/672551"}],"wp:attachment":[{"href":"https:\/\/test.comfenalcovalle.com.co\/en\/wp-json\/wp\/v2\/media?parent=672543"}],"wp:term":[{"taxonomy":"category","embeddable":true,"href":"https:\/\/test.comfenalcovalle.com.co\/en\/wp-json\/wp\/v2\/categories?post=672543"},{"taxonomy":"post_tag","embeddable":true,"href":"https:\/\/test.comfenalcovalle.com.co\/en\/wp-json\/wp\/v2\/tags?post=672543"}],"curies":[{"name":"wp","href":"https:\/\/api.w.org\/{rel}","templated":true}]}}