{"id":672086,"date":"2025-12-11T11:48:52","date_gmt":"2025-12-11T16:48:52","guid":{"rendered":"https:\/\/test.comfenalcovalle.com.co\/?p=672086"},"modified":"2025-12-11T11:48:52","modified_gmt":"2025-12-11T16:48:52","slug":"alcaldia-de-cali-reconoce-a-la-caja-delagente-por-su-liderazgo-en-inclusion-laboral","status":"publish","type":"post","link":"https:\/\/test.comfenalcovalle.com.co\/en\/alcaldia-de-cali-reconoce-a-la-caja-delagente-por-su-liderazgo-en-inclusion-laboral\/","title":{"rendered":"Alcald\u00eda de Cali reconoce a la Caja Delagente por su liderazgo en inclusi\u00f3n laboral"},"content":{"rendered":"<div data-elementor-type=\"wp-post\" data-elementor-id=\"672086\" class=\"elementor elementor-672086\" data-elementor-post-type=\"post\">\n\t\t\t\t<div class=\"elementor-element elementor-element-65c95c33 e-flex e-con-boxed e-con e-parent\" data-id=\"65c95c33\" data-element_type=\"container\">\n\t\t\t\t\t<div class=\"e-con-inner\">\n\t\t\t\t<div class=\"elementor-element elementor-element-535b0c4a elementor-widget elementor-widget-text-editor\" data-id=\"535b0c4a\" data-element_type=\"widget\" data-widget_type=\"text-editor.default\">\n\t\t\t\t<div class=\"elementor-widget-container\">\n\t\t\t\t\t\t\t\t\t\n<p>La Alcald\u00eda de Santiago de Cali otorg\u00f3 a <strong>Comfenalco Valle Delagente<\/strong> un importante reconocimiento este 10 de diciembre de 2025, destacando su papel crucial como <strong>motor de la inclusi\u00f3n laboral de personas con discapacidad en la capital vallecaucana.<\/strong><\/p>\n\n<p>El reconocimiento fue entregado durante el evento <strong>\u00abIncl\u00fayete \u00a1Construyendo oportunidades!\u00bb<\/strong>, un espacio crucial dise\u00f1ado para conectar empresas, impulsar la inclusi\u00f3n y abordar temas relevantes como la reforma laboral.<\/p>\n\n<p>La Agencia de Empleo de Comfenalco Valle Delagente tuvo una participaci\u00f3n destacada, exponiendo los resultados y el impacto de su programa <strong>Capacidades Delagente<\/strong>. Gracias a este programa, la Agencia ha logrado la colocaci\u00f3n laboral de <strong>49 <\/strong>personas con distintos tipos de discapacidad en empresas de la regi\u00f3n, demostrando su firme compromiso con la generaci\u00f3n de oportunidades inclusivas.<\/p>\n\n<p>\u00abRecibir este reconocimiento de la Alcald\u00eda de Cali es un gran honor y una validaci\u00f3n al trabajo constante que realizamos a trav\u00e9s de nuestros programas. En Comfenalco Valle Delagente estamos convencidos de que la inclusi\u00f3n laboral no es solo un tema de responsabilidad social, sino una estrategia poderosa para fortalecer el talento humano de las empresas y construir una sociedad m\u00e1s justa y productiva. Seguiremos trabajando con la convicci\u00f3n de que las capacidades de las personas con discapacidad son un valor incalculable para el Valle del Cauca\u00bb, afirm\u00f3 Clara Eugenia Orozco Zapata, gerente de Empleabilidad y Emprendimiento de Comfenalco Valle Delagente.<\/p>\n\n<p>A trav\u00e9s de su programa Capacidades Delagente, la Caja de Compensaci\u00f3n Familiar ha logrado articular esfuerzos entre el sector privado y los buscadores de empleo con discapacidad, ofreciendo formaci\u00f3n especializada, orientaci\u00f3n laboral y acompa\u00f1amiento a las empresas para una correcta y exitosa implementaci\u00f3n de sus procesos inclusivos.<\/p>\n\n<p><strong>Comfenalco Valle Delagente.<br \/>Family Compensation Fund of Valle del Cauca.<\/strong><\/p>\n\t\t\t\t\t\t\t\t<\/div>\n\t\t\t\t<\/div>\n\t\t\t\t<div class=\"elementor-element elementor-element-9d50adb elementor-arrows-position-inside elementor-pagination-position-outside elementor-widget elementor-widget-image-carousel\" data-id=\"9d50adb\" data-element_type=\"widget\" data-settings=\"{&quot;slides_to_show&quot;:&quot;3&quot;,&quot;slides_to_show_tablet&quot;:&quot;2&quot;,&quot;slides_to_show_mobile&quot;:&quot;1&quot;,&quot;slides_to_scroll&quot;:&quot;1&quot;,&quot;navigation&quot;:&quot;both&quot;,&quot;autoplay&quot;:&quot;yes&quot;,&quot;pause_on_hover&quot;:&quot;yes&quot;,&quot;pause_on_interaction&quot;:&quot;yes&quot;,&quot;autoplay_speed&quot;:5000,&quot;infinite&quot;:&quot;yes&quot;,&quot;speed&quot;:500,&quot;image_spacing_custom&quot;:{&quot;unit&quot;:&quot;px&quot;,&quot;size&quot;:20,&quot;sizes&quot;:[]},&quot;image_spacing_custom_tablet&quot;:{&quot;unit&quot;:&quot;px&quot;,&quot;size&quot;:&quot;&quot;,&quot;sizes&quot;:[]}}\" data-widget_type=\"image-carousel.default\">\n\t\t\t\t<div class=\"elementor-widget-container\">\n\t\t\t\t\t\t\t<div class=\"elementor-image-carousel-wrapper swiper\" role=\"region\" aria-roledescription=\"carousel\" aria-label=\"Carrusel de im\u00e1genes\" dir=\"ltr\">\n\t\t\t<div class=\"elementor-image-carousel swiper-wrapper\" aria-live=\"off\">\n\t\t\t\t\t\t\t\t<div class=\"swiper-slide\" role=\"group\" aria-roledescription=\"slide\" aria-label=\"1 of 5\"><figure class=\"swiper-slide-inner\"><img decoding=\"async\" class=\"swiper-slide-image lazyload\" data-src=\"https:\/\/test.comfenalcovalle.com.co\/wp-content\/uploads\/2025\/12\/Alcaldia-de-Cali-reconoce-a-la-Caja-Delagente-por-su-liderazgo-en-inclusion-laboral-3.jpeg\" alt=\"Alcald\u00eda de Cali reconoce a la Caja Delagente por su liderazgo en inclusi\u00f3n laboral (2)\" src=\"data:image\/svg+xml;base64,PHN2ZyB3aWR0aD0iMSIgaGVpZ2h0PSIxIiB4bWxucz0iaHR0cDovL3d3dy53My5vcmcvMjAwMC9zdmciPjwvc3ZnPg==\" style=\"--smush-placeholder-width: 1080px; --smush-placeholder-aspect-ratio: 1080\/608;\" \/><\/figure><\/div><div class=\"swiper-slide\" role=\"group\" aria-roledescription=\"slide\" aria-label=\"2 of 5\"><figure class=\"swiper-slide-inner\"><img decoding=\"async\" class=\"swiper-slide-image lazyload\" data-src=\"https:\/\/test.comfenalcovalle.com.co\/wp-content\/uploads\/2025\/12\/Alcaldia-de-Cali-reconoce-a-la-Caja-Delagente-por-su-liderazgo-en-inclusion-laboral-1.png\" alt=\"Alcald\u00eda de Cali reconoce a la Caja Delagente por su liderazgo en inclusi\u00f3n laboral (2)\" src=\"data:image\/svg+xml;base64,PHN2ZyB3aWR0aD0iMSIgaGVpZ2h0PSIxIiB4bWxucz0iaHR0cDovL3d3dy53My5vcmcvMjAwMC9zdmciPjwvc3ZnPg==\" style=\"--smush-placeholder-width: 1080px; --smush-placeholder-aspect-ratio: 1080\/608;\" \/><\/figure><\/div><div class=\"swiper-slide\" role=\"group\" aria-roledescription=\"slide\" aria-label=\"3 of 5\"><figure class=\"swiper-slide-inner\"><img decoding=\"async\" class=\"swiper-slide-image lazyload\" data-src=\"https:\/\/test.comfenalcovalle.com.co\/wp-content\/uploads\/2025\/12\/Alcaldia-de-Cali-reconoce-a-la-Caja-Delagente-por-su-liderazgo-en-inclusion-laboral-4.jpeg\" alt=\"Alcald\u00eda de Cali reconoce a la Caja Delagente por su liderazgo en inclusi\u00f3n laboral (2)\" src=\"data:image\/svg+xml;base64,PHN2ZyB3aWR0aD0iMSIgaGVpZ2h0PSIxIiB4bWxucz0iaHR0cDovL3d3dy53My5vcmcvMjAwMC9zdmciPjwvc3ZnPg==\" style=\"--smush-placeholder-width: 1080px; --smush-placeholder-aspect-ratio: 1080\/607;\" \/><\/figure><\/div><div class=\"swiper-slide\" role=\"group\" aria-roledescription=\"slide\" aria-label=\"4 of 5\"><figure class=\"swiper-slide-inner\"><img decoding=\"async\" class=\"swiper-slide-image lazyload\" data-src=\"https:\/\/test.comfenalcovalle.com.co\/wp-content\/uploads\/2025\/12\/Alcaldia-de-Cali-reconoce-a-la-Caja-Delagente-por-su-liderazgo-en-inclusion-laboral-5.jpeg\" alt=\"Alcald\u00eda de Cali reconoce a la Caja Delagente por su liderazgo en inclusi\u00f3n laboral (2)\" src=\"data:image\/svg+xml;base64,PHN2ZyB3aWR0aD0iMSIgaGVpZ2h0PSIxIiB4bWxucz0iaHR0cDovL3d3dy53My5vcmcvMjAwMC9zdmciPjwvc3ZnPg==\" style=\"--smush-placeholder-width: 1080px; --smush-placeholder-aspect-ratio: 1080\/608;\" \/><\/figure><\/div><div class=\"swiper-slide\" role=\"group\" aria-roledescription=\"slide\" aria-label=\"5 of 5\"><figure class=\"swiper-slide-inner\"><img decoding=\"async\" class=\"swiper-slide-image lazyload\" data-src=\"https:\/\/test.comfenalcovalle.com.co\/wp-content\/uploads\/2025\/12\/Alcaldia-de-Cali-reconoce-a-la-Caja-Delagente-por-su-liderazgo-en-inclusion-laboral-1.jpeg\" alt=\"Alcald\u00eda de Cali reconoce a la Caja Delagente por su liderazgo en inclusi\u00f3n laboral (2)\" src=\"data:image\/svg+xml;base64,PHN2ZyB3aWR0aD0iMSIgaGVpZ2h0PSIxIiB4bWxucz0iaHR0cDovL3d3dy53My5vcmcvMjAwMC9zdmciPjwvc3ZnPg==\" style=\"--smush-placeholder-width: 1080px; --smush-placeholder-aspect-ratio: 1080\/608;\" \/><\/figure><\/div>\t\t\t<\/div>\n\t\t\t\t\t\t\t\t\t\t\t\t<div class=\"elementor-swiper-button elementor-swiper-button-prev\" role=\"button\" tabindex=\"0\">\n\t\t\t\t\t\t<i aria-hidden=\"true\" class=\"eicon-chevron-left\"><\/i>\t\t\t\t\t<\/div>\n\t\t\t\t\t<div class=\"elementor-swiper-button elementor-swiper-button-next\" role=\"button\" tabindex=\"0\">\n\t\t\t\t\t\t<i aria-hidden=\"true\" class=\"eicon-chevron-right\"><\/i>\t\t\t\t\t<\/div>\n\t\t\t\t\n\t\t\t\t\t\t\t\t\t<div class=\"swiper-pagination\"><\/div>\n\t\t\t\t\t\t\t\t\t<\/div>\n\t\t\t\t\t\t<\/div>\n\t\t\t\t<\/div>\n\t\t\t\t\t<\/div>\n\t\t\t\t<\/div>\n\t\t\t\t<\/div>","protected":false},"excerpt":{"rendered":"<p>La Alcald\u00eda de Santiago de Cali otorg\u00f3 a Comfenalco Valle Delagente un importante reconocimiento este 10 de diciembre de 2025, destacando su papel crucial como motor de la inclusi\u00f3n laboral de personas con discapacidad en la capital vallecaucana. El reconocimiento fue entregado durante el evento \u00abIncl\u00fayete \u00a1Construyendo oportunidades!\u00bb, un espacio crucial dise\u00f1ado para conectar empresas, [&hellip;]<\/p>","protected":false},"author":6,"featured_media":672093,"comment_status":"closed","ping_status":"closed","sticky":false,"template":"","format":"standard","meta":{"footnotes":""},"categories":[72],"tags":[],"class_list":["post-672086","post","type-post","status-publish","format-standard","has-post-thumbnail","hentry","category-corporativo"],"yoast_head":"<!-- This site is optimized with the Yoast SEO Premium plugin v25.9 (Yoast SEO v25.9) - https:\/\/yoast.com\/wordpress\/plugins\/seo\/ -->\n<title>Alcald\u00eda de Cali reconoce a la Caja Delagente por su liderazgo<\/title>\n<meta name=\"description\" content=\"El reconocimiento fue entregado durante el evento &quot;Incl\u00fayete \u00a1Construyendo oportunidades!&quot;, espacio crucial dise\u00f1ado para conectar empresas.\" \/>\n<meta name=\"robots\" content=\"index, follow, max-snippet:-1, max-image-preview:large, max-video-preview:-1\" \/>\n<link rel=\"canonical\" href=\"https:\/\/www.comfenalcovalle.com.co\/alcaldia-de-cali-reconoce-a-la-caja-delagente-por-su-liderazgo-en-inclusion-laboral\/\" \/>\n<meta property=\"og:locale\" content=\"en_US\" \/>\n<meta property=\"og:type\" content=\"article\" \/>\n<meta property=\"og:title\" content=\"Alcald\u00eda de Cali reconoce a la Caja Delagente por su liderazgo en inclusi\u00f3n laboral\" \/>\n<meta property=\"og:description\" content=\"El reconocimiento fue entregado durante el evento &quot;Incl\u00fayete \u00a1Construyendo oportunidades!&quot;, espacio crucial dise\u00f1ado para conectar empresas.\" \/>\n<meta property=\"og:url\" content=\"https:\/\/www.comfenalcovalle.com.co\/alcaldia-de-cali-reconoce-a-la-caja-delagente-por-su-liderazgo-en-inclusion-laboral\/\" \/>\n<meta property=\"og:site_name\" content=\"Comfenalco Valle Delagente\" \/>\n<meta property=\"article:published_time\" content=\"2025-12-11T16:48:52+00:00\" \/>\n<meta property=\"og:image\" content=\"https:\/\/www.comfenalcovalle.com.co\/wp-content\/uploads\/2025\/12\/Alcaldia-de-Cali-reconoce-a-la-Caja-Delagente-por-su-liderazgo-en-inclusion-laboral-2.jpeg\" \/>\n\t<meta property=\"og:image:width\" content=\"1080\" \/>\n\t<meta property=\"og:image:height\" content=\"1080\" \/>\n\t<meta property=\"og:image:type\" content=\"image\/jpeg\" \/>\n<meta name=\"author\" content=\"Comunicaciones Comfenalco Valle delagente\" \/>\n<meta name=\"twitter:card\" content=\"summary_large_image\" \/>\n<meta name=\"twitter:label1\" content=\"Written by\" \/>\n\t<meta name=\"twitter:data1\" content=\"Comunicaciones Comfenalco Valle delagente\" \/>\n\t<meta name=\"twitter:label2\" content=\"Est. reading time\" \/>\n\t<meta name=\"twitter:data2\" content=\"4 minutes\" \/>\n<script type=\"application\/ld+json\" class=\"yoast-schema-graph\">{\"@context\":\"https:\/\/schema.org\",\"@graph\":[{\"@type\":\"Article\",\"@id\":\"https:\/\/www.comfenalcovalle.com.co\/alcaldia-de-cali-reconoce-a-la-caja-delagente-por-su-liderazgo-en-inclusion-laboral\/#article\",\"isPartOf\":{\"@id\":\"https:\/\/www.comfenalcovalle.com.co\/alcaldia-de-cali-reconoce-a-la-caja-delagente-por-su-liderazgo-en-inclusion-laboral\/\"},\"author\":{\"name\":\"Comunicaciones Comfenalco Valle delagente\",\"@id\":\"https:\/\/www.comfenalcovalle.com.co\/#\/schema\/person\/d4d8bcb299f88f97b06096cf6a21cb01\"},\"headline\":\"Alcald\u00eda de Cali reconoce a la Caja Delagente por su liderazgo en inclusi\u00f3n laboral\",\"datePublished\":\"2025-12-11T16:48:52+00:00\",\"mainEntityOfPage\":{\"@id\":\"https:\/\/www.comfenalcovalle.com.co\/alcaldia-de-cali-reconoce-a-la-caja-delagente-por-su-liderazgo-en-inclusion-laboral\/\"},\"wordCount\":317,\"publisher\":{\"@id\":\"https:\/\/www.comfenalcovalle.com.co\/#organization\"},\"image\":{\"@id\":\"https:\/\/www.comfenalcovalle.com.co\/alcaldia-de-cali-reconoce-a-la-caja-delagente-por-su-liderazgo-en-inclusion-laboral\/#primaryimage\"},\"thumbnailUrl\":\"https:\/\/test.comfenalcovalle.com.co\/wp-content\/uploads\/2025\/12\/Alcaldia-de-Cali-reconoce-a-la-Caja-Delagente-por-su-liderazgo-en-inclusion-laboral-2.jpeg\",\"articleSection\":[\"Corporativo\"],\"inLanguage\":\"en-US\"},{\"@type\":\"WebPage\",\"@id\":\"https:\/\/www.comfenalcovalle.com.co\/alcaldia-de-cali-reconoce-a-la-caja-delagente-por-su-liderazgo-en-inclusion-laboral\/\",\"url\":\"https:\/\/www.comfenalcovalle.com.co\/alcaldia-de-cali-reconoce-a-la-caja-delagente-por-su-liderazgo-en-inclusion-laboral\/\",\"name\":\"Alcald\u00eda de Cali reconoce a la Caja Delagente por su liderazgo\",\"isPartOf\":{\"@id\":\"https:\/\/www.comfenalcovalle.com.co\/#website\"},\"primaryImageOfPage\":{\"@id\":\"https:\/\/www.comfenalcovalle.com.co\/alcaldia-de-cali-reconoce-a-la-caja-delagente-por-su-liderazgo-en-inclusion-laboral\/#primaryimage\"},\"image\":{\"@id\":\"https:\/\/www.comfenalcovalle.com.co\/alcaldia-de-cali-reconoce-a-la-caja-delagente-por-su-liderazgo-en-inclusion-laboral\/#primaryimage\"},\"thumbnailUrl\":\"https:\/\/test.comfenalcovalle.com.co\/wp-content\/uploads\/2025\/12\/Alcaldia-de-Cali-reconoce-a-la-Caja-Delagente-por-su-liderazgo-en-inclusion-laboral-2.jpeg\",\"datePublished\":\"2025-12-11T16:48:52+00:00\",\"description\":\"El reconocimiento fue entregado durante el evento \\\"Incl\u00fayete \u00a1Construyendo oportunidades!\\\", espacio crucial dise\u00f1ado para conectar empresas.\",\"breadcrumb\":{\"@id\":\"https:\/\/www.comfenalcovalle.com.co\/alcaldia-de-cali-reconoce-a-la-caja-delagente-por-su-liderazgo-en-inclusion-laboral\/#breadcrumb\"},\"inLanguage\":\"en-US\",\"potentialAction\":[{\"@type\":\"ReadAction\",\"target\":[\"https:\/\/www.comfenalcovalle.com.co\/alcaldia-de-cali-reconoce-a-la-caja-delagente-por-su-liderazgo-en-inclusion-laboral\/\"]}]},{\"@type\":\"ImageObject\",\"inLanguage\":\"en-US\",\"@id\":\"https:\/\/www.comfenalcovalle.com.co\/alcaldia-de-cali-reconoce-a-la-caja-delagente-por-su-liderazgo-en-inclusion-laboral\/#primaryimage\",\"url\":\"https:\/\/test.comfenalcovalle.com.co\/wp-content\/uploads\/2025\/12\/Alcaldia-de-Cali-reconoce-a-la-Caja-Delagente-por-su-liderazgo-en-inclusion-laboral-2.jpeg\",\"contentUrl\":\"https:\/\/test.comfenalcovalle.com.co\/wp-content\/uploads\/2025\/12\/Alcaldia-de-Cali-reconoce-a-la-Caja-Delagente-por-su-liderazgo-en-inclusion-laboral-2.jpeg\",\"width\":1080,\"height\":1080,\"caption\":\"Alcald\u00eda de Cali reconoce a la Caja Delagente por su liderazgo en inclusi\u00f3n laboral (2)\"},{\"@type\":\"BreadcrumbList\",\"@id\":\"https:\/\/www.comfenalcovalle.com.co\/alcaldia-de-cali-reconoce-a-la-caja-delagente-por-su-liderazgo-en-inclusion-laboral\/#breadcrumb\",\"itemListElement\":[{\"@type\":\"ListItem\",\"position\":1,\"name\":\"Portada\",\"item\":\"https:\/\/www.comfenalcovalle.com.co\/\"},{\"@type\":\"ListItem\",\"position\":2,\"name\":\"Alcald\u00eda de Cali reconoce a la Caja Delagente por su liderazgo en inclusi\u00f3n laboral\"}]},{\"@type\":\"WebSite\",\"@id\":\"https:\/\/www.comfenalcovalle.com.co\/#website\",\"url\":\"https:\/\/www.comfenalcovalle.com.co\/\",\"name\":\"Comfenalco Valle Delagente\",\"description\":\"Caja de compensaci\u00f3n de Comfenalco Valle Delagente.\",\"publisher\":{\"@id\":\"https:\/\/www.comfenalcovalle.com.co\/#organization\"},\"potentialAction\":[{\"@type\":\"SearchAction\",\"target\":{\"@type\":\"EntryPoint\",\"urlTemplate\":\"https:\/\/www.comfenalcovalle.com.co\/?s={search_term_string}\"},\"query-input\":{\"@type\":\"PropertyValueSpecification\",\"valueRequired\":true,\"valueName\":\"search_term_string\"}}],\"inLanguage\":\"en-US\"},{\"@type\":\"Organization\",\"@id\":\"https:\/\/www.comfenalcovalle.com.co\/#organization\",\"name\":\"Comfenalco Valle Delagente\",\"url\":\"https:\/\/www.comfenalcovalle.com.co\/\",\"logo\":{\"@type\":\"ImageObject\",\"inLanguage\":\"en-US\",\"@id\":\"https:\/\/www.comfenalcovalle.com.co\/#\/schema\/logo\/image\/\",\"url\":\"https:\/\/test.comfenalcovalle.com.co\/wp-content\/uploads\/2021\/06\/logo-comfe-cabecera-agencia-empelo-actualizado.png\",\"contentUrl\":\"https:\/\/test.comfenalcovalle.com.co\/wp-content\/uploads\/2021\/06\/logo-comfe-cabecera-agencia-empelo-actualizado.png\",\"width\":500,\"height\":184,\"caption\":\"Comfenalco Valle Delagente\"},\"image\":{\"@id\":\"https:\/\/www.comfenalcovalle.com.co\/#\/schema\/logo\/image\/\"}},{\"@type\":\"Person\",\"@id\":\"https:\/\/www.comfenalcovalle.com.co\/#\/schema\/person\/d4d8bcb299f88f97b06096cf6a21cb01\",\"name\":\"Comunicaciones Comfenalco Valle delagente\",\"image\":{\"@type\":\"ImageObject\",\"inLanguage\":\"en-US\",\"@id\":\"https:\/\/www.comfenalcovalle.com.co\/#\/schema\/person\/image\/\",\"url\":\"https:\/\/secure.gravatar.com\/avatar\/d1c29eb639a137df0ac8bfec50479e8d6ef564f7320f439d9d984504359ea6ee?s=96&d=mm&r=g\",\"contentUrl\":\"https:\/\/secure.gravatar.com\/avatar\/d1c29eb639a137df0ac8bfec50479e8d6ef564f7320f439d9d984504359ea6ee?s=96&d=mm&r=g\",\"caption\":\"Comunicaciones Comfenalco Valle delagente\"},\"url\":\"https:\/\/test.comfenalcovalle.com.co\/en\/author\/comunicaciones-comfenalco-valle-delagente\/\"}]}<\/script>\n<!-- \/ Yoast SEO Premium plugin. -->","yoast_head_json":{"title":"Alcald\u00eda de Cali reconoce a la Caja Delagente por su liderazgo","description":"El reconocimiento fue entregado durante el evento \"Incl\u00fayete \u00a1Construyendo oportunidades!\", espacio crucial dise\u00f1ado para conectar empresas.","robots":{"index":"index","follow":"follow","max-snippet":"max-snippet:-1","max-image-preview":"max-image-preview:large","max-video-preview":"max-video-preview:-1"},"canonical":"https:\/\/www.comfenalcovalle.com.co\/alcaldia-de-cali-reconoce-a-la-caja-delagente-por-su-liderazgo-en-inclusion-laboral\/","og_locale":"en_US","og_type":"article","og_title":"Alcald\u00eda de Cali reconoce a la Caja Delagente por su liderazgo en inclusi\u00f3n laboral","og_description":"El reconocimiento fue entregado durante el evento \"Incl\u00fayete \u00a1Construyendo oportunidades!\", espacio crucial dise\u00f1ado para conectar empresas.","og_url":"https:\/\/www.comfenalcovalle.com.co\/alcaldia-de-cali-reconoce-a-la-caja-delagente-por-su-liderazgo-en-inclusion-laboral\/","og_site_name":"Comfenalco Valle Delagente","article_published_time":"2025-12-11T16:48:52+00:00","og_image":[{"width":1080,"height":1080,"url":"https:\/\/www.comfenalcovalle.com.co\/wp-content\/uploads\/2025\/12\/Alcaldia-de-Cali-reconoce-a-la-Caja-Delagente-por-su-liderazgo-en-inclusion-laboral-2.jpeg","type":"image\/jpeg"}],"author":"Comunicaciones Comfenalco Valle delagente","twitter_card":"summary_large_image","twitter_misc":{"Written by":"Comunicaciones Comfenalco Valle delagente","Est. reading time":"4 minutes"},"schema":{"@context":"https:\/\/schema.org","@graph":[{"@type":"Article","@id":"https:\/\/www.comfenalcovalle.com.co\/alcaldia-de-cali-reconoce-a-la-caja-delagente-por-su-liderazgo-en-inclusion-laboral\/#article","isPartOf":{"@id":"https:\/\/www.comfenalcovalle.com.co\/alcaldia-de-cali-reconoce-a-la-caja-delagente-por-su-liderazgo-en-inclusion-laboral\/"},"author":{"name":"Comunicaciones Comfenalco Valle delagente","@id":"https:\/\/www.comfenalcovalle.com.co\/#\/schema\/person\/d4d8bcb299f88f97b06096cf6a21cb01"},"headline":"Alcald\u00eda de Cali reconoce a la Caja Delagente por su liderazgo en inclusi\u00f3n laboral","datePublished":"2025-12-11T16:48:52+00:00","mainEntityOfPage":{"@id":"https:\/\/www.comfenalcovalle.com.co\/alcaldia-de-cali-reconoce-a-la-caja-delagente-por-su-liderazgo-en-inclusion-laboral\/"},"wordCount":317,"publisher":{"@id":"https:\/\/www.comfenalcovalle.com.co\/#organization"},"image":{"@id":"https:\/\/www.comfenalcovalle.com.co\/alcaldia-de-cali-reconoce-a-la-caja-delagente-por-su-liderazgo-en-inclusion-laboral\/#primaryimage"},"thumbnailUrl":"https:\/\/test.comfenalcovalle.com.co\/wp-content\/uploads\/2025\/12\/Alcaldia-de-Cali-reconoce-a-la-Caja-Delagente-por-su-liderazgo-en-inclusion-laboral-2.jpeg","articleSection":["Corporativo"],"inLanguage":"en-US"},{"@type":"WebPage","@id":"https:\/\/www.comfenalcovalle.com.co\/alcaldia-de-cali-reconoce-a-la-caja-delagente-por-su-liderazgo-en-inclusion-laboral\/","url":"https:\/\/www.comfenalcovalle.com.co\/alcaldia-de-cali-reconoce-a-la-caja-delagente-por-su-liderazgo-en-inclusion-laboral\/","name":"Alcald\u00eda de Cali reconoce a la Caja Delagente por su liderazgo","isPartOf":{"@id":"https:\/\/www.comfenalcovalle.com.co\/#website"},"primaryImageOfPage":{"@id":"https:\/\/www.comfenalcovalle.com.co\/alcaldia-de-cali-reconoce-a-la-caja-delagente-por-su-liderazgo-en-inclusion-laboral\/#primaryimage"},"image":{"@id":"https:\/\/www.comfenalcovalle.com.co\/alcaldia-de-cali-reconoce-a-la-caja-delagente-por-su-liderazgo-en-inclusion-laboral\/#primaryimage"},"thumbnailUrl":"https:\/\/test.comfenalcovalle.com.co\/wp-content\/uploads\/2025\/12\/Alcaldia-de-Cali-reconoce-a-la-Caja-Delagente-por-su-liderazgo-en-inclusion-laboral-2.jpeg","datePublished":"2025-12-11T16:48:52+00:00","description":"El reconocimiento fue entregado durante el evento \"Incl\u00fayete \u00a1Construyendo oportunidades!\", espacio crucial dise\u00f1ado para conectar empresas.","breadcrumb":{"@id":"https:\/\/www.comfenalcovalle.com.co\/alcaldia-de-cali-reconoce-a-la-caja-delagente-por-su-liderazgo-en-inclusion-laboral\/#breadcrumb"},"inLanguage":"en-US","potentialAction":[{"@type":"ReadAction","target":["https:\/\/www.comfenalcovalle.com.co\/alcaldia-de-cali-reconoce-a-la-caja-delagente-por-su-liderazgo-en-inclusion-laboral\/"]}]},{"@type":"ImageObject","inLanguage":"en-US","@id":"https:\/\/www.comfenalcovalle.com.co\/alcaldia-de-cali-reconoce-a-la-caja-delagente-por-su-liderazgo-en-inclusion-laboral\/#primaryimage","url":"https:\/\/test.comfenalcovalle.com.co\/wp-content\/uploads\/2025\/12\/Alcaldia-de-Cali-reconoce-a-la-Caja-Delagente-por-su-liderazgo-en-inclusion-laboral-2.jpeg","contentUrl":"https:\/\/test.comfenalcovalle.com.co\/wp-content\/uploads\/2025\/12\/Alcaldia-de-Cali-reconoce-a-la-Caja-Delagente-por-su-liderazgo-en-inclusion-laboral-2.jpeg","width":1080,"height":1080,"caption":"Alcald\u00eda de Cali reconoce a la Caja Delagente por su liderazgo en inclusi\u00f3n laboral (2)"},{"@type":"BreadcrumbList","@id":"https:\/\/www.comfenalcovalle.com.co\/alcaldia-de-cali-reconoce-a-la-caja-delagente-por-su-liderazgo-en-inclusion-laboral\/#breadcrumb","itemListElement":[{"@type":"ListItem","position":1,"name":"Portada","item":"https:\/\/www.comfenalcovalle.com.co\/"},{"@type":"ListItem","position":2,"name":"Alcald\u00eda de Cali reconoce a la Caja Delagente por su liderazgo en inclusi\u00f3n laboral"}]},{"@type":"WebSite","@id":"https:\/\/www.comfenalcovalle.com.co\/#website","url":"https:\/\/www.comfenalcovalle.com.co\/","name":"Comfenalco Valle Delagente","description":"Comfenalco Valle Delagente compensation fund.","publisher":{"@id":"https:\/\/www.comfenalcovalle.com.co\/#organization"},"potentialAction":[{"@type":"SearchAction","target":{"@type":"EntryPoint","urlTemplate":"https:\/\/www.comfenalcovalle.com.co\/?s={search_term_string}"},"query-input":{"@type":"PropertyValueSpecification","valueRequired":true,"valueName":"search_term_string"}}],"inLanguage":"en-US"},{"@type":"Organization","@id":"https:\/\/www.comfenalcovalle.com.co\/#organization","name":"Comfenalco Valle Delagente","url":"https:\/\/www.comfenalcovalle.com.co\/","logo":{"@type":"ImageObject","inLanguage":"en-US","@id":"https:\/\/www.comfenalcovalle.com.co\/#\/schema\/logo\/image\/","url":"https:\/\/test.comfenalcovalle.com.co\/wp-content\/uploads\/2021\/06\/logo-comfe-cabecera-agencia-empelo-actualizado.png","contentUrl":"https:\/\/test.comfenalcovalle.com.co\/wp-content\/uploads\/2021\/06\/logo-comfe-cabecera-agencia-empelo-actualizado.png","width":500,"height":184,"caption":"Comfenalco Valle Delagente"},"image":{"@id":"https:\/\/www.comfenalcovalle.com.co\/#\/schema\/logo\/image\/"}},{"@type":"Person","@id":"https:\/\/www.comfenalcovalle.com.co\/#\/schema\/person\/d4d8bcb299f88f97b06096cf6a21cb01","name":"Communications Comfenalco Valle delagente","image":{"@type":"ImageObject","inLanguage":"en-US","@id":"https:\/\/www.comfenalcovalle.com.co\/#\/schema\/person\/image\/","url":"https:\/\/secure.gravatar.com\/avatar\/d1c29eb639a137df0ac8bfec50479e8d6ef564f7320f439d9d984504359ea6ee?s=96&d=mm&r=g","contentUrl":"https:\/\/secure.gravatar.com\/avatar\/d1c29eb639a137df0ac8bfec50479e8d6ef564f7320f439d9d984504359ea6ee?s=96&d=mm&r=g","caption":"Comunicaciones Comfenalco Valle delagente"},"url":"https:\/\/test.comfenalcovalle.com.co\/en\/author\/comunicaciones-comfenalco-valle-delagente\/"}]}},"publishpress_future_action":{"enabled":false,"date":"2026-05-10 03:41:33","action":"change-status","newStatus":"draft","terms":[],"taxonomy":"category","extraData":[]},"publishpress_future_workflow_manual_trigger":{"enabledWorkflows":[]},"_links":{"self":[{"href":"https:\/\/test.comfenalcovalle.com.co\/en\/wp-json\/wp\/v2\/posts\/672086","targetHints":{"allow":["GET"]}}],"collection":[{"href":"https:\/\/test.comfenalcovalle.com.co\/en\/wp-json\/wp\/v2\/posts"}],"about":[{"href":"https:\/\/test.comfenalcovalle.com.co\/en\/wp-json\/wp\/v2\/types\/post"}],"author":[{"embeddable":true,"href":"https:\/\/test.comfenalcovalle.com.co\/en\/wp-json\/wp\/v2\/users\/6"}],"replies":[{"embeddable":true,"href":"https:\/\/test.comfenalcovalle.com.co\/en\/wp-json\/wp\/v2\/comments?post=672086"}],"version-history":[{"count":0,"href":"https:\/\/test.comfenalcovalle.com.co\/en\/wp-json\/wp\/v2\/posts\/672086\/revisions"}],"wp:featuredmedia":[{"embeddable":true,"href":"https:\/\/test.comfenalcovalle.com.co\/en\/wp-json\/wp\/v2\/media\/672093"}],"wp:attachment":[{"href":"https:\/\/test.comfenalcovalle.com.co\/en\/wp-json\/wp\/v2\/media?parent=672086"}],"wp:term":[{"taxonomy":"category","embeddable":true,"href":"https:\/\/test.comfenalcovalle.com.co\/en\/wp-json\/wp\/v2\/categories?post=672086"},{"taxonomy":"post_tag","embeddable":true,"href":"https:\/\/test.comfenalcovalle.com.co\/en\/wp-json\/wp\/v2\/tags?post=672086"}],"curies":[{"name":"wp","href":"https:\/\/api.w.org\/{rel}","templated":true}]}}