{"id":671145,"date":"2025-11-12T14:44:49","date_gmt":"2025-11-12T19:44:49","guid":{"rendered":"https:\/\/test.comfenalcovalle.com.co\/?p=671145"},"modified":"2025-11-12T15:14:38","modified_gmt":"2025-11-12T20:14:38","slug":"rutas-vive-el-valle-hara-presencia-en-el-encuentro-nacional-de-turismo-receptivo-liderado-por-anato-en-cali","status":"publish","type":"post","link":"https:\/\/test.comfenalcovalle.com.co\/en\/rutas-vive-el-valle-hara-presencia-en-el-encuentro-nacional-de-turismo-receptivo-liderado-por-anato-en-cali\/","title":{"rendered":"Rutas Vive el Valle har\u00e1 presencia en el Encuentro Nacional de Turismo Receptivo liderado por Anato en Cali"},"content":{"rendered":"<p>Mostrar el potencial tur\u00edstico del Valle del Cauca, es uno de los objetivos que cumplir\u00e1 Comfenalco Valle Delagente en el 6\u00ba Encuentro Nacional de Turismo Receptivo organizado por la Asociaci\u00f3n Nacional de Agencias de Viajes y Turismo, Anato, que se realizar\u00e1 en Centro de Eventos Valle del Pac\u00edfico en Cali, durante el 13 y 14 de noviembre.<\/p>\n\n\n\n<p>Este encuentro se ha posicionado como una de las apuestas m\u00e1s importantes para la exportaci\u00f3n de servicios y la generaci\u00f3n de progreso en las regiones del pa\u00eds.<\/p>\n\n\n\n<p>\u201cPor segundo a\u00f1o consecutivo, haremos presencia en este gran Encuentro Nacional de Turismo Receptivo para mostrar las fortalezas tur\u00edsticas del departamento a trav\u00e9s de nuestras rutas tur\u00edsticas Vive el Valle y el proceso de turismo comunitario fortalecido en 7 municipios del Valle del Cauca Cartago, Zarzal, Guacari, Ginebra, El Cerrito, Palmira y Pradera, su naturaleza, gastronom\u00eda, cultura, har\u00e1n parte de la muestra empresarial de este encuentro. As\u00ed como el servicio de alojamiento de nuestros tres Hoteles Delagente en Cali, Cartago y Buenaventura\u201d afirma Ana Ximena Vallejo, jefe de Cooperaci\u00f3n, Proyectos Sociales y Sostenibilidad de Comfenalco Valle Delagente.<\/p>\n\n\n\n<p>En este evento se re\u00fanen los actores m\u00e1s importantes del turismo receptivo e interno en Colombia. Las agencias operadoras, DMC, agencias mayoristas y prestadores de servicios del sector, ser\u00e1n part\u00edcipes de espacios de aprendizaje, articulaci\u00f3n, encadenamiento y conocimiento de la oferta tur\u00edstica de la regi\u00f3n anfitriona, que, para este a\u00f1o, es el Valle del Cauca.<\/p>\n\n\n\n<p>De esta forma, se sigue contribuyendo al fortalecimiento, profesionalizaci\u00f3n y mejoramiento de la calidad tur\u00edstica, as\u00ed como a destacar las iniciativas y experiencias relacionadas con los productos priorizados por el Plan Sectorial de Turismo bajo un enfoque sostenible y responsable.<\/p>\n\n\n\n<p>El evento cuenta con una agenda de dos d\u00edas con muestra y exposici\u00f3n comercial, rueda de negocios y agenda acad\u00e9mica que fortalecer\u00e1 las competencias del sector del turismo receptivo a nivel nacional, para continuar consolid\u00e1ndose como uno de los sectores de mayor crecimiento econ\u00f3mico en el pa\u00eds.<\/p>\n\n\n\n<p><strong>Conoce la programaci\u00f3n aqu\u00ed:<\/strong><\/p>\n\n\n\n<div class=\"wp-block-buttons is-content-justification-center is-layout-flex wp-container-core-buttons-is-layout-16018d1d wp-block-buttons-is-layout-flex\">\n<div class=\"wp-block-button\"><a class=\"wp-block-button__link has-vivid-green-cyan-background-color has-background has-text-align-center wp-element-button\">Turismo Receptivo &#8211; Anato<\/a><\/div>\n<\/div>\n\n\n\n<p><\/p>\n\n\n\n<p><strong>Comfenalco Valle Delagente<\/strong><\/p>\n\n\n\n<p><strong>Family Compensation Fund.<\/strong><\/p>","protected":false},"excerpt":{"rendered":"<p>Mostrar el potencial tur\u00edstico del Valle del Cauca, es uno de los objetivos que cumplir\u00e1 Comfenalco Valle Delagente en el 6\u00ba Encuentro Nacional de Turismo Receptivo organizado por la Asociaci\u00f3n Nacional de Agencias de Viajes y Turismo, Anato, que se realizar\u00e1 en Centro de Eventos Valle del Pac\u00edfico en Cali, durante el 13 y 14 [&hellip;]<\/p>","protected":false},"author":6,"featured_media":651118,"comment_status":"closed","ping_status":"closed","sticky":false,"template":"","format":"standard","meta":{"footnotes":""},"categories":[104],"tags":[],"class_list":["post-671145","post","type-post","status-publish","format-standard","has-post-thumbnail","hentry","category-turismo"],"yoast_head":"<!-- This site is optimized with the Yoast SEO Premium plugin v25.9 (Yoast SEO v25.9) - https:\/\/yoast.com\/wordpress\/plugins\/seo\/ -->\n<title>Rutas Vive el Valle en el Encuentro Nacional de Turismo Receptivo<\/title>\n<meta name=\"description\" content=\"Este encuentro nacional de turismo receptivo se ha posicionado como una de las apuestas m\u00e1s importantes para la exportaci\u00f3n de servicios\" \/>\n<meta name=\"robots\" content=\"index, follow, max-snippet:-1, max-image-preview:large, max-video-preview:-1\" \/>\n<link rel=\"canonical\" href=\"https:\/\/www.comfenalcovalle.com.co\/rutas-vive-el-valle-hara-presencia-en-el-encuentro-nacional-de-turismo-receptivo-liderado-por-anato-en-cali\/\" \/>\n<meta property=\"og:locale\" content=\"en_US\" \/>\n<meta property=\"og:type\" content=\"article\" \/>\n<meta property=\"og:title\" content=\"Rutas Vive el Valle har\u00e1 presencia en el Encuentro Nacional de Turismo Receptivo liderado por Anato en Cali\" \/>\n<meta property=\"og:description\" content=\"Este encuentro nacional de turismo receptivo se ha posicionado como una de las apuestas m\u00e1s importantes para la exportaci\u00f3n de servicios\" \/>\n<meta property=\"og:url\" content=\"https:\/\/www.comfenalcovalle.com.co\/rutas-vive-el-valle-hara-presencia-en-el-encuentro-nacional-de-turismo-receptivo-liderado-por-anato-en-cali\/\" \/>\n<meta property=\"og:site_name\" content=\"Comfenalco Valle Delagente\" \/>\n<meta property=\"article:published_time\" content=\"2025-11-12T19:44:49+00:00\" \/>\n<meta property=\"article:modified_time\" content=\"2025-11-12T20:14:38+00:00\" \/>\n<meta property=\"og:image\" content=\"https:\/\/www.comfenalcovalle.com.co\/wp-content\/uploads\/2024\/12\/pradera-rutas-vive-valle-2024-03.webp\" \/>\n\t<meta property=\"og:image:width\" content=\"1000\" \/>\n\t<meta property=\"og:image:height\" content=\"562\" \/>\n\t<meta property=\"og:image:type\" content=\"image\/webp\" \/>\n<meta name=\"author\" content=\"Comunicaciones Comfenalco Valle delagente\" \/>\n<meta name=\"twitter:card\" content=\"summary_large_image\" \/>\n<meta name=\"twitter:label1\" content=\"Written by\" \/>\n\t<meta name=\"twitter:data1\" content=\"Comunicaciones Comfenalco Valle delagente\" \/>\n\t<meta name=\"twitter:label2\" content=\"Est. reading time\" \/>\n\t<meta name=\"twitter:data2\" content=\"2 minutes\" \/>\n<script type=\"application\/ld+json\" class=\"yoast-schema-graph\">{\"@context\":\"https:\/\/schema.org\",\"@graph\":[{\"@type\":\"Article\",\"@id\":\"https:\/\/www.comfenalcovalle.com.co\/rutas-vive-el-valle-hara-presencia-en-el-encuentro-nacional-de-turismo-receptivo-liderado-por-anato-en-cali\/#article\",\"isPartOf\":{\"@id\":\"https:\/\/www.comfenalcovalle.com.co\/rutas-vive-el-valle-hara-presencia-en-el-encuentro-nacional-de-turismo-receptivo-liderado-por-anato-en-cali\/\"},\"author\":{\"name\":\"Comunicaciones Comfenalco Valle delagente\",\"@id\":\"https:\/\/www.comfenalcovalle.com.co\/#\/schema\/person\/d4d8bcb299f88f97b06096cf6a21cb01\"},\"headline\":\"Rutas Vive el Valle har\u00e1 presencia en el Encuentro Nacional de Turismo Receptivo liderado por Anato en Cali\",\"datePublished\":\"2025-11-12T19:44:49+00:00\",\"dateModified\":\"2025-11-12T20:14:38+00:00\",\"mainEntityOfPage\":{\"@id\":\"https:\/\/www.comfenalcovalle.com.co\/rutas-vive-el-valle-hara-presencia-en-el-encuentro-nacional-de-turismo-receptivo-liderado-por-anato-en-cali\/\"},\"wordCount\":384,\"publisher\":{\"@id\":\"https:\/\/www.comfenalcovalle.com.co\/#organization\"},\"image\":{\"@id\":\"https:\/\/www.comfenalcovalle.com.co\/rutas-vive-el-valle-hara-presencia-en-el-encuentro-nacional-de-turismo-receptivo-liderado-por-anato-en-cali\/#primaryimage\"},\"thumbnailUrl\":\"https:\/\/test.comfenalcovalle.com.co\/wp-content\/uploads\/2024\/12\/pradera-rutas-vive-valle-2024-03.webp\",\"articleSection\":[\"Turismo\"],\"inLanguage\":\"en-US\"},{\"@type\":\"WebPage\",\"@id\":\"https:\/\/www.comfenalcovalle.com.co\/rutas-vive-el-valle-hara-presencia-en-el-encuentro-nacional-de-turismo-receptivo-liderado-por-anato-en-cali\/\",\"url\":\"https:\/\/www.comfenalcovalle.com.co\/rutas-vive-el-valle-hara-presencia-en-el-encuentro-nacional-de-turismo-receptivo-liderado-por-anato-en-cali\/\",\"name\":\"Rutas Vive el Valle en el Encuentro Nacional de Turismo Receptivo\",\"isPartOf\":{\"@id\":\"https:\/\/www.comfenalcovalle.com.co\/#website\"},\"primaryImageOfPage\":{\"@id\":\"https:\/\/www.comfenalcovalle.com.co\/rutas-vive-el-valle-hara-presencia-en-el-encuentro-nacional-de-turismo-receptivo-liderado-por-anato-en-cali\/#primaryimage\"},\"image\":{\"@id\":\"https:\/\/www.comfenalcovalle.com.co\/rutas-vive-el-valle-hara-presencia-en-el-encuentro-nacional-de-turismo-receptivo-liderado-por-anato-en-cali\/#primaryimage\"},\"thumbnailUrl\":\"https:\/\/test.comfenalcovalle.com.co\/wp-content\/uploads\/2024\/12\/pradera-rutas-vive-valle-2024-03.webp\",\"datePublished\":\"2025-11-12T19:44:49+00:00\",\"dateModified\":\"2025-11-12T20:14:38+00:00\",\"description\":\"Este encuentro nacional de turismo receptivo se ha posicionado como una de las apuestas m\u00e1s importantes para la exportaci\u00f3n de servicios\",\"breadcrumb\":{\"@id\":\"https:\/\/www.comfenalcovalle.com.co\/rutas-vive-el-valle-hara-presencia-en-el-encuentro-nacional-de-turismo-receptivo-liderado-por-anato-en-cali\/#breadcrumb\"},\"inLanguage\":\"en-US\",\"potentialAction\":[{\"@type\":\"ReadAction\",\"target\":[\"https:\/\/www.comfenalcovalle.com.co\/rutas-vive-el-valle-hara-presencia-en-el-encuentro-nacional-de-turismo-receptivo-liderado-por-anato-en-cali\/\"]}]},{\"@type\":\"ImageObject\",\"inLanguage\":\"en-US\",\"@id\":\"https:\/\/www.comfenalcovalle.com.co\/rutas-vive-el-valle-hara-presencia-en-el-encuentro-nacional-de-turismo-receptivo-liderado-por-anato-en-cali\/#primaryimage\",\"url\":\"https:\/\/test.comfenalcovalle.com.co\/wp-content\/uploads\/2024\/12\/pradera-rutas-vive-valle-2024-03.webp\",\"contentUrl\":\"https:\/\/test.comfenalcovalle.com.co\/wp-content\/uploads\/2024\/12\/pradera-rutas-vive-valle-2024-03.webp\",\"width\":1000,\"height\":562,\"caption\":\"pradera-rutas-vive-valle-2024\"},{\"@type\":\"BreadcrumbList\",\"@id\":\"https:\/\/www.comfenalcovalle.com.co\/rutas-vive-el-valle-hara-presencia-en-el-encuentro-nacional-de-turismo-receptivo-liderado-por-anato-en-cali\/#breadcrumb\",\"itemListElement\":[{\"@type\":\"ListItem\",\"position\":1,\"name\":\"Portada\",\"item\":\"https:\/\/www.comfenalcovalle.com.co\/\"},{\"@type\":\"ListItem\",\"position\":2,\"name\":\"Rutas Vive el Valle har\u00e1 presencia en el Encuentro Nacional de Turismo Receptivo liderado por Anato en Cali\"}]},{\"@type\":\"WebSite\",\"@id\":\"https:\/\/www.comfenalcovalle.com.co\/#website\",\"url\":\"https:\/\/www.comfenalcovalle.com.co\/\",\"name\":\"Comfenalco Valle Delagente\",\"description\":\"Caja de compensaci\u00f3n de Comfenalco Valle Delagente.\",\"publisher\":{\"@id\":\"https:\/\/www.comfenalcovalle.com.co\/#organization\"},\"potentialAction\":[{\"@type\":\"SearchAction\",\"target\":{\"@type\":\"EntryPoint\",\"urlTemplate\":\"https:\/\/www.comfenalcovalle.com.co\/?s={search_term_string}\"},\"query-input\":{\"@type\":\"PropertyValueSpecification\",\"valueRequired\":true,\"valueName\":\"search_term_string\"}}],\"inLanguage\":\"en-US\"},{\"@type\":\"Organization\",\"@id\":\"https:\/\/www.comfenalcovalle.com.co\/#organization\",\"name\":\"Comfenalco Valle Delagente\",\"url\":\"https:\/\/www.comfenalcovalle.com.co\/\",\"logo\":{\"@type\":\"ImageObject\",\"inLanguage\":\"en-US\",\"@id\":\"https:\/\/www.comfenalcovalle.com.co\/#\/schema\/logo\/image\/\",\"url\":\"https:\/\/test.comfenalcovalle.com.co\/wp-content\/uploads\/2021\/06\/logo-comfe-cabecera-agencia-empelo-actualizado.png\",\"contentUrl\":\"https:\/\/test.comfenalcovalle.com.co\/wp-content\/uploads\/2021\/06\/logo-comfe-cabecera-agencia-empelo-actualizado.png\",\"width\":500,\"height\":184,\"caption\":\"Comfenalco Valle Delagente\"},\"image\":{\"@id\":\"https:\/\/www.comfenalcovalle.com.co\/#\/schema\/logo\/image\/\"}},{\"@type\":\"Person\",\"@id\":\"https:\/\/www.comfenalcovalle.com.co\/#\/schema\/person\/d4d8bcb299f88f97b06096cf6a21cb01\",\"name\":\"Comunicaciones Comfenalco Valle delagente\",\"image\":{\"@type\":\"ImageObject\",\"inLanguage\":\"en-US\",\"@id\":\"https:\/\/www.comfenalcovalle.com.co\/#\/schema\/person\/image\/\",\"url\":\"https:\/\/secure.gravatar.com\/avatar\/d1c29eb639a137df0ac8bfec50479e8d6ef564f7320f439d9d984504359ea6ee?s=96&d=mm&r=g\",\"contentUrl\":\"https:\/\/secure.gravatar.com\/avatar\/d1c29eb639a137df0ac8bfec50479e8d6ef564f7320f439d9d984504359ea6ee?s=96&d=mm&r=g\",\"caption\":\"Comunicaciones Comfenalco Valle delagente\"},\"url\":\"https:\/\/test.comfenalcovalle.com.co\/en\/author\/comunicaciones-comfenalco-valle-delagente\/\"}]}<\/script>\n<!-- \/ Yoast SEO Premium plugin. -->","yoast_head_json":{"title":"Rutas Vive el Valle en el Encuentro Nacional de Turismo Receptivo","description":"Este encuentro nacional de turismo receptivo se ha posicionado como una de las apuestas m\u00e1s importantes para la exportaci\u00f3n de servicios","robots":{"index":"index","follow":"follow","max-snippet":"max-snippet:-1","max-image-preview":"max-image-preview:large","max-video-preview":"max-video-preview:-1"},"canonical":"https:\/\/www.comfenalcovalle.com.co\/rutas-vive-el-valle-hara-presencia-en-el-encuentro-nacional-de-turismo-receptivo-liderado-por-anato-en-cali\/","og_locale":"en_US","og_type":"article","og_title":"Rutas Vive el Valle har\u00e1 presencia en el Encuentro Nacional de Turismo Receptivo liderado por Anato en Cali","og_description":"Este encuentro nacional de turismo receptivo se ha posicionado como una de las apuestas m\u00e1s importantes para la exportaci\u00f3n de servicios","og_url":"https:\/\/www.comfenalcovalle.com.co\/rutas-vive-el-valle-hara-presencia-en-el-encuentro-nacional-de-turismo-receptivo-liderado-por-anato-en-cali\/","og_site_name":"Comfenalco Valle Delagente","article_published_time":"2025-11-12T19:44:49+00:00","article_modified_time":"2025-11-12T20:14:38+00:00","og_image":[{"width":1000,"height":562,"url":"https:\/\/www.comfenalcovalle.com.co\/wp-content\/uploads\/2024\/12\/pradera-rutas-vive-valle-2024-03.webp","type":"image\/webp"}],"author":"Comunicaciones Comfenalco Valle delagente","twitter_card":"summary_large_image","twitter_misc":{"Written by":"Comunicaciones Comfenalco Valle delagente","Est. reading time":"2 minutes"},"schema":{"@context":"https:\/\/schema.org","@graph":[{"@type":"Article","@id":"https:\/\/www.comfenalcovalle.com.co\/rutas-vive-el-valle-hara-presencia-en-el-encuentro-nacional-de-turismo-receptivo-liderado-por-anato-en-cali\/#article","isPartOf":{"@id":"https:\/\/www.comfenalcovalle.com.co\/rutas-vive-el-valle-hara-presencia-en-el-encuentro-nacional-de-turismo-receptivo-liderado-por-anato-en-cali\/"},"author":{"name":"Comunicaciones Comfenalco Valle delagente","@id":"https:\/\/www.comfenalcovalle.com.co\/#\/schema\/person\/d4d8bcb299f88f97b06096cf6a21cb01"},"headline":"Rutas Vive el Valle har\u00e1 presencia en el Encuentro Nacional de Turismo Receptivo liderado por Anato en Cali","datePublished":"2025-11-12T19:44:49+00:00","dateModified":"2025-11-12T20:14:38+00:00","mainEntityOfPage":{"@id":"https:\/\/www.comfenalcovalle.com.co\/rutas-vive-el-valle-hara-presencia-en-el-encuentro-nacional-de-turismo-receptivo-liderado-por-anato-en-cali\/"},"wordCount":384,"publisher":{"@id":"https:\/\/www.comfenalcovalle.com.co\/#organization"},"image":{"@id":"https:\/\/www.comfenalcovalle.com.co\/rutas-vive-el-valle-hara-presencia-en-el-encuentro-nacional-de-turismo-receptivo-liderado-por-anato-en-cali\/#primaryimage"},"thumbnailUrl":"https:\/\/test.comfenalcovalle.com.co\/wp-content\/uploads\/2024\/12\/pradera-rutas-vive-valle-2024-03.webp","articleSection":["Turismo"],"inLanguage":"en-US"},{"@type":"WebPage","@id":"https:\/\/www.comfenalcovalle.com.co\/rutas-vive-el-valle-hara-presencia-en-el-encuentro-nacional-de-turismo-receptivo-liderado-por-anato-en-cali\/","url":"https:\/\/www.comfenalcovalle.com.co\/rutas-vive-el-valle-hara-presencia-en-el-encuentro-nacional-de-turismo-receptivo-liderado-por-anato-en-cali\/","name":"Rutas Vive el Valle en el Encuentro Nacional de Turismo Receptivo","isPartOf":{"@id":"https:\/\/www.comfenalcovalle.com.co\/#website"},"primaryImageOfPage":{"@id":"https:\/\/www.comfenalcovalle.com.co\/rutas-vive-el-valle-hara-presencia-en-el-encuentro-nacional-de-turismo-receptivo-liderado-por-anato-en-cali\/#primaryimage"},"image":{"@id":"https:\/\/www.comfenalcovalle.com.co\/rutas-vive-el-valle-hara-presencia-en-el-encuentro-nacional-de-turismo-receptivo-liderado-por-anato-en-cali\/#primaryimage"},"thumbnailUrl":"https:\/\/test.comfenalcovalle.com.co\/wp-content\/uploads\/2024\/12\/pradera-rutas-vive-valle-2024-03.webp","datePublished":"2025-11-12T19:44:49+00:00","dateModified":"2025-11-12T20:14:38+00:00","description":"Este encuentro nacional de turismo receptivo se ha posicionado como una de las apuestas m\u00e1s importantes para la exportaci\u00f3n de servicios","breadcrumb":{"@id":"https:\/\/www.comfenalcovalle.com.co\/rutas-vive-el-valle-hara-presencia-en-el-encuentro-nacional-de-turismo-receptivo-liderado-por-anato-en-cali\/#breadcrumb"},"inLanguage":"en-US","potentialAction":[{"@type":"ReadAction","target":["https:\/\/www.comfenalcovalle.com.co\/rutas-vive-el-valle-hara-presencia-en-el-encuentro-nacional-de-turismo-receptivo-liderado-por-anato-en-cali\/"]}]},{"@type":"ImageObject","inLanguage":"en-US","@id":"https:\/\/www.comfenalcovalle.com.co\/rutas-vive-el-valle-hara-presencia-en-el-encuentro-nacional-de-turismo-receptivo-liderado-por-anato-en-cali\/#primaryimage","url":"https:\/\/test.comfenalcovalle.com.co\/wp-content\/uploads\/2024\/12\/pradera-rutas-vive-valle-2024-03.webp","contentUrl":"https:\/\/test.comfenalcovalle.com.co\/wp-content\/uploads\/2024\/12\/pradera-rutas-vive-valle-2024-03.webp","width":1000,"height":562,"caption":"pradera-rutas-vive-valle-2024"},{"@type":"BreadcrumbList","@id":"https:\/\/www.comfenalcovalle.com.co\/rutas-vive-el-valle-hara-presencia-en-el-encuentro-nacional-de-turismo-receptivo-liderado-por-anato-en-cali\/#breadcrumb","itemListElement":[{"@type":"ListItem","position":1,"name":"Portada","item":"https:\/\/www.comfenalcovalle.com.co\/"},{"@type":"ListItem","position":2,"name":"Rutas Vive el Valle har\u00e1 presencia en el Encuentro Nacional de Turismo Receptivo liderado por Anato en Cali"}]},{"@type":"WebSite","@id":"https:\/\/www.comfenalcovalle.com.co\/#website","url":"https:\/\/www.comfenalcovalle.com.co\/","name":"Comfenalco Valle Delagente","description":"Comfenalco Valle Delagente compensation fund.","publisher":{"@id":"https:\/\/www.comfenalcovalle.com.co\/#organization"},"potentialAction":[{"@type":"SearchAction","target":{"@type":"EntryPoint","urlTemplate":"https:\/\/www.comfenalcovalle.com.co\/?s={search_term_string}"},"query-input":{"@type":"PropertyValueSpecification","valueRequired":true,"valueName":"search_term_string"}}],"inLanguage":"en-US"},{"@type":"Organization","@id":"https:\/\/www.comfenalcovalle.com.co\/#organization","name":"Comfenalco Valle Delagente","url":"https:\/\/www.comfenalcovalle.com.co\/","logo":{"@type":"ImageObject","inLanguage":"en-US","@id":"https:\/\/www.comfenalcovalle.com.co\/#\/schema\/logo\/image\/","url":"https:\/\/test.comfenalcovalle.com.co\/wp-content\/uploads\/2021\/06\/logo-comfe-cabecera-agencia-empelo-actualizado.png","contentUrl":"https:\/\/test.comfenalcovalle.com.co\/wp-content\/uploads\/2021\/06\/logo-comfe-cabecera-agencia-empelo-actualizado.png","width":500,"height":184,"caption":"Comfenalco Valle Delagente"},"image":{"@id":"https:\/\/www.comfenalcovalle.com.co\/#\/schema\/logo\/image\/"}},{"@type":"Person","@id":"https:\/\/www.comfenalcovalle.com.co\/#\/schema\/person\/d4d8bcb299f88f97b06096cf6a21cb01","name":"Communications Comfenalco Valle delagente","image":{"@type":"ImageObject","inLanguage":"en-US","@id":"https:\/\/www.comfenalcovalle.com.co\/#\/schema\/person\/image\/","url":"https:\/\/secure.gravatar.com\/avatar\/d1c29eb639a137df0ac8bfec50479e8d6ef564f7320f439d9d984504359ea6ee?s=96&d=mm&r=g","contentUrl":"https:\/\/secure.gravatar.com\/avatar\/d1c29eb639a137df0ac8bfec50479e8d6ef564f7320f439d9d984504359ea6ee?s=96&d=mm&r=g","caption":"Comunicaciones Comfenalco Valle delagente"},"url":"https:\/\/test.comfenalcovalle.com.co\/en\/author\/comunicaciones-comfenalco-valle-delagente\/"}]}},"publishpress_future_action":{"enabled":false,"date":"2026-05-10 05:04:40","action":"change-status","newStatus":"draft","terms":[],"taxonomy":"category","extraData":[]},"publishpress_future_workflow_manual_trigger":{"enabledWorkflows":[]},"_links":{"self":[{"href":"https:\/\/test.comfenalcovalle.com.co\/en\/wp-json\/wp\/v2\/posts\/671145","targetHints":{"allow":["GET"]}}],"collection":[{"href":"https:\/\/test.comfenalcovalle.com.co\/en\/wp-json\/wp\/v2\/posts"}],"about":[{"href":"https:\/\/test.comfenalcovalle.com.co\/en\/wp-json\/wp\/v2\/types\/post"}],"author":[{"embeddable":true,"href":"https:\/\/test.comfenalcovalle.com.co\/en\/wp-json\/wp\/v2\/users\/6"}],"replies":[{"embeddable":true,"href":"https:\/\/test.comfenalcovalle.com.co\/en\/wp-json\/wp\/v2\/comments?post=671145"}],"version-history":[{"count":0,"href":"https:\/\/test.comfenalcovalle.com.co\/en\/wp-json\/wp\/v2\/posts\/671145\/revisions"}],"wp:featuredmedia":[{"embeddable":true,"href":"https:\/\/test.comfenalcovalle.com.co\/en\/wp-json\/wp\/v2\/media\/651118"}],"wp:attachment":[{"href":"https:\/\/test.comfenalcovalle.com.co\/en\/wp-json\/wp\/v2\/media?parent=671145"}],"wp:term":[{"taxonomy":"category","embeddable":true,"href":"https:\/\/test.comfenalcovalle.com.co\/en\/wp-json\/wp\/v2\/categories?post=671145"},{"taxonomy":"post_tag","embeddable":true,"href":"https:\/\/test.comfenalcovalle.com.co\/en\/wp-json\/wp\/v2\/tags?post=671145"}],"curies":[{"name":"wp","href":"https:\/\/api.w.org\/{rel}","templated":true}]}}