{"id":671103,"date":"2025-11-11T10:41:01","date_gmt":"2025-11-11T15:41:01","guid":{"rendered":"https:\/\/test.comfenalcovalle.com.co\/?p=671103"},"modified":"2025-11-11T12:42:45","modified_gmt":"2025-11-11T17:42:45","slug":"acreditacion-como-miembro-corporativo-de-la-camara-de-la-diversidad","status":"publish","type":"post","link":"https:\/\/test.comfenalcovalle.com.co\/en\/acreditacion-como-miembro-corporativo-de-la-camara-de-la-diversidad\/","title":{"rendered":"Acreditaci\u00f3n como miembro corporativo de la C\u00e1mara de la Diversidad"},"content":{"rendered":"<div data-elementor-type=\"wp-post\" data-elementor-id=\"671103\" class=\"elementor elementor-671103\" data-elementor-post-type=\"post\">\n\t\t\t\t<div class=\"elementor-element elementor-element-c6f814b e-flex e-con-boxed e-con e-parent\" data-id=\"c6f814b\" data-element_type=\"container\">\n\t\t\t\t\t<div class=\"e-con-inner\">\n\t\t\t\t<div class=\"elementor-element elementor-element-1641b4bc elementor-widget elementor-widget-text-editor\" data-id=\"1641b4bc\" data-element_type=\"widget\" data-widget_type=\"text-editor.default\">\n\t\t\t\t<div class=\"elementor-widget-container\">\n\t\t\t\t\t\t\t\t\t\n<p>The <a href=\"https:\/\/camaradeladiversidad.com\/\" target=\"_blank\" rel=\"noreferrer noopener\">C\u00e1mara de la Diversidad<\/a> acredit\u00f3 a Comfenalco Valle Delagente como miembro corporativo, en reconocimiento a la labor que ha venido adelantado para la implementaci\u00f3n de pol\u00edticas y acciones que promueven la equidad y el respeto por la diferencia.<\/p>\n\n<p>Esta exaltaci\u00f3n se dio en el marco de WeGrow 2025, el gran encuentro de inclusi\u00f3n empresarial del Pac\u00edfico colombiano, organizado por la <a href=\"https:\/\/camaradeladiversidad.com\/\" target=\"_blank\" rel=\"noreferrer noopener\">C\u00e1mara de la Diversidad<\/a>, que se realiz\u00f3 el 4 y 5 de noviembre en Cali.<\/p>\n\n<p>Comfenalco Valle Delagente fue protagonista y coorganizador de este evento que reuni\u00f3 a empresarios, emprendedores, l\u00edderes de inclusi\u00f3n, entidades p\u00fablicas y privadas en un espacio que integr\u00f3 feria laboral y comercial, agenda acad\u00e9mica y experiencias culturales, con el objetivo de fortalecer la inclusi\u00f3n productiva, promover el empleo formal y dinamizar el desarrollo econ\u00f3mico de la regi\u00f3n pac\u00edfico.<\/p>\n\n<p>Felipe C\u00e1rdenas,\u00a0director de la <a href=\"https:\/\/camaradeladiversidad.com\/\" target=\"_blank\" rel=\"noreferrer noopener\">C\u00e1mara de la Diversidad<\/a>, agradeci\u00f3 el apoyo de Comfenalco Valle Delagente para la realizaci\u00f3n de WeGrow 2025 y se\u00f1al\u00f3 que \u201cno hubiera sido posible este evento sin su liderazgo, inversi\u00f3n, y la dedicaci\u00f3n de su equipo de trabajo\u201d.<\/p>\n\t\t\t\t\t\t\t\t<\/div>\n\t\t\t\t<\/div>\n\t\t\t\t<div class=\"elementor-element elementor-element-2cf4cc2 elementor-widget elementor-widget-gallery\" data-id=\"2cf4cc2\" data-element_type=\"widget\" data-settings=\"{&quot;lazyload&quot;:&quot;yes&quot;,&quot;gallery_layout&quot;:&quot;grid&quot;,&quot;columns&quot;:4,&quot;columns_tablet&quot;:2,&quot;columns_mobile&quot;:1,&quot;gap&quot;:{&quot;unit&quot;:&quot;px&quot;,&quot;size&quot;:10,&quot;sizes&quot;:[]},&quot;gap_tablet&quot;:{&quot;unit&quot;:&quot;px&quot;,&quot;size&quot;:10,&quot;sizes&quot;:[]},&quot;gap_mobile&quot;:{&quot;unit&quot;:&quot;px&quot;,&quot;size&quot;:10,&quot;sizes&quot;:[]},&quot;link_to&quot;:&quot;file&quot;,&quot;aspect_ratio&quot;:&quot;3:2&quot;,&quot;overlay_background&quot;:&quot;yes&quot;,&quot;content_hover_animation&quot;:&quot;fade-in&quot;}\" data-widget_type=\"gallery.default\">\n\t\t\t\t<div class=\"elementor-widget-container\">\n\t\t\t\t\t\t\t<div class=\"elementor-gallery__container\">\n\t\t\t\t\t\t\t<a class=\"e-gallery-item elementor-gallery-item elementor-animated-content\" href=\"https:\/\/test.comfenalcovalle.com.co\/wp-content\/uploads\/2025\/11\/evento-we-grow-pacifico-delagente-2025-01.jpg\" data-elementor-open-lightbox=\"yes\" data-elementor-lightbox-slideshow=\"2cf4cc2\" data-elementor-lightbox-title=\"Evento we grow pacifico camara diversidad 2025\" data-elementor-lightbox-description=\"Evento we grow pacifico camara diversidad 2025\" data-e-action-hash=\"#elementor-action%3Aaction%3Dlightbox%26settings%3DeyJpZCI6NjcxMTA1LCJ1cmwiOiJodHRwczpcL1wvdGVzdC5jb21mZW5hbGNvdmFsbGUuY29tLmNvXC93cC1jb250ZW50XC91cGxvYWRzXC8yMDI1XC8xMVwvZXZlbnRvLXdlLWdyb3ctcGFjaWZpY28tZGVsYWdlbnRlLTIwMjUtMDEuanBnIiwic2xpZGVzaG93IjoiMmNmNGNjMiJ9\">\n\t\t\t\t\t<div class=\"e-gallery-image elementor-gallery-item__image\" data-thumbnail=\"https:\/\/test.comfenalcovalle.com.co\/wp-content\/uploads\/2025\/11\/evento-we-grow-pacifico-delagente-2025-01-300x199.jpg\" data-width=\"300\" data-height=\"199\" aria-label=\"Evento we grow pacifico camara diversidad 2025\" role=\"img\" ><\/div>\n\t\t\t\t\t\t\t\t\t\t\t<div class=\"elementor-gallery-item__overlay\"><\/div>\n\t\t\t\t\t\t\t\t\t\t\t\t\t\t<\/a>\n\t\t\t\t\t\t\t<a class=\"e-gallery-item elementor-gallery-item elementor-animated-content\" href=\"https:\/\/test.comfenalcovalle.com.co\/wp-content\/uploads\/2025\/11\/evento-we-grow-pacifico-delagente-2025-04.jpg\" data-elementor-open-lightbox=\"yes\" data-elementor-lightbox-slideshow=\"2cf4cc2\" data-elementor-lightbox-title=\"evento-we-grow-pacifico-delagente-2025-04\" data-elementor-lightbox-description=\"Evento we grow pacifico 2025\" data-e-action-hash=\"#elementor-action%3Aaction%3Dlightbox%26settings%3DeyJpZCI6NjcxMTA4LCJ1cmwiOiJodHRwczpcL1wvdGVzdC5jb21mZW5hbGNvdmFsbGUuY29tLmNvXC93cC1jb250ZW50XC91cGxvYWRzXC8yMDI1XC8xMVwvZXZlbnRvLXdlLWdyb3ctcGFjaWZpY28tZGVsYWdlbnRlLTIwMjUtMDQuanBnIiwic2xpZGVzaG93IjoiMmNmNGNjMiJ9\">\n\t\t\t\t\t<div class=\"e-gallery-image elementor-gallery-item__image\" data-thumbnail=\"https:\/\/test.comfenalcovalle.com.co\/wp-content\/uploads\/2025\/11\/evento-we-grow-pacifico-delagente-2025-04-300x197.jpg\" data-width=\"300\" data-height=\"197\" aria-label=\"Evento we grow pacifico 2025\" role=\"img\" ><\/div>\n\t\t\t\t\t\t\t\t\t\t\t<div class=\"elementor-gallery-item__overlay\"><\/div>\n\t\t\t\t\t\t\t\t\t\t\t\t\t\t<\/a>\n\t\t\t\t\t\t\t<a class=\"e-gallery-item elementor-gallery-item elementor-animated-content\" href=\"https:\/\/test.comfenalcovalle.com.co\/wp-content\/uploads\/2025\/11\/evento-we-grow-pacifico-delagente-2025-07.jpg\" data-elementor-open-lightbox=\"yes\" data-elementor-lightbox-slideshow=\"2cf4cc2\" data-elementor-lightbox-title=\"evento-we-grow-pacifico-delagente-2025-07\" data-elementor-lightbox-description=\"Evento we grow pacifico 2025\" data-e-action-hash=\"#elementor-action%3Aaction%3Dlightbox%26settings%3DeyJpZCI6NjcxMTExLCJ1cmwiOiJodHRwczpcL1wvdGVzdC5jb21mZW5hbGNvdmFsbGUuY29tLmNvXC93cC1jb250ZW50XC91cGxvYWRzXC8yMDI1XC8xMVwvZXZlbnRvLXdlLWdyb3ctcGFjaWZpY28tZGVsYWdlbnRlLTIwMjUtMDcuanBnIiwic2xpZGVzaG93IjoiMmNmNGNjMiJ9\">\n\t\t\t\t\t<div class=\"e-gallery-image elementor-gallery-item__image\" data-thumbnail=\"https:\/\/test.comfenalcovalle.com.co\/wp-content\/uploads\/2025\/11\/evento-we-grow-pacifico-delagente-2025-07-300x194.jpg\" data-width=\"300\" data-height=\"194\" aria-label=\"Evento we grow pacifico 2025\" role=\"img\" ><\/div>\n\t\t\t\t\t\t\t\t\t\t\t<div class=\"elementor-gallery-item__overlay\"><\/div>\n\t\t\t\t\t\t\t\t\t\t\t\t\t\t<\/a>\n\t\t\t\t\t\t\t<a class=\"e-gallery-item elementor-gallery-item elementor-animated-content\" href=\"https:\/\/test.comfenalcovalle.com.co\/wp-content\/uploads\/2025\/11\/evento-we-grow-pacifico-delagente-2025-08.jpg\" data-elementor-open-lightbox=\"yes\" data-elementor-lightbox-slideshow=\"2cf4cc2\" data-elementor-lightbox-title=\"evento-we-grow-pacifico-delagente-2025-08\" data-elementor-lightbox-description=\"Evento we grow pacifico 2025\" data-e-action-hash=\"#elementor-action%3Aaction%3Dlightbox%26settings%3DeyJpZCI6NjcxMTEyLCJ1cmwiOiJodHRwczpcL1wvdGVzdC5jb21mZW5hbGNvdmFsbGUuY29tLmNvXC93cC1jb250ZW50XC91cGxvYWRzXC8yMDI1XC8xMVwvZXZlbnRvLXdlLWdyb3ctcGFjaWZpY28tZGVsYWdlbnRlLTIwMjUtMDguanBnIiwic2xpZGVzaG93IjoiMmNmNGNjMiJ9\">\n\t\t\t\t\t<div class=\"e-gallery-image elementor-gallery-item__image\" data-thumbnail=\"https:\/\/test.comfenalcovalle.com.co\/wp-content\/uploads\/2025\/11\/evento-we-grow-pacifico-delagente-2025-08-300x180.jpg\" data-width=\"300\" data-height=\"180\" aria-label=\"Evento we grow pacifico 2025\" role=\"img\" ><\/div>\n\t\t\t\t\t\t\t\t\t\t\t<div class=\"elementor-gallery-item__overlay\"><\/div>\n\t\t\t\t\t\t\t\t\t\t\t\t\t\t<\/a>\n\t\t\t\t\t\t\t<a class=\"e-gallery-item elementor-gallery-item elementor-animated-content\" href=\"https:\/\/test.comfenalcovalle.com.co\/wp-content\/uploads\/2025\/11\/evento-we-grow-pacifico-delagente-2025-06.jpg\" data-elementor-open-lightbox=\"yes\" data-elementor-lightbox-slideshow=\"2cf4cc2\" data-elementor-lightbox-title=\"evento-we-grow-pacifico-delagente-2025-06\" data-elementor-lightbox-description=\"Evento we grow pacifico 2025\" data-e-action-hash=\"#elementor-action%3Aaction%3Dlightbox%26settings%3DeyJpZCI6NjcxMTEwLCJ1cmwiOiJodHRwczpcL1wvdGVzdC5jb21mZW5hbGNvdmFsbGUuY29tLmNvXC93cC1jb250ZW50XC91cGxvYWRzXC8yMDI1XC8xMVwvZXZlbnRvLXdlLWdyb3ctcGFjaWZpY28tZGVsYWdlbnRlLTIwMjUtMDYuanBnIiwic2xpZGVzaG93IjoiMmNmNGNjMiJ9\">\n\t\t\t\t\t<div class=\"e-gallery-image elementor-gallery-item__image\" data-thumbnail=\"https:\/\/test.comfenalcovalle.com.co\/wp-content\/uploads\/2025\/11\/evento-we-grow-pacifico-delagente-2025-06-300x201.jpg\" data-width=\"300\" data-height=\"201\" aria-label=\"Evento we grow pacifico 2025\" role=\"img\" ><\/div>\n\t\t\t\t\t\t\t\t\t\t\t<div class=\"elementor-gallery-item__overlay\"><\/div>\n\t\t\t\t\t\t\t\t\t\t\t\t\t\t<\/a>\n\t\t\t\t\t\t\t<a class=\"e-gallery-item elementor-gallery-item elementor-animated-content\" href=\"https:\/\/test.comfenalcovalle.com.co\/wp-content\/uploads\/2025\/11\/evento-we-grow-pacifico-delagente-2025-05.jpg\" data-elementor-open-lightbox=\"yes\" data-elementor-lightbox-slideshow=\"2cf4cc2\" data-elementor-lightbox-title=\"evento-we-grow-pacifico-delagente-2025-05\" data-elementor-lightbox-description=\"Evento we grow pacifico 2025\" data-e-action-hash=\"#elementor-action%3Aaction%3Dlightbox%26settings%3DeyJpZCI6NjcxMTA5LCJ1cmwiOiJodHRwczpcL1wvdGVzdC5jb21mZW5hbGNvdmFsbGUuY29tLmNvXC93cC1jb250ZW50XC91cGxvYWRzXC8yMDI1XC8xMVwvZXZlbnRvLXdlLWdyb3ctcGFjaWZpY28tZGVsYWdlbnRlLTIwMjUtMDUuanBnIiwic2xpZGVzaG93IjoiMmNmNGNjMiJ9\">\n\t\t\t\t\t<div class=\"e-gallery-image elementor-gallery-item__image\" data-thumbnail=\"https:\/\/test.comfenalcovalle.com.co\/wp-content\/uploads\/2025\/11\/evento-we-grow-pacifico-delagente-2025-05-300x190.jpg\" data-width=\"300\" data-height=\"190\" aria-label=\"Evento we grow pacifico 2025\" role=\"img\" ><\/div>\n\t\t\t\t\t\t\t\t\t\t\t<div class=\"elementor-gallery-item__overlay\"><\/div>\n\t\t\t\t\t\t\t\t\t\t\t\t\t\t<\/a>\n\t\t\t\t\t\t\t<a class=\"e-gallery-item elementor-gallery-item elementor-animated-content\" href=\"https:\/\/test.comfenalcovalle.com.co\/wp-content\/uploads\/2025\/11\/evento-we-grow-pacifico-delagente-2025-03.jpg\" data-elementor-open-lightbox=\"yes\" data-elementor-lightbox-slideshow=\"2cf4cc2\" data-elementor-lightbox-title=\"evento-we-grow-pacifico-delagente-2025-03\" data-elementor-lightbox-description=\"Evento we grow pacifico 2025\" data-e-action-hash=\"#elementor-action%3Aaction%3Dlightbox%26settings%3DeyJpZCI6NjcxMTA3LCJ1cmwiOiJodHRwczpcL1wvdGVzdC5jb21mZW5hbGNvdmFsbGUuY29tLmNvXC93cC1jb250ZW50XC91cGxvYWRzXC8yMDI1XC8xMVwvZXZlbnRvLXdlLWdyb3ctcGFjaWZpY28tZGVsYWdlbnRlLTIwMjUtMDMuanBnIiwic2xpZGVzaG93IjoiMmNmNGNjMiJ9\">\n\t\t\t\t\t<div class=\"e-gallery-image elementor-gallery-item__image\" data-thumbnail=\"https:\/\/test.comfenalcovalle.com.co\/wp-content\/uploads\/2025\/11\/evento-we-grow-pacifico-delagente-2025-03-300x272.jpg\" data-width=\"300\" data-height=\"272\" aria-label=\"Evento we grow pacifico 2025\" role=\"img\" ><\/div>\n\t\t\t\t\t\t\t\t\t\t\t<div class=\"elementor-gallery-item__overlay\"><\/div>\n\t\t\t\t\t\t\t\t\t\t\t\t\t\t<\/a>\n\t\t\t\t\t\t\t<a class=\"e-gallery-item elementor-gallery-item elementor-animated-content\" href=\"https:\/\/test.comfenalcovalle.com.co\/wp-content\/uploads\/2025\/11\/evento-we-grow-pacifico-delagente-2025-02.jpg\" data-elementor-open-lightbox=\"yes\" data-elementor-lightbox-slideshow=\"2cf4cc2\" data-elementor-lightbox-title=\"evento-we-grow-pacifico-delagente-2025-02\" data-elementor-lightbox-description=\"Evento we grow pacifico 2025\" data-e-action-hash=\"#elementor-action%3Aaction%3Dlightbox%26settings%3DeyJpZCI6NjcxMTA2LCJ1cmwiOiJodHRwczpcL1wvdGVzdC5jb21mZW5hbGNvdmFsbGUuY29tLmNvXC93cC1jb250ZW50XC91cGxvYWRzXC8yMDI1XC8xMVwvZXZlbnRvLXdlLWdyb3ctcGFjaWZpY28tZGVsYWdlbnRlLTIwMjUtMDIuanBnIiwic2xpZGVzaG93IjoiMmNmNGNjMiJ9\">\n\t\t\t\t\t<div class=\"e-gallery-image elementor-gallery-item__image\" data-thumbnail=\"https:\/\/test.comfenalcovalle.com.co\/wp-content\/uploads\/2025\/11\/evento-we-grow-pacifico-delagente-2025-02-300x169.jpg\" data-width=\"300\" data-height=\"169\" aria-label=\"Evento we grow pacifico 2025\" role=\"img\" ><\/div>\n\t\t\t\t\t\t\t\t\t\t\t<div class=\"elementor-gallery-item__overlay\"><\/div>\n\t\t\t\t\t\t\t\t\t\t\t\t\t\t<\/a>\n\t\t\t\t\t<\/div>\n\t\t\t\t\t<\/div>\n\t\t\t\t<\/div>\n\t\t\t\t<div class=\"elementor-element elementor-element-64f8f23 elementor-widget elementor-widget-text-editor\" data-id=\"64f8f23\" data-element_type=\"widget\" data-widget_type=\"text-editor.default\">\n\t\t\t\t<div class=\"elementor-widget-container\">\n\t\t\t\t\t\t\t\t\t\n<h2 id=\"h-oferta-laboral-incluyente\" class=\"wp-block-heading\">Oferta laboral incluyente<\/h2>\n\n<p>Durante el evento, la Caja de Compensaci\u00f3n Familiar particip\u00f3 en la Feria Laboral Incluyente \u2013 Expotalento Diverso, que cont\u00f3 con la presencia de 11 empresas aliadas con vacantes laborales abiertas, adem\u00e1s de 15 emprendimientos diversos. Un total de 1.000 oportunidades laborales estuvieron disponibles para j\u00f3venes, personas mayores de 50 a\u00f1os, personas con discapacidad, migrantes, comunidades \u00e9tnicas y poblaci\u00f3n LGBTIQ+.<\/p>\n\n<p>Adem\u00e1s, Comfenalco Valle Delagente encabez\u00f3 el panel <strong>\u201cCaso de \u00e9xito en la implementaci\u00f3n de una cultura de diversidad e inclusi\u00f3n\u201d<\/strong> donde comparti\u00f3 sus logros en la implementaci\u00f3n de pol\u00edticas hacia la consolidaci\u00f3n de una cultura organizacional basada en la empat\u00eda y la colaboraci\u00f3n.<\/p>\n\n<p>Con la participaci\u00f3n en <em>WeGrow 2025<\/em>, Comfenalco Valle Delagente reafirma su liderazgo como \u201cla Caja Delagente\u201d, comprometida con una econom\u00eda m\u00e1s justa, incluyente y sostenible, donde la diversidad se reconoce como un motor de crecimiento y competitividad.<\/p>\n<p>\u00a0<\/p>\n\n<p><strong>Comfenalco Valle Delagente<\/strong><\/p>\n\n<p><strong>Family Compensation Fund.<\/strong><\/p>\n\t\t\t\t\t\t\t\t<\/div>\n\t\t\t\t<\/div>\n\t\t\t\t\t<\/div>\n\t\t\t\t<\/div>\n\t\t\t\t<\/div>","protected":false},"excerpt":{"rendered":"<p>La exaltaci\u00f3n como miembro corporativo de la C\u00e1mara de la Diversidad se entreg\u00f3 durante la celebraci\u00f3n de WeGrow Pac\u00edfico 2025 en Cali<\/p>","protected":false},"author":6,"featured_media":671105,"comment_status":"closed","ping_status":"closed","sticky":false,"template":"","format":"standard","meta":{"footnotes":""},"categories":[72],"tags":[],"class_list":["post-671103","post","type-post","status-publish","format-standard","has-post-thumbnail","hentry","category-corporativo"],"yoast_head":"<!-- This site is optimized with the Yoast SEO Premium plugin v25.9 (Yoast SEO v25.9) - https:\/\/yoast.com\/wordpress\/plugins\/seo\/ -->\n<title>Acreditaci\u00f3n miembro corporativo de la C\u00e1mara de la Diversidad<\/title>\n<meta name=\"description\" content=\"La exaltaci\u00f3n como miembro corporativo de la C\u00e1mara de la Diversidad se entreg\u00f3 durante la celebraci\u00f3n de WeGrow Pac\u00edfico 2025 en Cali\" \/>\n<meta name=\"robots\" content=\"index, follow, max-snippet:-1, max-image-preview:large, max-video-preview:-1\" \/>\n<link rel=\"canonical\" href=\"https:\/\/www.comfenalcovalle.com.co\/acreditacion-como-miembro-corporativo-de-la-camara-de-la-diversidad\/\" \/>\n<meta property=\"og:locale\" content=\"en_US\" \/>\n<meta property=\"og:type\" content=\"article\" \/>\n<meta property=\"og:title\" content=\"Acreditaci\u00f3n como miembro corporativo de la C\u00e1mara de la Diversidad\" \/>\n<meta property=\"og:description\" content=\"La exaltaci\u00f3n como miembro corporativo de la C\u00e1mara de la Diversidad se entreg\u00f3 durante la celebraci\u00f3n de WeGrow Pac\u00edfico 2025 en Cali\" \/>\n<meta property=\"og:url\" content=\"https:\/\/www.comfenalcovalle.com.co\/acreditacion-como-miembro-corporativo-de-la-camara-de-la-diversidad\/\" \/>\n<meta property=\"og:site_name\" content=\"Comfenalco Valle Delagente\" \/>\n<meta property=\"article:published_time\" content=\"2025-11-11T15:41:01+00:00\" \/>\n<meta property=\"article:modified_time\" content=\"2025-11-11T17:42:45+00:00\" \/>\n<meta property=\"og:image\" content=\"https:\/\/www.comfenalcovalle.com.co\/wp-content\/uploads\/2025\/11\/evento-we-grow-pacifico-delagente-2025-01.jpg\" \/>\n\t<meta property=\"og:image:width\" content=\"819\" \/>\n\t<meta property=\"og:image:height\" content=\"542\" \/>\n\t<meta property=\"og:image:type\" content=\"image\/jpeg\" \/>\n<meta name=\"author\" content=\"Comunicaciones Comfenalco Valle delagente\" \/>\n<meta name=\"twitter:card\" content=\"summary_large_image\" \/>\n<meta name=\"twitter:label1\" content=\"Written by\" \/>\n\t<meta name=\"twitter:data1\" content=\"Comunicaciones Comfenalco Valle delagente\" \/>\n\t<meta name=\"twitter:label2\" content=\"Est. reading time\" \/>\n\t<meta name=\"twitter:data2\" content=\"2 minutes\" \/>\n<script type=\"application\/ld+json\" class=\"yoast-schema-graph\">{\"@context\":\"https:\/\/schema.org\",\"@graph\":[{\"@type\":\"Article\",\"@id\":\"https:\/\/www.comfenalcovalle.com.co\/acreditacion-como-miembro-corporativo-de-la-camara-de-la-diversidad\/#article\",\"isPartOf\":{\"@id\":\"https:\/\/www.comfenalcovalle.com.co\/acreditacion-como-miembro-corporativo-de-la-camara-de-la-diversidad\/\"},\"author\":{\"name\":\"Comunicaciones Comfenalco Valle delagente\",\"@id\":\"https:\/\/www.comfenalcovalle.com.co\/#\/schema\/person\/d4d8bcb299f88f97b06096cf6a21cb01\"},\"headline\":\"Acreditaci\u00f3n como miembro corporativo de la C\u00e1mara de la Diversidad\",\"datePublished\":\"2025-11-11T15:41:01+00:00\",\"dateModified\":\"2025-11-11T17:42:45+00:00\",\"mainEntityOfPage\":{\"@id\":\"https:\/\/www.comfenalcovalle.com.co\/acreditacion-como-miembro-corporativo-de-la-camara-de-la-diversidad\/\"},\"wordCount\":365,\"publisher\":{\"@id\":\"https:\/\/www.comfenalcovalle.com.co\/#organization\"},\"image\":{\"@id\":\"https:\/\/www.comfenalcovalle.com.co\/acreditacion-como-miembro-corporativo-de-la-camara-de-la-diversidad\/#primaryimage\"},\"thumbnailUrl\":\"https:\/\/test.comfenalcovalle.com.co\/wp-content\/uploads\/2025\/11\/evento-we-grow-pacifico-delagente-2025-01.jpg\",\"articleSection\":[\"Corporativo\"],\"inLanguage\":\"en-US\"},{\"@type\":\"WebPage\",\"@id\":\"https:\/\/www.comfenalcovalle.com.co\/acreditacion-como-miembro-corporativo-de-la-camara-de-la-diversidad\/\",\"url\":\"https:\/\/www.comfenalcovalle.com.co\/acreditacion-como-miembro-corporativo-de-la-camara-de-la-diversidad\/\",\"name\":\"Acreditaci\u00f3n miembro corporativo de la C\u00e1mara de la Diversidad\",\"isPartOf\":{\"@id\":\"https:\/\/www.comfenalcovalle.com.co\/#website\"},\"primaryImageOfPage\":{\"@id\":\"https:\/\/www.comfenalcovalle.com.co\/acreditacion-como-miembro-corporativo-de-la-camara-de-la-diversidad\/#primaryimage\"},\"image\":{\"@id\":\"https:\/\/www.comfenalcovalle.com.co\/acreditacion-como-miembro-corporativo-de-la-camara-de-la-diversidad\/#primaryimage\"},\"thumbnailUrl\":\"https:\/\/test.comfenalcovalle.com.co\/wp-content\/uploads\/2025\/11\/evento-we-grow-pacifico-delagente-2025-01.jpg\",\"datePublished\":\"2025-11-11T15:41:01+00:00\",\"dateModified\":\"2025-11-11T17:42:45+00:00\",\"description\":\"La exaltaci\u00f3n como miembro corporativo de la C\u00e1mara de la Diversidad se entreg\u00f3 durante la celebraci\u00f3n de WeGrow Pac\u00edfico 2025 en Cali\",\"breadcrumb\":{\"@id\":\"https:\/\/www.comfenalcovalle.com.co\/acreditacion-como-miembro-corporativo-de-la-camara-de-la-diversidad\/#breadcrumb\"},\"inLanguage\":\"en-US\",\"potentialAction\":[{\"@type\":\"ReadAction\",\"target\":[\"https:\/\/www.comfenalcovalle.com.co\/acreditacion-como-miembro-corporativo-de-la-camara-de-la-diversidad\/\"]}]},{\"@type\":\"ImageObject\",\"inLanguage\":\"en-US\",\"@id\":\"https:\/\/www.comfenalcovalle.com.co\/acreditacion-como-miembro-corporativo-de-la-camara-de-la-diversidad\/#primaryimage\",\"url\":\"https:\/\/test.comfenalcovalle.com.co\/wp-content\/uploads\/2025\/11\/evento-we-grow-pacifico-delagente-2025-01.jpg\",\"contentUrl\":\"https:\/\/test.comfenalcovalle.com.co\/wp-content\/uploads\/2025\/11\/evento-we-grow-pacifico-delagente-2025-01.jpg\",\"width\":819,\"height\":542,\"caption\":\"Evento we grow pacifico camara diversidad 2025\"},{\"@type\":\"BreadcrumbList\",\"@id\":\"https:\/\/www.comfenalcovalle.com.co\/acreditacion-como-miembro-corporativo-de-la-camara-de-la-diversidad\/#breadcrumb\",\"itemListElement\":[{\"@type\":\"ListItem\",\"position\":1,\"name\":\"Portada\",\"item\":\"https:\/\/www.comfenalcovalle.com.co\/\"},{\"@type\":\"ListItem\",\"position\":2,\"name\":\"Acreditaci\u00f3n como miembro corporativo de la C\u00e1mara de la Diversidad\"}]},{\"@type\":\"WebSite\",\"@id\":\"https:\/\/www.comfenalcovalle.com.co\/#website\",\"url\":\"https:\/\/www.comfenalcovalle.com.co\/\",\"name\":\"Comfenalco Valle Delagente\",\"description\":\"Caja de compensaci\u00f3n de Comfenalco Valle Delagente.\",\"publisher\":{\"@id\":\"https:\/\/www.comfenalcovalle.com.co\/#organization\"},\"potentialAction\":[{\"@type\":\"SearchAction\",\"target\":{\"@type\":\"EntryPoint\",\"urlTemplate\":\"https:\/\/www.comfenalcovalle.com.co\/?s={search_term_string}\"},\"query-input\":{\"@type\":\"PropertyValueSpecification\",\"valueRequired\":true,\"valueName\":\"search_term_string\"}}],\"inLanguage\":\"en-US\"},{\"@type\":\"Organization\",\"@id\":\"https:\/\/www.comfenalcovalle.com.co\/#organization\",\"name\":\"Comfenalco Valle Delagente\",\"url\":\"https:\/\/www.comfenalcovalle.com.co\/\",\"logo\":{\"@type\":\"ImageObject\",\"inLanguage\":\"en-US\",\"@id\":\"https:\/\/www.comfenalcovalle.com.co\/#\/schema\/logo\/image\/\",\"url\":\"https:\/\/test.comfenalcovalle.com.co\/wp-content\/uploads\/2021\/06\/logo-comfe-cabecera-agencia-empelo-actualizado.png\",\"contentUrl\":\"https:\/\/test.comfenalcovalle.com.co\/wp-content\/uploads\/2021\/06\/logo-comfe-cabecera-agencia-empelo-actualizado.png\",\"width\":500,\"height\":184,\"caption\":\"Comfenalco Valle Delagente\"},\"image\":{\"@id\":\"https:\/\/www.comfenalcovalle.com.co\/#\/schema\/logo\/image\/\"}},{\"@type\":\"Person\",\"@id\":\"https:\/\/www.comfenalcovalle.com.co\/#\/schema\/person\/d4d8bcb299f88f97b06096cf6a21cb01\",\"name\":\"Comunicaciones Comfenalco Valle delagente\",\"image\":{\"@type\":\"ImageObject\",\"inLanguage\":\"en-US\",\"@id\":\"https:\/\/www.comfenalcovalle.com.co\/#\/schema\/person\/image\/\",\"url\":\"https:\/\/secure.gravatar.com\/avatar\/d1c29eb639a137df0ac8bfec50479e8d6ef564f7320f439d9d984504359ea6ee?s=96&d=mm&r=g\",\"contentUrl\":\"https:\/\/secure.gravatar.com\/avatar\/d1c29eb639a137df0ac8bfec50479e8d6ef564f7320f439d9d984504359ea6ee?s=96&d=mm&r=g\",\"caption\":\"Comunicaciones Comfenalco Valle delagente\"},\"url\":\"https:\/\/test.comfenalcovalle.com.co\/en\/author\/comunicaciones-comfenalco-valle-delagente\/\"}]}<\/script>\n<!-- \/ Yoast SEO Premium plugin. -->","yoast_head_json":{"title":"Acreditaci\u00f3n miembro corporativo de la C\u00e1mara de la Diversidad","description":"La exaltaci\u00f3n como miembro corporativo de la C\u00e1mara de la Diversidad se entreg\u00f3 durante la celebraci\u00f3n de WeGrow Pac\u00edfico 2025 en Cali","robots":{"index":"index","follow":"follow","max-snippet":"max-snippet:-1","max-image-preview":"max-image-preview:large","max-video-preview":"max-video-preview:-1"},"canonical":"https:\/\/www.comfenalcovalle.com.co\/acreditacion-como-miembro-corporativo-de-la-camara-de-la-diversidad\/","og_locale":"en_US","og_type":"article","og_title":"Acreditaci\u00f3n como miembro corporativo de la C\u00e1mara de la Diversidad","og_description":"La exaltaci\u00f3n como miembro corporativo de la C\u00e1mara de la Diversidad se entreg\u00f3 durante la celebraci\u00f3n de WeGrow Pac\u00edfico 2025 en Cali","og_url":"https:\/\/www.comfenalcovalle.com.co\/acreditacion-como-miembro-corporativo-de-la-camara-de-la-diversidad\/","og_site_name":"Comfenalco Valle Delagente","article_published_time":"2025-11-11T15:41:01+00:00","article_modified_time":"2025-11-11T17:42:45+00:00","og_image":[{"width":819,"height":542,"url":"https:\/\/www.comfenalcovalle.com.co\/wp-content\/uploads\/2025\/11\/evento-we-grow-pacifico-delagente-2025-01.jpg","type":"image\/jpeg"}],"author":"Comunicaciones Comfenalco Valle delagente","twitter_card":"summary_large_image","twitter_misc":{"Written by":"Comunicaciones Comfenalco Valle delagente","Est. reading time":"2 minutes"},"schema":{"@context":"https:\/\/schema.org","@graph":[{"@type":"Article","@id":"https:\/\/www.comfenalcovalle.com.co\/acreditacion-como-miembro-corporativo-de-la-camara-de-la-diversidad\/#article","isPartOf":{"@id":"https:\/\/www.comfenalcovalle.com.co\/acreditacion-como-miembro-corporativo-de-la-camara-de-la-diversidad\/"},"author":{"name":"Comunicaciones Comfenalco Valle delagente","@id":"https:\/\/www.comfenalcovalle.com.co\/#\/schema\/person\/d4d8bcb299f88f97b06096cf6a21cb01"},"headline":"Acreditaci\u00f3n como miembro corporativo de la C\u00e1mara de la Diversidad","datePublished":"2025-11-11T15:41:01+00:00","dateModified":"2025-11-11T17:42:45+00:00","mainEntityOfPage":{"@id":"https:\/\/www.comfenalcovalle.com.co\/acreditacion-como-miembro-corporativo-de-la-camara-de-la-diversidad\/"},"wordCount":365,"publisher":{"@id":"https:\/\/www.comfenalcovalle.com.co\/#organization"},"image":{"@id":"https:\/\/www.comfenalcovalle.com.co\/acreditacion-como-miembro-corporativo-de-la-camara-de-la-diversidad\/#primaryimage"},"thumbnailUrl":"https:\/\/test.comfenalcovalle.com.co\/wp-content\/uploads\/2025\/11\/evento-we-grow-pacifico-delagente-2025-01.jpg","articleSection":["Corporativo"],"inLanguage":"en-US"},{"@type":"WebPage","@id":"https:\/\/www.comfenalcovalle.com.co\/acreditacion-como-miembro-corporativo-de-la-camara-de-la-diversidad\/","url":"https:\/\/www.comfenalcovalle.com.co\/acreditacion-como-miembro-corporativo-de-la-camara-de-la-diversidad\/","name":"Acreditaci\u00f3n miembro corporativo de la C\u00e1mara de la Diversidad","isPartOf":{"@id":"https:\/\/www.comfenalcovalle.com.co\/#website"},"primaryImageOfPage":{"@id":"https:\/\/www.comfenalcovalle.com.co\/acreditacion-como-miembro-corporativo-de-la-camara-de-la-diversidad\/#primaryimage"},"image":{"@id":"https:\/\/www.comfenalcovalle.com.co\/acreditacion-como-miembro-corporativo-de-la-camara-de-la-diversidad\/#primaryimage"},"thumbnailUrl":"https:\/\/test.comfenalcovalle.com.co\/wp-content\/uploads\/2025\/11\/evento-we-grow-pacifico-delagente-2025-01.jpg","datePublished":"2025-11-11T15:41:01+00:00","dateModified":"2025-11-11T17:42:45+00:00","description":"La exaltaci\u00f3n como miembro corporativo de la C\u00e1mara de la Diversidad se entreg\u00f3 durante la celebraci\u00f3n de WeGrow Pac\u00edfico 2025 en Cali","breadcrumb":{"@id":"https:\/\/www.comfenalcovalle.com.co\/acreditacion-como-miembro-corporativo-de-la-camara-de-la-diversidad\/#breadcrumb"},"inLanguage":"en-US","potentialAction":[{"@type":"ReadAction","target":["https:\/\/www.comfenalcovalle.com.co\/acreditacion-como-miembro-corporativo-de-la-camara-de-la-diversidad\/"]}]},{"@type":"ImageObject","inLanguage":"en-US","@id":"https:\/\/www.comfenalcovalle.com.co\/acreditacion-como-miembro-corporativo-de-la-camara-de-la-diversidad\/#primaryimage","url":"https:\/\/test.comfenalcovalle.com.co\/wp-content\/uploads\/2025\/11\/evento-we-grow-pacifico-delagente-2025-01.jpg","contentUrl":"https:\/\/test.comfenalcovalle.com.co\/wp-content\/uploads\/2025\/11\/evento-we-grow-pacifico-delagente-2025-01.jpg","width":819,"height":542,"caption":"Evento we grow pacifico camara diversidad 2025"},{"@type":"BreadcrumbList","@id":"https:\/\/www.comfenalcovalle.com.co\/acreditacion-como-miembro-corporativo-de-la-camara-de-la-diversidad\/#breadcrumb","itemListElement":[{"@type":"ListItem","position":1,"name":"Portada","item":"https:\/\/www.comfenalcovalle.com.co\/"},{"@type":"ListItem","position":2,"name":"Acreditaci\u00f3n como miembro corporativo de la C\u00e1mara de la Diversidad"}]},{"@type":"WebSite","@id":"https:\/\/www.comfenalcovalle.com.co\/#website","url":"https:\/\/www.comfenalcovalle.com.co\/","name":"Comfenalco Valle Delagente","description":"Comfenalco Valle Delagente compensation fund.","publisher":{"@id":"https:\/\/www.comfenalcovalle.com.co\/#organization"},"potentialAction":[{"@type":"SearchAction","target":{"@type":"EntryPoint","urlTemplate":"https:\/\/www.comfenalcovalle.com.co\/?s={search_term_string}"},"query-input":{"@type":"PropertyValueSpecification","valueRequired":true,"valueName":"search_term_string"}}],"inLanguage":"en-US"},{"@type":"Organization","@id":"https:\/\/www.comfenalcovalle.com.co\/#organization","name":"Comfenalco Valle Delagente","url":"https:\/\/www.comfenalcovalle.com.co\/","logo":{"@type":"ImageObject","inLanguage":"en-US","@id":"https:\/\/www.comfenalcovalle.com.co\/#\/schema\/logo\/image\/","url":"https:\/\/test.comfenalcovalle.com.co\/wp-content\/uploads\/2021\/06\/logo-comfe-cabecera-agencia-empelo-actualizado.png","contentUrl":"https:\/\/test.comfenalcovalle.com.co\/wp-content\/uploads\/2021\/06\/logo-comfe-cabecera-agencia-empelo-actualizado.png","width":500,"height":184,"caption":"Comfenalco Valle Delagente"},"image":{"@id":"https:\/\/www.comfenalcovalle.com.co\/#\/schema\/logo\/image\/"}},{"@type":"Person","@id":"https:\/\/www.comfenalcovalle.com.co\/#\/schema\/person\/d4d8bcb299f88f97b06096cf6a21cb01","name":"Communications Comfenalco Valle delagente","image":{"@type":"ImageObject","inLanguage":"en-US","@id":"https:\/\/www.comfenalcovalle.com.co\/#\/schema\/person\/image\/","url":"https:\/\/secure.gravatar.com\/avatar\/d1c29eb639a137df0ac8bfec50479e8d6ef564f7320f439d9d984504359ea6ee?s=96&d=mm&r=g","contentUrl":"https:\/\/secure.gravatar.com\/avatar\/d1c29eb639a137df0ac8bfec50479e8d6ef564f7320f439d9d984504359ea6ee?s=96&d=mm&r=g","caption":"Comunicaciones Comfenalco Valle delagente"},"url":"https:\/\/test.comfenalcovalle.com.co\/en\/author\/comunicaciones-comfenalco-valle-delagente\/"}]}},"publishpress_future_action":{"enabled":false,"date":"2026-05-10 08:30:52","action":"change-status","newStatus":"draft","terms":[],"taxonomy":"category","extraData":[]},"publishpress_future_workflow_manual_trigger":{"enabledWorkflows":[]},"_links":{"self":[{"href":"https:\/\/test.comfenalcovalle.com.co\/en\/wp-json\/wp\/v2\/posts\/671103","targetHints":{"allow":["GET"]}}],"collection":[{"href":"https:\/\/test.comfenalcovalle.com.co\/en\/wp-json\/wp\/v2\/posts"}],"about":[{"href":"https:\/\/test.comfenalcovalle.com.co\/en\/wp-json\/wp\/v2\/types\/post"}],"author":[{"embeddable":true,"href":"https:\/\/test.comfenalcovalle.com.co\/en\/wp-json\/wp\/v2\/users\/6"}],"replies":[{"embeddable":true,"href":"https:\/\/test.comfenalcovalle.com.co\/en\/wp-json\/wp\/v2\/comments?post=671103"}],"version-history":[{"count":0,"href":"https:\/\/test.comfenalcovalle.com.co\/en\/wp-json\/wp\/v2\/posts\/671103\/revisions"}],"wp:featuredmedia":[{"embeddable":true,"href":"https:\/\/test.comfenalcovalle.com.co\/en\/wp-json\/wp\/v2\/media\/671105"}],"wp:attachment":[{"href":"https:\/\/test.comfenalcovalle.com.co\/en\/wp-json\/wp\/v2\/media?parent=671103"}],"wp:term":[{"taxonomy":"category","embeddable":true,"href":"https:\/\/test.comfenalcovalle.com.co\/en\/wp-json\/wp\/v2\/categories?post=671103"},{"taxonomy":"post_tag","embeddable":true,"href":"https:\/\/test.comfenalcovalle.com.co\/en\/wp-json\/wp\/v2\/tags?post=671103"}],"curies":[{"name":"wp","href":"https:\/\/api.w.org\/{rel}","templated":true}]}}