{"id":670481,"date":"2025-10-30T16:59:41","date_gmt":"2025-10-30T21:59:41","guid":{"rendered":"https:\/\/test.comfenalcovalle.com.co\/?p=670481"},"modified":"2025-11-06T10:57:35","modified_gmt":"2025-11-06T15:57:35","slug":"wegrow-2025-en-cali-impulso-a-la-diversidad-e-inclusion-empresarial","status":"publish","type":"post","link":"https:\/\/test.comfenalcovalle.com.co\/en\/wegrow-2025-en-cali-impulso-a-la-diversidad-e-inclusion-empresarial\/","title":{"rendered":"WeGrow 2025 en Cali: Impulso a la diversidad e inclusi\u00f3n empresarial"},"content":{"rendered":"<p>El evento se realizar\u00e1 los d\u00edas 4 y 5 de noviembre de 2025 en el Hotel Intercontinental de Cali, y reunir\u00e1 a empresarios, emprendedores, l\u00edderes de inclusi\u00f3n, entidades p\u00fablicas y privadas en un espacio que integrar\u00e1 feria laboral, feria comercial, agenda acad\u00e9mica y experiencias culturales, con el objetivo de fortalecer la inclusi\u00f3n productiva, promover el empleo formal y dinamizar el desarrollo econ\u00f3mico de la regi\u00f3n pac\u00edfico.<\/p>\n\n\n\n<h2 class=\"wp-block-heading has-medium-font-size\" id=\"h-oportunidades-que-transforman-feria-laboral\"><strong>Oportunidades que transforman: Feria Laboral<\/strong><\/h2>\n\n\n\n<p>En el marco de WeGrow 2025, la Caja Delagente participar\u00e1 en la Feria Laboral Incluyente \u2013 Expotalento Diverso, donde garantizar\u00e1 la presencia de 11 empresas aliadas con vacantes laborales abiertas y apoyar\u00e1 la participaci\u00f3n de 15 emprendimientos diversos.<\/p>\n\n\n\n<p>Un total de 1.000 oportunidades laborales estar\u00e1n disponibles para personas de Cali y la regi\u00f3n pac\u00edfica, incluyendo j\u00f3venes, personas mayores de 50 a\u00f1os, personas con discapacidad, migrantes, comunidades \u00e9tnicas y poblaci\u00f3n LGBTIQ+.<\/p>\n\n\n\n<h2 class=\"wp-block-heading has-medium-font-size\" id=\"h-panel-comfenalco-valle-delagente-caso-de-exito-en-inclusion\"><strong>Panel: Comfenalco Valle Delagente, caso de \u00e9xito en inclusi\u00f3n<\/strong><\/h2>\n\n\n\n<p>Durante el evento, nuestra Caja de Compensaci\u00f3n Familiar encabezar\u00e1 el panel \u201cCaso de \u00e9xito en la implementaci\u00f3n de una cultura de diversidad e inclusi\u00f3n\u201d donde compartir\u00e1 sus logros en la implementaci\u00f3n de pol\u00edticas y acciones que promueven la equidad y el respeto por la diferencia.<\/p>\n\n\n\n<p>En este punto es importante indicar que, Comfenalco Valle Delagente cuenta con el Sello Friendly Biz, otorgado por la C\u00e1mara de la Diversidad, que la certifica como una organizaci\u00f3n amigable e incluyente. Actualmente, la entidad avanza hacia la obtenci\u00f3n de una certificaci\u00f3n internacional que reconoce a las instituciones con procesos libres de discriminaci\u00f3n.<\/p>\n\n\n\n<p>\u201cEn Comfenalco Valle Delagente trabajamos para que cada espacio sea seguro y respetuoso. Nuestra meta es seguir consolidando una cultura organizacional basada en la empat\u00eda y la colaboraci\u00f3n\u201d, destac\u00f3 Diana Carolina Tilano, coordinadora de Empleabilidad de la Caja de Compensaci\u00f3n Familiar.<\/p>\n\n\n\n<p>Con la participaci\u00f3n en <em>WeGrow 2025<\/em>, Comfenalco Valle Delagente reafirma su liderazgo como \u201cla Caja Delagente\u201d, comprometida con una econom\u00eda m\u00e1s justa, incluyente y sostenible, donde la diversidad se reconoce como un motor de crecimiento y competitividad.<\/p>\n\n\n\n<p><strong>Date:<\/strong> 4 y 5 de noviembre de 2025<\/p>\n\n\n\n<p><strong>Place:<\/strong> Hotel Intercontinental de Cali \u2013 Av. Colombia # 2 &#8211; 72.<\/p>\n\n\n\n<p><strong>More information:<\/strong> <a href=\"https:\/\/expowetrade.com\/wegrow\/\" target=\"_blank\" rel=\"noreferrer noopener\">https:\/\/expowetrade.com\/wegrow\/<\/a><\/p>\n\n\n\n<p><strong>Comfenalco Valle Delagente<\/strong><br><strong>Family Compensation Fund.<\/strong><\/p>","protected":false},"excerpt":{"rendered":"<p>El evento se realizar\u00e1 los d\u00edas 4 y 5 de noviembre de 2025 en el Hotel Intercontinental de Cali, y reunir\u00e1 a empresarios, emprendedores, l\u00edderes de inclusi\u00f3n, entidades p\u00fablicas y privadas en un espacio que integrar\u00e1 feria laboral, feria comercial, agenda acad\u00e9mica y experiencias culturales, con el objetivo de fortalecer la inclusi\u00f3n productiva, promover el [&hellip;]<\/p>","protected":false},"author":6,"featured_media":670483,"comment_status":"closed","ping_status":"closed","sticky":false,"template":"","format":"standard","meta":{"footnotes":""},"categories":[72],"tags":[],"class_list":["post-670481","post","type-post","status-publish","format-standard","has-post-thumbnail","hentry","category-corporativo"],"yoast_head":"<!-- This site is optimized with the Yoast SEO Premium plugin v25.9 (Yoast SEO v25.9) - https:\/\/yoast.com\/wordpress\/plugins\/seo\/ -->\n<title>WeGrow 2025 en Cali: Impulso a la diversidad e inclusi\u00f3n empresarial - Comfenalco Valle Delagente<\/title>\n<meta name=\"description\" content=\"Comfenalco Valle Delagente ser\u00e1 protagonista y coorganizador en WeGrow 2025, el gran encuentro de inclusi\u00f3n empresarial del Pac\u00edfico colombiano, organizado por la C\u00e1mara de la Diversidad.\" \/>\n<meta name=\"robots\" content=\"index, follow, max-snippet:-1, max-image-preview:large, max-video-preview:-1\" \/>\n<link rel=\"canonical\" href=\"https:\/\/www.comfenalcovalle.com.co\/wegrow-2025-en-cali-impulso-a-la-diversidad-e-inclusion-empresarial\/\" \/>\n<meta property=\"og:locale\" content=\"en_US\" \/>\n<meta property=\"og:type\" content=\"article\" \/>\n<meta property=\"og:title\" content=\"WeGrow 2025 en Cali: Impulso a la diversidad e inclusi\u00f3n empresarial\" \/>\n<meta property=\"og:description\" content=\"Comfenalco Valle Delagente ser\u00e1 protagonista y coorganizador en WeGrow 2025, el gran encuentro de inclusi\u00f3n empresarial del Pac\u00edfico colombiano, organizado por la C\u00e1mara de la Diversidad.\" \/>\n<meta property=\"og:url\" content=\"https:\/\/www.comfenalcovalle.com.co\/wegrow-2025-en-cali-impulso-a-la-diversidad-e-inclusion-empresarial\/\" \/>\n<meta property=\"og:site_name\" content=\"Comfenalco Valle Delagente\" \/>\n<meta property=\"article:published_time\" content=\"2025-10-30T21:59:41+00:00\" \/>\n<meta property=\"article:modified_time\" content=\"2025-11-06T15:57:35+00:00\" \/>\n<meta property=\"og:image\" content=\"https:\/\/www.comfenalcovalle.com.co\/wp-content\/uploads\/2025\/10\/WeGrow-2025-en-Cali-scaled.jpg\" \/>\n\t<meta property=\"og:image:width\" content=\"1024\" \/>\n\t<meta property=\"og:image:height\" content=\"1280\" \/>\n\t<meta property=\"og:image:type\" content=\"image\/jpeg\" \/>\n<meta name=\"author\" content=\"Comunicaciones Comfenalco Valle delagente\" \/>\n<meta name=\"twitter:card\" content=\"summary_large_image\" \/>\n<meta name=\"twitter:label1\" content=\"Written by\" \/>\n\t<meta name=\"twitter:data1\" content=\"Comunicaciones Comfenalco Valle delagente\" \/>\n\t<meta name=\"twitter:label2\" content=\"Est. reading time\" \/>\n\t<meta name=\"twitter:data2\" content=\"2 minutes\" \/>\n<script type=\"application\/ld+json\" class=\"yoast-schema-graph\">{\"@context\":\"https:\/\/schema.org\",\"@graph\":[{\"@type\":\"Article\",\"@id\":\"https:\/\/www.comfenalcovalle.com.co\/wegrow-2025-en-cali-impulso-a-la-diversidad-e-inclusion-empresarial\/#article\",\"isPartOf\":{\"@id\":\"https:\/\/www.comfenalcovalle.com.co\/wegrow-2025-en-cali-impulso-a-la-diversidad-e-inclusion-empresarial\/\"},\"author\":{\"name\":\"Comunicaciones Comfenalco Valle delagente\",\"@id\":\"https:\/\/www.comfenalcovalle.com.co\/#\/schema\/person\/d4d8bcb299f88f97b06096cf6a21cb01\"},\"headline\":\"WeGrow 2025 en Cali: Impulso a la diversidad e inclusi\u00f3n empresarial\",\"datePublished\":\"2025-10-30T21:59:41+00:00\",\"dateModified\":\"2025-11-06T15:57:35+00:00\",\"mainEntityOfPage\":{\"@id\":\"https:\/\/www.comfenalcovalle.com.co\/wegrow-2025-en-cali-impulso-a-la-diversidad-e-inclusion-empresarial\/\"},\"wordCount\":389,\"publisher\":{\"@id\":\"https:\/\/www.comfenalcovalle.com.co\/#organization\"},\"image\":{\"@id\":\"https:\/\/www.comfenalcovalle.com.co\/wegrow-2025-en-cali-impulso-a-la-diversidad-e-inclusion-empresarial\/#primaryimage\"},\"thumbnailUrl\":\"https:\/\/test.comfenalcovalle.com.co\/wp-content\/uploads\/2025\/10\/WeGrow-2025-en-Cali-scaled.jpg\",\"articleSection\":[\"Corporativo\"],\"inLanguage\":\"en-US\"},{\"@type\":\"WebPage\",\"@id\":\"https:\/\/www.comfenalcovalle.com.co\/wegrow-2025-en-cali-impulso-a-la-diversidad-e-inclusion-empresarial\/\",\"url\":\"https:\/\/www.comfenalcovalle.com.co\/wegrow-2025-en-cali-impulso-a-la-diversidad-e-inclusion-empresarial\/\",\"name\":\"WeGrow 2025 en Cali: Impulso a la diversidad e inclusi\u00f3n empresarial - Comfenalco Valle Delagente\",\"isPartOf\":{\"@id\":\"https:\/\/www.comfenalcovalle.com.co\/#website\"},\"primaryImageOfPage\":{\"@id\":\"https:\/\/www.comfenalcovalle.com.co\/wegrow-2025-en-cali-impulso-a-la-diversidad-e-inclusion-empresarial\/#primaryimage\"},\"image\":{\"@id\":\"https:\/\/www.comfenalcovalle.com.co\/wegrow-2025-en-cali-impulso-a-la-diversidad-e-inclusion-empresarial\/#primaryimage\"},\"thumbnailUrl\":\"https:\/\/test.comfenalcovalle.com.co\/wp-content\/uploads\/2025\/10\/WeGrow-2025-en-Cali-scaled.jpg\",\"datePublished\":\"2025-10-30T21:59:41+00:00\",\"dateModified\":\"2025-11-06T15:57:35+00:00\",\"description\":\"Comfenalco Valle Delagente ser\u00e1 protagonista y coorganizador en WeGrow 2025, el gran encuentro de inclusi\u00f3n empresarial del Pac\u00edfico colombiano, organizado por la C\u00e1mara de la Diversidad.\",\"breadcrumb\":{\"@id\":\"https:\/\/www.comfenalcovalle.com.co\/wegrow-2025-en-cali-impulso-a-la-diversidad-e-inclusion-empresarial\/#breadcrumb\"},\"inLanguage\":\"en-US\",\"potentialAction\":[{\"@type\":\"ReadAction\",\"target\":[\"https:\/\/www.comfenalcovalle.com.co\/wegrow-2025-en-cali-impulso-a-la-diversidad-e-inclusion-empresarial\/\"]}]},{\"@type\":\"ImageObject\",\"inLanguage\":\"en-US\",\"@id\":\"https:\/\/www.comfenalcovalle.com.co\/wegrow-2025-en-cali-impulso-a-la-diversidad-e-inclusion-empresarial\/#primaryimage\",\"url\":\"https:\/\/test.comfenalcovalle.com.co\/wp-content\/uploads\/2025\/10\/WeGrow-2025-en-Cali-scaled.jpg\",\"contentUrl\":\"https:\/\/test.comfenalcovalle.com.co\/wp-content\/uploads\/2025\/10\/WeGrow-2025-en-Cali-scaled.jpg\",\"width\":1024,\"height\":1280,\"caption\":\"WeGrow 2025 en Cali\"},{\"@type\":\"BreadcrumbList\",\"@id\":\"https:\/\/www.comfenalcovalle.com.co\/wegrow-2025-en-cali-impulso-a-la-diversidad-e-inclusion-empresarial\/#breadcrumb\",\"itemListElement\":[{\"@type\":\"ListItem\",\"position\":1,\"name\":\"Portada\",\"item\":\"https:\/\/www.comfenalcovalle.com.co\/\"},{\"@type\":\"ListItem\",\"position\":2,\"name\":\"WeGrow 2025 en Cali: Impulso a la diversidad e inclusi\u00f3n empresarial\"}]},{\"@type\":\"WebSite\",\"@id\":\"https:\/\/www.comfenalcovalle.com.co\/#website\",\"url\":\"https:\/\/www.comfenalcovalle.com.co\/\",\"name\":\"Comfenalco Valle Delagente\",\"description\":\"Caja de compensaci\u00f3n de Comfenalco Valle Delagente.\",\"publisher\":{\"@id\":\"https:\/\/www.comfenalcovalle.com.co\/#organization\"},\"potentialAction\":[{\"@type\":\"SearchAction\",\"target\":{\"@type\":\"EntryPoint\",\"urlTemplate\":\"https:\/\/www.comfenalcovalle.com.co\/?s={search_term_string}\"},\"query-input\":{\"@type\":\"PropertyValueSpecification\",\"valueRequired\":true,\"valueName\":\"search_term_string\"}}],\"inLanguage\":\"en-US\"},{\"@type\":\"Organization\",\"@id\":\"https:\/\/www.comfenalcovalle.com.co\/#organization\",\"name\":\"Comfenalco Valle Delagente\",\"url\":\"https:\/\/www.comfenalcovalle.com.co\/\",\"logo\":{\"@type\":\"ImageObject\",\"inLanguage\":\"en-US\",\"@id\":\"https:\/\/www.comfenalcovalle.com.co\/#\/schema\/logo\/image\/\",\"url\":\"https:\/\/test.comfenalcovalle.com.co\/wp-content\/uploads\/2021\/06\/logo-comfe-cabecera-agencia-empelo-actualizado.png\",\"contentUrl\":\"https:\/\/test.comfenalcovalle.com.co\/wp-content\/uploads\/2021\/06\/logo-comfe-cabecera-agencia-empelo-actualizado.png\",\"width\":500,\"height\":184,\"caption\":\"Comfenalco Valle Delagente\"},\"image\":{\"@id\":\"https:\/\/www.comfenalcovalle.com.co\/#\/schema\/logo\/image\/\"}},{\"@type\":\"Person\",\"@id\":\"https:\/\/www.comfenalcovalle.com.co\/#\/schema\/person\/d4d8bcb299f88f97b06096cf6a21cb01\",\"name\":\"Comunicaciones Comfenalco Valle delagente\",\"image\":{\"@type\":\"ImageObject\",\"inLanguage\":\"en-US\",\"@id\":\"https:\/\/www.comfenalcovalle.com.co\/#\/schema\/person\/image\/\",\"url\":\"https:\/\/secure.gravatar.com\/avatar\/d1c29eb639a137df0ac8bfec50479e8d6ef564f7320f439d9d984504359ea6ee?s=96&d=mm&r=g\",\"contentUrl\":\"https:\/\/secure.gravatar.com\/avatar\/d1c29eb639a137df0ac8bfec50479e8d6ef564f7320f439d9d984504359ea6ee?s=96&d=mm&r=g\",\"caption\":\"Comunicaciones Comfenalco Valle delagente\"},\"url\":\"https:\/\/test.comfenalcovalle.com.co\/en\/author\/comunicaciones-comfenalco-valle-delagente\/\"}]}<\/script>\n<!-- \/ Yoast SEO Premium plugin. -->","yoast_head_json":{"title":"WeGrow 2025 en Cali: Impulso a la diversidad e inclusi\u00f3n empresarial - Comfenalco Valle Delagente","description":"Comfenalco Valle Delagente ser\u00e1 protagonista y coorganizador en WeGrow 2025, el gran encuentro de inclusi\u00f3n empresarial del Pac\u00edfico colombiano, organizado por la C\u00e1mara de la Diversidad.","robots":{"index":"index","follow":"follow","max-snippet":"max-snippet:-1","max-image-preview":"max-image-preview:large","max-video-preview":"max-video-preview:-1"},"canonical":"https:\/\/www.comfenalcovalle.com.co\/wegrow-2025-en-cali-impulso-a-la-diversidad-e-inclusion-empresarial\/","og_locale":"en_US","og_type":"article","og_title":"WeGrow 2025 en Cali: Impulso a la diversidad e inclusi\u00f3n empresarial","og_description":"Comfenalco Valle Delagente ser\u00e1 protagonista y coorganizador en WeGrow 2025, el gran encuentro de inclusi\u00f3n empresarial del Pac\u00edfico colombiano, organizado por la C\u00e1mara de la Diversidad.","og_url":"https:\/\/www.comfenalcovalle.com.co\/wegrow-2025-en-cali-impulso-a-la-diversidad-e-inclusion-empresarial\/","og_site_name":"Comfenalco Valle Delagente","article_published_time":"2025-10-30T21:59:41+00:00","article_modified_time":"2025-11-06T15:57:35+00:00","og_image":[{"width":1024,"height":1280,"url":"https:\/\/www.comfenalcovalle.com.co\/wp-content\/uploads\/2025\/10\/WeGrow-2025-en-Cali-scaled.jpg","type":"image\/jpeg"}],"author":"Comunicaciones Comfenalco Valle delagente","twitter_card":"summary_large_image","twitter_misc":{"Written by":"Comunicaciones Comfenalco Valle delagente","Est. reading time":"2 minutes"},"schema":{"@context":"https:\/\/schema.org","@graph":[{"@type":"Article","@id":"https:\/\/www.comfenalcovalle.com.co\/wegrow-2025-en-cali-impulso-a-la-diversidad-e-inclusion-empresarial\/#article","isPartOf":{"@id":"https:\/\/www.comfenalcovalle.com.co\/wegrow-2025-en-cali-impulso-a-la-diversidad-e-inclusion-empresarial\/"},"author":{"name":"Comunicaciones Comfenalco Valle delagente","@id":"https:\/\/www.comfenalcovalle.com.co\/#\/schema\/person\/d4d8bcb299f88f97b06096cf6a21cb01"},"headline":"WeGrow 2025 en Cali: Impulso a la diversidad e inclusi\u00f3n empresarial","datePublished":"2025-10-30T21:59:41+00:00","dateModified":"2025-11-06T15:57:35+00:00","mainEntityOfPage":{"@id":"https:\/\/www.comfenalcovalle.com.co\/wegrow-2025-en-cali-impulso-a-la-diversidad-e-inclusion-empresarial\/"},"wordCount":389,"publisher":{"@id":"https:\/\/www.comfenalcovalle.com.co\/#organization"},"image":{"@id":"https:\/\/www.comfenalcovalle.com.co\/wegrow-2025-en-cali-impulso-a-la-diversidad-e-inclusion-empresarial\/#primaryimage"},"thumbnailUrl":"https:\/\/test.comfenalcovalle.com.co\/wp-content\/uploads\/2025\/10\/WeGrow-2025-en-Cali-scaled.jpg","articleSection":["Corporativo"],"inLanguage":"en-US"},{"@type":"WebPage","@id":"https:\/\/www.comfenalcovalle.com.co\/wegrow-2025-en-cali-impulso-a-la-diversidad-e-inclusion-empresarial\/","url":"https:\/\/www.comfenalcovalle.com.co\/wegrow-2025-en-cali-impulso-a-la-diversidad-e-inclusion-empresarial\/","name":"WeGrow 2025 en Cali: Impulso a la diversidad e inclusi\u00f3n empresarial - Comfenalco Valle Delagente","isPartOf":{"@id":"https:\/\/www.comfenalcovalle.com.co\/#website"},"primaryImageOfPage":{"@id":"https:\/\/www.comfenalcovalle.com.co\/wegrow-2025-en-cali-impulso-a-la-diversidad-e-inclusion-empresarial\/#primaryimage"},"image":{"@id":"https:\/\/www.comfenalcovalle.com.co\/wegrow-2025-en-cali-impulso-a-la-diversidad-e-inclusion-empresarial\/#primaryimage"},"thumbnailUrl":"https:\/\/test.comfenalcovalle.com.co\/wp-content\/uploads\/2025\/10\/WeGrow-2025-en-Cali-scaled.jpg","datePublished":"2025-10-30T21:59:41+00:00","dateModified":"2025-11-06T15:57:35+00:00","description":"Comfenalco Valle Delagente ser\u00e1 protagonista y coorganizador en WeGrow 2025, el gran encuentro de inclusi\u00f3n empresarial del Pac\u00edfico colombiano, organizado por la C\u00e1mara de la Diversidad.","breadcrumb":{"@id":"https:\/\/www.comfenalcovalle.com.co\/wegrow-2025-en-cali-impulso-a-la-diversidad-e-inclusion-empresarial\/#breadcrumb"},"inLanguage":"en-US","potentialAction":[{"@type":"ReadAction","target":["https:\/\/www.comfenalcovalle.com.co\/wegrow-2025-en-cali-impulso-a-la-diversidad-e-inclusion-empresarial\/"]}]},{"@type":"ImageObject","inLanguage":"en-US","@id":"https:\/\/www.comfenalcovalle.com.co\/wegrow-2025-en-cali-impulso-a-la-diversidad-e-inclusion-empresarial\/#primaryimage","url":"https:\/\/test.comfenalcovalle.com.co\/wp-content\/uploads\/2025\/10\/WeGrow-2025-en-Cali-scaled.jpg","contentUrl":"https:\/\/test.comfenalcovalle.com.co\/wp-content\/uploads\/2025\/10\/WeGrow-2025-en-Cali-scaled.jpg","width":1024,"height":1280,"caption":"WeGrow 2025 en Cali"},{"@type":"BreadcrumbList","@id":"https:\/\/www.comfenalcovalle.com.co\/wegrow-2025-en-cali-impulso-a-la-diversidad-e-inclusion-empresarial\/#breadcrumb","itemListElement":[{"@type":"ListItem","position":1,"name":"Portada","item":"https:\/\/www.comfenalcovalle.com.co\/"},{"@type":"ListItem","position":2,"name":"WeGrow 2025 en Cali: Impulso a la diversidad e inclusi\u00f3n empresarial"}]},{"@type":"WebSite","@id":"https:\/\/www.comfenalcovalle.com.co\/#website","url":"https:\/\/www.comfenalcovalle.com.co\/","name":"Comfenalco Valle Delagente","description":"Comfenalco Valle Delagente compensation fund.","publisher":{"@id":"https:\/\/www.comfenalcovalle.com.co\/#organization"},"potentialAction":[{"@type":"SearchAction","target":{"@type":"EntryPoint","urlTemplate":"https:\/\/www.comfenalcovalle.com.co\/?s={search_term_string}"},"query-input":{"@type":"PropertyValueSpecification","valueRequired":true,"valueName":"search_term_string"}}],"inLanguage":"en-US"},{"@type":"Organization","@id":"https:\/\/www.comfenalcovalle.com.co\/#organization","name":"Comfenalco Valle Delagente","url":"https:\/\/www.comfenalcovalle.com.co\/","logo":{"@type":"ImageObject","inLanguage":"en-US","@id":"https:\/\/www.comfenalcovalle.com.co\/#\/schema\/logo\/image\/","url":"https:\/\/test.comfenalcovalle.com.co\/wp-content\/uploads\/2021\/06\/logo-comfe-cabecera-agencia-empelo-actualizado.png","contentUrl":"https:\/\/test.comfenalcovalle.com.co\/wp-content\/uploads\/2021\/06\/logo-comfe-cabecera-agencia-empelo-actualizado.png","width":500,"height":184,"caption":"Comfenalco Valle Delagente"},"image":{"@id":"https:\/\/www.comfenalcovalle.com.co\/#\/schema\/logo\/image\/"}},{"@type":"Person","@id":"https:\/\/www.comfenalcovalle.com.co\/#\/schema\/person\/d4d8bcb299f88f97b06096cf6a21cb01","name":"Communications Comfenalco Valle delagente","image":{"@type":"ImageObject","inLanguage":"en-US","@id":"https:\/\/www.comfenalcovalle.com.co\/#\/schema\/person\/image\/","url":"https:\/\/secure.gravatar.com\/avatar\/d1c29eb639a137df0ac8bfec50479e8d6ef564f7320f439d9d984504359ea6ee?s=96&d=mm&r=g","contentUrl":"https:\/\/secure.gravatar.com\/avatar\/d1c29eb639a137df0ac8bfec50479e8d6ef564f7320f439d9d984504359ea6ee?s=96&d=mm&r=g","caption":"Comunicaciones Comfenalco Valle delagente"},"url":"https:\/\/test.comfenalcovalle.com.co\/en\/author\/comunicaciones-comfenalco-valle-delagente\/"}]}},"publishpress_future_action":{"enabled":false,"date":"2026-05-08 09:11:15","action":"change-status","newStatus":"draft","terms":[],"taxonomy":"category","extraData":[]},"publishpress_future_workflow_manual_trigger":{"enabledWorkflows":[]},"_links":{"self":[{"href":"https:\/\/test.comfenalcovalle.com.co\/en\/wp-json\/wp\/v2\/posts\/670481","targetHints":{"allow":["GET"]}}],"collection":[{"href":"https:\/\/test.comfenalcovalle.com.co\/en\/wp-json\/wp\/v2\/posts"}],"about":[{"href":"https:\/\/test.comfenalcovalle.com.co\/en\/wp-json\/wp\/v2\/types\/post"}],"author":[{"embeddable":true,"href":"https:\/\/test.comfenalcovalle.com.co\/en\/wp-json\/wp\/v2\/users\/6"}],"replies":[{"embeddable":true,"href":"https:\/\/test.comfenalcovalle.com.co\/en\/wp-json\/wp\/v2\/comments?post=670481"}],"version-history":[{"count":0,"href":"https:\/\/test.comfenalcovalle.com.co\/en\/wp-json\/wp\/v2\/posts\/670481\/revisions"}],"wp:featuredmedia":[{"embeddable":true,"href":"https:\/\/test.comfenalcovalle.com.co\/en\/wp-json\/wp\/v2\/media\/670483"}],"wp:attachment":[{"href":"https:\/\/test.comfenalcovalle.com.co\/en\/wp-json\/wp\/v2\/media?parent=670481"}],"wp:term":[{"taxonomy":"category","embeddable":true,"href":"https:\/\/test.comfenalcovalle.com.co\/en\/wp-json\/wp\/v2\/categories?post=670481"},{"taxonomy":"post_tag","embeddable":true,"href":"https:\/\/test.comfenalcovalle.com.co\/en\/wp-json\/wp\/v2\/tags?post=670481"}],"curies":[{"name":"wp","href":"https:\/\/api.w.org\/{rel}","templated":true}]}}