{"id":668163,"date":"2025-09-12T16:01:18","date_gmt":"2025-09-12T21:01:18","guid":{"rendered":"https:\/\/test.comfenalcovalle.com.co\/?p=668163"},"modified":"2025-09-12T16:06:24","modified_gmt":"2025-09-12T21:06:24","slug":"comfenalco-valle-delagente-en-el-foro-territorios-sostenibles-en-accion","status":"publish","type":"post","link":"https:\/\/test.comfenalcovalle.com.co\/en\/comfenalco-valle-delagente-en-el-foro-territorios-sostenibles-en-accion\/","title":{"rendered":"Comfenalco Valle Delagente en el Foro \u201cTerritorios Sostenibles en Acci\u00f3n\u201d"},"content":{"rendered":"<div data-elementor-type=\"wp-post\" data-elementor-id=\"668163\" class=\"elementor elementor-668163\" data-elementor-post-type=\"post\">\n\t\t\t\t<div class=\"elementor-element elementor-element-71b3edc2 e-flex e-con-boxed e-con e-parent\" data-id=\"71b3edc2\" data-element_type=\"container\">\n\t\t\t\t\t<div class=\"e-con-inner\">\n\t\t\t\t<div class=\"elementor-element elementor-element-4660ba15 elementor-widget elementor-widget-text-editor\" data-id=\"4660ba15\" data-element_type=\"widget\" data-widget_type=\"text-editor.default\">\n\t\t\t\t<div class=\"elementor-widget-container\">\n\t\t\t\t\t\t\t\t\t\n<p>The <strong>Family Compensation Fund Comfenalco Valle Delagente<\/strong> fue invitada a hacer parte del importante foro \u201cTerritorios Sostenibles en Acci\u00f3n\u201d, un espacio clave para el desarrollo regional que se llev\u00f3 a cabo este 11 de septiembre. Liderado por <strong>Pacto Global Red Colombia<\/strong> junto a sus aliados Coomeva, Propac\u00edfico y la Universidad del Valle, el evento reuni\u00f3 a l\u00edderes empresariales, autoridades locales y la academia para impulsar la Agenda 2030 en la regi\u00f3n.<\/p>\n\n<p>El foro se realiz\u00f3 en el Auditorio Uriel Estrada Calder\u00f3n de la sede nacional de Coomeva en Cali. Durante la jornada, se visibiliz\u00f3 el aporte de las empresas del Valle del Cauca para la aceleraci\u00f3n de los Objetivos de Desarrollo Sostenible (ODS), compartiendo experiencias y construyendo soluciones concretas para los desaf\u00edos clim\u00e1ticos, sociales y econ\u00f3micos del presente.<\/p>\n\n<p>La participaci\u00f3n de <strong>Comfenalco Valle Delagente<\/strong> fue destacada por la presencia de <strong>Jaqueline Vel\u00e1squez<\/strong>, coordinadora de proyectos de Cooperaci\u00f3n, Proyectos Sociales y Sostenibilidad. Durante su intervenci\u00f3n, expuso el programa <strong>\u00abVive el Valle\u00bb<\/strong>, una iniciativa liderada por Enlaza del Grupo Energ\u00eda Bogot\u00e1 en alianza con Comfenalco. Valle Delagente. El objetivo de este programa es fortalecer el turismo, impulsar la econom\u00eda local y dar visibilidad a las riquezas naturales, culturales y gastron\u00f3micas del departamento.<\/p>\n\n<p>Vel\u00e1squez explic\u00f3 que el programa, iniciado en 2022, cuenta con siete rutas tur\u00edsticas comunitarias, las cuales ofrecen experiencias \u00fanicas en Cartago, Guacar\u00ed, Palmira, Ginebra, El Cerrito, Pradera y Zarzal. \u00abPara este 2025 nuestro enfoque est\u00e1 en comercializar las rutas que fueron fortalecidas para brindar la oportunidad de conectar con la naturaleza y apoyar a las comunidades locales, reactivando su econom\u00eda\u00bb, afirm\u00f3 Vel\u00e1squez. La coordinadora invit\u00f3 a los vallecaucanos a explorar los destinos a trav\u00e9s de la p\u00e1gina web test.comfenalcovalle.com.co y a seguir las redes sociales de <strong>@rutasvivevalle<\/strong> para conocer m\u00e1s sobre las maravillas del departamento. La agenda del d\u00eda incluy\u00f3 conferencias y conversatorios sobre igualdad de g\u00e9nero, inclusi\u00f3n en el entorno empresarial, gesti\u00f3n ambiental y finanzas sostenibles. Adem\u00e1s, se presentaron los avances de varios municipios del Valle del Cauca en el cumplimiento de los ODS, fortaleciendo as\u00ed las alianzas entre los diferentes sectores de la regi\u00f3n.<\/p>\n\n<figure class=\"wp-block-gallery has-nested-images columns-default is-cropped wp-block-gallery-2 is-layout-flex wp-block-gallery-is-layout-flex\"><\/figure>\n\t\t\t\t\t\t\t\t<\/div>\n\t\t\t\t<\/div>\n\t\t\t\t<div class=\"elementor-element elementor-element-0dff21d elementor-arrows-position-inside elementor-pagination-position-outside elementor-widget elementor-widget-image-carousel\" data-id=\"0dff21d\" data-element_type=\"widget\" data-settings=\"{&quot;slides_to_show&quot;:&quot;3&quot;,&quot;slides_to_show_tablet&quot;:&quot;2&quot;,&quot;slides_to_show_mobile&quot;:&quot;1&quot;,&quot;slides_to_scroll&quot;:&quot;1&quot;,&quot;image_spacing_custom&quot;:{&quot;unit&quot;:&quot;px&quot;,&quot;size&quot;:10,&quot;sizes&quot;:[]},&quot;navigation&quot;:&quot;both&quot;,&quot;autoplay&quot;:&quot;yes&quot;,&quot;pause_on_hover&quot;:&quot;yes&quot;,&quot;pause_on_interaction&quot;:&quot;yes&quot;,&quot;autoplay_speed&quot;:5000,&quot;infinite&quot;:&quot;yes&quot;,&quot;speed&quot;:500,&quot;image_spacing_custom_tablet&quot;:{&quot;unit&quot;:&quot;px&quot;,&quot;size&quot;:&quot;&quot;,&quot;sizes&quot;:[]}}\" data-widget_type=\"image-carousel.default\">\n\t\t\t\t<div class=\"elementor-widget-container\">\n\t\t\t\t\t\t\t<div class=\"elementor-image-carousel-wrapper swiper\" role=\"region\" aria-roledescription=\"carousel\" aria-label=\"Carrusel de im\u00e1genes\" dir=\"ltr\">\n\t\t\t<div class=\"elementor-image-carousel swiper-wrapper\" aria-live=\"off\">\n\t\t\t\t\t\t\t\t<div class=\"swiper-slide\" role=\"group\" aria-roledescription=\"slide\" aria-label=\"1 of 4\"><figure class=\"swiper-slide-inner\"><img decoding=\"async\" class=\"swiper-slide-image lazyload\" data-src=\"https:\/\/test.comfenalcovalle.com.co\/wp-content\/uploads\/2025\/09\/Territorios-Sostenibles-en-Accion-1.jpg\" alt=\"Territorios Sostenibles en Acci\u00f3n\" src=\"data:image\/svg+xml;base64,PHN2ZyB3aWR0aD0iMSIgaGVpZ2h0PSIxIiB4bWxucz0iaHR0cDovL3d3dy53My5vcmcvMjAwMC9zdmciPjwvc3ZnPg==\" style=\"--smush-placeholder-width: 1080px; --smush-placeholder-aspect-ratio: 1080\/608;\" \/><\/figure><\/div><div class=\"swiper-slide\" role=\"group\" aria-roledescription=\"slide\" aria-label=\"2 of 4\"><figure class=\"swiper-slide-inner\"><img decoding=\"async\" class=\"swiper-slide-image lazyload\" data-src=\"https:\/\/test.comfenalcovalle.com.co\/wp-content\/uploads\/2025\/09\/Territorios-Sostenibles-en-Accion-4.jpg\" alt=\"Territorios Sostenibles en Acci\u00f3n\" src=\"data:image\/svg+xml;base64,PHN2ZyB3aWR0aD0iMSIgaGVpZ2h0PSIxIiB4bWxucz0iaHR0cDovL3d3dy53My5vcmcvMjAwMC9zdmciPjwvc3ZnPg==\" style=\"--smush-placeholder-width: 1080px; --smush-placeholder-aspect-ratio: 1080\/608;\" \/><\/figure><\/div><div class=\"swiper-slide\" role=\"group\" aria-roledescription=\"slide\" aria-label=\"3 of 4\"><figure class=\"swiper-slide-inner\"><img decoding=\"async\" class=\"swiper-slide-image lazyload\" data-src=\"https:\/\/test.comfenalcovalle.com.co\/wp-content\/uploads\/2025\/09\/Territorios-Sostenibles-en-Accion-3.jpg\" alt=\"Territorios Sostenibles en Acci\u00f3n\" src=\"data:image\/svg+xml;base64,PHN2ZyB3aWR0aD0iMSIgaGVpZ2h0PSIxIiB4bWxucz0iaHR0cDovL3d3dy53My5vcmcvMjAwMC9zdmciPjwvc3ZnPg==\" style=\"--smush-placeholder-width: 1080px; --smush-placeholder-aspect-ratio: 1080\/608;\" \/><\/figure><\/div><div class=\"swiper-slide\" role=\"group\" aria-roledescription=\"slide\" aria-label=\"4 of 4\"><figure class=\"swiper-slide-inner\"><img decoding=\"async\" class=\"swiper-slide-image lazyload\" data-src=\"https:\/\/test.comfenalcovalle.com.co\/wp-content\/uploads\/2025\/09\/Territorios-Sostenibles-en-Accion-2.jpg\" alt=\"Territorios Sostenibles en Acci\u00f3n\" src=\"data:image\/svg+xml;base64,PHN2ZyB3aWR0aD0iMSIgaGVpZ2h0PSIxIiB4bWxucz0iaHR0cDovL3d3dy53My5vcmcvMjAwMC9zdmciPjwvc3ZnPg==\" style=\"--smush-placeholder-width: 1080px; --smush-placeholder-aspect-ratio: 1080\/608;\" \/><\/figure><\/div>\t\t\t<\/div>\n\t\t\t\t\t\t\t\t\t\t\t\t<div class=\"elementor-swiper-button elementor-swiper-button-prev\" role=\"button\" tabindex=\"0\">\n\t\t\t\t\t\t<i aria-hidden=\"true\" class=\"eicon-chevron-left\"><\/i>\t\t\t\t\t<\/div>\n\t\t\t\t\t<div class=\"elementor-swiper-button elementor-swiper-button-next\" role=\"button\" tabindex=\"0\">\n\t\t\t\t\t\t<i aria-hidden=\"true\" class=\"eicon-chevron-right\"><\/i>\t\t\t\t\t<\/div>\n\t\t\t\t\n\t\t\t\t\t\t\t\t\t<div class=\"swiper-pagination\"><\/div>\n\t\t\t\t\t\t\t\t\t<\/div>\n\t\t\t\t\t\t<\/div>\n\t\t\t\t<\/div>\n\t\t\t\t\t<\/div>\n\t\t\t\t<\/div>\n\t\t\t\t<\/div>","protected":false},"excerpt":{"rendered":"<p>La Caja de Compensaci\u00f3n Familiar Comfenalco Valle Delagente fue invitada a hacer parte del importante foro \u201cTerritorios Sostenibles en Acci\u00f3n\u201d, un espacio clave para el desarrollo regional que se llev\u00f3 a cabo este 11 de septiembre. Liderado por Pacto Global Red Colombia junto a sus aliados Coomeva, Propac\u00edfico y la Universidad del Valle, el evento [&hellip;]<\/p>","protected":false},"author":6,"featured_media":668166,"comment_status":"closed","ping_status":"closed","sticky":false,"template":"","format":"standard","meta":{"footnotes":""},"categories":[72],"tags":[],"class_list":["post-668163","post","type-post","status-publish","format-standard","has-post-thumbnail","hentry","category-corporativo"],"yoast_head":"<!-- This site is optimized with the Yoast SEO Premium plugin v25.9 (Yoast SEO v25.9) - https:\/\/yoast.com\/wordpress\/plugins\/seo\/ -->\n<title>Comfenalco Valle Delagente en el Foro \u201cTerritorios Sostenibles en Acci\u00f3n\u201d - Comfenalco Valle Delagente<\/title>\n<meta name=\"description\" content=\"El foro \u201cTerritorios Sostenibles en Acci\u00f3n\u201d se realiz\u00f3 en el Auditorio Uriel Estrada Calder\u00f3n de la sede nacional de Coomeva en Cali.\" \/>\n<meta name=\"robots\" content=\"index, follow, max-snippet:-1, max-image-preview:large, max-video-preview:-1\" \/>\n<link rel=\"canonical\" href=\"https:\/\/www.comfenalcovalle.com.co\/comfenalco-valle-delagente-en-el-foro-territorios-sostenibles-en-accion\/\" \/>\n<meta property=\"og:locale\" content=\"en_US\" \/>\n<meta property=\"og:type\" content=\"article\" \/>\n<meta property=\"og:title\" content=\"Comfenalco Valle Delagente en el Foro \u201cTerritorios Sostenibles en Acci\u00f3n\u201d\" \/>\n<meta property=\"og:description\" content=\"El foro \u201cTerritorios Sostenibles en Acci\u00f3n\u201d se realiz\u00f3 en el Auditorio Uriel Estrada Calder\u00f3n de la sede nacional de Coomeva en Cali.\" \/>\n<meta property=\"og:url\" content=\"https:\/\/www.comfenalcovalle.com.co\/comfenalco-valle-delagente-en-el-foro-territorios-sostenibles-en-accion\/\" \/>\n<meta property=\"og:site_name\" content=\"Comfenalco Valle Delagente\" \/>\n<meta property=\"article:published_time\" content=\"2025-09-12T21:01:18+00:00\" \/>\n<meta property=\"article:modified_time\" content=\"2025-09-12T21:06:24+00:00\" \/>\n<meta property=\"og:image\" content=\"https:\/\/www.comfenalcovalle.com.co\/wp-content\/uploads\/2025\/09\/Territorios-Sostenibles-en-Accion-2.jpg\" \/>\n\t<meta property=\"og:image:width\" content=\"1080\" \/>\n\t<meta property=\"og:image:height\" content=\"608\" \/>\n\t<meta property=\"og:image:type\" content=\"image\/jpeg\" \/>\n<meta name=\"author\" content=\"Comunicaciones Comfenalco Valle delagente\" \/>\n<meta name=\"twitter:card\" content=\"summary_large_image\" \/>\n<meta name=\"twitter:label1\" content=\"Written by\" \/>\n\t<meta name=\"twitter:data1\" content=\"Comunicaciones Comfenalco Valle delagente\" \/>\n\t<meta name=\"twitter:label2\" content=\"Est. reading time\" \/>\n\t<meta name=\"twitter:data2\" content=\"4 minutes\" \/>\n<script type=\"application\/ld+json\" class=\"yoast-schema-graph\">{\"@context\":\"https:\/\/schema.org\",\"@graph\":[{\"@type\":\"Article\",\"@id\":\"https:\/\/www.comfenalcovalle.com.co\/comfenalco-valle-delagente-en-el-foro-territorios-sostenibles-en-accion\/#article\",\"isPartOf\":{\"@id\":\"https:\/\/www.comfenalcovalle.com.co\/comfenalco-valle-delagente-en-el-foro-territorios-sostenibles-en-accion\/\"},\"author\":{\"name\":\"Comunicaciones Comfenalco Valle delagente\",\"@id\":\"https:\/\/www.comfenalcovalle.com.co\/#\/schema\/person\/d4d8bcb299f88f97b06096cf6a21cb01\"},\"headline\":\"Comfenalco Valle Delagente en el Foro \u201cTerritorios Sostenibles en Acci\u00f3n\u201d\",\"datePublished\":\"2025-09-12T21:01:18+00:00\",\"dateModified\":\"2025-09-12T21:06:24+00:00\",\"mainEntityOfPage\":{\"@id\":\"https:\/\/www.comfenalcovalle.com.co\/comfenalco-valle-delagente-en-el-foro-territorios-sostenibles-en-accion\/\"},\"wordCount\":387,\"publisher\":{\"@id\":\"https:\/\/www.comfenalcovalle.com.co\/#organization\"},\"image\":{\"@id\":\"https:\/\/www.comfenalcovalle.com.co\/comfenalco-valle-delagente-en-el-foro-territorios-sostenibles-en-accion\/#primaryimage\"},\"thumbnailUrl\":\"https:\/\/test.comfenalcovalle.com.co\/wp-content\/uploads\/2025\/09\/Territorios-Sostenibles-en-Accion-2.jpg\",\"articleSection\":[\"Corporativo\"],\"inLanguage\":\"en-US\"},{\"@type\":\"WebPage\",\"@id\":\"https:\/\/www.comfenalcovalle.com.co\/comfenalco-valle-delagente-en-el-foro-territorios-sostenibles-en-accion\/\",\"url\":\"https:\/\/www.comfenalcovalle.com.co\/comfenalco-valle-delagente-en-el-foro-territorios-sostenibles-en-accion\/\",\"name\":\"Comfenalco Valle Delagente en el Foro \u201cTerritorios Sostenibles en Acci\u00f3n\u201d - Comfenalco Valle Delagente\",\"isPartOf\":{\"@id\":\"https:\/\/www.comfenalcovalle.com.co\/#website\"},\"primaryImageOfPage\":{\"@id\":\"https:\/\/www.comfenalcovalle.com.co\/comfenalco-valle-delagente-en-el-foro-territorios-sostenibles-en-accion\/#primaryimage\"},\"image\":{\"@id\":\"https:\/\/www.comfenalcovalle.com.co\/comfenalco-valle-delagente-en-el-foro-territorios-sostenibles-en-accion\/#primaryimage\"},\"thumbnailUrl\":\"https:\/\/test.comfenalcovalle.com.co\/wp-content\/uploads\/2025\/09\/Territorios-Sostenibles-en-Accion-2.jpg\",\"datePublished\":\"2025-09-12T21:01:18+00:00\",\"dateModified\":\"2025-09-12T21:06:24+00:00\",\"description\":\"El foro \u201cTerritorios Sostenibles en Acci\u00f3n\u201d se realiz\u00f3 en el Auditorio Uriel Estrada Calder\u00f3n de la sede nacional de Coomeva en Cali.\",\"breadcrumb\":{\"@id\":\"https:\/\/www.comfenalcovalle.com.co\/comfenalco-valle-delagente-en-el-foro-territorios-sostenibles-en-accion\/#breadcrumb\"},\"inLanguage\":\"en-US\",\"potentialAction\":[{\"@type\":\"ReadAction\",\"target\":[\"https:\/\/www.comfenalcovalle.com.co\/comfenalco-valle-delagente-en-el-foro-territorios-sostenibles-en-accion\/\"]}]},{\"@type\":\"ImageObject\",\"inLanguage\":\"en-US\",\"@id\":\"https:\/\/www.comfenalcovalle.com.co\/comfenalco-valle-delagente-en-el-foro-territorios-sostenibles-en-accion\/#primaryimage\",\"url\":\"https:\/\/test.comfenalcovalle.com.co\/wp-content\/uploads\/2025\/09\/Territorios-Sostenibles-en-Accion-2.jpg\",\"contentUrl\":\"https:\/\/test.comfenalcovalle.com.co\/wp-content\/uploads\/2025\/09\/Territorios-Sostenibles-en-Accion-2.jpg\",\"width\":1080,\"height\":608,\"caption\":\"Territorios Sostenibles en Acci\u00f3n\"},{\"@type\":\"BreadcrumbList\",\"@id\":\"https:\/\/www.comfenalcovalle.com.co\/comfenalco-valle-delagente-en-el-foro-territorios-sostenibles-en-accion\/#breadcrumb\",\"itemListElement\":[{\"@type\":\"ListItem\",\"position\":1,\"name\":\"Portada\",\"item\":\"https:\/\/www.comfenalcovalle.com.co\/\"},{\"@type\":\"ListItem\",\"position\":2,\"name\":\"Comfenalco Valle Delagente en el Foro \u201cTerritorios Sostenibles en Acci\u00f3n\u201d\"}]},{\"@type\":\"WebSite\",\"@id\":\"https:\/\/www.comfenalcovalle.com.co\/#website\",\"url\":\"https:\/\/www.comfenalcovalle.com.co\/\",\"name\":\"Comfenalco Valle Delagente\",\"description\":\"Caja de compensaci\u00f3n de Comfenalco Valle Delagente.\",\"publisher\":{\"@id\":\"https:\/\/www.comfenalcovalle.com.co\/#organization\"},\"potentialAction\":[{\"@type\":\"SearchAction\",\"target\":{\"@type\":\"EntryPoint\",\"urlTemplate\":\"https:\/\/www.comfenalcovalle.com.co\/?s={search_term_string}\"},\"query-input\":{\"@type\":\"PropertyValueSpecification\",\"valueRequired\":true,\"valueName\":\"search_term_string\"}}],\"inLanguage\":\"en-US\"},{\"@type\":\"Organization\",\"@id\":\"https:\/\/www.comfenalcovalle.com.co\/#organization\",\"name\":\"Comfenalco Valle Delagente\",\"url\":\"https:\/\/www.comfenalcovalle.com.co\/\",\"logo\":{\"@type\":\"ImageObject\",\"inLanguage\":\"en-US\",\"@id\":\"https:\/\/www.comfenalcovalle.com.co\/#\/schema\/logo\/image\/\",\"url\":\"https:\/\/test.comfenalcovalle.com.co\/wp-content\/uploads\/2021\/06\/logo-comfe-cabecera-agencia-empelo-actualizado.png\",\"contentUrl\":\"https:\/\/test.comfenalcovalle.com.co\/wp-content\/uploads\/2021\/06\/logo-comfe-cabecera-agencia-empelo-actualizado.png\",\"width\":500,\"height\":184,\"caption\":\"Comfenalco Valle Delagente\"},\"image\":{\"@id\":\"https:\/\/www.comfenalcovalle.com.co\/#\/schema\/logo\/image\/\"}},{\"@type\":\"Person\",\"@id\":\"https:\/\/www.comfenalcovalle.com.co\/#\/schema\/person\/d4d8bcb299f88f97b06096cf6a21cb01\",\"name\":\"Comunicaciones Comfenalco Valle delagente\",\"image\":{\"@type\":\"ImageObject\",\"inLanguage\":\"en-US\",\"@id\":\"https:\/\/www.comfenalcovalle.com.co\/#\/schema\/person\/image\/\",\"url\":\"https:\/\/secure.gravatar.com\/avatar\/d1c29eb639a137df0ac8bfec50479e8d6ef564f7320f439d9d984504359ea6ee?s=96&d=mm&r=g\",\"contentUrl\":\"https:\/\/secure.gravatar.com\/avatar\/d1c29eb639a137df0ac8bfec50479e8d6ef564f7320f439d9d984504359ea6ee?s=96&d=mm&r=g\",\"caption\":\"Comunicaciones Comfenalco Valle delagente\"},\"url\":\"https:\/\/test.comfenalcovalle.com.co\/en\/author\/comunicaciones-comfenalco-valle-delagente\/\"}]}<\/script>\n<!-- \/ Yoast SEO Premium plugin. -->","yoast_head_json":{"title":"Comfenalco Valle Delagente en el Foro \u201cTerritorios Sostenibles en Acci\u00f3n\u201d - Comfenalco Valle Delagente","description":"El foro \u201cTerritorios Sostenibles en Acci\u00f3n\u201d se realiz\u00f3 en el Auditorio Uriel Estrada Calder\u00f3n de la sede nacional de Coomeva en Cali.","robots":{"index":"index","follow":"follow","max-snippet":"max-snippet:-1","max-image-preview":"max-image-preview:large","max-video-preview":"max-video-preview:-1"},"canonical":"https:\/\/www.comfenalcovalle.com.co\/comfenalco-valle-delagente-en-el-foro-territorios-sostenibles-en-accion\/","og_locale":"en_US","og_type":"article","og_title":"Comfenalco Valle Delagente en el Foro \u201cTerritorios Sostenibles en Acci\u00f3n\u201d","og_description":"El foro \u201cTerritorios Sostenibles en Acci\u00f3n\u201d se realiz\u00f3 en el Auditorio Uriel Estrada Calder\u00f3n de la sede nacional de Coomeva en Cali.","og_url":"https:\/\/www.comfenalcovalle.com.co\/comfenalco-valle-delagente-en-el-foro-territorios-sostenibles-en-accion\/","og_site_name":"Comfenalco Valle Delagente","article_published_time":"2025-09-12T21:01:18+00:00","article_modified_time":"2025-09-12T21:06:24+00:00","og_image":[{"width":1080,"height":608,"url":"https:\/\/www.comfenalcovalle.com.co\/wp-content\/uploads\/2025\/09\/Territorios-Sostenibles-en-Accion-2.jpg","type":"image\/jpeg"}],"author":"Comunicaciones Comfenalco Valle delagente","twitter_card":"summary_large_image","twitter_misc":{"Written by":"Comunicaciones Comfenalco Valle delagente","Est. reading time":"4 minutes"},"schema":{"@context":"https:\/\/schema.org","@graph":[{"@type":"Article","@id":"https:\/\/www.comfenalcovalle.com.co\/comfenalco-valle-delagente-en-el-foro-territorios-sostenibles-en-accion\/#article","isPartOf":{"@id":"https:\/\/www.comfenalcovalle.com.co\/comfenalco-valle-delagente-en-el-foro-territorios-sostenibles-en-accion\/"},"author":{"name":"Comunicaciones Comfenalco Valle delagente","@id":"https:\/\/www.comfenalcovalle.com.co\/#\/schema\/person\/d4d8bcb299f88f97b06096cf6a21cb01"},"headline":"Comfenalco Valle Delagente en el Foro \u201cTerritorios Sostenibles en Acci\u00f3n\u201d","datePublished":"2025-09-12T21:01:18+00:00","dateModified":"2025-09-12T21:06:24+00:00","mainEntityOfPage":{"@id":"https:\/\/www.comfenalcovalle.com.co\/comfenalco-valle-delagente-en-el-foro-territorios-sostenibles-en-accion\/"},"wordCount":387,"publisher":{"@id":"https:\/\/www.comfenalcovalle.com.co\/#organization"},"image":{"@id":"https:\/\/www.comfenalcovalle.com.co\/comfenalco-valle-delagente-en-el-foro-territorios-sostenibles-en-accion\/#primaryimage"},"thumbnailUrl":"https:\/\/test.comfenalcovalle.com.co\/wp-content\/uploads\/2025\/09\/Territorios-Sostenibles-en-Accion-2.jpg","articleSection":["Corporativo"],"inLanguage":"en-US"},{"@type":"WebPage","@id":"https:\/\/www.comfenalcovalle.com.co\/comfenalco-valle-delagente-en-el-foro-territorios-sostenibles-en-accion\/","url":"https:\/\/www.comfenalcovalle.com.co\/comfenalco-valle-delagente-en-el-foro-territorios-sostenibles-en-accion\/","name":"Comfenalco Valle Delagente en el Foro \u201cTerritorios Sostenibles en Acci\u00f3n\u201d - Comfenalco Valle Delagente","isPartOf":{"@id":"https:\/\/www.comfenalcovalle.com.co\/#website"},"primaryImageOfPage":{"@id":"https:\/\/www.comfenalcovalle.com.co\/comfenalco-valle-delagente-en-el-foro-territorios-sostenibles-en-accion\/#primaryimage"},"image":{"@id":"https:\/\/www.comfenalcovalle.com.co\/comfenalco-valle-delagente-en-el-foro-territorios-sostenibles-en-accion\/#primaryimage"},"thumbnailUrl":"https:\/\/test.comfenalcovalle.com.co\/wp-content\/uploads\/2025\/09\/Territorios-Sostenibles-en-Accion-2.jpg","datePublished":"2025-09-12T21:01:18+00:00","dateModified":"2025-09-12T21:06:24+00:00","description":"El foro \u201cTerritorios Sostenibles en Acci\u00f3n\u201d se realiz\u00f3 en el Auditorio Uriel Estrada Calder\u00f3n de la sede nacional de Coomeva en Cali.","breadcrumb":{"@id":"https:\/\/www.comfenalcovalle.com.co\/comfenalco-valle-delagente-en-el-foro-territorios-sostenibles-en-accion\/#breadcrumb"},"inLanguage":"en-US","potentialAction":[{"@type":"ReadAction","target":["https:\/\/www.comfenalcovalle.com.co\/comfenalco-valle-delagente-en-el-foro-territorios-sostenibles-en-accion\/"]}]},{"@type":"ImageObject","inLanguage":"en-US","@id":"https:\/\/www.comfenalcovalle.com.co\/comfenalco-valle-delagente-en-el-foro-territorios-sostenibles-en-accion\/#primaryimage","url":"https:\/\/test.comfenalcovalle.com.co\/wp-content\/uploads\/2025\/09\/Territorios-Sostenibles-en-Accion-2.jpg","contentUrl":"https:\/\/test.comfenalcovalle.com.co\/wp-content\/uploads\/2025\/09\/Territorios-Sostenibles-en-Accion-2.jpg","width":1080,"height":608,"caption":"Territorios Sostenibles en Acci\u00f3n"},{"@type":"BreadcrumbList","@id":"https:\/\/www.comfenalcovalle.com.co\/comfenalco-valle-delagente-en-el-foro-territorios-sostenibles-en-accion\/#breadcrumb","itemListElement":[{"@type":"ListItem","position":1,"name":"Portada","item":"https:\/\/www.comfenalcovalle.com.co\/"},{"@type":"ListItem","position":2,"name":"Comfenalco Valle Delagente en el Foro \u201cTerritorios Sostenibles en Acci\u00f3n\u201d"}]},{"@type":"WebSite","@id":"https:\/\/www.comfenalcovalle.com.co\/#website","url":"https:\/\/www.comfenalcovalle.com.co\/","name":"Comfenalco Valle Delagente","description":"Comfenalco Valle Delagente compensation fund.","publisher":{"@id":"https:\/\/www.comfenalcovalle.com.co\/#organization"},"potentialAction":[{"@type":"SearchAction","target":{"@type":"EntryPoint","urlTemplate":"https:\/\/www.comfenalcovalle.com.co\/?s={search_term_string}"},"query-input":{"@type":"PropertyValueSpecification","valueRequired":true,"valueName":"search_term_string"}}],"inLanguage":"en-US"},{"@type":"Organization","@id":"https:\/\/www.comfenalcovalle.com.co\/#organization","name":"Comfenalco Valle Delagente","url":"https:\/\/www.comfenalcovalle.com.co\/","logo":{"@type":"ImageObject","inLanguage":"en-US","@id":"https:\/\/www.comfenalcovalle.com.co\/#\/schema\/logo\/image\/","url":"https:\/\/test.comfenalcovalle.com.co\/wp-content\/uploads\/2021\/06\/logo-comfe-cabecera-agencia-empelo-actualizado.png","contentUrl":"https:\/\/test.comfenalcovalle.com.co\/wp-content\/uploads\/2021\/06\/logo-comfe-cabecera-agencia-empelo-actualizado.png","width":500,"height":184,"caption":"Comfenalco Valle Delagente"},"image":{"@id":"https:\/\/www.comfenalcovalle.com.co\/#\/schema\/logo\/image\/"}},{"@type":"Person","@id":"https:\/\/www.comfenalcovalle.com.co\/#\/schema\/person\/d4d8bcb299f88f97b06096cf6a21cb01","name":"Communications Comfenalco Valle delagente","image":{"@type":"ImageObject","inLanguage":"en-US","@id":"https:\/\/www.comfenalcovalle.com.co\/#\/schema\/person\/image\/","url":"https:\/\/secure.gravatar.com\/avatar\/d1c29eb639a137df0ac8bfec50479e8d6ef564f7320f439d9d984504359ea6ee?s=96&d=mm&r=g","contentUrl":"https:\/\/secure.gravatar.com\/avatar\/d1c29eb639a137df0ac8bfec50479e8d6ef564f7320f439d9d984504359ea6ee?s=96&d=mm&r=g","caption":"Comunicaciones Comfenalco Valle delagente"},"url":"https:\/\/test.comfenalcovalle.com.co\/en\/author\/comunicaciones-comfenalco-valle-delagente\/"}]}},"publishpress_future_action":{"enabled":false,"date":"2026-05-10 06:20:24","action":"change-status","newStatus":"draft","terms":[],"taxonomy":"category","extraData":[]},"publishpress_future_workflow_manual_trigger":{"enabledWorkflows":[]},"_links":{"self":[{"href":"https:\/\/test.comfenalcovalle.com.co\/en\/wp-json\/wp\/v2\/posts\/668163","targetHints":{"allow":["GET"]}}],"collection":[{"href":"https:\/\/test.comfenalcovalle.com.co\/en\/wp-json\/wp\/v2\/posts"}],"about":[{"href":"https:\/\/test.comfenalcovalle.com.co\/en\/wp-json\/wp\/v2\/types\/post"}],"author":[{"embeddable":true,"href":"https:\/\/test.comfenalcovalle.com.co\/en\/wp-json\/wp\/v2\/users\/6"}],"replies":[{"embeddable":true,"href":"https:\/\/test.comfenalcovalle.com.co\/en\/wp-json\/wp\/v2\/comments?post=668163"}],"version-history":[{"count":0,"href":"https:\/\/test.comfenalcovalle.com.co\/en\/wp-json\/wp\/v2\/posts\/668163\/revisions"}],"wp:featuredmedia":[{"embeddable":true,"href":"https:\/\/test.comfenalcovalle.com.co\/en\/wp-json\/wp\/v2\/media\/668166"}],"wp:attachment":[{"href":"https:\/\/test.comfenalcovalle.com.co\/en\/wp-json\/wp\/v2\/media?parent=668163"}],"wp:term":[{"taxonomy":"category","embeddable":true,"href":"https:\/\/test.comfenalcovalle.com.co\/en\/wp-json\/wp\/v2\/categories?post=668163"},{"taxonomy":"post_tag","embeddable":true,"href":"https:\/\/test.comfenalcovalle.com.co\/en\/wp-json\/wp\/v2\/tags?post=668163"}],"curies":[{"name":"wp","href":"https:\/\/api.w.org\/{rel}","templated":true}]}}