{"id":667442,"date":"2025-09-02T05:55:00","date_gmt":"2025-09-02T10:55:00","guid":{"rendered":"https:\/\/test.comfenalcovalle.com.co\/?p=667442"},"modified":"2025-09-01T16:45:41","modified_gmt":"2025-09-01T21:45:41","slug":"comfenalco-valle-delagente-lanzo-el-programa-empleo-sin-barreras-en-la-exitosa-feria-de-empleo-palmira-2025","status":"publish","type":"post","link":"https:\/\/test.comfenalcovalle.com.co\/en\/comfenalco-valle-delagente-lanzo-el-programa-empleo-sin-barreras-en-la-exitosa-feria-de-empleo-palmira-2025\/","title":{"rendered":"Comfenalco Valle Delagente lanz\u00f3 el programa Empleo Sin Barreras en la exitosa Feria de Empleo Palmira 2025"},"content":{"rendered":"<p>Comfenalco Valle Delagente lanz\u00f3 el programa \u00abEmpleo sin Barreras\u00bb del Servicio P\u00fablico de Empleo, durante la exitosa Feria Empleo Palmira 2025, una jornada de oportunidades laborales que fue posible gracias a una alianza entre la Alcald\u00eda de Palmira, la Direcci\u00f3n de Emprendimiento y Desarrollo Empresarial de Palmira y Comfenalco Valle Delagente y que reuni\u00f3 a cerca de 1.400 personas y a 25 empresas, que ofrecieron m\u00e1s de 500 vacantes disponibles.<\/p>\n\n\n\n<p>Durante el evento, delegados nacionales del Servicio P\u00fablico de Empleo, hicieron oficial la estrategia \u201cEmpleo sin Barreras\u201d que tiene como objetivo facilitar el acceso al empleo formal para poblaciones vulnerables en el Valle del Cauca. Cabe destacar que la Agencia de Empleo de Comfenalco Valle Delagente fue elegida como aliada de este programa, gracias a la labor que ha venido realizado en pro de la disminuci\u00f3n de la brecha del desempleo en la regi\u00f3n.<\/p>\n\n\n\n<p>El programa Empleo sin Barreras busca crear m\u00e1s oportunidades de empleo formal y eliminar barreras para personas vulnerables como v\u00edctimas del conflicto armado, j\u00f3venes, mujeres, migrantes, poblaci\u00f3n LGTBIQ+, grupos \u00e9tnicos, adultos mayores, personas con afectaci\u00f3n en salud mental y personas con discapacidad. Comfenalco Valle Delagente operar\u00e1 el programa en los municipios de Cali, Palmira, Tulu\u00e1, Cartago y Buenaventura.<\/p>\n\n\n\n<p>Clara Eugenia Orozco, gerente de Empleabilidad y Emprendimiento de Comfenalco Valle Delagente, explic\u00f3: \u00abComo aliados estrat\u00e9gicos del programa Empleo sin Barreras del Servicio P\u00fablico de Empleo, nuestro papel se enfocar\u00e1 en realizar acciones que permitan a estas poblaciones, superar las barreras individuales y del entorno que limitan su empleabilidad, para que puedan acceder a un empleo formal y digno\u201d.<\/p>\n\n\n\n<figure class=\"wp-block-image size-full is-style-default\"><img fetchpriority=\"high\" decoding=\"async\" width=\"1280\" height=\"567\" src=\"https:\/\/test.comfenalcovalle.com.co\/wp-content\/uploads\/2025\/09\/Comfenalco-Valle-Delagente-lanzo-el-programa-Empleo-Sin-Barreras-en-la-exitosa-Feria-de-Empleo-Palmira-2025-1.jpg\" alt=\"Comfenalco Valle Delagente lanz\u00f3 el programa Empleo Sin Barreras en la exitosa Feria de Empleo Palmira 2025\" class=\"wp-image-667446\" srcset=\"https:\/\/test.comfenalcovalle.com.co\/wp-content\/uploads\/2025\/09\/Comfenalco-Valle-Delagente-lanzo-el-programa-Empleo-Sin-Barreras-en-la-exitosa-Feria-de-Empleo-Palmira-2025-1.jpg 1280w, https:\/\/test.comfenalcovalle.com.co\/wp-content\/uploads\/2025\/09\/Comfenalco-Valle-Delagente-lanzo-el-programa-Empleo-Sin-Barreras-en-la-exitosa-Feria-de-Empleo-Palmira-2025-1-300x133.jpg 300w, https:\/\/test.comfenalcovalle.com.co\/wp-content\/uploads\/2025\/09\/Comfenalco-Valle-Delagente-lanzo-el-programa-Empleo-Sin-Barreras-en-la-exitosa-Feria-de-Empleo-Palmira-2025-1-1024x454.jpg 1024w, https:\/\/test.comfenalcovalle.com.co\/wp-content\/uploads\/2025\/09\/Comfenalco-Valle-Delagente-lanzo-el-programa-Empleo-Sin-Barreras-en-la-exitosa-Feria-de-Empleo-Palmira-2025-1-768x340.jpg 768w, https:\/\/test.comfenalcovalle.com.co\/wp-content\/uploads\/2025\/09\/Comfenalco-Valle-Delagente-lanzo-el-programa-Empleo-Sin-Barreras-en-la-exitosa-Feria-de-Empleo-Palmira-2025-1-18x8.jpg 18w\" sizes=\"(max-width: 1280px) 100vw, 1280px\" \/><\/figure>\n\n\n\n<p>A trav\u00e9s del programa Empleo sin Barreras se espera lograr la atenci\u00f3n 330 participantes y vincular laboralmente a 115 personas. El lanzamiento de \u00abEmpleo sin Barreras\u00bb es un paso importante para la inclusi\u00f3n laboral y el desarrollo de la regi\u00f3n, que impactar\u00e1 de manera positiva en la vida de los beneficiarios y sus familias.<\/p>\n\n\n\n<p><strong>Comfenalco Valle Delagente<br>Family Compensation Fund.<\/strong><\/p>\n\n\n\n<p><\/p>","protected":false},"excerpt":{"rendered":"<p>Comfenalco Valle Delagente lanz\u00f3 el programa \u00abEmpleo sin Barreras\u00bb del Servicio P\u00fablico de Empleo, durante la exitosa Feria Empleo Palmira 2025, una jornada de oportunidades laborales que fue posible gracias a una alianza entre la Alcald\u00eda de Palmira, la Direcci\u00f3n de Emprendimiento y Desarrollo Empresarial de Palmira y Comfenalco Valle Delagente y que reuni\u00f3 a [&hellip;]<\/p>","protected":false},"author":6,"featured_media":667445,"comment_status":"closed","ping_status":"closed","sticky":false,"template":"","format":"standard","meta":{"footnotes":""},"categories":[73],"tags":[],"class_list":["post-667442","post","type-post","status-publish","format-standard","has-post-thumbnail","hentry","category-agencia-de-empleo"],"yoast_head":"<!-- This site is optimized with the Yoast SEO Premium plugin v25.9 (Yoast SEO v25.9) - https:\/\/yoast.com\/wordpress\/plugins\/seo\/ -->\n<title>Empleo Sin Barreras en la exitosa Feria de Empleo Palmira 2025<\/title>\n<meta name=\"description\" content=\"El programa Empleo sin Barreras busca crear m\u00e1s oportunidades de empleo formal y eliminar barreras para personas vulnerables.\" \/>\n<meta name=\"robots\" content=\"index, follow, max-snippet:-1, max-image-preview:large, max-video-preview:-1\" \/>\n<link rel=\"canonical\" href=\"https:\/\/www.comfenalcovalle.com.co\/comfenalco-valle-delagente-lanzo-el-programa-empleo-sin-barreras-en-la-exitosa-feria-de-empleo-palmira-2025\/\" \/>\n<meta property=\"og:locale\" content=\"en_US\" \/>\n<meta property=\"og:type\" content=\"article\" \/>\n<meta property=\"og:title\" content=\"Comfenalco Valle Delagente lanz\u00f3 el programa Empleo Sin Barreras en la exitosa Feria de Empleo Palmira 2025\" \/>\n<meta property=\"og:description\" content=\"El programa Empleo sin Barreras busca crear m\u00e1s oportunidades de empleo formal y eliminar barreras para personas vulnerables.\" \/>\n<meta property=\"og:url\" content=\"https:\/\/www.comfenalcovalle.com.co\/comfenalco-valle-delagente-lanzo-el-programa-empleo-sin-barreras-en-la-exitosa-feria-de-empleo-palmira-2025\/\" \/>\n<meta property=\"og:site_name\" content=\"Comfenalco Valle Delagente\" \/>\n<meta property=\"article:published_time\" content=\"2025-09-02T10:55:00+00:00\" \/>\n<meta property=\"og:image\" content=\"https:\/\/www.comfenalcovalle.com.co\/wp-content\/uploads\/2025\/09\/Comfenalco-Valle-Delagente-lanzo-el-programa-Empleo-Sin-Barreras-en-la-exitosa-Feria-de-Empleo-Palmira-2025-2.jpg\" \/>\n\t<meta property=\"og:image:width\" content=\"1280\" \/>\n\t<meta property=\"og:image:height\" content=\"720\" \/>\n\t<meta property=\"og:image:type\" content=\"image\/jpeg\" \/>\n<meta name=\"author\" content=\"Comunicaciones Comfenalco Valle delagente\" \/>\n<meta name=\"twitter:card\" content=\"summary_large_image\" \/>\n<meta name=\"twitter:label1\" content=\"Written by\" \/>\n\t<meta name=\"twitter:data1\" content=\"Comunicaciones Comfenalco Valle delagente\" \/>\n\t<meta name=\"twitter:label2\" content=\"Est. reading time\" \/>\n\t<meta name=\"twitter:data2\" content=\"2 minutes\" \/>\n<script type=\"application\/ld+json\" class=\"yoast-schema-graph\">{\"@context\":\"https:\/\/schema.org\",\"@graph\":[{\"@type\":\"Article\",\"@id\":\"https:\/\/www.comfenalcovalle.com.co\/comfenalco-valle-delagente-lanzo-el-programa-empleo-sin-barreras-en-la-exitosa-feria-de-empleo-palmira-2025\/#article\",\"isPartOf\":{\"@id\":\"https:\/\/www.comfenalcovalle.com.co\/comfenalco-valle-delagente-lanzo-el-programa-empleo-sin-barreras-en-la-exitosa-feria-de-empleo-palmira-2025\/\"},\"author\":{\"name\":\"Comunicaciones Comfenalco Valle delagente\",\"@id\":\"https:\/\/www.comfenalcovalle.com.co\/#\/schema\/person\/d4d8bcb299f88f97b06096cf6a21cb01\"},\"headline\":\"Comfenalco Valle Delagente lanz\u00f3 el programa Empleo Sin Barreras en la exitosa Feria de Empleo Palmira 2025\",\"datePublished\":\"2025-09-02T10:55:00+00:00\",\"mainEntityOfPage\":{\"@id\":\"https:\/\/www.comfenalcovalle.com.co\/comfenalco-valle-delagente-lanzo-el-programa-empleo-sin-barreras-en-la-exitosa-feria-de-empleo-palmira-2025\/\"},\"wordCount\":350,\"publisher\":{\"@id\":\"https:\/\/www.comfenalcovalle.com.co\/#organization\"},\"image\":{\"@id\":\"https:\/\/www.comfenalcovalle.com.co\/comfenalco-valle-delagente-lanzo-el-programa-empleo-sin-barreras-en-la-exitosa-feria-de-empleo-palmira-2025\/#primaryimage\"},\"thumbnailUrl\":\"https:\/\/test.comfenalcovalle.com.co\/wp-content\/uploads\/2025\/09\/Comfenalco-Valle-Delagente-lanzo-el-programa-Empleo-Sin-Barreras-en-la-exitosa-Feria-de-Empleo-Palmira-2025-2.jpg\",\"articleSection\":[\"Agencia de empleo\"],\"inLanguage\":\"en-US\"},{\"@type\":\"WebPage\",\"@id\":\"https:\/\/www.comfenalcovalle.com.co\/comfenalco-valle-delagente-lanzo-el-programa-empleo-sin-barreras-en-la-exitosa-feria-de-empleo-palmira-2025\/\",\"url\":\"https:\/\/www.comfenalcovalle.com.co\/comfenalco-valle-delagente-lanzo-el-programa-empleo-sin-barreras-en-la-exitosa-feria-de-empleo-palmira-2025\/\",\"name\":\"Empleo Sin Barreras en la exitosa Feria de Empleo Palmira 2025\",\"isPartOf\":{\"@id\":\"https:\/\/www.comfenalcovalle.com.co\/#website\"},\"primaryImageOfPage\":{\"@id\":\"https:\/\/www.comfenalcovalle.com.co\/comfenalco-valle-delagente-lanzo-el-programa-empleo-sin-barreras-en-la-exitosa-feria-de-empleo-palmira-2025\/#primaryimage\"},\"image\":{\"@id\":\"https:\/\/www.comfenalcovalle.com.co\/comfenalco-valle-delagente-lanzo-el-programa-empleo-sin-barreras-en-la-exitosa-feria-de-empleo-palmira-2025\/#primaryimage\"},\"thumbnailUrl\":\"https:\/\/test.comfenalcovalle.com.co\/wp-content\/uploads\/2025\/09\/Comfenalco-Valle-Delagente-lanzo-el-programa-Empleo-Sin-Barreras-en-la-exitosa-Feria-de-Empleo-Palmira-2025-2.jpg\",\"datePublished\":\"2025-09-02T10:55:00+00:00\",\"description\":\"El programa Empleo sin Barreras busca crear m\u00e1s oportunidades de empleo formal y eliminar barreras para personas vulnerables.\",\"breadcrumb\":{\"@id\":\"https:\/\/www.comfenalcovalle.com.co\/comfenalco-valle-delagente-lanzo-el-programa-empleo-sin-barreras-en-la-exitosa-feria-de-empleo-palmira-2025\/#breadcrumb\"},\"inLanguage\":\"en-US\",\"potentialAction\":[{\"@type\":\"ReadAction\",\"target\":[\"https:\/\/www.comfenalcovalle.com.co\/comfenalco-valle-delagente-lanzo-el-programa-empleo-sin-barreras-en-la-exitosa-feria-de-empleo-palmira-2025\/\"]}]},{\"@type\":\"ImageObject\",\"inLanguage\":\"en-US\",\"@id\":\"https:\/\/www.comfenalcovalle.com.co\/comfenalco-valle-delagente-lanzo-el-programa-empleo-sin-barreras-en-la-exitosa-feria-de-empleo-palmira-2025\/#primaryimage\",\"url\":\"https:\/\/test.comfenalcovalle.com.co\/wp-content\/uploads\/2025\/09\/Comfenalco-Valle-Delagente-lanzo-el-programa-Empleo-Sin-Barreras-en-la-exitosa-Feria-de-Empleo-Palmira-2025-2.jpg\",\"contentUrl\":\"https:\/\/test.comfenalcovalle.com.co\/wp-content\/uploads\/2025\/09\/Comfenalco-Valle-Delagente-lanzo-el-programa-Empleo-Sin-Barreras-en-la-exitosa-Feria-de-Empleo-Palmira-2025-2.jpg\",\"width\":1280,\"height\":720,\"caption\":\"Comfenalco Valle Delagente lanz\u00f3 el programa Empleo Sin Barreras en la exitosa Feria de Empleo Palmira 2025\"},{\"@type\":\"BreadcrumbList\",\"@id\":\"https:\/\/www.comfenalcovalle.com.co\/comfenalco-valle-delagente-lanzo-el-programa-empleo-sin-barreras-en-la-exitosa-feria-de-empleo-palmira-2025\/#breadcrumb\",\"itemListElement\":[{\"@type\":\"ListItem\",\"position\":1,\"name\":\"Portada\",\"item\":\"https:\/\/www.comfenalcovalle.com.co\/\"},{\"@type\":\"ListItem\",\"position\":2,\"name\":\"Comfenalco Valle Delagente lanz\u00f3 el programa Empleo Sin Barreras en la exitosa Feria de Empleo Palmira 2025\"}]},{\"@type\":\"WebSite\",\"@id\":\"https:\/\/www.comfenalcovalle.com.co\/#website\",\"url\":\"https:\/\/www.comfenalcovalle.com.co\/\",\"name\":\"Comfenalco Valle Delagente\",\"description\":\"Caja de compensaci\u00f3n de Comfenalco Valle Delagente.\",\"publisher\":{\"@id\":\"https:\/\/www.comfenalcovalle.com.co\/#organization\"},\"potentialAction\":[{\"@type\":\"SearchAction\",\"target\":{\"@type\":\"EntryPoint\",\"urlTemplate\":\"https:\/\/www.comfenalcovalle.com.co\/?s={search_term_string}\"},\"query-input\":{\"@type\":\"PropertyValueSpecification\",\"valueRequired\":true,\"valueName\":\"search_term_string\"}}],\"inLanguage\":\"en-US\"},{\"@type\":\"Organization\",\"@id\":\"https:\/\/www.comfenalcovalle.com.co\/#organization\",\"name\":\"Comfenalco Valle Delagente\",\"url\":\"https:\/\/www.comfenalcovalle.com.co\/\",\"logo\":{\"@type\":\"ImageObject\",\"inLanguage\":\"en-US\",\"@id\":\"https:\/\/www.comfenalcovalle.com.co\/#\/schema\/logo\/image\/\",\"url\":\"https:\/\/test.comfenalcovalle.com.co\/wp-content\/uploads\/2021\/06\/logo-comfe-cabecera-agencia-empelo-actualizado.png\",\"contentUrl\":\"https:\/\/test.comfenalcovalle.com.co\/wp-content\/uploads\/2021\/06\/logo-comfe-cabecera-agencia-empelo-actualizado.png\",\"width\":500,\"height\":184,\"caption\":\"Comfenalco Valle Delagente\"},\"image\":{\"@id\":\"https:\/\/www.comfenalcovalle.com.co\/#\/schema\/logo\/image\/\"}},{\"@type\":\"Person\",\"@id\":\"https:\/\/www.comfenalcovalle.com.co\/#\/schema\/person\/d4d8bcb299f88f97b06096cf6a21cb01\",\"name\":\"Comunicaciones Comfenalco Valle delagente\",\"image\":{\"@type\":\"ImageObject\",\"inLanguage\":\"en-US\",\"@id\":\"https:\/\/www.comfenalcovalle.com.co\/#\/schema\/person\/image\/\",\"url\":\"https:\/\/secure.gravatar.com\/avatar\/d1c29eb639a137df0ac8bfec50479e8d6ef564f7320f439d9d984504359ea6ee?s=96&d=mm&r=g\",\"contentUrl\":\"https:\/\/secure.gravatar.com\/avatar\/d1c29eb639a137df0ac8bfec50479e8d6ef564f7320f439d9d984504359ea6ee?s=96&d=mm&r=g\",\"caption\":\"Comunicaciones Comfenalco Valle delagente\"},\"url\":\"https:\/\/test.comfenalcovalle.com.co\/en\/author\/comunicaciones-comfenalco-valle-delagente\/\"}]}<\/script>\n<!-- \/ Yoast SEO Premium plugin. -->","yoast_head_json":{"title":"Empleo Sin Barreras en la exitosa Feria de Empleo Palmira 2025","description":"El programa Empleo sin Barreras busca crear m\u00e1s oportunidades de empleo formal y eliminar barreras para personas vulnerables.","robots":{"index":"index","follow":"follow","max-snippet":"max-snippet:-1","max-image-preview":"max-image-preview:large","max-video-preview":"max-video-preview:-1"},"canonical":"https:\/\/www.comfenalcovalle.com.co\/comfenalco-valle-delagente-lanzo-el-programa-empleo-sin-barreras-en-la-exitosa-feria-de-empleo-palmira-2025\/","og_locale":"en_US","og_type":"article","og_title":"Comfenalco Valle Delagente lanz\u00f3 el programa Empleo Sin Barreras en la exitosa Feria de Empleo Palmira 2025","og_description":"El programa Empleo sin Barreras busca crear m\u00e1s oportunidades de empleo formal y eliminar barreras para personas vulnerables.","og_url":"https:\/\/www.comfenalcovalle.com.co\/comfenalco-valle-delagente-lanzo-el-programa-empleo-sin-barreras-en-la-exitosa-feria-de-empleo-palmira-2025\/","og_site_name":"Comfenalco Valle Delagente","article_published_time":"2025-09-02T10:55:00+00:00","og_image":[{"width":1280,"height":720,"url":"https:\/\/www.comfenalcovalle.com.co\/wp-content\/uploads\/2025\/09\/Comfenalco-Valle-Delagente-lanzo-el-programa-Empleo-Sin-Barreras-en-la-exitosa-Feria-de-Empleo-Palmira-2025-2.jpg","type":"image\/jpeg"}],"author":"Comunicaciones Comfenalco Valle delagente","twitter_card":"summary_large_image","twitter_misc":{"Written by":"Comunicaciones Comfenalco Valle delagente","Est. reading time":"2 minutes"},"schema":{"@context":"https:\/\/schema.org","@graph":[{"@type":"Article","@id":"https:\/\/www.comfenalcovalle.com.co\/comfenalco-valle-delagente-lanzo-el-programa-empleo-sin-barreras-en-la-exitosa-feria-de-empleo-palmira-2025\/#article","isPartOf":{"@id":"https:\/\/www.comfenalcovalle.com.co\/comfenalco-valle-delagente-lanzo-el-programa-empleo-sin-barreras-en-la-exitosa-feria-de-empleo-palmira-2025\/"},"author":{"name":"Comunicaciones Comfenalco Valle delagente","@id":"https:\/\/www.comfenalcovalle.com.co\/#\/schema\/person\/d4d8bcb299f88f97b06096cf6a21cb01"},"headline":"Comfenalco Valle Delagente lanz\u00f3 el programa Empleo Sin Barreras en la exitosa Feria de Empleo Palmira 2025","datePublished":"2025-09-02T10:55:00+00:00","mainEntityOfPage":{"@id":"https:\/\/www.comfenalcovalle.com.co\/comfenalco-valle-delagente-lanzo-el-programa-empleo-sin-barreras-en-la-exitosa-feria-de-empleo-palmira-2025\/"},"wordCount":350,"publisher":{"@id":"https:\/\/www.comfenalcovalle.com.co\/#organization"},"image":{"@id":"https:\/\/www.comfenalcovalle.com.co\/comfenalco-valle-delagente-lanzo-el-programa-empleo-sin-barreras-en-la-exitosa-feria-de-empleo-palmira-2025\/#primaryimage"},"thumbnailUrl":"https:\/\/test.comfenalcovalle.com.co\/wp-content\/uploads\/2025\/09\/Comfenalco-Valle-Delagente-lanzo-el-programa-Empleo-Sin-Barreras-en-la-exitosa-Feria-de-Empleo-Palmira-2025-2.jpg","articleSection":["Agencia de empleo"],"inLanguage":"en-US"},{"@type":"WebPage","@id":"https:\/\/www.comfenalcovalle.com.co\/comfenalco-valle-delagente-lanzo-el-programa-empleo-sin-barreras-en-la-exitosa-feria-de-empleo-palmira-2025\/","url":"https:\/\/www.comfenalcovalle.com.co\/comfenalco-valle-delagente-lanzo-el-programa-empleo-sin-barreras-en-la-exitosa-feria-de-empleo-palmira-2025\/","name":"Empleo Sin Barreras en la exitosa Feria de Empleo Palmira 2025","isPartOf":{"@id":"https:\/\/www.comfenalcovalle.com.co\/#website"},"primaryImageOfPage":{"@id":"https:\/\/www.comfenalcovalle.com.co\/comfenalco-valle-delagente-lanzo-el-programa-empleo-sin-barreras-en-la-exitosa-feria-de-empleo-palmira-2025\/#primaryimage"},"image":{"@id":"https:\/\/www.comfenalcovalle.com.co\/comfenalco-valle-delagente-lanzo-el-programa-empleo-sin-barreras-en-la-exitosa-feria-de-empleo-palmira-2025\/#primaryimage"},"thumbnailUrl":"https:\/\/test.comfenalcovalle.com.co\/wp-content\/uploads\/2025\/09\/Comfenalco-Valle-Delagente-lanzo-el-programa-Empleo-Sin-Barreras-en-la-exitosa-Feria-de-Empleo-Palmira-2025-2.jpg","datePublished":"2025-09-02T10:55:00+00:00","description":"El programa Empleo sin Barreras busca crear m\u00e1s oportunidades de empleo formal y eliminar barreras para personas vulnerables.","breadcrumb":{"@id":"https:\/\/www.comfenalcovalle.com.co\/comfenalco-valle-delagente-lanzo-el-programa-empleo-sin-barreras-en-la-exitosa-feria-de-empleo-palmira-2025\/#breadcrumb"},"inLanguage":"en-US","potentialAction":[{"@type":"ReadAction","target":["https:\/\/www.comfenalcovalle.com.co\/comfenalco-valle-delagente-lanzo-el-programa-empleo-sin-barreras-en-la-exitosa-feria-de-empleo-palmira-2025\/"]}]},{"@type":"ImageObject","inLanguage":"en-US","@id":"https:\/\/www.comfenalcovalle.com.co\/comfenalco-valle-delagente-lanzo-el-programa-empleo-sin-barreras-en-la-exitosa-feria-de-empleo-palmira-2025\/#primaryimage","url":"https:\/\/test.comfenalcovalle.com.co\/wp-content\/uploads\/2025\/09\/Comfenalco-Valle-Delagente-lanzo-el-programa-Empleo-Sin-Barreras-en-la-exitosa-Feria-de-Empleo-Palmira-2025-2.jpg","contentUrl":"https:\/\/test.comfenalcovalle.com.co\/wp-content\/uploads\/2025\/09\/Comfenalco-Valle-Delagente-lanzo-el-programa-Empleo-Sin-Barreras-en-la-exitosa-Feria-de-Empleo-Palmira-2025-2.jpg","width":1280,"height":720,"caption":"Comfenalco Valle Delagente lanz\u00f3 el programa Empleo Sin Barreras en la exitosa Feria de Empleo Palmira 2025"},{"@type":"BreadcrumbList","@id":"https:\/\/www.comfenalcovalle.com.co\/comfenalco-valle-delagente-lanzo-el-programa-empleo-sin-barreras-en-la-exitosa-feria-de-empleo-palmira-2025\/#breadcrumb","itemListElement":[{"@type":"ListItem","position":1,"name":"Portada","item":"https:\/\/www.comfenalcovalle.com.co\/"},{"@type":"ListItem","position":2,"name":"Comfenalco Valle Delagente lanz\u00f3 el programa Empleo Sin Barreras en la exitosa Feria de Empleo Palmira 2025"}]},{"@type":"WebSite","@id":"https:\/\/www.comfenalcovalle.com.co\/#website","url":"https:\/\/www.comfenalcovalle.com.co\/","name":"Comfenalco Valle Delagente","description":"Comfenalco Valle Delagente compensation fund.","publisher":{"@id":"https:\/\/www.comfenalcovalle.com.co\/#organization"},"potentialAction":[{"@type":"SearchAction","target":{"@type":"EntryPoint","urlTemplate":"https:\/\/www.comfenalcovalle.com.co\/?s={search_term_string}"},"query-input":{"@type":"PropertyValueSpecification","valueRequired":true,"valueName":"search_term_string"}}],"inLanguage":"en-US"},{"@type":"Organization","@id":"https:\/\/www.comfenalcovalle.com.co\/#organization","name":"Comfenalco Valle Delagente","url":"https:\/\/www.comfenalcovalle.com.co\/","logo":{"@type":"ImageObject","inLanguage":"en-US","@id":"https:\/\/www.comfenalcovalle.com.co\/#\/schema\/logo\/image\/","url":"https:\/\/test.comfenalcovalle.com.co\/wp-content\/uploads\/2021\/06\/logo-comfe-cabecera-agencia-empelo-actualizado.png","contentUrl":"https:\/\/test.comfenalcovalle.com.co\/wp-content\/uploads\/2021\/06\/logo-comfe-cabecera-agencia-empelo-actualizado.png","width":500,"height":184,"caption":"Comfenalco Valle Delagente"},"image":{"@id":"https:\/\/www.comfenalcovalle.com.co\/#\/schema\/logo\/image\/"}},{"@type":"Person","@id":"https:\/\/www.comfenalcovalle.com.co\/#\/schema\/person\/d4d8bcb299f88f97b06096cf6a21cb01","name":"Communications Comfenalco Valle delagente","image":{"@type":"ImageObject","inLanguage":"en-US","@id":"https:\/\/www.comfenalcovalle.com.co\/#\/schema\/person\/image\/","url":"https:\/\/secure.gravatar.com\/avatar\/d1c29eb639a137df0ac8bfec50479e8d6ef564f7320f439d9d984504359ea6ee?s=96&d=mm&r=g","contentUrl":"https:\/\/secure.gravatar.com\/avatar\/d1c29eb639a137df0ac8bfec50479e8d6ef564f7320f439d9d984504359ea6ee?s=96&d=mm&r=g","caption":"Comunicaciones Comfenalco Valle delagente"},"url":"https:\/\/test.comfenalcovalle.com.co\/en\/author\/comunicaciones-comfenalco-valle-delagente\/"}]}},"publishpress_future_action":{"enabled":false,"date":"2026-05-10 09:10:37","action":"change-status","newStatus":"draft","terms":[],"taxonomy":"category","extraData":[]},"publishpress_future_workflow_manual_trigger":{"enabledWorkflows":[]},"_links":{"self":[{"href":"https:\/\/test.comfenalcovalle.com.co\/en\/wp-json\/wp\/v2\/posts\/667442","targetHints":{"allow":["GET"]}}],"collection":[{"href":"https:\/\/test.comfenalcovalle.com.co\/en\/wp-json\/wp\/v2\/posts"}],"about":[{"href":"https:\/\/test.comfenalcovalle.com.co\/en\/wp-json\/wp\/v2\/types\/post"}],"author":[{"embeddable":true,"href":"https:\/\/test.comfenalcovalle.com.co\/en\/wp-json\/wp\/v2\/users\/6"}],"replies":[{"embeddable":true,"href":"https:\/\/test.comfenalcovalle.com.co\/en\/wp-json\/wp\/v2\/comments?post=667442"}],"version-history":[{"count":0,"href":"https:\/\/test.comfenalcovalle.com.co\/en\/wp-json\/wp\/v2\/posts\/667442\/revisions"}],"wp:featuredmedia":[{"embeddable":true,"href":"https:\/\/test.comfenalcovalle.com.co\/en\/wp-json\/wp\/v2\/media\/667445"}],"wp:attachment":[{"href":"https:\/\/test.comfenalcovalle.com.co\/en\/wp-json\/wp\/v2\/media?parent=667442"}],"wp:term":[{"taxonomy":"category","embeddable":true,"href":"https:\/\/test.comfenalcovalle.com.co\/en\/wp-json\/wp\/v2\/categories?post=667442"},{"taxonomy":"post_tag","embeddable":true,"href":"https:\/\/test.comfenalcovalle.com.co\/en\/wp-json\/wp\/v2\/tags?post=667442"}],"curies":[{"name":"wp","href":"https:\/\/api.w.org\/{rel}","templated":true}]}}