{"id":667177,"date":"2025-08-26T16:26:29","date_gmt":"2025-08-26T21:26:29","guid":{"rendered":"https:\/\/test.comfenalcovalle.com.co\/?p=667177"},"modified":"2025-08-26T16:33:55","modified_gmt":"2025-08-26T21:33:55","slug":"comfenalco-valle-delagente-presente-en-el-festival-red-salvavidas","status":"publish","type":"post","link":"https:\/\/test.comfenalcovalle.com.co\/en\/comfenalco-valle-delagente-presente-en-el-festival-red-salvavidas\/","title":{"rendered":"Comfenalco Valle Delagente presente en el Festival Red Salvavidas"},"content":{"rendered":"<div data-elementor-type=\"wp-post\" data-elementor-id=\"667177\" class=\"elementor elementor-667177\" data-elementor-post-type=\"post\">\n\t\t\t\t<div class=\"elementor-element elementor-element-6e32b046 e-flex e-con-boxed e-con e-parent\" data-id=\"6e32b046\" data-element_type=\"container\">\n\t\t\t\t\t<div class=\"e-con-inner\">\n\t\t\t\t<div class=\"elementor-element elementor-element-4d087376 elementor-widget elementor-widget-text-editor\" data-id=\"4d087376\" data-element_type=\"widget\" data-widget_type=\"text-editor.default\">\n\t\t\t\t<div class=\"elementor-widget-container\">\n\t\t\t\t\t\t\t\t\t\n<p>El pasado s\u00e1bado 23 de agosto, Buenaventura vivi\u00f3 un d\u00eda lleno de alegr\u00eda y cultura en la segunda versi\u00f3n del Festival Red Salvavidas con m\u00e1s de 40 organizaciones de base comunitaria. El evento cont\u00f3 con el apoyo de <a href=\"https:\/\/www.compromisovalle.org\/\" target=\"_blank\" rel=\"noopener\"><strong>Compromiso Valle<\/strong><\/a> and <strong><a href=\"https:\/\/propacifico.org\/\" target=\"_blank\" rel=\"noopener\">ProPacific<\/a><\/strong>, y tuvo como aliados especiales a Colgate Palmolive, Sociedad Portuaria de Buenaventura y Comfenalco Valle Delagente.<\/p>\n\n<p>Durante la jornada, se reconoci\u00f3 la labor de las organizaciones que forman parte de la Red Salvavidas. Estas organizaciones demuestran que a trav\u00e9s del emprendimiento, la cultura y el deporte, se trabaja por la paz de Buenaventura. El festival, cuyo prop\u00f3sito es visibilizar a estas organizaciones, busca tambi\u00e9n fortalecer el tejido social, familiar y comunitario.<\/p>\n\t\t\t\t\t\t\t\t<\/div>\n\t\t\t\t<\/div>\n\t\t\t\t<div class=\"elementor-element elementor-element-d30f27e elementor-widget elementor-widget-gallery\" data-id=\"d30f27e\" data-element_type=\"widget\" data-settings=\"{&quot;columns&quot;:3,&quot;lazyload&quot;:&quot;yes&quot;,&quot;gallery_layout&quot;:&quot;grid&quot;,&quot;columns_tablet&quot;:2,&quot;columns_mobile&quot;:1,&quot;gap&quot;:{&quot;unit&quot;:&quot;px&quot;,&quot;size&quot;:10,&quot;sizes&quot;:[]},&quot;gap_tablet&quot;:{&quot;unit&quot;:&quot;px&quot;,&quot;size&quot;:10,&quot;sizes&quot;:[]},&quot;gap_mobile&quot;:{&quot;unit&quot;:&quot;px&quot;,&quot;size&quot;:10,&quot;sizes&quot;:[]},&quot;link_to&quot;:&quot;file&quot;,&quot;aspect_ratio&quot;:&quot;3:2&quot;,&quot;overlay_background&quot;:&quot;yes&quot;,&quot;content_hover_animation&quot;:&quot;fade-in&quot;}\" data-widget_type=\"gallery.default\">\n\t\t\t\t<div class=\"elementor-widget-container\">\n\t\t\t\t\t\t\t<div class=\"elementor-gallery__container\">\n\t\t\t\t\t\t\t<a class=\"e-gallery-item elementor-gallery-item elementor-animated-content\" href=\"https:\/\/test.comfenalcovalle.com.co\/wp-content\/uploads\/2025\/08\/festival-salvavidas-buenaventura-2025-01.jpg\" data-elementor-open-lightbox=\"yes\" data-elementor-lightbox-slideshow=\"d30f27e\" data-elementor-lightbox-title=\"festival-salvavidas-buenaventura-2025-01\" data-e-action-hash=\"#elementor-action%3Aaction%3Dlightbox%26settings%3DeyJpZCI6NjY3MTgzLCJ1cmwiOiJodHRwczpcL1wvdGVzdC5jb21mZW5hbGNvdmFsbGUuY29tLmNvXC93cC1jb250ZW50XC91cGxvYWRzXC8yMDI1XC8wOFwvZmVzdGl2YWwtc2FsdmF2aWRhcy1idWVuYXZlbnR1cmEtMjAyNS0wMS5qcGciLCJzbGlkZXNob3ciOiJkMzBmMjdlIn0%3D\">\n\t\t\t\t\t<div class=\"e-gallery-image elementor-gallery-item__image\" data-thumbnail=\"https:\/\/test.comfenalcovalle.com.co\/wp-content\/uploads\/2025\/08\/festival-salvavidas-buenaventura-2025-01-300x200.jpg\" data-width=\"300\" data-height=\"200\" aria-label=\"\" role=\"img\" ><\/div>\n\t\t\t\t\t\t\t\t\t\t\t<div class=\"elementor-gallery-item__overlay\"><\/div>\n\t\t\t\t\t\t\t\t\t\t\t\t\t\t<\/a>\n\t\t\t\t\t\t\t<a class=\"e-gallery-item elementor-gallery-item elementor-animated-content\" href=\"https:\/\/test.comfenalcovalle.com.co\/wp-content\/uploads\/2025\/08\/festival-salvavidas-buenaventura-2025-05.jpg\" data-elementor-open-lightbox=\"yes\" data-elementor-lightbox-slideshow=\"d30f27e\" data-elementor-lightbox-title=\"festival-salvavidas-buenaventura-2025-05\" data-elementor-lightbox-description=\"festival-salvavidas-buenaventura-2025-05\" data-e-action-hash=\"#elementor-action%3Aaction%3Dlightbox%26settings%3DeyJpZCI6NjY3MTc4LCJ1cmwiOiJodHRwczpcL1wvdGVzdC5jb21mZW5hbGNvdmFsbGUuY29tLmNvXC93cC1jb250ZW50XC91cGxvYWRzXC8yMDI1XC8wOFwvZmVzdGl2YWwtc2FsdmF2aWRhcy1idWVuYXZlbnR1cmEtMjAyNS0wNS5qcGciLCJzbGlkZXNob3ciOiJkMzBmMjdlIn0%3D\">\n\t\t\t\t\t<div class=\"e-gallery-image elementor-gallery-item__image\" data-thumbnail=\"https:\/\/test.comfenalcovalle.com.co\/wp-content\/uploads\/2025\/08\/festival-salvavidas-buenaventura-2025-05-300x200.jpg\" data-width=\"300\" data-height=\"200\" aria-label=\"festival-salvavidas-buenaventura-2025-05\" role=\"img\" ><\/div>\n\t\t\t\t\t\t\t\t\t\t\t<div class=\"elementor-gallery-item__overlay\"><\/div>\n\t\t\t\t\t\t\t\t\t\t\t\t\t\t<\/a>\n\t\t\t\t\t\t\t<a class=\"e-gallery-item elementor-gallery-item elementor-animated-content\" href=\"https:\/\/test.comfenalcovalle.com.co\/wp-content\/uploads\/2025\/08\/festival-salvavidas-buenaventura-2025-03.jpg\" data-elementor-open-lightbox=\"yes\" data-elementor-lightbox-slideshow=\"d30f27e\" data-elementor-lightbox-title=\"festival-salvavidas-buenaventura-2025-03\" data-e-action-hash=\"#elementor-action%3Aaction%3Dlightbox%26settings%3DeyJpZCI6NjY3MTg0LCJ1cmwiOiJodHRwczpcL1wvdGVzdC5jb21mZW5hbGNvdmFsbGUuY29tLmNvXC93cC1jb250ZW50XC91cGxvYWRzXC8yMDI1XC8wOFwvZmVzdGl2YWwtc2FsdmF2aWRhcy1idWVuYXZlbnR1cmEtMjAyNS0wMy5qcGciLCJzbGlkZXNob3ciOiJkMzBmMjdlIn0%3D\">\n\t\t\t\t\t<div class=\"e-gallery-image elementor-gallery-item__image\" data-thumbnail=\"https:\/\/test.comfenalcovalle.com.co\/wp-content\/uploads\/2025\/08\/festival-salvavidas-buenaventura-2025-03-300x200.jpg\" data-width=\"300\" data-height=\"200\" aria-label=\"\" role=\"img\" ><\/div>\n\t\t\t\t\t\t\t\t\t\t\t<div class=\"elementor-gallery-item__overlay\"><\/div>\n\t\t\t\t\t\t\t\t\t\t\t\t\t\t<\/a>\n\t\t\t\t\t\t\t<a class=\"e-gallery-item elementor-gallery-item elementor-animated-content\" href=\"https:\/\/test.comfenalcovalle.com.co\/wp-content\/uploads\/2025\/08\/festival-salvavidas-buenaventura-2025-07.jpg\" data-elementor-open-lightbox=\"yes\" data-elementor-lightbox-slideshow=\"d30f27e\" data-elementor-lightbox-title=\"festival-salvavidas-buenaventura-2025-07\" data-e-action-hash=\"#elementor-action%3Aaction%3Dlightbox%26settings%3DeyJpZCI6NjY3MTc5LCJ1cmwiOiJodHRwczpcL1wvdGVzdC5jb21mZW5hbGNvdmFsbGUuY29tLmNvXC93cC1jb250ZW50XC91cGxvYWRzXC8yMDI1XC8wOFwvZmVzdGl2YWwtc2FsdmF2aWRhcy1idWVuYXZlbnR1cmEtMjAyNS0wNy5qcGciLCJzbGlkZXNob3ciOiJkMzBmMjdlIn0%3D\">\n\t\t\t\t\t<div class=\"e-gallery-image elementor-gallery-item__image\" data-thumbnail=\"https:\/\/test.comfenalcovalle.com.co\/wp-content\/uploads\/2025\/08\/festival-salvavidas-buenaventura-2025-07-300x187.jpg\" data-width=\"300\" data-height=\"187\" aria-label=\"\" role=\"img\" ><\/div>\n\t\t\t\t\t\t\t\t\t\t\t<div class=\"elementor-gallery-item__overlay\"><\/div>\n\t\t\t\t\t\t\t\t\t\t\t\t\t\t<\/a>\n\t\t\t\t\t\t\t<a class=\"e-gallery-item elementor-gallery-item elementor-animated-content\" href=\"https:\/\/test.comfenalcovalle.com.co\/wp-content\/uploads\/2025\/08\/festival-salvavidas-buenaventura-2025-09.jpg\" data-elementor-open-lightbox=\"yes\" data-elementor-lightbox-slideshow=\"d30f27e\" data-elementor-lightbox-title=\"festival-salvavidas-buenaventura-2025-09\" data-e-action-hash=\"#elementor-action%3Aaction%3Dlightbox%26settings%3DeyJpZCI6NjY3MTgxLCJ1cmwiOiJodHRwczpcL1wvdGVzdC5jb21mZW5hbGNvdmFsbGUuY29tLmNvXC93cC1jb250ZW50XC91cGxvYWRzXC8yMDI1XC8wOFwvZmVzdGl2YWwtc2FsdmF2aWRhcy1idWVuYXZlbnR1cmEtMjAyNS0wOS5qcGciLCJzbGlkZXNob3ciOiJkMzBmMjdlIn0%3D\">\n\t\t\t\t\t<div class=\"e-gallery-image elementor-gallery-item__image\" data-thumbnail=\"https:\/\/test.comfenalcovalle.com.co\/wp-content\/uploads\/2025\/08\/festival-salvavidas-buenaventura-2025-09-300x190.jpg\" data-width=\"300\" data-height=\"190\" aria-label=\"\" role=\"img\" ><\/div>\n\t\t\t\t\t\t\t\t\t\t\t<div class=\"elementor-gallery-item__overlay\"><\/div>\n\t\t\t\t\t\t\t\t\t\t\t\t\t\t<\/a>\n\t\t\t\t\t\t\t<a class=\"e-gallery-item elementor-gallery-item elementor-animated-content\" href=\"https:\/\/test.comfenalcovalle.com.co\/wp-content\/uploads\/2025\/08\/festival-salvavidas-buenaventura-2025-08.jpg\" data-elementor-open-lightbox=\"yes\" data-elementor-lightbox-slideshow=\"d30f27e\" data-elementor-lightbox-title=\"festival-salvavidas-buenaventura-2025-08\" data-e-action-hash=\"#elementor-action%3Aaction%3Dlightbox%26settings%3DeyJpZCI6NjY3MTgwLCJ1cmwiOiJodHRwczpcL1wvdGVzdC5jb21mZW5hbGNvdmFsbGUuY29tLmNvXC93cC1jb250ZW50XC91cGxvYWRzXC8yMDI1XC8wOFwvZmVzdGl2YWwtc2FsdmF2aWRhcy1idWVuYXZlbnR1cmEtMjAyNS0wOC5qcGciLCJzbGlkZXNob3ciOiJkMzBmMjdlIn0%3D\">\n\t\t\t\t\t<div class=\"e-gallery-image elementor-gallery-item__image\" data-thumbnail=\"https:\/\/test.comfenalcovalle.com.co\/wp-content\/uploads\/2025\/08\/festival-salvavidas-buenaventura-2025-08-300x185.jpg\" data-width=\"300\" data-height=\"185\" aria-label=\"\" role=\"img\" ><\/div>\n\t\t\t\t\t\t\t\t\t\t\t<div class=\"elementor-gallery-item__overlay\"><\/div>\n\t\t\t\t\t\t\t\t\t\t\t\t\t\t<\/a>\n\t\t\t\t\t<\/div>\n\t\t\t\t\t<\/div>\n\t\t\t\t<\/div>\n\t\t\t\t<div class=\"elementor-element elementor-element-595c1bd elementor-widget elementor-widget-text-editor\" data-id=\"595c1bd\" data-element_type=\"widget\" data-widget_type=\"text-editor.default\">\n\t\t\t\t<div class=\"elementor-widget-container\">\n\t\t\t\t\t\t\t\t\t\n<p>Como aliados de esta iniciativa, celebramos y reconocemos los liderazgos que inspiran y ofrecen oportunidades a ni\u00f1os y \u00a0j\u00f3venes para su desarrollo personal. El trabajo de estas organizaciones reafirma que la uni\u00f3n es la clave para la transformaci\u00f3n social de la regi\u00f3n.<\/p>\n\n<p>\u00a0<\/p>\n\n<p><strong>Comfenalco Valle Delagente<\/strong><\/p>\n\n<p><strong>Family Compensation Fund<\/strong><\/p>\n\n<p>\u00a0<\/p>\n\t\t\t\t\t\t\t\t<\/div>\n\t\t\t\t<\/div>\n\t\t\t\t\t<\/div>\n\t\t\t\t<\/div>\n\t\t\t\t<\/div>","protected":false},"excerpt":{"rendered":"<p>El pasado s\u00e1bado 23 de agosto, Buenaventura vivi\u00f3 un d\u00eda lleno de alegr\u00eda y cultura en la segunda versi\u00f3n del Festival Red Salvavidas con m\u00e1s de 40 organizaciones de base comunitaria. El evento cont\u00f3 con el apoyo de Compromiso Valle y ProPac\u00edfico, y tuvo como aliados especiales a Colgate Palmolive, Sociedad Portuaria de Buenaventura y [&hellip;]<\/p>","protected":false},"author":6,"featured_media":667178,"comment_status":"closed","ping_status":"closed","sticky":false,"template":"","format":"standard","meta":{"footnotes":""},"categories":[97,1],"tags":[435,58,1099,109,1089,288,1098,283],"class_list":["post-667177","post","type-post","status-publish","format-standard","has-post-thumbnail","hentry","category-cooperacion","category-sin-categoria","tag-buenaventura","tag-comfenalco","tag-compromiso","tag-delagente","tag-festival","tag-propacifico","tag-salvavidas","tag-valle"],"yoast_head":"<!-- This site is optimized with the Yoast SEO Premium plugin v25.9 (Yoast SEO v25.9) - https:\/\/yoast.com\/wordpress\/plugins\/seo\/ -->\n<title>Festival Red Salvavidas 2025<\/title>\n<meta name=\"description\" content=\"Buenaventura vivi\u00f3 un d\u00eda lleno de alegr\u00eda y cultura en la segunda versi\u00f3n del Festival Red Salvavidas con m\u00e1s de 40 organizaciones...\" \/>\n<meta name=\"robots\" content=\"index, follow, max-snippet:-1, max-image-preview:large, max-video-preview:-1\" \/>\n<link rel=\"canonical\" href=\"https:\/\/www.comfenalcovalle.com.co\/comfenalco-valle-delagente-presente-en-el-festival-red-salvavidas\/\" \/>\n<meta property=\"og:locale\" content=\"en_US\" \/>\n<meta property=\"og:type\" content=\"article\" \/>\n<meta property=\"og:title\" content=\"Comfenalco Valle Delagente presente en el Festival Red Salvavidas\" \/>\n<meta property=\"og:description\" content=\"Buenaventura vivi\u00f3 un d\u00eda lleno de alegr\u00eda y cultura en la segunda versi\u00f3n del Festival Red Salvavidas con m\u00e1s de 40 organizaciones...\" \/>\n<meta property=\"og:url\" content=\"https:\/\/www.comfenalcovalle.com.co\/comfenalco-valle-delagente-presente-en-el-festival-red-salvavidas\/\" \/>\n<meta property=\"og:site_name\" content=\"Comfenalco Valle Delagente\" \/>\n<meta property=\"article:published_time\" content=\"2025-08-26T21:26:29+00:00\" \/>\n<meta property=\"article:modified_time\" content=\"2025-08-26T21:33:55+00:00\" \/>\n<meta property=\"og:image\" content=\"https:\/\/www.comfenalcovalle.com.co\/wp-content\/uploads\/2025\/08\/festival-salvavidas-buenaventura-2025-05.jpg\" \/>\n\t<meta property=\"og:image:width\" content=\"1024\" \/>\n\t<meta property=\"og:image:height\" content=\"682\" \/>\n\t<meta property=\"og:image:type\" content=\"image\/jpeg\" \/>\n<meta name=\"author\" content=\"Comunicaciones Comfenalco Valle delagente\" \/>\n<meta name=\"twitter:card\" content=\"summary_large_image\" \/>\n<meta name=\"twitter:label1\" content=\"Written by\" \/>\n\t<meta name=\"twitter:data1\" content=\"Comunicaciones Comfenalco Valle delagente\" \/>\n\t<meta name=\"twitter:label2\" content=\"Est. reading time\" \/>\n\t<meta name=\"twitter:data2\" content=\"1 minute\" \/>\n<script type=\"application\/ld+json\" class=\"yoast-schema-graph\">{\"@context\":\"https:\/\/schema.org\",\"@graph\":[{\"@type\":\"Article\",\"@id\":\"https:\/\/www.comfenalcovalle.com.co\/comfenalco-valle-delagente-presente-en-el-festival-red-salvavidas\/#article\",\"isPartOf\":{\"@id\":\"https:\/\/www.comfenalcovalle.com.co\/comfenalco-valle-delagente-presente-en-el-festival-red-salvavidas\/\"},\"author\":{\"name\":\"Comunicaciones Comfenalco Valle delagente\",\"@id\":\"https:\/\/www.comfenalcovalle.com.co\/#\/schema\/person\/d4d8bcb299f88f97b06096cf6a21cb01\"},\"headline\":\"Comfenalco Valle Delagente presente en el Festival Red Salvavidas\",\"datePublished\":\"2025-08-26T21:26:29+00:00\",\"dateModified\":\"2025-08-26T21:33:55+00:00\",\"mainEntityOfPage\":{\"@id\":\"https:\/\/www.comfenalcovalle.com.co\/comfenalco-valle-delagente-presente-en-el-festival-red-salvavidas\/\"},\"wordCount\":184,\"publisher\":{\"@id\":\"https:\/\/www.comfenalcovalle.com.co\/#organization\"},\"image\":{\"@id\":\"https:\/\/www.comfenalcovalle.com.co\/comfenalco-valle-delagente-presente-en-el-festival-red-salvavidas\/#primaryimage\"},\"thumbnailUrl\":\"https:\/\/test.comfenalcovalle.com.co\/wp-content\/uploads\/2025\/08\/festival-salvavidas-buenaventura-2025-05.jpg\",\"keywords\":[\"buenaventura\",\"comfenalco\",\"compromiso\",\"Delagente\",\"festival\",\"propacifico\",\"salvavidas\",\"valle\"],\"articleSection\":[\"Cooperaci\u00f3n\",\"Sin categor\u00eda\"],\"inLanguage\":\"en-US\"},{\"@type\":\"WebPage\",\"@id\":\"https:\/\/www.comfenalcovalle.com.co\/comfenalco-valle-delagente-presente-en-el-festival-red-salvavidas\/\",\"url\":\"https:\/\/www.comfenalcovalle.com.co\/comfenalco-valle-delagente-presente-en-el-festival-red-salvavidas\/\",\"name\":\"Festival Red Salvavidas 2025\",\"isPartOf\":{\"@id\":\"https:\/\/www.comfenalcovalle.com.co\/#website\"},\"primaryImageOfPage\":{\"@id\":\"https:\/\/www.comfenalcovalle.com.co\/comfenalco-valle-delagente-presente-en-el-festival-red-salvavidas\/#primaryimage\"},\"image\":{\"@id\":\"https:\/\/www.comfenalcovalle.com.co\/comfenalco-valle-delagente-presente-en-el-festival-red-salvavidas\/#primaryimage\"},\"thumbnailUrl\":\"https:\/\/test.comfenalcovalle.com.co\/wp-content\/uploads\/2025\/08\/festival-salvavidas-buenaventura-2025-05.jpg\",\"datePublished\":\"2025-08-26T21:26:29+00:00\",\"dateModified\":\"2025-08-26T21:33:55+00:00\",\"description\":\"Buenaventura vivi\u00f3 un d\u00eda lleno de alegr\u00eda y cultura en la segunda versi\u00f3n del Festival Red Salvavidas con m\u00e1s de 40 organizaciones...\",\"breadcrumb\":{\"@id\":\"https:\/\/www.comfenalcovalle.com.co\/comfenalco-valle-delagente-presente-en-el-festival-red-salvavidas\/#breadcrumb\"},\"inLanguage\":\"en-US\",\"potentialAction\":[{\"@type\":\"ReadAction\",\"target\":[\"https:\/\/www.comfenalcovalle.com.co\/comfenalco-valle-delagente-presente-en-el-festival-red-salvavidas\/\"]}]},{\"@type\":\"ImageObject\",\"inLanguage\":\"en-US\",\"@id\":\"https:\/\/www.comfenalcovalle.com.co\/comfenalco-valle-delagente-presente-en-el-festival-red-salvavidas\/#primaryimage\",\"url\":\"https:\/\/test.comfenalcovalle.com.co\/wp-content\/uploads\/2025\/08\/festival-salvavidas-buenaventura-2025-05.jpg\",\"contentUrl\":\"https:\/\/test.comfenalcovalle.com.co\/wp-content\/uploads\/2025\/08\/festival-salvavidas-buenaventura-2025-05.jpg\",\"width\":1024,\"height\":682,\"caption\":\"festival-salvavidas-buenaventura-2025-05\"},{\"@type\":\"BreadcrumbList\",\"@id\":\"https:\/\/www.comfenalcovalle.com.co\/comfenalco-valle-delagente-presente-en-el-festival-red-salvavidas\/#breadcrumb\",\"itemListElement\":[{\"@type\":\"ListItem\",\"position\":1,\"name\":\"Portada\",\"item\":\"https:\/\/www.comfenalcovalle.com.co\/\"},{\"@type\":\"ListItem\",\"position\":2,\"name\":\"Comfenalco Valle Delagente presente en el Festival Red Salvavidas\"}]},{\"@type\":\"WebSite\",\"@id\":\"https:\/\/www.comfenalcovalle.com.co\/#website\",\"url\":\"https:\/\/www.comfenalcovalle.com.co\/\",\"name\":\"Comfenalco Valle Delagente\",\"description\":\"Caja de compensaci\u00f3n de Comfenalco Valle Delagente.\",\"publisher\":{\"@id\":\"https:\/\/www.comfenalcovalle.com.co\/#organization\"},\"potentialAction\":[{\"@type\":\"SearchAction\",\"target\":{\"@type\":\"EntryPoint\",\"urlTemplate\":\"https:\/\/www.comfenalcovalle.com.co\/?s={search_term_string}\"},\"query-input\":{\"@type\":\"PropertyValueSpecification\",\"valueRequired\":true,\"valueName\":\"search_term_string\"}}],\"inLanguage\":\"en-US\"},{\"@type\":\"Organization\",\"@id\":\"https:\/\/www.comfenalcovalle.com.co\/#organization\",\"name\":\"Comfenalco Valle Delagente\",\"url\":\"https:\/\/www.comfenalcovalle.com.co\/\",\"logo\":{\"@type\":\"ImageObject\",\"inLanguage\":\"en-US\",\"@id\":\"https:\/\/www.comfenalcovalle.com.co\/#\/schema\/logo\/image\/\",\"url\":\"https:\/\/test.comfenalcovalle.com.co\/wp-content\/uploads\/2021\/06\/logo-comfe-cabecera-agencia-empelo-actualizado.png\",\"contentUrl\":\"https:\/\/test.comfenalcovalle.com.co\/wp-content\/uploads\/2021\/06\/logo-comfe-cabecera-agencia-empelo-actualizado.png\",\"width\":500,\"height\":184,\"caption\":\"Comfenalco Valle Delagente\"},\"image\":{\"@id\":\"https:\/\/www.comfenalcovalle.com.co\/#\/schema\/logo\/image\/\"}},{\"@type\":\"Person\",\"@id\":\"https:\/\/www.comfenalcovalle.com.co\/#\/schema\/person\/d4d8bcb299f88f97b06096cf6a21cb01\",\"name\":\"Comunicaciones Comfenalco Valle delagente\",\"image\":{\"@type\":\"ImageObject\",\"inLanguage\":\"en-US\",\"@id\":\"https:\/\/www.comfenalcovalle.com.co\/#\/schema\/person\/image\/\",\"url\":\"https:\/\/secure.gravatar.com\/avatar\/d1c29eb639a137df0ac8bfec50479e8d6ef564f7320f439d9d984504359ea6ee?s=96&d=mm&r=g\",\"contentUrl\":\"https:\/\/secure.gravatar.com\/avatar\/d1c29eb639a137df0ac8bfec50479e8d6ef564f7320f439d9d984504359ea6ee?s=96&d=mm&r=g\",\"caption\":\"Comunicaciones Comfenalco Valle delagente\"},\"url\":\"https:\/\/test.comfenalcovalle.com.co\/en\/author\/comunicaciones-comfenalco-valle-delagente\/\"}]}<\/script>\n<!-- \/ Yoast SEO Premium plugin. -->","yoast_head_json":{"title":"Festival Red Salvavidas 2025","description":"Buenaventura vivi\u00f3 un d\u00eda lleno de alegr\u00eda y cultura en la segunda versi\u00f3n del Festival Red Salvavidas con m\u00e1s de 40 organizaciones...","robots":{"index":"index","follow":"follow","max-snippet":"max-snippet:-1","max-image-preview":"max-image-preview:large","max-video-preview":"max-video-preview:-1"},"canonical":"https:\/\/www.comfenalcovalle.com.co\/comfenalco-valle-delagente-presente-en-el-festival-red-salvavidas\/","og_locale":"en_US","og_type":"article","og_title":"Comfenalco Valle Delagente presente en el Festival Red Salvavidas","og_description":"Buenaventura vivi\u00f3 un d\u00eda lleno de alegr\u00eda y cultura en la segunda versi\u00f3n del Festival Red Salvavidas con m\u00e1s de 40 organizaciones...","og_url":"https:\/\/www.comfenalcovalle.com.co\/comfenalco-valle-delagente-presente-en-el-festival-red-salvavidas\/","og_site_name":"Comfenalco Valle Delagente","article_published_time":"2025-08-26T21:26:29+00:00","article_modified_time":"2025-08-26T21:33:55+00:00","og_image":[{"width":1024,"height":682,"url":"https:\/\/www.comfenalcovalle.com.co\/wp-content\/uploads\/2025\/08\/festival-salvavidas-buenaventura-2025-05.jpg","type":"image\/jpeg"}],"author":"Comunicaciones Comfenalco Valle delagente","twitter_card":"summary_large_image","twitter_misc":{"Written by":"Comunicaciones Comfenalco Valle delagente","Est. reading time":"1 minute"},"schema":{"@context":"https:\/\/schema.org","@graph":[{"@type":"Article","@id":"https:\/\/www.comfenalcovalle.com.co\/comfenalco-valle-delagente-presente-en-el-festival-red-salvavidas\/#article","isPartOf":{"@id":"https:\/\/www.comfenalcovalle.com.co\/comfenalco-valle-delagente-presente-en-el-festival-red-salvavidas\/"},"author":{"name":"Comunicaciones Comfenalco Valle delagente","@id":"https:\/\/www.comfenalcovalle.com.co\/#\/schema\/person\/d4d8bcb299f88f97b06096cf6a21cb01"},"headline":"Comfenalco Valle Delagente presente en el Festival Red Salvavidas","datePublished":"2025-08-26T21:26:29+00:00","dateModified":"2025-08-26T21:33:55+00:00","mainEntityOfPage":{"@id":"https:\/\/www.comfenalcovalle.com.co\/comfenalco-valle-delagente-presente-en-el-festival-red-salvavidas\/"},"wordCount":184,"publisher":{"@id":"https:\/\/www.comfenalcovalle.com.co\/#organization"},"image":{"@id":"https:\/\/www.comfenalcovalle.com.co\/comfenalco-valle-delagente-presente-en-el-festival-red-salvavidas\/#primaryimage"},"thumbnailUrl":"https:\/\/test.comfenalcovalle.com.co\/wp-content\/uploads\/2025\/08\/festival-salvavidas-buenaventura-2025-05.jpg","keywords":["buenaventura","comfenalco","compromiso","Delagente","festival","propacifico","salvavidas","valle"],"articleSection":["Cooperaci\u00f3n","Sin categor\u00eda"],"inLanguage":"en-US"},{"@type":"WebPage","@id":"https:\/\/www.comfenalcovalle.com.co\/comfenalco-valle-delagente-presente-en-el-festival-red-salvavidas\/","url":"https:\/\/www.comfenalcovalle.com.co\/comfenalco-valle-delagente-presente-en-el-festival-red-salvavidas\/","name":"Festival Red Salvavidas 2025","isPartOf":{"@id":"https:\/\/www.comfenalcovalle.com.co\/#website"},"primaryImageOfPage":{"@id":"https:\/\/www.comfenalcovalle.com.co\/comfenalco-valle-delagente-presente-en-el-festival-red-salvavidas\/#primaryimage"},"image":{"@id":"https:\/\/www.comfenalcovalle.com.co\/comfenalco-valle-delagente-presente-en-el-festival-red-salvavidas\/#primaryimage"},"thumbnailUrl":"https:\/\/test.comfenalcovalle.com.co\/wp-content\/uploads\/2025\/08\/festival-salvavidas-buenaventura-2025-05.jpg","datePublished":"2025-08-26T21:26:29+00:00","dateModified":"2025-08-26T21:33:55+00:00","description":"Buenaventura vivi\u00f3 un d\u00eda lleno de alegr\u00eda y cultura en la segunda versi\u00f3n del Festival Red Salvavidas con m\u00e1s de 40 organizaciones...","breadcrumb":{"@id":"https:\/\/www.comfenalcovalle.com.co\/comfenalco-valle-delagente-presente-en-el-festival-red-salvavidas\/#breadcrumb"},"inLanguage":"en-US","potentialAction":[{"@type":"ReadAction","target":["https:\/\/www.comfenalcovalle.com.co\/comfenalco-valle-delagente-presente-en-el-festival-red-salvavidas\/"]}]},{"@type":"ImageObject","inLanguage":"en-US","@id":"https:\/\/www.comfenalcovalle.com.co\/comfenalco-valle-delagente-presente-en-el-festival-red-salvavidas\/#primaryimage","url":"https:\/\/test.comfenalcovalle.com.co\/wp-content\/uploads\/2025\/08\/festival-salvavidas-buenaventura-2025-05.jpg","contentUrl":"https:\/\/test.comfenalcovalle.com.co\/wp-content\/uploads\/2025\/08\/festival-salvavidas-buenaventura-2025-05.jpg","width":1024,"height":682,"caption":"festival-salvavidas-buenaventura-2025-05"},{"@type":"BreadcrumbList","@id":"https:\/\/www.comfenalcovalle.com.co\/comfenalco-valle-delagente-presente-en-el-festival-red-salvavidas\/#breadcrumb","itemListElement":[{"@type":"ListItem","position":1,"name":"Portada","item":"https:\/\/www.comfenalcovalle.com.co\/"},{"@type":"ListItem","position":2,"name":"Comfenalco Valle Delagente presente en el Festival Red Salvavidas"}]},{"@type":"WebSite","@id":"https:\/\/www.comfenalcovalle.com.co\/#website","url":"https:\/\/www.comfenalcovalle.com.co\/","name":"Comfenalco Valle Delagente","description":"Comfenalco Valle Delagente compensation fund.","publisher":{"@id":"https:\/\/www.comfenalcovalle.com.co\/#organization"},"potentialAction":[{"@type":"SearchAction","target":{"@type":"EntryPoint","urlTemplate":"https:\/\/www.comfenalcovalle.com.co\/?s={search_term_string}"},"query-input":{"@type":"PropertyValueSpecification","valueRequired":true,"valueName":"search_term_string"}}],"inLanguage":"en-US"},{"@type":"Organization","@id":"https:\/\/www.comfenalcovalle.com.co\/#organization","name":"Comfenalco Valle Delagente","url":"https:\/\/www.comfenalcovalle.com.co\/","logo":{"@type":"ImageObject","inLanguage":"en-US","@id":"https:\/\/www.comfenalcovalle.com.co\/#\/schema\/logo\/image\/","url":"https:\/\/test.comfenalcovalle.com.co\/wp-content\/uploads\/2021\/06\/logo-comfe-cabecera-agencia-empelo-actualizado.png","contentUrl":"https:\/\/test.comfenalcovalle.com.co\/wp-content\/uploads\/2021\/06\/logo-comfe-cabecera-agencia-empelo-actualizado.png","width":500,"height":184,"caption":"Comfenalco Valle Delagente"},"image":{"@id":"https:\/\/www.comfenalcovalle.com.co\/#\/schema\/logo\/image\/"}},{"@type":"Person","@id":"https:\/\/www.comfenalcovalle.com.co\/#\/schema\/person\/d4d8bcb299f88f97b06096cf6a21cb01","name":"Communications Comfenalco Valle delagente","image":{"@type":"ImageObject","inLanguage":"en-US","@id":"https:\/\/www.comfenalcovalle.com.co\/#\/schema\/person\/image\/","url":"https:\/\/secure.gravatar.com\/avatar\/d1c29eb639a137df0ac8bfec50479e8d6ef564f7320f439d9d984504359ea6ee?s=96&d=mm&r=g","contentUrl":"https:\/\/secure.gravatar.com\/avatar\/d1c29eb639a137df0ac8bfec50479e8d6ef564f7320f439d9d984504359ea6ee?s=96&d=mm&r=g","caption":"Comunicaciones Comfenalco Valle delagente"},"url":"https:\/\/test.comfenalcovalle.com.co\/en\/author\/comunicaciones-comfenalco-valle-delagente\/"}]}},"publishpress_future_action":{"enabled":false,"date":"2026-05-10 07:25:42","action":"change-status","newStatus":"draft","terms":[],"taxonomy":"category","extraData":[]},"publishpress_future_workflow_manual_trigger":{"enabledWorkflows":[]},"_links":{"self":[{"href":"https:\/\/test.comfenalcovalle.com.co\/en\/wp-json\/wp\/v2\/posts\/667177","targetHints":{"allow":["GET"]}}],"collection":[{"href":"https:\/\/test.comfenalcovalle.com.co\/en\/wp-json\/wp\/v2\/posts"}],"about":[{"href":"https:\/\/test.comfenalcovalle.com.co\/en\/wp-json\/wp\/v2\/types\/post"}],"author":[{"embeddable":true,"href":"https:\/\/test.comfenalcovalle.com.co\/en\/wp-json\/wp\/v2\/users\/6"}],"replies":[{"embeddable":true,"href":"https:\/\/test.comfenalcovalle.com.co\/en\/wp-json\/wp\/v2\/comments?post=667177"}],"version-history":[{"count":0,"href":"https:\/\/test.comfenalcovalle.com.co\/en\/wp-json\/wp\/v2\/posts\/667177\/revisions"}],"wp:featuredmedia":[{"embeddable":true,"href":"https:\/\/test.comfenalcovalle.com.co\/en\/wp-json\/wp\/v2\/media\/667178"}],"wp:attachment":[{"href":"https:\/\/test.comfenalcovalle.com.co\/en\/wp-json\/wp\/v2\/media?parent=667177"}],"wp:term":[{"taxonomy":"category","embeddable":true,"href":"https:\/\/test.comfenalcovalle.com.co\/en\/wp-json\/wp\/v2\/categories?post=667177"},{"taxonomy":"post_tag","embeddable":true,"href":"https:\/\/test.comfenalcovalle.com.co\/en\/wp-json\/wp\/v2\/tags?post=667177"}],"curies":[{"name":"wp","href":"https:\/\/api.w.org\/{rel}","templated":true}]}}