{"id":667148,"date":"2025-08-26T11:48:58","date_gmt":"2025-08-26T16:48:58","guid":{"rendered":"https:\/\/test.comfenalcovalle.com.co\/?p=667148"},"modified":"2025-08-26T11:51:04","modified_gmt":"2025-08-26T16:51:04","slug":"un-espacio-mas-comodo-y-moderno-en-sede-cali","status":"publish","type":"post","link":"https:\/\/test.comfenalcovalle.com.co\/en\/un-espacio-mas-comodo-y-moderno-en-sede-cali\/","title":{"rendered":"Un espacio m\u00e1s c\u00f3modo y moderno est\u00e1 en camino"},"content":{"rendered":"<p>Continuamos con el importante proyecto de remodelaci\u00f3n de nuestra torre C\u00a0en la\u00a0sede principal en Cali, ubicada en la reconocida Calle 5ta. Este proyecto busca transformar nuestras instalaciones para ofrecerles espacios mucho m\u00e1s modernos y c\u00f3modos.<\/p>\n\n\n\n<p>Durante este periodo, es posible que se presenten ruidos y otras molestias. Sin embargo, cada uno de nuestros colaboradores trabajar\u00e1 para garantizar que tu experiencia sea la &nbsp;m\u00e1s amena y positiva.<\/p>\n\n\n\n<p>We appreciate your understanding.<\/p>\n\n\n\n<p>Cordially,<\/p>\n\n\n\n<p><strong>Comfenalco Valle Delagente.<\/strong><br>Family Compensation Fund<\/p>","protected":false},"excerpt":{"rendered":"<p>Continuamos con el importante proyecto de remodelaci\u00f3n de nuestra torre C\u00a0en la\u00a0sede principal en Cali, ubicada en la reconocida Calle 5ta. Este proyecto busca transformar nuestras instalaciones para ofrecerles espacios mucho m\u00e1s modernos y c\u00f3modos. Durante este periodo, es posible que se presenten ruidos y otras molestias. Sin embargo, cada uno de nuestros colaboradores trabajar\u00e1 [&hellip;]<\/p>","protected":false},"author":6,"featured_media":654541,"comment_status":"closed","ping_status":"closed","sticky":false,"template":"","format":"standard","meta":{"footnotes":""},"categories":[101],"tags":[324,1093,1094,1095,1092,514,688,1097,704,516],"class_list":["post-667148","post","type-post","status-publish","format-standard","has-post-thumbnail","hentry","category-servicio-al-cliente","tag-atencion","tag-comodidad","tag-construccion","tag-espacios","tag-moderno","tag-obras","tag-remodelacion","tag-ruido","tag-sede-cali","tag-torre-c"],"yoast_head":"<!-- This site is optimized with the Yoast SEO Premium plugin v25.9 (Yoast SEO v25.9) - https:\/\/yoast.com\/wordpress\/plugins\/seo\/ -->\n<title>Un espacio m\u00e1s c\u00f3modo y moderno est\u00e1 en camino - Comfenalco Valle Delagente<\/title>\n<meta name=\"description\" content=\"Continua el proyecto de remodelaci\u00f3n de nuestra torre C\u00a0en la\u00a0sede principal en Cali que busca transformar nuestras instalaciones...\" \/>\n<meta name=\"robots\" content=\"index, follow, max-snippet:-1, max-image-preview:large, max-video-preview:-1\" \/>\n<link rel=\"canonical\" href=\"https:\/\/www.comfenalcovalle.com.co\/un-espacio-mas-comodo-y-moderno-en-sede-cali\/\" \/>\n<meta property=\"og:locale\" content=\"en_US\" \/>\n<meta property=\"og:type\" content=\"article\" \/>\n<meta property=\"og:title\" content=\"Un espacio m\u00e1s c\u00f3modo y moderno est\u00e1 en camino\" \/>\n<meta property=\"og:description\" content=\"Continua el proyecto de remodelaci\u00f3n de nuestra torre C\u00a0en la\u00a0sede principal en Cali que busca transformar nuestras instalaciones...\" \/>\n<meta property=\"og:url\" content=\"https:\/\/www.comfenalcovalle.com.co\/un-espacio-mas-comodo-y-moderno-en-sede-cali\/\" \/>\n<meta property=\"og:site_name\" content=\"Comfenalco Valle Delagente\" \/>\n<meta property=\"article:published_time\" content=\"2025-08-26T16:48:58+00:00\" \/>\n<meta property=\"article:modified_time\" content=\"2025-08-26T16:51:04+00:00\" \/>\n<meta property=\"og:image\" content=\"https:\/\/www.comfenalcovalle.com.co\/wp-content\/uploads\/2025\/01\/comunicado-atencion-presencial-servicio-2025.png\" \/>\n\t<meta property=\"og:image:width\" content=\"1920\" \/>\n\t<meta property=\"og:image:height\" content=\"1080\" \/>\n\t<meta property=\"og:image:type\" content=\"image\/png\" \/>\n<meta name=\"author\" content=\"Comunicaciones Comfenalco Valle delagente\" \/>\n<meta name=\"twitter:card\" content=\"summary_large_image\" \/>\n<meta name=\"twitter:label1\" content=\"Written by\" \/>\n\t<meta name=\"twitter:data1\" content=\"Comunicaciones Comfenalco Valle delagente\" \/>\n\t<meta name=\"twitter:label2\" content=\"Est. reading time\" \/>\n\t<meta name=\"twitter:data2\" content=\"1 minute\" \/>\n<script type=\"application\/ld+json\" class=\"yoast-schema-graph\">{\"@context\":\"https:\/\/schema.org\",\"@graph\":[{\"@type\":\"Article\",\"@id\":\"https:\/\/www.comfenalcovalle.com.co\/un-espacio-mas-comodo-y-moderno-en-sede-cali\/#article\",\"isPartOf\":{\"@id\":\"https:\/\/www.comfenalcovalle.com.co\/un-espacio-mas-comodo-y-moderno-en-sede-cali\/\"},\"author\":{\"name\":\"Comunicaciones Comfenalco Valle delagente\",\"@id\":\"https:\/\/www.comfenalcovalle.com.co\/#\/schema\/person\/d4d8bcb299f88f97b06096cf6a21cb01\"},\"headline\":\"Un espacio m\u00e1s c\u00f3modo y moderno est\u00e1 en camino\",\"datePublished\":\"2025-08-26T16:48:58+00:00\",\"dateModified\":\"2025-08-26T16:51:04+00:00\",\"mainEntityOfPage\":{\"@id\":\"https:\/\/www.comfenalcovalle.com.co\/un-espacio-mas-comodo-y-moderno-en-sede-cali\/\"},\"wordCount\":97,\"publisher\":{\"@id\":\"https:\/\/www.comfenalcovalle.com.co\/#organization\"},\"image\":{\"@id\":\"https:\/\/www.comfenalcovalle.com.co\/un-espacio-mas-comodo-y-moderno-en-sede-cali\/#primaryimage\"},\"thumbnailUrl\":\"https:\/\/test.comfenalcovalle.com.co\/wp-content\/uploads\/2025\/01\/comunicado-atencion-presencial-servicio-2025.png\",\"keywords\":[\"atenci\u00f3n\",\"comodidad\",\"construcci\u00f3n\",\"espacios\",\"moderno\",\"obras\",\"remodelaci\u00f3n\",\"ruido\",\"sede cali\",\"torre c\"],\"articleSection\":[\"Servicio al cliente\"],\"inLanguage\":\"en-US\"},{\"@type\":\"WebPage\",\"@id\":\"https:\/\/www.comfenalcovalle.com.co\/un-espacio-mas-comodo-y-moderno-en-sede-cali\/\",\"url\":\"https:\/\/www.comfenalcovalle.com.co\/un-espacio-mas-comodo-y-moderno-en-sede-cali\/\",\"name\":\"Un espacio m\u00e1s c\u00f3modo y moderno est\u00e1 en camino - Comfenalco Valle Delagente\",\"isPartOf\":{\"@id\":\"https:\/\/www.comfenalcovalle.com.co\/#website\"},\"primaryImageOfPage\":{\"@id\":\"https:\/\/www.comfenalcovalle.com.co\/un-espacio-mas-comodo-y-moderno-en-sede-cali\/#primaryimage\"},\"image\":{\"@id\":\"https:\/\/www.comfenalcovalle.com.co\/un-espacio-mas-comodo-y-moderno-en-sede-cali\/#primaryimage\"},\"thumbnailUrl\":\"https:\/\/test.comfenalcovalle.com.co\/wp-content\/uploads\/2025\/01\/comunicado-atencion-presencial-servicio-2025.png\",\"datePublished\":\"2025-08-26T16:48:58+00:00\",\"dateModified\":\"2025-08-26T16:51:04+00:00\",\"description\":\"Continua el proyecto de remodelaci\u00f3n de nuestra torre C\u00a0en la\u00a0sede principal en Cali que busca transformar nuestras instalaciones...\",\"breadcrumb\":{\"@id\":\"https:\/\/www.comfenalcovalle.com.co\/un-espacio-mas-comodo-y-moderno-en-sede-cali\/#breadcrumb\"},\"inLanguage\":\"en-US\",\"potentialAction\":[{\"@type\":\"ReadAction\",\"target\":[\"https:\/\/www.comfenalcovalle.com.co\/un-espacio-mas-comodo-y-moderno-en-sede-cali\/\"]}]},{\"@type\":\"ImageObject\",\"inLanguage\":\"en-US\",\"@id\":\"https:\/\/www.comfenalcovalle.com.co\/un-espacio-mas-comodo-y-moderno-en-sede-cali\/#primaryimage\",\"url\":\"https:\/\/test.comfenalcovalle.com.co\/wp-content\/uploads\/2025\/01\/comunicado-atencion-presencial-servicio-2025.png\",\"contentUrl\":\"https:\/\/test.comfenalcovalle.com.co\/wp-content\/uploads\/2025\/01\/comunicado-atencion-presencial-servicio-2025.png\",\"width\":1920,\"height\":1080,\"caption\":\"Atenci\u00f3n al cliente en temporada\"},{\"@type\":\"BreadcrumbList\",\"@id\":\"https:\/\/www.comfenalcovalle.com.co\/un-espacio-mas-comodo-y-moderno-en-sede-cali\/#breadcrumb\",\"itemListElement\":[{\"@type\":\"ListItem\",\"position\":1,\"name\":\"Portada\",\"item\":\"https:\/\/www.comfenalcovalle.com.co\/\"},{\"@type\":\"ListItem\",\"position\":2,\"name\":\"Un espacio m\u00e1s c\u00f3modo y moderno est\u00e1 en camino\"}]},{\"@type\":\"WebSite\",\"@id\":\"https:\/\/www.comfenalcovalle.com.co\/#website\",\"url\":\"https:\/\/www.comfenalcovalle.com.co\/\",\"name\":\"Comfenalco Valle Delagente\",\"description\":\"Caja de compensaci\u00f3n de Comfenalco Valle Delagente.\",\"publisher\":{\"@id\":\"https:\/\/www.comfenalcovalle.com.co\/#organization\"},\"potentialAction\":[{\"@type\":\"SearchAction\",\"target\":{\"@type\":\"EntryPoint\",\"urlTemplate\":\"https:\/\/www.comfenalcovalle.com.co\/?s={search_term_string}\"},\"query-input\":{\"@type\":\"PropertyValueSpecification\",\"valueRequired\":true,\"valueName\":\"search_term_string\"}}],\"inLanguage\":\"en-US\"},{\"@type\":\"Organization\",\"@id\":\"https:\/\/www.comfenalcovalle.com.co\/#organization\",\"name\":\"Comfenalco Valle Delagente\",\"url\":\"https:\/\/www.comfenalcovalle.com.co\/\",\"logo\":{\"@type\":\"ImageObject\",\"inLanguage\":\"en-US\",\"@id\":\"https:\/\/www.comfenalcovalle.com.co\/#\/schema\/logo\/image\/\",\"url\":\"https:\/\/test.comfenalcovalle.com.co\/wp-content\/uploads\/2021\/06\/logo-comfe-cabecera-agencia-empelo-actualizado.png\",\"contentUrl\":\"https:\/\/test.comfenalcovalle.com.co\/wp-content\/uploads\/2021\/06\/logo-comfe-cabecera-agencia-empelo-actualizado.png\",\"width\":500,\"height\":184,\"caption\":\"Comfenalco Valle Delagente\"},\"image\":{\"@id\":\"https:\/\/www.comfenalcovalle.com.co\/#\/schema\/logo\/image\/\"}},{\"@type\":\"Person\",\"@id\":\"https:\/\/www.comfenalcovalle.com.co\/#\/schema\/person\/d4d8bcb299f88f97b06096cf6a21cb01\",\"name\":\"Comunicaciones Comfenalco Valle delagente\",\"image\":{\"@type\":\"ImageObject\",\"inLanguage\":\"en-US\",\"@id\":\"https:\/\/www.comfenalcovalle.com.co\/#\/schema\/person\/image\/\",\"url\":\"https:\/\/secure.gravatar.com\/avatar\/d1c29eb639a137df0ac8bfec50479e8d6ef564f7320f439d9d984504359ea6ee?s=96&d=mm&r=g\",\"contentUrl\":\"https:\/\/secure.gravatar.com\/avatar\/d1c29eb639a137df0ac8bfec50479e8d6ef564f7320f439d9d984504359ea6ee?s=96&d=mm&r=g\",\"caption\":\"Comunicaciones Comfenalco Valle delagente\"},\"url\":\"https:\/\/test.comfenalcovalle.com.co\/en\/author\/comunicaciones-comfenalco-valle-delagente\/\"}]}<\/script>\n<!-- \/ Yoast SEO Premium plugin. -->","yoast_head_json":{"title":"Un espacio m\u00e1s c\u00f3modo y moderno est\u00e1 en camino - Comfenalco Valle Delagente","description":"Continua el proyecto de remodelaci\u00f3n de nuestra torre C\u00a0en la\u00a0sede principal en Cali que busca transformar nuestras instalaciones...","robots":{"index":"index","follow":"follow","max-snippet":"max-snippet:-1","max-image-preview":"max-image-preview:large","max-video-preview":"max-video-preview:-1"},"canonical":"https:\/\/www.comfenalcovalle.com.co\/un-espacio-mas-comodo-y-moderno-en-sede-cali\/","og_locale":"en_US","og_type":"article","og_title":"Un espacio m\u00e1s c\u00f3modo y moderno est\u00e1 en camino","og_description":"Continua el proyecto de remodelaci\u00f3n de nuestra torre C\u00a0en la\u00a0sede principal en Cali que busca transformar nuestras instalaciones...","og_url":"https:\/\/www.comfenalcovalle.com.co\/un-espacio-mas-comodo-y-moderno-en-sede-cali\/","og_site_name":"Comfenalco Valle Delagente","article_published_time":"2025-08-26T16:48:58+00:00","article_modified_time":"2025-08-26T16:51:04+00:00","og_image":[{"width":1920,"height":1080,"url":"https:\/\/www.comfenalcovalle.com.co\/wp-content\/uploads\/2025\/01\/comunicado-atencion-presencial-servicio-2025.png","type":"image\/png"}],"author":"Comunicaciones Comfenalco Valle delagente","twitter_card":"summary_large_image","twitter_misc":{"Written by":"Comunicaciones Comfenalco Valle delagente","Est. reading time":"1 minute"},"schema":{"@context":"https:\/\/schema.org","@graph":[{"@type":"Article","@id":"https:\/\/www.comfenalcovalle.com.co\/un-espacio-mas-comodo-y-moderno-en-sede-cali\/#article","isPartOf":{"@id":"https:\/\/www.comfenalcovalle.com.co\/un-espacio-mas-comodo-y-moderno-en-sede-cali\/"},"author":{"name":"Comunicaciones Comfenalco Valle delagente","@id":"https:\/\/www.comfenalcovalle.com.co\/#\/schema\/person\/d4d8bcb299f88f97b06096cf6a21cb01"},"headline":"Un espacio m\u00e1s c\u00f3modo y moderno est\u00e1 en camino","datePublished":"2025-08-26T16:48:58+00:00","dateModified":"2025-08-26T16:51:04+00:00","mainEntityOfPage":{"@id":"https:\/\/www.comfenalcovalle.com.co\/un-espacio-mas-comodo-y-moderno-en-sede-cali\/"},"wordCount":97,"publisher":{"@id":"https:\/\/www.comfenalcovalle.com.co\/#organization"},"image":{"@id":"https:\/\/www.comfenalcovalle.com.co\/un-espacio-mas-comodo-y-moderno-en-sede-cali\/#primaryimage"},"thumbnailUrl":"https:\/\/test.comfenalcovalle.com.co\/wp-content\/uploads\/2025\/01\/comunicado-atencion-presencial-servicio-2025.png","keywords":["atenci\u00f3n","comodidad","construcci\u00f3n","espacios","moderno","obras","remodelaci\u00f3n","ruido","sede cali","torre c"],"articleSection":["Servicio al cliente"],"inLanguage":"en-US"},{"@type":"WebPage","@id":"https:\/\/www.comfenalcovalle.com.co\/un-espacio-mas-comodo-y-moderno-en-sede-cali\/","url":"https:\/\/www.comfenalcovalle.com.co\/un-espacio-mas-comodo-y-moderno-en-sede-cali\/","name":"Un espacio m\u00e1s c\u00f3modo y moderno est\u00e1 en camino - Comfenalco Valle Delagente","isPartOf":{"@id":"https:\/\/www.comfenalcovalle.com.co\/#website"},"primaryImageOfPage":{"@id":"https:\/\/www.comfenalcovalle.com.co\/un-espacio-mas-comodo-y-moderno-en-sede-cali\/#primaryimage"},"image":{"@id":"https:\/\/www.comfenalcovalle.com.co\/un-espacio-mas-comodo-y-moderno-en-sede-cali\/#primaryimage"},"thumbnailUrl":"https:\/\/test.comfenalcovalle.com.co\/wp-content\/uploads\/2025\/01\/comunicado-atencion-presencial-servicio-2025.png","datePublished":"2025-08-26T16:48:58+00:00","dateModified":"2025-08-26T16:51:04+00:00","description":"Continua el proyecto de remodelaci\u00f3n de nuestra torre C\u00a0en la\u00a0sede principal en Cali que busca transformar nuestras instalaciones...","breadcrumb":{"@id":"https:\/\/www.comfenalcovalle.com.co\/un-espacio-mas-comodo-y-moderno-en-sede-cali\/#breadcrumb"},"inLanguage":"en-US","potentialAction":[{"@type":"ReadAction","target":["https:\/\/www.comfenalcovalle.com.co\/un-espacio-mas-comodo-y-moderno-en-sede-cali\/"]}]},{"@type":"ImageObject","inLanguage":"en-US","@id":"https:\/\/www.comfenalcovalle.com.co\/un-espacio-mas-comodo-y-moderno-en-sede-cali\/#primaryimage","url":"https:\/\/test.comfenalcovalle.com.co\/wp-content\/uploads\/2025\/01\/comunicado-atencion-presencial-servicio-2025.png","contentUrl":"https:\/\/test.comfenalcovalle.com.co\/wp-content\/uploads\/2025\/01\/comunicado-atencion-presencial-servicio-2025.png","width":1920,"height":1080,"caption":"Atenci\u00f3n al cliente en temporada"},{"@type":"BreadcrumbList","@id":"https:\/\/www.comfenalcovalle.com.co\/un-espacio-mas-comodo-y-moderno-en-sede-cali\/#breadcrumb","itemListElement":[{"@type":"ListItem","position":1,"name":"Portada","item":"https:\/\/www.comfenalcovalle.com.co\/"},{"@type":"ListItem","position":2,"name":"Un espacio m\u00e1s c\u00f3modo y moderno est\u00e1 en camino"}]},{"@type":"WebSite","@id":"https:\/\/www.comfenalcovalle.com.co\/#website","url":"https:\/\/www.comfenalcovalle.com.co\/","name":"Comfenalco Valle Delagente","description":"Comfenalco Valle Delagente compensation fund.","publisher":{"@id":"https:\/\/www.comfenalcovalle.com.co\/#organization"},"potentialAction":[{"@type":"SearchAction","target":{"@type":"EntryPoint","urlTemplate":"https:\/\/www.comfenalcovalle.com.co\/?s={search_term_string}"},"query-input":{"@type":"PropertyValueSpecification","valueRequired":true,"valueName":"search_term_string"}}],"inLanguage":"en-US"},{"@type":"Organization","@id":"https:\/\/www.comfenalcovalle.com.co\/#organization","name":"Comfenalco Valle Delagente","url":"https:\/\/www.comfenalcovalle.com.co\/","logo":{"@type":"ImageObject","inLanguage":"en-US","@id":"https:\/\/www.comfenalcovalle.com.co\/#\/schema\/logo\/image\/","url":"https:\/\/test.comfenalcovalle.com.co\/wp-content\/uploads\/2021\/06\/logo-comfe-cabecera-agencia-empelo-actualizado.png","contentUrl":"https:\/\/test.comfenalcovalle.com.co\/wp-content\/uploads\/2021\/06\/logo-comfe-cabecera-agencia-empelo-actualizado.png","width":500,"height":184,"caption":"Comfenalco Valle Delagente"},"image":{"@id":"https:\/\/www.comfenalcovalle.com.co\/#\/schema\/logo\/image\/"}},{"@type":"Person","@id":"https:\/\/www.comfenalcovalle.com.co\/#\/schema\/person\/d4d8bcb299f88f97b06096cf6a21cb01","name":"Communications Comfenalco Valle delagente","image":{"@type":"ImageObject","inLanguage":"en-US","@id":"https:\/\/www.comfenalcovalle.com.co\/#\/schema\/person\/image\/","url":"https:\/\/secure.gravatar.com\/avatar\/d1c29eb639a137df0ac8bfec50479e8d6ef564f7320f439d9d984504359ea6ee?s=96&d=mm&r=g","contentUrl":"https:\/\/secure.gravatar.com\/avatar\/d1c29eb639a137df0ac8bfec50479e8d6ef564f7320f439d9d984504359ea6ee?s=96&d=mm&r=g","caption":"Comunicaciones Comfenalco Valle delagente"},"url":"https:\/\/test.comfenalcovalle.com.co\/en\/author\/comunicaciones-comfenalco-valle-delagente\/"}]}},"publishpress_future_action":{"enabled":false,"date":"2026-05-08 09:11:05","action":"change-status","newStatus":"draft","terms":[],"taxonomy":"category","extraData":[]},"publishpress_future_workflow_manual_trigger":{"enabledWorkflows":[]},"_links":{"self":[{"href":"https:\/\/test.comfenalcovalle.com.co\/en\/wp-json\/wp\/v2\/posts\/667148","targetHints":{"allow":["GET"]}}],"collection":[{"href":"https:\/\/test.comfenalcovalle.com.co\/en\/wp-json\/wp\/v2\/posts"}],"about":[{"href":"https:\/\/test.comfenalcovalle.com.co\/en\/wp-json\/wp\/v2\/types\/post"}],"author":[{"embeddable":true,"href":"https:\/\/test.comfenalcovalle.com.co\/en\/wp-json\/wp\/v2\/users\/6"}],"replies":[{"embeddable":true,"href":"https:\/\/test.comfenalcovalle.com.co\/en\/wp-json\/wp\/v2\/comments?post=667148"}],"version-history":[{"count":0,"href":"https:\/\/test.comfenalcovalle.com.co\/en\/wp-json\/wp\/v2\/posts\/667148\/revisions"}],"wp:featuredmedia":[{"embeddable":true,"href":"https:\/\/test.comfenalcovalle.com.co\/en\/wp-json\/wp\/v2\/media\/654541"}],"wp:attachment":[{"href":"https:\/\/test.comfenalcovalle.com.co\/en\/wp-json\/wp\/v2\/media?parent=667148"}],"wp:term":[{"taxonomy":"category","embeddable":true,"href":"https:\/\/test.comfenalcovalle.com.co\/en\/wp-json\/wp\/v2\/categories?post=667148"},{"taxonomy":"post_tag","embeddable":true,"href":"https:\/\/test.comfenalcovalle.com.co\/en\/wp-json\/wp\/v2\/tags?post=667148"}],"curies":[{"name":"wp","href":"https:\/\/api.w.org\/{rel}","templated":true}]}}