{"id":667087,"date":"2025-08-25T11:41:43","date_gmt":"2025-08-25T16:41:43","guid":{"rendered":"https:\/\/test.comfenalcovalle.com.co\/?p=667087"},"modified":"2025-08-25T14:08:31","modified_gmt":"2025-08-25T19:08:31","slug":"modificacion-temporal-en-el-horario-de-atencion-en-buenaventura","status":"publish","type":"post","link":"https:\/\/test.comfenalcovalle.com.co\/en\/modificacion-temporal-en-el-horario-de-atencion-en-buenaventura\/","title":{"rendered":"Modificaci\u00f3n temporal en el horario de atenci\u00f3n en Buenaventura"},"content":{"rendered":"<p>Informamos a nuestros afiliados y p\u00fablico en general que, con motivo del <strong>Festival Folcl\u00f3rico del Pac\u00edfico<\/strong>, se modificar\u00e1 el horario de atenci\u00f3n en Buenaventura del 27 al 29 de agosto de 2025.<\/p>\n\n\n\n<ul class=\"wp-block-list\">\n<li>The <strong>Sede Administrativa y de Servicios<\/strong>, junto con la <strong>Employment agency<\/strong>, atender\u00e1n de 8:00 a.m. a 12:00 m.<\/li>\n\n\n\n<li>He <strong>PEC Agent<\/strong>, continua con sus jornadas academias diurna, nocturna y sabatina.<\/li>\n\n\n\n<li>El horario del <strong>Comfamar Recreational Center<\/strong> ser\u00e1 de 8:00 a.m. a 2:00 p.m. y el fin de semana ser\u00e1 el horario habitual.<\/li>\n\n\n\n<li><strong>Hotel Comfamar<\/strong> prestar\u00e1 sus servicios con normalidad.<br><\/li>\n<\/ul>\n\n\n\n<p>Recordamos que tambi\u00e9n puedes hacer uso de nuestros canales de atenci\u00f3n virtual:<\/p>\n\n\n\n<ul class=\"wp-block-list\">\n<li>L\u00ednea PBX: (602) 886 27 27.<\/li>\n\n\n\n<li>P\u00e1gina web <strong>test.comfenalcovalle.com.co<\/strong> y Asesor Virtual Diligente.<\/li>\n\n\n\n<li>Redes sociales.<\/li>\n<\/ul>\n\n\n\n<p><\/p>\n\n\n\n<p>We appreciate your understanding.<\/p>\n\n\n\n<p><\/p>\n\n\n\n<p><strong>Comfenalco Valle Delagente.<br>Family Compensation Fund.<\/strong><\/p>","protected":false},"excerpt":{"rendered":"<p>Informamos a nuestros afiliados y p\u00fablico en general que, con motivo del Festival Folcl\u00f3rico del Pac\u00edfico, se modificar\u00e1 el horario de atenci\u00f3n en Buenaventura del 27 al 29 de agosto de 2025. Recordamos que tambi\u00e9n puedes hacer uso de nuestros canales de atenci\u00f3n virtual: Agradecemos la comprensi\u00f3n. Comfenalco Valle Delagente.Caja de Compensaci\u00f3n Familiar.<\/p>","protected":false},"author":6,"featured_media":654542,"comment_status":"closed","ping_status":"closed","sticky":false,"template":"","format":"standard","meta":{"footnotes":""},"categories":[101],"tags":[324,58,109,439,1089,1090,1088,779,283],"class_list":["post-667087","post","type-post","status-publish","format-standard","has-post-thumbnail","hentry","category-servicio-al-cliente","tag-atencion","tag-comfenalco","tag-delagente","tag-especial","tag-festival","tag-folclorico","tag-modifica","tag-pacifico","tag-valle"],"yoast_head":"<!-- This site is optimized with the Yoast SEO Premium plugin v25.9 (Yoast SEO v25.9) - https:\/\/yoast.com\/wordpress\/plugins\/seo\/ -->\n<title>Modificaci\u00f3n temporal en el horario de atenci\u00f3n en Buenaventura - Comfenalco Valle Delagente<\/title>\n<meta name=\"description\" content=\"Informamos que se modificar\u00e1 el horario de atenci\u00f3n en Buenaventura del 27 al 29 de agosto de 2025 por motivo del Festival Folcl\u00f3rico\" \/>\n<meta name=\"robots\" content=\"index, follow, max-snippet:-1, max-image-preview:large, max-video-preview:-1\" \/>\n<link rel=\"canonical\" href=\"https:\/\/www.comfenalcovalle.com.co\/modificacion-temporal-en-el-horario-de-atencion-en-buenaventura\/\" \/>\n<meta property=\"og:locale\" content=\"en_US\" \/>\n<meta property=\"og:type\" content=\"article\" \/>\n<meta property=\"og:title\" content=\"Modificaci\u00f3n temporal en el horario de atenci\u00f3n en Buenaventura\" \/>\n<meta property=\"og:description\" content=\"Informamos que se modificar\u00e1 el horario de atenci\u00f3n en Buenaventura del 27 al 29 de agosto de 2025 por motivo del Festival Folcl\u00f3rico\" \/>\n<meta property=\"og:url\" content=\"https:\/\/www.comfenalcovalle.com.co\/modificacion-temporal-en-el-horario-de-atencion-en-buenaventura\/\" \/>\n<meta property=\"og:site_name\" content=\"Comfenalco Valle Delagente\" \/>\n<meta property=\"article:published_time\" content=\"2025-08-25T16:41:43+00:00\" \/>\n<meta property=\"article:modified_time\" content=\"2025-08-25T19:08:31+00:00\" \/>\n<meta property=\"og:image\" content=\"https:\/\/www.comfenalcovalle.com.co\/wp-content\/uploads\/2025\/01\/comunicado-atencion-servicio-cliente-2025.png\" \/>\n\t<meta property=\"og:image:width\" content=\"1920\" \/>\n\t<meta property=\"og:image:height\" content=\"1080\" \/>\n\t<meta property=\"og:image:type\" content=\"image\/png\" \/>\n<meta name=\"author\" content=\"Comunicaciones Comfenalco Valle delagente\" \/>\n<meta name=\"twitter:card\" content=\"summary_large_image\" \/>\n<meta name=\"twitter:label1\" content=\"Written by\" \/>\n\t<meta name=\"twitter:data1\" content=\"Comunicaciones Comfenalco Valle delagente\" \/>\n\t<meta name=\"twitter:label2\" content=\"Est. reading time\" \/>\n\t<meta name=\"twitter:data2\" content=\"1 minute\" \/>\n<script type=\"application\/ld+json\" class=\"yoast-schema-graph\">{\"@context\":\"https:\/\/schema.org\",\"@graph\":[{\"@type\":\"Article\",\"@id\":\"https:\/\/www.comfenalcovalle.com.co\/modificacion-temporal-en-el-horario-de-atencion-en-buenaventura\/#article\",\"isPartOf\":{\"@id\":\"https:\/\/www.comfenalcovalle.com.co\/modificacion-temporal-en-el-horario-de-atencion-en-buenaventura\/\"},\"author\":{\"name\":\"Comunicaciones Comfenalco Valle delagente\",\"@id\":\"https:\/\/www.comfenalcovalle.com.co\/#\/schema\/person\/d4d8bcb299f88f97b06096cf6a21cb01\"},\"headline\":\"Modificaci\u00f3n temporal en el horario de atenci\u00f3n en Buenaventura\",\"datePublished\":\"2025-08-25T16:41:43+00:00\",\"dateModified\":\"2025-08-25T19:08:31+00:00\",\"mainEntityOfPage\":{\"@id\":\"https:\/\/www.comfenalcovalle.com.co\/modificacion-temporal-en-el-horario-de-atencion-en-buenaventura\/\"},\"wordCount\":146,\"publisher\":{\"@id\":\"https:\/\/www.comfenalcovalle.com.co\/#organization\"},\"image\":{\"@id\":\"https:\/\/www.comfenalcovalle.com.co\/modificacion-temporal-en-el-horario-de-atencion-en-buenaventura\/#primaryimage\"},\"thumbnailUrl\":\"https:\/\/test.comfenalcovalle.com.co\/wp-content\/uploads\/2025\/01\/comunicado-atencion-servicio-cliente-2025.png\",\"keywords\":[\"atenci\u00f3n\",\"comfenalco\",\"Delagente\",\"especial\",\"festival\",\"folclorico\",\"modifica\",\"pac\u00edfico\",\"valle\"],\"articleSection\":[\"Servicio al cliente\"],\"inLanguage\":\"en-US\"},{\"@type\":\"WebPage\",\"@id\":\"https:\/\/www.comfenalcovalle.com.co\/modificacion-temporal-en-el-horario-de-atencion-en-buenaventura\/\",\"url\":\"https:\/\/www.comfenalcovalle.com.co\/modificacion-temporal-en-el-horario-de-atencion-en-buenaventura\/\",\"name\":\"Modificaci\u00f3n temporal en el horario de atenci\u00f3n en Buenaventura - Comfenalco Valle Delagente\",\"isPartOf\":{\"@id\":\"https:\/\/www.comfenalcovalle.com.co\/#website\"},\"primaryImageOfPage\":{\"@id\":\"https:\/\/www.comfenalcovalle.com.co\/modificacion-temporal-en-el-horario-de-atencion-en-buenaventura\/#primaryimage\"},\"image\":{\"@id\":\"https:\/\/www.comfenalcovalle.com.co\/modificacion-temporal-en-el-horario-de-atencion-en-buenaventura\/#primaryimage\"},\"thumbnailUrl\":\"https:\/\/test.comfenalcovalle.com.co\/wp-content\/uploads\/2025\/01\/comunicado-atencion-servicio-cliente-2025.png\",\"datePublished\":\"2025-08-25T16:41:43+00:00\",\"dateModified\":\"2025-08-25T19:08:31+00:00\",\"description\":\"Informamos que se modificar\u00e1 el horario de atenci\u00f3n en Buenaventura del 27 al 29 de agosto de 2025 por motivo del Festival Folcl\u00f3rico\",\"breadcrumb\":{\"@id\":\"https:\/\/www.comfenalcovalle.com.co\/modificacion-temporal-en-el-horario-de-atencion-en-buenaventura\/#breadcrumb\"},\"inLanguage\":\"en-US\",\"potentialAction\":[{\"@type\":\"ReadAction\",\"target\":[\"https:\/\/www.comfenalcovalle.com.co\/modificacion-temporal-en-el-horario-de-atencion-en-buenaventura\/\"]}]},{\"@type\":\"ImageObject\",\"inLanguage\":\"en-US\",\"@id\":\"https:\/\/www.comfenalcovalle.com.co\/modificacion-temporal-en-el-horario-de-atencion-en-buenaventura\/#primaryimage\",\"url\":\"https:\/\/test.comfenalcovalle.com.co\/wp-content\/uploads\/2025\/01\/comunicado-atencion-servicio-cliente-2025.png\",\"contentUrl\":\"https:\/\/test.comfenalcovalle.com.co\/wp-content\/uploads\/2025\/01\/comunicado-atencion-servicio-cliente-2025.png\",\"width\":1920,\"height\":1080,\"caption\":\"Atenci\u00f3n al cliente en temporada\"},{\"@type\":\"BreadcrumbList\",\"@id\":\"https:\/\/www.comfenalcovalle.com.co\/modificacion-temporal-en-el-horario-de-atencion-en-buenaventura\/#breadcrumb\",\"itemListElement\":[{\"@type\":\"ListItem\",\"position\":1,\"name\":\"Portada\",\"item\":\"https:\/\/www.comfenalcovalle.com.co\/\"},{\"@type\":\"ListItem\",\"position\":2,\"name\":\"Modificaci\u00f3n temporal en el horario de atenci\u00f3n en Buenaventura\"}]},{\"@type\":\"WebSite\",\"@id\":\"https:\/\/www.comfenalcovalle.com.co\/#website\",\"url\":\"https:\/\/www.comfenalcovalle.com.co\/\",\"name\":\"Comfenalco Valle Delagente\",\"description\":\"Caja de compensaci\u00f3n de Comfenalco Valle Delagente.\",\"publisher\":{\"@id\":\"https:\/\/www.comfenalcovalle.com.co\/#organization\"},\"potentialAction\":[{\"@type\":\"SearchAction\",\"target\":{\"@type\":\"EntryPoint\",\"urlTemplate\":\"https:\/\/www.comfenalcovalle.com.co\/?s={search_term_string}\"},\"query-input\":{\"@type\":\"PropertyValueSpecification\",\"valueRequired\":true,\"valueName\":\"search_term_string\"}}],\"inLanguage\":\"en-US\"},{\"@type\":\"Organization\",\"@id\":\"https:\/\/www.comfenalcovalle.com.co\/#organization\",\"name\":\"Comfenalco Valle Delagente\",\"url\":\"https:\/\/www.comfenalcovalle.com.co\/\",\"logo\":{\"@type\":\"ImageObject\",\"inLanguage\":\"en-US\",\"@id\":\"https:\/\/www.comfenalcovalle.com.co\/#\/schema\/logo\/image\/\",\"url\":\"https:\/\/test.comfenalcovalle.com.co\/wp-content\/uploads\/2021\/06\/logo-comfe-cabecera-agencia-empelo-actualizado.png\",\"contentUrl\":\"https:\/\/test.comfenalcovalle.com.co\/wp-content\/uploads\/2021\/06\/logo-comfe-cabecera-agencia-empelo-actualizado.png\",\"width\":500,\"height\":184,\"caption\":\"Comfenalco Valle Delagente\"},\"image\":{\"@id\":\"https:\/\/www.comfenalcovalle.com.co\/#\/schema\/logo\/image\/\"}},{\"@type\":\"Person\",\"@id\":\"https:\/\/www.comfenalcovalle.com.co\/#\/schema\/person\/d4d8bcb299f88f97b06096cf6a21cb01\",\"name\":\"Comunicaciones Comfenalco Valle delagente\",\"image\":{\"@type\":\"ImageObject\",\"inLanguage\":\"en-US\",\"@id\":\"https:\/\/www.comfenalcovalle.com.co\/#\/schema\/person\/image\/\",\"url\":\"https:\/\/secure.gravatar.com\/avatar\/d1c29eb639a137df0ac8bfec50479e8d6ef564f7320f439d9d984504359ea6ee?s=96&d=mm&r=g\",\"contentUrl\":\"https:\/\/secure.gravatar.com\/avatar\/d1c29eb639a137df0ac8bfec50479e8d6ef564f7320f439d9d984504359ea6ee?s=96&d=mm&r=g\",\"caption\":\"Comunicaciones Comfenalco Valle delagente\"},\"url\":\"https:\/\/test.comfenalcovalle.com.co\/en\/author\/comunicaciones-comfenalco-valle-delagente\/\"}]}<\/script>\n<!-- \/ Yoast SEO Premium plugin. -->","yoast_head_json":{"title":"Modificaci\u00f3n temporal en el horario de atenci\u00f3n en Buenaventura - Comfenalco Valle Delagente","description":"Informamos que se modificar\u00e1 el horario de atenci\u00f3n en Buenaventura del 27 al 29 de agosto de 2025 por motivo del Festival Folcl\u00f3rico","robots":{"index":"index","follow":"follow","max-snippet":"max-snippet:-1","max-image-preview":"max-image-preview:large","max-video-preview":"max-video-preview:-1"},"canonical":"https:\/\/www.comfenalcovalle.com.co\/modificacion-temporal-en-el-horario-de-atencion-en-buenaventura\/","og_locale":"en_US","og_type":"article","og_title":"Modificaci\u00f3n temporal en el horario de atenci\u00f3n en Buenaventura","og_description":"Informamos que se modificar\u00e1 el horario de atenci\u00f3n en Buenaventura del 27 al 29 de agosto de 2025 por motivo del Festival Folcl\u00f3rico","og_url":"https:\/\/www.comfenalcovalle.com.co\/modificacion-temporal-en-el-horario-de-atencion-en-buenaventura\/","og_site_name":"Comfenalco Valle Delagente","article_published_time":"2025-08-25T16:41:43+00:00","article_modified_time":"2025-08-25T19:08:31+00:00","og_image":[{"width":1920,"height":1080,"url":"https:\/\/www.comfenalcovalle.com.co\/wp-content\/uploads\/2025\/01\/comunicado-atencion-servicio-cliente-2025.png","type":"image\/png"}],"author":"Comunicaciones Comfenalco Valle delagente","twitter_card":"summary_large_image","twitter_misc":{"Written by":"Comunicaciones Comfenalco Valle delagente","Est. reading time":"1 minute"},"schema":{"@context":"https:\/\/schema.org","@graph":[{"@type":"Article","@id":"https:\/\/www.comfenalcovalle.com.co\/modificacion-temporal-en-el-horario-de-atencion-en-buenaventura\/#article","isPartOf":{"@id":"https:\/\/www.comfenalcovalle.com.co\/modificacion-temporal-en-el-horario-de-atencion-en-buenaventura\/"},"author":{"name":"Comunicaciones Comfenalco Valle delagente","@id":"https:\/\/www.comfenalcovalle.com.co\/#\/schema\/person\/d4d8bcb299f88f97b06096cf6a21cb01"},"headline":"Modificaci\u00f3n temporal en el horario de atenci\u00f3n en Buenaventura","datePublished":"2025-08-25T16:41:43+00:00","dateModified":"2025-08-25T19:08:31+00:00","mainEntityOfPage":{"@id":"https:\/\/www.comfenalcovalle.com.co\/modificacion-temporal-en-el-horario-de-atencion-en-buenaventura\/"},"wordCount":146,"publisher":{"@id":"https:\/\/www.comfenalcovalle.com.co\/#organization"},"image":{"@id":"https:\/\/www.comfenalcovalle.com.co\/modificacion-temporal-en-el-horario-de-atencion-en-buenaventura\/#primaryimage"},"thumbnailUrl":"https:\/\/test.comfenalcovalle.com.co\/wp-content\/uploads\/2025\/01\/comunicado-atencion-servicio-cliente-2025.png","keywords":["atenci\u00f3n","comfenalco","Delagente","especial","festival","folclorico","modifica","pac\u00edfico","valle"],"articleSection":["Servicio al cliente"],"inLanguage":"en-US"},{"@type":"WebPage","@id":"https:\/\/www.comfenalcovalle.com.co\/modificacion-temporal-en-el-horario-de-atencion-en-buenaventura\/","url":"https:\/\/www.comfenalcovalle.com.co\/modificacion-temporal-en-el-horario-de-atencion-en-buenaventura\/","name":"Modificaci\u00f3n temporal en el horario de atenci\u00f3n en Buenaventura - Comfenalco Valle Delagente","isPartOf":{"@id":"https:\/\/www.comfenalcovalle.com.co\/#website"},"primaryImageOfPage":{"@id":"https:\/\/www.comfenalcovalle.com.co\/modificacion-temporal-en-el-horario-de-atencion-en-buenaventura\/#primaryimage"},"image":{"@id":"https:\/\/www.comfenalcovalle.com.co\/modificacion-temporal-en-el-horario-de-atencion-en-buenaventura\/#primaryimage"},"thumbnailUrl":"https:\/\/test.comfenalcovalle.com.co\/wp-content\/uploads\/2025\/01\/comunicado-atencion-servicio-cliente-2025.png","datePublished":"2025-08-25T16:41:43+00:00","dateModified":"2025-08-25T19:08:31+00:00","description":"Informamos que se modificar\u00e1 el horario de atenci\u00f3n en Buenaventura del 27 al 29 de agosto de 2025 por motivo del Festival Folcl\u00f3rico","breadcrumb":{"@id":"https:\/\/www.comfenalcovalle.com.co\/modificacion-temporal-en-el-horario-de-atencion-en-buenaventura\/#breadcrumb"},"inLanguage":"en-US","potentialAction":[{"@type":"ReadAction","target":["https:\/\/www.comfenalcovalle.com.co\/modificacion-temporal-en-el-horario-de-atencion-en-buenaventura\/"]}]},{"@type":"ImageObject","inLanguage":"en-US","@id":"https:\/\/www.comfenalcovalle.com.co\/modificacion-temporal-en-el-horario-de-atencion-en-buenaventura\/#primaryimage","url":"https:\/\/test.comfenalcovalle.com.co\/wp-content\/uploads\/2025\/01\/comunicado-atencion-servicio-cliente-2025.png","contentUrl":"https:\/\/test.comfenalcovalle.com.co\/wp-content\/uploads\/2025\/01\/comunicado-atencion-servicio-cliente-2025.png","width":1920,"height":1080,"caption":"Atenci\u00f3n al cliente en temporada"},{"@type":"BreadcrumbList","@id":"https:\/\/www.comfenalcovalle.com.co\/modificacion-temporal-en-el-horario-de-atencion-en-buenaventura\/#breadcrumb","itemListElement":[{"@type":"ListItem","position":1,"name":"Portada","item":"https:\/\/www.comfenalcovalle.com.co\/"},{"@type":"ListItem","position":2,"name":"Modificaci\u00f3n temporal en el horario de atenci\u00f3n en Buenaventura"}]},{"@type":"WebSite","@id":"https:\/\/www.comfenalcovalle.com.co\/#website","url":"https:\/\/www.comfenalcovalle.com.co\/","name":"Comfenalco Valle Delagente","description":"Comfenalco Valle Delagente compensation fund.","publisher":{"@id":"https:\/\/www.comfenalcovalle.com.co\/#organization"},"potentialAction":[{"@type":"SearchAction","target":{"@type":"EntryPoint","urlTemplate":"https:\/\/www.comfenalcovalle.com.co\/?s={search_term_string}"},"query-input":{"@type":"PropertyValueSpecification","valueRequired":true,"valueName":"search_term_string"}}],"inLanguage":"en-US"},{"@type":"Organization","@id":"https:\/\/www.comfenalcovalle.com.co\/#organization","name":"Comfenalco Valle Delagente","url":"https:\/\/www.comfenalcovalle.com.co\/","logo":{"@type":"ImageObject","inLanguage":"en-US","@id":"https:\/\/www.comfenalcovalle.com.co\/#\/schema\/logo\/image\/","url":"https:\/\/test.comfenalcovalle.com.co\/wp-content\/uploads\/2021\/06\/logo-comfe-cabecera-agencia-empelo-actualizado.png","contentUrl":"https:\/\/test.comfenalcovalle.com.co\/wp-content\/uploads\/2021\/06\/logo-comfe-cabecera-agencia-empelo-actualizado.png","width":500,"height":184,"caption":"Comfenalco Valle Delagente"},"image":{"@id":"https:\/\/www.comfenalcovalle.com.co\/#\/schema\/logo\/image\/"}},{"@type":"Person","@id":"https:\/\/www.comfenalcovalle.com.co\/#\/schema\/person\/d4d8bcb299f88f97b06096cf6a21cb01","name":"Communications Comfenalco Valle delagente","image":{"@type":"ImageObject","inLanguage":"en-US","@id":"https:\/\/www.comfenalcovalle.com.co\/#\/schema\/person\/image\/","url":"https:\/\/secure.gravatar.com\/avatar\/d1c29eb639a137df0ac8bfec50479e8d6ef564f7320f439d9d984504359ea6ee?s=96&d=mm&r=g","contentUrl":"https:\/\/secure.gravatar.com\/avatar\/d1c29eb639a137df0ac8bfec50479e8d6ef564f7320f439d9d984504359ea6ee?s=96&d=mm&r=g","caption":"Comunicaciones Comfenalco Valle delagente"},"url":"https:\/\/test.comfenalcovalle.com.co\/en\/author\/comunicaciones-comfenalco-valle-delagente\/"}]}},"publishpress_future_action":{"enabled":false,"date":"2026-05-08 14:36:25","action":"change-status","newStatus":"draft","terms":[],"taxonomy":"category","extraData":[]},"publishpress_future_workflow_manual_trigger":{"enabledWorkflows":[]},"_links":{"self":[{"href":"https:\/\/test.comfenalcovalle.com.co\/en\/wp-json\/wp\/v2\/posts\/667087","targetHints":{"allow":["GET"]}}],"collection":[{"href":"https:\/\/test.comfenalcovalle.com.co\/en\/wp-json\/wp\/v2\/posts"}],"about":[{"href":"https:\/\/test.comfenalcovalle.com.co\/en\/wp-json\/wp\/v2\/types\/post"}],"author":[{"embeddable":true,"href":"https:\/\/test.comfenalcovalle.com.co\/en\/wp-json\/wp\/v2\/users\/6"}],"replies":[{"embeddable":true,"href":"https:\/\/test.comfenalcovalle.com.co\/en\/wp-json\/wp\/v2\/comments?post=667087"}],"version-history":[{"count":0,"href":"https:\/\/test.comfenalcovalle.com.co\/en\/wp-json\/wp\/v2\/posts\/667087\/revisions"}],"wp:featuredmedia":[{"embeddable":true,"href":"https:\/\/test.comfenalcovalle.com.co\/en\/wp-json\/wp\/v2\/media\/654542"}],"wp:attachment":[{"href":"https:\/\/test.comfenalcovalle.com.co\/en\/wp-json\/wp\/v2\/media?parent=667087"}],"wp:term":[{"taxonomy":"category","embeddable":true,"href":"https:\/\/test.comfenalcovalle.com.co\/en\/wp-json\/wp\/v2\/categories?post=667087"},{"taxonomy":"post_tag","embeddable":true,"href":"https:\/\/test.comfenalcovalle.com.co\/en\/wp-json\/wp\/v2\/tags?post=667087"}],"curies":[{"name":"wp","href":"https:\/\/api.w.org\/{rel}","templated":true}]}}