{"id":665920,"date":"2025-08-14T08:10:00","date_gmt":"2025-08-14T13:10:00","guid":{"rendered":"https:\/\/test.comfenalcovalle.com.co\/?p=665920"},"modified":"2025-08-21T09:39:41","modified_gmt":"2025-08-21T14:39:41","slug":"comfenalco-valle-recibio-reconocimiento-a-las-buenas-practicas-de-desarrollo-sostenible","status":"publish","type":"post","link":"https:\/\/test.comfenalcovalle.com.co\/en\/comfenalco-valle-recibio-reconocimiento-a-las-buenas-practicas-de-desarrollo-sostenible\/","title":{"rendered":"Comfenalco Valle recibi\u00f3 reconocimiento a las Buenas Pr\u00e1cticas de Desarrollo Sostenible"},"content":{"rendered":"<div data-elementor-type=\"wp-post\" data-elementor-id=\"665920\" class=\"elementor elementor-665920\" data-elementor-post-type=\"post\">\n\t\t\t\t<div class=\"elementor-element elementor-element-d7ba54c e-flex e-con-boxed e-con e-parent\" data-id=\"d7ba54c\" data-element_type=\"container\">\n\t\t\t\t\t<div class=\"e-con-inner\">\n\t\t\t\t<div class=\"elementor-element elementor-element-11632b9b elementor-widget elementor-widget-text-editor\" data-id=\"11632b9b\" data-element_type=\"widget\" data-widget_type=\"text-editor.default\">\n\t\t\t\t<div class=\"elementor-widget-container\">\n\t\t\t\t\t\t\t\t\t\n<ul class=\"wp-block-list\">\n<li><em>El premio fue entregado en ceremonia realizada el 13 de agosto en Bogot\u00e1.<\/em><\/li>\n<\/ul>\n\n<p>\u00a0<\/p>\n\n<p>Con el dise\u00f1o y la implementaci\u00f3n del <strong>Programa de Derechos Humanos y Sostenibilidad \u201cConstruyamos Juntos\u201d,<\/strong> la Caja de Compensaci\u00f3n Familiar Comfenalco Valle Delagente fue una de las ganadoras del <strong>Reconocimiento a las Buenas Pr\u00e1cticas de Desarrollo Sostenible otorgado por <a href=\"https:\/\/www.pactoglobal-colombia.org\/\">Pacto Global Red Colombia<\/a>.<\/strong><\/p>\n\n<p>Este reconocimiento nacional se obtuvo luego de que se evaluaran m\u00e1s 250 pr\u00e1cticas postuladas y obedece al cumplimiento de los siguientes criterios de evaluaci\u00f3n: <strong>innovaci\u00f3n, gesti\u00f3n y calidad, impacto, sostenibilidad en el tiempo y pertinencia en el territorio.<\/strong><\/p>\n\n<blockquote class=\"wp-block-quote is-layout-flow wp-block-quote-is-layout-flow\">\n<p>\u201cLa gesti\u00f3n del programa Construyamos Juntos se realiz\u00f3 bajo un enfoque estrat\u00e9gico, participativo y orientado a resultados, liderado por el \u00e1rea de Cooperaci\u00f3n Nacional e Internacional de Comfenalco Valle Delagente, con el acompa\u00f1amiento del Comit\u00e9 del Sistema de Gesti\u00f3n Integral (SGI) y la Direcci\u00f3n General. Su dise\u00f1o e implementaci\u00f3n responde a est\u00e1ndares internacionales (ONU, <a href=\"https:\/\/www.pactoglobal-colombia.org\/\">Pacto Global<\/a>, GRI), aplicando herramientas de planeaci\u00f3n robustas y con un alto nivel de apropiaci\u00f3n institucional\u201d, explic\u00f3 Liliana Ambuila Valencia, l\u00edder del programa Construyamos Juntos.<\/p>\n<\/blockquote>\n\n<p>El objetivo del programa es alinear las operaciones institucionales con los Principios Rectores sobre las Empresas y los Derechos Humanos, los principios del <a href=\"https:\/\/www.pactoglobal-colombia.org\/\">Pacto Global<\/a> y los Objetivos de Desarrollo Sostenible. As\u00ed como generar progreso y asegurar la sostenibilidad social, financiera y ambiental a corto, mediano y largo plazo.<\/p>\n\t\t\t\t\t\t\t\t<\/div>\n\t\t\t\t<\/div>\n\t\t\t\t<div class=\"elementor-element elementor-element-bff8c70 elementor-widget elementor-widget-gallery\" data-id=\"bff8c70\" data-element_type=\"widget\" data-settings=\"{&quot;columns&quot;:5,&quot;lazyload&quot;:&quot;yes&quot;,&quot;gallery_layout&quot;:&quot;grid&quot;,&quot;columns_tablet&quot;:2,&quot;columns_mobile&quot;:1,&quot;gap&quot;:{&quot;unit&quot;:&quot;px&quot;,&quot;size&quot;:10,&quot;sizes&quot;:[]},&quot;gap_tablet&quot;:{&quot;unit&quot;:&quot;px&quot;,&quot;size&quot;:10,&quot;sizes&quot;:[]},&quot;gap_mobile&quot;:{&quot;unit&quot;:&quot;px&quot;,&quot;size&quot;:10,&quot;sizes&quot;:[]},&quot;link_to&quot;:&quot;file&quot;,&quot;aspect_ratio&quot;:&quot;3:2&quot;,&quot;overlay_background&quot;:&quot;yes&quot;,&quot;content_hover_animation&quot;:&quot;fade-in&quot;}\" data-widget_type=\"gallery.default\">\n\t\t\t\t<div class=\"elementor-widget-container\">\n\t\t\t\t\t\t\t<div class=\"elementor-gallery__container\">\n\t\t\t\t\t\t\t<a class=\"e-gallery-item elementor-gallery-item elementor-animated-content\" href=\"https:\/\/test.comfenalcovalle.com.co\/wp-content\/uploads\/2025\/08\/reconocimiento-sostenibilidad.pacto-global-2025-01.jpg\" data-elementor-open-lightbox=\"yes\" data-elementor-lightbox-slideshow=\"bff8c70\" data-elementor-lightbox-title=\"reconocimiento-sostenibilidad.pacto-global-2025-01\" data-elementor-lightbox-description=\"Reconocimiento sostenibilidad Pacto Global\" data-e-action-hash=\"#elementor-action%3Aaction%3Dlightbox%26settings%3DeyJpZCI6NjY1OTI4LCJ1cmwiOiJodHRwczpcL1wvdGVzdC5jb21mZW5hbGNvdmFsbGUuY29tLmNvXC93cC1jb250ZW50XC91cGxvYWRzXC8yMDI1XC8wOFwvcmVjb25vY2ltaWVudG8tc29zdGVuaWJpbGlkYWQucGFjdG8tZ2xvYmFsLTIwMjUtMDEuanBnIiwic2xpZGVzaG93IjoiYmZmOGM3MCJ9\">\n\t\t\t\t\t<div class=\"e-gallery-image elementor-gallery-item__image\" data-thumbnail=\"https:\/\/test.comfenalcovalle.com.co\/wp-content\/uploads\/2025\/08\/reconocimiento-sostenibilidad.pacto-global-2025-01-300x205.jpg\" data-width=\"300\" data-height=\"205\" aria-label=\"Reconocimiento sostenibilidad Pacto Global\" role=\"img\" ><\/div>\n\t\t\t\t\t\t\t\t\t\t\t<div class=\"elementor-gallery-item__overlay\"><\/div>\n\t\t\t\t\t\t\t\t\t\t\t\t\t\t<\/a>\n\t\t\t\t\t\t\t<a class=\"e-gallery-item elementor-gallery-item elementor-animated-content\" href=\"https:\/\/test.comfenalcovalle.com.co\/wp-content\/uploads\/2025\/08\/reconocimiento-sostenibilidad.pacto-global-2025-04.jpg\" data-elementor-open-lightbox=\"yes\" data-elementor-lightbox-slideshow=\"bff8c70\" data-elementor-lightbox-title=\"reconocimiento-sostenibilidad.pacto-global-2025-04\" data-e-action-hash=\"#elementor-action%3Aaction%3Dlightbox%26settings%3DeyJpZCI6NjY1OTMxLCJ1cmwiOiJodHRwczpcL1wvdGVzdC5jb21mZW5hbGNvdmFsbGUuY29tLmNvXC93cC1jb250ZW50XC91cGxvYWRzXC8yMDI1XC8wOFwvcmVjb25vY2ltaWVudG8tc29zdGVuaWJpbGlkYWQucGFjdG8tZ2xvYmFsLTIwMjUtMDQuanBnIiwic2xpZGVzaG93IjoiYmZmOGM3MCJ9\">\n\t\t\t\t\t<div class=\"e-gallery-image elementor-gallery-item__image\" data-thumbnail=\"https:\/\/test.comfenalcovalle.com.co\/wp-content\/uploads\/2025\/08\/reconocimiento-sostenibilidad.pacto-global-2025-04-300x200.jpg\" data-width=\"300\" data-height=\"200\" aria-label=\"\" role=\"img\" ><\/div>\n\t\t\t\t\t\t\t\t\t\t\t<div class=\"elementor-gallery-item__overlay\"><\/div>\n\t\t\t\t\t\t\t\t\t\t\t\t\t\t<\/a>\n\t\t\t\t\t\t\t<a class=\"e-gallery-item elementor-gallery-item elementor-animated-content\" href=\"https:\/\/test.comfenalcovalle.com.co\/wp-content\/uploads\/2025\/08\/reconocimiento-sostenibilidad.pacto-global-2025-05.jpg\" data-elementor-open-lightbox=\"yes\" data-elementor-lightbox-slideshow=\"bff8c70\" data-elementor-lightbox-title=\"reconocimiento-sostenibilidad.pacto-global-2025-05\" data-e-action-hash=\"#elementor-action%3Aaction%3Dlightbox%26settings%3DeyJpZCI6NjY1OTMyLCJ1cmwiOiJodHRwczpcL1wvdGVzdC5jb21mZW5hbGNvdmFsbGUuY29tLmNvXC93cC1jb250ZW50XC91cGxvYWRzXC8yMDI1XC8wOFwvcmVjb25vY2ltaWVudG8tc29zdGVuaWJpbGlkYWQucGFjdG8tZ2xvYmFsLTIwMjUtMDUuanBnIiwic2xpZGVzaG93IjoiYmZmOGM3MCJ9\">\n\t\t\t\t\t<div class=\"e-gallery-image elementor-gallery-item__image\" data-thumbnail=\"https:\/\/test.comfenalcovalle.com.co\/wp-content\/uploads\/2025\/08\/reconocimiento-sostenibilidad.pacto-global-2025-05-300x200.jpg\" data-width=\"300\" data-height=\"200\" aria-label=\"\" role=\"img\" ><\/div>\n\t\t\t\t\t\t\t\t\t\t\t<div class=\"elementor-gallery-item__overlay\"><\/div>\n\t\t\t\t\t\t\t\t\t\t\t\t\t\t<\/a>\n\t\t\t\t\t\t\t<a class=\"e-gallery-item elementor-gallery-item elementor-animated-content\" href=\"https:\/\/test.comfenalcovalle.com.co\/wp-content\/uploads\/2025\/08\/reconocimiento-sostenibilidad.pacto-global-2025-03.jpg\" data-elementor-open-lightbox=\"yes\" data-elementor-lightbox-slideshow=\"bff8c70\" data-elementor-lightbox-title=\"reconocimiento-sostenibilidad.pacto-global-2025-03\" data-e-action-hash=\"#elementor-action%3Aaction%3Dlightbox%26settings%3DeyJpZCI6NjY1OTMwLCJ1cmwiOiJodHRwczpcL1wvdGVzdC5jb21mZW5hbGNvdmFsbGUuY29tLmNvXC93cC1jb250ZW50XC91cGxvYWRzXC8yMDI1XC8wOFwvcmVjb25vY2ltaWVudG8tc29zdGVuaWJpbGlkYWQucGFjdG8tZ2xvYmFsLTIwMjUtMDMuanBnIiwic2xpZGVzaG93IjoiYmZmOGM3MCJ9\">\n\t\t\t\t\t<div class=\"e-gallery-image elementor-gallery-item__image\" data-thumbnail=\"https:\/\/test.comfenalcovalle.com.co\/wp-content\/uploads\/2025\/08\/reconocimiento-sostenibilidad.pacto-global-2025-03-300x179.jpg\" data-width=\"300\" data-height=\"179\" aria-label=\"\" role=\"img\" ><\/div>\n\t\t\t\t\t\t\t\t\t\t\t<div class=\"elementor-gallery-item__overlay\"><\/div>\n\t\t\t\t\t\t\t\t\t\t\t\t\t\t<\/a>\n\t\t\t\t\t\t\t<a class=\"e-gallery-item elementor-gallery-item elementor-animated-content\" href=\"https:\/\/test.comfenalcovalle.com.co\/wp-content\/uploads\/2025\/08\/reconocimiento-sostenibilidad.pacto-global-2025-02.jpg\" data-elementor-open-lightbox=\"yes\" data-elementor-lightbox-slideshow=\"bff8c70\" data-elementor-lightbox-title=\"reconocimiento-sostenibilidad.pacto-global-2025-02\" data-e-action-hash=\"#elementor-action%3Aaction%3Dlightbox%26settings%3DeyJpZCI6NjY1OTI5LCJ1cmwiOiJodHRwczpcL1wvdGVzdC5jb21mZW5hbGNvdmFsbGUuY29tLmNvXC93cC1jb250ZW50XC91cGxvYWRzXC8yMDI1XC8wOFwvcmVjb25vY2ltaWVudG8tc29zdGVuaWJpbGlkYWQucGFjdG8tZ2xvYmFsLTIwMjUtMDIuanBnIiwic2xpZGVzaG93IjoiYmZmOGM3MCJ9\">\n\t\t\t\t\t<div class=\"e-gallery-image elementor-gallery-item__image\" data-thumbnail=\"https:\/\/test.comfenalcovalle.com.co\/wp-content\/uploads\/2025\/08\/reconocimiento-sostenibilidad.pacto-global-2025-02-300x169.jpg\" data-width=\"300\" data-height=\"169\" aria-label=\"\" role=\"img\" ><\/div>\n\t\t\t\t\t\t\t\t\t\t\t<div class=\"elementor-gallery-item__overlay\"><\/div>\n\t\t\t\t\t\t\t\t\t\t\t\t\t\t<\/a>\n\t\t\t\t\t<\/div>\n\t\t\t\t\t<\/div>\n\t\t\t\t<\/div>\n\t\t\t\t<div class=\"elementor-element elementor-element-07fa490 elementor-widget elementor-widget-text-editor\" data-id=\"07fa490\" data-element_type=\"widget\" data-widget_type=\"text-editor.default\">\n\t\t\t\t<div class=\"elementor-widget-container\">\n\t\t\t\t\t\t\t\t\t\n<ul class=\"wp-block-list\"><\/ul>\n\n<p>El programa <em>Construyamos Juntos<\/em>, fue desarrollado a partir de un proceso estructurado compuesto por 5 fases:<\/p>\n\n<ul class=\"wp-block-list\">\n<li><strong>Fase 1 \u2013 Diagn\u00f3stico:<\/strong> en la Caja Delagente se ven\u00eda trabajando en Derechos Humanos y Sostenibilidad, pero se decidi\u00f3 dar un paso m\u00e1s all\u00e1: construir un programa integral que involucrara a todos sus grupos de inter\u00e9s. A trav\u00e9s de un an\u00e1lisis profundo, la corporaci\u00f3n defini\u00f3 d\u00f3nde estaba, hacia d\u00f3nde quer\u00eda ir y c\u00f3mo lograrlo, resultando en un programa s\u00f3lido, con objetivos claros y plenamente alineado con su visi\u00f3n de futuro.<\/li>\n<\/ul>\n\n<ul class=\"wp-block-list\">\n<li><strong>Fase 2 \u2013 Sensibilizaci\u00f3n:<\/strong> en esta fase, se llevaron a cabo actividades de sensibilizaci\u00f3n y formaci\u00f3n en Derechos Humanos y Sostenibilidad. El objetivo fue preparar al Consejo Directivo, la Direcci\u00f3n General, l\u00edderes y colaboradores clave, con el fin de optimizar los resultados del proceso.<\/li>\n\n<li><strong>Fase 3 \u2013 Construcci\u00f3n:<\/strong> se dise\u00f1\u00f3 el Programa de Derechos Humanos y Sostenibilidad que incluye buenas pr\u00e1cticas corporativas a implementar, de manera progresiva, para alcanzar las metas.<\/li>\n<\/ul>\n\n<ul class=\"wp-block-list\">\n<li><strong>Fase 4 \u2013 Socializaci\u00f3n e implementaci\u00f3n:<\/strong> en 2025 la Caja de Compensaci\u00f3n Familiar inici\u00f3 la difusi\u00f3n interna del programa y sus avances con las distintas \u00e1reas. Entre las buenas pr\u00e1cticas implementadas se destacan: la C\u00e1tedra de derechos humanos para el Consejo Directivo y la Direcci\u00f3n General, la creaci\u00f3n de una Pol\u00edtica corporativa de Derechos Humanos, el dise\u00f1o y aprobaci\u00f3n del C\u00f3digo de Conducta para Proveedores, la C\u00e1tedra de Derechos Humanos y Paz al grupo de inter\u00e9s comunidad educativa y la reestructuraci\u00f3n del Informe de Sostenibilidad.<\/li>\n<\/ul>\n\n<ul class=\"wp-block-list\">\n<li><strong>Fase 5 \u2013 Evaluaci\u00f3n y Ajustes:<\/strong> la evaluaci\u00f3n es esencial para asegurar la mejora continua del programa. Su construcci\u00f3n e implementaci\u00f3n han representado un gran reto, al requerir ejecuci\u00f3n y seguimiento de cada actividad en el tiempo, as\u00ed como la realizaci\u00f3n de ajustes continuos en un proceso constante de aprendizaje y adaptaci\u00f3n para progresar.<\/li>\n<\/ul>\n\n<h2 class=\"wp-block-heading has-medium-font-size\">\u201cConstruyamos Juntos\u201d introduce elementos nuevos como:<\/h2>\n\n<ul class=\"wp-block-list\">\n<li>La C\u00e1tedra de Derechos Humanos, (D.HH) y Sostenibilidad para el Consejo Directivo y la Direcci\u00f3n General.<\/li>\n\n<li>La creaci\u00f3n de un proceso espec\u00edfico de Derechos Humanos y Sostenibilidad institucionalizado con la participaci\u00f3n activa de los grupos de inter\u00e9s.<\/li>\n\n<li>La formaci\u00f3n y sensibilizaci\u00f3n a los grupos de inter\u00e9s.<\/li>\n<\/ul>\n\n<p>\u00a0<\/p>\n\n<p>El programa \u201cConstruyamos Juntos\u201d ha generado transformaciones organizacionales y culturales clave en Comfenalco Valle Delagente, fortaleciendo su compromiso con los derechos humanos desde una perspectiva estrat\u00e9gica, transversal y sostenible.<\/p>\n\n<p>A la fecha, el programa se encuentra en una fase de consolidaci\u00f3n institucional y expansi\u00f3n hacia los grupos de inter\u00e9s. Tras el desarrollo de sus cinco fases estrat\u00e9gicas (diagn\u00f3stico, sensibilizaci\u00f3n, construcci\u00f3n, implementaci\u00f3n y evaluaci\u00f3n y ajustes), Comfenalco Valle Delagente ha incorporado oficialmente el Proceso de Derechos Humanos y Sostenibilidad dentro de su macroestructura organizacional, asegurando su permanencia operativa y estrat\u00e9gica.<\/p>\n\n<p>Comfenalco Valle Delagente agradece a todos los colaboradores que hacen posible la implementaci\u00f3n de este programa y, por lo tanto, la obtenci\u00f3n de este reconocimiento. Desde la Caja de Compensaci\u00f3n Familiar se seguir\u00e1 trabajando para aportar al respeto por los derechos humanos y al desarrollo sostenible del planeta.<\/p>\n\n<p>\u00a0<\/p>\n\n<p><strong>Comfenalco Valle Delagente.<\/strong><\/p>\n\n<p><strong>Family Compensation Fund<\/strong><\/p>\n\n<p>\u00a0<\/p>\n\t\t\t\t\t\t\t\t<\/div>\n\t\t\t\t<\/div>\n\t\t\t\t\t<\/div>\n\t\t\t\t<\/div>\n\t\t\t\t<\/div>","protected":false},"excerpt":{"rendered":"<p>\u00a0 Con el dise\u00f1o y la implementaci\u00f3n del Programa de Derechos Humanos y Sostenibilidad \u201cConstruyamos Juntos\u201d, la Caja de Compensaci\u00f3n Familiar Comfenalco Valle Delagente fue una de las ganadoras del Reconocimiento a las Buenas Pr\u00e1cticas de Desarrollo Sostenible otorgado por Pacto Global Red Colombia. Este reconocimiento nacional se obtuvo luego de que se evaluaran m\u00e1s [&hellip;]<\/p>","protected":false},"author":6,"featured_media":665928,"comment_status":"closed","ping_status":"closed","sticky":false,"template":"","format":"standard","meta":{"footnotes":""},"categories":[72],"tags":[1080,58,109,1077,1075,1081,1076,969,1079,1078,283],"class_list":["post-665920","post","type-post","status-publish","format-standard","has-post-thumbnail","hentry","category-corporativo","tag-ambiente","tag-comfenalco","tag-delagente","tag-global","tag-ods","tag-organizaciones","tag-pacto","tag-reconocimiento","tag-sostenibilidad","tag-sostenible","tag-valle"],"yoast_head":"<!-- This site is optimized with the Yoast SEO Premium plugin v25.9 (Yoast SEO v25.9) - https:\/\/yoast.com\/wordpress\/plugins\/seo\/ -->\n<title>Recibimos reconocimiento a las Buenas Pr\u00e1cticas Sostenibles<\/title>\n<meta name=\"description\" content=\"Caja de Compensaci\u00f3n Familiar Comfenalco Valle Delagente fue una de las ganadoras del Reconocimiento otorgado por Pacto Global Red Colombia\" \/>\n<meta name=\"robots\" content=\"index, follow, max-snippet:-1, max-image-preview:large, max-video-preview:-1\" \/>\n<link rel=\"canonical\" href=\"https:\/\/www.comfenalcovalle.com.co\/comfenalco-valle-recibio-reconocimiento-a-las-buenas-practicas-de-desarrollo-sostenible\/\" \/>\n<meta property=\"og:locale\" content=\"en_US\" \/>\n<meta property=\"og:type\" content=\"article\" \/>\n<meta property=\"og:title\" content=\"Comfenalco Valle recibi\u00f3 reconocimiento a las Buenas Pr\u00e1cticas de Desarrollo Sostenible\" \/>\n<meta property=\"og:description\" content=\"Caja de Compensaci\u00f3n Familiar Comfenalco Valle Delagente fue una de las ganadoras del Reconocimiento otorgado por Pacto Global Red Colombia\" \/>\n<meta property=\"og:url\" content=\"https:\/\/www.comfenalcovalle.com.co\/comfenalco-valle-recibio-reconocimiento-a-las-buenas-practicas-de-desarrollo-sostenible\/\" \/>\n<meta property=\"og:site_name\" content=\"Comfenalco Valle Delagente\" \/>\n<meta property=\"article:published_time\" content=\"2025-08-14T13:10:00+00:00\" \/>\n<meta property=\"article:modified_time\" content=\"2025-08-21T14:39:41+00:00\" \/>\n<meta property=\"og:image\" content=\"https:\/\/www.comfenalcovalle.com.co\/wp-content\/uploads\/2025\/08\/reconocimiento-sostenibilidad.pacto-global-2025-01.jpg\" \/>\n\t<meta property=\"og:image:width\" content=\"825\" \/>\n\t<meta property=\"og:image:height\" content=\"564\" \/>\n\t<meta property=\"og:image:type\" content=\"image\/jpeg\" \/>\n<meta name=\"author\" content=\"Comunicaciones Comfenalco Valle delagente\" \/>\n<meta name=\"twitter:card\" content=\"summary_large_image\" \/>\n<meta name=\"twitter:label1\" content=\"Written by\" \/>\n\t<meta name=\"twitter:data1\" content=\"Comunicaciones Comfenalco Valle delagente\" \/>\n\t<meta name=\"twitter:label2\" content=\"Est. reading time\" \/>\n\t<meta name=\"twitter:data2\" content=\"3 minutes\" \/>\n<script type=\"application\/ld+json\" class=\"yoast-schema-graph\">{\"@context\":\"https:\/\/schema.org\",\"@graph\":[{\"@type\":\"Article\",\"@id\":\"https:\/\/www.comfenalcovalle.com.co\/comfenalco-valle-recibio-reconocimiento-a-las-buenas-practicas-de-desarrollo-sostenible\/#article\",\"isPartOf\":{\"@id\":\"https:\/\/www.comfenalcovalle.com.co\/comfenalco-valle-recibio-reconocimiento-a-las-buenas-practicas-de-desarrollo-sostenible\/\"},\"author\":{\"name\":\"Comunicaciones Comfenalco Valle delagente\",\"@id\":\"https:\/\/www.comfenalcovalle.com.co\/#\/schema\/person\/d4d8bcb299f88f97b06096cf6a21cb01\"},\"headline\":\"Comfenalco Valle recibi\u00f3 reconocimiento a las Buenas Pr\u00e1cticas de Desarrollo Sostenible\",\"datePublished\":\"2025-08-14T13:10:00+00:00\",\"dateModified\":\"2025-08-21T14:39:41+00:00\",\"mainEntityOfPage\":{\"@id\":\"https:\/\/www.comfenalcovalle.com.co\/comfenalco-valle-recibio-reconocimiento-a-las-buenas-practicas-de-desarrollo-sostenible\/\"},\"wordCount\":800,\"publisher\":{\"@id\":\"https:\/\/www.comfenalcovalle.com.co\/#organization\"},\"image\":{\"@id\":\"https:\/\/www.comfenalcovalle.com.co\/comfenalco-valle-recibio-reconocimiento-a-las-buenas-practicas-de-desarrollo-sostenible\/#primaryimage\"},\"thumbnailUrl\":\"https:\/\/test.comfenalcovalle.com.co\/wp-content\/uploads\/2025\/08\/reconocimiento-sostenibilidad.pacto-global-2025-01.jpg\",\"keywords\":[\"ambiente\",\"comfenalco\",\"Delagente\",\"global\",\"ods\",\"organizaciones\",\"pacto\",\"reconocimiento\",\"sostenibilidad\",\"sostenible\",\"valle\"],\"articleSection\":[\"Corporativo\"],\"inLanguage\":\"en-US\"},{\"@type\":\"WebPage\",\"@id\":\"https:\/\/www.comfenalcovalle.com.co\/comfenalco-valle-recibio-reconocimiento-a-las-buenas-practicas-de-desarrollo-sostenible\/\",\"url\":\"https:\/\/www.comfenalcovalle.com.co\/comfenalco-valle-recibio-reconocimiento-a-las-buenas-practicas-de-desarrollo-sostenible\/\",\"name\":\"Recibimos reconocimiento a las Buenas Pr\u00e1cticas Sostenibles\",\"isPartOf\":{\"@id\":\"https:\/\/www.comfenalcovalle.com.co\/#website\"},\"primaryImageOfPage\":{\"@id\":\"https:\/\/www.comfenalcovalle.com.co\/comfenalco-valle-recibio-reconocimiento-a-las-buenas-practicas-de-desarrollo-sostenible\/#primaryimage\"},\"image\":{\"@id\":\"https:\/\/www.comfenalcovalle.com.co\/comfenalco-valle-recibio-reconocimiento-a-las-buenas-practicas-de-desarrollo-sostenible\/#primaryimage\"},\"thumbnailUrl\":\"https:\/\/test.comfenalcovalle.com.co\/wp-content\/uploads\/2025\/08\/reconocimiento-sostenibilidad.pacto-global-2025-01.jpg\",\"datePublished\":\"2025-08-14T13:10:00+00:00\",\"dateModified\":\"2025-08-21T14:39:41+00:00\",\"description\":\"Caja de Compensaci\u00f3n Familiar Comfenalco Valle Delagente fue una de las ganadoras del Reconocimiento otorgado por Pacto Global Red Colombia\",\"breadcrumb\":{\"@id\":\"https:\/\/www.comfenalcovalle.com.co\/comfenalco-valle-recibio-reconocimiento-a-las-buenas-practicas-de-desarrollo-sostenible\/#breadcrumb\"},\"inLanguage\":\"en-US\",\"potentialAction\":[{\"@type\":\"ReadAction\",\"target\":[\"https:\/\/www.comfenalcovalle.com.co\/comfenalco-valle-recibio-reconocimiento-a-las-buenas-practicas-de-desarrollo-sostenible\/\"]}]},{\"@type\":\"ImageObject\",\"inLanguage\":\"en-US\",\"@id\":\"https:\/\/www.comfenalcovalle.com.co\/comfenalco-valle-recibio-reconocimiento-a-las-buenas-practicas-de-desarrollo-sostenible\/#primaryimage\",\"url\":\"https:\/\/test.comfenalcovalle.com.co\/wp-content\/uploads\/2025\/08\/reconocimiento-sostenibilidad.pacto-global-2025-01.jpg\",\"contentUrl\":\"https:\/\/test.comfenalcovalle.com.co\/wp-content\/uploads\/2025\/08\/reconocimiento-sostenibilidad.pacto-global-2025-01.jpg\",\"width\":825,\"height\":564,\"caption\":\"Reconocimiento sostenibilidad Pacto Global\"},{\"@type\":\"BreadcrumbList\",\"@id\":\"https:\/\/www.comfenalcovalle.com.co\/comfenalco-valle-recibio-reconocimiento-a-las-buenas-practicas-de-desarrollo-sostenible\/#breadcrumb\",\"itemListElement\":[{\"@type\":\"ListItem\",\"position\":1,\"name\":\"Portada\",\"item\":\"https:\/\/www.comfenalcovalle.com.co\/\"},{\"@type\":\"ListItem\",\"position\":2,\"name\":\"Comfenalco Valle recibi\u00f3 reconocimiento a las Buenas Pr\u00e1cticas de Desarrollo Sostenible\"}]},{\"@type\":\"WebSite\",\"@id\":\"https:\/\/www.comfenalcovalle.com.co\/#website\",\"url\":\"https:\/\/www.comfenalcovalle.com.co\/\",\"name\":\"Comfenalco Valle Delagente\",\"description\":\"Caja de compensaci\u00f3n de Comfenalco Valle Delagente.\",\"publisher\":{\"@id\":\"https:\/\/www.comfenalcovalle.com.co\/#organization\"},\"potentialAction\":[{\"@type\":\"SearchAction\",\"target\":{\"@type\":\"EntryPoint\",\"urlTemplate\":\"https:\/\/www.comfenalcovalle.com.co\/?s={search_term_string}\"},\"query-input\":{\"@type\":\"PropertyValueSpecification\",\"valueRequired\":true,\"valueName\":\"search_term_string\"}}],\"inLanguage\":\"en-US\"},{\"@type\":\"Organization\",\"@id\":\"https:\/\/www.comfenalcovalle.com.co\/#organization\",\"name\":\"Comfenalco Valle Delagente\",\"url\":\"https:\/\/www.comfenalcovalle.com.co\/\",\"logo\":{\"@type\":\"ImageObject\",\"inLanguage\":\"en-US\",\"@id\":\"https:\/\/www.comfenalcovalle.com.co\/#\/schema\/logo\/image\/\",\"url\":\"https:\/\/test.comfenalcovalle.com.co\/wp-content\/uploads\/2021\/06\/logo-comfe-cabecera-agencia-empelo-actualizado.png\",\"contentUrl\":\"https:\/\/test.comfenalcovalle.com.co\/wp-content\/uploads\/2021\/06\/logo-comfe-cabecera-agencia-empelo-actualizado.png\",\"width\":500,\"height\":184,\"caption\":\"Comfenalco Valle Delagente\"},\"image\":{\"@id\":\"https:\/\/www.comfenalcovalle.com.co\/#\/schema\/logo\/image\/\"}},{\"@type\":\"Person\",\"@id\":\"https:\/\/www.comfenalcovalle.com.co\/#\/schema\/person\/d4d8bcb299f88f97b06096cf6a21cb01\",\"name\":\"Comunicaciones Comfenalco Valle delagente\",\"image\":{\"@type\":\"ImageObject\",\"inLanguage\":\"en-US\",\"@id\":\"https:\/\/www.comfenalcovalle.com.co\/#\/schema\/person\/image\/\",\"url\":\"https:\/\/secure.gravatar.com\/avatar\/d1c29eb639a137df0ac8bfec50479e8d6ef564f7320f439d9d984504359ea6ee?s=96&d=mm&r=g\",\"contentUrl\":\"https:\/\/secure.gravatar.com\/avatar\/d1c29eb639a137df0ac8bfec50479e8d6ef564f7320f439d9d984504359ea6ee?s=96&d=mm&r=g\",\"caption\":\"Comunicaciones Comfenalco Valle delagente\"},\"url\":\"https:\/\/test.comfenalcovalle.com.co\/en\/author\/comunicaciones-comfenalco-valle-delagente\/\"}]}<\/script>\n<!-- \/ Yoast SEO Premium plugin. -->","yoast_head_json":{"title":"Recibimos reconocimiento a las Buenas Pr\u00e1cticas Sostenibles","description":"Caja de Compensaci\u00f3n Familiar Comfenalco Valle Delagente fue una de las ganadoras del Reconocimiento otorgado por Pacto Global Red Colombia","robots":{"index":"index","follow":"follow","max-snippet":"max-snippet:-1","max-image-preview":"max-image-preview:large","max-video-preview":"max-video-preview:-1"},"canonical":"https:\/\/www.comfenalcovalle.com.co\/comfenalco-valle-recibio-reconocimiento-a-las-buenas-practicas-de-desarrollo-sostenible\/","og_locale":"en_US","og_type":"article","og_title":"Comfenalco Valle recibi\u00f3 reconocimiento a las Buenas Pr\u00e1cticas de Desarrollo Sostenible","og_description":"Caja de Compensaci\u00f3n Familiar Comfenalco Valle Delagente fue una de las ganadoras del Reconocimiento otorgado por Pacto Global Red Colombia","og_url":"https:\/\/www.comfenalcovalle.com.co\/comfenalco-valle-recibio-reconocimiento-a-las-buenas-practicas-de-desarrollo-sostenible\/","og_site_name":"Comfenalco Valle Delagente","article_published_time":"2025-08-14T13:10:00+00:00","article_modified_time":"2025-08-21T14:39:41+00:00","og_image":[{"width":825,"height":564,"url":"https:\/\/www.comfenalcovalle.com.co\/wp-content\/uploads\/2025\/08\/reconocimiento-sostenibilidad.pacto-global-2025-01.jpg","type":"image\/jpeg"}],"author":"Comunicaciones Comfenalco Valle delagente","twitter_card":"summary_large_image","twitter_misc":{"Written by":"Comunicaciones Comfenalco Valle delagente","Est. reading time":"3 minutes"},"schema":{"@context":"https:\/\/schema.org","@graph":[{"@type":"Article","@id":"https:\/\/www.comfenalcovalle.com.co\/comfenalco-valle-recibio-reconocimiento-a-las-buenas-practicas-de-desarrollo-sostenible\/#article","isPartOf":{"@id":"https:\/\/www.comfenalcovalle.com.co\/comfenalco-valle-recibio-reconocimiento-a-las-buenas-practicas-de-desarrollo-sostenible\/"},"author":{"name":"Comunicaciones Comfenalco Valle delagente","@id":"https:\/\/www.comfenalcovalle.com.co\/#\/schema\/person\/d4d8bcb299f88f97b06096cf6a21cb01"},"headline":"Comfenalco Valle recibi\u00f3 reconocimiento a las Buenas Pr\u00e1cticas de Desarrollo Sostenible","datePublished":"2025-08-14T13:10:00+00:00","dateModified":"2025-08-21T14:39:41+00:00","mainEntityOfPage":{"@id":"https:\/\/www.comfenalcovalle.com.co\/comfenalco-valle-recibio-reconocimiento-a-las-buenas-practicas-de-desarrollo-sostenible\/"},"wordCount":800,"publisher":{"@id":"https:\/\/www.comfenalcovalle.com.co\/#organization"},"image":{"@id":"https:\/\/www.comfenalcovalle.com.co\/comfenalco-valle-recibio-reconocimiento-a-las-buenas-practicas-de-desarrollo-sostenible\/#primaryimage"},"thumbnailUrl":"https:\/\/test.comfenalcovalle.com.co\/wp-content\/uploads\/2025\/08\/reconocimiento-sostenibilidad.pacto-global-2025-01.jpg","keywords":["ambiente","comfenalco","Delagente","global","ods","organizaciones","pacto","reconocimiento","sostenibilidad","sostenible","valle"],"articleSection":["Corporativo"],"inLanguage":"en-US"},{"@type":"WebPage","@id":"https:\/\/www.comfenalcovalle.com.co\/comfenalco-valle-recibio-reconocimiento-a-las-buenas-practicas-de-desarrollo-sostenible\/","url":"https:\/\/www.comfenalcovalle.com.co\/comfenalco-valle-recibio-reconocimiento-a-las-buenas-practicas-de-desarrollo-sostenible\/","name":"Recibimos reconocimiento a las Buenas Pr\u00e1cticas Sostenibles","isPartOf":{"@id":"https:\/\/www.comfenalcovalle.com.co\/#website"},"primaryImageOfPage":{"@id":"https:\/\/www.comfenalcovalle.com.co\/comfenalco-valle-recibio-reconocimiento-a-las-buenas-practicas-de-desarrollo-sostenible\/#primaryimage"},"image":{"@id":"https:\/\/www.comfenalcovalle.com.co\/comfenalco-valle-recibio-reconocimiento-a-las-buenas-practicas-de-desarrollo-sostenible\/#primaryimage"},"thumbnailUrl":"https:\/\/test.comfenalcovalle.com.co\/wp-content\/uploads\/2025\/08\/reconocimiento-sostenibilidad.pacto-global-2025-01.jpg","datePublished":"2025-08-14T13:10:00+00:00","dateModified":"2025-08-21T14:39:41+00:00","description":"Caja de Compensaci\u00f3n Familiar Comfenalco Valle Delagente fue una de las ganadoras del Reconocimiento otorgado por Pacto Global Red Colombia","breadcrumb":{"@id":"https:\/\/www.comfenalcovalle.com.co\/comfenalco-valle-recibio-reconocimiento-a-las-buenas-practicas-de-desarrollo-sostenible\/#breadcrumb"},"inLanguage":"en-US","potentialAction":[{"@type":"ReadAction","target":["https:\/\/www.comfenalcovalle.com.co\/comfenalco-valle-recibio-reconocimiento-a-las-buenas-practicas-de-desarrollo-sostenible\/"]}]},{"@type":"ImageObject","inLanguage":"en-US","@id":"https:\/\/www.comfenalcovalle.com.co\/comfenalco-valle-recibio-reconocimiento-a-las-buenas-practicas-de-desarrollo-sostenible\/#primaryimage","url":"https:\/\/test.comfenalcovalle.com.co\/wp-content\/uploads\/2025\/08\/reconocimiento-sostenibilidad.pacto-global-2025-01.jpg","contentUrl":"https:\/\/test.comfenalcovalle.com.co\/wp-content\/uploads\/2025\/08\/reconocimiento-sostenibilidad.pacto-global-2025-01.jpg","width":825,"height":564,"caption":"Reconocimiento sostenibilidad Pacto Global"},{"@type":"BreadcrumbList","@id":"https:\/\/www.comfenalcovalle.com.co\/comfenalco-valle-recibio-reconocimiento-a-las-buenas-practicas-de-desarrollo-sostenible\/#breadcrumb","itemListElement":[{"@type":"ListItem","position":1,"name":"Portada","item":"https:\/\/www.comfenalcovalle.com.co\/"},{"@type":"ListItem","position":2,"name":"Comfenalco Valle recibi\u00f3 reconocimiento a las Buenas Pr\u00e1cticas de Desarrollo Sostenible"}]},{"@type":"WebSite","@id":"https:\/\/www.comfenalcovalle.com.co\/#website","url":"https:\/\/www.comfenalcovalle.com.co\/","name":"Comfenalco Valle Delagente","description":"Comfenalco Valle Delagente compensation fund.","publisher":{"@id":"https:\/\/www.comfenalcovalle.com.co\/#organization"},"potentialAction":[{"@type":"SearchAction","target":{"@type":"EntryPoint","urlTemplate":"https:\/\/www.comfenalcovalle.com.co\/?s={search_term_string}"},"query-input":{"@type":"PropertyValueSpecification","valueRequired":true,"valueName":"search_term_string"}}],"inLanguage":"en-US"},{"@type":"Organization","@id":"https:\/\/www.comfenalcovalle.com.co\/#organization","name":"Comfenalco Valle Delagente","url":"https:\/\/www.comfenalcovalle.com.co\/","logo":{"@type":"ImageObject","inLanguage":"en-US","@id":"https:\/\/www.comfenalcovalle.com.co\/#\/schema\/logo\/image\/","url":"https:\/\/test.comfenalcovalle.com.co\/wp-content\/uploads\/2021\/06\/logo-comfe-cabecera-agencia-empelo-actualizado.png","contentUrl":"https:\/\/test.comfenalcovalle.com.co\/wp-content\/uploads\/2021\/06\/logo-comfe-cabecera-agencia-empelo-actualizado.png","width":500,"height":184,"caption":"Comfenalco Valle Delagente"},"image":{"@id":"https:\/\/www.comfenalcovalle.com.co\/#\/schema\/logo\/image\/"}},{"@type":"Person","@id":"https:\/\/www.comfenalcovalle.com.co\/#\/schema\/person\/d4d8bcb299f88f97b06096cf6a21cb01","name":"Communications Comfenalco Valle delagente","image":{"@type":"ImageObject","inLanguage":"en-US","@id":"https:\/\/www.comfenalcovalle.com.co\/#\/schema\/person\/image\/","url":"https:\/\/secure.gravatar.com\/avatar\/d1c29eb639a137df0ac8bfec50479e8d6ef564f7320f439d9d984504359ea6ee?s=96&d=mm&r=g","contentUrl":"https:\/\/secure.gravatar.com\/avatar\/d1c29eb639a137df0ac8bfec50479e8d6ef564f7320f439d9d984504359ea6ee?s=96&d=mm&r=g","caption":"Comunicaciones Comfenalco Valle delagente"},"url":"https:\/\/test.comfenalcovalle.com.co\/en\/author\/comunicaciones-comfenalco-valle-delagente\/"}]}},"publishpress_future_action":{"enabled":false,"date":"2026-05-08 09:13:12","action":"change-status","newStatus":"draft","terms":[],"taxonomy":"category","extraData":[]},"publishpress_future_workflow_manual_trigger":{"enabledWorkflows":[]},"_links":{"self":[{"href":"https:\/\/test.comfenalcovalle.com.co\/en\/wp-json\/wp\/v2\/posts\/665920","targetHints":{"allow":["GET"]}}],"collection":[{"href":"https:\/\/test.comfenalcovalle.com.co\/en\/wp-json\/wp\/v2\/posts"}],"about":[{"href":"https:\/\/test.comfenalcovalle.com.co\/en\/wp-json\/wp\/v2\/types\/post"}],"author":[{"embeddable":true,"href":"https:\/\/test.comfenalcovalle.com.co\/en\/wp-json\/wp\/v2\/users\/6"}],"replies":[{"embeddable":true,"href":"https:\/\/test.comfenalcovalle.com.co\/en\/wp-json\/wp\/v2\/comments?post=665920"}],"version-history":[{"count":0,"href":"https:\/\/test.comfenalcovalle.com.co\/en\/wp-json\/wp\/v2\/posts\/665920\/revisions"}],"wp:featuredmedia":[{"embeddable":true,"href":"https:\/\/test.comfenalcovalle.com.co\/en\/wp-json\/wp\/v2\/media\/665928"}],"wp:attachment":[{"href":"https:\/\/test.comfenalcovalle.com.co\/en\/wp-json\/wp\/v2\/media?parent=665920"}],"wp:term":[{"taxonomy":"category","embeddable":true,"href":"https:\/\/test.comfenalcovalle.com.co\/en\/wp-json\/wp\/v2\/categories?post=665920"},{"taxonomy":"post_tag","embeddable":true,"href":"https:\/\/test.comfenalcovalle.com.co\/en\/wp-json\/wp\/v2\/tags?post=665920"}],"curies":[{"name":"wp","href":"https:\/\/api.w.org\/{rel}","templated":true}]}}