{"id":662403,"date":"2025-07-08T14:06:50","date_gmt":"2025-07-08T19:06:50","guid":{"rendered":"https:\/\/test.comfenalcovalle.com.co\/?p=662403"},"modified":"2025-07-08T14:07:49","modified_gmt":"2025-07-08T19:07:49","slug":"tulua-celebra-el-empleo-comfenalco-valle-delagente-distingue-a-26-empresas","status":"publish","type":"post","link":"https:\/\/test.comfenalcovalle.com.co\/en\/tulua-celebra-el-empleo-comfenalco-valle-delagente-distingue-a-26-empresas\/","title":{"rendered":"Tulu\u00e1 celebra el empleo: Comfenalco Valle Delagente distingue a 26 empresas"},"content":{"rendered":"<div data-elementor-type=\"wp-post\" data-elementor-id=\"662403\" class=\"elementor elementor-662403\" data-elementor-post-type=\"post\">\n\t\t\t\t\t\t<section class=\"elementor-section elementor-top-section elementor-element elementor-element-24052d33 elementor-section-boxed elementor-section-height-default elementor-section-height-default\" data-id=\"24052d33\" data-element_type=\"section\">\n\t\t\t\t\t\t<div class=\"elementor-container elementor-column-gap-default\">\n\t\t\t\t\t<div class=\"elementor-column elementor-col-100 elementor-top-column elementor-element elementor-element-172e31ba\" data-id=\"172e31ba\" data-element_type=\"column\">\n\t\t\t<div class=\"elementor-widget-wrap elementor-element-populated\">\n\t\t\t\t\t\t<div class=\"elementor-element elementor-element-308ef9fd elementor-widget elementor-widget-text-editor\" data-id=\"308ef9fd\" data-element_type=\"widget\" data-widget_type=\"text-editor.default\">\n\t\t\t\t<div class=\"elementor-widget-container\">\n\t\t\t\t\t\t\t\t\t\n<p>En un acto de reconocimiento para el desarrollo econ\u00f3mico del Valle del Cauca, Comfenalco Valle Delagente celebr\u00f3 el evento \u201cLa fuerza que impulsa el empleo en Tulu\u00e1 2025\u201d.<\/p>\n\n\n\n<p>Durante esta ceremonia, realizada en la sede administrativa de la Caja Delagente ubicada en el Club Colonial en Tulu\u00e1, 26 empresas y entidades de la regi\u00f3n fueron distinguidas por su invaluable apoyo a la generaci\u00f3n y dignificaci\u00f3n del empleo durante el a\u00f1o 2024.<\/p>\n\n\n\n<p>La jornada, llena de prop\u00f3sito, subray\u00f3 el compromiso conjunto para el fortalecimiento laboral de los vallecaucanos. <strong>Clara Eugenia Orozco Zapata, gerente de Empleabilidad y Emprendimiento de Comfenalco Valle Delagente,<\/strong> expres\u00f3 con firmeza que \u201ceste es un reconocimiento a las empresas que trabajaron articuladamente con nuestra Agencia de Empleo durante el 2024, ayudando a mejorar la econom\u00eda de miles de hogares vallecaucanos. Gracias a su confianza, en 2024, nuestra Agencia de Empleo en Tulu\u00e1 logr\u00f3 vincular laboralmente a 1.571 personas, y gestion\u00f3 el registro de m\u00e1s de 2.394 vacantes.\u201d<\/p>\n\n\n\n<p>En su intervenci\u00f3n, Orozco Zapata tambi\u00e9n resalt\u00f3 que \u201cdesde la Caja de Compensaci\u00f3n Familiar Delagente, seguimos forjando alianzas estrat\u00e9gicas que nos permiten ampliar las posibilidades de empleo formal y digno para los vallecaucanos, conscientes de que cada oportunidad laboral es un motor de progreso y dignidad.\u201d<\/p>\n\n\n\n<p>Durante la ceremonia, se exalt\u00f3 la trayectoria y el aporte de organizaciones pilares como: Agrocitrus S.A.S, Autovalle y Servicios S.A.S, Aljercook SAS, Avidesa de Occidente S.A., D\u00e9cada 10 en Todo S.A.S., Distribuidora JM, Ingenio Carmelita S.A., Listos S.A.S., Ocupar Temporal &#8211; Ocuservis, Sercofun Ltda., Servigral Praderas SAS., S\u00faper Servicios del Centro del Valle S.A., Trapiche Victoria, Proservis Temporales S.A.S, Agrohacienda La Martina, Cl\u00ednica Dolormed S.A.S., Almacenes D&#8217;Moda, Industrial Cortez SAS, Disfarma GC SAS, Medisfarma en Organizaciones S.A.S.<\/p>\n\n\n\n<p>El evento cont\u00f3 tambi\u00e9n con la asistencia de aliados estrat\u00e9gicos del sector p\u00fablico y privado, como la Alcald\u00eda de Andaluc\u00eda, Alcald\u00eda de Riofr\u00edo, Alcald\u00eda de Bugalagrande, Alcald\u00eda de San Pedro, Alcald\u00eda de Tulu\u00e1 y su Secretar\u00eda de Bienestar Social, Central de Transporte Terminal de Tulu\u00e1, Centro Comercial La Herradura y el Centro Comercial Bicentenario Plaza.<\/p>\n\n\n\n<p>Como parte de la jornada, <strong>se present\u00f3 el innovador programa Capacidades Delagente,<\/strong> una iniciativa orientada a promover activamente la inclusi\u00f3n laboral de poblaciones diversas como personas con discapacidad, mujeres, j\u00f3venes y comunidades vulnerables, reafirmando el compromiso de Comfenalco Valle Delagente con la equidad y el desarrollo social.<\/p>\n\n\n\n<p>As\u00ed, la Agencia de Empleo de Comfenalco Valle Delagente seguir\u00e1 forjando estrategias robustas para aumentar las posibilidades laborales en las diferentes \u00e1reas, consolid\u00e1ndose como una aliada incondicional en el fortalecimiento econ\u00f3mico y social de la regi\u00f3n.<\/p>\n\n\n\n<p>Para 2025, la Agencia Delagente ya registra un avance significativo con 1.302 vacantes registradas y 874 personas colocadas.<\/p>\n\n\n\n<p><strong>Comfenalco Valle Delagente<\/strong><br><strong>Compensation Fund of Valle del Cauca.<\/strong><\/p>\n\t\t\t\t\t\t\t\t<\/div>\n\t\t\t\t<\/div>\n\t\t\t\t<div class=\"elementor-element elementor-element-3e74828 elementor-arrows-position-inside elementor-pagination-position-outside elementor-widget elementor-widget-image-carousel\" data-id=\"3e74828\" data-element_type=\"widget\" data-settings=\"{&quot;slides_to_show&quot;:&quot;3&quot;,&quot;slides_to_scroll&quot;:&quot;1&quot;,&quot;image_spacing_custom&quot;:{&quot;unit&quot;:&quot;px&quot;,&quot;size&quot;:10,&quot;sizes&quot;:[]},&quot;navigation&quot;:&quot;both&quot;,&quot;autoplay&quot;:&quot;yes&quot;,&quot;pause_on_hover&quot;:&quot;yes&quot;,&quot;pause_on_interaction&quot;:&quot;yes&quot;,&quot;autoplay_speed&quot;:5000,&quot;infinite&quot;:&quot;yes&quot;,&quot;speed&quot;:500,&quot;image_spacing_custom_tablet&quot;:{&quot;unit&quot;:&quot;px&quot;,&quot;size&quot;:&quot;&quot;,&quot;sizes&quot;:[]},&quot;image_spacing_custom_mobile&quot;:{&quot;unit&quot;:&quot;px&quot;,&quot;size&quot;:&quot;&quot;,&quot;sizes&quot;:[]}}\" data-widget_type=\"image-carousel.default\">\n\t\t\t\t<div class=\"elementor-widget-container\">\n\t\t\t\t\t\t\t<div class=\"elementor-image-carousel-wrapper swiper\" role=\"region\" aria-roledescription=\"carousel\" aria-label=\"Image Carousel\" dir=\"ltr\">\n\t\t\t<div class=\"elementor-image-carousel swiper-wrapper\" aria-live=\"off\">\n\t\t\t\t\t\t\t\t<div class=\"swiper-slide\" role=\"group\" aria-roledescription=\"slide\" aria-label=\"1 of 8\"><figure class=\"swiper-slide-inner\"><img decoding=\"async\" class=\"swiper-slide-image lazyload\" data-src=\"https:\/\/test.comfenalcovalle.com.co\/wp-content\/uploads\/2025\/07\/Tulua-celebra-el-empleo-Comfenalco-Valle-Delagente-distingue-a-26-empresas8.jpg\" alt=\"Tulua\u0301 celebra el empleo Comfenalco Valle Delagente distingue a 26 empresas\" src=\"data:image\/svg+xml;base64,PHN2ZyB3aWR0aD0iMSIgaGVpZ2h0PSIxIiB4bWxucz0iaHR0cDovL3d3dy53My5vcmcvMjAwMC9zdmciPjwvc3ZnPg==\" style=\"--smush-placeholder-width: 1080px; --smush-placeholder-aspect-ratio: 1080\/608;\" \/><\/figure><\/div><div class=\"swiper-slide\" role=\"group\" aria-roledescription=\"slide\" aria-label=\"2 of 8\"><figure class=\"swiper-slide-inner\"><img decoding=\"async\" class=\"swiper-slide-image lazyload\" data-src=\"https:\/\/test.comfenalcovalle.com.co\/wp-content\/uploads\/2025\/07\/Tulua-celebra-el-empleo-Comfenalco-Valle-Delagente-distingue-a-26-empresas7.jpg\" alt=\"Tulua\u0301 celebra el empleo Comfenalco Valle Delagente distingue a 26 empresas\" src=\"data:image\/svg+xml;base64,PHN2ZyB3aWR0aD0iMSIgaGVpZ2h0PSIxIiB4bWxucz0iaHR0cDovL3d3dy53My5vcmcvMjAwMC9zdmciPjwvc3ZnPg==\" style=\"--smush-placeholder-width: 1080px; --smush-placeholder-aspect-ratio: 1080\/608;\" \/><\/figure><\/div><div class=\"swiper-slide\" role=\"group\" aria-roledescription=\"slide\" aria-label=\"3 of 8\"><figure class=\"swiper-slide-inner\"><img decoding=\"async\" class=\"swiper-slide-image lazyload\" data-src=\"https:\/\/test.comfenalcovalle.com.co\/wp-content\/uploads\/2025\/07\/Tulua-celebra-el-empleo-Comfenalco-Valle-Delagente-distingue-a-26-empresas6.jpg\" alt=\"Tulua\u0301 celebra el empleo Comfenalco Valle Delagente distingue a 26 empresas\" src=\"data:image\/svg+xml;base64,PHN2ZyB3aWR0aD0iMSIgaGVpZ2h0PSIxIiB4bWxucz0iaHR0cDovL3d3dy53My5vcmcvMjAwMC9zdmciPjwvc3ZnPg==\" style=\"--smush-placeholder-width: 1080px; --smush-placeholder-aspect-ratio: 1080\/608;\" \/><\/figure><\/div><div class=\"swiper-slide\" role=\"group\" aria-roledescription=\"slide\" aria-label=\"4 of 8\"><figure class=\"swiper-slide-inner\"><img decoding=\"async\" class=\"swiper-slide-image lazyload\" data-src=\"https:\/\/test.comfenalcovalle.com.co\/wp-content\/uploads\/2025\/07\/Tulua-celebra-el-empleo-Comfenalco-Valle-Delagente-distingue-a-26-empresas5.jpg\" alt=\"Tulua\u0301 celebra el empleo Comfenalco Valle Delagente distingue a 26 empresas\" src=\"data:image\/svg+xml;base64,PHN2ZyB3aWR0aD0iMSIgaGVpZ2h0PSIxIiB4bWxucz0iaHR0cDovL3d3dy53My5vcmcvMjAwMC9zdmciPjwvc3ZnPg==\" style=\"--smush-placeholder-width: 1080px; --smush-placeholder-aspect-ratio: 1080\/608;\" \/><\/figure><\/div><div class=\"swiper-slide\" role=\"group\" aria-roledescription=\"slide\" aria-label=\"5 of 8\"><figure class=\"swiper-slide-inner\"><img decoding=\"async\" class=\"swiper-slide-image lazyload\" data-src=\"https:\/\/test.comfenalcovalle.com.co\/wp-content\/uploads\/2025\/07\/Tulua-celebra-el-empleo-Comfenalco-Valle-Delagente-distingue-a-26-empresas1.jpg\" alt=\"Tulua\u0301 celebra el empleo Comfenalco Valle Delagente distingue a 26 empresas\" src=\"data:image\/svg+xml;base64,PHN2ZyB3aWR0aD0iMSIgaGVpZ2h0PSIxIiB4bWxucz0iaHR0cDovL3d3dy53My5vcmcvMjAwMC9zdmciPjwvc3ZnPg==\" style=\"--smush-placeholder-width: 1080px; --smush-placeholder-aspect-ratio: 1080\/608;\" \/><\/figure><\/div><div class=\"swiper-slide\" role=\"group\" aria-roledescription=\"slide\" aria-label=\"6 of 8\"><figure class=\"swiper-slide-inner\"><img decoding=\"async\" class=\"swiper-slide-image lazyload\" data-src=\"https:\/\/test.comfenalcovalle.com.co\/wp-content\/uploads\/2025\/07\/Tulua-celebra-el-empleo-Comfenalco-Valle-Delagente-distingue-a-26-empresas2.jpg\" alt=\"Tulua\u0301 celebra el empleo Comfenalco Valle Delagente distingue a 26 empresas\" src=\"data:image\/svg+xml;base64,PHN2ZyB3aWR0aD0iMSIgaGVpZ2h0PSIxIiB4bWxucz0iaHR0cDovL3d3dy53My5vcmcvMjAwMC9zdmciPjwvc3ZnPg==\" style=\"--smush-placeholder-width: 1080px; --smush-placeholder-aspect-ratio: 1080\/608;\" \/><\/figure><\/div><div class=\"swiper-slide\" role=\"group\" aria-roledescription=\"slide\" aria-label=\"7 of 8\"><figure class=\"swiper-slide-inner\"><img decoding=\"async\" class=\"swiper-slide-image lazyload\" data-src=\"https:\/\/test.comfenalcovalle.com.co\/wp-content\/uploads\/2025\/07\/Tulua-celebra-el-empleo-Comfenalco-Valle-Delagente-distingue-a-26-empresas3.jpg\" alt=\"Tulua\u0301 celebra el empleo Comfenalco Valle Delagente distingue a 26 empresas\" src=\"data:image\/svg+xml;base64,PHN2ZyB3aWR0aD0iMSIgaGVpZ2h0PSIxIiB4bWxucz0iaHR0cDovL3d3dy53My5vcmcvMjAwMC9zdmciPjwvc3ZnPg==\" style=\"--smush-placeholder-width: 1080px; --smush-placeholder-aspect-ratio: 1080\/608;\" \/><\/figure><\/div><div class=\"swiper-slide\" role=\"group\" aria-roledescription=\"slide\" aria-label=\"8 of 8\"><figure class=\"swiper-slide-inner\"><img decoding=\"async\" class=\"swiper-slide-image lazyload\" data-src=\"https:\/\/test.comfenalcovalle.com.co\/wp-content\/uploads\/2025\/07\/Tulua-celebra-el-empleo-Comfenalco-Valle-Delagente-distingue-a-26-empresas4.jpg\" alt=\"Tulua\u0301 celebra el empleo Comfenalco Valle Delagente distingue a 26 empresas\" src=\"data:image\/svg+xml;base64,PHN2ZyB3aWR0aD0iMSIgaGVpZ2h0PSIxIiB4bWxucz0iaHR0cDovL3d3dy53My5vcmcvMjAwMC9zdmciPjwvc3ZnPg==\" style=\"--smush-placeholder-width: 1080px; --smush-placeholder-aspect-ratio: 1080\/608;\" \/><\/figure><\/div>\t\t\t<\/div>\n\t\t\t\t\t\t\t\t\t\t\t\t<div class=\"elementor-swiper-button elementor-swiper-button-prev\" role=\"button\" tabindex=\"0\">\n\t\t\t\t\t\t<i aria-hidden=\"true\" class=\"eicon-chevron-left\"><\/i>\t\t\t\t\t<\/div>\n\t\t\t\t\t<div class=\"elementor-swiper-button elementor-swiper-button-next\" role=\"button\" tabindex=\"0\">\n\t\t\t\t\t\t<i aria-hidden=\"true\" class=\"eicon-chevron-right\"><\/i>\t\t\t\t\t<\/div>\n\t\t\t\t\n\t\t\t\t\t\t\t\t\t<div class=\"swiper-pagination\"><\/div>\n\t\t\t\t\t\t\t\t\t<\/div>\n\t\t\t\t\t\t<\/div>\n\t\t\t\t<\/div>\n\t\t\t\t\t<\/div>\n\t\t<\/div>\n\t\t\t\t\t<\/div>\n\t\t<\/section>\n\t\t\t\t<\/div>","protected":false},"excerpt":{"rendered":"<p>En un acto de reconocimiento para el desarrollo econ\u00f3mico del Valle del Cauca, Comfenalco Valle Delagente celebr\u00f3 el evento \u201cLa fuerza que impulsa el empleo en Tulu\u00e1 2025\u201d. Durante esta ceremonia, realizada en la sede administrativa de la Caja Delagente ubicada en el Club Colonial en Tulu\u00e1, 26 empresas y entidades de la regi\u00f3n fueron [&hellip;]<\/p>","protected":false},"author":6,"featured_media":662432,"comment_status":"closed","ping_status":"closed","sticky":false,"template":"","format":"standard","meta":{"footnotes":""},"categories":[72],"tags":[],"class_list":["post-662403","post","type-post","status-publish","format-standard","has-post-thumbnail","hentry","category-corporativo"],"yoast_head":"<!-- This site is optimized with the Yoast SEO Premium plugin v25.9 (Yoast SEO v25.9) - https:\/\/yoast.com\/wordpress\/plugins\/seo\/ -->\n<title>Tulu\u00e1 celebra el empleo: Comfenalco Valle Delagente distingue a 26 empresas - Comfenalco Valle Delagente<\/title>\n<meta name=\"description\" content=\"Comfenalco Valle Delagente celebr\u00f3 el evento \u201cLa fuerza que impulsa el empleo en Tulu\u00e1 2025\u201d.\" \/>\n<meta name=\"robots\" content=\"index, follow, max-snippet:-1, max-image-preview:large, max-video-preview:-1\" \/>\n<link rel=\"canonical\" href=\"https:\/\/www.comfenalcovalle.com.co\/tulua-celebra-el-empleo-comfenalco-valle-delagente-distingue-a-26-empresas\/\" \/>\n<meta property=\"og:locale\" content=\"en_US\" \/>\n<meta property=\"og:type\" content=\"article\" \/>\n<meta property=\"og:title\" content=\"Tulu\u00e1 celebra el empleo: Comfenalco Valle Delagente distingue a 26 empresas\" \/>\n<meta property=\"og:description\" content=\"Comfenalco Valle Delagente celebr\u00f3 el evento \u201cLa fuerza que impulsa el empleo en Tulu\u00e1 2025\u201d.\" \/>\n<meta property=\"og:url\" content=\"https:\/\/www.comfenalcovalle.com.co\/tulua-celebra-el-empleo-comfenalco-valle-delagente-distingue-a-26-empresas\/\" \/>\n<meta property=\"og:site_name\" content=\"Comfenalco Valle Delagente\" \/>\n<meta property=\"article:published_time\" content=\"2025-07-08T19:06:50+00:00\" \/>\n<meta property=\"article:modified_time\" content=\"2025-07-08T19:07:49+00:00\" \/>\n<meta property=\"og:image\" content=\"https:\/\/www.comfenalcovalle.com.co\/wp-content\/uploads\/2025\/07\/Tulua-celebra-el-empleo-Comfenalco-Valle-Delagente-distingue-a-26-empresas4.jpg\" \/>\n\t<meta property=\"og:image:width\" content=\"1080\" \/>\n\t<meta property=\"og:image:height\" content=\"608\" \/>\n\t<meta property=\"og:image:type\" content=\"image\/jpeg\" \/>\n<meta name=\"author\" content=\"Comunicaciones Comfenalco Valle delagente\" \/>\n<meta name=\"twitter:card\" content=\"summary_large_image\" \/>\n<meta name=\"twitter:label1\" content=\"Written by\" \/>\n\t<meta name=\"twitter:data1\" content=\"Comunicaciones Comfenalco Valle delagente\" \/>\n\t<meta name=\"twitter:label2\" content=\"Est. reading time\" \/>\n\t<meta name=\"twitter:data2\" content=\"5 minutes\" \/>\n<script type=\"application\/ld+json\" class=\"yoast-schema-graph\">{\"@context\":\"https:\/\/schema.org\",\"@graph\":[{\"@type\":\"Article\",\"@id\":\"https:\/\/www.comfenalcovalle.com.co\/tulua-celebra-el-empleo-comfenalco-valle-delagente-distingue-a-26-empresas\/#article\",\"isPartOf\":{\"@id\":\"https:\/\/www.comfenalcovalle.com.co\/tulua-celebra-el-empleo-comfenalco-valle-delagente-distingue-a-26-empresas\/\"},\"author\":{\"name\":\"Comunicaciones Comfenalco Valle delagente\",\"@id\":\"https:\/\/www.comfenalcovalle.com.co\/#\/schema\/person\/d4d8bcb299f88f97b06096cf6a21cb01\"},\"headline\":\"Tulu\u00e1 celebra el empleo: Comfenalco Valle Delagente distingue a 26 empresas\",\"datePublished\":\"2025-07-08T19:06:50+00:00\",\"dateModified\":\"2025-07-08T19:07:49+00:00\",\"mainEntityOfPage\":{\"@id\":\"https:\/\/www.comfenalcovalle.com.co\/tulua-celebra-el-empleo-comfenalco-valle-delagente-distingue-a-26-empresas\/\"},\"wordCount\":499,\"publisher\":{\"@id\":\"https:\/\/www.comfenalcovalle.com.co\/#organization\"},\"image\":{\"@id\":\"https:\/\/www.comfenalcovalle.com.co\/tulua-celebra-el-empleo-comfenalco-valle-delagente-distingue-a-26-empresas\/#primaryimage\"},\"thumbnailUrl\":\"https:\/\/test.comfenalcovalle.com.co\/wp-content\/uploads\/2025\/07\/Tulua-celebra-el-empleo-Comfenalco-Valle-Delagente-distingue-a-26-empresas4.jpg\",\"articleSection\":[\"Corporativo\"],\"inLanguage\":\"en-US\"},{\"@type\":\"WebPage\",\"@id\":\"https:\/\/www.comfenalcovalle.com.co\/tulua-celebra-el-empleo-comfenalco-valle-delagente-distingue-a-26-empresas\/\",\"url\":\"https:\/\/www.comfenalcovalle.com.co\/tulua-celebra-el-empleo-comfenalco-valle-delagente-distingue-a-26-empresas\/\",\"name\":\"Tulu\u00e1 celebra el empleo: Comfenalco Valle Delagente distingue a 26 empresas - Comfenalco Valle Delagente\",\"isPartOf\":{\"@id\":\"https:\/\/www.comfenalcovalle.com.co\/#website\"},\"primaryImageOfPage\":{\"@id\":\"https:\/\/www.comfenalcovalle.com.co\/tulua-celebra-el-empleo-comfenalco-valle-delagente-distingue-a-26-empresas\/#primaryimage\"},\"image\":{\"@id\":\"https:\/\/www.comfenalcovalle.com.co\/tulua-celebra-el-empleo-comfenalco-valle-delagente-distingue-a-26-empresas\/#primaryimage\"},\"thumbnailUrl\":\"https:\/\/test.comfenalcovalle.com.co\/wp-content\/uploads\/2025\/07\/Tulua-celebra-el-empleo-Comfenalco-Valle-Delagente-distingue-a-26-empresas4.jpg\",\"datePublished\":\"2025-07-08T19:06:50+00:00\",\"dateModified\":\"2025-07-08T19:07:49+00:00\",\"description\":\"Comfenalco Valle Delagente celebr\u00f3 el evento \u201cLa fuerza que impulsa el empleo en Tulu\u00e1 2025\u201d.\",\"breadcrumb\":{\"@id\":\"https:\/\/www.comfenalcovalle.com.co\/tulua-celebra-el-empleo-comfenalco-valle-delagente-distingue-a-26-empresas\/#breadcrumb\"},\"inLanguage\":\"en-US\",\"potentialAction\":[{\"@type\":\"ReadAction\",\"target\":[\"https:\/\/www.comfenalcovalle.com.co\/tulua-celebra-el-empleo-comfenalco-valle-delagente-distingue-a-26-empresas\/\"]}]},{\"@type\":\"ImageObject\",\"inLanguage\":\"en-US\",\"@id\":\"https:\/\/www.comfenalcovalle.com.co\/tulua-celebra-el-empleo-comfenalco-valle-delagente-distingue-a-26-empresas\/#primaryimage\",\"url\":\"https:\/\/test.comfenalcovalle.com.co\/wp-content\/uploads\/2025\/07\/Tulua-celebra-el-empleo-Comfenalco-Valle-Delagente-distingue-a-26-empresas4.jpg\",\"contentUrl\":\"https:\/\/test.comfenalcovalle.com.co\/wp-content\/uploads\/2025\/07\/Tulua-celebra-el-empleo-Comfenalco-Valle-Delagente-distingue-a-26-empresas4.jpg\",\"width\":1080,\"height\":608,\"caption\":\"Tulua\u0301 celebra el empleo Comfenalco Valle Delagente distingue a 26 empresas\"},{\"@type\":\"BreadcrumbList\",\"@id\":\"https:\/\/www.comfenalcovalle.com.co\/tulua-celebra-el-empleo-comfenalco-valle-delagente-distingue-a-26-empresas\/#breadcrumb\",\"itemListElement\":[{\"@type\":\"ListItem\",\"position\":1,\"name\":\"Portada\",\"item\":\"https:\/\/www.comfenalcovalle.com.co\/\"},{\"@type\":\"ListItem\",\"position\":2,\"name\":\"Tulu\u00e1 celebra el empleo: Comfenalco Valle Delagente distingue a 26 empresas\"}]},{\"@type\":\"WebSite\",\"@id\":\"https:\/\/www.comfenalcovalle.com.co\/#website\",\"url\":\"https:\/\/www.comfenalcovalle.com.co\/\",\"name\":\"Comfenalco Valle Delagente\",\"description\":\"Caja de compensaci\u00f3n de Comfenalco Valle Delagente.\",\"publisher\":{\"@id\":\"https:\/\/www.comfenalcovalle.com.co\/#organization\"},\"potentialAction\":[{\"@type\":\"SearchAction\",\"target\":{\"@type\":\"EntryPoint\",\"urlTemplate\":\"https:\/\/www.comfenalcovalle.com.co\/?s={search_term_string}\"},\"query-input\":{\"@type\":\"PropertyValueSpecification\",\"valueRequired\":true,\"valueName\":\"search_term_string\"}}],\"inLanguage\":\"en-US\"},{\"@type\":\"Organization\",\"@id\":\"https:\/\/www.comfenalcovalle.com.co\/#organization\",\"name\":\"Comfenalco Valle Delagente\",\"url\":\"https:\/\/www.comfenalcovalle.com.co\/\",\"logo\":{\"@type\":\"ImageObject\",\"inLanguage\":\"en-US\",\"@id\":\"https:\/\/www.comfenalcovalle.com.co\/#\/schema\/logo\/image\/\",\"url\":\"https:\/\/test.comfenalcovalle.com.co\/wp-content\/uploads\/2021\/06\/logo-comfe-cabecera-agencia-empelo-actualizado.png\",\"contentUrl\":\"https:\/\/test.comfenalcovalle.com.co\/wp-content\/uploads\/2021\/06\/logo-comfe-cabecera-agencia-empelo-actualizado.png\",\"width\":500,\"height\":184,\"caption\":\"Comfenalco Valle Delagente\"},\"image\":{\"@id\":\"https:\/\/www.comfenalcovalle.com.co\/#\/schema\/logo\/image\/\"}},{\"@type\":\"Person\",\"@id\":\"https:\/\/www.comfenalcovalle.com.co\/#\/schema\/person\/d4d8bcb299f88f97b06096cf6a21cb01\",\"name\":\"Comunicaciones Comfenalco Valle delagente\",\"image\":{\"@type\":\"ImageObject\",\"inLanguage\":\"en-US\",\"@id\":\"https:\/\/www.comfenalcovalle.com.co\/#\/schema\/person\/image\/\",\"url\":\"https:\/\/secure.gravatar.com\/avatar\/d1c29eb639a137df0ac8bfec50479e8d6ef564f7320f439d9d984504359ea6ee?s=96&d=mm&r=g\",\"contentUrl\":\"https:\/\/secure.gravatar.com\/avatar\/d1c29eb639a137df0ac8bfec50479e8d6ef564f7320f439d9d984504359ea6ee?s=96&d=mm&r=g\",\"caption\":\"Comunicaciones Comfenalco Valle delagente\"},\"url\":\"https:\/\/test.comfenalcovalle.com.co\/en\/author\/comunicaciones-comfenalco-valle-delagente\/\"}]}<\/script>\n<!-- \/ Yoast SEO Premium plugin. -->","yoast_head_json":{"title":"Tulu\u00e1 celebra el empleo: Comfenalco Valle Delagente distingue a 26 empresas - Comfenalco Valle Delagente","description":"Comfenalco Valle Delagente celebr\u00f3 el evento \u201cLa fuerza que impulsa el empleo en Tulu\u00e1 2025\u201d.","robots":{"index":"index","follow":"follow","max-snippet":"max-snippet:-1","max-image-preview":"max-image-preview:large","max-video-preview":"max-video-preview:-1"},"canonical":"https:\/\/www.comfenalcovalle.com.co\/tulua-celebra-el-empleo-comfenalco-valle-delagente-distingue-a-26-empresas\/","og_locale":"en_US","og_type":"article","og_title":"Tulu\u00e1 celebra el empleo: Comfenalco Valle Delagente distingue a 26 empresas","og_description":"Comfenalco Valle Delagente celebr\u00f3 el evento \u201cLa fuerza que impulsa el empleo en Tulu\u00e1 2025\u201d.","og_url":"https:\/\/www.comfenalcovalle.com.co\/tulua-celebra-el-empleo-comfenalco-valle-delagente-distingue-a-26-empresas\/","og_site_name":"Comfenalco Valle Delagente","article_published_time":"2025-07-08T19:06:50+00:00","article_modified_time":"2025-07-08T19:07:49+00:00","og_image":[{"width":1080,"height":608,"url":"https:\/\/www.comfenalcovalle.com.co\/wp-content\/uploads\/2025\/07\/Tulua-celebra-el-empleo-Comfenalco-Valle-Delagente-distingue-a-26-empresas4.jpg","type":"image\/jpeg"}],"author":"Comunicaciones Comfenalco Valle delagente","twitter_card":"summary_large_image","twitter_misc":{"Written by":"Comunicaciones Comfenalco Valle delagente","Est. reading time":"5 minutes"},"schema":{"@context":"https:\/\/schema.org","@graph":[{"@type":"Article","@id":"https:\/\/www.comfenalcovalle.com.co\/tulua-celebra-el-empleo-comfenalco-valle-delagente-distingue-a-26-empresas\/#article","isPartOf":{"@id":"https:\/\/www.comfenalcovalle.com.co\/tulua-celebra-el-empleo-comfenalco-valle-delagente-distingue-a-26-empresas\/"},"author":{"name":"Comunicaciones Comfenalco Valle delagente","@id":"https:\/\/www.comfenalcovalle.com.co\/#\/schema\/person\/d4d8bcb299f88f97b06096cf6a21cb01"},"headline":"Tulu\u00e1 celebra el empleo: Comfenalco Valle Delagente distingue a 26 empresas","datePublished":"2025-07-08T19:06:50+00:00","dateModified":"2025-07-08T19:07:49+00:00","mainEntityOfPage":{"@id":"https:\/\/www.comfenalcovalle.com.co\/tulua-celebra-el-empleo-comfenalco-valle-delagente-distingue-a-26-empresas\/"},"wordCount":499,"publisher":{"@id":"https:\/\/www.comfenalcovalle.com.co\/#organization"},"image":{"@id":"https:\/\/www.comfenalcovalle.com.co\/tulua-celebra-el-empleo-comfenalco-valle-delagente-distingue-a-26-empresas\/#primaryimage"},"thumbnailUrl":"https:\/\/test.comfenalcovalle.com.co\/wp-content\/uploads\/2025\/07\/Tulua-celebra-el-empleo-Comfenalco-Valle-Delagente-distingue-a-26-empresas4.jpg","articleSection":["Corporativo"],"inLanguage":"en-US"},{"@type":"WebPage","@id":"https:\/\/www.comfenalcovalle.com.co\/tulua-celebra-el-empleo-comfenalco-valle-delagente-distingue-a-26-empresas\/","url":"https:\/\/www.comfenalcovalle.com.co\/tulua-celebra-el-empleo-comfenalco-valle-delagente-distingue-a-26-empresas\/","name":"Tulu\u00e1 celebra el empleo: Comfenalco Valle Delagente distingue a 26 empresas - Comfenalco Valle Delagente","isPartOf":{"@id":"https:\/\/www.comfenalcovalle.com.co\/#website"},"primaryImageOfPage":{"@id":"https:\/\/www.comfenalcovalle.com.co\/tulua-celebra-el-empleo-comfenalco-valle-delagente-distingue-a-26-empresas\/#primaryimage"},"image":{"@id":"https:\/\/www.comfenalcovalle.com.co\/tulua-celebra-el-empleo-comfenalco-valle-delagente-distingue-a-26-empresas\/#primaryimage"},"thumbnailUrl":"https:\/\/test.comfenalcovalle.com.co\/wp-content\/uploads\/2025\/07\/Tulua-celebra-el-empleo-Comfenalco-Valle-Delagente-distingue-a-26-empresas4.jpg","datePublished":"2025-07-08T19:06:50+00:00","dateModified":"2025-07-08T19:07:49+00:00","description":"Comfenalco Valle Delagente celebr\u00f3 el evento \u201cLa fuerza que impulsa el empleo en Tulu\u00e1 2025\u201d.","breadcrumb":{"@id":"https:\/\/www.comfenalcovalle.com.co\/tulua-celebra-el-empleo-comfenalco-valle-delagente-distingue-a-26-empresas\/#breadcrumb"},"inLanguage":"en-US","potentialAction":[{"@type":"ReadAction","target":["https:\/\/www.comfenalcovalle.com.co\/tulua-celebra-el-empleo-comfenalco-valle-delagente-distingue-a-26-empresas\/"]}]},{"@type":"ImageObject","inLanguage":"en-US","@id":"https:\/\/www.comfenalcovalle.com.co\/tulua-celebra-el-empleo-comfenalco-valle-delagente-distingue-a-26-empresas\/#primaryimage","url":"https:\/\/test.comfenalcovalle.com.co\/wp-content\/uploads\/2025\/07\/Tulua-celebra-el-empleo-Comfenalco-Valle-Delagente-distingue-a-26-empresas4.jpg","contentUrl":"https:\/\/test.comfenalcovalle.com.co\/wp-content\/uploads\/2025\/07\/Tulua-celebra-el-empleo-Comfenalco-Valle-Delagente-distingue-a-26-empresas4.jpg","width":1080,"height":608,"caption":"Tulua\u0301 celebra el empleo Comfenalco Valle Delagente distingue a 26 empresas"},{"@type":"BreadcrumbList","@id":"https:\/\/www.comfenalcovalle.com.co\/tulua-celebra-el-empleo-comfenalco-valle-delagente-distingue-a-26-empresas\/#breadcrumb","itemListElement":[{"@type":"ListItem","position":1,"name":"Portada","item":"https:\/\/www.comfenalcovalle.com.co\/"},{"@type":"ListItem","position":2,"name":"Tulu\u00e1 celebra el empleo: Comfenalco Valle Delagente distingue a 26 empresas"}]},{"@type":"WebSite","@id":"https:\/\/www.comfenalcovalle.com.co\/#website","url":"https:\/\/www.comfenalcovalle.com.co\/","name":"Comfenalco Valle Delagente","description":"Comfenalco Valle Delagente compensation fund.","publisher":{"@id":"https:\/\/www.comfenalcovalle.com.co\/#organization"},"potentialAction":[{"@type":"SearchAction","target":{"@type":"EntryPoint","urlTemplate":"https:\/\/www.comfenalcovalle.com.co\/?s={search_term_string}"},"query-input":{"@type":"PropertyValueSpecification","valueRequired":true,"valueName":"search_term_string"}}],"inLanguage":"en-US"},{"@type":"Organization","@id":"https:\/\/www.comfenalcovalle.com.co\/#organization","name":"Comfenalco Valle Delagente","url":"https:\/\/www.comfenalcovalle.com.co\/","logo":{"@type":"ImageObject","inLanguage":"en-US","@id":"https:\/\/www.comfenalcovalle.com.co\/#\/schema\/logo\/image\/","url":"https:\/\/test.comfenalcovalle.com.co\/wp-content\/uploads\/2021\/06\/logo-comfe-cabecera-agencia-empelo-actualizado.png","contentUrl":"https:\/\/test.comfenalcovalle.com.co\/wp-content\/uploads\/2021\/06\/logo-comfe-cabecera-agencia-empelo-actualizado.png","width":500,"height":184,"caption":"Comfenalco Valle Delagente"},"image":{"@id":"https:\/\/www.comfenalcovalle.com.co\/#\/schema\/logo\/image\/"}},{"@type":"Person","@id":"https:\/\/www.comfenalcovalle.com.co\/#\/schema\/person\/d4d8bcb299f88f97b06096cf6a21cb01","name":"Communications Comfenalco Valle delagente","image":{"@type":"ImageObject","inLanguage":"en-US","@id":"https:\/\/www.comfenalcovalle.com.co\/#\/schema\/person\/image\/","url":"https:\/\/secure.gravatar.com\/avatar\/d1c29eb639a137df0ac8bfec50479e8d6ef564f7320f439d9d984504359ea6ee?s=96&d=mm&r=g","contentUrl":"https:\/\/secure.gravatar.com\/avatar\/d1c29eb639a137df0ac8bfec50479e8d6ef564f7320f439d9d984504359ea6ee?s=96&d=mm&r=g","caption":"Comunicaciones Comfenalco Valle delagente"},"url":"https:\/\/test.comfenalcovalle.com.co\/en\/author\/comunicaciones-comfenalco-valle-delagente\/"}]}},"publishpress_future_action":{"enabled":false,"date":"2026-05-08 11:08:01","action":"change-status","newStatus":"draft","terms":[],"taxonomy":"category","extraData":[]},"publishpress_future_workflow_manual_trigger":{"enabledWorkflows":[]},"_links":{"self":[{"href":"https:\/\/test.comfenalcovalle.com.co\/en\/wp-json\/wp\/v2\/posts\/662403","targetHints":{"allow":["GET"]}}],"collection":[{"href":"https:\/\/test.comfenalcovalle.com.co\/en\/wp-json\/wp\/v2\/posts"}],"about":[{"href":"https:\/\/test.comfenalcovalle.com.co\/en\/wp-json\/wp\/v2\/types\/post"}],"author":[{"embeddable":true,"href":"https:\/\/test.comfenalcovalle.com.co\/en\/wp-json\/wp\/v2\/users\/6"}],"replies":[{"embeddable":true,"href":"https:\/\/test.comfenalcovalle.com.co\/en\/wp-json\/wp\/v2\/comments?post=662403"}],"version-history":[{"count":0,"href":"https:\/\/test.comfenalcovalle.com.co\/en\/wp-json\/wp\/v2\/posts\/662403\/revisions"}],"wp:featuredmedia":[{"embeddable":true,"href":"https:\/\/test.comfenalcovalle.com.co\/en\/wp-json\/wp\/v2\/media\/662432"}],"wp:attachment":[{"href":"https:\/\/test.comfenalcovalle.com.co\/en\/wp-json\/wp\/v2\/media?parent=662403"}],"wp:term":[{"taxonomy":"category","embeddable":true,"href":"https:\/\/test.comfenalcovalle.com.co\/en\/wp-json\/wp\/v2\/categories?post=662403"},{"taxonomy":"post_tag","embeddable":true,"href":"https:\/\/test.comfenalcovalle.com.co\/en\/wp-json\/wp\/v2\/tags?post=662403"}],"curies":[{"name":"wp","href":"https:\/\/api.w.org\/{rel}","templated":true}]}}