{"id":662165,"date":"2025-07-03T15:08:55","date_gmt":"2025-07-03T20:08:55","guid":{"rendered":"https:\/\/test.comfenalcovalle.com.co\/?p=662165"},"modified":"2025-07-04T16:15:00","modified_gmt":"2025-07-04T21:15:00","slug":"alcaldes-del-valle-del-cauca-se-unen-para-consolidar-el-turismo","status":"publish","type":"post","link":"https:\/\/test.comfenalcovalle.com.co\/en\/alcaldes-del-valle-del-cauca-se-unen-para-consolidar-el-turismo\/","title":{"rendered":"Alcaldes del Valle del Cauca se unen para consolidar el turismo"},"content":{"rendered":"<div data-elementor-type=\"wp-post\" data-elementor-id=\"662165\" class=\"elementor elementor-662165\" data-elementor-post-type=\"post\">\n\t\t\t\t\t\t<section class=\"elementor-section elementor-top-section elementor-element elementor-element-1fe9ed50 elementor-section-boxed elementor-section-height-default elementor-section-height-default\" data-id=\"1fe9ed50\" data-element_type=\"section\">\n\t\t\t\t\t\t<div class=\"elementor-container elementor-column-gap-default\">\n\t\t\t\t\t<div class=\"elementor-column elementor-col-100 elementor-top-column elementor-element elementor-element-aeb955c\" data-id=\"aeb955c\" data-element_type=\"column\">\n\t\t\t<div class=\"elementor-widget-wrap elementor-element-populated\">\n\t\t\t\t\t\t<div class=\"elementor-element elementor-element-4fd18e2f elementor-widget elementor-widget-text-editor\" data-id=\"4fd18e2f\" data-element_type=\"widget\" data-widget_type=\"text-editor.default\">\n\t\t\t\t<div class=\"elementor-widget-container\">\n\t\t\t\t\t\t\t\t\t\n<p>M\u00e1s de 30 alcaldes del Valle del Cauca firmaron la \u00abDeclaraci\u00f3n Pacto por el Posicionamiento Tur\u00edstico del Valle del Cauca\u00bb en la 1\u00aa Cumbre de alcaldes, un compromiso clave para convertir la regi\u00f3n en un destino tur\u00edstico de primer nivel mundial.<\/p>\n\n\n\n<p>El evento, organizado por la Gobernaci\u00f3n del Valle del Cauca, ANATO Suroccidente y Comfenalco Valle Delagente, busc\u00f3 fortalecer las alianzas y el desarrollo tur\u00edstico en cada municipio.<\/p>\n\n\n\n<h2 class=\"wp-block-heading has-medium-font-size\" id=\"h-un-gran-paso-para-el-potencial-regional\"><strong>Un gran paso para el potencial regional<\/strong><\/h2>\n\n\n\n<p>Ana Ximena Vallejo, jefe de Cooperaci\u00f3n Nacional e Internacional de Comfenalco Valle Delagente, destac\u00f3 que el encuentro sirvi\u00f3 para posicionar el modelo del programa \u201cRutas Tur\u00edsticas Vive el Valle\u201d y abrir las puertas del departamento al mundo, mostrando su cultura, naturaleza y gastronom\u00eda. La firma de la Declaraci\u00f3n simboliza la unidad y voluntad de acci\u00f3n de las administraciones para la prosperidad del sector.<\/p>\n\n\n\n<p>Los alcaldes participantes recibieron herramientas y conocimientos esenciales, incluyendo datos del turismo, un modelo de turismo comunitario y estrategias de promoci\u00f3n.<\/p>\n\n\n\n<h2 class=\"wp-block-heading has-medium-font-size\"><strong>Di\u00e1logo y nuevos retos<\/strong><\/h2>\n\n\n\n<p>La cumbre incluy\u00f3 presentaciones de la Secretar\u00eda de Turismo del Valle del Cauca, ANATO y expertos como Celimo Vel\u00e1squez y Naudia Wilches, abordando el turismo como desarrollo econ\u00f3mico y los nuevos retos del turismo receptivo. Tambi\u00e9n hubo un espacio de networking y un conversatorio, \u00abDise\u00f1ando el Valle que queremos\u00bb, para construir propuestas tur\u00edsticas regionales.<\/p>\n\n\n\n<p>Comfenalco Valle Delagente<br>Family Compensation Fund<\/p>\n\t\t\t\t\t\t\t\t<\/div>\n\t\t\t\t<\/div>\n\t\t\t\t<div class=\"elementor-element elementor-element-3e3e774 elementor-arrows-position-inside elementor-pagination-position-outside elementor-widget elementor-widget-image-carousel\" data-id=\"3e3e774\" data-element_type=\"widget\" data-settings=\"{&quot;slides_to_show&quot;:&quot;2&quot;,&quot;slides_to_scroll&quot;:&quot;1&quot;,&quot;image_spacing_custom&quot;:{&quot;unit&quot;:&quot;px&quot;,&quot;size&quot;:10,&quot;sizes&quot;:[]},&quot;navigation&quot;:&quot;both&quot;,&quot;autoplay&quot;:&quot;yes&quot;,&quot;pause_on_hover&quot;:&quot;yes&quot;,&quot;pause_on_interaction&quot;:&quot;yes&quot;,&quot;autoplay_speed&quot;:5000,&quot;infinite&quot;:&quot;yes&quot;,&quot;speed&quot;:500,&quot;image_spacing_custom_tablet&quot;:{&quot;unit&quot;:&quot;px&quot;,&quot;size&quot;:&quot;&quot;,&quot;sizes&quot;:[]},&quot;image_spacing_custom_mobile&quot;:{&quot;unit&quot;:&quot;px&quot;,&quot;size&quot;:&quot;&quot;,&quot;sizes&quot;:[]}}\" data-widget_type=\"image-carousel.default\">\n\t\t\t\t<div class=\"elementor-widget-container\">\n\t\t\t\t\t\t\t<div class=\"elementor-image-carousel-wrapper swiper\" role=\"region\" aria-roledescription=\"carousel\" aria-label=\"Image Carousel\" dir=\"ltr\">\n\t\t\t<div class=\"elementor-image-carousel swiper-wrapper\" aria-live=\"off\">\n\t\t\t\t\t\t\t\t<div class=\"swiper-slide\" role=\"group\" aria-roledescription=\"slide\" aria-label=\"1 of 6\"><figure class=\"swiper-slide-inner\"><img decoding=\"async\" class=\"swiper-slide-image lazyload\" data-src=\"https:\/\/test.comfenalcovalle.com.co\/wp-content\/uploads\/2025\/07\/Alcaldes-del-Valle-del-Cauca-se-unen-para-consolidar-el-turismo-1-scaled.jpg\" alt=\"Alcaldes del Valle del Cauca se unen para consolidar el turismo\" src=\"data:image\/svg+xml;base64,PHN2ZyB3aWR0aD0iMSIgaGVpZ2h0PSIxIiB4bWxucz0iaHR0cDovL3d3dy53My5vcmcvMjAwMC9zdmciPjwvc3ZnPg==\" style=\"--smush-placeholder-width: 1280px; --smush-placeholder-aspect-ratio: 1280\/720;\" \/><\/figure><\/div><div class=\"swiper-slide\" role=\"group\" aria-roledescription=\"slide\" aria-label=\"2 of 6\"><figure class=\"swiper-slide-inner\"><img decoding=\"async\" class=\"swiper-slide-image lazyload\" data-src=\"https:\/\/test.comfenalcovalle.com.co\/wp-content\/uploads\/2025\/07\/Alcaldes-del-Valle-del-Cauca-se-unen-para-consolidar-el-turismo-2-scaled.jpg\" alt=\"Alcaldes del Valle del Cauca se unen para consolidar el turismo\" src=\"data:image\/svg+xml;base64,PHN2ZyB3aWR0aD0iMSIgaGVpZ2h0PSIxIiB4bWxucz0iaHR0cDovL3d3dy53My5vcmcvMjAwMC9zdmciPjwvc3ZnPg==\" style=\"--smush-placeholder-width: 1280px; --smush-placeholder-aspect-ratio: 1280\/720;\" \/><\/figure><\/div><div class=\"swiper-slide\" role=\"group\" aria-roledescription=\"slide\" aria-label=\"3 of 6\"><figure class=\"swiper-slide-inner\"><img decoding=\"async\" class=\"swiper-slide-image lazyload\" data-src=\"https:\/\/test.comfenalcovalle.com.co\/wp-content\/uploads\/2025\/07\/Alcaldes-del-Valle-del-Cauca-se-unen-para-consolidar-el-turismo-3-scaled.jpg\" alt=\"Alcaldes del Valle del Cauca se unen para consolidar el turismo\" src=\"data:image\/svg+xml;base64,PHN2ZyB3aWR0aD0iMSIgaGVpZ2h0PSIxIiB4bWxucz0iaHR0cDovL3d3dy53My5vcmcvMjAwMC9zdmciPjwvc3ZnPg==\" style=\"--smush-placeholder-width: 1280px; --smush-placeholder-aspect-ratio: 1280\/720;\" \/><\/figure><\/div><div class=\"swiper-slide\" role=\"group\" aria-roledescription=\"slide\" aria-label=\"4 of 6\"><figure class=\"swiper-slide-inner\"><img decoding=\"async\" class=\"swiper-slide-image lazyload\" data-src=\"https:\/\/test.comfenalcovalle.com.co\/wp-content\/uploads\/2025\/07\/Alcaldes-del-Valle-del-Cauca-se-unen-para-consolidar-el-turismo-5-scaled.jpg\" alt=\"Alcaldes del Valle del Cauca se unen para consolidar el turismo\" src=\"data:image\/svg+xml;base64,PHN2ZyB3aWR0aD0iMSIgaGVpZ2h0PSIxIiB4bWxucz0iaHR0cDovL3d3dy53My5vcmcvMjAwMC9zdmciPjwvc3ZnPg==\" style=\"--smush-placeholder-width: 1280px; --smush-placeholder-aspect-ratio: 1280\/720;\" \/><\/figure><\/div><div class=\"swiper-slide\" role=\"group\" aria-roledescription=\"slide\" aria-label=\"5 of 6\"><figure class=\"swiper-slide-inner\"><img decoding=\"async\" class=\"swiper-slide-image lazyload\" data-src=\"https:\/\/test.comfenalcovalle.com.co\/wp-content\/uploads\/2025\/07\/Alcaldes-del-Valle-del-Cauca-se-unen-para-consolidar-el-turismo-6-scaled.jpg\" alt=\"Alcaldes del Valle del Cauca se unen para consolidar el turismo\" src=\"data:image\/svg+xml;base64,PHN2ZyB3aWR0aD0iMSIgaGVpZ2h0PSIxIiB4bWxucz0iaHR0cDovL3d3dy53My5vcmcvMjAwMC9zdmciPjwvc3ZnPg==\" style=\"--smush-placeholder-width: 1280px; --smush-placeholder-aspect-ratio: 1280\/720;\" \/><\/figure><\/div><div class=\"swiper-slide\" role=\"group\" aria-roledescription=\"slide\" aria-label=\"6 of 6\"><figure class=\"swiper-slide-inner\"><img decoding=\"async\" class=\"swiper-slide-image lazyload\" data-src=\"https:\/\/test.comfenalcovalle.com.co\/wp-content\/uploads\/2025\/07\/Alcaldes-del-Valle-del-Cauca-se-unen-para-consolidar-el-turismo-4-scaled.jpg\" alt=\"Alcaldes del Valle del Cauca se unen para consolidar el turismo\" src=\"data:image\/svg+xml;base64,PHN2ZyB3aWR0aD0iMSIgaGVpZ2h0PSIxIiB4bWxucz0iaHR0cDovL3d3dy53My5vcmcvMjAwMC9zdmciPjwvc3ZnPg==\" style=\"--smush-placeholder-width: 1280px; --smush-placeholder-aspect-ratio: 1280\/720;\" \/><\/figure><\/div>\t\t\t<\/div>\n\t\t\t\t\t\t\t\t\t\t\t\t<div class=\"elementor-swiper-button elementor-swiper-button-prev\" role=\"button\" tabindex=\"0\">\n\t\t\t\t\t\t<i aria-hidden=\"true\" class=\"eicon-chevron-left\"><\/i>\t\t\t\t\t<\/div>\n\t\t\t\t\t<div class=\"elementor-swiper-button elementor-swiper-button-next\" role=\"button\" tabindex=\"0\">\n\t\t\t\t\t\t<i aria-hidden=\"true\" class=\"eicon-chevron-right\"><\/i>\t\t\t\t\t<\/div>\n\t\t\t\t\n\t\t\t\t\t\t\t\t\t<div class=\"swiper-pagination\"><\/div>\n\t\t\t\t\t\t\t\t\t<\/div>\n\t\t\t\t\t\t<\/div>\n\t\t\t\t<\/div>\n\t\t\t\t\t<\/div>\n\t\t<\/div>\n\t\t\t\t\t<\/div>\n\t\t<\/section>\n\t\t\t\t<\/div>","protected":false},"excerpt":{"rendered":"<p>M\u00e1s de 30 alcaldes del Valle del Cauca firmaron la \u00abDeclaraci\u00f3n Pacto por el Posicionamiento Tur\u00edstico del Valle del Cauca\u00bb en la 1\u00aa Cumbre de alcaldes, un compromiso clave para convertir la regi\u00f3n en un destino tur\u00edstico de primer nivel mundial. El evento, organizado por la Gobernaci\u00f3n del Valle del Cauca, ANATO Suroccidente y Comfenalco [&hellip;]<\/p>","protected":false},"author":6,"featured_media":662169,"comment_status":"closed","ping_status":"closed","sticky":false,"template":"","format":"standard","meta":{"footnotes":""},"categories":[72],"tags":[1060,234,109,1062,1061,1063,478,479],"class_list":["post-662165","post","type-post","status-publish","format-standard","has-post-thumbnail","hentry","category-corporativo","tag-alcaldes","tag-comfenalco-valle","tag-delagente","tag-firma","tag-gobernacion","tag-miyerlandy","tag-turismo","tag-valle-del-cauca"],"yoast_head":"<!-- This site is optimized with the Yoast SEO Premium plugin v25.9 (Yoast SEO v25.9) - https:\/\/yoast.com\/wordpress\/plugins\/seo\/ -->\n<title>Alcaldes del Valle del Cauca se unen para consolidar el turismo<\/title>\n<meta name=\"description\" content=\"M\u00e1s de 30 alcaldes del departamento del Valle del Cauca dieron un paso trascendental hacia la consolidaci\u00f3n de su vocaci\u00f3n tur\u00edstica.\" \/>\n<meta name=\"robots\" content=\"index, follow, max-snippet:-1, max-image-preview:large, max-video-preview:-1\" \/>\n<link rel=\"canonical\" href=\"https:\/\/www.comfenalcovalle.com.co\/alcaldes-del-valle-del-cauca-se-unen-para-consolidar-el-turismo\/\" \/>\n<meta property=\"og:locale\" content=\"en_US\" \/>\n<meta property=\"og:type\" content=\"article\" \/>\n<meta property=\"og:title\" content=\"Alcaldes del Valle del Cauca se unen para consolidar el turismo\" \/>\n<meta property=\"og:description\" content=\"M\u00e1s de 30 alcaldes del departamento del Valle del Cauca dieron un paso trascendental hacia la consolidaci\u00f3n de su vocaci\u00f3n tur\u00edstica.\" \/>\n<meta property=\"og:url\" content=\"https:\/\/www.comfenalcovalle.com.co\/alcaldes-del-valle-del-cauca-se-unen-para-consolidar-el-turismo\/\" \/>\n<meta property=\"og:site_name\" content=\"Comfenalco Valle Delagente\" \/>\n<meta property=\"article:published_time\" content=\"2025-07-03T20:08:55+00:00\" \/>\n<meta property=\"article:modified_time\" content=\"2025-07-04T21:15:00+00:00\" \/>\n<meta property=\"og:image\" content=\"https:\/\/www.comfenalcovalle.com.co\/wp-content\/uploads\/2025\/07\/Alcaldes-del-Valle-del-Cauca-se-unen-para-consolidar-el-turismo-5-scaled.jpg\" \/>\n\t<meta property=\"og:image:width\" content=\"1280\" \/>\n\t<meta property=\"og:image:height\" content=\"720\" \/>\n\t<meta property=\"og:image:type\" content=\"image\/jpeg\" \/>\n<meta name=\"author\" content=\"Comunicaciones Comfenalco Valle delagente\" \/>\n<meta name=\"twitter:card\" content=\"summary_large_image\" \/>\n<meta name=\"twitter:label1\" content=\"Written by\" \/>\n\t<meta name=\"twitter:data1\" content=\"Comunicaciones Comfenalco Valle delagente\" \/>\n\t<meta name=\"twitter:label2\" content=\"Est. reading time\" \/>\n\t<meta name=\"twitter:data2\" content=\"4 minutes\" \/>\n<script type=\"application\/ld+json\" class=\"yoast-schema-graph\">{\"@context\":\"https:\/\/schema.org\",\"@graph\":[{\"@type\":\"Article\",\"@id\":\"https:\/\/www.comfenalcovalle.com.co\/alcaldes-del-valle-del-cauca-se-unen-para-consolidar-el-turismo\/#article\",\"isPartOf\":{\"@id\":\"https:\/\/www.comfenalcovalle.com.co\/alcaldes-del-valle-del-cauca-se-unen-para-consolidar-el-turismo\/\"},\"author\":{\"name\":\"Comunicaciones Comfenalco Valle delagente\",\"@id\":\"https:\/\/www.comfenalcovalle.com.co\/#\/schema\/person\/d4d8bcb299f88f97b06096cf6a21cb01\"},\"headline\":\"Alcaldes del Valle del Cauca se unen para consolidar el turismo\",\"datePublished\":\"2025-07-03T20:08:55+00:00\",\"dateModified\":\"2025-07-04T21:15:00+00:00\",\"mainEntityOfPage\":{\"@id\":\"https:\/\/www.comfenalcovalle.com.co\/alcaldes-del-valle-del-cauca-se-unen-para-consolidar-el-turismo\/\"},\"wordCount\":255,\"publisher\":{\"@id\":\"https:\/\/www.comfenalcovalle.com.co\/#organization\"},\"image\":{\"@id\":\"https:\/\/www.comfenalcovalle.com.co\/alcaldes-del-valle-del-cauca-se-unen-para-consolidar-el-turismo\/#primaryimage\"},\"thumbnailUrl\":\"https:\/\/test.comfenalcovalle.com.co\/wp-content\/uploads\/2025\/07\/Alcaldes-del-Valle-del-Cauca-se-unen-para-consolidar-el-turismo-5-scaled.jpg\",\"keywords\":[\"alcaldes\",\"comfenalco valle\",\"Delagente\",\"firma\",\"gobernaci\u00f3n\",\"miyerlandy\",\"turismo\",\"valle del cauca\"],\"articleSection\":[\"Corporativo\"],\"inLanguage\":\"en-US\"},{\"@type\":\"WebPage\",\"@id\":\"https:\/\/www.comfenalcovalle.com.co\/alcaldes-del-valle-del-cauca-se-unen-para-consolidar-el-turismo\/\",\"url\":\"https:\/\/www.comfenalcovalle.com.co\/alcaldes-del-valle-del-cauca-se-unen-para-consolidar-el-turismo\/\",\"name\":\"Alcaldes del Valle del Cauca se unen para consolidar el turismo\",\"isPartOf\":{\"@id\":\"https:\/\/www.comfenalcovalle.com.co\/#website\"},\"primaryImageOfPage\":{\"@id\":\"https:\/\/www.comfenalcovalle.com.co\/alcaldes-del-valle-del-cauca-se-unen-para-consolidar-el-turismo\/#primaryimage\"},\"image\":{\"@id\":\"https:\/\/www.comfenalcovalle.com.co\/alcaldes-del-valle-del-cauca-se-unen-para-consolidar-el-turismo\/#primaryimage\"},\"thumbnailUrl\":\"https:\/\/test.comfenalcovalle.com.co\/wp-content\/uploads\/2025\/07\/Alcaldes-del-Valle-del-Cauca-se-unen-para-consolidar-el-turismo-5-scaled.jpg\",\"datePublished\":\"2025-07-03T20:08:55+00:00\",\"dateModified\":\"2025-07-04T21:15:00+00:00\",\"description\":\"M\u00e1s de 30 alcaldes del departamento del Valle del Cauca dieron un paso trascendental hacia la consolidaci\u00f3n de su vocaci\u00f3n tur\u00edstica.\",\"breadcrumb\":{\"@id\":\"https:\/\/www.comfenalcovalle.com.co\/alcaldes-del-valle-del-cauca-se-unen-para-consolidar-el-turismo\/#breadcrumb\"},\"inLanguage\":\"en-US\",\"potentialAction\":[{\"@type\":\"ReadAction\",\"target\":[\"https:\/\/www.comfenalcovalle.com.co\/alcaldes-del-valle-del-cauca-se-unen-para-consolidar-el-turismo\/\"]}]},{\"@type\":\"ImageObject\",\"inLanguage\":\"en-US\",\"@id\":\"https:\/\/www.comfenalcovalle.com.co\/alcaldes-del-valle-del-cauca-se-unen-para-consolidar-el-turismo\/#primaryimage\",\"url\":\"https:\/\/test.comfenalcovalle.com.co\/wp-content\/uploads\/2025\/07\/Alcaldes-del-Valle-del-Cauca-se-unen-para-consolidar-el-turismo-5-scaled.jpg\",\"contentUrl\":\"https:\/\/test.comfenalcovalle.com.co\/wp-content\/uploads\/2025\/07\/Alcaldes-del-Valle-del-Cauca-se-unen-para-consolidar-el-turismo-5-scaled.jpg\",\"width\":1280,\"height\":720,\"caption\":\"Alcaldes del Valle del Cauca se unen para consolidar el turismo\"},{\"@type\":\"BreadcrumbList\",\"@id\":\"https:\/\/www.comfenalcovalle.com.co\/alcaldes-del-valle-del-cauca-se-unen-para-consolidar-el-turismo\/#breadcrumb\",\"itemListElement\":[{\"@type\":\"ListItem\",\"position\":1,\"name\":\"Portada\",\"item\":\"https:\/\/www.comfenalcovalle.com.co\/\"},{\"@type\":\"ListItem\",\"position\":2,\"name\":\"Alcaldes del Valle del Cauca se unen para consolidar el turismo\"}]},{\"@type\":\"WebSite\",\"@id\":\"https:\/\/www.comfenalcovalle.com.co\/#website\",\"url\":\"https:\/\/www.comfenalcovalle.com.co\/\",\"name\":\"Comfenalco Valle Delagente\",\"description\":\"Caja de compensaci\u00f3n de Comfenalco Valle Delagente.\",\"publisher\":{\"@id\":\"https:\/\/www.comfenalcovalle.com.co\/#organization\"},\"potentialAction\":[{\"@type\":\"SearchAction\",\"target\":{\"@type\":\"EntryPoint\",\"urlTemplate\":\"https:\/\/www.comfenalcovalle.com.co\/?s={search_term_string}\"},\"query-input\":{\"@type\":\"PropertyValueSpecification\",\"valueRequired\":true,\"valueName\":\"search_term_string\"}}],\"inLanguage\":\"en-US\"},{\"@type\":\"Organization\",\"@id\":\"https:\/\/www.comfenalcovalle.com.co\/#organization\",\"name\":\"Comfenalco Valle Delagente\",\"url\":\"https:\/\/www.comfenalcovalle.com.co\/\",\"logo\":{\"@type\":\"ImageObject\",\"inLanguage\":\"en-US\",\"@id\":\"https:\/\/www.comfenalcovalle.com.co\/#\/schema\/logo\/image\/\",\"url\":\"https:\/\/test.comfenalcovalle.com.co\/wp-content\/uploads\/2021\/06\/logo-comfe-cabecera-agencia-empelo-actualizado.png\",\"contentUrl\":\"https:\/\/test.comfenalcovalle.com.co\/wp-content\/uploads\/2021\/06\/logo-comfe-cabecera-agencia-empelo-actualizado.png\",\"width\":500,\"height\":184,\"caption\":\"Comfenalco Valle Delagente\"},\"image\":{\"@id\":\"https:\/\/www.comfenalcovalle.com.co\/#\/schema\/logo\/image\/\"}},{\"@type\":\"Person\",\"@id\":\"https:\/\/www.comfenalcovalle.com.co\/#\/schema\/person\/d4d8bcb299f88f97b06096cf6a21cb01\",\"name\":\"Comunicaciones Comfenalco Valle delagente\",\"image\":{\"@type\":\"ImageObject\",\"inLanguage\":\"en-US\",\"@id\":\"https:\/\/www.comfenalcovalle.com.co\/#\/schema\/person\/image\/\",\"url\":\"https:\/\/secure.gravatar.com\/avatar\/d1c29eb639a137df0ac8bfec50479e8d6ef564f7320f439d9d984504359ea6ee?s=96&d=mm&r=g\",\"contentUrl\":\"https:\/\/secure.gravatar.com\/avatar\/d1c29eb639a137df0ac8bfec50479e8d6ef564f7320f439d9d984504359ea6ee?s=96&d=mm&r=g\",\"caption\":\"Comunicaciones Comfenalco Valle delagente\"},\"url\":\"https:\/\/test.comfenalcovalle.com.co\/en\/author\/comunicaciones-comfenalco-valle-delagente\/\"}]}<\/script>\n<!-- \/ Yoast SEO Premium plugin. -->","yoast_head_json":{"title":"Alcaldes del Valle del Cauca se unen para consolidar el turismo","description":"M\u00e1s de 30 alcaldes del departamento del Valle del Cauca dieron un paso trascendental hacia la consolidaci\u00f3n de su vocaci\u00f3n tur\u00edstica.","robots":{"index":"index","follow":"follow","max-snippet":"max-snippet:-1","max-image-preview":"max-image-preview:large","max-video-preview":"max-video-preview:-1"},"canonical":"https:\/\/www.comfenalcovalle.com.co\/alcaldes-del-valle-del-cauca-se-unen-para-consolidar-el-turismo\/","og_locale":"en_US","og_type":"article","og_title":"Alcaldes del Valle del Cauca se unen para consolidar el turismo","og_description":"M\u00e1s de 30 alcaldes del departamento del Valle del Cauca dieron un paso trascendental hacia la consolidaci\u00f3n de su vocaci\u00f3n tur\u00edstica.","og_url":"https:\/\/www.comfenalcovalle.com.co\/alcaldes-del-valle-del-cauca-se-unen-para-consolidar-el-turismo\/","og_site_name":"Comfenalco Valle Delagente","article_published_time":"2025-07-03T20:08:55+00:00","article_modified_time":"2025-07-04T21:15:00+00:00","og_image":[{"width":1280,"height":720,"url":"https:\/\/www.comfenalcovalle.com.co\/wp-content\/uploads\/2025\/07\/Alcaldes-del-Valle-del-Cauca-se-unen-para-consolidar-el-turismo-5-scaled.jpg","type":"image\/jpeg"}],"author":"Comunicaciones Comfenalco Valle delagente","twitter_card":"summary_large_image","twitter_misc":{"Written by":"Comunicaciones Comfenalco Valle delagente","Est. reading time":"4 minutes"},"schema":{"@context":"https:\/\/schema.org","@graph":[{"@type":"Article","@id":"https:\/\/www.comfenalcovalle.com.co\/alcaldes-del-valle-del-cauca-se-unen-para-consolidar-el-turismo\/#article","isPartOf":{"@id":"https:\/\/www.comfenalcovalle.com.co\/alcaldes-del-valle-del-cauca-se-unen-para-consolidar-el-turismo\/"},"author":{"name":"Comunicaciones Comfenalco Valle delagente","@id":"https:\/\/www.comfenalcovalle.com.co\/#\/schema\/person\/d4d8bcb299f88f97b06096cf6a21cb01"},"headline":"Alcaldes del Valle del Cauca se unen para consolidar el turismo","datePublished":"2025-07-03T20:08:55+00:00","dateModified":"2025-07-04T21:15:00+00:00","mainEntityOfPage":{"@id":"https:\/\/www.comfenalcovalle.com.co\/alcaldes-del-valle-del-cauca-se-unen-para-consolidar-el-turismo\/"},"wordCount":255,"publisher":{"@id":"https:\/\/www.comfenalcovalle.com.co\/#organization"},"image":{"@id":"https:\/\/www.comfenalcovalle.com.co\/alcaldes-del-valle-del-cauca-se-unen-para-consolidar-el-turismo\/#primaryimage"},"thumbnailUrl":"https:\/\/test.comfenalcovalle.com.co\/wp-content\/uploads\/2025\/07\/Alcaldes-del-Valle-del-Cauca-se-unen-para-consolidar-el-turismo-5-scaled.jpg","keywords":["alcaldes","comfenalco valle","Delagente","firma","gobernaci\u00f3n","miyerlandy","turismo","valle del cauca"],"articleSection":["Corporativo"],"inLanguage":"en-US"},{"@type":"WebPage","@id":"https:\/\/www.comfenalcovalle.com.co\/alcaldes-del-valle-del-cauca-se-unen-para-consolidar-el-turismo\/","url":"https:\/\/www.comfenalcovalle.com.co\/alcaldes-del-valle-del-cauca-se-unen-para-consolidar-el-turismo\/","name":"Alcaldes del Valle del Cauca se unen para consolidar el turismo","isPartOf":{"@id":"https:\/\/www.comfenalcovalle.com.co\/#website"},"primaryImageOfPage":{"@id":"https:\/\/www.comfenalcovalle.com.co\/alcaldes-del-valle-del-cauca-se-unen-para-consolidar-el-turismo\/#primaryimage"},"image":{"@id":"https:\/\/www.comfenalcovalle.com.co\/alcaldes-del-valle-del-cauca-se-unen-para-consolidar-el-turismo\/#primaryimage"},"thumbnailUrl":"https:\/\/test.comfenalcovalle.com.co\/wp-content\/uploads\/2025\/07\/Alcaldes-del-Valle-del-Cauca-se-unen-para-consolidar-el-turismo-5-scaled.jpg","datePublished":"2025-07-03T20:08:55+00:00","dateModified":"2025-07-04T21:15:00+00:00","description":"M\u00e1s de 30 alcaldes del departamento del Valle del Cauca dieron un paso trascendental hacia la consolidaci\u00f3n de su vocaci\u00f3n tur\u00edstica.","breadcrumb":{"@id":"https:\/\/www.comfenalcovalle.com.co\/alcaldes-del-valle-del-cauca-se-unen-para-consolidar-el-turismo\/#breadcrumb"},"inLanguage":"en-US","potentialAction":[{"@type":"ReadAction","target":["https:\/\/www.comfenalcovalle.com.co\/alcaldes-del-valle-del-cauca-se-unen-para-consolidar-el-turismo\/"]}]},{"@type":"ImageObject","inLanguage":"en-US","@id":"https:\/\/www.comfenalcovalle.com.co\/alcaldes-del-valle-del-cauca-se-unen-para-consolidar-el-turismo\/#primaryimage","url":"https:\/\/test.comfenalcovalle.com.co\/wp-content\/uploads\/2025\/07\/Alcaldes-del-Valle-del-Cauca-se-unen-para-consolidar-el-turismo-5-scaled.jpg","contentUrl":"https:\/\/test.comfenalcovalle.com.co\/wp-content\/uploads\/2025\/07\/Alcaldes-del-Valle-del-Cauca-se-unen-para-consolidar-el-turismo-5-scaled.jpg","width":1280,"height":720,"caption":"Alcaldes del Valle del Cauca se unen para consolidar el turismo"},{"@type":"BreadcrumbList","@id":"https:\/\/www.comfenalcovalle.com.co\/alcaldes-del-valle-del-cauca-se-unen-para-consolidar-el-turismo\/#breadcrumb","itemListElement":[{"@type":"ListItem","position":1,"name":"Portada","item":"https:\/\/www.comfenalcovalle.com.co\/"},{"@type":"ListItem","position":2,"name":"Alcaldes del Valle del Cauca se unen para consolidar el turismo"}]},{"@type":"WebSite","@id":"https:\/\/www.comfenalcovalle.com.co\/#website","url":"https:\/\/www.comfenalcovalle.com.co\/","name":"Comfenalco Valle Delagente","description":"Comfenalco Valle Delagente compensation fund.","publisher":{"@id":"https:\/\/www.comfenalcovalle.com.co\/#organization"},"potentialAction":[{"@type":"SearchAction","target":{"@type":"EntryPoint","urlTemplate":"https:\/\/www.comfenalcovalle.com.co\/?s={search_term_string}"},"query-input":{"@type":"PropertyValueSpecification","valueRequired":true,"valueName":"search_term_string"}}],"inLanguage":"en-US"},{"@type":"Organization","@id":"https:\/\/www.comfenalcovalle.com.co\/#organization","name":"Comfenalco Valle Delagente","url":"https:\/\/www.comfenalcovalle.com.co\/","logo":{"@type":"ImageObject","inLanguage":"en-US","@id":"https:\/\/www.comfenalcovalle.com.co\/#\/schema\/logo\/image\/","url":"https:\/\/test.comfenalcovalle.com.co\/wp-content\/uploads\/2021\/06\/logo-comfe-cabecera-agencia-empelo-actualizado.png","contentUrl":"https:\/\/test.comfenalcovalle.com.co\/wp-content\/uploads\/2021\/06\/logo-comfe-cabecera-agencia-empelo-actualizado.png","width":500,"height":184,"caption":"Comfenalco Valle Delagente"},"image":{"@id":"https:\/\/www.comfenalcovalle.com.co\/#\/schema\/logo\/image\/"}},{"@type":"Person","@id":"https:\/\/www.comfenalcovalle.com.co\/#\/schema\/person\/d4d8bcb299f88f97b06096cf6a21cb01","name":"Communications Comfenalco Valle delagente","image":{"@type":"ImageObject","inLanguage":"en-US","@id":"https:\/\/www.comfenalcovalle.com.co\/#\/schema\/person\/image\/","url":"https:\/\/secure.gravatar.com\/avatar\/d1c29eb639a137df0ac8bfec50479e8d6ef564f7320f439d9d984504359ea6ee?s=96&d=mm&r=g","contentUrl":"https:\/\/secure.gravatar.com\/avatar\/d1c29eb639a137df0ac8bfec50479e8d6ef564f7320f439d9d984504359ea6ee?s=96&d=mm&r=g","caption":"Comunicaciones Comfenalco Valle delagente"},"url":"https:\/\/test.comfenalcovalle.com.co\/en\/author\/comunicaciones-comfenalco-valle-delagente\/"}]}},"publishpress_future_action":{"enabled":false,"date":"2026-05-08 12:50:22","action":"change-status","newStatus":"draft","terms":[],"taxonomy":"category","extraData":[]},"publishpress_future_workflow_manual_trigger":{"enabledWorkflows":[]},"_links":{"self":[{"href":"https:\/\/test.comfenalcovalle.com.co\/en\/wp-json\/wp\/v2\/posts\/662165","targetHints":{"allow":["GET"]}}],"collection":[{"href":"https:\/\/test.comfenalcovalle.com.co\/en\/wp-json\/wp\/v2\/posts"}],"about":[{"href":"https:\/\/test.comfenalcovalle.com.co\/en\/wp-json\/wp\/v2\/types\/post"}],"author":[{"embeddable":true,"href":"https:\/\/test.comfenalcovalle.com.co\/en\/wp-json\/wp\/v2\/users\/6"}],"replies":[{"embeddable":true,"href":"https:\/\/test.comfenalcovalle.com.co\/en\/wp-json\/wp\/v2\/comments?post=662165"}],"version-history":[{"count":0,"href":"https:\/\/test.comfenalcovalle.com.co\/en\/wp-json\/wp\/v2\/posts\/662165\/revisions"}],"wp:featuredmedia":[{"embeddable":true,"href":"https:\/\/test.comfenalcovalle.com.co\/en\/wp-json\/wp\/v2\/media\/662169"}],"wp:attachment":[{"href":"https:\/\/test.comfenalcovalle.com.co\/en\/wp-json\/wp\/v2\/media?parent=662165"}],"wp:term":[{"taxonomy":"category","embeddable":true,"href":"https:\/\/test.comfenalcovalle.com.co\/en\/wp-json\/wp\/v2\/categories?post=662165"},{"taxonomy":"post_tag","embeddable":true,"href":"https:\/\/test.comfenalcovalle.com.co\/en\/wp-json\/wp\/v2\/tags?post=662165"}],"curies":[{"name":"wp","href":"https:\/\/api.w.org\/{rel}","templated":true}]}}