{"id":661949,"date":"2025-07-01T11:26:04","date_gmt":"2025-07-01T16:26:04","guid":{"rendered":"https:\/\/test.comfenalcovalle.com.co\/?p=661949"},"modified":"2025-07-01T11:34:57","modified_gmt":"2025-07-01T16:34:57","slug":"modificacion-temporal-en-el-horario-en-cartago","status":"publish","type":"post","link":"https:\/\/test.comfenalcovalle.com.co\/en\/modificacion-temporal-en-el-horario-en-cartago\/","title":{"rendered":"Modificaci\u00f3n temporal en el horario en Cartago"},"content":{"rendered":"<p>Comfenalco Valle Delagente informa a sus afiliados y p\u00fablico en general que en la ciudad de Cartago se modificar\u00e1n nuestros horarios de atenci\u00f3n el d\u00eda de hoy, 1 de julio, debido a la suspensi\u00f3n programada del servicio de energ\u00eda.<\/p>\n\n\n\n<ul class=\"wp-block-list\">\n<li>En nuestra <strong>Sede Administrativa y de Servicios<\/strong> la atenci\u00f3n ser\u00e1 de 7:30 a.m. a 2:00 p.m. en jornada continua.<\/li>\n\n\n\n<li>He <strong>PEC Agent<\/strong> no tendr\u00e1 atenci\u00f3n presencial de 1:00 a 5:00 p.m., sin embargo, las clases en el horario nocturno se realizar\u00e1n con normalidad.<\/li>\n\n\n\n<li>He <strong>Hotel and Recreational Center Villasol<\/strong> operar\u00e1 en su horario habitual.<\/li>\n<\/ul>\n\n\n\n<p>Recordamos que tambi\u00e9n puedes hacer uso de nuestros canales de atenci\u00f3n virtual:<\/p>\n\n\n\n<ul class=\"wp-block-list\">\n<li>L\u00ednea PBX: (602) 886 27 27.<\/li>\n\n\n\n<li>P\u00e1gina web <a href=\"http:\/\/test.comfenalcovalle.com.co\/en\/\" target=\"_blank\" rel=\"noreferrer noopener\"><strong>test.comfenalcovalle.com.co<\/strong><\/a> y Asesor Virtual Diligente.<\/li>\n\n\n\n<li>Redes sociales.<\/li>\n<\/ul>\n\n\n\n<p><\/p>\n\n\n\n<p>We appreciate your understanding.<\/p>\n\n\n\n<p><\/p>\n\n\n\n<p><strong>Coordinaci\u00f3n de Servicio y Experiencia.<\/strong><\/p>\n\n\n\n<p><strong>Comfenalco Valle Delagente.<\/strong><\/p>\n\n\n\n<p><strong>Family Compensation Fund.<\/strong><\/p>","protected":false},"excerpt":{"rendered":"<p>Se informa que el 1 de julio se modifica el horario de atenci\u00f3n debido a la suspensi\u00f3n programada del servicio de energ\u00eda en Cartago&#8230;<\/p>","protected":false},"author":6,"featured_media":654541,"comment_status":"closed","ping_status":"closed","sticky":false,"template":"","format":"standard","meta":{"footnotes":""},"categories":[101],"tags":[356,426,234,109,1028,436,1015,611,370],"class_list":["post-661949","post","type-post","status-publish","format-standard","has-post-thumbnail","hentry","category-servicio-al-cliente","tag-cambio","tag-cartago","tag-comfenalco-valle","tag-delagente","tag-energia","tag-horario","tag-modificacion","tag-no-servicio","tag-suspension"],"yoast_head":"<!-- This site is optimized with the Yoast SEO Premium plugin v25.9 (Yoast SEO v25.9) - https:\/\/yoast.com\/wordpress\/plugins\/seo\/ -->\n<title>Modificaci\u00f3n temporal en el horario en Cartago<\/title>\n<meta name=\"description\" content=\"Se informa que el 1 de julio se modifica el horario de atenci\u00f3n debido a la suspensi\u00f3n programada del servicio de energ\u00eda en Cartago...\" \/>\n<meta name=\"robots\" content=\"index, follow, max-snippet:-1, max-image-preview:large, max-video-preview:-1\" \/>\n<link rel=\"canonical\" href=\"https:\/\/www.comfenalcovalle.com.co\/modificacion-temporal-en-el-horario-en-cartago\/\" \/>\n<meta property=\"og:locale\" content=\"en_US\" \/>\n<meta property=\"og:type\" content=\"article\" \/>\n<meta property=\"og:title\" content=\"Modificaci\u00f3n temporal en el horario en Cartago\" \/>\n<meta property=\"og:description\" content=\"Se informa que el 1 de julio se modifica el horario de atenci\u00f3n debido a la suspensi\u00f3n programada del servicio de energ\u00eda en Cartago...\" \/>\n<meta property=\"og:url\" content=\"https:\/\/www.comfenalcovalle.com.co\/modificacion-temporal-en-el-horario-en-cartago\/\" \/>\n<meta property=\"og:site_name\" content=\"Comfenalco Valle Delagente\" \/>\n<meta property=\"article:published_time\" content=\"2025-07-01T16:26:04+00:00\" \/>\n<meta property=\"article:modified_time\" content=\"2025-07-01T16:34:57+00:00\" \/>\n<meta property=\"og:image\" content=\"https:\/\/www.comfenalcovalle.com.co\/wp-content\/uploads\/2025\/01\/comunicado-atencion-presencial-servicio-2025.png\" \/>\n\t<meta property=\"og:image:width\" content=\"1920\" \/>\n\t<meta property=\"og:image:height\" content=\"1080\" \/>\n\t<meta property=\"og:image:type\" content=\"image\/png\" \/>\n<meta name=\"author\" content=\"Comunicaciones Comfenalco Valle delagente\" \/>\n<meta name=\"twitter:card\" content=\"summary_large_image\" \/>\n<meta name=\"twitter:label1\" content=\"Written by\" \/>\n\t<meta name=\"twitter:data1\" content=\"Comunicaciones Comfenalco Valle delagente\" \/>\n\t<meta name=\"twitter:label2\" content=\"Est. reading time\" \/>\n\t<meta name=\"twitter:data2\" content=\"1 minute\" \/>\n<script type=\"application\/ld+json\" class=\"yoast-schema-graph\">{\"@context\":\"https:\/\/schema.org\",\"@graph\":[{\"@type\":\"Article\",\"@id\":\"https:\/\/www.comfenalcovalle.com.co\/modificacion-temporal-en-el-horario-en-cartago\/#article\",\"isPartOf\":{\"@id\":\"https:\/\/www.comfenalcovalle.com.co\/modificacion-temporal-en-el-horario-en-cartago\/\"},\"author\":{\"name\":\"Comunicaciones Comfenalco Valle delagente\",\"@id\":\"https:\/\/www.comfenalcovalle.com.co\/#\/schema\/person\/d4d8bcb299f88f97b06096cf6a21cb01\"},\"headline\":\"Modificaci\u00f3n temporal en el horario en Cartago\",\"datePublished\":\"2025-07-01T16:26:04+00:00\",\"dateModified\":\"2025-07-01T16:34:57+00:00\",\"mainEntityOfPage\":{\"@id\":\"https:\/\/www.comfenalcovalle.com.co\/modificacion-temporal-en-el-horario-en-cartago\/\"},\"wordCount\":156,\"publisher\":{\"@id\":\"https:\/\/www.comfenalcovalle.com.co\/#organization\"},\"image\":{\"@id\":\"https:\/\/www.comfenalcovalle.com.co\/modificacion-temporal-en-el-horario-en-cartago\/#primaryimage\"},\"thumbnailUrl\":\"https:\/\/test.comfenalcovalle.com.co\/wp-content\/uploads\/2025\/01\/comunicado-atencion-presencial-servicio-2025.png\",\"keywords\":[\"cambio\",\"cartago\",\"comfenalco valle\",\"Delagente\",\"energia\",\"horario\",\"modificaci\u00f3n\",\"no servicio\",\"suspensi\u00f3n\"],\"articleSection\":[\"Servicio al cliente\"],\"inLanguage\":\"en-US\"},{\"@type\":\"WebPage\",\"@id\":\"https:\/\/www.comfenalcovalle.com.co\/modificacion-temporal-en-el-horario-en-cartago\/\",\"url\":\"https:\/\/www.comfenalcovalle.com.co\/modificacion-temporal-en-el-horario-en-cartago\/\",\"name\":\"Modificaci\u00f3n temporal en el horario en Cartago\",\"isPartOf\":{\"@id\":\"https:\/\/www.comfenalcovalle.com.co\/#website\"},\"primaryImageOfPage\":{\"@id\":\"https:\/\/www.comfenalcovalle.com.co\/modificacion-temporal-en-el-horario-en-cartago\/#primaryimage\"},\"image\":{\"@id\":\"https:\/\/www.comfenalcovalle.com.co\/modificacion-temporal-en-el-horario-en-cartago\/#primaryimage\"},\"thumbnailUrl\":\"https:\/\/test.comfenalcovalle.com.co\/wp-content\/uploads\/2025\/01\/comunicado-atencion-presencial-servicio-2025.png\",\"datePublished\":\"2025-07-01T16:26:04+00:00\",\"dateModified\":\"2025-07-01T16:34:57+00:00\",\"description\":\"Se informa que el 1 de julio se modifica el horario de atenci\u00f3n debido a la suspensi\u00f3n programada del servicio de energ\u00eda en Cartago...\",\"breadcrumb\":{\"@id\":\"https:\/\/www.comfenalcovalle.com.co\/modificacion-temporal-en-el-horario-en-cartago\/#breadcrumb\"},\"inLanguage\":\"en-US\",\"potentialAction\":[{\"@type\":\"ReadAction\",\"target\":[\"https:\/\/www.comfenalcovalle.com.co\/modificacion-temporal-en-el-horario-en-cartago\/\"]}]},{\"@type\":\"ImageObject\",\"inLanguage\":\"en-US\",\"@id\":\"https:\/\/www.comfenalcovalle.com.co\/modificacion-temporal-en-el-horario-en-cartago\/#primaryimage\",\"url\":\"https:\/\/test.comfenalcovalle.com.co\/wp-content\/uploads\/2025\/01\/comunicado-atencion-presencial-servicio-2025.png\",\"contentUrl\":\"https:\/\/test.comfenalcovalle.com.co\/wp-content\/uploads\/2025\/01\/comunicado-atencion-presencial-servicio-2025.png\",\"width\":1920,\"height\":1080,\"caption\":\"Atenci\u00f3n al cliente en temporada\"},{\"@type\":\"BreadcrumbList\",\"@id\":\"https:\/\/www.comfenalcovalle.com.co\/modificacion-temporal-en-el-horario-en-cartago\/#breadcrumb\",\"itemListElement\":[{\"@type\":\"ListItem\",\"position\":1,\"name\":\"Portada\",\"item\":\"https:\/\/www.comfenalcovalle.com.co\/\"},{\"@type\":\"ListItem\",\"position\":2,\"name\":\"Modificaci\u00f3n temporal en el horario en Cartago\"}]},{\"@type\":\"WebSite\",\"@id\":\"https:\/\/www.comfenalcovalle.com.co\/#website\",\"url\":\"https:\/\/www.comfenalcovalle.com.co\/\",\"name\":\"Comfenalco Valle Delagente\",\"description\":\"Caja de compensaci\u00f3n de Comfenalco Valle Delagente.\",\"publisher\":{\"@id\":\"https:\/\/www.comfenalcovalle.com.co\/#organization\"},\"potentialAction\":[{\"@type\":\"SearchAction\",\"target\":{\"@type\":\"EntryPoint\",\"urlTemplate\":\"https:\/\/www.comfenalcovalle.com.co\/?s={search_term_string}\"},\"query-input\":{\"@type\":\"PropertyValueSpecification\",\"valueRequired\":true,\"valueName\":\"search_term_string\"}}],\"inLanguage\":\"en-US\"},{\"@type\":\"Organization\",\"@id\":\"https:\/\/www.comfenalcovalle.com.co\/#organization\",\"name\":\"Comfenalco Valle Delagente\",\"url\":\"https:\/\/www.comfenalcovalle.com.co\/\",\"logo\":{\"@type\":\"ImageObject\",\"inLanguage\":\"en-US\",\"@id\":\"https:\/\/www.comfenalcovalle.com.co\/#\/schema\/logo\/image\/\",\"url\":\"https:\/\/test.comfenalcovalle.com.co\/wp-content\/uploads\/2021\/06\/logo-comfe-cabecera-agencia-empelo-actualizado.png\",\"contentUrl\":\"https:\/\/test.comfenalcovalle.com.co\/wp-content\/uploads\/2021\/06\/logo-comfe-cabecera-agencia-empelo-actualizado.png\",\"width\":500,\"height\":184,\"caption\":\"Comfenalco Valle Delagente\"},\"image\":{\"@id\":\"https:\/\/www.comfenalcovalle.com.co\/#\/schema\/logo\/image\/\"}},{\"@type\":\"Person\",\"@id\":\"https:\/\/www.comfenalcovalle.com.co\/#\/schema\/person\/d4d8bcb299f88f97b06096cf6a21cb01\",\"name\":\"Comunicaciones Comfenalco Valle delagente\",\"image\":{\"@type\":\"ImageObject\",\"inLanguage\":\"en-US\",\"@id\":\"https:\/\/www.comfenalcovalle.com.co\/#\/schema\/person\/image\/\",\"url\":\"https:\/\/secure.gravatar.com\/avatar\/d1c29eb639a137df0ac8bfec50479e8d6ef564f7320f439d9d984504359ea6ee?s=96&d=mm&r=g\",\"contentUrl\":\"https:\/\/secure.gravatar.com\/avatar\/d1c29eb639a137df0ac8bfec50479e8d6ef564f7320f439d9d984504359ea6ee?s=96&d=mm&r=g\",\"caption\":\"Comunicaciones Comfenalco Valle delagente\"},\"url\":\"https:\/\/test.comfenalcovalle.com.co\/en\/author\/comunicaciones-comfenalco-valle-delagente\/\"}]}<\/script>\n<!-- \/ Yoast SEO Premium plugin. -->","yoast_head_json":{"title":"Modificaci\u00f3n temporal en el horario en Cartago","description":"Se informa que el 1 de julio se modifica el horario de atenci\u00f3n debido a la suspensi\u00f3n programada del servicio de energ\u00eda en Cartago...","robots":{"index":"index","follow":"follow","max-snippet":"max-snippet:-1","max-image-preview":"max-image-preview:large","max-video-preview":"max-video-preview:-1"},"canonical":"https:\/\/www.comfenalcovalle.com.co\/modificacion-temporal-en-el-horario-en-cartago\/","og_locale":"en_US","og_type":"article","og_title":"Modificaci\u00f3n temporal en el horario en Cartago","og_description":"Se informa que el 1 de julio se modifica el horario de atenci\u00f3n debido a la suspensi\u00f3n programada del servicio de energ\u00eda en Cartago...","og_url":"https:\/\/www.comfenalcovalle.com.co\/modificacion-temporal-en-el-horario-en-cartago\/","og_site_name":"Comfenalco Valle Delagente","article_published_time":"2025-07-01T16:26:04+00:00","article_modified_time":"2025-07-01T16:34:57+00:00","og_image":[{"width":1920,"height":1080,"url":"https:\/\/www.comfenalcovalle.com.co\/wp-content\/uploads\/2025\/01\/comunicado-atencion-presencial-servicio-2025.png","type":"image\/png"}],"author":"Comunicaciones Comfenalco Valle delagente","twitter_card":"summary_large_image","twitter_misc":{"Written by":"Comunicaciones Comfenalco Valle delagente","Est. reading time":"1 minute"},"schema":{"@context":"https:\/\/schema.org","@graph":[{"@type":"Article","@id":"https:\/\/www.comfenalcovalle.com.co\/modificacion-temporal-en-el-horario-en-cartago\/#article","isPartOf":{"@id":"https:\/\/www.comfenalcovalle.com.co\/modificacion-temporal-en-el-horario-en-cartago\/"},"author":{"name":"Comunicaciones Comfenalco Valle delagente","@id":"https:\/\/www.comfenalcovalle.com.co\/#\/schema\/person\/d4d8bcb299f88f97b06096cf6a21cb01"},"headline":"Modificaci\u00f3n temporal en el horario en Cartago","datePublished":"2025-07-01T16:26:04+00:00","dateModified":"2025-07-01T16:34:57+00:00","mainEntityOfPage":{"@id":"https:\/\/www.comfenalcovalle.com.co\/modificacion-temporal-en-el-horario-en-cartago\/"},"wordCount":156,"publisher":{"@id":"https:\/\/www.comfenalcovalle.com.co\/#organization"},"image":{"@id":"https:\/\/www.comfenalcovalle.com.co\/modificacion-temporal-en-el-horario-en-cartago\/#primaryimage"},"thumbnailUrl":"https:\/\/test.comfenalcovalle.com.co\/wp-content\/uploads\/2025\/01\/comunicado-atencion-presencial-servicio-2025.png","keywords":["cambio","cartago","comfenalco valle","Delagente","energia","horario","modificaci\u00f3n","no servicio","suspensi\u00f3n"],"articleSection":["Servicio al cliente"],"inLanguage":"en-US"},{"@type":"WebPage","@id":"https:\/\/www.comfenalcovalle.com.co\/modificacion-temporal-en-el-horario-en-cartago\/","url":"https:\/\/www.comfenalcovalle.com.co\/modificacion-temporal-en-el-horario-en-cartago\/","name":"Modificaci\u00f3n temporal en el horario en Cartago","isPartOf":{"@id":"https:\/\/www.comfenalcovalle.com.co\/#website"},"primaryImageOfPage":{"@id":"https:\/\/www.comfenalcovalle.com.co\/modificacion-temporal-en-el-horario-en-cartago\/#primaryimage"},"image":{"@id":"https:\/\/www.comfenalcovalle.com.co\/modificacion-temporal-en-el-horario-en-cartago\/#primaryimage"},"thumbnailUrl":"https:\/\/test.comfenalcovalle.com.co\/wp-content\/uploads\/2025\/01\/comunicado-atencion-presencial-servicio-2025.png","datePublished":"2025-07-01T16:26:04+00:00","dateModified":"2025-07-01T16:34:57+00:00","description":"Se informa que el 1 de julio se modifica el horario de atenci\u00f3n debido a la suspensi\u00f3n programada del servicio de energ\u00eda en Cartago...","breadcrumb":{"@id":"https:\/\/www.comfenalcovalle.com.co\/modificacion-temporal-en-el-horario-en-cartago\/#breadcrumb"},"inLanguage":"en-US","potentialAction":[{"@type":"ReadAction","target":["https:\/\/www.comfenalcovalle.com.co\/modificacion-temporal-en-el-horario-en-cartago\/"]}]},{"@type":"ImageObject","inLanguage":"en-US","@id":"https:\/\/www.comfenalcovalle.com.co\/modificacion-temporal-en-el-horario-en-cartago\/#primaryimage","url":"https:\/\/test.comfenalcovalle.com.co\/wp-content\/uploads\/2025\/01\/comunicado-atencion-presencial-servicio-2025.png","contentUrl":"https:\/\/test.comfenalcovalle.com.co\/wp-content\/uploads\/2025\/01\/comunicado-atencion-presencial-servicio-2025.png","width":1920,"height":1080,"caption":"Atenci\u00f3n al cliente en temporada"},{"@type":"BreadcrumbList","@id":"https:\/\/www.comfenalcovalle.com.co\/modificacion-temporal-en-el-horario-en-cartago\/#breadcrumb","itemListElement":[{"@type":"ListItem","position":1,"name":"Portada","item":"https:\/\/www.comfenalcovalle.com.co\/"},{"@type":"ListItem","position":2,"name":"Modificaci\u00f3n temporal en el horario en Cartago"}]},{"@type":"WebSite","@id":"https:\/\/www.comfenalcovalle.com.co\/#website","url":"https:\/\/www.comfenalcovalle.com.co\/","name":"Comfenalco Valle Delagente","description":"Comfenalco Valle Delagente compensation fund.","publisher":{"@id":"https:\/\/www.comfenalcovalle.com.co\/#organization"},"potentialAction":[{"@type":"SearchAction","target":{"@type":"EntryPoint","urlTemplate":"https:\/\/www.comfenalcovalle.com.co\/?s={search_term_string}"},"query-input":{"@type":"PropertyValueSpecification","valueRequired":true,"valueName":"search_term_string"}}],"inLanguage":"en-US"},{"@type":"Organization","@id":"https:\/\/www.comfenalcovalle.com.co\/#organization","name":"Comfenalco Valle Delagente","url":"https:\/\/www.comfenalcovalle.com.co\/","logo":{"@type":"ImageObject","inLanguage":"en-US","@id":"https:\/\/www.comfenalcovalle.com.co\/#\/schema\/logo\/image\/","url":"https:\/\/test.comfenalcovalle.com.co\/wp-content\/uploads\/2021\/06\/logo-comfe-cabecera-agencia-empelo-actualizado.png","contentUrl":"https:\/\/test.comfenalcovalle.com.co\/wp-content\/uploads\/2021\/06\/logo-comfe-cabecera-agencia-empelo-actualizado.png","width":500,"height":184,"caption":"Comfenalco Valle Delagente"},"image":{"@id":"https:\/\/www.comfenalcovalle.com.co\/#\/schema\/logo\/image\/"}},{"@type":"Person","@id":"https:\/\/www.comfenalcovalle.com.co\/#\/schema\/person\/d4d8bcb299f88f97b06096cf6a21cb01","name":"Communications Comfenalco Valle delagente","image":{"@type":"ImageObject","inLanguage":"en-US","@id":"https:\/\/www.comfenalcovalle.com.co\/#\/schema\/person\/image\/","url":"https:\/\/secure.gravatar.com\/avatar\/d1c29eb639a137df0ac8bfec50479e8d6ef564f7320f439d9d984504359ea6ee?s=96&d=mm&r=g","contentUrl":"https:\/\/secure.gravatar.com\/avatar\/d1c29eb639a137df0ac8bfec50479e8d6ef564f7320f439d9d984504359ea6ee?s=96&d=mm&r=g","caption":"Comunicaciones Comfenalco Valle delagente"},"url":"https:\/\/test.comfenalcovalle.com.co\/en\/author\/comunicaciones-comfenalco-valle-delagente\/"}]}},"publishpress_future_action":{"enabled":false,"date":"2026-05-08 12:50:22","action":"change-status","newStatus":"draft","terms":[],"taxonomy":"category","extraData":[]},"publishpress_future_workflow_manual_trigger":{"enabledWorkflows":[]},"_links":{"self":[{"href":"https:\/\/test.comfenalcovalle.com.co\/en\/wp-json\/wp\/v2\/posts\/661949","targetHints":{"allow":["GET"]}}],"collection":[{"href":"https:\/\/test.comfenalcovalle.com.co\/en\/wp-json\/wp\/v2\/posts"}],"about":[{"href":"https:\/\/test.comfenalcovalle.com.co\/en\/wp-json\/wp\/v2\/types\/post"}],"author":[{"embeddable":true,"href":"https:\/\/test.comfenalcovalle.com.co\/en\/wp-json\/wp\/v2\/users\/6"}],"replies":[{"embeddable":true,"href":"https:\/\/test.comfenalcovalle.com.co\/en\/wp-json\/wp\/v2\/comments?post=661949"}],"version-history":[{"count":0,"href":"https:\/\/test.comfenalcovalle.com.co\/en\/wp-json\/wp\/v2\/posts\/661949\/revisions"}],"wp:featuredmedia":[{"embeddable":true,"href":"https:\/\/test.comfenalcovalle.com.co\/en\/wp-json\/wp\/v2\/media\/654541"}],"wp:attachment":[{"href":"https:\/\/test.comfenalcovalle.com.co\/en\/wp-json\/wp\/v2\/media?parent=661949"}],"wp:term":[{"taxonomy":"category","embeddable":true,"href":"https:\/\/test.comfenalcovalle.com.co\/en\/wp-json\/wp\/v2\/categories?post=661949"},{"taxonomy":"post_tag","embeddable":true,"href":"https:\/\/test.comfenalcovalle.com.co\/en\/wp-json\/wp\/v2\/tags?post=661949"}],"curies":[{"name":"wp","href":"https:\/\/api.w.org\/{rel}","templated":true}]}}