{"id":660535,"date":"2025-06-04T11:16:15","date_gmt":"2025-06-04T16:16:15","guid":{"rendered":"https:\/\/test.comfenalcovalle.com.co\/?p=660535"},"modified":"2025-06-04T13:42:00","modified_gmt":"2025-06-04T18:42:00","slug":"invitacion-para-periodistas-del-valle-del-cauca-postulate-al-premio-periodismo-de-soluciones","status":"publish","type":"post","link":"https:\/\/test.comfenalcovalle.com.co\/en\/invitacion-para-periodistas-del-valle-del-cauca-postulate-al-premio-periodismo-de-soluciones\/","title":{"rendered":"Invitaci\u00f3n para periodistas del Valle del Cauca: post\u00falate al Premio Periodismo de Soluciones"},"content":{"rendered":"<div data-elementor-type=\"wp-post\" data-elementor-id=\"660535\" class=\"elementor elementor-660535\" data-elementor-post-type=\"post\">\n\t\t\t\t\t\t<section class=\"elementor-section elementor-top-section elementor-element elementor-element-1efceb9d elementor-section-boxed elementor-section-height-default elementor-section-height-default\" data-id=\"1efceb9d\" data-element_type=\"section\">\n\t\t\t\t\t\t<div class=\"elementor-container elementor-column-gap-default\">\n\t\t\t\t\t<div class=\"elementor-column elementor-col-100 elementor-top-column elementor-element elementor-element-79d4653b\" data-id=\"79d4653b\" data-element_type=\"column\">\n\t\t\t<div class=\"elementor-widget-wrap elementor-element-populated\">\n\t\t\t\t\t\t<div class=\"elementor-element elementor-element-10bc445b elementor-widget elementor-widget-text-editor\" data-id=\"10bc445b\" data-element_type=\"widget\" data-widget_type=\"text-editor.default\">\n\t\t\t\t<div class=\"elementor-widget-container\">\n\t\t\t\t\t\t\t\t\t\n<p>Impulsando el periodismo que transforma, <strong>Comfenalco Valle Delagente se une a la sexta edici\u00f3n del \u2018Premio Periodismo de Soluciones\u2019,<\/strong> reconociendo as\u00ed la vital importancia de este galard\u00f3n, pues fomenta un tipo de periodismo que no solo informa, sino que inspira y construye soluciones para las problem\u00e1ticas que enfrenta nuestra sociedad.<\/p>\n\n<p><strong>Liderado por Asocajas,<\/strong> la Caja Delagente invita a los periodistas de la regi\u00f3n vallecaucana a postular sus trabajos. Este prestigioso reconocimiento, que exalta las narrativas basadas en soluciones efectivas y replicables, cuenta con la alianza del Consejo de Redacci\u00f3n (CdR) y el respaldo de la Fundaci\u00f3n Gabo.<\/p>\n\t\t\t\t\t\t\t\t<\/div>\n\t\t\t\t<\/div>\n\t\t\t\t<div class=\"elementor-element elementor-element-d75e5ee elementor-arrows-position-inside elementor-pagination-position-outside elementor-widget elementor-widget-image-carousel\" data-id=\"d75e5ee\" data-element_type=\"widget\" data-settings=\"{&quot;slides_to_show&quot;:&quot;3&quot;,&quot;slides_to_scroll&quot;:&quot;1&quot;,&quot;image_spacing_custom&quot;:{&quot;unit&quot;:&quot;px&quot;,&quot;size&quot;:0,&quot;sizes&quot;:[]},&quot;navigation&quot;:&quot;both&quot;,&quot;autoplay&quot;:&quot;yes&quot;,&quot;pause_on_hover&quot;:&quot;yes&quot;,&quot;pause_on_interaction&quot;:&quot;yes&quot;,&quot;autoplay_speed&quot;:5000,&quot;infinite&quot;:&quot;yes&quot;,&quot;speed&quot;:500,&quot;image_spacing_custom_tablet&quot;:{&quot;unit&quot;:&quot;px&quot;,&quot;size&quot;:&quot;&quot;,&quot;sizes&quot;:[]},&quot;image_spacing_custom_mobile&quot;:{&quot;unit&quot;:&quot;px&quot;,&quot;size&quot;:&quot;&quot;,&quot;sizes&quot;:[]}}\" data-widget_type=\"image-carousel.default\">\n\t\t\t\t<div class=\"elementor-widget-container\">\n\t\t\t\t\t\t\t<div class=\"elementor-image-carousel-wrapper swiper\" role=\"region\" aria-roledescription=\"carousel\" aria-label=\"Image Carousel\" dir=\"ltr\">\n\t\t\t<div class=\"elementor-image-carousel swiper-wrapper\" aria-live=\"off\">\n\t\t\t\t\t\t\t\t<div class=\"swiper-slide\" role=\"group\" aria-roledescription=\"slide\" aria-label=\"1 of 5\"><figure class=\"swiper-slide-inner\"><img decoding=\"async\" class=\"swiper-slide-image lazyload\" data-src=\"https:\/\/test.comfenalcovalle.com.co\/wp-content\/uploads\/2025\/06\/01Carrusel-periodismo-de-soluciones_01-scaled.webp\" alt=\"Invitaci\u00f3n para periodistas del Valle del Cauca\" src=\"data:image\/svg+xml;base64,PHN2ZyB3aWR0aD0iMSIgaGVpZ2h0PSIxIiB4bWxucz0iaHR0cDovL3d3dy53My5vcmcvMjAwMC9zdmciPjwvc3ZnPg==\" style=\"--smush-placeholder-width: 1024px; --smush-placeholder-aspect-ratio: 1024\/1280;\" \/><\/figure><\/div><div class=\"swiper-slide\" role=\"group\" aria-roledescription=\"slide\" aria-label=\"2 of 5\"><figure class=\"swiper-slide-inner\"><img decoding=\"async\" class=\"swiper-slide-image lazyload\" data-src=\"https:\/\/test.comfenalcovalle.com.co\/wp-content\/uploads\/2025\/06\/01Carrusel-periodismo-de-soluciones_02-scaled.webp\" alt=\"Invitaci\u00f3n para periodistas del Valle del Cauca\" src=\"data:image\/svg+xml;base64,PHN2ZyB3aWR0aD0iMSIgaGVpZ2h0PSIxIiB4bWxucz0iaHR0cDovL3d3dy53My5vcmcvMjAwMC9zdmciPjwvc3ZnPg==\" style=\"--smush-placeholder-width: 1024px; --smush-placeholder-aspect-ratio: 1024\/1280;\" \/><\/figure><\/div><div class=\"swiper-slide\" role=\"group\" aria-roledescription=\"slide\" aria-label=\"3 of 5\"><figure class=\"swiper-slide-inner\"><img decoding=\"async\" class=\"swiper-slide-image lazyload\" data-src=\"https:\/\/test.comfenalcovalle.com.co\/wp-content\/uploads\/2025\/06\/01Carrusel-periodismo-de-soluciones_03-scaled.webp\" alt=\"Invitaci\u00f3n para periodistas del Valle del Cauca\" src=\"data:image\/svg+xml;base64,PHN2ZyB3aWR0aD0iMSIgaGVpZ2h0PSIxIiB4bWxucz0iaHR0cDovL3d3dy53My5vcmcvMjAwMC9zdmciPjwvc3ZnPg==\" style=\"--smush-placeholder-width: 1024px; --smush-placeholder-aspect-ratio: 1024\/1280;\" \/><\/figure><\/div><div class=\"swiper-slide\" role=\"group\" aria-roledescription=\"slide\" aria-label=\"4 of 5\"><figure class=\"swiper-slide-inner\"><img decoding=\"async\" class=\"swiper-slide-image lazyload\" data-src=\"https:\/\/test.comfenalcovalle.com.co\/wp-content\/uploads\/2025\/06\/01Carrusel-periodismo-de-soluciones_04-scaled.webp\" alt=\"Invitaci\u00f3n para periodistas del Valle del Cauca\" src=\"data:image\/svg+xml;base64,PHN2ZyB3aWR0aD0iMSIgaGVpZ2h0PSIxIiB4bWxucz0iaHR0cDovL3d3dy53My5vcmcvMjAwMC9zdmciPjwvc3ZnPg==\" style=\"--smush-placeholder-width: 1024px; --smush-placeholder-aspect-ratio: 1024\/1280;\" \/><\/figure><\/div><div class=\"swiper-slide\" role=\"group\" aria-roledescription=\"slide\" aria-label=\"5 of 5\"><figure class=\"swiper-slide-inner\"><img decoding=\"async\" class=\"swiper-slide-image lazyload\" data-src=\"https:\/\/test.comfenalcovalle.com.co\/wp-content\/uploads\/2025\/06\/01Carrusel-periodismo-de-soluciones_05-scaled.webp\" alt=\"Invitaci\u00f3n para periodistas del Valle del Cauca\" src=\"data:image\/svg+xml;base64,PHN2ZyB3aWR0aD0iMSIgaGVpZ2h0PSIxIiB4bWxucz0iaHR0cDovL3d3dy53My5vcmcvMjAwMC9zdmciPjwvc3ZnPg==\" style=\"--smush-placeholder-width: 1024px; --smush-placeholder-aspect-ratio: 1024\/1280;\" \/><\/figure><\/div>\t\t\t<\/div>\n\t\t\t\t\t\t\t\t\t\t\t\t<div class=\"elementor-swiper-button elementor-swiper-button-prev\" role=\"button\" tabindex=\"0\">\n\t\t\t\t\t\t<i aria-hidden=\"true\" class=\"eicon-chevron-left\"><\/i>\t\t\t\t\t<\/div>\n\t\t\t\t\t<div class=\"elementor-swiper-button elementor-swiper-button-next\" role=\"button\" tabindex=\"0\">\n\t\t\t\t\t\t<i aria-hidden=\"true\" class=\"eicon-chevron-right\"><\/i>\t\t\t\t\t<\/div>\n\t\t\t\t\n\t\t\t\t\t\t\t\t\t<div class=\"swiper-pagination\"><\/div>\n\t\t\t\t\t\t\t\t\t<\/div>\n\t\t\t\t\t\t<\/div>\n\t\t\t\t<\/div>\n\t\t\t\t<div class=\"elementor-element elementor-element-f070980 elementor-widget elementor-widget-text-editor\" data-id=\"f070980\" data-element_type=\"widget\" data-widget_type=\"text-editor.default\">\n\t\t\t\t<div class=\"elementor-widget-container\">\n\t\t\t\t\t\t\t\t\t\n<h2 id=\"h-objetivo-del-premio\" class=\"wp-block-heading has-medium-font-size\"><strong>Objetivo del premio:<\/strong><\/h2>\n\n<p>Este galard\u00f3n destaca la labor de periodistas que impulsan cambios a trav\u00e9s de sus cubrimientos, visibilizan problem\u00e1ticas sociales y aportan a la transformaci\u00f3n del pa\u00eds. Para el 2025, el premio busca reconocer especialmente los cubrimientos period\u00edsticos que, con investigaci\u00f3n minuciosa, verificada y de alta calidad, abordan problem\u00e1ticas sociales con un enfoque de soluciones efectivas y replicables.<\/p>\n\n<h2 class=\"wp-block-heading has-medium-font-size\"><strong>\u00bfQui\u00e9nes pueden participar?<\/strong><\/h2>\n\n<p>El premio est\u00e1 dirigido a periodistas, reporteros, comunicadores y editores de medios de comunicaci\u00f3n en Colombia y Cajas de Compensaci\u00f3n Familiar que hayan publicado trabajos period\u00edsticos con un enfoque de periodismo de soluciones. Se busca reconocer especialmente a profesionales que cubren problem\u00e1ticas sociales, ambientales y econ\u00f3micas en las regiones de Colombia.<\/p>\n\n<h2 class=\"wp-block-heading has-medium-font-size\"><strong>Postulaci\u00f3n y Selecci\u00f3n:<\/strong><\/h2>\n\n<ul class=\"wp-block-list\">\n<li>Podr\u00e1s postular tu trabajo hasta el 22 de junio de 2025, ingresa a la p\u00e1gina web consejoderedaccion.org y <a href=\"https:\/\/consejoderedaccion.org\/noticia\/inscribase-en-la-sexta-edicion-del-premio-periodismo-de-soluciones\/\" target=\"_blank\" rel=\"noreferrer noopener\">haz clic aqu\u00ed<\/a> para diligenciar el formulario de inscripci\u00f3n.<\/li>\n\n<li>Selecci\u00f3n: el proceso de evaluaci\u00f3n y selecci\u00f3n se llevar\u00e1 a cabo del 23 de junio al 22 de julio de 2025.<\/li>\n\n<li>Publicaci\u00f3n de seleccionados: Se conocer\u00e1 la decisi\u00f3n del jurado y los trabajos finalistas del 23 de julio al 31 de julio de 2025.<\/li>\n\n<li>Premiaci\u00f3n: la ceremonia de premiaci\u00f3n se realizar\u00e1 en agosto de 2025.<br \/><br \/><\/li>\n<\/ul>\n\n<h2 class=\"wp-block-heading has-medium-font-size\"><strong>Categor\u00edas:<\/strong><\/h2>\n\n<ul class=\"wp-block-list\">\n<li>Innovaci\u00f3n digital: trabajos period\u00edsticos que usen herramientas digitales de forma creativa e impactante.<\/li>\n\n<li>Prensa: reportajes, cr\u00f3nicas, investigaciones y\/o entrevistas en formato escrito publicados en medios impresos o digitales.<\/li>\n\n<li>Radio: productos radiales o p\u00f3dcast publicados en emisoras y plataformas sonoras.<\/li>\n\n<li>Video: cortos documentales o videorreportajes publicados en televisi\u00f3n o en medios digitales.<\/li>\n\n<li>Periodismo universitario: trabajos period\u00edsticos publicados en medios universitarios.<\/li>\n\n<li>Y un reconocimiento especial para los trabajos realizados por las oficinas de prensa de las Cajas de Compensaci\u00f3n Familiar.<br \/><br \/><\/li>\n<\/ul>\n\n<h2 class=\"wp-block-heading has-medium-font-size\"><strong>\u00bfQu\u00e9 ganar\u00e1n los finalistas de cada categor\u00eda?<\/strong><\/h2>\n\n<p>Los cuatro periodistas ganadores recibir\u00e1n un reconocimiento econ\u00f3mico y una estatuilla como incentivo a su apuesta por impulsar el cambio en la sociedad a trav\u00e9s de historias de soluciones.<\/p>\n\n<h2 class=\"wp-block-heading has-medium-font-size\"><strong>Requirements:<\/strong><\/h2>\n\n<ul class=\"wp-block-list\">\n<li>Se deben postular periodistas, reporteros, comunicadores y editores de medios de comunicaci\u00f3n en Colombia y Cajas de Compensaci\u00f3n Familiar. Tambi\u00e9n estudiantes que hayan publicado en medios de comunicaci\u00f3n universitarios.<\/li>\n\n<li>Se deben postular trabajos period\u00edsticos publicados entre el 4 de mayo de 2024 al 4 de mayo de 2025.<\/li>\n\n<li>Solo aplican trabajos publicados en medios de comunicaci\u00f3n colombianos.<\/li>\n\n<li>No se admitir\u00e1n columnas de opini\u00f3n, publirreportajes ni contenidos comerciales.<\/li>\n\n<li>Se permite la postulaci\u00f3n de un trabajo individual y\/o uno grupal. En caso de resultar ganador un trabajo grupal, el premio ser\u00e1 para el trabajo ganador, es decir, que el premio se repartir\u00e1 entre los autores.<\/li>\n\n<li>Los trabajos universitarios deben ser realizados por estudiantes de pregrado y tienen que haber sido publicados previamente en los medios de comunicaci\u00f3n o redes de la Universidad.<\/li>\n\n<li>Es indispensable entregar certificado de publicaci\u00f3n por parte del medio de comunicaci\u00f3n, el cual debe ser adjuntado a la postulaci\u00f3n.<br \/><br \/><\/li>\n<\/ul>\n\n<h2 class=\"wp-block-heading has-medium-font-size\"><strong>Criterios de evaluaci\u00f3n:<\/strong><\/h2>\n\n<ul class=\"wp-block-list\">\n<li>Fortaleza period\u00edstica: se evaluar\u00e1 la calidad, fortaleza y enfoque del trabajo, calificando si cumple con los pilares del periodismo de soluciones: investigar y explicar, de forma cr\u00edtica y clara, los esfuerzos por resolver problemas sociales.<\/li>\n\n<li>Claridad de la informaci\u00f3n (manejo de lenguaje y g\u00e9nero period\u00edstico): se analizar\u00e1 si el trabajo fue claro y de f\u00e1cil comprensi\u00f3n, se calificar\u00e1 la capacidad interpretativa del autor(es) y la variedad de recursos narrativos para comunicar hechos que aporten a generar cambios sociales.<\/li>\n\n<li>Profundidad de contenido: se evaluar\u00e1 el manejo riguroso y \u00e9tico de la informaci\u00f3n, y la forma en que el producto period\u00edstico logra una reconstrucci\u00f3n minuciosa de los hechos.<\/li>\n\n<li>Diversidad de perspectivas: se verificar\u00e1 la calidad de las fuentes y los mecanismos de verificaci\u00f3n de la informaci\u00f3n que hizo el autor(es) a partir del contraste de voces, lo cual permite tener una mirada m\u00e1s hol\u00edstica de los hechos narrados.<br \/><br \/><\/li>\n<\/ul>\n\n<h2 class=\"wp-block-heading has-medium-font-size\"><strong>Informaci\u00f3n o consultas sobre la convocatoria a trav\u00e9s de:<\/strong><\/h2>\n\n<p>Naira Yeraldin Gonz\u00e1lez Melo<br \/>\u00c1rea CdR\/Lab de Consejo de Redacci\u00f3n<br \/>naira.gonzalez@consejoderedaccion.org<\/p>\n\t\t\t\t\t\t\t\t<\/div>\n\t\t\t\t<\/div>\n\t\t\t\t\t<\/div>\n\t\t<\/div>\n\t\t\t\t\t<\/div>\n\t\t<\/section>\n\t\t\t\t<\/div>","protected":false},"excerpt":{"rendered":"<p>Impulsando el periodismo que transforma, Comfenalco Valle Delagente se une a la sexta edici\u00f3n del \u2018Premio Periodismo de Soluciones\u2019, reconociendo as\u00ed la vital importancia de este galard\u00f3n, pues fomenta un tipo de periodismo que no solo informa, sino que inspira y construye soluciones para las problem\u00e1ticas que enfrenta nuestra sociedad. Liderado por Asocajas, la Caja [&hellip;]<\/p>","protected":false},"author":6,"featured_media":660554,"comment_status":"closed","ping_status":"closed","sticky":false,"template":"","format":"standard","meta":{"footnotes":""},"categories":[72],"tags":[],"class_list":["post-660535","post","type-post","status-publish","format-standard","has-post-thumbnail","hentry","category-corporativo"],"yoast_head":"<!-- This site is optimized with the Yoast SEO Premium plugin v25.9 (Yoast SEO v25.9) - https:\/\/yoast.com\/wordpress\/plugins\/seo\/ -->\n<title>Invitaci\u00f3n para periodistas del Valle del Cauca: post\u00falate al Premio Periodismo de Soluciones - Comfenalco Valle Delagente<\/title>\n<meta name=\"description\" content=\"Impulsando el periodismo que transforma, Comfenalco Valle Delagente se une a la sexta edici\u00f3n del Premio Periodismo de Soluciones.\" \/>\n<meta name=\"robots\" content=\"index, follow, max-snippet:-1, max-image-preview:large, max-video-preview:-1\" \/>\n<link rel=\"canonical\" href=\"https:\/\/www.comfenalcovalle.com.co\/invitacion-para-periodistas-del-valle-del-cauca-postulate-al-premio-periodismo-de-soluciones\/\" \/>\n<meta property=\"og:locale\" content=\"en_US\" \/>\n<meta property=\"og:type\" content=\"article\" \/>\n<meta property=\"og:title\" content=\"Invitaci\u00f3n para periodistas del Valle del Cauca: post\u00falate al Premio Periodismo de Soluciones\" \/>\n<meta property=\"og:description\" content=\"Impulsando el periodismo que transforma, Comfenalco Valle Delagente se une a la sexta edici\u00f3n del Premio Periodismo de Soluciones.\" \/>\n<meta property=\"og:url\" content=\"https:\/\/www.comfenalcovalle.com.co\/invitacion-para-periodistas-del-valle-del-cauca-postulate-al-premio-periodismo-de-soluciones\/\" \/>\n<meta property=\"og:site_name\" content=\"Comfenalco Valle Delagente\" \/>\n<meta property=\"article:published_time\" content=\"2025-06-04T16:16:15+00:00\" \/>\n<meta property=\"article:modified_time\" content=\"2025-06-04T18:42:00+00:00\" \/>\n<meta property=\"og:image\" content=\"https:\/\/www.comfenalcovalle.com.co\/wp-content\/uploads\/2025\/06\/premioperiodismosolucionesasocajas.jpg\" \/>\n\t<meta property=\"og:image:width\" content=\"960\" \/>\n\t<meta property=\"og:image:height\" content=\"540\" \/>\n\t<meta property=\"og:image:type\" content=\"image\/jpeg\" \/>\n<meta name=\"author\" content=\"Comunicaciones Comfenalco Valle delagente\" \/>\n<meta name=\"twitter:card\" content=\"summary_large_image\" \/>\n<meta name=\"twitter:label1\" content=\"Written by\" \/>\n\t<meta name=\"twitter:data1\" content=\"Comunicaciones Comfenalco Valle delagente\" \/>\n\t<meta name=\"twitter:label2\" content=\"Est. reading time\" \/>\n\t<meta name=\"twitter:data2\" content=\"5 minutes\" \/>\n<script type=\"application\/ld+json\" class=\"yoast-schema-graph\">{\"@context\":\"https:\/\/schema.org\",\"@graph\":[{\"@type\":\"Article\",\"@id\":\"https:\/\/www.comfenalcovalle.com.co\/invitacion-para-periodistas-del-valle-del-cauca-postulate-al-premio-periodismo-de-soluciones\/#article\",\"isPartOf\":{\"@id\":\"https:\/\/www.comfenalcovalle.com.co\/invitacion-para-periodistas-del-valle-del-cauca-postulate-al-premio-periodismo-de-soluciones\/\"},\"author\":{\"name\":\"Comunicaciones Comfenalco Valle delagente\",\"@id\":\"https:\/\/www.comfenalcovalle.com.co\/#\/schema\/person\/d4d8bcb299f88f97b06096cf6a21cb01\"},\"headline\":\"Invitaci\u00f3n para periodistas del Valle del Cauca: post\u00falate al Premio Periodismo de Soluciones\",\"datePublished\":\"2025-06-04T16:16:15+00:00\",\"dateModified\":\"2025-06-04T18:42:00+00:00\",\"mainEntityOfPage\":{\"@id\":\"https:\/\/www.comfenalcovalle.com.co\/invitacion-para-periodistas-del-valle-del-cauca-postulate-al-premio-periodismo-de-soluciones\/\"},\"wordCount\":818,\"publisher\":{\"@id\":\"https:\/\/www.comfenalcovalle.com.co\/#organization\"},\"image\":{\"@id\":\"https:\/\/www.comfenalcovalle.com.co\/invitacion-para-periodistas-del-valle-del-cauca-postulate-al-premio-periodismo-de-soluciones\/#primaryimage\"},\"thumbnailUrl\":\"https:\/\/test.comfenalcovalle.com.co\/wp-content\/uploads\/2025\/06\/premioperiodismosolucionesasocajas.jpg\",\"articleSection\":[\"Corporativo\"],\"inLanguage\":\"en-US\"},{\"@type\":\"WebPage\",\"@id\":\"https:\/\/www.comfenalcovalle.com.co\/invitacion-para-periodistas-del-valle-del-cauca-postulate-al-premio-periodismo-de-soluciones\/\",\"url\":\"https:\/\/www.comfenalcovalle.com.co\/invitacion-para-periodistas-del-valle-del-cauca-postulate-al-premio-periodismo-de-soluciones\/\",\"name\":\"Invitaci\u00f3n para periodistas del Valle del Cauca: post\u00falate al Premio Periodismo de Soluciones - Comfenalco Valle Delagente\",\"isPartOf\":{\"@id\":\"https:\/\/www.comfenalcovalle.com.co\/#website\"},\"primaryImageOfPage\":{\"@id\":\"https:\/\/www.comfenalcovalle.com.co\/invitacion-para-periodistas-del-valle-del-cauca-postulate-al-premio-periodismo-de-soluciones\/#primaryimage\"},\"image\":{\"@id\":\"https:\/\/www.comfenalcovalle.com.co\/invitacion-para-periodistas-del-valle-del-cauca-postulate-al-premio-periodismo-de-soluciones\/#primaryimage\"},\"thumbnailUrl\":\"https:\/\/test.comfenalcovalle.com.co\/wp-content\/uploads\/2025\/06\/premioperiodismosolucionesasocajas.jpg\",\"datePublished\":\"2025-06-04T16:16:15+00:00\",\"dateModified\":\"2025-06-04T18:42:00+00:00\",\"description\":\"Impulsando el periodismo que transforma, Comfenalco Valle Delagente se une a la sexta edici\u00f3n del Premio Periodismo de Soluciones.\",\"breadcrumb\":{\"@id\":\"https:\/\/www.comfenalcovalle.com.co\/invitacion-para-periodistas-del-valle-del-cauca-postulate-al-premio-periodismo-de-soluciones\/#breadcrumb\"},\"inLanguage\":\"en-US\",\"potentialAction\":[{\"@type\":\"ReadAction\",\"target\":[\"https:\/\/www.comfenalcovalle.com.co\/invitacion-para-periodistas-del-valle-del-cauca-postulate-al-premio-periodismo-de-soluciones\/\"]}]},{\"@type\":\"ImageObject\",\"inLanguage\":\"en-US\",\"@id\":\"https:\/\/www.comfenalcovalle.com.co\/invitacion-para-periodistas-del-valle-del-cauca-postulate-al-premio-periodismo-de-soluciones\/#primaryimage\",\"url\":\"https:\/\/test.comfenalcovalle.com.co\/wp-content\/uploads\/2025\/06\/premioperiodismosolucionesasocajas.jpg\",\"contentUrl\":\"https:\/\/test.comfenalcovalle.com.co\/wp-content\/uploads\/2025\/06\/premioperiodismosolucionesasocajas.jpg\",\"width\":960,\"height\":540,\"caption\":\"Invitaci\u00f3n para periodistas del Valle del Cauca\"},{\"@type\":\"BreadcrumbList\",\"@id\":\"https:\/\/www.comfenalcovalle.com.co\/invitacion-para-periodistas-del-valle-del-cauca-postulate-al-premio-periodismo-de-soluciones\/#breadcrumb\",\"itemListElement\":[{\"@type\":\"ListItem\",\"position\":1,\"name\":\"Portada\",\"item\":\"https:\/\/www.comfenalcovalle.com.co\/\"},{\"@type\":\"ListItem\",\"position\":2,\"name\":\"Invitaci\u00f3n para periodistas del Valle del Cauca: post\u00falate al Premio Periodismo de Soluciones\"}]},{\"@type\":\"WebSite\",\"@id\":\"https:\/\/www.comfenalcovalle.com.co\/#website\",\"url\":\"https:\/\/www.comfenalcovalle.com.co\/\",\"name\":\"Comfenalco Valle Delagente\",\"description\":\"Caja de compensaci\u00f3n de Comfenalco Valle Delagente.\",\"publisher\":{\"@id\":\"https:\/\/www.comfenalcovalle.com.co\/#organization\"},\"potentialAction\":[{\"@type\":\"SearchAction\",\"target\":{\"@type\":\"EntryPoint\",\"urlTemplate\":\"https:\/\/www.comfenalcovalle.com.co\/?s={search_term_string}\"},\"query-input\":{\"@type\":\"PropertyValueSpecification\",\"valueRequired\":true,\"valueName\":\"search_term_string\"}}],\"inLanguage\":\"en-US\"},{\"@type\":\"Organization\",\"@id\":\"https:\/\/www.comfenalcovalle.com.co\/#organization\",\"name\":\"Comfenalco Valle Delagente\",\"url\":\"https:\/\/www.comfenalcovalle.com.co\/\",\"logo\":{\"@type\":\"ImageObject\",\"inLanguage\":\"en-US\",\"@id\":\"https:\/\/www.comfenalcovalle.com.co\/#\/schema\/logo\/image\/\",\"url\":\"https:\/\/test.comfenalcovalle.com.co\/wp-content\/uploads\/2021\/06\/logo-comfe-cabecera-agencia-empelo-actualizado.png\",\"contentUrl\":\"https:\/\/test.comfenalcovalle.com.co\/wp-content\/uploads\/2021\/06\/logo-comfe-cabecera-agencia-empelo-actualizado.png\",\"width\":500,\"height\":184,\"caption\":\"Comfenalco Valle Delagente\"},\"image\":{\"@id\":\"https:\/\/www.comfenalcovalle.com.co\/#\/schema\/logo\/image\/\"}},{\"@type\":\"Person\",\"@id\":\"https:\/\/www.comfenalcovalle.com.co\/#\/schema\/person\/d4d8bcb299f88f97b06096cf6a21cb01\",\"name\":\"Comunicaciones Comfenalco Valle delagente\",\"image\":{\"@type\":\"ImageObject\",\"inLanguage\":\"en-US\",\"@id\":\"https:\/\/www.comfenalcovalle.com.co\/#\/schema\/person\/image\/\",\"url\":\"https:\/\/secure.gravatar.com\/avatar\/d1c29eb639a137df0ac8bfec50479e8d6ef564f7320f439d9d984504359ea6ee?s=96&d=mm&r=g\",\"contentUrl\":\"https:\/\/secure.gravatar.com\/avatar\/d1c29eb639a137df0ac8bfec50479e8d6ef564f7320f439d9d984504359ea6ee?s=96&d=mm&r=g\",\"caption\":\"Comunicaciones Comfenalco Valle delagente\"},\"url\":\"https:\/\/test.comfenalcovalle.com.co\/en\/author\/comunicaciones-comfenalco-valle-delagente\/\"}]}<\/script>\n<!-- \/ Yoast SEO Premium plugin. -->","yoast_head_json":{"title":"Invitaci\u00f3n para periodistas del Valle del Cauca: post\u00falate al Premio Periodismo de Soluciones - Comfenalco Valle Delagente","description":"Impulsando el periodismo que transforma, Comfenalco Valle Delagente se une a la sexta edici\u00f3n del Premio Periodismo de Soluciones.","robots":{"index":"index","follow":"follow","max-snippet":"max-snippet:-1","max-image-preview":"max-image-preview:large","max-video-preview":"max-video-preview:-1"},"canonical":"https:\/\/www.comfenalcovalle.com.co\/invitacion-para-periodistas-del-valle-del-cauca-postulate-al-premio-periodismo-de-soluciones\/","og_locale":"en_US","og_type":"article","og_title":"Invitaci\u00f3n para periodistas del Valle del Cauca: post\u00falate al Premio Periodismo de Soluciones","og_description":"Impulsando el periodismo que transforma, Comfenalco Valle Delagente se une a la sexta edici\u00f3n del Premio Periodismo de Soluciones.","og_url":"https:\/\/www.comfenalcovalle.com.co\/invitacion-para-periodistas-del-valle-del-cauca-postulate-al-premio-periodismo-de-soluciones\/","og_site_name":"Comfenalco Valle Delagente","article_published_time":"2025-06-04T16:16:15+00:00","article_modified_time":"2025-06-04T18:42:00+00:00","og_image":[{"width":960,"height":540,"url":"https:\/\/www.comfenalcovalle.com.co\/wp-content\/uploads\/2025\/06\/premioperiodismosolucionesasocajas.jpg","type":"image\/jpeg"}],"author":"Comunicaciones Comfenalco Valle delagente","twitter_card":"summary_large_image","twitter_misc":{"Written by":"Comunicaciones Comfenalco Valle delagente","Est. reading time":"5 minutes"},"schema":{"@context":"https:\/\/schema.org","@graph":[{"@type":"Article","@id":"https:\/\/www.comfenalcovalle.com.co\/invitacion-para-periodistas-del-valle-del-cauca-postulate-al-premio-periodismo-de-soluciones\/#article","isPartOf":{"@id":"https:\/\/www.comfenalcovalle.com.co\/invitacion-para-periodistas-del-valle-del-cauca-postulate-al-premio-periodismo-de-soluciones\/"},"author":{"name":"Comunicaciones Comfenalco Valle delagente","@id":"https:\/\/www.comfenalcovalle.com.co\/#\/schema\/person\/d4d8bcb299f88f97b06096cf6a21cb01"},"headline":"Invitaci\u00f3n para periodistas del Valle del Cauca: post\u00falate al Premio Periodismo de Soluciones","datePublished":"2025-06-04T16:16:15+00:00","dateModified":"2025-06-04T18:42:00+00:00","mainEntityOfPage":{"@id":"https:\/\/www.comfenalcovalle.com.co\/invitacion-para-periodistas-del-valle-del-cauca-postulate-al-premio-periodismo-de-soluciones\/"},"wordCount":818,"publisher":{"@id":"https:\/\/www.comfenalcovalle.com.co\/#organization"},"image":{"@id":"https:\/\/www.comfenalcovalle.com.co\/invitacion-para-periodistas-del-valle-del-cauca-postulate-al-premio-periodismo-de-soluciones\/#primaryimage"},"thumbnailUrl":"https:\/\/test.comfenalcovalle.com.co\/wp-content\/uploads\/2025\/06\/premioperiodismosolucionesasocajas.jpg","articleSection":["Corporativo"],"inLanguage":"en-US"},{"@type":"WebPage","@id":"https:\/\/www.comfenalcovalle.com.co\/invitacion-para-periodistas-del-valle-del-cauca-postulate-al-premio-periodismo-de-soluciones\/","url":"https:\/\/www.comfenalcovalle.com.co\/invitacion-para-periodistas-del-valle-del-cauca-postulate-al-premio-periodismo-de-soluciones\/","name":"Invitaci\u00f3n para periodistas del Valle del Cauca: post\u00falate al Premio Periodismo de Soluciones - Comfenalco Valle Delagente","isPartOf":{"@id":"https:\/\/www.comfenalcovalle.com.co\/#website"},"primaryImageOfPage":{"@id":"https:\/\/www.comfenalcovalle.com.co\/invitacion-para-periodistas-del-valle-del-cauca-postulate-al-premio-periodismo-de-soluciones\/#primaryimage"},"image":{"@id":"https:\/\/www.comfenalcovalle.com.co\/invitacion-para-periodistas-del-valle-del-cauca-postulate-al-premio-periodismo-de-soluciones\/#primaryimage"},"thumbnailUrl":"https:\/\/test.comfenalcovalle.com.co\/wp-content\/uploads\/2025\/06\/premioperiodismosolucionesasocajas.jpg","datePublished":"2025-06-04T16:16:15+00:00","dateModified":"2025-06-04T18:42:00+00:00","description":"Impulsando el periodismo que transforma, Comfenalco Valle Delagente se une a la sexta edici\u00f3n del Premio Periodismo de Soluciones.","breadcrumb":{"@id":"https:\/\/www.comfenalcovalle.com.co\/invitacion-para-periodistas-del-valle-del-cauca-postulate-al-premio-periodismo-de-soluciones\/#breadcrumb"},"inLanguage":"en-US","potentialAction":[{"@type":"ReadAction","target":["https:\/\/www.comfenalcovalle.com.co\/invitacion-para-periodistas-del-valle-del-cauca-postulate-al-premio-periodismo-de-soluciones\/"]}]},{"@type":"ImageObject","inLanguage":"en-US","@id":"https:\/\/www.comfenalcovalle.com.co\/invitacion-para-periodistas-del-valle-del-cauca-postulate-al-premio-periodismo-de-soluciones\/#primaryimage","url":"https:\/\/test.comfenalcovalle.com.co\/wp-content\/uploads\/2025\/06\/premioperiodismosolucionesasocajas.jpg","contentUrl":"https:\/\/test.comfenalcovalle.com.co\/wp-content\/uploads\/2025\/06\/premioperiodismosolucionesasocajas.jpg","width":960,"height":540,"caption":"Invitaci\u00f3n para periodistas del Valle del Cauca"},{"@type":"BreadcrumbList","@id":"https:\/\/www.comfenalcovalle.com.co\/invitacion-para-periodistas-del-valle-del-cauca-postulate-al-premio-periodismo-de-soluciones\/#breadcrumb","itemListElement":[{"@type":"ListItem","position":1,"name":"Portada","item":"https:\/\/www.comfenalcovalle.com.co\/"},{"@type":"ListItem","position":2,"name":"Invitaci\u00f3n para periodistas del Valle del Cauca: post\u00falate al Premio Periodismo de Soluciones"}]},{"@type":"WebSite","@id":"https:\/\/www.comfenalcovalle.com.co\/#website","url":"https:\/\/www.comfenalcovalle.com.co\/","name":"Comfenalco Valle Delagente","description":"Comfenalco Valle Delagente compensation fund.","publisher":{"@id":"https:\/\/www.comfenalcovalle.com.co\/#organization"},"potentialAction":[{"@type":"SearchAction","target":{"@type":"EntryPoint","urlTemplate":"https:\/\/www.comfenalcovalle.com.co\/?s={search_term_string}"},"query-input":{"@type":"PropertyValueSpecification","valueRequired":true,"valueName":"search_term_string"}}],"inLanguage":"en-US"},{"@type":"Organization","@id":"https:\/\/www.comfenalcovalle.com.co\/#organization","name":"Comfenalco Valle Delagente","url":"https:\/\/www.comfenalcovalle.com.co\/","logo":{"@type":"ImageObject","inLanguage":"en-US","@id":"https:\/\/www.comfenalcovalle.com.co\/#\/schema\/logo\/image\/","url":"https:\/\/test.comfenalcovalle.com.co\/wp-content\/uploads\/2021\/06\/logo-comfe-cabecera-agencia-empelo-actualizado.png","contentUrl":"https:\/\/test.comfenalcovalle.com.co\/wp-content\/uploads\/2021\/06\/logo-comfe-cabecera-agencia-empelo-actualizado.png","width":500,"height":184,"caption":"Comfenalco Valle Delagente"},"image":{"@id":"https:\/\/www.comfenalcovalle.com.co\/#\/schema\/logo\/image\/"}},{"@type":"Person","@id":"https:\/\/www.comfenalcovalle.com.co\/#\/schema\/person\/d4d8bcb299f88f97b06096cf6a21cb01","name":"Communications Comfenalco Valle delagente","image":{"@type":"ImageObject","inLanguage":"en-US","@id":"https:\/\/www.comfenalcovalle.com.co\/#\/schema\/person\/image\/","url":"https:\/\/secure.gravatar.com\/avatar\/d1c29eb639a137df0ac8bfec50479e8d6ef564f7320f439d9d984504359ea6ee?s=96&d=mm&r=g","contentUrl":"https:\/\/secure.gravatar.com\/avatar\/d1c29eb639a137df0ac8bfec50479e8d6ef564f7320f439d9d984504359ea6ee?s=96&d=mm&r=g","caption":"Comunicaciones Comfenalco Valle delagente"},"url":"https:\/\/test.comfenalcovalle.com.co\/en\/author\/comunicaciones-comfenalco-valle-delagente\/"}]}},"publishpress_future_action":{"enabled":false,"date":"2026-05-10 08:12:43","action":"change-status","newStatus":"draft","terms":[],"taxonomy":"category","extraData":[]},"publishpress_future_workflow_manual_trigger":{"enabledWorkflows":[]},"_links":{"self":[{"href":"https:\/\/test.comfenalcovalle.com.co\/en\/wp-json\/wp\/v2\/posts\/660535","targetHints":{"allow":["GET"]}}],"collection":[{"href":"https:\/\/test.comfenalcovalle.com.co\/en\/wp-json\/wp\/v2\/posts"}],"about":[{"href":"https:\/\/test.comfenalcovalle.com.co\/en\/wp-json\/wp\/v2\/types\/post"}],"author":[{"embeddable":true,"href":"https:\/\/test.comfenalcovalle.com.co\/en\/wp-json\/wp\/v2\/users\/6"}],"replies":[{"embeddable":true,"href":"https:\/\/test.comfenalcovalle.com.co\/en\/wp-json\/wp\/v2\/comments?post=660535"}],"version-history":[{"count":0,"href":"https:\/\/test.comfenalcovalle.com.co\/en\/wp-json\/wp\/v2\/posts\/660535\/revisions"}],"wp:featuredmedia":[{"embeddable":true,"href":"https:\/\/test.comfenalcovalle.com.co\/en\/wp-json\/wp\/v2\/media\/660554"}],"wp:attachment":[{"href":"https:\/\/test.comfenalcovalle.com.co\/en\/wp-json\/wp\/v2\/media?parent=660535"}],"wp:term":[{"taxonomy":"category","embeddable":true,"href":"https:\/\/test.comfenalcovalle.com.co\/en\/wp-json\/wp\/v2\/categories?post=660535"},{"taxonomy":"post_tag","embeddable":true,"href":"https:\/\/test.comfenalcovalle.com.co\/en\/wp-json\/wp\/v2\/tags?post=660535"}],"curies":[{"name":"wp","href":"https:\/\/api.w.org\/{rel}","templated":true}]}}