{"id":659147,"date":"2025-05-13T14:35:38","date_gmt":"2025-05-13T19:35:38","guid":{"rendered":"https:\/\/test.comfenalcovalle.com.co\/?p=659147"},"modified":"2025-05-13T14:52:21","modified_gmt":"2025-05-13T19:52:21","slug":"turismo-sostenible-en-cali-y-cartago-con-comfenalco-valle-delagente","status":"publish","type":"post","link":"https:\/\/test.comfenalcovalle.com.co\/en\/turismo-sostenible-en-cali-y-cartago-con-comfenalco-valle-delagente\/","title":{"rendered":"Turismo sostenible en Cali y Cartago con Comfenalco Valle Delagente"},"content":{"rendered":"<div data-elementor-type=\"wp-post\" data-elementor-id=\"659147\" class=\"elementor elementor-659147\" data-elementor-post-type=\"post\">\n\t\t\t\t\t\t<section class=\"elementor-section elementor-top-section elementor-element elementor-element-7cd6db77 elementor-section-boxed elementor-section-height-default elementor-section-height-default\" data-id=\"7cd6db77\" data-element_type=\"section\">\n\t\t\t\t\t\t<div class=\"elementor-container elementor-column-gap-default\">\n\t\t\t\t\t<div class=\"elementor-column elementor-col-100 elementor-top-column elementor-element elementor-element-2d3b2fb3\" data-id=\"2d3b2fb3\" data-element_type=\"column\">\n\t\t\t<div class=\"elementor-widget-wrap elementor-element-populated\">\n\t\t\t\t\t\t<div class=\"elementor-element elementor-element-2005fbb2 elementor-widget elementor-widget-text-editor\" data-id=\"2005fbb2\" data-element_type=\"widget\" data-widget_type=\"text-editor.default\">\n\t\t\t\t<div class=\"elementor-widget-container\">\n\t\t\t\t\t\t\t\t\t\n<h2 id=\"h-celebramos-comunidades-delagente-en-nuestros-hoteles-de-cali-y-cartago\" class=\"wp-block-heading\">Celebramos Comunidades Delagente en Nuestros Hoteles de Cali y Cartago<\/h2>\n\n<p>Comfenalco Valle Delagente reafirma su compromiso con el turismo sostenible en el Valle del Cauca mediante <strong><a href=\"https:\/\/test.comfenalcovalle.com.co\/en\/politica-de-turismo-sostenible\/comunidades-delagente\/\">Delagente Communities<\/a><\/strong>, una estrategia que fomenta la integraci\u00f3n social, el bienestar y el desarrollo local alrededor de nuestros hoteles.<\/p>\n\n<p>El domingo 27 de abril de 2025, realizamos una jornada de turismo responsable en el <strong><a href=\"https:\/\/test.comfenalcovalle.com.co\/en\/personas\/hoteles-y-turismo\/hoteles-delagente\/hotel-y-centro-recreacional-yanaconas\/\">Yanaconas Hotel and Recreational Center<\/a><\/strong> en Cali y el <strong><a href=\"https:\/\/test.comfenalcovalle.com.co\/en\/personas\/hoteles-y-turismo\/hoteles-delagente\/hotel-y-centro-recrecional-villasol\/\">Hotel and Recreational Center Villasol<\/a><\/strong> de Cartago, con m\u00e1s de 150 participantes de comunidades vecinas.<\/p>\n\n<h2 class=\"wp-block-heading\">Turismo Sostenible y Recreaci\u00f3n para la Comunidad<\/h2>\n\n<p>En el marco del D\u00eda del Ni\u00f1o, se llevaron a cabo actividades recreativas, culturales y ecol\u00f3gicas como:<\/p>\n\n<ul class=\"wp-block-list\">\n<li>Divermundo: un espacio de juegos para ni\u00f1os.<\/li>\n\n<li>Canasta de Paz: feria de emprendimientos locales y sostenibles.<\/li>\n\n<li>Sendero Runakay: caminata ecol\u00f3gica por el patrimonio natural del hotel Yanaconas.<\/li>\n<\/ul>\n\n<blockquote class=\"wp-block-quote is-layout-flow wp-block-quote-is-layout-flow\">\n<p>\u201cTuvimos el gusto de abrir nuevamente las puertas a nuestros vecinos, firmes en el prop\u00f3sito de promover un turismo sostenible que reconoce el patrimonio sociocultural y econ\u00f3mico de la regi\u00f3n\u201d.<\/p>\n<cite>Destac\u00f3 Gricelda Castrill\u00f3n, gerente de recreaci\u00f3n de Comfenalco Valle Delagente.<\/cite><\/blockquote>\n\n<h2 class=\"wp-block-heading\">Testimonios de la Comunidad<\/h2>\n\n<blockquote class=\"wp-block-quote is-layout-flow wp-block-quote-is-layout-flow\">\n<p>\u201cSoy residente en la zona hace 7 a\u00f1os y tengo un negocio de turismo ecol\u00f3gico. Agradezco estos espacios que nos integran y visibilizan\u201d.<\/p>\n<cite>Expres\u00f3 Alejandro Maya, vecino del sector de Ventiaderos.<\/cite><\/blockquote>\n\n<blockquote class=\"wp-block-quote is-layout-flow wp-block-quote-is-layout-flow\">\n<p>\u201cGracias a Comfenalco por permitirnos participar con nuestras artesan\u00edas y souvenires. Esta es una gran vitrina para emprendedores\u201d.<\/p>\n<cite>Coment\u00f3 Paula Andrea Henao, de Casa Artesanal Cartago.<\/cite><\/blockquote>\n\n<h2 class=\"wp-block-heading\">Hoteles Delagente: Turismo Responsable en el Valle del Cauca<\/h2>\n\n<p>A trav\u00e9s de Comunidades Delagente, Comfenalco Valle Delagente fortalece su pol\u00edtica de turismo sostenible, cumpliendo con normativas sociales, ambientales y econ\u00f3micas del sector. Estas jornadas impulsan el desarrollo de las zonas aleda\u00f1as a nuestros hoteles, promoviendo integraci\u00f3n, sostenibilidad y participaci\u00f3n comunitaria.<\/p>\n\n<h3 class=\"wp-block-heading\">\u00a1Somos la Caja Delagente que impulsa el turismo sostenible en el Valle del Cauca!<\/h3>\n\t\t\t\t\t\t\t\t<\/div>\n\t\t\t\t<\/div>\n\t\t\t\t\t<\/div>\n\t\t<\/div>\n\t\t\t\t\t<\/div>\n\t\t<\/section>\n\t\t<div class=\"elementor-element elementor-element-e402436 e-flex e-con-boxed e-con e-parent\" data-id=\"e402436\" data-element_type=\"container\">\n\t\t\t\t\t<div class=\"e-con-inner\">\n\t\t\t\t<div class=\"elementor-element elementor-element-c4b5644 elementor-widget elementor-widget-gallery\" data-id=\"c4b5644\" data-element_type=\"widget\" data-settings=\"{&quot;lazyload&quot;:&quot;yes&quot;,&quot;gallery_layout&quot;:&quot;grid&quot;,&quot;columns&quot;:4,&quot;columns_tablet&quot;:2,&quot;columns_mobile&quot;:1,&quot;gap&quot;:{&quot;unit&quot;:&quot;px&quot;,&quot;size&quot;:10,&quot;sizes&quot;:[]},&quot;gap_tablet&quot;:{&quot;unit&quot;:&quot;px&quot;,&quot;size&quot;:10,&quot;sizes&quot;:[]},&quot;gap_mobile&quot;:{&quot;unit&quot;:&quot;px&quot;,&quot;size&quot;:10,&quot;sizes&quot;:[]},&quot;link_to&quot;:&quot;file&quot;,&quot;aspect_ratio&quot;:&quot;3:2&quot;,&quot;overlay_background&quot;:&quot;yes&quot;,&quot;content_hover_animation&quot;:&quot;fade-in&quot;}\" data-widget_type=\"gallery.default\">\n\t\t\t\t<div class=\"elementor-widget-container\">\n\t\t\t\t\t\t\t<div class=\"elementor-gallery__container\">\n\t\t\t\t\t\t\t<a class=\"e-gallery-item elementor-gallery-item elementor-animated-content\" href=\"https:\/\/test.comfenalcovalle.com.co\/wp-content\/uploads\/2025\/05\/comunidades-yanaconas-2025-12.jpg\" data-elementor-open-lightbox=\"yes\" data-elementor-lightbox-slideshow=\"c4b5644\" data-elementor-lightbox-title=\"comunidades-yanaconas-2025-12\" data-e-action-hash=\"#elementor-action%3Aaction%3Dlightbox%26settings%3DeyJpZCI6NjU4NjM0LCJ1cmwiOiJodHRwczpcL1wvdGVzdC5jb21mZW5hbGNvdmFsbGUuY29tLmNvXC93cC1jb250ZW50XC91cGxvYWRzXC8yMDI1XC8wNVwvY29tdW5pZGFkZXMteWFuYWNvbmFzLTIwMjUtMTIuanBnIiwic2xpZGVzaG93IjoiYzRiNTY0NCJ9\">\n\t\t\t\t\t<div class=\"e-gallery-image elementor-gallery-item__image\" data-thumbnail=\"https:\/\/test.comfenalcovalle.com.co\/wp-content\/uploads\/2025\/05\/comunidades-yanaconas-2025-12-300x200.jpg\" data-width=\"300\" data-height=\"200\" aria-label=\"\" role=\"img\" ><\/div>\n\t\t\t\t\t\t\t\t\t\t\t<div class=\"elementor-gallery-item__overlay\"><\/div>\n\t\t\t\t\t\t\t\t\t\t\t\t\t\t<\/a>\n\t\t\t\t\t\t\t<a class=\"e-gallery-item elementor-gallery-item elementor-animated-content\" href=\"https:\/\/test.comfenalcovalle.com.co\/wp-content\/uploads\/2025\/05\/comunidades-yanaconas-2025-02.jpg\" data-elementor-open-lightbox=\"yes\" data-elementor-lightbox-slideshow=\"c4b5644\" data-elementor-lightbox-title=\"comunidades-yanaconas-2025-02\" data-e-action-hash=\"#elementor-action%3Aaction%3Dlightbox%26settings%3DeyJpZCI6NjU4NjQ0LCJ1cmwiOiJodHRwczpcL1wvdGVzdC5jb21mZW5hbGNvdmFsbGUuY29tLmNvXC93cC1jb250ZW50XC91cGxvYWRzXC8yMDI1XC8wNVwvY29tdW5pZGFkZXMteWFuYWNvbmFzLTIwMjUtMDIuanBnIiwic2xpZGVzaG93IjoiYzRiNTY0NCJ9\">\n\t\t\t\t\t<div class=\"e-gallery-image elementor-gallery-item__image\" data-thumbnail=\"https:\/\/test.comfenalcovalle.com.co\/wp-content\/uploads\/2025\/05\/comunidades-yanaconas-2025-02-300x200.jpg\" data-width=\"300\" data-height=\"200\" aria-label=\"\" role=\"img\" ><\/div>\n\t\t\t\t\t\t\t\t\t\t\t<div class=\"elementor-gallery-item__overlay\"><\/div>\n\t\t\t\t\t\t\t\t\t\t\t\t\t\t<\/a>\n\t\t\t\t\t\t\t<a class=\"e-gallery-item elementor-gallery-item elementor-animated-content\" href=\"https:\/\/test.comfenalcovalle.com.co\/wp-content\/uploads\/2025\/05\/comunidades-yanaconas-2025-04.jpg\" data-elementor-open-lightbox=\"yes\" data-elementor-lightbox-slideshow=\"c4b5644\" data-elementor-lightbox-title=\"comunidades-yanaconas-2025-04\" data-e-action-hash=\"#elementor-action%3Aaction%3Dlightbox%26settings%3DeyJpZCI6NjU4NjQyLCJ1cmwiOiJodHRwczpcL1wvdGVzdC5jb21mZW5hbGNvdmFsbGUuY29tLmNvXC93cC1jb250ZW50XC91cGxvYWRzXC8yMDI1XC8wNVwvY29tdW5pZGFkZXMteWFuYWNvbmFzLTIwMjUtMDQuanBnIiwic2xpZGVzaG93IjoiYzRiNTY0NCJ9\">\n\t\t\t\t\t<div class=\"e-gallery-image elementor-gallery-item__image\" data-thumbnail=\"https:\/\/test.comfenalcovalle.com.co\/wp-content\/uploads\/2025\/05\/comunidades-yanaconas-2025-04-300x200.jpg\" data-width=\"300\" data-height=\"200\" aria-label=\"\" role=\"img\" ><\/div>\n\t\t\t\t\t\t\t\t\t\t\t<div class=\"elementor-gallery-item__overlay\"><\/div>\n\t\t\t\t\t\t\t\t\t\t\t\t\t\t<\/a>\n\t\t\t\t\t\t\t<a class=\"e-gallery-item elementor-gallery-item elementor-animated-content\" href=\"https:\/\/test.comfenalcovalle.com.co\/wp-content\/uploads\/2025\/05\/comunidades-yanaconas-2025-01.jpg\" data-elementor-open-lightbox=\"yes\" data-elementor-lightbox-slideshow=\"c4b5644\" data-elementor-lightbox-title=\"comunidades-yanaconas-2025-01\" data-elementor-lightbox-description=\"comunidades delagente 2025\" data-e-action-hash=\"#elementor-action%3Aaction%3Dlightbox%26settings%3DeyJpZCI6NjU4NjQ1LCJ1cmwiOiJodHRwczpcL1wvdGVzdC5jb21mZW5hbGNvdmFsbGUuY29tLmNvXC93cC1jb250ZW50XC91cGxvYWRzXC8yMDI1XC8wNVwvY29tdW5pZGFkZXMteWFuYWNvbmFzLTIwMjUtMDEuanBnIiwic2xpZGVzaG93IjoiYzRiNTY0NCJ9\">\n\t\t\t\t\t<div class=\"e-gallery-image elementor-gallery-item__image\" data-thumbnail=\"https:\/\/test.comfenalcovalle.com.co\/wp-content\/uploads\/2025\/05\/comunidades-yanaconas-2025-01-300x200.jpg\" data-width=\"300\" data-height=\"200\" aria-label=\"comunidades delagente 2025\" role=\"img\" ><\/div>\n\t\t\t\t\t\t\t\t\t\t\t<div class=\"elementor-gallery-item__overlay\"><\/div>\n\t\t\t\t\t\t\t\t\t\t\t\t\t\t<\/a>\n\t\t\t\t\t\t\t<a class=\"e-gallery-item elementor-gallery-item elementor-animated-content\" href=\"https:\/\/test.comfenalcovalle.com.co\/wp-content\/uploads\/2025\/05\/comunidades-villasol-2025-03.jpg\" data-elementor-open-lightbox=\"yes\" data-elementor-lightbox-slideshow=\"c4b5644\" data-elementor-lightbox-title=\"comunidades-villasol-2025-03\" data-e-action-hash=\"#elementor-action%3Aaction%3Dlightbox%26settings%3DeyJpZCI6NjU4NjU0LCJ1cmwiOiJodHRwczpcL1wvdGVzdC5jb21mZW5hbGNvdmFsbGUuY29tLmNvXC93cC1jb250ZW50XC91cGxvYWRzXC8yMDI1XC8wNVwvY29tdW5pZGFkZXMtdmlsbGFzb2wtMjAyNS0wMy5qcGciLCJzbGlkZXNob3ciOiJjNGI1NjQ0In0%3D\">\n\t\t\t\t\t<div class=\"e-gallery-image elementor-gallery-item__image\" data-thumbnail=\"https:\/\/test.comfenalcovalle.com.co\/wp-content\/uploads\/2025\/05\/comunidades-villasol-2025-03-226x300.jpg\" data-width=\"226\" data-height=\"300\" aria-label=\"\" role=\"img\" ><\/div>\n\t\t\t\t\t\t\t\t\t\t\t<div class=\"elementor-gallery-item__overlay\"><\/div>\n\t\t\t\t\t\t\t\t\t\t\t\t\t\t<\/a>\n\t\t\t\t\t\t\t<a class=\"e-gallery-item elementor-gallery-item elementor-animated-content\" href=\"https:\/\/test.comfenalcovalle.com.co\/wp-content\/uploads\/2025\/05\/comunidades-yanaconas-2025-05.jpg\" data-elementor-open-lightbox=\"yes\" data-elementor-lightbox-slideshow=\"c4b5644\" data-elementor-lightbox-title=\"comunidades-yanaconas-2025-05\" data-e-action-hash=\"#elementor-action%3Aaction%3Dlightbox%26settings%3DeyJpZCI6NjU4NjQxLCJ1cmwiOiJodHRwczpcL1wvdGVzdC5jb21mZW5hbGNvdmFsbGUuY29tLmNvXC93cC1jb250ZW50XC91cGxvYWRzXC8yMDI1XC8wNVwvY29tdW5pZGFkZXMteWFuYWNvbmFzLTIwMjUtMDUuanBnIiwic2xpZGVzaG93IjoiYzRiNTY0NCJ9\">\n\t\t\t\t\t<div class=\"e-gallery-image elementor-gallery-item__image\" data-thumbnail=\"https:\/\/test.comfenalcovalle.com.co\/wp-content\/uploads\/2025\/05\/comunidades-yanaconas-2025-05-300x200.jpg\" data-width=\"300\" data-height=\"200\" aria-label=\"\" role=\"img\" ><\/div>\n\t\t\t\t\t\t\t\t\t\t\t<div class=\"elementor-gallery-item__overlay\"><\/div>\n\t\t\t\t\t\t\t\t\t\t\t\t\t\t<\/a>\n\t\t\t\t\t\t\t<a class=\"e-gallery-item elementor-gallery-item elementor-animated-content\" href=\"https:\/\/test.comfenalcovalle.com.co\/wp-content\/uploads\/2025\/05\/comunidades-villasol-2025-10.jpg\" data-elementor-open-lightbox=\"yes\" data-elementor-lightbox-slideshow=\"c4b5644\" data-elementor-lightbox-title=\"comunidades-villasol-2025-10\" data-e-action-hash=\"#elementor-action%3Aaction%3Dlightbox%26settings%3DeyJpZCI6NjU4NjQ2LCJ1cmwiOiJodHRwczpcL1wvdGVzdC5jb21mZW5hbGNvdmFsbGUuY29tLmNvXC93cC1jb250ZW50XC91cGxvYWRzXC8yMDI1XC8wNVwvY29tdW5pZGFkZXMtdmlsbGFzb2wtMjAyNS0xMC5qcGciLCJzbGlkZXNob3ciOiJjNGI1NjQ0In0%3D\">\n\t\t\t\t\t<div class=\"e-gallery-image elementor-gallery-item__image\" data-thumbnail=\"https:\/\/test.comfenalcovalle.com.co\/wp-content\/uploads\/2025\/05\/comunidades-villasol-2025-10-300x184.jpg\" data-width=\"300\" data-height=\"184\" aria-label=\"\" role=\"img\" ><\/div>\n\t\t\t\t\t\t\t\t\t\t\t<div class=\"elementor-gallery-item__overlay\"><\/div>\n\t\t\t\t\t\t\t\t\t\t\t\t\t\t<\/a>\n\t\t\t\t\t\t\t<a class=\"e-gallery-item elementor-gallery-item elementor-animated-content\" href=\"https:\/\/test.comfenalcovalle.com.co\/wp-content\/uploads\/2025\/05\/comunidades-yanaconas-2025-03.jpg\" data-elementor-open-lightbox=\"yes\" data-elementor-lightbox-slideshow=\"c4b5644\" data-elementor-lightbox-title=\"comunidades-yanaconas-2025-03\" data-e-action-hash=\"#elementor-action%3Aaction%3Dlightbox%26settings%3DeyJpZCI6NjU4NjQzLCJ1cmwiOiJodHRwczpcL1wvdGVzdC5jb21mZW5hbGNvdmFsbGUuY29tLmNvXC93cC1jb250ZW50XC91cGxvYWRzXC8yMDI1XC8wNVwvY29tdW5pZGFkZXMteWFuYWNvbmFzLTIwMjUtMDMuanBnIiwic2xpZGVzaG93IjoiYzRiNTY0NCJ9\">\n\t\t\t\t\t<div class=\"e-gallery-image elementor-gallery-item__image\" data-thumbnail=\"https:\/\/test.comfenalcovalle.com.co\/wp-content\/uploads\/2025\/05\/comunidades-yanaconas-2025-03-300x200.jpg\" data-width=\"300\" data-height=\"200\" aria-label=\"\" role=\"img\" ><\/div>\n\t\t\t\t\t\t\t\t\t\t\t<div class=\"elementor-gallery-item__overlay\"><\/div>\n\t\t\t\t\t\t\t\t\t\t\t\t\t\t<\/a>\n\t\t\t\t\t\t\t<a class=\"e-gallery-item elementor-gallery-item elementor-animated-content\" href=\"https:\/\/test.comfenalcovalle.com.co\/wp-content\/uploads\/2025\/05\/comunidades-villasol-2025-09.jpg\" data-elementor-open-lightbox=\"yes\" data-elementor-lightbox-slideshow=\"c4b5644\" data-elementor-lightbox-title=\"comunidades-villasol-2025-09\" data-e-action-hash=\"#elementor-action%3Aaction%3Dlightbox%26settings%3DeyJpZCI6NjU4NjQ3LCJ1cmwiOiJodHRwczpcL1wvdGVzdC5jb21mZW5hbGNvdmFsbGUuY29tLmNvXC93cC1jb250ZW50XC91cGxvYWRzXC8yMDI1XC8wNVwvY29tdW5pZGFkZXMtdmlsbGFzb2wtMjAyNS0wOS5qcGciLCJzbGlkZXNob3ciOiJjNGI1NjQ0In0%3D\">\n\t\t\t\t\t<div class=\"e-gallery-image elementor-gallery-item__image\" data-thumbnail=\"https:\/\/test.comfenalcovalle.com.co\/wp-content\/uploads\/2025\/05\/comunidades-villasol-2025-09-300x183.jpg\" data-width=\"300\" data-height=\"183\" aria-label=\"\" role=\"img\" ><\/div>\n\t\t\t\t\t\t\t\t\t\t\t<div class=\"elementor-gallery-item__overlay\"><\/div>\n\t\t\t\t\t\t\t\t\t\t\t\t\t\t<\/a>\n\t\t\t\t\t\t\t<a class=\"e-gallery-item elementor-gallery-item elementor-animated-content\" href=\"https:\/\/test.comfenalcovalle.com.co\/wp-content\/uploads\/2025\/05\/comunidades-villasol-2025-02.jpg\" data-elementor-open-lightbox=\"yes\" data-elementor-lightbox-slideshow=\"c4b5644\" data-elementor-lightbox-title=\"comunidades-villasol-2025-02\" data-e-action-hash=\"#elementor-action%3Aaction%3Dlightbox%26settings%3DeyJpZCI6NjU4NjU1LCJ1cmwiOiJodHRwczpcL1wvdGVzdC5jb21mZW5hbGNvdmFsbGUuY29tLmNvXC93cC1jb250ZW50XC91cGxvYWRzXC8yMDI1XC8wNVwvY29tdW5pZGFkZXMtdmlsbGFzb2wtMjAyNS0wMi5qcGciLCJzbGlkZXNob3ciOiJjNGI1NjQ0In0%3D\">\n\t\t\t\t\t<div class=\"e-gallery-image elementor-gallery-item__image\" data-thumbnail=\"https:\/\/test.comfenalcovalle.com.co\/wp-content\/uploads\/2025\/05\/comunidades-villasol-2025-02-300x190.jpg\" data-width=\"300\" data-height=\"190\" aria-label=\"\" role=\"img\" ><\/div>\n\t\t\t\t\t\t\t\t\t\t\t<div class=\"elementor-gallery-item__overlay\"><\/div>\n\t\t\t\t\t\t\t\t\t\t\t\t\t\t<\/a>\n\t\t\t\t\t\t\t<a class=\"e-gallery-item elementor-gallery-item elementor-animated-content\" href=\"https:\/\/test.comfenalcovalle.com.co\/wp-content\/uploads\/2025\/05\/comunidades-villasol-2025-07.jpg\" data-elementor-open-lightbox=\"yes\" data-elementor-lightbox-slideshow=\"c4b5644\" data-elementor-lightbox-title=\"comunidades-villasol-2025-07\" data-e-action-hash=\"#elementor-action%3Aaction%3Dlightbox%26settings%3DeyJpZCI6NjU4NjUwLCJ1cmwiOiJodHRwczpcL1wvdGVzdC5jb21mZW5hbGNvdmFsbGUuY29tLmNvXC93cC1jb250ZW50XC91cGxvYWRzXC8yMDI1XC8wNVwvY29tdW5pZGFkZXMtdmlsbGFzb2wtMjAyNS0wNy5qcGciLCJzbGlkZXNob3ciOiJjNGI1NjQ0In0%3D\">\n\t\t\t\t\t<div class=\"e-gallery-image elementor-gallery-item__image\" data-thumbnail=\"https:\/\/test.comfenalcovalle.com.co\/wp-content\/uploads\/2025\/05\/comunidades-villasol-2025-07-300x168.jpg\" data-width=\"300\" data-height=\"168\" aria-label=\"\" role=\"img\" ><\/div>\n\t\t\t\t\t\t\t\t\t\t\t<div class=\"elementor-gallery-item__overlay\"><\/div>\n\t\t\t\t\t\t\t\t\t\t\t\t\t\t<\/a>\n\t\t\t\t\t\t\t<a class=\"e-gallery-item elementor-gallery-item elementor-animated-content\" href=\"https:\/\/test.comfenalcovalle.com.co\/wp-content\/uploads\/2025\/05\/comunidades-yanaconas-2025-010.jpg\" data-elementor-open-lightbox=\"yes\" data-elementor-lightbox-slideshow=\"c4b5644\" data-elementor-lightbox-title=\"comunidades-yanaconas-2025-010\" data-e-action-hash=\"#elementor-action%3Aaction%3Dlightbox%26settings%3DeyJpZCI6NjU4NjM2LCJ1cmwiOiJodHRwczpcL1wvdGVzdC5jb21mZW5hbGNvdmFsbGUuY29tLmNvXC93cC1jb250ZW50XC91cGxvYWRzXC8yMDI1XC8wNVwvY29tdW5pZGFkZXMteWFuYWNvbmFzLTIwMjUtMDEwLmpwZyIsInNsaWRlc2hvdyI6ImM0YjU2NDQifQ%3D%3D\">\n\t\t\t\t\t<div class=\"e-gallery-image elementor-gallery-item__image\" data-thumbnail=\"https:\/\/test.comfenalcovalle.com.co\/wp-content\/uploads\/2025\/05\/comunidades-yanaconas-2025-010-300x200.jpg\" data-width=\"300\" data-height=\"200\" aria-label=\"\" role=\"img\" ><\/div>\n\t\t\t\t\t\t\t\t\t\t\t<div class=\"elementor-gallery-item__overlay\"><\/div>\n\t\t\t\t\t\t\t\t\t\t\t\t\t\t<\/a>\n\t\t\t\t\t\t\t<a class=\"e-gallery-item elementor-gallery-item elementor-animated-content\" href=\"https:\/\/test.comfenalcovalle.com.co\/wp-content\/uploads\/2025\/05\/comunidades-villasol-2025-04.jpg\" data-elementor-open-lightbox=\"yes\" data-elementor-lightbox-slideshow=\"c4b5644\" data-elementor-lightbox-title=\"comunidades-villasol-2025-04\" data-e-action-hash=\"#elementor-action%3Aaction%3Dlightbox%26settings%3DeyJpZCI6NjU4NjUzLCJ1cmwiOiJodHRwczpcL1wvdGVzdC5jb21mZW5hbGNvdmFsbGUuY29tLmNvXC93cC1jb250ZW50XC91cGxvYWRzXC8yMDI1XC8wNVwvY29tdW5pZGFkZXMtdmlsbGFzb2wtMjAyNS0wNC5qcGciLCJzbGlkZXNob3ciOiJjNGI1NjQ0In0%3D\">\n\t\t\t\t\t<div class=\"e-gallery-image elementor-gallery-item__image\" data-thumbnail=\"https:\/\/test.comfenalcovalle.com.co\/wp-content\/uploads\/2025\/05\/comunidades-villasol-2025-04-300x183.jpg\" data-width=\"300\" data-height=\"183\" aria-label=\"\" role=\"img\" ><\/div>\n\t\t\t\t\t\t\t\t\t\t\t<div class=\"elementor-gallery-item__overlay\"><\/div>\n\t\t\t\t\t\t\t\t\t\t\t\t\t\t<\/a>\n\t\t\t\t\t\t\t<a class=\"e-gallery-item elementor-gallery-item elementor-animated-content\" href=\"https:\/\/test.comfenalcovalle.com.co\/wp-content\/uploads\/2025\/05\/comunidades-villasol-2025-05.jpg\" data-elementor-open-lightbox=\"yes\" data-elementor-lightbox-slideshow=\"c4b5644\" data-elementor-lightbox-title=\"comunidades-villasol-2025-05\" data-e-action-hash=\"#elementor-action%3Aaction%3Dlightbox%26settings%3DeyJpZCI6NjU4NjUyLCJ1cmwiOiJodHRwczpcL1wvdGVzdC5jb21mZW5hbGNvdmFsbGUuY29tLmNvXC93cC1jb250ZW50XC91cGxvYWRzXC8yMDI1XC8wNVwvY29tdW5pZGFkZXMtdmlsbGFzb2wtMjAyNS0wNS5qcGciLCJzbGlkZXNob3ciOiJjNGI1NjQ0In0%3D\">\n\t\t\t\t\t<div class=\"e-gallery-image elementor-gallery-item__image\" data-thumbnail=\"https:\/\/test.comfenalcovalle.com.co\/wp-content\/uploads\/2025\/05\/comunidades-villasol-2025-05-300x168.jpg\" data-width=\"300\" data-height=\"168\" aria-label=\"\" role=\"img\" ><\/div>\n\t\t\t\t\t\t\t\t\t\t\t<div class=\"elementor-gallery-item__overlay\"><\/div>\n\t\t\t\t\t\t\t\t\t\t\t\t\t\t<\/a>\n\t\t\t\t\t\t\t<a class=\"e-gallery-item elementor-gallery-item elementor-animated-content\" href=\"https:\/\/test.comfenalcovalle.com.co\/wp-content\/uploads\/2025\/05\/comunidades-villasol-2025-06.jpg\" data-elementor-open-lightbox=\"yes\" data-elementor-lightbox-slideshow=\"c4b5644\" data-elementor-lightbox-title=\"comunidades-villasol-2025-06\" data-e-action-hash=\"#elementor-action%3Aaction%3Dlightbox%26settings%3DeyJpZCI6NjU4NjUxLCJ1cmwiOiJodHRwczpcL1wvdGVzdC5jb21mZW5hbGNvdmFsbGUuY29tLmNvXC93cC1jb250ZW50XC91cGxvYWRzXC8yMDI1XC8wNVwvY29tdW5pZGFkZXMtdmlsbGFzb2wtMjAyNS0wNi5qcGciLCJzbGlkZXNob3ciOiJjNGI1NjQ0In0%3D\">\n\t\t\t\t\t<div class=\"e-gallery-image elementor-gallery-item__image\" data-thumbnail=\"https:\/\/test.comfenalcovalle.com.co\/wp-content\/uploads\/2025\/05\/comunidades-villasol-2025-06-300x168.jpg\" data-width=\"300\" data-height=\"168\" aria-label=\"\" role=\"img\" ><\/div>\n\t\t\t\t\t\t\t\t\t\t\t<div class=\"elementor-gallery-item__overlay\"><\/div>\n\t\t\t\t\t\t\t\t\t\t\t\t\t\t<\/a>\n\t\t\t\t\t\t\t<a class=\"e-gallery-item elementor-gallery-item elementor-animated-content\" href=\"https:\/\/test.comfenalcovalle.com.co\/wp-content\/uploads\/2025\/05\/comunidades-yanaconas-2025-07.jpg\" data-elementor-open-lightbox=\"yes\" data-elementor-lightbox-slideshow=\"c4b5644\" data-elementor-lightbox-title=\"comunidades-yanaconas-2025-07\" data-e-action-hash=\"#elementor-action%3Aaction%3Dlightbox%26settings%3DeyJpZCI6NjU4NjM5LCJ1cmwiOiJodHRwczpcL1wvdGVzdC5jb21mZW5hbGNvdmFsbGUuY29tLmNvXC93cC1jb250ZW50XC91cGxvYWRzXC8yMDI1XC8wNVwvY29tdW5pZGFkZXMteWFuYWNvbmFzLTIwMjUtMDcuanBnIiwic2xpZGVzaG93IjoiYzRiNTY0NCJ9\">\n\t\t\t\t\t<div class=\"e-gallery-image elementor-gallery-item__image\" data-thumbnail=\"https:\/\/test.comfenalcovalle.com.co\/wp-content\/uploads\/2025\/05\/comunidades-yanaconas-2025-07-300x200.jpg\" data-width=\"300\" data-height=\"200\" aria-label=\"\" role=\"img\" ><\/div>\n\t\t\t\t\t\t\t\t\t\t\t<div class=\"elementor-gallery-item__overlay\"><\/div>\n\t\t\t\t\t\t\t\t\t\t\t\t\t\t<\/a>\n\t\t\t\t\t\t\t<a class=\"e-gallery-item elementor-gallery-item elementor-animated-content\" href=\"https:\/\/test.comfenalcovalle.com.co\/wp-content\/uploads\/2025\/05\/comunidades-villasol-2025-08.jpg\" data-elementor-open-lightbox=\"yes\" data-elementor-lightbox-slideshow=\"c4b5644\" data-elementor-lightbox-title=\"comunidades-villasol-2025-08\" data-e-action-hash=\"#elementor-action%3Aaction%3Dlightbox%26settings%3DeyJpZCI6NjU4NjQ4LCJ1cmwiOiJodHRwczpcL1wvdGVzdC5jb21mZW5hbGNvdmFsbGUuY29tLmNvXC93cC1jb250ZW50XC91cGxvYWRzXC8yMDI1XC8wNVwvY29tdW5pZGFkZXMtdmlsbGFzb2wtMjAyNS0wOC5qcGciLCJzbGlkZXNob3ciOiJjNGI1NjQ0In0%3D\">\n\t\t\t\t\t<div class=\"e-gallery-image elementor-gallery-item__image\" data-thumbnail=\"https:\/\/test.comfenalcovalle.com.co\/wp-content\/uploads\/2025\/05\/comunidades-villasol-2025-08-300x200.jpg\" data-width=\"300\" data-height=\"200\" aria-label=\"\" role=\"img\" ><\/div>\n\t\t\t\t\t\t\t\t\t\t\t<div class=\"elementor-gallery-item__overlay\"><\/div>\n\t\t\t\t\t\t\t\t\t\t\t\t\t\t<\/a>\n\t\t\t\t\t\t\t<a class=\"e-gallery-item elementor-gallery-item elementor-animated-content\" href=\"https:\/\/test.comfenalcovalle.com.co\/wp-content\/uploads\/2025\/05\/comunidades-yanaconas-2025-08.jpg\" data-elementor-open-lightbox=\"yes\" data-elementor-lightbox-slideshow=\"c4b5644\" data-elementor-lightbox-title=\"comunidades-yanaconas-2025-08\" data-e-action-hash=\"#elementor-action%3Aaction%3Dlightbox%26settings%3DeyJpZCI6NjU4NjM4LCJ1cmwiOiJodHRwczpcL1wvdGVzdC5jb21mZW5hbGNvdmFsbGUuY29tLmNvXC93cC1jb250ZW50XC91cGxvYWRzXC8yMDI1XC8wNVwvY29tdW5pZGFkZXMteWFuYWNvbmFzLTIwMjUtMDguanBnIiwic2xpZGVzaG93IjoiYzRiNTY0NCJ9\">\n\t\t\t\t\t<div class=\"e-gallery-image elementor-gallery-item__image\" data-thumbnail=\"https:\/\/test.comfenalcovalle.com.co\/wp-content\/uploads\/2025\/05\/comunidades-yanaconas-2025-08-300x200.jpg\" data-width=\"300\" data-height=\"200\" aria-label=\"\" role=\"img\" ><\/div>\n\t\t\t\t\t\t\t\t\t\t\t<div class=\"elementor-gallery-item__overlay\"><\/div>\n\t\t\t\t\t\t\t\t\t\t\t\t\t\t<\/a>\n\t\t\t\t\t\t\t<a class=\"e-gallery-item elementor-gallery-item elementor-animated-content\" href=\"https:\/\/test.comfenalcovalle.com.co\/wp-content\/uploads\/2025\/05\/comunidades-yanaconas-2025-06.jpg\" data-elementor-open-lightbox=\"yes\" data-elementor-lightbox-slideshow=\"c4b5644\" data-elementor-lightbox-title=\"comunidades-yanaconas-2025-06\" data-e-action-hash=\"#elementor-action%3Aaction%3Dlightbox%26settings%3DeyJpZCI6NjU4NjQwLCJ1cmwiOiJodHRwczpcL1wvdGVzdC5jb21mZW5hbGNvdmFsbGUuY29tLmNvXC93cC1jb250ZW50XC91cGxvYWRzXC8yMDI1XC8wNVwvY29tdW5pZGFkZXMteWFuYWNvbmFzLTIwMjUtMDYuanBnIiwic2xpZGVzaG93IjoiYzRiNTY0NCJ9\">\n\t\t\t\t\t<div class=\"e-gallery-image elementor-gallery-item__image\" data-thumbnail=\"https:\/\/test.comfenalcovalle.com.co\/wp-content\/uploads\/2025\/05\/comunidades-yanaconas-2025-06-300x200.jpg\" data-width=\"300\" data-height=\"200\" aria-label=\"\" role=\"img\" ><\/div>\n\t\t\t\t\t\t\t\t\t\t\t<div class=\"elementor-gallery-item__overlay\"><\/div>\n\t\t\t\t\t\t\t\t\t\t\t\t\t\t<\/a>\n\t\t\t\t\t\t\t<a class=\"e-gallery-item elementor-gallery-item elementor-animated-content\" href=\"https:\/\/test.comfenalcovalle.com.co\/wp-content\/uploads\/2025\/05\/comunidades-yanaconas-2025-09.jpg\" data-elementor-open-lightbox=\"yes\" data-elementor-lightbox-slideshow=\"c4b5644\" data-elementor-lightbox-title=\"comunidades-yanaconas-2025-09\" data-e-action-hash=\"#elementor-action%3Aaction%3Dlightbox%26settings%3DeyJpZCI6NjU4NjM3LCJ1cmwiOiJodHRwczpcL1wvdGVzdC5jb21mZW5hbGNvdmFsbGUuY29tLmNvXC93cC1jb250ZW50XC91cGxvYWRzXC8yMDI1XC8wNVwvY29tdW5pZGFkZXMteWFuYWNvbmFzLTIwMjUtMDkuanBnIiwic2xpZGVzaG93IjoiYzRiNTY0NCJ9\">\n\t\t\t\t\t<div class=\"e-gallery-image elementor-gallery-item__image\" data-thumbnail=\"https:\/\/test.comfenalcovalle.com.co\/wp-content\/uploads\/2025\/05\/comunidades-yanaconas-2025-09-300x200.jpg\" data-width=\"300\" data-height=\"200\" aria-label=\"\" role=\"img\" ><\/div>\n\t\t\t\t\t\t\t\t\t\t\t<div class=\"elementor-gallery-item__overlay\"><\/div>\n\t\t\t\t\t\t\t\t\t\t\t\t\t\t<\/a>\n\t\t\t\t\t<\/div>\n\t\t\t\t\t<\/div>\n\t\t\t\t<\/div>\n\t\t\t\t\t<\/div>\n\t\t\t\t<\/div>\n\t\t\t\t<\/div>","protected":false},"excerpt":{"rendered":"<p>Comfenalco Valle Delagente celebra el turismo sostenible con actividades recreativas y apoyo a emprendedores en sus hoteles de Cali y Cartago<\/p>","protected":false},"author":6,"featured_media":658645,"comment_status":"closed","ping_status":"closed","sticky":false,"template":"","format":"standard","meta":{"footnotes":""},"categories":[15],"tags":[1050,1008,1051,1049,1052,1048],"class_list":["post-659147","post","type-post","status-publish","format-standard","has-post-thumbnail","hentry","category-recreacion","tag-actividades-recreativas-en-hoteles","tag-comfenalco-valle-delagente-2","tag-emprendimientos-locales-valle-del-cauca","tag-hoteles-en-cali-y-cartago","tag-turismo-responsable-colombia","tag-turismo-sostenible-en-cali"],"yoast_head":"<!-- This site is optimized with the Yoast SEO Premium plugin v25.9 (Yoast SEO v25.9) - https:\/\/yoast.com\/wordpress\/plugins\/seo\/ -->\n<title>Turismo sostenible en Cali y Cartago con Comfenalco Valle<\/title>\n<meta name=\"description\" content=\"Comfenalco Valle Delagente celebra el turismo sostenible con actividades recreativas y apoyo a emprendedores en sus hoteles de Cali y Cartago\" \/>\n<meta name=\"robots\" content=\"index, follow, max-snippet:-1, max-image-preview:large, max-video-preview:-1\" \/>\n<link rel=\"canonical\" href=\"https:\/\/www.comfenalcovalle.com.co\/turismo-sostenible-en-cali-y-cartago-con-comfenalco-valle-delagente\/\" \/>\n<meta property=\"og:locale\" content=\"en_US\" \/>\n<meta property=\"og:type\" content=\"article\" \/>\n<meta property=\"og:title\" content=\"Turismo sostenible en Cali y Cartago con Comfenalco Valle Delagente\" \/>\n<meta property=\"og:description\" content=\"Comfenalco Valle Delagente celebra el turismo sostenible con actividades recreativas y apoyo a emprendedores en sus hoteles de Cali y Cartago\" \/>\n<meta property=\"og:url\" content=\"https:\/\/www.comfenalcovalle.com.co\/turismo-sostenible-en-cali-y-cartago-con-comfenalco-valle-delagente\/\" \/>\n<meta property=\"og:site_name\" content=\"Comfenalco Valle Delagente\" \/>\n<meta property=\"article:published_time\" content=\"2025-05-13T19:35:38+00:00\" \/>\n<meta property=\"article:modified_time\" content=\"2025-05-13T19:52:21+00:00\" \/>\n<meta property=\"og:image\" content=\"https:\/\/www.comfenalcovalle.com.co\/wp-content\/uploads\/2025\/05\/comunidades-yanaconas-2025-01.jpg\" \/>\n\t<meta property=\"og:image:width\" content=\"902\" \/>\n\t<meta property=\"og:image:height\" content=\"602\" \/>\n\t<meta property=\"og:image:type\" content=\"image\/jpeg\" \/>\n<meta name=\"author\" content=\"Comunicaciones Comfenalco Valle delagente\" \/>\n<meta name=\"twitter:card\" content=\"summary_large_image\" \/>\n<meta name=\"twitter:label1\" content=\"Written by\" \/>\n\t<meta name=\"twitter:data1\" content=\"Comunicaciones Comfenalco Valle delagente\" \/>\n\t<meta name=\"twitter:label2\" content=\"Est. reading time\" \/>\n\t<meta name=\"twitter:data2\" content=\"2 minutes\" \/>\n<script type=\"application\/ld+json\" class=\"yoast-schema-graph\">{\"@context\":\"https:\/\/schema.org\",\"@graph\":[{\"@type\":\"Article\",\"@id\":\"https:\/\/www.comfenalcovalle.com.co\/turismo-sostenible-en-cali-y-cartago-con-comfenalco-valle-delagente\/#article\",\"isPartOf\":{\"@id\":\"https:\/\/www.comfenalcovalle.com.co\/turismo-sostenible-en-cali-y-cartago-con-comfenalco-valle-delagente\/\"},\"author\":{\"name\":\"Comunicaciones Comfenalco Valle delagente\",\"@id\":\"https:\/\/www.comfenalcovalle.com.co\/#\/schema\/person\/d4d8bcb299f88f97b06096cf6a21cb01\"},\"headline\":\"Turismo sostenible en Cali y Cartago con Comfenalco Valle Delagente\",\"datePublished\":\"2025-05-13T19:35:38+00:00\",\"dateModified\":\"2025-05-13T19:52:21+00:00\",\"mainEntityOfPage\":{\"@id\":\"https:\/\/www.comfenalcovalle.com.co\/turismo-sostenible-en-cali-y-cartago-con-comfenalco-valle-delagente\/\"},\"wordCount\":328,\"publisher\":{\"@id\":\"https:\/\/www.comfenalcovalle.com.co\/#organization\"},\"image\":{\"@id\":\"https:\/\/www.comfenalcovalle.com.co\/turismo-sostenible-en-cali-y-cartago-con-comfenalco-valle-delagente\/#primaryimage\"},\"thumbnailUrl\":\"https:\/\/test.comfenalcovalle.com.co\/wp-content\/uploads\/2025\/05\/comunidades-yanaconas-2025-01.jpg\",\"keywords\":[\"actividades recreativas en hoteles\",\"Comfenalco Valle Delagente\",\"emprendimientos locales Valle del Cauca\",\"hoteles en Cali y Cartago\",\"turismo responsable Colombia\",\"turismo sostenible en Cali\"],\"articleSection\":[\"Recreaci\u00f3n\"],\"inLanguage\":\"en-US\"},{\"@type\":\"WebPage\",\"@id\":\"https:\/\/www.comfenalcovalle.com.co\/turismo-sostenible-en-cali-y-cartago-con-comfenalco-valle-delagente\/\",\"url\":\"https:\/\/www.comfenalcovalle.com.co\/turismo-sostenible-en-cali-y-cartago-con-comfenalco-valle-delagente\/\",\"name\":\"Turismo sostenible en Cali y Cartago con Comfenalco Valle\",\"isPartOf\":{\"@id\":\"https:\/\/www.comfenalcovalle.com.co\/#website\"},\"primaryImageOfPage\":{\"@id\":\"https:\/\/www.comfenalcovalle.com.co\/turismo-sostenible-en-cali-y-cartago-con-comfenalco-valle-delagente\/#primaryimage\"},\"image\":{\"@id\":\"https:\/\/www.comfenalcovalle.com.co\/turismo-sostenible-en-cali-y-cartago-con-comfenalco-valle-delagente\/#primaryimage\"},\"thumbnailUrl\":\"https:\/\/test.comfenalcovalle.com.co\/wp-content\/uploads\/2025\/05\/comunidades-yanaconas-2025-01.jpg\",\"datePublished\":\"2025-05-13T19:35:38+00:00\",\"dateModified\":\"2025-05-13T19:52:21+00:00\",\"description\":\"Comfenalco Valle Delagente celebra el turismo sostenible con actividades recreativas y apoyo a emprendedores en sus hoteles de Cali y Cartago\",\"breadcrumb\":{\"@id\":\"https:\/\/www.comfenalcovalle.com.co\/turismo-sostenible-en-cali-y-cartago-con-comfenalco-valle-delagente\/#breadcrumb\"},\"inLanguage\":\"en-US\",\"potentialAction\":[{\"@type\":\"ReadAction\",\"target\":[\"https:\/\/www.comfenalcovalle.com.co\/turismo-sostenible-en-cali-y-cartago-con-comfenalco-valle-delagente\/\"]}]},{\"@type\":\"ImageObject\",\"inLanguage\":\"en-US\",\"@id\":\"https:\/\/www.comfenalcovalle.com.co\/turismo-sostenible-en-cali-y-cartago-con-comfenalco-valle-delagente\/#primaryimage\",\"url\":\"https:\/\/test.comfenalcovalle.com.co\/wp-content\/uploads\/2025\/05\/comunidades-yanaconas-2025-01.jpg\",\"contentUrl\":\"https:\/\/test.comfenalcovalle.com.co\/wp-content\/uploads\/2025\/05\/comunidades-yanaconas-2025-01.jpg\",\"width\":902,\"height\":602,\"caption\":\"comunidades delagente 2025\"},{\"@type\":\"BreadcrumbList\",\"@id\":\"https:\/\/www.comfenalcovalle.com.co\/turismo-sostenible-en-cali-y-cartago-con-comfenalco-valle-delagente\/#breadcrumb\",\"itemListElement\":[{\"@type\":\"ListItem\",\"position\":1,\"name\":\"Portada\",\"item\":\"https:\/\/www.comfenalcovalle.com.co\/\"},{\"@type\":\"ListItem\",\"position\":2,\"name\":\"Turismo sostenible en Cali y Cartago con Comfenalco Valle Delagente\"}]},{\"@type\":\"WebSite\",\"@id\":\"https:\/\/www.comfenalcovalle.com.co\/#website\",\"url\":\"https:\/\/www.comfenalcovalle.com.co\/\",\"name\":\"Comfenalco Valle Delagente\",\"description\":\"Caja de compensaci\u00f3n de Comfenalco Valle Delagente.\",\"publisher\":{\"@id\":\"https:\/\/www.comfenalcovalle.com.co\/#organization\"},\"potentialAction\":[{\"@type\":\"SearchAction\",\"target\":{\"@type\":\"EntryPoint\",\"urlTemplate\":\"https:\/\/www.comfenalcovalle.com.co\/?s={search_term_string}\"},\"query-input\":{\"@type\":\"PropertyValueSpecification\",\"valueRequired\":true,\"valueName\":\"search_term_string\"}}],\"inLanguage\":\"en-US\"},{\"@type\":\"Organization\",\"@id\":\"https:\/\/www.comfenalcovalle.com.co\/#organization\",\"name\":\"Comfenalco Valle Delagente\",\"url\":\"https:\/\/www.comfenalcovalle.com.co\/\",\"logo\":{\"@type\":\"ImageObject\",\"inLanguage\":\"en-US\",\"@id\":\"https:\/\/www.comfenalcovalle.com.co\/#\/schema\/logo\/image\/\",\"url\":\"https:\/\/test.comfenalcovalle.com.co\/wp-content\/uploads\/2021\/06\/logo-comfe-cabecera-agencia-empelo-actualizado.png\",\"contentUrl\":\"https:\/\/test.comfenalcovalle.com.co\/wp-content\/uploads\/2021\/06\/logo-comfe-cabecera-agencia-empelo-actualizado.png\",\"width\":500,\"height\":184,\"caption\":\"Comfenalco Valle Delagente\"},\"image\":{\"@id\":\"https:\/\/www.comfenalcovalle.com.co\/#\/schema\/logo\/image\/\"}},{\"@type\":\"Person\",\"@id\":\"https:\/\/www.comfenalcovalle.com.co\/#\/schema\/person\/d4d8bcb299f88f97b06096cf6a21cb01\",\"name\":\"Comunicaciones Comfenalco Valle delagente\",\"image\":{\"@type\":\"ImageObject\",\"inLanguage\":\"en-US\",\"@id\":\"https:\/\/www.comfenalcovalle.com.co\/#\/schema\/person\/image\/\",\"url\":\"https:\/\/secure.gravatar.com\/avatar\/d1c29eb639a137df0ac8bfec50479e8d6ef564f7320f439d9d984504359ea6ee?s=96&d=mm&r=g\",\"contentUrl\":\"https:\/\/secure.gravatar.com\/avatar\/d1c29eb639a137df0ac8bfec50479e8d6ef564f7320f439d9d984504359ea6ee?s=96&d=mm&r=g\",\"caption\":\"Comunicaciones Comfenalco Valle delagente\"},\"url\":\"https:\/\/test.comfenalcovalle.com.co\/en\/author\/comunicaciones-comfenalco-valle-delagente\/\"}]}<\/script>\n<!-- \/ Yoast SEO Premium plugin. -->","yoast_head_json":{"title":"Turismo sostenible en Cali y Cartago con Comfenalco Valle","description":"Comfenalco Valle Delagente celebra el turismo sostenible con actividades recreativas y apoyo a emprendedores en sus hoteles de Cali y Cartago","robots":{"index":"index","follow":"follow","max-snippet":"max-snippet:-1","max-image-preview":"max-image-preview:large","max-video-preview":"max-video-preview:-1"},"canonical":"https:\/\/www.comfenalcovalle.com.co\/turismo-sostenible-en-cali-y-cartago-con-comfenalco-valle-delagente\/","og_locale":"en_US","og_type":"article","og_title":"Turismo sostenible en Cali y Cartago con Comfenalco Valle Delagente","og_description":"Comfenalco Valle Delagente celebra el turismo sostenible con actividades recreativas y apoyo a emprendedores en sus hoteles de Cali y Cartago","og_url":"https:\/\/www.comfenalcovalle.com.co\/turismo-sostenible-en-cali-y-cartago-con-comfenalco-valle-delagente\/","og_site_name":"Comfenalco Valle Delagente","article_published_time":"2025-05-13T19:35:38+00:00","article_modified_time":"2025-05-13T19:52:21+00:00","og_image":[{"width":902,"height":602,"url":"https:\/\/www.comfenalcovalle.com.co\/wp-content\/uploads\/2025\/05\/comunidades-yanaconas-2025-01.jpg","type":"image\/jpeg"}],"author":"Comunicaciones Comfenalco Valle delagente","twitter_card":"summary_large_image","twitter_misc":{"Written by":"Comunicaciones Comfenalco Valle delagente","Est. reading time":"2 minutes"},"schema":{"@context":"https:\/\/schema.org","@graph":[{"@type":"Article","@id":"https:\/\/www.comfenalcovalle.com.co\/turismo-sostenible-en-cali-y-cartago-con-comfenalco-valle-delagente\/#article","isPartOf":{"@id":"https:\/\/www.comfenalcovalle.com.co\/turismo-sostenible-en-cali-y-cartago-con-comfenalco-valle-delagente\/"},"author":{"name":"Comunicaciones Comfenalco Valle delagente","@id":"https:\/\/www.comfenalcovalle.com.co\/#\/schema\/person\/d4d8bcb299f88f97b06096cf6a21cb01"},"headline":"Turismo sostenible en Cali y Cartago con Comfenalco Valle Delagente","datePublished":"2025-05-13T19:35:38+00:00","dateModified":"2025-05-13T19:52:21+00:00","mainEntityOfPage":{"@id":"https:\/\/www.comfenalcovalle.com.co\/turismo-sostenible-en-cali-y-cartago-con-comfenalco-valle-delagente\/"},"wordCount":328,"publisher":{"@id":"https:\/\/www.comfenalcovalle.com.co\/#organization"},"image":{"@id":"https:\/\/www.comfenalcovalle.com.co\/turismo-sostenible-en-cali-y-cartago-con-comfenalco-valle-delagente\/#primaryimage"},"thumbnailUrl":"https:\/\/test.comfenalcovalle.com.co\/wp-content\/uploads\/2025\/05\/comunidades-yanaconas-2025-01.jpg","keywords":["actividades recreativas en hoteles","Comfenalco Valle Delagente","emprendimientos locales Valle del Cauca","hoteles en Cali y Cartago","turismo responsable Colombia","turismo sostenible en Cali"],"articleSection":["Recreaci\u00f3n"],"inLanguage":"en-US"},{"@type":"WebPage","@id":"https:\/\/www.comfenalcovalle.com.co\/turismo-sostenible-en-cali-y-cartago-con-comfenalco-valle-delagente\/","url":"https:\/\/www.comfenalcovalle.com.co\/turismo-sostenible-en-cali-y-cartago-con-comfenalco-valle-delagente\/","name":"Turismo sostenible en Cali y Cartago con Comfenalco Valle","isPartOf":{"@id":"https:\/\/www.comfenalcovalle.com.co\/#website"},"primaryImageOfPage":{"@id":"https:\/\/www.comfenalcovalle.com.co\/turismo-sostenible-en-cali-y-cartago-con-comfenalco-valle-delagente\/#primaryimage"},"image":{"@id":"https:\/\/www.comfenalcovalle.com.co\/turismo-sostenible-en-cali-y-cartago-con-comfenalco-valle-delagente\/#primaryimage"},"thumbnailUrl":"https:\/\/test.comfenalcovalle.com.co\/wp-content\/uploads\/2025\/05\/comunidades-yanaconas-2025-01.jpg","datePublished":"2025-05-13T19:35:38+00:00","dateModified":"2025-05-13T19:52:21+00:00","description":"Comfenalco Valle Delagente celebra el turismo sostenible con actividades recreativas y apoyo a emprendedores en sus hoteles de Cali y Cartago","breadcrumb":{"@id":"https:\/\/www.comfenalcovalle.com.co\/turismo-sostenible-en-cali-y-cartago-con-comfenalco-valle-delagente\/#breadcrumb"},"inLanguage":"en-US","potentialAction":[{"@type":"ReadAction","target":["https:\/\/www.comfenalcovalle.com.co\/turismo-sostenible-en-cali-y-cartago-con-comfenalco-valle-delagente\/"]}]},{"@type":"ImageObject","inLanguage":"en-US","@id":"https:\/\/www.comfenalcovalle.com.co\/turismo-sostenible-en-cali-y-cartago-con-comfenalco-valle-delagente\/#primaryimage","url":"https:\/\/test.comfenalcovalle.com.co\/wp-content\/uploads\/2025\/05\/comunidades-yanaconas-2025-01.jpg","contentUrl":"https:\/\/test.comfenalcovalle.com.co\/wp-content\/uploads\/2025\/05\/comunidades-yanaconas-2025-01.jpg","width":902,"height":602,"caption":"comunidades delagente 2025"},{"@type":"BreadcrumbList","@id":"https:\/\/www.comfenalcovalle.com.co\/turismo-sostenible-en-cali-y-cartago-con-comfenalco-valle-delagente\/#breadcrumb","itemListElement":[{"@type":"ListItem","position":1,"name":"Portada","item":"https:\/\/www.comfenalcovalle.com.co\/"},{"@type":"ListItem","position":2,"name":"Turismo sostenible en Cali y Cartago con Comfenalco Valle Delagente"}]},{"@type":"WebSite","@id":"https:\/\/www.comfenalcovalle.com.co\/#website","url":"https:\/\/www.comfenalcovalle.com.co\/","name":"Comfenalco Valle Delagente","description":"Comfenalco Valle Delagente compensation fund.","publisher":{"@id":"https:\/\/www.comfenalcovalle.com.co\/#organization"},"potentialAction":[{"@type":"SearchAction","target":{"@type":"EntryPoint","urlTemplate":"https:\/\/www.comfenalcovalle.com.co\/?s={search_term_string}"},"query-input":{"@type":"PropertyValueSpecification","valueRequired":true,"valueName":"search_term_string"}}],"inLanguage":"en-US"},{"@type":"Organization","@id":"https:\/\/www.comfenalcovalle.com.co\/#organization","name":"Comfenalco Valle Delagente","url":"https:\/\/www.comfenalcovalle.com.co\/","logo":{"@type":"ImageObject","inLanguage":"en-US","@id":"https:\/\/www.comfenalcovalle.com.co\/#\/schema\/logo\/image\/","url":"https:\/\/test.comfenalcovalle.com.co\/wp-content\/uploads\/2021\/06\/logo-comfe-cabecera-agencia-empelo-actualizado.png","contentUrl":"https:\/\/test.comfenalcovalle.com.co\/wp-content\/uploads\/2021\/06\/logo-comfe-cabecera-agencia-empelo-actualizado.png","width":500,"height":184,"caption":"Comfenalco Valle Delagente"},"image":{"@id":"https:\/\/www.comfenalcovalle.com.co\/#\/schema\/logo\/image\/"}},{"@type":"Person","@id":"https:\/\/www.comfenalcovalle.com.co\/#\/schema\/person\/d4d8bcb299f88f97b06096cf6a21cb01","name":"Communications Comfenalco Valle delagente","image":{"@type":"ImageObject","inLanguage":"en-US","@id":"https:\/\/www.comfenalcovalle.com.co\/#\/schema\/person\/image\/","url":"https:\/\/secure.gravatar.com\/avatar\/d1c29eb639a137df0ac8bfec50479e8d6ef564f7320f439d9d984504359ea6ee?s=96&d=mm&r=g","contentUrl":"https:\/\/secure.gravatar.com\/avatar\/d1c29eb639a137df0ac8bfec50479e8d6ef564f7320f439d9d984504359ea6ee?s=96&d=mm&r=g","caption":"Comunicaciones Comfenalco Valle delagente"},"url":"https:\/\/test.comfenalcovalle.com.co\/en\/author\/comunicaciones-comfenalco-valle-delagente\/"}]}},"publishpress_future_action":{"enabled":false,"date":"2026-05-08 14:35:34","action":"change-status","newStatus":"draft","terms":[],"taxonomy":"category","extraData":[]},"publishpress_future_workflow_manual_trigger":{"enabledWorkflows":[]},"_links":{"self":[{"href":"https:\/\/test.comfenalcovalle.com.co\/en\/wp-json\/wp\/v2\/posts\/659147","targetHints":{"allow":["GET"]}}],"collection":[{"href":"https:\/\/test.comfenalcovalle.com.co\/en\/wp-json\/wp\/v2\/posts"}],"about":[{"href":"https:\/\/test.comfenalcovalle.com.co\/en\/wp-json\/wp\/v2\/types\/post"}],"author":[{"embeddable":true,"href":"https:\/\/test.comfenalcovalle.com.co\/en\/wp-json\/wp\/v2\/users\/6"}],"replies":[{"embeddable":true,"href":"https:\/\/test.comfenalcovalle.com.co\/en\/wp-json\/wp\/v2\/comments?post=659147"}],"version-history":[{"count":0,"href":"https:\/\/test.comfenalcovalle.com.co\/en\/wp-json\/wp\/v2\/posts\/659147\/revisions"}],"wp:featuredmedia":[{"embeddable":true,"href":"https:\/\/test.comfenalcovalle.com.co\/en\/wp-json\/wp\/v2\/media\/658645"}],"wp:attachment":[{"href":"https:\/\/test.comfenalcovalle.com.co\/en\/wp-json\/wp\/v2\/media?parent=659147"}],"wp:term":[{"taxonomy":"category","embeddable":true,"href":"https:\/\/test.comfenalcovalle.com.co\/en\/wp-json\/wp\/v2\/categories?post=659147"},{"taxonomy":"post_tag","embeddable":true,"href":"https:\/\/test.comfenalcovalle.com.co\/en\/wp-json\/wp\/v2\/tags?post=659147"}],"curies":[{"name":"wp","href":"https:\/\/api.w.org\/{rel}","templated":true}]}}