{"id":658454,"date":"2025-04-29T15:54:15","date_gmt":"2025-04-29T20:54:15","guid":{"rendered":"https:\/\/test.comfenalcovalle.com.co\/?p=658454"},"modified":"2025-04-29T16:07:03","modified_gmt":"2025-04-29T21:07:03","slug":"en-la-caja-delagente-recibimos-a-la-superintendente-de-subsidio-familiar","status":"publish","type":"post","link":"https:\/\/test.comfenalcovalle.com.co\/en\/en-la-caja-delagente-recibimos-a-la-superintendente-de-subsidio-familiar\/","title":{"rendered":"En la Caja Delagente, recibimos a la Superintendente de Subsidio Familiar"},"content":{"rendered":"<div data-elementor-type=\"wp-post\" data-elementor-id=\"658454\" class=\"elementor elementor-658454\" data-elementor-post-type=\"post\">\n\t\t\t\t\t\t<section class=\"elementor-section elementor-top-section elementor-element elementor-element-51f510c3 elementor-section-boxed elementor-section-height-default elementor-section-height-default\" data-id=\"51f510c3\" data-element_type=\"section\">\n\t\t\t\t\t\t<div class=\"elementor-container elementor-column-gap-default\">\n\t\t\t\t\t<div class=\"elementor-column elementor-col-100 elementor-top-column elementor-element elementor-element-2333e41b\" data-id=\"2333e41b\" data-element_type=\"column\">\n\t\t\t<div class=\"elementor-widget-wrap elementor-element-populated\">\n\t\t\t\t\t\t<div class=\"elementor-element elementor-element-5adbf756 elementor-widget elementor-widget-text-editor\" data-id=\"5adbf756\" data-element_type=\"widget\" data-widget_type=\"text-editor.default\">\n\t\t\t\t<div class=\"elementor-widget-container\">\n\t\t\t\t\t\t\t\t\t\n<p>Con profunda gratitud en Comfenalco Valle Delagente tuvimos el honor de recibir a Sandra Viviana Cadena Mart\u00ednez, <a href=\"https:\/\/www.ssf.gov.co\/\" target=\"_blank\" rel=\"noopener\">Superintendente de Subsidio Familiar<\/a>.<\/p>\n\n<p>Su presencia en nuestro emblem\u00e1tico <a href=\"https:\/\/test.comfenalcovalle.com.co\/en\/personas\/recreacion-y-deportes\/nuestros-centros-recreacionales\/centro-recreacional-club-canasgordas\/\" target=\"_blank\" rel=\"noopener\">Centro Recreacional y Deportivo Club Ca\u00f1asgordas<\/a>, y el gesto cercano de saludar a cada integrante de la familia de la Caja Delagente, resuenan como un potente motivo que compartimos: trabajar incansablemente por el bienestar de las familias que dan vida y fuerza a nuestro amado Valle del Cauca.<\/p>\n\n<p>Durante esta jornada, nuestro equipo directivo, bajo la visi\u00f3n y liderazgo de Felice Grimoldi Rebolledo, nuestro director general, tuvo el privilegio de presentar el impacto de nuestros servicios y programas sociales a la Superintendente.<\/p>\n\t\t\t\t\t\t\t\t<\/div>\n\t\t\t\t<\/div>\n\t\t\t\t<div class=\"elementor-element elementor-element-930117a elementor-widget elementor-widget-gallery\" data-id=\"930117a\" data-element_type=\"widget\" data-settings=\"{&quot;columns&quot;:3,&quot;lazyload&quot;:&quot;yes&quot;,&quot;gallery_layout&quot;:&quot;grid&quot;,&quot;columns_tablet&quot;:2,&quot;columns_mobile&quot;:1,&quot;gap&quot;:{&quot;unit&quot;:&quot;px&quot;,&quot;size&quot;:10,&quot;sizes&quot;:[]},&quot;gap_tablet&quot;:{&quot;unit&quot;:&quot;px&quot;,&quot;size&quot;:10,&quot;sizes&quot;:[]},&quot;gap_mobile&quot;:{&quot;unit&quot;:&quot;px&quot;,&quot;size&quot;:10,&quot;sizes&quot;:[]},&quot;link_to&quot;:&quot;file&quot;,&quot;aspect_ratio&quot;:&quot;3:2&quot;,&quot;overlay_background&quot;:&quot;yes&quot;,&quot;content_hover_animation&quot;:&quot;fade-in&quot;}\" data-widget_type=\"gallery.default\">\n\t\t\t\t<div class=\"elementor-widget-container\">\n\t\t\t\t\t\t\t<div class=\"elementor-gallery__container\">\n\t\t\t\t\t\t\t<a class=\"e-gallery-item elementor-gallery-item elementor-animated-content\" href=\"https:\/\/test.comfenalcovalle.com.co\/wp-content\/uploads\/2025\/04\/visita-superintendente-abril-2025-06.jpg\" data-elementor-open-lightbox=\"yes\" data-elementor-lightbox-slideshow=\"930117a\" data-elementor-lightbox-title=\"visita-superintendente-abril-2025-06\" data-e-action-hash=\"#elementor-action%3Aaction%3Dlightbox%26settings%3DeyJpZCI6NjU4NDY1LCJ1cmwiOiJodHRwczpcL1wvdGVzdC5jb21mZW5hbGNvdmFsbGUuY29tLmNvXC93cC1jb250ZW50XC91cGxvYWRzXC8yMDI1XC8wNFwvdmlzaXRhLXN1cGVyaW50ZW5kZW50ZS1hYnJpbC0yMDI1LTA2LmpwZyIsInNsaWRlc2hvdyI6IjkzMDExN2EifQ%3D%3D\">\n\t\t\t\t\t<div class=\"e-gallery-image elementor-gallery-item__image\" data-thumbnail=\"https:\/\/test.comfenalcovalle.com.co\/wp-content\/uploads\/2025\/04\/visita-superintendente-abril-2025-06-300x200.jpg\" data-width=\"300\" data-height=\"200\" aria-label=\"\" role=\"img\" ><\/div>\n\t\t\t\t\t\t\t\t\t\t\t<div class=\"elementor-gallery-item__overlay\"><\/div>\n\t\t\t\t\t\t\t\t\t\t\t\t\t\t<\/a>\n\t\t\t\t\t\t\t<a class=\"e-gallery-item elementor-gallery-item elementor-animated-content\" href=\"https:\/\/test.comfenalcovalle.com.co\/wp-content\/uploads\/2025\/04\/visita-superintendente-abril-2025-02.jpg\" data-elementor-open-lightbox=\"yes\" data-elementor-lightbox-slideshow=\"930117a\" data-elementor-lightbox-title=\"visita-superintendente-abril-2025-02\" data-e-action-hash=\"#elementor-action%3Aaction%3Dlightbox%26settings%3DeyJpZCI6NjU4NDY5LCJ1cmwiOiJodHRwczpcL1wvdGVzdC5jb21mZW5hbGNvdmFsbGUuY29tLmNvXC93cC1jb250ZW50XC91cGxvYWRzXC8yMDI1XC8wNFwvdmlzaXRhLXN1cGVyaW50ZW5kZW50ZS1hYnJpbC0yMDI1LTAyLmpwZyIsInNsaWRlc2hvdyI6IjkzMDExN2EifQ%3D%3D\">\n\t\t\t\t\t<div class=\"e-gallery-image elementor-gallery-item__image\" data-thumbnail=\"https:\/\/test.comfenalcovalle.com.co\/wp-content\/uploads\/2025\/04\/visita-superintendente-abril-2025-02-300x200.jpg\" data-width=\"300\" data-height=\"200\" aria-label=\"\" role=\"img\" ><\/div>\n\t\t\t\t\t\t\t\t\t\t\t<div class=\"elementor-gallery-item__overlay\"><\/div>\n\t\t\t\t\t\t\t\t\t\t\t\t\t\t<\/a>\n\t\t\t\t\t\t\t<a class=\"e-gallery-item elementor-gallery-item elementor-animated-content\" href=\"https:\/\/test.comfenalcovalle.com.co\/wp-content\/uploads\/2025\/04\/visita-superintendente-abril-2025-04.jpg\" data-elementor-open-lightbox=\"yes\" data-elementor-lightbox-slideshow=\"930117a\" data-elementor-lightbox-title=\"visita-superintendente-abril-2025-04\" data-e-action-hash=\"#elementor-action%3Aaction%3Dlightbox%26settings%3DeyJpZCI6NjU4NDY3LCJ1cmwiOiJodHRwczpcL1wvdGVzdC5jb21mZW5hbGNvdmFsbGUuY29tLmNvXC93cC1jb250ZW50XC91cGxvYWRzXC8yMDI1XC8wNFwvdmlzaXRhLXN1cGVyaW50ZW5kZW50ZS1hYnJpbC0yMDI1LTA0LmpwZyIsInNsaWRlc2hvdyI6IjkzMDExN2EifQ%3D%3D\">\n\t\t\t\t\t<div class=\"e-gallery-image elementor-gallery-item__image\" data-thumbnail=\"https:\/\/test.comfenalcovalle.com.co\/wp-content\/uploads\/2025\/04\/visita-superintendente-abril-2025-04-300x200.jpg\" data-width=\"300\" data-height=\"200\" aria-label=\"\" role=\"img\" ><\/div>\n\t\t\t\t\t\t\t\t\t\t\t<div class=\"elementor-gallery-item__overlay\"><\/div>\n\t\t\t\t\t\t\t\t\t\t\t\t\t\t<\/a>\n\t\t\t\t\t\t\t<a class=\"e-gallery-item elementor-gallery-item elementor-animated-content\" href=\"https:\/\/test.comfenalcovalle.com.co\/wp-content\/uploads\/2025\/04\/visita-superintendente-abril-2025-03.jpg\" data-elementor-open-lightbox=\"yes\" data-elementor-lightbox-slideshow=\"930117a\" data-elementor-lightbox-title=\"visita-superintendente-abril-2025-03\" data-e-action-hash=\"#elementor-action%3Aaction%3Dlightbox%26settings%3DeyJpZCI6NjU4NDY4LCJ1cmwiOiJodHRwczpcL1wvdGVzdC5jb21mZW5hbGNvdmFsbGUuY29tLmNvXC93cC1jb250ZW50XC91cGxvYWRzXC8yMDI1XC8wNFwvdmlzaXRhLXN1cGVyaW50ZW5kZW50ZS1hYnJpbC0yMDI1LTAzLmpwZyIsInNsaWRlc2hvdyI6IjkzMDExN2EifQ%3D%3D\">\n\t\t\t\t\t<div class=\"e-gallery-image elementor-gallery-item__image\" data-thumbnail=\"https:\/\/test.comfenalcovalle.com.co\/wp-content\/uploads\/2025\/04\/visita-superintendente-abril-2025-03-300x200.jpg\" data-width=\"300\" data-height=\"200\" aria-label=\"\" role=\"img\" ><\/div>\n\t\t\t\t\t\t\t\t\t\t\t<div class=\"elementor-gallery-item__overlay\"><\/div>\n\t\t\t\t\t\t\t\t\t\t\t\t\t\t<\/a>\n\t\t\t\t\t\t\t<a class=\"e-gallery-item elementor-gallery-item elementor-animated-content\" href=\"https:\/\/test.comfenalcovalle.com.co\/wp-content\/uploads\/2025\/04\/visita-superintendente-abril-2025-13.jpg\" data-elementor-open-lightbox=\"yes\" data-elementor-lightbox-slideshow=\"930117a\" data-elementor-lightbox-title=\"visita-superintendente-abril-2025-13\" data-e-action-hash=\"#elementor-action%3Aaction%3Dlightbox%26settings%3DeyJpZCI6NjU4NDU4LCJ1cmwiOiJodHRwczpcL1wvdGVzdC5jb21mZW5hbGNvdmFsbGUuY29tLmNvXC93cC1jb250ZW50XC91cGxvYWRzXC8yMDI1XC8wNFwvdmlzaXRhLXN1cGVyaW50ZW5kZW50ZS1hYnJpbC0yMDI1LTEzLmpwZyIsInNsaWRlc2hvdyI6IjkzMDExN2EifQ%3D%3D\">\n\t\t\t\t\t<div class=\"e-gallery-image elementor-gallery-item__image\" data-thumbnail=\"https:\/\/test.comfenalcovalle.com.co\/wp-content\/uploads\/2025\/04\/visita-superintendente-abril-2025-13-300x225.jpg\" data-width=\"300\" data-height=\"225\" aria-label=\"\" role=\"img\" ><\/div>\n\t\t\t\t\t\t\t\t\t\t\t<div class=\"elementor-gallery-item__overlay\"><\/div>\n\t\t\t\t\t\t\t\t\t\t\t\t\t\t<\/a>\n\t\t\t\t\t\t\t<a class=\"e-gallery-item elementor-gallery-item elementor-animated-content\" href=\"https:\/\/test.comfenalcovalle.com.co\/wp-content\/uploads\/2025\/04\/visita-superintendente-abril-2025-12-scaled.jpg\" data-elementor-open-lightbox=\"yes\" data-elementor-lightbox-slideshow=\"930117a\" data-elementor-lightbox-title=\"visita-superintendente-abril-2025-12\" data-e-action-hash=\"#elementor-action%3Aaction%3Dlightbox%26settings%3DeyJpZCI6NjU4NDU5LCJ1cmwiOiJodHRwczpcL1wvdGVzdC5jb21mZW5hbGNvdmFsbGUuY29tLmNvXC93cC1jb250ZW50XC91cGxvYWRzXC8yMDI1XC8wNFwvdmlzaXRhLXN1cGVyaW50ZW5kZW50ZS1hYnJpbC0yMDI1LTEyLXNjYWxlZC5qcGciLCJzbGlkZXNob3ciOiI5MzAxMTdhIn0%3D\">\n\t\t\t\t\t<div class=\"e-gallery-image elementor-gallery-item__image\" data-thumbnail=\"https:\/\/test.comfenalcovalle.com.co\/wp-content\/uploads\/2025\/04\/visita-superintendente-abril-2025-12-300x236.jpg\" data-width=\"300\" data-height=\"236\" aria-label=\"\" role=\"img\" ><\/div>\n\t\t\t\t\t\t\t\t\t\t\t<div class=\"elementor-gallery-item__overlay\"><\/div>\n\t\t\t\t\t\t\t\t\t\t\t\t\t\t<\/a>\n\t\t\t\t\t\t\t<a class=\"e-gallery-item elementor-gallery-item elementor-animated-content\" href=\"https:\/\/test.comfenalcovalle.com.co\/wp-content\/uploads\/2025\/04\/visita-superintendente-abril-2025-11-scaled.jpg\" data-elementor-open-lightbox=\"yes\" data-elementor-lightbox-slideshow=\"930117a\" data-elementor-lightbox-title=\"visita-superintendente-abril-2025-11\" data-e-action-hash=\"#elementor-action%3Aaction%3Dlightbox%26settings%3DeyJpZCI6NjU4NDYwLCJ1cmwiOiJodHRwczpcL1wvdGVzdC5jb21mZW5hbGNvdmFsbGUuY29tLmNvXC93cC1jb250ZW50XC91cGxvYWRzXC8yMDI1XC8wNFwvdmlzaXRhLXN1cGVyaW50ZW5kZW50ZS1hYnJpbC0yMDI1LTExLXNjYWxlZC5qcGciLCJzbGlkZXNob3ciOiI5MzAxMTdhIn0%3D\">\n\t\t\t\t\t<div class=\"e-gallery-image elementor-gallery-item__image\" data-thumbnail=\"https:\/\/test.comfenalcovalle.com.co\/wp-content\/uploads\/2025\/04\/visita-superintendente-abril-2025-11-300x215.jpg\" data-width=\"300\" data-height=\"215\" aria-label=\"\" role=\"img\" ><\/div>\n\t\t\t\t\t\t\t\t\t\t\t<div class=\"elementor-gallery-item__overlay\"><\/div>\n\t\t\t\t\t\t\t\t\t\t\t\t\t\t<\/a>\n\t\t\t\t\t\t\t<a class=\"e-gallery-item elementor-gallery-item elementor-animated-content\" href=\"https:\/\/test.comfenalcovalle.com.co\/wp-content\/uploads\/2025\/04\/visita-superintendente-abril-2025-07.jpg\" data-elementor-open-lightbox=\"yes\" data-elementor-lightbox-slideshow=\"930117a\" data-elementor-lightbox-title=\"visita-superintendente-abril-2025-07\" data-e-action-hash=\"#elementor-action%3Aaction%3Dlightbox%26settings%3DeyJpZCI6NjU4NDY0LCJ1cmwiOiJodHRwczpcL1wvdGVzdC5jb21mZW5hbGNvdmFsbGUuY29tLmNvXC93cC1jb250ZW50XC91cGxvYWRzXC8yMDI1XC8wNFwvdmlzaXRhLXN1cGVyaW50ZW5kZW50ZS1hYnJpbC0yMDI1LTA3LmpwZyIsInNsaWRlc2hvdyI6IjkzMDExN2EifQ%3D%3D\">\n\t\t\t\t\t<div class=\"e-gallery-image elementor-gallery-item__image\" data-thumbnail=\"https:\/\/test.comfenalcovalle.com.co\/wp-content\/uploads\/2025\/04\/visita-superintendente-abril-2025-07-300x200.jpg\" data-width=\"300\" data-height=\"200\" aria-label=\"\" role=\"img\" ><\/div>\n\t\t\t\t\t\t\t\t\t\t\t<div class=\"elementor-gallery-item__overlay\"><\/div>\n\t\t\t\t\t\t\t\t\t\t\t\t\t\t<\/a>\n\t\t\t\t\t\t\t<a class=\"e-gallery-item elementor-gallery-item elementor-animated-content\" href=\"https:\/\/test.comfenalcovalle.com.co\/wp-content\/uploads\/2025\/04\/visita-superintendente-abril-2025-10.jpg\" data-elementor-open-lightbox=\"yes\" data-elementor-lightbox-slideshow=\"930117a\" data-elementor-lightbox-title=\"visita-superintendente-abril-2025-10\" data-e-action-hash=\"#elementor-action%3Aaction%3Dlightbox%26settings%3DeyJpZCI6NjU4NDYxLCJ1cmwiOiJodHRwczpcL1wvdGVzdC5jb21mZW5hbGNvdmFsbGUuY29tLmNvXC93cC1jb250ZW50XC91cGxvYWRzXC8yMDI1XC8wNFwvdmlzaXRhLXN1cGVyaW50ZW5kZW50ZS1hYnJpbC0yMDI1LTEwLmpwZyIsInNsaWRlc2hvdyI6IjkzMDExN2EifQ%3D%3D\">\n\t\t\t\t\t<div class=\"e-gallery-image elementor-gallery-item__image\" data-thumbnail=\"https:\/\/test.comfenalcovalle.com.co\/wp-content\/uploads\/2025\/04\/visita-superintendente-abril-2025-10-300x203.jpg\" data-width=\"300\" data-height=\"203\" aria-label=\"\" role=\"img\" ><\/div>\n\t\t\t\t\t\t\t\t\t\t\t<div class=\"elementor-gallery-item__overlay\"><\/div>\n\t\t\t\t\t\t\t\t\t\t\t\t\t\t<\/a>\n\t\t\t\t\t<\/div>\n\t\t\t\t\t<\/div>\n\t\t\t\t<\/div>\n\t\t\t\t<div class=\"elementor-element elementor-element-05212f3 elementor-widget elementor-widget-text-editor\" data-id=\"05212f3\" data-element_type=\"widget\" data-widget_type=\"text-editor.default\">\n\t\t\t\t<div class=\"elementor-widget-container\">\n\t\t\t\t\t\t\t\t\t\n<p>Compartimos c\u00f3mo nuestro servicio de educaci\u00f3n para la formaci\u00f3n del trabajo se ha convertido en un faro de esperanza para m\u00e1s de 23 mil estudiantes de la regi\u00f3n, abri\u00e9ndoles las puertas a nuevas oportunidades laborales a trav\u00e9s de nuestra Agencia de Empleo y las s\u00f3lidas alianzas que hemos tejido con el sector p\u00fablico y privado.<\/p>\n\n<p>Tambi\u00e9n destacamos logros que trascienden fronteras, como las significativas oportunidades laborales que nuestra Agencia de Empleo Transnacional ha brindado a profesionales de enfermer\u00eda y tecn\u00f3logos industriales en Alemania y Austria, expandiendo horizontes y demostrando el talento de nuestra regi\u00f3n.<\/p>\n\n<p>Asimismo, compartimos los avances en la implementaci\u00f3n de tecnolog\u00eda de punta, una apuesta por anticiparnos a las din\u00e1micas del mercado laboral y ofrecer soluciones innovadoras para nuestra comunidad.<\/p>\n\n<p>Las palabras de la Superintendente resonaron con fuerza, reafirmando el rol estrat\u00e9gico de su entidad no solo como garante de la transparencia, sino como un motor que logra impulsar las pol\u00edticas sociales, concebidas para alcanzar a las comunidades m\u00e1s vulnerables.<\/p>\n\n<p>Su visi\u00f3n de explorar la tecnolog\u00eda y la colaboraci\u00f3n para extender nuestra cobertura a las zonas rurales, nos inspira y alinea con nuestro propio compromiso de equidad y alcance territorial.<\/p>\n\n<p>Su reconocimiento al valor del intercambio de experiencias exitosas entre las Cajas de Compensaci\u00f3n Familiar a nivel nacional subraya la fortaleza de un sistema que, con sensibilidad y visi\u00f3n integral, impacta positivamente la calidad de vida del trabajador y su n\u00facleo familiar, generando a su vez un entorno m\u00e1s competitivo para nuestras empresas.<\/p>\n\n<p>Agradecemos profundamente esta valiosa visita, que no solo fortalece los lazos de colaboraci\u00f3n, sino que tambi\u00e9n enciende con mayor intensidad nuestra pasi\u00f3n por servir y generar un impacto positivo y duradero en la vida de las familias trabajadoras de nuestro Valle del Cauca.<\/p>\n\n<p>Este encuentro es un est\u00edmulo poderoso para seguir construyendo juntos un futuro m\u00e1s pr\u00f3spero y lleno de oportunidades para todos.<\/p>\n\n<p>\u00a0<\/p>\n\n<p><strong>Comfenalco Valle Delagente.<\/strong><\/p>\n<p><strong><\/strong><\/p>\n<p><strong>Family Compensation Fund.<\/strong><\/p>\n\t\t\t\t\t\t\t\t<\/div>\n\t\t\t\t<\/div>\n\t\t\t\t\t<\/div>\n\t\t<\/div>\n\t\t\t\t\t<\/div>\n\t\t<\/section>\n\t\t\t\t<\/div>","protected":false},"excerpt":{"rendered":"<p>Tuvimos el honor de recibir en la Caja Delagente a Sandra Viviana Cadena Mart\u00ednez, Superintendente de Subsidio Familiar<\/p>","protected":false},"author":6,"featured_media":658470,"comment_status":"closed","ping_status":"closed","sticky":false,"template":"","format":"standard","meta":{"footnotes":""},"categories":[72],"tags":[1040,228,58,109,566,1041,1038,252,1036,603,283,931,1039],"class_list":["post-658454","post","type-post","status-publish","format-standard","has-post-thumbnail","hentry","category-corporativo","tag-cadena","tag-canasgordas","tag-comfenalco","tag-delagente","tag-familiar","tag-martinez","tag-sandra","tag-subsidio","tag-superintendente","tag-supersubsidio","tag-valle","tag-visita","tag-viviana"],"yoast_head":"<!-- This site is optimized with the Yoast SEO Premium plugin v25.9 (Yoast SEO v25.9) - https:\/\/yoast.com\/wordpress\/plugins\/seo\/ -->\n<title>Recibimos a la Superintendente de Subsidio Familiar<\/title>\n<meta name=\"description\" content=\"Tuvimos el honor de recibir en la Caja Delagente a Sandra Viviana Cadena Mart\u00ednez, Superintendente de Subsidio Familiar\" \/>\n<meta name=\"robots\" content=\"index, follow, max-snippet:-1, max-image-preview:large, max-video-preview:-1\" \/>\n<link rel=\"canonical\" href=\"https:\/\/www.comfenalcovalle.com.co\/en-la-caja-delagente-recibimos-a-la-superintendente-de-subsidio-familiar\/\" \/>\n<meta property=\"og:locale\" content=\"en_US\" \/>\n<meta property=\"og:type\" content=\"article\" \/>\n<meta property=\"og:title\" content=\"En la Caja Delagente, recibimos a la Superintendente de Subsidio Familiar\" \/>\n<meta property=\"og:description\" content=\"Tuvimos el honor de recibir en la Caja Delagente a Sandra Viviana Cadena Mart\u00ednez, Superintendente de Subsidio Familiar\" \/>\n<meta property=\"og:url\" content=\"https:\/\/www.comfenalcovalle.com.co\/en-la-caja-delagente-recibimos-a-la-superintendente-de-subsidio-familiar\/\" \/>\n<meta property=\"og:site_name\" content=\"Comfenalco Valle Delagente\" \/>\n<meta property=\"article:published_time\" content=\"2025-04-29T20:54:15+00:00\" \/>\n<meta property=\"article:modified_time\" content=\"2025-04-29T21:07:03+00:00\" \/>\n<meta property=\"og:image\" content=\"https:\/\/www.comfenalcovalle.com.co\/wp-content\/uploads\/2025\/04\/visita-superintendente-abril-2025-01.jpg\" \/>\n\t<meta property=\"og:image:width\" content=\"1082\" \/>\n\t<meta property=\"og:image:height\" content=\"722\" \/>\n\t<meta property=\"og:image:type\" content=\"image\/jpeg\" \/>\n<meta name=\"author\" content=\"Comunicaciones Comfenalco Valle delagente\" \/>\n<meta name=\"twitter:card\" content=\"summary_large_image\" \/>\n<meta name=\"twitter:label1\" content=\"Written by\" \/>\n\t<meta name=\"twitter:data1\" content=\"Comunicaciones Comfenalco Valle delagente\" \/>\n\t<meta name=\"twitter:label2\" content=\"Est. reading time\" \/>\n\t<meta name=\"twitter:data2\" content=\"2 minutes\" \/>\n<script type=\"application\/ld+json\" class=\"yoast-schema-graph\">{\"@context\":\"https:\/\/schema.org\",\"@graph\":[{\"@type\":\"Article\",\"@id\":\"https:\/\/www.comfenalcovalle.com.co\/en-la-caja-delagente-recibimos-a-la-superintendente-de-subsidio-familiar\/#article\",\"isPartOf\":{\"@id\":\"https:\/\/www.comfenalcovalle.com.co\/en-la-caja-delagente-recibimos-a-la-superintendente-de-subsidio-familiar\/\"},\"author\":{\"name\":\"Comunicaciones Comfenalco Valle delagente\",\"@id\":\"https:\/\/www.comfenalcovalle.com.co\/#\/schema\/person\/d4d8bcb299f88f97b06096cf6a21cb01\"},\"headline\":\"En la Caja Delagente, recibimos a la Superintendente de Subsidio Familiar\",\"datePublished\":\"2025-04-29T20:54:15+00:00\",\"dateModified\":\"2025-04-29T21:07:03+00:00\",\"mainEntityOfPage\":{\"@id\":\"https:\/\/www.comfenalcovalle.com.co\/en-la-caja-delagente-recibimos-a-la-superintendente-de-subsidio-familiar\/\"},\"wordCount\":470,\"publisher\":{\"@id\":\"https:\/\/www.comfenalcovalle.com.co\/#organization\"},\"image\":{\"@id\":\"https:\/\/www.comfenalcovalle.com.co\/en-la-caja-delagente-recibimos-a-la-superintendente-de-subsidio-familiar\/#primaryimage\"},\"thumbnailUrl\":\"https:\/\/test.comfenalcovalle.com.co\/wp-content\/uploads\/2025\/04\/visita-superintendente-abril-2025-01.jpg\",\"keywords\":[\"cadena\",\"ca\u00f1asgordas\",\"comfenalco\",\"Delagente\",\"familiar\",\"martinez\",\"sandra\",\"subsidio\",\"superintendente\",\"supersubsidio\",\"valle\",\"visita\",\"viviana\"],\"articleSection\":[\"Corporativo\"],\"inLanguage\":\"en-US\"},{\"@type\":\"WebPage\",\"@id\":\"https:\/\/www.comfenalcovalle.com.co\/en-la-caja-delagente-recibimos-a-la-superintendente-de-subsidio-familiar\/\",\"url\":\"https:\/\/www.comfenalcovalle.com.co\/en-la-caja-delagente-recibimos-a-la-superintendente-de-subsidio-familiar\/\",\"name\":\"Recibimos a la Superintendente de Subsidio Familiar\",\"isPartOf\":{\"@id\":\"https:\/\/www.comfenalcovalle.com.co\/#website\"},\"primaryImageOfPage\":{\"@id\":\"https:\/\/www.comfenalcovalle.com.co\/en-la-caja-delagente-recibimos-a-la-superintendente-de-subsidio-familiar\/#primaryimage\"},\"image\":{\"@id\":\"https:\/\/www.comfenalcovalle.com.co\/en-la-caja-delagente-recibimos-a-la-superintendente-de-subsidio-familiar\/#primaryimage\"},\"thumbnailUrl\":\"https:\/\/test.comfenalcovalle.com.co\/wp-content\/uploads\/2025\/04\/visita-superintendente-abril-2025-01.jpg\",\"datePublished\":\"2025-04-29T20:54:15+00:00\",\"dateModified\":\"2025-04-29T21:07:03+00:00\",\"description\":\"Tuvimos el honor de recibir en la Caja Delagente a Sandra Viviana Cadena Mart\u00ednez, Superintendente de Subsidio Familiar\",\"breadcrumb\":{\"@id\":\"https:\/\/www.comfenalcovalle.com.co\/en-la-caja-delagente-recibimos-a-la-superintendente-de-subsidio-familiar\/#breadcrumb\"},\"inLanguage\":\"en-US\",\"potentialAction\":[{\"@type\":\"ReadAction\",\"target\":[\"https:\/\/www.comfenalcovalle.com.co\/en-la-caja-delagente-recibimos-a-la-superintendente-de-subsidio-familiar\/\"]}]},{\"@type\":\"ImageObject\",\"inLanguage\":\"en-US\",\"@id\":\"https:\/\/www.comfenalcovalle.com.co\/en-la-caja-delagente-recibimos-a-la-superintendente-de-subsidio-familiar\/#primaryimage\",\"url\":\"https:\/\/test.comfenalcovalle.com.co\/wp-content\/uploads\/2025\/04\/visita-superintendente-abril-2025-01.jpg\",\"contentUrl\":\"https:\/\/test.comfenalcovalle.com.co\/wp-content\/uploads\/2025\/04\/visita-superintendente-abril-2025-01.jpg\",\"width\":1082,\"height\":722,\"caption\":\"Visita Superintendente del subsidio\"},{\"@type\":\"BreadcrumbList\",\"@id\":\"https:\/\/www.comfenalcovalle.com.co\/en-la-caja-delagente-recibimos-a-la-superintendente-de-subsidio-familiar\/#breadcrumb\",\"itemListElement\":[{\"@type\":\"ListItem\",\"position\":1,\"name\":\"Portada\",\"item\":\"https:\/\/www.comfenalcovalle.com.co\/\"},{\"@type\":\"ListItem\",\"position\":2,\"name\":\"En la Caja Delagente, recibimos a la Superintendente de Subsidio Familiar\"}]},{\"@type\":\"WebSite\",\"@id\":\"https:\/\/www.comfenalcovalle.com.co\/#website\",\"url\":\"https:\/\/www.comfenalcovalle.com.co\/\",\"name\":\"Comfenalco Valle Delagente\",\"description\":\"Caja de compensaci\u00f3n de Comfenalco Valle Delagente.\",\"publisher\":{\"@id\":\"https:\/\/www.comfenalcovalle.com.co\/#organization\"},\"potentialAction\":[{\"@type\":\"SearchAction\",\"target\":{\"@type\":\"EntryPoint\",\"urlTemplate\":\"https:\/\/www.comfenalcovalle.com.co\/?s={search_term_string}\"},\"query-input\":{\"@type\":\"PropertyValueSpecification\",\"valueRequired\":true,\"valueName\":\"search_term_string\"}}],\"inLanguage\":\"en-US\"},{\"@type\":\"Organization\",\"@id\":\"https:\/\/www.comfenalcovalle.com.co\/#organization\",\"name\":\"Comfenalco Valle Delagente\",\"url\":\"https:\/\/www.comfenalcovalle.com.co\/\",\"logo\":{\"@type\":\"ImageObject\",\"inLanguage\":\"en-US\",\"@id\":\"https:\/\/www.comfenalcovalle.com.co\/#\/schema\/logo\/image\/\",\"url\":\"https:\/\/test.comfenalcovalle.com.co\/wp-content\/uploads\/2021\/06\/logo-comfe-cabecera-agencia-empelo-actualizado.png\",\"contentUrl\":\"https:\/\/test.comfenalcovalle.com.co\/wp-content\/uploads\/2021\/06\/logo-comfe-cabecera-agencia-empelo-actualizado.png\",\"width\":500,\"height\":184,\"caption\":\"Comfenalco Valle Delagente\"},\"image\":{\"@id\":\"https:\/\/www.comfenalcovalle.com.co\/#\/schema\/logo\/image\/\"}},{\"@type\":\"Person\",\"@id\":\"https:\/\/www.comfenalcovalle.com.co\/#\/schema\/person\/d4d8bcb299f88f97b06096cf6a21cb01\",\"name\":\"Comunicaciones Comfenalco Valle delagente\",\"image\":{\"@type\":\"ImageObject\",\"inLanguage\":\"en-US\",\"@id\":\"https:\/\/www.comfenalcovalle.com.co\/#\/schema\/person\/image\/\",\"url\":\"https:\/\/secure.gravatar.com\/avatar\/d1c29eb639a137df0ac8bfec50479e8d6ef564f7320f439d9d984504359ea6ee?s=96&d=mm&r=g\",\"contentUrl\":\"https:\/\/secure.gravatar.com\/avatar\/d1c29eb639a137df0ac8bfec50479e8d6ef564f7320f439d9d984504359ea6ee?s=96&d=mm&r=g\",\"caption\":\"Comunicaciones Comfenalco Valle delagente\"},\"url\":\"https:\/\/test.comfenalcovalle.com.co\/en\/author\/comunicaciones-comfenalco-valle-delagente\/\"}]}<\/script>\n<!-- \/ Yoast SEO Premium plugin. -->","yoast_head_json":{"title":"Recibimos a la Superintendente de Subsidio Familiar","description":"Tuvimos el honor de recibir en la Caja Delagente a Sandra Viviana Cadena Mart\u00ednez, Superintendente de Subsidio Familiar","robots":{"index":"index","follow":"follow","max-snippet":"max-snippet:-1","max-image-preview":"max-image-preview:large","max-video-preview":"max-video-preview:-1"},"canonical":"https:\/\/www.comfenalcovalle.com.co\/en-la-caja-delagente-recibimos-a-la-superintendente-de-subsidio-familiar\/","og_locale":"en_US","og_type":"article","og_title":"En la Caja Delagente, recibimos a la Superintendente de Subsidio Familiar","og_description":"Tuvimos el honor de recibir en la Caja Delagente a Sandra Viviana Cadena Mart\u00ednez, Superintendente de Subsidio Familiar","og_url":"https:\/\/www.comfenalcovalle.com.co\/en-la-caja-delagente-recibimos-a-la-superintendente-de-subsidio-familiar\/","og_site_name":"Comfenalco Valle Delagente","article_published_time":"2025-04-29T20:54:15+00:00","article_modified_time":"2025-04-29T21:07:03+00:00","og_image":[{"width":1082,"height":722,"url":"https:\/\/www.comfenalcovalle.com.co\/wp-content\/uploads\/2025\/04\/visita-superintendente-abril-2025-01.jpg","type":"image\/jpeg"}],"author":"Comunicaciones Comfenalco Valle delagente","twitter_card":"summary_large_image","twitter_misc":{"Written by":"Comunicaciones Comfenalco Valle delagente","Est. reading time":"2 minutes"},"schema":{"@context":"https:\/\/schema.org","@graph":[{"@type":"Article","@id":"https:\/\/www.comfenalcovalle.com.co\/en-la-caja-delagente-recibimos-a-la-superintendente-de-subsidio-familiar\/#article","isPartOf":{"@id":"https:\/\/www.comfenalcovalle.com.co\/en-la-caja-delagente-recibimos-a-la-superintendente-de-subsidio-familiar\/"},"author":{"name":"Comunicaciones Comfenalco Valle delagente","@id":"https:\/\/www.comfenalcovalle.com.co\/#\/schema\/person\/d4d8bcb299f88f97b06096cf6a21cb01"},"headline":"En la Caja Delagente, recibimos a la Superintendente de Subsidio Familiar","datePublished":"2025-04-29T20:54:15+00:00","dateModified":"2025-04-29T21:07:03+00:00","mainEntityOfPage":{"@id":"https:\/\/www.comfenalcovalle.com.co\/en-la-caja-delagente-recibimos-a-la-superintendente-de-subsidio-familiar\/"},"wordCount":470,"publisher":{"@id":"https:\/\/www.comfenalcovalle.com.co\/#organization"},"image":{"@id":"https:\/\/www.comfenalcovalle.com.co\/en-la-caja-delagente-recibimos-a-la-superintendente-de-subsidio-familiar\/#primaryimage"},"thumbnailUrl":"https:\/\/test.comfenalcovalle.com.co\/wp-content\/uploads\/2025\/04\/visita-superintendente-abril-2025-01.jpg","keywords":["cadena","ca\u00f1asgordas","comfenalco","Delagente","familiar","martinez","sandra","subsidio","superintendente","supersubsidio","valle","visita","viviana"],"articleSection":["Corporativo"],"inLanguage":"en-US"},{"@type":"WebPage","@id":"https:\/\/www.comfenalcovalle.com.co\/en-la-caja-delagente-recibimos-a-la-superintendente-de-subsidio-familiar\/","url":"https:\/\/www.comfenalcovalle.com.co\/en-la-caja-delagente-recibimos-a-la-superintendente-de-subsidio-familiar\/","name":"Recibimos a la Superintendente de Subsidio Familiar","isPartOf":{"@id":"https:\/\/www.comfenalcovalle.com.co\/#website"},"primaryImageOfPage":{"@id":"https:\/\/www.comfenalcovalle.com.co\/en-la-caja-delagente-recibimos-a-la-superintendente-de-subsidio-familiar\/#primaryimage"},"image":{"@id":"https:\/\/www.comfenalcovalle.com.co\/en-la-caja-delagente-recibimos-a-la-superintendente-de-subsidio-familiar\/#primaryimage"},"thumbnailUrl":"https:\/\/test.comfenalcovalle.com.co\/wp-content\/uploads\/2025\/04\/visita-superintendente-abril-2025-01.jpg","datePublished":"2025-04-29T20:54:15+00:00","dateModified":"2025-04-29T21:07:03+00:00","description":"Tuvimos el honor de recibir en la Caja Delagente a Sandra Viviana Cadena Mart\u00ednez, Superintendente de Subsidio Familiar","breadcrumb":{"@id":"https:\/\/www.comfenalcovalle.com.co\/en-la-caja-delagente-recibimos-a-la-superintendente-de-subsidio-familiar\/#breadcrumb"},"inLanguage":"en-US","potentialAction":[{"@type":"ReadAction","target":["https:\/\/www.comfenalcovalle.com.co\/en-la-caja-delagente-recibimos-a-la-superintendente-de-subsidio-familiar\/"]}]},{"@type":"ImageObject","inLanguage":"en-US","@id":"https:\/\/www.comfenalcovalle.com.co\/en-la-caja-delagente-recibimos-a-la-superintendente-de-subsidio-familiar\/#primaryimage","url":"https:\/\/test.comfenalcovalle.com.co\/wp-content\/uploads\/2025\/04\/visita-superintendente-abril-2025-01.jpg","contentUrl":"https:\/\/test.comfenalcovalle.com.co\/wp-content\/uploads\/2025\/04\/visita-superintendente-abril-2025-01.jpg","width":1082,"height":722,"caption":"Visita Superintendente del subsidio"},{"@type":"BreadcrumbList","@id":"https:\/\/www.comfenalcovalle.com.co\/en-la-caja-delagente-recibimos-a-la-superintendente-de-subsidio-familiar\/#breadcrumb","itemListElement":[{"@type":"ListItem","position":1,"name":"Portada","item":"https:\/\/www.comfenalcovalle.com.co\/"},{"@type":"ListItem","position":2,"name":"En la Caja Delagente, recibimos a la Superintendente de Subsidio Familiar"}]},{"@type":"WebSite","@id":"https:\/\/www.comfenalcovalle.com.co\/#website","url":"https:\/\/www.comfenalcovalle.com.co\/","name":"Comfenalco Valle Delagente","description":"Comfenalco Valle Delagente compensation fund.","publisher":{"@id":"https:\/\/www.comfenalcovalle.com.co\/#organization"},"potentialAction":[{"@type":"SearchAction","target":{"@type":"EntryPoint","urlTemplate":"https:\/\/www.comfenalcovalle.com.co\/?s={search_term_string}"},"query-input":{"@type":"PropertyValueSpecification","valueRequired":true,"valueName":"search_term_string"}}],"inLanguage":"en-US"},{"@type":"Organization","@id":"https:\/\/www.comfenalcovalle.com.co\/#organization","name":"Comfenalco Valle Delagente","url":"https:\/\/www.comfenalcovalle.com.co\/","logo":{"@type":"ImageObject","inLanguage":"en-US","@id":"https:\/\/www.comfenalcovalle.com.co\/#\/schema\/logo\/image\/","url":"https:\/\/test.comfenalcovalle.com.co\/wp-content\/uploads\/2021\/06\/logo-comfe-cabecera-agencia-empelo-actualizado.png","contentUrl":"https:\/\/test.comfenalcovalle.com.co\/wp-content\/uploads\/2021\/06\/logo-comfe-cabecera-agencia-empelo-actualizado.png","width":500,"height":184,"caption":"Comfenalco Valle Delagente"},"image":{"@id":"https:\/\/www.comfenalcovalle.com.co\/#\/schema\/logo\/image\/"}},{"@type":"Person","@id":"https:\/\/www.comfenalcovalle.com.co\/#\/schema\/person\/d4d8bcb299f88f97b06096cf6a21cb01","name":"Communications Comfenalco Valle delagente","image":{"@type":"ImageObject","inLanguage":"en-US","@id":"https:\/\/www.comfenalcovalle.com.co\/#\/schema\/person\/image\/","url":"https:\/\/secure.gravatar.com\/avatar\/d1c29eb639a137df0ac8bfec50479e8d6ef564f7320f439d9d984504359ea6ee?s=96&d=mm&r=g","contentUrl":"https:\/\/secure.gravatar.com\/avatar\/d1c29eb639a137df0ac8bfec50479e8d6ef564f7320f439d9d984504359ea6ee?s=96&d=mm&r=g","caption":"Comunicaciones Comfenalco Valle delagente"},"url":"https:\/\/test.comfenalcovalle.com.co\/en\/author\/comunicaciones-comfenalco-valle-delagente\/"}]}},"publishpress_future_action":{"enabled":false,"date":"2026-05-08 09:11:06","action":"change-status","newStatus":"draft","terms":[],"taxonomy":"category","extraData":[]},"publishpress_future_workflow_manual_trigger":{"enabledWorkflows":[]},"_links":{"self":[{"href":"https:\/\/test.comfenalcovalle.com.co\/en\/wp-json\/wp\/v2\/posts\/658454","targetHints":{"allow":["GET"]}}],"collection":[{"href":"https:\/\/test.comfenalcovalle.com.co\/en\/wp-json\/wp\/v2\/posts"}],"about":[{"href":"https:\/\/test.comfenalcovalle.com.co\/en\/wp-json\/wp\/v2\/types\/post"}],"author":[{"embeddable":true,"href":"https:\/\/test.comfenalcovalle.com.co\/en\/wp-json\/wp\/v2\/users\/6"}],"replies":[{"embeddable":true,"href":"https:\/\/test.comfenalcovalle.com.co\/en\/wp-json\/wp\/v2\/comments?post=658454"}],"version-history":[{"count":0,"href":"https:\/\/test.comfenalcovalle.com.co\/en\/wp-json\/wp\/v2\/posts\/658454\/revisions"}],"wp:featuredmedia":[{"embeddable":true,"href":"https:\/\/test.comfenalcovalle.com.co\/en\/wp-json\/wp\/v2\/media\/658470"}],"wp:attachment":[{"href":"https:\/\/test.comfenalcovalle.com.co\/en\/wp-json\/wp\/v2\/media?parent=658454"}],"wp:term":[{"taxonomy":"category","embeddable":true,"href":"https:\/\/test.comfenalcovalle.com.co\/en\/wp-json\/wp\/v2\/categories?post=658454"},{"taxonomy":"post_tag","embeddable":true,"href":"https:\/\/test.comfenalcovalle.com.co\/en\/wp-json\/wp\/v2\/tags?post=658454"}],"curies":[{"name":"wp","href":"https:\/\/api.w.org\/{rel}","templated":true}]}}