{"id":658290,"date":"2025-04-25T17:02:39","date_gmt":"2025-04-25T22:02:39","guid":{"rendered":"https:\/\/test.comfenalcovalle.com.co\/?p=658290"},"modified":"2025-04-25T17:04:51","modified_gmt":"2025-04-25T22:04:51","slug":"jornada-de-comunidades-delagente-en-cali-y-cartago","status":"publish","type":"post","link":"https:\/\/test.comfenalcovalle.com.co\/en\/jornada-de-comunidades-delagente-en-cali-y-cartago\/","title":{"rendered":"Jornada de Comunidades Delagente en Cali y Cartago"},"content":{"rendered":"<p>Nuestros Hoteles y Centros Recreacionales Yanaconas en Cali y Villasol en Cartago invitan a la poblaci\u00f3n aleda\u00f1a a los hoteles para que vivan un d\u00eda recreativo este domingo 27 de abril del 2025 desde las 9:00 a.m. hasta las 4:00 p.m.<\/p>\n\n\n\n<p>Continuamos con el compromiso de integrar, reconocer y apoyar a los vecinos de nuestros Hoteles Delagente, por eso te invitamos a disfrutar de las instalaciones y de la programaci\u00f3n:<\/p>\n\n\n\n<h2 class=\"wp-block-heading\" id=\"h-hotel-y-centro-recreacional-yanaconas-en-cali\"><strong>Hotel y Centro Recreacional Yanaconas en Cali:<\/strong><\/h2>\n\n\n\n<ul class=\"wp-block-list\">\n<li>Bienvenida Recreativa y refrigerio.<\/li>\n\n\n\n<li>Recreaci\u00f3n en Parque Infantil Yanaconitos.<\/li>\n\n\n\n<li>Recorrido Sendero Runakay.<\/li>\n<\/ul>\n\n\n\n<h2 class=\"wp-block-heading\"><strong>Hotel y Centro Recreacional Villasol en Cartago:<\/strong><\/h2>\n\n\n\n<ul class=\"wp-block-list\">\n<li>Bienvenida con personajes m\u00e1gicos.<\/li>\n\n\n\n<li>Inflables gigantes m\u00e1gicos de fantas\u00eda.<\/li>\n\n\n\n<li>Muestra artesanal de \u2018Canastas de Paz\u2019.<\/li>\n\n\n\n<li>Souvenir dulce (hasta agotar existencias).<\/li>\n\n\n\n<li>Obra de teatro infantil: \u2018Hansel y Gretel\u2019.<\/li>\n<\/ul>\n\n\n\n<p><\/p>\n\n\n\n<p>Al ingreso identif\u00edcate como vecino y participa de nuestras actividades.<\/p>\n\n\n\n<p>\u00a1Los esperamos!<\/p>\n\n\n\n<p><\/p>\n\n\n\n<p><strong>Recreation Management<\/strong><\/p>\n\n\n\n<p><strong>Comfenalco Valle Delagente.<\/strong><strong><\/strong><\/p>","protected":false},"excerpt":{"rendered":"<p>Nuestros Hoteles Delagente en Cali y Cartago invitan a la poblaci\u00f3n aleda\u00f1a para que vivan un d\u00eda recreativo este domingo 27 de abril&#8230;<\/p>","protected":false},"author":6,"featured_media":600425,"comment_status":"closed","ping_status":"closed","sticky":false,"template":"","format":"standard","meta":{"footnotes":""},"categories":[15],"tags":[],"class_list":["post-658290","post","type-post","status-publish","format-standard","has-post-thumbnail","hentry","category-recreacion"],"yoast_head":"<!-- This site is optimized with the Yoast SEO Premium plugin v25.9 (Yoast SEO v25.9) - https:\/\/yoast.com\/wordpress\/plugins\/seo\/ -->\n<title>Jornada de Comunidades Delagente en Cali y Cartago<\/title>\n<meta name=\"description\" content=\"Nuestros Hoteles Delagente en Cali y Cartago invitan a la poblaci\u00f3n aleda\u00f1a para que vivan un d\u00eda recreativo este domingo 27 de abril...\" \/>\n<meta name=\"robots\" content=\"index, follow, max-snippet:-1, max-image-preview:large, max-video-preview:-1\" \/>\n<link rel=\"canonical\" href=\"https:\/\/www.comfenalcovalle.com.co\/jornada-de-comunidades-delagente-en-cali-y-cartago\/\" \/>\n<meta property=\"og:locale\" content=\"en_US\" \/>\n<meta property=\"og:type\" content=\"article\" \/>\n<meta property=\"og:title\" content=\"Jornada de Comunidades Delagente en Cali y Cartago\" \/>\n<meta property=\"og:description\" content=\"Nuestros Hoteles Delagente en Cali y Cartago invitan a la poblaci\u00f3n aleda\u00f1a para que vivan un d\u00eda recreativo este domingo 27 de abril...\" \/>\n<meta property=\"og:url\" content=\"https:\/\/www.comfenalcovalle.com.co\/jornada-de-comunidades-delagente-en-cali-y-cartago\/\" \/>\n<meta property=\"og:site_name\" content=\"Comfenalco Valle Delagente\" \/>\n<meta property=\"article:published_time\" content=\"2025-04-25T22:02:39+00:00\" \/>\n<meta property=\"article:modified_time\" content=\"2025-04-25T22:04:51+00:00\" \/>\n<meta property=\"og:image\" content=\"https:\/\/www.comfenalcovalle.com.co\/wp-content\/uploads\/2022\/10\/comunidades-delagente-cartago-2022-16.jpg\" \/>\n\t<meta property=\"og:image:width\" content=\"807\" \/>\n\t<meta property=\"og:image:height\" content=\"605\" \/>\n\t<meta property=\"og:image:type\" content=\"image\/jpeg\" \/>\n<meta name=\"author\" content=\"Comunicaciones Comfenalco Valle delagente\" \/>\n<meta name=\"twitter:card\" content=\"summary_large_image\" \/>\n<meta name=\"twitter:label1\" content=\"Written by\" \/>\n\t<meta name=\"twitter:data1\" content=\"Comunicaciones Comfenalco Valle delagente\" \/>\n\t<meta name=\"twitter:label2\" content=\"Est. reading time\" \/>\n\t<meta name=\"twitter:data2\" content=\"1 minute\" \/>\n<script type=\"application\/ld+json\" class=\"yoast-schema-graph\">{\"@context\":\"https:\/\/schema.org\",\"@graph\":[{\"@type\":\"Article\",\"@id\":\"https:\/\/www.comfenalcovalle.com.co\/jornada-de-comunidades-delagente-en-cali-y-cartago\/#article\",\"isPartOf\":{\"@id\":\"https:\/\/www.comfenalcovalle.com.co\/jornada-de-comunidades-delagente-en-cali-y-cartago\/\"},\"author\":{\"name\":\"Comunicaciones Comfenalco Valle delagente\",\"@id\":\"https:\/\/www.comfenalcovalle.com.co\/#\/schema\/person\/d4d8bcb299f88f97b06096cf6a21cb01\"},\"headline\":\"Jornada de Comunidades Delagente en Cali y Cartago\",\"datePublished\":\"2025-04-25T22:02:39+00:00\",\"dateModified\":\"2025-04-25T22:04:51+00:00\",\"mainEntityOfPage\":{\"@id\":\"https:\/\/www.comfenalcovalle.com.co\/jornada-de-comunidades-delagente-en-cali-y-cartago\/\"},\"wordCount\":157,\"publisher\":{\"@id\":\"https:\/\/www.comfenalcovalle.com.co\/#organization\"},\"image\":{\"@id\":\"https:\/\/www.comfenalcovalle.com.co\/jornada-de-comunidades-delagente-en-cali-y-cartago\/#primaryimage\"},\"thumbnailUrl\":\"https:\/\/test.comfenalcovalle.com.co\/wp-content\/uploads\/2022\/10\/comunidades-delagente-cartago-2022-16.jpg\",\"articleSection\":[\"Recreaci\u00f3n\"],\"inLanguage\":\"en-US\"},{\"@type\":\"WebPage\",\"@id\":\"https:\/\/www.comfenalcovalle.com.co\/jornada-de-comunidades-delagente-en-cali-y-cartago\/\",\"url\":\"https:\/\/www.comfenalcovalle.com.co\/jornada-de-comunidades-delagente-en-cali-y-cartago\/\",\"name\":\"Jornada de Comunidades Delagente en Cali y Cartago\",\"isPartOf\":{\"@id\":\"https:\/\/www.comfenalcovalle.com.co\/#website\"},\"primaryImageOfPage\":{\"@id\":\"https:\/\/www.comfenalcovalle.com.co\/jornada-de-comunidades-delagente-en-cali-y-cartago\/#primaryimage\"},\"image\":{\"@id\":\"https:\/\/www.comfenalcovalle.com.co\/jornada-de-comunidades-delagente-en-cali-y-cartago\/#primaryimage\"},\"thumbnailUrl\":\"https:\/\/test.comfenalcovalle.com.co\/wp-content\/uploads\/2022\/10\/comunidades-delagente-cartago-2022-16.jpg\",\"datePublished\":\"2025-04-25T22:02:39+00:00\",\"dateModified\":\"2025-04-25T22:04:51+00:00\",\"description\":\"Nuestros Hoteles Delagente en Cali y Cartago invitan a la poblaci\u00f3n aleda\u00f1a para que vivan un d\u00eda recreativo este domingo 27 de abril...\",\"breadcrumb\":{\"@id\":\"https:\/\/www.comfenalcovalle.com.co\/jornada-de-comunidades-delagente-en-cali-y-cartago\/#breadcrumb\"},\"inLanguage\":\"en-US\",\"potentialAction\":[{\"@type\":\"ReadAction\",\"target\":[\"https:\/\/www.comfenalcovalle.com.co\/jornada-de-comunidades-delagente-en-cali-y-cartago\/\"]}]},{\"@type\":\"ImageObject\",\"inLanguage\":\"en-US\",\"@id\":\"https:\/\/www.comfenalcovalle.com.co\/jornada-de-comunidades-delagente-en-cali-y-cartago\/#primaryimage\",\"url\":\"https:\/\/test.comfenalcovalle.com.co\/wp-content\/uploads\/2022\/10\/comunidades-delagente-cartago-2022-16.jpg\",\"contentUrl\":\"https:\/\/test.comfenalcovalle.com.co\/wp-content\/uploads\/2022\/10\/comunidades-delagente-cartago-2022-16.jpg\",\"width\":807,\"height\":605,\"caption\":\"Invitan a la poblaci\u00f3n aleda\u00f1a de los hoteles\"},{\"@type\":\"BreadcrumbList\",\"@id\":\"https:\/\/www.comfenalcovalle.com.co\/jornada-de-comunidades-delagente-en-cali-y-cartago\/#breadcrumb\",\"itemListElement\":[{\"@type\":\"ListItem\",\"position\":1,\"name\":\"Portada\",\"item\":\"https:\/\/www.comfenalcovalle.com.co\/\"},{\"@type\":\"ListItem\",\"position\":2,\"name\":\"Jornada de Comunidades Delagente en Cali y Cartago\"}]},{\"@type\":\"WebSite\",\"@id\":\"https:\/\/www.comfenalcovalle.com.co\/#website\",\"url\":\"https:\/\/www.comfenalcovalle.com.co\/\",\"name\":\"Comfenalco Valle Delagente\",\"description\":\"Caja de compensaci\u00f3n de Comfenalco Valle Delagente.\",\"publisher\":{\"@id\":\"https:\/\/www.comfenalcovalle.com.co\/#organization\"},\"potentialAction\":[{\"@type\":\"SearchAction\",\"target\":{\"@type\":\"EntryPoint\",\"urlTemplate\":\"https:\/\/www.comfenalcovalle.com.co\/?s={search_term_string}\"},\"query-input\":{\"@type\":\"PropertyValueSpecification\",\"valueRequired\":true,\"valueName\":\"search_term_string\"}}],\"inLanguage\":\"en-US\"},{\"@type\":\"Organization\",\"@id\":\"https:\/\/www.comfenalcovalle.com.co\/#organization\",\"name\":\"Comfenalco Valle Delagente\",\"url\":\"https:\/\/www.comfenalcovalle.com.co\/\",\"logo\":{\"@type\":\"ImageObject\",\"inLanguage\":\"en-US\",\"@id\":\"https:\/\/www.comfenalcovalle.com.co\/#\/schema\/logo\/image\/\",\"url\":\"https:\/\/test.comfenalcovalle.com.co\/wp-content\/uploads\/2021\/06\/logo-comfe-cabecera-agencia-empelo-actualizado.png\",\"contentUrl\":\"https:\/\/test.comfenalcovalle.com.co\/wp-content\/uploads\/2021\/06\/logo-comfe-cabecera-agencia-empelo-actualizado.png\",\"width\":500,\"height\":184,\"caption\":\"Comfenalco Valle Delagente\"},\"image\":{\"@id\":\"https:\/\/www.comfenalcovalle.com.co\/#\/schema\/logo\/image\/\"}},{\"@type\":\"Person\",\"@id\":\"https:\/\/www.comfenalcovalle.com.co\/#\/schema\/person\/d4d8bcb299f88f97b06096cf6a21cb01\",\"name\":\"Comunicaciones Comfenalco Valle delagente\",\"image\":{\"@type\":\"ImageObject\",\"inLanguage\":\"en-US\",\"@id\":\"https:\/\/www.comfenalcovalle.com.co\/#\/schema\/person\/image\/\",\"url\":\"https:\/\/secure.gravatar.com\/avatar\/d1c29eb639a137df0ac8bfec50479e8d6ef564f7320f439d9d984504359ea6ee?s=96&d=mm&r=g\",\"contentUrl\":\"https:\/\/secure.gravatar.com\/avatar\/d1c29eb639a137df0ac8bfec50479e8d6ef564f7320f439d9d984504359ea6ee?s=96&d=mm&r=g\",\"caption\":\"Comunicaciones Comfenalco Valle delagente\"},\"url\":\"https:\/\/test.comfenalcovalle.com.co\/en\/author\/comunicaciones-comfenalco-valle-delagente\/\"}]}<\/script>\n<!-- \/ Yoast SEO Premium plugin. -->","yoast_head_json":{"title":"Jornada de Comunidades Delagente en Cali y Cartago","description":"Nuestros Hoteles Delagente en Cali y Cartago invitan a la poblaci\u00f3n aleda\u00f1a para que vivan un d\u00eda recreativo este domingo 27 de abril...","robots":{"index":"index","follow":"follow","max-snippet":"max-snippet:-1","max-image-preview":"max-image-preview:large","max-video-preview":"max-video-preview:-1"},"canonical":"https:\/\/www.comfenalcovalle.com.co\/jornada-de-comunidades-delagente-en-cali-y-cartago\/","og_locale":"en_US","og_type":"article","og_title":"Jornada de Comunidades Delagente en Cali y Cartago","og_description":"Nuestros Hoteles Delagente en Cali y Cartago invitan a la poblaci\u00f3n aleda\u00f1a para que vivan un d\u00eda recreativo este domingo 27 de abril...","og_url":"https:\/\/www.comfenalcovalle.com.co\/jornada-de-comunidades-delagente-en-cali-y-cartago\/","og_site_name":"Comfenalco Valle Delagente","article_published_time":"2025-04-25T22:02:39+00:00","article_modified_time":"2025-04-25T22:04:51+00:00","og_image":[{"width":807,"height":605,"url":"https:\/\/www.comfenalcovalle.com.co\/wp-content\/uploads\/2022\/10\/comunidades-delagente-cartago-2022-16.jpg","type":"image\/jpeg"}],"author":"Comunicaciones Comfenalco Valle delagente","twitter_card":"summary_large_image","twitter_misc":{"Written by":"Comunicaciones Comfenalco Valle delagente","Est. reading time":"1 minute"},"schema":{"@context":"https:\/\/schema.org","@graph":[{"@type":"Article","@id":"https:\/\/www.comfenalcovalle.com.co\/jornada-de-comunidades-delagente-en-cali-y-cartago\/#article","isPartOf":{"@id":"https:\/\/www.comfenalcovalle.com.co\/jornada-de-comunidades-delagente-en-cali-y-cartago\/"},"author":{"name":"Comunicaciones Comfenalco Valle delagente","@id":"https:\/\/www.comfenalcovalle.com.co\/#\/schema\/person\/d4d8bcb299f88f97b06096cf6a21cb01"},"headline":"Jornada de Comunidades Delagente en Cali y Cartago","datePublished":"2025-04-25T22:02:39+00:00","dateModified":"2025-04-25T22:04:51+00:00","mainEntityOfPage":{"@id":"https:\/\/www.comfenalcovalle.com.co\/jornada-de-comunidades-delagente-en-cali-y-cartago\/"},"wordCount":157,"publisher":{"@id":"https:\/\/www.comfenalcovalle.com.co\/#organization"},"image":{"@id":"https:\/\/www.comfenalcovalle.com.co\/jornada-de-comunidades-delagente-en-cali-y-cartago\/#primaryimage"},"thumbnailUrl":"https:\/\/test.comfenalcovalle.com.co\/wp-content\/uploads\/2022\/10\/comunidades-delagente-cartago-2022-16.jpg","articleSection":["Recreaci\u00f3n"],"inLanguage":"en-US"},{"@type":"WebPage","@id":"https:\/\/www.comfenalcovalle.com.co\/jornada-de-comunidades-delagente-en-cali-y-cartago\/","url":"https:\/\/www.comfenalcovalle.com.co\/jornada-de-comunidades-delagente-en-cali-y-cartago\/","name":"Jornada de Comunidades Delagente en Cali y Cartago","isPartOf":{"@id":"https:\/\/www.comfenalcovalle.com.co\/#website"},"primaryImageOfPage":{"@id":"https:\/\/www.comfenalcovalle.com.co\/jornada-de-comunidades-delagente-en-cali-y-cartago\/#primaryimage"},"image":{"@id":"https:\/\/www.comfenalcovalle.com.co\/jornada-de-comunidades-delagente-en-cali-y-cartago\/#primaryimage"},"thumbnailUrl":"https:\/\/test.comfenalcovalle.com.co\/wp-content\/uploads\/2022\/10\/comunidades-delagente-cartago-2022-16.jpg","datePublished":"2025-04-25T22:02:39+00:00","dateModified":"2025-04-25T22:04:51+00:00","description":"Nuestros Hoteles Delagente en Cali y Cartago invitan a la poblaci\u00f3n aleda\u00f1a para que vivan un d\u00eda recreativo este domingo 27 de abril...","breadcrumb":{"@id":"https:\/\/www.comfenalcovalle.com.co\/jornada-de-comunidades-delagente-en-cali-y-cartago\/#breadcrumb"},"inLanguage":"en-US","potentialAction":[{"@type":"ReadAction","target":["https:\/\/www.comfenalcovalle.com.co\/jornada-de-comunidades-delagente-en-cali-y-cartago\/"]}]},{"@type":"ImageObject","inLanguage":"en-US","@id":"https:\/\/www.comfenalcovalle.com.co\/jornada-de-comunidades-delagente-en-cali-y-cartago\/#primaryimage","url":"https:\/\/test.comfenalcovalle.com.co\/wp-content\/uploads\/2022\/10\/comunidades-delagente-cartago-2022-16.jpg","contentUrl":"https:\/\/test.comfenalcovalle.com.co\/wp-content\/uploads\/2022\/10\/comunidades-delagente-cartago-2022-16.jpg","width":807,"height":605,"caption":"Invitan a la poblaci\u00f3n aleda\u00f1a de los hoteles"},{"@type":"BreadcrumbList","@id":"https:\/\/www.comfenalcovalle.com.co\/jornada-de-comunidades-delagente-en-cali-y-cartago\/#breadcrumb","itemListElement":[{"@type":"ListItem","position":1,"name":"Portada","item":"https:\/\/www.comfenalcovalle.com.co\/"},{"@type":"ListItem","position":2,"name":"Jornada de Comunidades Delagente en Cali y Cartago"}]},{"@type":"WebSite","@id":"https:\/\/www.comfenalcovalle.com.co\/#website","url":"https:\/\/www.comfenalcovalle.com.co\/","name":"Comfenalco Valle Delagente","description":"Comfenalco Valle Delagente compensation fund.","publisher":{"@id":"https:\/\/www.comfenalcovalle.com.co\/#organization"},"potentialAction":[{"@type":"SearchAction","target":{"@type":"EntryPoint","urlTemplate":"https:\/\/www.comfenalcovalle.com.co\/?s={search_term_string}"},"query-input":{"@type":"PropertyValueSpecification","valueRequired":true,"valueName":"search_term_string"}}],"inLanguage":"en-US"},{"@type":"Organization","@id":"https:\/\/www.comfenalcovalle.com.co\/#organization","name":"Comfenalco Valle Delagente","url":"https:\/\/www.comfenalcovalle.com.co\/","logo":{"@type":"ImageObject","inLanguage":"en-US","@id":"https:\/\/www.comfenalcovalle.com.co\/#\/schema\/logo\/image\/","url":"https:\/\/test.comfenalcovalle.com.co\/wp-content\/uploads\/2021\/06\/logo-comfe-cabecera-agencia-empelo-actualizado.png","contentUrl":"https:\/\/test.comfenalcovalle.com.co\/wp-content\/uploads\/2021\/06\/logo-comfe-cabecera-agencia-empelo-actualizado.png","width":500,"height":184,"caption":"Comfenalco Valle Delagente"},"image":{"@id":"https:\/\/www.comfenalcovalle.com.co\/#\/schema\/logo\/image\/"}},{"@type":"Person","@id":"https:\/\/www.comfenalcovalle.com.co\/#\/schema\/person\/d4d8bcb299f88f97b06096cf6a21cb01","name":"Communications Comfenalco Valle delagente","image":{"@type":"ImageObject","inLanguage":"en-US","@id":"https:\/\/www.comfenalcovalle.com.co\/#\/schema\/person\/image\/","url":"https:\/\/secure.gravatar.com\/avatar\/d1c29eb639a137df0ac8bfec50479e8d6ef564f7320f439d9d984504359ea6ee?s=96&d=mm&r=g","contentUrl":"https:\/\/secure.gravatar.com\/avatar\/d1c29eb639a137df0ac8bfec50479e8d6ef564f7320f439d9d984504359ea6ee?s=96&d=mm&r=g","caption":"Comunicaciones Comfenalco Valle delagente"},"url":"https:\/\/test.comfenalcovalle.com.co\/en\/author\/comunicaciones-comfenalco-valle-delagente\/"}]}},"publishpress_future_action":{"enabled":false,"date":"2026-05-10 06:23:26","action":"change-status","newStatus":"draft","terms":[],"taxonomy":"category","extraData":[]},"publishpress_future_workflow_manual_trigger":{"enabledWorkflows":[]},"_links":{"self":[{"href":"https:\/\/test.comfenalcovalle.com.co\/en\/wp-json\/wp\/v2\/posts\/658290","targetHints":{"allow":["GET"]}}],"collection":[{"href":"https:\/\/test.comfenalcovalle.com.co\/en\/wp-json\/wp\/v2\/posts"}],"about":[{"href":"https:\/\/test.comfenalcovalle.com.co\/en\/wp-json\/wp\/v2\/types\/post"}],"author":[{"embeddable":true,"href":"https:\/\/test.comfenalcovalle.com.co\/en\/wp-json\/wp\/v2\/users\/6"}],"replies":[{"embeddable":true,"href":"https:\/\/test.comfenalcovalle.com.co\/en\/wp-json\/wp\/v2\/comments?post=658290"}],"version-history":[{"count":0,"href":"https:\/\/test.comfenalcovalle.com.co\/en\/wp-json\/wp\/v2\/posts\/658290\/revisions"}],"wp:featuredmedia":[{"embeddable":true,"href":"https:\/\/test.comfenalcovalle.com.co\/en\/wp-json\/wp\/v2\/media\/600425"}],"wp:attachment":[{"href":"https:\/\/test.comfenalcovalle.com.co\/en\/wp-json\/wp\/v2\/media?parent=658290"}],"wp:term":[{"taxonomy":"category","embeddable":true,"href":"https:\/\/test.comfenalcovalle.com.co\/en\/wp-json\/wp\/v2\/categories?post=658290"},{"taxonomy":"post_tag","embeddable":true,"href":"https:\/\/test.comfenalcovalle.com.co\/en\/wp-json\/wp\/v2\/tags?post=658290"}],"curies":[{"name":"wp","href":"https:\/\/api.w.org\/{rel}","templated":true}]}}