{"id":658261,"date":"2025-04-25T14:28:45","date_gmt":"2025-04-25T19:28:45","guid":{"rendered":"https:\/\/test.comfenalcovalle.com.co\/?p=658261"},"modified":"2025-04-28T16:01:36","modified_gmt":"2025-04-28T21:01:36","slug":"cuidado-con-la-fiebre-amarilla","status":"publish","type":"post","link":"https:\/\/test.comfenalcovalle.com.co\/en\/cuidado-con-la-fiebre-amarilla\/","title":{"rendered":"Cuidado con la fiebre amarilla"},"content":{"rendered":"<p>Queremos compartir contigo informaci\u00f3n importante sobre la fiebre amarilla para que est\u00e9s al tanto y puedas protegerte a ti y a tus seres queridos.<\/p>\n\n\n\n<p>La fiebre amarilla es una enfermedad viral aguda que puede ser grave. Se transmite a trav\u00e9s de la picadura de mosquitos infectados, principalmente el <strong><em>Aedes aegypti<\/em><\/strong>. Los s\u00edntomas pueden variar, pero en su fase m\u00e1s delicada pueden aparecer ictericia (coloraci\u00f3n amarillenta de la piel y los ojos), orina oscura y dolor abdominal.<\/p>\n\n\n\n<p>Si llegamos a contraer esta enfermedad, puede afectar principalmente el h\u00edgado y los ri\u00f1ones, pero en casos m\u00e1s serios tambi\u00e9n puede comprometer el coraz\u00f3n, el sistema respiratorio y otros \u00f3rganos. <strong>\u00a1Por eso es tan importante la prevenci\u00f3n!<\/strong><\/p>\n\n\n\n<p>Afortunadamente, contamos con herramientas muy efectivas para protegernos. La principal es la <strong>vacuna contra la fiebre amarilla<\/strong>, que nos brinda una protecci\u00f3n de por vida contra esta enfermedad. Adem\u00e1s de la vacuna, es clave tomar medidas preventivas como:<\/p>\n\n\n\n<ul class=\"wp-block-list\">\n<li>Usar toldillos para dormir.<\/li>\n\n\n\n<li>Aplicarnos repelente contra mosquitos.<\/li>\n\n\n\n<li>Vestir ropa que cubra la mayor parte de nuestro cuerpo.<\/li>\n\n\n\n<li>Fundamentalmente, eliminar cualquier recipiente que pueda acumular agua en nuestros hogares y alrededores, ya que estos son los criaderos de los mosquitos.<\/li>\n<\/ul>\n\n\n\n<p>La vacuna es una gran aliada, ya que nos protege de contraer la enfermedad y tambi\u00e9n ayuda a evitar que se propague a otras personas. Empieza a protegernos alrededor del d\u00eda 10 despu\u00e9s de aplicarla y alcanza su m\u00e1xima efectividad (99% de inmunizaci\u00f3n) despu\u00e9s de 30 d\u00edas. Despu\u00e9s de la vacuna, es normal sentir algunas molestias leves y de corta duraci\u00f3n, como dolor, enrojecimiento o hinchaz\u00f3n en el sitio de la inyecci\u00f3n, fiebre baja, dolor de cabeza y dolores musculares. <strong>\u00a1Pero tranquilos, que no duran mucho!<\/strong><\/p>\n\n\n\n<p>Para quienes a\u00fan no se han vacunado, les recordamos que es una dosis \u00fanica y est\u00e1 disponible para:<\/p>\n\n\n\n<ul class=\"wp-block-list\">\n<li>Ni\u00f1os y ni\u00f1as de 12 a 23 meses.<\/li>\n\n\n\n<li>Personas nacidas entre 2006 y 2022.<\/li>\n\n\n\n<li>Residentes de 1 a 59 a\u00f1os en municipios de alto riesgo y viajeros de 1 a 59 a\u00f1os que se dirijan a zonas de riesgo nacional e internacional (en este caso, deben vacunarse al menos 10 d\u00edas antes del viaje).<\/li>\n<\/ul>\n\n\n\n<p>Si est\u00e1s afiliado a nuestra <strong>EPS delagente<\/strong>, puedes acercarte a tu IPS de atenci\u00f3n sin necesidad de cita previa. <a href=\"https:\/\/www.epsdelagente.com.co\/personas\/puntos-de-vacunacion-ips\/\">TO<strong>qu\u00ed<\/strong><\/a> puedes consultar los horarios.<\/p>\n\n\n\n<p>He  <strong>s\u00e1bado 26 de abril<\/strong> se cumpli\u00f3 una <strong>jornada nacional de vacunaci\u00f3n<\/strong> de 8:00 a.m. a 4:00 p.m.<\/p>\n\n\n\n<p>Es importante que tengamos presente cu\u00e1les son las zonas consideradas de alto riesgo, a las cuales debemos viajar ya vacunados, estas son: Tolima, Putumayo, Huila, Caldas, Cauca y Guaviare.<\/p>\n\n\n\n<p><\/p>\n\n\n\n<p>\u00a1Cuid\u00e9monos entre todos! La prevenci\u00f3n es la mejor herramienta contra la fiebre amarilla.<\/p>","protected":false},"excerpt":{"rendered":"<p>Queremos compartir contigo informaci\u00f3n importante sobre la fiebre amarilla para que est\u00e9s al tanto y puedas protegerte a ti y a tus seres queridos. La fiebre amarilla es una enfermedad viral aguda que puede ser grave. Se transmite a trav\u00e9s de la picadura de mosquitos infectados, principalmente el Aedes aegypti. Los s\u00edntomas pueden variar, pero [&hellip;]<\/p>","protected":false},"author":6,"featured_media":658353,"comment_status":"closed","ping_status":"closed","sticky":false,"template":"","format":"standard","meta":{"footnotes":""},"categories":[72],"tags":[109,57,1034,589],"class_list":["post-658261","post","type-post","status-publish","format-standard","has-post-thumbnail","hentry","category-corporativo","tag-delagente","tag-eps","tag-fiebre","tag-informacion"],"yoast_head":"<!-- This site is optimized with the Yoast SEO Premium plugin v25.9 (Yoast SEO v25.9) - https:\/\/yoast.com\/wordpress\/plugins\/seo\/ -->\n<title>Cuidado con la fiebre amarilla<\/title>\n<meta name=\"robots\" content=\"index, follow, max-snippet:-1, max-image-preview:large, max-video-preview:-1\" \/>\n<link rel=\"canonical\" href=\"https:\/\/www.comfenalcovalle.com.co\/cuidado-con-la-fiebre-amarilla\/\" \/>\n<meta property=\"og:locale\" content=\"en_US\" \/>\n<meta property=\"og:type\" content=\"article\" \/>\n<meta property=\"og:title\" content=\"Cuidado con la fiebre amarilla\" \/>\n<meta property=\"og:description\" content=\"Queremos compartir contigo informaci\u00f3n importante sobre la fiebre amarilla para que est\u00e9s al tanto y puedas protegerte a ti y a tus seres queridos. La fiebre amarilla es una enfermedad viral aguda que puede ser grave. Se transmite a trav\u00e9s de la picadura de mosquitos infectados, principalmente el Aedes aegypti. Los s\u00edntomas pueden variar, pero [&hellip;]\" \/>\n<meta property=\"og:url\" content=\"https:\/\/www.comfenalcovalle.com.co\/cuidado-con-la-fiebre-amarilla\/\" \/>\n<meta property=\"og:site_name\" content=\"Comfenalco Valle Delagente\" \/>\n<meta property=\"article:published_time\" content=\"2025-04-25T19:28:45+00:00\" \/>\n<meta property=\"article:modified_time\" content=\"2025-04-28T21:01:36+00:00\" \/>\n<meta property=\"og:image\" content=\"https:\/\/www.comfenalcovalle.com.co\/wp-content\/uploads\/2025\/04\/imagen-noticia-web-fiebre-amarilla.png\" \/>\n\t<meta property=\"og:image:width\" content=\"750\" \/>\n\t<meta property=\"og:image:height\" content=\"400\" \/>\n\t<meta property=\"og:image:type\" content=\"image\/png\" \/>\n<meta name=\"author\" content=\"Comunicaciones Comfenalco Valle delagente\" \/>\n<meta name=\"twitter:card\" content=\"summary_large_image\" \/>\n<meta name=\"twitter:label1\" content=\"Written by\" \/>\n\t<meta name=\"twitter:data1\" content=\"Comunicaciones Comfenalco Valle delagente\" \/>\n\t<meta name=\"twitter:label2\" content=\"Est. reading time\" \/>\n\t<meta name=\"twitter:data2\" content=\"2 minutes\" \/>\n<script type=\"application\/ld+json\" class=\"yoast-schema-graph\">{\"@context\":\"https:\/\/schema.org\",\"@graph\":[{\"@type\":\"Article\",\"@id\":\"https:\/\/www.comfenalcovalle.com.co\/cuidado-con-la-fiebre-amarilla\/#article\",\"isPartOf\":{\"@id\":\"https:\/\/www.comfenalcovalle.com.co\/cuidado-con-la-fiebre-amarilla\/\"},\"author\":{\"name\":\"Comunicaciones Comfenalco Valle delagente\",\"@id\":\"https:\/\/www.comfenalcovalle.com.co\/#\/schema\/person\/d4d8bcb299f88f97b06096cf6a21cb01\"},\"headline\":\"Cuidado con la fiebre amarilla\",\"datePublished\":\"2025-04-25T19:28:45+00:00\",\"dateModified\":\"2025-04-28T21:01:36+00:00\",\"mainEntityOfPage\":{\"@id\":\"https:\/\/www.comfenalcovalle.com.co\/cuidado-con-la-fiebre-amarilla\/\"},\"wordCount\":463,\"publisher\":{\"@id\":\"https:\/\/www.comfenalcovalle.com.co\/#organization\"},\"image\":{\"@id\":\"https:\/\/www.comfenalcovalle.com.co\/cuidado-con-la-fiebre-amarilla\/#primaryimage\"},\"thumbnailUrl\":\"https:\/\/test.comfenalcovalle.com.co\/wp-content\/uploads\/2025\/04\/imagen-noticia-web-fiebre-amarilla.png\",\"keywords\":[\"Delagente\",\"eps\",\"fiebre\",\"informaci\u00f3n\"],\"articleSection\":[\"Corporativo\"],\"inLanguage\":\"en-US\"},{\"@type\":\"WebPage\",\"@id\":\"https:\/\/www.comfenalcovalle.com.co\/cuidado-con-la-fiebre-amarilla\/\",\"url\":\"https:\/\/www.comfenalcovalle.com.co\/cuidado-con-la-fiebre-amarilla\/\",\"name\":\"Cuidado con la fiebre amarilla\",\"isPartOf\":{\"@id\":\"https:\/\/www.comfenalcovalle.com.co\/#website\"},\"primaryImageOfPage\":{\"@id\":\"https:\/\/www.comfenalcovalle.com.co\/cuidado-con-la-fiebre-amarilla\/#primaryimage\"},\"image\":{\"@id\":\"https:\/\/www.comfenalcovalle.com.co\/cuidado-con-la-fiebre-amarilla\/#primaryimage\"},\"thumbnailUrl\":\"https:\/\/test.comfenalcovalle.com.co\/wp-content\/uploads\/2025\/04\/imagen-noticia-web-fiebre-amarilla.png\",\"datePublished\":\"2025-04-25T19:28:45+00:00\",\"dateModified\":\"2025-04-28T21:01:36+00:00\",\"breadcrumb\":{\"@id\":\"https:\/\/www.comfenalcovalle.com.co\/cuidado-con-la-fiebre-amarilla\/#breadcrumb\"},\"inLanguage\":\"en-US\",\"potentialAction\":[{\"@type\":\"ReadAction\",\"target\":[\"https:\/\/www.comfenalcovalle.com.co\/cuidado-con-la-fiebre-amarilla\/\"]}]},{\"@type\":\"ImageObject\",\"inLanguage\":\"en-US\",\"@id\":\"https:\/\/www.comfenalcovalle.com.co\/cuidado-con-la-fiebre-amarilla\/#primaryimage\",\"url\":\"https:\/\/test.comfenalcovalle.com.co\/wp-content\/uploads\/2025\/04\/imagen-noticia-web-fiebre-amarilla.png\",\"contentUrl\":\"https:\/\/test.comfenalcovalle.com.co\/wp-content\/uploads\/2025\/04\/imagen-noticia-web-fiebre-amarilla.png\",\"width\":750,\"height\":400,\"caption\":\"fiebre amarilla\"},{\"@type\":\"BreadcrumbList\",\"@id\":\"https:\/\/www.comfenalcovalle.com.co\/cuidado-con-la-fiebre-amarilla\/#breadcrumb\",\"itemListElement\":[{\"@type\":\"ListItem\",\"position\":1,\"name\":\"Portada\",\"item\":\"https:\/\/www.comfenalcovalle.com.co\/\"},{\"@type\":\"ListItem\",\"position\":2,\"name\":\"Cuidado con la fiebre amarilla\"}]},{\"@type\":\"WebSite\",\"@id\":\"https:\/\/www.comfenalcovalle.com.co\/#website\",\"url\":\"https:\/\/www.comfenalcovalle.com.co\/\",\"name\":\"Comfenalco Valle Delagente\",\"description\":\"Caja de compensaci\u00f3n de Comfenalco Valle Delagente.\",\"publisher\":{\"@id\":\"https:\/\/www.comfenalcovalle.com.co\/#organization\"},\"potentialAction\":[{\"@type\":\"SearchAction\",\"target\":{\"@type\":\"EntryPoint\",\"urlTemplate\":\"https:\/\/www.comfenalcovalle.com.co\/?s={search_term_string}\"},\"query-input\":{\"@type\":\"PropertyValueSpecification\",\"valueRequired\":true,\"valueName\":\"search_term_string\"}}],\"inLanguage\":\"en-US\"},{\"@type\":\"Organization\",\"@id\":\"https:\/\/www.comfenalcovalle.com.co\/#organization\",\"name\":\"Comfenalco Valle Delagente\",\"url\":\"https:\/\/www.comfenalcovalle.com.co\/\",\"logo\":{\"@type\":\"ImageObject\",\"inLanguage\":\"en-US\",\"@id\":\"https:\/\/www.comfenalcovalle.com.co\/#\/schema\/logo\/image\/\",\"url\":\"https:\/\/test.comfenalcovalle.com.co\/wp-content\/uploads\/2021\/06\/logo-comfe-cabecera-agencia-empelo-actualizado.png\",\"contentUrl\":\"https:\/\/test.comfenalcovalle.com.co\/wp-content\/uploads\/2021\/06\/logo-comfe-cabecera-agencia-empelo-actualizado.png\",\"width\":500,\"height\":184,\"caption\":\"Comfenalco Valle Delagente\"},\"image\":{\"@id\":\"https:\/\/www.comfenalcovalle.com.co\/#\/schema\/logo\/image\/\"}},{\"@type\":\"Person\",\"@id\":\"https:\/\/www.comfenalcovalle.com.co\/#\/schema\/person\/d4d8bcb299f88f97b06096cf6a21cb01\",\"name\":\"Comunicaciones Comfenalco Valle delagente\",\"image\":{\"@type\":\"ImageObject\",\"inLanguage\":\"en-US\",\"@id\":\"https:\/\/www.comfenalcovalle.com.co\/#\/schema\/person\/image\/\",\"url\":\"https:\/\/secure.gravatar.com\/avatar\/d1c29eb639a137df0ac8bfec50479e8d6ef564f7320f439d9d984504359ea6ee?s=96&d=mm&r=g\",\"contentUrl\":\"https:\/\/secure.gravatar.com\/avatar\/d1c29eb639a137df0ac8bfec50479e8d6ef564f7320f439d9d984504359ea6ee?s=96&d=mm&r=g\",\"caption\":\"Comunicaciones Comfenalco Valle delagente\"},\"url\":\"https:\/\/test.comfenalcovalle.com.co\/en\/author\/comunicaciones-comfenalco-valle-delagente\/\"}]}<\/script>\n<!-- \/ Yoast SEO Premium plugin. -->","yoast_head_json":{"title":"Cuidado con la fiebre amarilla","robots":{"index":"index","follow":"follow","max-snippet":"max-snippet:-1","max-image-preview":"max-image-preview:large","max-video-preview":"max-video-preview:-1"},"canonical":"https:\/\/www.comfenalcovalle.com.co\/cuidado-con-la-fiebre-amarilla\/","og_locale":"en_US","og_type":"article","og_title":"Cuidado con la fiebre amarilla","og_description":"Queremos compartir contigo informaci\u00f3n importante sobre la fiebre amarilla para que est\u00e9s al tanto y puedas protegerte a ti y a tus seres queridos. La fiebre amarilla es una enfermedad viral aguda que puede ser grave. Se transmite a trav\u00e9s de la picadura de mosquitos infectados, principalmente el Aedes aegypti. Los s\u00edntomas pueden variar, pero [&hellip;]","og_url":"https:\/\/www.comfenalcovalle.com.co\/cuidado-con-la-fiebre-amarilla\/","og_site_name":"Comfenalco Valle Delagente","article_published_time":"2025-04-25T19:28:45+00:00","article_modified_time":"2025-04-28T21:01:36+00:00","og_image":[{"width":750,"height":400,"url":"https:\/\/www.comfenalcovalle.com.co\/wp-content\/uploads\/2025\/04\/imagen-noticia-web-fiebre-amarilla.png","type":"image\/png"}],"author":"Comunicaciones Comfenalco Valle delagente","twitter_card":"summary_large_image","twitter_misc":{"Written by":"Comunicaciones Comfenalco Valle delagente","Est. reading time":"2 minutes"},"schema":{"@context":"https:\/\/schema.org","@graph":[{"@type":"Article","@id":"https:\/\/www.comfenalcovalle.com.co\/cuidado-con-la-fiebre-amarilla\/#article","isPartOf":{"@id":"https:\/\/www.comfenalcovalle.com.co\/cuidado-con-la-fiebre-amarilla\/"},"author":{"name":"Comunicaciones Comfenalco Valle delagente","@id":"https:\/\/www.comfenalcovalle.com.co\/#\/schema\/person\/d4d8bcb299f88f97b06096cf6a21cb01"},"headline":"Cuidado con la fiebre amarilla","datePublished":"2025-04-25T19:28:45+00:00","dateModified":"2025-04-28T21:01:36+00:00","mainEntityOfPage":{"@id":"https:\/\/www.comfenalcovalle.com.co\/cuidado-con-la-fiebre-amarilla\/"},"wordCount":463,"publisher":{"@id":"https:\/\/www.comfenalcovalle.com.co\/#organization"},"image":{"@id":"https:\/\/www.comfenalcovalle.com.co\/cuidado-con-la-fiebre-amarilla\/#primaryimage"},"thumbnailUrl":"https:\/\/test.comfenalcovalle.com.co\/wp-content\/uploads\/2025\/04\/imagen-noticia-web-fiebre-amarilla.png","keywords":["Delagente","eps","fiebre","informaci\u00f3n"],"articleSection":["Corporativo"],"inLanguage":"en-US"},{"@type":"WebPage","@id":"https:\/\/www.comfenalcovalle.com.co\/cuidado-con-la-fiebre-amarilla\/","url":"https:\/\/www.comfenalcovalle.com.co\/cuidado-con-la-fiebre-amarilla\/","name":"Cuidado con la fiebre amarilla","isPartOf":{"@id":"https:\/\/www.comfenalcovalle.com.co\/#website"},"primaryImageOfPage":{"@id":"https:\/\/www.comfenalcovalle.com.co\/cuidado-con-la-fiebre-amarilla\/#primaryimage"},"image":{"@id":"https:\/\/www.comfenalcovalle.com.co\/cuidado-con-la-fiebre-amarilla\/#primaryimage"},"thumbnailUrl":"https:\/\/test.comfenalcovalle.com.co\/wp-content\/uploads\/2025\/04\/imagen-noticia-web-fiebre-amarilla.png","datePublished":"2025-04-25T19:28:45+00:00","dateModified":"2025-04-28T21:01:36+00:00","breadcrumb":{"@id":"https:\/\/www.comfenalcovalle.com.co\/cuidado-con-la-fiebre-amarilla\/#breadcrumb"},"inLanguage":"en-US","potentialAction":[{"@type":"ReadAction","target":["https:\/\/www.comfenalcovalle.com.co\/cuidado-con-la-fiebre-amarilla\/"]}]},{"@type":"ImageObject","inLanguage":"en-US","@id":"https:\/\/www.comfenalcovalle.com.co\/cuidado-con-la-fiebre-amarilla\/#primaryimage","url":"https:\/\/test.comfenalcovalle.com.co\/wp-content\/uploads\/2025\/04\/imagen-noticia-web-fiebre-amarilla.png","contentUrl":"https:\/\/test.comfenalcovalle.com.co\/wp-content\/uploads\/2025\/04\/imagen-noticia-web-fiebre-amarilla.png","width":750,"height":400,"caption":"fiebre amarilla"},{"@type":"BreadcrumbList","@id":"https:\/\/www.comfenalcovalle.com.co\/cuidado-con-la-fiebre-amarilla\/#breadcrumb","itemListElement":[{"@type":"ListItem","position":1,"name":"Portada","item":"https:\/\/www.comfenalcovalle.com.co\/"},{"@type":"ListItem","position":2,"name":"Cuidado con la fiebre amarilla"}]},{"@type":"WebSite","@id":"https:\/\/www.comfenalcovalle.com.co\/#website","url":"https:\/\/www.comfenalcovalle.com.co\/","name":"Comfenalco Valle Delagente","description":"Comfenalco Valle Delagente compensation fund.","publisher":{"@id":"https:\/\/www.comfenalcovalle.com.co\/#organization"},"potentialAction":[{"@type":"SearchAction","target":{"@type":"EntryPoint","urlTemplate":"https:\/\/www.comfenalcovalle.com.co\/?s={search_term_string}"},"query-input":{"@type":"PropertyValueSpecification","valueRequired":true,"valueName":"search_term_string"}}],"inLanguage":"en-US"},{"@type":"Organization","@id":"https:\/\/www.comfenalcovalle.com.co\/#organization","name":"Comfenalco Valle Delagente","url":"https:\/\/www.comfenalcovalle.com.co\/","logo":{"@type":"ImageObject","inLanguage":"en-US","@id":"https:\/\/www.comfenalcovalle.com.co\/#\/schema\/logo\/image\/","url":"https:\/\/test.comfenalcovalle.com.co\/wp-content\/uploads\/2021\/06\/logo-comfe-cabecera-agencia-empelo-actualizado.png","contentUrl":"https:\/\/test.comfenalcovalle.com.co\/wp-content\/uploads\/2021\/06\/logo-comfe-cabecera-agencia-empelo-actualizado.png","width":500,"height":184,"caption":"Comfenalco Valle Delagente"},"image":{"@id":"https:\/\/www.comfenalcovalle.com.co\/#\/schema\/logo\/image\/"}},{"@type":"Person","@id":"https:\/\/www.comfenalcovalle.com.co\/#\/schema\/person\/d4d8bcb299f88f97b06096cf6a21cb01","name":"Communications Comfenalco Valle delagente","image":{"@type":"ImageObject","inLanguage":"en-US","@id":"https:\/\/www.comfenalcovalle.com.co\/#\/schema\/person\/image\/","url":"https:\/\/secure.gravatar.com\/avatar\/d1c29eb639a137df0ac8bfec50479e8d6ef564f7320f439d9d984504359ea6ee?s=96&d=mm&r=g","contentUrl":"https:\/\/secure.gravatar.com\/avatar\/d1c29eb639a137df0ac8bfec50479e8d6ef564f7320f439d9d984504359ea6ee?s=96&d=mm&r=g","caption":"Comunicaciones Comfenalco Valle delagente"},"url":"https:\/\/test.comfenalcovalle.com.co\/en\/author\/comunicaciones-comfenalco-valle-delagente\/"}]}},"publishpress_future_action":{"enabled":false,"date":"2026-05-08 09:11:19","action":"change-status","newStatus":"draft","terms":[],"taxonomy":"category","extraData":[]},"publishpress_future_workflow_manual_trigger":{"enabledWorkflows":[]},"_links":{"self":[{"href":"https:\/\/test.comfenalcovalle.com.co\/en\/wp-json\/wp\/v2\/posts\/658261","targetHints":{"allow":["GET"]}}],"collection":[{"href":"https:\/\/test.comfenalcovalle.com.co\/en\/wp-json\/wp\/v2\/posts"}],"about":[{"href":"https:\/\/test.comfenalcovalle.com.co\/en\/wp-json\/wp\/v2\/types\/post"}],"author":[{"embeddable":true,"href":"https:\/\/test.comfenalcovalle.com.co\/en\/wp-json\/wp\/v2\/users\/6"}],"replies":[{"embeddable":true,"href":"https:\/\/test.comfenalcovalle.com.co\/en\/wp-json\/wp\/v2\/comments?post=658261"}],"version-history":[{"count":0,"href":"https:\/\/test.comfenalcovalle.com.co\/en\/wp-json\/wp\/v2\/posts\/658261\/revisions"}],"wp:featuredmedia":[{"embeddable":true,"href":"https:\/\/test.comfenalcovalle.com.co\/en\/wp-json\/wp\/v2\/media\/658353"}],"wp:attachment":[{"href":"https:\/\/test.comfenalcovalle.com.co\/en\/wp-json\/wp\/v2\/media?parent=658261"}],"wp:term":[{"taxonomy":"category","embeddable":true,"href":"https:\/\/test.comfenalcovalle.com.co\/en\/wp-json\/wp\/v2\/categories?post=658261"},{"taxonomy":"post_tag","embeddable":true,"href":"https:\/\/test.comfenalcovalle.com.co\/en\/wp-json\/wp\/v2\/tags?post=658261"}],"curies":[{"name":"wp","href":"https:\/\/api.w.org\/{rel}","templated":true}]}}