{"id":657210,"date":"2025-04-03T09:04:48","date_gmt":"2025-04-03T14:04:48","guid":{"rendered":"https:\/\/test.comfenalcovalle.com.co\/?p=657210"},"modified":"2025-04-04T17:01:06","modified_gmt":"2025-04-04T22:01:06","slug":"jornada-de-conservacion-de-los-manglares-en-bazan-la-bocana-turismo-sostenible-en-buenaventura","status":"publish","type":"post","link":"https:\/\/test.comfenalcovalle.com.co\/en\/jornada-de-conservacion-de-los-manglares-en-bazan-la-bocana-turismo-sostenible-en-buenaventura\/","title":{"rendered":"Jornada de conservaci\u00f3n de los manglares en Baz\u00e1n La Bocana: Turismo sostenible en Buenaventura"},"content":{"rendered":"<p><strong><em>Compromiso ambiental y turismo responsable en el Pac\u00edfico colombiano.<\/em><\/strong><br><br>El pasado 29 y 30 de marzo de 2025, se llev\u00f3 a cabo una importante <strong>jornada de conservaci\u00f3n de los manglares en Baz\u00e1n La Bocana, Buenaventura<\/strong>, con el apoyo de la Gobernaci\u00f3n del Valle del Cauca, la Secretar\u00eda de Ambiente y Desarrollo Sostenible, UCEVA, INTEP, la Fundaci\u00f3n Mag\u00fcipi y <strong>Comfenalco Valle Delagente<\/strong>.<br><br>Esta iniciativa, enmarcada dentro del programa <strong>Delagente Communities<\/strong>, refuerza el compromiso con la educaci\u00f3n ambiental y el <strong>turismo sostenible en el Valle del Cauca<\/strong>, promoviendo la protecci\u00f3n de ecosistemas clave como los manglares, esenciales para la biodiversidad y el equilibrio del medioambiente.<br><br><strong>El valor de los manglares: Un ecosistema que debemos proteger<\/strong><br>Los manglares son fundamentales para la vida marina y costera. Como lo se\u00f1ala Tamara Betancourt, presidenta del Consejo Comunitario de Baz\u00e1n La Bocana:<br><br>\u201cEl manglar es la sala cuna de muchas especies y una parte vital del h\u00e1bitat de nuestra comunidad. Protegerlo es nuestra responsabilidad.\u201d<br><br>Durante la jornada, 90 estudiantes de la <strong>Unidad Central del Valle (UCEVA) y del Instituto de Educaci\u00f3n T\u00e9cnica Profesional (INTEP)<\/strong> participaron en actividades de sensibilizaci\u00f3n, reconociendo el papel de los manglares en la conservaci\u00f3n de la biodiversidad y en la protecci\u00f3n de las costas contra la erosi\u00f3n.<br><br><strong>Turismo sostenible y econom\u00eda circular: Acciones con impacto real<\/strong><br>Uno de los momentos m\u00e1s significativos fue la jornada de limpieza de playa en Baz\u00e1n La Bocana, donde se recogieron <strong>dos (2) toneladas de residuos s\u00f3lidos<\/strong>. Este esfuerzo no solo contribuye a la recuperaci\u00f3n del ecosistema, sino que tambi\u00e9n promueve la <strong>econom\u00eda circular<\/strong>, una estrategia clave para reducir la contaminaci\u00f3n y fomentar el aprovechamiento de materiales reciclables.<br><br>Nasly Vidales, subsecretaria de Desarrollo Sostenible de la Gobernaci\u00f3n del Valle del Cauca, destac\u00f3 la importancia de estas acciones:<br><br>\u201cEl turismo comunitario asociado a la naturaleza es clave para el desarrollo sostenible. A trav\u00e9s de iniciativas como esta, sensibilizamos a las nuevas generaciones sobre la necesidad de proteger los manglares y aprovechar los residuos de manera responsable.\u201d<br><br><strong>Comfenalco Valle Delagente: Un compromiso con la sostenibilidad<\/strong><br>Desde 2017, <strong>Comfenalco Valle Delagente<\/strong>, a trav\u00e9s del programa <strong>Delagente Communities<\/strong>, ha impulsado proyectos de <strong>educaci\u00f3n ambiental y turismo sostenible<\/strong> en sus hoteles de <strong>Baz\u00e1n La Bocana, Cartago y Cali<\/strong>.<\/p>\n\n\n\n<p>Gricelda Castrill\u00f3n, gerente de recreaci\u00f3n de Comfenalco Valle Delagente nos cuenta que:<\/p>\n\n\n\n<p>\u201cEstas iniciativas buscan fortalecer la conciencia ecol\u00f3gica de turistas y comunidades locales, fomentando la protecci\u00f3n del entorno natural, por eso continuamos apost\u00e1ndole a un turismo responsable y amigable con nuestros entornos\u201d.<br><br>Adem\u00e1s, la jornada cont\u00f3 con el respaldo de la <strong>Armada Nacional y la Polic\u00eda Nacional<\/strong>, garantizando la seguridad y el \u00e9xito del evento. Asimismo, los participantes disfrutaron de actividades de recreaci\u00f3n organizadas por el equipo del <strong>Hotel Comfamar de Comfenalco Valle Delagente<\/strong>, reforzando la integraci\u00f3n entre el aprendizaje y el bienestar.<br><br><strong>Turismo sostenible en el Valle del Cauca: Un llamado a la acci\u00f3n<\/strong><\/p>\n\n\n\n<p>El \u00e9xito de esta jornada en Baz\u00e1n La Bocana demuestra que <strong>el turismo sostenible es posible<\/strong> cuando comunidades, instituciones y organizaciones trabajan juntas por un mismo objetivo.<br><br>Si deseas conocer m\u00e1s sobre nuestras iniciativas y c\u00f3mo participar en pr\u00f3ximas actividades ambientales, visita nuestro sitio web [<a href=\"https:\/\/test.comfenalcovalle.com.co\/en\/politica-de-turismo-sostenible\/comunidades-delagente\/\">Click here<\/a>] y s\u00edguenos en nuestras redes sociales.<\/p>\n\n\n\n<p>Somos la Caja Delagente comprometida con las acciones sostenibles que benefician a la gente de la regi\u00f3n.<\/p>\n\n\n\n<p><\/p>\n\n\n\n<p><strong>Comfenalco Valle Delagente.<\/strong><\/p>\n\n\n\n<p><strong>Family Compensation Fund.<\/strong><\/p>\n\n\n\n<p><\/p>\n\n\n\n<p><\/p>","protected":false},"excerpt":{"rendered":"<p>Compromiso ambiental y turismo responsable en el Pac\u00edfico colombiano.<\/p>","protected":false},"author":6,"featured_media":657182,"comment_status":"closed","ping_status":"closed","sticky":false,"template":"","format":"standard","meta":{"footnotes":""},"categories":[498],"tags":[1009,1008,1006,1003,1007,1010,1005,1004],"class_list":["post-657210","post","type-post","status-publish","format-standard","has-post-thumbnail","hentry","category-turismo-sostenible","tag-bazan","tag-comfenalco-valle-delagente-2","tag-conservacion-de-manglares","tag-economia-circular","tag-educacion-ambiental","tag-gobernacion-del-valle-del-cauca","tag-turismo-comunitario","tag-turismo-sostenible-en-buenaventura"],"yoast_head":"<!-- This site is optimized with the Yoast SEO Premium plugin v25.9 (Yoast SEO v25.9) - https:\/\/yoast.com\/wordpress\/plugins\/seo\/ -->\n<title>Jornada de conservaci\u00f3n de los manglares en Baz\u00e1n La Bocana...<\/title>\n<meta name=\"description\" content=\"Conoce nuestro compromiso ambiental en el Pac\u00edfico colombiano.\" \/>\n<meta name=\"robots\" content=\"index, follow, max-snippet:-1, max-image-preview:large, max-video-preview:-1\" \/>\n<link rel=\"canonical\" href=\"https:\/\/www.comfenalcovalle.com.co\/jornada-de-conservacion-de-los-manglares-en-bazan-la-bocana-turismo-sostenible-en-buenaventura\/\" \/>\n<meta property=\"og:locale\" content=\"en_US\" \/>\n<meta property=\"og:type\" content=\"article\" \/>\n<meta property=\"og:title\" content=\"Jornada de conservaci\u00f3n de los manglares en Baz\u00e1n La Bocana: Turismo sostenible en Buenaventura\" \/>\n<meta property=\"og:description\" content=\"Conoce nuestro compromiso ambiental en el Pac\u00edfico colombiano.\" \/>\n<meta property=\"og:url\" content=\"https:\/\/www.comfenalcovalle.com.co\/jornada-de-conservacion-de-los-manglares-en-bazan-la-bocana-turismo-sostenible-en-buenaventura\/\" \/>\n<meta property=\"og:site_name\" content=\"Comfenalco Valle Delagente\" \/>\n<meta property=\"article:published_time\" content=\"2025-04-03T14:04:48+00:00\" \/>\n<meta property=\"article:modified_time\" content=\"2025-04-04T22:01:06+00:00\" \/>\n<meta property=\"og:image\" content=\"https:\/\/www.comfenalcovalle.com.co\/wp-content\/uploads\/2025\/04\/manglares-comunidades-bocana-2025-07.jpg\" \/>\n\t<meta property=\"og:image:width\" content=\"876\" \/>\n\t<meta property=\"og:image:height\" content=\"584\" \/>\n\t<meta property=\"og:image:type\" content=\"image\/jpeg\" \/>\n<meta name=\"author\" content=\"Comunicaciones Comfenalco Valle delagente\" \/>\n<meta name=\"twitter:card\" content=\"summary_large_image\" \/>\n<meta name=\"twitter:label1\" content=\"Written by\" \/>\n\t<meta name=\"twitter:data1\" content=\"Comunicaciones Comfenalco Valle delagente\" \/>\n\t<meta name=\"twitter:label2\" content=\"Est. reading time\" \/>\n\t<meta name=\"twitter:data2\" content=\"3 minutes\" \/>\n<script type=\"application\/ld+json\" class=\"yoast-schema-graph\">{\"@context\":\"https:\/\/schema.org\",\"@graph\":[{\"@type\":\"Article\",\"@id\":\"https:\/\/www.comfenalcovalle.com.co\/jornada-de-conservacion-de-los-manglares-en-bazan-la-bocana-turismo-sostenible-en-buenaventura\/#article\",\"isPartOf\":{\"@id\":\"https:\/\/www.comfenalcovalle.com.co\/jornada-de-conservacion-de-los-manglares-en-bazan-la-bocana-turismo-sostenible-en-buenaventura\/\"},\"author\":{\"name\":\"Comunicaciones Comfenalco Valle delagente\",\"@id\":\"https:\/\/www.comfenalcovalle.com.co\/#\/schema\/person\/d4d8bcb299f88f97b06096cf6a21cb01\"},\"headline\":\"Jornada de conservaci\u00f3n de los manglares en Baz\u00e1n La Bocana: Turismo sostenible en Buenaventura\",\"datePublished\":\"2025-04-03T14:04:48+00:00\",\"dateModified\":\"2025-04-04T22:01:06+00:00\",\"mainEntityOfPage\":{\"@id\":\"https:\/\/www.comfenalcovalle.com.co\/jornada-de-conservacion-de-los-manglares-en-bazan-la-bocana-turismo-sostenible-en-buenaventura\/\"},\"wordCount\":607,\"publisher\":{\"@id\":\"https:\/\/www.comfenalcovalle.com.co\/#organization\"},\"image\":{\"@id\":\"https:\/\/www.comfenalcovalle.com.co\/jornada-de-conservacion-de-los-manglares-en-bazan-la-bocana-turismo-sostenible-en-buenaventura\/#primaryimage\"},\"thumbnailUrl\":\"https:\/\/test.comfenalcovalle.com.co\/wp-content\/uploads\/2025\/04\/manglares-comunidades-bocana-2025-07.jpg\",\"keywords\":[\"bazan\",\"Comfenalco Valle Delagente\",\"conservaci\u00f3n de manglares\",\"econom\u00eda circular\",\"educaci\u00f3n ambiental\",\"gobernaci\u00f3n del valle del cauca\",\"turismo comunitario\",\"turismo sostenible en Buenaventura\"],\"articleSection\":[\"Turismo Sostenible\"],\"inLanguage\":\"en-US\"},{\"@type\":\"WebPage\",\"@id\":\"https:\/\/www.comfenalcovalle.com.co\/jornada-de-conservacion-de-los-manglares-en-bazan-la-bocana-turismo-sostenible-en-buenaventura\/\",\"url\":\"https:\/\/www.comfenalcovalle.com.co\/jornada-de-conservacion-de-los-manglares-en-bazan-la-bocana-turismo-sostenible-en-buenaventura\/\",\"name\":\"Jornada de conservaci\u00f3n de los manglares en Baz\u00e1n La Bocana...\",\"isPartOf\":{\"@id\":\"https:\/\/www.comfenalcovalle.com.co\/#website\"},\"primaryImageOfPage\":{\"@id\":\"https:\/\/www.comfenalcovalle.com.co\/jornada-de-conservacion-de-los-manglares-en-bazan-la-bocana-turismo-sostenible-en-buenaventura\/#primaryimage\"},\"image\":{\"@id\":\"https:\/\/www.comfenalcovalle.com.co\/jornada-de-conservacion-de-los-manglares-en-bazan-la-bocana-turismo-sostenible-en-buenaventura\/#primaryimage\"},\"thumbnailUrl\":\"https:\/\/test.comfenalcovalle.com.co\/wp-content\/uploads\/2025\/04\/manglares-comunidades-bocana-2025-07.jpg\",\"datePublished\":\"2025-04-03T14:04:48+00:00\",\"dateModified\":\"2025-04-04T22:01:06+00:00\",\"description\":\"Conoce nuestro compromiso ambiental en el Pac\u00edfico colombiano.\",\"breadcrumb\":{\"@id\":\"https:\/\/www.comfenalcovalle.com.co\/jornada-de-conservacion-de-los-manglares-en-bazan-la-bocana-turismo-sostenible-en-buenaventura\/#breadcrumb\"},\"inLanguage\":\"en-US\",\"potentialAction\":[{\"@type\":\"ReadAction\",\"target\":[\"https:\/\/www.comfenalcovalle.com.co\/jornada-de-conservacion-de-los-manglares-en-bazan-la-bocana-turismo-sostenible-en-buenaventura\/\"]}]},{\"@type\":\"ImageObject\",\"inLanguage\":\"en-US\",\"@id\":\"https:\/\/www.comfenalcovalle.com.co\/jornada-de-conservacion-de-los-manglares-en-bazan-la-bocana-turismo-sostenible-en-buenaventura\/#primaryimage\",\"url\":\"https:\/\/test.comfenalcovalle.com.co\/wp-content\/uploads\/2025\/04\/manglares-comunidades-bocana-2025-07.jpg\",\"contentUrl\":\"https:\/\/test.comfenalcovalle.com.co\/wp-content\/uploads\/2025\/04\/manglares-comunidades-bocana-2025-07.jpg\",\"width\":876,\"height\":584,\"caption\":\"jornada manglares bazan la bocana\"},{\"@type\":\"BreadcrumbList\",\"@id\":\"https:\/\/www.comfenalcovalle.com.co\/jornada-de-conservacion-de-los-manglares-en-bazan-la-bocana-turismo-sostenible-en-buenaventura\/#breadcrumb\",\"itemListElement\":[{\"@type\":\"ListItem\",\"position\":1,\"name\":\"Portada\",\"item\":\"https:\/\/www.comfenalcovalle.com.co\/\"},{\"@type\":\"ListItem\",\"position\":2,\"name\":\"Jornada de conservaci\u00f3n de los manglares en Baz\u00e1n La Bocana: Turismo sostenible en Buenaventura\"}]},{\"@type\":\"WebSite\",\"@id\":\"https:\/\/www.comfenalcovalle.com.co\/#website\",\"url\":\"https:\/\/www.comfenalcovalle.com.co\/\",\"name\":\"Comfenalco Valle Delagente\",\"description\":\"Caja de compensaci\u00f3n de Comfenalco Valle Delagente.\",\"publisher\":{\"@id\":\"https:\/\/www.comfenalcovalle.com.co\/#organization\"},\"potentialAction\":[{\"@type\":\"SearchAction\",\"target\":{\"@type\":\"EntryPoint\",\"urlTemplate\":\"https:\/\/www.comfenalcovalle.com.co\/?s={search_term_string}\"},\"query-input\":{\"@type\":\"PropertyValueSpecification\",\"valueRequired\":true,\"valueName\":\"search_term_string\"}}],\"inLanguage\":\"en-US\"},{\"@type\":\"Organization\",\"@id\":\"https:\/\/www.comfenalcovalle.com.co\/#organization\",\"name\":\"Comfenalco Valle Delagente\",\"url\":\"https:\/\/www.comfenalcovalle.com.co\/\",\"logo\":{\"@type\":\"ImageObject\",\"inLanguage\":\"en-US\",\"@id\":\"https:\/\/www.comfenalcovalle.com.co\/#\/schema\/logo\/image\/\",\"url\":\"https:\/\/test.comfenalcovalle.com.co\/wp-content\/uploads\/2021\/06\/logo-comfe-cabecera-agencia-empelo-actualizado.png\",\"contentUrl\":\"https:\/\/test.comfenalcovalle.com.co\/wp-content\/uploads\/2021\/06\/logo-comfe-cabecera-agencia-empelo-actualizado.png\",\"width\":500,\"height\":184,\"caption\":\"Comfenalco Valle Delagente\"},\"image\":{\"@id\":\"https:\/\/www.comfenalcovalle.com.co\/#\/schema\/logo\/image\/\"}},{\"@type\":\"Person\",\"@id\":\"https:\/\/www.comfenalcovalle.com.co\/#\/schema\/person\/d4d8bcb299f88f97b06096cf6a21cb01\",\"name\":\"Comunicaciones Comfenalco Valle delagente\",\"image\":{\"@type\":\"ImageObject\",\"inLanguage\":\"en-US\",\"@id\":\"https:\/\/www.comfenalcovalle.com.co\/#\/schema\/person\/image\/\",\"url\":\"https:\/\/secure.gravatar.com\/avatar\/d1c29eb639a137df0ac8bfec50479e8d6ef564f7320f439d9d984504359ea6ee?s=96&d=mm&r=g\",\"contentUrl\":\"https:\/\/secure.gravatar.com\/avatar\/d1c29eb639a137df0ac8bfec50479e8d6ef564f7320f439d9d984504359ea6ee?s=96&d=mm&r=g\",\"caption\":\"Comunicaciones Comfenalco Valle delagente\"},\"url\":\"https:\/\/test.comfenalcovalle.com.co\/en\/author\/comunicaciones-comfenalco-valle-delagente\/\"}]}<\/script>\n<!-- \/ Yoast SEO Premium plugin. -->","yoast_head_json":{"title":"Jornada de conservaci\u00f3n de los manglares en Baz\u00e1n La Bocana...","description":"Conoce nuestro compromiso ambiental en el Pac\u00edfico colombiano.","robots":{"index":"index","follow":"follow","max-snippet":"max-snippet:-1","max-image-preview":"max-image-preview:large","max-video-preview":"max-video-preview:-1"},"canonical":"https:\/\/www.comfenalcovalle.com.co\/jornada-de-conservacion-de-los-manglares-en-bazan-la-bocana-turismo-sostenible-en-buenaventura\/","og_locale":"en_US","og_type":"article","og_title":"Jornada de conservaci\u00f3n de los manglares en Baz\u00e1n La Bocana: Turismo sostenible en Buenaventura","og_description":"Conoce nuestro compromiso ambiental en el Pac\u00edfico colombiano.","og_url":"https:\/\/www.comfenalcovalle.com.co\/jornada-de-conservacion-de-los-manglares-en-bazan-la-bocana-turismo-sostenible-en-buenaventura\/","og_site_name":"Comfenalco Valle Delagente","article_published_time":"2025-04-03T14:04:48+00:00","article_modified_time":"2025-04-04T22:01:06+00:00","og_image":[{"width":876,"height":584,"url":"https:\/\/www.comfenalcovalle.com.co\/wp-content\/uploads\/2025\/04\/manglares-comunidades-bocana-2025-07.jpg","type":"image\/jpeg"}],"author":"Comunicaciones Comfenalco Valle delagente","twitter_card":"summary_large_image","twitter_misc":{"Written by":"Comunicaciones Comfenalco Valle delagente","Est. reading time":"3 minutes"},"schema":{"@context":"https:\/\/schema.org","@graph":[{"@type":"Article","@id":"https:\/\/www.comfenalcovalle.com.co\/jornada-de-conservacion-de-los-manglares-en-bazan-la-bocana-turismo-sostenible-en-buenaventura\/#article","isPartOf":{"@id":"https:\/\/www.comfenalcovalle.com.co\/jornada-de-conservacion-de-los-manglares-en-bazan-la-bocana-turismo-sostenible-en-buenaventura\/"},"author":{"name":"Comunicaciones Comfenalco Valle delagente","@id":"https:\/\/www.comfenalcovalle.com.co\/#\/schema\/person\/d4d8bcb299f88f97b06096cf6a21cb01"},"headline":"Jornada de conservaci\u00f3n de los manglares en Baz\u00e1n La Bocana: Turismo sostenible en Buenaventura","datePublished":"2025-04-03T14:04:48+00:00","dateModified":"2025-04-04T22:01:06+00:00","mainEntityOfPage":{"@id":"https:\/\/www.comfenalcovalle.com.co\/jornada-de-conservacion-de-los-manglares-en-bazan-la-bocana-turismo-sostenible-en-buenaventura\/"},"wordCount":607,"publisher":{"@id":"https:\/\/www.comfenalcovalle.com.co\/#organization"},"image":{"@id":"https:\/\/www.comfenalcovalle.com.co\/jornada-de-conservacion-de-los-manglares-en-bazan-la-bocana-turismo-sostenible-en-buenaventura\/#primaryimage"},"thumbnailUrl":"https:\/\/test.comfenalcovalle.com.co\/wp-content\/uploads\/2025\/04\/manglares-comunidades-bocana-2025-07.jpg","keywords":["bazan","Comfenalco Valle Delagente","conservaci\u00f3n de manglares","econom\u00eda circular","educaci\u00f3n ambiental","gobernaci\u00f3n del valle del cauca","turismo comunitario","turismo sostenible en Buenaventura"],"articleSection":["Turismo Sostenible"],"inLanguage":"en-US"},{"@type":"WebPage","@id":"https:\/\/www.comfenalcovalle.com.co\/jornada-de-conservacion-de-los-manglares-en-bazan-la-bocana-turismo-sostenible-en-buenaventura\/","url":"https:\/\/www.comfenalcovalle.com.co\/jornada-de-conservacion-de-los-manglares-en-bazan-la-bocana-turismo-sostenible-en-buenaventura\/","name":"Jornada de conservaci\u00f3n de los manglares en Baz\u00e1n La Bocana...","isPartOf":{"@id":"https:\/\/www.comfenalcovalle.com.co\/#website"},"primaryImageOfPage":{"@id":"https:\/\/www.comfenalcovalle.com.co\/jornada-de-conservacion-de-los-manglares-en-bazan-la-bocana-turismo-sostenible-en-buenaventura\/#primaryimage"},"image":{"@id":"https:\/\/www.comfenalcovalle.com.co\/jornada-de-conservacion-de-los-manglares-en-bazan-la-bocana-turismo-sostenible-en-buenaventura\/#primaryimage"},"thumbnailUrl":"https:\/\/test.comfenalcovalle.com.co\/wp-content\/uploads\/2025\/04\/manglares-comunidades-bocana-2025-07.jpg","datePublished":"2025-04-03T14:04:48+00:00","dateModified":"2025-04-04T22:01:06+00:00","description":"Conoce nuestro compromiso ambiental en el Pac\u00edfico colombiano.","breadcrumb":{"@id":"https:\/\/www.comfenalcovalle.com.co\/jornada-de-conservacion-de-los-manglares-en-bazan-la-bocana-turismo-sostenible-en-buenaventura\/#breadcrumb"},"inLanguage":"en-US","potentialAction":[{"@type":"ReadAction","target":["https:\/\/www.comfenalcovalle.com.co\/jornada-de-conservacion-de-los-manglares-en-bazan-la-bocana-turismo-sostenible-en-buenaventura\/"]}]},{"@type":"ImageObject","inLanguage":"en-US","@id":"https:\/\/www.comfenalcovalle.com.co\/jornada-de-conservacion-de-los-manglares-en-bazan-la-bocana-turismo-sostenible-en-buenaventura\/#primaryimage","url":"https:\/\/test.comfenalcovalle.com.co\/wp-content\/uploads\/2025\/04\/manglares-comunidades-bocana-2025-07.jpg","contentUrl":"https:\/\/test.comfenalcovalle.com.co\/wp-content\/uploads\/2025\/04\/manglares-comunidades-bocana-2025-07.jpg","width":876,"height":584,"caption":"jornada manglares bazan la bocana"},{"@type":"BreadcrumbList","@id":"https:\/\/www.comfenalcovalle.com.co\/jornada-de-conservacion-de-los-manglares-en-bazan-la-bocana-turismo-sostenible-en-buenaventura\/#breadcrumb","itemListElement":[{"@type":"ListItem","position":1,"name":"Portada","item":"https:\/\/www.comfenalcovalle.com.co\/"},{"@type":"ListItem","position":2,"name":"Jornada de conservaci\u00f3n de los manglares en Baz\u00e1n La Bocana: Turismo sostenible en Buenaventura"}]},{"@type":"WebSite","@id":"https:\/\/www.comfenalcovalle.com.co\/#website","url":"https:\/\/www.comfenalcovalle.com.co\/","name":"Comfenalco Valle Delagente","description":"Comfenalco Valle Delagente compensation fund.","publisher":{"@id":"https:\/\/www.comfenalcovalle.com.co\/#organization"},"potentialAction":[{"@type":"SearchAction","target":{"@type":"EntryPoint","urlTemplate":"https:\/\/www.comfenalcovalle.com.co\/?s={search_term_string}"},"query-input":{"@type":"PropertyValueSpecification","valueRequired":true,"valueName":"search_term_string"}}],"inLanguage":"en-US"},{"@type":"Organization","@id":"https:\/\/www.comfenalcovalle.com.co\/#organization","name":"Comfenalco Valle Delagente","url":"https:\/\/www.comfenalcovalle.com.co\/","logo":{"@type":"ImageObject","inLanguage":"en-US","@id":"https:\/\/www.comfenalcovalle.com.co\/#\/schema\/logo\/image\/","url":"https:\/\/test.comfenalcovalle.com.co\/wp-content\/uploads\/2021\/06\/logo-comfe-cabecera-agencia-empelo-actualizado.png","contentUrl":"https:\/\/test.comfenalcovalle.com.co\/wp-content\/uploads\/2021\/06\/logo-comfe-cabecera-agencia-empelo-actualizado.png","width":500,"height":184,"caption":"Comfenalco Valle Delagente"},"image":{"@id":"https:\/\/www.comfenalcovalle.com.co\/#\/schema\/logo\/image\/"}},{"@type":"Person","@id":"https:\/\/www.comfenalcovalle.com.co\/#\/schema\/person\/d4d8bcb299f88f97b06096cf6a21cb01","name":"Communications Comfenalco Valle delagente","image":{"@type":"ImageObject","inLanguage":"en-US","@id":"https:\/\/www.comfenalcovalle.com.co\/#\/schema\/person\/image\/","url":"https:\/\/secure.gravatar.com\/avatar\/d1c29eb639a137df0ac8bfec50479e8d6ef564f7320f439d9d984504359ea6ee?s=96&d=mm&r=g","contentUrl":"https:\/\/secure.gravatar.com\/avatar\/d1c29eb639a137df0ac8bfec50479e8d6ef564f7320f439d9d984504359ea6ee?s=96&d=mm&r=g","caption":"Comunicaciones Comfenalco Valle delagente"},"url":"https:\/\/test.comfenalcovalle.com.co\/en\/author\/comunicaciones-comfenalco-valle-delagente\/"}]}},"publishpress_future_action":{"enabled":false,"date":"2026-05-10 07:26:01","action":"change-status","newStatus":"draft","terms":[],"taxonomy":"category","extraData":[]},"publishpress_future_workflow_manual_trigger":{"enabledWorkflows":[]},"_links":{"self":[{"href":"https:\/\/test.comfenalcovalle.com.co\/en\/wp-json\/wp\/v2\/posts\/657210","targetHints":{"allow":["GET"]}}],"collection":[{"href":"https:\/\/test.comfenalcovalle.com.co\/en\/wp-json\/wp\/v2\/posts"}],"about":[{"href":"https:\/\/test.comfenalcovalle.com.co\/en\/wp-json\/wp\/v2\/types\/post"}],"author":[{"embeddable":true,"href":"https:\/\/test.comfenalcovalle.com.co\/en\/wp-json\/wp\/v2\/users\/6"}],"replies":[{"embeddable":true,"href":"https:\/\/test.comfenalcovalle.com.co\/en\/wp-json\/wp\/v2\/comments?post=657210"}],"version-history":[{"count":0,"href":"https:\/\/test.comfenalcovalle.com.co\/en\/wp-json\/wp\/v2\/posts\/657210\/revisions"}],"wp:featuredmedia":[{"embeddable":true,"href":"https:\/\/test.comfenalcovalle.com.co\/en\/wp-json\/wp\/v2\/media\/657182"}],"wp:attachment":[{"href":"https:\/\/test.comfenalcovalle.com.co\/en\/wp-json\/wp\/v2\/media?parent=657210"}],"wp:term":[{"taxonomy":"category","embeddable":true,"href":"https:\/\/test.comfenalcovalle.com.co\/en\/wp-json\/wp\/v2\/categories?post=657210"},{"taxonomy":"post_tag","embeddable":true,"href":"https:\/\/test.comfenalcovalle.com.co\/en\/wp-json\/wp\/v2\/tags?post=657210"}],"curies":[{"name":"wp","href":"https:\/\/api.w.org\/{rel}","templated":true}]}}