{"id":655849,"date":"2025-02-27T11:14:36","date_gmt":"2025-02-27T16:14:36","guid":{"rendered":"https:\/\/test.comfenalcovalle.com.co\/?p=655849"},"modified":"2025-02-28T10:19:32","modified_gmt":"2025-02-28T15:19:32","slug":"estudiantes-certificados-en-formacion-dual","status":"publish","type":"post","link":"https:\/\/test.comfenalcovalle.com.co\/en\/estudiantes-certificados-en-formacion-dual\/","title":{"rendered":"Estudiantes certificados en formaci\u00f3n dual en el Valle del Cauca"},"content":{"rendered":"<div data-elementor-type=\"wp-post\" data-elementor-id=\"655849\" class=\"elementor elementor-655849\" data-elementor-post-type=\"post\">\n\t\t\t\t\t\t<section class=\"elementor-section elementor-top-section elementor-element elementor-element-a4cd3a0 elementor-section-boxed elementor-section-height-default elementor-section-height-default\" data-id=\"a4cd3a0\" data-element_type=\"section\">\n\t\t\t\t\t\t<div class=\"elementor-container elementor-column-gap-default\">\n\t\t\t\t\t<div class=\"elementor-column elementor-col-100 elementor-top-column elementor-element elementor-element-5e118cf5\" data-id=\"5e118cf5\" data-element_type=\"column\">\n\t\t\t<div class=\"elementor-widget-wrap elementor-element-populated\">\n\t\t\t\t\t\t<div class=\"elementor-element elementor-element-75522b60 elementor-widget elementor-widget-text-editor\" data-id=\"75522b60\" data-element_type=\"widget\" data-widget_type=\"text-editor.default\">\n\t\t\t\t<div class=\"elementor-widget-container\">\n\t\t\t\t\t\t\t\t\t\n<h2 id=\"h-valle-del-cauca-primer-departamento-en-certificar-a-estudiantes-en-procesos-formativos-duales-inspirados-en-el-modelo-suizo\" class=\"wp-block-heading\"><strong>Valle del Cauca, primer departamento en certificar a estudiantes en procesos formativos duales inspirados en el modelo suizo<\/strong>.<\/h2>\n\n<ul class=\"wp-block-list\">\n<li><em>60 j\u00f3venes del Valle del Cauca obtuvieron su grado, gracias al programa piloto de formaci\u00f3n dual basado en el modelo suizo.<\/em><\/li>\n<\/ul>\n\n<p>Se gradu\u00f3 la primera promoci\u00f3n de j\u00f3venes del piloto de formaci\u00f3n dual inspirado en el modelo suizo. Un total de 60 vallecaucanos se formaron en habilidades y competencias claves para fortalecer la empleabilidad y el desarrollo de la regi\u00f3n.<\/p>\n\n<p>Con la graduaci\u00f3n de estos j\u00f3venes, el Valle del Cauca se convierte en el primer departamento en certificar a estudiantes en procesos formativos duales basados en el modelo educativo suizo.<\/p>\n\n<p>Este logro se alcanz\u00f3 gracias a la alianza estrat\u00e9gica entre la Cooperaci\u00f3n Suiza, liderado por <a href=\"https:\/\/www.swisscontact.org\/es\/paises\/colombia\" target=\"_blank\" rel=\"noreferrer noopener\">Swisscontact<\/a> y su programa <a href=\"https:\/\/www.colombiamascompetitiva.com\/\" target=\"_blank\" rel=\"noreferrer noopener\">Colombia + Competitiva<\/a>, financiado por el Programa de Cooperaci\u00f3n y Desarrollo econ\u00f3mico (SECO) del gobierno suizo y Comfenalco Valle Delagente.<\/p>\n\n<p>Seg\u00fan Clara Eugenia Orozco, gerente de Empleabilidad y Emprendimiento de Comfenalco Valle Delagente \u201cparticipamos dentro del piloto a trav\u00e9s de nuestra instituci\u00f3n de formaci\u00f3n para el trabajo PEC Delagente, quienes junto a otras instituciones educativas, actuaron como formadores y mentores de los tutores y colaboradores de las distintas empresas participantes. Con esto se busca que ellos puedan aplicar sus conocimientos en cada una de las organizaciones en las cuales desarrollan el programa, buscando mejorar su productividad y aumentar sus posibilidades de empleabilidad\u201d.<\/p>\n\t\t\t\t\t\t\t\t<\/div>\n\t\t\t\t<\/div>\n\t\t\t\t<div class=\"elementor-element elementor-element-9fc3f63 elementor-widget elementor-widget-gallery\" data-id=\"9fc3f63\" data-element_type=\"widget\" data-settings=\"{&quot;lazyload&quot;:&quot;yes&quot;,&quot;gallery_layout&quot;:&quot;grid&quot;,&quot;columns&quot;:4,&quot;columns_tablet&quot;:2,&quot;columns_mobile&quot;:1,&quot;gap&quot;:{&quot;unit&quot;:&quot;px&quot;,&quot;size&quot;:10,&quot;sizes&quot;:[]},&quot;gap_tablet&quot;:{&quot;unit&quot;:&quot;px&quot;,&quot;size&quot;:10,&quot;sizes&quot;:[]},&quot;gap_mobile&quot;:{&quot;unit&quot;:&quot;px&quot;,&quot;size&quot;:10,&quot;sizes&quot;:[]},&quot;link_to&quot;:&quot;file&quot;,&quot;aspect_ratio&quot;:&quot;3:2&quot;,&quot;overlay_background&quot;:&quot;yes&quot;,&quot;content_hover_animation&quot;:&quot;fade-in&quot;}\" data-widget_type=\"gallery.default\">\n\t\t\t\t<div class=\"elementor-widget-container\">\n\t\t\t\t\t\t\t<div class=\"elementor-gallery__container\">\n\t\t\t\t\t\t\t<a class=\"e-gallery-item elementor-gallery-item elementor-animated-content\" href=\"https:\/\/test.comfenalcovalle.com.co\/wp-content\/uploads\/2025\/02\/formacion-dual-evento-febrero-2025-07.jpg\" data-elementor-open-lightbox=\"yes\" data-elementor-lightbox-slideshow=\"9fc3f63\" data-elementor-lightbox-title=\"formacion-dual-evento-febrero-2025-07\" data-e-action-hash=\"#elementor-action%3Aaction%3Dlightbox%26settings%3DeyJpZCI6NjU1ODYwLCJ1cmwiOiJodHRwczpcL1wvdGVzdC5jb21mZW5hbGNvdmFsbGUuY29tLmNvXC93cC1jb250ZW50XC91cGxvYWRzXC8yMDI1XC8wMlwvZm9ybWFjaW9uLWR1YWwtZXZlbnRvLWZlYnJlcm8tMjAyNS0wNy5qcGciLCJzbGlkZXNob3ciOiI5ZmMzZjYzIn0%3D\">\n\t\t\t\t\t<div class=\"e-gallery-image elementor-gallery-item__image\" data-thumbnail=\"https:\/\/test.comfenalcovalle.com.co\/wp-content\/uploads\/2025\/02\/formacion-dual-evento-febrero-2025-07-300x220.jpg\" data-width=\"300\" data-height=\"220\" aria-label=\"formacion dual\" role=\"img\" ><\/div>\n\t\t\t\t\t\t\t\t\t\t\t<div class=\"elementor-gallery-item__overlay\"><\/div>\n\t\t\t\t\t\t\t\t\t\t\t\t\t\t<\/a>\n\t\t\t\t\t\t\t<a class=\"e-gallery-item elementor-gallery-item elementor-animated-content\" href=\"https:\/\/test.comfenalcovalle.com.co\/wp-content\/uploads\/2025\/02\/formacion-dual-evento-febrero-2025-01.jpg\" data-elementor-open-lightbox=\"yes\" data-elementor-lightbox-slideshow=\"9fc3f63\" data-elementor-lightbox-title=\"formacion-dual-evento-febrero-2025-01\" data-e-action-hash=\"#elementor-action%3Aaction%3Dlightbox%26settings%3DeyJpZCI6NjU1ODU0LCJ1cmwiOiJodHRwczpcL1wvdGVzdC5jb21mZW5hbGNvdmFsbGUuY29tLmNvXC93cC1jb250ZW50XC91cGxvYWRzXC8yMDI1XC8wMlwvZm9ybWFjaW9uLWR1YWwtZXZlbnRvLWZlYnJlcm8tMjAyNS0wMS5qcGciLCJzbGlkZXNob3ciOiI5ZmMzZjYzIn0%3D\">\n\t\t\t\t\t<div class=\"e-gallery-image elementor-gallery-item__image\" data-thumbnail=\"https:\/\/test.comfenalcovalle.com.co\/wp-content\/uploads\/2025\/02\/formacion-dual-evento-febrero-2025-01-300x200.jpg\" data-width=\"300\" data-height=\"200\" aria-label=\"\" role=\"img\" ><\/div>\n\t\t\t\t\t\t\t\t\t\t\t<div class=\"elementor-gallery-item__overlay\"><\/div>\n\t\t\t\t\t\t\t\t\t\t\t\t\t\t<\/a>\n\t\t\t\t\t\t\t<a class=\"e-gallery-item elementor-gallery-item elementor-animated-content\" href=\"https:\/\/test.comfenalcovalle.com.co\/wp-content\/uploads\/2025\/02\/formacion-dual-evento-febrero-2025-05.jpg\" data-elementor-open-lightbox=\"yes\" data-elementor-lightbox-slideshow=\"9fc3f63\" data-elementor-lightbox-title=\"formacion-dual-evento-febrero-2025-05\" data-e-action-hash=\"#elementor-action%3Aaction%3Dlightbox%26settings%3DeyJpZCI6NjU1ODU4LCJ1cmwiOiJodHRwczpcL1wvdGVzdC5jb21mZW5hbGNvdmFsbGUuY29tLmNvXC93cC1jb250ZW50XC91cGxvYWRzXC8yMDI1XC8wMlwvZm9ybWFjaW9uLWR1YWwtZXZlbnRvLWZlYnJlcm8tMjAyNS0wNS5qcGciLCJzbGlkZXNob3ciOiI5ZmMzZjYzIn0%3D\">\n\t\t\t\t\t<div class=\"e-gallery-image elementor-gallery-item__image\" data-thumbnail=\"https:\/\/test.comfenalcovalle.com.co\/wp-content\/uploads\/2025\/02\/formacion-dual-evento-febrero-2025-05-300x200.jpg\" data-width=\"300\" data-height=\"200\" aria-label=\"\" role=\"img\" ><\/div>\n\t\t\t\t\t\t\t\t\t\t\t<div class=\"elementor-gallery-item__overlay\"><\/div>\n\t\t\t\t\t\t\t\t\t\t\t\t\t\t<\/a>\n\t\t\t\t\t\t\t<a class=\"e-gallery-item elementor-gallery-item elementor-animated-content\" href=\"https:\/\/test.comfenalcovalle.com.co\/wp-content\/uploads\/2025\/02\/formacion-dual-evento-febrero-2025-04.jpg\" data-elementor-open-lightbox=\"yes\" data-elementor-lightbox-slideshow=\"9fc3f63\" data-elementor-lightbox-title=\"formacion-dual-evento-febrero-2025-04\" data-e-action-hash=\"#elementor-action%3Aaction%3Dlightbox%26settings%3DeyJpZCI6NjU1ODU3LCJ1cmwiOiJodHRwczpcL1wvdGVzdC5jb21mZW5hbGNvdmFsbGUuY29tLmNvXC93cC1jb250ZW50XC91cGxvYWRzXC8yMDI1XC8wMlwvZm9ybWFjaW9uLWR1YWwtZXZlbnRvLWZlYnJlcm8tMjAyNS0wNC5qcGciLCJzbGlkZXNob3ciOiI5ZmMzZjYzIn0%3D\">\n\t\t\t\t\t<div class=\"e-gallery-image elementor-gallery-item__image\" data-thumbnail=\"https:\/\/test.comfenalcovalle.com.co\/wp-content\/uploads\/2025\/02\/formacion-dual-evento-febrero-2025-04-300x200.jpg\" data-width=\"300\" data-height=\"200\" aria-label=\"\" role=\"img\" ><\/div>\n\t\t\t\t\t\t\t\t\t\t\t<div class=\"elementor-gallery-item__overlay\"><\/div>\n\t\t\t\t\t\t\t\t\t\t\t\t\t\t<\/a>\n\t\t\t\t\t<\/div>\n\t\t\t\t\t<\/div>\n\t\t\t\t<\/div>\n\t\t\t\t<div class=\"elementor-element elementor-element-ce8c205 elementor-widget elementor-widget-text-editor\" data-id=\"ce8c205\" data-element_type=\"widget\" data-widget_type=\"text-editor.default\">\n\t\t\t\t<div class=\"elementor-widget-container\">\n\t\t\t\t\t\t\t\t\t\n<p>De este programa piloto, hicieron parte 60 colaboradores de las empresas Colombina, Ingenio Riopaila Castilla, Harinera del Valle e Ingenio Mayag\u00fcez, los cuales participaron en diplomados dise\u00f1ados para responder a las demandas de la industria: mantenimiento y reparaci\u00f3n de maquinaria agr\u00edcola\u00a0de producci\u00f3n de ca\u00f1a, operario aut\u00f3nomo\u00a0en moliner\u00eda y operario aut\u00f3nomo\u00a0en confiter\u00eda.<\/p>\n\n<p>El p\u00e9nsum de cada programa fue construido de acuerdo con las necesidades de las empresas participantes, para lograr no solo la formaci\u00f3n de sus colaboradores, sino el fortalecimiento de la organizaci\u00f3n y su productividad. La capacitaci\u00f3n tuvo un enfoque pr\u00e1ctico e incluy\u00f3 m\u00f3dulos transversales de seguridad industrial y habilidades socioemocionales.<\/p>\n\n<p>La formaci\u00f3n\u00a0dual es una modalidad en la que la empresa juega un papel fundamental como co &#8211;\u00a0formadora. Es decir, que los procesos formativos de los estudiantes est\u00e1n\u00a0coordinados de manera paralela entre la instituci\u00f3n\u00a0formadora y la empresa donde se realizan las pr\u00e1cticas\u00a0laborales. Esta modalidad implica que el proceso formativo se realice simult\u00e1neamente\u00a0con el productivo, vinculando a los estudiantes desde el primer d\u00eda de clases a sus pr\u00e1cticas\u00a0laborales, que son pagadas a trav\u00e9s de contratos de aprendizaje.\u00a0<\/p>\n\n<p>En esta primera etapa participaron importantes empresas aliadas que creyeron en el proceso y en poco tiempo se espera firmar convenios con nuevas organizaciones que han mostrado inter\u00e9s en hacer parte de este modelo educativo, explic\u00f3 Jair Vanegas, director ejecutivo del PEC Delagente, quien agreg\u00f3 que \u201cpara lograr la implementaci\u00f3n de este modelo, viajaron a Suiza y conocieron de cerca el proceso, para adaptarlo al contexto colombiano\u201d.<\/p>\n\t\t\t\t\t\t\t\t<\/div>\n\t\t\t\t<\/div>\n\t\t\t\t<div class=\"elementor-element elementor-element-c3412fa elementor-widget elementor-widget-gallery\" data-id=\"c3412fa\" data-element_type=\"widget\" data-settings=\"{&quot;lazyload&quot;:&quot;yes&quot;,&quot;gallery_layout&quot;:&quot;grid&quot;,&quot;columns&quot;:4,&quot;columns_tablet&quot;:2,&quot;columns_mobile&quot;:1,&quot;gap&quot;:{&quot;unit&quot;:&quot;px&quot;,&quot;size&quot;:10,&quot;sizes&quot;:[]},&quot;gap_tablet&quot;:{&quot;unit&quot;:&quot;px&quot;,&quot;size&quot;:10,&quot;sizes&quot;:[]},&quot;gap_mobile&quot;:{&quot;unit&quot;:&quot;px&quot;,&quot;size&quot;:10,&quot;sizes&quot;:[]},&quot;link_to&quot;:&quot;file&quot;,&quot;aspect_ratio&quot;:&quot;3:2&quot;,&quot;overlay_background&quot;:&quot;yes&quot;,&quot;content_hover_animation&quot;:&quot;fade-in&quot;}\" data-widget_type=\"gallery.default\">\n\t\t\t\t<div class=\"elementor-widget-container\">\n\t\t\t\t\t\t\t<div class=\"elementor-gallery__container\">\n\t\t\t\t\t\t\t<a class=\"e-gallery-item elementor-gallery-item elementor-animated-content\" href=\"https:\/\/test.comfenalcovalle.com.co\/wp-content\/uploads\/2025\/02\/formacion-dual-evento-febrero-2025-02.jpg\" data-elementor-open-lightbox=\"yes\" data-elementor-lightbox-slideshow=\"c3412fa\" data-elementor-lightbox-title=\"formacion-dual-evento-febrero-2025-02\" data-e-action-hash=\"#elementor-action%3Aaction%3Dlightbox%26settings%3DeyJpZCI6NjU1ODU1LCJ1cmwiOiJodHRwczpcL1wvdGVzdC5jb21mZW5hbGNvdmFsbGUuY29tLmNvXC93cC1jb250ZW50XC91cGxvYWRzXC8yMDI1XC8wMlwvZm9ybWFjaW9uLWR1YWwtZXZlbnRvLWZlYnJlcm8tMjAyNS0wMi5qcGciLCJzbGlkZXNob3ciOiJjMzQxMmZhIn0%3D\">\n\t\t\t\t\t<div class=\"e-gallery-image elementor-gallery-item__image\" data-thumbnail=\"https:\/\/test.comfenalcovalle.com.co\/wp-content\/uploads\/2025\/02\/formacion-dual-evento-febrero-2025-02-300x200.jpg\" data-width=\"300\" data-height=\"200\" aria-label=\"\" role=\"img\" ><\/div>\n\t\t\t\t\t\t\t\t\t\t\t<div class=\"elementor-gallery-item__overlay\"><\/div>\n\t\t\t\t\t\t\t\t\t\t\t\t\t\t<\/a>\n\t\t\t\t\t\t\t<a class=\"e-gallery-item elementor-gallery-item elementor-animated-content\" href=\"https:\/\/test.comfenalcovalle.com.co\/wp-content\/uploads\/2025\/02\/formacion-dual-evento-febrero-2025-03.jpg\" data-elementor-open-lightbox=\"yes\" data-elementor-lightbox-slideshow=\"c3412fa\" data-elementor-lightbox-title=\"formacion-dual-evento-febrero-2025-03\" data-e-action-hash=\"#elementor-action%3Aaction%3Dlightbox%26settings%3DeyJpZCI6NjU1ODU2LCJ1cmwiOiJodHRwczpcL1wvdGVzdC5jb21mZW5hbGNvdmFsbGUuY29tLmNvXC93cC1jb250ZW50XC91cGxvYWRzXC8yMDI1XC8wMlwvZm9ybWFjaW9uLWR1YWwtZXZlbnRvLWZlYnJlcm8tMjAyNS0wMy5qcGciLCJzbGlkZXNob3ciOiJjMzQxMmZhIn0%3D\">\n\t\t\t\t\t<div class=\"e-gallery-image elementor-gallery-item__image\" data-thumbnail=\"https:\/\/test.comfenalcovalle.com.co\/wp-content\/uploads\/2025\/02\/formacion-dual-evento-febrero-2025-03-300x200.jpg\" data-width=\"300\" data-height=\"200\" aria-label=\"\" role=\"img\" ><\/div>\n\t\t\t\t\t\t\t\t\t\t\t<div class=\"elementor-gallery-item__overlay\"><\/div>\n\t\t\t\t\t\t\t\t\t\t\t\t\t\t<\/a>\n\t\t\t\t\t\t\t<a class=\"e-gallery-item elementor-gallery-item elementor-animated-content\" href=\"https:\/\/test.comfenalcovalle.com.co\/wp-content\/uploads\/2025\/02\/formacion-dual-evento-febrero-2025-06.jpg\" data-elementor-open-lightbox=\"yes\" data-elementor-lightbox-slideshow=\"c3412fa\" data-elementor-lightbox-title=\"formacion-dual-evento-febrero-2025-06\" data-e-action-hash=\"#elementor-action%3Aaction%3Dlightbox%26settings%3DeyJpZCI6NjU1ODU5LCJ1cmwiOiJodHRwczpcL1wvdGVzdC5jb21mZW5hbGNvdmFsbGUuY29tLmNvXC93cC1jb250ZW50XC91cGxvYWRzXC8yMDI1XC8wMlwvZm9ybWFjaW9uLWR1YWwtZXZlbnRvLWZlYnJlcm8tMjAyNS0wNi5qcGciLCJzbGlkZXNob3ciOiJjMzQxMmZhIn0%3D\">\n\t\t\t\t\t<div class=\"e-gallery-image elementor-gallery-item__image\" data-thumbnail=\"https:\/\/test.comfenalcovalle.com.co\/wp-content\/uploads\/2025\/02\/formacion-dual-evento-febrero-2025-06-300x200.jpg\" data-width=\"300\" data-height=\"200\" aria-label=\"\" role=\"img\" ><\/div>\n\t\t\t\t\t\t\t\t\t\t\t<div class=\"elementor-gallery-item__overlay\"><\/div>\n\t\t\t\t\t\t\t\t\t\t\t\t\t\t<\/a>\n\t\t\t\t\t\t\t<a class=\"e-gallery-item elementor-gallery-item elementor-animated-content\" href=\"https:\/\/test.comfenalcovalle.com.co\/wp-content\/uploads\/2025\/02\/formacion-dual-evento-febrero-2025-08.jpg\" data-elementor-open-lightbox=\"yes\" data-elementor-lightbox-slideshow=\"c3412fa\" data-elementor-lightbox-title=\"formacion-dual-evento-febrero-2025-08\" data-e-action-hash=\"#elementor-action%3Aaction%3Dlightbox%26settings%3DeyJpZCI6NjU1ODY4LCJ1cmwiOiJodHRwczpcL1wvdGVzdC5jb21mZW5hbGNvdmFsbGUuY29tLmNvXC93cC1jb250ZW50XC91cGxvYWRzXC8yMDI1XC8wMlwvZm9ybWFjaW9uLWR1YWwtZXZlbnRvLWZlYnJlcm8tMjAyNS0wOC5qcGciLCJzbGlkZXNob3ciOiJjMzQxMmZhIn0%3D\">\n\t\t\t\t\t<div class=\"e-gallery-image elementor-gallery-item__image\" data-thumbnail=\"https:\/\/test.comfenalcovalle.com.co\/wp-content\/uploads\/2025\/02\/formacion-dual-evento-febrero-2025-08-300x200.jpg\" data-width=\"300\" data-height=\"200\" aria-label=\"\" role=\"img\" ><\/div>\n\t\t\t\t\t\t\t\t\t\t\t<div class=\"elementor-gallery-item__overlay\"><\/div>\n\t\t\t\t\t\t\t\t\t\t\t\t\t\t<\/a>\n\t\t\t\t\t<\/div>\n\t\t\t\t\t<\/div>\n\t\t\t\t<\/div>\n\t\t\t\t<div class=\"elementor-element elementor-element-033af1b elementor-widget elementor-widget-text-editor\" data-id=\"033af1b\" data-element_type=\"widget\" data-widget_type=\"text-editor.default\">\n\t\t\t\t<div class=\"elementor-widget-container\">\n\t\t\t\t\t\t\t\t\t\n<p>El funcionario manifest\u00f3 que \u201cha sido un trabajo de un a\u00f1o en el que pudimos vincular inicialmente a cuatro empresas que creyeron y confiaron en el modelo. Ellos permitieron que 60 de sus empleados, empezaran su proceso de formaci\u00f3n interna\u201d.<\/p>\n\n<p>Las empresas participantes mostraron su complacencia con los resultados obtenidos en este plan piloto. Isabel Cristina D\u00edaz Garc\u00eda, directora de desarrollo del Talento <a href=\"https:\/\/ingeniomayaguez.com\/inicio\/\" target=\"_blank\" rel=\"noreferrer noopener\">Mayag\u00fcez S.A.<\/a> explic\u00f3 que \u201cesta fue una apuesta que aceptamos pensando m\u00e1s en el desarrollo de regi\u00f3n y la oportunidad de disminuir las brechas que se presentan entre los requerimientos que normalmente tenemos en las compa\u00f1\u00edas y lo que se encuentra en el mercado. La Caja de Compensaci\u00f3n Familiar Comfenalco Valle Delagente ha sido un aliado supremamente importante para nosotros, en el acompa\u00f1amiento de este proceso. Estamos viendo qu\u00e9 otras cosas se pueden hacer para seguir generando un impacto positivo en la sociedad\u201d.<\/p>\n\n<p>En el marco de la ceremonia de graduaci\u00f3n se anunci\u00f3 una alianza estrat\u00e9gica entre la <a href=\"https:\/\/www.valledelcauca.gov.co\/\" target=\"_blank\" rel=\"noreferrer noopener\">Gobernaci\u00f3n del Valle del Cauca<\/a> and <a href=\"https:\/\/www.swisscontact.org\/es\/paises\/colombia\" target=\"_blank\" rel=\"noreferrer noopener\">Swisscontact<\/a>, para seguir ampliando este exitoso modelo a nivel regional, de tal manera que se logre una mayor cobertura e impacto.<\/p>\n\n<p>El evento de graduaci\u00f3n de esta primera promoci\u00f3n se llev\u00f3 a cabo el lunes 24 de febrero en el hotel Intercontinental de Cali y cont\u00f3 con la presencia de representantes de la Gobernaci\u00f3n del Valle Del Cauca, el <a href=\"https:\/\/www.eda.admin.ch\/bogota\" target=\"_blank\" rel=\"noreferrer noopener\">Embajador Suizo en Colombia<\/a>, Representantes de Swisscontact en Colombia, Directivos de <a href=\"https:\/\/propacifico.org\/\" target=\"_blank\" rel=\"noreferrer noopener\">Propacifico<\/a>, Directivos de las empresas representantes, Directivos del PEC Delagente y de Comfenalco Valle Delagente.<\/p>\n\n<p>\u00a0<\/p>\n<p><strong>Comfenalco Valle Delagente<\/strong><\/p>\n\n<p><strong>Family Compensation Fund of Valle del Cauca.<\/strong><\/p>\n\t\t\t\t\t\t\t\t<\/div>\n\t\t\t\t<\/div>\n\t\t\t\t\t<\/div>\n\t\t<\/div>\n\t\t\t\t\t<\/div>\n\t\t<\/section>\n\t\t\t\t<\/div>","protected":false},"excerpt":{"rendered":"<p>60 j\u00f3venes del Valle del Cauca obtuvieron su grado, gracias al programa piloto de formaci\u00f3n dual basado en el modelo suizo.<\/p>","protected":false},"author":6,"featured_media":655860,"comment_status":"closed","ping_status":"closed","sticky":false,"template":"","format":"standard","meta":{"footnotes":""},"categories":[73],"tags":[997,234,109,85,117,959,996,995,962,998,994],"class_list":["post-655849","post","type-post","status-publish","format-standard","has-post-thumbnail","hentry","category-agencia-de-empleo","tag-afiliadas","tag-comfenalco-valle","tag-delagente","tag-educacion","tag-empresas","tag-formacion","tag-ingenio","tag-macrosnacks","tag-mayaguez","tag-operarios","tag-pec-delagente"],"yoast_head":"<!-- This site is optimized with the Yoast SEO Premium plugin v25.9 (Yoast SEO v25.9) - https:\/\/yoast.com\/wordpress\/plugins\/seo\/ -->\n<title>Estudiantes certificados en formaci\u00f3n dual en el Valle del Cauca<\/title>\n<meta name=\"description\" content=\"60 j\u00f3venes del Valle del Cauca obtuvieron su grado, gracias al programa piloto de formaci\u00f3n dual basado en el modelo suizo.\" \/>\n<meta name=\"robots\" content=\"index, follow, max-snippet:-1, max-image-preview:large, max-video-preview:-1\" \/>\n<link rel=\"canonical\" href=\"https:\/\/www.comfenalcovalle.com.co\/estudiantes-certificados-en-formacion-dual\/\" \/>\n<meta property=\"og:locale\" content=\"en_US\" \/>\n<meta property=\"og:type\" content=\"article\" \/>\n<meta property=\"og:title\" content=\"Estudiantes certificados en formaci\u00f3n dual en el Valle del Cauca\" \/>\n<meta property=\"og:description\" content=\"60 j\u00f3venes del Valle del Cauca obtuvieron su grado, gracias al programa piloto de formaci\u00f3n dual basado en el modelo suizo.\" \/>\n<meta property=\"og:url\" content=\"https:\/\/www.comfenalcovalle.com.co\/estudiantes-certificados-en-formacion-dual\/\" \/>\n<meta property=\"og:site_name\" content=\"Comfenalco Valle Delagente\" \/>\n<meta property=\"article:published_time\" content=\"2025-02-27T16:14:36+00:00\" \/>\n<meta property=\"article:modified_time\" content=\"2025-02-28T15:19:32+00:00\" \/>\n<meta property=\"og:image\" content=\"https:\/\/www.comfenalcovalle.com.co\/wp-content\/uploads\/2025\/02\/formacion-dual-evento-febrero-2025-07.jpg\" \/>\n\t<meta property=\"og:image:width\" content=\"894\" \/>\n\t<meta property=\"og:image:height\" content=\"657\" \/>\n\t<meta property=\"og:image:type\" content=\"image\/jpeg\" \/>\n<meta name=\"author\" content=\"Comunicaciones Comfenalco Valle delagente\" \/>\n<meta name=\"twitter:card\" content=\"summary_large_image\" \/>\n<meta name=\"twitter:label1\" content=\"Written by\" \/>\n\t<meta name=\"twitter:data1\" content=\"Comunicaciones Comfenalco Valle delagente\" \/>\n\t<meta name=\"twitter:label2\" content=\"Est. reading time\" \/>\n\t<meta name=\"twitter:data2\" content=\"4 minutes\" \/>\n<script type=\"application\/ld+json\" class=\"yoast-schema-graph\">{\"@context\":\"https:\/\/schema.org\",\"@graph\":[{\"@type\":\"Article\",\"@id\":\"https:\/\/www.comfenalcovalle.com.co\/estudiantes-certificados-en-formacion-dual\/#article\",\"isPartOf\":{\"@id\":\"https:\/\/www.comfenalcovalle.com.co\/estudiantes-certificados-en-formacion-dual\/\"},\"author\":{\"name\":\"Comunicaciones Comfenalco Valle delagente\",\"@id\":\"https:\/\/www.comfenalcovalle.com.co\/#\/schema\/person\/d4d8bcb299f88f97b06096cf6a21cb01\"},\"headline\":\"Estudiantes certificados en formaci\u00f3n dual en el Valle del Cauca\",\"datePublished\":\"2025-02-27T16:14:36+00:00\",\"dateModified\":\"2025-02-28T15:19:32+00:00\",\"mainEntityOfPage\":{\"@id\":\"https:\/\/www.comfenalcovalle.com.co\/estudiantes-certificados-en-formacion-dual\/\"},\"wordCount\":810,\"publisher\":{\"@id\":\"https:\/\/www.comfenalcovalle.com.co\/#organization\"},\"image\":{\"@id\":\"https:\/\/www.comfenalcovalle.com.co\/estudiantes-certificados-en-formacion-dual\/#primaryimage\"},\"thumbnailUrl\":\"https:\/\/test.comfenalcovalle.com.co\/wp-content\/uploads\/2025\/02\/formacion-dual-evento-febrero-2025-07.jpg\",\"keywords\":[\"afiliadas\",\"comfenalco valle\",\"Delagente\",\"educacion\",\"empresas\",\"formaci\u00f3n\",\"ingenio\",\"macrosnacks\",\"mayaguez\",\"operarios\",\"pec delagente\"],\"articleSection\":[\"Agencia de empleo\"],\"inLanguage\":\"en-US\"},{\"@type\":\"WebPage\",\"@id\":\"https:\/\/www.comfenalcovalle.com.co\/estudiantes-certificados-en-formacion-dual\/\",\"url\":\"https:\/\/www.comfenalcovalle.com.co\/estudiantes-certificados-en-formacion-dual\/\",\"name\":\"Estudiantes certificados en formaci\u00f3n dual en el Valle del Cauca\",\"isPartOf\":{\"@id\":\"https:\/\/www.comfenalcovalle.com.co\/#website\"},\"primaryImageOfPage\":{\"@id\":\"https:\/\/www.comfenalcovalle.com.co\/estudiantes-certificados-en-formacion-dual\/#primaryimage\"},\"image\":{\"@id\":\"https:\/\/www.comfenalcovalle.com.co\/estudiantes-certificados-en-formacion-dual\/#primaryimage\"},\"thumbnailUrl\":\"https:\/\/test.comfenalcovalle.com.co\/wp-content\/uploads\/2025\/02\/formacion-dual-evento-febrero-2025-07.jpg\",\"datePublished\":\"2025-02-27T16:14:36+00:00\",\"dateModified\":\"2025-02-28T15:19:32+00:00\",\"description\":\"60 j\u00f3venes del Valle del Cauca obtuvieron su grado, gracias al programa piloto de formaci\u00f3n dual basado en el modelo suizo.\",\"breadcrumb\":{\"@id\":\"https:\/\/www.comfenalcovalle.com.co\/estudiantes-certificados-en-formacion-dual\/#breadcrumb\"},\"inLanguage\":\"en-US\",\"potentialAction\":[{\"@type\":\"ReadAction\",\"target\":[\"https:\/\/www.comfenalcovalle.com.co\/estudiantes-certificados-en-formacion-dual\/\"]}]},{\"@type\":\"ImageObject\",\"inLanguage\":\"en-US\",\"@id\":\"https:\/\/www.comfenalcovalle.com.co\/estudiantes-certificados-en-formacion-dual\/#primaryimage\",\"url\":\"https:\/\/test.comfenalcovalle.com.co\/wp-content\/uploads\/2025\/02\/formacion-dual-evento-febrero-2025-07.jpg\",\"contentUrl\":\"https:\/\/test.comfenalcovalle.com.co\/wp-content\/uploads\/2025\/02\/formacion-dual-evento-febrero-2025-07.jpg\",\"width\":894,\"height\":657,\"caption\":\"formacion dual\"},{\"@type\":\"BreadcrumbList\",\"@id\":\"https:\/\/www.comfenalcovalle.com.co\/estudiantes-certificados-en-formacion-dual\/#breadcrumb\",\"itemListElement\":[{\"@type\":\"ListItem\",\"position\":1,\"name\":\"Portada\",\"item\":\"https:\/\/www.comfenalcovalle.com.co\/\"},{\"@type\":\"ListItem\",\"position\":2,\"name\":\"Estudiantes certificados en formaci\u00f3n dual en el Valle del Cauca\"}]},{\"@type\":\"WebSite\",\"@id\":\"https:\/\/www.comfenalcovalle.com.co\/#website\",\"url\":\"https:\/\/www.comfenalcovalle.com.co\/\",\"name\":\"Comfenalco Valle Delagente\",\"description\":\"Caja de compensaci\u00f3n de Comfenalco Valle Delagente.\",\"publisher\":{\"@id\":\"https:\/\/www.comfenalcovalle.com.co\/#organization\"},\"potentialAction\":[{\"@type\":\"SearchAction\",\"target\":{\"@type\":\"EntryPoint\",\"urlTemplate\":\"https:\/\/www.comfenalcovalle.com.co\/?s={search_term_string}\"},\"query-input\":{\"@type\":\"PropertyValueSpecification\",\"valueRequired\":true,\"valueName\":\"search_term_string\"}}],\"inLanguage\":\"en-US\"},{\"@type\":\"Organization\",\"@id\":\"https:\/\/www.comfenalcovalle.com.co\/#organization\",\"name\":\"Comfenalco Valle Delagente\",\"url\":\"https:\/\/www.comfenalcovalle.com.co\/\",\"logo\":{\"@type\":\"ImageObject\",\"inLanguage\":\"en-US\",\"@id\":\"https:\/\/www.comfenalcovalle.com.co\/#\/schema\/logo\/image\/\",\"url\":\"https:\/\/test.comfenalcovalle.com.co\/wp-content\/uploads\/2021\/06\/logo-comfe-cabecera-agencia-empelo-actualizado.png\",\"contentUrl\":\"https:\/\/test.comfenalcovalle.com.co\/wp-content\/uploads\/2021\/06\/logo-comfe-cabecera-agencia-empelo-actualizado.png\",\"width\":500,\"height\":184,\"caption\":\"Comfenalco Valle Delagente\"},\"image\":{\"@id\":\"https:\/\/www.comfenalcovalle.com.co\/#\/schema\/logo\/image\/\"}},{\"@type\":\"Person\",\"@id\":\"https:\/\/www.comfenalcovalle.com.co\/#\/schema\/person\/d4d8bcb299f88f97b06096cf6a21cb01\",\"name\":\"Comunicaciones Comfenalco Valle delagente\",\"image\":{\"@type\":\"ImageObject\",\"inLanguage\":\"en-US\",\"@id\":\"https:\/\/www.comfenalcovalle.com.co\/#\/schema\/person\/image\/\",\"url\":\"https:\/\/secure.gravatar.com\/avatar\/d1c29eb639a137df0ac8bfec50479e8d6ef564f7320f439d9d984504359ea6ee?s=96&d=mm&r=g\",\"contentUrl\":\"https:\/\/secure.gravatar.com\/avatar\/d1c29eb639a137df0ac8bfec50479e8d6ef564f7320f439d9d984504359ea6ee?s=96&d=mm&r=g\",\"caption\":\"Comunicaciones Comfenalco Valle delagente\"},\"url\":\"https:\/\/test.comfenalcovalle.com.co\/en\/author\/comunicaciones-comfenalco-valle-delagente\/\"}]}<\/script>\n<!-- \/ Yoast SEO Premium plugin. -->","yoast_head_json":{"title":"Estudiantes certificados en formaci\u00f3n dual en el Valle del Cauca","description":"60 j\u00f3venes del Valle del Cauca obtuvieron su grado, gracias al programa piloto de formaci\u00f3n dual basado en el modelo suizo.","robots":{"index":"index","follow":"follow","max-snippet":"max-snippet:-1","max-image-preview":"max-image-preview:large","max-video-preview":"max-video-preview:-1"},"canonical":"https:\/\/www.comfenalcovalle.com.co\/estudiantes-certificados-en-formacion-dual\/","og_locale":"en_US","og_type":"article","og_title":"Estudiantes certificados en formaci\u00f3n dual en el Valle del Cauca","og_description":"60 j\u00f3venes del Valle del Cauca obtuvieron su grado, gracias al programa piloto de formaci\u00f3n dual basado en el modelo suizo.","og_url":"https:\/\/www.comfenalcovalle.com.co\/estudiantes-certificados-en-formacion-dual\/","og_site_name":"Comfenalco Valle Delagente","article_published_time":"2025-02-27T16:14:36+00:00","article_modified_time":"2025-02-28T15:19:32+00:00","og_image":[{"width":894,"height":657,"url":"https:\/\/www.comfenalcovalle.com.co\/wp-content\/uploads\/2025\/02\/formacion-dual-evento-febrero-2025-07.jpg","type":"image\/jpeg"}],"author":"Comunicaciones Comfenalco Valle delagente","twitter_card":"summary_large_image","twitter_misc":{"Written by":"Comunicaciones Comfenalco Valle delagente","Est. reading time":"4 minutes"},"schema":{"@context":"https:\/\/schema.org","@graph":[{"@type":"Article","@id":"https:\/\/www.comfenalcovalle.com.co\/estudiantes-certificados-en-formacion-dual\/#article","isPartOf":{"@id":"https:\/\/www.comfenalcovalle.com.co\/estudiantes-certificados-en-formacion-dual\/"},"author":{"name":"Comunicaciones Comfenalco Valle delagente","@id":"https:\/\/www.comfenalcovalle.com.co\/#\/schema\/person\/d4d8bcb299f88f97b06096cf6a21cb01"},"headline":"Estudiantes certificados en formaci\u00f3n dual en el Valle del Cauca","datePublished":"2025-02-27T16:14:36+00:00","dateModified":"2025-02-28T15:19:32+00:00","mainEntityOfPage":{"@id":"https:\/\/www.comfenalcovalle.com.co\/estudiantes-certificados-en-formacion-dual\/"},"wordCount":810,"publisher":{"@id":"https:\/\/www.comfenalcovalle.com.co\/#organization"},"image":{"@id":"https:\/\/www.comfenalcovalle.com.co\/estudiantes-certificados-en-formacion-dual\/#primaryimage"},"thumbnailUrl":"https:\/\/test.comfenalcovalle.com.co\/wp-content\/uploads\/2025\/02\/formacion-dual-evento-febrero-2025-07.jpg","keywords":["afiliadas","comfenalco valle","Delagente","educacion","empresas","formaci\u00f3n","ingenio","macrosnacks","mayaguez","operarios","pec delagente"],"articleSection":["Agencia de empleo"],"inLanguage":"en-US"},{"@type":"WebPage","@id":"https:\/\/www.comfenalcovalle.com.co\/estudiantes-certificados-en-formacion-dual\/","url":"https:\/\/www.comfenalcovalle.com.co\/estudiantes-certificados-en-formacion-dual\/","name":"Estudiantes certificados en formaci\u00f3n dual en el Valle del Cauca","isPartOf":{"@id":"https:\/\/www.comfenalcovalle.com.co\/#website"},"primaryImageOfPage":{"@id":"https:\/\/www.comfenalcovalle.com.co\/estudiantes-certificados-en-formacion-dual\/#primaryimage"},"image":{"@id":"https:\/\/www.comfenalcovalle.com.co\/estudiantes-certificados-en-formacion-dual\/#primaryimage"},"thumbnailUrl":"https:\/\/test.comfenalcovalle.com.co\/wp-content\/uploads\/2025\/02\/formacion-dual-evento-febrero-2025-07.jpg","datePublished":"2025-02-27T16:14:36+00:00","dateModified":"2025-02-28T15:19:32+00:00","description":"60 j\u00f3venes del Valle del Cauca obtuvieron su grado, gracias al programa piloto de formaci\u00f3n dual basado en el modelo suizo.","breadcrumb":{"@id":"https:\/\/www.comfenalcovalle.com.co\/estudiantes-certificados-en-formacion-dual\/#breadcrumb"},"inLanguage":"en-US","potentialAction":[{"@type":"ReadAction","target":["https:\/\/www.comfenalcovalle.com.co\/estudiantes-certificados-en-formacion-dual\/"]}]},{"@type":"ImageObject","inLanguage":"en-US","@id":"https:\/\/www.comfenalcovalle.com.co\/estudiantes-certificados-en-formacion-dual\/#primaryimage","url":"https:\/\/test.comfenalcovalle.com.co\/wp-content\/uploads\/2025\/02\/formacion-dual-evento-febrero-2025-07.jpg","contentUrl":"https:\/\/test.comfenalcovalle.com.co\/wp-content\/uploads\/2025\/02\/formacion-dual-evento-febrero-2025-07.jpg","width":894,"height":657,"caption":"formacion dual"},{"@type":"BreadcrumbList","@id":"https:\/\/www.comfenalcovalle.com.co\/estudiantes-certificados-en-formacion-dual\/#breadcrumb","itemListElement":[{"@type":"ListItem","position":1,"name":"Portada","item":"https:\/\/www.comfenalcovalle.com.co\/"},{"@type":"ListItem","position":2,"name":"Estudiantes certificados en formaci\u00f3n dual en el Valle del Cauca"}]},{"@type":"WebSite","@id":"https:\/\/www.comfenalcovalle.com.co\/#website","url":"https:\/\/www.comfenalcovalle.com.co\/","name":"Comfenalco Valle Delagente","description":"Comfenalco Valle Delagente compensation fund.","publisher":{"@id":"https:\/\/www.comfenalcovalle.com.co\/#organization"},"potentialAction":[{"@type":"SearchAction","target":{"@type":"EntryPoint","urlTemplate":"https:\/\/www.comfenalcovalle.com.co\/?s={search_term_string}"},"query-input":{"@type":"PropertyValueSpecification","valueRequired":true,"valueName":"search_term_string"}}],"inLanguage":"en-US"},{"@type":"Organization","@id":"https:\/\/www.comfenalcovalle.com.co\/#organization","name":"Comfenalco Valle Delagente","url":"https:\/\/www.comfenalcovalle.com.co\/","logo":{"@type":"ImageObject","inLanguage":"en-US","@id":"https:\/\/www.comfenalcovalle.com.co\/#\/schema\/logo\/image\/","url":"https:\/\/test.comfenalcovalle.com.co\/wp-content\/uploads\/2021\/06\/logo-comfe-cabecera-agencia-empelo-actualizado.png","contentUrl":"https:\/\/test.comfenalcovalle.com.co\/wp-content\/uploads\/2021\/06\/logo-comfe-cabecera-agencia-empelo-actualizado.png","width":500,"height":184,"caption":"Comfenalco Valle Delagente"},"image":{"@id":"https:\/\/www.comfenalcovalle.com.co\/#\/schema\/logo\/image\/"}},{"@type":"Person","@id":"https:\/\/www.comfenalcovalle.com.co\/#\/schema\/person\/d4d8bcb299f88f97b06096cf6a21cb01","name":"Communications Comfenalco Valle delagente","image":{"@type":"ImageObject","inLanguage":"en-US","@id":"https:\/\/www.comfenalcovalle.com.co\/#\/schema\/person\/image\/","url":"https:\/\/secure.gravatar.com\/avatar\/d1c29eb639a137df0ac8bfec50479e8d6ef564f7320f439d9d984504359ea6ee?s=96&d=mm&r=g","contentUrl":"https:\/\/secure.gravatar.com\/avatar\/d1c29eb639a137df0ac8bfec50479e8d6ef564f7320f439d9d984504359ea6ee?s=96&d=mm&r=g","caption":"Comunicaciones Comfenalco Valle delagente"},"url":"https:\/\/test.comfenalcovalle.com.co\/en\/author\/comunicaciones-comfenalco-valle-delagente\/"}]}},"publishpress_future_action":{"enabled":false,"date":"2026-05-08 11:08:16","action":"change-status","newStatus":"draft","terms":[],"taxonomy":"category","extraData":[]},"publishpress_future_workflow_manual_trigger":{"enabledWorkflows":[]},"_links":{"self":[{"href":"https:\/\/test.comfenalcovalle.com.co\/en\/wp-json\/wp\/v2\/posts\/655849","targetHints":{"allow":["GET"]}}],"collection":[{"href":"https:\/\/test.comfenalcovalle.com.co\/en\/wp-json\/wp\/v2\/posts"}],"about":[{"href":"https:\/\/test.comfenalcovalle.com.co\/en\/wp-json\/wp\/v2\/types\/post"}],"author":[{"embeddable":true,"href":"https:\/\/test.comfenalcovalle.com.co\/en\/wp-json\/wp\/v2\/users\/6"}],"replies":[{"embeddable":true,"href":"https:\/\/test.comfenalcovalle.com.co\/en\/wp-json\/wp\/v2\/comments?post=655849"}],"version-history":[{"count":0,"href":"https:\/\/test.comfenalcovalle.com.co\/en\/wp-json\/wp\/v2\/posts\/655849\/revisions"}],"wp:featuredmedia":[{"embeddable":true,"href":"https:\/\/test.comfenalcovalle.com.co\/en\/wp-json\/wp\/v2\/media\/655860"}],"wp:attachment":[{"href":"https:\/\/test.comfenalcovalle.com.co\/en\/wp-json\/wp\/v2\/media?parent=655849"}],"wp:term":[{"taxonomy":"category","embeddable":true,"href":"https:\/\/test.comfenalcovalle.com.co\/en\/wp-json\/wp\/v2\/categories?post=655849"},{"taxonomy":"post_tag","embeddable":true,"href":"https:\/\/test.comfenalcovalle.com.co\/en\/wp-json\/wp\/v2\/tags?post=655849"}],"curies":[{"name":"wp","href":"https:\/\/api.w.org\/{rel}","templated":true}]}}