{"id":655759,"date":"2025-02-25T17:20:33","date_gmt":"2025-02-25T22:20:33","guid":{"rendered":"https:\/\/test.comfenalcovalle.com.co\/?p=655759"},"modified":"2025-02-25T17:21:37","modified_gmt":"2025-02-25T22:21:37","slug":"mas-de-14-000-personas-lograron-conseguir-empleo-gracias-a-comfenalco-valle-delagente","status":"publish","type":"post","link":"https:\/\/test.comfenalcovalle.com.co\/en\/mas-de-14-000-personas-lograron-conseguir-empleo-gracias-a-comfenalco-valle-delagente\/","title":{"rendered":"M\u00e1s de 14.000 personas lograron conseguir empleo gracias a Comfenalco Valle Delagente"},"content":{"rendered":"<p>Lograr que m\u00e1s de 14.000 personas tengan un empleo formal y digno, no es tarea f\u00e1cil. Es una misi\u00f3n de valientes. Un reto que Comfenalco Valle Delagente asumi\u00f3 y cumpli\u00f3 con total responsabilidad.<\/p>\n\n\n\n<p>En su meta de contribuir al desarrollo social y al fortalecimiento econ\u00f3mico de las familias del departamento, la Agencia de Empleo de Comfenalco Valle Delagente, cre\u00f3 acciones que contribuyeron a la generaci\u00f3n de oportunidades y al cierre de brechas para los buscadores de empleo, fortaleciendo el encuentro entre la oferta y la demanda laboral y aportando a la colocaci\u00f3n de los vallecaucanos.<\/p>\n\n\n\n<p><strong>\u00bfC\u00f3mo se logr\u00f3 este objetivo en el 2024?<\/strong><strong><\/strong><\/p>\n\n\n\n<p>Se estableci\u00f3 como estrategia de fidelizaci\u00f3n y reconocimiento, gracias a la realizaci\u00f3n de&nbsp;ferias laborales en asocio con las Alcald\u00edas Municipales. Con esto se logr\u00f3 proyectar y dar a conocer los servicios de la Agencia de Empleo y reafirmar la relaci\u00f3n con administraciones p\u00fablicas de la regi\u00f3n, obteniendo los siguientes resultados:<\/p>\n\n\n\n<ul class=\"wp-block-list\">\n<li>Total de asistentes a las Ferias Laborales a nivel regional: 11.626 personas.<\/li>\n\n\n\n<li>Gesti\u00f3n de 22.606 vacantes.<\/li>\n\n\n\n<li>Colocaci\u00f3n efectiva de 14.692 personas en diferentes empleos.<\/li>\n\n\n\n<li>Un total de 33.038 personas fueron capacitadas en diferentes \u00e1reas, como apoyo a su formaci\u00f3n para la b\u00fasqueda de empleo.<\/li>\n<\/ul>\n\n\n\n<p><br><strong>\u00bfQu\u00e9 sectores econ\u00f3micos son los que m\u00e1s ofrecen posibilidades laborales?<\/strong><\/p>\n\n\n\n<p>Para el caso de la labor de la Agencia de Empleo de Comfenalco Valle Delagente, los sectores que m\u00e1s posibilidades laborales generaron en el 2024 fueron:<\/p>\n\n\n\n<ul class=\"wp-block-list\">\n<li>Comercial: 1.878 vacantes.<\/li>\n\n\n\n<li>Seguridad: 1.832 vacantes.<\/li>\n\n\n\n<li>Producci\u00f3n: 1.607 vacantes.<\/li>\n\n\n\n<li>Call Center: 806 vacantes.<\/li>\n\n\n\n<li>Administrativo \/ Oficina: 766 vacantes.<\/li>\n\n\n\n<li>Log\u00edstica: 759 vacantes.<\/li>\n\n\n\n<li>Salud: 231 vacantes.<\/li>\n\n\n\n<li>Docencia: 102 vacantes.<\/li>\n<\/ul>\n\n\n\n<p><br>Pero la labor de generar oportunidades laborales de la Caja de Compensaci\u00f3n Familiar, no se limit\u00f3 al Valle del Cauca, sino que trascendi\u00f3 fronteras. Es as\u00ed c\u00f3mo, desde el a\u00f1o 2023, la Agencia de Empleo fue autorizada para prestar servicios transnacionales y, a la fecha ha participado en cinco (5) convocatorias del proyecto TEAM, haciendo la selecci\u00f3n de profesionales en enfermer\u00eda y tecn\u00f3logos en electricidad industrial. Hasta el momento se ha logrado la selecci\u00f3n efectiva de 58 personas para cubrir estas vacantes en el extranjero.<\/p>\n\n\n\n<p><strong>\u00bfQu\u00e9 nuevas acciones tiene preparadas Comfenalco Valle Delagente para seguir fomentando el empleo en 2025?<\/strong><strong><\/strong><\/p>\n\n\n\n<p>La Agencia de Empleo bajo su servicio transnacional, tiene dentro de su plan de trabajo lograr establecer articulaciones con otros pa\u00edses en el marco de la migraci\u00f3n laboral segura para colombianos, para este a\u00f1o,&nbsp; espera lograr establecer alianzas, con Reino Unido y M\u00e9xico, donde se ha identificado que la mano de obra colombiana tiene bastante demanda.&nbsp;<\/p>\n\n\n\n<p>Actualmente contamos con convenios a trav\u00e9s de la Unidad del Servicio P\u00fablico de Empleo con Alemania y nos encontramos estableciendo acuerdos con Canad\u00e1, Per\u00fa y Espa\u00f1a para gestionar las vacantes que se generen en dichos pa\u00edses.<\/p>\n\n\n\n<p>Adem\u00e1s, para este a\u00f1o, esperamos fortalecer el trabajo y cierre de brechas para las poblaciones de dif\u00edcil&nbsp;colocaci\u00f3n, como j\u00f3venes&nbsp;entre 18 y 28 a\u00f1os, personas con discapacidad y etnias, fomentando as\u00ed, la inclusi\u00f3n, diversidad y equidad.<\/p>\n\n\n\n<p>\u201cCon estas acciones, Comfenalco Valle Delagente cumple efectivamente con su objetivo social y aporta al mejoramiento de la econom\u00eda de las familias, pues en la actualidad, ubicarse en un empleo formal y digno se ha convertido, para muchos, en una misi\u00f3n casi imposible\u201d, manifest\u00f3 Clara Eugenia Orozco, adem\u00e1s, resumi\u00f3 las acciones realizadas por la agencia:<\/p>\n\n\n\n<ul class=\"wp-block-list\">\n<li>Facilitar el proceso de registro y actualizaci\u00f3n de la hoja de vida de los cesantes en la plataforma designada.<\/li>\n\n\n\n<li>Ejecutar acciones de orientaci\u00f3n ocupacional que permitan estimular el desarrollo de competencias para la empleabilidad de los cesantes.<\/li>\n\n\n\n<li>Realizar el proceso de preselecci\u00f3n de los posibles candidatos que cumplen con los requisitos solicitados por el empleador, facilitando el&nbsp;proceso de postulaci\u00f3n de los buscadores de empleo a las diversas vacantes publicadas en la plataforma.<\/li>\n\n\n\n<li>Apoyar a las empresas en la elaboraci\u00f3n de los perfiles ocupacionales, definici\u00f3n y registro de vacantes en la plataforma del Servicio P\u00fablico de Empleo cuando as\u00ed lo requieran.<\/li>\n<\/ul>\n\n\n\n<p><br><strong>Comfenalco Valle Delagente<\/strong><br><strong>Family Compensation Fund of Valle del Cauca.<\/strong><\/p>","protected":false},"excerpt":{"rendered":"<p>Lograr que m\u00e1s de 14.000 personas tengan un empleo formal y digno, no es tarea f\u00e1cil. Es una misi\u00f3n de valientes. Un reto que Comfenalco Valle Delagente asumi\u00f3 y cumpli\u00f3 con total responsabilidad. En su meta de contribuir al desarrollo social y al fortalecimiento econ\u00f3mico de las familias del departamento, la Agencia de Empleo de [&hellip;]<\/p>","protected":false},"author":6,"featured_media":655762,"comment_status":"closed","ping_status":"closed","sticky":false,"template":"","format":"standard","meta":{"footnotes":""},"categories":[73],"tags":[],"class_list":["post-655759","post","type-post","status-publish","format-standard","has-post-thumbnail","hentry","category-agencia-de-empleo"],"yoast_head":"<!-- This site is optimized with the Yoast SEO Premium plugin v25.9 (Yoast SEO v25.9) - https:\/\/yoast.com\/wordpress\/plugins\/seo\/ -->\n<title>M\u00e1s de 14.000 personas lograron conseguir empleo...<\/title>\n<meta name=\"description\" content=\"La Agencia de Empleo de Comfenalco Valle Delagente, cre\u00f3 acciones que contribuyeron a la generaci\u00f3n de oportunidades de empleo.\" \/>\n<meta name=\"robots\" content=\"index, follow, max-snippet:-1, max-image-preview:large, max-video-preview:-1\" \/>\n<link rel=\"canonical\" href=\"https:\/\/www.comfenalcovalle.com.co\/mas-de-14-000-personas-lograron-conseguir-empleo-gracias-a-comfenalco-valle-delagente\/\" \/>\n<meta property=\"og:locale\" content=\"en_US\" \/>\n<meta property=\"og:type\" content=\"article\" \/>\n<meta property=\"og:title\" content=\"M\u00e1s de 14.000 personas lograron conseguir empleo gracias a Comfenalco Valle Delagente\" \/>\n<meta property=\"og:description\" content=\"La Agencia de Empleo de Comfenalco Valle Delagente, cre\u00f3 acciones que contribuyeron a la generaci\u00f3n de oportunidades de empleo.\" \/>\n<meta property=\"og:url\" content=\"https:\/\/www.comfenalcovalle.com.co\/mas-de-14-000-personas-lograron-conseguir-empleo-gracias-a-comfenalco-valle-delagente\/\" \/>\n<meta property=\"og:site_name\" content=\"Comfenalco Valle Delagente\" \/>\n<meta property=\"article:published_time\" content=\"2025-02-25T22:20:33+00:00\" \/>\n<meta property=\"article:modified_time\" content=\"2025-02-25T22:21:37+00:00\" \/>\n<meta property=\"og:image\" content=\"https:\/\/www.comfenalcovalle.com.co\/wp-content\/uploads\/2025\/02\/Mas-de-14.000-personas-lograron-conseguir-empleo-gracias-a-Comfenalco-Valle-Delagente-scaled.jpeg\" \/>\n\t<meta property=\"og:image:width\" content=\"1280\" \/>\n\t<meta property=\"og:image:height\" content=\"960\" \/>\n\t<meta property=\"og:image:type\" content=\"image\/jpeg\" \/>\n<meta name=\"author\" content=\"Comunicaciones Comfenalco Valle delagente\" \/>\n<meta name=\"twitter:card\" content=\"summary_large_image\" \/>\n<meta name=\"twitter:label1\" content=\"Written by\" \/>\n\t<meta name=\"twitter:data1\" content=\"Comunicaciones Comfenalco Valle delagente\" \/>\n\t<meta name=\"twitter:label2\" content=\"Est. reading time\" \/>\n\t<meta name=\"twitter:data2\" content=\"4 minutes\" \/>\n<script type=\"application\/ld+json\" class=\"yoast-schema-graph\">{\"@context\":\"https:\/\/schema.org\",\"@graph\":[{\"@type\":\"Article\",\"@id\":\"https:\/\/www.comfenalcovalle.com.co\/mas-de-14-000-personas-lograron-conseguir-empleo-gracias-a-comfenalco-valle-delagente\/#article\",\"isPartOf\":{\"@id\":\"https:\/\/www.comfenalcovalle.com.co\/mas-de-14-000-personas-lograron-conseguir-empleo-gracias-a-comfenalco-valle-delagente\/\"},\"author\":{\"name\":\"Comunicaciones Comfenalco Valle delagente\",\"@id\":\"https:\/\/www.comfenalcovalle.com.co\/#\/schema\/person\/d4d8bcb299f88f97b06096cf6a21cb01\"},\"headline\":\"M\u00e1s de 14.000 personas lograron conseguir empleo gracias a Comfenalco Valle Delagente\",\"datePublished\":\"2025-02-25T22:20:33+00:00\",\"dateModified\":\"2025-02-25T22:21:37+00:00\",\"mainEntityOfPage\":{\"@id\":\"https:\/\/www.comfenalcovalle.com.co\/mas-de-14-000-personas-lograron-conseguir-empleo-gracias-a-comfenalco-valle-delagente\/\"},\"wordCount\":708,\"publisher\":{\"@id\":\"https:\/\/www.comfenalcovalle.com.co\/#organization\"},\"image\":{\"@id\":\"https:\/\/www.comfenalcovalle.com.co\/mas-de-14-000-personas-lograron-conseguir-empleo-gracias-a-comfenalco-valle-delagente\/#primaryimage\"},\"thumbnailUrl\":\"https:\/\/test.comfenalcovalle.com.co\/wp-content\/uploads\/2025\/02\/Mas-de-14.000-personas-lograron-conseguir-empleo-gracias-a-Comfenalco-Valle-Delagente-scaled.jpeg\",\"articleSection\":[\"Agencia de empleo\"],\"inLanguage\":\"en-US\"},{\"@type\":\"WebPage\",\"@id\":\"https:\/\/www.comfenalcovalle.com.co\/mas-de-14-000-personas-lograron-conseguir-empleo-gracias-a-comfenalco-valle-delagente\/\",\"url\":\"https:\/\/www.comfenalcovalle.com.co\/mas-de-14-000-personas-lograron-conseguir-empleo-gracias-a-comfenalco-valle-delagente\/\",\"name\":\"M\u00e1s de 14.000 personas lograron conseguir empleo...\",\"isPartOf\":{\"@id\":\"https:\/\/www.comfenalcovalle.com.co\/#website\"},\"primaryImageOfPage\":{\"@id\":\"https:\/\/www.comfenalcovalle.com.co\/mas-de-14-000-personas-lograron-conseguir-empleo-gracias-a-comfenalco-valle-delagente\/#primaryimage\"},\"image\":{\"@id\":\"https:\/\/www.comfenalcovalle.com.co\/mas-de-14-000-personas-lograron-conseguir-empleo-gracias-a-comfenalco-valle-delagente\/#primaryimage\"},\"thumbnailUrl\":\"https:\/\/test.comfenalcovalle.com.co\/wp-content\/uploads\/2025\/02\/Mas-de-14.000-personas-lograron-conseguir-empleo-gracias-a-Comfenalco-Valle-Delagente-scaled.jpeg\",\"datePublished\":\"2025-02-25T22:20:33+00:00\",\"dateModified\":\"2025-02-25T22:21:37+00:00\",\"description\":\"La Agencia de Empleo de Comfenalco Valle Delagente, cre\u00f3 acciones que contribuyeron a la generaci\u00f3n de oportunidades de empleo.\",\"breadcrumb\":{\"@id\":\"https:\/\/www.comfenalcovalle.com.co\/mas-de-14-000-personas-lograron-conseguir-empleo-gracias-a-comfenalco-valle-delagente\/#breadcrumb\"},\"inLanguage\":\"en-US\",\"potentialAction\":[{\"@type\":\"ReadAction\",\"target\":[\"https:\/\/www.comfenalcovalle.com.co\/mas-de-14-000-personas-lograron-conseguir-empleo-gracias-a-comfenalco-valle-delagente\/\"]}]},{\"@type\":\"ImageObject\",\"inLanguage\":\"en-US\",\"@id\":\"https:\/\/www.comfenalcovalle.com.co\/mas-de-14-000-personas-lograron-conseguir-empleo-gracias-a-comfenalco-valle-delagente\/#primaryimage\",\"url\":\"https:\/\/test.comfenalcovalle.com.co\/wp-content\/uploads\/2025\/02\/Mas-de-14.000-personas-lograron-conseguir-empleo-gracias-a-Comfenalco-Valle-Delagente-scaled.jpeg\",\"contentUrl\":\"https:\/\/test.comfenalcovalle.com.co\/wp-content\/uploads\/2025\/02\/Mas-de-14.000-personas-lograron-conseguir-empleo-gracias-a-Comfenalco-Valle-Delagente-scaled.jpeg\",\"width\":1280,\"height\":960,\"caption\":\"Ma\u0301s de 14.000 personas lograron conseguir empleo gracias a Comfenalco Valle Delagente\"},{\"@type\":\"BreadcrumbList\",\"@id\":\"https:\/\/www.comfenalcovalle.com.co\/mas-de-14-000-personas-lograron-conseguir-empleo-gracias-a-comfenalco-valle-delagente\/#breadcrumb\",\"itemListElement\":[{\"@type\":\"ListItem\",\"position\":1,\"name\":\"Portada\",\"item\":\"https:\/\/www.comfenalcovalle.com.co\/\"},{\"@type\":\"ListItem\",\"position\":2,\"name\":\"M\u00e1s de 14.000 personas lograron conseguir empleo gracias a Comfenalco Valle Delagente\"}]},{\"@type\":\"WebSite\",\"@id\":\"https:\/\/www.comfenalcovalle.com.co\/#website\",\"url\":\"https:\/\/www.comfenalcovalle.com.co\/\",\"name\":\"Comfenalco Valle Delagente\",\"description\":\"Caja de compensaci\u00f3n de Comfenalco Valle Delagente.\",\"publisher\":{\"@id\":\"https:\/\/www.comfenalcovalle.com.co\/#organization\"},\"potentialAction\":[{\"@type\":\"SearchAction\",\"target\":{\"@type\":\"EntryPoint\",\"urlTemplate\":\"https:\/\/www.comfenalcovalle.com.co\/?s={search_term_string}\"},\"query-input\":{\"@type\":\"PropertyValueSpecification\",\"valueRequired\":true,\"valueName\":\"search_term_string\"}}],\"inLanguage\":\"en-US\"},{\"@type\":\"Organization\",\"@id\":\"https:\/\/www.comfenalcovalle.com.co\/#organization\",\"name\":\"Comfenalco Valle Delagente\",\"url\":\"https:\/\/www.comfenalcovalle.com.co\/\",\"logo\":{\"@type\":\"ImageObject\",\"inLanguage\":\"en-US\",\"@id\":\"https:\/\/www.comfenalcovalle.com.co\/#\/schema\/logo\/image\/\",\"url\":\"https:\/\/test.comfenalcovalle.com.co\/wp-content\/uploads\/2021\/06\/logo-comfe-cabecera-agencia-empelo-actualizado.png\",\"contentUrl\":\"https:\/\/test.comfenalcovalle.com.co\/wp-content\/uploads\/2021\/06\/logo-comfe-cabecera-agencia-empelo-actualizado.png\",\"width\":500,\"height\":184,\"caption\":\"Comfenalco Valle Delagente\"},\"image\":{\"@id\":\"https:\/\/www.comfenalcovalle.com.co\/#\/schema\/logo\/image\/\"}},{\"@type\":\"Person\",\"@id\":\"https:\/\/www.comfenalcovalle.com.co\/#\/schema\/person\/d4d8bcb299f88f97b06096cf6a21cb01\",\"name\":\"Comunicaciones Comfenalco Valle delagente\",\"image\":{\"@type\":\"ImageObject\",\"inLanguage\":\"en-US\",\"@id\":\"https:\/\/www.comfenalcovalle.com.co\/#\/schema\/person\/image\/\",\"url\":\"https:\/\/secure.gravatar.com\/avatar\/d1c29eb639a137df0ac8bfec50479e8d6ef564f7320f439d9d984504359ea6ee?s=96&d=mm&r=g\",\"contentUrl\":\"https:\/\/secure.gravatar.com\/avatar\/d1c29eb639a137df0ac8bfec50479e8d6ef564f7320f439d9d984504359ea6ee?s=96&d=mm&r=g\",\"caption\":\"Comunicaciones Comfenalco Valle delagente\"},\"url\":\"https:\/\/test.comfenalcovalle.com.co\/en\/author\/comunicaciones-comfenalco-valle-delagente\/\"}]}<\/script>\n<!-- \/ Yoast SEO Premium plugin. -->","yoast_head_json":{"title":"M\u00e1s de 14.000 personas lograron conseguir empleo...","description":"La Agencia de Empleo de Comfenalco Valle Delagente, cre\u00f3 acciones que contribuyeron a la generaci\u00f3n de oportunidades de empleo.","robots":{"index":"index","follow":"follow","max-snippet":"max-snippet:-1","max-image-preview":"max-image-preview:large","max-video-preview":"max-video-preview:-1"},"canonical":"https:\/\/www.comfenalcovalle.com.co\/mas-de-14-000-personas-lograron-conseguir-empleo-gracias-a-comfenalco-valle-delagente\/","og_locale":"en_US","og_type":"article","og_title":"M\u00e1s de 14.000 personas lograron conseguir empleo gracias a Comfenalco Valle Delagente","og_description":"La Agencia de Empleo de Comfenalco Valle Delagente, cre\u00f3 acciones que contribuyeron a la generaci\u00f3n de oportunidades de empleo.","og_url":"https:\/\/www.comfenalcovalle.com.co\/mas-de-14-000-personas-lograron-conseguir-empleo-gracias-a-comfenalco-valle-delagente\/","og_site_name":"Comfenalco Valle Delagente","article_published_time":"2025-02-25T22:20:33+00:00","article_modified_time":"2025-02-25T22:21:37+00:00","og_image":[{"width":1280,"height":960,"url":"https:\/\/www.comfenalcovalle.com.co\/wp-content\/uploads\/2025\/02\/Mas-de-14.000-personas-lograron-conseguir-empleo-gracias-a-Comfenalco-Valle-Delagente-scaled.jpeg","type":"image\/jpeg"}],"author":"Comunicaciones Comfenalco Valle delagente","twitter_card":"summary_large_image","twitter_misc":{"Written by":"Comunicaciones Comfenalco Valle delagente","Est. reading time":"4 minutes"},"schema":{"@context":"https:\/\/schema.org","@graph":[{"@type":"Article","@id":"https:\/\/www.comfenalcovalle.com.co\/mas-de-14-000-personas-lograron-conseguir-empleo-gracias-a-comfenalco-valle-delagente\/#article","isPartOf":{"@id":"https:\/\/www.comfenalcovalle.com.co\/mas-de-14-000-personas-lograron-conseguir-empleo-gracias-a-comfenalco-valle-delagente\/"},"author":{"name":"Comunicaciones Comfenalco Valle delagente","@id":"https:\/\/www.comfenalcovalle.com.co\/#\/schema\/person\/d4d8bcb299f88f97b06096cf6a21cb01"},"headline":"M\u00e1s de 14.000 personas lograron conseguir empleo gracias a Comfenalco Valle Delagente","datePublished":"2025-02-25T22:20:33+00:00","dateModified":"2025-02-25T22:21:37+00:00","mainEntityOfPage":{"@id":"https:\/\/www.comfenalcovalle.com.co\/mas-de-14-000-personas-lograron-conseguir-empleo-gracias-a-comfenalco-valle-delagente\/"},"wordCount":708,"publisher":{"@id":"https:\/\/www.comfenalcovalle.com.co\/#organization"},"image":{"@id":"https:\/\/www.comfenalcovalle.com.co\/mas-de-14-000-personas-lograron-conseguir-empleo-gracias-a-comfenalco-valle-delagente\/#primaryimage"},"thumbnailUrl":"https:\/\/test.comfenalcovalle.com.co\/wp-content\/uploads\/2025\/02\/Mas-de-14.000-personas-lograron-conseguir-empleo-gracias-a-Comfenalco-Valle-Delagente-scaled.jpeg","articleSection":["Agencia de empleo"],"inLanguage":"en-US"},{"@type":"WebPage","@id":"https:\/\/www.comfenalcovalle.com.co\/mas-de-14-000-personas-lograron-conseguir-empleo-gracias-a-comfenalco-valle-delagente\/","url":"https:\/\/www.comfenalcovalle.com.co\/mas-de-14-000-personas-lograron-conseguir-empleo-gracias-a-comfenalco-valle-delagente\/","name":"M\u00e1s de 14.000 personas lograron conseguir empleo...","isPartOf":{"@id":"https:\/\/www.comfenalcovalle.com.co\/#website"},"primaryImageOfPage":{"@id":"https:\/\/www.comfenalcovalle.com.co\/mas-de-14-000-personas-lograron-conseguir-empleo-gracias-a-comfenalco-valle-delagente\/#primaryimage"},"image":{"@id":"https:\/\/www.comfenalcovalle.com.co\/mas-de-14-000-personas-lograron-conseguir-empleo-gracias-a-comfenalco-valle-delagente\/#primaryimage"},"thumbnailUrl":"https:\/\/test.comfenalcovalle.com.co\/wp-content\/uploads\/2025\/02\/Mas-de-14.000-personas-lograron-conseguir-empleo-gracias-a-Comfenalco-Valle-Delagente-scaled.jpeg","datePublished":"2025-02-25T22:20:33+00:00","dateModified":"2025-02-25T22:21:37+00:00","description":"La Agencia de Empleo de Comfenalco Valle Delagente, cre\u00f3 acciones que contribuyeron a la generaci\u00f3n de oportunidades de empleo.","breadcrumb":{"@id":"https:\/\/www.comfenalcovalle.com.co\/mas-de-14-000-personas-lograron-conseguir-empleo-gracias-a-comfenalco-valle-delagente\/#breadcrumb"},"inLanguage":"en-US","potentialAction":[{"@type":"ReadAction","target":["https:\/\/www.comfenalcovalle.com.co\/mas-de-14-000-personas-lograron-conseguir-empleo-gracias-a-comfenalco-valle-delagente\/"]}]},{"@type":"ImageObject","inLanguage":"en-US","@id":"https:\/\/www.comfenalcovalle.com.co\/mas-de-14-000-personas-lograron-conseguir-empleo-gracias-a-comfenalco-valle-delagente\/#primaryimage","url":"https:\/\/test.comfenalcovalle.com.co\/wp-content\/uploads\/2025\/02\/Mas-de-14.000-personas-lograron-conseguir-empleo-gracias-a-Comfenalco-Valle-Delagente-scaled.jpeg","contentUrl":"https:\/\/test.comfenalcovalle.com.co\/wp-content\/uploads\/2025\/02\/Mas-de-14.000-personas-lograron-conseguir-empleo-gracias-a-Comfenalco-Valle-Delagente-scaled.jpeg","width":1280,"height":960,"caption":"Ma\u0301s de 14.000 personas lograron conseguir empleo gracias a Comfenalco Valle Delagente"},{"@type":"BreadcrumbList","@id":"https:\/\/www.comfenalcovalle.com.co\/mas-de-14-000-personas-lograron-conseguir-empleo-gracias-a-comfenalco-valle-delagente\/#breadcrumb","itemListElement":[{"@type":"ListItem","position":1,"name":"Portada","item":"https:\/\/www.comfenalcovalle.com.co\/"},{"@type":"ListItem","position":2,"name":"M\u00e1s de 14.000 personas lograron conseguir empleo gracias a Comfenalco Valle Delagente"}]},{"@type":"WebSite","@id":"https:\/\/www.comfenalcovalle.com.co\/#website","url":"https:\/\/www.comfenalcovalle.com.co\/","name":"Comfenalco Valle Delagente","description":"Comfenalco Valle Delagente compensation fund.","publisher":{"@id":"https:\/\/www.comfenalcovalle.com.co\/#organization"},"potentialAction":[{"@type":"SearchAction","target":{"@type":"EntryPoint","urlTemplate":"https:\/\/www.comfenalcovalle.com.co\/?s={search_term_string}"},"query-input":{"@type":"PropertyValueSpecification","valueRequired":true,"valueName":"search_term_string"}}],"inLanguage":"en-US"},{"@type":"Organization","@id":"https:\/\/www.comfenalcovalle.com.co\/#organization","name":"Comfenalco Valle Delagente","url":"https:\/\/www.comfenalcovalle.com.co\/","logo":{"@type":"ImageObject","inLanguage":"en-US","@id":"https:\/\/www.comfenalcovalle.com.co\/#\/schema\/logo\/image\/","url":"https:\/\/test.comfenalcovalle.com.co\/wp-content\/uploads\/2021\/06\/logo-comfe-cabecera-agencia-empelo-actualizado.png","contentUrl":"https:\/\/test.comfenalcovalle.com.co\/wp-content\/uploads\/2021\/06\/logo-comfe-cabecera-agencia-empelo-actualizado.png","width":500,"height":184,"caption":"Comfenalco Valle Delagente"},"image":{"@id":"https:\/\/www.comfenalcovalle.com.co\/#\/schema\/logo\/image\/"}},{"@type":"Person","@id":"https:\/\/www.comfenalcovalle.com.co\/#\/schema\/person\/d4d8bcb299f88f97b06096cf6a21cb01","name":"Communications Comfenalco Valle delagente","image":{"@type":"ImageObject","inLanguage":"en-US","@id":"https:\/\/www.comfenalcovalle.com.co\/#\/schema\/person\/image\/","url":"https:\/\/secure.gravatar.com\/avatar\/d1c29eb639a137df0ac8bfec50479e8d6ef564f7320f439d9d984504359ea6ee?s=96&d=mm&r=g","contentUrl":"https:\/\/secure.gravatar.com\/avatar\/d1c29eb639a137df0ac8bfec50479e8d6ef564f7320f439d9d984504359ea6ee?s=96&d=mm&r=g","caption":"Comunicaciones Comfenalco Valle delagente"},"url":"https:\/\/test.comfenalcovalle.com.co\/en\/author\/comunicaciones-comfenalco-valle-delagente\/"}]}},"publishpress_future_action":{"enabled":false,"date":"2026-05-10 06:39:47","action":"change-status","newStatus":"draft","terms":[],"taxonomy":"category","extraData":[]},"publishpress_future_workflow_manual_trigger":{"enabledWorkflows":[]},"_links":{"self":[{"href":"https:\/\/test.comfenalcovalle.com.co\/en\/wp-json\/wp\/v2\/posts\/655759","targetHints":{"allow":["GET"]}}],"collection":[{"href":"https:\/\/test.comfenalcovalle.com.co\/en\/wp-json\/wp\/v2\/posts"}],"about":[{"href":"https:\/\/test.comfenalcovalle.com.co\/en\/wp-json\/wp\/v2\/types\/post"}],"author":[{"embeddable":true,"href":"https:\/\/test.comfenalcovalle.com.co\/en\/wp-json\/wp\/v2\/users\/6"}],"replies":[{"embeddable":true,"href":"https:\/\/test.comfenalcovalle.com.co\/en\/wp-json\/wp\/v2\/comments?post=655759"}],"version-history":[{"count":0,"href":"https:\/\/test.comfenalcovalle.com.co\/en\/wp-json\/wp\/v2\/posts\/655759\/revisions"}],"wp:featuredmedia":[{"embeddable":true,"href":"https:\/\/test.comfenalcovalle.com.co\/en\/wp-json\/wp\/v2\/media\/655762"}],"wp:attachment":[{"href":"https:\/\/test.comfenalcovalle.com.co\/en\/wp-json\/wp\/v2\/media?parent=655759"}],"wp:term":[{"taxonomy":"category","embeddable":true,"href":"https:\/\/test.comfenalcovalle.com.co\/en\/wp-json\/wp\/v2\/categories?post=655759"},{"taxonomy":"post_tag","embeddable":true,"href":"https:\/\/test.comfenalcovalle.com.co\/en\/wp-json\/wp\/v2\/tags?post=655759"}],"curies":[{"name":"wp","href":"https:\/\/api.w.org\/{rel}","templated":true}]}}