{"id":653339,"date":"2025-01-16T16:37:07","date_gmt":"2025-01-16T21:37:07","guid":{"rendered":"https:\/\/test.comfenalcovalle.com.co\/?p=653339"},"modified":"2025-04-21T16:59:33","modified_gmt":"2025-04-21T21:59:33","slug":"aclaracion-sobre-eventos-que-mencionan-a-comfenalco-valle-delagente","status":"publish","type":"post","link":"https:\/\/test.comfenalcovalle.com.co\/en\/aclaracion-sobre-eventos-que-mencionan-a-comfenalco-valle-delagente\/","title":{"rendered":"Aclaraci\u00f3n sobre eventos que mencionan a Comfenalco Valle Delagente"},"content":{"rendered":"<p>Aclaramos a la comunidad en general que Comfenalco Valle Delagente no realiza actividades como retiros grupales, espirituales, celestiales o de superaci\u00f3n personal a nuestros centros recreacionales.<\/p>\n\n\n\n<p>No divulgamos ni promovemos, por chat u otros medios, eventos que est\u00e9n por fuera de nuestros canales oficiales:<\/p>\n\n\n\n<ul class=\"wp-block-list\">\n<li>P\u00e1gina web <a href=\"http:\/\/test.comfenalcovalle.com.co\/en\/\">test.comfenalcovalle.com.co<\/a><\/li>\n\n\n\n<li>Redes sociales: Facebook e Instagram @comfenalcovalle.<\/li>\n\n\n\n<li>App Delagente.&nbsp;&nbsp; &nbsp;<\/li>\n<\/ul>\n\n\n\n<p>Tampoco nos hacemos responsables de actividades o eventos organizados por personas a t\u00edtulo particular a trav\u00e9s de donaci\u00f3n o aporte voluntario.<\/p>\n\n\n\n<p>Si recibes informaci\u00f3n dudosa o sospechosa consulta nuestros canales oficiales, estamos dispuestos a aclarar tus dudas.<\/p>\n\n\n\n<p>We appreciate your attention.<\/p>\n\n\n\n<p><\/p>\n\n\n\n<p><strong>Recreation Management.<\/strong><\/p>\n\n\n\n<p><strong>Comfenalco Valle Delagente.<\/strong><\/p>","protected":false},"excerpt":{"rendered":"<p>Aclaramos a la comunidad en general que Comfenalco Valle Delagente no realiza actividades como retiros grupales, espirituales, celestiales o de superaci\u00f3n personal a nuestros centros recreacionales. No divulgamos ni promovemos, por chat u otros medios, eventos que est\u00e9n por fuera de nuestros canales oficiales: Tampoco nos hacemos responsables de actividades o eventos organizados por personas [&hellip;]<\/p>","protected":false},"author":6,"featured_media":654536,"comment_status":"closed","ping_status":"closed","sticky":false,"template":"","format":"standard","meta":{"footnotes":""},"categories":[15],"tags":[748,1031,234,86,109,123,978],"class_list":["post-653339","post","type-post","status-publish","format-standard","has-post-thumbnail","hentry","category-recreacion","tag-aclaracion","tag-claridad","tag-comfenalco-valle","tag-comunicado","tag-delagente","tag-eventos","tag-sospechoso"],"yoast_head":"<!-- This site is optimized with the Yoast SEO Premium plugin v25.9 (Yoast SEO v25.9) - https:\/\/yoast.com\/wordpress\/plugins\/seo\/ -->\n<title>Aclaraci\u00f3n sobre eventos que mencionan a Comfenalco Valle Delagente<\/title>\n<meta name=\"description\" content=\"Aclaramos a la comunidad en general que Comfenalco Valle Delagente no realiza actividades como retiros grupales, espirituales, celestiales...\" \/>\n<meta name=\"robots\" content=\"index, follow, max-snippet:-1, max-image-preview:large, max-video-preview:-1\" \/>\n<link rel=\"canonical\" href=\"https:\/\/www.comfenalcovalle.com.co\/aclaracion-sobre-eventos-que-mencionan-a-comfenalco-valle-delagente\/\" \/>\n<meta property=\"og:locale\" content=\"en_US\" \/>\n<meta property=\"og:type\" content=\"article\" \/>\n<meta property=\"og:title\" content=\"Aclaraci\u00f3n sobre eventos que mencionan a Comfenalco Valle Delagente\" \/>\n<meta property=\"og:description\" content=\"Aclaramos a la comunidad en general que Comfenalco Valle Delagente no realiza actividades como retiros grupales, espirituales, celestiales...\" \/>\n<meta property=\"og:url\" content=\"https:\/\/www.comfenalcovalle.com.co\/aclaracion-sobre-eventos-que-mencionan-a-comfenalco-valle-delagente\/\" \/>\n<meta property=\"og:site_name\" content=\"Comfenalco Valle Delagente\" \/>\n<meta property=\"article:published_time\" content=\"2025-01-16T21:37:07+00:00\" \/>\n<meta property=\"article:modified_time\" content=\"2025-04-21T21:59:33+00:00\" \/>\n<meta property=\"og:image\" content=\"https:\/\/www.comfenalcovalle.com.co\/wp-content\/uploads\/2025\/01\/comunicado-app-delagente-2025.png\" \/>\n\t<meta property=\"og:image:width\" content=\"1920\" \/>\n\t<meta property=\"og:image:height\" content=\"1080\" \/>\n\t<meta property=\"og:image:type\" content=\"image\/png\" \/>\n<meta name=\"author\" content=\"Comunicaciones Comfenalco Valle delagente\" \/>\n<meta name=\"twitter:card\" content=\"summary_large_image\" \/>\n<meta name=\"twitter:label1\" content=\"Written by\" \/>\n\t<meta name=\"twitter:data1\" content=\"Comunicaciones Comfenalco Valle delagente\" \/>\n\t<meta name=\"twitter:label2\" content=\"Est. reading time\" \/>\n\t<meta name=\"twitter:data2\" content=\"1 minute\" \/>\n<script type=\"application\/ld+json\" class=\"yoast-schema-graph\">{\"@context\":\"https:\/\/schema.org\",\"@graph\":[{\"@type\":\"Article\",\"@id\":\"https:\/\/www.comfenalcovalle.com.co\/aclaracion-sobre-eventos-que-mencionan-a-comfenalco-valle-delagente\/#article\",\"isPartOf\":{\"@id\":\"https:\/\/www.comfenalcovalle.com.co\/aclaracion-sobre-eventos-que-mencionan-a-comfenalco-valle-delagente\/\"},\"author\":{\"name\":\"Comunicaciones Comfenalco Valle delagente\",\"@id\":\"https:\/\/www.comfenalcovalle.com.co\/#\/schema\/person\/d4d8bcb299f88f97b06096cf6a21cb01\"},\"headline\":\"Aclaraci\u00f3n sobre eventos que mencionan a Comfenalco Valle Delagente\",\"datePublished\":\"2025-01-16T21:37:07+00:00\",\"dateModified\":\"2025-04-21T21:59:33+00:00\",\"mainEntityOfPage\":{\"@id\":\"https:\/\/www.comfenalcovalle.com.co\/aclaracion-sobre-eventos-que-mencionan-a-comfenalco-valle-delagente\/\"},\"wordCount\":126,\"publisher\":{\"@id\":\"https:\/\/www.comfenalcovalle.com.co\/#organization\"},\"image\":{\"@id\":\"https:\/\/www.comfenalcovalle.com.co\/aclaracion-sobre-eventos-que-mencionan-a-comfenalco-valle-delagente\/#primaryimage\"},\"thumbnailUrl\":\"https:\/\/test.comfenalcovalle.com.co\/wp-content\/uploads\/2025\/01\/comunicado-app-delagente-2025.png\",\"keywords\":[\"aclaraci\u00f3n\",\"claridad\",\"comfenalco valle\",\"comunicado\",\"Delagente\",\"eventos\",\"sospechoso\"],\"articleSection\":[\"Recreaci\u00f3n\"],\"inLanguage\":\"en-US\"},{\"@type\":\"WebPage\",\"@id\":\"https:\/\/www.comfenalcovalle.com.co\/aclaracion-sobre-eventos-que-mencionan-a-comfenalco-valle-delagente\/\",\"url\":\"https:\/\/www.comfenalcovalle.com.co\/aclaracion-sobre-eventos-que-mencionan-a-comfenalco-valle-delagente\/\",\"name\":\"Aclaraci\u00f3n sobre eventos que mencionan a Comfenalco Valle Delagente\",\"isPartOf\":{\"@id\":\"https:\/\/www.comfenalcovalle.com.co\/#website\"},\"primaryImageOfPage\":{\"@id\":\"https:\/\/www.comfenalcovalle.com.co\/aclaracion-sobre-eventos-que-mencionan-a-comfenalco-valle-delagente\/#primaryimage\"},\"image\":{\"@id\":\"https:\/\/www.comfenalcovalle.com.co\/aclaracion-sobre-eventos-que-mencionan-a-comfenalco-valle-delagente\/#primaryimage\"},\"thumbnailUrl\":\"https:\/\/test.comfenalcovalle.com.co\/wp-content\/uploads\/2025\/01\/comunicado-app-delagente-2025.png\",\"datePublished\":\"2025-01-16T21:37:07+00:00\",\"dateModified\":\"2025-04-21T21:59:33+00:00\",\"description\":\"Aclaramos a la comunidad en general que Comfenalco Valle Delagente no realiza actividades como retiros grupales, espirituales, celestiales...\",\"breadcrumb\":{\"@id\":\"https:\/\/www.comfenalcovalle.com.co\/aclaracion-sobre-eventos-que-mencionan-a-comfenalco-valle-delagente\/#breadcrumb\"},\"inLanguage\":\"en-US\",\"potentialAction\":[{\"@type\":\"ReadAction\",\"target\":[\"https:\/\/www.comfenalcovalle.com.co\/aclaracion-sobre-eventos-que-mencionan-a-comfenalco-valle-delagente\/\"]}]},{\"@type\":\"ImageObject\",\"inLanguage\":\"en-US\",\"@id\":\"https:\/\/www.comfenalcovalle.com.co\/aclaracion-sobre-eventos-que-mencionan-a-comfenalco-valle-delagente\/#primaryimage\",\"url\":\"https:\/\/test.comfenalcovalle.com.co\/wp-content\/uploads\/2025\/01\/comunicado-app-delagente-2025.png\",\"contentUrl\":\"https:\/\/test.comfenalcovalle.com.co\/wp-content\/uploads\/2025\/01\/comunicado-app-delagente-2025.png\",\"width\":1920,\"height\":1080,\"caption\":\"comunicado-app-delagente-2025\"},{\"@type\":\"BreadcrumbList\",\"@id\":\"https:\/\/www.comfenalcovalle.com.co\/aclaracion-sobre-eventos-que-mencionan-a-comfenalco-valle-delagente\/#breadcrumb\",\"itemListElement\":[{\"@type\":\"ListItem\",\"position\":1,\"name\":\"Portada\",\"item\":\"https:\/\/www.comfenalcovalle.com.co\/\"},{\"@type\":\"ListItem\",\"position\":2,\"name\":\"Aclaraci\u00f3n sobre eventos que mencionan a Comfenalco Valle Delagente\"}]},{\"@type\":\"WebSite\",\"@id\":\"https:\/\/www.comfenalcovalle.com.co\/#website\",\"url\":\"https:\/\/www.comfenalcovalle.com.co\/\",\"name\":\"Comfenalco Valle Delagente\",\"description\":\"Caja de compensaci\u00f3n de Comfenalco Valle Delagente.\",\"publisher\":{\"@id\":\"https:\/\/www.comfenalcovalle.com.co\/#organization\"},\"potentialAction\":[{\"@type\":\"SearchAction\",\"target\":{\"@type\":\"EntryPoint\",\"urlTemplate\":\"https:\/\/www.comfenalcovalle.com.co\/?s={search_term_string}\"},\"query-input\":{\"@type\":\"PropertyValueSpecification\",\"valueRequired\":true,\"valueName\":\"search_term_string\"}}],\"inLanguage\":\"en-US\"},{\"@type\":\"Organization\",\"@id\":\"https:\/\/www.comfenalcovalle.com.co\/#organization\",\"name\":\"Comfenalco Valle Delagente\",\"url\":\"https:\/\/www.comfenalcovalle.com.co\/\",\"logo\":{\"@type\":\"ImageObject\",\"inLanguage\":\"en-US\",\"@id\":\"https:\/\/www.comfenalcovalle.com.co\/#\/schema\/logo\/image\/\",\"url\":\"https:\/\/test.comfenalcovalle.com.co\/wp-content\/uploads\/2021\/06\/logo-comfe-cabecera-agencia-empelo-actualizado.png\",\"contentUrl\":\"https:\/\/test.comfenalcovalle.com.co\/wp-content\/uploads\/2021\/06\/logo-comfe-cabecera-agencia-empelo-actualizado.png\",\"width\":500,\"height\":184,\"caption\":\"Comfenalco Valle Delagente\"},\"image\":{\"@id\":\"https:\/\/www.comfenalcovalle.com.co\/#\/schema\/logo\/image\/\"}},{\"@type\":\"Person\",\"@id\":\"https:\/\/www.comfenalcovalle.com.co\/#\/schema\/person\/d4d8bcb299f88f97b06096cf6a21cb01\",\"name\":\"Comunicaciones Comfenalco Valle delagente\",\"image\":{\"@type\":\"ImageObject\",\"inLanguage\":\"en-US\",\"@id\":\"https:\/\/www.comfenalcovalle.com.co\/#\/schema\/person\/image\/\",\"url\":\"https:\/\/secure.gravatar.com\/avatar\/d1c29eb639a137df0ac8bfec50479e8d6ef564f7320f439d9d984504359ea6ee?s=96&d=mm&r=g\",\"contentUrl\":\"https:\/\/secure.gravatar.com\/avatar\/d1c29eb639a137df0ac8bfec50479e8d6ef564f7320f439d9d984504359ea6ee?s=96&d=mm&r=g\",\"caption\":\"Comunicaciones Comfenalco Valle delagente\"},\"url\":\"https:\/\/test.comfenalcovalle.com.co\/en\/author\/comunicaciones-comfenalco-valle-delagente\/\"}]}<\/script>\n<!-- \/ Yoast SEO Premium plugin. -->","yoast_head_json":{"title":"Aclaraci\u00f3n sobre eventos que mencionan a Comfenalco Valle Delagente","description":"Aclaramos a la comunidad en general que Comfenalco Valle Delagente no realiza actividades como retiros grupales, espirituales, celestiales...","robots":{"index":"index","follow":"follow","max-snippet":"max-snippet:-1","max-image-preview":"max-image-preview:large","max-video-preview":"max-video-preview:-1"},"canonical":"https:\/\/www.comfenalcovalle.com.co\/aclaracion-sobre-eventos-que-mencionan-a-comfenalco-valle-delagente\/","og_locale":"en_US","og_type":"article","og_title":"Aclaraci\u00f3n sobre eventos que mencionan a Comfenalco Valle Delagente","og_description":"Aclaramos a la comunidad en general que Comfenalco Valle Delagente no realiza actividades como retiros grupales, espirituales, celestiales...","og_url":"https:\/\/www.comfenalcovalle.com.co\/aclaracion-sobre-eventos-que-mencionan-a-comfenalco-valle-delagente\/","og_site_name":"Comfenalco Valle Delagente","article_published_time":"2025-01-16T21:37:07+00:00","article_modified_time":"2025-04-21T21:59:33+00:00","og_image":[{"width":1920,"height":1080,"url":"https:\/\/www.comfenalcovalle.com.co\/wp-content\/uploads\/2025\/01\/comunicado-app-delagente-2025.png","type":"image\/png"}],"author":"Comunicaciones Comfenalco Valle delagente","twitter_card":"summary_large_image","twitter_misc":{"Written by":"Comunicaciones Comfenalco Valle delagente","Est. reading time":"1 minute"},"schema":{"@context":"https:\/\/schema.org","@graph":[{"@type":"Article","@id":"https:\/\/www.comfenalcovalle.com.co\/aclaracion-sobre-eventos-que-mencionan-a-comfenalco-valle-delagente\/#article","isPartOf":{"@id":"https:\/\/www.comfenalcovalle.com.co\/aclaracion-sobre-eventos-que-mencionan-a-comfenalco-valle-delagente\/"},"author":{"name":"Comunicaciones Comfenalco Valle delagente","@id":"https:\/\/www.comfenalcovalle.com.co\/#\/schema\/person\/d4d8bcb299f88f97b06096cf6a21cb01"},"headline":"Aclaraci\u00f3n sobre eventos que mencionan a Comfenalco Valle Delagente","datePublished":"2025-01-16T21:37:07+00:00","dateModified":"2025-04-21T21:59:33+00:00","mainEntityOfPage":{"@id":"https:\/\/www.comfenalcovalle.com.co\/aclaracion-sobre-eventos-que-mencionan-a-comfenalco-valle-delagente\/"},"wordCount":126,"publisher":{"@id":"https:\/\/www.comfenalcovalle.com.co\/#organization"},"image":{"@id":"https:\/\/www.comfenalcovalle.com.co\/aclaracion-sobre-eventos-que-mencionan-a-comfenalco-valle-delagente\/#primaryimage"},"thumbnailUrl":"https:\/\/test.comfenalcovalle.com.co\/wp-content\/uploads\/2025\/01\/comunicado-app-delagente-2025.png","keywords":["aclaraci\u00f3n","claridad","comfenalco valle","comunicado","Delagente","eventos","sospechoso"],"articleSection":["Recreaci\u00f3n"],"inLanguage":"en-US"},{"@type":"WebPage","@id":"https:\/\/www.comfenalcovalle.com.co\/aclaracion-sobre-eventos-que-mencionan-a-comfenalco-valle-delagente\/","url":"https:\/\/www.comfenalcovalle.com.co\/aclaracion-sobre-eventos-que-mencionan-a-comfenalco-valle-delagente\/","name":"Aclaraci\u00f3n sobre eventos que mencionan a Comfenalco Valle Delagente","isPartOf":{"@id":"https:\/\/www.comfenalcovalle.com.co\/#website"},"primaryImageOfPage":{"@id":"https:\/\/www.comfenalcovalle.com.co\/aclaracion-sobre-eventos-que-mencionan-a-comfenalco-valle-delagente\/#primaryimage"},"image":{"@id":"https:\/\/www.comfenalcovalle.com.co\/aclaracion-sobre-eventos-que-mencionan-a-comfenalco-valle-delagente\/#primaryimage"},"thumbnailUrl":"https:\/\/test.comfenalcovalle.com.co\/wp-content\/uploads\/2025\/01\/comunicado-app-delagente-2025.png","datePublished":"2025-01-16T21:37:07+00:00","dateModified":"2025-04-21T21:59:33+00:00","description":"Aclaramos a la comunidad en general que Comfenalco Valle Delagente no realiza actividades como retiros grupales, espirituales, celestiales...","breadcrumb":{"@id":"https:\/\/www.comfenalcovalle.com.co\/aclaracion-sobre-eventos-que-mencionan-a-comfenalco-valle-delagente\/#breadcrumb"},"inLanguage":"en-US","potentialAction":[{"@type":"ReadAction","target":["https:\/\/www.comfenalcovalle.com.co\/aclaracion-sobre-eventos-que-mencionan-a-comfenalco-valle-delagente\/"]}]},{"@type":"ImageObject","inLanguage":"en-US","@id":"https:\/\/www.comfenalcovalle.com.co\/aclaracion-sobre-eventos-que-mencionan-a-comfenalco-valle-delagente\/#primaryimage","url":"https:\/\/test.comfenalcovalle.com.co\/wp-content\/uploads\/2025\/01\/comunicado-app-delagente-2025.png","contentUrl":"https:\/\/test.comfenalcovalle.com.co\/wp-content\/uploads\/2025\/01\/comunicado-app-delagente-2025.png","width":1920,"height":1080,"caption":"comunicado-app-delagente-2025"},{"@type":"BreadcrumbList","@id":"https:\/\/www.comfenalcovalle.com.co\/aclaracion-sobre-eventos-que-mencionan-a-comfenalco-valle-delagente\/#breadcrumb","itemListElement":[{"@type":"ListItem","position":1,"name":"Portada","item":"https:\/\/www.comfenalcovalle.com.co\/"},{"@type":"ListItem","position":2,"name":"Aclaraci\u00f3n sobre eventos que mencionan a Comfenalco Valle Delagente"}]},{"@type":"WebSite","@id":"https:\/\/www.comfenalcovalle.com.co\/#website","url":"https:\/\/www.comfenalcovalle.com.co\/","name":"Comfenalco Valle Delagente","description":"Comfenalco Valle Delagente compensation fund.","publisher":{"@id":"https:\/\/www.comfenalcovalle.com.co\/#organization"},"potentialAction":[{"@type":"SearchAction","target":{"@type":"EntryPoint","urlTemplate":"https:\/\/www.comfenalcovalle.com.co\/?s={search_term_string}"},"query-input":{"@type":"PropertyValueSpecification","valueRequired":true,"valueName":"search_term_string"}}],"inLanguage":"en-US"},{"@type":"Organization","@id":"https:\/\/www.comfenalcovalle.com.co\/#organization","name":"Comfenalco Valle Delagente","url":"https:\/\/www.comfenalcovalle.com.co\/","logo":{"@type":"ImageObject","inLanguage":"en-US","@id":"https:\/\/www.comfenalcovalle.com.co\/#\/schema\/logo\/image\/","url":"https:\/\/test.comfenalcovalle.com.co\/wp-content\/uploads\/2021\/06\/logo-comfe-cabecera-agencia-empelo-actualizado.png","contentUrl":"https:\/\/test.comfenalcovalle.com.co\/wp-content\/uploads\/2021\/06\/logo-comfe-cabecera-agencia-empelo-actualizado.png","width":500,"height":184,"caption":"Comfenalco Valle Delagente"},"image":{"@id":"https:\/\/www.comfenalcovalle.com.co\/#\/schema\/logo\/image\/"}},{"@type":"Person","@id":"https:\/\/www.comfenalcovalle.com.co\/#\/schema\/person\/d4d8bcb299f88f97b06096cf6a21cb01","name":"Communications Comfenalco Valle delagente","image":{"@type":"ImageObject","inLanguage":"en-US","@id":"https:\/\/www.comfenalcovalle.com.co\/#\/schema\/person\/image\/","url":"https:\/\/secure.gravatar.com\/avatar\/d1c29eb639a137df0ac8bfec50479e8d6ef564f7320f439d9d984504359ea6ee?s=96&d=mm&r=g","contentUrl":"https:\/\/secure.gravatar.com\/avatar\/d1c29eb639a137df0ac8bfec50479e8d6ef564f7320f439d9d984504359ea6ee?s=96&d=mm&r=g","caption":"Comunicaciones Comfenalco Valle delagente"},"url":"https:\/\/test.comfenalcovalle.com.co\/en\/author\/comunicaciones-comfenalco-valle-delagente\/"}]}},"publishpress_future_action":{"enabled":false,"date":"2026-05-10 07:54:11","action":"change-status","newStatus":"draft","terms":[],"taxonomy":"category","extraData":[]},"publishpress_future_workflow_manual_trigger":{"enabledWorkflows":[]},"_links":{"self":[{"href":"https:\/\/test.comfenalcovalle.com.co\/en\/wp-json\/wp\/v2\/posts\/653339","targetHints":{"allow":["GET"]}}],"collection":[{"href":"https:\/\/test.comfenalcovalle.com.co\/en\/wp-json\/wp\/v2\/posts"}],"about":[{"href":"https:\/\/test.comfenalcovalle.com.co\/en\/wp-json\/wp\/v2\/types\/post"}],"author":[{"embeddable":true,"href":"https:\/\/test.comfenalcovalle.com.co\/en\/wp-json\/wp\/v2\/users\/6"}],"replies":[{"embeddable":true,"href":"https:\/\/test.comfenalcovalle.com.co\/en\/wp-json\/wp\/v2\/comments?post=653339"}],"version-history":[{"count":0,"href":"https:\/\/test.comfenalcovalle.com.co\/en\/wp-json\/wp\/v2\/posts\/653339\/revisions"}],"wp:featuredmedia":[{"embeddable":true,"href":"https:\/\/test.comfenalcovalle.com.co\/en\/wp-json\/wp\/v2\/media\/654536"}],"wp:attachment":[{"href":"https:\/\/test.comfenalcovalle.com.co\/en\/wp-json\/wp\/v2\/media?parent=653339"}],"wp:term":[{"taxonomy":"category","embeddable":true,"href":"https:\/\/test.comfenalcovalle.com.co\/en\/wp-json\/wp\/v2\/categories?post=653339"},{"taxonomy":"post_tag","embeddable":true,"href":"https:\/\/test.comfenalcovalle.com.co\/en\/wp-json\/wp\/v2\/tags?post=653339"}],"curies":[{"name":"wp","href":"https:\/\/api.w.org\/{rel}","templated":true}]}}