{"id":647851,"date":"2024-11-07T14:26:11","date_gmt":"2024-11-07T19:26:11","guid":{"rendered":"https:\/\/test.comfenalcovalle.com.co\/?p=647851"},"modified":"2024-11-07T16:16:45","modified_gmt":"2024-11-07T21:16:45","slug":"programa-piloto-de-formacion-dual","status":"publish","type":"post","link":"https:\/\/test.comfenalcovalle.com.co\/en\/programa-piloto-de-formacion-dual\/","title":{"rendered":"Programa piloto de formaci\u00f3n dual"},"content":{"rendered":"<div data-elementor-type=\"wp-post\" data-elementor-id=\"647851\" class=\"elementor elementor-647851\" data-elementor-post-type=\"post\">\n\t\t\t\t\t\t<section class=\"elementor-section elementor-top-section elementor-element elementor-element-58841b19 elementor-section-boxed elementor-section-height-default elementor-section-height-default\" data-id=\"58841b19\" data-element_type=\"section\">\n\t\t\t\t\t\t<div class=\"elementor-container elementor-column-gap-default\">\n\t\t\t\t\t<div class=\"elementor-column elementor-col-100 elementor-top-column elementor-element elementor-element-2a56b137\" data-id=\"2a56b137\" data-element_type=\"column\">\n\t\t\t<div class=\"elementor-widget-wrap elementor-element-populated\">\n\t\t\t\t\t\t<div class=\"elementor-element elementor-element-1fb8b69a elementor-widget elementor-widget-text-editor\" data-id=\"1fb8b69a\" data-element_type=\"widget\" data-widget_type=\"text-editor.default\">\n\t\t\t\t<div class=\"elementor-widget-container\">\n\t\t\t\t\t\t\t\t\t\n<h2 id=\"h-programa-piloto-de-formacion-dual-inicia-clases-para-la-industria-de-alimentos-en-el-valle-del-cauca\" class=\"wp-block-heading\"><strong>Programa piloto de formaci\u00f3n dual inicia clases para la industria de alimentos en el Valle del Cauca.<\/strong><\/h2>\n\n<p><strong><em>60 trabajadores de cuatro empresas de la regi\u00f3n inician estudios formativos para mejorar sus competencias.<\/em><\/strong><\/p>\n\n<p>El pasado 2 de octubre del 2024, el Club de Ejecutivos fue el escenario del lanzamiento del programa piloto de formaci\u00f3n dual dirigido a la industria de alimentos en el Valle del Cauca, Colombia. Este evento marc\u00f3 un hito en la colaboraci\u00f3n entre diversos actores del sector p\u00fablico y privado, quienes firmaron el compromiso para dar continuidad a la implementaci\u00f3n de este modelo de educaci\u00f3n y formaci\u00f3n innovadores que impulsen la competitividad, el empleo inclusivo y el desarrollo econ\u00f3mico de la regi\u00f3n.<\/p>\n\n<p>El programa es el resultado del esfuerzo conjunto de importantes aliados, entre los que se destacan <a href=\"https:\/\/www.swisscontact.org\/es\/paises\/colombia\" target=\"_blank\" rel=\"noreferrer noopener\">Swisscontact<\/a>, <a href=\"https:\/\/propacifico.org\/\" target=\"_blank\" rel=\"noreferrer noopener\">Propac\u00edfico<\/a>, la <a href=\"https:\/\/www.eda.admin.ch\/bogota\" target=\"_blank\" rel=\"noreferrer noopener\">Embajada de Suiza en Colombi<\/a>a, la Cooperaci\u00f3n Econ\u00f3mica y Desarrollo, Colombia + Competitividad, la <a href=\"https:\/\/www.cali.gov.co\/desarrolloeconomico\/\" target=\"_blank\" rel=\"noreferrer noopener\">Secretar\u00eda de Desarrollo Econ\u00f3mico de la Alcald\u00eda de Cali<\/a>, el <a href=\"https:\/\/compite.com.co\/\" target=\"_blank\" rel=\"noreferrer noopener\">Consejo Privado de Competitividad<\/a>, <a href=\"https:\/\/pec-educacion.edu.co\/\" target=\"_blank\" rel=\"noreferrer noopener\">PEC Agent<\/a>, la <a href=\"https:\/\/www.uao.edu.co\/\" target=\"_blank\" rel=\"noreferrer noopener\">Universidad Aut\u00f3noma de Occidente<\/a>, el <a href=\"https:\/\/pio.edu.co\/\" target=\"_blank\" rel=\"noreferrer noopener\">Polit\u00e9cnico PIO<\/a>, la <a href=\"https:\/\/www.uniajc.edu.co\/\" target=\"_blank\" rel=\"noreferrer noopener\">Universidad Antonio Jos\u00e9 Camacho<\/a>, <a href=\"https:\/\/www.comfandi.com.co\/\" target=\"_blank\" rel=\"noreferrer noopener\">comfandi<\/a> and <a href=\"https:\/\/test.comfenalcovalle.com.co\/en\/\" target=\"_blank\" rel=\"noreferrer noopener\">Comfenalco Valle Delagente<\/a>.<\/p>\n\n<p>Clara Eugenia Orozco, gerente de la Agencia de Empleo Comfenalco Valle Delagente afirma que <em>\u201cLa formaci\u00f3n dual es una excelente manera de conectar la educaci\u00f3n con el mundo laboral real, permitiendo a los j\u00f3venes aplicar lo aprendido directamente en un entorno laboral aut\u00e9ntico\u201d<\/em>.<\/p>\n\t\t\t\t\t\t\t\t<\/div>\n\t\t\t\t<\/div>\n\t\t\t\t<div class=\"elementor-element elementor-element-73c4232 elementor-widget elementor-widget-gallery\" data-id=\"73c4232\" data-element_type=\"widget\" data-settings=\"{&quot;lazyload&quot;:&quot;yes&quot;,&quot;gallery_layout&quot;:&quot;grid&quot;,&quot;columns&quot;:4,&quot;columns_tablet&quot;:2,&quot;columns_mobile&quot;:1,&quot;gap&quot;:{&quot;unit&quot;:&quot;px&quot;,&quot;size&quot;:10,&quot;sizes&quot;:[]},&quot;gap_tablet&quot;:{&quot;unit&quot;:&quot;px&quot;,&quot;size&quot;:10,&quot;sizes&quot;:[]},&quot;gap_mobile&quot;:{&quot;unit&quot;:&quot;px&quot;,&quot;size&quot;:10,&quot;sizes&quot;:[]},&quot;link_to&quot;:&quot;file&quot;,&quot;aspect_ratio&quot;:&quot;3:2&quot;,&quot;overlay_background&quot;:&quot;yes&quot;,&quot;content_hover_animation&quot;:&quot;fade-in&quot;}\" data-widget_type=\"gallery.default\">\n\t\t\t\t<div class=\"elementor-widget-container\">\n\t\t\t\t\t\t\t<div class=\"elementor-gallery__container\">\n\t\t\t\t\t\t\t<a class=\"e-gallery-item elementor-gallery-item elementor-animated-content\" href=\"https:\/\/test.comfenalcovalle.com.co\/wp-content\/uploads\/2024\/11\/evento-formacion-dual-piloto-2024-04-scaled.jpg\" data-elementor-open-lightbox=\"yes\" data-elementor-lightbox-slideshow=\"73c4232\" data-elementor-lightbox-title=\"evento-formacion-dual-piloto-2024-04\" data-e-action-hash=\"#elementor-action%3Aaction%3Dlightbox%26settings%3DeyJpZCI6NjQ3ODc2LCJ1cmwiOiJodHRwczpcL1wvdGVzdC5jb21mZW5hbGNvdmFsbGUuY29tLmNvXC93cC1jb250ZW50XC91cGxvYWRzXC8yMDI0XC8xMVwvZXZlbnRvLWZvcm1hY2lvbi1kdWFsLXBpbG90by0yMDI0LTA0LXNjYWxlZC5qcGciLCJzbGlkZXNob3ciOiI3M2M0MjMyIn0%3D\">\n\t\t\t\t\t<div class=\"e-gallery-image elementor-gallery-item__image\" data-thumbnail=\"https:\/\/test.comfenalcovalle.com.co\/wp-content\/uploads\/2024\/11\/evento-formacion-dual-piloto-2024-04-300x200.jpg\" data-width=\"300\" data-height=\"200\" aria-label=\"\" role=\"img\" ><\/div>\n\t\t\t\t\t\t\t\t\t\t\t<div class=\"elementor-gallery-item__overlay\"><\/div>\n\t\t\t\t\t\t\t\t\t\t\t\t\t\t<\/a>\n\t\t\t\t\t\t\t<a class=\"e-gallery-item elementor-gallery-item elementor-animated-content\" href=\"https:\/\/test.comfenalcovalle.com.co\/wp-content\/uploads\/2024\/11\/Programa-piloto-de-formacion-dual-inicia-clases-para-la-industria-de-alimentos-en-el-Valle-del-Cauca.webp\" data-elementor-open-lightbox=\"yes\" data-elementor-lightbox-slideshow=\"73c4232\" data-elementor-lightbox-title=\"Programa piloto de formaci\u00f3n dual inicia clases para la industria de alimentos en el Valle del Cauca\" data-e-action-hash=\"#elementor-action%3Aaction%3Dlightbox%26settings%3DeyJpZCI6NjQ3ODg1LCJ1cmwiOiJodHRwczpcL1wvdGVzdC5jb21mZW5hbGNvdmFsbGUuY29tLmNvXC93cC1jb250ZW50XC91cGxvYWRzXC8yMDI0XC8xMVwvUHJvZ3JhbWEtcGlsb3RvLWRlLWZvcm1hY2lvbi1kdWFsLWluaWNpYS1jbGFzZXMtcGFyYS1sYS1pbmR1c3RyaWEtZGUtYWxpbWVudG9zLWVuLWVsLVZhbGxlLWRlbC1DYXVjYS53ZWJwIiwic2xpZGVzaG93IjoiNzNjNDIzMiJ9\">\n\t\t\t\t\t<div class=\"e-gallery-image elementor-gallery-item__image\" data-thumbnail=\"https:\/\/test.comfenalcovalle.com.co\/wp-content\/uploads\/2024\/11\/Programa-piloto-de-formacion-dual-inicia-clases-para-la-industria-de-alimentos-en-el-Valle-del-Cauca-300x169.webp\" data-width=\"300\" data-height=\"169\" aria-label=\"Programa piloto de formaci\u00f3n dual inicia clases para la industria de alimentos en el Valle del Cauca\" role=\"img\" ><\/div>\n\t\t\t\t\t\t\t\t\t\t\t<div class=\"elementor-gallery-item__overlay\"><\/div>\n\t\t\t\t\t\t\t\t\t\t\t\t\t\t<\/a>\n\t\t\t\t\t\t\t<a class=\"e-gallery-item elementor-gallery-item elementor-animated-content\" href=\"https:\/\/test.comfenalcovalle.com.co\/wp-content\/uploads\/2024\/11\/evento-formacion-dual-piloto-2024-01-scaled.jpg\" data-elementor-open-lightbox=\"yes\" data-elementor-lightbox-slideshow=\"73c4232\" data-elementor-lightbox-title=\"evento-formacion-dual-piloto-2024-01\" data-elementor-lightbox-description=\"evento-formacion-dual-piloto-2024-01\" data-e-action-hash=\"#elementor-action%3Aaction%3Dlightbox%26settings%3DeyJpZCI6NjQ3ODczLCJ1cmwiOiJodHRwczpcL1wvdGVzdC5jb21mZW5hbGNvdmFsbGUuY29tLmNvXC93cC1jb250ZW50XC91cGxvYWRzXC8yMDI0XC8xMVwvZXZlbnRvLWZvcm1hY2lvbi1kdWFsLXBpbG90by0yMDI0LTAxLXNjYWxlZC5qcGciLCJzbGlkZXNob3ciOiI3M2M0MjMyIn0%3D\">\n\t\t\t\t\t<div class=\"e-gallery-image elementor-gallery-item__image\" data-thumbnail=\"https:\/\/test.comfenalcovalle.com.co\/wp-content\/uploads\/2024\/11\/evento-formacion-dual-piloto-2024-01-300x200.jpg\" data-width=\"300\" data-height=\"200\" aria-label=\"evento-formacion-dual-piloto-2024-01\" role=\"img\" ><\/div>\n\t\t\t\t\t\t\t\t\t\t\t<div class=\"elementor-gallery-item__overlay\"><\/div>\n\t\t\t\t\t\t\t\t\t\t\t\t\t\t<\/a>\n\t\t\t\t\t\t\t<a class=\"e-gallery-item elementor-gallery-item elementor-animated-content\" href=\"https:\/\/test.comfenalcovalle.com.co\/wp-content\/uploads\/2024\/11\/evento-formacion-dual-piloto-2024-03.jpg\" data-elementor-open-lightbox=\"yes\" data-elementor-lightbox-slideshow=\"73c4232\" data-elementor-lightbox-title=\"evento-formacion-dual-piloto-2024-03\" data-e-action-hash=\"#elementor-action%3Aaction%3Dlightbox%26settings%3DeyJpZCI6NjQ3ODc1LCJ1cmwiOiJodHRwczpcL1wvdGVzdC5jb21mZW5hbGNvdmFsbGUuY29tLmNvXC93cC1jb250ZW50XC91cGxvYWRzXC8yMDI0XC8xMVwvZXZlbnRvLWZvcm1hY2lvbi1kdWFsLXBpbG90by0yMDI0LTAzLmpwZyIsInNsaWRlc2hvdyI6IjczYzQyMzIifQ%3D%3D\">\n\t\t\t\t\t<div class=\"e-gallery-image elementor-gallery-item__image\" data-thumbnail=\"https:\/\/test.comfenalcovalle.com.co\/wp-content\/uploads\/2024\/11\/evento-formacion-dual-piloto-2024-03-300x206.jpg\" data-width=\"300\" data-height=\"206\" aria-label=\"\" role=\"img\" ><\/div>\n\t\t\t\t\t\t\t\t\t\t\t<div class=\"elementor-gallery-item__overlay\"><\/div>\n\t\t\t\t\t\t\t\t\t\t\t\t\t\t<\/a>\n\t\t\t\t\t\t\t<a class=\"e-gallery-item elementor-gallery-item elementor-animated-content\" href=\"https:\/\/test.comfenalcovalle.com.co\/wp-content\/uploads\/2024\/11\/evento-formacion-dual-piloto-2024-07-A.jpg\" data-elementor-open-lightbox=\"yes\" data-elementor-lightbox-slideshow=\"73c4232\" data-elementor-lightbox-title=\"evento-formacion-dual-piloto-2024-07-A\" data-elementor-lightbox-description=\"evento-formacion-dual-piloto-2024-07-A\" data-e-action-hash=\"#elementor-action%3Aaction%3Dlightbox%26settings%3DeyJpZCI6NjQ3ODgwLCJ1cmwiOiJodHRwczpcL1wvdGVzdC5jb21mZW5hbGNvdmFsbGUuY29tLmNvXC93cC1jb250ZW50XC91cGxvYWRzXC8yMDI0XC8xMVwvZXZlbnRvLWZvcm1hY2lvbi1kdWFsLXBpbG90by0yMDI0LTA3LUEuanBnIiwic2xpZGVzaG93IjoiNzNjNDIzMiJ9\">\n\t\t\t\t\t<div class=\"e-gallery-image elementor-gallery-item__image\" data-thumbnail=\"https:\/\/test.comfenalcovalle.com.co\/wp-content\/uploads\/2024\/11\/evento-formacion-dual-piloto-2024-07-A-300x184.jpg\" data-width=\"300\" data-height=\"184\" aria-label=\"evento-formacion-dual-piloto-2024-07-A\" role=\"img\" ><\/div>\n\t\t\t\t\t\t\t\t\t\t\t<div class=\"elementor-gallery-item__overlay\"><\/div>\n\t\t\t\t\t\t\t\t\t\t\t\t\t\t<\/a>\n\t\t\t\t\t\t\t<a class=\"e-gallery-item elementor-gallery-item elementor-animated-content\" href=\"https:\/\/test.comfenalcovalle.com.co\/wp-content\/uploads\/2024\/11\/evento-formacion-dual-piloto-2024-06-scaled.jpg\" data-elementor-open-lightbox=\"yes\" data-elementor-lightbox-slideshow=\"73c4232\" data-elementor-lightbox-title=\"evento-formacion-dual-piloto-2024-06\" data-e-action-hash=\"#elementor-action%3Aaction%3Dlightbox%26settings%3DeyJpZCI6NjQ3ODc4LCJ1cmwiOiJodHRwczpcL1wvdGVzdC5jb21mZW5hbGNvdmFsbGUuY29tLmNvXC93cC1jb250ZW50XC91cGxvYWRzXC8yMDI0XC8xMVwvZXZlbnRvLWZvcm1hY2lvbi1kdWFsLXBpbG90by0yMDI0LTA2LXNjYWxlZC5qcGciLCJzbGlkZXNob3ciOiI3M2M0MjMyIn0%3D\">\n\t\t\t\t\t<div class=\"e-gallery-image elementor-gallery-item__image\" data-thumbnail=\"https:\/\/test.comfenalcovalle.com.co\/wp-content\/uploads\/2024\/11\/evento-formacion-dual-piloto-2024-06-300x200.jpg\" data-width=\"300\" data-height=\"200\" aria-label=\"\" role=\"img\" ><\/div>\n\t\t\t\t\t\t\t\t\t\t\t<div class=\"elementor-gallery-item__overlay\"><\/div>\n\t\t\t\t\t\t\t\t\t\t\t\t\t\t<\/a>\n\t\t\t\t\t\t\t<a class=\"e-gallery-item elementor-gallery-item elementor-animated-content\" href=\"https:\/\/test.comfenalcovalle.com.co\/wp-content\/uploads\/2024\/11\/evento-formacion-dual-piloto-2024-02-scaled.jpg\" data-elementor-open-lightbox=\"yes\" data-elementor-lightbox-slideshow=\"73c4232\" data-elementor-lightbox-title=\"evento-formacion-dual-piloto-2024-02\" data-e-action-hash=\"#elementor-action%3Aaction%3Dlightbox%26settings%3DeyJpZCI6NjQ3ODc0LCJ1cmwiOiJodHRwczpcL1wvdGVzdC5jb21mZW5hbGNvdmFsbGUuY29tLmNvXC93cC1jb250ZW50XC91cGxvYWRzXC8yMDI0XC8xMVwvZXZlbnRvLWZvcm1hY2lvbi1kdWFsLXBpbG90by0yMDI0LTAyLXNjYWxlZC5qcGciLCJzbGlkZXNob3ciOiI3M2M0MjMyIn0%3D\">\n\t\t\t\t\t<div class=\"e-gallery-image elementor-gallery-item__image\" data-thumbnail=\"https:\/\/test.comfenalcovalle.com.co\/wp-content\/uploads\/2024\/11\/evento-formacion-dual-piloto-2024-02-300x200.jpg\" data-width=\"300\" data-height=\"200\" aria-label=\"\" role=\"img\" ><\/div>\n\t\t\t\t\t\t\t\t\t\t\t<div class=\"elementor-gallery-item__overlay\"><\/div>\n\t\t\t\t\t\t\t\t\t\t\t\t\t\t<\/a>\n\t\t\t\t\t<\/div>\n\t\t\t\t\t<\/div>\n\t\t\t\t<\/div>\n\t\t\t\t<div class=\"elementor-element elementor-element-9e3ffab elementor-widget elementor-widget-text-editor\" data-id=\"9e3ffab\" data-element_type=\"widget\" data-widget_type=\"text-editor.default\">\n\t\t\t\t<div class=\"elementor-widget-container\">\n\t\t\t\t\t\t\t\t\t\n<p>El programa comenz\u00f3 con 60 trabajadores de cuatro empresas del sector agroalimentario en el Valle del Cauca como son <a href=\"https:\/\/ingeniomayaguez.com\/inicio\/\" target=\"_blank\" rel=\"noreferrer noopener\">Ingenio Mayag\u00fcez<\/a>, <a href=\"https:\/\/colombina.com\/co-es\" target=\"_blank\" rel=\"noreferrer noopener\">Colombina<\/a>, <a href=\"https:\/\/www.riopaila-castilla.com\/\" target=\"_blank\" rel=\"noreferrer noopener\">Ingenio R\u00edo Paila Castilla<\/a> and <a href=\"https:\/\/www.hv.com.co\/\" target=\"_blank\" rel=\"noreferrer noopener\">Harinera del Valle<\/a>, con el objetivo de fortalecer sus competencias y mejorar as\u00ed la competitividad del departamento. El evento cont\u00f3 con la presencia de Julien Robert, jefe de Cooperaci\u00f3n Econ\u00f3mica y Desarrollo de la Embajada de Suiza; Sa\u00fal D\u00edaz, director regional para Am\u00e9rica Latina de Swisscontact; Mariana Caicedo, subdirectora ejecutiva de Propac\u00edfico, entre otros representantes clave.<\/p>\n\n<p><em>\u201cEs el primer paso de un camino largo para introducir y vivir este concepto educativo en un \u00e1mbito diferente a Suiza, c\u00f3mo formar a los j\u00f3venes, desarrollarse y adaptarse al contexto laboral. En Suiza logramos entender que no todos los j\u00f3venes deben irse a una carrera acad\u00e9mica de abogado o m\u00e9dico, tambi\u00e9n puede ser plomero, y como t\u00e9cnico puede ganar muy bien\u201d<\/em> afirma Julien Robert, jefe de Cooperaci\u00f3n Econ\u00f3mica y Desarrollo de la Embajada Suiza.<\/p>\n\n<p>La jornada incluy\u00f3 una din\u00e1mica grupal en la que los asistentes compartieron sus emociones, expectativas y temores respecto a este nuevo programa. Adem\u00e1s, se llev\u00f3 a cabo una actividad creativa que consisti\u00f3 en la elaboraci\u00f3n de un barco de papel, que simboliz\u00f3 la transformaci\u00f3n de ideas y esfuerzos, poni\u00e9ndose la camiseta del programa, y que cada participante llev\u00f3 consigo. Esta din\u00e1mica puso de manifiesto la importancia del trabajo en equipo, la capacidad de adaptaci\u00f3n al cambio y el aprovechamiento de los recursos en funci\u00f3n de las circunstancias.<\/p>\n\n<p>Jair Vanegas, director ejecutivo del PEC Delagente asegura que <em>\u201cEste inicio de la nueva era de la formaci\u00f3n y el desarrollo humano para el trabajo es alentador para la regi\u00f3n y Colombia, hemos asumido este reto con mucho entusiasmo, como el camino m\u00e1s indicado para aquellas personas que aspiran a formarse integralmente haciendo practicas desde el primer d\u00eda de clase, sino mejorando sus competencias y habilidades, as\u00ed se hace en contextos internacionales\u201d<\/em>.<\/p>\n\n<p><em>\u201cEs fant\u00e1stico, es un ejercicio para cerrar brechas de pertinencia que es uno de los retos principales en Colombia, una cantidad de gente que sale de sus estudios sin poder encontrar trabajo, empresas que no encuentran trabajadores, este gran piloto va a ser un efecto demostrativo como ejemplo para el pa\u00eds\u201d<\/em> nos cuenta Daniel G\u00f3mez, vicepresidente del Consejo Privado de Competitividad.<\/p>\n\n<p>El programa de formaci\u00f3n dual es una iniciativa que busca no solo el crecimiento individual de los trabajadores, sino tambi\u00e9n el fortalecimiento del tejido empresarial en la regi\u00f3n y lograr un impacto positivo en la econom\u00eda local.<\/p>\n\n<p>La Agencia de Empleo de Comfenalco Valle Delagente y el PEC Delagente son aliados del programa en la implementaci\u00f3n y desarrollo del modelo educativo con un enfoque de empleabilidad, inclusi\u00f3n laboral y articulaci\u00f3n con el sector empresarial.<\/p>\n\n<p>\u00a0<\/p>\n\n<p><strong>Comfenalco Valle Delagente<\/strong><\/p>\n\n<p><strong>Family Compensation Fund.<\/strong><\/p>\n\t\t\t\t\t\t\t\t<\/div>\n\t\t\t\t<\/div>\n\t\t\t\t\t<\/div>\n\t\t<\/div>\n\t\t\t\t\t<\/div>\n\t\t<\/section>\n\t\t\t\t<\/div>","protected":false},"excerpt":{"rendered":"<p>Programa piloto de formaci\u00f3n dual inicia clases para la industria de alimentos en el Valle del Cauca. 60 trabajadores de cuatro empresas de la regi\u00f3n inician estudios formativos para mejorar sus competencias. El pasado 2 de octubre del 2024, el Club de Ejecutivos fue el escenario del lanzamiento del programa piloto de formaci\u00f3n dual dirigido [&hellip;]<\/p>","protected":false},"author":6,"featured_media":647873,"comment_status":"closed","ping_status":"closed","sticky":false,"template":"","format":"standard","meta":{"footnotes":""},"categories":[73],"tags":[964,959,962,961,963,966,965],"class_list":["post-647851","post","type-post","status-publish","format-standard","has-post-thumbnail","hentry","category-agencia-de-empleo","tag-colombina","tag-formacion","tag-mayaguez","tag-pec","tag-riopaila","tag-suiza","tag-swisscontact"],"yoast_head":"<!-- This site is optimized with the Yoast SEO Premium plugin v25.9 (Yoast SEO v25.9) - https:\/\/yoast.com\/wordpress\/plugins\/seo\/ -->\n<title>Programa piloto de formaci\u00f3n dual - Comfenalco Valle Delagente<\/title>\n<meta name=\"robots\" content=\"index, follow, max-snippet:-1, max-image-preview:large, max-video-preview:-1\" \/>\n<link rel=\"canonical\" href=\"https:\/\/www.comfenalcovalle.com.co\/programa-piloto-de-formacion-dual\/\" \/>\n<meta property=\"og:locale\" content=\"en_US\" \/>\n<meta property=\"og:type\" content=\"article\" \/>\n<meta property=\"og:title\" content=\"Programa piloto de formaci\u00f3n dual\" \/>\n<meta property=\"og:description\" content=\"Programa piloto de formaci\u00f3n dual inicia clases para la industria de alimentos en el Valle del Cauca. 60 trabajadores de cuatro empresas de la regi\u00f3n inician estudios formativos para mejorar sus competencias. El pasado 2 de octubre del 2024, el Club de Ejecutivos fue el escenario del lanzamiento del programa piloto de formaci\u00f3n dual dirigido [&hellip;]\" \/>\n<meta property=\"og:url\" content=\"https:\/\/www.comfenalcovalle.com.co\/programa-piloto-de-formacion-dual\/\" \/>\n<meta property=\"og:site_name\" content=\"Comfenalco Valle Delagente\" \/>\n<meta property=\"article:published_time\" content=\"2024-11-07T19:26:11+00:00\" \/>\n<meta property=\"article:modified_time\" content=\"2024-11-07T21:16:45+00:00\" \/>\n<meta property=\"og:image\" content=\"https:\/\/www.comfenalcovalle.com.co\/wp-content\/uploads\/2024\/11\/evento-formacion-dual-piloto-2024-01-scaled.jpg\" \/>\n\t<meta property=\"og:image:width\" content=\"1280\" \/>\n\t<meta property=\"og:image:height\" content=\"854\" \/>\n\t<meta property=\"og:image:type\" content=\"image\/jpeg\" \/>\n<meta name=\"author\" content=\"Comunicaciones Comfenalco Valle delagente\" \/>\n<meta name=\"twitter:card\" content=\"summary_large_image\" \/>\n<meta name=\"twitter:label1\" content=\"Written by\" \/>\n\t<meta name=\"twitter:data1\" content=\"Comunicaciones Comfenalco Valle delagente\" \/>\n\t<meta name=\"twitter:label2\" content=\"Est. reading time\" \/>\n\t<meta name=\"twitter:data2\" content=\"4 minutes\" \/>\n<script type=\"application\/ld+json\" class=\"yoast-schema-graph\">{\"@context\":\"https:\/\/schema.org\",\"@graph\":[{\"@type\":\"Article\",\"@id\":\"https:\/\/www.comfenalcovalle.com.co\/programa-piloto-de-formacion-dual\/#article\",\"isPartOf\":{\"@id\":\"https:\/\/www.comfenalcovalle.com.co\/programa-piloto-de-formacion-dual\/\"},\"author\":{\"name\":\"Comunicaciones Comfenalco Valle delagente\",\"@id\":\"https:\/\/www.comfenalcovalle.com.co\/#\/schema\/person\/d4d8bcb299f88f97b06096cf6a21cb01\"},\"headline\":\"Programa piloto de formaci\u00f3n dual\",\"datePublished\":\"2024-11-07T19:26:11+00:00\",\"dateModified\":\"2024-11-07T21:16:45+00:00\",\"mainEntityOfPage\":{\"@id\":\"https:\/\/www.comfenalcovalle.com.co\/programa-piloto-de-formacion-dual\/\"},\"wordCount\":746,\"publisher\":{\"@id\":\"https:\/\/www.comfenalcovalle.com.co\/#organization\"},\"image\":{\"@id\":\"https:\/\/www.comfenalcovalle.com.co\/programa-piloto-de-formacion-dual\/#primaryimage\"},\"thumbnailUrl\":\"https:\/\/test.comfenalcovalle.com.co\/wp-content\/uploads\/2024\/11\/evento-formacion-dual-piloto-2024-01-scaled.jpg\",\"keywords\":[\"colombina\",\"formaci\u00f3n\",\"mayaguez\",\"pec\",\"riopaila\",\"suiza\",\"swisscontact\"],\"articleSection\":[\"Agencia de empleo\"],\"inLanguage\":\"en-US\"},{\"@type\":\"WebPage\",\"@id\":\"https:\/\/www.comfenalcovalle.com.co\/programa-piloto-de-formacion-dual\/\",\"url\":\"https:\/\/www.comfenalcovalle.com.co\/programa-piloto-de-formacion-dual\/\",\"name\":\"Programa piloto de formaci\u00f3n dual - Comfenalco Valle Delagente\",\"isPartOf\":{\"@id\":\"https:\/\/www.comfenalcovalle.com.co\/#website\"},\"primaryImageOfPage\":{\"@id\":\"https:\/\/www.comfenalcovalle.com.co\/programa-piloto-de-formacion-dual\/#primaryimage\"},\"image\":{\"@id\":\"https:\/\/www.comfenalcovalle.com.co\/programa-piloto-de-formacion-dual\/#primaryimage\"},\"thumbnailUrl\":\"https:\/\/test.comfenalcovalle.com.co\/wp-content\/uploads\/2024\/11\/evento-formacion-dual-piloto-2024-01-scaled.jpg\",\"datePublished\":\"2024-11-07T19:26:11+00:00\",\"dateModified\":\"2024-11-07T21:16:45+00:00\",\"breadcrumb\":{\"@id\":\"https:\/\/www.comfenalcovalle.com.co\/programa-piloto-de-formacion-dual\/#breadcrumb\"},\"inLanguage\":\"en-US\",\"potentialAction\":[{\"@type\":\"ReadAction\",\"target\":[\"https:\/\/www.comfenalcovalle.com.co\/programa-piloto-de-formacion-dual\/\"]}]},{\"@type\":\"ImageObject\",\"inLanguage\":\"en-US\",\"@id\":\"https:\/\/www.comfenalcovalle.com.co\/programa-piloto-de-formacion-dual\/#primaryimage\",\"url\":\"https:\/\/test.comfenalcovalle.com.co\/wp-content\/uploads\/2024\/11\/evento-formacion-dual-piloto-2024-01-scaled.jpg\",\"contentUrl\":\"https:\/\/test.comfenalcovalle.com.co\/wp-content\/uploads\/2024\/11\/evento-formacion-dual-piloto-2024-01-scaled.jpg\",\"width\":1280,\"height\":854,\"caption\":\"evento-formacion-dual-piloto-2024-01\"},{\"@type\":\"BreadcrumbList\",\"@id\":\"https:\/\/www.comfenalcovalle.com.co\/programa-piloto-de-formacion-dual\/#breadcrumb\",\"itemListElement\":[{\"@type\":\"ListItem\",\"position\":1,\"name\":\"Portada\",\"item\":\"https:\/\/www.comfenalcovalle.com.co\/\"},{\"@type\":\"ListItem\",\"position\":2,\"name\":\"Programa piloto de formaci\u00f3n dual\"}]},{\"@type\":\"WebSite\",\"@id\":\"https:\/\/www.comfenalcovalle.com.co\/#website\",\"url\":\"https:\/\/www.comfenalcovalle.com.co\/\",\"name\":\"Comfenalco Valle Delagente\",\"description\":\"Caja de compensaci\u00f3n de Comfenalco Valle Delagente.\",\"publisher\":{\"@id\":\"https:\/\/www.comfenalcovalle.com.co\/#organization\"},\"potentialAction\":[{\"@type\":\"SearchAction\",\"target\":{\"@type\":\"EntryPoint\",\"urlTemplate\":\"https:\/\/www.comfenalcovalle.com.co\/?s={search_term_string}\"},\"query-input\":{\"@type\":\"PropertyValueSpecification\",\"valueRequired\":true,\"valueName\":\"search_term_string\"}}],\"inLanguage\":\"en-US\"},{\"@type\":\"Organization\",\"@id\":\"https:\/\/www.comfenalcovalle.com.co\/#organization\",\"name\":\"Comfenalco Valle Delagente\",\"url\":\"https:\/\/www.comfenalcovalle.com.co\/\",\"logo\":{\"@type\":\"ImageObject\",\"inLanguage\":\"en-US\",\"@id\":\"https:\/\/www.comfenalcovalle.com.co\/#\/schema\/logo\/image\/\",\"url\":\"https:\/\/test.comfenalcovalle.com.co\/wp-content\/uploads\/2021\/06\/logo-comfe-cabecera-agencia-empelo-actualizado.png\",\"contentUrl\":\"https:\/\/test.comfenalcovalle.com.co\/wp-content\/uploads\/2021\/06\/logo-comfe-cabecera-agencia-empelo-actualizado.png\",\"width\":500,\"height\":184,\"caption\":\"Comfenalco Valle Delagente\"},\"image\":{\"@id\":\"https:\/\/www.comfenalcovalle.com.co\/#\/schema\/logo\/image\/\"}},{\"@type\":\"Person\",\"@id\":\"https:\/\/www.comfenalcovalle.com.co\/#\/schema\/person\/d4d8bcb299f88f97b06096cf6a21cb01\",\"name\":\"Comunicaciones Comfenalco Valle delagente\",\"image\":{\"@type\":\"ImageObject\",\"inLanguage\":\"en-US\",\"@id\":\"https:\/\/www.comfenalcovalle.com.co\/#\/schema\/person\/image\/\",\"url\":\"https:\/\/secure.gravatar.com\/avatar\/d1c29eb639a137df0ac8bfec50479e8d6ef564f7320f439d9d984504359ea6ee?s=96&d=mm&r=g\",\"contentUrl\":\"https:\/\/secure.gravatar.com\/avatar\/d1c29eb639a137df0ac8bfec50479e8d6ef564f7320f439d9d984504359ea6ee?s=96&d=mm&r=g\",\"caption\":\"Comunicaciones Comfenalco Valle delagente\"},\"url\":\"https:\/\/test.comfenalcovalle.com.co\/en\/author\/comunicaciones-comfenalco-valle-delagente\/\"}]}<\/script>\n<!-- \/ Yoast SEO Premium plugin. -->","yoast_head_json":{"title":"Programa piloto de formaci\u00f3n dual - Comfenalco Valle Delagente","robots":{"index":"index","follow":"follow","max-snippet":"max-snippet:-1","max-image-preview":"max-image-preview:large","max-video-preview":"max-video-preview:-1"},"canonical":"https:\/\/www.comfenalcovalle.com.co\/programa-piloto-de-formacion-dual\/","og_locale":"en_US","og_type":"article","og_title":"Programa piloto de formaci\u00f3n dual","og_description":"Programa piloto de formaci\u00f3n dual inicia clases para la industria de alimentos en el Valle del Cauca. 60 trabajadores de cuatro empresas de la regi\u00f3n inician estudios formativos para mejorar sus competencias. El pasado 2 de octubre del 2024, el Club de Ejecutivos fue el escenario del lanzamiento del programa piloto de formaci\u00f3n dual dirigido [&hellip;]","og_url":"https:\/\/www.comfenalcovalle.com.co\/programa-piloto-de-formacion-dual\/","og_site_name":"Comfenalco Valle Delagente","article_published_time":"2024-11-07T19:26:11+00:00","article_modified_time":"2024-11-07T21:16:45+00:00","og_image":[{"width":1280,"height":854,"url":"https:\/\/www.comfenalcovalle.com.co\/wp-content\/uploads\/2024\/11\/evento-formacion-dual-piloto-2024-01-scaled.jpg","type":"image\/jpeg"}],"author":"Comunicaciones Comfenalco Valle delagente","twitter_card":"summary_large_image","twitter_misc":{"Written by":"Comunicaciones Comfenalco Valle delagente","Est. reading time":"4 minutes"},"schema":{"@context":"https:\/\/schema.org","@graph":[{"@type":"Article","@id":"https:\/\/www.comfenalcovalle.com.co\/programa-piloto-de-formacion-dual\/#article","isPartOf":{"@id":"https:\/\/www.comfenalcovalle.com.co\/programa-piloto-de-formacion-dual\/"},"author":{"name":"Comunicaciones Comfenalco Valle delagente","@id":"https:\/\/www.comfenalcovalle.com.co\/#\/schema\/person\/d4d8bcb299f88f97b06096cf6a21cb01"},"headline":"Programa piloto de formaci\u00f3n dual","datePublished":"2024-11-07T19:26:11+00:00","dateModified":"2024-11-07T21:16:45+00:00","mainEntityOfPage":{"@id":"https:\/\/www.comfenalcovalle.com.co\/programa-piloto-de-formacion-dual\/"},"wordCount":746,"publisher":{"@id":"https:\/\/www.comfenalcovalle.com.co\/#organization"},"image":{"@id":"https:\/\/www.comfenalcovalle.com.co\/programa-piloto-de-formacion-dual\/#primaryimage"},"thumbnailUrl":"https:\/\/test.comfenalcovalle.com.co\/wp-content\/uploads\/2024\/11\/evento-formacion-dual-piloto-2024-01-scaled.jpg","keywords":["colombina","formaci\u00f3n","mayaguez","pec","riopaila","suiza","swisscontact"],"articleSection":["Agencia de empleo"],"inLanguage":"en-US"},{"@type":"WebPage","@id":"https:\/\/www.comfenalcovalle.com.co\/programa-piloto-de-formacion-dual\/","url":"https:\/\/www.comfenalcovalle.com.co\/programa-piloto-de-formacion-dual\/","name":"Programa piloto de formaci\u00f3n dual - Comfenalco Valle Delagente","isPartOf":{"@id":"https:\/\/www.comfenalcovalle.com.co\/#website"},"primaryImageOfPage":{"@id":"https:\/\/www.comfenalcovalle.com.co\/programa-piloto-de-formacion-dual\/#primaryimage"},"image":{"@id":"https:\/\/www.comfenalcovalle.com.co\/programa-piloto-de-formacion-dual\/#primaryimage"},"thumbnailUrl":"https:\/\/test.comfenalcovalle.com.co\/wp-content\/uploads\/2024\/11\/evento-formacion-dual-piloto-2024-01-scaled.jpg","datePublished":"2024-11-07T19:26:11+00:00","dateModified":"2024-11-07T21:16:45+00:00","breadcrumb":{"@id":"https:\/\/www.comfenalcovalle.com.co\/programa-piloto-de-formacion-dual\/#breadcrumb"},"inLanguage":"en-US","potentialAction":[{"@type":"ReadAction","target":["https:\/\/www.comfenalcovalle.com.co\/programa-piloto-de-formacion-dual\/"]}]},{"@type":"ImageObject","inLanguage":"en-US","@id":"https:\/\/www.comfenalcovalle.com.co\/programa-piloto-de-formacion-dual\/#primaryimage","url":"https:\/\/test.comfenalcovalle.com.co\/wp-content\/uploads\/2024\/11\/evento-formacion-dual-piloto-2024-01-scaled.jpg","contentUrl":"https:\/\/test.comfenalcovalle.com.co\/wp-content\/uploads\/2024\/11\/evento-formacion-dual-piloto-2024-01-scaled.jpg","width":1280,"height":854,"caption":"evento-formacion-dual-piloto-2024-01"},{"@type":"BreadcrumbList","@id":"https:\/\/www.comfenalcovalle.com.co\/programa-piloto-de-formacion-dual\/#breadcrumb","itemListElement":[{"@type":"ListItem","position":1,"name":"Portada","item":"https:\/\/www.comfenalcovalle.com.co\/"},{"@type":"ListItem","position":2,"name":"Programa piloto de formaci\u00f3n dual"}]},{"@type":"WebSite","@id":"https:\/\/www.comfenalcovalle.com.co\/#website","url":"https:\/\/www.comfenalcovalle.com.co\/","name":"Comfenalco Valle Delagente","description":"Comfenalco Valle Delagente compensation fund.","publisher":{"@id":"https:\/\/www.comfenalcovalle.com.co\/#organization"},"potentialAction":[{"@type":"SearchAction","target":{"@type":"EntryPoint","urlTemplate":"https:\/\/www.comfenalcovalle.com.co\/?s={search_term_string}"},"query-input":{"@type":"PropertyValueSpecification","valueRequired":true,"valueName":"search_term_string"}}],"inLanguage":"en-US"},{"@type":"Organization","@id":"https:\/\/www.comfenalcovalle.com.co\/#organization","name":"Comfenalco Valle Delagente","url":"https:\/\/www.comfenalcovalle.com.co\/","logo":{"@type":"ImageObject","inLanguage":"en-US","@id":"https:\/\/www.comfenalcovalle.com.co\/#\/schema\/logo\/image\/","url":"https:\/\/test.comfenalcovalle.com.co\/wp-content\/uploads\/2021\/06\/logo-comfe-cabecera-agencia-empelo-actualizado.png","contentUrl":"https:\/\/test.comfenalcovalle.com.co\/wp-content\/uploads\/2021\/06\/logo-comfe-cabecera-agencia-empelo-actualizado.png","width":500,"height":184,"caption":"Comfenalco Valle Delagente"},"image":{"@id":"https:\/\/www.comfenalcovalle.com.co\/#\/schema\/logo\/image\/"}},{"@type":"Person","@id":"https:\/\/www.comfenalcovalle.com.co\/#\/schema\/person\/d4d8bcb299f88f97b06096cf6a21cb01","name":"Communications Comfenalco Valle delagente","image":{"@type":"ImageObject","inLanguage":"en-US","@id":"https:\/\/www.comfenalcovalle.com.co\/#\/schema\/person\/image\/","url":"https:\/\/secure.gravatar.com\/avatar\/d1c29eb639a137df0ac8bfec50479e8d6ef564f7320f439d9d984504359ea6ee?s=96&d=mm&r=g","contentUrl":"https:\/\/secure.gravatar.com\/avatar\/d1c29eb639a137df0ac8bfec50479e8d6ef564f7320f439d9d984504359ea6ee?s=96&d=mm&r=g","caption":"Comunicaciones Comfenalco Valle delagente"},"url":"https:\/\/test.comfenalcovalle.com.co\/en\/author\/comunicaciones-comfenalco-valle-delagente\/"}]}},"publishpress_future_action":{"enabled":false,"date":"2026-05-08 09:11:48","action":"change-status","newStatus":"draft","terms":[],"taxonomy":"category","extraData":[]},"publishpress_future_workflow_manual_trigger":{"enabledWorkflows":[]},"_links":{"self":[{"href":"https:\/\/test.comfenalcovalle.com.co\/en\/wp-json\/wp\/v2\/posts\/647851","targetHints":{"allow":["GET"]}}],"collection":[{"href":"https:\/\/test.comfenalcovalle.com.co\/en\/wp-json\/wp\/v2\/posts"}],"about":[{"href":"https:\/\/test.comfenalcovalle.com.co\/en\/wp-json\/wp\/v2\/types\/post"}],"author":[{"embeddable":true,"href":"https:\/\/test.comfenalcovalle.com.co\/en\/wp-json\/wp\/v2\/users\/6"}],"replies":[{"embeddable":true,"href":"https:\/\/test.comfenalcovalle.com.co\/en\/wp-json\/wp\/v2\/comments?post=647851"}],"version-history":[{"count":0,"href":"https:\/\/test.comfenalcovalle.com.co\/en\/wp-json\/wp\/v2\/posts\/647851\/revisions"}],"wp:featuredmedia":[{"embeddable":true,"href":"https:\/\/test.comfenalcovalle.com.co\/en\/wp-json\/wp\/v2\/media\/647873"}],"wp:attachment":[{"href":"https:\/\/test.comfenalcovalle.com.co\/en\/wp-json\/wp\/v2\/media?parent=647851"}],"wp:term":[{"taxonomy":"category","embeddable":true,"href":"https:\/\/test.comfenalcovalle.com.co\/en\/wp-json\/wp\/v2\/categories?post=647851"},{"taxonomy":"post_tag","embeddable":true,"href":"https:\/\/test.comfenalcovalle.com.co\/en\/wp-json\/wp\/v2\/tags?post=647851"}],"curies":[{"name":"wp","href":"https:\/\/api.w.org\/{rel}","templated":true}]}}