{"id":644751,"date":"2024-09-25T05:55:00","date_gmt":"2024-09-25T10:55:00","guid":{"rendered":"https:\/\/test.comfenalcovalle.com.co\/?p=644751"},"modified":"2024-09-24T09:50:12","modified_gmt":"2024-09-24T14:50:12","slug":"comfenalco-valle-delagente-presenta-su-programa-de-capacitacion-ptee-en-14o-congreso-del-pacto-global-red-colombia","status":"publish","type":"post","link":"https:\/\/test.comfenalcovalle.com.co\/en\/comfenalco-valle-delagente-presenta-su-programa-de-capacitacion-ptee-en-14o-congreso-del-pacto-global-red-colombia\/","title":{"rendered":"Comfenalco Valle Delagente presenta su Programa de Capacitaci\u00f3n PTEE en 14\u00ba Congreso del Pacto Global Red Colombia"},"content":{"rendered":"<div data-elementor-type=\"wp-post\" data-elementor-id=\"644751\" class=\"elementor elementor-644751\" data-elementor-post-type=\"post\">\n\t\t\t\t\t\t<section class=\"elementor-section elementor-top-section elementor-element elementor-element-6437a730 elementor-section-boxed elementor-section-height-default elementor-section-height-default\" data-id=\"6437a730\" data-element_type=\"section\">\n\t\t\t\t\t\t<div class=\"elementor-container elementor-column-gap-default\">\n\t\t\t\t\t<div class=\"elementor-column elementor-col-100 elementor-top-column elementor-element elementor-element-62b64e69\" data-id=\"62b64e69\" data-element_type=\"column\">\n\t\t\t<div class=\"elementor-widget-wrap elementor-element-populated\">\n\t\t\t\t\t\t<div class=\"elementor-element elementor-element-3adee614 elementor-widget elementor-widget-text-editor\" data-id=\"3adee614\" data-element_type=\"widget\" data-widget_type=\"text-editor.default\">\n\t\t\t\t<div class=\"elementor-widget-container\">\n\t\t\t\t\t\t\t\t\t\n<p>En el marco del 14\u00ba Congreso del Pacto Global Red Colombia, Leidy Yesenia Pino, l\u00edder de Riesgo Corporativo de Comfenalco Valle Delagente, fue ponente en el panel de Derechos Humanos y Lucha contra la Corrupci\u00f3n, donde present\u00f3 el Programa <strong>de Transparencia y \u00c9tica Empresarial,<\/strong> PTEE, a trav\u00e9s del cual se ha fortalecido la capacitaci\u00f3n y sensibilizaci\u00f3n al interior de la Caja de Compensaci\u00f3n Familiar.<\/p>\n\n\n\n<p>Este programa, que ha sido destacado en la tercera edici\u00f3n de la revista digital \u201cBuenas Pr\u00e1cticas en Anticorrupci\u00f3n\u201d, ha demostrado ser una herramienta clave en la construcci\u00f3n de una cultura de integridad y transparencia.<\/p>\n\n\n\n<p>El panel cont\u00f3 con la participaci\u00f3n de expertos en cumplimiento y transparencia, incluyendo a Ang\u00e9lica Mora Su\u00e1rez, directora de Cumplimiento de la Transportadora de Gas Internacional; Julio Corredor, gerente de Cumplimiento de Cenit Transporte y Log\u00edstica de Hidrocarburos, y Daniel Serrano, asesor de la Oficina de las Naciones Unidas contra la Droga y el Delito para la regi\u00f3n Andina y el Cono Sur &#8211; UNODC.<\/p>\n\n\n\n<p>Durante el conversatorio, los panelistas presentaron a las empresas que representan y compartieron detalles sobre sus buenas pr\u00e1cticas en transparencia y \u00e9tica empresarial. Adem\u00e1s, discutieron las lecciones aprendidas y los retos que enfrentaron durante la implementaci\u00f3n de estas pr\u00e1cticas, destacando la importancia de mantener un enfoque de transparencia en sus organizaciones.<\/p>\n\n\n\n<p>Estos intercambios enriquecieron el debate y proporcionaron valiosas perspectivas sobre c\u00f3mo cada empresa ha avanzado en la promoci\u00f3n de la integridad y la lucha contra la corrupci\u00f3n.<\/p>\n\n\n\n<p>Por su parte, Leidy Yesenia Pino destac\u00f3 los principales logros del PTEE de Comfenalco Valle Delagente, entre los que se encuentran avances significativos en la prevenci\u00f3n de riesgos asociados a la corrupci\u00f3n, opacidad, fraude y soborno.<\/p>\n\n\n\n<p>Adem\u00e1s, resalt\u00f3 c\u00f3mo la sensibilizaci\u00f3n y la educaci\u00f3n en estos temas han sido clave para generar una mayor confianza y reputaci\u00f3n en la Caja de Compensaci\u00f3n Familiar, reforzando su compromiso con la transparencia.<\/p>\n\n\n\n<p>Finalmente, invit\u00f3 a las dem\u00e1s organizaciones a reflexionar sobre sus propias pr\u00e1cticas y c\u00f3mo estas estrategias pueden ser aplicadas para fortalecer la transparencia y combatir la corrupci\u00f3n en sus entornos laborales.<\/p>\n\n\n\n<p><strong>Conclusiones:<\/strong><\/p>\n\n\n\n<ul class=\"wp-block-list\">\n<li>La educaci\u00f3n y la sensibilizaci\u00f3n son herramientas fundamentales para crear una cultura s\u00f3lida de integridad.<\/li>\n\n\n\n<li>El PTEE, ha mostrado que una estrategia bien dise\u00f1ada tiene un impacto positivo<\/li>\n\n\n\n<li>en la cultura organizacional. Las buenas pr\u00e1cticas fortalecen la reputaci\u00f3n y confianza en Comfenalco Valle Delagente.<\/li>\n\n\n\n<li>Este tipo de espacios permiten alinear esfuerzos con las pol\u00edticas p\u00fablicas y promover el bienestar integral de los aportantes, sus beneficiarios y la comunidad en general.<\/li>\n<\/ul>\n\t\t\t\t\t\t\t\t<\/div>\n\t\t\t\t<\/div>\n\t\t\t\t<div class=\"elementor-element elementor-element-7ffb33e elementor-arrows-position-inside elementor-pagination-position-outside elementor-widget elementor-widget-image-carousel\" data-id=\"7ffb33e\" data-element_type=\"widget\" data-settings=\"{&quot;slides_to_show&quot;:&quot;3&quot;,&quot;slides_to_scroll&quot;:&quot;1&quot;,&quot;image_spacing_custom&quot;:{&quot;unit&quot;:&quot;px&quot;,&quot;size&quot;:10,&quot;sizes&quot;:[]},&quot;navigation&quot;:&quot;both&quot;,&quot;autoplay&quot;:&quot;yes&quot;,&quot;pause_on_hover&quot;:&quot;yes&quot;,&quot;pause_on_interaction&quot;:&quot;yes&quot;,&quot;autoplay_speed&quot;:5000,&quot;infinite&quot;:&quot;yes&quot;,&quot;speed&quot;:500,&quot;image_spacing_custom_tablet&quot;:{&quot;unit&quot;:&quot;px&quot;,&quot;size&quot;:&quot;&quot;,&quot;sizes&quot;:[]},&quot;image_spacing_custom_mobile&quot;:{&quot;unit&quot;:&quot;px&quot;,&quot;size&quot;:&quot;&quot;,&quot;sizes&quot;:[]}}\" data-widget_type=\"image-carousel.default\">\n\t\t\t\t<div class=\"elementor-widget-container\">\n\t\t\t\t\t\t\t<div class=\"elementor-image-carousel-wrapper swiper\" role=\"region\" aria-roledescription=\"carousel\" aria-label=\"Image Carousel\" dir=\"ltr\">\n\t\t\t<div class=\"elementor-image-carousel swiper-wrapper\" aria-live=\"off\">\n\t\t\t\t\t\t\t\t<div class=\"swiper-slide\" role=\"group\" aria-roledescription=\"slide\" aria-label=\"1 of 3\"><figure class=\"swiper-slide-inner\"><img decoding=\"async\" class=\"swiper-slide-image lazyload\" data-src=\"https:\/\/test.comfenalcovalle.com.co\/wp-content\/uploads\/2024\/09\/Comfenalco-Valle-Delagente-presenta-su-Programa-de-Capacitacion-PTEE-en-14o-Congreso-del-Pacto-Global-Red-Colombia-min.png\" alt=\"Comfenalco Valle Delagente presenta su Programa de Capacitacio\u0301n PTEE en 14\u00ba Congreso del Pacto Global Red Colombia 3-min\" src=\"data:image\/svg+xml;base64,PHN2ZyB3aWR0aD0iMSIgaGVpZ2h0PSIxIiB4bWxucz0iaHR0cDovL3d3dy53My5vcmcvMjAwMC9zdmciPjwvc3ZnPg==\" style=\"--smush-placeholder-width: 928px; --smush-placeholder-aspect-ratio: 928\/522;\" \/><\/figure><\/div><div class=\"swiper-slide\" role=\"group\" aria-roledescription=\"slide\" aria-label=\"2 of 3\"><figure class=\"swiper-slide-inner\"><img decoding=\"async\" class=\"swiper-slide-image lazyload\" data-src=\"https:\/\/test.comfenalcovalle.com.co\/wp-content\/uploads\/2024\/09\/Comfenalco-Valle-Delagente-presenta-su-Programa-de-Capacitacion-PTEE-en-14o-Congreso-del-Pacto-Global-Red-Colombia-3-min.png\" alt=\"Comfenalco Valle Delagente presenta su Programa de Capacitacio\u0301n PTEE en 14\u00ba Congreso del Pacto Global Red Colombia 3-min\" src=\"data:image\/svg+xml;base64,PHN2ZyB3aWR0aD0iMSIgaGVpZ2h0PSIxIiB4bWxucz0iaHR0cDovL3d3dy53My5vcmcvMjAwMC9zdmciPjwvc3ZnPg==\" style=\"--smush-placeholder-width: 1080px; --smush-placeholder-aspect-ratio: 1080\/608;\" \/><\/figure><\/div><div class=\"swiper-slide\" role=\"group\" aria-roledescription=\"slide\" aria-label=\"3 of 3\"><figure class=\"swiper-slide-inner\"><img decoding=\"async\" class=\"swiper-slide-image lazyload\" data-src=\"https:\/\/test.comfenalcovalle.com.co\/wp-content\/uploads\/2024\/09\/Comfenalco-Valle-Delagente-presenta-su-Programa-de-Capacitacion-PTEE-en-14o-Congreso-del-Pacto-Global-Red-Colombia-2-min.png\" alt=\"Comfenalco Valle Delagente presenta su Programa de Capacitacio\u0301n PTEE en 14\u00ba Congreso del Pacto Global Red Colombia 3-min\" src=\"data:image\/svg+xml;base64,PHN2ZyB3aWR0aD0iMSIgaGVpZ2h0PSIxIiB4bWxucz0iaHR0cDovL3d3dy53My5vcmcvMjAwMC9zdmciPjwvc3ZnPg==\" style=\"--smush-placeholder-width: 1080px; --smush-placeholder-aspect-ratio: 1080\/608;\" \/><\/figure><\/div>\t\t\t<\/div>\n\t\t\t\t\t\t\t\t\t\t\t\t<div class=\"elementor-swiper-button elementor-swiper-button-prev\" role=\"button\" tabindex=\"0\">\n\t\t\t\t\t\t<i aria-hidden=\"true\" class=\"eicon-chevron-left\"><\/i>\t\t\t\t\t<\/div>\n\t\t\t\t\t<div class=\"elementor-swiper-button elementor-swiper-button-next\" role=\"button\" tabindex=\"0\">\n\t\t\t\t\t\t<i aria-hidden=\"true\" class=\"eicon-chevron-right\"><\/i>\t\t\t\t\t<\/div>\n\t\t\t\t\n\t\t\t\t\t\t\t\t\t<div class=\"swiper-pagination\"><\/div>\n\t\t\t\t\t\t\t\t\t<\/div>\n\t\t\t\t\t\t<\/div>\n\t\t\t\t<\/div>\n\t\t\t\t\t<\/div>\n\t\t<\/div>\n\t\t\t\t\t<\/div>\n\t\t<\/section>\n\t\t\t\t<\/div>","protected":false},"excerpt":{"rendered":"<p>En el marco del 14\u00ba Congreso del Pacto Global Red Colombia, Leidy Yesenia Pino, l\u00edder de Riesgo Corporativo de Comfenalco Valle Delagente, fue ponente en el panel de Derechos Humanos y Lucha contra la Corrupci\u00f3n, donde present\u00f3 el Programa de Transparencia y \u00c9tica Empresarial, PTEE, a trav\u00e9s del cual se ha fortalecido la capacitaci\u00f3n y [&hellip;]<\/p>","protected":false},"author":6,"featured_media":644755,"comment_status":"closed","ping_status":"closed","sticky":false,"template":"","format":"standard","meta":{"footnotes":""},"categories":[72],"tags":[],"class_list":["post-644751","post","type-post","status-publish","format-standard","has-post-thumbnail","hentry","category-corporativo"],"yoast_head":"<!-- This site is optimized with the Yoast SEO Premium plugin v25.9 (Yoast SEO v25.9) - https:\/\/yoast.com\/wordpress\/plugins\/seo\/ -->\n<title>Comfenalco Valle Delagente presenta su Programa de Capacitaci\u00f3n PTEE<\/title>\n<meta name=\"description\" content=\"Programa de Transparencia y \u00c9tica Empresarial, PTEE, a trav\u00e9s del cual se ha fortalecido la capacitaci\u00f3n y sensibilizaci\u00f3n al interior de la Caja de Compensaci\u00f3n Familiar.\" \/>\n<meta name=\"robots\" content=\"index, follow, max-snippet:-1, max-image-preview:large, max-video-preview:-1\" \/>\n<link rel=\"canonical\" href=\"https:\/\/www.comfenalcovalle.com.co\/comfenalco-valle-delagente-presenta-su-programa-de-capacitacion-ptee-en-14o-congreso-del-pacto-global-red-colombia\/\" \/>\n<meta property=\"og:locale\" content=\"en_US\" \/>\n<meta property=\"og:type\" content=\"article\" \/>\n<meta property=\"og:title\" content=\"Comfenalco Valle Delagente presenta su Programa de Capacitaci\u00f3n PTEE en 14\u00ba Congreso del Pacto Global Red Colombia\" \/>\n<meta property=\"og:description\" content=\"Programa de Transparencia y \u00c9tica Empresarial, PTEE, a trav\u00e9s del cual se ha fortalecido la capacitaci\u00f3n y sensibilizaci\u00f3n al interior de la Caja de Compensaci\u00f3n Familiar.\" \/>\n<meta property=\"og:url\" content=\"https:\/\/www.comfenalcovalle.com.co\/comfenalco-valle-delagente-presenta-su-programa-de-capacitacion-ptee-en-14o-congreso-del-pacto-global-red-colombia\/\" \/>\n<meta property=\"og:site_name\" content=\"Comfenalco Valle Delagente\" \/>\n<meta property=\"article:published_time\" content=\"2024-09-25T10:55:00+00:00\" \/>\n<meta property=\"og:image\" content=\"https:\/\/www.comfenalcovalle.com.co\/wp-content\/uploads\/2024\/09\/Comfenalco-Valle-Delagente-presenta-su-Programa-de-Capacitacion-PTEE-en-14o-Congreso-del-Pacto-Global-Red-Colombia-3-min.png\" \/>\n\t<meta property=\"og:image:width\" content=\"1080\" \/>\n\t<meta property=\"og:image:height\" content=\"608\" \/>\n\t<meta property=\"og:image:type\" content=\"image\/png\" \/>\n<meta name=\"author\" content=\"Comunicaciones Comfenalco Valle delagente\" \/>\n<meta name=\"twitter:card\" content=\"summary_large_image\" \/>\n<meta name=\"twitter:label1\" content=\"Written by\" \/>\n\t<meta name=\"twitter:data1\" content=\"Comunicaciones Comfenalco Valle delagente\" \/>\n\t<meta name=\"twitter:label2\" content=\"Est. reading time\" \/>\n\t<meta name=\"twitter:data2\" content=\"3 minutes\" \/>\n<script type=\"application\/ld+json\" class=\"yoast-schema-graph\">{\"@context\":\"https:\/\/schema.org\",\"@graph\":[{\"@type\":\"Article\",\"@id\":\"https:\/\/www.comfenalcovalle.com.co\/comfenalco-valle-delagente-presenta-su-programa-de-capacitacion-ptee-en-14o-congreso-del-pacto-global-red-colombia\/#article\",\"isPartOf\":{\"@id\":\"https:\/\/www.comfenalcovalle.com.co\/comfenalco-valle-delagente-presenta-su-programa-de-capacitacion-ptee-en-14o-congreso-del-pacto-global-red-colombia\/\"},\"author\":{\"name\":\"Comunicaciones Comfenalco Valle delagente\",\"@id\":\"https:\/\/www.comfenalcovalle.com.co\/#\/schema\/person\/d4d8bcb299f88f97b06096cf6a21cb01\"},\"headline\":\"Comfenalco Valle Delagente presenta su Programa de Capacitaci\u00f3n PTEE en 14\u00ba Congreso del Pacto Global Red Colombia\",\"datePublished\":\"2024-09-25T10:55:00+00:00\",\"mainEntityOfPage\":{\"@id\":\"https:\/\/www.comfenalcovalle.com.co\/comfenalco-valle-delagente-presenta-su-programa-de-capacitacion-ptee-en-14o-congreso-del-pacto-global-red-colombia\/\"},\"wordCount\":472,\"publisher\":{\"@id\":\"https:\/\/www.comfenalcovalle.com.co\/#organization\"},\"image\":{\"@id\":\"https:\/\/www.comfenalcovalle.com.co\/comfenalco-valle-delagente-presenta-su-programa-de-capacitacion-ptee-en-14o-congreso-del-pacto-global-red-colombia\/#primaryimage\"},\"thumbnailUrl\":\"https:\/\/test.comfenalcovalle.com.co\/wp-content\/uploads\/2024\/09\/Comfenalco-Valle-Delagente-presenta-su-Programa-de-Capacitacion-PTEE-en-14o-Congreso-del-Pacto-Global-Red-Colombia-3-min.png\",\"articleSection\":[\"Corporativo\"],\"inLanguage\":\"en-US\"},{\"@type\":\"WebPage\",\"@id\":\"https:\/\/www.comfenalcovalle.com.co\/comfenalco-valle-delagente-presenta-su-programa-de-capacitacion-ptee-en-14o-congreso-del-pacto-global-red-colombia\/\",\"url\":\"https:\/\/www.comfenalcovalle.com.co\/comfenalco-valle-delagente-presenta-su-programa-de-capacitacion-ptee-en-14o-congreso-del-pacto-global-red-colombia\/\",\"name\":\"Comfenalco Valle Delagente presenta su Programa de Capacitaci\u00f3n PTEE\",\"isPartOf\":{\"@id\":\"https:\/\/www.comfenalcovalle.com.co\/#website\"},\"primaryImageOfPage\":{\"@id\":\"https:\/\/www.comfenalcovalle.com.co\/comfenalco-valle-delagente-presenta-su-programa-de-capacitacion-ptee-en-14o-congreso-del-pacto-global-red-colombia\/#primaryimage\"},\"image\":{\"@id\":\"https:\/\/www.comfenalcovalle.com.co\/comfenalco-valle-delagente-presenta-su-programa-de-capacitacion-ptee-en-14o-congreso-del-pacto-global-red-colombia\/#primaryimage\"},\"thumbnailUrl\":\"https:\/\/test.comfenalcovalle.com.co\/wp-content\/uploads\/2024\/09\/Comfenalco-Valle-Delagente-presenta-su-Programa-de-Capacitacion-PTEE-en-14o-Congreso-del-Pacto-Global-Red-Colombia-3-min.png\",\"datePublished\":\"2024-09-25T10:55:00+00:00\",\"description\":\"Programa de Transparencia y \u00c9tica Empresarial, PTEE, a trav\u00e9s del cual se ha fortalecido la capacitaci\u00f3n y sensibilizaci\u00f3n al interior de la Caja de Compensaci\u00f3n Familiar.\",\"breadcrumb\":{\"@id\":\"https:\/\/www.comfenalcovalle.com.co\/comfenalco-valle-delagente-presenta-su-programa-de-capacitacion-ptee-en-14o-congreso-del-pacto-global-red-colombia\/#breadcrumb\"},\"inLanguage\":\"en-US\",\"potentialAction\":[{\"@type\":\"ReadAction\",\"target\":[\"https:\/\/www.comfenalcovalle.com.co\/comfenalco-valle-delagente-presenta-su-programa-de-capacitacion-ptee-en-14o-congreso-del-pacto-global-red-colombia\/\"]}]},{\"@type\":\"ImageObject\",\"inLanguage\":\"en-US\",\"@id\":\"https:\/\/www.comfenalcovalle.com.co\/comfenalco-valle-delagente-presenta-su-programa-de-capacitacion-ptee-en-14o-congreso-del-pacto-global-red-colombia\/#primaryimage\",\"url\":\"https:\/\/test.comfenalcovalle.com.co\/wp-content\/uploads\/2024\/09\/Comfenalco-Valle-Delagente-presenta-su-Programa-de-Capacitacion-PTEE-en-14o-Congreso-del-Pacto-Global-Red-Colombia-3-min.png\",\"contentUrl\":\"https:\/\/test.comfenalcovalle.com.co\/wp-content\/uploads\/2024\/09\/Comfenalco-Valle-Delagente-presenta-su-Programa-de-Capacitacion-PTEE-en-14o-Congreso-del-Pacto-Global-Red-Colombia-3-min.png\",\"width\":1080,\"height\":608,\"caption\":\"Comfenalco Valle Delagente presenta su Programa de Capacitacio\u0301n PTEE en 14\u00ba Congreso del Pacto Global Red Colombia 3-min\"},{\"@type\":\"BreadcrumbList\",\"@id\":\"https:\/\/www.comfenalcovalle.com.co\/comfenalco-valle-delagente-presenta-su-programa-de-capacitacion-ptee-en-14o-congreso-del-pacto-global-red-colombia\/#breadcrumb\",\"itemListElement\":[{\"@type\":\"ListItem\",\"position\":1,\"name\":\"Portada\",\"item\":\"https:\/\/www.comfenalcovalle.com.co\/\"},{\"@type\":\"ListItem\",\"position\":2,\"name\":\"Comfenalco Valle Delagente presenta su Programa de Capacitaci\u00f3n PTEE en 14\u00ba Congreso del Pacto Global Red Colombia\"}]},{\"@type\":\"WebSite\",\"@id\":\"https:\/\/www.comfenalcovalle.com.co\/#website\",\"url\":\"https:\/\/www.comfenalcovalle.com.co\/\",\"name\":\"Comfenalco Valle Delagente\",\"description\":\"Caja de compensaci\u00f3n de Comfenalco Valle Delagente.\",\"publisher\":{\"@id\":\"https:\/\/www.comfenalcovalle.com.co\/#organization\"},\"potentialAction\":[{\"@type\":\"SearchAction\",\"target\":{\"@type\":\"EntryPoint\",\"urlTemplate\":\"https:\/\/www.comfenalcovalle.com.co\/?s={search_term_string}\"},\"query-input\":{\"@type\":\"PropertyValueSpecification\",\"valueRequired\":true,\"valueName\":\"search_term_string\"}}],\"inLanguage\":\"en-US\"},{\"@type\":\"Organization\",\"@id\":\"https:\/\/www.comfenalcovalle.com.co\/#organization\",\"name\":\"Comfenalco Valle Delagente\",\"url\":\"https:\/\/www.comfenalcovalle.com.co\/\",\"logo\":{\"@type\":\"ImageObject\",\"inLanguage\":\"en-US\",\"@id\":\"https:\/\/www.comfenalcovalle.com.co\/#\/schema\/logo\/image\/\",\"url\":\"https:\/\/test.comfenalcovalle.com.co\/wp-content\/uploads\/2021\/06\/logo-comfe-cabecera-agencia-empelo-actualizado.png\",\"contentUrl\":\"https:\/\/test.comfenalcovalle.com.co\/wp-content\/uploads\/2021\/06\/logo-comfe-cabecera-agencia-empelo-actualizado.png\",\"width\":500,\"height\":184,\"caption\":\"Comfenalco Valle Delagente\"},\"image\":{\"@id\":\"https:\/\/www.comfenalcovalle.com.co\/#\/schema\/logo\/image\/\"}},{\"@type\":\"Person\",\"@id\":\"https:\/\/www.comfenalcovalle.com.co\/#\/schema\/person\/d4d8bcb299f88f97b06096cf6a21cb01\",\"name\":\"Comunicaciones Comfenalco Valle delagente\",\"image\":{\"@type\":\"ImageObject\",\"inLanguage\":\"en-US\",\"@id\":\"https:\/\/www.comfenalcovalle.com.co\/#\/schema\/person\/image\/\",\"url\":\"https:\/\/secure.gravatar.com\/avatar\/d1c29eb639a137df0ac8bfec50479e8d6ef564f7320f439d9d984504359ea6ee?s=96&d=mm&r=g\",\"contentUrl\":\"https:\/\/secure.gravatar.com\/avatar\/d1c29eb639a137df0ac8bfec50479e8d6ef564f7320f439d9d984504359ea6ee?s=96&d=mm&r=g\",\"caption\":\"Comunicaciones Comfenalco Valle delagente\"},\"url\":\"https:\/\/test.comfenalcovalle.com.co\/en\/author\/comunicaciones-comfenalco-valle-delagente\/\"}]}<\/script>\n<!-- \/ Yoast SEO Premium plugin. -->","yoast_head_json":{"title":"Comfenalco Valle Delagente presenta su Programa de Capacitaci\u00f3n PTEE","description":"Programa de Transparencia y \u00c9tica Empresarial, PTEE, a trav\u00e9s del cual se ha fortalecido la capacitaci\u00f3n y sensibilizaci\u00f3n al interior de la Caja de Compensaci\u00f3n Familiar.","robots":{"index":"index","follow":"follow","max-snippet":"max-snippet:-1","max-image-preview":"max-image-preview:large","max-video-preview":"max-video-preview:-1"},"canonical":"https:\/\/www.comfenalcovalle.com.co\/comfenalco-valle-delagente-presenta-su-programa-de-capacitacion-ptee-en-14o-congreso-del-pacto-global-red-colombia\/","og_locale":"en_US","og_type":"article","og_title":"Comfenalco Valle Delagente presenta su Programa de Capacitaci\u00f3n PTEE en 14\u00ba Congreso del Pacto Global Red Colombia","og_description":"Programa de Transparencia y \u00c9tica Empresarial, PTEE, a trav\u00e9s del cual se ha fortalecido la capacitaci\u00f3n y sensibilizaci\u00f3n al interior de la Caja de Compensaci\u00f3n Familiar.","og_url":"https:\/\/www.comfenalcovalle.com.co\/comfenalco-valle-delagente-presenta-su-programa-de-capacitacion-ptee-en-14o-congreso-del-pacto-global-red-colombia\/","og_site_name":"Comfenalco Valle Delagente","article_published_time":"2024-09-25T10:55:00+00:00","og_image":[{"width":1080,"height":608,"url":"https:\/\/www.comfenalcovalle.com.co\/wp-content\/uploads\/2024\/09\/Comfenalco-Valle-Delagente-presenta-su-Programa-de-Capacitacion-PTEE-en-14o-Congreso-del-Pacto-Global-Red-Colombia-3-min.png","type":"image\/png"}],"author":"Comunicaciones Comfenalco Valle delagente","twitter_card":"summary_large_image","twitter_misc":{"Written by":"Comunicaciones Comfenalco Valle delagente","Est. reading time":"3 minutes"},"schema":{"@context":"https:\/\/schema.org","@graph":[{"@type":"Article","@id":"https:\/\/www.comfenalcovalle.com.co\/comfenalco-valle-delagente-presenta-su-programa-de-capacitacion-ptee-en-14o-congreso-del-pacto-global-red-colombia\/#article","isPartOf":{"@id":"https:\/\/www.comfenalcovalle.com.co\/comfenalco-valle-delagente-presenta-su-programa-de-capacitacion-ptee-en-14o-congreso-del-pacto-global-red-colombia\/"},"author":{"name":"Comunicaciones Comfenalco Valle delagente","@id":"https:\/\/www.comfenalcovalle.com.co\/#\/schema\/person\/d4d8bcb299f88f97b06096cf6a21cb01"},"headline":"Comfenalco Valle Delagente presenta su Programa de Capacitaci\u00f3n PTEE en 14\u00ba Congreso del Pacto Global Red Colombia","datePublished":"2024-09-25T10:55:00+00:00","mainEntityOfPage":{"@id":"https:\/\/www.comfenalcovalle.com.co\/comfenalco-valle-delagente-presenta-su-programa-de-capacitacion-ptee-en-14o-congreso-del-pacto-global-red-colombia\/"},"wordCount":472,"publisher":{"@id":"https:\/\/www.comfenalcovalle.com.co\/#organization"},"image":{"@id":"https:\/\/www.comfenalcovalle.com.co\/comfenalco-valle-delagente-presenta-su-programa-de-capacitacion-ptee-en-14o-congreso-del-pacto-global-red-colombia\/#primaryimage"},"thumbnailUrl":"https:\/\/test.comfenalcovalle.com.co\/wp-content\/uploads\/2024\/09\/Comfenalco-Valle-Delagente-presenta-su-Programa-de-Capacitacion-PTEE-en-14o-Congreso-del-Pacto-Global-Red-Colombia-3-min.png","articleSection":["Corporativo"],"inLanguage":"en-US"},{"@type":"WebPage","@id":"https:\/\/www.comfenalcovalle.com.co\/comfenalco-valle-delagente-presenta-su-programa-de-capacitacion-ptee-en-14o-congreso-del-pacto-global-red-colombia\/","url":"https:\/\/www.comfenalcovalle.com.co\/comfenalco-valle-delagente-presenta-su-programa-de-capacitacion-ptee-en-14o-congreso-del-pacto-global-red-colombia\/","name":"Comfenalco Valle Delagente presenta su Programa de Capacitaci\u00f3n PTEE","isPartOf":{"@id":"https:\/\/www.comfenalcovalle.com.co\/#website"},"primaryImageOfPage":{"@id":"https:\/\/www.comfenalcovalle.com.co\/comfenalco-valle-delagente-presenta-su-programa-de-capacitacion-ptee-en-14o-congreso-del-pacto-global-red-colombia\/#primaryimage"},"image":{"@id":"https:\/\/www.comfenalcovalle.com.co\/comfenalco-valle-delagente-presenta-su-programa-de-capacitacion-ptee-en-14o-congreso-del-pacto-global-red-colombia\/#primaryimage"},"thumbnailUrl":"https:\/\/test.comfenalcovalle.com.co\/wp-content\/uploads\/2024\/09\/Comfenalco-Valle-Delagente-presenta-su-Programa-de-Capacitacion-PTEE-en-14o-Congreso-del-Pacto-Global-Red-Colombia-3-min.png","datePublished":"2024-09-25T10:55:00+00:00","description":"Programa de Transparencia y \u00c9tica Empresarial, PTEE, a trav\u00e9s del cual se ha fortalecido la capacitaci\u00f3n y sensibilizaci\u00f3n al interior de la Caja de Compensaci\u00f3n Familiar.","breadcrumb":{"@id":"https:\/\/www.comfenalcovalle.com.co\/comfenalco-valle-delagente-presenta-su-programa-de-capacitacion-ptee-en-14o-congreso-del-pacto-global-red-colombia\/#breadcrumb"},"inLanguage":"en-US","potentialAction":[{"@type":"ReadAction","target":["https:\/\/www.comfenalcovalle.com.co\/comfenalco-valle-delagente-presenta-su-programa-de-capacitacion-ptee-en-14o-congreso-del-pacto-global-red-colombia\/"]}]},{"@type":"ImageObject","inLanguage":"en-US","@id":"https:\/\/www.comfenalcovalle.com.co\/comfenalco-valle-delagente-presenta-su-programa-de-capacitacion-ptee-en-14o-congreso-del-pacto-global-red-colombia\/#primaryimage","url":"https:\/\/test.comfenalcovalle.com.co\/wp-content\/uploads\/2024\/09\/Comfenalco-Valle-Delagente-presenta-su-Programa-de-Capacitacion-PTEE-en-14o-Congreso-del-Pacto-Global-Red-Colombia-3-min.png","contentUrl":"https:\/\/test.comfenalcovalle.com.co\/wp-content\/uploads\/2024\/09\/Comfenalco-Valle-Delagente-presenta-su-Programa-de-Capacitacion-PTEE-en-14o-Congreso-del-Pacto-Global-Red-Colombia-3-min.png","width":1080,"height":608,"caption":"Comfenalco Valle Delagente presenta su Programa de Capacitacio\u0301n PTEE en 14\u00ba Congreso del Pacto Global Red Colombia 3-min"},{"@type":"BreadcrumbList","@id":"https:\/\/www.comfenalcovalle.com.co\/comfenalco-valle-delagente-presenta-su-programa-de-capacitacion-ptee-en-14o-congreso-del-pacto-global-red-colombia\/#breadcrumb","itemListElement":[{"@type":"ListItem","position":1,"name":"Portada","item":"https:\/\/www.comfenalcovalle.com.co\/"},{"@type":"ListItem","position":2,"name":"Comfenalco Valle Delagente presenta su Programa de Capacitaci\u00f3n PTEE en 14\u00ba Congreso del Pacto Global Red Colombia"}]},{"@type":"WebSite","@id":"https:\/\/www.comfenalcovalle.com.co\/#website","url":"https:\/\/www.comfenalcovalle.com.co\/","name":"Comfenalco Valle Delagente","description":"Comfenalco Valle Delagente compensation fund.","publisher":{"@id":"https:\/\/www.comfenalcovalle.com.co\/#organization"},"potentialAction":[{"@type":"SearchAction","target":{"@type":"EntryPoint","urlTemplate":"https:\/\/www.comfenalcovalle.com.co\/?s={search_term_string}"},"query-input":{"@type":"PropertyValueSpecification","valueRequired":true,"valueName":"search_term_string"}}],"inLanguage":"en-US"},{"@type":"Organization","@id":"https:\/\/www.comfenalcovalle.com.co\/#organization","name":"Comfenalco Valle Delagente","url":"https:\/\/www.comfenalcovalle.com.co\/","logo":{"@type":"ImageObject","inLanguage":"en-US","@id":"https:\/\/www.comfenalcovalle.com.co\/#\/schema\/logo\/image\/","url":"https:\/\/test.comfenalcovalle.com.co\/wp-content\/uploads\/2021\/06\/logo-comfe-cabecera-agencia-empelo-actualizado.png","contentUrl":"https:\/\/test.comfenalcovalle.com.co\/wp-content\/uploads\/2021\/06\/logo-comfe-cabecera-agencia-empelo-actualizado.png","width":500,"height":184,"caption":"Comfenalco Valle Delagente"},"image":{"@id":"https:\/\/www.comfenalcovalle.com.co\/#\/schema\/logo\/image\/"}},{"@type":"Person","@id":"https:\/\/www.comfenalcovalle.com.co\/#\/schema\/person\/d4d8bcb299f88f97b06096cf6a21cb01","name":"Communications Comfenalco Valle delagente","image":{"@type":"ImageObject","inLanguage":"en-US","@id":"https:\/\/www.comfenalcovalle.com.co\/#\/schema\/person\/image\/","url":"https:\/\/secure.gravatar.com\/avatar\/d1c29eb639a137df0ac8bfec50479e8d6ef564f7320f439d9d984504359ea6ee?s=96&d=mm&r=g","contentUrl":"https:\/\/secure.gravatar.com\/avatar\/d1c29eb639a137df0ac8bfec50479e8d6ef564f7320f439d9d984504359ea6ee?s=96&d=mm&r=g","caption":"Comunicaciones Comfenalco Valle delagente"},"url":"https:\/\/test.comfenalcovalle.com.co\/en\/author\/comunicaciones-comfenalco-valle-delagente\/"}]}},"publishpress_future_action":{"enabled":false,"date":"2026-05-08 09:10:36","action":"change-status","newStatus":"draft","terms":[],"taxonomy":"category","extraData":[]},"publishpress_future_workflow_manual_trigger":{"enabledWorkflows":[]},"_links":{"self":[{"href":"https:\/\/test.comfenalcovalle.com.co\/en\/wp-json\/wp\/v2\/posts\/644751","targetHints":{"allow":["GET"]}}],"collection":[{"href":"https:\/\/test.comfenalcovalle.com.co\/en\/wp-json\/wp\/v2\/posts"}],"about":[{"href":"https:\/\/test.comfenalcovalle.com.co\/en\/wp-json\/wp\/v2\/types\/post"}],"author":[{"embeddable":true,"href":"https:\/\/test.comfenalcovalle.com.co\/en\/wp-json\/wp\/v2\/users\/6"}],"replies":[{"embeddable":true,"href":"https:\/\/test.comfenalcovalle.com.co\/en\/wp-json\/wp\/v2\/comments?post=644751"}],"version-history":[{"count":0,"href":"https:\/\/test.comfenalcovalle.com.co\/en\/wp-json\/wp\/v2\/posts\/644751\/revisions"}],"wp:featuredmedia":[{"embeddable":true,"href":"https:\/\/test.comfenalcovalle.com.co\/en\/wp-json\/wp\/v2\/media\/644755"}],"wp:attachment":[{"href":"https:\/\/test.comfenalcovalle.com.co\/en\/wp-json\/wp\/v2\/media?parent=644751"}],"wp:term":[{"taxonomy":"category","embeddable":true,"href":"https:\/\/test.comfenalcovalle.com.co\/en\/wp-json\/wp\/v2\/categories?post=644751"},{"taxonomy":"post_tag","embeddable":true,"href":"https:\/\/test.comfenalcovalle.com.co\/en\/wp-json\/wp\/v2\/tags?post=644751"}],"curies":[{"name":"wp","href":"https:\/\/api.w.org\/{rel}","templated":true}]}}