{"id":643882,"date":"2024-09-11T08:10:50","date_gmt":"2024-09-11T13:10:50","guid":{"rendered":"https:\/\/test.comfenalcovalle.com.co\/?p=643882"},"modified":"2024-09-18T09:36:47","modified_gmt":"2024-09-18T14:36:47","slug":"28-nuevos-emprendedores-empiezan-a-consolidarse-gracias-a-comfenalco-valle-delagente","status":"publish","type":"post","link":"https:\/\/test.comfenalcovalle.com.co\/en\/28-nuevos-emprendedores-empiezan-a-consolidarse-gracias-a-comfenalco-valle-delagente\/","title":{"rendered":"28 nuevos emprendedores empiezan a consolidarse gracias a Comfenalco Valle Delagente"},"content":{"rendered":"<div data-elementor-type=\"wp-post\" data-elementor-id=\"643882\" class=\"elementor elementor-643882\" data-elementor-post-type=\"post\">\n\t\t\t\t\t\t<section class=\"elementor-section elementor-top-section elementor-element elementor-element-448715b7 elementor-section-boxed elementor-section-height-default elementor-section-height-default\" data-id=\"448715b7\" data-element_type=\"section\">\n\t\t\t\t\t\t<div class=\"elementor-container elementor-column-gap-default\">\n\t\t\t\t\t<div class=\"elementor-column elementor-col-100 elementor-top-column elementor-element elementor-element-47751966\" data-id=\"47751966\" data-element_type=\"column\">\n\t\t\t<div class=\"elementor-widget-wrap elementor-element-populated\">\n\t\t\t\t\t\t<div class=\"elementor-element elementor-element-5ab10a1c elementor-widget elementor-widget-text-editor\" data-id=\"5ab10a1c\" data-element_type=\"widget\" data-widget_type=\"text-editor.default\">\n\t\t\t\t<div class=\"elementor-widget-container\">\n\t\t\t\t\t\t\t\t\t\n<p>Con una feria de emprendimientos se clausur\u00f3 el Diplomado Emprende Delagente. El evento de clausura cont\u00f3 con la participaci\u00f3n de 28 emprendedores que dieron a conocer las propuestas a todos los ciudadanos que asistieron a las instalaciones del PEC Delagente, sede centro.<\/p>\n\n<p>El diplomado tuvo una duraci\u00f3n de mes y medio y en \u00e9l participaron personas de todas las edades que tomaron el riesgo de presentar una iniciativa distinta e innovadora al mercado vallecaucano.<\/p>\n\n<p>En esta oportunidad se lanzaron emprendimientos de sonido, tecnolog\u00eda y licores, entre otros, que buscan ofrecer opciones diferentes a los consumidores y abrir una nueva alternativa de ingresos para las familias.<\/p>\n\n<p>Sobre el diplomado clausurado, Jair Vanegas, Director Ejecutivo del PEC Delagente, explic\u00f3 que se viene desarrollando desde hace 2 a\u00f1os, con el fin de fomentar el emprendimiento vallecaucano. En esta oportunidad se presentaron 28 iniciativas de personas que se han arriesgado hacia este dif\u00edcil, pero maravilloso mundo del emprendimiento.<\/p>\n\n<p>El funcionario indic\u00f3 tambi\u00e9n que \u201cpor estad\u00edsticas, el 40% de los emprendimientos fallecen en el primer a\u00f1o, pero a hoy, se tienen 6 casos de emprendimientos que, desde hace m\u00e1s de un a\u00f1o, han venido creciendo y siguen fortaleci\u00e9ndose. Con ellos, seguimos haciendo un trabajo para mejorar competencias y actualizar conocimientos\u201d.<\/p>\n\n<p>Unido a este trabajo, actualmente, el PEC Delagente tiene una alianza con Valle Emplea de la Gobernaci\u00f3n del Valle del Cauca, que busca lograr que m\u00e1s de 6.000 j\u00f3venes, en los pr\u00f3ximos 4 a\u00f1os, mejoren sus capacidades, sus niveles en el \u00e1rea t\u00e9cnico laboral, competencias socioemocionales y en ingl\u00e9s, como segundo idioma, para alcanzar la meta de que Cali sea la ciudad biling\u00fce de Colombia.<\/p>\n\n<p><strong>Comfenalco Valle Delagente\u00a0<\/strong><br \/><strong>Family Compensation Fund of Valle del Cauca.<\/strong><\/p>\n\t\t\t\t\t\t\t\t<\/div>\n\t\t\t\t<\/div>\n\t\t\t\t<div class=\"elementor-element elementor-element-5390e5c elementor-widget elementor-widget-image-carousel\" data-id=\"5390e5c\" data-element_type=\"widget\" data-settings=\"{&quot;slides_to_show&quot;:&quot;3&quot;,&quot;slides_to_scroll&quot;:&quot;1&quot;,&quot;navigation&quot;:&quot;none&quot;,&quot;autoplay&quot;:&quot;yes&quot;,&quot;pause_on_hover&quot;:&quot;yes&quot;,&quot;pause_on_interaction&quot;:&quot;yes&quot;,&quot;autoplay_speed&quot;:5000,&quot;infinite&quot;:&quot;yes&quot;,&quot;speed&quot;:500}\" data-widget_type=\"image-carousel.default\">\n\t\t\t\t<div class=\"elementor-widget-container\">\n\t\t\t\t\t\t\t<div class=\"elementor-image-carousel-wrapper swiper\" role=\"region\" aria-roledescription=\"carousel\" aria-label=\"Image Carousel\" dir=\"ltr\">\n\t\t\t<div class=\"elementor-image-carousel swiper-wrapper\" aria-live=\"off\">\n\t\t\t\t\t\t\t\t<div class=\"swiper-slide\" role=\"group\" aria-roledescription=\"slide\" aria-label=\"1 of 3\"><figure class=\"swiper-slide-inner\"><img decoding=\"async\" class=\"swiper-slide-image lazyload\" data-src=\"https:\/\/test.comfenalcovalle.com.co\/wp-content\/uploads\/2024\/09\/DSC2103.png\" alt=\"28 nuevos emprendedores empiezan a consolidarse gracias a Comfenalco Valle Delagente\" src=\"data:image\/svg+xml;base64,PHN2ZyB3aWR0aD0iMSIgaGVpZ2h0PSIxIiB4bWxucz0iaHR0cDovL3d3dy53My5vcmcvMjAwMC9zdmciPjwvc3ZnPg==\" style=\"--smush-placeholder-width: 1100px; --smush-placeholder-aspect-ratio: 1100\/619;\" \/><\/figure><\/div><div class=\"swiper-slide\" role=\"group\" aria-roledescription=\"slide\" aria-label=\"2 of 3\"><figure class=\"swiper-slide-inner\"><img decoding=\"async\" class=\"swiper-slide-image lazyload\" data-src=\"https:\/\/test.comfenalcovalle.com.co\/wp-content\/uploads\/2024\/09\/DSC2040-Liliana-Chunga.png\" alt=\"28 nuevos emprendedores empiezan a consolidarse gracias a Comfenalco Valle Delagente\" src=\"data:image\/svg+xml;base64,PHN2ZyB3aWR0aD0iMSIgaGVpZ2h0PSIxIiB4bWxucz0iaHR0cDovL3d3dy53My5vcmcvMjAwMC9zdmciPjwvc3ZnPg==\" style=\"--smush-placeholder-width: 1100px; --smush-placeholder-aspect-ratio: 1100\/619;\" \/><\/figure><\/div><div class=\"swiper-slide\" role=\"group\" aria-roledescription=\"slide\" aria-label=\"3 of 3\"><figure class=\"swiper-slide-inner\"><img decoding=\"async\" class=\"swiper-slide-image lazyload\" data-src=\"https:\/\/test.comfenalcovalle.com.co\/wp-content\/uploads\/2024\/09\/DSC2008-Liliana-Chunga.png\" alt=\"28 nuevos emprendedores empiezan a consolidarse gracias a Comfenalco Valle Delagente\" src=\"data:image\/svg+xml;base64,PHN2ZyB3aWR0aD0iMSIgaGVpZ2h0PSIxIiB4bWxucz0iaHR0cDovL3d3dy53My5vcmcvMjAwMC9zdmciPjwvc3ZnPg==\" style=\"--smush-placeholder-width: 1100px; --smush-placeholder-aspect-ratio: 1100\/619;\" \/><\/figure><\/div>\t\t\t<\/div>\n\t\t\t\t\t\t\t\n\t\t\t\t\t\t\t\t\t<\/div>\n\t\t\t\t\t\t<\/div>\n\t\t\t\t<\/div>\n\t\t\t\t\t<\/div>\n\t\t<\/div>\n\t\t\t\t\t<\/div>\n\t\t<\/section>\n\t\t\t\t<\/div>","protected":false},"excerpt":{"rendered":"<p>Con una feria de emprendimientos se clausur\u00f3 el Diplomado Emprende Delagente. El evento de clausura cont\u00f3 con la participaci\u00f3n de 28 emprendedores que dieron a conocer las propuestas a todos los ciudadanos que asistieron a las instalaciones del PEC Delagente, sede centro. El diplomado tuvo una duraci\u00f3n de mes y medio y en \u00e9l participaron [&hellip;]<\/p>","protected":false},"author":6,"featured_media":643886,"comment_status":"closed","ping_status":"closed","sticky":false,"template":"","format":"standard","meta":{"footnotes":""},"categories":[72],"tags":[],"class_list":["post-643882","post","type-post","status-publish","format-standard","has-post-thumbnail","hentry","category-corporativo"],"yoast_head":"<!-- This site is optimized with the Yoast SEO Premium plugin v25.9 (Yoast SEO v25.9) - https:\/\/yoast.com\/wordpress\/plugins\/seo\/ -->\n<title>28 nuevos emprendedores empiezan a consolidarse gracias a Comfenalco Valle Delagente - Comfenalco Valle Delagente<\/title>\n<meta name=\"robots\" content=\"index, follow, max-snippet:-1, max-image-preview:large, max-video-preview:-1\" \/>\n<link rel=\"canonical\" href=\"https:\/\/www.comfenalcovalle.com.co\/28-nuevos-emprendedores-empiezan-a-consolidarse-gracias-a-comfenalco-valle-delagente\/\" \/>\n<meta property=\"og:locale\" content=\"en_US\" \/>\n<meta property=\"og:type\" content=\"article\" \/>\n<meta property=\"og:title\" content=\"28 nuevos emprendedores empiezan a consolidarse gracias a Comfenalco Valle Delagente\" \/>\n<meta property=\"og:description\" content=\"Con una feria de emprendimientos se clausur\u00f3 el Diplomado Emprende Delagente. El evento de clausura cont\u00f3 con la participaci\u00f3n de 28 emprendedores que dieron a conocer las propuestas a todos los ciudadanos que asistieron a las instalaciones del PEC Delagente, sede centro. El diplomado tuvo una duraci\u00f3n de mes y medio y en \u00e9l participaron [&hellip;]\" \/>\n<meta property=\"og:url\" content=\"https:\/\/www.comfenalcovalle.com.co\/28-nuevos-emprendedores-empiezan-a-consolidarse-gracias-a-comfenalco-valle-delagente\/\" \/>\n<meta property=\"og:site_name\" content=\"Comfenalco Valle Delagente\" \/>\n<meta property=\"article:published_time\" content=\"2024-09-11T13:10:50+00:00\" \/>\n<meta property=\"article:modified_time\" content=\"2024-09-18T14:36:47+00:00\" \/>\n<meta property=\"og:image\" content=\"https:\/\/www.comfenalcovalle.com.co\/wp-content\/uploads\/2024\/09\/DSC2103.png\" \/>\n\t<meta property=\"og:image:width\" content=\"1100\" \/>\n\t<meta property=\"og:image:height\" content=\"619\" \/>\n\t<meta property=\"og:image:type\" content=\"image\/png\" \/>\n<meta name=\"author\" content=\"Comunicaciones Comfenalco Valle delagente\" \/>\n<meta name=\"twitter:card\" content=\"summary_large_image\" \/>\n<meta name=\"twitter:label1\" content=\"Written by\" \/>\n\t<meta name=\"twitter:data1\" content=\"Comunicaciones Comfenalco Valle delagente\" \/>\n\t<meta name=\"twitter:label2\" content=\"Est. reading time\" \/>\n\t<meta name=\"twitter:data2\" content=\"4 minutes\" \/>\n<script type=\"application\/ld+json\" class=\"yoast-schema-graph\">{\"@context\":\"https:\/\/schema.org\",\"@graph\":[{\"@type\":\"Article\",\"@id\":\"https:\/\/www.comfenalcovalle.com.co\/28-nuevos-emprendedores-empiezan-a-consolidarse-gracias-a-comfenalco-valle-delagente\/#article\",\"isPartOf\":{\"@id\":\"https:\/\/www.comfenalcovalle.com.co\/28-nuevos-emprendedores-empiezan-a-consolidarse-gracias-a-comfenalco-valle-delagente\/\"},\"author\":{\"name\":\"Comunicaciones Comfenalco Valle delagente\",\"@id\":\"https:\/\/www.comfenalcovalle.com.co\/#\/schema\/person\/d4d8bcb299f88f97b06096cf6a21cb01\"},\"headline\":\"28 nuevos emprendedores empiezan a consolidarse gracias a Comfenalco Valle Delagente\",\"datePublished\":\"2024-09-11T13:10:50+00:00\",\"dateModified\":\"2024-09-18T14:36:47+00:00\",\"mainEntityOfPage\":{\"@id\":\"https:\/\/www.comfenalcovalle.com.co\/28-nuevos-emprendedores-empiezan-a-consolidarse-gracias-a-comfenalco-valle-delagente\/\"},\"wordCount\":304,\"publisher\":{\"@id\":\"https:\/\/www.comfenalcovalle.com.co\/#organization\"},\"image\":{\"@id\":\"https:\/\/www.comfenalcovalle.com.co\/28-nuevos-emprendedores-empiezan-a-consolidarse-gracias-a-comfenalco-valle-delagente\/#primaryimage\"},\"thumbnailUrl\":\"https:\/\/test.comfenalcovalle.com.co\/wp-content\/uploads\/2024\/09\/DSC2103.png\",\"articleSection\":[\"Corporativo\"],\"inLanguage\":\"en-US\"},{\"@type\":\"WebPage\",\"@id\":\"https:\/\/www.comfenalcovalle.com.co\/28-nuevos-emprendedores-empiezan-a-consolidarse-gracias-a-comfenalco-valle-delagente\/\",\"url\":\"https:\/\/www.comfenalcovalle.com.co\/28-nuevos-emprendedores-empiezan-a-consolidarse-gracias-a-comfenalco-valle-delagente\/\",\"name\":\"28 nuevos emprendedores empiezan a consolidarse gracias a Comfenalco Valle Delagente - Comfenalco Valle Delagente\",\"isPartOf\":{\"@id\":\"https:\/\/www.comfenalcovalle.com.co\/#website\"},\"primaryImageOfPage\":{\"@id\":\"https:\/\/www.comfenalcovalle.com.co\/28-nuevos-emprendedores-empiezan-a-consolidarse-gracias-a-comfenalco-valle-delagente\/#primaryimage\"},\"image\":{\"@id\":\"https:\/\/www.comfenalcovalle.com.co\/28-nuevos-emprendedores-empiezan-a-consolidarse-gracias-a-comfenalco-valle-delagente\/#primaryimage\"},\"thumbnailUrl\":\"https:\/\/test.comfenalcovalle.com.co\/wp-content\/uploads\/2024\/09\/DSC2103.png\",\"datePublished\":\"2024-09-11T13:10:50+00:00\",\"dateModified\":\"2024-09-18T14:36:47+00:00\",\"breadcrumb\":{\"@id\":\"https:\/\/www.comfenalcovalle.com.co\/28-nuevos-emprendedores-empiezan-a-consolidarse-gracias-a-comfenalco-valle-delagente\/#breadcrumb\"},\"inLanguage\":\"en-US\",\"potentialAction\":[{\"@type\":\"ReadAction\",\"target\":[\"https:\/\/www.comfenalcovalle.com.co\/28-nuevos-emprendedores-empiezan-a-consolidarse-gracias-a-comfenalco-valle-delagente\/\"]}]},{\"@type\":\"ImageObject\",\"inLanguage\":\"en-US\",\"@id\":\"https:\/\/www.comfenalcovalle.com.co\/28-nuevos-emprendedores-empiezan-a-consolidarse-gracias-a-comfenalco-valle-delagente\/#primaryimage\",\"url\":\"https:\/\/test.comfenalcovalle.com.co\/wp-content\/uploads\/2024\/09\/DSC2103.png\",\"contentUrl\":\"https:\/\/test.comfenalcovalle.com.co\/wp-content\/uploads\/2024\/09\/DSC2103.png\",\"width\":1100,\"height\":619,\"caption\":\"28 nuevos emprendedores empiezan a consolidarse gracias a Comfenalco Valle Delagente\"},{\"@type\":\"BreadcrumbList\",\"@id\":\"https:\/\/www.comfenalcovalle.com.co\/28-nuevos-emprendedores-empiezan-a-consolidarse-gracias-a-comfenalco-valle-delagente\/#breadcrumb\",\"itemListElement\":[{\"@type\":\"ListItem\",\"position\":1,\"name\":\"Portada\",\"item\":\"https:\/\/www.comfenalcovalle.com.co\/\"},{\"@type\":\"ListItem\",\"position\":2,\"name\":\"28 nuevos emprendedores empiezan a consolidarse gracias a Comfenalco Valle Delagente\"}]},{\"@type\":\"WebSite\",\"@id\":\"https:\/\/www.comfenalcovalle.com.co\/#website\",\"url\":\"https:\/\/www.comfenalcovalle.com.co\/\",\"name\":\"Comfenalco Valle Delagente\",\"description\":\"Caja de compensaci\u00f3n de Comfenalco Valle Delagente.\",\"publisher\":{\"@id\":\"https:\/\/www.comfenalcovalle.com.co\/#organization\"},\"potentialAction\":[{\"@type\":\"SearchAction\",\"target\":{\"@type\":\"EntryPoint\",\"urlTemplate\":\"https:\/\/www.comfenalcovalle.com.co\/?s={search_term_string}\"},\"query-input\":{\"@type\":\"PropertyValueSpecification\",\"valueRequired\":true,\"valueName\":\"search_term_string\"}}],\"inLanguage\":\"en-US\"},{\"@type\":\"Organization\",\"@id\":\"https:\/\/www.comfenalcovalle.com.co\/#organization\",\"name\":\"Comfenalco Valle Delagente\",\"url\":\"https:\/\/www.comfenalcovalle.com.co\/\",\"logo\":{\"@type\":\"ImageObject\",\"inLanguage\":\"en-US\",\"@id\":\"https:\/\/www.comfenalcovalle.com.co\/#\/schema\/logo\/image\/\",\"url\":\"https:\/\/test.comfenalcovalle.com.co\/wp-content\/uploads\/2021\/06\/logo-comfe-cabecera-agencia-empelo-actualizado.png\",\"contentUrl\":\"https:\/\/test.comfenalcovalle.com.co\/wp-content\/uploads\/2021\/06\/logo-comfe-cabecera-agencia-empelo-actualizado.png\",\"width\":500,\"height\":184,\"caption\":\"Comfenalco Valle Delagente\"},\"image\":{\"@id\":\"https:\/\/www.comfenalcovalle.com.co\/#\/schema\/logo\/image\/\"}},{\"@type\":\"Person\",\"@id\":\"https:\/\/www.comfenalcovalle.com.co\/#\/schema\/person\/d4d8bcb299f88f97b06096cf6a21cb01\",\"name\":\"Comunicaciones Comfenalco Valle delagente\",\"image\":{\"@type\":\"ImageObject\",\"inLanguage\":\"en-US\",\"@id\":\"https:\/\/www.comfenalcovalle.com.co\/#\/schema\/person\/image\/\",\"url\":\"https:\/\/secure.gravatar.com\/avatar\/d1c29eb639a137df0ac8bfec50479e8d6ef564f7320f439d9d984504359ea6ee?s=96&d=mm&r=g\",\"contentUrl\":\"https:\/\/secure.gravatar.com\/avatar\/d1c29eb639a137df0ac8bfec50479e8d6ef564f7320f439d9d984504359ea6ee?s=96&d=mm&r=g\",\"caption\":\"Comunicaciones Comfenalco Valle delagente\"},\"url\":\"https:\/\/test.comfenalcovalle.com.co\/en\/author\/comunicaciones-comfenalco-valle-delagente\/\"}]}<\/script>\n<!-- \/ Yoast SEO Premium plugin. -->","yoast_head_json":{"title":"28 nuevos emprendedores empiezan a consolidarse gracias a Comfenalco Valle Delagente - Comfenalco Valle Delagente","robots":{"index":"index","follow":"follow","max-snippet":"max-snippet:-1","max-image-preview":"max-image-preview:large","max-video-preview":"max-video-preview:-1"},"canonical":"https:\/\/www.comfenalcovalle.com.co\/28-nuevos-emprendedores-empiezan-a-consolidarse-gracias-a-comfenalco-valle-delagente\/","og_locale":"en_US","og_type":"article","og_title":"28 nuevos emprendedores empiezan a consolidarse gracias a Comfenalco Valle Delagente","og_description":"Con una feria de emprendimientos se clausur\u00f3 el Diplomado Emprende Delagente. El evento de clausura cont\u00f3 con la participaci\u00f3n de 28 emprendedores que dieron a conocer las propuestas a todos los ciudadanos que asistieron a las instalaciones del PEC Delagente, sede centro. El diplomado tuvo una duraci\u00f3n de mes y medio y en \u00e9l participaron [&hellip;]","og_url":"https:\/\/www.comfenalcovalle.com.co\/28-nuevos-emprendedores-empiezan-a-consolidarse-gracias-a-comfenalco-valle-delagente\/","og_site_name":"Comfenalco Valle Delagente","article_published_time":"2024-09-11T13:10:50+00:00","article_modified_time":"2024-09-18T14:36:47+00:00","og_image":[{"width":1100,"height":619,"url":"https:\/\/www.comfenalcovalle.com.co\/wp-content\/uploads\/2024\/09\/DSC2103.png","type":"image\/png"}],"author":"Comunicaciones Comfenalco Valle delagente","twitter_card":"summary_large_image","twitter_misc":{"Written by":"Comunicaciones Comfenalco Valle delagente","Est. reading time":"4 minutes"},"schema":{"@context":"https:\/\/schema.org","@graph":[{"@type":"Article","@id":"https:\/\/www.comfenalcovalle.com.co\/28-nuevos-emprendedores-empiezan-a-consolidarse-gracias-a-comfenalco-valle-delagente\/#article","isPartOf":{"@id":"https:\/\/www.comfenalcovalle.com.co\/28-nuevos-emprendedores-empiezan-a-consolidarse-gracias-a-comfenalco-valle-delagente\/"},"author":{"name":"Comunicaciones Comfenalco Valle delagente","@id":"https:\/\/www.comfenalcovalle.com.co\/#\/schema\/person\/d4d8bcb299f88f97b06096cf6a21cb01"},"headline":"28 nuevos emprendedores empiezan a consolidarse gracias a Comfenalco Valle Delagente","datePublished":"2024-09-11T13:10:50+00:00","dateModified":"2024-09-18T14:36:47+00:00","mainEntityOfPage":{"@id":"https:\/\/www.comfenalcovalle.com.co\/28-nuevos-emprendedores-empiezan-a-consolidarse-gracias-a-comfenalco-valle-delagente\/"},"wordCount":304,"publisher":{"@id":"https:\/\/www.comfenalcovalle.com.co\/#organization"},"image":{"@id":"https:\/\/www.comfenalcovalle.com.co\/28-nuevos-emprendedores-empiezan-a-consolidarse-gracias-a-comfenalco-valle-delagente\/#primaryimage"},"thumbnailUrl":"https:\/\/test.comfenalcovalle.com.co\/wp-content\/uploads\/2024\/09\/DSC2103.png","articleSection":["Corporativo"],"inLanguage":"en-US"},{"@type":"WebPage","@id":"https:\/\/www.comfenalcovalle.com.co\/28-nuevos-emprendedores-empiezan-a-consolidarse-gracias-a-comfenalco-valle-delagente\/","url":"https:\/\/www.comfenalcovalle.com.co\/28-nuevos-emprendedores-empiezan-a-consolidarse-gracias-a-comfenalco-valle-delagente\/","name":"28 nuevos emprendedores empiezan a consolidarse gracias a Comfenalco Valle Delagente - Comfenalco Valle Delagente","isPartOf":{"@id":"https:\/\/www.comfenalcovalle.com.co\/#website"},"primaryImageOfPage":{"@id":"https:\/\/www.comfenalcovalle.com.co\/28-nuevos-emprendedores-empiezan-a-consolidarse-gracias-a-comfenalco-valle-delagente\/#primaryimage"},"image":{"@id":"https:\/\/www.comfenalcovalle.com.co\/28-nuevos-emprendedores-empiezan-a-consolidarse-gracias-a-comfenalco-valle-delagente\/#primaryimage"},"thumbnailUrl":"https:\/\/test.comfenalcovalle.com.co\/wp-content\/uploads\/2024\/09\/DSC2103.png","datePublished":"2024-09-11T13:10:50+00:00","dateModified":"2024-09-18T14:36:47+00:00","breadcrumb":{"@id":"https:\/\/www.comfenalcovalle.com.co\/28-nuevos-emprendedores-empiezan-a-consolidarse-gracias-a-comfenalco-valle-delagente\/#breadcrumb"},"inLanguage":"en-US","potentialAction":[{"@type":"ReadAction","target":["https:\/\/www.comfenalcovalle.com.co\/28-nuevos-emprendedores-empiezan-a-consolidarse-gracias-a-comfenalco-valle-delagente\/"]}]},{"@type":"ImageObject","inLanguage":"en-US","@id":"https:\/\/www.comfenalcovalle.com.co\/28-nuevos-emprendedores-empiezan-a-consolidarse-gracias-a-comfenalco-valle-delagente\/#primaryimage","url":"https:\/\/test.comfenalcovalle.com.co\/wp-content\/uploads\/2024\/09\/DSC2103.png","contentUrl":"https:\/\/test.comfenalcovalle.com.co\/wp-content\/uploads\/2024\/09\/DSC2103.png","width":1100,"height":619,"caption":"28 nuevos emprendedores empiezan a consolidarse gracias a Comfenalco Valle Delagente"},{"@type":"BreadcrumbList","@id":"https:\/\/www.comfenalcovalle.com.co\/28-nuevos-emprendedores-empiezan-a-consolidarse-gracias-a-comfenalco-valle-delagente\/#breadcrumb","itemListElement":[{"@type":"ListItem","position":1,"name":"Portada","item":"https:\/\/www.comfenalcovalle.com.co\/"},{"@type":"ListItem","position":2,"name":"28 nuevos emprendedores empiezan a consolidarse gracias a Comfenalco Valle Delagente"}]},{"@type":"WebSite","@id":"https:\/\/www.comfenalcovalle.com.co\/#website","url":"https:\/\/www.comfenalcovalle.com.co\/","name":"Comfenalco Valle Delagente","description":"Comfenalco Valle Delagente compensation fund.","publisher":{"@id":"https:\/\/www.comfenalcovalle.com.co\/#organization"},"potentialAction":[{"@type":"SearchAction","target":{"@type":"EntryPoint","urlTemplate":"https:\/\/www.comfenalcovalle.com.co\/?s={search_term_string}"},"query-input":{"@type":"PropertyValueSpecification","valueRequired":true,"valueName":"search_term_string"}}],"inLanguage":"en-US"},{"@type":"Organization","@id":"https:\/\/www.comfenalcovalle.com.co\/#organization","name":"Comfenalco Valle Delagente","url":"https:\/\/www.comfenalcovalle.com.co\/","logo":{"@type":"ImageObject","inLanguage":"en-US","@id":"https:\/\/www.comfenalcovalle.com.co\/#\/schema\/logo\/image\/","url":"https:\/\/test.comfenalcovalle.com.co\/wp-content\/uploads\/2021\/06\/logo-comfe-cabecera-agencia-empelo-actualizado.png","contentUrl":"https:\/\/test.comfenalcovalle.com.co\/wp-content\/uploads\/2021\/06\/logo-comfe-cabecera-agencia-empelo-actualizado.png","width":500,"height":184,"caption":"Comfenalco Valle Delagente"},"image":{"@id":"https:\/\/www.comfenalcovalle.com.co\/#\/schema\/logo\/image\/"}},{"@type":"Person","@id":"https:\/\/www.comfenalcovalle.com.co\/#\/schema\/person\/d4d8bcb299f88f97b06096cf6a21cb01","name":"Communications Comfenalco Valle delagente","image":{"@type":"ImageObject","inLanguage":"en-US","@id":"https:\/\/www.comfenalcovalle.com.co\/#\/schema\/person\/image\/","url":"https:\/\/secure.gravatar.com\/avatar\/d1c29eb639a137df0ac8bfec50479e8d6ef564f7320f439d9d984504359ea6ee?s=96&d=mm&r=g","contentUrl":"https:\/\/secure.gravatar.com\/avatar\/d1c29eb639a137df0ac8bfec50479e8d6ef564f7320f439d9d984504359ea6ee?s=96&d=mm&r=g","caption":"Comunicaciones Comfenalco Valle delagente"},"url":"https:\/\/test.comfenalcovalle.com.co\/en\/author\/comunicaciones-comfenalco-valle-delagente\/"}]}},"publishpress_future_action":{"enabled":false,"date":"2026-05-10 11:25:45","action":"change-status","newStatus":"draft","terms":[],"taxonomy":"category","extraData":[]},"publishpress_future_workflow_manual_trigger":{"enabledWorkflows":[]},"_links":{"self":[{"href":"https:\/\/test.comfenalcovalle.com.co\/en\/wp-json\/wp\/v2\/posts\/643882","targetHints":{"allow":["GET"]}}],"collection":[{"href":"https:\/\/test.comfenalcovalle.com.co\/en\/wp-json\/wp\/v2\/posts"}],"about":[{"href":"https:\/\/test.comfenalcovalle.com.co\/en\/wp-json\/wp\/v2\/types\/post"}],"author":[{"embeddable":true,"href":"https:\/\/test.comfenalcovalle.com.co\/en\/wp-json\/wp\/v2\/users\/6"}],"replies":[{"embeddable":true,"href":"https:\/\/test.comfenalcovalle.com.co\/en\/wp-json\/wp\/v2\/comments?post=643882"}],"version-history":[{"count":0,"href":"https:\/\/test.comfenalcovalle.com.co\/en\/wp-json\/wp\/v2\/posts\/643882\/revisions"}],"wp:featuredmedia":[{"embeddable":true,"href":"https:\/\/test.comfenalcovalle.com.co\/en\/wp-json\/wp\/v2\/media\/643886"}],"wp:attachment":[{"href":"https:\/\/test.comfenalcovalle.com.co\/en\/wp-json\/wp\/v2\/media?parent=643882"}],"wp:term":[{"taxonomy":"category","embeddable":true,"href":"https:\/\/test.comfenalcovalle.com.co\/en\/wp-json\/wp\/v2\/categories?post=643882"},{"taxonomy":"post_tag","embeddable":true,"href":"https:\/\/test.comfenalcovalle.com.co\/en\/wp-json\/wp\/v2\/tags?post=643882"}],"curies":[{"name":"wp","href":"https:\/\/api.w.org\/{rel}","templated":true}]}}