{"id":643453,"date":"2024-09-03T17:18:56","date_gmt":"2024-09-03T22:18:56","guid":{"rendered":"https:\/\/test.comfenalcovalle.com.co\/?p=643453"},"modified":"2024-09-03T17:19:33","modified_gmt":"2024-09-03T22:19:33","slug":"28-emprendedores-vallecaucanos-exponen-sus-propuestas-en-el-centro-historico-de-cali","status":"publish","type":"post","link":"https:\/\/test.comfenalcovalle.com.co\/en\/28-emprendedores-vallecaucanos-exponen-sus-propuestas-en-el-centro-historico-de-cali\/","title":{"rendered":"28 emprendedores vallecaucanos exponen sus propuestas en el centro hist\u00f3rico de Cali"},"content":{"rendered":"<p>La Caja de Compensaci\u00f3n Familiar Comfenalco Valle Delagente contin\u00faa su compromiso con el crecimiento y fortalecimiento de los <strong>emprendedores en la regi\u00f3n<\/strong> y lo har\u00e1 este <strong>jueves 5 de septiembre<\/strong> a trav\u00e9s de una feria comercial en la que <strong>28 emprendedores<\/strong> dar\u00e1n a conocer sus propuestas como parte de la <strong>clausura del diplomado Emprende Delagente.<\/strong><\/p>\n\n\n\n<p>El encuentro empresarial sin costo de ingreso para p\u00fablico cale\u00f1o, <strong>se realizar\u00e1 a partir de las 5:00 p.m. en las instalaciones del PEC Delagente ubicadas en el centro hist\u00f3rico de Cali en la <\/strong><strong>carrera 4 # 6 &#8211; 42.<\/strong> Este evento tambi\u00e9n incluye un conversatorio con empresarios de amplia trayectoria en organizaciones a nivel nacional e internacional. &nbsp;<\/p>\n\n\n\n<p>Jair Vanegas, director ejecutivo del PEC Delagente, destac\u00f3 que \u201cestamos convencidos de que la formaci\u00f3n para el trabajo es un pilar fundamental para el desarrollo econ\u00f3mico y social de nuestra comunidad. No se trata solo de adquirir habilidades t\u00e9cnicas, sino de empoderar a cada uno de nuestros participantes para que puedan transformar sus vidas y la de sus familias\u201d.<\/p>\n\n\n\n<p>Adicion\u00f3 que \u201cla formaci\u00f3n que brindamos a trav\u00e9s del Diplomado Emprende Delagente es integral; buscamos que cada emprendedor y trabajador desarrolle competencias que le permitan ser competitivo en el mercado laboral, pero tambi\u00e9n que sea capaz de enfrentar los desaf\u00edos de un entorno cambiante con creatividad, resiliencia y una visi\u00f3n de futuro\u201d.<\/p>\n\n\n\n<p>A continuaci\u00f3n, estos son los emprendimientos de diversos sectores de la econom\u00eda que estar\u00e1n en la muestra comercial generando nuevas oportunidades de negocio y ampliando su red de contactos para fortalecer sus propuestas:\u00a0<\/p>\n\n\n\n<style type=\"text\/css\">\n.tg  {border-collapse:collapse;border-spacing:0;}\n.tg td{border-color:black;border-style:solid;border-width:1px;font-family:Arial, sans-serif;font-size:14px;\n  overflow:hidden;padding:10px 5px;word-break:normal;}\n.tg th{border-color:black;border-style:solid;border-width:1px;font-family:Arial, sans-serif;font-size:14px;\n  font-weight:normal;overflow:hidden;padding:10px 5px;word-break:normal;}\n.tg .tg-0hhs{background-color:#036400;border-color:#013300;color:#ffffff;font-weight:bold;text-align:center;vertical-align:middle}\n.tg .tg-98e7{border-color:#013300;text-align:center;vertical-align:middle}\n.tg .tg-omol{border-color:#013300;text-align:center;vertical-align:middle}\n<\/style>\n<table class=\"tg\" style=\"undefined;table-layout: fixed; width: 100%\"><colgroup>\n<col style=\"width: 10%\">\n<col style=\"width: 45%\">\n<col style=\"width: 45%\">\n<\/colgroup>\n<thead>\n  <tr>\n    <th class=\"tg-0hhs\">   #   <\/th>\n    <th class=\"tg-0hhs\">   Nombre Del   Emprendimiento   <\/th>\n    <th class=\"tg-0hhs\">   Description   <\/th>\n  <\/tr><\/thead>\n<tbody>\n  <tr>\n    <td class=\"tg-98e7\"><span style=\"color:black\">1<\/span><\/td>\n    <td class=\"tg-omol\"><span style=\"color:black\">Caf\u00e9 Autor<\/span><\/td>\n    <td class=\"tg-omol\"><span style=\"color:black\">Marca de caf\u00e9.<\/span><\/td>\n  <\/tr>\n  <tr>\n    <td class=\"tg-98e7\"><span style=\"color:black\">2<\/span><\/td>\n    <td class=\"tg-omol\"><span style=\"color:black\">Coqueta<\/span><\/td>\n    <td class=\"tg-omol\"><span style=\"color:black\">Accesorios para el cabello.<\/span><\/td>\n  <\/tr>\n  <tr>\n    <td class=\"tg-98e7\"><span style=\"color:black\">3<\/span><\/td>\n    <td class=\"tg-omol\"><span style=\"color:black\">Tu vida legal<\/span><\/td>\n    <td class=\"tg-omol\"><span style=\"color:black\">Abogada \u2013 Especialista en pensiones.<\/span><\/td>\n  <\/tr>\n  <tr>\n    <td class=\"tg-98e7\"><span style=\"color:black\">4<\/span><\/td>\n    <td class=\"tg-omol\"><span style=\"color:black\">Ingenier\u00eda de Empaques<\/span><\/td>\n    <td class=\"tg-omol\"><span style=\"color:black\">Dise\u00f1ador gr\u00e1fico &#8211; Asesor\u00eda comercialartes gr\u00e1ficas.<\/span><\/td>\n  <\/tr>\n  <tr>\n    <td class=\"tg-98e7\"><span style=\"color:black\">5<\/span><\/td>\n    <td class=\"tg-omol\"><span style=\"color:black\">Ingrid Caicedo y Asociados<\/span><\/td>\n    <td class=\"tg-omol\"><span style=\"color:black\">Abogada.<\/span><\/td>\n  <\/tr>\n  <tr>\n    <td class=\"tg-98e7\"><span style=\"color:black\">6<\/span><\/td>\n    <td class=\"tg-omol\"><span style=\"color:black\">Velas Artesanales Rotono<\/span><\/td>\n    <td class=\"tg-omol\"><span style=\"color:black\">Velas artesanales.<\/span><\/td>\n  <\/tr>\n  <tr>\n    <td class=\"tg-98e7\"><span style=\"color:black\">7<\/span><\/td>\n    <td class=\"tg-omol\"><span style=\"color:black\">Castisa Joyas<\/span><\/td>\n    <td class=\"tg-omol\"><span style=\"color:black\">Joyer\u00eda artesanal. <\/span><\/td>\n  <\/tr>\n  <tr>\n    <td class=\"tg-98e7\"><span style=\"color:black\">8<\/span><\/td>\n    <td class=\"tg-omol\"><span style=\"color:black\">Alue Spa<\/span><\/td>\n    <td class=\"tg-omol\"><span style=\"color:black\">Sal\u00f3n de belleza.<\/span><\/td>\n  <\/tr>\n  <tr>\n    <td class=\"tg-98e7\"><span style=\"color:black\">9<\/span><\/td>\n    <td class=\"tg-omol\"><span style=\"color:black\">Canell<\/span><\/td>\n    <td class=\"tg-omol\"><span style=\"color:black\">Productos de belleza \u2013 Accesorios ymaquillaje.<\/span><\/td>\n  <\/tr>\n  <tr>\n    <td class=\"tg-98e7\"><span style=\"color:black\">10<\/span><\/td>\n    <td class=\"tg-omol\"><span style=\"color:black\">Maderart<\/span><\/td>\n    <td class=\"tg-omol\"><span style=\"color:black\">Carpinter\u00eda &#8211; cocinas, closet.<\/span><\/td>\n  <\/tr>\n  <tr>\n    <td class=\"tg-98e7\"><span style=\"color:black\">11<\/span><\/td>\n    <td class=\"tg-omol\"><span style=\"color:black\">Cuadros Anime 85<\/span><\/td>\n    <td class=\"tg-omol\"><span style=\"color:black\">Cuadros animes.<\/span><\/td>\n  <\/tr>\n  <tr>\n    <td class=\"tg-98e7\"><span style=\"color:black\">12<\/span><\/td>\n    <td class=\"tg-omol\"><span style=\"color:black\">Md Estampados<\/span><\/td>\n    <td class=\"tg-omol\"><span style=\"color:black\">Estampados y publicidad.<\/span><\/td>\n  <\/tr>\n  <tr>\n    <td class=\"tg-98e7\"><span style=\"color:black\">13<\/span><\/td>\n    <td class=\"tg-omol\"><span style=\"color:black\">Dj &#8211; Andrew<\/span><\/td>\n    <td class=\"tg-omol\"><span style=\"color:black\">Ambientaci\u00f3n musical. <\/span><\/td>\n  <\/tr>\n  <tr>\n    <td class=\"tg-98e7\"><span style=\"color:black\">14<\/span><\/td>\n    <td class=\"tg-omol\"><span style=\"color:black\">Trending Soluci\u00f3n<\/span><\/td>\n    <td class=\"tg-omol\"><span style=\"color:black\">Importaci\u00f3n de productos &#8211; Vitaminas y accesoriosy art\u00edculos<\/span>   <span style=\"color:black\">de veh\u00edculos.<\/span><\/td>\n  <\/tr>\n  <tr>\n    <td class=\"tg-98e7\"><span style=\"color:black\">15<\/span><\/td>\n    <td class=\"tg-omol\"><span style=\"color:black\">Pulpa Premium<\/span><\/td>\n    <td class=\"tg-omol\"><span style=\"color:black\">Empresa de pulpa de fruta.<\/span> <\/td>\n  <\/tr>\n  <tr>\n    <td class=\"tg-98e7\"><span style=\"color:black\">16<\/span><\/td>\n    <td class=\"tg-omol\"><span style=\"color:black\">Carmelita<\/span><\/td>\n    <td class=\"tg-omol\"><span style=\"color:black\">Comida y postres.<\/span><\/td>\n  <\/tr>\n  <tr>\n    <td class=\"tg-98e7\"><span style=\"color:black\">17<\/span><\/td>\n    <td class=\"tg-omol\"><span style=\"color:black\">Solexito<\/span><\/td>\n    <td class=\"tg-omol\"><span style=\"color:black\">Tienda de ropa.<\/span><\/td>\n  <\/tr>\n  <tr>\n    <td class=\"tg-98e7\"><span style=\"color:black\">18<\/span><\/td>\n    <td class=\"tg-omol\"><span style=\"color:black\">Candel Lovers<\/span><\/td>\n    <td class=\"tg-omol\"><span style=\"color:black\">Velas artesanales.<\/span><\/td>\n  <\/tr>\n  <tr>\n    <td class=\"tg-98e7\"><span style=\"color:black\">19<\/span><\/td>\n    <td class=\"tg-omol\"><span style=\"color:black\">Recuerdos Fotograf\u00eda<\/span><\/td>\n    <td class=\"tg-omol\"><span style=\"color:black\">Fotograf\u00eda<\/span>   <span style=\"color:black\">de producto.<\/span><\/td>\n  <\/tr>\n  <tr>\n    <td class=\"tg-98e7\"><span style=\"color:black\">20<\/span><\/td>\n    <td class=\"tg-omol\"><span style=\"color:black\">Arepas Isa<\/span><\/td>\n    <td class=\"tg-omol\"><span style=\"color:black\">Desayunos.<\/span><\/td>\n  <\/tr>\n  <tr>\n    <td class=\"tg-98e7\"><span style=\"color:black\">21<\/span><\/td>\n    <td class=\"tg-omol\"><span style=\"color:black\">Sabi Salguero<\/span><\/td>\n    <td class=\"tg-omol\"><span style=\"color:black\">Dise\u00f1adora de modas Sabi Salguero.<\/span><\/td>\n  <\/tr>\n  <tr>\n    <td class=\"tg-98e7\"><span style=\"color:black\">22<\/span><\/td>\n    <td class=\"tg-omol\"><span style=\"color:black\">D &#8216;Caban<\/span><\/td>\n    <td class=\"tg-omol\"><span style=\"color:black\">Contadora &#8211; emprendimiento en joyer\u00eda.<\/span><\/td>\n  <\/tr>\n  <tr>\n    <td class=\"tg-98e7\"><span style=\"color:black\">23<\/span><\/td>\n    <td class=\"tg-omol\"><span style=\"color:black\">Consultor\u00eda Dmva<\/span><\/td>\n    <td class=\"tg-omol\"><span style=\"color:black\">Contadora- Consultora empresarialgestiones integradas.<\/span><\/td>\n  <\/tr>\n  <tr>\n    <td class=\"tg-98e7\"><span style=\"color:black\">24<\/span><\/td>\n    <td class=\"tg-omol\"><span style=\"color:black\">Deliencantos al Paladar<\/span><\/td>\n    <td class=\"tg-omol\"><span style=\"color:black\">Tortas.<\/span><\/td>\n  <\/tr>\n  <tr>\n    <td class=\"tg-98e7\"><span style=\"color:black\">25<\/span><\/td>\n    <td class=\"tg-omol\"><span style=\"color:black\">JDL Turismo &#8211; Agencia de Viajes yOperadora<\/span><\/td>\n    <td class=\"tg-omol\"><span style=\"color:black\">Agencia de turismo.<\/span><\/td>\n  <\/tr>\n  <tr>\n    <td class=\"tg-98e7\"><span style=\"color:black\">26<\/span><\/td>\n    <td class=\"tg-omol\"><span style=\"color:black\">Visa Americana<\/span><\/td>\n    <td class=\"tg-omol\"><span style=\"color:black\">Asesor\u00eda y acompa\u00f1amiento en visas americanas.<\/span><\/td>\n  <\/tr>\n  <tr>\n    <td class=\"tg-98e7\"><span style=\"color:black\">27<\/span><\/td>\n    <td class=\"tg-omol\"><span style=\"color:black\">Lipto<\/span><\/td>\n    <td class=\"tg-omol\"><span style=\"color:black\">Personalizaci\u00f3n (estampado sublimaci\u00f3n)de prendas y dotaci\u00f3n para empresas.<\/span><\/td>\n  <\/tr>\n  <tr>\n    <td class=\"tg-98e7\"><span style=\"color:black\">28<\/span><\/td>\n    <td class=\"tg-omol\"><span style=\"color:black\">Jayliz Fusi\u00f3n<\/span><\/td>\n    <td class=\"tg-omol\"><span style=\"color:black\">Distribuci\u00f3n y venta de pijamas<\/span>   <span style=\"color:black\">y lencer\u00eda.<\/span><\/td>\n  <\/tr>\n<\/tbody><\/table>\n\n\n\n<p><strong>Comfenalco Valle Delagente\u00a0<\/strong><br><strong>Family Compensation Fund of Valle del Cauca.<\/strong><\/p>","protected":false},"excerpt":{"rendered":"<p>La Caja de Compensaci\u00f3n Familiar Comfenalco Valle Delagente contin\u00faa su compromiso con el crecimiento y fortalecimiento de los emprendedores en la regi\u00f3n y lo har\u00e1 este jueves 5 de septiembre a trav\u00e9s de una feria comercial en la que 28 emprendedores dar\u00e1n a conocer sus propuestas como parte de la clausura del diplomado Emprende Delagente. [&hellip;]<\/p>","protected":false},"author":6,"featured_media":643457,"comment_status":"closed","ping_status":"closed","sticky":false,"template":"","format":"standard","meta":{"footnotes":""},"categories":[14],"tags":[],"class_list":["post-643453","post","type-post","status-publish","format-standard","has-post-thumbnail","hentry","category-educacion"],"yoast_head":"<!-- This site is optimized with the Yoast SEO Premium plugin v25.9 (Yoast SEO v25.9) - https:\/\/yoast.com\/wordpress\/plugins\/seo\/ -->\n<title>28 emprendedores vallecaucanos exponen sus propuestas<\/title>\n<meta name=\"description\" content=\"En el marco de la clausura del Diplomado Emprende Delagente, encuentro empresarial sin costo de ingreso para p\u00fablico cale\u00f1o.\" \/>\n<meta name=\"robots\" content=\"index, follow, max-snippet:-1, max-image-preview:large, max-video-preview:-1\" \/>\n<link rel=\"canonical\" href=\"https:\/\/www.comfenalcovalle.com.co\/28-emprendedores-vallecaucanos-exponen-sus-propuestas-en-el-centro-historico-de-cali\/\" \/>\n<meta property=\"og:locale\" content=\"en_US\" \/>\n<meta property=\"og:type\" content=\"article\" \/>\n<meta property=\"og:title\" content=\"28 emprendedores vallecaucanos exponen sus propuestas en el centro hist\u00f3rico de Cali\" \/>\n<meta property=\"og:description\" content=\"En el marco de la clausura del Diplomado Emprende Delagente, encuentro empresarial sin costo de ingreso para p\u00fablico cale\u00f1o.\" \/>\n<meta property=\"og:url\" content=\"https:\/\/www.comfenalcovalle.com.co\/28-emprendedores-vallecaucanos-exponen-sus-propuestas-en-el-centro-historico-de-cali\/\" \/>\n<meta property=\"og:site_name\" content=\"Comfenalco Valle Delagente\" \/>\n<meta property=\"article:published_time\" content=\"2024-09-03T22:18:56+00:00\" \/>\n<meta property=\"article:modified_time\" content=\"2024-09-03T22:19:33+00:00\" \/>\n<meta property=\"og:image\" content=\"https:\/\/www.comfenalcovalle.com.co\/wp-content\/uploads\/2024\/09\/IMG-20240903-WA0056.jpg\" \/>\n\t<meta property=\"og:image:width\" content=\"1095\" \/>\n\t<meta property=\"og:image:height\" content=\"715\" \/>\n\t<meta property=\"og:image:type\" content=\"image\/jpeg\" \/>\n<meta name=\"author\" content=\"Comunicaciones Comfenalco Valle delagente\" \/>\n<meta name=\"twitter:card\" content=\"summary_large_image\" \/>\n<meta name=\"twitter:label1\" content=\"Written by\" \/>\n\t<meta name=\"twitter:data1\" content=\"Comunicaciones Comfenalco Valle delagente\" \/>\n\t<meta name=\"twitter:label2\" content=\"Est. reading time\" \/>\n\t<meta name=\"twitter:data2\" content=\"3 minutes\" \/>\n<script type=\"application\/ld+json\" class=\"yoast-schema-graph\">{\"@context\":\"https:\/\/schema.org\",\"@graph\":[{\"@type\":\"Article\",\"@id\":\"https:\/\/www.comfenalcovalle.com.co\/28-emprendedores-vallecaucanos-exponen-sus-propuestas-en-el-centro-historico-de-cali\/#article\",\"isPartOf\":{\"@id\":\"https:\/\/www.comfenalcovalle.com.co\/28-emprendedores-vallecaucanos-exponen-sus-propuestas-en-el-centro-historico-de-cali\/\"},\"author\":{\"name\":\"Comunicaciones Comfenalco Valle delagente\",\"@id\":\"https:\/\/www.comfenalcovalle.com.co\/#\/schema\/person\/d4d8bcb299f88f97b06096cf6a21cb01\"},\"headline\":\"28 emprendedores vallecaucanos exponen sus propuestas en el centro hist\u00f3rico de Cali\",\"datePublished\":\"2024-09-03T22:18:56+00:00\",\"dateModified\":\"2024-09-03T22:19:33+00:00\",\"mainEntityOfPage\":{\"@id\":\"https:\/\/www.comfenalcovalle.com.co\/28-emprendedores-vallecaucanos-exponen-sus-propuestas-en-el-centro-historico-de-cali\/\"},\"wordCount\":496,\"publisher\":{\"@id\":\"https:\/\/www.comfenalcovalle.com.co\/#organization\"},\"image\":{\"@id\":\"https:\/\/www.comfenalcovalle.com.co\/28-emprendedores-vallecaucanos-exponen-sus-propuestas-en-el-centro-historico-de-cali\/#primaryimage\"},\"thumbnailUrl\":\"https:\/\/test.comfenalcovalle.com.co\/wp-content\/uploads\/2024\/09\/IMG-20240903-WA0056.jpg\",\"articleSection\":[\"Educaci\u00f3n\"],\"inLanguage\":\"en-US\"},{\"@type\":\"WebPage\",\"@id\":\"https:\/\/www.comfenalcovalle.com.co\/28-emprendedores-vallecaucanos-exponen-sus-propuestas-en-el-centro-historico-de-cali\/\",\"url\":\"https:\/\/www.comfenalcovalle.com.co\/28-emprendedores-vallecaucanos-exponen-sus-propuestas-en-el-centro-historico-de-cali\/\",\"name\":\"28 emprendedores vallecaucanos exponen sus propuestas\",\"isPartOf\":{\"@id\":\"https:\/\/www.comfenalcovalle.com.co\/#website\"},\"primaryImageOfPage\":{\"@id\":\"https:\/\/www.comfenalcovalle.com.co\/28-emprendedores-vallecaucanos-exponen-sus-propuestas-en-el-centro-historico-de-cali\/#primaryimage\"},\"image\":{\"@id\":\"https:\/\/www.comfenalcovalle.com.co\/28-emprendedores-vallecaucanos-exponen-sus-propuestas-en-el-centro-historico-de-cali\/#primaryimage\"},\"thumbnailUrl\":\"https:\/\/test.comfenalcovalle.com.co\/wp-content\/uploads\/2024\/09\/IMG-20240903-WA0056.jpg\",\"datePublished\":\"2024-09-03T22:18:56+00:00\",\"dateModified\":\"2024-09-03T22:19:33+00:00\",\"description\":\"En el marco de la clausura del Diplomado Emprende Delagente, encuentro empresarial sin costo de ingreso para p\u00fablico cale\u00f1o.\",\"breadcrumb\":{\"@id\":\"https:\/\/www.comfenalcovalle.com.co\/28-emprendedores-vallecaucanos-exponen-sus-propuestas-en-el-centro-historico-de-cali\/#breadcrumb\"},\"inLanguage\":\"en-US\",\"potentialAction\":[{\"@type\":\"ReadAction\",\"target\":[\"https:\/\/www.comfenalcovalle.com.co\/28-emprendedores-vallecaucanos-exponen-sus-propuestas-en-el-centro-historico-de-cali\/\"]}]},{\"@type\":\"ImageObject\",\"inLanguage\":\"en-US\",\"@id\":\"https:\/\/www.comfenalcovalle.com.co\/28-emprendedores-vallecaucanos-exponen-sus-propuestas-en-el-centro-historico-de-cali\/#primaryimage\",\"url\":\"https:\/\/test.comfenalcovalle.com.co\/wp-content\/uploads\/2024\/09\/IMG-20240903-WA0056.jpg\",\"contentUrl\":\"https:\/\/test.comfenalcovalle.com.co\/wp-content\/uploads\/2024\/09\/IMG-20240903-WA0056.jpg\",\"width\":1095,\"height\":715,\"caption\":\"Clausura Diplomado Emprende Delagente\"},{\"@type\":\"BreadcrumbList\",\"@id\":\"https:\/\/www.comfenalcovalle.com.co\/28-emprendedores-vallecaucanos-exponen-sus-propuestas-en-el-centro-historico-de-cali\/#breadcrumb\",\"itemListElement\":[{\"@type\":\"ListItem\",\"position\":1,\"name\":\"Portada\",\"item\":\"https:\/\/www.comfenalcovalle.com.co\/\"},{\"@type\":\"ListItem\",\"position\":2,\"name\":\"28 emprendedores vallecaucanos exponen sus propuestas en el centro hist\u00f3rico de Cali\"}]},{\"@type\":\"WebSite\",\"@id\":\"https:\/\/www.comfenalcovalle.com.co\/#website\",\"url\":\"https:\/\/www.comfenalcovalle.com.co\/\",\"name\":\"Comfenalco Valle Delagente\",\"description\":\"Caja de compensaci\u00f3n de Comfenalco Valle Delagente.\",\"publisher\":{\"@id\":\"https:\/\/www.comfenalcovalle.com.co\/#organization\"},\"potentialAction\":[{\"@type\":\"SearchAction\",\"target\":{\"@type\":\"EntryPoint\",\"urlTemplate\":\"https:\/\/www.comfenalcovalle.com.co\/?s={search_term_string}\"},\"query-input\":{\"@type\":\"PropertyValueSpecification\",\"valueRequired\":true,\"valueName\":\"search_term_string\"}}],\"inLanguage\":\"en-US\"},{\"@type\":\"Organization\",\"@id\":\"https:\/\/www.comfenalcovalle.com.co\/#organization\",\"name\":\"Comfenalco Valle Delagente\",\"url\":\"https:\/\/www.comfenalcovalle.com.co\/\",\"logo\":{\"@type\":\"ImageObject\",\"inLanguage\":\"en-US\",\"@id\":\"https:\/\/www.comfenalcovalle.com.co\/#\/schema\/logo\/image\/\",\"url\":\"https:\/\/test.comfenalcovalle.com.co\/wp-content\/uploads\/2021\/06\/logo-comfe-cabecera-agencia-empelo-actualizado.png\",\"contentUrl\":\"https:\/\/test.comfenalcovalle.com.co\/wp-content\/uploads\/2021\/06\/logo-comfe-cabecera-agencia-empelo-actualizado.png\",\"width\":500,\"height\":184,\"caption\":\"Comfenalco Valle Delagente\"},\"image\":{\"@id\":\"https:\/\/www.comfenalcovalle.com.co\/#\/schema\/logo\/image\/\"}},{\"@type\":\"Person\",\"@id\":\"https:\/\/www.comfenalcovalle.com.co\/#\/schema\/person\/d4d8bcb299f88f97b06096cf6a21cb01\",\"name\":\"Comunicaciones Comfenalco Valle delagente\",\"image\":{\"@type\":\"ImageObject\",\"inLanguage\":\"en-US\",\"@id\":\"https:\/\/www.comfenalcovalle.com.co\/#\/schema\/person\/image\/\",\"url\":\"https:\/\/secure.gravatar.com\/avatar\/d1c29eb639a137df0ac8bfec50479e8d6ef564f7320f439d9d984504359ea6ee?s=96&d=mm&r=g\",\"contentUrl\":\"https:\/\/secure.gravatar.com\/avatar\/d1c29eb639a137df0ac8bfec50479e8d6ef564f7320f439d9d984504359ea6ee?s=96&d=mm&r=g\",\"caption\":\"Comunicaciones Comfenalco Valle delagente\"},\"url\":\"https:\/\/test.comfenalcovalle.com.co\/en\/author\/comunicaciones-comfenalco-valle-delagente\/\"}]}<\/script>\n<!-- \/ Yoast SEO Premium plugin. -->","yoast_head_json":{"title":"28 emprendedores vallecaucanos exponen sus propuestas","description":"En el marco de la clausura del Diplomado Emprende Delagente, encuentro empresarial sin costo de ingreso para p\u00fablico cale\u00f1o.","robots":{"index":"index","follow":"follow","max-snippet":"max-snippet:-1","max-image-preview":"max-image-preview:large","max-video-preview":"max-video-preview:-1"},"canonical":"https:\/\/www.comfenalcovalle.com.co\/28-emprendedores-vallecaucanos-exponen-sus-propuestas-en-el-centro-historico-de-cali\/","og_locale":"en_US","og_type":"article","og_title":"28 emprendedores vallecaucanos exponen sus propuestas en el centro hist\u00f3rico de Cali","og_description":"En el marco de la clausura del Diplomado Emprende Delagente, encuentro empresarial sin costo de ingreso para p\u00fablico cale\u00f1o.","og_url":"https:\/\/www.comfenalcovalle.com.co\/28-emprendedores-vallecaucanos-exponen-sus-propuestas-en-el-centro-historico-de-cali\/","og_site_name":"Comfenalco Valle Delagente","article_published_time":"2024-09-03T22:18:56+00:00","article_modified_time":"2024-09-03T22:19:33+00:00","og_image":[{"width":1095,"height":715,"url":"https:\/\/www.comfenalcovalle.com.co\/wp-content\/uploads\/2024\/09\/IMG-20240903-WA0056.jpg","type":"image\/jpeg"}],"author":"Comunicaciones Comfenalco Valle delagente","twitter_card":"summary_large_image","twitter_misc":{"Written by":"Comunicaciones Comfenalco Valle delagente","Est. reading time":"3 minutes"},"schema":{"@context":"https:\/\/schema.org","@graph":[{"@type":"Article","@id":"https:\/\/www.comfenalcovalle.com.co\/28-emprendedores-vallecaucanos-exponen-sus-propuestas-en-el-centro-historico-de-cali\/#article","isPartOf":{"@id":"https:\/\/www.comfenalcovalle.com.co\/28-emprendedores-vallecaucanos-exponen-sus-propuestas-en-el-centro-historico-de-cali\/"},"author":{"name":"Comunicaciones Comfenalco Valle delagente","@id":"https:\/\/www.comfenalcovalle.com.co\/#\/schema\/person\/d4d8bcb299f88f97b06096cf6a21cb01"},"headline":"28 emprendedores vallecaucanos exponen sus propuestas en el centro hist\u00f3rico de Cali","datePublished":"2024-09-03T22:18:56+00:00","dateModified":"2024-09-03T22:19:33+00:00","mainEntityOfPage":{"@id":"https:\/\/www.comfenalcovalle.com.co\/28-emprendedores-vallecaucanos-exponen-sus-propuestas-en-el-centro-historico-de-cali\/"},"wordCount":496,"publisher":{"@id":"https:\/\/www.comfenalcovalle.com.co\/#organization"},"image":{"@id":"https:\/\/www.comfenalcovalle.com.co\/28-emprendedores-vallecaucanos-exponen-sus-propuestas-en-el-centro-historico-de-cali\/#primaryimage"},"thumbnailUrl":"https:\/\/test.comfenalcovalle.com.co\/wp-content\/uploads\/2024\/09\/IMG-20240903-WA0056.jpg","articleSection":["Educaci\u00f3n"],"inLanguage":"en-US"},{"@type":"WebPage","@id":"https:\/\/www.comfenalcovalle.com.co\/28-emprendedores-vallecaucanos-exponen-sus-propuestas-en-el-centro-historico-de-cali\/","url":"https:\/\/www.comfenalcovalle.com.co\/28-emprendedores-vallecaucanos-exponen-sus-propuestas-en-el-centro-historico-de-cali\/","name":"28 emprendedores vallecaucanos exponen sus propuestas","isPartOf":{"@id":"https:\/\/www.comfenalcovalle.com.co\/#website"},"primaryImageOfPage":{"@id":"https:\/\/www.comfenalcovalle.com.co\/28-emprendedores-vallecaucanos-exponen-sus-propuestas-en-el-centro-historico-de-cali\/#primaryimage"},"image":{"@id":"https:\/\/www.comfenalcovalle.com.co\/28-emprendedores-vallecaucanos-exponen-sus-propuestas-en-el-centro-historico-de-cali\/#primaryimage"},"thumbnailUrl":"https:\/\/test.comfenalcovalle.com.co\/wp-content\/uploads\/2024\/09\/IMG-20240903-WA0056.jpg","datePublished":"2024-09-03T22:18:56+00:00","dateModified":"2024-09-03T22:19:33+00:00","description":"En el marco de la clausura del Diplomado Emprende Delagente, encuentro empresarial sin costo de ingreso para p\u00fablico cale\u00f1o.","breadcrumb":{"@id":"https:\/\/www.comfenalcovalle.com.co\/28-emprendedores-vallecaucanos-exponen-sus-propuestas-en-el-centro-historico-de-cali\/#breadcrumb"},"inLanguage":"en-US","potentialAction":[{"@type":"ReadAction","target":["https:\/\/www.comfenalcovalle.com.co\/28-emprendedores-vallecaucanos-exponen-sus-propuestas-en-el-centro-historico-de-cali\/"]}]},{"@type":"ImageObject","inLanguage":"en-US","@id":"https:\/\/www.comfenalcovalle.com.co\/28-emprendedores-vallecaucanos-exponen-sus-propuestas-en-el-centro-historico-de-cali\/#primaryimage","url":"https:\/\/test.comfenalcovalle.com.co\/wp-content\/uploads\/2024\/09\/IMG-20240903-WA0056.jpg","contentUrl":"https:\/\/test.comfenalcovalle.com.co\/wp-content\/uploads\/2024\/09\/IMG-20240903-WA0056.jpg","width":1095,"height":715,"caption":"Clausura Diplomado Emprende Delagente"},{"@type":"BreadcrumbList","@id":"https:\/\/www.comfenalcovalle.com.co\/28-emprendedores-vallecaucanos-exponen-sus-propuestas-en-el-centro-historico-de-cali\/#breadcrumb","itemListElement":[{"@type":"ListItem","position":1,"name":"Portada","item":"https:\/\/www.comfenalcovalle.com.co\/"},{"@type":"ListItem","position":2,"name":"28 emprendedores vallecaucanos exponen sus propuestas en el centro hist\u00f3rico de Cali"}]},{"@type":"WebSite","@id":"https:\/\/www.comfenalcovalle.com.co\/#website","url":"https:\/\/www.comfenalcovalle.com.co\/","name":"Comfenalco Valle Delagente","description":"Comfenalco Valle Delagente compensation fund.","publisher":{"@id":"https:\/\/www.comfenalcovalle.com.co\/#organization"},"potentialAction":[{"@type":"SearchAction","target":{"@type":"EntryPoint","urlTemplate":"https:\/\/www.comfenalcovalle.com.co\/?s={search_term_string}"},"query-input":{"@type":"PropertyValueSpecification","valueRequired":true,"valueName":"search_term_string"}}],"inLanguage":"en-US"},{"@type":"Organization","@id":"https:\/\/www.comfenalcovalle.com.co\/#organization","name":"Comfenalco Valle Delagente","url":"https:\/\/www.comfenalcovalle.com.co\/","logo":{"@type":"ImageObject","inLanguage":"en-US","@id":"https:\/\/www.comfenalcovalle.com.co\/#\/schema\/logo\/image\/","url":"https:\/\/test.comfenalcovalle.com.co\/wp-content\/uploads\/2021\/06\/logo-comfe-cabecera-agencia-empelo-actualizado.png","contentUrl":"https:\/\/test.comfenalcovalle.com.co\/wp-content\/uploads\/2021\/06\/logo-comfe-cabecera-agencia-empelo-actualizado.png","width":500,"height":184,"caption":"Comfenalco Valle Delagente"},"image":{"@id":"https:\/\/www.comfenalcovalle.com.co\/#\/schema\/logo\/image\/"}},{"@type":"Person","@id":"https:\/\/www.comfenalcovalle.com.co\/#\/schema\/person\/d4d8bcb299f88f97b06096cf6a21cb01","name":"Communications Comfenalco Valle delagente","image":{"@type":"ImageObject","inLanguage":"en-US","@id":"https:\/\/www.comfenalcovalle.com.co\/#\/schema\/person\/image\/","url":"https:\/\/secure.gravatar.com\/avatar\/d1c29eb639a137df0ac8bfec50479e8d6ef564f7320f439d9d984504359ea6ee?s=96&d=mm&r=g","contentUrl":"https:\/\/secure.gravatar.com\/avatar\/d1c29eb639a137df0ac8bfec50479e8d6ef564f7320f439d9d984504359ea6ee?s=96&d=mm&r=g","caption":"Comunicaciones Comfenalco Valle delagente"},"url":"https:\/\/test.comfenalcovalle.com.co\/en\/author\/comunicaciones-comfenalco-valle-delagente\/"}]}},"publishpress_future_action":{"enabled":false,"date":"2026-05-08 12:59:01","action":"change-status","newStatus":"draft","terms":[],"taxonomy":"category","extraData":[]},"publishpress_future_workflow_manual_trigger":{"enabledWorkflows":[]},"_links":{"self":[{"href":"https:\/\/test.comfenalcovalle.com.co\/en\/wp-json\/wp\/v2\/posts\/643453","targetHints":{"allow":["GET"]}}],"collection":[{"href":"https:\/\/test.comfenalcovalle.com.co\/en\/wp-json\/wp\/v2\/posts"}],"about":[{"href":"https:\/\/test.comfenalcovalle.com.co\/en\/wp-json\/wp\/v2\/types\/post"}],"author":[{"embeddable":true,"href":"https:\/\/test.comfenalcovalle.com.co\/en\/wp-json\/wp\/v2\/users\/6"}],"replies":[{"embeddable":true,"href":"https:\/\/test.comfenalcovalle.com.co\/en\/wp-json\/wp\/v2\/comments?post=643453"}],"version-history":[{"count":0,"href":"https:\/\/test.comfenalcovalle.com.co\/en\/wp-json\/wp\/v2\/posts\/643453\/revisions"}],"wp:featuredmedia":[{"embeddable":true,"href":"https:\/\/test.comfenalcovalle.com.co\/en\/wp-json\/wp\/v2\/media\/643457"}],"wp:attachment":[{"href":"https:\/\/test.comfenalcovalle.com.co\/en\/wp-json\/wp\/v2\/media?parent=643453"}],"wp:term":[{"taxonomy":"category","embeddable":true,"href":"https:\/\/test.comfenalcovalle.com.co\/en\/wp-json\/wp\/v2\/categories?post=643453"},{"taxonomy":"post_tag","embeddable":true,"href":"https:\/\/test.comfenalcovalle.com.co\/en\/wp-json\/wp\/v2\/tags?post=643453"}],"curies":[{"name":"wp","href":"https:\/\/api.w.org\/{rel}","templated":true}]}}