{"id":643238,"date":"2024-09-02T10:47:08","date_gmt":"2024-09-02T15:47:08","guid":{"rendered":"https:\/\/test.comfenalcovalle.com.co\/?p=643238"},"modified":"2024-09-02T10:58:06","modified_gmt":"2024-09-02T15:58:06","slug":"somos-innovadores-con-la-formacion-dual","status":"publish","type":"post","link":"https:\/\/test.comfenalcovalle.com.co\/en\/somos-innovadores-con-la-formacion-dual\/","title":{"rendered":"Somos innovadores con la Formaci\u00f3n Dual"},"content":{"rendered":"<p>El pasado 26 de agosto la Caja de Compensaci\u00f3n Familiar <strong>Comfenalco Valle Delagente<\/strong>, a trav\u00e9s de su instituto de formaci\u00f3n para el trabajo <strong>PEC Agent<\/strong>, ha dado un paso audaz e innovador con el lanzamiento del programa en formaci\u00f3n dual <strong>T\u00e9cnico Avanzado en Coordinaci\u00f3n Administrativa<\/strong>. Este programa, pionero en su tipo, adopta la metodolog\u00eda de formaci\u00f3n dual, una propuesta educativa que equilibra la teor\u00eda y la pr\u00e1ctica en un entorno real de trabajo.<\/p>\n\n\n\n<p>Con un enfoque en la coordinaci\u00f3n de actividades administrativas y de talento humano, el programa se distingue por su \u00e9nfasis en la revisi\u00f3n, inspecci\u00f3n y control, aspectos que demandan un alto grado de responsabilidad, autonom\u00eda y capacidad de decisi\u00f3n. A lo largo de dos a\u00f1os, los estudiantes tendr\u00e1n la oportunidad de desarrollarse profesionalmente en empresas de alto reconocimiento como: Brillantex, Club Campestre de Cali, Serviespeciales, Proviser, AutoM\u00e1s, Camposanto, donde recibir\u00e1n el acompa\u00f1amiento de tutores empresariales, garantizando as\u00ed una formaci\u00f3n integral y alineada con las necesidades del mercado laboral.<\/p>\n\n\n\n<p>Lo que hace que este programa sea \u00fanico es su estructura: <strong>un 60% de la formaci\u00f3n se realiza en las empresas y el 40% restante en nuestro instituto educativo, PEC Delagente, adem\u00e1s, los estudiantes contar\u00e1n con un contrato de aprendizaje directos con las empresas formadoras.<\/strong><\/p>\n\n\n\n<p>El profesional egresado de este programa estar\u00e1 capacitado para desempe\u00f1arse en diversos sectores, ya sea en el \u00e1mbito p\u00fablico, privado o de forma independiente. Su perfil abarca roles como Coordinador administrativo, Coordinador de oficina, Coordinador de personal y Coordinador de servicios administrativos, con habilidades clave en la gesti\u00f3n de inventarios, apoyo en proyectos, y elaboraci\u00f3n de informes de gesti\u00f3n. La combinaci\u00f3n de m\u00e9todos, t\u00e9cnicas y tecnolog\u00edas especializadas le permitir\u00e1 resolver problemas y coordinar procesos de manera eficiente, convirti\u00e9ndose en un recurso valioso para cualquier organizaci\u00f3n.<\/p>\n\n\n\n<p><strong>Invitamos a las empresas a ser parte de esta transformaci\u00f3n educativa<\/strong>. Sumarse a este proyecto no solo significa contribuir al desarrollo de futuros profesionales altamente capacitados, sino tambi\u00e9n integrarse en una red de formaci\u00f3n que impulsa la competitividad y la innovaci\u00f3n en el sector administrativo. \u00a1\u00danete y forma parte de este cambio trascendental que est\u00e1 marcando la diferencia en la formaci\u00f3n t\u00e9cnica en nuestro pa\u00eds!<\/p>","protected":false},"excerpt":{"rendered":"<p>El pasado 26 de agosto la Caja de Compensaci\u00f3n Familiar Comfenalco Valle Delagente, a trav\u00e9s de su instituto de formaci\u00f3n para el trabajo PEC Delagente, ha dado un paso audaz e innovador con el lanzamiento del programa en formaci\u00f3n dual T\u00e9cnico Avanzado en Coordinaci\u00f3n Administrativa. Este programa, pionero en su tipo, adopta la metodolog\u00eda de [&hellip;]<\/p>","protected":false},"author":6,"featured_media":643245,"comment_status":"closed","ping_status":"closed","sticky":false,"template":"","format":"standard","meta":{"footnotes":""},"categories":[14],"tags":[],"class_list":["post-643238","post","type-post","status-publish","format-standard","has-post-thumbnail","hentry","category-educacion"],"yoast_head":"<!-- This site is optimized with the Yoast SEO Premium plugin v25.9 (Yoast SEO v25.9) - https:\/\/yoast.com\/wordpress\/plugins\/seo\/ -->\n<title>En Formaci\u00f3n Dual somos innovadores<\/title>\n<meta name=\"description\" content=\"Formaci\u00f3n dual, una propuesta educativa que equilibra la teor\u00eda y la pr\u00e1ctica en un entorno real de trabajo.\" \/>\n<meta name=\"robots\" content=\"index, follow, max-snippet:-1, max-image-preview:large, max-video-preview:-1\" \/>\n<link rel=\"canonical\" href=\"https:\/\/www.comfenalcovalle.com.co\/somos-innovadores-con-la-formacion-dual\/\" \/>\n<meta property=\"og:locale\" content=\"en_US\" \/>\n<meta property=\"og:type\" content=\"article\" \/>\n<meta property=\"og:title\" content=\"Somos innovadores con la Formaci\u00f3n Dual\" \/>\n<meta property=\"og:description\" content=\"Formaci\u00f3n dual, una propuesta educativa que equilibra la teor\u00eda y la pr\u00e1ctica en un entorno real de trabajo.\" \/>\n<meta property=\"og:url\" content=\"https:\/\/www.comfenalcovalle.com.co\/somos-innovadores-con-la-formacion-dual\/\" \/>\n<meta property=\"og:site_name\" content=\"Comfenalco Valle Delagente\" \/>\n<meta property=\"article:published_time\" content=\"2024-09-02T15:47:08+00:00\" \/>\n<meta property=\"article:modified_time\" content=\"2024-09-02T15:58:06+00:00\" \/>\n<meta property=\"og:image\" content=\"https:\/\/www.comfenalcovalle.com.co\/wp-content\/uploads\/2024\/09\/Somos-innovadores-con-la-Formacion-Dual.png\" \/>\n\t<meta property=\"og:image:width\" content=\"1095\" \/>\n\t<meta property=\"og:image:height\" content=\"715\" \/>\n\t<meta property=\"og:image:type\" content=\"image\/png\" \/>\n<meta name=\"author\" content=\"Comunicaciones Comfenalco Valle delagente\" \/>\n<meta name=\"twitter:card\" content=\"summary_large_image\" \/>\n<meta name=\"twitter:label1\" content=\"Written by\" \/>\n\t<meta name=\"twitter:data1\" content=\"Comunicaciones Comfenalco Valle delagente\" \/>\n\t<meta name=\"twitter:label2\" content=\"Est. reading time\" \/>\n\t<meta name=\"twitter:data2\" content=\"2 minutes\" \/>\n<script type=\"application\/ld+json\" class=\"yoast-schema-graph\">{\"@context\":\"https:\/\/schema.org\",\"@graph\":[{\"@type\":\"Article\",\"@id\":\"https:\/\/www.comfenalcovalle.com.co\/somos-innovadores-con-la-formacion-dual\/#article\",\"isPartOf\":{\"@id\":\"https:\/\/www.comfenalcovalle.com.co\/somos-innovadores-con-la-formacion-dual\/\"},\"author\":{\"name\":\"Comunicaciones Comfenalco Valle delagente\",\"@id\":\"https:\/\/www.comfenalcovalle.com.co\/#\/schema\/person\/d4d8bcb299f88f97b06096cf6a21cb01\"},\"headline\":\"Somos innovadores con la Formaci\u00f3n Dual\",\"datePublished\":\"2024-09-02T15:47:08+00:00\",\"dateModified\":\"2024-09-02T15:58:06+00:00\",\"mainEntityOfPage\":{\"@id\":\"https:\/\/www.comfenalcovalle.com.co\/somos-innovadores-con-la-formacion-dual\/\"},\"wordCount\":402,\"publisher\":{\"@id\":\"https:\/\/www.comfenalcovalle.com.co\/#organization\"},\"image\":{\"@id\":\"https:\/\/www.comfenalcovalle.com.co\/somos-innovadores-con-la-formacion-dual\/#primaryimage\"},\"thumbnailUrl\":\"https:\/\/test.comfenalcovalle.com.co\/wp-content\/uploads\/2024\/09\/Somos-innovadores-con-la-Formacion-Dual.png\",\"articleSection\":[\"Educaci\u00f3n\"],\"inLanguage\":\"en-US\"},{\"@type\":\"WebPage\",\"@id\":\"https:\/\/www.comfenalcovalle.com.co\/somos-innovadores-con-la-formacion-dual\/\",\"url\":\"https:\/\/www.comfenalcovalle.com.co\/somos-innovadores-con-la-formacion-dual\/\",\"name\":\"En Formaci\u00f3n Dual somos innovadores\",\"isPartOf\":{\"@id\":\"https:\/\/www.comfenalcovalle.com.co\/#website\"},\"primaryImageOfPage\":{\"@id\":\"https:\/\/www.comfenalcovalle.com.co\/somos-innovadores-con-la-formacion-dual\/#primaryimage\"},\"image\":{\"@id\":\"https:\/\/www.comfenalcovalle.com.co\/somos-innovadores-con-la-formacion-dual\/#primaryimage\"},\"thumbnailUrl\":\"https:\/\/test.comfenalcovalle.com.co\/wp-content\/uploads\/2024\/09\/Somos-innovadores-con-la-Formacion-Dual.png\",\"datePublished\":\"2024-09-02T15:47:08+00:00\",\"dateModified\":\"2024-09-02T15:58:06+00:00\",\"description\":\"Formaci\u00f3n dual, una propuesta educativa que equilibra la teor\u00eda y la pr\u00e1ctica en un entorno real de trabajo.\",\"breadcrumb\":{\"@id\":\"https:\/\/www.comfenalcovalle.com.co\/somos-innovadores-con-la-formacion-dual\/#breadcrumb\"},\"inLanguage\":\"en-US\",\"potentialAction\":[{\"@type\":\"ReadAction\",\"target\":[\"https:\/\/www.comfenalcovalle.com.co\/somos-innovadores-con-la-formacion-dual\/\"]}]},{\"@type\":\"ImageObject\",\"inLanguage\":\"en-US\",\"@id\":\"https:\/\/www.comfenalcovalle.com.co\/somos-innovadores-con-la-formacion-dual\/#primaryimage\",\"url\":\"https:\/\/test.comfenalcovalle.com.co\/wp-content\/uploads\/2024\/09\/Somos-innovadores-con-la-Formacion-Dual.png\",\"contentUrl\":\"https:\/\/test.comfenalcovalle.com.co\/wp-content\/uploads\/2024\/09\/Somos-innovadores-con-la-Formacion-Dual.png\",\"width\":1095,\"height\":715,\"caption\":\"Somos innovadores con la Formaci\u00f3n Dual\"},{\"@type\":\"BreadcrumbList\",\"@id\":\"https:\/\/www.comfenalcovalle.com.co\/somos-innovadores-con-la-formacion-dual\/#breadcrumb\",\"itemListElement\":[{\"@type\":\"ListItem\",\"position\":1,\"name\":\"Portada\",\"item\":\"https:\/\/www.comfenalcovalle.com.co\/\"},{\"@type\":\"ListItem\",\"position\":2,\"name\":\"Somos innovadores con la Formaci\u00f3n Dual\"}]},{\"@type\":\"WebSite\",\"@id\":\"https:\/\/www.comfenalcovalle.com.co\/#website\",\"url\":\"https:\/\/www.comfenalcovalle.com.co\/\",\"name\":\"Comfenalco Valle Delagente\",\"description\":\"Caja de compensaci\u00f3n de Comfenalco Valle Delagente.\",\"publisher\":{\"@id\":\"https:\/\/www.comfenalcovalle.com.co\/#organization\"},\"potentialAction\":[{\"@type\":\"SearchAction\",\"target\":{\"@type\":\"EntryPoint\",\"urlTemplate\":\"https:\/\/www.comfenalcovalle.com.co\/?s={search_term_string}\"},\"query-input\":{\"@type\":\"PropertyValueSpecification\",\"valueRequired\":true,\"valueName\":\"search_term_string\"}}],\"inLanguage\":\"en-US\"},{\"@type\":\"Organization\",\"@id\":\"https:\/\/www.comfenalcovalle.com.co\/#organization\",\"name\":\"Comfenalco Valle Delagente\",\"url\":\"https:\/\/www.comfenalcovalle.com.co\/\",\"logo\":{\"@type\":\"ImageObject\",\"inLanguage\":\"en-US\",\"@id\":\"https:\/\/www.comfenalcovalle.com.co\/#\/schema\/logo\/image\/\",\"url\":\"https:\/\/test.comfenalcovalle.com.co\/wp-content\/uploads\/2021\/06\/logo-comfe-cabecera-agencia-empelo-actualizado.png\",\"contentUrl\":\"https:\/\/test.comfenalcovalle.com.co\/wp-content\/uploads\/2021\/06\/logo-comfe-cabecera-agencia-empelo-actualizado.png\",\"width\":500,\"height\":184,\"caption\":\"Comfenalco Valle Delagente\"},\"image\":{\"@id\":\"https:\/\/www.comfenalcovalle.com.co\/#\/schema\/logo\/image\/\"}},{\"@type\":\"Person\",\"@id\":\"https:\/\/www.comfenalcovalle.com.co\/#\/schema\/person\/d4d8bcb299f88f97b06096cf6a21cb01\",\"name\":\"Comunicaciones Comfenalco Valle delagente\",\"image\":{\"@type\":\"ImageObject\",\"inLanguage\":\"en-US\",\"@id\":\"https:\/\/www.comfenalcovalle.com.co\/#\/schema\/person\/image\/\",\"url\":\"https:\/\/secure.gravatar.com\/avatar\/d1c29eb639a137df0ac8bfec50479e8d6ef564f7320f439d9d984504359ea6ee?s=96&d=mm&r=g\",\"contentUrl\":\"https:\/\/secure.gravatar.com\/avatar\/d1c29eb639a137df0ac8bfec50479e8d6ef564f7320f439d9d984504359ea6ee?s=96&d=mm&r=g\",\"caption\":\"Comunicaciones Comfenalco Valle delagente\"},\"url\":\"https:\/\/test.comfenalcovalle.com.co\/en\/author\/comunicaciones-comfenalco-valle-delagente\/\"}]}<\/script>\n<!-- \/ Yoast SEO Premium plugin. -->","yoast_head_json":{"title":"En Formaci\u00f3n Dual somos innovadores","description":"Formaci\u00f3n dual, una propuesta educativa que equilibra la teor\u00eda y la pr\u00e1ctica en un entorno real de trabajo.","robots":{"index":"index","follow":"follow","max-snippet":"max-snippet:-1","max-image-preview":"max-image-preview:large","max-video-preview":"max-video-preview:-1"},"canonical":"https:\/\/www.comfenalcovalle.com.co\/somos-innovadores-con-la-formacion-dual\/","og_locale":"en_US","og_type":"article","og_title":"Somos innovadores con la Formaci\u00f3n Dual","og_description":"Formaci\u00f3n dual, una propuesta educativa que equilibra la teor\u00eda y la pr\u00e1ctica en un entorno real de trabajo.","og_url":"https:\/\/www.comfenalcovalle.com.co\/somos-innovadores-con-la-formacion-dual\/","og_site_name":"Comfenalco Valle Delagente","article_published_time":"2024-09-02T15:47:08+00:00","article_modified_time":"2024-09-02T15:58:06+00:00","og_image":[{"width":1095,"height":715,"url":"https:\/\/www.comfenalcovalle.com.co\/wp-content\/uploads\/2024\/09\/Somos-innovadores-con-la-Formacion-Dual.png","type":"image\/png"}],"author":"Comunicaciones Comfenalco Valle delagente","twitter_card":"summary_large_image","twitter_misc":{"Written by":"Comunicaciones Comfenalco Valle delagente","Est. reading time":"2 minutes"},"schema":{"@context":"https:\/\/schema.org","@graph":[{"@type":"Article","@id":"https:\/\/www.comfenalcovalle.com.co\/somos-innovadores-con-la-formacion-dual\/#article","isPartOf":{"@id":"https:\/\/www.comfenalcovalle.com.co\/somos-innovadores-con-la-formacion-dual\/"},"author":{"name":"Comunicaciones Comfenalco Valle delagente","@id":"https:\/\/www.comfenalcovalle.com.co\/#\/schema\/person\/d4d8bcb299f88f97b06096cf6a21cb01"},"headline":"Somos innovadores con la Formaci\u00f3n Dual","datePublished":"2024-09-02T15:47:08+00:00","dateModified":"2024-09-02T15:58:06+00:00","mainEntityOfPage":{"@id":"https:\/\/www.comfenalcovalle.com.co\/somos-innovadores-con-la-formacion-dual\/"},"wordCount":402,"publisher":{"@id":"https:\/\/www.comfenalcovalle.com.co\/#organization"},"image":{"@id":"https:\/\/www.comfenalcovalle.com.co\/somos-innovadores-con-la-formacion-dual\/#primaryimage"},"thumbnailUrl":"https:\/\/test.comfenalcovalle.com.co\/wp-content\/uploads\/2024\/09\/Somos-innovadores-con-la-Formacion-Dual.png","articleSection":["Educaci\u00f3n"],"inLanguage":"en-US"},{"@type":"WebPage","@id":"https:\/\/www.comfenalcovalle.com.co\/somos-innovadores-con-la-formacion-dual\/","url":"https:\/\/www.comfenalcovalle.com.co\/somos-innovadores-con-la-formacion-dual\/","name":"En Formaci\u00f3n Dual somos innovadores","isPartOf":{"@id":"https:\/\/www.comfenalcovalle.com.co\/#website"},"primaryImageOfPage":{"@id":"https:\/\/www.comfenalcovalle.com.co\/somos-innovadores-con-la-formacion-dual\/#primaryimage"},"image":{"@id":"https:\/\/www.comfenalcovalle.com.co\/somos-innovadores-con-la-formacion-dual\/#primaryimage"},"thumbnailUrl":"https:\/\/test.comfenalcovalle.com.co\/wp-content\/uploads\/2024\/09\/Somos-innovadores-con-la-Formacion-Dual.png","datePublished":"2024-09-02T15:47:08+00:00","dateModified":"2024-09-02T15:58:06+00:00","description":"Formaci\u00f3n dual, una propuesta educativa que equilibra la teor\u00eda y la pr\u00e1ctica en un entorno real de trabajo.","breadcrumb":{"@id":"https:\/\/www.comfenalcovalle.com.co\/somos-innovadores-con-la-formacion-dual\/#breadcrumb"},"inLanguage":"en-US","potentialAction":[{"@type":"ReadAction","target":["https:\/\/www.comfenalcovalle.com.co\/somos-innovadores-con-la-formacion-dual\/"]}]},{"@type":"ImageObject","inLanguage":"en-US","@id":"https:\/\/www.comfenalcovalle.com.co\/somos-innovadores-con-la-formacion-dual\/#primaryimage","url":"https:\/\/test.comfenalcovalle.com.co\/wp-content\/uploads\/2024\/09\/Somos-innovadores-con-la-Formacion-Dual.png","contentUrl":"https:\/\/test.comfenalcovalle.com.co\/wp-content\/uploads\/2024\/09\/Somos-innovadores-con-la-Formacion-Dual.png","width":1095,"height":715,"caption":"Somos innovadores con la Formaci\u00f3n Dual"},{"@type":"BreadcrumbList","@id":"https:\/\/www.comfenalcovalle.com.co\/somos-innovadores-con-la-formacion-dual\/#breadcrumb","itemListElement":[{"@type":"ListItem","position":1,"name":"Portada","item":"https:\/\/www.comfenalcovalle.com.co\/"},{"@type":"ListItem","position":2,"name":"Somos innovadores con la Formaci\u00f3n Dual"}]},{"@type":"WebSite","@id":"https:\/\/www.comfenalcovalle.com.co\/#website","url":"https:\/\/www.comfenalcovalle.com.co\/","name":"Comfenalco Valle Delagente","description":"Comfenalco Valle Delagente compensation fund.","publisher":{"@id":"https:\/\/www.comfenalcovalle.com.co\/#organization"},"potentialAction":[{"@type":"SearchAction","target":{"@type":"EntryPoint","urlTemplate":"https:\/\/www.comfenalcovalle.com.co\/?s={search_term_string}"},"query-input":{"@type":"PropertyValueSpecification","valueRequired":true,"valueName":"search_term_string"}}],"inLanguage":"en-US"},{"@type":"Organization","@id":"https:\/\/www.comfenalcovalle.com.co\/#organization","name":"Comfenalco Valle Delagente","url":"https:\/\/www.comfenalcovalle.com.co\/","logo":{"@type":"ImageObject","inLanguage":"en-US","@id":"https:\/\/www.comfenalcovalle.com.co\/#\/schema\/logo\/image\/","url":"https:\/\/test.comfenalcovalle.com.co\/wp-content\/uploads\/2021\/06\/logo-comfe-cabecera-agencia-empelo-actualizado.png","contentUrl":"https:\/\/test.comfenalcovalle.com.co\/wp-content\/uploads\/2021\/06\/logo-comfe-cabecera-agencia-empelo-actualizado.png","width":500,"height":184,"caption":"Comfenalco Valle Delagente"},"image":{"@id":"https:\/\/www.comfenalcovalle.com.co\/#\/schema\/logo\/image\/"}},{"@type":"Person","@id":"https:\/\/www.comfenalcovalle.com.co\/#\/schema\/person\/d4d8bcb299f88f97b06096cf6a21cb01","name":"Communications Comfenalco Valle delagente","image":{"@type":"ImageObject","inLanguage":"en-US","@id":"https:\/\/www.comfenalcovalle.com.co\/#\/schema\/person\/image\/","url":"https:\/\/secure.gravatar.com\/avatar\/d1c29eb639a137df0ac8bfec50479e8d6ef564f7320f439d9d984504359ea6ee?s=96&d=mm&r=g","contentUrl":"https:\/\/secure.gravatar.com\/avatar\/d1c29eb639a137df0ac8bfec50479e8d6ef564f7320f439d9d984504359ea6ee?s=96&d=mm&r=g","caption":"Comunicaciones Comfenalco Valle delagente"},"url":"https:\/\/test.comfenalcovalle.com.co\/en\/author\/comunicaciones-comfenalco-valle-delagente\/"}]}},"publishpress_future_action":{"enabled":false,"date":"2026-05-08 09:11:22","action":"change-status","newStatus":"draft","terms":[],"taxonomy":"category","extraData":[]},"publishpress_future_workflow_manual_trigger":{"enabledWorkflows":[]},"_links":{"self":[{"href":"https:\/\/test.comfenalcovalle.com.co\/en\/wp-json\/wp\/v2\/posts\/643238","targetHints":{"allow":["GET"]}}],"collection":[{"href":"https:\/\/test.comfenalcovalle.com.co\/en\/wp-json\/wp\/v2\/posts"}],"about":[{"href":"https:\/\/test.comfenalcovalle.com.co\/en\/wp-json\/wp\/v2\/types\/post"}],"author":[{"embeddable":true,"href":"https:\/\/test.comfenalcovalle.com.co\/en\/wp-json\/wp\/v2\/users\/6"}],"replies":[{"embeddable":true,"href":"https:\/\/test.comfenalcovalle.com.co\/en\/wp-json\/wp\/v2\/comments?post=643238"}],"version-history":[{"count":0,"href":"https:\/\/test.comfenalcovalle.com.co\/en\/wp-json\/wp\/v2\/posts\/643238\/revisions"}],"wp:featuredmedia":[{"embeddable":true,"href":"https:\/\/test.comfenalcovalle.com.co\/en\/wp-json\/wp\/v2\/media\/643245"}],"wp:attachment":[{"href":"https:\/\/test.comfenalcovalle.com.co\/en\/wp-json\/wp\/v2\/media?parent=643238"}],"wp:term":[{"taxonomy":"category","embeddable":true,"href":"https:\/\/test.comfenalcovalle.com.co\/en\/wp-json\/wp\/v2\/categories?post=643238"},{"taxonomy":"post_tag","embeddable":true,"href":"https:\/\/test.comfenalcovalle.com.co\/en\/wp-json\/wp\/v2\/tags?post=643238"}],"curies":[{"name":"wp","href":"https:\/\/api.w.org\/{rel}","templated":true}]}}