{"id":641612,"date":"2024-08-13T08:50:00","date_gmt":"2024-08-13T13:50:00","guid":{"rendered":"https:\/\/test.comfenalcovalle.com.co\/?p=641612"},"modified":"2024-08-13T17:03:58","modified_gmt":"2024-08-13T22:03:58","slug":"comfenalco-valle-delagente-apoya-e-incentiva-la-inclusion-laboral","status":"publish","type":"post","link":"https:\/\/test.comfenalcovalle.com.co\/en\/comfenalco-valle-delagente-apoya-e-incentiva-la-inclusion-laboral\/","title":{"rendered":"Comfenalco Valle Delagente apoya e incentiva la inclusi\u00f3n laboral"},"content":{"rendered":"<p>La Agencia de Empleo de la Caja de Compensaci\u00f3n Familiar Comfenalco Valle Delagente sigue trabajando para generar nuevas oportunidades laborales para personas con discapacidad.<\/p>\n\n\n\n<p>En el mes de julio, la Agencia de Empleo logr\u00f3 la inclusi\u00f3n de dos (2) personas con discapacidad intelectual&nbsp;y una (1) con discapacidad f\u00edsica,&nbsp;para las vacantes de auxiliar administrativo, Auxiliar de archivo y Auxiliar de Talento Humano.<\/p>\n\n\n\n<p>\u201cContinuamos trabajando con nuestras empresas aliadas para lograr la superaci\u00f3n de barreras y el cierre de brechas para construir el camino a la inclusi\u00f3n laboral. Esta es una oportunidad de destacar y agradecer a las empresas por su confianza en los servicios de nuestra Agencia\u201d, explic\u00f3 Clara Eugenia Orozco, gerente de Empleabilidad y Emprendimiento de Comfenalco Valle Delagente.<\/p>\n\n\n\n<p>La funcionaria indic\u00f3 que, en este caso,&nbsp;se apoyaron, de principio a fin, los procesos de reclutamiento, preselecci\u00f3n, selecci\u00f3n y&nbsp;acompa\u00f1amiento en la firma de contratos de los tres candidatos con las empresas&nbsp;<strong>Provizora &nbsp;Asstracud<\/strong>&nbsp; <strong>y Serviespeciales BIC SAS.<\/strong><\/p>\n\n\n\n<p>En este caso, Comfenalco Valle Delagente, no solo brind\u00f3 asesor\u00eda a los candidatos a los cargos, sino que tambi\u00e9n realiz\u00f3 un an\u00e1lisis de los puestos de trabajo y dict\u00f3 un taller te\u00f3rico pr\u00e1ctico a coordinadores, l\u00edderes y compa\u00f1eros de las empresas mencionadas sobre la adaptaci\u00f3n y sensibilizaci\u00f3n en la vinculaci\u00f3n laboral de personas con discapacidad. Todo lo anterior se realiz\u00f3 con el fin de garantizar el espacio adecuado para la realizaci\u00f3n de las labores y un buen ambiente laboral.<\/p>\n\n\n\n<p>\u201cDestacamos a las empresas <strong>Provizora, Asstracud y Serviespeciales BIC SAS<\/strong>, que abrieron sus puertas, para apoyar la inclusi\u00f3n. Es importante que m\u00e1s organizaciones sigan abriendo espacios laborales para personas con diferentes tipos de discapacidad, por cuanto esto permite su desarrollo personal, profesional y econ\u00f3mico. &nbsp;<\/p>\n\n\n\n<p>Quienes deseen participar de los procesos laborales que realiza la Agencia de Empleo de Comfenalco Valle Delagente, se pueden acercar a los Centros de Empleo en el Valle del Cauca o solicitar una cita virtual a trav\u00e9s del siguiente link: <a href=\"https:\/\/comfenalcovalle.qanty.com\/portals\/appointments\">https:\/\/comfenalcovalle.qanty.com\/portals\/appointments<\/a><\/p>\n\n\n\n<p><\/p>\n\n\n\n<p><strong>Comfenalco Valle Delagente.<\/strong><br><strong>Family Compensation Fund of Valle del Cauca.<\/strong><br><strong>\u00a1Somos la Caja Delagente!<\/strong><\/p>","protected":false},"excerpt":{"rendered":"<p>La Agencia de Empleo de la Caja de Compensaci\u00f3n Familiar Comfenalco Valle Delagente sigue trabajando para generar nuevas oportunidades laborales para personas con discapacidad. En el mes de julio, la Agencia de Empleo logr\u00f3 la inclusi\u00f3n de dos (2) personas con discapacidad intelectual&nbsp;y una (1) con discapacidad f\u00edsica,&nbsp;para las vacantes de auxiliar administrativo, Auxiliar de [&hellip;]<\/p>","protected":false},"author":6,"featured_media":641615,"comment_status":"closed","ping_status":"closed","sticky":false,"template":"","format":"standard","meta":{"footnotes":""},"categories":[73],"tags":[],"class_list":["post-641612","post","type-post","status-publish","format-standard","has-post-thumbnail","hentry","category-agencia-de-empleo"],"yoast_head":"<!-- This site is optimized with the Yoast SEO Premium plugin v25.9 (Yoast SEO v25.9) - https:\/\/yoast.com\/wordpress\/plugins\/seo\/ -->\n<title>Comfenalco Valle Delagente apoya e incentiva la inclusi\u00f3n laboral<\/title>\n<meta name=\"description\" content=\"La Agencia de Empleo de la Caja de Compensaci\u00f3n Familiar Comfenalco Valle Delagente sigue trabajando para generar inclusi\u00f3n laboral.\" \/>\n<meta name=\"robots\" content=\"index, follow, max-snippet:-1, max-image-preview:large, max-video-preview:-1\" \/>\n<link rel=\"canonical\" href=\"https:\/\/www.comfenalcovalle.com.co\/comfenalco-valle-delagente-apoya-e-incentiva-la-inclusion-laboral\/\" \/>\n<meta property=\"og:locale\" content=\"en_US\" \/>\n<meta property=\"og:type\" content=\"article\" \/>\n<meta property=\"og:title\" content=\"Comfenalco Valle Delagente apoya e incentiva la inclusi\u00f3n laboral\" \/>\n<meta property=\"og:description\" content=\"La Agencia de Empleo de la Caja de Compensaci\u00f3n Familiar Comfenalco Valle Delagente sigue trabajando para generar inclusi\u00f3n laboral.\" \/>\n<meta property=\"og:url\" content=\"https:\/\/www.comfenalcovalle.com.co\/comfenalco-valle-delagente-apoya-e-incentiva-la-inclusion-laboral\/\" \/>\n<meta property=\"og:site_name\" content=\"Comfenalco Valle Delagente\" \/>\n<meta property=\"article:published_time\" content=\"2024-08-13T13:50:00+00:00\" \/>\n<meta property=\"article:modified_time\" content=\"2024-08-13T22:03:58+00:00\" \/>\n<meta property=\"og:image\" content=\"https:\/\/www.comfenalcovalle.com.co\/wp-content\/uploads\/2024\/08\/Comfenalco-Valle-Delagente-apoya-e-incentiva-la-inclusion-laboral.png\" \/>\n\t<meta property=\"og:image:width\" content=\"656\" \/>\n\t<meta property=\"og:image:height\" content=\"436\" \/>\n\t<meta property=\"og:image:type\" content=\"image\/png\" \/>\n<meta name=\"author\" content=\"Comunicaciones Comfenalco Valle delagente\" \/>\n<meta name=\"twitter:card\" content=\"summary_large_image\" \/>\n<meta name=\"twitter:label1\" content=\"Written by\" \/>\n\t<meta name=\"twitter:data1\" content=\"Comunicaciones Comfenalco Valle delagente\" \/>\n\t<meta name=\"twitter:label2\" content=\"Est. reading time\" \/>\n\t<meta name=\"twitter:data2\" content=\"2 minutes\" \/>\n<script type=\"application\/ld+json\" class=\"yoast-schema-graph\">{\"@context\":\"https:\/\/schema.org\",\"@graph\":[{\"@type\":\"Article\",\"@id\":\"https:\/\/www.comfenalcovalle.com.co\/comfenalco-valle-delagente-apoya-e-incentiva-la-inclusion-laboral\/#article\",\"isPartOf\":{\"@id\":\"https:\/\/www.comfenalcovalle.com.co\/comfenalco-valle-delagente-apoya-e-incentiva-la-inclusion-laboral\/\"},\"author\":{\"name\":\"Comunicaciones Comfenalco Valle delagente\",\"@id\":\"https:\/\/www.comfenalcovalle.com.co\/#\/schema\/person\/d4d8bcb299f88f97b06096cf6a21cb01\"},\"headline\":\"Comfenalco Valle Delagente apoya e incentiva la inclusi\u00f3n laboral\",\"datePublished\":\"2024-08-13T13:50:00+00:00\",\"dateModified\":\"2024-08-13T22:03:58+00:00\",\"mainEntityOfPage\":{\"@id\":\"https:\/\/www.comfenalcovalle.com.co\/comfenalco-valle-delagente-apoya-e-incentiva-la-inclusion-laboral\/\"},\"wordCount\":384,\"publisher\":{\"@id\":\"https:\/\/www.comfenalcovalle.com.co\/#organization\"},\"image\":{\"@id\":\"https:\/\/www.comfenalcovalle.com.co\/comfenalco-valle-delagente-apoya-e-incentiva-la-inclusion-laboral\/#primaryimage\"},\"thumbnailUrl\":\"https:\/\/test.comfenalcovalle.com.co\/wp-content\/uploads\/2024\/08\/Comfenalco-Valle-Delagente-apoya-e-incentiva-la-inclusion-laboral.png\",\"articleSection\":[\"Agencia de empleo\"],\"inLanguage\":\"en-US\"},{\"@type\":\"WebPage\",\"@id\":\"https:\/\/www.comfenalcovalle.com.co\/comfenalco-valle-delagente-apoya-e-incentiva-la-inclusion-laboral\/\",\"url\":\"https:\/\/www.comfenalcovalle.com.co\/comfenalco-valle-delagente-apoya-e-incentiva-la-inclusion-laboral\/\",\"name\":\"Comfenalco Valle Delagente apoya e incentiva la inclusi\u00f3n laboral\",\"isPartOf\":{\"@id\":\"https:\/\/www.comfenalcovalle.com.co\/#website\"},\"primaryImageOfPage\":{\"@id\":\"https:\/\/www.comfenalcovalle.com.co\/comfenalco-valle-delagente-apoya-e-incentiva-la-inclusion-laboral\/#primaryimage\"},\"image\":{\"@id\":\"https:\/\/www.comfenalcovalle.com.co\/comfenalco-valle-delagente-apoya-e-incentiva-la-inclusion-laboral\/#primaryimage\"},\"thumbnailUrl\":\"https:\/\/test.comfenalcovalle.com.co\/wp-content\/uploads\/2024\/08\/Comfenalco-Valle-Delagente-apoya-e-incentiva-la-inclusion-laboral.png\",\"datePublished\":\"2024-08-13T13:50:00+00:00\",\"dateModified\":\"2024-08-13T22:03:58+00:00\",\"description\":\"La Agencia de Empleo de la Caja de Compensaci\u00f3n Familiar Comfenalco Valle Delagente sigue trabajando para generar inclusi\u00f3n laboral.\",\"breadcrumb\":{\"@id\":\"https:\/\/www.comfenalcovalle.com.co\/comfenalco-valle-delagente-apoya-e-incentiva-la-inclusion-laboral\/#breadcrumb\"},\"inLanguage\":\"en-US\",\"potentialAction\":[{\"@type\":\"ReadAction\",\"target\":[\"https:\/\/www.comfenalcovalle.com.co\/comfenalco-valle-delagente-apoya-e-incentiva-la-inclusion-laboral\/\"]}]},{\"@type\":\"ImageObject\",\"inLanguage\":\"en-US\",\"@id\":\"https:\/\/www.comfenalcovalle.com.co\/comfenalco-valle-delagente-apoya-e-incentiva-la-inclusion-laboral\/#primaryimage\",\"url\":\"https:\/\/test.comfenalcovalle.com.co\/wp-content\/uploads\/2024\/08\/Comfenalco-Valle-Delagente-apoya-e-incentiva-la-inclusion-laboral.png\",\"contentUrl\":\"https:\/\/test.comfenalcovalle.com.co\/wp-content\/uploads\/2024\/08\/Comfenalco-Valle-Delagente-apoya-e-incentiva-la-inclusion-laboral.png\",\"width\":656,\"height\":436,\"caption\":\"Comfenalco Valle Delagente apoya e incentiva la inclusi\u00f3n laboral\"},{\"@type\":\"BreadcrumbList\",\"@id\":\"https:\/\/www.comfenalcovalle.com.co\/comfenalco-valle-delagente-apoya-e-incentiva-la-inclusion-laboral\/#breadcrumb\",\"itemListElement\":[{\"@type\":\"ListItem\",\"position\":1,\"name\":\"Portada\",\"item\":\"https:\/\/www.comfenalcovalle.com.co\/\"},{\"@type\":\"ListItem\",\"position\":2,\"name\":\"Comfenalco Valle Delagente apoya e incentiva la inclusi\u00f3n laboral\"}]},{\"@type\":\"WebSite\",\"@id\":\"https:\/\/www.comfenalcovalle.com.co\/#website\",\"url\":\"https:\/\/www.comfenalcovalle.com.co\/\",\"name\":\"Comfenalco Valle Delagente\",\"description\":\"Caja de compensaci\u00f3n de Comfenalco Valle Delagente.\",\"publisher\":{\"@id\":\"https:\/\/www.comfenalcovalle.com.co\/#organization\"},\"potentialAction\":[{\"@type\":\"SearchAction\",\"target\":{\"@type\":\"EntryPoint\",\"urlTemplate\":\"https:\/\/www.comfenalcovalle.com.co\/?s={search_term_string}\"},\"query-input\":{\"@type\":\"PropertyValueSpecification\",\"valueRequired\":true,\"valueName\":\"search_term_string\"}}],\"inLanguage\":\"en-US\"},{\"@type\":\"Organization\",\"@id\":\"https:\/\/www.comfenalcovalle.com.co\/#organization\",\"name\":\"Comfenalco Valle Delagente\",\"url\":\"https:\/\/www.comfenalcovalle.com.co\/\",\"logo\":{\"@type\":\"ImageObject\",\"inLanguage\":\"en-US\",\"@id\":\"https:\/\/www.comfenalcovalle.com.co\/#\/schema\/logo\/image\/\",\"url\":\"https:\/\/test.comfenalcovalle.com.co\/wp-content\/uploads\/2021\/06\/logo-comfe-cabecera-agencia-empelo-actualizado.png\",\"contentUrl\":\"https:\/\/test.comfenalcovalle.com.co\/wp-content\/uploads\/2021\/06\/logo-comfe-cabecera-agencia-empelo-actualizado.png\",\"width\":500,\"height\":184,\"caption\":\"Comfenalco Valle Delagente\"},\"image\":{\"@id\":\"https:\/\/www.comfenalcovalle.com.co\/#\/schema\/logo\/image\/\"}},{\"@type\":\"Person\",\"@id\":\"https:\/\/www.comfenalcovalle.com.co\/#\/schema\/person\/d4d8bcb299f88f97b06096cf6a21cb01\",\"name\":\"Comunicaciones Comfenalco Valle delagente\",\"image\":{\"@type\":\"ImageObject\",\"inLanguage\":\"en-US\",\"@id\":\"https:\/\/www.comfenalcovalle.com.co\/#\/schema\/person\/image\/\",\"url\":\"https:\/\/secure.gravatar.com\/avatar\/d1c29eb639a137df0ac8bfec50479e8d6ef564f7320f439d9d984504359ea6ee?s=96&d=mm&r=g\",\"contentUrl\":\"https:\/\/secure.gravatar.com\/avatar\/d1c29eb639a137df0ac8bfec50479e8d6ef564f7320f439d9d984504359ea6ee?s=96&d=mm&r=g\",\"caption\":\"Comunicaciones Comfenalco Valle delagente\"},\"url\":\"https:\/\/test.comfenalcovalle.com.co\/en\/author\/comunicaciones-comfenalco-valle-delagente\/\"}]}<\/script>\n<!-- \/ Yoast SEO Premium plugin. -->","yoast_head_json":{"title":"Comfenalco Valle Delagente apoya e incentiva la inclusi\u00f3n laboral","description":"La Agencia de Empleo de la Caja de Compensaci\u00f3n Familiar Comfenalco Valle Delagente sigue trabajando para generar inclusi\u00f3n laboral.","robots":{"index":"index","follow":"follow","max-snippet":"max-snippet:-1","max-image-preview":"max-image-preview:large","max-video-preview":"max-video-preview:-1"},"canonical":"https:\/\/www.comfenalcovalle.com.co\/comfenalco-valle-delagente-apoya-e-incentiva-la-inclusion-laboral\/","og_locale":"en_US","og_type":"article","og_title":"Comfenalco Valle Delagente apoya e incentiva la inclusi\u00f3n laboral","og_description":"La Agencia de Empleo de la Caja de Compensaci\u00f3n Familiar Comfenalco Valle Delagente sigue trabajando para generar inclusi\u00f3n laboral.","og_url":"https:\/\/www.comfenalcovalle.com.co\/comfenalco-valle-delagente-apoya-e-incentiva-la-inclusion-laboral\/","og_site_name":"Comfenalco Valle Delagente","article_published_time":"2024-08-13T13:50:00+00:00","article_modified_time":"2024-08-13T22:03:58+00:00","og_image":[{"width":656,"height":436,"url":"https:\/\/www.comfenalcovalle.com.co\/wp-content\/uploads\/2024\/08\/Comfenalco-Valle-Delagente-apoya-e-incentiva-la-inclusion-laboral.png","type":"image\/png"}],"author":"Comunicaciones Comfenalco Valle delagente","twitter_card":"summary_large_image","twitter_misc":{"Written by":"Comunicaciones Comfenalco Valle delagente","Est. reading time":"2 minutes"},"schema":{"@context":"https:\/\/schema.org","@graph":[{"@type":"Article","@id":"https:\/\/www.comfenalcovalle.com.co\/comfenalco-valle-delagente-apoya-e-incentiva-la-inclusion-laboral\/#article","isPartOf":{"@id":"https:\/\/www.comfenalcovalle.com.co\/comfenalco-valle-delagente-apoya-e-incentiva-la-inclusion-laboral\/"},"author":{"name":"Comunicaciones Comfenalco Valle delagente","@id":"https:\/\/www.comfenalcovalle.com.co\/#\/schema\/person\/d4d8bcb299f88f97b06096cf6a21cb01"},"headline":"Comfenalco Valle Delagente apoya e incentiva la inclusi\u00f3n laboral","datePublished":"2024-08-13T13:50:00+00:00","dateModified":"2024-08-13T22:03:58+00:00","mainEntityOfPage":{"@id":"https:\/\/www.comfenalcovalle.com.co\/comfenalco-valle-delagente-apoya-e-incentiva-la-inclusion-laboral\/"},"wordCount":384,"publisher":{"@id":"https:\/\/www.comfenalcovalle.com.co\/#organization"},"image":{"@id":"https:\/\/www.comfenalcovalle.com.co\/comfenalco-valle-delagente-apoya-e-incentiva-la-inclusion-laboral\/#primaryimage"},"thumbnailUrl":"https:\/\/test.comfenalcovalle.com.co\/wp-content\/uploads\/2024\/08\/Comfenalco-Valle-Delagente-apoya-e-incentiva-la-inclusion-laboral.png","articleSection":["Agencia de empleo"],"inLanguage":"en-US"},{"@type":"WebPage","@id":"https:\/\/www.comfenalcovalle.com.co\/comfenalco-valle-delagente-apoya-e-incentiva-la-inclusion-laboral\/","url":"https:\/\/www.comfenalcovalle.com.co\/comfenalco-valle-delagente-apoya-e-incentiva-la-inclusion-laboral\/","name":"Comfenalco Valle Delagente apoya e incentiva la inclusi\u00f3n laboral","isPartOf":{"@id":"https:\/\/www.comfenalcovalle.com.co\/#website"},"primaryImageOfPage":{"@id":"https:\/\/www.comfenalcovalle.com.co\/comfenalco-valle-delagente-apoya-e-incentiva-la-inclusion-laboral\/#primaryimage"},"image":{"@id":"https:\/\/www.comfenalcovalle.com.co\/comfenalco-valle-delagente-apoya-e-incentiva-la-inclusion-laboral\/#primaryimage"},"thumbnailUrl":"https:\/\/test.comfenalcovalle.com.co\/wp-content\/uploads\/2024\/08\/Comfenalco-Valle-Delagente-apoya-e-incentiva-la-inclusion-laboral.png","datePublished":"2024-08-13T13:50:00+00:00","dateModified":"2024-08-13T22:03:58+00:00","description":"La Agencia de Empleo de la Caja de Compensaci\u00f3n Familiar Comfenalco Valle Delagente sigue trabajando para generar inclusi\u00f3n laboral.","breadcrumb":{"@id":"https:\/\/www.comfenalcovalle.com.co\/comfenalco-valle-delagente-apoya-e-incentiva-la-inclusion-laboral\/#breadcrumb"},"inLanguage":"en-US","potentialAction":[{"@type":"ReadAction","target":["https:\/\/www.comfenalcovalle.com.co\/comfenalco-valle-delagente-apoya-e-incentiva-la-inclusion-laboral\/"]}]},{"@type":"ImageObject","inLanguage":"en-US","@id":"https:\/\/www.comfenalcovalle.com.co\/comfenalco-valle-delagente-apoya-e-incentiva-la-inclusion-laboral\/#primaryimage","url":"https:\/\/test.comfenalcovalle.com.co\/wp-content\/uploads\/2024\/08\/Comfenalco-Valle-Delagente-apoya-e-incentiva-la-inclusion-laboral.png","contentUrl":"https:\/\/test.comfenalcovalle.com.co\/wp-content\/uploads\/2024\/08\/Comfenalco-Valle-Delagente-apoya-e-incentiva-la-inclusion-laboral.png","width":656,"height":436,"caption":"Comfenalco Valle Delagente apoya e incentiva la inclusi\u00f3n laboral"},{"@type":"BreadcrumbList","@id":"https:\/\/www.comfenalcovalle.com.co\/comfenalco-valle-delagente-apoya-e-incentiva-la-inclusion-laboral\/#breadcrumb","itemListElement":[{"@type":"ListItem","position":1,"name":"Portada","item":"https:\/\/www.comfenalcovalle.com.co\/"},{"@type":"ListItem","position":2,"name":"Comfenalco Valle Delagente apoya e incentiva la inclusi\u00f3n laboral"}]},{"@type":"WebSite","@id":"https:\/\/www.comfenalcovalle.com.co\/#website","url":"https:\/\/www.comfenalcovalle.com.co\/","name":"Comfenalco Valle Delagente","description":"Comfenalco Valle Delagente compensation fund.","publisher":{"@id":"https:\/\/www.comfenalcovalle.com.co\/#organization"},"potentialAction":[{"@type":"SearchAction","target":{"@type":"EntryPoint","urlTemplate":"https:\/\/www.comfenalcovalle.com.co\/?s={search_term_string}"},"query-input":{"@type":"PropertyValueSpecification","valueRequired":true,"valueName":"search_term_string"}}],"inLanguage":"en-US"},{"@type":"Organization","@id":"https:\/\/www.comfenalcovalle.com.co\/#organization","name":"Comfenalco Valle Delagente","url":"https:\/\/www.comfenalcovalle.com.co\/","logo":{"@type":"ImageObject","inLanguage":"en-US","@id":"https:\/\/www.comfenalcovalle.com.co\/#\/schema\/logo\/image\/","url":"https:\/\/test.comfenalcovalle.com.co\/wp-content\/uploads\/2021\/06\/logo-comfe-cabecera-agencia-empelo-actualizado.png","contentUrl":"https:\/\/test.comfenalcovalle.com.co\/wp-content\/uploads\/2021\/06\/logo-comfe-cabecera-agencia-empelo-actualizado.png","width":500,"height":184,"caption":"Comfenalco Valle Delagente"},"image":{"@id":"https:\/\/www.comfenalcovalle.com.co\/#\/schema\/logo\/image\/"}},{"@type":"Person","@id":"https:\/\/www.comfenalcovalle.com.co\/#\/schema\/person\/d4d8bcb299f88f97b06096cf6a21cb01","name":"Communications Comfenalco Valle delagente","image":{"@type":"ImageObject","inLanguage":"en-US","@id":"https:\/\/www.comfenalcovalle.com.co\/#\/schema\/person\/image\/","url":"https:\/\/secure.gravatar.com\/avatar\/d1c29eb639a137df0ac8bfec50479e8d6ef564f7320f439d9d984504359ea6ee?s=96&d=mm&r=g","contentUrl":"https:\/\/secure.gravatar.com\/avatar\/d1c29eb639a137df0ac8bfec50479e8d6ef564f7320f439d9d984504359ea6ee?s=96&d=mm&r=g","caption":"Comunicaciones Comfenalco Valle delagente"},"url":"https:\/\/test.comfenalcovalle.com.co\/en\/author\/comunicaciones-comfenalco-valle-delagente\/"}]}},"publishpress_future_action":{"enabled":false,"date":"2026-05-08 09:11:44","action":"change-status","newStatus":"draft","terms":[],"taxonomy":"category","extraData":[]},"publishpress_future_workflow_manual_trigger":{"enabledWorkflows":[]},"_links":{"self":[{"href":"https:\/\/test.comfenalcovalle.com.co\/en\/wp-json\/wp\/v2\/posts\/641612","targetHints":{"allow":["GET"]}}],"collection":[{"href":"https:\/\/test.comfenalcovalle.com.co\/en\/wp-json\/wp\/v2\/posts"}],"about":[{"href":"https:\/\/test.comfenalcovalle.com.co\/en\/wp-json\/wp\/v2\/types\/post"}],"author":[{"embeddable":true,"href":"https:\/\/test.comfenalcovalle.com.co\/en\/wp-json\/wp\/v2\/users\/6"}],"replies":[{"embeddable":true,"href":"https:\/\/test.comfenalcovalle.com.co\/en\/wp-json\/wp\/v2\/comments?post=641612"}],"version-history":[{"count":0,"href":"https:\/\/test.comfenalcovalle.com.co\/en\/wp-json\/wp\/v2\/posts\/641612\/revisions"}],"wp:featuredmedia":[{"embeddable":true,"href":"https:\/\/test.comfenalcovalle.com.co\/en\/wp-json\/wp\/v2\/media\/641615"}],"wp:attachment":[{"href":"https:\/\/test.comfenalcovalle.com.co\/en\/wp-json\/wp\/v2\/media?parent=641612"}],"wp:term":[{"taxonomy":"category","embeddable":true,"href":"https:\/\/test.comfenalcovalle.com.co\/en\/wp-json\/wp\/v2\/categories?post=641612"},{"taxonomy":"post_tag","embeddable":true,"href":"https:\/\/test.comfenalcovalle.com.co\/en\/wp-json\/wp\/v2\/tags?post=641612"}],"curies":[{"name":"wp","href":"https:\/\/api.w.org\/{rel}","templated":true}]}}