{"id":637532,"date":"2024-07-09T08:50:39","date_gmt":"2024-07-09T13:50:39","guid":{"rendered":"https:\/\/test.comfenalcovalle.com.co\/?p=637532"},"modified":"2024-08-13T10:07:58","modified_gmt":"2024-08-13T15:07:58","slug":"en-el-valle-del-cauca-las-mujeres-siguen-ampliando-sus-espacios-laborales","status":"publish","type":"post","link":"https:\/\/test.comfenalcovalle.com.co\/en\/en-el-valle-del-cauca-las-mujeres-siguen-ampliando-sus-espacios-laborales\/","title":{"rendered":"En el Valle del Cauca, las mujeres siguen ampliando sus espacios laborales"},"content":{"rendered":"<p>Las mujeres vallecaucanas contin\u00faan abriendo espacios laborales en las diferentes empresas de la regi\u00f3n. A corte de mayo 31 del 2024, catorce (14) talentosas j\u00f3venes, reci\u00e9n egresadas del servicio militar, sin experiencia previa, ya cuentan con un empleo formal, gracias al programa de vinculaci\u00f3n laboral que se desarrolla entre la Agencia de Empleo de Comfenalco Valle Delagente y las Fuerzas Militares.<\/p>\n\n\n\n<p>Con el trabajo conjunto entre la Agencia de Empleo de Comfenalco Valle Delagente, las Fuerzas Militares y las diferentes empresas de la regi\u00f3n, la Caja de Compensaci\u00f3n Familiar sigue implementando acciones contundentes para disminuir la brecha del desempleo femenino en la regi\u00f3n. Las contrataciones recientes son una muestra de que, cada d\u00eda, se fortalece m\u00e1s la inclusi\u00f3n de mujeres a los diferentes \u00e1mbitos laborales, en los que antes, solo era bien recibida la presencia de hombres.<\/p>\n\n\n\n<p>La alianza con las Fuerzas Militares inici\u00f3 desde mayo de 2022 y, a la fecha, ha beneficiado con oportunidades laborales a m\u00e1s de 300 j\u00f3venes bachilleres reci\u00e9n egresados del&nbsp;servicio militar (Polic\u00eda Nacional, Ej\u00e9rcito Nacional y Fuerza A\u00e9rea).<\/p>\n\n\n\n<p>\u201cComfenalco Valle Delagente nos ofert\u00f3 las vacantes que ten\u00edan y seg\u00fan el perfil que vieron en cada uno de nosotros, nos fueron orientando para que consigui\u00e9ramos el empleo. Las personas que no hayan conseguido empleo, les recomiendo estas jornadas de la Caja de Compensaci\u00f3n Familiar\u201d indic\u00f3 Yanexy Quimbaya, beneficiada del programa.<\/p>\n\n\n\n<p>Gracias a la implementaci\u00f3n de esta iniciativa, se espera mitigar los efectos del desempleo que podr\u00edan enfrentar los soldados bachilleres reci\u00e9n egresados de prestar el servicio militar y facilitar la reinserci\u00f3n de esta poblaci\u00f3n cesante en el mercado laboral para su primer empleo en condiciones de dignidad, mejoramiento de la calidad de vida, permanencia y formalizaci\u00f3n laboral (Ley 1636 del 2013).<\/p>\n\n\n\n<p>Durante la vigencia de esta alianza se han generado oportunidades de empleo para los j\u00f3venes, en ofertas sin experiencia laboral y programas de gobierno. Dentro de los sectores productivos participantes est\u00e1n: industrial, seguridad, log\u00edstica y BPO. Las empresas vallecaucanas que han abierto sus puertas a estos j\u00f3venes son: Seguridad Fortox, Seguridad Omega, Seguridad Atlas, Seguridad Eurovic, Seguridad N\u00e1poles, Listos, Servientrega, Dar Ayuda, Copidrogas, T y S, Transprensa, Global Marketing y N\u00e1poles, entre otras.<\/p>\n\n\n\n<p><strong>Comfenalco Valle Delagente&nbsp;<\/strong><br><strong>Family Compensation Fund of Valle del Cauca.<\/strong><\/p>","protected":false},"excerpt":{"rendered":"<p>Las mujeres vallecaucanas contin\u00faan abriendo espacios laborales en las diferentes empresas de la regi\u00f3n. A corte de mayo 31 del 2024, catorce (14) talentosas j\u00f3venes, reci\u00e9n egresadas del servicio militar, sin experiencia previa, ya cuentan con un empleo formal, gracias al programa de vinculaci\u00f3n laboral que se desarrolla entre la Agencia de Empleo de Comfenalco [&hellip;]<\/p>","protected":false},"author":6,"featured_media":637535,"comment_status":"closed","ping_status":"closed","sticky":false,"template":"","format":"standard","meta":{"footnotes":""},"categories":[73],"tags":[],"class_list":["post-637532","post","type-post","status-publish","format-standard","has-post-thumbnail","hentry","category-agencia-de-empleo"],"yoast_head":"<!-- This site is optimized with the Yoast SEO Premium plugin v25.9 (Yoast SEO v25.9) - https:\/\/yoast.com\/wordpress\/plugins\/seo\/ -->\n<title>Las mujeres siguen ampliando sus espacios laborales<\/title>\n<meta name=\"description\" content=\"Las mujeres vallecaucanas contin\u00faan abriendo espacios laborales en las diferentes empresas de la regi\u00f3n del Valle del Cauca.\" \/>\n<meta name=\"robots\" content=\"index, follow, max-snippet:-1, max-image-preview:large, max-video-preview:-1\" \/>\n<link rel=\"canonical\" href=\"https:\/\/www.comfenalcovalle.com.co\/en-el-valle-del-cauca-las-mujeres-siguen-ampliando-sus-espacios-laborales\/\" \/>\n<meta property=\"og:locale\" content=\"en_US\" \/>\n<meta property=\"og:type\" content=\"article\" \/>\n<meta property=\"og:title\" content=\"En el Valle del Cauca, las mujeres siguen ampliando sus espacios laborales\" \/>\n<meta property=\"og:description\" content=\"Las mujeres vallecaucanas contin\u00faan abriendo espacios laborales en las diferentes empresas de la regi\u00f3n del Valle del Cauca.\" \/>\n<meta property=\"og:url\" content=\"https:\/\/www.comfenalcovalle.com.co\/en-el-valle-del-cauca-las-mujeres-siguen-ampliando-sus-espacios-laborales\/\" \/>\n<meta property=\"og:site_name\" content=\"Comfenalco Valle Delagente\" \/>\n<meta property=\"article:published_time\" content=\"2024-07-09T13:50:39+00:00\" \/>\n<meta property=\"article:modified_time\" content=\"2024-08-13T15:07:58+00:00\" \/>\n<meta property=\"og:image\" content=\"https:\/\/www.comfenalcovalle.com.co\/wp-content\/uploads\/2024\/07\/empleo-mujeres-buenaventura-fuerzas-armadas-scaled.jpg\" \/>\n\t<meta property=\"og:image:width\" content=\"1280\" \/>\n\t<meta property=\"og:image:height\" content=\"720\" \/>\n\t<meta property=\"og:image:type\" content=\"image\/jpeg\" \/>\n<meta name=\"author\" content=\"Comunicaciones Comfenalco Valle delagente\" \/>\n<meta name=\"twitter:card\" content=\"summary_large_image\" \/>\n<meta name=\"twitter:label1\" content=\"Written by\" \/>\n\t<meta name=\"twitter:data1\" content=\"Comunicaciones Comfenalco Valle delagente\" \/>\n\t<meta name=\"twitter:label2\" content=\"Est. reading time\" \/>\n\t<meta name=\"twitter:data2\" content=\"2 minutes\" \/>\n<script type=\"application\/ld+json\" class=\"yoast-schema-graph\">{\"@context\":\"https:\/\/schema.org\",\"@graph\":[{\"@type\":\"Article\",\"@id\":\"https:\/\/www.comfenalcovalle.com.co\/en-el-valle-del-cauca-las-mujeres-siguen-ampliando-sus-espacios-laborales\/#article\",\"isPartOf\":{\"@id\":\"https:\/\/www.comfenalcovalle.com.co\/en-el-valle-del-cauca-las-mujeres-siguen-ampliando-sus-espacios-laborales\/\"},\"author\":{\"name\":\"Comunicaciones Comfenalco Valle delagente\",\"@id\":\"https:\/\/www.comfenalcovalle.com.co\/#\/schema\/person\/d4d8bcb299f88f97b06096cf6a21cb01\"},\"headline\":\"En el Valle del Cauca, las mujeres siguen ampliando sus espacios laborales\",\"datePublished\":\"2024-07-09T13:50:39+00:00\",\"dateModified\":\"2024-08-13T15:07:58+00:00\",\"mainEntityOfPage\":{\"@id\":\"https:\/\/www.comfenalcovalle.com.co\/en-el-valle-del-cauca-las-mujeres-siguen-ampliando-sus-espacios-laborales\/\"},\"wordCount\":412,\"publisher\":{\"@id\":\"https:\/\/www.comfenalcovalle.com.co\/#organization\"},\"image\":{\"@id\":\"https:\/\/www.comfenalcovalle.com.co\/en-el-valle-del-cauca-las-mujeres-siguen-ampliando-sus-espacios-laborales\/#primaryimage\"},\"thumbnailUrl\":\"https:\/\/test.comfenalcovalle.com.co\/wp-content\/uploads\/2024\/07\/empleo-mujeres-buenaventura-fuerzas-armadas-scaled.jpg\",\"articleSection\":[\"Agencia de empleo\"],\"inLanguage\":\"en-US\"},{\"@type\":\"WebPage\",\"@id\":\"https:\/\/www.comfenalcovalle.com.co\/en-el-valle-del-cauca-las-mujeres-siguen-ampliando-sus-espacios-laborales\/\",\"url\":\"https:\/\/www.comfenalcovalle.com.co\/en-el-valle-del-cauca-las-mujeres-siguen-ampliando-sus-espacios-laborales\/\",\"name\":\"Las mujeres siguen ampliando sus espacios laborales\",\"isPartOf\":{\"@id\":\"https:\/\/www.comfenalcovalle.com.co\/#website\"},\"primaryImageOfPage\":{\"@id\":\"https:\/\/www.comfenalcovalle.com.co\/en-el-valle-del-cauca-las-mujeres-siguen-ampliando-sus-espacios-laborales\/#primaryimage\"},\"image\":{\"@id\":\"https:\/\/www.comfenalcovalle.com.co\/en-el-valle-del-cauca-las-mujeres-siguen-ampliando-sus-espacios-laborales\/#primaryimage\"},\"thumbnailUrl\":\"https:\/\/test.comfenalcovalle.com.co\/wp-content\/uploads\/2024\/07\/empleo-mujeres-buenaventura-fuerzas-armadas-scaled.jpg\",\"datePublished\":\"2024-07-09T13:50:39+00:00\",\"dateModified\":\"2024-08-13T15:07:58+00:00\",\"description\":\"Las mujeres vallecaucanas contin\u00faan abriendo espacios laborales en las diferentes empresas de la regi\u00f3n del Valle del Cauca.\",\"breadcrumb\":{\"@id\":\"https:\/\/www.comfenalcovalle.com.co\/en-el-valle-del-cauca-las-mujeres-siguen-ampliando-sus-espacios-laborales\/#breadcrumb\"},\"inLanguage\":\"en-US\",\"potentialAction\":[{\"@type\":\"ReadAction\",\"target\":[\"https:\/\/www.comfenalcovalle.com.co\/en-el-valle-del-cauca-las-mujeres-siguen-ampliando-sus-espacios-laborales\/\"]}]},{\"@type\":\"ImageObject\",\"inLanguage\":\"en-US\",\"@id\":\"https:\/\/www.comfenalcovalle.com.co\/en-el-valle-del-cauca-las-mujeres-siguen-ampliando-sus-espacios-laborales\/#primaryimage\",\"url\":\"https:\/\/test.comfenalcovalle.com.co\/wp-content\/uploads\/2024\/07\/empleo-mujeres-buenaventura-fuerzas-armadas-scaled.jpg\",\"contentUrl\":\"https:\/\/test.comfenalcovalle.com.co\/wp-content\/uploads\/2024\/07\/empleo-mujeres-buenaventura-fuerzas-armadas-scaled.jpg\",\"width\":1280,\"height\":720,\"caption\":\"empleo mujeres buenaventura fuerzas armadas\"},{\"@type\":\"BreadcrumbList\",\"@id\":\"https:\/\/www.comfenalcovalle.com.co\/en-el-valle-del-cauca-las-mujeres-siguen-ampliando-sus-espacios-laborales\/#breadcrumb\",\"itemListElement\":[{\"@type\":\"ListItem\",\"position\":1,\"name\":\"Portada\",\"item\":\"https:\/\/www.comfenalcovalle.com.co\/\"},{\"@type\":\"ListItem\",\"position\":2,\"name\":\"En el Valle del Cauca, las mujeres siguen ampliando sus espacios laborales\"}]},{\"@type\":\"WebSite\",\"@id\":\"https:\/\/www.comfenalcovalle.com.co\/#website\",\"url\":\"https:\/\/www.comfenalcovalle.com.co\/\",\"name\":\"Comfenalco Valle Delagente\",\"description\":\"Caja de compensaci\u00f3n de Comfenalco Valle Delagente.\",\"publisher\":{\"@id\":\"https:\/\/www.comfenalcovalle.com.co\/#organization\"},\"potentialAction\":[{\"@type\":\"SearchAction\",\"target\":{\"@type\":\"EntryPoint\",\"urlTemplate\":\"https:\/\/www.comfenalcovalle.com.co\/?s={search_term_string}\"},\"query-input\":{\"@type\":\"PropertyValueSpecification\",\"valueRequired\":true,\"valueName\":\"search_term_string\"}}],\"inLanguage\":\"en-US\"},{\"@type\":\"Organization\",\"@id\":\"https:\/\/www.comfenalcovalle.com.co\/#organization\",\"name\":\"Comfenalco Valle Delagente\",\"url\":\"https:\/\/www.comfenalcovalle.com.co\/\",\"logo\":{\"@type\":\"ImageObject\",\"inLanguage\":\"en-US\",\"@id\":\"https:\/\/www.comfenalcovalle.com.co\/#\/schema\/logo\/image\/\",\"url\":\"https:\/\/test.comfenalcovalle.com.co\/wp-content\/uploads\/2021\/06\/logo-comfe-cabecera-agencia-empelo-actualizado.png\",\"contentUrl\":\"https:\/\/test.comfenalcovalle.com.co\/wp-content\/uploads\/2021\/06\/logo-comfe-cabecera-agencia-empelo-actualizado.png\",\"width\":500,\"height\":184,\"caption\":\"Comfenalco Valle Delagente\"},\"image\":{\"@id\":\"https:\/\/www.comfenalcovalle.com.co\/#\/schema\/logo\/image\/\"}},{\"@type\":\"Person\",\"@id\":\"https:\/\/www.comfenalcovalle.com.co\/#\/schema\/person\/d4d8bcb299f88f97b06096cf6a21cb01\",\"name\":\"Comunicaciones Comfenalco Valle delagente\",\"image\":{\"@type\":\"ImageObject\",\"inLanguage\":\"en-US\",\"@id\":\"https:\/\/www.comfenalcovalle.com.co\/#\/schema\/person\/image\/\",\"url\":\"https:\/\/secure.gravatar.com\/avatar\/d1c29eb639a137df0ac8bfec50479e8d6ef564f7320f439d9d984504359ea6ee?s=96&d=mm&r=g\",\"contentUrl\":\"https:\/\/secure.gravatar.com\/avatar\/d1c29eb639a137df0ac8bfec50479e8d6ef564f7320f439d9d984504359ea6ee?s=96&d=mm&r=g\",\"caption\":\"Comunicaciones Comfenalco Valle delagente\"},\"url\":\"https:\/\/test.comfenalcovalle.com.co\/en\/author\/comunicaciones-comfenalco-valle-delagente\/\"}]}<\/script>\n<!-- \/ Yoast SEO Premium plugin. -->","yoast_head_json":{"title":"Las mujeres siguen ampliando sus espacios laborales","description":"Las mujeres vallecaucanas contin\u00faan abriendo espacios laborales en las diferentes empresas de la regi\u00f3n del Valle del Cauca.","robots":{"index":"index","follow":"follow","max-snippet":"max-snippet:-1","max-image-preview":"max-image-preview:large","max-video-preview":"max-video-preview:-1"},"canonical":"https:\/\/www.comfenalcovalle.com.co\/en-el-valle-del-cauca-las-mujeres-siguen-ampliando-sus-espacios-laborales\/","og_locale":"en_US","og_type":"article","og_title":"En el Valle del Cauca, las mujeres siguen ampliando sus espacios laborales","og_description":"Las mujeres vallecaucanas contin\u00faan abriendo espacios laborales en las diferentes empresas de la regi\u00f3n del Valle del Cauca.","og_url":"https:\/\/www.comfenalcovalle.com.co\/en-el-valle-del-cauca-las-mujeres-siguen-ampliando-sus-espacios-laborales\/","og_site_name":"Comfenalco Valle Delagente","article_published_time":"2024-07-09T13:50:39+00:00","article_modified_time":"2024-08-13T15:07:58+00:00","og_image":[{"width":1280,"height":720,"url":"https:\/\/www.comfenalcovalle.com.co\/wp-content\/uploads\/2024\/07\/empleo-mujeres-buenaventura-fuerzas-armadas-scaled.jpg","type":"image\/jpeg"}],"author":"Comunicaciones Comfenalco Valle delagente","twitter_card":"summary_large_image","twitter_misc":{"Written by":"Comunicaciones Comfenalco Valle delagente","Est. reading time":"2 minutes"},"schema":{"@context":"https:\/\/schema.org","@graph":[{"@type":"Article","@id":"https:\/\/www.comfenalcovalle.com.co\/en-el-valle-del-cauca-las-mujeres-siguen-ampliando-sus-espacios-laborales\/#article","isPartOf":{"@id":"https:\/\/www.comfenalcovalle.com.co\/en-el-valle-del-cauca-las-mujeres-siguen-ampliando-sus-espacios-laborales\/"},"author":{"name":"Comunicaciones Comfenalco Valle delagente","@id":"https:\/\/www.comfenalcovalle.com.co\/#\/schema\/person\/d4d8bcb299f88f97b06096cf6a21cb01"},"headline":"En el Valle del Cauca, las mujeres siguen ampliando sus espacios laborales","datePublished":"2024-07-09T13:50:39+00:00","dateModified":"2024-08-13T15:07:58+00:00","mainEntityOfPage":{"@id":"https:\/\/www.comfenalcovalle.com.co\/en-el-valle-del-cauca-las-mujeres-siguen-ampliando-sus-espacios-laborales\/"},"wordCount":412,"publisher":{"@id":"https:\/\/www.comfenalcovalle.com.co\/#organization"},"image":{"@id":"https:\/\/www.comfenalcovalle.com.co\/en-el-valle-del-cauca-las-mujeres-siguen-ampliando-sus-espacios-laborales\/#primaryimage"},"thumbnailUrl":"https:\/\/test.comfenalcovalle.com.co\/wp-content\/uploads\/2024\/07\/empleo-mujeres-buenaventura-fuerzas-armadas-scaled.jpg","articleSection":["Agencia de empleo"],"inLanguage":"en-US"},{"@type":"WebPage","@id":"https:\/\/www.comfenalcovalle.com.co\/en-el-valle-del-cauca-las-mujeres-siguen-ampliando-sus-espacios-laborales\/","url":"https:\/\/www.comfenalcovalle.com.co\/en-el-valle-del-cauca-las-mujeres-siguen-ampliando-sus-espacios-laborales\/","name":"Las mujeres siguen ampliando sus espacios laborales","isPartOf":{"@id":"https:\/\/www.comfenalcovalle.com.co\/#website"},"primaryImageOfPage":{"@id":"https:\/\/www.comfenalcovalle.com.co\/en-el-valle-del-cauca-las-mujeres-siguen-ampliando-sus-espacios-laborales\/#primaryimage"},"image":{"@id":"https:\/\/www.comfenalcovalle.com.co\/en-el-valle-del-cauca-las-mujeres-siguen-ampliando-sus-espacios-laborales\/#primaryimage"},"thumbnailUrl":"https:\/\/test.comfenalcovalle.com.co\/wp-content\/uploads\/2024\/07\/empleo-mujeres-buenaventura-fuerzas-armadas-scaled.jpg","datePublished":"2024-07-09T13:50:39+00:00","dateModified":"2024-08-13T15:07:58+00:00","description":"Las mujeres vallecaucanas contin\u00faan abriendo espacios laborales en las diferentes empresas de la regi\u00f3n del Valle del Cauca.","breadcrumb":{"@id":"https:\/\/www.comfenalcovalle.com.co\/en-el-valle-del-cauca-las-mujeres-siguen-ampliando-sus-espacios-laborales\/#breadcrumb"},"inLanguage":"en-US","potentialAction":[{"@type":"ReadAction","target":["https:\/\/www.comfenalcovalle.com.co\/en-el-valle-del-cauca-las-mujeres-siguen-ampliando-sus-espacios-laborales\/"]}]},{"@type":"ImageObject","inLanguage":"en-US","@id":"https:\/\/www.comfenalcovalle.com.co\/en-el-valle-del-cauca-las-mujeres-siguen-ampliando-sus-espacios-laborales\/#primaryimage","url":"https:\/\/test.comfenalcovalle.com.co\/wp-content\/uploads\/2024\/07\/empleo-mujeres-buenaventura-fuerzas-armadas-scaled.jpg","contentUrl":"https:\/\/test.comfenalcovalle.com.co\/wp-content\/uploads\/2024\/07\/empleo-mujeres-buenaventura-fuerzas-armadas-scaled.jpg","width":1280,"height":720,"caption":"empleo mujeres buenaventura fuerzas armadas"},{"@type":"BreadcrumbList","@id":"https:\/\/www.comfenalcovalle.com.co\/en-el-valle-del-cauca-las-mujeres-siguen-ampliando-sus-espacios-laborales\/#breadcrumb","itemListElement":[{"@type":"ListItem","position":1,"name":"Portada","item":"https:\/\/www.comfenalcovalle.com.co\/"},{"@type":"ListItem","position":2,"name":"En el Valle del Cauca, las mujeres siguen ampliando sus espacios laborales"}]},{"@type":"WebSite","@id":"https:\/\/www.comfenalcovalle.com.co\/#website","url":"https:\/\/www.comfenalcovalle.com.co\/","name":"Comfenalco Valle Delagente","description":"Comfenalco Valle Delagente compensation fund.","publisher":{"@id":"https:\/\/www.comfenalcovalle.com.co\/#organization"},"potentialAction":[{"@type":"SearchAction","target":{"@type":"EntryPoint","urlTemplate":"https:\/\/www.comfenalcovalle.com.co\/?s={search_term_string}"},"query-input":{"@type":"PropertyValueSpecification","valueRequired":true,"valueName":"search_term_string"}}],"inLanguage":"en-US"},{"@type":"Organization","@id":"https:\/\/www.comfenalcovalle.com.co\/#organization","name":"Comfenalco Valle Delagente","url":"https:\/\/www.comfenalcovalle.com.co\/","logo":{"@type":"ImageObject","inLanguage":"en-US","@id":"https:\/\/www.comfenalcovalle.com.co\/#\/schema\/logo\/image\/","url":"https:\/\/test.comfenalcovalle.com.co\/wp-content\/uploads\/2021\/06\/logo-comfe-cabecera-agencia-empelo-actualizado.png","contentUrl":"https:\/\/test.comfenalcovalle.com.co\/wp-content\/uploads\/2021\/06\/logo-comfe-cabecera-agencia-empelo-actualizado.png","width":500,"height":184,"caption":"Comfenalco Valle Delagente"},"image":{"@id":"https:\/\/www.comfenalcovalle.com.co\/#\/schema\/logo\/image\/"}},{"@type":"Person","@id":"https:\/\/www.comfenalcovalle.com.co\/#\/schema\/person\/d4d8bcb299f88f97b06096cf6a21cb01","name":"Communications Comfenalco Valle delagente","image":{"@type":"ImageObject","inLanguage":"en-US","@id":"https:\/\/www.comfenalcovalle.com.co\/#\/schema\/person\/image\/","url":"https:\/\/secure.gravatar.com\/avatar\/d1c29eb639a137df0ac8bfec50479e8d6ef564f7320f439d9d984504359ea6ee?s=96&d=mm&r=g","contentUrl":"https:\/\/secure.gravatar.com\/avatar\/d1c29eb639a137df0ac8bfec50479e8d6ef564f7320f439d9d984504359ea6ee?s=96&d=mm&r=g","caption":"Comunicaciones Comfenalco Valle delagente"},"url":"https:\/\/test.comfenalcovalle.com.co\/en\/author\/comunicaciones-comfenalco-valle-delagente\/"}]}},"publishpress_future_action":{"enabled":false,"date":"2026-05-10 05:04:04","action":"change-status","newStatus":"draft","terms":[],"taxonomy":"category","extraData":[]},"publishpress_future_workflow_manual_trigger":{"enabledWorkflows":[]},"_links":{"self":[{"href":"https:\/\/test.comfenalcovalle.com.co\/en\/wp-json\/wp\/v2\/posts\/637532","targetHints":{"allow":["GET"]}}],"collection":[{"href":"https:\/\/test.comfenalcovalle.com.co\/en\/wp-json\/wp\/v2\/posts"}],"about":[{"href":"https:\/\/test.comfenalcovalle.com.co\/en\/wp-json\/wp\/v2\/types\/post"}],"author":[{"embeddable":true,"href":"https:\/\/test.comfenalcovalle.com.co\/en\/wp-json\/wp\/v2\/users\/6"}],"replies":[{"embeddable":true,"href":"https:\/\/test.comfenalcovalle.com.co\/en\/wp-json\/wp\/v2\/comments?post=637532"}],"version-history":[{"count":0,"href":"https:\/\/test.comfenalcovalle.com.co\/en\/wp-json\/wp\/v2\/posts\/637532\/revisions"}],"wp:featuredmedia":[{"embeddable":true,"href":"https:\/\/test.comfenalcovalle.com.co\/en\/wp-json\/wp\/v2\/media\/637535"}],"wp:attachment":[{"href":"https:\/\/test.comfenalcovalle.com.co\/en\/wp-json\/wp\/v2\/media?parent=637532"}],"wp:term":[{"taxonomy":"category","embeddable":true,"href":"https:\/\/test.comfenalcovalle.com.co\/en\/wp-json\/wp\/v2\/categories?post=637532"},{"taxonomy":"post_tag","embeddable":true,"href":"https:\/\/test.comfenalcovalle.com.co\/en\/wp-json\/wp\/v2\/tags?post=637532"}],"curies":[{"name":"wp","href":"https:\/\/api.w.org\/{rel}","templated":true}]}}