{"id":637134,"date":"2024-07-02T08:00:54","date_gmt":"2024-07-02T13:00:54","guid":{"rendered":"https:\/\/test.comfenalcovalle.com.co\/?p=637134"},"modified":"2024-07-03T08:53:51","modified_gmt":"2024-07-03T13:53:51","slug":"mi-montana-mi-vida-cortometraje-vallecaucano-nominado-a-conexcine","status":"publish","type":"post","link":"https:\/\/test.comfenalcovalle.com.co\/en\/mi-montana-mi-vida-cortometraje-vallecaucano-nominado-a-conexcine\/","title":{"rendered":"\u201cMi monta\u00f1a, mi vida\u201d, cortometraje vallecaucano nominado a Conexcine"},"content":{"rendered":"<p>En el primer festival audiovisual de Fedecajas, Conexine, que se llevar\u00e1 a cabo del 12 al 16 de julio Villavicencio, Meta, est\u00e1 nominado el cortometraje <strong>\u201cMi monta\u00f1a, mi vida\u201d. <\/strong>&nbsp;<\/p>\n\n\n\n<p>Esta propuesta audiovisual est\u00e1 dirigida por el realizador audiovisual cale\u00f1o, <strong>Juan Andr\u00e9s Pel\u00e1ez Botero, <\/strong>quien actualmente hace parte del equipo de Asuntos Corporativos de la Caja de Compensaci\u00f3n Familiar Comfenalco Valle Delagente.&nbsp;<\/p>\n\n\n\n<p>En este conmovedor cortometraje de 5 minutos, el director logra que los espectadores sean testigos de la vida de Elodia Mart\u00ednez, una valiente mujer originaria del Tambo, Cauca; que desde su infancia enfrent\u00f3 los desplazamientos y la violencia que azotan su regi\u00f3n.<\/p>\n\n\n\n<p>A pesar de los desaf\u00edos, Elodia encuentra refugio y felicidad en las monta\u00f1as del corregimiento La Elsa, Valle del Cauca; un entorno natural, donde puede ser ella misma y encontrar la paz. All\u00ed, en medio de la naturaleza, ella cultiva bananos, pl\u00e1tanos y una variedad de frutas y verduras para su consumo y venta, lo que le permite subsistir de manera independiente y aut\u00f3noma.<\/p>\n\n\n\n<p><strong>Datos del Director<\/strong><\/p>\n\n\n\n<p>Juan Andr\u00e9s Pel\u00e1ez es ingeniero multimedia de la Universidad San Buenaventura de Cali y cuenta con m\u00e1s de 5 a\u00f1os de experiencia en la producci\u00f3n audiovisual. Actualmente se desempe\u00f1a como realizador audiovisual de Comfenalco Valle Delagente.<\/p>\n\n\n\n<p><strong>\u00bfQu\u00e9 es Conexcine?<\/strong><strong><\/strong><\/p>\n\n\n\n<p>Es un evento cultural y audiovisual organizado por la Federaci\u00f3n Nacional de Cajas de Compensaci\u00f3n FEDECAJAS, con el objetivo de servir como puente e instrumento social para conectar a las comunidades en el territorio nacional con el medio audiovisual.<\/p>\n\n\n\n<p>En esta primera versi\u00f3n, Conexcine reunir\u00e1 a 28 departamentos, m\u00e1s de 400 participantes, 45 cortometrajes postulados en las categor\u00edas escolar, nacional y profesional con la participaci\u00f3n de m\u00e1s de 31 Cajas de Compensaci\u00f3n Familiar, para narrar historias del territorio enfocadas en destacar y visibilizar la diversidad de nuestro pa\u00eds.<\/p>\n\n\n\n<p>Conexcine es un festival con prop\u00f3sito itinerante que se propone recorrer el pa\u00eds con la construcci\u00f3n de un tejido social a trav\u00e9s de la cultura, rompiendo as\u00ed las barreras entre afiliados y no afiliados en las comunidades donde tienen presencia las Cajas de Compensaci\u00f3n Familiar.<\/p>\n\n\n\n<figure class=\"wp-block-embed is-type-video is-provider-youtube wp-block-embed-youtube wp-embed-aspect-16-9 wp-has-aspect-ratio\"><div class=\"wp-block-embed__wrapper\">\n<iframe title=\"Mi montan\u0303a, mi vida - Cortometraje \/ Juan Andr\u00e9s Pelaez Botero\" width=\"800\" height=\"450\" data-src=\"https:\/\/www.youtube.com\/embed\/XtNwBOz56hE?feature=oembed\" frameborder=\"0\" allow=\"accelerometer; autoplay; clipboard-write; encrypted-media; gyroscope; picture-in-picture; web-share\" referrerpolicy=\"strict-origin-when-cross-origin\" allowfullscreen src=\"data:image\/svg+xml;base64,PHN2ZyB3aWR0aD0iMSIgaGVpZ2h0PSIxIiB4bWxucz0iaHR0cDovL3d3dy53My5vcmcvMjAwMC9zdmciPjwvc3ZnPg==\" class=\"lazyload\" data-load-mode=\"1\"><\/iframe>\n<\/div><\/figure>\n\n\n\n<p><strong>Informaci\u00f3n sobre el Festival<\/strong><\/p>\n\n\n\n<p>Para mayor informaci\u00f3n pueden consultar:<\/p>\n\n\n\n<ul class=\"wp-block-list\">\n<li><a href=\"https:\/\/www.fedecajas.com\/conexcine\" target=\"_blank\" rel=\"noreferrer noopener\"><strong>https:\/\/www.fedecajas.com\/conexcine<\/strong><\/a><\/li>\n<\/ul>\n\n\n\n<p><br><strong>Comfenalco Valle Delagente.<\/strong><br><strong>Family Compensation Fund of Valle del Cauca.<\/strong><\/p>","protected":false},"excerpt":{"rendered":"<p>En el primer festival audiovisual de Fedecajas, Conexine, que se llevar\u00e1 a cabo del 12 al 16 de julio Villavicencio, Meta, est\u00e1 nominado el cortometraje \u201cMi monta\u00f1a, mi vida\u201d. &nbsp; Esta propuesta audiovisual est\u00e1 dirigida por el realizador audiovisual cale\u00f1o, Juan Andr\u00e9s Pel\u00e1ez Botero, quien actualmente hace parte del equipo de Asuntos Corporativos de la [&hellip;]<\/p>","protected":false},"author":6,"featured_media":637138,"comment_status":"closed","ping_status":"closed","sticky":false,"template":"","format":"standard","meta":{"footnotes":""},"categories":[72],"tags":[],"class_list":["post-637134","post","type-post","status-publish","format-standard","has-post-thumbnail","hentry","category-corporativo"],"yoast_head":"<!-- This site is optimized with the Yoast SEO Premium plugin v25.9 (Yoast SEO v25.9) - https:\/\/yoast.com\/wordpress\/plugins\/seo\/ -->\n<title>Cortometraje vallecaucano nominado a Conexcine<\/title>\n<meta name=\"description\" content=\"En el primer festival audiovisual de Fedecajas, Conexine, est\u00e1 nominado el cortometraje vallecaucano \u201cMi monta\u00f1a, mi vida\u201d.\" \/>\n<meta name=\"robots\" content=\"index, follow, max-snippet:-1, max-image-preview:large, max-video-preview:-1\" \/>\n<link rel=\"canonical\" href=\"https:\/\/www.comfenalcovalle.com.co\/mi-montana-mi-vida-cortometraje-vallecaucano-nominado-a-conexcine\/\" \/>\n<meta property=\"og:locale\" content=\"en_US\" \/>\n<meta property=\"og:type\" content=\"article\" \/>\n<meta property=\"og:title\" content=\"\u201cMi monta\u00f1a, mi vida\u201d, cortometraje vallecaucano nominado a Conexcine\" \/>\n<meta property=\"og:description\" content=\"En el primer festival audiovisual de Fedecajas, Conexine, est\u00e1 nominado el cortometraje vallecaucano \u201cMi monta\u00f1a, mi vida\u201d.\" \/>\n<meta property=\"og:url\" content=\"https:\/\/www.comfenalcovalle.com.co\/mi-montana-mi-vida-cortometraje-vallecaucano-nominado-a-conexcine\/\" \/>\n<meta property=\"og:site_name\" content=\"Comfenalco Valle Delagente\" \/>\n<meta property=\"article:published_time\" content=\"2024-07-02T13:00:54+00:00\" \/>\n<meta property=\"article:modified_time\" content=\"2024-07-03T13:53:51+00:00\" \/>\n<meta property=\"og:image\" content=\"https:\/\/www.comfenalcovalle.com.co\/wp-content\/uploads\/2024\/07\/Afiche-cortometraje.jpg\" \/>\n\t<meta property=\"og:image:width\" content=\"1080\" \/>\n\t<meta property=\"og:image:height\" content=\"1080\" \/>\n\t<meta property=\"og:image:type\" content=\"image\/jpeg\" \/>\n<meta name=\"author\" content=\"Comunicaciones Comfenalco Valle delagente\" \/>\n<meta name=\"twitter:card\" content=\"summary_large_image\" \/>\n<meta name=\"twitter:label1\" content=\"Written by\" \/>\n\t<meta name=\"twitter:data1\" content=\"Comunicaciones Comfenalco Valle delagente\" \/>\n\t<meta name=\"twitter:label2\" content=\"Est. reading time\" \/>\n\t<meta name=\"twitter:data2\" content=\"2 minutes\" \/>\n<script type=\"application\/ld+json\" class=\"yoast-schema-graph\">{\"@context\":\"https:\/\/schema.org\",\"@graph\":[{\"@type\":\"Article\",\"@id\":\"https:\/\/www.comfenalcovalle.com.co\/mi-montana-mi-vida-cortometraje-vallecaucano-nominado-a-conexcine\/#article\",\"isPartOf\":{\"@id\":\"https:\/\/www.comfenalcovalle.com.co\/mi-montana-mi-vida-cortometraje-vallecaucano-nominado-a-conexcine\/\"},\"author\":{\"name\":\"Comunicaciones Comfenalco Valle delagente\",\"@id\":\"https:\/\/www.comfenalcovalle.com.co\/#\/schema\/person\/d4d8bcb299f88f97b06096cf6a21cb01\"},\"headline\":\"\u201cMi monta\u00f1a, mi vida\u201d, cortometraje vallecaucano nominado a Conexcine\",\"datePublished\":\"2024-07-02T13:00:54+00:00\",\"dateModified\":\"2024-07-03T13:53:51+00:00\",\"mainEntityOfPage\":{\"@id\":\"https:\/\/www.comfenalcovalle.com.co\/mi-montana-mi-vida-cortometraje-vallecaucano-nominado-a-conexcine\/\"},\"wordCount\":413,\"publisher\":{\"@id\":\"https:\/\/www.comfenalcovalle.com.co\/#organization\"},\"image\":{\"@id\":\"https:\/\/www.comfenalcovalle.com.co\/mi-montana-mi-vida-cortometraje-vallecaucano-nominado-a-conexcine\/#primaryimage\"},\"thumbnailUrl\":\"https:\/\/test.comfenalcovalle.com.co\/wp-content\/uploads\/2024\/07\/Afiche-cortometraje.jpg\",\"articleSection\":[\"Corporativo\"],\"inLanguage\":\"en-US\"},{\"@type\":\"WebPage\",\"@id\":\"https:\/\/www.comfenalcovalle.com.co\/mi-montana-mi-vida-cortometraje-vallecaucano-nominado-a-conexcine\/\",\"url\":\"https:\/\/www.comfenalcovalle.com.co\/mi-montana-mi-vida-cortometraje-vallecaucano-nominado-a-conexcine\/\",\"name\":\"Cortometraje vallecaucano nominado a Conexcine\",\"isPartOf\":{\"@id\":\"https:\/\/www.comfenalcovalle.com.co\/#website\"},\"primaryImageOfPage\":{\"@id\":\"https:\/\/www.comfenalcovalle.com.co\/mi-montana-mi-vida-cortometraje-vallecaucano-nominado-a-conexcine\/#primaryimage\"},\"image\":{\"@id\":\"https:\/\/www.comfenalcovalle.com.co\/mi-montana-mi-vida-cortometraje-vallecaucano-nominado-a-conexcine\/#primaryimage\"},\"thumbnailUrl\":\"https:\/\/test.comfenalcovalle.com.co\/wp-content\/uploads\/2024\/07\/Afiche-cortometraje.jpg\",\"datePublished\":\"2024-07-02T13:00:54+00:00\",\"dateModified\":\"2024-07-03T13:53:51+00:00\",\"description\":\"En el primer festival audiovisual de Fedecajas, Conexine, est\u00e1 nominado el cortometraje vallecaucano \u201cMi monta\u00f1a, mi vida\u201d.\",\"breadcrumb\":{\"@id\":\"https:\/\/www.comfenalcovalle.com.co\/mi-montana-mi-vida-cortometraje-vallecaucano-nominado-a-conexcine\/#breadcrumb\"},\"inLanguage\":\"en-US\",\"potentialAction\":[{\"@type\":\"ReadAction\",\"target\":[\"https:\/\/www.comfenalcovalle.com.co\/mi-montana-mi-vida-cortometraje-vallecaucano-nominado-a-conexcine\/\"]}]},{\"@type\":\"ImageObject\",\"inLanguage\":\"en-US\",\"@id\":\"https:\/\/www.comfenalcovalle.com.co\/mi-montana-mi-vida-cortometraje-vallecaucano-nominado-a-conexcine\/#primaryimage\",\"url\":\"https:\/\/test.comfenalcovalle.com.co\/wp-content\/uploads\/2024\/07\/Afiche-cortometraje.jpg\",\"contentUrl\":\"https:\/\/test.comfenalcovalle.com.co\/wp-content\/uploads\/2024\/07\/Afiche-cortometraje.jpg\",\"width\":1080,\"height\":1080,\"caption\":\"Afiche cortometraje\"},{\"@type\":\"BreadcrumbList\",\"@id\":\"https:\/\/www.comfenalcovalle.com.co\/mi-montana-mi-vida-cortometraje-vallecaucano-nominado-a-conexcine\/#breadcrumb\",\"itemListElement\":[{\"@type\":\"ListItem\",\"position\":1,\"name\":\"Portada\",\"item\":\"https:\/\/www.comfenalcovalle.com.co\/\"},{\"@type\":\"ListItem\",\"position\":2,\"name\":\"\u201cMi monta\u00f1a, mi vida\u201d, cortometraje vallecaucano nominado a Conexcine\"}]},{\"@type\":\"WebSite\",\"@id\":\"https:\/\/www.comfenalcovalle.com.co\/#website\",\"url\":\"https:\/\/www.comfenalcovalle.com.co\/\",\"name\":\"Comfenalco Valle Delagente\",\"description\":\"Caja de compensaci\u00f3n de Comfenalco Valle Delagente.\",\"publisher\":{\"@id\":\"https:\/\/www.comfenalcovalle.com.co\/#organization\"},\"potentialAction\":[{\"@type\":\"SearchAction\",\"target\":{\"@type\":\"EntryPoint\",\"urlTemplate\":\"https:\/\/www.comfenalcovalle.com.co\/?s={search_term_string}\"},\"query-input\":{\"@type\":\"PropertyValueSpecification\",\"valueRequired\":true,\"valueName\":\"search_term_string\"}}],\"inLanguage\":\"en-US\"},{\"@type\":\"Organization\",\"@id\":\"https:\/\/www.comfenalcovalle.com.co\/#organization\",\"name\":\"Comfenalco Valle Delagente\",\"url\":\"https:\/\/www.comfenalcovalle.com.co\/\",\"logo\":{\"@type\":\"ImageObject\",\"inLanguage\":\"en-US\",\"@id\":\"https:\/\/www.comfenalcovalle.com.co\/#\/schema\/logo\/image\/\",\"url\":\"https:\/\/test.comfenalcovalle.com.co\/wp-content\/uploads\/2021\/06\/logo-comfe-cabecera-agencia-empelo-actualizado.png\",\"contentUrl\":\"https:\/\/test.comfenalcovalle.com.co\/wp-content\/uploads\/2021\/06\/logo-comfe-cabecera-agencia-empelo-actualizado.png\",\"width\":500,\"height\":184,\"caption\":\"Comfenalco Valle Delagente\"},\"image\":{\"@id\":\"https:\/\/www.comfenalcovalle.com.co\/#\/schema\/logo\/image\/\"}},{\"@type\":\"Person\",\"@id\":\"https:\/\/www.comfenalcovalle.com.co\/#\/schema\/person\/d4d8bcb299f88f97b06096cf6a21cb01\",\"name\":\"Comunicaciones Comfenalco Valle delagente\",\"image\":{\"@type\":\"ImageObject\",\"inLanguage\":\"en-US\",\"@id\":\"https:\/\/www.comfenalcovalle.com.co\/#\/schema\/person\/image\/\",\"url\":\"https:\/\/secure.gravatar.com\/avatar\/d1c29eb639a137df0ac8bfec50479e8d6ef564f7320f439d9d984504359ea6ee?s=96&d=mm&r=g\",\"contentUrl\":\"https:\/\/secure.gravatar.com\/avatar\/d1c29eb639a137df0ac8bfec50479e8d6ef564f7320f439d9d984504359ea6ee?s=96&d=mm&r=g\",\"caption\":\"Comunicaciones Comfenalco Valle delagente\"},\"url\":\"https:\/\/test.comfenalcovalle.com.co\/en\/author\/comunicaciones-comfenalco-valle-delagente\/\"}]}<\/script>\n<!-- \/ Yoast SEO Premium plugin. -->","yoast_head_json":{"title":"Cortometraje vallecaucano nominado a Conexcine","description":"En el primer festival audiovisual de Fedecajas, Conexine, est\u00e1 nominado el cortometraje vallecaucano \u201cMi monta\u00f1a, mi vida\u201d.","robots":{"index":"index","follow":"follow","max-snippet":"max-snippet:-1","max-image-preview":"max-image-preview:large","max-video-preview":"max-video-preview:-1"},"canonical":"https:\/\/www.comfenalcovalle.com.co\/mi-montana-mi-vida-cortometraje-vallecaucano-nominado-a-conexcine\/","og_locale":"en_US","og_type":"article","og_title":"\u201cMi monta\u00f1a, mi vida\u201d, cortometraje vallecaucano nominado a Conexcine","og_description":"En el primer festival audiovisual de Fedecajas, Conexine, est\u00e1 nominado el cortometraje vallecaucano \u201cMi monta\u00f1a, mi vida\u201d.","og_url":"https:\/\/www.comfenalcovalle.com.co\/mi-montana-mi-vida-cortometraje-vallecaucano-nominado-a-conexcine\/","og_site_name":"Comfenalco Valle Delagente","article_published_time":"2024-07-02T13:00:54+00:00","article_modified_time":"2024-07-03T13:53:51+00:00","og_image":[{"width":1080,"height":1080,"url":"https:\/\/www.comfenalcovalle.com.co\/wp-content\/uploads\/2024\/07\/Afiche-cortometraje.jpg","type":"image\/jpeg"}],"author":"Comunicaciones Comfenalco Valle delagente","twitter_card":"summary_large_image","twitter_misc":{"Written by":"Comunicaciones Comfenalco Valle delagente","Est. reading time":"2 minutes"},"schema":{"@context":"https:\/\/schema.org","@graph":[{"@type":"Article","@id":"https:\/\/www.comfenalcovalle.com.co\/mi-montana-mi-vida-cortometraje-vallecaucano-nominado-a-conexcine\/#article","isPartOf":{"@id":"https:\/\/www.comfenalcovalle.com.co\/mi-montana-mi-vida-cortometraje-vallecaucano-nominado-a-conexcine\/"},"author":{"name":"Comunicaciones Comfenalco Valle delagente","@id":"https:\/\/www.comfenalcovalle.com.co\/#\/schema\/person\/d4d8bcb299f88f97b06096cf6a21cb01"},"headline":"\u201cMi monta\u00f1a, mi vida\u201d, cortometraje vallecaucano nominado a Conexcine","datePublished":"2024-07-02T13:00:54+00:00","dateModified":"2024-07-03T13:53:51+00:00","mainEntityOfPage":{"@id":"https:\/\/www.comfenalcovalle.com.co\/mi-montana-mi-vida-cortometraje-vallecaucano-nominado-a-conexcine\/"},"wordCount":413,"publisher":{"@id":"https:\/\/www.comfenalcovalle.com.co\/#organization"},"image":{"@id":"https:\/\/www.comfenalcovalle.com.co\/mi-montana-mi-vida-cortometraje-vallecaucano-nominado-a-conexcine\/#primaryimage"},"thumbnailUrl":"https:\/\/test.comfenalcovalle.com.co\/wp-content\/uploads\/2024\/07\/Afiche-cortometraje.jpg","articleSection":["Corporativo"],"inLanguage":"en-US"},{"@type":"WebPage","@id":"https:\/\/www.comfenalcovalle.com.co\/mi-montana-mi-vida-cortometraje-vallecaucano-nominado-a-conexcine\/","url":"https:\/\/www.comfenalcovalle.com.co\/mi-montana-mi-vida-cortometraje-vallecaucano-nominado-a-conexcine\/","name":"Cortometraje vallecaucano nominado a Conexcine","isPartOf":{"@id":"https:\/\/www.comfenalcovalle.com.co\/#website"},"primaryImageOfPage":{"@id":"https:\/\/www.comfenalcovalle.com.co\/mi-montana-mi-vida-cortometraje-vallecaucano-nominado-a-conexcine\/#primaryimage"},"image":{"@id":"https:\/\/www.comfenalcovalle.com.co\/mi-montana-mi-vida-cortometraje-vallecaucano-nominado-a-conexcine\/#primaryimage"},"thumbnailUrl":"https:\/\/test.comfenalcovalle.com.co\/wp-content\/uploads\/2024\/07\/Afiche-cortometraje.jpg","datePublished":"2024-07-02T13:00:54+00:00","dateModified":"2024-07-03T13:53:51+00:00","description":"En el primer festival audiovisual de Fedecajas, Conexine, est\u00e1 nominado el cortometraje vallecaucano \u201cMi monta\u00f1a, mi vida\u201d.","breadcrumb":{"@id":"https:\/\/www.comfenalcovalle.com.co\/mi-montana-mi-vida-cortometraje-vallecaucano-nominado-a-conexcine\/#breadcrumb"},"inLanguage":"en-US","potentialAction":[{"@type":"ReadAction","target":["https:\/\/www.comfenalcovalle.com.co\/mi-montana-mi-vida-cortometraje-vallecaucano-nominado-a-conexcine\/"]}]},{"@type":"ImageObject","inLanguage":"en-US","@id":"https:\/\/www.comfenalcovalle.com.co\/mi-montana-mi-vida-cortometraje-vallecaucano-nominado-a-conexcine\/#primaryimage","url":"https:\/\/test.comfenalcovalle.com.co\/wp-content\/uploads\/2024\/07\/Afiche-cortometraje.jpg","contentUrl":"https:\/\/test.comfenalcovalle.com.co\/wp-content\/uploads\/2024\/07\/Afiche-cortometraje.jpg","width":1080,"height":1080,"caption":"Afiche cortometraje"},{"@type":"BreadcrumbList","@id":"https:\/\/www.comfenalcovalle.com.co\/mi-montana-mi-vida-cortometraje-vallecaucano-nominado-a-conexcine\/#breadcrumb","itemListElement":[{"@type":"ListItem","position":1,"name":"Portada","item":"https:\/\/www.comfenalcovalle.com.co\/"},{"@type":"ListItem","position":2,"name":"\u201cMi monta\u00f1a, mi vida\u201d, cortometraje vallecaucano nominado a Conexcine"}]},{"@type":"WebSite","@id":"https:\/\/www.comfenalcovalle.com.co\/#website","url":"https:\/\/www.comfenalcovalle.com.co\/","name":"Comfenalco Valle Delagente","description":"Comfenalco Valle Delagente compensation fund.","publisher":{"@id":"https:\/\/www.comfenalcovalle.com.co\/#organization"},"potentialAction":[{"@type":"SearchAction","target":{"@type":"EntryPoint","urlTemplate":"https:\/\/www.comfenalcovalle.com.co\/?s={search_term_string}"},"query-input":{"@type":"PropertyValueSpecification","valueRequired":true,"valueName":"search_term_string"}}],"inLanguage":"en-US"},{"@type":"Organization","@id":"https:\/\/www.comfenalcovalle.com.co\/#organization","name":"Comfenalco Valle Delagente","url":"https:\/\/www.comfenalcovalle.com.co\/","logo":{"@type":"ImageObject","inLanguage":"en-US","@id":"https:\/\/www.comfenalcovalle.com.co\/#\/schema\/logo\/image\/","url":"https:\/\/test.comfenalcovalle.com.co\/wp-content\/uploads\/2021\/06\/logo-comfe-cabecera-agencia-empelo-actualizado.png","contentUrl":"https:\/\/test.comfenalcovalle.com.co\/wp-content\/uploads\/2021\/06\/logo-comfe-cabecera-agencia-empelo-actualizado.png","width":500,"height":184,"caption":"Comfenalco Valle Delagente"},"image":{"@id":"https:\/\/www.comfenalcovalle.com.co\/#\/schema\/logo\/image\/"}},{"@type":"Person","@id":"https:\/\/www.comfenalcovalle.com.co\/#\/schema\/person\/d4d8bcb299f88f97b06096cf6a21cb01","name":"Communications Comfenalco Valle delagente","image":{"@type":"ImageObject","inLanguage":"en-US","@id":"https:\/\/www.comfenalcovalle.com.co\/#\/schema\/person\/image\/","url":"https:\/\/secure.gravatar.com\/avatar\/d1c29eb639a137df0ac8bfec50479e8d6ef564f7320f439d9d984504359ea6ee?s=96&d=mm&r=g","contentUrl":"https:\/\/secure.gravatar.com\/avatar\/d1c29eb639a137df0ac8bfec50479e8d6ef564f7320f439d9d984504359ea6ee?s=96&d=mm&r=g","caption":"Comunicaciones Comfenalco Valle delagente"},"url":"https:\/\/test.comfenalcovalle.com.co\/en\/author\/comunicaciones-comfenalco-valle-delagente\/"}]}},"publishpress_future_action":{"enabled":false,"date":"2026-05-08 12:44:31","action":"change-status","newStatus":"draft","terms":[],"taxonomy":"category","extraData":[]},"publishpress_future_workflow_manual_trigger":{"enabledWorkflows":[]},"_links":{"self":[{"href":"https:\/\/test.comfenalcovalle.com.co\/en\/wp-json\/wp\/v2\/posts\/637134","targetHints":{"allow":["GET"]}}],"collection":[{"href":"https:\/\/test.comfenalcovalle.com.co\/en\/wp-json\/wp\/v2\/posts"}],"about":[{"href":"https:\/\/test.comfenalcovalle.com.co\/en\/wp-json\/wp\/v2\/types\/post"}],"author":[{"embeddable":true,"href":"https:\/\/test.comfenalcovalle.com.co\/en\/wp-json\/wp\/v2\/users\/6"}],"replies":[{"embeddable":true,"href":"https:\/\/test.comfenalcovalle.com.co\/en\/wp-json\/wp\/v2\/comments?post=637134"}],"version-history":[{"count":0,"href":"https:\/\/test.comfenalcovalle.com.co\/en\/wp-json\/wp\/v2\/posts\/637134\/revisions"}],"wp:featuredmedia":[{"embeddable":true,"href":"https:\/\/test.comfenalcovalle.com.co\/en\/wp-json\/wp\/v2\/media\/637138"}],"wp:attachment":[{"href":"https:\/\/test.comfenalcovalle.com.co\/en\/wp-json\/wp\/v2\/media?parent=637134"}],"wp:term":[{"taxonomy":"category","embeddable":true,"href":"https:\/\/test.comfenalcovalle.com.co\/en\/wp-json\/wp\/v2\/categories?post=637134"},{"taxonomy":"post_tag","embeddable":true,"href":"https:\/\/test.comfenalcovalle.com.co\/en\/wp-json\/wp\/v2\/tags?post=637134"}],"curies":[{"name":"wp","href":"https:\/\/api.w.org\/{rel}","templated":true}]}}