{"id":635224,"date":"2024-06-04T15:05:49","date_gmt":"2024-06-04T20:05:49","guid":{"rendered":"https:\/\/test.comfenalcovalle.com.co\/?p=635224"},"modified":"2024-06-11T10:29:07","modified_gmt":"2024-06-11T15:29:07","slug":"educacion-para-el-trabajo-en-modalidad-dual-un-nuevo-enfoque-formativo-para-el-fomento-de-las-empresas-de-colombia","status":"publish","type":"post","link":"https:\/\/test.comfenalcovalle.com.co\/en\/educacion-para-el-trabajo-en-modalidad-dual-un-nuevo-enfoque-formativo-para-el-fomento-de-las-empresas-de-colombia\/","title":{"rendered":"Educaci\u00f3n para el trabajo en modalidad dual, nuevo enfoque para el fomento de las empresas"},"content":{"rendered":"<p><strong>Educaci\u00f3n para el trabajo en modalidad dual: Un nuevo enfoque formativo para el fomento de las empresas de Colombia<\/strong><\/p>\n\n\n\n<p>Un nuevo programa de formaci\u00f3n Dual denominado T\u00e9cnico Avanzado en Coordinaci\u00f3n Administrativa, ofrece el <a href=\"https:\/\/pec-educacion.edu.co\/\" target=\"_blank\" rel=\"noreferrer noopener\">PEC Agent<\/a>. En esta modalidad el estudiante inicia su pr\u00e1ctica laboral pagada por la empresa desde el primer d\u00eda de clases, el estudiante practicante se vincula a trav\u00e9s de contratos de aprendizaje.<\/p>\n\n\n\n<p>Con este sistema se busca, que, desde el primer d\u00eda, el estudiante reciba clases magistrales en la instituci\u00f3n educativa, a la vez que realiza su pr\u00e1ctica laboral pagada en la empresa patrocinadora. Tambi\u00e9n tiene como fin brindar formaci\u00f3n de alta pertinencia, que responda a las necesidades de la regi\u00f3n y del pa\u00eds; as\u00ed como permitir al estudiante adquirir experiencia laboral antes de culminar su formaci\u00f3n acad\u00e9mica.<\/p>\n\n\n\n<p>Para las empresas, esta tambi\u00e9n representa una excelente opci\u00f3n, pues le brindan est\u00edmulos tributarios por vinculaci\u00f3n de estudiantes en pr\u00e1ctica a trav\u00e9s de contratos de aprendizaje.<\/p>\n\n\n\n<p>Este programa de T\u00e9cnico Avanzado en Coordinaci\u00f3n Administrativa \u2013 Modalidad Dual, contempla actividades transversales a todas las \u00e1reas espec\u00edficas de la administraci\u00f3n como la supervisi\u00f3n, gesti\u00f3n, comunicaci\u00f3n, organizaci\u00f3n y planificaci\u00f3n, tareas que permiten el logro de los objetivos y metas institucionales.<\/p>\n\n\n\n<p>El programa tiene una duraci\u00f3n de dos a\u00f1os, emulando el \u00e9xito conseguido en pa\u00edses como Alemania, Suiza, Austria y Francia, naciones donde el impacto ha sido significativo en la reducci\u00f3n de las tasas de desempleo y el aumento en la productividad de las empresas.<\/p>\n\n\n\n<p>Dentro de los beneficios m\u00e1s relevantes de esta modalidad se cuenta que mejora la productividad de los procesos de la empresa, as\u00ed como las competencias y habilidades espec\u00edficas de acuerdo con el rol de cada trabajador. Aqu\u00ed, las oportunidades de desarrollo profesional son grandes, a tal punto que el T\u00e9cnico Avanzado puede llegar a ocupar cargos de Coordinaci\u00f3n en los distintos procesos de las organizaciones, adem\u00e1s de tener la posibilidad de emprender y desarrollar su propia idea de negocio.<\/p>\n\n\n\n<p>En Colombia, este tipo de formaci\u00f3n ya cuenta con m\u00e1s de 400 empresas vinculadas como co &#8211; formadoras y 14 programas t\u00e9cnicos de formaci\u00f3n que han derivado en m\u00e1s de 1.300 proyectos anuales de mejora empresarial, destacando el modelo implementado por Nestl\u00e9 quien, gracias a la alianza con los Ministerios de Trabajo, Educaci\u00f3n, Comercio Industria y Turismo y Embajada Suiza, han permitido acercar a m\u00e1s de 200 j\u00f3venes al mercado laboral colombiano.<\/p>\n\n\n\n<p>Esta nueva modalidad ofrece la calidad caracter\u00edstica de todos los <a href=\"https:\/\/test.comfenalcovalle.com.co\/en\/personas\/educacion-y-cultura\/pec-delagente\/\">programas T\u00e9cnicos<\/a> ofertados por el PEC Delagente, que est\u00e1n encaminados a la mejora continua y a la satisfacci\u00f3n de las necesidades y expectativas del sector productivo, adaptando sus programas y curr\u00edculos a los constantes cambios del entorno empresarial de la regi\u00f3n y del pa\u00eds.<\/p>\n\n\n\n<p><strong>Comfenalco Valle Delangete<\/strong><br><strong>Family Compensation Fund.<\/strong><\/p>\n\n\n\n<div class=\"wp-block-columns is-layout-flex wp-container-core-columns-is-layout-9d6595d7 wp-block-columns-is-layout-flex\">\n<div class=\"wp-block-column is-layout-flow wp-block-column-is-layout-flow\" style=\"flex-basis:25%\"><\/div>\n\n\n\n<div class=\"wp-block-column is-layout-flow wp-block-column-is-layout-flow\" style=\"flex-basis:50%\">\n<figure class=\"wp-block-image size-large\"><img fetchpriority=\"high\" decoding=\"async\" width=\"1024\" height=\"576\" src=\"https:\/\/test.comfenalcovalle.com.co\/wp-content\/uploads\/2024\/06\/educacion-1024x576.png\" alt=\"\" class=\"wp-image-635228\" srcset=\"https:\/\/test.comfenalcovalle.com.co\/wp-content\/uploads\/2024\/06\/educacion-1024x576.png 1024w, https:\/\/test.comfenalcovalle.com.co\/wp-content\/uploads\/2024\/06\/educacion-300x169.png 300w, https:\/\/test.comfenalcovalle.com.co\/wp-content\/uploads\/2024\/06\/educacion-768x432.png 768w, https:\/\/test.comfenalcovalle.com.co\/wp-content\/uploads\/2024\/06\/educacion-18x10.png 18w, https:\/\/test.comfenalcovalle.com.co\/wp-content\/uploads\/2024\/06\/educacion.png 1280w\" sizes=\"(max-width: 1024px) 100vw, 1024px\" \/><\/figure>\n<\/div>\n\n\n\n<div class=\"wp-block-column is-layout-flow wp-block-column-is-layout-flow\" style=\"flex-basis:25%\"><\/div>\n<\/div>","protected":false},"excerpt":{"rendered":"<p>Educaci\u00f3n para el trabajo en modalidad dual: Un nuevo enfoque formativo para el fomento de las empresas de Colombia Un nuevo programa de formaci\u00f3n Dual denominado T\u00e9cnico Avanzado en Coordinaci\u00f3n Administrativa, ofrece el PEC Delagente. En esta modalidad el estudiante inicia su pr\u00e1ctica laboral pagada por la empresa desde el primer d\u00eda de clases, el [&hellip;]<\/p>","protected":false},"author":6,"featured_media":635227,"comment_status":"closed","ping_status":"closed","sticky":false,"template":"","format":"standard","meta":{"footnotes":""},"categories":[14],"tags":[],"class_list":["post-635224","post","type-post","status-publish","format-standard","has-post-thumbnail","hentry","category-educacion"],"yoast_head":"<!-- This site is optimized with the Yoast SEO Premium plugin v25.9 (Yoast SEO v25.9) - https:\/\/yoast.com\/wordpress\/plugins\/seo\/ -->\n<title>Educaci\u00f3n para el trabajo en modalidad dual, un nuevo enfoque<\/title>\n<meta name=\"description\" content=\"Educaci\u00f3n para el trabajo en modalidad dual: Un nuevo enfoque formativo para el fomento de las empresas de Colombia\" \/>\n<meta name=\"robots\" content=\"index, follow, max-snippet:-1, max-image-preview:large, max-video-preview:-1\" \/>\n<link rel=\"canonical\" href=\"https:\/\/www.comfenalcovalle.com.co\/educacion-para-el-trabajo-en-modalidad-dual-un-nuevo-enfoque-formativo-para-el-fomento-de-las-empresas-de-colombia\/\" \/>\n<meta property=\"og:locale\" content=\"en_US\" \/>\n<meta property=\"og:type\" content=\"article\" \/>\n<meta property=\"og:title\" content=\"Educaci\u00f3n para el trabajo en modalidad dual, nuevo enfoque para el fomento de las empresas\" \/>\n<meta property=\"og:description\" content=\"Educaci\u00f3n para el trabajo en modalidad dual: Un nuevo enfoque formativo para el fomento de las empresas de Colombia\" \/>\n<meta property=\"og:url\" content=\"https:\/\/www.comfenalcovalle.com.co\/educacion-para-el-trabajo-en-modalidad-dual-un-nuevo-enfoque-formativo-para-el-fomento-de-las-empresas-de-colombia\/\" \/>\n<meta property=\"og:site_name\" content=\"Comfenalco Valle Delagente\" \/>\n<meta property=\"article:published_time\" content=\"2024-06-04T20:05:49+00:00\" \/>\n<meta property=\"article:modified_time\" content=\"2024-06-11T15:29:07+00:00\" \/>\n<meta property=\"og:image\" content=\"https:\/\/www.comfenalcovalle.com.co\/wp-content\/uploads\/2024\/06\/PEC.png\" \/>\n\t<meta property=\"og:image:width\" content=\"1280\" \/>\n\t<meta property=\"og:image:height\" content=\"720\" \/>\n\t<meta property=\"og:image:type\" content=\"image\/png\" \/>\n<meta name=\"author\" content=\"Comunicaciones Comfenalco Valle delagente\" \/>\n<meta name=\"twitter:card\" content=\"summary_large_image\" \/>\n<meta name=\"twitter:label1\" content=\"Written by\" \/>\n\t<meta name=\"twitter:data1\" content=\"Comunicaciones Comfenalco Valle delagente\" \/>\n\t<meta name=\"twitter:label2\" content=\"Est. reading time\" \/>\n\t<meta name=\"twitter:data2\" content=\"3 minutes\" \/>\n<script type=\"application\/ld+json\" class=\"yoast-schema-graph\">{\"@context\":\"https:\/\/schema.org\",\"@graph\":[{\"@type\":\"Article\",\"@id\":\"https:\/\/www.comfenalcovalle.com.co\/educacion-para-el-trabajo-en-modalidad-dual-un-nuevo-enfoque-formativo-para-el-fomento-de-las-empresas-de-colombia\/#article\",\"isPartOf\":{\"@id\":\"https:\/\/www.comfenalcovalle.com.co\/educacion-para-el-trabajo-en-modalidad-dual-un-nuevo-enfoque-formativo-para-el-fomento-de-las-empresas-de-colombia\/\"},\"author\":{\"name\":\"Comunicaciones Comfenalco Valle delagente\",\"@id\":\"https:\/\/www.comfenalcovalle.com.co\/#\/schema\/person\/d4d8bcb299f88f97b06096cf6a21cb01\"},\"headline\":\"Educaci\u00f3n para el trabajo en modalidad dual, nuevo enfoque para el fomento de las empresas\",\"datePublished\":\"2024-06-04T20:05:49+00:00\",\"dateModified\":\"2024-06-11T15:29:07+00:00\",\"mainEntityOfPage\":{\"@id\":\"https:\/\/www.comfenalcovalle.com.co\/educacion-para-el-trabajo-en-modalidad-dual-un-nuevo-enfoque-formativo-para-el-fomento-de-las-empresas-de-colombia\/\"},\"wordCount\":521,\"publisher\":{\"@id\":\"https:\/\/www.comfenalcovalle.com.co\/#organization\"},\"image\":{\"@id\":\"https:\/\/www.comfenalcovalle.com.co\/educacion-para-el-trabajo-en-modalidad-dual-un-nuevo-enfoque-formativo-para-el-fomento-de-las-empresas-de-colombia\/#primaryimage\"},\"thumbnailUrl\":\"https:\/\/test.comfenalcovalle.com.co\/wp-content\/uploads\/2024\/06\/PEC.png\",\"articleSection\":[\"Educaci\u00f3n\"],\"inLanguage\":\"en-US\"},{\"@type\":\"WebPage\",\"@id\":\"https:\/\/www.comfenalcovalle.com.co\/educacion-para-el-trabajo-en-modalidad-dual-un-nuevo-enfoque-formativo-para-el-fomento-de-las-empresas-de-colombia\/\",\"url\":\"https:\/\/www.comfenalcovalle.com.co\/educacion-para-el-trabajo-en-modalidad-dual-un-nuevo-enfoque-formativo-para-el-fomento-de-las-empresas-de-colombia\/\",\"name\":\"Educaci\u00f3n para el trabajo en modalidad dual, un nuevo enfoque\",\"isPartOf\":{\"@id\":\"https:\/\/www.comfenalcovalle.com.co\/#website\"},\"primaryImageOfPage\":{\"@id\":\"https:\/\/www.comfenalcovalle.com.co\/educacion-para-el-trabajo-en-modalidad-dual-un-nuevo-enfoque-formativo-para-el-fomento-de-las-empresas-de-colombia\/#primaryimage\"},\"image\":{\"@id\":\"https:\/\/www.comfenalcovalle.com.co\/educacion-para-el-trabajo-en-modalidad-dual-un-nuevo-enfoque-formativo-para-el-fomento-de-las-empresas-de-colombia\/#primaryimage\"},\"thumbnailUrl\":\"https:\/\/test.comfenalcovalle.com.co\/wp-content\/uploads\/2024\/06\/PEC.png\",\"datePublished\":\"2024-06-04T20:05:49+00:00\",\"dateModified\":\"2024-06-11T15:29:07+00:00\",\"description\":\"Educaci\u00f3n para el trabajo en modalidad dual: Un nuevo enfoque formativo para el fomento de las empresas de Colombia\",\"breadcrumb\":{\"@id\":\"https:\/\/www.comfenalcovalle.com.co\/educacion-para-el-trabajo-en-modalidad-dual-un-nuevo-enfoque-formativo-para-el-fomento-de-las-empresas-de-colombia\/#breadcrumb\"},\"inLanguage\":\"en-US\",\"potentialAction\":[{\"@type\":\"ReadAction\",\"target\":[\"https:\/\/www.comfenalcovalle.com.co\/educacion-para-el-trabajo-en-modalidad-dual-un-nuevo-enfoque-formativo-para-el-fomento-de-las-empresas-de-colombia\/\"]}]},{\"@type\":\"ImageObject\",\"inLanguage\":\"en-US\",\"@id\":\"https:\/\/www.comfenalcovalle.com.co\/educacion-para-el-trabajo-en-modalidad-dual-un-nuevo-enfoque-formativo-para-el-fomento-de-las-empresas-de-colombia\/#primaryimage\",\"url\":\"https:\/\/test.comfenalcovalle.com.co\/wp-content\/uploads\/2024\/06\/PEC.png\",\"contentUrl\":\"https:\/\/test.comfenalcovalle.com.co\/wp-content\/uploads\/2024\/06\/PEC.png\",\"width\":1280,\"height\":720,\"caption\":\"Educaci\u00f3n para el trabajo en modalidad dual: Un nuevo enfoque formativo para el fomento de las empresas de Colombia\"},{\"@type\":\"BreadcrumbList\",\"@id\":\"https:\/\/www.comfenalcovalle.com.co\/educacion-para-el-trabajo-en-modalidad-dual-un-nuevo-enfoque-formativo-para-el-fomento-de-las-empresas-de-colombia\/#breadcrumb\",\"itemListElement\":[{\"@type\":\"ListItem\",\"position\":1,\"name\":\"Portada\",\"item\":\"https:\/\/www.comfenalcovalle.com.co\/\"},{\"@type\":\"ListItem\",\"position\":2,\"name\":\"Educaci\u00f3n para el trabajo en modalidad dual, nuevo enfoque para el fomento de las empresas\"}]},{\"@type\":\"WebSite\",\"@id\":\"https:\/\/www.comfenalcovalle.com.co\/#website\",\"url\":\"https:\/\/www.comfenalcovalle.com.co\/\",\"name\":\"Comfenalco Valle Delagente\",\"description\":\"Caja de compensaci\u00f3n de Comfenalco Valle Delagente.\",\"publisher\":{\"@id\":\"https:\/\/www.comfenalcovalle.com.co\/#organization\"},\"potentialAction\":[{\"@type\":\"SearchAction\",\"target\":{\"@type\":\"EntryPoint\",\"urlTemplate\":\"https:\/\/www.comfenalcovalle.com.co\/?s={search_term_string}\"},\"query-input\":{\"@type\":\"PropertyValueSpecification\",\"valueRequired\":true,\"valueName\":\"search_term_string\"}}],\"inLanguage\":\"en-US\"},{\"@type\":\"Organization\",\"@id\":\"https:\/\/www.comfenalcovalle.com.co\/#organization\",\"name\":\"Comfenalco Valle Delagente\",\"url\":\"https:\/\/www.comfenalcovalle.com.co\/\",\"logo\":{\"@type\":\"ImageObject\",\"inLanguage\":\"en-US\",\"@id\":\"https:\/\/www.comfenalcovalle.com.co\/#\/schema\/logo\/image\/\",\"url\":\"https:\/\/test.comfenalcovalle.com.co\/wp-content\/uploads\/2021\/06\/logo-comfe-cabecera-agencia-empelo-actualizado.png\",\"contentUrl\":\"https:\/\/test.comfenalcovalle.com.co\/wp-content\/uploads\/2021\/06\/logo-comfe-cabecera-agencia-empelo-actualizado.png\",\"width\":500,\"height\":184,\"caption\":\"Comfenalco Valle Delagente\"},\"image\":{\"@id\":\"https:\/\/www.comfenalcovalle.com.co\/#\/schema\/logo\/image\/\"}},{\"@type\":\"Person\",\"@id\":\"https:\/\/www.comfenalcovalle.com.co\/#\/schema\/person\/d4d8bcb299f88f97b06096cf6a21cb01\",\"name\":\"Comunicaciones Comfenalco Valle delagente\",\"image\":{\"@type\":\"ImageObject\",\"inLanguage\":\"en-US\",\"@id\":\"https:\/\/www.comfenalcovalle.com.co\/#\/schema\/person\/image\/\",\"url\":\"https:\/\/secure.gravatar.com\/avatar\/d1c29eb639a137df0ac8bfec50479e8d6ef564f7320f439d9d984504359ea6ee?s=96&d=mm&r=g\",\"contentUrl\":\"https:\/\/secure.gravatar.com\/avatar\/d1c29eb639a137df0ac8bfec50479e8d6ef564f7320f439d9d984504359ea6ee?s=96&d=mm&r=g\",\"caption\":\"Comunicaciones Comfenalco Valle delagente\"},\"url\":\"https:\/\/test.comfenalcovalle.com.co\/en\/author\/comunicaciones-comfenalco-valle-delagente\/\"}]}<\/script>\n<!-- \/ Yoast SEO Premium plugin. -->","yoast_head_json":{"title":"Educaci\u00f3n para el trabajo en modalidad dual, un nuevo enfoque","description":"Educaci\u00f3n para el trabajo en modalidad dual: Un nuevo enfoque formativo para el fomento de las empresas de Colombia","robots":{"index":"index","follow":"follow","max-snippet":"max-snippet:-1","max-image-preview":"max-image-preview:large","max-video-preview":"max-video-preview:-1"},"canonical":"https:\/\/www.comfenalcovalle.com.co\/educacion-para-el-trabajo-en-modalidad-dual-un-nuevo-enfoque-formativo-para-el-fomento-de-las-empresas-de-colombia\/","og_locale":"en_US","og_type":"article","og_title":"Educaci\u00f3n para el trabajo en modalidad dual, nuevo enfoque para el fomento de las empresas","og_description":"Educaci\u00f3n para el trabajo en modalidad dual: Un nuevo enfoque formativo para el fomento de las empresas de Colombia","og_url":"https:\/\/www.comfenalcovalle.com.co\/educacion-para-el-trabajo-en-modalidad-dual-un-nuevo-enfoque-formativo-para-el-fomento-de-las-empresas-de-colombia\/","og_site_name":"Comfenalco Valle Delagente","article_published_time":"2024-06-04T20:05:49+00:00","article_modified_time":"2024-06-11T15:29:07+00:00","og_image":[{"width":1280,"height":720,"url":"https:\/\/www.comfenalcovalle.com.co\/wp-content\/uploads\/2024\/06\/PEC.png","type":"image\/png"}],"author":"Comunicaciones Comfenalco Valle delagente","twitter_card":"summary_large_image","twitter_misc":{"Written by":"Comunicaciones Comfenalco Valle delagente","Est. reading time":"3 minutes"},"schema":{"@context":"https:\/\/schema.org","@graph":[{"@type":"Article","@id":"https:\/\/www.comfenalcovalle.com.co\/educacion-para-el-trabajo-en-modalidad-dual-un-nuevo-enfoque-formativo-para-el-fomento-de-las-empresas-de-colombia\/#article","isPartOf":{"@id":"https:\/\/www.comfenalcovalle.com.co\/educacion-para-el-trabajo-en-modalidad-dual-un-nuevo-enfoque-formativo-para-el-fomento-de-las-empresas-de-colombia\/"},"author":{"name":"Comunicaciones Comfenalco Valle delagente","@id":"https:\/\/www.comfenalcovalle.com.co\/#\/schema\/person\/d4d8bcb299f88f97b06096cf6a21cb01"},"headline":"Educaci\u00f3n para el trabajo en modalidad dual, nuevo enfoque para el fomento de las empresas","datePublished":"2024-06-04T20:05:49+00:00","dateModified":"2024-06-11T15:29:07+00:00","mainEntityOfPage":{"@id":"https:\/\/www.comfenalcovalle.com.co\/educacion-para-el-trabajo-en-modalidad-dual-un-nuevo-enfoque-formativo-para-el-fomento-de-las-empresas-de-colombia\/"},"wordCount":521,"publisher":{"@id":"https:\/\/www.comfenalcovalle.com.co\/#organization"},"image":{"@id":"https:\/\/www.comfenalcovalle.com.co\/educacion-para-el-trabajo-en-modalidad-dual-un-nuevo-enfoque-formativo-para-el-fomento-de-las-empresas-de-colombia\/#primaryimage"},"thumbnailUrl":"https:\/\/test.comfenalcovalle.com.co\/wp-content\/uploads\/2024\/06\/PEC.png","articleSection":["Educaci\u00f3n"],"inLanguage":"en-US"},{"@type":"WebPage","@id":"https:\/\/www.comfenalcovalle.com.co\/educacion-para-el-trabajo-en-modalidad-dual-un-nuevo-enfoque-formativo-para-el-fomento-de-las-empresas-de-colombia\/","url":"https:\/\/www.comfenalcovalle.com.co\/educacion-para-el-trabajo-en-modalidad-dual-un-nuevo-enfoque-formativo-para-el-fomento-de-las-empresas-de-colombia\/","name":"Educaci\u00f3n para el trabajo en modalidad dual, un nuevo enfoque","isPartOf":{"@id":"https:\/\/www.comfenalcovalle.com.co\/#website"},"primaryImageOfPage":{"@id":"https:\/\/www.comfenalcovalle.com.co\/educacion-para-el-trabajo-en-modalidad-dual-un-nuevo-enfoque-formativo-para-el-fomento-de-las-empresas-de-colombia\/#primaryimage"},"image":{"@id":"https:\/\/www.comfenalcovalle.com.co\/educacion-para-el-trabajo-en-modalidad-dual-un-nuevo-enfoque-formativo-para-el-fomento-de-las-empresas-de-colombia\/#primaryimage"},"thumbnailUrl":"https:\/\/test.comfenalcovalle.com.co\/wp-content\/uploads\/2024\/06\/PEC.png","datePublished":"2024-06-04T20:05:49+00:00","dateModified":"2024-06-11T15:29:07+00:00","description":"Educaci\u00f3n para el trabajo en modalidad dual: Un nuevo enfoque formativo para el fomento de las empresas de Colombia","breadcrumb":{"@id":"https:\/\/www.comfenalcovalle.com.co\/educacion-para-el-trabajo-en-modalidad-dual-un-nuevo-enfoque-formativo-para-el-fomento-de-las-empresas-de-colombia\/#breadcrumb"},"inLanguage":"en-US","potentialAction":[{"@type":"ReadAction","target":["https:\/\/www.comfenalcovalle.com.co\/educacion-para-el-trabajo-en-modalidad-dual-un-nuevo-enfoque-formativo-para-el-fomento-de-las-empresas-de-colombia\/"]}]},{"@type":"ImageObject","inLanguage":"en-US","@id":"https:\/\/www.comfenalcovalle.com.co\/educacion-para-el-trabajo-en-modalidad-dual-un-nuevo-enfoque-formativo-para-el-fomento-de-las-empresas-de-colombia\/#primaryimage","url":"https:\/\/test.comfenalcovalle.com.co\/wp-content\/uploads\/2024\/06\/PEC.png","contentUrl":"https:\/\/test.comfenalcovalle.com.co\/wp-content\/uploads\/2024\/06\/PEC.png","width":1280,"height":720,"caption":"Educaci\u00f3n para el trabajo en modalidad dual: Un nuevo enfoque formativo para el fomento de las empresas de Colombia"},{"@type":"BreadcrumbList","@id":"https:\/\/www.comfenalcovalle.com.co\/educacion-para-el-trabajo-en-modalidad-dual-un-nuevo-enfoque-formativo-para-el-fomento-de-las-empresas-de-colombia\/#breadcrumb","itemListElement":[{"@type":"ListItem","position":1,"name":"Portada","item":"https:\/\/www.comfenalcovalle.com.co\/"},{"@type":"ListItem","position":2,"name":"Educaci\u00f3n para el trabajo en modalidad dual, nuevo enfoque para el fomento de las empresas"}]},{"@type":"WebSite","@id":"https:\/\/www.comfenalcovalle.com.co\/#website","url":"https:\/\/www.comfenalcovalle.com.co\/","name":"Comfenalco Valle Delagente","description":"Comfenalco Valle Delagente compensation fund.","publisher":{"@id":"https:\/\/www.comfenalcovalle.com.co\/#organization"},"potentialAction":[{"@type":"SearchAction","target":{"@type":"EntryPoint","urlTemplate":"https:\/\/www.comfenalcovalle.com.co\/?s={search_term_string}"},"query-input":{"@type":"PropertyValueSpecification","valueRequired":true,"valueName":"search_term_string"}}],"inLanguage":"en-US"},{"@type":"Organization","@id":"https:\/\/www.comfenalcovalle.com.co\/#organization","name":"Comfenalco Valle Delagente","url":"https:\/\/www.comfenalcovalle.com.co\/","logo":{"@type":"ImageObject","inLanguage":"en-US","@id":"https:\/\/www.comfenalcovalle.com.co\/#\/schema\/logo\/image\/","url":"https:\/\/test.comfenalcovalle.com.co\/wp-content\/uploads\/2021\/06\/logo-comfe-cabecera-agencia-empelo-actualizado.png","contentUrl":"https:\/\/test.comfenalcovalle.com.co\/wp-content\/uploads\/2021\/06\/logo-comfe-cabecera-agencia-empelo-actualizado.png","width":500,"height":184,"caption":"Comfenalco Valle Delagente"},"image":{"@id":"https:\/\/www.comfenalcovalle.com.co\/#\/schema\/logo\/image\/"}},{"@type":"Person","@id":"https:\/\/www.comfenalcovalle.com.co\/#\/schema\/person\/d4d8bcb299f88f97b06096cf6a21cb01","name":"Communications Comfenalco Valle delagente","image":{"@type":"ImageObject","inLanguage":"en-US","@id":"https:\/\/www.comfenalcovalle.com.co\/#\/schema\/person\/image\/","url":"https:\/\/secure.gravatar.com\/avatar\/d1c29eb639a137df0ac8bfec50479e8d6ef564f7320f439d9d984504359ea6ee?s=96&d=mm&r=g","contentUrl":"https:\/\/secure.gravatar.com\/avatar\/d1c29eb639a137df0ac8bfec50479e8d6ef564f7320f439d9d984504359ea6ee?s=96&d=mm&r=g","caption":"Comunicaciones Comfenalco Valle delagente"},"url":"https:\/\/test.comfenalcovalle.com.co\/en\/author\/comunicaciones-comfenalco-valle-delagente\/"}]}},"publishpress_future_action":{"enabled":false,"date":"2026-05-10 06:23:42","action":"change-status","newStatus":"draft","terms":[],"taxonomy":"category","extraData":[]},"publishpress_future_workflow_manual_trigger":{"enabledWorkflows":[]},"_links":{"self":[{"href":"https:\/\/test.comfenalcovalle.com.co\/en\/wp-json\/wp\/v2\/posts\/635224","targetHints":{"allow":["GET"]}}],"collection":[{"href":"https:\/\/test.comfenalcovalle.com.co\/en\/wp-json\/wp\/v2\/posts"}],"about":[{"href":"https:\/\/test.comfenalcovalle.com.co\/en\/wp-json\/wp\/v2\/types\/post"}],"author":[{"embeddable":true,"href":"https:\/\/test.comfenalcovalle.com.co\/en\/wp-json\/wp\/v2\/users\/6"}],"replies":[{"embeddable":true,"href":"https:\/\/test.comfenalcovalle.com.co\/en\/wp-json\/wp\/v2\/comments?post=635224"}],"version-history":[{"count":0,"href":"https:\/\/test.comfenalcovalle.com.co\/en\/wp-json\/wp\/v2\/posts\/635224\/revisions"}],"wp:featuredmedia":[{"embeddable":true,"href":"https:\/\/test.comfenalcovalle.com.co\/en\/wp-json\/wp\/v2\/media\/635227"}],"wp:attachment":[{"href":"https:\/\/test.comfenalcovalle.com.co\/en\/wp-json\/wp\/v2\/media?parent=635224"}],"wp:term":[{"taxonomy":"category","embeddable":true,"href":"https:\/\/test.comfenalcovalle.com.co\/en\/wp-json\/wp\/v2\/categories?post=635224"},{"taxonomy":"post_tag","embeddable":true,"href":"https:\/\/test.comfenalcovalle.com.co\/en\/wp-json\/wp\/v2\/tags?post=635224"}],"curies":[{"name":"wp","href":"https:\/\/api.w.org\/{rel}","templated":true}]}}