{"id":631492,"date":"2024-04-15T13:25:00","date_gmt":"2024-04-15T18:25:00","guid":{"rendered":"https:\/\/test.comfenalcovalle.com.co\/?p=631492"},"modified":"2024-04-25T13:48:48","modified_gmt":"2024-04-25T18:48:48","slug":"domingo-recreativo-de-comunidades-delagente-con-nuestros-vecinos-en-yanaconas","status":"publish","type":"post","link":"https:\/\/test.comfenalcovalle.com.co\/en\/domingo-recreativo-de-comunidades-delagente-con-nuestros-vecinos-en-yanaconas\/","title":{"rendered":"Domingo recreativo de Comunidades Delagente con nuestros vecinos en Yanaconas"},"content":{"rendered":"<p><strong><em>The sustainable tourism policy commits us to work with the population surrounding our hotels in Valle del Cauca.<\/em><\/strong><\/p>\n\n\n\n<p>El domingo 21 de abril del 2024 realizaremos una nueva jornada de Comunidades Delagente en el <a href=\"https:\/\/test.comfenalcovalle.com.co\/en\/personas\/hoteles-y-turismo\/hoteles-delagente\/hotel-y-centro-recreacional-yanaconas-2\/\">Hotel y Centro Recreacional Yanaconas de Cali<\/a>, especialmente dirigida a la poblaci\u00f3n vecina del hotel, de los corregimientos y caser\u00edos como Los Andes, Pichind\u00e9, Ventiaderos, Puente Amarillo, Pelabolsillo, San Jorge y El Faro.<\/p>\n\n\n\n<p>Esta invitaci\u00f3n para los vecinos busca reconocer e integrar a la poblaci\u00f3n con los servicios del <a href=\"https:\/\/test.comfenalcovalle.com.co\/en\/personas\/hoteles-y-turismo\/hoteles-delagente\/hotel-y-centro-recreacional-yanaconas-2\/\">Hotel y Centro Recreacional<\/a>, es una manera de construir lazos de comunidad a trav\u00e9s de la recreaci\u00f3n, el entretenimiento y el emprendimiento.<\/p>\n\n\n\n<p>Desde las 9:00 de la ma\u00f1ana hasta las 4:00 de la tarde, tenemos una serie de actividades como bienvenida recreativa, muestra artesanal y emprendimientos \u2018Canasta de Paz\u2019, juegos en la zona acu\u00e1tica y recorrido en sendero Runakay para vivir un d\u00eda recreativo especial con la comunidad vecina del hotel.<\/p>\n\n\n\n<p><em>\u201cMantenemos el compromiso de turismo sostenible que nos invita a respetar e integrar a nuestros vecinos del Hotel Yanaconas ubicado en zona rural de Cali en inmediaciones del <a href=\"https:\/\/www.parquesnacionales.gov.co\/nuestros-parques\/pnn-farallones-de-cali\/\" target=\"_blank\" rel=\"noreferrer noopener\">Parque Natural Nacional Los Farallones<\/a>, para compartir un d\u00eda especial para disfrutar y vivir una experiencia ambiental consciente y responsable<\/em>\u201d, asegur\u00f3 Gricelda Castrill\u00f3n, gerente de recreaci\u00f3n de Comfenalco Valle Delagente.<\/p>\n\n\n\n<p><a href=\"https:\/\/youtu.be\/_xI8X8-5k6k?si=92UTxexx5NxC9YEA\" target=\"_blank\" rel=\"noreferrer noopener\">Delagente Communities<\/a> se realiza en el marco del fortalecimiento y divulgaci\u00f3n de nuestra pol\u00edtica de turismo sostenible, que busca cumplir con la <strong>Norma T\u00e9cnica Sectorial 02:2014<\/strong>, las disposiciones legales y los est\u00e1ndares del sector Hotelero y Tur\u00edstico, as\u00ed como la utilizaci\u00f3n de manera sostenible de los recursos naturales, socioculturales y econ\u00f3micos necesarios de nuestro sector.<\/p>\n\n\n\n<p><\/p>\n\n\n\n<p><strong>We are committed to sustainable tourism!<\/strong><\/p>\n\n\n\n<p><\/p>\n\n\n\n<p><strong>Comfenalco Valle Delagente.<br>Family Compensation Fund.<\/strong><\/p>","protected":false},"excerpt":{"rendered":"<p>The sustainable tourism policy commits us to work with the population surrounding our hotels in Valle del Cauca.<\/p>","protected":false},"author":6,"featured_media":612653,"comment_status":"closed","ping_status":"closed","sticky":false,"template":"","format":"standard","meta":{"footnotes":""},"categories":[15],"tags":[],"class_list":["post-631492","post","type-post","status-publish","format-standard","has-post-thumbnail","hentry","category-recreacion"],"yoast_head":"<!-- This site is optimized with the Yoast SEO Premium plugin v25.9 (Yoast SEO v25.9) - https:\/\/yoast.com\/wordpress\/plugins\/seo\/ -->\n<title>Domingo recreativo de Comunidades Delagente con nuestros vecinos en Yanaconas - Comfenalco Valle Delagente<\/title>\n<meta name=\"robots\" content=\"index, follow, max-snippet:-1, max-image-preview:large, max-video-preview:-1\" \/>\n<link rel=\"canonical\" href=\"https:\/\/www.comfenalcovalle.com.co\/domingo-recreativo-de-comunidades-delagente-con-nuestros-vecinos-en-yanaconas\/\" \/>\n<meta property=\"og:locale\" content=\"en_US\" \/>\n<meta property=\"og:type\" content=\"article\" \/>\n<meta property=\"og:title\" content=\"Domingo recreativo de Comunidades Delagente con nuestros vecinos en Yanaconas\" \/>\n<meta property=\"og:description\" content=\"La pol\u00edtica de turismo sostenible nos compromete a trabajar con la poblaci\u00f3n aleda\u00f1a a nuestros hoteles en el Valle del Cauca.\" \/>\n<meta property=\"og:url\" content=\"https:\/\/www.comfenalcovalle.com.co\/domingo-recreativo-de-comunidades-delagente-con-nuestros-vecinos-en-yanaconas\/\" \/>\n<meta property=\"og:site_name\" content=\"Comfenalco Valle Delagente\" \/>\n<meta property=\"article:published_time\" content=\"2024-04-15T18:25:00+00:00\" \/>\n<meta property=\"article:modified_time\" content=\"2024-04-25T18:48:48+00:00\" \/>\n<meta property=\"og:image\" content=\"https:\/\/www.comfenalcovalle.com.co\/wp-content\/uploads\/2023\/05\/comunidades-yanaconas-2023-01.jpg\" \/>\n\t<meta property=\"og:image:width\" content=\"867\" \/>\n\t<meta property=\"og:image:height\" content=\"579\" \/>\n\t<meta property=\"og:image:type\" content=\"image\/jpeg\" \/>\n<meta name=\"author\" content=\"Comunicaciones Comfenalco Valle delagente\" \/>\n<meta name=\"twitter:card\" content=\"summary_large_image\" \/>\n<meta name=\"twitter:label1\" content=\"Written by\" \/>\n\t<meta name=\"twitter:data1\" content=\"Comunicaciones Comfenalco Valle delagente\" \/>\n\t<meta name=\"twitter:label2\" content=\"Est. reading time\" \/>\n\t<meta name=\"twitter:data2\" content=\"2 minutes\" \/>\n<script type=\"application\/ld+json\" class=\"yoast-schema-graph\">{\"@context\":\"https:\/\/schema.org\",\"@graph\":[{\"@type\":\"Article\",\"@id\":\"https:\/\/www.comfenalcovalle.com.co\/domingo-recreativo-de-comunidades-delagente-con-nuestros-vecinos-en-yanaconas\/#article\",\"isPartOf\":{\"@id\":\"https:\/\/www.comfenalcovalle.com.co\/domingo-recreativo-de-comunidades-delagente-con-nuestros-vecinos-en-yanaconas\/\"},\"author\":{\"name\":\"Comunicaciones Comfenalco Valle delagente\",\"@id\":\"https:\/\/www.comfenalcovalle.com.co\/#\/schema\/person\/d4d8bcb299f88f97b06096cf6a21cb01\"},\"headline\":\"Domingo recreativo de Comunidades Delagente con nuestros vecinos en Yanaconas\",\"datePublished\":\"2024-04-15T18:25:00+00:00\",\"dateModified\":\"2024-04-25T18:48:48+00:00\",\"mainEntityOfPage\":{\"@id\":\"https:\/\/www.comfenalcovalle.com.co\/domingo-recreativo-de-comunidades-delagente-con-nuestros-vecinos-en-yanaconas\/\"},\"wordCount\":311,\"publisher\":{\"@id\":\"https:\/\/www.comfenalcovalle.com.co\/#organization\"},\"image\":{\"@id\":\"https:\/\/www.comfenalcovalle.com.co\/domingo-recreativo-de-comunidades-delagente-con-nuestros-vecinos-en-yanaconas\/#primaryimage\"},\"thumbnailUrl\":\"https:\/\/test.comfenalcovalle.com.co\/wp-content\/uploads\/2023\/05\/comunidades-yanaconas-2023-01.jpg\",\"articleSection\":[\"Recreaci\u00f3n\"],\"inLanguage\":\"en-US\"},{\"@type\":\"WebPage\",\"@id\":\"https:\/\/www.comfenalcovalle.com.co\/domingo-recreativo-de-comunidades-delagente-con-nuestros-vecinos-en-yanaconas\/\",\"url\":\"https:\/\/www.comfenalcovalle.com.co\/domingo-recreativo-de-comunidades-delagente-con-nuestros-vecinos-en-yanaconas\/\",\"name\":\"Domingo recreativo de Comunidades Delagente con nuestros vecinos en Yanaconas - Comfenalco Valle Delagente\",\"isPartOf\":{\"@id\":\"https:\/\/www.comfenalcovalle.com.co\/#website\"},\"primaryImageOfPage\":{\"@id\":\"https:\/\/www.comfenalcovalle.com.co\/domingo-recreativo-de-comunidades-delagente-con-nuestros-vecinos-en-yanaconas\/#primaryimage\"},\"image\":{\"@id\":\"https:\/\/www.comfenalcovalle.com.co\/domingo-recreativo-de-comunidades-delagente-con-nuestros-vecinos-en-yanaconas\/#primaryimage\"},\"thumbnailUrl\":\"https:\/\/test.comfenalcovalle.com.co\/wp-content\/uploads\/2023\/05\/comunidades-yanaconas-2023-01.jpg\",\"datePublished\":\"2024-04-15T18:25:00+00:00\",\"dateModified\":\"2024-04-25T18:48:48+00:00\",\"breadcrumb\":{\"@id\":\"https:\/\/www.comfenalcovalle.com.co\/domingo-recreativo-de-comunidades-delagente-con-nuestros-vecinos-en-yanaconas\/#breadcrumb\"},\"inLanguage\":\"en-US\",\"potentialAction\":[{\"@type\":\"ReadAction\",\"target\":[\"https:\/\/www.comfenalcovalle.com.co\/domingo-recreativo-de-comunidades-delagente-con-nuestros-vecinos-en-yanaconas\/\"]}]},{\"@type\":\"ImageObject\",\"inLanguage\":\"en-US\",\"@id\":\"https:\/\/www.comfenalcovalle.com.co\/domingo-recreativo-de-comunidades-delagente-con-nuestros-vecinos-en-yanaconas\/#primaryimage\",\"url\":\"https:\/\/test.comfenalcovalle.com.co\/wp-content\/uploads\/2023\/05\/comunidades-yanaconas-2023-01.jpg\",\"contentUrl\":\"https:\/\/test.comfenalcovalle.com.co\/wp-content\/uploads\/2023\/05\/comunidades-yanaconas-2023-01.jpg\",\"width\":867,\"height\":579},{\"@type\":\"BreadcrumbList\",\"@id\":\"https:\/\/www.comfenalcovalle.com.co\/domingo-recreativo-de-comunidades-delagente-con-nuestros-vecinos-en-yanaconas\/#breadcrumb\",\"itemListElement\":[{\"@type\":\"ListItem\",\"position\":1,\"name\":\"Portada\",\"item\":\"https:\/\/www.comfenalcovalle.com.co\/\"},{\"@type\":\"ListItem\",\"position\":2,\"name\":\"Domingo recreativo de Comunidades Delagente con nuestros vecinos en Yanaconas\"}]},{\"@type\":\"WebSite\",\"@id\":\"https:\/\/www.comfenalcovalle.com.co\/#website\",\"url\":\"https:\/\/www.comfenalcovalle.com.co\/\",\"name\":\"Comfenalco Valle Delagente\",\"description\":\"Caja de compensaci\u00f3n de Comfenalco Valle Delagente.\",\"publisher\":{\"@id\":\"https:\/\/www.comfenalcovalle.com.co\/#organization\"},\"potentialAction\":[{\"@type\":\"SearchAction\",\"target\":{\"@type\":\"EntryPoint\",\"urlTemplate\":\"https:\/\/www.comfenalcovalle.com.co\/?s={search_term_string}\"},\"query-input\":{\"@type\":\"PropertyValueSpecification\",\"valueRequired\":true,\"valueName\":\"search_term_string\"}}],\"inLanguage\":\"en-US\"},{\"@type\":\"Organization\",\"@id\":\"https:\/\/www.comfenalcovalle.com.co\/#organization\",\"name\":\"Comfenalco Valle Delagente\",\"url\":\"https:\/\/www.comfenalcovalle.com.co\/\",\"logo\":{\"@type\":\"ImageObject\",\"inLanguage\":\"en-US\",\"@id\":\"https:\/\/www.comfenalcovalle.com.co\/#\/schema\/logo\/image\/\",\"url\":\"https:\/\/test.comfenalcovalle.com.co\/wp-content\/uploads\/2021\/06\/logo-comfe-cabecera-agencia-empelo-actualizado.png\",\"contentUrl\":\"https:\/\/test.comfenalcovalle.com.co\/wp-content\/uploads\/2021\/06\/logo-comfe-cabecera-agencia-empelo-actualizado.png\",\"width\":500,\"height\":184,\"caption\":\"Comfenalco Valle Delagente\"},\"image\":{\"@id\":\"https:\/\/www.comfenalcovalle.com.co\/#\/schema\/logo\/image\/\"}},{\"@type\":\"Person\",\"@id\":\"https:\/\/www.comfenalcovalle.com.co\/#\/schema\/person\/d4d8bcb299f88f97b06096cf6a21cb01\",\"name\":\"Comunicaciones Comfenalco Valle delagente\",\"image\":{\"@type\":\"ImageObject\",\"inLanguage\":\"en-US\",\"@id\":\"https:\/\/www.comfenalcovalle.com.co\/#\/schema\/person\/image\/\",\"url\":\"https:\/\/secure.gravatar.com\/avatar\/d1c29eb639a137df0ac8bfec50479e8d6ef564f7320f439d9d984504359ea6ee?s=96&d=mm&r=g\",\"contentUrl\":\"https:\/\/secure.gravatar.com\/avatar\/d1c29eb639a137df0ac8bfec50479e8d6ef564f7320f439d9d984504359ea6ee?s=96&d=mm&r=g\",\"caption\":\"Comunicaciones Comfenalco Valle delagente\"},\"url\":\"https:\/\/test.comfenalcovalle.com.co\/en\/author\/comunicaciones-comfenalco-valle-delagente\/\"}]}<\/script>\n<!-- \/ Yoast SEO Premium plugin. -->","yoast_head_json":{"title":"Domingo recreativo de Comunidades Delagente con nuestros vecinos en Yanaconas - Comfenalco Valle Delagente","robots":{"index":"index","follow":"follow","max-snippet":"max-snippet:-1","max-image-preview":"max-image-preview:large","max-video-preview":"max-video-preview:-1"},"canonical":"https:\/\/www.comfenalcovalle.com.co\/domingo-recreativo-de-comunidades-delagente-con-nuestros-vecinos-en-yanaconas\/","og_locale":"en_US","og_type":"article","og_title":"Domingo recreativo de Comunidades Delagente con nuestros vecinos en Yanaconas","og_description":"La pol\u00edtica de turismo sostenible nos compromete a trabajar con la poblaci\u00f3n aleda\u00f1a a nuestros hoteles en el Valle del Cauca.","og_url":"https:\/\/www.comfenalcovalle.com.co\/domingo-recreativo-de-comunidades-delagente-con-nuestros-vecinos-en-yanaconas\/","og_site_name":"Comfenalco Valle Delagente","article_published_time":"2024-04-15T18:25:00+00:00","article_modified_time":"2024-04-25T18:48:48+00:00","og_image":[{"width":867,"height":579,"url":"https:\/\/www.comfenalcovalle.com.co\/wp-content\/uploads\/2023\/05\/comunidades-yanaconas-2023-01.jpg","type":"image\/jpeg"}],"author":"Comunicaciones Comfenalco Valle delagente","twitter_card":"summary_large_image","twitter_misc":{"Written by":"Comunicaciones Comfenalco Valle delagente","Est. reading time":"2 minutes"},"schema":{"@context":"https:\/\/schema.org","@graph":[{"@type":"Article","@id":"https:\/\/www.comfenalcovalle.com.co\/domingo-recreativo-de-comunidades-delagente-con-nuestros-vecinos-en-yanaconas\/#article","isPartOf":{"@id":"https:\/\/www.comfenalcovalle.com.co\/domingo-recreativo-de-comunidades-delagente-con-nuestros-vecinos-en-yanaconas\/"},"author":{"name":"Comunicaciones Comfenalco Valle delagente","@id":"https:\/\/www.comfenalcovalle.com.co\/#\/schema\/person\/d4d8bcb299f88f97b06096cf6a21cb01"},"headline":"Domingo recreativo de Comunidades Delagente con nuestros vecinos en Yanaconas","datePublished":"2024-04-15T18:25:00+00:00","dateModified":"2024-04-25T18:48:48+00:00","mainEntityOfPage":{"@id":"https:\/\/www.comfenalcovalle.com.co\/domingo-recreativo-de-comunidades-delagente-con-nuestros-vecinos-en-yanaconas\/"},"wordCount":311,"publisher":{"@id":"https:\/\/www.comfenalcovalle.com.co\/#organization"},"image":{"@id":"https:\/\/www.comfenalcovalle.com.co\/domingo-recreativo-de-comunidades-delagente-con-nuestros-vecinos-en-yanaconas\/#primaryimage"},"thumbnailUrl":"https:\/\/test.comfenalcovalle.com.co\/wp-content\/uploads\/2023\/05\/comunidades-yanaconas-2023-01.jpg","articleSection":["Recreaci\u00f3n"],"inLanguage":"en-US"},{"@type":"WebPage","@id":"https:\/\/www.comfenalcovalle.com.co\/domingo-recreativo-de-comunidades-delagente-con-nuestros-vecinos-en-yanaconas\/","url":"https:\/\/www.comfenalcovalle.com.co\/domingo-recreativo-de-comunidades-delagente-con-nuestros-vecinos-en-yanaconas\/","name":"Domingo recreativo de Comunidades Delagente con nuestros vecinos en Yanaconas - Comfenalco Valle Delagente","isPartOf":{"@id":"https:\/\/www.comfenalcovalle.com.co\/#website"},"primaryImageOfPage":{"@id":"https:\/\/www.comfenalcovalle.com.co\/domingo-recreativo-de-comunidades-delagente-con-nuestros-vecinos-en-yanaconas\/#primaryimage"},"image":{"@id":"https:\/\/www.comfenalcovalle.com.co\/domingo-recreativo-de-comunidades-delagente-con-nuestros-vecinos-en-yanaconas\/#primaryimage"},"thumbnailUrl":"https:\/\/test.comfenalcovalle.com.co\/wp-content\/uploads\/2023\/05\/comunidades-yanaconas-2023-01.jpg","datePublished":"2024-04-15T18:25:00+00:00","dateModified":"2024-04-25T18:48:48+00:00","breadcrumb":{"@id":"https:\/\/www.comfenalcovalle.com.co\/domingo-recreativo-de-comunidades-delagente-con-nuestros-vecinos-en-yanaconas\/#breadcrumb"},"inLanguage":"en-US","potentialAction":[{"@type":"ReadAction","target":["https:\/\/www.comfenalcovalle.com.co\/domingo-recreativo-de-comunidades-delagente-con-nuestros-vecinos-en-yanaconas\/"]}]},{"@type":"ImageObject","inLanguage":"en-US","@id":"https:\/\/www.comfenalcovalle.com.co\/domingo-recreativo-de-comunidades-delagente-con-nuestros-vecinos-en-yanaconas\/#primaryimage","url":"https:\/\/test.comfenalcovalle.com.co\/wp-content\/uploads\/2023\/05\/comunidades-yanaconas-2023-01.jpg","contentUrl":"https:\/\/test.comfenalcovalle.com.co\/wp-content\/uploads\/2023\/05\/comunidades-yanaconas-2023-01.jpg","width":867,"height":579},{"@type":"BreadcrumbList","@id":"https:\/\/www.comfenalcovalle.com.co\/domingo-recreativo-de-comunidades-delagente-con-nuestros-vecinos-en-yanaconas\/#breadcrumb","itemListElement":[{"@type":"ListItem","position":1,"name":"Portada","item":"https:\/\/www.comfenalcovalle.com.co\/"},{"@type":"ListItem","position":2,"name":"Domingo recreativo de Comunidades Delagente con nuestros vecinos en Yanaconas"}]},{"@type":"WebSite","@id":"https:\/\/www.comfenalcovalle.com.co\/#website","url":"https:\/\/www.comfenalcovalle.com.co\/","name":"Comfenalco Valle Delagente","description":"Comfenalco Valle Delagente compensation fund.","publisher":{"@id":"https:\/\/www.comfenalcovalle.com.co\/#organization"},"potentialAction":[{"@type":"SearchAction","target":{"@type":"EntryPoint","urlTemplate":"https:\/\/www.comfenalcovalle.com.co\/?s={search_term_string}"},"query-input":{"@type":"PropertyValueSpecification","valueRequired":true,"valueName":"search_term_string"}}],"inLanguage":"en-US"},{"@type":"Organization","@id":"https:\/\/www.comfenalcovalle.com.co\/#organization","name":"Comfenalco Valle Delagente","url":"https:\/\/www.comfenalcovalle.com.co\/","logo":{"@type":"ImageObject","inLanguage":"en-US","@id":"https:\/\/www.comfenalcovalle.com.co\/#\/schema\/logo\/image\/","url":"https:\/\/test.comfenalcovalle.com.co\/wp-content\/uploads\/2021\/06\/logo-comfe-cabecera-agencia-empelo-actualizado.png","contentUrl":"https:\/\/test.comfenalcovalle.com.co\/wp-content\/uploads\/2021\/06\/logo-comfe-cabecera-agencia-empelo-actualizado.png","width":500,"height":184,"caption":"Comfenalco Valle Delagente"},"image":{"@id":"https:\/\/www.comfenalcovalle.com.co\/#\/schema\/logo\/image\/"}},{"@type":"Person","@id":"https:\/\/www.comfenalcovalle.com.co\/#\/schema\/person\/d4d8bcb299f88f97b06096cf6a21cb01","name":"Communications Comfenalco Valle delagente","image":{"@type":"ImageObject","inLanguage":"en-US","@id":"https:\/\/www.comfenalcovalle.com.co\/#\/schema\/person\/image\/","url":"https:\/\/secure.gravatar.com\/avatar\/d1c29eb639a137df0ac8bfec50479e8d6ef564f7320f439d9d984504359ea6ee?s=96&d=mm&r=g","contentUrl":"https:\/\/secure.gravatar.com\/avatar\/d1c29eb639a137df0ac8bfec50479e8d6ef564f7320f439d9d984504359ea6ee?s=96&d=mm&r=g","caption":"Comunicaciones Comfenalco Valle delagente"},"url":"https:\/\/test.comfenalcovalle.com.co\/en\/author\/comunicaciones-comfenalco-valle-delagente\/"}]}},"publishpress_future_action":{"enabled":false,"date":"2026-05-08 11:08:03","action":"change-status","newStatus":"draft","terms":[],"taxonomy":"category","extraData":[]},"publishpress_future_workflow_manual_trigger":{"enabledWorkflows":[]},"_links":{"self":[{"href":"https:\/\/test.comfenalcovalle.com.co\/en\/wp-json\/wp\/v2\/posts\/631492","targetHints":{"allow":["GET"]}}],"collection":[{"href":"https:\/\/test.comfenalcovalle.com.co\/en\/wp-json\/wp\/v2\/posts"}],"about":[{"href":"https:\/\/test.comfenalcovalle.com.co\/en\/wp-json\/wp\/v2\/types\/post"}],"author":[{"embeddable":true,"href":"https:\/\/test.comfenalcovalle.com.co\/en\/wp-json\/wp\/v2\/users\/6"}],"replies":[{"embeddable":true,"href":"https:\/\/test.comfenalcovalle.com.co\/en\/wp-json\/wp\/v2\/comments?post=631492"}],"version-history":[{"count":0,"href":"https:\/\/test.comfenalcovalle.com.co\/en\/wp-json\/wp\/v2\/posts\/631492\/revisions"}],"wp:featuredmedia":[{"embeddable":true,"href":"https:\/\/test.comfenalcovalle.com.co\/en\/wp-json\/wp\/v2\/media\/612653"}],"wp:attachment":[{"href":"https:\/\/test.comfenalcovalle.com.co\/en\/wp-json\/wp\/v2\/media?parent=631492"}],"wp:term":[{"taxonomy":"category","embeddable":true,"href":"https:\/\/test.comfenalcovalle.com.co\/en\/wp-json\/wp\/v2\/categories?post=631492"},{"taxonomy":"post_tag","embeddable":true,"href":"https:\/\/test.comfenalcovalle.com.co\/en\/wp-json\/wp\/v2\/tags?post=631492"}],"curies":[{"name":"wp","href":"https:\/\/api.w.org\/{rel}","templated":true}]}}