{"id":629468,"date":"2025-11-21T08:00:47","date_gmt":"2025-11-21T13:00:47","guid":{"rendered":"https:\/\/test.comfenalcovalle.com.co\/?p=629468"},"modified":"2025-12-02T15:34:04","modified_gmt":"2025-12-02T20:34:04","slug":"redime-el-subsidio-educativo-kit-escolar-2","status":"publish","type":"post","link":"https:\/\/test.comfenalcovalle.com.co\/en\/redime-el-subsidio-educativo-kit-escolar-2\/","title":{"rendered":"Redime tu Subsidio Educativo Kit Escolar antes del 15 de diciembre del 2025"},"content":{"rendered":"<div data-elementor-type=\"wp-post\" data-elementor-id=\"629468\" class=\"elementor elementor-629468\" data-elementor-post-type=\"post\">\n\t\t\t\t\t\t<section class=\"elementor-section elementor-top-section elementor-element elementor-element-365fff56 elementor-section-boxed elementor-section-height-default elementor-section-height-default\" data-id=\"365fff56\" data-element_type=\"section\">\n\t\t\t\t\t\t<div class=\"elementor-container elementor-column-gap-default\">\n\t\t\t\t\t<div class=\"elementor-column elementor-col-100 elementor-top-column elementor-element elementor-element-1df38e50\" data-id=\"1df38e50\" data-element_type=\"column\">\n\t\t\t<div class=\"elementor-widget-wrap elementor-element-populated\">\n\t\t\t\t\t\t<div class=\"elementor-element elementor-element-f814094 elementor-widget elementor-widget-text-editor\" data-id=\"f814094\" data-element_type=\"widget\" data-widget_type=\"text-editor.default\">\n\t\t\t\t<div class=\"elementor-widget-container\">\n\t\t\t\t\t\t\t\t\t\n<p>Es crucial recordar a todos nuestros afiliados que son beneficiarios del subsidio educativo \u201cKit Escolar\u201d de Comfenalco Valle Delagente, sobre la importancia de utilizar su saldo y evitar su vencimiento. Este subsidio, dise\u00f1ado para aliviar las cargas econ\u00f3micas educativas de los trabajadores, ofrece una valiosa oportunidad para adquirir \u00fatiles escolares, uniformes y productos de lonchera.<\/p>\n<p>Este subsidio puede ser redimido en todos los comercios aliados de la app Kupi.<\/p>\n\n<p><strong>\u00bfQu\u00e9 es el Kit Escolar de Comfenalco Valle Delagente?<\/strong><\/p>\n\n<p>El subsidio educativo Kit Escolar est\u00e1 dirigido a los trabajadores con hijos entre los 5 y los 17 a\u00f1os que reciben subsidio monetario y est\u00e1n cursando educaci\u00f3n b\u00e1sica (primaria) y media (secundaria hasta grado 11). Este subsidio no es canjeable por dinero en efectivo.<\/p>\n\n<p><strong>Prescripci\u00f3n del Kit Escolar 2022<\/strong><\/p>\n\n<p>El Kit Escolar del a\u00f1o 2022, despu\u00e9s de ser adjudicado (entregado al beneficiario), tiene una vigencia de uso <strong>hasta el 15 de diciembre del 2025<\/strong>. Por lo tanto, es imperativo que los beneficiarios consuman el saldo antes de que llegue la fecha l\u00edmite; despu\u00e9s de este per\u00edodo, el saldo prescribir\u00e1 y se perder\u00e1 por completo.<\/p>\n\n<p><strong>App Kupi<\/strong><\/p>\n\n<p>Descarga Comfenalco Valle Delagente Kupi en la tienda de aplicaciones de tu celular, donde puedes consultar los establecimientos o comercios aliados para redimir el subsidio o haciendo clic en el bot\u00f3n:<\/p>\n\n<div class=\"wp-block-buttons is-layout-flex wp-block-buttons-is-layout-flex\">\n<div class=\"wp-block-button\"><a class=\"wp-block-button__link has-luminous-vivid-orange-background-color has-background wp-element-button\" href=\"https:\/\/cutt.ly\/ConveniosKit2022\" target=\"_blank\" rel=\"noreferrer noopener\">Click to see more<\/a><\/div>\n<div>\u00a0<\/div>\n<\/div>\n\t\t\t\t\t\t\t\t<\/div>\n\t\t\t\t<\/div>\n\t\t\t\t\t<\/div>\n\t\t<\/div>\n\t\t\t\t\t<\/div>\n\t\t<\/section>\n\t\t<div class=\"elementor-element elementor-element-3786fe7 e-flex e-con-boxed e-con e-parent\" data-id=\"3786fe7\" data-element_type=\"container\">\n\t\t\t\t\t<div class=\"e-con-inner\">\n\t\t<div class=\"elementor-element elementor-element-f99d3ed e-con-full e-flex e-con e-child\" data-id=\"f99d3ed\" data-element_type=\"container\">\n\t\t\t\t<div class=\"elementor-element elementor-element-75b4877 elementor-widget elementor-widget-heading\" data-id=\"75b4877\" data-element_type=\"widget\" data-widget_type=\"heading.default\">\n\t\t\t\t<div class=\"elementor-widget-container\">\n\t\t\t\t\t<h2 class=\"elementor-heading-title elementor-size-default\">payment methods<\/h2>\t\t\t\t<\/div>\n\t\t\t\t<\/div>\n\t\t\t\t<div class=\"elementor-element elementor-element-9e83e22 elementor-widget elementor-widget-text-editor\" data-id=\"9e83e22\" data-element_type=\"widget\" data-widget_type=\"text-editor.default\">\n\t\t\t\t<div class=\"elementor-widget-container\">\n\t\t\t\t\t\t\t\t\t<p>La modalidad de pago es a trav\u00e9s de la <strong>app Kupi<\/strong>.<\/p><p><strong>NOTA<\/strong>: Recuerda que siempre debes realizar el bloqueo del bolsillo de Subsidio familiar para poder consumir sin inconvenientes tu subsidio Kit Escolar. Hazlo f\u00e1cil y r\u00e1pido con el siguiente video:<\/p>\t\t\t\t\t\t\t\t<\/div>\n\t\t\t\t<\/div>\n\t\t\t\t<\/div>\n\t\t<div class=\"elementor-element elementor-element-cb65aa4 e-con-full e-flex e-con e-child\" data-id=\"cb65aa4\" data-element_type=\"container\">\n\t\t\t\t<div class=\"elementor-element elementor-element-b4f799c elementor-widget elementor-widget-heading\" data-id=\"b4f799c\" data-element_type=\"widget\" data-widget_type=\"heading.default\">\n\t\t\t\t<div class=\"elementor-widget-container\">\n\t\t\t\t\t<h3 class=\"elementor-heading-title elementor-size-default\">Bloqueo bolsillo para consumo Kit Escolar<\/h3>\t\t\t\t<\/div>\n\t\t\t\t<\/div>\n\t\t\t\t<div class=\"elementor-element elementor-element-e31ae73 elementor-widget elementor-widget-video\" data-id=\"e31ae73\" data-element_type=\"widget\" data-settings=\"{&quot;youtube_url&quot;:&quot;https:\\\/\\\/youtube.com\\\/shorts\\\/GxVspNdeF6A?feature=share&quot;,&quot;video_type&quot;:&quot;youtube&quot;,&quot;controls&quot;:&quot;yes&quot;}\" data-widget_type=\"video.default\">\n\t\t\t\t<div class=\"elementor-widget-container\">\n\t\t\t\t\t\t\t<div class=\"elementor-wrapper elementor-open-inline\">\n\t\t\t<div class=\"elementor-video\"><\/div>\t\t<\/div>\n\t\t\t\t\t\t<\/div>\n\t\t\t\t<\/div>\n\t\t\t\t<\/div>\n\t\t\t\t\t<\/div>\n\t\t\t\t<\/div>\n\t\t<div class=\"elementor-element elementor-element-70ab573 e-flex e-con-boxed e-con e-parent\" data-id=\"70ab573\" data-element_type=\"container\">\n\t\t\t\t\t<div class=\"e-con-inner\">\n\t\t<div class=\"elementor-element elementor-element-14f08ed e-con-full e-flex e-con e-child\" data-id=\"14f08ed\" data-element_type=\"container\">\n\t\t\t\t<div class=\"elementor-element elementor-element-9b8e6bf elementor-widget elementor-widget-heading\" data-id=\"9b8e6bf\" data-element_type=\"widget\" data-widget_type=\"heading.default\">\n\t\t\t\t<div class=\"elementor-widget-container\">\n\t\t\t\t\t<h2 class=\"elementor-heading-title elementor-size-default\">Consulta los comercios en convenio Kupi para Kit Escolar<\/h2>\t\t\t\t<\/div>\n\t\t\t\t<\/div>\n\t\t\t\t<div class=\"elementor-element elementor-element-2a81714 elementor-widget elementor-widget-text-editor\" data-id=\"2a81714\" data-element_type=\"widget\" data-widget_type=\"text-editor.default\">\n\t\t\t\t<div class=\"elementor-widget-container\">\n\t\t\t\t\t\t\t\t\t<p>Este subsidio no es canjeable por dinero en efectivo, se redime en los establecimientos comerciales con los cuales se tiene convenio.<\/p><p>Al hacer clic en el siguiente bot\u00f3n podr\u00e1s descargar el listado completo de los establecimientos en convenio donde se puede redimir el subsidio de Kit Escolar dispuesto en Kupi. Ten en cuenta que puedes ver la informaci\u00f3n por:<\/p><ol><li><strong>Ciudad.<\/strong><\/li><li><strong>Establecimiento comercial.<\/strong><\/li><li><strong>Direcci\u00f3n.<\/strong><\/li><li><strong>Categor\u00edas.<\/strong><\/li><\/ol>\t\t\t\t\t\t\t\t<\/div>\n\t\t\t\t<\/div>\n\t\t\t\t<div class=\"elementor-element elementor-element-748d318 elementor-align-center elementor-mobile-align-justify elementor-widget elementor-widget-button\" data-id=\"748d318\" data-element_type=\"widget\" data-widget_type=\"button.default\">\n\t\t\t\t<div class=\"elementor-widget-container\">\n\t\t\t\t\t\t\t\t\t<div class=\"elementor-button-wrapper\">\n\t\t\t\t\t<a class=\"elementor-button elementor-button-link elementor-size-sm elementor-animation-grow\" href=\"https:\/\/test.comfenalcovalle.com.co\/wp-content\/uploads\/2025\/09\/convenios-comercios-kit-escolar-comfenalco-valle-agosto-2025-V2.pdf\" target=\"_blank\">\n\t\t\t\t\t\t<span class=\"elementor-button-content-wrapper\">\n\t\t\t\t\t\t\t\t\t<span class=\"elementor-button-text\">Clic para ver listado completo<\/span>\n\t\t\t\t\t<\/span>\n\t\t\t\t\t<\/a>\n\t\t\t\t<\/div>\n\t\t\t\t\t\t\t\t<\/div>\n\t\t\t\t<\/div>\n\t\t\t\t<\/div>\n\t\t\t\t\t<\/div>\n\t\t\t\t<\/div>\n\t\t<div class=\"elementor-element elementor-element-d2079d4 e-flex e-con-boxed e-con e-parent\" data-id=\"d2079d4\" data-element_type=\"container\">\n\t\t\t\t\t<div class=\"e-con-inner\">\n\t\t\t\t<div class=\"elementor-element elementor-element-f09cee1 elementor-widget elementor-widget-text-editor\" data-id=\"f09cee1\" data-element_type=\"widget\" data-widget_type=\"text-editor.default\">\n\t\t\t\t<div class=\"elementor-widget-container\">\n\t\t\t\t\t\t\t\t\t\n<p><strong>Comfenalco Valle Delagente<\/strong><br \/><strong>Family Compensation Fund of Valle del Cauca.<\/strong><\/p>\n\t\t\t\t\t\t\t\t<\/div>\n\t\t\t\t<\/div>\n\t\t\t\t\t<\/div>\n\t\t\t\t<\/div>\n\t\t\t\t<\/div>","protected":false},"excerpt":{"rendered":"<p>Este subsidio busca aliviar las cargas econ\u00f3micas educativas de los trabajadores, ofrece una valiosa oportunidad para adquirir \u00fatiles&#8230;<\/p>","protected":false},"author":6,"featured_media":671397,"comment_status":"closed","ping_status":"closed","sticky":false,"template":"","format":"standard","meta":{"footnotes":""},"categories":[14],"tags":[234,109,136,860,859,252],"class_list":["post-629468","post","type-post","status-publish","format-standard","has-post-thumbnail","hentry","category-educacion","tag-comfenalco-valle","tag-delagente","tag-kit","tag-redencion","tag-redime","tag-subsidio"],"yoast_head":"<!-- This site is optimized with the Yoast SEO Premium plugin v25.9 (Yoast SEO v25.9) - https:\/\/yoast.com\/wordpress\/plugins\/seo\/ -->\n<title>Redime tu Subsidio Educativo Kit Escolar antes del 15 de diciembre del 2025<\/title>\n<meta name=\"description\" content=\"Este subsidio busca aliviar las cargas econ\u00f3micas educativas de los trabajadores, ofrece una valiosa oportunidad para adquirir \u00fatiles...\" \/>\n<meta name=\"robots\" content=\"index, follow, max-snippet:-1, max-image-preview:large, max-video-preview:-1\" \/>\n<link rel=\"canonical\" href=\"https:\/\/www.comfenalcovalle.com.co\/redime-el-subsidio-educativo-kit-escolar-2\/\" \/>\n<meta property=\"og:locale\" content=\"en_US\" \/>\n<meta property=\"og:type\" content=\"article\" \/>\n<meta property=\"og:title\" content=\"Redime tu Subsidio Educativo Kit Escolar antes del 15 de diciembre del 2025\" \/>\n<meta property=\"og:description\" content=\"Este subsidio busca aliviar las cargas econ\u00f3micas educativas de los trabajadores, ofrece una valiosa oportunidad para adquirir \u00fatiles...\" \/>\n<meta property=\"og:url\" content=\"https:\/\/www.comfenalcovalle.com.co\/redime-el-subsidio-educativo-kit-escolar-2\/\" \/>\n<meta property=\"og:site_name\" content=\"Comfenalco Valle Delagente\" \/>\n<meta property=\"article:published_time\" content=\"2025-11-21T13:00:47+00:00\" \/>\n<meta property=\"article:modified_time\" content=\"2025-12-02T20:34:04+00:00\" \/>\n<meta property=\"og:image\" content=\"https:\/\/www.comfenalcovalle.com.co\/wp-content\/uploads\/2025\/11\/RECORDATORIO_KIT_ESCOLAR_BOLETIN.png\" \/>\n\t<meta property=\"og:image:width\" content=\"920\" \/>\n\t<meta property=\"og:image:height\" content=\"500\" \/>\n\t<meta property=\"og:image:type\" content=\"image\/png\" \/>\n<meta name=\"author\" content=\"Comunicaciones Comfenalco Valle delagente\" \/>\n<meta name=\"twitter:card\" content=\"summary_large_image\" \/>\n<meta name=\"twitter:label1\" content=\"Written by\" \/>\n\t<meta name=\"twitter:data1\" content=\"Comunicaciones Comfenalco Valle delagente\" \/>\n\t<meta name=\"twitter:label2\" content=\"Est. reading time\" \/>\n\t<meta name=\"twitter:data2\" content=\"2 minutes\" \/>\n<script type=\"application\/ld+json\" class=\"yoast-schema-graph\">{\"@context\":\"https:\/\/schema.org\",\"@graph\":[{\"@type\":\"Article\",\"@id\":\"https:\/\/www.comfenalcovalle.com.co\/redime-el-subsidio-educativo-kit-escolar-2\/#article\",\"isPartOf\":{\"@id\":\"https:\/\/www.comfenalcovalle.com.co\/redime-el-subsidio-educativo-kit-escolar-2\/\"},\"author\":{\"name\":\"Comunicaciones Comfenalco Valle delagente\",\"@id\":\"https:\/\/www.comfenalcovalle.com.co\/#\/schema\/person\/d4d8bcb299f88f97b06096cf6a21cb01\"},\"headline\":\"Redime tu Subsidio Educativo Kit Escolar antes del 15 de diciembre del 2025\",\"datePublished\":\"2025-11-21T13:00:47+00:00\",\"dateModified\":\"2025-12-02T20:34:04+00:00\",\"mainEntityOfPage\":{\"@id\":\"https:\/\/www.comfenalcovalle.com.co\/redime-el-subsidio-educativo-kit-escolar-2\/\"},\"wordCount\":393,\"publisher\":{\"@id\":\"https:\/\/www.comfenalcovalle.com.co\/#organization\"},\"image\":{\"@id\":\"https:\/\/www.comfenalcovalle.com.co\/redime-el-subsidio-educativo-kit-escolar-2\/#primaryimage\"},\"thumbnailUrl\":\"https:\/\/test.comfenalcovalle.com.co\/wp-content\/uploads\/2025\/11\/RECORDATORIO_KIT_ESCOLAR_BOLETIN.png\",\"keywords\":[\"comfenalco valle\",\"Delagente\",\"kit\",\"redenci\u00f3n\",\"redime\",\"subsidio\"],\"articleSection\":[\"Educaci\u00f3n\"],\"inLanguage\":\"en-US\"},{\"@type\":\"WebPage\",\"@id\":\"https:\/\/www.comfenalcovalle.com.co\/redime-el-subsidio-educativo-kit-escolar-2\/\",\"url\":\"https:\/\/www.comfenalcovalle.com.co\/redime-el-subsidio-educativo-kit-escolar-2\/\",\"name\":\"Redime tu Subsidio Educativo Kit Escolar antes del 15 de diciembre del 2025\",\"isPartOf\":{\"@id\":\"https:\/\/www.comfenalcovalle.com.co\/#website\"},\"primaryImageOfPage\":{\"@id\":\"https:\/\/www.comfenalcovalle.com.co\/redime-el-subsidio-educativo-kit-escolar-2\/#primaryimage\"},\"image\":{\"@id\":\"https:\/\/www.comfenalcovalle.com.co\/redime-el-subsidio-educativo-kit-escolar-2\/#primaryimage\"},\"thumbnailUrl\":\"https:\/\/test.comfenalcovalle.com.co\/wp-content\/uploads\/2025\/11\/RECORDATORIO_KIT_ESCOLAR_BOLETIN.png\",\"datePublished\":\"2025-11-21T13:00:47+00:00\",\"dateModified\":\"2025-12-02T20:34:04+00:00\",\"description\":\"Este subsidio busca aliviar las cargas econ\u00f3micas educativas de los trabajadores, ofrece una valiosa oportunidad para adquirir \u00fatiles...\",\"breadcrumb\":{\"@id\":\"https:\/\/www.comfenalcovalle.com.co\/redime-el-subsidio-educativo-kit-escolar-2\/#breadcrumb\"},\"inLanguage\":\"en-US\",\"potentialAction\":[{\"@type\":\"ReadAction\",\"target\":[\"https:\/\/www.comfenalcovalle.com.co\/redime-el-subsidio-educativo-kit-escolar-2\/\"]}]},{\"@type\":\"ImageObject\",\"inLanguage\":\"en-US\",\"@id\":\"https:\/\/www.comfenalcovalle.com.co\/redime-el-subsidio-educativo-kit-escolar-2\/#primaryimage\",\"url\":\"https:\/\/test.comfenalcovalle.com.co\/wp-content\/uploads\/2025\/11\/RECORDATORIO_KIT_ESCOLAR_BOLETIN.png\",\"contentUrl\":\"https:\/\/test.comfenalcovalle.com.co\/wp-content\/uploads\/2025\/11\/RECORDATORIO_KIT_ESCOLAR_BOLETIN.png\",\"width\":920,\"height\":500,\"caption\":\"RECORDATORIO_KIT_ESCOLAR_BOLETIN\"},{\"@type\":\"BreadcrumbList\",\"@id\":\"https:\/\/www.comfenalcovalle.com.co\/redime-el-subsidio-educativo-kit-escolar-2\/#breadcrumb\",\"itemListElement\":[{\"@type\":\"ListItem\",\"position\":1,\"name\":\"Portada\",\"item\":\"https:\/\/www.comfenalcovalle.com.co\/\"},{\"@type\":\"ListItem\",\"position\":2,\"name\":\"Redime tu Subsidio Educativo Kit Escolar antes del 15 de diciembre del 2025\"}]},{\"@type\":\"WebSite\",\"@id\":\"https:\/\/www.comfenalcovalle.com.co\/#website\",\"url\":\"https:\/\/www.comfenalcovalle.com.co\/\",\"name\":\"Comfenalco Valle Delagente\",\"description\":\"Caja de compensaci\u00f3n de Comfenalco Valle Delagente.\",\"publisher\":{\"@id\":\"https:\/\/www.comfenalcovalle.com.co\/#organization\"},\"potentialAction\":[{\"@type\":\"SearchAction\",\"target\":{\"@type\":\"EntryPoint\",\"urlTemplate\":\"https:\/\/www.comfenalcovalle.com.co\/?s={search_term_string}\"},\"query-input\":{\"@type\":\"PropertyValueSpecification\",\"valueRequired\":true,\"valueName\":\"search_term_string\"}}],\"inLanguage\":\"en-US\"},{\"@type\":\"Organization\",\"@id\":\"https:\/\/www.comfenalcovalle.com.co\/#organization\",\"name\":\"Comfenalco Valle Delagente\",\"url\":\"https:\/\/www.comfenalcovalle.com.co\/\",\"logo\":{\"@type\":\"ImageObject\",\"inLanguage\":\"en-US\",\"@id\":\"https:\/\/www.comfenalcovalle.com.co\/#\/schema\/logo\/image\/\",\"url\":\"https:\/\/test.comfenalcovalle.com.co\/wp-content\/uploads\/2021\/06\/logo-comfe-cabecera-agencia-empelo-actualizado.png\",\"contentUrl\":\"https:\/\/test.comfenalcovalle.com.co\/wp-content\/uploads\/2021\/06\/logo-comfe-cabecera-agencia-empelo-actualizado.png\",\"width\":500,\"height\":184,\"caption\":\"Comfenalco Valle Delagente\"},\"image\":{\"@id\":\"https:\/\/www.comfenalcovalle.com.co\/#\/schema\/logo\/image\/\"}},{\"@type\":\"Person\",\"@id\":\"https:\/\/www.comfenalcovalle.com.co\/#\/schema\/person\/d4d8bcb299f88f97b06096cf6a21cb01\",\"name\":\"Comunicaciones Comfenalco Valle delagente\",\"image\":{\"@type\":\"ImageObject\",\"inLanguage\":\"en-US\",\"@id\":\"https:\/\/www.comfenalcovalle.com.co\/#\/schema\/person\/image\/\",\"url\":\"https:\/\/secure.gravatar.com\/avatar\/d1c29eb639a137df0ac8bfec50479e8d6ef564f7320f439d9d984504359ea6ee?s=96&d=mm&r=g\",\"contentUrl\":\"https:\/\/secure.gravatar.com\/avatar\/d1c29eb639a137df0ac8bfec50479e8d6ef564f7320f439d9d984504359ea6ee?s=96&d=mm&r=g\",\"caption\":\"Comunicaciones Comfenalco Valle delagente\"},\"url\":\"https:\/\/test.comfenalcovalle.com.co\/en\/author\/comunicaciones-comfenalco-valle-delagente\/\"}]}<\/script>\n<!-- \/ Yoast SEO Premium plugin. -->","yoast_head_json":{"title":"Redime tu Subsidio Educativo Kit Escolar antes del 15 de diciembre del 2025","description":"Este subsidio busca aliviar las cargas econ\u00f3micas educativas de los trabajadores, ofrece una valiosa oportunidad para adquirir \u00fatiles...","robots":{"index":"index","follow":"follow","max-snippet":"max-snippet:-1","max-image-preview":"max-image-preview:large","max-video-preview":"max-video-preview:-1"},"canonical":"https:\/\/www.comfenalcovalle.com.co\/redime-el-subsidio-educativo-kit-escolar-2\/","og_locale":"en_US","og_type":"article","og_title":"Redime tu Subsidio Educativo Kit Escolar antes del 15 de diciembre del 2025","og_description":"Este subsidio busca aliviar las cargas econ\u00f3micas educativas de los trabajadores, ofrece una valiosa oportunidad para adquirir \u00fatiles...","og_url":"https:\/\/www.comfenalcovalle.com.co\/redime-el-subsidio-educativo-kit-escolar-2\/","og_site_name":"Comfenalco Valle Delagente","article_published_time":"2025-11-21T13:00:47+00:00","article_modified_time":"2025-12-02T20:34:04+00:00","og_image":[{"width":920,"height":500,"url":"https:\/\/www.comfenalcovalle.com.co\/wp-content\/uploads\/2025\/11\/RECORDATORIO_KIT_ESCOLAR_BOLETIN.png","type":"image\/png"}],"author":"Comunicaciones Comfenalco Valle delagente","twitter_card":"summary_large_image","twitter_misc":{"Written by":"Comunicaciones Comfenalco Valle delagente","Est. reading time":"2 minutes"},"schema":{"@context":"https:\/\/schema.org","@graph":[{"@type":"Article","@id":"https:\/\/www.comfenalcovalle.com.co\/redime-el-subsidio-educativo-kit-escolar-2\/#article","isPartOf":{"@id":"https:\/\/www.comfenalcovalle.com.co\/redime-el-subsidio-educativo-kit-escolar-2\/"},"author":{"name":"Comunicaciones Comfenalco Valle delagente","@id":"https:\/\/www.comfenalcovalle.com.co\/#\/schema\/person\/d4d8bcb299f88f97b06096cf6a21cb01"},"headline":"Redime tu Subsidio Educativo Kit Escolar antes del 15 de diciembre del 2025","datePublished":"2025-11-21T13:00:47+00:00","dateModified":"2025-12-02T20:34:04+00:00","mainEntityOfPage":{"@id":"https:\/\/www.comfenalcovalle.com.co\/redime-el-subsidio-educativo-kit-escolar-2\/"},"wordCount":393,"publisher":{"@id":"https:\/\/www.comfenalcovalle.com.co\/#organization"},"image":{"@id":"https:\/\/www.comfenalcovalle.com.co\/redime-el-subsidio-educativo-kit-escolar-2\/#primaryimage"},"thumbnailUrl":"https:\/\/test.comfenalcovalle.com.co\/wp-content\/uploads\/2025\/11\/RECORDATORIO_KIT_ESCOLAR_BOLETIN.png","keywords":["comfenalco valle","Delagente","kit","redenci\u00f3n","redime","subsidio"],"articleSection":["Educaci\u00f3n"],"inLanguage":"en-US"},{"@type":"WebPage","@id":"https:\/\/www.comfenalcovalle.com.co\/redime-el-subsidio-educativo-kit-escolar-2\/","url":"https:\/\/www.comfenalcovalle.com.co\/redime-el-subsidio-educativo-kit-escolar-2\/","name":"Redime tu Subsidio Educativo Kit Escolar antes del 15 de diciembre del 2025","isPartOf":{"@id":"https:\/\/www.comfenalcovalle.com.co\/#website"},"primaryImageOfPage":{"@id":"https:\/\/www.comfenalcovalle.com.co\/redime-el-subsidio-educativo-kit-escolar-2\/#primaryimage"},"image":{"@id":"https:\/\/www.comfenalcovalle.com.co\/redime-el-subsidio-educativo-kit-escolar-2\/#primaryimage"},"thumbnailUrl":"https:\/\/test.comfenalcovalle.com.co\/wp-content\/uploads\/2025\/11\/RECORDATORIO_KIT_ESCOLAR_BOLETIN.png","datePublished":"2025-11-21T13:00:47+00:00","dateModified":"2025-12-02T20:34:04+00:00","description":"Este subsidio busca aliviar las cargas econ\u00f3micas educativas de los trabajadores, ofrece una valiosa oportunidad para adquirir \u00fatiles...","breadcrumb":{"@id":"https:\/\/www.comfenalcovalle.com.co\/redime-el-subsidio-educativo-kit-escolar-2\/#breadcrumb"},"inLanguage":"en-US","potentialAction":[{"@type":"ReadAction","target":["https:\/\/www.comfenalcovalle.com.co\/redime-el-subsidio-educativo-kit-escolar-2\/"]}]},{"@type":"ImageObject","inLanguage":"en-US","@id":"https:\/\/www.comfenalcovalle.com.co\/redime-el-subsidio-educativo-kit-escolar-2\/#primaryimage","url":"https:\/\/test.comfenalcovalle.com.co\/wp-content\/uploads\/2025\/11\/RECORDATORIO_KIT_ESCOLAR_BOLETIN.png","contentUrl":"https:\/\/test.comfenalcovalle.com.co\/wp-content\/uploads\/2025\/11\/RECORDATORIO_KIT_ESCOLAR_BOLETIN.png","width":920,"height":500,"caption":"RECORDATORIO_KIT_ESCOLAR_BOLETIN"},{"@type":"BreadcrumbList","@id":"https:\/\/www.comfenalcovalle.com.co\/redime-el-subsidio-educativo-kit-escolar-2\/#breadcrumb","itemListElement":[{"@type":"ListItem","position":1,"name":"Portada","item":"https:\/\/www.comfenalcovalle.com.co\/"},{"@type":"ListItem","position":2,"name":"Redime tu Subsidio Educativo Kit Escolar antes del 15 de diciembre del 2025"}]},{"@type":"WebSite","@id":"https:\/\/www.comfenalcovalle.com.co\/#website","url":"https:\/\/www.comfenalcovalle.com.co\/","name":"Comfenalco Valle Delagente","description":"Comfenalco Valle Delagente compensation fund.","publisher":{"@id":"https:\/\/www.comfenalcovalle.com.co\/#organization"},"potentialAction":[{"@type":"SearchAction","target":{"@type":"EntryPoint","urlTemplate":"https:\/\/www.comfenalcovalle.com.co\/?s={search_term_string}"},"query-input":{"@type":"PropertyValueSpecification","valueRequired":true,"valueName":"search_term_string"}}],"inLanguage":"en-US"},{"@type":"Organization","@id":"https:\/\/www.comfenalcovalle.com.co\/#organization","name":"Comfenalco Valle Delagente","url":"https:\/\/www.comfenalcovalle.com.co\/","logo":{"@type":"ImageObject","inLanguage":"en-US","@id":"https:\/\/www.comfenalcovalle.com.co\/#\/schema\/logo\/image\/","url":"https:\/\/test.comfenalcovalle.com.co\/wp-content\/uploads\/2021\/06\/logo-comfe-cabecera-agencia-empelo-actualizado.png","contentUrl":"https:\/\/test.comfenalcovalle.com.co\/wp-content\/uploads\/2021\/06\/logo-comfe-cabecera-agencia-empelo-actualizado.png","width":500,"height":184,"caption":"Comfenalco Valle Delagente"},"image":{"@id":"https:\/\/www.comfenalcovalle.com.co\/#\/schema\/logo\/image\/"}},{"@type":"Person","@id":"https:\/\/www.comfenalcovalle.com.co\/#\/schema\/person\/d4d8bcb299f88f97b06096cf6a21cb01","name":"Communications Comfenalco Valle delagente","image":{"@type":"ImageObject","inLanguage":"en-US","@id":"https:\/\/www.comfenalcovalle.com.co\/#\/schema\/person\/image\/","url":"https:\/\/secure.gravatar.com\/avatar\/d1c29eb639a137df0ac8bfec50479e8d6ef564f7320f439d9d984504359ea6ee?s=96&d=mm&r=g","contentUrl":"https:\/\/secure.gravatar.com\/avatar\/d1c29eb639a137df0ac8bfec50479e8d6ef564f7320f439d9d984504359ea6ee?s=96&d=mm&r=g","caption":"Comunicaciones Comfenalco Valle delagente"},"url":"https:\/\/test.comfenalcovalle.com.co\/en\/author\/comunicaciones-comfenalco-valle-delagente\/"}]}},"publishpress_future_action":{"enabled":false,"date":"2026-05-08 09:12:09","action":"change-status","newStatus":"draft","terms":[],"taxonomy":"category","extraData":[]},"publishpress_future_workflow_manual_trigger":{"enabledWorkflows":[]},"_links":{"self":[{"href":"https:\/\/test.comfenalcovalle.com.co\/en\/wp-json\/wp\/v2\/posts\/629468","targetHints":{"allow":["GET"]}}],"collection":[{"href":"https:\/\/test.comfenalcovalle.com.co\/en\/wp-json\/wp\/v2\/posts"}],"about":[{"href":"https:\/\/test.comfenalcovalle.com.co\/en\/wp-json\/wp\/v2\/types\/post"}],"author":[{"embeddable":true,"href":"https:\/\/test.comfenalcovalle.com.co\/en\/wp-json\/wp\/v2\/users\/6"}],"replies":[{"embeddable":true,"href":"https:\/\/test.comfenalcovalle.com.co\/en\/wp-json\/wp\/v2\/comments?post=629468"}],"version-history":[{"count":0,"href":"https:\/\/test.comfenalcovalle.com.co\/en\/wp-json\/wp\/v2\/posts\/629468\/revisions"}],"wp:featuredmedia":[{"embeddable":true,"href":"https:\/\/test.comfenalcovalle.com.co\/en\/wp-json\/wp\/v2\/media\/671397"}],"wp:attachment":[{"href":"https:\/\/test.comfenalcovalle.com.co\/en\/wp-json\/wp\/v2\/media?parent=629468"}],"wp:term":[{"taxonomy":"category","embeddable":true,"href":"https:\/\/test.comfenalcovalle.com.co\/en\/wp-json\/wp\/v2\/categories?post=629468"},{"taxonomy":"post_tag","embeddable":true,"href":"https:\/\/test.comfenalcovalle.com.co\/en\/wp-json\/wp\/v2\/tags?post=629468"}],"curies":[{"name":"wp","href":"https:\/\/api.w.org\/{rel}","templated":true}]}}