{"id":629349,"date":"2024-03-19T14:41:25","date_gmt":"2024-03-19T19:41:25","guid":{"rendered":"https:\/\/test.comfenalcovalle.com.co\/?p=629349"},"modified":"2024-03-19T17:49:35","modified_gmt":"2024-03-19T22:49:35","slug":"gracias-a-comfenalco-valle-delagente-13-196-personas-fueron-contratadas-en-2023","status":"publish","type":"post","link":"https:\/\/test.comfenalcovalle.com.co\/en\/gracias-a-comfenalco-valle-delagente-13-196-personas-fueron-contratadas-en-2023\/","title":{"rendered":"Gracias a Comfenalco Valle Delagente, 13.196 personas fueron contratadas en 2023"},"content":{"rendered":"<div data-elementor-type=\"wp-post\" data-elementor-id=\"629349\" class=\"elementor elementor-629349\" data-elementor-post-type=\"post\">\n\t\t\t\t\t\t<section class=\"elementor-section elementor-top-section elementor-element elementor-element-fc28a1f elementor-section-boxed elementor-section-height-default elementor-section-height-default\" data-id=\"fc28a1f\" data-element_type=\"section\">\n\t\t\t\t\t\t<div class=\"elementor-container elementor-column-gap-default\">\n\t\t\t\t\t<div class=\"elementor-column elementor-col-100 elementor-top-column elementor-element elementor-element-d26ccf8\" data-id=\"d26ccf8\" data-element_type=\"column\">\n\t\t\t<div class=\"elementor-widget-wrap elementor-element-populated\">\n\t\t\t\t\t\t<div class=\"elementor-element elementor-element-4ead61e elementor-widget elementor-widget-text-editor\" data-id=\"4ead61e\" data-element_type=\"widget\" data-widget_type=\"text-editor.default\">\n\t\t\t\t<div class=\"elementor-widget-container\">\n\t\t\t\t\t\t\t\t\t<p>Un gran total de 13.196 personas fueron contratadas durante el 2023 en diferentes empresas y cargos, gracias a la gesti\u00f3n de Comfenalco Valle Delagente, a trav\u00e9s de su Agencia de Empleo.<\/p><p>Esta cifra es el resultado del trabajo adelantado desde diferentes \u00e1mbitos, los cuales incluyen la realizaci\u00f3n de siete (7) eventos masivos, con un total de 5.262 asistentes y m\u00e1s de 143 convocatorias, con 9.262 asistentes en total:<\/p>\t\t\t\t\t\t\t\t<\/div>\n\t\t\t\t<\/div>\n\t\t\t\t<div class=\"elementor-element elementor-element-b047a59 elementor-widget elementor-widget-image\" data-id=\"b047a59\" data-element_type=\"widget\" data-widget_type=\"image.default\">\n\t\t\t\t<div class=\"elementor-widget-container\">\n\t\t\t\t\t\t\t\t\t\t\t\t\t\t\t<img fetchpriority=\"high\" decoding=\"async\" width=\"573\" height=\"478\" src=\"https:\/\/test.comfenalcovalle.com.co\/wp-content\/uploads\/2024\/03\/Tabla_empleo-2023.png\" class=\"attachment-2048x2048 size-2048x2048 wp-image-629385\" alt=\"\" srcset=\"https:\/\/test.comfenalcovalle.com.co\/wp-content\/uploads\/2024\/03\/Tabla_empleo-2023.png 573w, https:\/\/test.comfenalcovalle.com.co\/wp-content\/uploads\/2024\/03\/Tabla_empleo-2023-300x250.png 300w, https:\/\/test.comfenalcovalle.com.co\/wp-content\/uploads\/2024\/03\/Tabla_empleo-2023-14x12.png 14w\" sizes=\"(max-width: 573px) 100vw, 573px\" \/>\t\t\t\t\t\t\t\t\t\t\t\t\t\t\t<\/div>\n\t\t\t\t<\/div>\n\t\t\t\t<div class=\"elementor-element elementor-element-0132fa0 elementor-widget elementor-widget-spacer\" data-id=\"0132fa0\" data-element_type=\"widget\" data-widget_type=\"spacer.default\">\n\t\t\t\t<div class=\"elementor-widget-container\">\n\t\t\t\t\t\t\t<div class=\"elementor-spacer\">\n\t\t\t<div class=\"elementor-spacer-inner\"><\/div>\n\t\t<\/div>\n\t\t\t\t\t\t<\/div>\n\t\t\t\t<\/div>\n\t\t\t\t<div class=\"elementor-element elementor-element-b9d2ba2 elementor-widget elementor-widget-text-editor\" data-id=\"b9d2ba2\" data-element_type=\"widget\" data-widget_type=\"text-editor.default\">\n\t\t\t\t<div class=\"elementor-widget-container\">\n\t\t\t\t\t\t\t\t\t<p>Entre los empleos que m\u00e1s salida tuvieron, se destacan producci\u00f3n, seguridad, bodega, servicios generales, Call center, comercial y administrativos, entre otros.<\/p><p>\u201cEstos resultados son posibles gracias a la realizaci\u00f3n de las convocatorias, ferias y jornadas de empleo, que son los espacios en los que se re\u00fanen\u00a0empresas de distintos sectores que cuentan con m\u00e1s de 10 vacantes, con el fin de recibir el mayor n\u00famero de hojas de vida, generando oportunidades laborales a miles de buscadores\u00a0de empleo\u201d indic\u00f3 Clara Eugenio Orozco Zapata, Gerente de Empleabilidad y Emprendimiento de Comfenalco Valle Delagente.<\/p><p>En cuanto a estas jornadas masivas, hay que destacar que un total de 3.311 personas fueron contratadas durante el 2023, 1.664 mujeres en cargos comerciales, servicio al cliente, entre otros y 1.647 hombres en su mayor\u00eda para cargos de seguridad, producci\u00f3n y sector log\u00edstico.<\/p><p>Adicionalmente, la Agencia de Empleo de Comfenalco Valle Delagente a trav\u00e9s de su servicio de gesti\u00f3n y colocaci\u00f3n de empleo transnacional, ha logrado realizar dos exitosas convocatorias laborales para trabajar en Alemania, la primera de ellas para profesionales en Enfermer\u00eda en la que se logr\u00f3 la selecci\u00f3n de 15 personas, y la segunda para Tecn\u00f3logos en Electricidad Industrial, donde 11 candidatos fueron seleccionados en importantes compa\u00f1\u00edas de este pa\u00eds.<\/p><p>Durante el 2024 Comfenalco Valle Delagente continuar\u00e1 con las jornadas de empleo masivas y las convocatorias para empleo trasnacional, contribuyendo al desarrollo de nuestra regi\u00f3n y de nuestra gente vallecaucana.<\/p>\t\t\t\t\t\t\t\t<\/div>\n\t\t\t\t<\/div>\n\t\t\t\t\t<\/div>\n\t\t<\/div>\n\t\t\t\t\t<\/div>\n\t\t<\/section>\n\t\t\t\t<section class=\"elementor-section elementor-top-section elementor-element elementor-element-6a1ee33 elementor-section-boxed elementor-section-height-default elementor-section-height-default\" data-id=\"6a1ee33\" data-element_type=\"section\">\n\t\t\t\t\t\t<div class=\"elementor-container elementor-column-gap-default\">\n\t\t\t\t\t<div class=\"elementor-column elementor-col-100 elementor-top-column elementor-element elementor-element-ccfdd7f\" data-id=\"ccfdd7f\" data-element_type=\"column\">\n\t\t\t<div class=\"elementor-widget-wrap elementor-element-populated\">\n\t\t\t\t\t\t<div class=\"elementor-element elementor-element-2913217 elementor-widget elementor-widget-text-editor\" data-id=\"2913217\" data-element_type=\"widget\" data-widget_type=\"text-editor.default\">\n\t\t\t\t<div class=\"elementor-widget-container\">\n\t\t\t\t\t\t\t\t\t<p><strong>\u00a0<\/strong><\/p><p><strong>Comfenalco Valle Delagente\u00a0<\/strong><\/p><p><strong>Family Compensation Fund of Valle del Cauca.<\/strong><\/p>\t\t\t\t\t\t\t\t<\/div>\n\t\t\t\t<\/div>\n\t\t\t\t\t<\/div>\n\t\t<\/div>\n\t\t\t\t\t<\/div>\n\t\t<\/section>\n\t\t\t\t<\/div>","protected":false},"excerpt":{"rendered":"<p>Un gran total de 13.196 personas fueron contratadas durante el 2023 en diferentes empresas y cargos, gracias a la gesti\u00f3n de Comfenalco Valle Delagente, a trav\u00e9s de su Agencia de Empleo. Esta cifra es el resultado del trabajo adelantado desde diferentes \u00e1mbitos, los cuales incluyen la realizaci\u00f3n de siete (7) eventos masivos, con un total [&hellip;]<\/p>","protected":false},"author":6,"featured_media":629351,"comment_status":"closed","ping_status":"closed","sticky":false,"template":"","format":"standard","meta":{"footnotes":""},"categories":[73],"tags":[],"class_list":["post-629349","post","type-post","status-publish","format-standard","has-post-thumbnail","hentry","category-agencia-de-empleo"],"yoast_head":"<!-- This site is optimized with the Yoast SEO Premium plugin v25.9 (Yoast SEO v25.9) - https:\/\/yoast.com\/wordpress\/plugins\/seo\/ -->\n<title>Gracias a Comfenalco Valle Delagente, 13.196 personas fueron contratadas en 2023 - Comfenalco Valle Delagente<\/title>\n<meta name=\"robots\" content=\"index, follow, max-snippet:-1, max-image-preview:large, max-video-preview:-1\" \/>\n<link rel=\"canonical\" href=\"https:\/\/www.comfenalcovalle.com.co\/gracias-a-comfenalco-valle-delagente-13-196-personas-fueron-contratadas-en-2023\/\" \/>\n<meta property=\"og:locale\" content=\"en_US\" \/>\n<meta property=\"og:type\" content=\"article\" \/>\n<meta property=\"og:title\" content=\"Gracias a Comfenalco Valle Delagente, 13.196 personas fueron contratadas en 2023\" \/>\n<meta property=\"og:description\" content=\"Un gran total de 13.196 personas fueron contratadas durante el 2023 en diferentes empresas y cargos, gracias a la gesti\u00f3n de Comfenalco Valle Delagente, a trav\u00e9s de su Agencia de Empleo. Esta cifra es el resultado del trabajo adelantado desde diferentes \u00e1mbitos, los cuales incluyen la realizaci\u00f3n de siete (7) eventos masivos, con un total [&hellip;]\" \/>\n<meta property=\"og:url\" content=\"https:\/\/www.comfenalcovalle.com.co\/gracias-a-comfenalco-valle-delagente-13-196-personas-fueron-contratadas-en-2023\/\" \/>\n<meta property=\"og:site_name\" content=\"Comfenalco Valle Delagente\" \/>\n<meta property=\"article:published_time\" content=\"2024-03-19T19:41:25+00:00\" \/>\n<meta property=\"article:modified_time\" content=\"2024-03-19T22:49:35+00:00\" \/>\n<meta property=\"og:image\" content=\"https:\/\/www.comfenalcovalle.com.co\/wp-content\/uploads\/2024\/03\/Balance-de-empleo-2023-scaled.jpg\" \/>\n\t<meta property=\"og:image:width\" content=\"1280\" \/>\n\t<meta property=\"og:image:height\" content=\"960\" \/>\n\t<meta property=\"og:image:type\" content=\"image\/jpeg\" \/>\n<meta name=\"author\" content=\"Comunicaciones Comfenalco Valle delagente\" \/>\n<meta name=\"twitter:card\" content=\"summary_large_image\" \/>\n<meta name=\"twitter:label1\" content=\"Written by\" \/>\n\t<meta name=\"twitter:data1\" content=\"Comunicaciones Comfenalco Valle delagente\" \/>\n\t<meta name=\"twitter:label2\" content=\"Est. reading time\" \/>\n\t<meta name=\"twitter:data2\" content=\"2 minutes\" \/>\n<script type=\"application\/ld+json\" class=\"yoast-schema-graph\">{\"@context\":\"https:\/\/schema.org\",\"@graph\":[{\"@type\":\"Article\",\"@id\":\"https:\/\/www.comfenalcovalle.com.co\/gracias-a-comfenalco-valle-delagente-13-196-personas-fueron-contratadas-en-2023\/#article\",\"isPartOf\":{\"@id\":\"https:\/\/www.comfenalcovalle.com.co\/gracias-a-comfenalco-valle-delagente-13-196-personas-fueron-contratadas-en-2023\/\"},\"author\":{\"name\":\"Comunicaciones Comfenalco Valle delagente\",\"@id\":\"https:\/\/www.comfenalcovalle.com.co\/#\/schema\/person\/d4d8bcb299f88f97b06096cf6a21cb01\"},\"headline\":\"Gracias a Comfenalco Valle Delagente, 13.196 personas fueron contratadas en 2023\",\"datePublished\":\"2024-03-19T19:41:25+00:00\",\"dateModified\":\"2024-03-19T22:49:35+00:00\",\"mainEntityOfPage\":{\"@id\":\"https:\/\/www.comfenalcovalle.com.co\/gracias-a-comfenalco-valle-delagente-13-196-personas-fueron-contratadas-en-2023\/\"},\"wordCount\":332,\"publisher\":{\"@id\":\"https:\/\/www.comfenalcovalle.com.co\/#organization\"},\"image\":{\"@id\":\"https:\/\/www.comfenalcovalle.com.co\/gracias-a-comfenalco-valle-delagente-13-196-personas-fueron-contratadas-en-2023\/#primaryimage\"},\"thumbnailUrl\":\"https:\/\/test.comfenalcovalle.com.co\/wp-content\/uploads\/2024\/03\/Balance-de-empleo-2023-scaled.jpg\",\"articleSection\":[\"Agencia de empleo\"],\"inLanguage\":\"en-US\"},{\"@type\":\"WebPage\",\"@id\":\"https:\/\/www.comfenalcovalle.com.co\/gracias-a-comfenalco-valle-delagente-13-196-personas-fueron-contratadas-en-2023\/\",\"url\":\"https:\/\/www.comfenalcovalle.com.co\/gracias-a-comfenalco-valle-delagente-13-196-personas-fueron-contratadas-en-2023\/\",\"name\":\"Gracias a Comfenalco Valle Delagente, 13.196 personas fueron contratadas en 2023 - Comfenalco Valle Delagente\",\"isPartOf\":{\"@id\":\"https:\/\/www.comfenalcovalle.com.co\/#website\"},\"primaryImageOfPage\":{\"@id\":\"https:\/\/www.comfenalcovalle.com.co\/gracias-a-comfenalco-valle-delagente-13-196-personas-fueron-contratadas-en-2023\/#primaryimage\"},\"image\":{\"@id\":\"https:\/\/www.comfenalcovalle.com.co\/gracias-a-comfenalco-valle-delagente-13-196-personas-fueron-contratadas-en-2023\/#primaryimage\"},\"thumbnailUrl\":\"https:\/\/test.comfenalcovalle.com.co\/wp-content\/uploads\/2024\/03\/Balance-de-empleo-2023-scaled.jpg\",\"datePublished\":\"2024-03-19T19:41:25+00:00\",\"dateModified\":\"2024-03-19T22:49:35+00:00\",\"breadcrumb\":{\"@id\":\"https:\/\/www.comfenalcovalle.com.co\/gracias-a-comfenalco-valle-delagente-13-196-personas-fueron-contratadas-en-2023\/#breadcrumb\"},\"inLanguage\":\"en-US\",\"potentialAction\":[{\"@type\":\"ReadAction\",\"target\":[\"https:\/\/www.comfenalcovalle.com.co\/gracias-a-comfenalco-valle-delagente-13-196-personas-fueron-contratadas-en-2023\/\"]}]},{\"@type\":\"ImageObject\",\"inLanguage\":\"en-US\",\"@id\":\"https:\/\/www.comfenalcovalle.com.co\/gracias-a-comfenalco-valle-delagente-13-196-personas-fueron-contratadas-en-2023\/#primaryimage\",\"url\":\"https:\/\/test.comfenalcovalle.com.co\/wp-content\/uploads\/2024\/03\/Balance-de-empleo-2023-scaled.jpg\",\"contentUrl\":\"https:\/\/test.comfenalcovalle.com.co\/wp-content\/uploads\/2024\/03\/Balance-de-empleo-2023-scaled.jpg\",\"width\":1280,\"height\":960},{\"@type\":\"BreadcrumbList\",\"@id\":\"https:\/\/www.comfenalcovalle.com.co\/gracias-a-comfenalco-valle-delagente-13-196-personas-fueron-contratadas-en-2023\/#breadcrumb\",\"itemListElement\":[{\"@type\":\"ListItem\",\"position\":1,\"name\":\"Portada\",\"item\":\"https:\/\/www.comfenalcovalle.com.co\/\"},{\"@type\":\"ListItem\",\"position\":2,\"name\":\"Gracias a Comfenalco Valle Delagente, 13.196 personas fueron contratadas en 2023\"}]},{\"@type\":\"WebSite\",\"@id\":\"https:\/\/www.comfenalcovalle.com.co\/#website\",\"url\":\"https:\/\/www.comfenalcovalle.com.co\/\",\"name\":\"Comfenalco Valle Delagente\",\"description\":\"Caja de compensaci\u00f3n de Comfenalco Valle Delagente.\",\"publisher\":{\"@id\":\"https:\/\/www.comfenalcovalle.com.co\/#organization\"},\"potentialAction\":[{\"@type\":\"SearchAction\",\"target\":{\"@type\":\"EntryPoint\",\"urlTemplate\":\"https:\/\/www.comfenalcovalle.com.co\/?s={search_term_string}\"},\"query-input\":{\"@type\":\"PropertyValueSpecification\",\"valueRequired\":true,\"valueName\":\"search_term_string\"}}],\"inLanguage\":\"en-US\"},{\"@type\":\"Organization\",\"@id\":\"https:\/\/www.comfenalcovalle.com.co\/#organization\",\"name\":\"Comfenalco Valle Delagente\",\"url\":\"https:\/\/www.comfenalcovalle.com.co\/\",\"logo\":{\"@type\":\"ImageObject\",\"inLanguage\":\"en-US\",\"@id\":\"https:\/\/www.comfenalcovalle.com.co\/#\/schema\/logo\/image\/\",\"url\":\"https:\/\/test.comfenalcovalle.com.co\/wp-content\/uploads\/2021\/06\/logo-comfe-cabecera-agencia-empelo-actualizado.png\",\"contentUrl\":\"https:\/\/test.comfenalcovalle.com.co\/wp-content\/uploads\/2021\/06\/logo-comfe-cabecera-agencia-empelo-actualizado.png\",\"width\":500,\"height\":184,\"caption\":\"Comfenalco Valle Delagente\"},\"image\":{\"@id\":\"https:\/\/www.comfenalcovalle.com.co\/#\/schema\/logo\/image\/\"}},{\"@type\":\"Person\",\"@id\":\"https:\/\/www.comfenalcovalle.com.co\/#\/schema\/person\/d4d8bcb299f88f97b06096cf6a21cb01\",\"name\":\"Comunicaciones Comfenalco Valle delagente\",\"image\":{\"@type\":\"ImageObject\",\"inLanguage\":\"en-US\",\"@id\":\"https:\/\/www.comfenalcovalle.com.co\/#\/schema\/person\/image\/\",\"url\":\"https:\/\/secure.gravatar.com\/avatar\/d1c29eb639a137df0ac8bfec50479e8d6ef564f7320f439d9d984504359ea6ee?s=96&d=mm&r=g\",\"contentUrl\":\"https:\/\/secure.gravatar.com\/avatar\/d1c29eb639a137df0ac8bfec50479e8d6ef564f7320f439d9d984504359ea6ee?s=96&d=mm&r=g\",\"caption\":\"Comunicaciones Comfenalco Valle delagente\"},\"url\":\"https:\/\/test.comfenalcovalle.com.co\/en\/author\/comunicaciones-comfenalco-valle-delagente\/\"}]}<\/script>\n<!-- \/ Yoast SEO Premium plugin. -->","yoast_head_json":{"title":"Gracias a Comfenalco Valle Delagente, 13.196 personas fueron contratadas en 2023 - Comfenalco Valle Delagente","robots":{"index":"index","follow":"follow","max-snippet":"max-snippet:-1","max-image-preview":"max-image-preview:large","max-video-preview":"max-video-preview:-1"},"canonical":"https:\/\/www.comfenalcovalle.com.co\/gracias-a-comfenalco-valle-delagente-13-196-personas-fueron-contratadas-en-2023\/","og_locale":"en_US","og_type":"article","og_title":"Gracias a Comfenalco Valle Delagente, 13.196 personas fueron contratadas en 2023","og_description":"Un gran total de 13.196 personas fueron contratadas durante el 2023 en diferentes empresas y cargos, gracias a la gesti\u00f3n de Comfenalco Valle Delagente, a trav\u00e9s de su Agencia de Empleo. Esta cifra es el resultado del trabajo adelantado desde diferentes \u00e1mbitos, los cuales incluyen la realizaci\u00f3n de siete (7) eventos masivos, con un total [&hellip;]","og_url":"https:\/\/www.comfenalcovalle.com.co\/gracias-a-comfenalco-valle-delagente-13-196-personas-fueron-contratadas-en-2023\/","og_site_name":"Comfenalco Valle Delagente","article_published_time":"2024-03-19T19:41:25+00:00","article_modified_time":"2024-03-19T22:49:35+00:00","og_image":[{"width":1280,"height":960,"url":"https:\/\/www.comfenalcovalle.com.co\/wp-content\/uploads\/2024\/03\/Balance-de-empleo-2023-scaled.jpg","type":"image\/jpeg"}],"author":"Comunicaciones Comfenalco Valle delagente","twitter_card":"summary_large_image","twitter_misc":{"Written by":"Comunicaciones Comfenalco Valle delagente","Est. reading time":"2 minutes"},"schema":{"@context":"https:\/\/schema.org","@graph":[{"@type":"Article","@id":"https:\/\/www.comfenalcovalle.com.co\/gracias-a-comfenalco-valle-delagente-13-196-personas-fueron-contratadas-en-2023\/#article","isPartOf":{"@id":"https:\/\/www.comfenalcovalle.com.co\/gracias-a-comfenalco-valle-delagente-13-196-personas-fueron-contratadas-en-2023\/"},"author":{"name":"Comunicaciones Comfenalco Valle delagente","@id":"https:\/\/www.comfenalcovalle.com.co\/#\/schema\/person\/d4d8bcb299f88f97b06096cf6a21cb01"},"headline":"Gracias a Comfenalco Valle Delagente, 13.196 personas fueron contratadas en 2023","datePublished":"2024-03-19T19:41:25+00:00","dateModified":"2024-03-19T22:49:35+00:00","mainEntityOfPage":{"@id":"https:\/\/www.comfenalcovalle.com.co\/gracias-a-comfenalco-valle-delagente-13-196-personas-fueron-contratadas-en-2023\/"},"wordCount":332,"publisher":{"@id":"https:\/\/www.comfenalcovalle.com.co\/#organization"},"image":{"@id":"https:\/\/www.comfenalcovalle.com.co\/gracias-a-comfenalco-valle-delagente-13-196-personas-fueron-contratadas-en-2023\/#primaryimage"},"thumbnailUrl":"https:\/\/test.comfenalcovalle.com.co\/wp-content\/uploads\/2024\/03\/Balance-de-empleo-2023-scaled.jpg","articleSection":["Agencia de empleo"],"inLanguage":"en-US"},{"@type":"WebPage","@id":"https:\/\/www.comfenalcovalle.com.co\/gracias-a-comfenalco-valle-delagente-13-196-personas-fueron-contratadas-en-2023\/","url":"https:\/\/www.comfenalcovalle.com.co\/gracias-a-comfenalco-valle-delagente-13-196-personas-fueron-contratadas-en-2023\/","name":"Gracias a Comfenalco Valle Delagente, 13.196 personas fueron contratadas en 2023 - Comfenalco Valle Delagente","isPartOf":{"@id":"https:\/\/www.comfenalcovalle.com.co\/#website"},"primaryImageOfPage":{"@id":"https:\/\/www.comfenalcovalle.com.co\/gracias-a-comfenalco-valle-delagente-13-196-personas-fueron-contratadas-en-2023\/#primaryimage"},"image":{"@id":"https:\/\/www.comfenalcovalle.com.co\/gracias-a-comfenalco-valle-delagente-13-196-personas-fueron-contratadas-en-2023\/#primaryimage"},"thumbnailUrl":"https:\/\/test.comfenalcovalle.com.co\/wp-content\/uploads\/2024\/03\/Balance-de-empleo-2023-scaled.jpg","datePublished":"2024-03-19T19:41:25+00:00","dateModified":"2024-03-19T22:49:35+00:00","breadcrumb":{"@id":"https:\/\/www.comfenalcovalle.com.co\/gracias-a-comfenalco-valle-delagente-13-196-personas-fueron-contratadas-en-2023\/#breadcrumb"},"inLanguage":"en-US","potentialAction":[{"@type":"ReadAction","target":["https:\/\/www.comfenalcovalle.com.co\/gracias-a-comfenalco-valle-delagente-13-196-personas-fueron-contratadas-en-2023\/"]}]},{"@type":"ImageObject","inLanguage":"en-US","@id":"https:\/\/www.comfenalcovalle.com.co\/gracias-a-comfenalco-valle-delagente-13-196-personas-fueron-contratadas-en-2023\/#primaryimage","url":"https:\/\/test.comfenalcovalle.com.co\/wp-content\/uploads\/2024\/03\/Balance-de-empleo-2023-scaled.jpg","contentUrl":"https:\/\/test.comfenalcovalle.com.co\/wp-content\/uploads\/2024\/03\/Balance-de-empleo-2023-scaled.jpg","width":1280,"height":960},{"@type":"BreadcrumbList","@id":"https:\/\/www.comfenalcovalle.com.co\/gracias-a-comfenalco-valle-delagente-13-196-personas-fueron-contratadas-en-2023\/#breadcrumb","itemListElement":[{"@type":"ListItem","position":1,"name":"Portada","item":"https:\/\/www.comfenalcovalle.com.co\/"},{"@type":"ListItem","position":2,"name":"Gracias a Comfenalco Valle Delagente, 13.196 personas fueron contratadas en 2023"}]},{"@type":"WebSite","@id":"https:\/\/www.comfenalcovalle.com.co\/#website","url":"https:\/\/www.comfenalcovalle.com.co\/","name":"Comfenalco Valle Delagente","description":"Comfenalco Valle Delagente compensation fund.","publisher":{"@id":"https:\/\/www.comfenalcovalle.com.co\/#organization"},"potentialAction":[{"@type":"SearchAction","target":{"@type":"EntryPoint","urlTemplate":"https:\/\/www.comfenalcovalle.com.co\/?s={search_term_string}"},"query-input":{"@type":"PropertyValueSpecification","valueRequired":true,"valueName":"search_term_string"}}],"inLanguage":"en-US"},{"@type":"Organization","@id":"https:\/\/www.comfenalcovalle.com.co\/#organization","name":"Comfenalco Valle Delagente","url":"https:\/\/www.comfenalcovalle.com.co\/","logo":{"@type":"ImageObject","inLanguage":"en-US","@id":"https:\/\/www.comfenalcovalle.com.co\/#\/schema\/logo\/image\/","url":"https:\/\/test.comfenalcovalle.com.co\/wp-content\/uploads\/2021\/06\/logo-comfe-cabecera-agencia-empelo-actualizado.png","contentUrl":"https:\/\/test.comfenalcovalle.com.co\/wp-content\/uploads\/2021\/06\/logo-comfe-cabecera-agencia-empelo-actualizado.png","width":500,"height":184,"caption":"Comfenalco Valle Delagente"},"image":{"@id":"https:\/\/www.comfenalcovalle.com.co\/#\/schema\/logo\/image\/"}},{"@type":"Person","@id":"https:\/\/www.comfenalcovalle.com.co\/#\/schema\/person\/d4d8bcb299f88f97b06096cf6a21cb01","name":"Communications Comfenalco Valle delagente","image":{"@type":"ImageObject","inLanguage":"en-US","@id":"https:\/\/www.comfenalcovalle.com.co\/#\/schema\/person\/image\/","url":"https:\/\/secure.gravatar.com\/avatar\/d1c29eb639a137df0ac8bfec50479e8d6ef564f7320f439d9d984504359ea6ee?s=96&d=mm&r=g","contentUrl":"https:\/\/secure.gravatar.com\/avatar\/d1c29eb639a137df0ac8bfec50479e8d6ef564f7320f439d9d984504359ea6ee?s=96&d=mm&r=g","caption":"Comunicaciones Comfenalco Valle delagente"},"url":"https:\/\/test.comfenalcovalle.com.co\/en\/author\/comunicaciones-comfenalco-valle-delagente\/"}]}},"publishpress_future_action":{"enabled":false,"date":"2026-05-10 08:13:00","action":"change-status","newStatus":"draft","terms":[],"taxonomy":"category","extraData":[]},"publishpress_future_workflow_manual_trigger":{"enabledWorkflows":[]},"_links":{"self":[{"href":"https:\/\/test.comfenalcovalle.com.co\/en\/wp-json\/wp\/v2\/posts\/629349","targetHints":{"allow":["GET"]}}],"collection":[{"href":"https:\/\/test.comfenalcovalle.com.co\/en\/wp-json\/wp\/v2\/posts"}],"about":[{"href":"https:\/\/test.comfenalcovalle.com.co\/en\/wp-json\/wp\/v2\/types\/post"}],"author":[{"embeddable":true,"href":"https:\/\/test.comfenalcovalle.com.co\/en\/wp-json\/wp\/v2\/users\/6"}],"replies":[{"embeddable":true,"href":"https:\/\/test.comfenalcovalle.com.co\/en\/wp-json\/wp\/v2\/comments?post=629349"}],"version-history":[{"count":0,"href":"https:\/\/test.comfenalcovalle.com.co\/en\/wp-json\/wp\/v2\/posts\/629349\/revisions"}],"wp:featuredmedia":[{"embeddable":true,"href":"https:\/\/test.comfenalcovalle.com.co\/en\/wp-json\/wp\/v2\/media\/629351"}],"wp:attachment":[{"href":"https:\/\/test.comfenalcovalle.com.co\/en\/wp-json\/wp\/v2\/media?parent=629349"}],"wp:term":[{"taxonomy":"category","embeddable":true,"href":"https:\/\/test.comfenalcovalle.com.co\/en\/wp-json\/wp\/v2\/categories?post=629349"},{"taxonomy":"post_tag","embeddable":true,"href":"https:\/\/test.comfenalcovalle.com.co\/en\/wp-json\/wp\/v2\/tags?post=629349"}],"curies":[{"name":"wp","href":"https:\/\/api.w.org\/{rel}","templated":true}]}}