{"id":628936,"date":"2024-03-14T20:44:41","date_gmt":"2024-03-15T01:44:41","guid":{"rendered":"https:\/\/test.comfenalcovalle.com.co\/?p=628936"},"modified":"2024-03-15T17:01:47","modified_gmt":"2024-03-15T22:01:47","slug":"a-trabajar-en-austria-nueva-convocatoria-laboral-de-la-agencia-de-empleo-transnacional-de-comfenalco-valle-delagente","status":"publish","type":"post","link":"https:\/\/test.comfenalcovalle.com.co\/en\/a-trabajar-en-austria-nueva-convocatoria-laboral-de-la-agencia-de-empleo-transnacional-de-comfenalco-valle-delagente\/","title":{"rendered":"A trabajar en Austria: Nueva convocatoria laboral de la Agencia de Empleo Transnacional de Comfenalco Valle Delagente"},"content":{"rendered":"<div data-elementor-type=\"wp-post\" data-elementor-id=\"628936\" class=\"elementor elementor-628936\" data-elementor-post-type=\"post\">\n\t\t\t\t\t\t<section class=\"elementor-section elementor-top-section elementor-element elementor-element-53e40bc3 elementor-section-boxed elementor-section-height-default elementor-section-height-default\" data-id=\"53e40bc3\" data-element_type=\"section\">\n\t\t\t\t\t\t<div class=\"elementor-container elementor-column-gap-default\">\n\t\t\t\t\t<div class=\"elementor-column elementor-col-100 elementor-top-column elementor-element elementor-element-50a478e9\" data-id=\"50a478e9\" data-element_type=\"column\">\n\t\t\t<div class=\"elementor-widget-wrap elementor-element-populated\">\n\t\t\t\t\t\t<div class=\"elementor-element elementor-element-15d9e7d7 elementor-widget elementor-widget-text-editor\" data-id=\"15d9e7d7\" data-element_type=\"widget\" data-widget_type=\"text-editor.default\">\n\t\t\t\t<div class=\"elementor-widget-container\">\n\t\t\t\t\t\t\t\t\t<p><\/p>\n<p>Entre el 13 y el 15 de marzo, la Agencia de Empleo de Comfenalco Valle Delagente abrir\u00e1 una nueva convocatoria laboral para los profesionales en enfermer\u00eda que est\u00e9n interesados en trabajar en Austria.<\/p>\n<p><\/p>\n<p><\/p>\n<p>Esta nueva jornada de empleo transnacional, est\u00e1 dirigida a quienes cumplan con el siguiente perfil:<\/p>\n<p><\/p>\n<p><\/p>\n<ul class=\"wp-block-list\">\n<li style=\"list-style-type: none;\">\n<ul><\/ul>\n<\/li>\n<li>Hombre y\/o mujeres con t\u00edtulo profesional en enfermer\u00eda.<\/li>\n<li>Experiencia m\u00ednima de un a\u00f1o.<\/li>\n<li>Estar inscrito en el Registro \u00danico Nacional del Talento Humano en Salud (RETHUS).<\/li>\n<li>Tarjeta profesional.<\/li>\n<li>Con perfil asistencial para todos los departamentos de hospitalizaci\u00f3n, especialmente para medicina interna, cirug\u00eda, pediatr\u00eda, central de urgencias, cuidados intensivos, anestesia y cirug\u00eda.<\/li>\n<\/ul>\n<p><\/p>\n<p><\/p>\n<p><\/p>\n<p>El salario ofrecido oscila entre 2.100\u20ac y 2.500\u20ac durante el proceso de homologaci\u00f3n y entre 2.900\u20ac y 4.100\u20ac despu\u00e9s de la homologaci\u00f3n de acuerdo con la experiencia.<\/p>\n<p><\/p>\n<p><\/p>\n<p>Los interesados deben asistir en las fechas descritas anteriormente, a la 1:30 p.m. a la Calle 7 # 6 &#8211; 62, Agencia de Empleo Comfenalco Valle Delagente en Cali. Deben tener excelente presentaci\u00f3n personal, buena actitud y disponibilidad de tiempo para participar en la jornada.<\/p>\n<p><\/p>\n<p><\/p>\n<p>Con esta iniciativa, la Caja de Compensaci\u00f3n Comfenalco Valle Delagente sigue cumpliendo con su objetivo social de contribuir a la disminuci\u00f3n de la brecha de desempleo en el pa\u00eds y el mejoramiento de la econom\u00eda de los hogares vallecaucanos, acompa\u00f1ando a las personas interesadas en ofertas laborales en el exterior para que logren una migraci\u00f3n laboral segura.<\/p>\n<div class=\"wp-block-group\">\n<p><\/p>\n<\/div>\n<p><!-- \/wp:group --><\/p>\t\t\t\t\t\t\t\t<\/div>\n\t\t\t\t<\/div>\n\t\t\t\t<section class=\"elementor-section elementor-inner-section elementor-element elementor-element-bfdcfd4 elementor-section-boxed elementor-section-height-default elementor-section-height-default\" data-id=\"bfdcfd4\" data-element_type=\"section\">\n\t\t\t\t\t\t<div class=\"elementor-container elementor-column-gap-default\">\n\t\t\t\t\t<div class=\"elementor-column elementor-col-100 elementor-inner-column elementor-element elementor-element-71fa358\" data-id=\"71fa358\" data-element_type=\"column\">\n\t\t\t<div class=\"elementor-widget-wrap elementor-element-populated\">\n\t\t\t\t\t\t<div class=\"elementor-element elementor-element-04bf21e elementor-widget elementor-widget-text-editor\" data-id=\"04bf21e\" data-element_type=\"widget\" data-widget_type=\"text-editor.default\">\n\t\t\t\t<div class=\"elementor-widget-container\">\n\t\t\t\t\t\t\t\t\t<p><strong>Comfenalco Valle Delagente\u00a0<\/strong><\/p>\n<p><strong>Family Compensation Fund of Valle del Cauca<\/strong><\/p>\t\t\t\t\t\t\t\t<\/div>\n\t\t\t\t<\/div>\n\t\t\t\t\t<\/div>\n\t\t<\/div>\n\t\t\t\t\t<\/div>\n\t\t<\/section>\n\t\t\t\t\t<\/div>\n\t\t<\/div>\n\t\t\t\t\t<\/div>\n\t\t<\/section>\n\t\t\t\t<\/div>","protected":false},"excerpt":{"rendered":"<p>Entre el 13 y el 15 de marzo, la Agencia de Empleo de Comfenalco Valle Delagente abrir\u00e1 una nueva convocatoria laboral para los profesionales en enfermer\u00eda que est\u00e9n interesados en trabajar en Austria. Esta nueva jornada de empleo transnacional, est\u00e1 dirigida a quienes cumplan con el siguiente perfil: El salario ofrecido oscila entre 2.100\u20ac y [&hellip;]<\/p>","protected":false},"author":6,"featured_media":611554,"comment_status":"closed","ping_status":"closed","sticky":false,"template":"","format":"standard","meta":{"footnotes":""},"categories":[73],"tags":[],"class_list":["post-628936","post","type-post","status-publish","format-standard","has-post-thumbnail","hentry","category-agencia-de-empleo"],"yoast_head":"<!-- This site is optimized with the Yoast SEO Premium plugin v25.9 (Yoast SEO v25.9) - https:\/\/yoast.com\/wordpress\/plugins\/seo\/ -->\n<title>A trabajar en Austria: Nueva convocatoria laboral de la Agencia de Empleo Transnacional de Comfenalco Valle Delagente - Comfenalco Valle Delagente<\/title>\n<meta name=\"robots\" content=\"index, follow, max-snippet:-1, max-image-preview:large, max-video-preview:-1\" \/>\n<link rel=\"canonical\" href=\"https:\/\/www.comfenalcovalle.com.co\/a-trabajar-en-austria-nueva-convocatoria-laboral-de-la-agencia-de-empleo-transnacional-de-comfenalco-valle-delagente\/\" \/>\n<meta property=\"og:locale\" content=\"en_US\" \/>\n<meta property=\"og:type\" content=\"article\" \/>\n<meta property=\"og:title\" content=\"A trabajar en Austria: Nueva convocatoria laboral de la Agencia de Empleo Transnacional de Comfenalco Valle Delagente\" \/>\n<meta property=\"og:description\" content=\"Entre el 13 y el 15 de marzo, la Agencia de Empleo de Comfenalco Valle Delagente abrir\u00e1 una nueva convocatoria laboral para los profesionales en enfermer\u00eda que est\u00e9n interesados en trabajar en Austria. Esta nueva jornada de empleo transnacional, est\u00e1 dirigida a quienes cumplan con el siguiente perfil: El salario ofrecido oscila entre 2.100\u20ac y [&hellip;]\" \/>\n<meta property=\"og:url\" content=\"https:\/\/www.comfenalcovalle.com.co\/a-trabajar-en-austria-nueva-convocatoria-laboral-de-la-agencia-de-empleo-transnacional-de-comfenalco-valle-delagente\/\" \/>\n<meta property=\"og:site_name\" content=\"Comfenalco Valle Delagente\" \/>\n<meta property=\"article:published_time\" content=\"2024-03-15T01:44:41+00:00\" \/>\n<meta property=\"article:modified_time\" content=\"2024-03-15T22:01:47+00:00\" \/>\n<meta property=\"og:image\" content=\"https:\/\/www.comfenalcovalle.com.co\/wp-content\/uploads\/2023\/04\/agencia-empleo-atencion-2023-06.jpg\" \/>\n\t<meta property=\"og:image:width\" content=\"813\" \/>\n\t<meta property=\"og:image:height\" content=\"542\" \/>\n\t<meta property=\"og:image:type\" content=\"image\/jpeg\" \/>\n<meta name=\"author\" content=\"Comunicaciones Comfenalco Valle delagente\" \/>\n<meta name=\"twitter:card\" content=\"summary_large_image\" \/>\n<meta name=\"twitter:label1\" content=\"Written by\" \/>\n\t<meta name=\"twitter:data1\" content=\"Comunicaciones Comfenalco Valle delagente\" \/>\n\t<meta name=\"twitter:label2\" content=\"Est. reading time\" \/>\n\t<meta name=\"twitter:data2\" content=\"2 minutes\" \/>\n<script type=\"application\/ld+json\" class=\"yoast-schema-graph\">{\"@context\":\"https:\/\/schema.org\",\"@graph\":[{\"@type\":\"Article\",\"@id\":\"https:\/\/www.comfenalcovalle.com.co\/a-trabajar-en-austria-nueva-convocatoria-laboral-de-la-agencia-de-empleo-transnacional-de-comfenalco-valle-delagente\/#article\",\"isPartOf\":{\"@id\":\"https:\/\/www.comfenalcovalle.com.co\/a-trabajar-en-austria-nueva-convocatoria-laboral-de-la-agencia-de-empleo-transnacional-de-comfenalco-valle-delagente\/\"},\"author\":{\"name\":\"Comunicaciones Comfenalco Valle delagente\",\"@id\":\"https:\/\/www.comfenalcovalle.com.co\/#\/schema\/person\/d4d8bcb299f88f97b06096cf6a21cb01\"},\"headline\":\"A trabajar en Austria: Nueva convocatoria laboral de la Agencia de Empleo Transnacional de Comfenalco Valle Delagente\",\"datePublished\":\"2024-03-15T01:44:41+00:00\",\"dateModified\":\"2024-03-15T22:01:47+00:00\",\"mainEntityOfPage\":{\"@id\":\"https:\/\/www.comfenalcovalle.com.co\/a-trabajar-en-austria-nueva-convocatoria-laboral-de-la-agencia-de-empleo-transnacional-de-comfenalco-valle-delagente\/\"},\"wordCount\":269,\"publisher\":{\"@id\":\"https:\/\/www.comfenalcovalle.com.co\/#organization\"},\"image\":{\"@id\":\"https:\/\/www.comfenalcovalle.com.co\/a-trabajar-en-austria-nueva-convocatoria-laboral-de-la-agencia-de-empleo-transnacional-de-comfenalco-valle-delagente\/#primaryimage\"},\"thumbnailUrl\":\"https:\/\/test.comfenalcovalle.com.co\/wp-content\/uploads\/2023\/04\/agencia-empleo-atencion-2023-06.jpg\",\"articleSection\":[\"Agencia de empleo\"],\"inLanguage\":\"en-US\"},{\"@type\":\"WebPage\",\"@id\":\"https:\/\/www.comfenalcovalle.com.co\/a-trabajar-en-austria-nueva-convocatoria-laboral-de-la-agencia-de-empleo-transnacional-de-comfenalco-valle-delagente\/\",\"url\":\"https:\/\/www.comfenalcovalle.com.co\/a-trabajar-en-austria-nueva-convocatoria-laboral-de-la-agencia-de-empleo-transnacional-de-comfenalco-valle-delagente\/\",\"name\":\"A trabajar en Austria: Nueva convocatoria laboral de la Agencia de Empleo Transnacional de Comfenalco Valle Delagente - Comfenalco Valle Delagente\",\"isPartOf\":{\"@id\":\"https:\/\/www.comfenalcovalle.com.co\/#website\"},\"primaryImageOfPage\":{\"@id\":\"https:\/\/www.comfenalcovalle.com.co\/a-trabajar-en-austria-nueva-convocatoria-laboral-de-la-agencia-de-empleo-transnacional-de-comfenalco-valle-delagente\/#primaryimage\"},\"image\":{\"@id\":\"https:\/\/www.comfenalcovalle.com.co\/a-trabajar-en-austria-nueva-convocatoria-laboral-de-la-agencia-de-empleo-transnacional-de-comfenalco-valle-delagente\/#primaryimage\"},\"thumbnailUrl\":\"https:\/\/test.comfenalcovalle.com.co\/wp-content\/uploads\/2023\/04\/agencia-empleo-atencion-2023-06.jpg\",\"datePublished\":\"2024-03-15T01:44:41+00:00\",\"dateModified\":\"2024-03-15T22:01:47+00:00\",\"breadcrumb\":{\"@id\":\"https:\/\/www.comfenalcovalle.com.co\/a-trabajar-en-austria-nueva-convocatoria-laboral-de-la-agencia-de-empleo-transnacional-de-comfenalco-valle-delagente\/#breadcrumb\"},\"inLanguage\":\"en-US\",\"potentialAction\":[{\"@type\":\"ReadAction\",\"target\":[\"https:\/\/www.comfenalcovalle.com.co\/a-trabajar-en-austria-nueva-convocatoria-laboral-de-la-agencia-de-empleo-transnacional-de-comfenalco-valle-delagente\/\"]}]},{\"@type\":\"ImageObject\",\"inLanguage\":\"en-US\",\"@id\":\"https:\/\/www.comfenalcovalle.com.co\/a-trabajar-en-austria-nueva-convocatoria-laboral-de-la-agencia-de-empleo-transnacional-de-comfenalco-valle-delagente\/#primaryimage\",\"url\":\"https:\/\/test.comfenalcovalle.com.co\/wp-content\/uploads\/2023\/04\/agencia-empleo-atencion-2023-06.jpg\",\"contentUrl\":\"https:\/\/test.comfenalcovalle.com.co\/wp-content\/uploads\/2023\/04\/agencia-empleo-atencion-2023-06.jpg\",\"width\":813,\"height\":542,\"caption\":\"atenci\u00f3n agencia de empleo comfenalco valle delagente\"},{\"@type\":\"BreadcrumbList\",\"@id\":\"https:\/\/www.comfenalcovalle.com.co\/a-trabajar-en-austria-nueva-convocatoria-laboral-de-la-agencia-de-empleo-transnacional-de-comfenalco-valle-delagente\/#breadcrumb\",\"itemListElement\":[{\"@type\":\"ListItem\",\"position\":1,\"name\":\"Portada\",\"item\":\"https:\/\/www.comfenalcovalle.com.co\/\"},{\"@type\":\"ListItem\",\"position\":2,\"name\":\"A trabajar en Austria: Nueva convocatoria laboral de la Agencia de Empleo Transnacional de Comfenalco Valle Delagente\"}]},{\"@type\":\"WebSite\",\"@id\":\"https:\/\/www.comfenalcovalle.com.co\/#website\",\"url\":\"https:\/\/www.comfenalcovalle.com.co\/\",\"name\":\"Comfenalco Valle Delagente\",\"description\":\"Caja de compensaci\u00f3n de Comfenalco Valle Delagente.\",\"publisher\":{\"@id\":\"https:\/\/www.comfenalcovalle.com.co\/#organization\"},\"potentialAction\":[{\"@type\":\"SearchAction\",\"target\":{\"@type\":\"EntryPoint\",\"urlTemplate\":\"https:\/\/www.comfenalcovalle.com.co\/?s={search_term_string}\"},\"query-input\":{\"@type\":\"PropertyValueSpecification\",\"valueRequired\":true,\"valueName\":\"search_term_string\"}}],\"inLanguage\":\"en-US\"},{\"@type\":\"Organization\",\"@id\":\"https:\/\/www.comfenalcovalle.com.co\/#organization\",\"name\":\"Comfenalco Valle Delagente\",\"url\":\"https:\/\/www.comfenalcovalle.com.co\/\",\"logo\":{\"@type\":\"ImageObject\",\"inLanguage\":\"en-US\",\"@id\":\"https:\/\/www.comfenalcovalle.com.co\/#\/schema\/logo\/image\/\",\"url\":\"https:\/\/test.comfenalcovalle.com.co\/wp-content\/uploads\/2021\/06\/logo-comfe-cabecera-agencia-empelo-actualizado.png\",\"contentUrl\":\"https:\/\/test.comfenalcovalle.com.co\/wp-content\/uploads\/2021\/06\/logo-comfe-cabecera-agencia-empelo-actualizado.png\",\"width\":500,\"height\":184,\"caption\":\"Comfenalco Valle Delagente\"},\"image\":{\"@id\":\"https:\/\/www.comfenalcovalle.com.co\/#\/schema\/logo\/image\/\"}},{\"@type\":\"Person\",\"@id\":\"https:\/\/www.comfenalcovalle.com.co\/#\/schema\/person\/d4d8bcb299f88f97b06096cf6a21cb01\",\"name\":\"Comunicaciones Comfenalco Valle delagente\",\"image\":{\"@type\":\"ImageObject\",\"inLanguage\":\"en-US\",\"@id\":\"https:\/\/www.comfenalcovalle.com.co\/#\/schema\/person\/image\/\",\"url\":\"https:\/\/secure.gravatar.com\/avatar\/d1c29eb639a137df0ac8bfec50479e8d6ef564f7320f439d9d984504359ea6ee?s=96&d=mm&r=g\",\"contentUrl\":\"https:\/\/secure.gravatar.com\/avatar\/d1c29eb639a137df0ac8bfec50479e8d6ef564f7320f439d9d984504359ea6ee?s=96&d=mm&r=g\",\"caption\":\"Comunicaciones Comfenalco Valle delagente\"},\"url\":\"https:\/\/test.comfenalcovalle.com.co\/en\/author\/comunicaciones-comfenalco-valle-delagente\/\"}]}<\/script>\n<!-- \/ Yoast SEO Premium plugin. -->","yoast_head_json":{"title":"A trabajar en Austria: Nueva convocatoria laboral de la Agencia de Empleo Transnacional de Comfenalco Valle Delagente - Comfenalco Valle Delagente","robots":{"index":"index","follow":"follow","max-snippet":"max-snippet:-1","max-image-preview":"max-image-preview:large","max-video-preview":"max-video-preview:-1"},"canonical":"https:\/\/www.comfenalcovalle.com.co\/a-trabajar-en-austria-nueva-convocatoria-laboral-de-la-agencia-de-empleo-transnacional-de-comfenalco-valle-delagente\/","og_locale":"en_US","og_type":"article","og_title":"A trabajar en Austria: Nueva convocatoria laboral de la Agencia de Empleo Transnacional de Comfenalco Valle Delagente","og_description":"Entre el 13 y el 15 de marzo, la Agencia de Empleo de Comfenalco Valle Delagente abrir\u00e1 una nueva convocatoria laboral para los profesionales en enfermer\u00eda que est\u00e9n interesados en trabajar en Austria. Esta nueva jornada de empleo transnacional, est\u00e1 dirigida a quienes cumplan con el siguiente perfil: El salario ofrecido oscila entre 2.100\u20ac y [&hellip;]","og_url":"https:\/\/www.comfenalcovalle.com.co\/a-trabajar-en-austria-nueva-convocatoria-laboral-de-la-agencia-de-empleo-transnacional-de-comfenalco-valle-delagente\/","og_site_name":"Comfenalco Valle Delagente","article_published_time":"2024-03-15T01:44:41+00:00","article_modified_time":"2024-03-15T22:01:47+00:00","og_image":[{"width":813,"height":542,"url":"https:\/\/www.comfenalcovalle.com.co\/wp-content\/uploads\/2023\/04\/agencia-empleo-atencion-2023-06.jpg","type":"image\/jpeg"}],"author":"Comunicaciones Comfenalco Valle delagente","twitter_card":"summary_large_image","twitter_misc":{"Written by":"Comunicaciones Comfenalco Valle delagente","Est. reading time":"2 minutes"},"schema":{"@context":"https:\/\/schema.org","@graph":[{"@type":"Article","@id":"https:\/\/www.comfenalcovalle.com.co\/a-trabajar-en-austria-nueva-convocatoria-laboral-de-la-agencia-de-empleo-transnacional-de-comfenalco-valle-delagente\/#article","isPartOf":{"@id":"https:\/\/www.comfenalcovalle.com.co\/a-trabajar-en-austria-nueva-convocatoria-laboral-de-la-agencia-de-empleo-transnacional-de-comfenalco-valle-delagente\/"},"author":{"name":"Comunicaciones Comfenalco Valle delagente","@id":"https:\/\/www.comfenalcovalle.com.co\/#\/schema\/person\/d4d8bcb299f88f97b06096cf6a21cb01"},"headline":"A trabajar en Austria: Nueva convocatoria laboral de la Agencia de Empleo Transnacional de Comfenalco Valle Delagente","datePublished":"2024-03-15T01:44:41+00:00","dateModified":"2024-03-15T22:01:47+00:00","mainEntityOfPage":{"@id":"https:\/\/www.comfenalcovalle.com.co\/a-trabajar-en-austria-nueva-convocatoria-laboral-de-la-agencia-de-empleo-transnacional-de-comfenalco-valle-delagente\/"},"wordCount":269,"publisher":{"@id":"https:\/\/www.comfenalcovalle.com.co\/#organization"},"image":{"@id":"https:\/\/www.comfenalcovalle.com.co\/a-trabajar-en-austria-nueva-convocatoria-laboral-de-la-agencia-de-empleo-transnacional-de-comfenalco-valle-delagente\/#primaryimage"},"thumbnailUrl":"https:\/\/test.comfenalcovalle.com.co\/wp-content\/uploads\/2023\/04\/agencia-empleo-atencion-2023-06.jpg","articleSection":["Agencia de empleo"],"inLanguage":"en-US"},{"@type":"WebPage","@id":"https:\/\/www.comfenalcovalle.com.co\/a-trabajar-en-austria-nueva-convocatoria-laboral-de-la-agencia-de-empleo-transnacional-de-comfenalco-valle-delagente\/","url":"https:\/\/www.comfenalcovalle.com.co\/a-trabajar-en-austria-nueva-convocatoria-laboral-de-la-agencia-de-empleo-transnacional-de-comfenalco-valle-delagente\/","name":"A trabajar en Austria: Nueva convocatoria laboral de la Agencia de Empleo Transnacional de Comfenalco Valle Delagente - Comfenalco Valle Delagente","isPartOf":{"@id":"https:\/\/www.comfenalcovalle.com.co\/#website"},"primaryImageOfPage":{"@id":"https:\/\/www.comfenalcovalle.com.co\/a-trabajar-en-austria-nueva-convocatoria-laboral-de-la-agencia-de-empleo-transnacional-de-comfenalco-valle-delagente\/#primaryimage"},"image":{"@id":"https:\/\/www.comfenalcovalle.com.co\/a-trabajar-en-austria-nueva-convocatoria-laboral-de-la-agencia-de-empleo-transnacional-de-comfenalco-valle-delagente\/#primaryimage"},"thumbnailUrl":"https:\/\/test.comfenalcovalle.com.co\/wp-content\/uploads\/2023\/04\/agencia-empleo-atencion-2023-06.jpg","datePublished":"2024-03-15T01:44:41+00:00","dateModified":"2024-03-15T22:01:47+00:00","breadcrumb":{"@id":"https:\/\/www.comfenalcovalle.com.co\/a-trabajar-en-austria-nueva-convocatoria-laboral-de-la-agencia-de-empleo-transnacional-de-comfenalco-valle-delagente\/#breadcrumb"},"inLanguage":"en-US","potentialAction":[{"@type":"ReadAction","target":["https:\/\/www.comfenalcovalle.com.co\/a-trabajar-en-austria-nueva-convocatoria-laboral-de-la-agencia-de-empleo-transnacional-de-comfenalco-valle-delagente\/"]}]},{"@type":"ImageObject","inLanguage":"en-US","@id":"https:\/\/www.comfenalcovalle.com.co\/a-trabajar-en-austria-nueva-convocatoria-laboral-de-la-agencia-de-empleo-transnacional-de-comfenalco-valle-delagente\/#primaryimage","url":"https:\/\/test.comfenalcovalle.com.co\/wp-content\/uploads\/2023\/04\/agencia-empleo-atencion-2023-06.jpg","contentUrl":"https:\/\/test.comfenalcovalle.com.co\/wp-content\/uploads\/2023\/04\/agencia-empleo-atencion-2023-06.jpg","width":813,"height":542,"caption":"atenci\u00f3n agencia de empleo comfenalco valle delagente"},{"@type":"BreadcrumbList","@id":"https:\/\/www.comfenalcovalle.com.co\/a-trabajar-en-austria-nueva-convocatoria-laboral-de-la-agencia-de-empleo-transnacional-de-comfenalco-valle-delagente\/#breadcrumb","itemListElement":[{"@type":"ListItem","position":1,"name":"Portada","item":"https:\/\/www.comfenalcovalle.com.co\/"},{"@type":"ListItem","position":2,"name":"A trabajar en Austria: Nueva convocatoria laboral de la Agencia de Empleo Transnacional de Comfenalco Valle Delagente"}]},{"@type":"WebSite","@id":"https:\/\/www.comfenalcovalle.com.co\/#website","url":"https:\/\/www.comfenalcovalle.com.co\/","name":"Comfenalco Valle Delagente","description":"Comfenalco Valle Delagente compensation fund.","publisher":{"@id":"https:\/\/www.comfenalcovalle.com.co\/#organization"},"potentialAction":[{"@type":"SearchAction","target":{"@type":"EntryPoint","urlTemplate":"https:\/\/www.comfenalcovalle.com.co\/?s={search_term_string}"},"query-input":{"@type":"PropertyValueSpecification","valueRequired":true,"valueName":"search_term_string"}}],"inLanguage":"en-US"},{"@type":"Organization","@id":"https:\/\/www.comfenalcovalle.com.co\/#organization","name":"Comfenalco Valle Delagente","url":"https:\/\/www.comfenalcovalle.com.co\/","logo":{"@type":"ImageObject","inLanguage":"en-US","@id":"https:\/\/www.comfenalcovalle.com.co\/#\/schema\/logo\/image\/","url":"https:\/\/test.comfenalcovalle.com.co\/wp-content\/uploads\/2021\/06\/logo-comfe-cabecera-agencia-empelo-actualizado.png","contentUrl":"https:\/\/test.comfenalcovalle.com.co\/wp-content\/uploads\/2021\/06\/logo-comfe-cabecera-agencia-empelo-actualizado.png","width":500,"height":184,"caption":"Comfenalco Valle Delagente"},"image":{"@id":"https:\/\/www.comfenalcovalle.com.co\/#\/schema\/logo\/image\/"}},{"@type":"Person","@id":"https:\/\/www.comfenalcovalle.com.co\/#\/schema\/person\/d4d8bcb299f88f97b06096cf6a21cb01","name":"Communications Comfenalco Valle delagente","image":{"@type":"ImageObject","inLanguage":"en-US","@id":"https:\/\/www.comfenalcovalle.com.co\/#\/schema\/person\/image\/","url":"https:\/\/secure.gravatar.com\/avatar\/d1c29eb639a137df0ac8bfec50479e8d6ef564f7320f439d9d984504359ea6ee?s=96&d=mm&r=g","contentUrl":"https:\/\/secure.gravatar.com\/avatar\/d1c29eb639a137df0ac8bfec50479e8d6ef564f7320f439d9d984504359ea6ee?s=96&d=mm&r=g","caption":"Comunicaciones Comfenalco Valle delagente"},"url":"https:\/\/test.comfenalcovalle.com.co\/en\/author\/comunicaciones-comfenalco-valle-delagente\/"}]}},"publishpress_future_action":{"enabled":false,"date":"2026-05-10 11:25:41","action":"change-status","newStatus":"draft","terms":[],"taxonomy":"category","extraData":[]},"publishpress_future_workflow_manual_trigger":{"enabledWorkflows":[]},"_links":{"self":[{"href":"https:\/\/test.comfenalcovalle.com.co\/en\/wp-json\/wp\/v2\/posts\/628936","targetHints":{"allow":["GET"]}}],"collection":[{"href":"https:\/\/test.comfenalcovalle.com.co\/en\/wp-json\/wp\/v2\/posts"}],"about":[{"href":"https:\/\/test.comfenalcovalle.com.co\/en\/wp-json\/wp\/v2\/types\/post"}],"author":[{"embeddable":true,"href":"https:\/\/test.comfenalcovalle.com.co\/en\/wp-json\/wp\/v2\/users\/6"}],"replies":[{"embeddable":true,"href":"https:\/\/test.comfenalcovalle.com.co\/en\/wp-json\/wp\/v2\/comments?post=628936"}],"version-history":[{"count":0,"href":"https:\/\/test.comfenalcovalle.com.co\/en\/wp-json\/wp\/v2\/posts\/628936\/revisions"}],"wp:featuredmedia":[{"embeddable":true,"href":"https:\/\/test.comfenalcovalle.com.co\/en\/wp-json\/wp\/v2\/media\/611554"}],"wp:attachment":[{"href":"https:\/\/test.comfenalcovalle.com.co\/en\/wp-json\/wp\/v2\/media?parent=628936"}],"wp:term":[{"taxonomy":"category","embeddable":true,"href":"https:\/\/test.comfenalcovalle.com.co\/en\/wp-json\/wp\/v2\/categories?post=628936"},{"taxonomy":"post_tag","embeddable":true,"href":"https:\/\/test.comfenalcovalle.com.co\/en\/wp-json\/wp\/v2\/tags?post=628936"}],"curies":[{"name":"wp","href":"https:\/\/api.w.org\/{rel}","templated":true}]}}