{"id":625583,"date":"2024-02-23T09:46:22","date_gmt":"2024-02-23T14:46:22","guid":{"rendered":"https:\/\/test.comfenalcovalle.com.co\/?p=625583"},"modified":"2024-02-23T10:06:47","modified_gmt":"2024-02-23T15:06:47","slug":"buenaventura-puerto-de-paz","status":"publish","type":"post","link":"https:\/\/test.comfenalcovalle.com.co\/en\/buenaventura-puerto-de-paz\/","title":{"rendered":"Buenaventura Puerto de Paz"},"content":{"rendered":"<div data-elementor-type=\"wp-post\" data-elementor-id=\"625583\" class=\"elementor elementor-625583\" data-elementor-post-type=\"post\">\n\t\t\t\t\t\t<section class=\"elementor-section elementor-top-section elementor-element elementor-element-4e7a10f5 elementor-section-boxed elementor-section-height-default elementor-section-height-default\" data-id=\"4e7a10f5\" data-element_type=\"section\">\n\t\t\t\t\t\t<div class=\"elementor-container elementor-column-gap-default\">\n\t\t\t\t\t<div class=\"elementor-column elementor-col-100 elementor-top-column elementor-element elementor-element-f6facdb\" data-id=\"f6facdb\" data-element_type=\"column\">\n\t\t\t<div class=\"elementor-widget-wrap elementor-element-populated\">\n\t\t\t\t\t\t<div class=\"elementor-element elementor-element-22edef62 elementor-widget elementor-widget-text-editor\" data-id=\"22edef62\" data-element_type=\"widget\" data-widget_type=\"text-editor.default\">\n\t\t\t\t<div class=\"elementor-widget-container\">\n\t\t\t\t\t\t\t\t\t\n<p>Llaman la atenci\u00f3n del pa\u00eds los profundos cambios que se est\u00e1n dando en Buenaventura; la transformaci\u00f3n social, impulsada por actores estrat\u00e9gicos y v\u00e1lidos para la comunidad y la naci\u00f3n como el Obispo Rub\u00e9n Dar\u00edo Jaramillo, el recibimiento en Buenaventura por primera vez de uno de los cruceros m\u00e1s importantes del mundo y el actual Campeonato de F\u00fatbol \u201cBUENAVENTURA EN PAZ\u201d el cual logr\u00f3 por primera vez reunir a 1.469 j\u00f3venes deportistas femeninos y masculinos en 113 equipos de f\u00fatbol que se la juegan por la Copa \u201cBUENAVENTURA EN PAZ\u201d.<\/p>\n\n<p>Todo esto nos impuls\u00f3 apoyar el programa \u00abDi\u00e1logos pa\u00eds, conversaciones para entender a Colombia\u00bb el cual presentar\u00e1 en el auditorio de la Caja de Compensaci\u00f3n Familiar Comfenalco Valle Delagente de la ciudad de Buenaventura este s\u00e1bado 24 de febrero a las 2:30 pm, a los j\u00f3venes protagonistas del citado torneo de f\u00fatbol junto con l\u00edderes de opini\u00f3n nacionales e internacionales entre los que se encuentran el profesor Willington Ortiz entre otras destacadas personalidades del mundo acad\u00e9mico, liderazgos sociales, derechos humanos, periodismo y organismos internacionales.<\/p>\n\t\t\t\t\t\t\t\t<\/div>\n\t\t\t\t<\/div>\n\t\t\t\t<div class=\"elementor-element elementor-element-3d8b8dd elementor-widget elementor-widget-video\" data-id=\"3d8b8dd\" data-element_type=\"widget\" data-settings=\"{&quot;youtube_url&quot;:&quot;https:\\\/\\\/youtu.be\\\/ml-RsmA518Y&quot;,&quot;video_type&quot;:&quot;youtube&quot;,&quot;controls&quot;:&quot;yes&quot;}\" data-widget_type=\"video.default\">\n\t\t\t\t<div class=\"elementor-widget-container\">\n\t\t\t\t\t\t\t<div class=\"elementor-wrapper elementor-open-inline\">\n\t\t\t<div class=\"elementor-video\"><\/div>\t\t<\/div>\n\t\t\t\t\t\t<\/div>\n\t\t\t\t<\/div>\n\t\t\t\t<div class=\"elementor-element elementor-element-3912ddf elementor-widget elementor-widget-text-editor\" data-id=\"3912ddf\" data-element_type=\"widget\" data-widget_type=\"text-editor.default\">\n\t\t\t\t<div class=\"elementor-widget-container\">\n\t\t\t\t\t\t\t\t\t\n<p>El programa \u00abDi\u00e1logos Pa\u00eds\u00bb genera conversaciones de naci\u00f3n en los territorios y regiones m\u00e1s apartadas de Colombia con un eje central de protecci\u00f3n a los DDHH, en un ejercicio de comprensi\u00f3n, b\u00fasqueda de sentido territorial, empoderando sus deseos y las voces de las regiones en el mapa nacional, pero al mismo tiempo como un ejercicio de soberan\u00eda de pa\u00eds en una naci\u00f3n a menudo amn\u00e9sica de sus regiones, riqueza y de su diversidad.<\/p>\n\n<p>Empezar en Buenaventura con el apoyo de Comfenalco Valle Delagente, la Di\u00f3cesis de Buenaventura, el Instituto de Paz del Congreso de EEUU y dem\u00e1s aliados significa poner en el mapa una ciudad, una comunidad y en especial unos j\u00f3venes que hoy se la juegan por la paz. Este ejercicio democr\u00e1tico y de ciudadan\u00eda generar\u00e1 un pacto a favor de los esfuerzos de paz y de derechos humanos que los j\u00f3venes plantean hoy mismo para Buenaventura y su regi\u00f3n.<\/p>\n\n<p>Un segundo momento es el domingo 25 de febrero acompa\u00f1ando la premiaci\u00f3n del programa \u00abBUENAVENTURA EN PAZ\u00bb, una poderosa e innovadora iniciativa que a trav\u00e9s del F\u00fatbol ha construido mecanismos de paz y participaci\u00f3n de las y los j\u00f3venes de Buenaventura.<\/p>\n\n<p>El \u00e9xito de esta convocatoria ha provocado una importante disminuci\u00f3n en los \u00edndices de violencia de la ciudad y posiciona una nueva narrativa para el departamento. Este programa tiene que ser visto como un logro de la regi\u00f3n, pero tambi\u00e9n del pa\u00eds, porque la paz de Buenaventura es la paz de Colombia.<\/p>\n\n<p>\u00a0<\/p>\n\n<p><strong>Di\u00f3cesis de Buenaventura y Comfenalco Valle Delagente<\/strong><\/p>\n\n<p><strong>Contacto medios:<\/strong><\/p>\n\n<p><strong>Diego Aretz (Periodista, quien ser\u00e1 el moderador de este espacio)<\/strong><\/p>\n\n<p><strong>N\u00famero tel\u00e9fono celular 319 529 1912.<\/strong><\/p>\n\t\t\t\t\t\t\t\t<\/div>\n\t\t\t\t<\/div>\n\t\t\t\t\t<\/div>\n\t\t<\/div>\n\t\t\t\t\t<\/div>\n\t\t<\/section>\n\t\t\t\t<\/div>","protected":false},"excerpt":{"rendered":"<p>Llaman la atenci\u00f3n del pa\u00eds los profundos cambios que se est\u00e1n dando en Buenaventura; la transformaci\u00f3n social, impulsada por actores estrat\u00e9gicos y v\u00e1lidos para la comunidad y la naci\u00f3n como el Obispo Rub\u00e9n Dar\u00edo Jaramillo, el recibimiento en Buenaventura por primera vez de uno de los cruceros m\u00e1s importantes del mundo y el actual Campeonato [&hellip;]<\/p>","protected":false},"author":6,"featured_media":624887,"comment_status":"closed","ping_status":"closed","sticky":false,"template":"","format":"standard","meta":{"footnotes":""},"categories":[97],"tags":[234,109,307],"class_list":["post-625583","post","type-post","status-publish","format-standard","has-post-thumbnail","hentry","category-cooperacion","tag-comfenalco-valle","tag-delagente","tag-jovenes"],"yoast_head":"<!-- This site is optimized with the Yoast SEO Premium plugin v25.9 (Yoast SEO v25.9) - https:\/\/yoast.com\/wordpress\/plugins\/seo\/ -->\n<title>Buenaventura Puerto de Paz - Comfenalco Valle Delagente<\/title>\n<meta name=\"description\" content=\"Llaman la atenci\u00f3n del pa\u00eds los profundos cambios que se est\u00e1n dando en Buenaventura; la transformaci\u00f3n social, impulsada por actores...\" \/>\n<meta name=\"robots\" content=\"index, follow, max-snippet:-1, max-image-preview:large, max-video-preview:-1\" \/>\n<link rel=\"canonical\" href=\"https:\/\/www.comfenalcovalle.com.co\/buenaventura-puerto-de-paz\/\" \/>\n<meta property=\"og:locale\" content=\"en_US\" \/>\n<meta property=\"og:type\" content=\"article\" \/>\n<meta property=\"og:title\" content=\"Buenaventura Puerto de Paz\" \/>\n<meta property=\"og:description\" content=\"Llaman la atenci\u00f3n del pa\u00eds los profundos cambios que se est\u00e1n dando en Buenaventura; la transformaci\u00f3n social, impulsada por actores...\" \/>\n<meta property=\"og:url\" content=\"https:\/\/www.comfenalcovalle.com.co\/buenaventura-puerto-de-paz\/\" \/>\n<meta property=\"og:site_name\" content=\"Comfenalco Valle Delagente\" \/>\n<meta property=\"article:published_time\" content=\"2024-02-23T14:46:22+00:00\" \/>\n<meta property=\"article:modified_time\" content=\"2024-02-23T15:06:47+00:00\" \/>\n<meta property=\"og:image\" content=\"https:\/\/www.comfenalcovalle.com.co\/wp-content\/uploads\/2024\/02\/futbol-paz-torneo-buenaventura-07.jpg\" \/>\n\t<meta property=\"og:image:width\" content=\"685\" \/>\n\t<meta property=\"og:image:height\" content=\"359\" \/>\n\t<meta property=\"og:image:type\" content=\"image\/jpeg\" \/>\n<meta name=\"author\" content=\"Comunicaciones Comfenalco Valle delagente\" \/>\n<meta name=\"twitter:card\" content=\"summary_large_image\" \/>\n<meta name=\"twitter:label1\" content=\"Written by\" \/>\n\t<meta name=\"twitter:data1\" content=\"Comunicaciones Comfenalco Valle delagente\" \/>\n\t<meta name=\"twitter:label2\" content=\"Est. reading time\" \/>\n\t<meta name=\"twitter:data2\" content=\"3 minutes\" \/>\n<script type=\"application\/ld+json\" class=\"yoast-schema-graph\">{\"@context\":\"https:\/\/schema.org\",\"@graph\":[{\"@type\":\"Article\",\"@id\":\"https:\/\/www.comfenalcovalle.com.co\/buenaventura-puerto-de-paz\/#article\",\"isPartOf\":{\"@id\":\"https:\/\/www.comfenalcovalle.com.co\/buenaventura-puerto-de-paz\/\"},\"author\":{\"name\":\"Comunicaciones Comfenalco Valle delagente\",\"@id\":\"https:\/\/www.comfenalcovalle.com.co\/#\/schema\/person\/d4d8bcb299f88f97b06096cf6a21cb01\"},\"headline\":\"Buenaventura Puerto de Paz\",\"datePublished\":\"2024-02-23T14:46:22+00:00\",\"dateModified\":\"2024-02-23T15:06:47+00:00\",\"mainEntityOfPage\":{\"@id\":\"https:\/\/www.comfenalcovalle.com.co\/buenaventura-puerto-de-paz\/\"},\"wordCount\":496,\"publisher\":{\"@id\":\"https:\/\/www.comfenalcovalle.com.co\/#organization\"},\"image\":{\"@id\":\"https:\/\/www.comfenalcovalle.com.co\/buenaventura-puerto-de-paz\/#primaryimage\"},\"thumbnailUrl\":\"https:\/\/test.comfenalcovalle.com.co\/wp-content\/uploads\/2024\/02\/futbol-paz-torneo-buenaventura-07.jpg\",\"keywords\":[\"comfenalco valle\",\"Delagente\",\"j\u00f3venes\"],\"articleSection\":[\"Cooperaci\u00f3n\"],\"inLanguage\":\"en-US\"},{\"@type\":\"WebPage\",\"@id\":\"https:\/\/www.comfenalcovalle.com.co\/buenaventura-puerto-de-paz\/\",\"url\":\"https:\/\/www.comfenalcovalle.com.co\/buenaventura-puerto-de-paz\/\",\"name\":\"Buenaventura Puerto de Paz - Comfenalco Valle Delagente\",\"isPartOf\":{\"@id\":\"https:\/\/www.comfenalcovalle.com.co\/#website\"},\"primaryImageOfPage\":{\"@id\":\"https:\/\/www.comfenalcovalle.com.co\/buenaventura-puerto-de-paz\/#primaryimage\"},\"image\":{\"@id\":\"https:\/\/www.comfenalcovalle.com.co\/buenaventura-puerto-de-paz\/#primaryimage\"},\"thumbnailUrl\":\"https:\/\/test.comfenalcovalle.com.co\/wp-content\/uploads\/2024\/02\/futbol-paz-torneo-buenaventura-07.jpg\",\"datePublished\":\"2024-02-23T14:46:22+00:00\",\"dateModified\":\"2024-02-23T15:06:47+00:00\",\"description\":\"Llaman la atenci\u00f3n del pa\u00eds los profundos cambios que se est\u00e1n dando en Buenaventura; la transformaci\u00f3n social, impulsada por actores...\",\"breadcrumb\":{\"@id\":\"https:\/\/www.comfenalcovalle.com.co\/buenaventura-puerto-de-paz\/#breadcrumb\"},\"inLanguage\":\"en-US\",\"potentialAction\":[{\"@type\":\"ReadAction\",\"target\":[\"https:\/\/www.comfenalcovalle.com.co\/buenaventura-puerto-de-paz\/\"]}]},{\"@type\":\"ImageObject\",\"inLanguage\":\"en-US\",\"@id\":\"https:\/\/www.comfenalcovalle.com.co\/buenaventura-puerto-de-paz\/#primaryimage\",\"url\":\"https:\/\/test.comfenalcovalle.com.co\/wp-content\/uploads\/2024\/02\/futbol-paz-torneo-buenaventura-07.jpg\",\"contentUrl\":\"https:\/\/test.comfenalcovalle.com.co\/wp-content\/uploads\/2024\/02\/futbol-paz-torneo-buenaventura-07.jpg\",\"width\":685,\"height\":359},{\"@type\":\"BreadcrumbList\",\"@id\":\"https:\/\/www.comfenalcovalle.com.co\/buenaventura-puerto-de-paz\/#breadcrumb\",\"itemListElement\":[{\"@type\":\"ListItem\",\"position\":1,\"name\":\"Portada\",\"item\":\"https:\/\/www.comfenalcovalle.com.co\/\"},{\"@type\":\"ListItem\",\"position\":2,\"name\":\"Buenaventura Puerto de Paz\"}]},{\"@type\":\"WebSite\",\"@id\":\"https:\/\/www.comfenalcovalle.com.co\/#website\",\"url\":\"https:\/\/www.comfenalcovalle.com.co\/\",\"name\":\"Comfenalco Valle Delagente\",\"description\":\"Caja de compensaci\u00f3n de Comfenalco Valle Delagente.\",\"publisher\":{\"@id\":\"https:\/\/www.comfenalcovalle.com.co\/#organization\"},\"potentialAction\":[{\"@type\":\"SearchAction\",\"target\":{\"@type\":\"EntryPoint\",\"urlTemplate\":\"https:\/\/www.comfenalcovalle.com.co\/?s={search_term_string}\"},\"query-input\":{\"@type\":\"PropertyValueSpecification\",\"valueRequired\":true,\"valueName\":\"search_term_string\"}}],\"inLanguage\":\"en-US\"},{\"@type\":\"Organization\",\"@id\":\"https:\/\/www.comfenalcovalle.com.co\/#organization\",\"name\":\"Comfenalco Valle Delagente\",\"url\":\"https:\/\/www.comfenalcovalle.com.co\/\",\"logo\":{\"@type\":\"ImageObject\",\"inLanguage\":\"en-US\",\"@id\":\"https:\/\/www.comfenalcovalle.com.co\/#\/schema\/logo\/image\/\",\"url\":\"https:\/\/test.comfenalcovalle.com.co\/wp-content\/uploads\/2021\/06\/logo-comfe-cabecera-agencia-empelo-actualizado.png\",\"contentUrl\":\"https:\/\/test.comfenalcovalle.com.co\/wp-content\/uploads\/2021\/06\/logo-comfe-cabecera-agencia-empelo-actualizado.png\",\"width\":500,\"height\":184,\"caption\":\"Comfenalco Valle Delagente\"},\"image\":{\"@id\":\"https:\/\/www.comfenalcovalle.com.co\/#\/schema\/logo\/image\/\"}},{\"@type\":\"Person\",\"@id\":\"https:\/\/www.comfenalcovalle.com.co\/#\/schema\/person\/d4d8bcb299f88f97b06096cf6a21cb01\",\"name\":\"Comunicaciones Comfenalco Valle delagente\",\"image\":{\"@type\":\"ImageObject\",\"inLanguage\":\"en-US\",\"@id\":\"https:\/\/www.comfenalcovalle.com.co\/#\/schema\/person\/image\/\",\"url\":\"https:\/\/secure.gravatar.com\/avatar\/d1c29eb639a137df0ac8bfec50479e8d6ef564f7320f439d9d984504359ea6ee?s=96&d=mm&r=g\",\"contentUrl\":\"https:\/\/secure.gravatar.com\/avatar\/d1c29eb639a137df0ac8bfec50479e8d6ef564f7320f439d9d984504359ea6ee?s=96&d=mm&r=g\",\"caption\":\"Comunicaciones Comfenalco Valle delagente\"},\"url\":\"https:\/\/test.comfenalcovalle.com.co\/en\/author\/comunicaciones-comfenalco-valle-delagente\/\"}]}<\/script>\n<!-- \/ Yoast SEO Premium plugin. -->","yoast_head_json":{"title":"Buenaventura Puerto de Paz - Comfenalco Valle Delagente","description":"Llaman la atenci\u00f3n del pa\u00eds los profundos cambios que se est\u00e1n dando en Buenaventura; la transformaci\u00f3n social, impulsada por actores...","robots":{"index":"index","follow":"follow","max-snippet":"max-snippet:-1","max-image-preview":"max-image-preview:large","max-video-preview":"max-video-preview:-1"},"canonical":"https:\/\/www.comfenalcovalle.com.co\/buenaventura-puerto-de-paz\/","og_locale":"en_US","og_type":"article","og_title":"Buenaventura Puerto de Paz","og_description":"Llaman la atenci\u00f3n del pa\u00eds los profundos cambios que se est\u00e1n dando en Buenaventura; la transformaci\u00f3n social, impulsada por actores...","og_url":"https:\/\/www.comfenalcovalle.com.co\/buenaventura-puerto-de-paz\/","og_site_name":"Comfenalco Valle Delagente","article_published_time":"2024-02-23T14:46:22+00:00","article_modified_time":"2024-02-23T15:06:47+00:00","og_image":[{"width":685,"height":359,"url":"https:\/\/www.comfenalcovalle.com.co\/wp-content\/uploads\/2024\/02\/futbol-paz-torneo-buenaventura-07.jpg","type":"image\/jpeg"}],"author":"Comunicaciones Comfenalco Valle delagente","twitter_card":"summary_large_image","twitter_misc":{"Written by":"Comunicaciones Comfenalco Valle delagente","Est. reading time":"3 minutes"},"schema":{"@context":"https:\/\/schema.org","@graph":[{"@type":"Article","@id":"https:\/\/www.comfenalcovalle.com.co\/buenaventura-puerto-de-paz\/#article","isPartOf":{"@id":"https:\/\/www.comfenalcovalle.com.co\/buenaventura-puerto-de-paz\/"},"author":{"name":"Comunicaciones Comfenalco Valle delagente","@id":"https:\/\/www.comfenalcovalle.com.co\/#\/schema\/person\/d4d8bcb299f88f97b06096cf6a21cb01"},"headline":"Buenaventura Puerto de Paz","datePublished":"2024-02-23T14:46:22+00:00","dateModified":"2024-02-23T15:06:47+00:00","mainEntityOfPage":{"@id":"https:\/\/www.comfenalcovalle.com.co\/buenaventura-puerto-de-paz\/"},"wordCount":496,"publisher":{"@id":"https:\/\/www.comfenalcovalle.com.co\/#organization"},"image":{"@id":"https:\/\/www.comfenalcovalle.com.co\/buenaventura-puerto-de-paz\/#primaryimage"},"thumbnailUrl":"https:\/\/test.comfenalcovalle.com.co\/wp-content\/uploads\/2024\/02\/futbol-paz-torneo-buenaventura-07.jpg","keywords":["comfenalco valle","Delagente","j\u00f3venes"],"articleSection":["Cooperaci\u00f3n"],"inLanguage":"en-US"},{"@type":"WebPage","@id":"https:\/\/www.comfenalcovalle.com.co\/buenaventura-puerto-de-paz\/","url":"https:\/\/www.comfenalcovalle.com.co\/buenaventura-puerto-de-paz\/","name":"Buenaventura Puerto de Paz - Comfenalco Valle Delagente","isPartOf":{"@id":"https:\/\/www.comfenalcovalle.com.co\/#website"},"primaryImageOfPage":{"@id":"https:\/\/www.comfenalcovalle.com.co\/buenaventura-puerto-de-paz\/#primaryimage"},"image":{"@id":"https:\/\/www.comfenalcovalle.com.co\/buenaventura-puerto-de-paz\/#primaryimage"},"thumbnailUrl":"https:\/\/test.comfenalcovalle.com.co\/wp-content\/uploads\/2024\/02\/futbol-paz-torneo-buenaventura-07.jpg","datePublished":"2024-02-23T14:46:22+00:00","dateModified":"2024-02-23T15:06:47+00:00","description":"Llaman la atenci\u00f3n del pa\u00eds los profundos cambios que se est\u00e1n dando en Buenaventura; la transformaci\u00f3n social, impulsada por actores...","breadcrumb":{"@id":"https:\/\/www.comfenalcovalle.com.co\/buenaventura-puerto-de-paz\/#breadcrumb"},"inLanguage":"en-US","potentialAction":[{"@type":"ReadAction","target":["https:\/\/www.comfenalcovalle.com.co\/buenaventura-puerto-de-paz\/"]}]},{"@type":"ImageObject","inLanguage":"en-US","@id":"https:\/\/www.comfenalcovalle.com.co\/buenaventura-puerto-de-paz\/#primaryimage","url":"https:\/\/test.comfenalcovalle.com.co\/wp-content\/uploads\/2024\/02\/futbol-paz-torneo-buenaventura-07.jpg","contentUrl":"https:\/\/test.comfenalcovalle.com.co\/wp-content\/uploads\/2024\/02\/futbol-paz-torneo-buenaventura-07.jpg","width":685,"height":359},{"@type":"BreadcrumbList","@id":"https:\/\/www.comfenalcovalle.com.co\/buenaventura-puerto-de-paz\/#breadcrumb","itemListElement":[{"@type":"ListItem","position":1,"name":"Portada","item":"https:\/\/www.comfenalcovalle.com.co\/"},{"@type":"ListItem","position":2,"name":"Buenaventura Puerto de Paz"}]},{"@type":"WebSite","@id":"https:\/\/www.comfenalcovalle.com.co\/#website","url":"https:\/\/www.comfenalcovalle.com.co\/","name":"Comfenalco Valle Delagente","description":"Comfenalco Valle Delagente compensation fund.","publisher":{"@id":"https:\/\/www.comfenalcovalle.com.co\/#organization"},"potentialAction":[{"@type":"SearchAction","target":{"@type":"EntryPoint","urlTemplate":"https:\/\/www.comfenalcovalle.com.co\/?s={search_term_string}"},"query-input":{"@type":"PropertyValueSpecification","valueRequired":true,"valueName":"search_term_string"}}],"inLanguage":"en-US"},{"@type":"Organization","@id":"https:\/\/www.comfenalcovalle.com.co\/#organization","name":"Comfenalco Valle Delagente","url":"https:\/\/www.comfenalcovalle.com.co\/","logo":{"@type":"ImageObject","inLanguage":"en-US","@id":"https:\/\/www.comfenalcovalle.com.co\/#\/schema\/logo\/image\/","url":"https:\/\/test.comfenalcovalle.com.co\/wp-content\/uploads\/2021\/06\/logo-comfe-cabecera-agencia-empelo-actualizado.png","contentUrl":"https:\/\/test.comfenalcovalle.com.co\/wp-content\/uploads\/2021\/06\/logo-comfe-cabecera-agencia-empelo-actualizado.png","width":500,"height":184,"caption":"Comfenalco Valle Delagente"},"image":{"@id":"https:\/\/www.comfenalcovalle.com.co\/#\/schema\/logo\/image\/"}},{"@type":"Person","@id":"https:\/\/www.comfenalcovalle.com.co\/#\/schema\/person\/d4d8bcb299f88f97b06096cf6a21cb01","name":"Communications Comfenalco Valle delagente","image":{"@type":"ImageObject","inLanguage":"en-US","@id":"https:\/\/www.comfenalcovalle.com.co\/#\/schema\/person\/image\/","url":"https:\/\/secure.gravatar.com\/avatar\/d1c29eb639a137df0ac8bfec50479e8d6ef564f7320f439d9d984504359ea6ee?s=96&d=mm&r=g","contentUrl":"https:\/\/secure.gravatar.com\/avatar\/d1c29eb639a137df0ac8bfec50479e8d6ef564f7320f439d9d984504359ea6ee?s=96&d=mm&r=g","caption":"Comunicaciones Comfenalco Valle delagente"},"url":"https:\/\/test.comfenalcovalle.com.co\/en\/author\/comunicaciones-comfenalco-valle-delagente\/"}]}},"publishpress_future_action":{"enabled":false,"date":"2026-05-08 09:11:12","action":"change-status","newStatus":"draft","terms":[],"taxonomy":"category","extraData":[]},"publishpress_future_workflow_manual_trigger":{"enabledWorkflows":[]},"_links":{"self":[{"href":"https:\/\/test.comfenalcovalle.com.co\/en\/wp-json\/wp\/v2\/posts\/625583","targetHints":{"allow":["GET"]}}],"collection":[{"href":"https:\/\/test.comfenalcovalle.com.co\/en\/wp-json\/wp\/v2\/posts"}],"about":[{"href":"https:\/\/test.comfenalcovalle.com.co\/en\/wp-json\/wp\/v2\/types\/post"}],"author":[{"embeddable":true,"href":"https:\/\/test.comfenalcovalle.com.co\/en\/wp-json\/wp\/v2\/users\/6"}],"replies":[{"embeddable":true,"href":"https:\/\/test.comfenalcovalle.com.co\/en\/wp-json\/wp\/v2\/comments?post=625583"}],"version-history":[{"count":0,"href":"https:\/\/test.comfenalcovalle.com.co\/en\/wp-json\/wp\/v2\/posts\/625583\/revisions"}],"wp:featuredmedia":[{"embeddable":true,"href":"https:\/\/test.comfenalcovalle.com.co\/en\/wp-json\/wp\/v2\/media\/624887"}],"wp:attachment":[{"href":"https:\/\/test.comfenalcovalle.com.co\/en\/wp-json\/wp\/v2\/media?parent=625583"}],"wp:term":[{"taxonomy":"category","embeddable":true,"href":"https:\/\/test.comfenalcovalle.com.co\/en\/wp-json\/wp\/v2\/categories?post=625583"},{"taxonomy":"post_tag","embeddable":true,"href":"https:\/\/test.comfenalcovalle.com.co\/en\/wp-json\/wp\/v2\/tags?post=625583"}],"curies":[{"name":"wp","href":"https:\/\/api.w.org\/{rel}","templated":true}]}}