{"id":624875,"date":"2024-02-16T15:40:17","date_gmt":"2024-02-16T20:40:17","guid":{"rendered":"https:\/\/test.comfenalcovalle.com.co\/?p=624875"},"modified":"2024-02-16T20:42:20","modified_gmt":"2024-02-17T01:42:20","slug":"en-buenaventura-se-vive-el-futbol-por-la-paz","status":"publish","type":"post","link":"https:\/\/test.comfenalcovalle.com.co\/en\/en-buenaventura-se-vive-el-futbol-por-la-paz\/","title":{"rendered":"En Buenaventura se vive el f\u00fatbol por la paz"},"content":{"rendered":"<div data-elementor-type=\"wp-post\" data-elementor-id=\"624875\" class=\"elementor elementor-624875\" data-elementor-post-type=\"post\">\n\t\t\t\t\t\t<section class=\"elementor-section elementor-top-section elementor-element elementor-element-8d5a6ec elementor-section-boxed elementor-section-height-default elementor-section-height-default\" data-id=\"8d5a6ec\" data-element_type=\"section\">\n\t\t\t\t\t\t<div class=\"elementor-container elementor-column-gap-default\">\n\t\t\t\t\t<div class=\"elementor-column elementor-col-100 elementor-top-column elementor-element elementor-element-5c8cf026\" data-id=\"5c8cf026\" data-element_type=\"column\">\n\t\t\t<div class=\"elementor-widget-wrap elementor-element-populated\">\n\t\t\t\t\t\t<div class=\"elementor-element elementor-element-654fff16 elementor-widget elementor-widget-text-editor\" data-id=\"654fff16\" data-element_type=\"widget\" data-widget_type=\"text-editor.default\">\n\t\t\t\t<div class=\"elementor-widget-container\">\n\t\t\t\t\t\t\t\t\t\n<p><em><strong>Partidos en los que cuentan los goles anotados y tambi\u00e9n el juego limpio.<\/strong><\/em><\/p>\n\n<p>Una fiesta deportiva y cultural vive el distrito especial de Buenaventura con el Torneo de microf\u00fatbol masculino y femenino \u201cBuenaventura en Paz\u201d, que por primera vez re\u00fane a 113 equipos de f\u00fatbol con un total de 1.469 jugadores de la zona urbana y rural como parte de la reconstrucci\u00f3n del tejido social a trav\u00e9s del deporte.<\/p>\n\n<p>Como antesala al evento inaugural, cientos de personas caminaron las calles de Buenaventura en un alegre recorrido acompa\u00f1ado por l\u00edderes comunales, habitantes de diversas comunas y representantes de las instituciones organizadoras, iniciando en el Barrio La Independencia y terminando en la cancha del barrio Bol\u00edvar donde se llev\u00f3 a cabo el acto protocolario y cultural del torneo.<\/p>\n\n<p>Algunos representantes de los espacios de conversaci\u00f3n y dialogo con las comunidades de Buenaventura ven este torneo como una acci\u00f3n concreta con la que se construye paz.<\/p>\n\n<p>Faunier Trejos Restrepo, director de la Pastoral Social de Buenaventura, indic\u00f3 que \u201ccon mucha alegr\u00eda este evento deportivo nos da otra din\u00e1mica de lo que queremos en Buenaventura. Conocemos de los problemas sociales que aqu\u00ed vivimos y creemos que este es el camino para seguir trabajando la paz que tanto anhelamos. Este torneo pretende dinamizar nuestro territorio. No podemos cansarnos en la b\u00fasqueda incesante de la paz que todos a\u00f1oramos. El f\u00fatbol a trav\u00e9s del juego limpio es un instrumento que une y es un paso firme que todos estamos dando en la cabecera municipal y rural donde el conflicto es complejo\u201d.<\/p>\n\t\t\t\t\t\t\t\t<\/div>\n\t\t\t\t<\/div>\n\t\t\t\t<div class=\"elementor-element elementor-element-edbc8a4 elementor-widget elementor-widget-gallery\" data-id=\"edbc8a4\" data-element_type=\"widget\" data-settings=\"{&quot;lazyload&quot;:&quot;yes&quot;,&quot;gallery_layout&quot;:&quot;grid&quot;,&quot;columns&quot;:4,&quot;columns_tablet&quot;:2,&quot;columns_mobile&quot;:1,&quot;gap&quot;:{&quot;unit&quot;:&quot;px&quot;,&quot;size&quot;:10,&quot;sizes&quot;:[]},&quot;gap_tablet&quot;:{&quot;unit&quot;:&quot;px&quot;,&quot;size&quot;:10,&quot;sizes&quot;:[]},&quot;gap_mobile&quot;:{&quot;unit&quot;:&quot;px&quot;,&quot;size&quot;:10,&quot;sizes&quot;:[]},&quot;link_to&quot;:&quot;file&quot;,&quot;aspect_ratio&quot;:&quot;3:2&quot;,&quot;overlay_background&quot;:&quot;yes&quot;,&quot;content_hover_animation&quot;:&quot;fade-in&quot;}\" data-widget_type=\"gallery.default\">\n\t\t\t\t<div class=\"elementor-widget-container\">\n\t\t\t\t\t\t\t<div class=\"elementor-gallery__container\">\n\t\t\t\t\t\t\t<a class=\"e-gallery-item elementor-gallery-item elementor-animated-content\" href=\"https:\/\/test.comfenalcovalle.com.co\/wp-content\/uploads\/2024\/02\/futbol-paz-torneo-buenaventura-06.jpg\" data-elementor-open-lightbox=\"yes\" data-elementor-lightbox-slideshow=\"edbc8a4\" data-elementor-lightbox-title=\"futbol-paz-torneo-buenaventura-06\" data-e-action-hash=\"#elementor-action%3Aaction%3Dlightbox%26settings%3DeyJpZCI6NjI0ODg1LCJ1cmwiOiJodHRwczpcL1wvdGVzdC5jb21mZW5hbGNvdmFsbGUuY29tLmNvXC93cC1jb250ZW50XC91cGxvYWRzXC8yMDI0XC8wMlwvZnV0Ym9sLXBhei10b3JuZW8tYnVlbmF2ZW50dXJhLTA2LmpwZyIsInNsaWRlc2hvdyI6ImVkYmM4YTQifQ%3D%3D\">\n\t\t\t\t\t<div class=\"e-gallery-image elementor-gallery-item__image\" data-thumbnail=\"https:\/\/test.comfenalcovalle.com.co\/wp-content\/uploads\/2024\/02\/futbol-paz-torneo-buenaventura-06-286x300.jpg\" data-width=\"286\" data-height=\"300\" aria-label=\"\" role=\"img\" ><\/div>\n\t\t\t\t\t\t\t\t\t\t\t<div class=\"elementor-gallery-item__overlay\"><\/div>\n\t\t\t\t\t\t\t\t\t\t\t\t\t\t<\/a>\n\t\t\t\t\t\t\t<a class=\"e-gallery-item elementor-gallery-item elementor-animated-content\" href=\"https:\/\/test.comfenalcovalle.com.co\/wp-content\/uploads\/2024\/02\/futbol-paz-torneo-buenaventura-05.jpg\" data-elementor-open-lightbox=\"yes\" data-elementor-lightbox-slideshow=\"edbc8a4\" data-elementor-lightbox-title=\"futbol-paz-torneo-buenaventura-05\" data-e-action-hash=\"#elementor-action%3Aaction%3Dlightbox%26settings%3DeyJpZCI6NjI0ODkzLCJ1cmwiOiJodHRwczpcL1wvdGVzdC5jb21mZW5hbGNvdmFsbGUuY29tLmNvXC93cC1jb250ZW50XC91cGxvYWRzXC8yMDI0XC8wMlwvZnV0Ym9sLXBhei10b3JuZW8tYnVlbmF2ZW50dXJhLTA1LmpwZyIsInNsaWRlc2hvdyI6ImVkYmM4YTQifQ%3D%3D\">\n\t\t\t\t\t<div class=\"e-gallery-image elementor-gallery-item__image\" data-thumbnail=\"https:\/\/test.comfenalcovalle.com.co\/wp-content\/uploads\/2024\/02\/futbol-paz-torneo-buenaventura-05-300x200.jpg\" data-width=\"300\" data-height=\"200\" aria-label=\"\" role=\"img\" ><\/div>\n\t\t\t\t\t\t\t\t\t\t\t<div class=\"elementor-gallery-item__overlay\"><\/div>\n\t\t\t\t\t\t\t\t\t\t\t\t\t\t<\/a>\n\t\t\t\t\t\t\t<a class=\"e-gallery-item elementor-gallery-item elementor-animated-content\" href=\"https:\/\/test.comfenalcovalle.com.co\/wp-content\/uploads\/2024\/02\/futbol-paz-torneo-buenaventura-04.jpg\" data-elementor-open-lightbox=\"yes\" data-elementor-lightbox-slideshow=\"edbc8a4\" data-elementor-lightbox-title=\"futbol-paz-torneo-buenaventura-04\" data-e-action-hash=\"#elementor-action%3Aaction%3Dlightbox%26settings%3DeyJpZCI6NjI0ODkyLCJ1cmwiOiJodHRwczpcL1wvdGVzdC5jb21mZW5hbGNvdmFsbGUuY29tLmNvXC93cC1jb250ZW50XC91cGxvYWRzXC8yMDI0XC8wMlwvZnV0Ym9sLXBhei10b3JuZW8tYnVlbmF2ZW50dXJhLTA0LmpwZyIsInNsaWRlc2hvdyI6ImVkYmM4YTQifQ%3D%3D\">\n\t\t\t\t\t<div class=\"e-gallery-image elementor-gallery-item__image\" data-thumbnail=\"https:\/\/test.comfenalcovalle.com.co\/wp-content\/uploads\/2024\/02\/futbol-paz-torneo-buenaventura-04-300x200.jpg\" data-width=\"300\" data-height=\"200\" aria-label=\"\" role=\"img\" ><\/div>\n\t\t\t\t\t\t\t\t\t\t\t<div class=\"elementor-gallery-item__overlay\"><\/div>\n\t\t\t\t\t\t\t\t\t\t\t\t\t\t<\/a>\n\t\t\t\t\t\t\t<a class=\"e-gallery-item elementor-gallery-item elementor-animated-content\" href=\"https:\/\/test.comfenalcovalle.com.co\/wp-content\/uploads\/2024\/02\/futbol-paz-torneo-buenaventura-03.jpg\" data-elementor-open-lightbox=\"yes\" data-elementor-lightbox-slideshow=\"edbc8a4\" data-elementor-lightbox-title=\"futbol-paz-torneo-buenaventura-03\" data-e-action-hash=\"#elementor-action%3Aaction%3Dlightbox%26settings%3DeyJpZCI6NjI0ODkxLCJ1cmwiOiJodHRwczpcL1wvdGVzdC5jb21mZW5hbGNvdmFsbGUuY29tLmNvXC93cC1jb250ZW50XC91cGxvYWRzXC8yMDI0XC8wMlwvZnV0Ym9sLXBhei10b3JuZW8tYnVlbmF2ZW50dXJhLTAzLmpwZyIsInNsaWRlc2hvdyI6ImVkYmM4YTQifQ%3D%3D\">\n\t\t\t\t\t<div class=\"e-gallery-image elementor-gallery-item__image\" data-thumbnail=\"https:\/\/test.comfenalcovalle.com.co\/wp-content\/uploads\/2024\/02\/futbol-paz-torneo-buenaventura-03-300x200.jpg\" data-width=\"300\" data-height=\"200\" aria-label=\"\" role=\"img\" ><\/div>\n\t\t\t\t\t\t\t\t\t\t\t<div class=\"elementor-gallery-item__overlay\"><\/div>\n\t\t\t\t\t\t\t\t\t\t\t\t\t\t<\/a>\n\t\t\t\t\t\t\t<a class=\"e-gallery-item elementor-gallery-item elementor-animated-content\" href=\"https:\/\/test.comfenalcovalle.com.co\/wp-content\/uploads\/2024\/02\/futbol-paz-torneo-buenaventura-02.jpg\" data-elementor-open-lightbox=\"yes\" data-elementor-lightbox-slideshow=\"edbc8a4\" data-elementor-lightbox-title=\"futbol-paz-torneo-buenaventura-02\" data-e-action-hash=\"#elementor-action%3Aaction%3Dlightbox%26settings%3DeyJpZCI6NjI0ODkwLCJ1cmwiOiJodHRwczpcL1wvdGVzdC5jb21mZW5hbGNvdmFsbGUuY29tLmNvXC93cC1jb250ZW50XC91cGxvYWRzXC8yMDI0XC8wMlwvZnV0Ym9sLXBhei10b3JuZW8tYnVlbmF2ZW50dXJhLTAyLmpwZyIsInNsaWRlc2hvdyI6ImVkYmM4YTQifQ%3D%3D\">\n\t\t\t\t\t<div class=\"e-gallery-image elementor-gallery-item__image\" data-thumbnail=\"https:\/\/test.comfenalcovalle.com.co\/wp-content\/uploads\/2024\/02\/futbol-paz-torneo-buenaventura-02-300x200.jpg\" data-width=\"300\" data-height=\"200\" aria-label=\"\" role=\"img\" ><\/div>\n\t\t\t\t\t\t\t\t\t\t\t<div class=\"elementor-gallery-item__overlay\"><\/div>\n\t\t\t\t\t\t\t\t\t\t\t\t\t\t<\/a>\n\t\t\t\t\t\t\t<a class=\"e-gallery-item elementor-gallery-item elementor-animated-content\" href=\"https:\/\/test.comfenalcovalle.com.co\/wp-content\/uploads\/2024\/02\/futbol-paz-torneo-buenaventura-01.jpg\" data-elementor-open-lightbox=\"yes\" data-elementor-lightbox-slideshow=\"edbc8a4\" data-elementor-lightbox-title=\"futbol-paz-torneo-buenaventura-01\" data-e-action-hash=\"#elementor-action%3Aaction%3Dlightbox%26settings%3DeyJpZCI6NjI0ODg5LCJ1cmwiOiJodHRwczpcL1wvdGVzdC5jb21mZW5hbGNvdmFsbGUuY29tLmNvXC93cC1jb250ZW50XC91cGxvYWRzXC8yMDI0XC8wMlwvZnV0Ym9sLXBhei10b3JuZW8tYnVlbmF2ZW50dXJhLTAxLmpwZyIsInNsaWRlc2hvdyI6ImVkYmM4YTQifQ%3D%3D\">\n\t\t\t\t\t<div class=\"e-gallery-image elementor-gallery-item__image\" data-thumbnail=\"https:\/\/test.comfenalcovalle.com.co\/wp-content\/uploads\/2024\/02\/futbol-paz-torneo-buenaventura-01-300x200.jpg\" data-width=\"300\" data-height=\"200\" aria-label=\"\" role=\"img\" ><\/div>\n\t\t\t\t\t\t\t\t\t\t\t<div class=\"elementor-gallery-item__overlay\"><\/div>\n\t\t\t\t\t\t\t\t\t\t\t\t\t\t<\/a>\n\t\t\t\t\t\t\t<a class=\"e-gallery-item elementor-gallery-item elementor-animated-content\" href=\"https:\/\/test.comfenalcovalle.com.co\/wp-content\/uploads\/2024\/02\/futbol-paz-torneo-buenaventura-08.jpg\" data-elementor-open-lightbox=\"yes\" data-elementor-lightbox-slideshow=\"edbc8a4\" data-elementor-lightbox-title=\"futbol-paz-torneo-buenaventura-08\" data-e-action-hash=\"#elementor-action%3Aaction%3Dlightbox%26settings%3DeyJpZCI6NjI0ODg4LCJ1cmwiOiJodHRwczpcL1wvdGVzdC5jb21mZW5hbGNvdmFsbGUuY29tLmNvXC93cC1jb250ZW50XC91cGxvYWRzXC8yMDI0XC8wMlwvZnV0Ym9sLXBhei10b3JuZW8tYnVlbmF2ZW50dXJhLTA4LmpwZyIsInNsaWRlc2hvdyI6ImVkYmM4YTQifQ%3D%3D\">\n\t\t\t\t\t<div class=\"e-gallery-image elementor-gallery-item__image\" data-thumbnail=\"https:\/\/test.comfenalcovalle.com.co\/wp-content\/uploads\/2024\/02\/futbol-paz-torneo-buenaventura-08-300x165.jpg\" data-width=\"300\" data-height=\"165\" aria-label=\"\" role=\"img\" ><\/div>\n\t\t\t\t\t\t\t\t\t\t\t<div class=\"elementor-gallery-item__overlay\"><\/div>\n\t\t\t\t\t\t\t\t\t\t\t\t\t\t<\/a>\n\t\t\t\t\t\t\t<a class=\"e-gallery-item elementor-gallery-item elementor-animated-content\" href=\"https:\/\/test.comfenalcovalle.com.co\/wp-content\/uploads\/2024\/02\/futbol-paz-torneo-buenaventura-07.jpg\" data-elementor-open-lightbox=\"yes\" data-elementor-lightbox-slideshow=\"edbc8a4\" data-elementor-lightbox-title=\"futbol-paz-torneo-buenaventura-07\" data-e-action-hash=\"#elementor-action%3Aaction%3Dlightbox%26settings%3DeyJpZCI6NjI0ODg3LCJ1cmwiOiJodHRwczpcL1wvdGVzdC5jb21mZW5hbGNvdmFsbGUuY29tLmNvXC93cC1jb250ZW50XC91cGxvYWRzXC8yMDI0XC8wMlwvZnV0Ym9sLXBhei10b3JuZW8tYnVlbmF2ZW50dXJhLTA3LmpwZyIsInNsaWRlc2hvdyI6ImVkYmM4YTQifQ%3D%3D\">\n\t\t\t\t\t<div class=\"e-gallery-image elementor-gallery-item__image\" data-thumbnail=\"https:\/\/test.comfenalcovalle.com.co\/wp-content\/uploads\/2024\/02\/futbol-paz-torneo-buenaventura-07-300x157.jpg\" data-width=\"300\" data-height=\"157\" aria-label=\"\" role=\"img\" ><\/div>\n\t\t\t\t\t\t\t\t\t\t\t<div class=\"elementor-gallery-item__overlay\"><\/div>\n\t\t\t\t\t\t\t\t\t\t\t\t\t\t<\/a>\n\t\t\t\t\t<\/div>\n\t\t\t\t\t<\/div>\n\t\t\t\t<\/div>\n\t\t\t\t<div class=\"elementor-element elementor-element-9d9f7e5 elementor-widget elementor-widget-text-editor\" data-id=\"9d9f7e5\" data-element_type=\"widget\" data-widget_type=\"text-editor.default\">\n\t\t\t\t<div class=\"elementor-widget-container\">\n\t\t\t\t\t\t\t\t\t\n<p>Por su parte Camila Mantilla, secretaria de Paz Territorial y Reconciliaci\u00f3n del Valle del Cauca, destac\u00f3 \u201cque el torneo de microf\u00fatbol es positivo de cara a la posibilidad de gestar nuevos espacios de encuentro para la defensa de la vida en Buenaventura. Nos comprometemos desde la Gobernaci\u00f3n del Valle del Cauca a seguir acompa\u00f1ando las apuestas territoriales en nuestro Puerto\u201d.<\/p>\n\n<p>Una de las jugadoras, Andrea Mantilla, coment\u00f3 que \u201ces de vital importancia este torneo para Buenaventura, traer este tipo de encuentros a nuestra ciudad fomenta la paz y de esta manera los talentos pueden potenciarse para adquirir nuevos valores y comportamientos que rechacen la violencia\u201d:<\/p>\n\n<p>El f\u00fatbol de \u201cBuenaventura en Paz\u201d se diferencia de otros porque los equipos que avancen hasta la ronda final lo har\u00e1n no solo por goles anotados, sino que tambi\u00e9n sumar\u00e1n puntos por juego limpio, sana convivencia y apoyo de sus barras deportivas, quienes deben demostrar dentro y fuera de la cancha que la paz se construye con respecto y di\u00e1logo.<\/p>\n\n<p>A la fecha se han jugado un total de 197 partidos de 262 que se esperan completar al cierre del torneo, previsto para el 25 de febrero.<\/p>\n\n<p>\u2022 137 partidos de los equipos masculinos en la zona urbana.<br \/>\u2022 48 partidos de los equipos masculinos de la zona rural.<br \/>\u2022 12 partidos de los equipos femeninos de la zona rural.<br \/>\u2022 3 partidos adicionales para definir los equipos que participan en octavos de final de la zona rural.<\/p>\n\n<p>Se inscribieron 65 equipos masculinos en la zona urbana, 36 equipos masculinos en la zona rural y 12 equipos femeninos en la zona urbana.<\/p>\n\n<p>Se destaca dentro de los resultados que los partidos se han realizado en diferentes escenarios deportivos en todas las comunas y en los territorios rurales donde las juntas de acci\u00f3n comunal han jugado un papel relevante en facilitar los escenarios.<\/p>\n\n<p>El f\u00fatbol ha sido la oportunidad para representar con orgullo, alegr\u00eda y responsabilidad a sus territorios en los partidos que han tenido como escenario de juego las canchas internas habilitadas en sus barrios.<\/p>\n\n<p>El torneo de microf\u00fatbol masculino y femenino \u201cBuenaventura en Paz\u201d, se desarrolla en el marco del proceso de construcci\u00f3n de paz que se adelanta en Buenaventura bajo el liderazgo del Gobierno Nacional. Cuenta con el apoyo institucional de la Gobernaci\u00f3n del Valle del Cauca, la Alcald\u00eda Distrital de Buenaventura, la Di\u00f3cesis de Buenaventura, la Polic\u00eda Nacional, la Superintendencia de Subsidio Familiar, la Defensa Civil, el Cuerpo de Bomberos, los Concejos Comunitarios, l\u00edderes barriales y de la Caja de Compensaci\u00f3n Familiar Comfenalco Valle Delagente, como articuladora del proceso.<\/p>\n\n<p>Informes sobre el Torneo libre de microf\u00fatbol masculino y femenino, \u00abBuenaventura en Paz\u00bb: (602) 886 27 27 extensi\u00f3n: 2410 o en Comfenalco Valle Delagente, regional Buenaventura, ubicada en la carrera 4 # 4 -28, piso 2.<\/p>\n\n<p>\u00a0<\/p>\n\n<p><strong>Comfenalco Valle Delagente<br \/>Family Compensation Fund of Valle del Cauca.<\/strong><\/p>\n\t\t\t\t\t\t\t\t<\/div>\n\t\t\t\t<\/div>\n\t\t\t\t\t<\/div>\n\t\t<\/div>\n\t\t\t\t\t<\/div>\n\t\t<\/section>\n\t\t\t\t<\/div>","protected":false},"excerpt":{"rendered":"<p>Una fiesta deportiva y cultural vive el distrito especial de Buenaventura con el Torneo de microf\u00fatbol masculino y femenino \u201cBuenaventura&#8230;<\/p>","protected":false},"author":6,"featured_media":624881,"comment_status":"closed","ping_status":"closed","sticky":false,"template":"","format":"standard","meta":{"footnotes":""},"categories":[97],"tags":[435,234,109,730,307,600],"class_list":["post-624875","post","type-post","status-publish","format-standard","has-post-thumbnail","hentry","category-cooperacion","tag-buenaventura","tag-comfenalco-valle","tag-delagente","tag-futbol","tag-jovenes","tag-paz"],"yoast_head":"<!-- This site is optimized with the Yoast SEO Premium plugin v25.9 (Yoast SEO v25.9) - https:\/\/yoast.com\/wordpress\/plugins\/seo\/ -->\n<title>En Buenaventura se vive el f\u00fatbol por la paz<\/title>\n<meta name=\"description\" content=\"Una fiesta deportiva y cultural vive el distrito especial de Buenaventura con el Torneo de microf\u00fatbol masculino y femenino \u201cBuenaventura...\" \/>\n<meta name=\"robots\" content=\"index, follow, max-snippet:-1, max-image-preview:large, max-video-preview:-1\" \/>\n<link rel=\"canonical\" href=\"https:\/\/www.comfenalcovalle.com.co\/en-buenaventura-se-vive-el-futbol-por-la-paz\/\" \/>\n<meta property=\"og:locale\" content=\"en_US\" \/>\n<meta property=\"og:type\" content=\"article\" \/>\n<meta property=\"og:title\" content=\"En Buenaventura se vive el f\u00fatbol por la paz\" \/>\n<meta property=\"og:description\" content=\"Una fiesta deportiva y cultural vive el distrito especial de Buenaventura con el Torneo de microf\u00fatbol masculino y femenino \u201cBuenaventura...\" \/>\n<meta property=\"og:url\" content=\"https:\/\/www.comfenalcovalle.com.co\/en-buenaventura-se-vive-el-futbol-por-la-paz\/\" \/>\n<meta property=\"og:site_name\" content=\"Comfenalco Valle Delagente\" \/>\n<meta property=\"article:published_time\" content=\"2024-02-16T20:40:17+00:00\" \/>\n<meta property=\"article:modified_time\" content=\"2024-02-17T01:42:20+00:00\" \/>\n<meta property=\"og:image\" content=\"https:\/\/www.comfenalcovalle.com.co\/wp-content\/uploads\/2024\/02\/torneo-futbol-en-paz-buenaventura-HD.jpg\" \/>\n\t<meta property=\"og:image:width\" content=\"1200\" \/>\n\t<meta property=\"og:image:height\" content=\"648\" \/>\n\t<meta property=\"og:image:type\" content=\"image\/jpeg\" \/>\n<meta name=\"author\" content=\"Comunicaciones Comfenalco Valle delagente\" \/>\n<meta name=\"twitter:card\" content=\"summary_large_image\" \/>\n<meta name=\"twitter:label1\" content=\"Written by\" \/>\n\t<meta name=\"twitter:data1\" content=\"Comunicaciones Comfenalco Valle delagente\" \/>\n\t<meta name=\"twitter:label2\" content=\"Est. reading time\" \/>\n\t<meta name=\"twitter:data2\" content=\"4 minutes\" \/>\n<script type=\"application\/ld+json\" class=\"yoast-schema-graph\">{\"@context\":\"https:\/\/schema.org\",\"@graph\":[{\"@type\":\"Article\",\"@id\":\"https:\/\/www.comfenalcovalle.com.co\/en-buenaventura-se-vive-el-futbol-por-la-paz\/#article\",\"isPartOf\":{\"@id\":\"https:\/\/www.comfenalcovalle.com.co\/en-buenaventura-se-vive-el-futbol-por-la-paz\/\"},\"author\":{\"name\":\"Comunicaciones Comfenalco Valle delagente\",\"@id\":\"https:\/\/www.comfenalcovalle.com.co\/#\/schema\/person\/d4d8bcb299f88f97b06096cf6a21cb01\"},\"headline\":\"En Buenaventura se vive el f\u00fatbol por la paz\",\"datePublished\":\"2024-02-16T20:40:17+00:00\",\"dateModified\":\"2024-02-17T01:42:20+00:00\",\"mainEntityOfPage\":{\"@id\":\"https:\/\/www.comfenalcovalle.com.co\/en-buenaventura-se-vive-el-futbol-por-la-paz\/\"},\"wordCount\":753,\"publisher\":{\"@id\":\"https:\/\/www.comfenalcovalle.com.co\/#organization\"},\"image\":{\"@id\":\"https:\/\/www.comfenalcovalle.com.co\/en-buenaventura-se-vive-el-futbol-por-la-paz\/#primaryimage\"},\"thumbnailUrl\":\"https:\/\/test.comfenalcovalle.com.co\/wp-content\/uploads\/2024\/02\/torneo-futbol-en-paz-buenaventura-HD.jpg\",\"keywords\":[\"buenaventura\",\"comfenalco valle\",\"Delagente\",\"futbol\",\"j\u00f3venes\",\"paz\"],\"articleSection\":[\"Cooperaci\u00f3n\"],\"inLanguage\":\"en-US\"},{\"@type\":\"WebPage\",\"@id\":\"https:\/\/www.comfenalcovalle.com.co\/en-buenaventura-se-vive-el-futbol-por-la-paz\/\",\"url\":\"https:\/\/www.comfenalcovalle.com.co\/en-buenaventura-se-vive-el-futbol-por-la-paz\/\",\"name\":\"En Buenaventura se vive el f\u00fatbol por la paz\",\"isPartOf\":{\"@id\":\"https:\/\/www.comfenalcovalle.com.co\/#website\"},\"primaryImageOfPage\":{\"@id\":\"https:\/\/www.comfenalcovalle.com.co\/en-buenaventura-se-vive-el-futbol-por-la-paz\/#primaryimage\"},\"image\":{\"@id\":\"https:\/\/www.comfenalcovalle.com.co\/en-buenaventura-se-vive-el-futbol-por-la-paz\/#primaryimage\"},\"thumbnailUrl\":\"https:\/\/test.comfenalcovalle.com.co\/wp-content\/uploads\/2024\/02\/torneo-futbol-en-paz-buenaventura-HD.jpg\",\"datePublished\":\"2024-02-16T20:40:17+00:00\",\"dateModified\":\"2024-02-17T01:42:20+00:00\",\"description\":\"Una fiesta deportiva y cultural vive el distrito especial de Buenaventura con el Torneo de microf\u00fatbol masculino y femenino \u201cBuenaventura...\",\"breadcrumb\":{\"@id\":\"https:\/\/www.comfenalcovalle.com.co\/en-buenaventura-se-vive-el-futbol-por-la-paz\/#breadcrumb\"},\"inLanguage\":\"en-US\",\"potentialAction\":[{\"@type\":\"ReadAction\",\"target\":[\"https:\/\/www.comfenalcovalle.com.co\/en-buenaventura-se-vive-el-futbol-por-la-paz\/\"]}]},{\"@type\":\"ImageObject\",\"inLanguage\":\"en-US\",\"@id\":\"https:\/\/www.comfenalcovalle.com.co\/en-buenaventura-se-vive-el-futbol-por-la-paz\/#primaryimage\",\"url\":\"https:\/\/test.comfenalcovalle.com.co\/wp-content\/uploads\/2024\/02\/torneo-futbol-en-paz-buenaventura-HD.jpg\",\"contentUrl\":\"https:\/\/test.comfenalcovalle.com.co\/wp-content\/uploads\/2024\/02\/torneo-futbol-en-paz-buenaventura-HD.jpg\",\"width\":1200,\"height\":648},{\"@type\":\"BreadcrumbList\",\"@id\":\"https:\/\/www.comfenalcovalle.com.co\/en-buenaventura-se-vive-el-futbol-por-la-paz\/#breadcrumb\",\"itemListElement\":[{\"@type\":\"ListItem\",\"position\":1,\"name\":\"Portada\",\"item\":\"https:\/\/www.comfenalcovalle.com.co\/\"},{\"@type\":\"ListItem\",\"position\":2,\"name\":\"En Buenaventura se vive el f\u00fatbol por la paz\"}]},{\"@type\":\"WebSite\",\"@id\":\"https:\/\/www.comfenalcovalle.com.co\/#website\",\"url\":\"https:\/\/www.comfenalcovalle.com.co\/\",\"name\":\"Comfenalco Valle Delagente\",\"description\":\"Caja de compensaci\u00f3n de Comfenalco Valle Delagente.\",\"publisher\":{\"@id\":\"https:\/\/www.comfenalcovalle.com.co\/#organization\"},\"potentialAction\":[{\"@type\":\"SearchAction\",\"target\":{\"@type\":\"EntryPoint\",\"urlTemplate\":\"https:\/\/www.comfenalcovalle.com.co\/?s={search_term_string}\"},\"query-input\":{\"@type\":\"PropertyValueSpecification\",\"valueRequired\":true,\"valueName\":\"search_term_string\"}}],\"inLanguage\":\"en-US\"},{\"@type\":\"Organization\",\"@id\":\"https:\/\/www.comfenalcovalle.com.co\/#organization\",\"name\":\"Comfenalco Valle Delagente\",\"url\":\"https:\/\/www.comfenalcovalle.com.co\/\",\"logo\":{\"@type\":\"ImageObject\",\"inLanguage\":\"en-US\",\"@id\":\"https:\/\/www.comfenalcovalle.com.co\/#\/schema\/logo\/image\/\",\"url\":\"https:\/\/test.comfenalcovalle.com.co\/wp-content\/uploads\/2021\/06\/logo-comfe-cabecera-agencia-empelo-actualizado.png\",\"contentUrl\":\"https:\/\/test.comfenalcovalle.com.co\/wp-content\/uploads\/2021\/06\/logo-comfe-cabecera-agencia-empelo-actualizado.png\",\"width\":500,\"height\":184,\"caption\":\"Comfenalco Valle Delagente\"},\"image\":{\"@id\":\"https:\/\/www.comfenalcovalle.com.co\/#\/schema\/logo\/image\/\"}},{\"@type\":\"Person\",\"@id\":\"https:\/\/www.comfenalcovalle.com.co\/#\/schema\/person\/d4d8bcb299f88f97b06096cf6a21cb01\",\"name\":\"Comunicaciones Comfenalco Valle delagente\",\"image\":{\"@type\":\"ImageObject\",\"inLanguage\":\"en-US\",\"@id\":\"https:\/\/www.comfenalcovalle.com.co\/#\/schema\/person\/image\/\",\"url\":\"https:\/\/secure.gravatar.com\/avatar\/d1c29eb639a137df0ac8bfec50479e8d6ef564f7320f439d9d984504359ea6ee?s=96&d=mm&r=g\",\"contentUrl\":\"https:\/\/secure.gravatar.com\/avatar\/d1c29eb639a137df0ac8bfec50479e8d6ef564f7320f439d9d984504359ea6ee?s=96&d=mm&r=g\",\"caption\":\"Comunicaciones Comfenalco Valle delagente\"},\"url\":\"https:\/\/test.comfenalcovalle.com.co\/en\/author\/comunicaciones-comfenalco-valle-delagente\/\"}]}<\/script>\n<!-- \/ Yoast SEO Premium plugin. -->","yoast_head_json":{"title":"En Buenaventura se vive el f\u00fatbol por la paz","description":"Una fiesta deportiva y cultural vive el distrito especial de Buenaventura con el Torneo de microf\u00fatbol masculino y femenino \u201cBuenaventura...","robots":{"index":"index","follow":"follow","max-snippet":"max-snippet:-1","max-image-preview":"max-image-preview:large","max-video-preview":"max-video-preview:-1"},"canonical":"https:\/\/www.comfenalcovalle.com.co\/en-buenaventura-se-vive-el-futbol-por-la-paz\/","og_locale":"en_US","og_type":"article","og_title":"En Buenaventura se vive el f\u00fatbol por la paz","og_description":"Una fiesta deportiva y cultural vive el distrito especial de Buenaventura con el Torneo de microf\u00fatbol masculino y femenino \u201cBuenaventura...","og_url":"https:\/\/www.comfenalcovalle.com.co\/en-buenaventura-se-vive-el-futbol-por-la-paz\/","og_site_name":"Comfenalco Valle Delagente","article_published_time":"2024-02-16T20:40:17+00:00","article_modified_time":"2024-02-17T01:42:20+00:00","og_image":[{"width":1200,"height":648,"url":"https:\/\/www.comfenalcovalle.com.co\/wp-content\/uploads\/2024\/02\/torneo-futbol-en-paz-buenaventura-HD.jpg","type":"image\/jpeg"}],"author":"Comunicaciones Comfenalco Valle delagente","twitter_card":"summary_large_image","twitter_misc":{"Written by":"Comunicaciones Comfenalco Valle delagente","Est. reading time":"4 minutes"},"schema":{"@context":"https:\/\/schema.org","@graph":[{"@type":"Article","@id":"https:\/\/www.comfenalcovalle.com.co\/en-buenaventura-se-vive-el-futbol-por-la-paz\/#article","isPartOf":{"@id":"https:\/\/www.comfenalcovalle.com.co\/en-buenaventura-se-vive-el-futbol-por-la-paz\/"},"author":{"name":"Comunicaciones Comfenalco Valle delagente","@id":"https:\/\/www.comfenalcovalle.com.co\/#\/schema\/person\/d4d8bcb299f88f97b06096cf6a21cb01"},"headline":"En Buenaventura se vive el f\u00fatbol por la paz","datePublished":"2024-02-16T20:40:17+00:00","dateModified":"2024-02-17T01:42:20+00:00","mainEntityOfPage":{"@id":"https:\/\/www.comfenalcovalle.com.co\/en-buenaventura-se-vive-el-futbol-por-la-paz\/"},"wordCount":753,"publisher":{"@id":"https:\/\/www.comfenalcovalle.com.co\/#organization"},"image":{"@id":"https:\/\/www.comfenalcovalle.com.co\/en-buenaventura-se-vive-el-futbol-por-la-paz\/#primaryimage"},"thumbnailUrl":"https:\/\/test.comfenalcovalle.com.co\/wp-content\/uploads\/2024\/02\/torneo-futbol-en-paz-buenaventura-HD.jpg","keywords":["buenaventura","comfenalco valle","Delagente","futbol","j\u00f3venes","paz"],"articleSection":["Cooperaci\u00f3n"],"inLanguage":"en-US"},{"@type":"WebPage","@id":"https:\/\/www.comfenalcovalle.com.co\/en-buenaventura-se-vive-el-futbol-por-la-paz\/","url":"https:\/\/www.comfenalcovalle.com.co\/en-buenaventura-se-vive-el-futbol-por-la-paz\/","name":"En Buenaventura se vive el f\u00fatbol por la paz","isPartOf":{"@id":"https:\/\/www.comfenalcovalle.com.co\/#website"},"primaryImageOfPage":{"@id":"https:\/\/www.comfenalcovalle.com.co\/en-buenaventura-se-vive-el-futbol-por-la-paz\/#primaryimage"},"image":{"@id":"https:\/\/www.comfenalcovalle.com.co\/en-buenaventura-se-vive-el-futbol-por-la-paz\/#primaryimage"},"thumbnailUrl":"https:\/\/test.comfenalcovalle.com.co\/wp-content\/uploads\/2024\/02\/torneo-futbol-en-paz-buenaventura-HD.jpg","datePublished":"2024-02-16T20:40:17+00:00","dateModified":"2024-02-17T01:42:20+00:00","description":"Una fiesta deportiva y cultural vive el distrito especial de Buenaventura con el Torneo de microf\u00fatbol masculino y femenino \u201cBuenaventura...","breadcrumb":{"@id":"https:\/\/www.comfenalcovalle.com.co\/en-buenaventura-se-vive-el-futbol-por-la-paz\/#breadcrumb"},"inLanguage":"en-US","potentialAction":[{"@type":"ReadAction","target":["https:\/\/www.comfenalcovalle.com.co\/en-buenaventura-se-vive-el-futbol-por-la-paz\/"]}]},{"@type":"ImageObject","inLanguage":"en-US","@id":"https:\/\/www.comfenalcovalle.com.co\/en-buenaventura-se-vive-el-futbol-por-la-paz\/#primaryimage","url":"https:\/\/test.comfenalcovalle.com.co\/wp-content\/uploads\/2024\/02\/torneo-futbol-en-paz-buenaventura-HD.jpg","contentUrl":"https:\/\/test.comfenalcovalle.com.co\/wp-content\/uploads\/2024\/02\/torneo-futbol-en-paz-buenaventura-HD.jpg","width":1200,"height":648},{"@type":"BreadcrumbList","@id":"https:\/\/www.comfenalcovalle.com.co\/en-buenaventura-se-vive-el-futbol-por-la-paz\/#breadcrumb","itemListElement":[{"@type":"ListItem","position":1,"name":"Portada","item":"https:\/\/www.comfenalcovalle.com.co\/"},{"@type":"ListItem","position":2,"name":"En Buenaventura se vive el f\u00fatbol por la paz"}]},{"@type":"WebSite","@id":"https:\/\/www.comfenalcovalle.com.co\/#website","url":"https:\/\/www.comfenalcovalle.com.co\/","name":"Comfenalco Valle Delagente","description":"Comfenalco Valle Delagente compensation fund.","publisher":{"@id":"https:\/\/www.comfenalcovalle.com.co\/#organization"},"potentialAction":[{"@type":"SearchAction","target":{"@type":"EntryPoint","urlTemplate":"https:\/\/www.comfenalcovalle.com.co\/?s={search_term_string}"},"query-input":{"@type":"PropertyValueSpecification","valueRequired":true,"valueName":"search_term_string"}}],"inLanguage":"en-US"},{"@type":"Organization","@id":"https:\/\/www.comfenalcovalle.com.co\/#organization","name":"Comfenalco Valle Delagente","url":"https:\/\/www.comfenalcovalle.com.co\/","logo":{"@type":"ImageObject","inLanguage":"en-US","@id":"https:\/\/www.comfenalcovalle.com.co\/#\/schema\/logo\/image\/","url":"https:\/\/test.comfenalcovalle.com.co\/wp-content\/uploads\/2021\/06\/logo-comfe-cabecera-agencia-empelo-actualizado.png","contentUrl":"https:\/\/test.comfenalcovalle.com.co\/wp-content\/uploads\/2021\/06\/logo-comfe-cabecera-agencia-empelo-actualizado.png","width":500,"height":184,"caption":"Comfenalco Valle Delagente"},"image":{"@id":"https:\/\/www.comfenalcovalle.com.co\/#\/schema\/logo\/image\/"}},{"@type":"Person","@id":"https:\/\/www.comfenalcovalle.com.co\/#\/schema\/person\/d4d8bcb299f88f97b06096cf6a21cb01","name":"Communications Comfenalco Valle delagente","image":{"@type":"ImageObject","inLanguage":"en-US","@id":"https:\/\/www.comfenalcovalle.com.co\/#\/schema\/person\/image\/","url":"https:\/\/secure.gravatar.com\/avatar\/d1c29eb639a137df0ac8bfec50479e8d6ef564f7320f439d9d984504359ea6ee?s=96&d=mm&r=g","contentUrl":"https:\/\/secure.gravatar.com\/avatar\/d1c29eb639a137df0ac8bfec50479e8d6ef564f7320f439d9d984504359ea6ee?s=96&d=mm&r=g","caption":"Comunicaciones Comfenalco Valle delagente"},"url":"https:\/\/test.comfenalcovalle.com.co\/en\/author\/comunicaciones-comfenalco-valle-delagente\/"}]}},"publishpress_future_action":{"enabled":false,"date":"2026-05-10 05:03:58","action":"change-status","newStatus":"draft","terms":[],"taxonomy":"category","extraData":[]},"publishpress_future_workflow_manual_trigger":{"enabledWorkflows":[]},"_links":{"self":[{"href":"https:\/\/test.comfenalcovalle.com.co\/en\/wp-json\/wp\/v2\/posts\/624875","targetHints":{"allow":["GET"]}}],"collection":[{"href":"https:\/\/test.comfenalcovalle.com.co\/en\/wp-json\/wp\/v2\/posts"}],"about":[{"href":"https:\/\/test.comfenalcovalle.com.co\/en\/wp-json\/wp\/v2\/types\/post"}],"author":[{"embeddable":true,"href":"https:\/\/test.comfenalcovalle.com.co\/en\/wp-json\/wp\/v2\/users\/6"}],"replies":[{"embeddable":true,"href":"https:\/\/test.comfenalcovalle.com.co\/en\/wp-json\/wp\/v2\/comments?post=624875"}],"version-history":[{"count":0,"href":"https:\/\/test.comfenalcovalle.com.co\/en\/wp-json\/wp\/v2\/posts\/624875\/revisions"}],"wp:featuredmedia":[{"embeddable":true,"href":"https:\/\/test.comfenalcovalle.com.co\/en\/wp-json\/wp\/v2\/media\/624881"}],"wp:attachment":[{"href":"https:\/\/test.comfenalcovalle.com.co\/en\/wp-json\/wp\/v2\/media?parent=624875"}],"wp:term":[{"taxonomy":"category","embeddable":true,"href":"https:\/\/test.comfenalcovalle.com.co\/en\/wp-json\/wp\/v2\/categories?post=624875"},{"taxonomy":"post_tag","embeddable":true,"href":"https:\/\/test.comfenalcovalle.com.co\/en\/wp-json\/wp\/v2\/tags?post=624875"}],"curies":[{"name":"wp","href":"https:\/\/api.w.org\/{rel}","templated":true}]}}