{"id":623257,"date":"2024-02-16T05:46:00","date_gmt":"2024-02-16T10:46:00","guid":{"rendered":"https:\/\/test.comfenalcovalle.com.co\/?p=623257"},"modified":"2024-02-16T18:53:39","modified_gmt":"2024-02-16T23:53:39","slug":"comunicado-sobre-resuelve","status":"publish","type":"post","link":"https:\/\/test.comfenalcovalle.com.co\/en\/comunicado-sobre-resuelve\/","title":{"rendered":"Comunicado sobre Resuelve"},"content":{"rendered":"<p class=\"has-text-align-center\"><strong>RESOLUCI\u00d3N N\u00daMERO 0019 DEL 04 DE ENERO DE 2024<\/strong> <strong>DE LA SUPERINTENDENCIA DEL SUBSIDIO FAMILIAR<\/strong>.<\/p>\n\n\n\n<p class=\"has-text-align-center\"><em>\u201cPor la cual se decide la solicitud de aprobaci\u00f3n de las decisiones adoptadas en la Asamblea General Ordinaria de Afiliados del 23 de mayo de 2023 y que constan en el Acta No. 66 de la Caja de Compensaci\u00f3n Familiar del Valle del Cauca \u2013 COMFENALCO VALLE DELAGENTE\u201d<\/em><\/p>\n\n\n\n<p class=\"has-text-align-center\"><strong>R E S U E L V E<\/strong><\/p>\n\n\n\n<p><strong>FIRST ARTICLE: APPROVE<\/strong> las decisiones adoptadas en la reuni\u00f3n ordinaria de la Asamblea General de Afiliados del 23 de mayo de 2023 y que constan en el Acta No. 66 de la Caja de Compensaci\u00f3n Familiar del Valle del Cauca \u2013 COMFENALCO VALLE DELAGENTE, conforme a la parte motiva del presente acto administrativo. <strong>ARTICULO SEGUNDO: APROBAR <\/strong>la elecci\u00f3n del Revisor Fiscal Suplente para el periodo estatutario 2023 \u2013 2025 de la Caja de Compensaci\u00f3n Familiar del Valle del Cauca \u2013 COMFENALCO VALLE DELAGENTE, as\u00ed:<\/p>\n\n\n\n<figure class=\"wp-block-table is-style-stripes\"><table><tbody><tr><td class=\"has-text-align-center\" data-align=\"center\"><strong>REVISOR FISCAL SUPLENTE<\/strong><\/td><\/tr><tr><td class=\"has-text-align-center\" data-align=\"center\">JOSE HELMER CUARTAS ESQUIVEL<br>C.C. 14.955.885<br>T.P. 2881 \u2013 T de la J.C.C.<\/td><\/tr><\/tbody><\/table><\/figure>\n\n\n\n<p><strong>P\u00c1RAGRAFO: AUTORIZAR <\/strong>al elegido el ejercicio del cargo aprobado en este art\u00edculo a partir de la expedici\u00f3n de la correspondiente acta de posesi\u00f3n, la cual no requerir\u00e1 presentaci\u00f3n personal. <strong>ART\u00cdCULO TERCERO: APROBAR <\/strong>la elecci\u00f3n del cuarto rengl\u00f3n Principal y Suplente de los representantes de los empleadores para cubrir la vacante del Consejo Directivo de la Caja de Compensaci\u00f3n Familiar del Valle del Cauca &#8211; <strong>&nbsp;<\/strong>COMFENALCO VALLE DELAGENTE, para el periodo 2023-2026, as\u00ed:<\/p>\n\n\n\n<figure class=\"wp-block-table\"><table><tbody><tr><td class=\"has-text-align-center\" data-align=\"center\"><strong>CUARTO<\/strong><br><strong>RENGL\u00d3N<\/strong><br><strong>PRINCIPAL<\/strong><\/td><td class=\"has-text-align-center\" data-align=\"center\">EMPRESA: LA MICHELA S.A.S.<br>NIT. 901.264.803-9<br>DESIGNADO: ANDRES REBOLLEDO COBO<br>C.C.: 16.712.521<\/td><\/tr><tr><td class=\"has-text-align-center\" data-align=\"center\"><strong>CUARTO<\/strong><br><strong>RENGL\u00d3N<\/strong><br><strong>SUPLENTE<\/strong><\/td><td class=\"has-text-align-center\" data-align=\"center\">EMPRESA: SURTIFAMILIAR S.A.<br>NIT. 805.028.991-6<br>DESIGNADO: MARLENY VALENCIA ARBEL\u00c1EZ<br>C.C.: 31.884.355<\/td><\/tr><\/tbody><\/table><\/figure>\n\n\n\n<p><strong>P\u00c1RAGRAFO: AUTORIZAR <\/strong>a los elegidos el ejercicio de los cargos aprobados en este art\u00edculo a partir de la fecha de ejecutoria de la presente Resoluci\u00f3n.<\/p>\n\n\n\n<p><strong>ARTICLE FOUR: APPROVE <\/strong>la reforma parcial de los Estatutos de la Caja de Compensaci\u00f3n Familiar del Valle del Cauca \u2013 COMFENALCO VALLE DELAGENTE efectuada por la Asamblea General Ordinaria de Afiliados adelantada el 23 de mayo de 2023 y que consta en el Acta No. 66 del 23 de mayo de 2023 de acuerdo con lo se\u00f1alado en la parte motiva del presente acto administrativo.<\/p>\n\n\n\n<p><strong>ART\u00cdCULO QUINTO: ORDENAR <\/strong>al Director Administrativo de la Corporaci\u00f3n <strong>PUBLICAR <\/strong>la parte resolutiva de este acto administrativo en la p\u00e1gina electr\u00f3nica de la Caja de Compensaci\u00f3n Familiar del Valle del Cauca \u2013 COMFENALCO VALLE DELAGENTE y en un diario de amplia circulaci\u00f3n en el Departamento del Valle del Cauca, remitiendo un (1) ejemplar de cada una de las publicaciones y el texto actualizado de los Estatutos a esta Superintendencia, dentro de los treinta (30) d\u00edas siguientes a la ejecutoria. Lo indicado de conformidad con lo dispuesto en el art\u00edculo 73 del C\u00f3digo de Procedimiento Administrativo y de lo Contencioso Administrativo \u2013 Ley 1437 de 2011.<strong>ART\u00cdCULO SEXTO: NOTIFICAR <\/strong>de conformidad con el art\u00edculo 67 y siguientes del C\u00f3digo de Procedimiento Administrativo y de lo Contencioso Administrativo \u2013 Ley 1437 de 2011, el contenido de esta Resoluci\u00f3n a:<\/p>\n\n\n\n<ol class=\"wp-block-list\" type=\"1\">\n<li><strong>FELICE GRIMOLDI REBOLLEDO <\/strong>identificado con c\u00e9dula de ciudadan\u00eda No. 16.616.030, en calidad de Director Administrativo de la Caja de Compensaci\u00f3n Familiar del Valle del Cauca \u2013 COMFENALCO VALLE DELAGENTE, al correo electr\u00f3nico <a href=\"mailto:ccfcomfevalle@ssf.gov.co\">ccfcomfevalle@ssf.gov.co<\/a>, o en la direcci\u00f3n Calle 5 No. 6 \u2013 63 Edificio Comfenalco, de la ciudad de Santiago de Cali \u2013 Valle del Cauca.<\/li>\n\n\n\n<li><strong>ARMANDO MURILLO GUZMAN <\/strong>identificado con c\u00e9dula de ciudadan\u00eda No. 14.221.104, en calidad de Revisor Fiscal Principal de la Caja de Compensaci\u00f3n Familiar del Valle del Cauca \u2013 COMFENALCO VALLE DELAGENTE, al correo electr\u00f3nico <a href=\"mailto:correspondencia@escobarauditores.com\">correspondencia@escobarauditores.com<\/a><\/li>\n\n\n\n<li><strong>JOSE HELMER CUARTAS ESQUIVEL <\/strong>identificado con c\u00e9dula de ciudadan\u00eda No. 14.955.885, en calidad de Revisor Fiscal Suplente de la Caja de Compensaci\u00f3n Familiar del Valle del Cauca \u2013 COMFENALCO VALLE DELAGENTE, al correo electr\u00f3nico <a href=\"mailto:elmercuartas@outlook.com\">elmercuartas@outlook.com<\/a><\/li>\n\n\n\n<li><strong>ANDR\u00c9S REBOLLEDO COBO <\/strong>identificado con c\u00e9dula de ciudadan\u00eda No. 16.712.521, al correo electr\u00f3nico <a href=\"mailto:andres1arc@hotmail.com\">andres1arc@hotmail.com<\/a><\/li>\n\n\n\n<li><strong>MARLENY VALENCIA ARBEL\u00c1EZ <\/strong>identificada con c\u00e9dula de ciudadan\u00eda No. 31.884.355, al correo electr\u00f3nico <a href=\"mailto:mvalencia@surtifamiliar.com.co\">mvalencia@surtifamiliar.com.co<\/a><\/li>\n<\/ol>\n\n\n\n<p><strong>P\u00c1RAGRAFO PRIMERO: <\/strong>En caso de no poder hacerse la notificaci\u00f3n personal o electr\u00f3nica, de conformidad con la ley, se proceder\u00e1 a surtirse por aviso.<\/p>\n\n\n\n<p><strong>ARTICLE SEVEN: INFORM <\/strong>a los interesados que contra el presente Acto Administrativo procede recurso de reposici\u00f3n, el cual deber\u00e1 interponerse por escrito dentro de los diez (10) d\u00edas siguientes a la notificaci\u00f3n, ante el Superintendente del Subsidio Familiar.<\/p>\n\n\n\n<p><strong>ARTICLE EIGHT: ORDER <\/strong>al Representante Legal de la Caja de Compensaci\u00f3n Familiar del Valle del Cauca \u2013 COMFENALCO VALLE DELAGENTE, comunicar el contenido de la presente Resoluci\u00f3n a los \u00f3rganos de Direcci\u00f3n y Administraci\u00f3n establecidos en los Estatutos de la Caja.<\/p>\n\n\n\n<p><strong>ARTICLE NINE: ORDER <\/strong>al grupo de Gesti\u00f3n Documental y Notificaciones, una vez en firme el presente acto administrativo, comunicar su ejecutoria a la Superintendencia Delegada para Responsabilidad Administrativa y las Medidas Especiales \u2013 Grupo de Registro y Control, para lo de su competencia. <strong>ARTICLE TEN: <\/strong>This Resolution is effective from the date of its execution.<\/p>\n\n\n\n<p><\/p>\n\n\n\n<p><strong>Comfenalco Valle Delagente.<\/strong><\/p>\n\n\n\n<p><strong>Family Compensation Fund.<\/strong><\/p>","protected":false},"excerpt":{"rendered":"<p>RESOLUCI\u00d3N N\u00daMERO 0019 DEL 04 DE ENERO DE 2024 DE LA SUPERINTENDENCIA DEL SUBSIDIO FAMILIAR. \u201cPor la cual se decide la solicitud de aprobaci\u00f3n de las decisiones adoptadas en la Asamblea General Ordinaria de Afiliados del 23 de mayo de 2023 y que constan en el Acta No. 66 de la Caja de Compensaci\u00f3n Familiar [&hellip;]<\/p>","protected":false},"author":6,"featured_media":0,"comment_status":"closed","ping_status":"closed","sticky":false,"template":"","format":"standard","meta":{"footnotes":""},"categories":[812],"tags":[],"class_list":["post-623257","post","type-post","status-publish","format-standard","hentry","category-juridico"],"yoast_head":"<!-- This site is optimized with the Yoast SEO Premium plugin v25.9 (Yoast SEO v25.9) - https:\/\/yoast.com\/wordpress\/plugins\/seo\/ -->\n<title>Comunicado sobre Resuelve - Comfenalco Valle Delagente<\/title>\n<meta name=\"description\" content=\"Por la cual se decide la solicitud de aprobaci\u00f3n de las decisiones adoptadas en la Asamblea General de Afiliados del 23 de mayo 2023.\" \/>\n<meta name=\"robots\" content=\"index, follow, max-snippet:-1, max-image-preview:large, max-video-preview:-1\" \/>\n<link rel=\"canonical\" href=\"https:\/\/www.comfenalcovalle.com.co\/comunicado-sobre-resuelve\/\" \/>\n<meta property=\"og:locale\" content=\"en_US\" \/>\n<meta property=\"og:type\" content=\"article\" \/>\n<meta property=\"og:title\" content=\"Comunicado sobre Resuelve\" \/>\n<meta property=\"og:description\" content=\"Por la cual se decide la solicitud de aprobaci\u00f3n de las decisiones adoptadas en la Asamblea General de Afiliados del 23 de mayo 2023.\" \/>\n<meta property=\"og:url\" content=\"https:\/\/www.comfenalcovalle.com.co\/comunicado-sobre-resuelve\/\" \/>\n<meta property=\"og:site_name\" content=\"Comfenalco Valle Delagente\" \/>\n<meta property=\"article:published_time\" content=\"2024-02-16T10:46:00+00:00\" \/>\n<meta property=\"article:modified_time\" content=\"2024-02-16T23:53:39+00:00\" \/>\n<meta property=\"og:image\" content=\"https:\/\/www.comfenalcovalle.com.co\/wp-content\/uploads\/2023\/07\/comunicado-digital-pc-computador-2023.png\" \/>\n\t<meta property=\"og:image:width\" content=\"1920\" \/>\n\t<meta property=\"og:image:height\" content=\"1080\" \/>\n\t<meta property=\"og:image:type\" content=\"image\/png\" \/>\n<meta name=\"author\" content=\"Comunicaciones Comfenalco Valle delagente\" \/>\n<meta name=\"twitter:card\" content=\"summary_large_image\" \/>\n<meta name=\"twitter:label1\" content=\"Written by\" \/>\n\t<meta name=\"twitter:data1\" content=\"Comunicaciones Comfenalco Valle delagente\" \/>\n\t<meta name=\"twitter:label2\" content=\"Est. reading time\" \/>\n\t<meta name=\"twitter:data2\" content=\"4 minutes\" \/>\n<script type=\"application\/ld+json\" class=\"yoast-schema-graph\">{\"@context\":\"https:\/\/schema.org\",\"@graph\":[{\"@type\":\"Article\",\"@id\":\"https:\/\/www.comfenalcovalle.com.co\/comunicado-sobre-resuelve\/#article\",\"isPartOf\":{\"@id\":\"https:\/\/www.comfenalcovalle.com.co\/comunicado-sobre-resuelve\/\"},\"author\":{\"name\":\"Comunicaciones Comfenalco Valle delagente\",\"@id\":\"https:\/\/www.comfenalcovalle.com.co\/#\/schema\/person\/d4d8bcb299f88f97b06096cf6a21cb01\"},\"headline\":\"Comunicado sobre Resuelve\",\"datePublished\":\"2024-02-16T10:46:00+00:00\",\"dateModified\":\"2024-02-16T23:53:39+00:00\",\"mainEntityOfPage\":{\"@id\":\"https:\/\/www.comfenalcovalle.com.co\/comunicado-sobre-resuelve\/\"},\"wordCount\":869,\"publisher\":{\"@id\":\"https:\/\/www.comfenalcovalle.com.co\/#organization\"},\"articleSection\":[\"Jur\u00eddico\"],\"inLanguage\":\"en-US\"},{\"@type\":\"WebPage\",\"@id\":\"https:\/\/www.comfenalcovalle.com.co\/comunicado-sobre-resuelve\/\",\"url\":\"https:\/\/www.comfenalcovalle.com.co\/comunicado-sobre-resuelve\/\",\"name\":\"Comunicado sobre Resuelve - Comfenalco Valle Delagente\",\"isPartOf\":{\"@id\":\"https:\/\/www.comfenalcovalle.com.co\/#website\"},\"datePublished\":\"2024-02-16T10:46:00+00:00\",\"dateModified\":\"2024-02-16T23:53:39+00:00\",\"description\":\"Por la cual se decide la solicitud de aprobaci\u00f3n de las decisiones adoptadas en la Asamblea General de Afiliados del 23 de mayo 2023.\",\"breadcrumb\":{\"@id\":\"https:\/\/www.comfenalcovalle.com.co\/comunicado-sobre-resuelve\/#breadcrumb\"},\"inLanguage\":\"en-US\",\"potentialAction\":[{\"@type\":\"ReadAction\",\"target\":[\"https:\/\/www.comfenalcovalle.com.co\/comunicado-sobre-resuelve\/\"]}]},{\"@type\":\"BreadcrumbList\",\"@id\":\"https:\/\/www.comfenalcovalle.com.co\/comunicado-sobre-resuelve\/#breadcrumb\",\"itemListElement\":[{\"@type\":\"ListItem\",\"position\":1,\"name\":\"Portada\",\"item\":\"https:\/\/www.comfenalcovalle.com.co\/\"},{\"@type\":\"ListItem\",\"position\":2,\"name\":\"Comunicado sobre Resuelve\"}]},{\"@type\":\"WebSite\",\"@id\":\"https:\/\/www.comfenalcovalle.com.co\/#website\",\"url\":\"https:\/\/www.comfenalcovalle.com.co\/\",\"name\":\"Comfenalco Valle Delagente\",\"description\":\"Caja de compensaci\u00f3n de Comfenalco Valle Delagente.\",\"publisher\":{\"@id\":\"https:\/\/www.comfenalcovalle.com.co\/#organization\"},\"potentialAction\":[{\"@type\":\"SearchAction\",\"target\":{\"@type\":\"EntryPoint\",\"urlTemplate\":\"https:\/\/www.comfenalcovalle.com.co\/?s={search_term_string}\"},\"query-input\":{\"@type\":\"PropertyValueSpecification\",\"valueRequired\":true,\"valueName\":\"search_term_string\"}}],\"inLanguage\":\"en-US\"},{\"@type\":\"Organization\",\"@id\":\"https:\/\/www.comfenalcovalle.com.co\/#organization\",\"name\":\"Comfenalco Valle Delagente\",\"url\":\"https:\/\/www.comfenalcovalle.com.co\/\",\"logo\":{\"@type\":\"ImageObject\",\"inLanguage\":\"en-US\",\"@id\":\"https:\/\/www.comfenalcovalle.com.co\/#\/schema\/logo\/image\/\",\"url\":\"https:\/\/test.comfenalcovalle.com.co\/wp-content\/uploads\/2021\/06\/logo-comfe-cabecera-agencia-empelo-actualizado.png\",\"contentUrl\":\"https:\/\/test.comfenalcovalle.com.co\/wp-content\/uploads\/2021\/06\/logo-comfe-cabecera-agencia-empelo-actualizado.png\",\"width\":500,\"height\":184,\"caption\":\"Comfenalco Valle Delagente\"},\"image\":{\"@id\":\"https:\/\/www.comfenalcovalle.com.co\/#\/schema\/logo\/image\/\"}},{\"@type\":\"Person\",\"@id\":\"https:\/\/www.comfenalcovalle.com.co\/#\/schema\/person\/d4d8bcb299f88f97b06096cf6a21cb01\",\"name\":\"Comunicaciones Comfenalco Valle delagente\",\"image\":{\"@type\":\"ImageObject\",\"inLanguage\":\"en-US\",\"@id\":\"https:\/\/www.comfenalcovalle.com.co\/#\/schema\/person\/image\/\",\"url\":\"https:\/\/secure.gravatar.com\/avatar\/d1c29eb639a137df0ac8bfec50479e8d6ef564f7320f439d9d984504359ea6ee?s=96&d=mm&r=g\",\"contentUrl\":\"https:\/\/secure.gravatar.com\/avatar\/d1c29eb639a137df0ac8bfec50479e8d6ef564f7320f439d9d984504359ea6ee?s=96&d=mm&r=g\",\"caption\":\"Comunicaciones Comfenalco Valle delagente\"},\"url\":\"https:\/\/test.comfenalcovalle.com.co\/en\/author\/comunicaciones-comfenalco-valle-delagente\/\"}]}<\/script>\n<!-- \/ Yoast SEO Premium plugin. -->","yoast_head_json":{"title":"Comunicado sobre Resuelve - Comfenalco Valle Delagente","description":"Por la cual se decide la solicitud de aprobaci\u00f3n de las decisiones adoptadas en la Asamblea General de Afiliados del 23 de mayo 2023.","robots":{"index":"index","follow":"follow","max-snippet":"max-snippet:-1","max-image-preview":"max-image-preview:large","max-video-preview":"max-video-preview:-1"},"canonical":"https:\/\/www.comfenalcovalle.com.co\/comunicado-sobre-resuelve\/","og_locale":"en_US","og_type":"article","og_title":"Comunicado sobre Resuelve","og_description":"Por la cual se decide la solicitud de aprobaci\u00f3n de las decisiones adoptadas en la Asamblea General de Afiliados del 23 de mayo 2023.","og_url":"https:\/\/www.comfenalcovalle.com.co\/comunicado-sobre-resuelve\/","og_site_name":"Comfenalco Valle Delagente","article_published_time":"2024-02-16T10:46:00+00:00","article_modified_time":"2024-02-16T23:53:39+00:00","og_image":[{"width":1920,"height":1080,"url":"https:\/\/www.comfenalcovalle.com.co\/wp-content\/uploads\/2023\/07\/comunicado-digital-pc-computador-2023.png","type":"image\/png"}],"author":"Comunicaciones Comfenalco Valle delagente","twitter_card":"summary_large_image","twitter_misc":{"Written by":"Comunicaciones Comfenalco Valle delagente","Est. reading time":"4 minutes"},"schema":{"@context":"https:\/\/schema.org","@graph":[{"@type":"Article","@id":"https:\/\/www.comfenalcovalle.com.co\/comunicado-sobre-resuelve\/#article","isPartOf":{"@id":"https:\/\/www.comfenalcovalle.com.co\/comunicado-sobre-resuelve\/"},"author":{"name":"Comunicaciones Comfenalco Valle delagente","@id":"https:\/\/www.comfenalcovalle.com.co\/#\/schema\/person\/d4d8bcb299f88f97b06096cf6a21cb01"},"headline":"Comunicado sobre Resuelve","datePublished":"2024-02-16T10:46:00+00:00","dateModified":"2024-02-16T23:53:39+00:00","mainEntityOfPage":{"@id":"https:\/\/www.comfenalcovalle.com.co\/comunicado-sobre-resuelve\/"},"wordCount":869,"publisher":{"@id":"https:\/\/www.comfenalcovalle.com.co\/#organization"},"articleSection":["Jur\u00eddico"],"inLanguage":"en-US"},{"@type":"WebPage","@id":"https:\/\/www.comfenalcovalle.com.co\/comunicado-sobre-resuelve\/","url":"https:\/\/www.comfenalcovalle.com.co\/comunicado-sobre-resuelve\/","name":"Comunicado sobre Resuelve - Comfenalco Valle Delagente","isPartOf":{"@id":"https:\/\/www.comfenalcovalle.com.co\/#website"},"datePublished":"2024-02-16T10:46:00+00:00","dateModified":"2024-02-16T23:53:39+00:00","description":"Por la cual se decide la solicitud de aprobaci\u00f3n de las decisiones adoptadas en la Asamblea General de Afiliados del 23 de mayo 2023.","breadcrumb":{"@id":"https:\/\/www.comfenalcovalle.com.co\/comunicado-sobre-resuelve\/#breadcrumb"},"inLanguage":"en-US","potentialAction":[{"@type":"ReadAction","target":["https:\/\/www.comfenalcovalle.com.co\/comunicado-sobre-resuelve\/"]}]},{"@type":"BreadcrumbList","@id":"https:\/\/www.comfenalcovalle.com.co\/comunicado-sobre-resuelve\/#breadcrumb","itemListElement":[{"@type":"ListItem","position":1,"name":"Portada","item":"https:\/\/www.comfenalcovalle.com.co\/"},{"@type":"ListItem","position":2,"name":"Comunicado sobre Resuelve"}]},{"@type":"WebSite","@id":"https:\/\/www.comfenalcovalle.com.co\/#website","url":"https:\/\/www.comfenalcovalle.com.co\/","name":"Comfenalco Valle Delagente","description":"Comfenalco Valle Delagente compensation fund.","publisher":{"@id":"https:\/\/www.comfenalcovalle.com.co\/#organization"},"potentialAction":[{"@type":"SearchAction","target":{"@type":"EntryPoint","urlTemplate":"https:\/\/www.comfenalcovalle.com.co\/?s={search_term_string}"},"query-input":{"@type":"PropertyValueSpecification","valueRequired":true,"valueName":"search_term_string"}}],"inLanguage":"en-US"},{"@type":"Organization","@id":"https:\/\/www.comfenalcovalle.com.co\/#organization","name":"Comfenalco Valle Delagente","url":"https:\/\/www.comfenalcovalle.com.co\/","logo":{"@type":"ImageObject","inLanguage":"en-US","@id":"https:\/\/www.comfenalcovalle.com.co\/#\/schema\/logo\/image\/","url":"https:\/\/test.comfenalcovalle.com.co\/wp-content\/uploads\/2021\/06\/logo-comfe-cabecera-agencia-empelo-actualizado.png","contentUrl":"https:\/\/test.comfenalcovalle.com.co\/wp-content\/uploads\/2021\/06\/logo-comfe-cabecera-agencia-empelo-actualizado.png","width":500,"height":184,"caption":"Comfenalco Valle Delagente"},"image":{"@id":"https:\/\/www.comfenalcovalle.com.co\/#\/schema\/logo\/image\/"}},{"@type":"Person","@id":"https:\/\/www.comfenalcovalle.com.co\/#\/schema\/person\/d4d8bcb299f88f97b06096cf6a21cb01","name":"Communications Comfenalco Valle delagente","image":{"@type":"ImageObject","inLanguage":"en-US","@id":"https:\/\/www.comfenalcovalle.com.co\/#\/schema\/person\/image\/","url":"https:\/\/secure.gravatar.com\/avatar\/d1c29eb639a137df0ac8bfec50479e8d6ef564f7320f439d9d984504359ea6ee?s=96&d=mm&r=g","contentUrl":"https:\/\/secure.gravatar.com\/avatar\/d1c29eb639a137df0ac8bfec50479e8d6ef564f7320f439d9d984504359ea6ee?s=96&d=mm&r=g","caption":"Comunicaciones Comfenalco Valle delagente"},"url":"https:\/\/test.comfenalcovalle.com.co\/en\/author\/comunicaciones-comfenalco-valle-delagente\/"}]}},"publishpress_future_action":{"enabled":false,"date":"2026-05-10 05:04:10","action":"change-status","newStatus":"draft","terms":[],"taxonomy":"category","extraData":[]},"publishpress_future_workflow_manual_trigger":{"enabledWorkflows":[]},"_links":{"self":[{"href":"https:\/\/test.comfenalcovalle.com.co\/en\/wp-json\/wp\/v2\/posts\/623257","targetHints":{"allow":["GET"]}}],"collection":[{"href":"https:\/\/test.comfenalcovalle.com.co\/en\/wp-json\/wp\/v2\/posts"}],"about":[{"href":"https:\/\/test.comfenalcovalle.com.co\/en\/wp-json\/wp\/v2\/types\/post"}],"author":[{"embeddable":true,"href":"https:\/\/test.comfenalcovalle.com.co\/en\/wp-json\/wp\/v2\/users\/6"}],"replies":[{"embeddable":true,"href":"https:\/\/test.comfenalcovalle.com.co\/en\/wp-json\/wp\/v2\/comments?post=623257"}],"version-history":[{"count":0,"href":"https:\/\/test.comfenalcovalle.com.co\/en\/wp-json\/wp\/v2\/posts\/623257\/revisions"}],"wp:attachment":[{"href":"https:\/\/test.comfenalcovalle.com.co\/en\/wp-json\/wp\/v2\/media?parent=623257"}],"wp:term":[{"taxonomy":"category","embeddable":true,"href":"https:\/\/test.comfenalcovalle.com.co\/en\/wp-json\/wp\/v2\/categories?post=623257"},{"taxonomy":"post_tag","embeddable":true,"href":"https:\/\/test.comfenalcovalle.com.co\/en\/wp-json\/wp\/v2\/tags?post=623257"}],"curies":[{"name":"wp","href":"https:\/\/api.w.org\/{rel}","templated":true}]}}