{"id":617197,"date":"2023-09-21T01:00:00","date_gmt":"2023-09-21T06:00:00","guid":{"rendered":"https:\/\/test.comfenalcovalle.com.co\/?p=617197"},"modified":"2025-11-10T14:01:30","modified_gmt":"2025-11-10T19:01:30","slug":"reapertura-iglesia-nuestra-senora-del-rosario","status":"publish","type":"post","link":"https:\/\/test.comfenalcovalle.com.co\/en\/reapertura-iglesia-nuestra-senora-del-rosario\/","title":{"rendered":"Reapertura de la Capilla Nuestra Se\u00f1ora del\u00a0Rosario"},"content":{"rendered":"<div data-elementor-type=\"wp-post\" data-elementor-id=\"617197\" class=\"elementor elementor-617197\" data-elementor-post-type=\"post\">\n\t\t\t\t\t\t<section class=\"elementor-section elementor-top-section elementor-element elementor-element-77bb609b elementor-section-boxed elementor-section-height-default elementor-section-height-default\" data-id=\"77bb609b\" data-element_type=\"section\">\n\t\t\t\t\t\t<div class=\"elementor-container elementor-column-gap-default\">\n\t\t\t\t\t<div class=\"elementor-column elementor-col-100 elementor-top-column elementor-element elementor-element-ff77cd1\" data-id=\"ff77cd1\" data-element_type=\"column\">\n\t\t\t<div class=\"elementor-widget-wrap elementor-element-populated\">\n\t\t\t\t\t\t<div class=\"elementor-element elementor-element-dfcf14c elementor-widget elementor-widget-video\" data-id=\"dfcf14c\" data-element_type=\"widget\" data-settings=\"{&quot;youtube_url&quot;:&quot;https:\\\/\\\/youtu.be\\\/lWUVSHI_7KM&quot;,&quot;video_type&quot;:&quot;youtube&quot;,&quot;controls&quot;:&quot;yes&quot;}\" data-widget_type=\"video.default\">\n\t\t\t\t<div class=\"elementor-widget-container\">\n\t\t\t\t\t\t\t<div class=\"elementor-wrapper elementor-open-inline\">\n\t\t\t<div class=\"elementor-video\"><\/div>\t\t<\/div>\n\t\t\t\t\t\t<\/div>\n\t\t\t\t<\/div>\n\t\t\t\t<div class=\"elementor-element elementor-element-54c2f5e3 elementor-widget elementor-widget-text-editor\" data-id=\"54c2f5e3\" data-element_type=\"widget\" data-widget_type=\"text-editor.default\">\n\t\t\t\t<div class=\"elementor-widget-container\">\n\t\t\t\t\t\t\t\t\t<p><\/p>\n<p><strong>Abre sus puertas la renovada Capilla Nuestra Se\u00f1ora del Rosario en Cali<\/strong><\/p>\n<p><\/p>\n<p><\/p>\n<p>Con m\u00e1s de cien a\u00f1os de historia y ubicada entre la calle quinta y la carrera sexta en Cali, la <strong>Capilla Nuestra Se\u00f1ora del Rosario<\/strong>, una joya patrimonial, <strong>reabri\u00f3 sus puertas este 20 de septiembre<\/strong>.<\/p>\n<p><\/p>\n<p><\/p>\n<p>Tras nueve meses de rehabilitaci\u00f3n, la capilla se convierte en un renovado y tradicional espacio para recibir a todas las familias vallecaucanas y visitantes.<\/p>\n<p><\/p>\n<p><\/p>\n<p>A trav\u00e9s de un trabajo conjunto y consiente por fortalecer la apropiaci\u00f3n social del patrimonio religioso y cultural de la ciudad, la <strong>Provincia de San Luis Bertr\u00e1n de Colombia de la Orden de Predicadores y la Caja de Compensaci\u00f3n Familiar Comfenalco Valle Delagente,<\/strong> logran rehabilitar y entregar a la comunidad un recinto religioso catalogado como Bien de Inter\u00e9s Cultural Municipal, y que representa para los fieles un espacio hist\u00f3rico de predicaci\u00f3n, reflexi\u00f3n y de encuentro social.<\/p>\n<p><\/p>\n<p><\/p>\n<p>Felice Grimoldi Rebolledo, director general de Comfenalco Valle Delagente, manifest\u00f3 que \u201cnos sentimos muy orgullosos de este gran trabajo logrado a trav\u00e9s de la uni\u00f3n de esfuerzos que generan valor compartido, y en donde visionamos que esta obra se convierte en el inicio del gran desarrollo urbano que tendr\u00e1 Cali en esta zona hist\u00f3rica donde estamos ubicados como Caja de Compensaci\u00f3n Familiar de las empresas y de los trabajadores vallecaucanos\u201d.<\/p>\n<p><\/p>\t\t\t\t\t\t\t\t<\/div>\n\t\t\t\t<\/div>\n\t\t\t\t<div class=\"elementor-element elementor-element-c9085e0 elementor-widget elementor-widget-gallery\" data-id=\"c9085e0\" data-element_type=\"widget\" data-settings=\"{&quot;lazyload&quot;:&quot;yes&quot;,&quot;gallery_layout&quot;:&quot;grid&quot;,&quot;columns&quot;:4,&quot;columns_tablet&quot;:2,&quot;columns_mobile&quot;:1,&quot;gap&quot;:{&quot;unit&quot;:&quot;px&quot;,&quot;size&quot;:10,&quot;sizes&quot;:[]},&quot;gap_tablet&quot;:{&quot;unit&quot;:&quot;px&quot;,&quot;size&quot;:10,&quot;sizes&quot;:[]},&quot;gap_mobile&quot;:{&quot;unit&quot;:&quot;px&quot;,&quot;size&quot;:10,&quot;sizes&quot;:[]},&quot;link_to&quot;:&quot;file&quot;,&quot;aspect_ratio&quot;:&quot;3:2&quot;,&quot;show_all_galleries&quot;:&quot;yes&quot;,&quot;overlay_background&quot;:&quot;yes&quot;,&quot;content_hover_animation&quot;:&quot;fade-in&quot;}\" data-widget_type=\"gallery.default\">\n\t\t\t\t<div class=\"elementor-widget-container\">\n\t\t\t\t\t\t\t\t<div class=\"elementor-gallery__titles-container e--pointer-underline e--animation-fade\" aria-label=\"Gallery filter\">\n\t\t\t\t\t\t\t\t\t<a class=\"elementor-item elementor-gallery-title\" role=\"button\" tabindex=\"0\" data-gallery-index=\"all\">\n\t\t\t\t\t\tAll\t\t\t\t\t<\/a>\n\t\t\t\t\n\t\t\t\t\t\t\t\t\t<a class=\"elementor-item elementor-gallery-title\" role=\"button\" tabindex=\"0\" data-gallery-index=\"0\">\n\t\t\t\t\t\tNueva galer\u00eda\t\t\t\t\t<\/a>\n\t\t\t\t\t\t\t\t<\/div>\n\t\t\t\t\t<div class=\"elementor-gallery__container\">\n\t\t\t\t\t\t\t<a class=\"e-gallery-item elementor-gallery-item elementor-animated-content\" data-e-gallery-tags=\"0\" href=\"https:\/\/test.comfenalcovalle.com.co\/wp-content\/uploads\/2023\/09\/capilla-apertura-2023-02.jpg\" data-elementor-open-lightbox=\"yes\" data-elementor-lightbox-slideshow=\"c9085e0\" data-elementor-lightbox-title=\"capilla-apertura-2023-02\" data-e-action-hash=\"#elementor-action%3Aaction%3Dlightbox%26settings%3DeyJpZCI6NjE3MzkwLCJ1cmwiOiJodHRwczpcL1wvdGVzdC5jb21mZW5hbGNvdmFsbGUuY29tLmNvXC93cC1jb250ZW50XC91cGxvYWRzXC8yMDIzXC8wOVwvY2FwaWxsYS1hcGVydHVyYS0yMDIzLTAyLmpwZyIsInNsaWRlc2hvdyI6ImM5MDg1ZTAifQ%3D%3D\">\n\t\t\t\t\t<div class=\"e-gallery-image elementor-gallery-item__image\" data-thumbnail=\"https:\/\/test.comfenalcovalle.com.co\/wp-content\/uploads\/2023\/09\/capilla-apertura-2023-02-300x225.jpg\" data-width=\"300\" data-height=\"225\" aria-label=\"\" role=\"img\" ><\/div>\n\t\t\t\t\t\t\t\t\t\t\t<div class=\"elementor-gallery-item__overlay\"><\/div>\n\t\t\t\t\t\t\t\t\t\t\t\t\t\t<\/a>\n\t\t\t\t\t\t\t<a class=\"e-gallery-item elementor-gallery-item elementor-animated-content\" data-e-gallery-tags=\"0\" href=\"https:\/\/test.comfenalcovalle.com.co\/wp-content\/uploads\/2023\/09\/capilla-apertura-2023-08.jpg\" data-elementor-open-lightbox=\"yes\" data-elementor-lightbox-slideshow=\"c9085e0\" data-elementor-lightbox-title=\"capilla-apertura-2023-08\" data-e-action-hash=\"#elementor-action%3Aaction%3Dlightbox%26settings%3DeyJpZCI6NjE3Mzk2LCJ1cmwiOiJodHRwczpcL1wvdGVzdC5jb21mZW5hbGNvdmFsbGUuY29tLmNvXC93cC1jb250ZW50XC91cGxvYWRzXC8yMDIzXC8wOVwvY2FwaWxsYS1hcGVydHVyYS0yMDIzLTA4LmpwZyIsInNsaWRlc2hvdyI6ImM5MDg1ZTAifQ%3D%3D\">\n\t\t\t\t\t<div class=\"e-gallery-image elementor-gallery-item__image\" data-thumbnail=\"https:\/\/test.comfenalcovalle.com.co\/wp-content\/uploads\/2023\/09\/capilla-apertura-2023-08-300x225.jpg\" data-width=\"300\" data-height=\"225\" aria-label=\"\" role=\"img\" ><\/div>\n\t\t\t\t\t\t\t\t\t\t\t<div class=\"elementor-gallery-item__overlay\"><\/div>\n\t\t\t\t\t\t\t\t\t\t\t\t\t\t<\/a>\n\t\t\t\t\t\t\t<a class=\"e-gallery-item elementor-gallery-item elementor-animated-content\" data-e-gallery-tags=\"0\" href=\"https:\/\/test.comfenalcovalle.com.co\/wp-content\/uploads\/2023\/09\/capilla-apertura-2023-12.jpg\" data-elementor-open-lightbox=\"yes\" data-elementor-lightbox-slideshow=\"c9085e0\" data-elementor-lightbox-title=\"capilla-apertura-2023-12\" data-e-action-hash=\"#elementor-action%3Aaction%3Dlightbox%26settings%3DeyJpZCI6NjE3NDA1LCJ1cmwiOiJodHRwczpcL1wvdGVzdC5jb21mZW5hbGNvdmFsbGUuY29tLmNvXC93cC1jb250ZW50XC91cGxvYWRzXC8yMDIzXC8wOVwvY2FwaWxsYS1hcGVydHVyYS0yMDIzLTEyLmpwZyIsInNsaWRlc2hvdyI6ImM5MDg1ZTAifQ%3D%3D\">\n\t\t\t\t\t<div class=\"e-gallery-image elementor-gallery-item__image\" data-thumbnail=\"https:\/\/test.comfenalcovalle.com.co\/wp-content\/uploads\/2023\/09\/capilla-apertura-2023-12-300x200.jpg\" data-width=\"300\" data-height=\"200\" aria-label=\"\" role=\"img\" ><\/div>\n\t\t\t\t\t\t\t\t\t\t\t<div class=\"elementor-gallery-item__overlay\"><\/div>\n\t\t\t\t\t\t\t\t\t\t\t\t\t\t<\/a>\n\t\t\t\t\t\t\t<a class=\"e-gallery-item elementor-gallery-item elementor-animated-content\" data-e-gallery-tags=\"0\" href=\"https:\/\/test.comfenalcovalle.com.co\/wp-content\/uploads\/2023\/09\/capilla-apertura-2023-11.jpg\" data-elementor-open-lightbox=\"yes\" data-elementor-lightbox-slideshow=\"c9085e0\" data-elementor-lightbox-title=\"capilla-apertura-2023-11\" data-e-action-hash=\"#elementor-action%3Aaction%3Dlightbox%26settings%3DeyJpZCI6NjE3NDA0LCJ1cmwiOiJodHRwczpcL1wvdGVzdC5jb21mZW5hbGNvdmFsbGUuY29tLmNvXC93cC1jb250ZW50XC91cGxvYWRzXC8yMDIzXC8wOVwvY2FwaWxsYS1hcGVydHVyYS0yMDIzLTExLmpwZyIsInNsaWRlc2hvdyI6ImM5MDg1ZTAifQ%3D%3D\">\n\t\t\t\t\t<div class=\"e-gallery-image elementor-gallery-item__image\" data-thumbnail=\"https:\/\/test.comfenalcovalle.com.co\/wp-content\/uploads\/2023\/09\/capilla-apertura-2023-11-300x200.jpg\" data-width=\"300\" data-height=\"200\" aria-label=\"\" role=\"img\" ><\/div>\n\t\t\t\t\t\t\t\t\t\t\t<div class=\"elementor-gallery-item__overlay\"><\/div>\n\t\t\t\t\t\t\t\t\t\t\t\t\t\t<\/a>\n\t\t\t\t\t\t\t<a class=\"e-gallery-item elementor-gallery-item elementor-animated-content\" data-e-gallery-tags=\"0\" href=\"https:\/\/test.comfenalcovalle.com.co\/wp-content\/uploads\/2023\/09\/capilla-apertura-2023-09.jpg\" data-elementor-open-lightbox=\"yes\" data-elementor-lightbox-slideshow=\"c9085e0\" data-elementor-lightbox-title=\"capilla-apertura-2023-09\" data-e-action-hash=\"#elementor-action%3Aaction%3Dlightbox%26settings%3DeyJpZCI6NjE3Mzk3LCJ1cmwiOiJodHRwczpcL1wvdGVzdC5jb21mZW5hbGNvdmFsbGUuY29tLmNvXC93cC1jb250ZW50XC91cGxvYWRzXC8yMDIzXC8wOVwvY2FwaWxsYS1hcGVydHVyYS0yMDIzLTA5LmpwZyIsInNsaWRlc2hvdyI6ImM5MDg1ZTAifQ%3D%3D\">\n\t\t\t\t\t<div class=\"e-gallery-image elementor-gallery-item__image\" data-thumbnail=\"https:\/\/test.comfenalcovalle.com.co\/wp-content\/uploads\/2023\/09\/capilla-apertura-2023-09-300x225.jpg\" data-width=\"300\" data-height=\"225\" aria-label=\"\" role=\"img\" ><\/div>\n\t\t\t\t\t\t\t\t\t\t\t<div class=\"elementor-gallery-item__overlay\"><\/div>\n\t\t\t\t\t\t\t\t\t\t\t\t\t\t<\/a>\n\t\t\t\t\t\t\t<a class=\"e-gallery-item elementor-gallery-item elementor-animated-content\" data-e-gallery-tags=\"0\" href=\"https:\/\/test.comfenalcovalle.com.co\/wp-content\/uploads\/2023\/09\/capilla-apertura-2023-13.jpg\" data-elementor-open-lightbox=\"yes\" data-elementor-lightbox-slideshow=\"c9085e0\" data-elementor-lightbox-title=\"capilla-apertura-2023-13\" data-e-action-hash=\"#elementor-action%3Aaction%3Dlightbox%26settings%3DeyJpZCI6NjE3NDA2LCJ1cmwiOiJodHRwczpcL1wvdGVzdC5jb21mZW5hbGNvdmFsbGUuY29tLmNvXC93cC1jb250ZW50XC91cGxvYWRzXC8yMDIzXC8wOVwvY2FwaWxsYS1hcGVydHVyYS0yMDIzLTEzLmpwZyIsInNsaWRlc2hvdyI6ImM5MDg1ZTAifQ%3D%3D\">\n\t\t\t\t\t<div class=\"e-gallery-image elementor-gallery-item__image\" data-thumbnail=\"https:\/\/test.comfenalcovalle.com.co\/wp-content\/uploads\/2023\/09\/capilla-apertura-2023-13-300x200.jpg\" data-width=\"300\" data-height=\"200\" aria-label=\"\" role=\"img\" ><\/div>\n\t\t\t\t\t\t\t\t\t\t\t<div class=\"elementor-gallery-item__overlay\"><\/div>\n\t\t\t\t\t\t\t\t\t\t\t\t\t\t<\/a>\n\t\t\t\t\t\t\t<a class=\"e-gallery-item elementor-gallery-item elementor-animated-content\" data-e-gallery-tags=\"0\" href=\"https:\/\/test.comfenalcovalle.com.co\/wp-content\/uploads\/2023\/09\/capilla-apertura-2023-05.jpg\" data-elementor-open-lightbox=\"yes\" data-elementor-lightbox-slideshow=\"c9085e0\" data-elementor-lightbox-title=\"capilla-apertura-2023-05\" data-e-action-hash=\"#elementor-action%3Aaction%3Dlightbox%26settings%3DeyJpZCI6NjE3MzkzLCJ1cmwiOiJodHRwczpcL1wvdGVzdC5jb21mZW5hbGNvdmFsbGUuY29tLmNvXC93cC1jb250ZW50XC91cGxvYWRzXC8yMDIzXC8wOVwvY2FwaWxsYS1hcGVydHVyYS0yMDIzLTA1LmpwZyIsInNsaWRlc2hvdyI6ImM5MDg1ZTAifQ%3D%3D\">\n\t\t\t\t\t<div class=\"e-gallery-image elementor-gallery-item__image\" data-thumbnail=\"https:\/\/test.comfenalcovalle.com.co\/wp-content\/uploads\/2023\/09\/capilla-apertura-2023-05-300x225.jpg\" data-width=\"300\" data-height=\"225\" aria-label=\"\" role=\"img\" ><\/div>\n\t\t\t\t\t\t\t\t\t\t\t<div class=\"elementor-gallery-item__overlay\"><\/div>\n\t\t\t\t\t\t\t\t\t\t\t\t\t\t<\/a>\n\t\t\t\t\t\t\t<a class=\"e-gallery-item elementor-gallery-item elementor-animated-content\" data-e-gallery-tags=\"0\" href=\"https:\/\/test.comfenalcovalle.com.co\/wp-content\/uploads\/2023\/09\/capilla-apertura-2023-15.jpg\" data-elementor-open-lightbox=\"yes\" data-elementor-lightbox-slideshow=\"c9085e0\" data-elementor-lightbox-title=\"capilla-apertura-2023-15\" data-e-action-hash=\"#elementor-action%3Aaction%3Dlightbox%26settings%3DeyJpZCI6NjE3NDA4LCJ1cmwiOiJodHRwczpcL1wvdGVzdC5jb21mZW5hbGNvdmFsbGUuY29tLmNvXC93cC1jb250ZW50XC91cGxvYWRzXC8yMDIzXC8wOVwvY2FwaWxsYS1hcGVydHVyYS0yMDIzLTE1LmpwZyIsInNsaWRlc2hvdyI6ImM5MDg1ZTAifQ%3D%3D\">\n\t\t\t\t\t<div class=\"e-gallery-image elementor-gallery-item__image\" data-thumbnail=\"https:\/\/test.comfenalcovalle.com.co\/wp-content\/uploads\/2023\/09\/capilla-apertura-2023-15-300x200.jpg\" data-width=\"300\" data-height=\"200\" aria-label=\"\" role=\"img\" ><\/div>\n\t\t\t\t\t\t\t\t\t\t\t<div class=\"elementor-gallery-item__overlay\"><\/div>\n\t\t\t\t\t\t\t\t\t\t\t\t\t\t<\/a>\n\t\t\t\t\t\t\t<a class=\"e-gallery-item elementor-gallery-item elementor-animated-content\" data-e-gallery-tags=\"0\" href=\"https:\/\/test.comfenalcovalle.com.co\/wp-content\/uploads\/2023\/09\/capilla-apertura-2023-07.jpg\" data-elementor-open-lightbox=\"yes\" data-elementor-lightbox-slideshow=\"c9085e0\" data-elementor-lightbox-title=\"capilla-apertura-2023-07\" data-e-action-hash=\"#elementor-action%3Aaction%3Dlightbox%26settings%3DeyJpZCI6NjE3Mzk1LCJ1cmwiOiJodHRwczpcL1wvdGVzdC5jb21mZW5hbGNvdmFsbGUuY29tLmNvXC93cC1jb250ZW50XC91cGxvYWRzXC8yMDIzXC8wOVwvY2FwaWxsYS1hcGVydHVyYS0yMDIzLTA3LmpwZyIsInNsaWRlc2hvdyI6ImM5MDg1ZTAifQ%3D%3D\">\n\t\t\t\t\t<div class=\"e-gallery-image elementor-gallery-item__image\" data-thumbnail=\"https:\/\/test.comfenalcovalle.com.co\/wp-content\/uploads\/2023\/09\/capilla-apertura-2023-07-300x225.jpg\" data-width=\"300\" data-height=\"225\" aria-label=\"\" role=\"img\" ><\/div>\n\t\t\t\t\t\t\t\t\t\t\t<div class=\"elementor-gallery-item__overlay\"><\/div>\n\t\t\t\t\t\t\t\t\t\t\t\t\t\t<\/a>\n\t\t\t\t\t\t\t<a class=\"e-gallery-item elementor-gallery-item elementor-animated-content\" data-e-gallery-tags=\"0\" href=\"https:\/\/test.comfenalcovalle.com.co\/wp-content\/uploads\/2023\/09\/capilla-apertura-2023-06.jpg\" data-elementor-open-lightbox=\"yes\" data-elementor-lightbox-slideshow=\"c9085e0\" data-elementor-lightbox-title=\"capilla-apertura-2023-06\" data-e-action-hash=\"#elementor-action%3Aaction%3Dlightbox%26settings%3DeyJpZCI6NjE3Mzk0LCJ1cmwiOiJodHRwczpcL1wvdGVzdC5jb21mZW5hbGNvdmFsbGUuY29tLmNvXC93cC1jb250ZW50XC91cGxvYWRzXC8yMDIzXC8wOVwvY2FwaWxsYS1hcGVydHVyYS0yMDIzLTA2LmpwZyIsInNsaWRlc2hvdyI6ImM5MDg1ZTAifQ%3D%3D\">\n\t\t\t\t\t<div class=\"e-gallery-image elementor-gallery-item__image\" data-thumbnail=\"https:\/\/test.comfenalcovalle.com.co\/wp-content\/uploads\/2023\/09\/capilla-apertura-2023-06-300x225.jpg\" data-width=\"300\" data-height=\"225\" aria-label=\"\" role=\"img\" ><\/div>\n\t\t\t\t\t\t\t\t\t\t\t<div class=\"elementor-gallery-item__overlay\"><\/div>\n\t\t\t\t\t\t\t\t\t\t\t\t\t\t<\/a>\n\t\t\t\t\t\t\t<a class=\"e-gallery-item elementor-gallery-item elementor-animated-content\" data-e-gallery-tags=\"0\" href=\"https:\/\/test.comfenalcovalle.com.co\/wp-content\/uploads\/2023\/09\/capilla-apertura-2023-14.jpg\" data-elementor-open-lightbox=\"yes\" data-elementor-lightbox-slideshow=\"c9085e0\" data-elementor-lightbox-title=\"capilla-apertura-2023-14\" data-e-action-hash=\"#elementor-action%3Aaction%3Dlightbox%26settings%3DeyJpZCI6NjE3NDA3LCJ1cmwiOiJodHRwczpcL1wvdGVzdC5jb21mZW5hbGNvdmFsbGUuY29tLmNvXC93cC1jb250ZW50XC91cGxvYWRzXC8yMDIzXC8wOVwvY2FwaWxsYS1hcGVydHVyYS0yMDIzLTE0LmpwZyIsInNsaWRlc2hvdyI6ImM5MDg1ZTAifQ%3D%3D\">\n\t\t\t\t\t<div class=\"e-gallery-image elementor-gallery-item__image\" data-thumbnail=\"https:\/\/test.comfenalcovalle.com.co\/wp-content\/uploads\/2023\/09\/capilla-apertura-2023-14-300x200.jpg\" data-width=\"300\" data-height=\"200\" aria-label=\"\" role=\"img\" ><\/div>\n\t\t\t\t\t\t\t\t\t\t\t<div class=\"elementor-gallery-item__overlay\"><\/div>\n\t\t\t\t\t\t\t\t\t\t\t\t\t\t<\/a>\n\t\t\t\t\t\t\t<a class=\"e-gallery-item elementor-gallery-item elementor-animated-content\" data-e-gallery-tags=\"0\" href=\"https:\/\/test.comfenalcovalle.com.co\/wp-content\/uploads\/2023\/09\/capilla-apertura-2023-04.jpg\" data-elementor-open-lightbox=\"yes\" data-elementor-lightbox-slideshow=\"c9085e0\" data-elementor-lightbox-title=\"capilla-apertura-2023-04\" data-e-action-hash=\"#elementor-action%3Aaction%3Dlightbox%26settings%3DeyJpZCI6NjE3MzkyLCJ1cmwiOiJodHRwczpcL1wvdGVzdC5jb21mZW5hbGNvdmFsbGUuY29tLmNvXC93cC1jb250ZW50XC91cGxvYWRzXC8yMDIzXC8wOVwvY2FwaWxsYS1hcGVydHVyYS0yMDIzLTA0LmpwZyIsInNsaWRlc2hvdyI6ImM5MDg1ZTAifQ%3D%3D\">\n\t\t\t\t\t<div class=\"e-gallery-image elementor-gallery-item__image\" data-thumbnail=\"https:\/\/test.comfenalcovalle.com.co\/wp-content\/uploads\/2023\/09\/capilla-apertura-2023-04-300x225.jpg\" data-width=\"300\" data-height=\"225\" aria-label=\"\" role=\"img\" ><\/div>\n\t\t\t\t\t\t\t\t\t\t\t<div class=\"elementor-gallery-item__overlay\"><\/div>\n\t\t\t\t\t\t\t\t\t\t\t\t\t\t<\/a>\n\t\t\t\t\t\t\t<a class=\"e-gallery-item elementor-gallery-item elementor-animated-content\" data-e-gallery-tags=\"0\" href=\"https:\/\/test.comfenalcovalle.com.co\/wp-content\/uploads\/2023\/09\/capilla-apertura-2023-03.jpg\" data-elementor-open-lightbox=\"yes\" data-elementor-lightbox-slideshow=\"c9085e0\" data-elementor-lightbox-title=\"capilla-apertura-2023-03\" data-e-action-hash=\"#elementor-action%3Aaction%3Dlightbox%26settings%3DeyJpZCI6NjE3MzkxLCJ1cmwiOiJodHRwczpcL1wvdGVzdC5jb21mZW5hbGNvdmFsbGUuY29tLmNvXC93cC1jb250ZW50XC91cGxvYWRzXC8yMDIzXC8wOVwvY2FwaWxsYS1hcGVydHVyYS0yMDIzLTAzLmpwZyIsInNsaWRlc2hvdyI6ImM5MDg1ZTAifQ%3D%3D\">\n\t\t\t\t\t<div class=\"e-gallery-image elementor-gallery-item__image\" data-thumbnail=\"https:\/\/test.comfenalcovalle.com.co\/wp-content\/uploads\/2023\/09\/capilla-apertura-2023-03-300x225.jpg\" data-width=\"300\" data-height=\"225\" aria-label=\"\" role=\"img\" ><\/div>\n\t\t\t\t\t\t\t\t\t\t\t<div class=\"elementor-gallery-item__overlay\"><\/div>\n\t\t\t\t\t\t\t\t\t\t\t\t\t\t<\/a>\n\t\t\t\t\t\t\t<a class=\"e-gallery-item elementor-gallery-item elementor-animated-content\" data-e-gallery-tags=\"0\" href=\"https:\/\/test.comfenalcovalle.com.co\/wp-content\/uploads\/2023\/09\/capilla-apertura-2023-16.jpg\" data-elementor-open-lightbox=\"yes\" data-elementor-lightbox-slideshow=\"c9085e0\" data-elementor-lightbox-title=\"capilla-apertura-2023-16\" data-e-action-hash=\"#elementor-action%3Aaction%3Dlightbox%26settings%3DeyJpZCI6NjE3NDAyLCJ1cmwiOiJodHRwczpcL1wvdGVzdC5jb21mZW5hbGNvdmFsbGUuY29tLmNvXC93cC1jb250ZW50XC91cGxvYWRzXC8yMDIzXC8wOVwvY2FwaWxsYS1hcGVydHVyYS0yMDIzLTE2LmpwZyIsInNsaWRlc2hvdyI6ImM5MDg1ZTAifQ%3D%3D\">\n\t\t\t\t\t<div class=\"e-gallery-image elementor-gallery-item__image\" data-thumbnail=\"https:\/\/test.comfenalcovalle.com.co\/wp-content\/uploads\/2023\/09\/capilla-apertura-2023-16-300x200.jpg\" data-width=\"300\" data-height=\"200\" aria-label=\"\" role=\"img\" ><\/div>\n\t\t\t\t\t\t\t\t\t\t\t<div class=\"elementor-gallery-item__overlay\"><\/div>\n\t\t\t\t\t\t\t\t\t\t\t\t\t\t<\/a>\n\t\t\t\t\t\t\t<a class=\"e-gallery-item elementor-gallery-item elementor-animated-content\" data-e-gallery-tags=\"0\" href=\"https:\/\/test.comfenalcovalle.com.co\/wp-content\/uploads\/2023\/09\/capilla-apertura-2023-17.jpg\" data-elementor-open-lightbox=\"yes\" data-elementor-lightbox-slideshow=\"c9085e0\" data-elementor-lightbox-title=\"capilla-apertura-2023-17\" data-e-action-hash=\"#elementor-action%3Aaction%3Dlightbox%26settings%3DeyJpZCI6NjE3NDAzLCJ1cmwiOiJodHRwczpcL1wvdGVzdC5jb21mZW5hbGNvdmFsbGUuY29tLmNvXC93cC1jb250ZW50XC91cGxvYWRzXC8yMDIzXC8wOVwvY2FwaWxsYS1hcGVydHVyYS0yMDIzLTE3LmpwZyIsInNsaWRlc2hvdyI6ImM5MDg1ZTAifQ%3D%3D\">\n\t\t\t\t\t<div class=\"e-gallery-image elementor-gallery-item__image\" data-thumbnail=\"https:\/\/test.comfenalcovalle.com.co\/wp-content\/uploads\/2023\/09\/capilla-apertura-2023-17-300x200.jpg\" data-width=\"300\" data-height=\"200\" aria-label=\"\" role=\"img\" ><\/div>\n\t\t\t\t\t\t\t\t\t\t\t<div class=\"elementor-gallery-item__overlay\"><\/div>\n\t\t\t\t\t\t\t\t\t\t\t\t\t\t<\/a>\n\t\t\t\t\t\t\t<a class=\"e-gallery-item elementor-gallery-item elementor-animated-content\" data-e-gallery-tags=\"0\" href=\"https:\/\/test.comfenalcovalle.com.co\/wp-content\/uploads\/2023\/09\/capilla-apertura-2023-23.jpg\" data-elementor-open-lightbox=\"yes\" data-elementor-lightbox-slideshow=\"c9085e0\" data-elementor-lightbox-title=\"capilla-apertura-2023-23\" data-e-action-hash=\"#elementor-action%3Aaction%3Dlightbox%26settings%3DeyJpZCI6NjE3NDIxLCJ1cmwiOiJodHRwczpcL1wvdGVzdC5jb21mZW5hbGNvdmFsbGUuY29tLmNvXC93cC1jb250ZW50XC91cGxvYWRzXC8yMDIzXC8wOVwvY2FwaWxsYS1hcGVydHVyYS0yMDIzLTIzLmpwZyIsInNsaWRlc2hvdyI6ImM5MDg1ZTAifQ%3D%3D\">\n\t\t\t\t\t<div class=\"e-gallery-image elementor-gallery-item__image\" data-thumbnail=\"https:\/\/test.comfenalcovalle.com.co\/wp-content\/uploads\/2023\/09\/capilla-apertura-2023-23-300x225.jpg\" data-width=\"300\" data-height=\"225\" aria-label=\"\" role=\"img\" ><\/div>\n\t\t\t\t\t\t\t\t\t\t\t<div class=\"elementor-gallery-item__overlay\"><\/div>\n\t\t\t\t\t\t\t\t\t\t\t\t\t\t<\/a>\n\t\t\t\t\t\t\t<a class=\"e-gallery-item elementor-gallery-item elementor-animated-content\" data-e-gallery-tags=\"0\" href=\"https:\/\/test.comfenalcovalle.com.co\/wp-content\/uploads\/2023\/09\/capilla-apertura-2023-22.jpg\" data-elementor-open-lightbox=\"yes\" data-elementor-lightbox-slideshow=\"c9085e0\" data-elementor-lightbox-title=\"capilla-apertura-2023-22\" data-e-action-hash=\"#elementor-action%3Aaction%3Dlightbox%26settings%3DeyJpZCI6NjE3NDIwLCJ1cmwiOiJodHRwczpcL1wvdGVzdC5jb21mZW5hbGNvdmFsbGUuY29tLmNvXC93cC1jb250ZW50XC91cGxvYWRzXC8yMDIzXC8wOVwvY2FwaWxsYS1hcGVydHVyYS0yMDIzLTIyLmpwZyIsInNsaWRlc2hvdyI6ImM5MDg1ZTAifQ%3D%3D\">\n\t\t\t\t\t<div class=\"e-gallery-image elementor-gallery-item__image\" data-thumbnail=\"https:\/\/test.comfenalcovalle.com.co\/wp-content\/uploads\/2023\/09\/capilla-apertura-2023-22-300x225.jpg\" data-width=\"300\" data-height=\"225\" aria-label=\"\" role=\"img\" ><\/div>\n\t\t\t\t\t\t\t\t\t\t\t<div class=\"elementor-gallery-item__overlay\"><\/div>\n\t\t\t\t\t\t\t\t\t\t\t\t\t\t<\/a>\n\t\t\t\t\t\t\t<a class=\"e-gallery-item elementor-gallery-item elementor-animated-content\" data-e-gallery-tags=\"0\" href=\"https:\/\/test.comfenalcovalle.com.co\/wp-content\/uploads\/2023\/09\/capilla-apertura-2023-18.jpg\" data-elementor-open-lightbox=\"yes\" data-elementor-lightbox-slideshow=\"c9085e0\" data-elementor-lightbox-title=\"capilla-apertura-2023-18\" data-e-action-hash=\"#elementor-action%3Aaction%3Dlightbox%26settings%3DeyJpZCI6NjE3NDE2LCJ1cmwiOiJodHRwczpcL1wvdGVzdC5jb21mZW5hbGNvdmFsbGUuY29tLmNvXC93cC1jb250ZW50XC91cGxvYWRzXC8yMDIzXC8wOVwvY2FwaWxsYS1hcGVydHVyYS0yMDIzLTE4LmpwZyIsInNsaWRlc2hvdyI6ImM5MDg1ZTAifQ%3D%3D\">\n\t\t\t\t\t<div class=\"e-gallery-image elementor-gallery-item__image\" data-thumbnail=\"https:\/\/test.comfenalcovalle.com.co\/wp-content\/uploads\/2023\/09\/capilla-apertura-2023-18-300x225.jpg\" data-width=\"300\" data-height=\"225\" aria-label=\"\" role=\"img\" ><\/div>\n\t\t\t\t\t\t\t\t\t\t\t<div class=\"elementor-gallery-item__overlay\"><\/div>\n\t\t\t\t\t\t\t\t\t\t\t\t\t\t<\/a>\n\t\t\t\t\t\t\t<a class=\"e-gallery-item elementor-gallery-item elementor-animated-content\" data-e-gallery-tags=\"0\" href=\"https:\/\/test.comfenalcovalle.com.co\/wp-content\/uploads\/2023\/09\/capilla-apertura-2023-19.jpg\" data-elementor-open-lightbox=\"yes\" data-elementor-lightbox-slideshow=\"c9085e0\" data-elementor-lightbox-title=\"capilla-apertura-2023-19\" data-e-action-hash=\"#elementor-action%3Aaction%3Dlightbox%26settings%3DeyJpZCI6NjE3NDE3LCJ1cmwiOiJodHRwczpcL1wvdGVzdC5jb21mZW5hbGNvdmFsbGUuY29tLmNvXC93cC1jb250ZW50XC91cGxvYWRzXC8yMDIzXC8wOVwvY2FwaWxsYS1hcGVydHVyYS0yMDIzLTE5LmpwZyIsInNsaWRlc2hvdyI6ImM5MDg1ZTAifQ%3D%3D\">\n\t\t\t\t\t<div class=\"e-gallery-image elementor-gallery-item__image\" data-thumbnail=\"https:\/\/test.comfenalcovalle.com.co\/wp-content\/uploads\/2023\/09\/capilla-apertura-2023-19-300x225.jpg\" data-width=\"300\" data-height=\"225\" aria-label=\"\" role=\"img\" ><\/div>\n\t\t\t\t\t\t\t\t\t\t\t<div class=\"elementor-gallery-item__overlay\"><\/div>\n\t\t\t\t\t\t\t\t\t\t\t\t\t\t<\/a>\n\t\t\t\t\t\t\t<a class=\"e-gallery-item elementor-gallery-item elementor-animated-content\" data-e-gallery-tags=\"0\" href=\"https:\/\/test.comfenalcovalle.com.co\/wp-content\/uploads\/2023\/09\/capilla-apertura-2023-21.jpg\" data-elementor-open-lightbox=\"yes\" data-elementor-lightbox-slideshow=\"c9085e0\" data-elementor-lightbox-title=\"capilla-apertura-2023-21\" data-e-action-hash=\"#elementor-action%3Aaction%3Dlightbox%26settings%3DeyJpZCI6NjE3NDE5LCJ1cmwiOiJodHRwczpcL1wvdGVzdC5jb21mZW5hbGNvdmFsbGUuY29tLmNvXC93cC1jb250ZW50XC91cGxvYWRzXC8yMDIzXC8wOVwvY2FwaWxsYS1hcGVydHVyYS0yMDIzLTIxLmpwZyIsInNsaWRlc2hvdyI6ImM5MDg1ZTAifQ%3D%3D\">\n\t\t\t\t\t<div class=\"e-gallery-image elementor-gallery-item__image\" data-thumbnail=\"https:\/\/test.comfenalcovalle.com.co\/wp-content\/uploads\/2023\/09\/capilla-apertura-2023-21-300x225.jpg\" data-width=\"300\" data-height=\"225\" aria-label=\"\" role=\"img\" ><\/div>\n\t\t\t\t\t\t\t\t\t\t\t<div class=\"elementor-gallery-item__overlay\"><\/div>\n\t\t\t\t\t\t\t\t\t\t\t\t\t\t<\/a>\n\t\t\t\t\t\t\t<a class=\"e-gallery-item elementor-gallery-item elementor-animated-content\" data-e-gallery-tags=\"0\" href=\"https:\/\/test.comfenalcovalle.com.co\/wp-content\/uploads\/2023\/09\/capilla-apertura-2023-20.jpg\" data-elementor-open-lightbox=\"yes\" data-elementor-lightbox-slideshow=\"c9085e0\" data-elementor-lightbox-title=\"capilla-apertura-2023-20\" data-e-action-hash=\"#elementor-action%3Aaction%3Dlightbox%26settings%3DeyJpZCI6NjE3NDE4LCJ1cmwiOiJodHRwczpcL1wvdGVzdC5jb21mZW5hbGNvdmFsbGUuY29tLmNvXC93cC1jb250ZW50XC91cGxvYWRzXC8yMDIzXC8wOVwvY2FwaWxsYS1hcGVydHVyYS0yMDIzLTIwLmpwZyIsInNsaWRlc2hvdyI6ImM5MDg1ZTAifQ%3D%3D\">\n\t\t\t\t\t<div class=\"e-gallery-image elementor-gallery-item__image\" data-thumbnail=\"https:\/\/test.comfenalcovalle.com.co\/wp-content\/uploads\/2023\/09\/capilla-apertura-2023-20-300x225.jpg\" data-width=\"300\" data-height=\"225\" aria-label=\"\" role=\"img\" ><\/div>\n\t\t\t\t\t\t\t\t\t\t\t<div class=\"elementor-gallery-item__overlay\"><\/div>\n\t\t\t\t\t\t\t\t\t\t\t\t\t\t<\/a>\n\t\t\t\t\t\t\t<a class=\"e-gallery-item elementor-gallery-item elementor-animated-content\" data-e-gallery-tags=\"0\" href=\"https:\/\/test.comfenalcovalle.com.co\/wp-content\/uploads\/2023\/09\/capilla-apertura-2023-24.jpg\" data-elementor-open-lightbox=\"yes\" data-elementor-lightbox-slideshow=\"c9085e0\" data-elementor-lightbox-title=\"capilla-apertura-2023-24\" data-e-action-hash=\"#elementor-action%3Aaction%3Dlightbox%26settings%3DeyJpZCI6NjE3NDIyLCJ1cmwiOiJodHRwczpcL1wvdGVzdC5jb21mZW5hbGNvdmFsbGUuY29tLmNvXC93cC1jb250ZW50XC91cGxvYWRzXC8yMDIzXC8wOVwvY2FwaWxsYS1hcGVydHVyYS0yMDIzLTI0LmpwZyIsInNsaWRlc2hvdyI6ImM5MDg1ZTAifQ%3D%3D\">\n\t\t\t\t\t<div class=\"e-gallery-image elementor-gallery-item__image\" data-thumbnail=\"https:\/\/test.comfenalcovalle.com.co\/wp-content\/uploads\/2023\/09\/capilla-apertura-2023-24-300x225.jpg\" data-width=\"300\" data-height=\"225\" aria-label=\"\" role=\"img\" ><\/div>\n\t\t\t\t\t\t\t\t\t\t\t<div class=\"elementor-gallery-item__overlay\"><\/div>\n\t\t\t\t\t\t\t\t\t\t\t\t\t\t<\/a>\n\t\t\t\t\t<\/div>\n\t\t\t\t\t<\/div>\n\t\t\t\t<\/div>\n\t\t\t\t<div class=\"elementor-element elementor-element-f106338 elementor-widget elementor-widget-text-editor\" data-id=\"f106338\" data-element_type=\"widget\" data-widget_type=\"text-editor.default\">\n\t\t\t\t<div class=\"elementor-widget-container\">\n\t\t\t\t\t\t\t\t\t<p><\/p>\n<p><span style=\"color: var( --e-global-color-text ); font-family: var( --e-global-typography-text-font-family ), Sans-serif; font-weight: var( --e-global-typography-text-font-weight );\">La recuperaci\u00f3n de la capilla permiti\u00f3 generar m\u00e1s de 150 empleos para el desarrollo de las obras que se enfocaron en: mantenimiento y tratamiento de pisos existentes, renovaci\u00f3n del piso del altar en granito y madera, mantenimiento de acabados de pinturas de muros interiores, restauraci\u00f3n y exposici\u00f3n de muros de adobe originales, recuperaci\u00f3n de lunetos de cubierta, recuperaci\u00f3n de b\u00f3vedas de cielo, dise\u00f1o e instalaci\u00f3n de cielo ac\u00fastico, dise\u00f1o de iluminaci\u00f3n y restauraci\u00f3n de puertas, construcci\u00f3n y reintegraci\u00f3n de la sacrist\u00eda, de acuerdo al estudio patrimonial y dise\u00f1o arquitect\u00f3nico, entre otras.<\/span><\/p>\n<p><\/p>\n<p><\/p>\n<p>Dentro de los servicios que se brindar\u00e1n en la capilla est\u00e1 la celebraci\u00f3n de eucarist\u00edas dominicales en el horario de las 11:00 a.m. las cuales se extender\u00e1n a otros d\u00edas y horarios seg\u00fan el desarrollo de las actividades y la acogida por parte de la comunidad. Igualmente, se realizar\u00e1n bautizos, primeras comuniones, confirmaciones, bodas y dem\u00e1s celebraciones religiosas.<\/p>\n<p><\/p>\n<p><\/p>\n<h2 id=\"h-datos-historicos\" class=\"wp-block-heading\"><strong>Datos hist\u00f3ricos:<\/strong><\/h2>\n<p><\/p>\n<p><\/p>\n<ul class=\"wp-block-list\">\n<li style=\"list-style-type: none;\">\n<ul><\/ul>\n<\/li>\n<li>Conocida tambi\u00e9n por los nombres de \u201cCapilla del Carmen\u201d y \u201cCapilla San Mart\u00edn de Porres\u201d, la actual Capilla Nuestra Se\u00f1ora del Rosario fue construida por la comunidad de la Orden de Carmelitas Descalzas, cuya obra inici\u00f3 alrededor de 1917 con fondos recaudados a trav\u00e9s de donaciones, limosnas, rifas, mingas entre otras actividades que llevaron a su inauguraci\u00f3n en una solemne ceremonia en el a\u00f1o 1923.<\/li>\n<li>En el predio adyacente a la capilla (costado oriental), se construy\u00f3 una casona para albergar el convento de las monjas, y que conserv\u00f3 su uso junto a la capilla luego de ser entregadas a la Orden de los Padres Dominicos (Provincia Dominicana de San Luis Beltr\u00e1n) cerca del a\u00f1o 1966.<\/li>\n<\/ul>\n<p><\/p>\n<p><\/p>\n<ul>\n<li style=\"list-style-type: none;\">\u00a0<\/li>\n<\/ul>\n<p><\/p>\n<p><\/p>\n<p><\/p>\n<p><\/p>\n<p><\/p>\n<p><strong>\u00a1Somos la Caja del Valle del Cauca, Somos la Caja Delagente!<\/strong><\/p>\n<p><\/p>\n<p><\/p>\n<p><\/p>\n<p><\/p>\n<p>\u00a0<\/p>\n<p><strong>Comfenalco Valle Delagente.<br \/>Family Compensation Fund.<\/strong><\/p>\n<p><\/p>\t\t\t\t\t\t\t\t<\/div>\n\t\t\t\t<\/div>\n\t\t\t\t\t<\/div>\n\t\t<\/div>\n\t\t\t\t\t<\/div>\n\t\t<\/section>\n\t\t\t\t<\/div>","protected":false},"excerpt":{"rendered":"<p>Con m\u00e1s de cien a\u00f1os de historia la Capilla Nuestra Se\u00f1ora del Rosario reabre sus puertas este 20 de septiembre.<\/p>","protected":false},"author":6,"featured_media":617403,"comment_status":"closed","ping_status":"closed","sticky":false,"template":"","format":"standard","meta":{"footnotes":""},"categories":[72],"tags":[753,755,756,757,758],"class_list":["post-617197","post","type-post","status-publish","format-standard","has-post-thumbnail","hentry","category-corporativo","tag-capilla","tag-iglesia","tag-reapertura","tag-rosario","tag-senora-del-rosario"],"yoast_head":"<!-- This site is optimized with the Yoast SEO Premium plugin v25.9 (Yoast SEO v25.9) - https:\/\/yoast.com\/wordpress\/plugins\/seo\/ -->\n<title>Reapertura de la Capilla Nuestra Se\u00f1ora del\u00a0Rosario<\/title>\n<meta name=\"description\" content=\"Con m\u00e1s de cien a\u00f1os de historia la Capilla Nuestra Se\u00f1ora del Rosario reabre sus puertas este 20 de septiembre.\" \/>\n<meta name=\"robots\" content=\"index, follow, max-snippet:-1, max-image-preview:large, max-video-preview:-1\" \/>\n<link rel=\"canonical\" href=\"https:\/\/www.comfenalcovalle.com.co\/reapertura-iglesia-nuestra-senora-del-rosario\/\" \/>\n<meta property=\"og:locale\" content=\"en_US\" \/>\n<meta property=\"og:type\" content=\"article\" \/>\n<meta property=\"og:title\" content=\"Reapertura de la Capilla Nuestra Se\u00f1ora del\u00a0Rosario\" \/>\n<meta property=\"og:description\" content=\"Con m\u00e1s de cien a\u00f1os de historia la Capilla Nuestra Se\u00f1ora del Rosario reabre sus puertas este 20 de septiembre.\" \/>\n<meta property=\"og:url\" content=\"https:\/\/www.comfenalcovalle.com.co\/reapertura-iglesia-nuestra-senora-del-rosario\/\" \/>\n<meta property=\"og:site_name\" content=\"Comfenalco Valle Delagente\" \/>\n<meta property=\"article:published_time\" content=\"2023-09-21T06:00:00+00:00\" \/>\n<meta property=\"article:modified_time\" content=\"2025-11-10T19:01:30+00:00\" \/>\n<meta property=\"og:image\" content=\"https:\/\/www.comfenalcovalle.com.co\/wp-content\/uploads\/2023\/09\/capilla-apertura-2023-17.jpg\" \/>\n\t<meta property=\"og:image:width\" content=\"903\" \/>\n\t<meta property=\"og:image:height\" content=\"602\" \/>\n\t<meta property=\"og:image:type\" content=\"image\/jpeg\" \/>\n<meta name=\"author\" content=\"Comunicaciones Comfenalco Valle delagente\" \/>\n<meta name=\"twitter:card\" content=\"summary_large_image\" \/>\n<meta name=\"twitter:label1\" content=\"Written by\" \/>\n\t<meta name=\"twitter:data1\" content=\"Comunicaciones Comfenalco Valle delagente\" \/>\n\t<meta name=\"twitter:label2\" content=\"Est. reading time\" \/>\n\t<meta name=\"twitter:data2\" content=\"3 minutes\" \/>\n<script type=\"application\/ld+json\" class=\"yoast-schema-graph\">{\"@context\":\"https:\/\/schema.org\",\"@graph\":[{\"@type\":\"Article\",\"@id\":\"https:\/\/www.comfenalcovalle.com.co\/reapertura-iglesia-nuestra-senora-del-rosario\/#article\",\"isPartOf\":{\"@id\":\"https:\/\/www.comfenalcovalle.com.co\/reapertura-iglesia-nuestra-senora-del-rosario\/\"},\"author\":{\"name\":\"Comunicaciones Comfenalco Valle delagente\",\"@id\":\"https:\/\/www.comfenalcovalle.com.co\/#\/schema\/person\/d4d8bcb299f88f97b06096cf6a21cb01\"},\"headline\":\"Reapertura de la Capilla Nuestra Se\u00f1ora del\u00a0Rosario\",\"datePublished\":\"2023-09-21T06:00:00+00:00\",\"dateModified\":\"2025-11-10T19:01:30+00:00\",\"mainEntityOfPage\":{\"@id\":\"https:\/\/www.comfenalcovalle.com.co\/reapertura-iglesia-nuestra-senora-del-rosario\/\"},\"wordCount\":568,\"publisher\":{\"@id\":\"https:\/\/www.comfenalcovalle.com.co\/#organization\"},\"image\":{\"@id\":\"https:\/\/www.comfenalcovalle.com.co\/reapertura-iglesia-nuestra-senora-del-rosario\/#primaryimage\"},\"thumbnailUrl\":\"https:\/\/test.comfenalcovalle.com.co\/wp-content\/uploads\/2023\/09\/capilla-apertura-2023-17.jpg\",\"keywords\":[\"capilla\",\"iglesia\",\"reapertura\",\"rosario\",\"se\u00f1ora del rosario\"],\"articleSection\":[\"Corporativo\"],\"inLanguage\":\"en-US\"},{\"@type\":\"WebPage\",\"@id\":\"https:\/\/www.comfenalcovalle.com.co\/reapertura-iglesia-nuestra-senora-del-rosario\/\",\"url\":\"https:\/\/www.comfenalcovalle.com.co\/reapertura-iglesia-nuestra-senora-del-rosario\/\",\"name\":\"Reapertura de la Capilla Nuestra Se\u00f1ora del\u00a0Rosario\",\"isPartOf\":{\"@id\":\"https:\/\/www.comfenalcovalle.com.co\/#website\"},\"primaryImageOfPage\":{\"@id\":\"https:\/\/www.comfenalcovalle.com.co\/reapertura-iglesia-nuestra-senora-del-rosario\/#primaryimage\"},\"image\":{\"@id\":\"https:\/\/www.comfenalcovalle.com.co\/reapertura-iglesia-nuestra-senora-del-rosario\/#primaryimage\"},\"thumbnailUrl\":\"https:\/\/test.comfenalcovalle.com.co\/wp-content\/uploads\/2023\/09\/capilla-apertura-2023-17.jpg\",\"datePublished\":\"2023-09-21T06:00:00+00:00\",\"dateModified\":\"2025-11-10T19:01:30+00:00\",\"description\":\"Con m\u00e1s de cien a\u00f1os de historia la Capilla Nuestra Se\u00f1ora del Rosario reabre sus puertas este 20 de septiembre.\",\"breadcrumb\":{\"@id\":\"https:\/\/www.comfenalcovalle.com.co\/reapertura-iglesia-nuestra-senora-del-rosario\/#breadcrumb\"},\"inLanguage\":\"en-US\",\"potentialAction\":[{\"@type\":\"ReadAction\",\"target\":[\"https:\/\/www.comfenalcovalle.com.co\/reapertura-iglesia-nuestra-senora-del-rosario\/\"]}]},{\"@type\":\"ImageObject\",\"inLanguage\":\"en-US\",\"@id\":\"https:\/\/www.comfenalcovalle.com.co\/reapertura-iglesia-nuestra-senora-del-rosario\/#primaryimage\",\"url\":\"https:\/\/test.comfenalcovalle.com.co\/wp-content\/uploads\/2023\/09\/capilla-apertura-2023-17.jpg\",\"contentUrl\":\"https:\/\/test.comfenalcovalle.com.co\/wp-content\/uploads\/2023\/09\/capilla-apertura-2023-17.jpg\",\"width\":903,\"height\":602},{\"@type\":\"BreadcrumbList\",\"@id\":\"https:\/\/www.comfenalcovalle.com.co\/reapertura-iglesia-nuestra-senora-del-rosario\/#breadcrumb\",\"itemListElement\":[{\"@type\":\"ListItem\",\"position\":1,\"name\":\"Portada\",\"item\":\"https:\/\/www.comfenalcovalle.com.co\/\"},{\"@type\":\"ListItem\",\"position\":2,\"name\":\"Reapertura de la Capilla Nuestra Se\u00f1ora del\u00a0Rosario\"}]},{\"@type\":\"WebSite\",\"@id\":\"https:\/\/www.comfenalcovalle.com.co\/#website\",\"url\":\"https:\/\/www.comfenalcovalle.com.co\/\",\"name\":\"Comfenalco Valle Delagente\",\"description\":\"Caja de compensaci\u00f3n de Comfenalco Valle Delagente.\",\"publisher\":{\"@id\":\"https:\/\/www.comfenalcovalle.com.co\/#organization\"},\"potentialAction\":[{\"@type\":\"SearchAction\",\"target\":{\"@type\":\"EntryPoint\",\"urlTemplate\":\"https:\/\/www.comfenalcovalle.com.co\/?s={search_term_string}\"},\"query-input\":{\"@type\":\"PropertyValueSpecification\",\"valueRequired\":true,\"valueName\":\"search_term_string\"}}],\"inLanguage\":\"en-US\"},{\"@type\":\"Organization\",\"@id\":\"https:\/\/www.comfenalcovalle.com.co\/#organization\",\"name\":\"Comfenalco Valle Delagente\",\"url\":\"https:\/\/www.comfenalcovalle.com.co\/\",\"logo\":{\"@type\":\"ImageObject\",\"inLanguage\":\"en-US\",\"@id\":\"https:\/\/www.comfenalcovalle.com.co\/#\/schema\/logo\/image\/\",\"url\":\"https:\/\/test.comfenalcovalle.com.co\/wp-content\/uploads\/2021\/06\/logo-comfe-cabecera-agencia-empelo-actualizado.png\",\"contentUrl\":\"https:\/\/test.comfenalcovalle.com.co\/wp-content\/uploads\/2021\/06\/logo-comfe-cabecera-agencia-empelo-actualizado.png\",\"width\":500,\"height\":184,\"caption\":\"Comfenalco Valle Delagente\"},\"image\":{\"@id\":\"https:\/\/www.comfenalcovalle.com.co\/#\/schema\/logo\/image\/\"}},{\"@type\":\"Person\",\"@id\":\"https:\/\/www.comfenalcovalle.com.co\/#\/schema\/person\/d4d8bcb299f88f97b06096cf6a21cb01\",\"name\":\"Comunicaciones Comfenalco Valle delagente\",\"image\":{\"@type\":\"ImageObject\",\"inLanguage\":\"en-US\",\"@id\":\"https:\/\/www.comfenalcovalle.com.co\/#\/schema\/person\/image\/\",\"url\":\"https:\/\/secure.gravatar.com\/avatar\/d1c29eb639a137df0ac8bfec50479e8d6ef564f7320f439d9d984504359ea6ee?s=96&d=mm&r=g\",\"contentUrl\":\"https:\/\/secure.gravatar.com\/avatar\/d1c29eb639a137df0ac8bfec50479e8d6ef564f7320f439d9d984504359ea6ee?s=96&d=mm&r=g\",\"caption\":\"Comunicaciones Comfenalco Valle delagente\"},\"url\":\"https:\/\/test.comfenalcovalle.com.co\/en\/author\/comunicaciones-comfenalco-valle-delagente\/\"}]}<\/script>\n<!-- \/ Yoast SEO Premium plugin. -->","yoast_head_json":{"title":"Reapertura de la Capilla Nuestra Se\u00f1ora del\u00a0Rosario","description":"Con m\u00e1s de cien a\u00f1os de historia la Capilla Nuestra Se\u00f1ora del Rosario reabre sus puertas este 20 de septiembre.","robots":{"index":"index","follow":"follow","max-snippet":"max-snippet:-1","max-image-preview":"max-image-preview:large","max-video-preview":"max-video-preview:-1"},"canonical":"https:\/\/www.comfenalcovalle.com.co\/reapertura-iglesia-nuestra-senora-del-rosario\/","og_locale":"en_US","og_type":"article","og_title":"Reapertura de la Capilla Nuestra Se\u00f1ora del\u00a0Rosario","og_description":"Con m\u00e1s de cien a\u00f1os de historia la Capilla Nuestra Se\u00f1ora del Rosario reabre sus puertas este 20 de septiembre.","og_url":"https:\/\/www.comfenalcovalle.com.co\/reapertura-iglesia-nuestra-senora-del-rosario\/","og_site_name":"Comfenalco Valle Delagente","article_published_time":"2023-09-21T06:00:00+00:00","article_modified_time":"2025-11-10T19:01:30+00:00","og_image":[{"width":903,"height":602,"url":"https:\/\/www.comfenalcovalle.com.co\/wp-content\/uploads\/2023\/09\/capilla-apertura-2023-17.jpg","type":"image\/jpeg"}],"author":"Comunicaciones Comfenalco Valle delagente","twitter_card":"summary_large_image","twitter_misc":{"Written by":"Comunicaciones Comfenalco Valle delagente","Est. reading time":"3 minutes"},"schema":{"@context":"https:\/\/schema.org","@graph":[{"@type":"Article","@id":"https:\/\/www.comfenalcovalle.com.co\/reapertura-iglesia-nuestra-senora-del-rosario\/#article","isPartOf":{"@id":"https:\/\/www.comfenalcovalle.com.co\/reapertura-iglesia-nuestra-senora-del-rosario\/"},"author":{"name":"Comunicaciones Comfenalco Valle delagente","@id":"https:\/\/www.comfenalcovalle.com.co\/#\/schema\/person\/d4d8bcb299f88f97b06096cf6a21cb01"},"headline":"Reapertura de la Capilla Nuestra Se\u00f1ora del\u00a0Rosario","datePublished":"2023-09-21T06:00:00+00:00","dateModified":"2025-11-10T19:01:30+00:00","mainEntityOfPage":{"@id":"https:\/\/www.comfenalcovalle.com.co\/reapertura-iglesia-nuestra-senora-del-rosario\/"},"wordCount":568,"publisher":{"@id":"https:\/\/www.comfenalcovalle.com.co\/#organization"},"image":{"@id":"https:\/\/www.comfenalcovalle.com.co\/reapertura-iglesia-nuestra-senora-del-rosario\/#primaryimage"},"thumbnailUrl":"https:\/\/test.comfenalcovalle.com.co\/wp-content\/uploads\/2023\/09\/capilla-apertura-2023-17.jpg","keywords":["capilla","iglesia","reapertura","rosario","se\u00f1ora del rosario"],"articleSection":["Corporativo"],"inLanguage":"en-US"},{"@type":"WebPage","@id":"https:\/\/www.comfenalcovalle.com.co\/reapertura-iglesia-nuestra-senora-del-rosario\/","url":"https:\/\/www.comfenalcovalle.com.co\/reapertura-iglesia-nuestra-senora-del-rosario\/","name":"Reapertura de la Capilla Nuestra Se\u00f1ora del\u00a0Rosario","isPartOf":{"@id":"https:\/\/www.comfenalcovalle.com.co\/#website"},"primaryImageOfPage":{"@id":"https:\/\/www.comfenalcovalle.com.co\/reapertura-iglesia-nuestra-senora-del-rosario\/#primaryimage"},"image":{"@id":"https:\/\/www.comfenalcovalle.com.co\/reapertura-iglesia-nuestra-senora-del-rosario\/#primaryimage"},"thumbnailUrl":"https:\/\/test.comfenalcovalle.com.co\/wp-content\/uploads\/2023\/09\/capilla-apertura-2023-17.jpg","datePublished":"2023-09-21T06:00:00+00:00","dateModified":"2025-11-10T19:01:30+00:00","description":"Con m\u00e1s de cien a\u00f1os de historia la Capilla Nuestra Se\u00f1ora del Rosario reabre sus puertas este 20 de septiembre.","breadcrumb":{"@id":"https:\/\/www.comfenalcovalle.com.co\/reapertura-iglesia-nuestra-senora-del-rosario\/#breadcrumb"},"inLanguage":"en-US","potentialAction":[{"@type":"ReadAction","target":["https:\/\/www.comfenalcovalle.com.co\/reapertura-iglesia-nuestra-senora-del-rosario\/"]}]},{"@type":"ImageObject","inLanguage":"en-US","@id":"https:\/\/www.comfenalcovalle.com.co\/reapertura-iglesia-nuestra-senora-del-rosario\/#primaryimage","url":"https:\/\/test.comfenalcovalle.com.co\/wp-content\/uploads\/2023\/09\/capilla-apertura-2023-17.jpg","contentUrl":"https:\/\/test.comfenalcovalle.com.co\/wp-content\/uploads\/2023\/09\/capilla-apertura-2023-17.jpg","width":903,"height":602},{"@type":"BreadcrumbList","@id":"https:\/\/www.comfenalcovalle.com.co\/reapertura-iglesia-nuestra-senora-del-rosario\/#breadcrumb","itemListElement":[{"@type":"ListItem","position":1,"name":"Portada","item":"https:\/\/www.comfenalcovalle.com.co\/"},{"@type":"ListItem","position":2,"name":"Reapertura de la Capilla Nuestra Se\u00f1ora del\u00a0Rosario"}]},{"@type":"WebSite","@id":"https:\/\/www.comfenalcovalle.com.co\/#website","url":"https:\/\/www.comfenalcovalle.com.co\/","name":"Comfenalco Valle Delagente","description":"Comfenalco Valle Delagente compensation fund.","publisher":{"@id":"https:\/\/www.comfenalcovalle.com.co\/#organization"},"potentialAction":[{"@type":"SearchAction","target":{"@type":"EntryPoint","urlTemplate":"https:\/\/www.comfenalcovalle.com.co\/?s={search_term_string}"},"query-input":{"@type":"PropertyValueSpecification","valueRequired":true,"valueName":"search_term_string"}}],"inLanguage":"en-US"},{"@type":"Organization","@id":"https:\/\/www.comfenalcovalle.com.co\/#organization","name":"Comfenalco Valle Delagente","url":"https:\/\/www.comfenalcovalle.com.co\/","logo":{"@type":"ImageObject","inLanguage":"en-US","@id":"https:\/\/www.comfenalcovalle.com.co\/#\/schema\/logo\/image\/","url":"https:\/\/test.comfenalcovalle.com.co\/wp-content\/uploads\/2021\/06\/logo-comfe-cabecera-agencia-empelo-actualizado.png","contentUrl":"https:\/\/test.comfenalcovalle.com.co\/wp-content\/uploads\/2021\/06\/logo-comfe-cabecera-agencia-empelo-actualizado.png","width":500,"height":184,"caption":"Comfenalco Valle Delagente"},"image":{"@id":"https:\/\/www.comfenalcovalle.com.co\/#\/schema\/logo\/image\/"}},{"@type":"Person","@id":"https:\/\/www.comfenalcovalle.com.co\/#\/schema\/person\/d4d8bcb299f88f97b06096cf6a21cb01","name":"Communications Comfenalco Valle delagente","image":{"@type":"ImageObject","inLanguage":"en-US","@id":"https:\/\/www.comfenalcovalle.com.co\/#\/schema\/person\/image\/","url":"https:\/\/secure.gravatar.com\/avatar\/d1c29eb639a137df0ac8bfec50479e8d6ef564f7320f439d9d984504359ea6ee?s=96&d=mm&r=g","contentUrl":"https:\/\/secure.gravatar.com\/avatar\/d1c29eb639a137df0ac8bfec50479e8d6ef564f7320f439d9d984504359ea6ee?s=96&d=mm&r=g","caption":"Comunicaciones Comfenalco Valle delagente"},"url":"https:\/\/test.comfenalcovalle.com.co\/en\/author\/comunicaciones-comfenalco-valle-delagente\/"}]}},"publishpress_future_action":{"enabled":false,"date":"2026-05-08 09:12:20","action":"change-status","newStatus":"draft","terms":[],"taxonomy":"category","extraData":[]},"publishpress_future_workflow_manual_trigger":{"enabledWorkflows":[]},"_links":{"self":[{"href":"https:\/\/test.comfenalcovalle.com.co\/en\/wp-json\/wp\/v2\/posts\/617197","targetHints":{"allow":["GET"]}}],"collection":[{"href":"https:\/\/test.comfenalcovalle.com.co\/en\/wp-json\/wp\/v2\/posts"}],"about":[{"href":"https:\/\/test.comfenalcovalle.com.co\/en\/wp-json\/wp\/v2\/types\/post"}],"author":[{"embeddable":true,"href":"https:\/\/test.comfenalcovalle.com.co\/en\/wp-json\/wp\/v2\/users\/6"}],"replies":[{"embeddable":true,"href":"https:\/\/test.comfenalcovalle.com.co\/en\/wp-json\/wp\/v2\/comments?post=617197"}],"version-history":[{"count":0,"href":"https:\/\/test.comfenalcovalle.com.co\/en\/wp-json\/wp\/v2\/posts\/617197\/revisions"}],"wp:featuredmedia":[{"embeddable":true,"href":"https:\/\/test.comfenalcovalle.com.co\/en\/wp-json\/wp\/v2\/media\/617403"}],"wp:attachment":[{"href":"https:\/\/test.comfenalcovalle.com.co\/en\/wp-json\/wp\/v2\/media?parent=617197"}],"wp:term":[{"taxonomy":"category","embeddable":true,"href":"https:\/\/test.comfenalcovalle.com.co\/en\/wp-json\/wp\/v2\/categories?post=617197"},{"taxonomy":"post_tag","embeddable":true,"href":"https:\/\/test.comfenalcovalle.com.co\/en\/wp-json\/wp\/v2\/tags?post=617197"}],"curies":[{"name":"wp","href":"https:\/\/api.w.org\/{rel}","templated":true}]}}