{"id":588707,"date":"2022-05-09T13:42:39","date_gmt":"2022-05-09T18:42:39","guid":{"rendered":"https:\/\/test.comfenalcovalle.com.co\/?p=588707"},"modified":"2025-01-31T14:23:06","modified_gmt":"2025-01-31T19:23:06","slug":"nuevo-formato-para-la-declaracion-juramentada","status":"publish","type":"post","link":"https:\/\/test.comfenalcovalle.com.co\/en\/nuevo-formato-para-la-declaracion-juramentada\/","title":{"rendered":"New format for the affidavit"},"content":{"rendered":"<p>The Comfenalco Valle Delagente Family Compensation Fund informs its members and the community in general that the format for the sworn statement has been modified by the Ministry of Labor through Resolution 1153 of 2022. This document has been updated on our website <a href=\"http:\/\/test.comfenalcovalle.com.co\/en\/\">test.comfenalcovalle.com.co<\/a><\/p>\n\n\n\n<p>Este formato, que rige a partir del 8 de abril del 2022, es necesario para declarar la convivencia, la dependencia econ\u00f3mica, la uni\u00f3n libre entre otras condiciones, del n\u00facleo familiar y el reporte de novedades, aplicables en los hogares afiliados a la Caja de Compensaci\u00f3n Familiar.<\/p>\n\n\n\n<div class=\"wp-block-buttons is-layout-flex wp-block-buttons-is-layout-flex\">\n<div class=\"wp-block-button\"><a class=\"wp-block-button__link has-luminous-vivid-orange-background-color has-background wp-element-button\" href=\"https:\/\/test.comfenalcovalle.com.co\/en\/formularios-de-solicitud\/\">Find here the document<\/a><\/div>\n<\/div>\n\n\n\n<p><strong>We are Caja Delagente that provides welfare services for Valle del Cauca families.<\/strong><\/p>\n\n\n\n<div style=\"height:26px\" aria-hidden=\"true\" class=\"wp-block-spacer\"><\/div>\n\n\n\n<p><strong>Registration and Contributions<\/strong><\/p>\n\n\n\n<p><strong>Comfenalco Valle Delagente.<\/strong><\/p>\n\n\n\n<p><strong>Family Compensation Fund.<\/strong><\/p>","protected":false},"excerpt":{"rendered":"<p>The format for the sworn statement has been modified by the Ministry of Labor through Resolution 1153 of 2022.<\/p>","protected":false},"author":6,"featured_media":589745,"comment_status":"open","ping_status":"closed","sticky":false,"template":"","format":"standard","meta":{"footnotes":""},"categories":[77],"tags":[357,356,353,109,352,354,355],"class_list":["post-588707","post","type-post","status-publish","format-standard","has-post-thumbnail","hentry","category-registroyaportes","tag-actualizacion","tag-cambio","tag-declaracion","tag-delagente","tag-formato","tag-juramentada","tag-mintrabajo"],"yoast_head":"<!-- This site is optimized with the Yoast SEO Premium plugin v25.9 (Yoast SEO v25.9) - https:\/\/yoast.com\/wordpress\/plugins\/seo\/ -->\n<title>Nuevo formato para la declaraci\u00f3n juramentada<\/title>\n<meta name=\"description\" content=\"El formato para la declaraci\u00f3n juramentada ha sido modificado por el Ministerio del Trabajo a trav\u00e9s de la Resoluci\u00f3n 1153 del 2022.\" \/>\n<meta name=\"robots\" content=\"index, follow, max-snippet:-1, max-image-preview:large, max-video-preview:-1\" \/>\n<link rel=\"canonical\" href=\"https:\/\/www.comfenalcovalle.com.co\/nuevo-formato-para-la-declaracion-juramentada\/\" \/>\n<meta property=\"og:locale\" content=\"en_US\" \/>\n<meta property=\"og:type\" content=\"article\" \/>\n<meta property=\"og:title\" content=\"Nuevo formato para la declaraci\u00f3n juramentada\" \/>\n<meta property=\"og:description\" content=\"El formato para la declaraci\u00f3n juramentada ha sido modificado por el Ministerio del Trabajo a trav\u00e9s de la Resoluci\u00f3n 1153 del 2022.\" \/>\n<meta property=\"og:url\" content=\"https:\/\/www.comfenalcovalle.com.co\/nuevo-formato-para-la-declaracion-juramentada\/\" \/>\n<meta property=\"og:site_name\" content=\"Comfenalco Valle Delagente\" \/>\n<meta property=\"article:published_time\" content=\"2022-05-09T18:42:39+00:00\" \/>\n<meta property=\"article:modified_time\" content=\"2025-01-31T19:23:06+00:00\" \/>\n<meta property=\"og:image\" content=\"https:\/\/www.comfenalcovalle.com.co\/wp-content\/uploads\/2022\/05\/business-men-sitting-at-the-lawyers-s-desk-people-signing-important-documents-scaled-1.jpeg\" \/>\n\t<meta property=\"og:image:width\" content=\"1280\" \/>\n\t<meta property=\"og:image:height\" content=\"853\" \/>\n\t<meta property=\"og:image:type\" content=\"image\/jpeg\" \/>\n<meta name=\"author\" content=\"Comunicaciones Comfenalco Valle delagente\" \/>\n<meta name=\"twitter:card\" content=\"summary_large_image\" \/>\n<meta name=\"twitter:label1\" content=\"Written by\" \/>\n\t<meta name=\"twitter:data1\" content=\"Comunicaciones Comfenalco Valle delagente\" \/>\n\t<meta name=\"twitter:label2\" content=\"Est. reading time\" \/>\n\t<meta name=\"twitter:data2\" content=\"1 minute\" \/>\n<script type=\"application\/ld+json\" class=\"yoast-schema-graph\">{\"@context\":\"https:\/\/schema.org\",\"@graph\":[{\"@type\":\"Article\",\"@id\":\"https:\/\/www.comfenalcovalle.com.co\/nuevo-formato-para-la-declaracion-juramentada\/#article\",\"isPartOf\":{\"@id\":\"https:\/\/www.comfenalcovalle.com.co\/nuevo-formato-para-la-declaracion-juramentada\/\"},\"author\":{\"name\":\"Comunicaciones Comfenalco Valle delagente\",\"@id\":\"https:\/\/www.comfenalcovalle.com.co\/#\/schema\/person\/d4d8bcb299f88f97b06096cf6a21cb01\"},\"headline\":\"Nuevo formato para la declaraci\u00f3n juramentada\",\"datePublished\":\"2022-05-09T18:42:39+00:00\",\"dateModified\":\"2025-01-31T19:23:06+00:00\",\"mainEntityOfPage\":{\"@id\":\"https:\/\/www.comfenalcovalle.com.co\/nuevo-formato-para-la-declaracion-juramentada\/\"},\"wordCount\":137,\"commentCount\":0,\"publisher\":{\"@id\":\"https:\/\/www.comfenalcovalle.com.co\/#organization\"},\"image\":{\"@id\":\"https:\/\/www.comfenalcovalle.com.co\/nuevo-formato-para-la-declaracion-juramentada\/#primaryimage\"},\"thumbnailUrl\":\"https:\/\/test.comfenalcovalle.com.co\/wp-content\/uploads\/2022\/05\/business-men-sitting-at-the-lawyers-s-desk-people-signing-important-documents-scaled-1.jpeg\",\"keywords\":[\"actualizaci\u00f3n\",\"cambio\",\"declaraci\u00f3n\",\"Delagente\",\"formato\",\"juramentada\",\"mintrabajo\"],\"articleSection\":[\"Registro y aportes\"],\"inLanguage\":\"en-US\",\"potentialAction\":[{\"@type\":\"CommentAction\",\"name\":\"Comment\",\"target\":[\"https:\/\/www.comfenalcovalle.com.co\/nuevo-formato-para-la-declaracion-juramentada\/#respond\"]}]},{\"@type\":\"WebPage\",\"@id\":\"https:\/\/www.comfenalcovalle.com.co\/nuevo-formato-para-la-declaracion-juramentada\/\",\"url\":\"https:\/\/www.comfenalcovalle.com.co\/nuevo-formato-para-la-declaracion-juramentada\/\",\"name\":\"Nuevo formato para la declaraci\u00f3n juramentada\",\"isPartOf\":{\"@id\":\"https:\/\/www.comfenalcovalle.com.co\/#website\"},\"primaryImageOfPage\":{\"@id\":\"https:\/\/www.comfenalcovalle.com.co\/nuevo-formato-para-la-declaracion-juramentada\/#primaryimage\"},\"image\":{\"@id\":\"https:\/\/www.comfenalcovalle.com.co\/nuevo-formato-para-la-declaracion-juramentada\/#primaryimage\"},\"thumbnailUrl\":\"https:\/\/test.comfenalcovalle.com.co\/wp-content\/uploads\/2022\/05\/business-men-sitting-at-the-lawyers-s-desk-people-signing-important-documents-scaled-1.jpeg\",\"datePublished\":\"2022-05-09T18:42:39+00:00\",\"dateModified\":\"2025-01-31T19:23:06+00:00\",\"description\":\"El formato para la declaraci\u00f3n juramentada ha sido modificado por el Ministerio del Trabajo a trav\u00e9s de la Resoluci\u00f3n 1153 del 2022.\",\"breadcrumb\":{\"@id\":\"https:\/\/www.comfenalcovalle.com.co\/nuevo-formato-para-la-declaracion-juramentada\/#breadcrumb\"},\"inLanguage\":\"en-US\",\"potentialAction\":[{\"@type\":\"ReadAction\",\"target\":[\"https:\/\/www.comfenalcovalle.com.co\/nuevo-formato-para-la-declaracion-juramentada\/\"]}]},{\"@type\":\"ImageObject\",\"inLanguage\":\"en-US\",\"@id\":\"https:\/\/www.comfenalcovalle.com.co\/nuevo-formato-para-la-declaracion-juramentada\/#primaryimage\",\"url\":\"https:\/\/test.comfenalcovalle.com.co\/wp-content\/uploads\/2022\/05\/business-men-sitting-at-the-lawyers-s-desk-people-signing-important-documents-scaled-1.jpeg\",\"contentUrl\":\"https:\/\/test.comfenalcovalle.com.co\/wp-content\/uploads\/2022\/05\/business-men-sitting-at-the-lawyers-s-desk-people-signing-important-documents-scaled-1.jpeg\",\"width\":1280,\"height\":853,\"caption\":\"Declaraci\u00f3n juramentada\"},{\"@type\":\"BreadcrumbList\",\"@id\":\"https:\/\/www.comfenalcovalle.com.co\/nuevo-formato-para-la-declaracion-juramentada\/#breadcrumb\",\"itemListElement\":[{\"@type\":\"ListItem\",\"position\":1,\"name\":\"Portada\",\"item\":\"https:\/\/www.comfenalcovalle.com.co\/\"},{\"@type\":\"ListItem\",\"position\":2,\"name\":\"Nuevo formato para la declaraci\u00f3n juramentada\"}]},{\"@type\":\"WebSite\",\"@id\":\"https:\/\/www.comfenalcovalle.com.co\/#website\",\"url\":\"https:\/\/www.comfenalcovalle.com.co\/\",\"name\":\"Comfenalco Valle Delagente\",\"description\":\"Caja de compensaci\u00f3n de Comfenalco Valle Delagente.\",\"publisher\":{\"@id\":\"https:\/\/www.comfenalcovalle.com.co\/#organization\"},\"potentialAction\":[{\"@type\":\"SearchAction\",\"target\":{\"@type\":\"EntryPoint\",\"urlTemplate\":\"https:\/\/www.comfenalcovalle.com.co\/?s={search_term_string}\"},\"query-input\":{\"@type\":\"PropertyValueSpecification\",\"valueRequired\":true,\"valueName\":\"search_term_string\"}}],\"inLanguage\":\"en-US\"},{\"@type\":\"Organization\",\"@id\":\"https:\/\/www.comfenalcovalle.com.co\/#organization\",\"name\":\"Comfenalco Valle Delagente\",\"url\":\"https:\/\/www.comfenalcovalle.com.co\/\",\"logo\":{\"@type\":\"ImageObject\",\"inLanguage\":\"en-US\",\"@id\":\"https:\/\/www.comfenalcovalle.com.co\/#\/schema\/logo\/image\/\",\"url\":\"https:\/\/test.comfenalcovalle.com.co\/wp-content\/uploads\/2021\/06\/logo-comfe-cabecera-agencia-empelo-actualizado.png\",\"contentUrl\":\"https:\/\/test.comfenalcovalle.com.co\/wp-content\/uploads\/2021\/06\/logo-comfe-cabecera-agencia-empelo-actualizado.png\",\"width\":500,\"height\":184,\"caption\":\"Comfenalco Valle Delagente\"},\"image\":{\"@id\":\"https:\/\/www.comfenalcovalle.com.co\/#\/schema\/logo\/image\/\"}},{\"@type\":\"Person\",\"@id\":\"https:\/\/www.comfenalcovalle.com.co\/#\/schema\/person\/d4d8bcb299f88f97b06096cf6a21cb01\",\"name\":\"Comunicaciones Comfenalco Valle delagente\",\"image\":{\"@type\":\"ImageObject\",\"inLanguage\":\"en-US\",\"@id\":\"https:\/\/www.comfenalcovalle.com.co\/#\/schema\/person\/image\/\",\"url\":\"https:\/\/secure.gravatar.com\/avatar\/d1c29eb639a137df0ac8bfec50479e8d6ef564f7320f439d9d984504359ea6ee?s=96&d=mm&r=g\",\"contentUrl\":\"https:\/\/secure.gravatar.com\/avatar\/d1c29eb639a137df0ac8bfec50479e8d6ef564f7320f439d9d984504359ea6ee?s=96&d=mm&r=g\",\"caption\":\"Comunicaciones Comfenalco Valle delagente\"},\"url\":\"https:\/\/test.comfenalcovalle.com.co\/en\/author\/comunicaciones-comfenalco-valle-delagente\/\"}]}<\/script>\n<!-- \/ Yoast SEO Premium plugin. -->","yoast_head_json":{"title":"New format for the affidavit","description":"The format for the sworn statement has been modified by the Ministry of Labor through Resolution 1153 of 2022.","robots":{"index":"index","follow":"follow","max-snippet":"max-snippet:-1","max-image-preview":"max-image-preview:large","max-video-preview":"max-video-preview:-1"},"canonical":"https:\/\/www.comfenalcovalle.com.co\/nuevo-formato-para-la-declaracion-juramentada\/","og_locale":"en_US","og_type":"article","og_title":"Nuevo formato para la declaraci\u00f3n juramentada","og_description":"El formato para la declaraci\u00f3n juramentada ha sido modificado por el Ministerio del Trabajo a trav\u00e9s de la Resoluci\u00f3n 1153 del 2022.","og_url":"https:\/\/www.comfenalcovalle.com.co\/nuevo-formato-para-la-declaracion-juramentada\/","og_site_name":"Comfenalco Valle Delagente","article_published_time":"2022-05-09T18:42:39+00:00","article_modified_time":"2025-01-31T19:23:06+00:00","og_image":[{"width":1280,"height":853,"url":"https:\/\/www.comfenalcovalle.com.co\/wp-content\/uploads\/2022\/05\/business-men-sitting-at-the-lawyers-s-desk-people-signing-important-documents-scaled-1.jpeg","type":"image\/jpeg"}],"author":"Comunicaciones Comfenalco Valle delagente","twitter_card":"summary_large_image","twitter_misc":{"Written by":"Comunicaciones Comfenalco Valle delagente","Est. reading time":"1 minute"},"schema":{"@context":"https:\/\/schema.org","@graph":[{"@type":"Article","@id":"https:\/\/www.comfenalcovalle.com.co\/nuevo-formato-para-la-declaracion-juramentada\/#article","isPartOf":{"@id":"https:\/\/www.comfenalcovalle.com.co\/nuevo-formato-para-la-declaracion-juramentada\/"},"author":{"name":"Comunicaciones Comfenalco Valle delagente","@id":"https:\/\/www.comfenalcovalle.com.co\/#\/schema\/person\/d4d8bcb299f88f97b06096cf6a21cb01"},"headline":"Nuevo formato para la declaraci\u00f3n juramentada","datePublished":"2022-05-09T18:42:39+00:00","dateModified":"2025-01-31T19:23:06+00:00","mainEntityOfPage":{"@id":"https:\/\/www.comfenalcovalle.com.co\/nuevo-formato-para-la-declaracion-juramentada\/"},"wordCount":137,"commentCount":0,"publisher":{"@id":"https:\/\/www.comfenalcovalle.com.co\/#organization"},"image":{"@id":"https:\/\/www.comfenalcovalle.com.co\/nuevo-formato-para-la-declaracion-juramentada\/#primaryimage"},"thumbnailUrl":"https:\/\/test.comfenalcovalle.com.co\/wp-content\/uploads\/2022\/05\/business-men-sitting-at-the-lawyers-s-desk-people-signing-important-documents-scaled-1.jpeg","keywords":["actualizaci\u00f3n","cambio","declaraci\u00f3n","Delagente","formato","juramentada","mintrabajo"],"articleSection":["Registro y aportes"],"inLanguage":"en-US","potentialAction":[{"@type":"CommentAction","name":"Comment","target":["https:\/\/www.comfenalcovalle.com.co\/nuevo-formato-para-la-declaracion-juramentada\/#respond"]}]},{"@type":"WebPage","@id":"https:\/\/www.comfenalcovalle.com.co\/nuevo-formato-para-la-declaracion-juramentada\/","url":"https:\/\/www.comfenalcovalle.com.co\/nuevo-formato-para-la-declaracion-juramentada\/","name":"New format for the affidavit","isPartOf":{"@id":"https:\/\/www.comfenalcovalle.com.co\/#website"},"primaryImageOfPage":{"@id":"https:\/\/www.comfenalcovalle.com.co\/nuevo-formato-para-la-declaracion-juramentada\/#primaryimage"},"image":{"@id":"https:\/\/www.comfenalcovalle.com.co\/nuevo-formato-para-la-declaracion-juramentada\/#primaryimage"},"thumbnailUrl":"https:\/\/test.comfenalcovalle.com.co\/wp-content\/uploads\/2022\/05\/business-men-sitting-at-the-lawyers-s-desk-people-signing-important-documents-scaled-1.jpeg","datePublished":"2022-05-09T18:42:39+00:00","dateModified":"2025-01-31T19:23:06+00:00","description":"The format for the sworn statement has been modified by the Ministry of Labor through Resolution 1153 of 2022.","breadcrumb":{"@id":"https:\/\/www.comfenalcovalle.com.co\/nuevo-formato-para-la-declaracion-juramentada\/#breadcrumb"},"inLanguage":"en-US","potentialAction":[{"@type":"ReadAction","target":["https:\/\/www.comfenalcovalle.com.co\/nuevo-formato-para-la-declaracion-juramentada\/"]}]},{"@type":"ImageObject","inLanguage":"en-US","@id":"https:\/\/www.comfenalcovalle.com.co\/nuevo-formato-para-la-declaracion-juramentada\/#primaryimage","url":"https:\/\/test.comfenalcovalle.com.co\/wp-content\/uploads\/2022\/05\/business-men-sitting-at-the-lawyers-s-desk-people-signing-important-documents-scaled-1.jpeg","contentUrl":"https:\/\/test.comfenalcovalle.com.co\/wp-content\/uploads\/2022\/05\/business-men-sitting-at-the-lawyers-s-desk-people-signing-important-documents-scaled-1.jpeg","width":1280,"height":853,"caption":"Declaraci\u00f3n juramentada"},{"@type":"BreadcrumbList","@id":"https:\/\/www.comfenalcovalle.com.co\/nuevo-formato-para-la-declaracion-juramentada\/#breadcrumb","itemListElement":[{"@type":"ListItem","position":1,"name":"Portada","item":"https:\/\/www.comfenalcovalle.com.co\/"},{"@type":"ListItem","position":2,"name":"Nuevo formato para la declaraci\u00f3n juramentada"}]},{"@type":"WebSite","@id":"https:\/\/www.comfenalcovalle.com.co\/#website","url":"https:\/\/www.comfenalcovalle.com.co\/","name":"Comfenalco Valle Delagente","description":"Comfenalco Valle Delagente compensation fund.","publisher":{"@id":"https:\/\/www.comfenalcovalle.com.co\/#organization"},"potentialAction":[{"@type":"SearchAction","target":{"@type":"EntryPoint","urlTemplate":"https:\/\/www.comfenalcovalle.com.co\/?s={search_term_string}"},"query-input":{"@type":"PropertyValueSpecification","valueRequired":true,"valueName":"search_term_string"}}],"inLanguage":"en-US"},{"@type":"Organization","@id":"https:\/\/www.comfenalcovalle.com.co\/#organization","name":"Comfenalco Valle Delagente","url":"https:\/\/www.comfenalcovalle.com.co\/","logo":{"@type":"ImageObject","inLanguage":"en-US","@id":"https:\/\/www.comfenalcovalle.com.co\/#\/schema\/logo\/image\/","url":"https:\/\/test.comfenalcovalle.com.co\/wp-content\/uploads\/2021\/06\/logo-comfe-cabecera-agencia-empelo-actualizado.png","contentUrl":"https:\/\/test.comfenalcovalle.com.co\/wp-content\/uploads\/2021\/06\/logo-comfe-cabecera-agencia-empelo-actualizado.png","width":500,"height":184,"caption":"Comfenalco Valle Delagente"},"image":{"@id":"https:\/\/www.comfenalcovalle.com.co\/#\/schema\/logo\/image\/"}},{"@type":"Person","@id":"https:\/\/www.comfenalcovalle.com.co\/#\/schema\/person\/d4d8bcb299f88f97b06096cf6a21cb01","name":"Communications Comfenalco Valle delagente","image":{"@type":"ImageObject","inLanguage":"en-US","@id":"https:\/\/www.comfenalcovalle.com.co\/#\/schema\/person\/image\/","url":"https:\/\/secure.gravatar.com\/avatar\/d1c29eb639a137df0ac8bfec50479e8d6ef564f7320f439d9d984504359ea6ee?s=96&d=mm&r=g","contentUrl":"https:\/\/secure.gravatar.com\/avatar\/d1c29eb639a137df0ac8bfec50479e8d6ef564f7320f439d9d984504359ea6ee?s=96&d=mm&r=g","caption":"Comunicaciones Comfenalco Valle delagente"},"url":"https:\/\/test.comfenalcovalle.com.co\/en\/author\/comunicaciones-comfenalco-valle-delagente\/"}]}},"publishpress_future_action":{"enabled":false,"date":"2026-05-10 05:04:07","action":"change-status","newStatus":"draft","terms":[],"taxonomy":"category","extraData":[]},"publishpress_future_workflow_manual_trigger":{"enabledWorkflows":[]},"_links":{"self":[{"href":"https:\/\/test.comfenalcovalle.com.co\/en\/wp-json\/wp\/v2\/posts\/588707","targetHints":{"allow":["GET"]}}],"collection":[{"href":"https:\/\/test.comfenalcovalle.com.co\/en\/wp-json\/wp\/v2\/posts"}],"about":[{"href":"https:\/\/test.comfenalcovalle.com.co\/en\/wp-json\/wp\/v2\/types\/post"}],"author":[{"embeddable":true,"href":"https:\/\/test.comfenalcovalle.com.co\/en\/wp-json\/wp\/v2\/users\/6"}],"replies":[{"embeddable":true,"href":"https:\/\/test.comfenalcovalle.com.co\/en\/wp-json\/wp\/v2\/comments?post=588707"}],"version-history":[{"count":0,"href":"https:\/\/test.comfenalcovalle.com.co\/en\/wp-json\/wp\/v2\/posts\/588707\/revisions"}],"wp:featuredmedia":[{"embeddable":true,"href":"https:\/\/test.comfenalcovalle.com.co\/en\/wp-json\/wp\/v2\/media\/589745"}],"wp:attachment":[{"href":"https:\/\/test.comfenalcovalle.com.co\/en\/wp-json\/wp\/v2\/media?parent=588707"}],"wp:term":[{"taxonomy":"category","embeddable":true,"href":"https:\/\/test.comfenalcovalle.com.co\/en\/wp-json\/wp\/v2\/categories?post=588707"},{"taxonomy":"post_tag","embeddable":true,"href":"https:\/\/test.comfenalcovalle.com.co\/en\/wp-json\/wp\/v2\/tags?post=588707"}],"curies":[{"name":"wp","href":"https:\/\/api.w.org\/{rel}","templated":true}]}}