{"id":675793,"date":"2025-11-25T15:30:33","date_gmt":"2025-11-25T20:30:33","guid":{"rendered":"https:\/\/test.comfenalcovalle.com.co\/?post_type=noticias-empresas&#038;p=675793"},"modified":"2026-02-10T15:46:13","modified_gmt":"2026-02-10T20:46:13","slug":"colegio-san-francisco-de-asis","status":"publish","type":"noticias-empresas","link":"https:\/\/test.comfenalcovalle.com.co\/en\/noticias-empresas\/colegio-san-francisco-de-asis\/","title":{"rendered":"Colegio San Francisco de As\u00eds"},"content":{"rendered":"<div data-elementor-type=\"wp-post\" data-elementor-id=\"675793\" class=\"elementor elementor-675793\" data-elementor-post-type=\"noticias-empresas\">\n\t\t\t\t\t\t<section class=\"elementor-section elementor-top-section elementor-element elementor-element-68d4de51 elementor-section-boxed elementor-section-height-default elementor-section-height-default\" data-id=\"68d4de51\" data-element_type=\"section\">\n\t\t\t\t\t\t<div class=\"elementor-container elementor-column-gap-default\">\n\t\t\t\t\t<div class=\"elementor-column elementor-col-100 elementor-top-column elementor-element elementor-element-52de02af\" data-id=\"52de02af\" data-element_type=\"column\">\n\t\t\t<div class=\"elementor-widget-wrap elementor-element-populated\">\n\t\t\t\t\t\t<div class=\"elementor-element elementor-element-38409c23 elementor-widget elementor-widget-text-editor\" data-id=\"38409c23\" data-element_type=\"widget\" data-widget_type=\"text-editor.default\">\n\t\t\t\t<div class=\"elementor-widget-container\">\n\t\t\t\t\t\t\t\t\t\n<p>El Colegio San Francisco de As\u00eds, es una Instituci\u00f3n Educativa fundada por Fray Agustin Acero Pedraza en 1960 en la ciudad de Cali con el anhelo de tener una sede propia. Hoy en d\u00eda brinda una formaci\u00f3n integral a ni\u00f1os y j\u00f3venes, sembrando un esp\u00edritu \u00e9tico, cr\u00edtico y reflexivo, para contribuir a una sociedad m\u00e1s justa, solidaria y respetuosa del ser humano y el entorno natural.<\/p>\n\t\t\t\t\t\t\t\t<\/div>\n\t\t\t\t<\/div>\n\t\t\t\t\t<\/div>\n\t\t<\/div>\n\t\t\t\t\t<\/div>\n\t\t<\/section>\n\t\t<div class=\"elementor-element elementor-element-12ba29f e-flex e-con-boxed e-con e-parent\" data-id=\"12ba29f\" data-element_type=\"container\">\n\t\t\t\t\t<div class=\"e-con-inner\">\n\t\t\t\t<div class=\"elementor-element elementor-element-cb71411 elementor-widget elementor-widget-image\" data-id=\"cb71411\" data-element_type=\"widget\" data-widget_type=\"image.default\">\n\t\t\t\t<div class=\"elementor-widget-container\">\n\t\t\t\t\t\t\t\t\t\t\t\t\t\t\t\t<a href=\"https:\/\/www.youtube.com\/shorts\/yzEfDnkkPGI\" target=\"_blank\">\n\t\t\t\t\t\t\t<img fetchpriority=\"high\" decoding=\"async\" width=\"800\" height=\"450\" src=\"https:\/\/test.comfenalcovalle.com.co\/wp-content\/uploads\/2026\/02\/portada-noticia-web-colegio-san-francisco-2025-1024x576.png\" class=\"attachment-large size-large wp-image-675762\" alt=\"Colegio San Francisco de Asis\" srcset=\"https:\/\/test.comfenalcovalle.com.co\/wp-content\/uploads\/2026\/02\/portada-noticia-web-colegio-san-francisco-2025-1024x576.png 1024w, https:\/\/test.comfenalcovalle.com.co\/wp-content\/uploads\/2026\/02\/portada-noticia-web-colegio-san-francisco-2025-300x169.png 300w, https:\/\/test.comfenalcovalle.com.co\/wp-content\/uploads\/2026\/02\/portada-noticia-web-colegio-san-francisco-2025-768x432.png 768w, https:\/\/test.comfenalcovalle.com.co\/wp-content\/uploads\/2026\/02\/portada-noticia-web-colegio-san-francisco-2025-1536x864.png 1536w, https:\/\/test.comfenalcovalle.com.co\/wp-content\/uploads\/2026\/02\/portada-noticia-web-colegio-san-francisco-2025-18x10.png 18w, https:\/\/test.comfenalcovalle.com.co\/wp-content\/uploads\/2026\/02\/portada-noticia-web-colegio-san-francisco-2025-scaled.png 1280w\" sizes=\"(max-width: 800px) 100vw, 800px\" \/>\t\t\t\t\t\t\t\t<\/a>\n\t\t\t\t\t\t\t\t\t\t\t\t\t\t\t<\/div>\n\t\t\t\t<\/div>\n\t\t\t\t\t<\/div>\n\t\t\t\t<\/div>\n\t\t\t\t<\/div>","protected":false},"excerpt":{"rendered":"<p>Instituci\u00f3n Educativa que infunde los valores franciscanos en sus estudiantes y brinda una educaci\u00f3n integral en sus estudiantes.<\/p>","protected":false},"author":6,"featured_media":675802,"parent":0,"menu_order":0,"comment_status":"closed","ping_status":"closed","template":"","meta":{"footnotes":""},"class_list":["post-675793","noticias-empresas","type-noticias-empresas","status-publish","has-post-thumbnail","hentry"],"yoast_head":"<!-- This site is optimized with the Yoast SEO Premium plugin v25.9 (Yoast SEO v25.9) - https:\/\/yoast.com\/wordpress\/plugins\/seo\/ -->\n<title>Colegio San Francisco de As\u00eds<\/title>\n<meta name=\"description\" content=\"Instituci\u00f3n Educativa que infunde los valores franciscanos en sus estudiantes y brinda una educaci\u00f3n integral en sus estudiantes.\" \/>\n<meta name=\"robots\" content=\"index, follow, max-snippet:-1, max-image-preview:large, max-video-preview:-1\" \/>\n<link rel=\"canonical\" href=\"https:\/\/www.comfenalcovalle.com.co\/noticias-empresas\/colegio-san-francisco-de-asis\/\" \/>\n<meta property=\"og:locale\" content=\"en_US\" \/>\n<meta property=\"og:type\" content=\"article\" \/>\n<meta property=\"og:title\" content=\"Colegio San Francisco de As\u00eds\" \/>\n<meta property=\"og:description\" content=\"Instituci\u00f3n Educativa que infunde los valores franciscanos en sus estudiantes y brinda una educaci\u00f3n integral en sus estudiantes.\" \/>\n<meta property=\"og:url\" content=\"https:\/\/www.comfenalcovalle.com.co\/noticias-empresas\/colegio-san-francisco-de-asis\/\" \/>\n<meta property=\"og:site_name\" content=\"Comfenalco Valle Delagente\" \/>\n<meta property=\"article:modified_time\" content=\"2026-02-10T20:46:13+00:00\" \/>\n<meta property=\"og:image\" content=\"https:\/\/www.comfenalcovalle.com.co\/wp-content\/uploads\/2025\/11\/colegio-san-francisco-cali-2025-02.jpg\" \/>\n\t<meta property=\"og:image:width\" content=\"806\" \/>\n\t<meta property=\"og:image:height\" content=\"604\" \/>\n\t<meta property=\"og:image:type\" content=\"image\/jpeg\" \/>\n<meta name=\"twitter:card\" content=\"summary_large_image\" \/>\n<meta name=\"twitter:label1\" content=\"Est. reading time\" \/>\n\t<meta name=\"twitter:data1\" content=\"1 minute\" \/>\n<script type=\"application\/ld+json\" class=\"yoast-schema-graph\">{\"@context\":\"https:\/\/schema.org\",\"@graph\":[{\"@type\":\"WebPage\",\"@id\":\"https:\/\/www.comfenalcovalle.com.co\/noticias-empresas\/colegio-san-francisco-de-asis\/\",\"url\":\"https:\/\/www.comfenalcovalle.com.co\/noticias-empresas\/colegio-san-francisco-de-asis\/\",\"name\":\"Colegio San Francisco de As\u00eds\",\"isPartOf\":{\"@id\":\"https:\/\/www.comfenalcovalle.com.co\/#website\"},\"primaryImageOfPage\":{\"@id\":\"https:\/\/www.comfenalcovalle.com.co\/noticias-empresas\/colegio-san-francisco-de-asis\/#primaryimage\"},\"image\":{\"@id\":\"https:\/\/www.comfenalcovalle.com.co\/noticias-empresas\/colegio-san-francisco-de-asis\/#primaryimage\"},\"thumbnailUrl\":\"https:\/\/test.comfenalcovalle.com.co\/wp-content\/uploads\/2025\/11\/colegio-san-francisco-cali-2025-02.jpg\",\"datePublished\":\"2025-11-25T20:30:33+00:00\",\"dateModified\":\"2026-02-10T20:46:13+00:00\",\"description\":\"Instituci\u00f3n Educativa que infunde los valores franciscanos en sus estudiantes y brinda una educaci\u00f3n integral en sus estudiantes.\",\"breadcrumb\":{\"@id\":\"https:\/\/www.comfenalcovalle.com.co\/noticias-empresas\/colegio-san-francisco-de-asis\/#breadcrumb\"},\"inLanguage\":\"en-US\",\"potentialAction\":[{\"@type\":\"ReadAction\",\"target\":[\"https:\/\/www.comfenalcovalle.com.co\/noticias-empresas\/colegio-san-francisco-de-asis\/\"]}]},{\"@type\":\"ImageObject\",\"inLanguage\":\"en-US\",\"@id\":\"https:\/\/www.comfenalcovalle.com.co\/noticias-empresas\/colegio-san-francisco-de-asis\/#primaryimage\",\"url\":\"https:\/\/test.comfenalcovalle.com.co\/wp-content\/uploads\/2025\/11\/colegio-san-francisco-cali-2025-02.jpg\",\"contentUrl\":\"https:\/\/test.comfenalcovalle.com.co\/wp-content\/uploads\/2025\/11\/colegio-san-francisco-cali-2025-02.jpg\",\"width\":806,\"height\":604,\"caption\":\"colegio-san-francisco-cali-2025-02\"},{\"@type\":\"BreadcrumbList\",\"@id\":\"https:\/\/www.comfenalcovalle.com.co\/noticias-empresas\/colegio-san-francisco-de-asis\/#breadcrumb\",\"itemListElement\":[{\"@type\":\"ListItem\",\"position\":1,\"name\":\"Portada\",\"item\":\"https:\/\/www.comfenalcovalle.com.co\/\"},{\"@type\":\"ListItem\",\"position\":2,\"name\":\"Noticias Empresas\",\"item\":\"https:\/\/www.comfenalcovalle.com.co\/noticias-empresas\/\"},{\"@type\":\"ListItem\",\"position\":3,\"name\":\"Colegio San Francisco de As\u00eds\"}]},{\"@type\":\"WebSite\",\"@id\":\"https:\/\/www.comfenalcovalle.com.co\/#website\",\"url\":\"https:\/\/www.comfenalcovalle.com.co\/\",\"name\":\"Comfenalco Valle Delagente\",\"description\":\"Caja de compensaci\u00f3n de Comfenalco Valle Delagente.\",\"publisher\":{\"@id\":\"https:\/\/www.comfenalcovalle.com.co\/#organization\"},\"potentialAction\":[{\"@type\":\"SearchAction\",\"target\":{\"@type\":\"EntryPoint\",\"urlTemplate\":\"https:\/\/www.comfenalcovalle.com.co\/?s={search_term_string}\"},\"query-input\":{\"@type\":\"PropertyValueSpecification\",\"valueRequired\":true,\"valueName\":\"search_term_string\"}}],\"inLanguage\":\"en-US\"},{\"@type\":\"Organization\",\"@id\":\"https:\/\/www.comfenalcovalle.com.co\/#organization\",\"name\":\"Comfenalco Valle Delagente\",\"url\":\"https:\/\/www.comfenalcovalle.com.co\/\",\"logo\":{\"@type\":\"ImageObject\",\"inLanguage\":\"en-US\",\"@id\":\"https:\/\/www.comfenalcovalle.com.co\/#\/schema\/logo\/image\/\",\"url\":\"https:\/\/test.comfenalcovalle.com.co\/wp-content\/uploads\/2021\/06\/logo-comfe-cabecera-agencia-empelo-actualizado.png\",\"contentUrl\":\"https:\/\/test.comfenalcovalle.com.co\/wp-content\/uploads\/2021\/06\/logo-comfe-cabecera-agencia-empelo-actualizado.png\",\"width\":500,\"height\":184,\"caption\":\"Comfenalco Valle Delagente\"},\"image\":{\"@id\":\"https:\/\/www.comfenalcovalle.com.co\/#\/schema\/logo\/image\/\"}}]}<\/script>\n<!-- \/ Yoast SEO Premium plugin. -->","yoast_head_json":{"title":"Colegio San Francisco de As\u00eds","description":"Instituci\u00f3n Educativa que infunde los valores franciscanos en sus estudiantes y brinda una educaci\u00f3n integral en sus estudiantes.","robots":{"index":"index","follow":"follow","max-snippet":"max-snippet:-1","max-image-preview":"max-image-preview:large","max-video-preview":"max-video-preview:-1"},"canonical":"https:\/\/www.comfenalcovalle.com.co\/noticias-empresas\/colegio-san-francisco-de-asis\/","og_locale":"en_US","og_type":"article","og_title":"Colegio San Francisco de As\u00eds","og_description":"Instituci\u00f3n Educativa que infunde los valores franciscanos en sus estudiantes y brinda una educaci\u00f3n integral en sus estudiantes.","og_url":"https:\/\/www.comfenalcovalle.com.co\/noticias-empresas\/colegio-san-francisco-de-asis\/","og_site_name":"Comfenalco Valle Delagente","article_modified_time":"2026-02-10T20:46:13+00:00","og_image":[{"width":806,"height":604,"url":"https:\/\/www.comfenalcovalle.com.co\/wp-content\/uploads\/2025\/11\/colegio-san-francisco-cali-2025-02.jpg","type":"image\/jpeg"}],"twitter_card":"summary_large_image","twitter_misc":{"Est. reading time":"1 minute"},"schema":{"@context":"https:\/\/schema.org","@graph":[{"@type":"WebPage","@id":"https:\/\/www.comfenalcovalle.com.co\/noticias-empresas\/colegio-san-francisco-de-asis\/","url":"https:\/\/www.comfenalcovalle.com.co\/noticias-empresas\/colegio-san-francisco-de-asis\/","name":"Colegio San Francisco de As\u00eds","isPartOf":{"@id":"https:\/\/www.comfenalcovalle.com.co\/#website"},"primaryImageOfPage":{"@id":"https:\/\/www.comfenalcovalle.com.co\/noticias-empresas\/colegio-san-francisco-de-asis\/#primaryimage"},"image":{"@id":"https:\/\/www.comfenalcovalle.com.co\/noticias-empresas\/colegio-san-francisco-de-asis\/#primaryimage"},"thumbnailUrl":"https:\/\/test.comfenalcovalle.com.co\/wp-content\/uploads\/2025\/11\/colegio-san-francisco-cali-2025-02.jpg","datePublished":"2025-11-25T20:30:33+00:00","dateModified":"2026-02-10T20:46:13+00:00","description":"Instituci\u00f3n Educativa que infunde los valores franciscanos en sus estudiantes y brinda una educaci\u00f3n integral en sus estudiantes.","breadcrumb":{"@id":"https:\/\/www.comfenalcovalle.com.co\/noticias-empresas\/colegio-san-francisco-de-asis\/#breadcrumb"},"inLanguage":"en-US","potentialAction":[{"@type":"ReadAction","target":["https:\/\/www.comfenalcovalle.com.co\/noticias-empresas\/colegio-san-francisco-de-asis\/"]}]},{"@type":"ImageObject","inLanguage":"en-US","@id":"https:\/\/www.comfenalcovalle.com.co\/noticias-empresas\/colegio-san-francisco-de-asis\/#primaryimage","url":"https:\/\/test.comfenalcovalle.com.co\/wp-content\/uploads\/2025\/11\/colegio-san-francisco-cali-2025-02.jpg","contentUrl":"https:\/\/test.comfenalcovalle.com.co\/wp-content\/uploads\/2025\/11\/colegio-san-francisco-cali-2025-02.jpg","width":806,"height":604,"caption":"colegio-san-francisco-cali-2025-02"},{"@type":"BreadcrumbList","@id":"https:\/\/www.comfenalcovalle.com.co\/noticias-empresas\/colegio-san-francisco-de-asis\/#breadcrumb","itemListElement":[{"@type":"ListItem","position":1,"name":"Portada","item":"https:\/\/www.comfenalcovalle.com.co\/"},{"@type":"ListItem","position":2,"name":"Noticias Empresas","item":"https:\/\/www.comfenalcovalle.com.co\/noticias-empresas\/"},{"@type":"ListItem","position":3,"name":"Colegio San Francisco de As\u00eds"}]},{"@type":"WebSite","@id":"https:\/\/www.comfenalcovalle.com.co\/#website","url":"https:\/\/www.comfenalcovalle.com.co\/","name":"Comfenalco Valle Delagente","description":"Comfenalco Valle Delagente compensation fund.","publisher":{"@id":"https:\/\/www.comfenalcovalle.com.co\/#organization"},"potentialAction":[{"@type":"SearchAction","target":{"@type":"EntryPoint","urlTemplate":"https:\/\/www.comfenalcovalle.com.co\/?s={search_term_string}"},"query-input":{"@type":"PropertyValueSpecification","valueRequired":true,"valueName":"search_term_string"}}],"inLanguage":"en-US"},{"@type":"Organization","@id":"https:\/\/www.comfenalcovalle.com.co\/#organization","name":"Comfenalco Valle Delagente","url":"https:\/\/www.comfenalcovalle.com.co\/","logo":{"@type":"ImageObject","inLanguage":"en-US","@id":"https:\/\/www.comfenalcovalle.com.co\/#\/schema\/logo\/image\/","url":"https:\/\/test.comfenalcovalle.com.co\/wp-content\/uploads\/2021\/06\/logo-comfe-cabecera-agencia-empelo-actualizado.png","contentUrl":"https:\/\/test.comfenalcovalle.com.co\/wp-content\/uploads\/2021\/06\/logo-comfe-cabecera-agencia-empelo-actualizado.png","width":500,"height":184,"caption":"Comfenalco Valle Delagente"},"image":{"@id":"https:\/\/www.comfenalcovalle.com.co\/#\/schema\/logo\/image\/"}}]}},"publishpress_future_action":{"enabled":false,"date":"2026-05-08 11:13:52","action":"change-status","newStatus":"draft","terms":[],"taxonomy":"","extraData":[]},"publishpress_future_workflow_manual_trigger":{"enabledWorkflows":[]},"_links":{"self":[{"href":"https:\/\/test.comfenalcovalle.com.co\/en\/wp-json\/wp\/v2\/noticias-empresas\/675793","targetHints":{"allow":["GET"]}}],"collection":[{"href":"https:\/\/test.comfenalcovalle.com.co\/en\/wp-json\/wp\/v2\/noticias-empresas"}],"about":[{"href":"https:\/\/test.comfenalcovalle.com.co\/en\/wp-json\/wp\/v2\/types\/noticias-empresas"}],"author":[{"embeddable":true,"href":"https:\/\/test.comfenalcovalle.com.co\/en\/wp-json\/wp\/v2\/users\/6"}],"replies":[{"embeddable":true,"href":"https:\/\/test.comfenalcovalle.com.co\/en\/wp-json\/wp\/v2\/comments?post=675793"}],"version-history":[{"count":0,"href":"https:\/\/test.comfenalcovalle.com.co\/en\/wp-json\/wp\/v2\/noticias-empresas\/675793\/revisions"}],"wp:featuredmedia":[{"embeddable":true,"href":"https:\/\/test.comfenalcovalle.com.co\/en\/wp-json\/wp\/v2\/media\/675802"}],"wp:attachment":[{"href":"https:\/\/test.comfenalcovalle.com.co\/en\/wp-json\/wp\/v2\/media?parent=675793"}],"curies":[{"name":"wp","href":"https:\/\/api.w.org\/{rel}","templated":true}]}}